{"id":24612,"date":"2024-01-25T12:34:01","date_gmt":"2024-01-25T10:34:01","guid":{"rendered":"https:\/\/www.welovecycling.com\/cs\/?p=24612"},"modified":"2024-01-25T12:39:58","modified_gmt":"2024-01-25T10:39:58","slug":"mistrovstvi-sveta-v-cyklokrosu-2024-s-duhovym-sberatelem-i-odchazejici-legendou","status":"publish","type":"post","link":"https:\/\/www.welovecycling.com\/cs\/2024\/01\/25\/mistrovstvi-sveta-v-cyklokrosu-2024-s-duhovym-sberatelem-i-odchazejici-legendou\/","title":{"rendered":"Mistrovstv\u00ed sv\u011bta v\u00a0cyklokrosu 2024 s duhov\u00fdm sb\u011bratelem i odch\u00e1zej\u00edc\u00ed legendou"},"content":{"rendered":"<p><strong>Mistrovstv\u00ed sv\u011bta v\u00a0cyklokrosu se po\u0161est\u00e9 v\u00a0historii uskute\u010dn\u00ed v\u00a0\u010cesku! Od 2. do 4. \u00fanora bude T\u00e1bor sv\u011bdkem boj\u016f o sedm sad medail\u00ed. Kdo pat\u0159\u00ed k\u00a0nejv\u011bt\u0161\u00edm hv\u011bzd\u00e1m \u0161ampion\u00e1tu? Kdy startuj\u00ed jednotliv\u00e9 kategorie? A jak\u00e9 jsou nad\u011bje \u010desk\u00fdch reprezentant\u016f pro mistrovstv\u00ed, jeho\u017e gener\u00e1ln\u00edm partnerem je \u0160koda Auto?<\/strong><\/p>\n<p>\u0160ampion\u00e1t bude prov\u00e1zet v\u00fdjime\u010dn\u00e1 atmosf\u00e9ra. Pod\u00e9l okruhu vyrostlo deset mobiln\u00edch tribun, kolem trasy budou instalov\u00e1ny t\u0159i velk\u00e9 obrazovky pro dokonal\u00e9 zprost\u0159edkov\u00e1n\u00ed d\u011bn\u00ed na trati. Organiz\u00e1to\u0159i doufaj\u00ed v\u00a0n\u00e1v\u0161t\u011bvu p\u0159esahuj\u00edc\u00ed pades\u00e1t tis\u00edc div\u00e1k\u016f, kte\u0159\u00ed maj\u00ed \u201edotla\u010dit\u201c \u010desk\u00e9 z\u00e1vodn\u00edky k\u00a0medail\u00edm.<\/p>\n<p>V\u00a0minulosti se mistrovstv\u00ed sv\u011bta konalo v\u00a0\u010cesku, respektive v\u00a0\u010ceskoslovensku u\u017e v\u00a0letech 1972 (Praha), 1987 (Mlad\u00e1 Boleslav), 2001, 2010 a 2015 (T\u00e1bor). Historicky prvn\u00ed \u0161ampion\u00e1t p\u0159inesl reprezentaci s\u00a0trikolorou na dresu premi\u00e9rovou medaili, kterou vybojoval Milo\u0161 Fi\u0161era! V\u00a0\u010cesku se narodili je\u0161t\u011b t\u0159i dal\u0161\u00ed mist\u0159i sv\u011bta z\u00a0elitn\u00ed kategorie: Radom\u00edr \u0160im\u016fnek, Karel Camrda a Zden\u011bk \u0160tybar.<\/p>\n<h2><strong>Nejv\u011bt\u0161\u00ed zahrani\u010dn\u00ed hv\u011bzda? Mathieu van der Poel<\/strong><\/h2>\n<p>Jednozna\u010dn\u011b nejv\u011bt\u0161\u00ed zahrani\u010dn\u00ed hv\u011bzdou \u0161ampion\u00e1tu bude Mathieu van der Poel. Nizozemsk\u00fd fenom\u00e9n op\u011bt jako \u201ep\u0159\u00edpravu\u201c na silni\u010dn\u00ed sezonu vol\u00ed cyklokrosov\u00e9 z\u00e1vody. Cyklista, jeho\u017e formace Alpecin Deceuninck obl\u00e9k\u00e1 dresy \u010desk\u00e9 spole\u010dnosti Kalas s\u00eddl\u00edc\u00ed pr\u00e1v\u011b v T\u00e1bo\u0159e, u\u017e p\u011btkr\u00e1t z\u00edskal titul mistra sv\u011bta v cyklokrosu (2015, 2019, 2020, 2021, 2023). Jednou vl\u00e1dl sv\u011btu i jako junior. Nejen v cyklokrosu, ale i na silnici.<\/p>\n<figure id=\"attachment_10964\" aria-describedby=\"caption-attachment-10964\" style=\"width: 1920px\" class=\"wp-caption alignnone\"><a href=\"https:\/\/d2p6e6u75xmxt8.cloudfront.net\/13\/2020\/12\/kalas-mathieu-van-der-poel-duhovy-dres.webp\"><img loading=\"lazy\" decoding=\"async\" class=\"size-extra-large wp-image-10964\" src=\"https:\/\/d2p6e6u75xmxt8.cloudfront.net\/13\/2020\/12\/kalas-mathieu-van-der-poel-duhovy-dres-1920x1280.webp\" alt=\"Mathieu van der Poel\" width=\"1920\" height=\"1280\" srcset=\"https:\/\/d2p6e6u75xmxt8.cloudfront.net\/13\/2020\/12\/kalas-mathieu-van-der-poel-duhovy-dres-1920x1280.webp 1920w, https:\/\/d2p6e6u75xmxt8.cloudfront.net\/13\/2020\/12\/kalas-mathieu-van-der-poel-duhovy-dres-300x200.webp 300w, https:\/\/d2p6e6u75xmxt8.cloudfront.net\/13\/2020\/12\/kalas-mathieu-van-der-poel-duhovy-dres-1024x683.webp 1024w, https:\/\/d2p6e6u75xmxt8.cloudfront.net\/13\/2020\/12\/kalas-mathieu-van-der-poel-duhovy-dres-768x512.webp 768w, https:\/\/d2p6e6u75xmxt8.cloudfront.net\/13\/2020\/12\/kalas-mathieu-van-der-poel-duhovy-dres-1536x1024.webp 1536w, https:\/\/d2p6e6u75xmxt8.cloudfront.net\/13\/2020\/12\/kalas-mathieu-van-der-poel-duhovy-dres-2048x1365.webp 2048w, https:\/\/d2p6e6u75xmxt8.cloudfront.net\/13\/2020\/12\/kalas-mathieu-van-der-poel-duhovy-dres-272x182.webp 272w, https:\/\/d2p6e6u75xmxt8.cloudfront.net\/13\/2020\/12\/kalas-mathieu-van-der-poel-duhovy-dres-1920x1280.webp 1920w\" sizes=\"auto, (max-width: 1920px) 100vw, 1920px\" \/><\/a><figcaption id=\"caption-attachment-10964\" class=\"wp-caption-text\"><em>Mathieu van der Poel bude nejv\u011bt\u0161\u00ed zahrani\u010dn\u00ed hv\u011bzdou mistrovstv\u00ed sv\u011bta v cyklokrosu 2024. Foto: Michal \u010cerven\u00fd<\/em><\/figcaption><\/figure>\n<p>Duhov\u00fd trikot pro sv\u011btov\u00e9ho vl\u00e1dce chce nizozemsk\u00fd fenom\u00e9n b\u011bhem prvn\u00edho \u00fanorov\u00e9ho v\u00edkendu obh\u00e1jit. Na okruh Komora nav\u00edc p\u0159ijede jako \u00fa\u0159aduj\u00edc\u00ed sv\u011btov\u00fd \u0161ampion i na silnici, kde slavil po fenomen\u00e1ln\u00edm \u00fatoku p\u0159i podzimn\u00edm mistrovstv\u00ed ve Skotsku. Na kont\u011b m\u00e1 triumfy z Monument\u016f Mil\u00e1n-San Remo, Pa\u0159\u00ed\u017e-Roubaix a Kolem Flander. Vyhr\u00e1l etapu na Giro di Italia i Tour de France, p\u0159i obou Grand Tour jel v trikotu l\u00eddra z\u00e1vodu! Pat\u0159\u00ed k nejuniverz\u00e1ln\u011bj\u0161\u00edm z\u00e1vodn\u00edk\u016fm planety, co\u017e hodl\u00e1 potvrdit nejen v T\u00e1bo\u0159e, ale v pr\u016fb\u011bhu l\u00e9ta i b\u011bhem olympijsk\u00fdch her v Pa\u0159\u00ed\u017ei, kde chce bojovat na silnici i v z\u00e1vod\u011b horsk\u00fdch kol.<\/p>\n<h2><strong>\u010cesk\u00e9 nad\u011bje? Krist\u00fdna Zemanov\u00e1, \u0161tafeta a junio\u0159i<\/strong><\/h2>\n<p>V\u00a0nominaci \u010desk\u00e9 reprezentace pro mistrovstv\u00ed sv\u011bta v\u00a0cyklokrosu 2024 je jednat\u0159icet z\u00e1vodn\u00edk\u016f. \u201e\u0160ampion\u00e1t se jede na dom\u00e1c\u00ed p\u016fd\u011b. Proto jsme se sna\u017eili d\u00e1t mo\u017enost velk\u00e9mu po\u010dtu jezdc\u016f. \u0158\u00eddili jsme se v\u00fdsledky v\u00a0pr\u016fb\u011bhu sezony i mistrovstv\u00ed republiky, kter\u00e9 se jelo na stejn\u00e9m okruhu,\u201c vysv\u011btlil Petr Klou\u010dek, tren\u00e9r reprezentace.<\/p>\n<div class=\"shortcode-ys-post-pinup\"><article class=\"loop-simple post-24538 post type-post status-publish format-standard has-post-thumbnail hentry category-cyklokros tag-3385 tag-cestmir-kalas tag-cyklistika tag-cyklokros tag-kalas-sportswear tag-kristyna-zemanova tag-michael-boros tag-ms-tabor-2024 tag-tabor-2024 tag-trener-reprezentace tag-world-championship tag-zdenek-stybar global-categories-cycling\" data-postid=\"24538\" role=\"article\" data-post-id=\"24538\" data-word-count=\"908\" data-headline-length=\"110\" data-category=\"Cyklokros\" data-global-category=\"Cycling\" data-author=\"Radek Malina\" data-published=\"2024-01-16T13:21:34+02:00\" data-published-day=\"Tuesday\">\n    <div class=\"entry-thumbnail article-thumbnail\" content=\"https:\/\/d2p6e6u75xmxt8.cloudfront.net\/13\/2024\/01\/kalAS-S-150x150.webp\"><a href=\"https:\/\/www.welovecycling.com\/cs\/2024\/01\/16\/pasovani-galusek-dovoz-prehazovacek-a-pohadkove-prize-money-jak-se-zrodil-fenomen-jmenem-cyklokros\/\" class=\"image-holder\" target=\"_self\"><img decoding=\"async\" loading=\"lazy\" class=\"\" src=\"https:\/\/d2p6e6u75xmxt8.cloudfront.net\/13\/2024\/01\/kalAS-S-1024x683.webp\" srcset=\"https:\/\/d2p6e6u75xmxt8.cloudfront.net\/13\/2024\/01\/kalAS-S-scaled.webp 2560w, https:\/\/d2p6e6u75xmxt8.cloudfront.net\/13\/2024\/01\/kalAS-S-300x200.webp 300w, https:\/\/d2p6e6u75xmxt8.cloudfront.net\/13\/2024\/01\/kalAS-S-1024x683.webp 1024w, https:\/\/d2p6e6u75xmxt8.cloudfront.net\/13\/2024\/01\/kalAS-S-768x512.webp 768w, https:\/\/d2p6e6u75xmxt8.cloudfront.net\/13\/2024\/01\/kalAS-S-1536x1024.webp 1536w, https:\/\/d2p6e6u75xmxt8.cloudfront.net\/13\/2024\/01\/kalAS-S-2048x1366.webp 2048w, https:\/\/d2p6e6u75xmxt8.cloudfront.net\/13\/2024\/01\/kalAS-S-1920x1280.webp 1920w, https:\/\/d2p6e6u75xmxt8.cloudfront.net\/13\/2024\/01\/kalAS-S-400x267.webp 400w, https:\/\/d2p6e6u75xmxt8.cloudfront.net\/13\/2024\/01\/kalAS-S-272x182.webp 272w, https:\/\/d2p6e6u75xmxt8.cloudfront.net\/13\/2024\/01\/kalAS-S-1920x1280.webp 1920w\" width=\"1024\" height=\"683\" sizes=\"auto, (min-width: 1200px) 300px, (min-width: 768px) 25vw, 100vw\" alt=\"pasovani-galusek-dovoz-prehazovacek-a-pohadkove-prize-money-jak-se-zrodil-fenomen-jmenem-cyklokros\"\/><\/a><\/div>    <div class=\"entry-meta\">\n        <a class=\"label label-secondary post-category\" href=\"https:\/\/www.welovecycling.com\/cs\/category\/cyklokros\/\" title=\"Cyklokros\">Cyklokros<\/a>\n    <\/div>\n    <div class=\"entry-details\">\n        <a href=\"https:\/\/www.welovecycling.com\/cs\/2024\/01\/16\/pasovani-galusek-dovoz-prehazovacek-a-pohadkove-prize-money-jak-se-zrodil-fenomen-jmenem-cyklokros\/\" class='entry-title-wrapper'>\n            <h3 class=\"entry-title\"><span>Pa\u0161ov\u00e1n\u00ed galusek, dovoz p\u0159ehazova\u010dek a poh\u00e1dkov\u00e9 prize money. Jak se zrodil fenom\u00e9n jm\u00e9nem cyklokros?<\/span><\/h3>\n        <\/a>\n    <\/div>\n    <\/article>\n<\/div>\n<p>Fanou\u0161k\u016fm se tak v\u00a0dresu s\u00a0trikolorou p\u0159edstav\u00ed sedm juniorek, \u0161est junior\u016f a stejn\u00fd po\u010det mu\u017e\u016f do 23 let. P\u011bt \u010desk\u00fdch cyklokrosa\u0159\u016f pojede mezi elitou, \u010dty\u0159i z\u00e1stupkyn\u011b bude m\u00edt \u010cesko v\u00a0z\u00e1vod\u011b \u017een do 23 let a t\u0159i reprezentantky budou bojovat o medaile mezi \u017eenskou elitou.<\/p>\n<figure id=\"attachment_20578\" aria-describedby=\"caption-attachment-20578\" style=\"width: 1920px\" class=\"wp-caption alignnone\"><a href=\"https:\/\/d2p6e6u75xmxt8.cloudfront.net\/13\/2023\/02\/BrychtaJan_UCI_MTB_WC_Hoogerheide_20230205_145223_DSC_9531.webp\"><img loading=\"lazy\" decoding=\"async\" class=\"size-extra-large wp-image-20578\" src=\"https:\/\/d2p6e6u75xmxt8.cloudfront.net\/13\/2023\/02\/BrychtaJan_UCI_MTB_WC_Hoogerheide_20230205_145223_DSC_9531-1920x1278.webp\" alt=\"Krist\u00fdna Zemanov\u00e1\" width=\"1920\" height=\"1278\" srcset=\"https:\/\/d2p6e6u75xmxt8.cloudfront.net\/13\/2023\/02\/BrychtaJan_UCI_MTB_WC_Hoogerheide_20230205_145223_DSC_9531-1920x1278.webp 1920w, https:\/\/d2p6e6u75xmxt8.cloudfront.net\/13\/2023\/02\/BrychtaJan_UCI_MTB_WC_Hoogerheide_20230205_145223_DSC_9531-300x200.webp 300w, https:\/\/d2p6e6u75xmxt8.cloudfront.net\/13\/2023\/02\/BrychtaJan_UCI_MTB_WC_Hoogerheide_20230205_145223_DSC_9531-1024x681.webp 1024w, https:\/\/d2p6e6u75xmxt8.cloudfront.net\/13\/2023\/02\/BrychtaJan_UCI_MTB_WC_Hoogerheide_20230205_145223_DSC_9531-768x511.webp 768w, https:\/\/d2p6e6u75xmxt8.cloudfront.net\/13\/2023\/02\/BrychtaJan_UCI_MTB_WC_Hoogerheide_20230205_145223_DSC_9531-1536x1022.webp 1536w, https:\/\/d2p6e6u75xmxt8.cloudfront.net\/13\/2023\/02\/BrychtaJan_UCI_MTB_WC_Hoogerheide_20230205_145223_DSC_9531-272x182.webp 272w, https:\/\/d2p6e6u75xmxt8.cloudfront.net\/13\/2023\/02\/BrychtaJan_UCI_MTB_WC_Hoogerheide_20230205_145223_DSC_9531.webp 2000w, https:\/\/d2p6e6u75xmxt8.cloudfront.net\/13\/2023\/02\/BrychtaJan_UCI_MTB_WC_Hoogerheide_20230205_145223_DSC_9531-1920x1278.webp 1920w\" sizes=\"auto, (max-width: 1920px) 100vw, 1920px\" \/><\/a><figcaption id=\"caption-attachment-20578\" class=\"wp-caption-text\"><em>Krist\u00fdna Zemanov\u00e1 je nejv\u011bt\u0161\u00ed \u010deskou nad\u011bj\u00ed pro mistrovstv\u00ed sv\u011bta v cyklokrosu 2024. Foto: Michal \u010cerven\u00fd<\/em><\/figcaption><\/figure>\n<p>Nejv\u011bt\u0161\u00ed nad\u011bji z\u00a0\u010desk\u00e9ho v\u00fdb\u011bru na medailov\u00fd \u00fasp\u011bch m\u00e1 <a href=\"https:\/\/www.welovecycling.com\/cs\/2024\/01\/19\/bolesti-se-nebojim-kristyna-zemanova-o-slave-neuskutecnenem-prestupu-i-mentalnim-treninku\/\">Krist\u00fdna Zemanov\u00e1<\/a>. A\u010d teprve dvacetilet\u00e1, py\u0161n\u00ed se z\u00e1vodnice z\u00a0Mlad\u00e9 Boleslavi u\u017e t\u0159emi \u010desk\u00fdmi tituly! V\u00a0minul\u00e9m roce nav\u00edc z\u00edskala v\u00a0kategorii do 23 let bronz na mistrovstv\u00ed sv\u011bta.<\/p>\n<p>\u201eDoma bych cht\u011bla tuhle medaili minim\u00e1ln\u011b obh\u00e1jit. Snem je samoz\u0159ejm\u011b zlato. Ale na\u0161e kategorie je tak na\u0161lapan\u00e1, \u017ee mohu jet sv\u016fj nejlep\u0161\u00ed z\u00e1vod a budu p\u00e1t\u00e1,\u201c uvedla Krist\u00fdna Zemanov\u00e1 v\u00a0o\u010dek\u00e1v\u00e1n\u00ed \u0161ampion\u00e1tu.<\/p>\n<div class=\"shortcode-ys-post-pinup\"><article class=\"loop-simple post-24602 post type-post status-publish format-standard has-post-thumbnail hentry category-cyklokros category-silnicni-cyklistika tag-cestmir-kalas tag-cyklistika tag-cyklokros tag-milos-fisera tag-mistr-sveta tag-mistrovstvi-sveta tag-ms-cyklokros-1983 tag-ms-cyklokros-1984 tag-ms-cyklokros-1991 tag-ms-tabor-2024 tag-radomir-simunek global-categories-cycling\" data-postid=\"24602\" role=\"article\" data-post-id=\"24602\" data-word-count=\"658\" data-headline-length=\"61\" data-category=\"Cyklokros\" data-global-category=\"Cycling\" data-author=\"Marek Novotn\u00fd\" data-published=\"2024-01-24T15:56:26+02:00\" data-published-day=\"Wednesday\">\n    <div class=\"entry-thumbnail article-thumbnail\" content=\"https:\/\/d2p6e6u75xmxt8.cloudfront.net\/13\/2024\/01\/profimedia-0670549721-150x150.webp\"><a href=\"https:\/\/www.welovecycling.com\/cs\/2024\/01\/24\/radomir-simunek-pretavil-talent-ve-zlato-zlomil-ho-konec-kariery\/\" class=\"image-holder\" target=\"_self\"><img decoding=\"async\" loading=\"lazy\" class=\"\" src=\"https:\/\/d2p6e6u75xmxt8.cloudfront.net\/13\/2024\/01\/profimedia-0670549721-1024x679.webp\" srcset=\"https:\/\/d2p6e6u75xmxt8.cloudfront.net\/13\/2024\/01\/profimedia-0670549721.webp 1800w, https:\/\/d2p6e6u75xmxt8.cloudfront.net\/13\/2024\/01\/profimedia-0670549721-300x199.webp 300w, https:\/\/d2p6e6u75xmxt8.cloudfront.net\/13\/2024\/01\/profimedia-0670549721-1024x679.webp 1024w, https:\/\/d2p6e6u75xmxt8.cloudfront.net\/13\/2024\/01\/profimedia-0670549721-768x509.webp 768w, https:\/\/d2p6e6u75xmxt8.cloudfront.net\/13\/2024\/01\/profimedia-0670549721-1536x1018.webp 1536w, https:\/\/d2p6e6u75xmxt8.cloudfront.net\/13\/2024\/01\/profimedia-0670549721-400x265.webp 400w\" width=\"1024\" height=\"679\" sizes=\"auto, (min-width: 1200px) 302px, (min-width: 768px) 25vw, 100vw\" alt=\"radomir-simunek-pretavil-talent-ve-zlato-zlomil-ho-konec-kariery\"\/><\/a><\/div>    <div class=\"entry-meta\">\n        <a class=\"label label-secondary post-category\" href=\"https:\/\/www.welovecycling.com\/cs\/category\/cyklokros\/\" title=\"Cyklokros\">Cyklokros<\/a>\n    <\/div>\n    <div class=\"entry-details\">\n        <a href=\"https:\/\/www.welovecycling.com\/cs\/2024\/01\/24\/radomir-simunek-pretavil-talent-ve-zlato-zlomil-ho-konec-kariery\/\" class='entry-title-wrapper'>\n            <h3 class=\"entry-title\"><span>Talent p\u0159etavil ve zlato, konec kari\u00e9ry ho uvrhl do temnoty<\/span><\/h3>\n        <\/a>\n    <\/div>\n    <\/article>\n<\/div>\n<p>S\u00a0ohledem na znalost prost\u0159ed\u00ed m\u016f\u017ee \u010desk\u00e1 reprezentace re\u00e1ln\u011b pom\u00fd\u0161let na medaili i ze z\u00e1vodu \u0161tafet. Dom\u00e1c\u00ed v\u00fdb\u011br pojede v\u00a0nejsiln\u011bj\u0161\u00edm slo\u017een\u00ed, \u017e\u00e1dn\u00fd ze z\u00e1vodn\u00edk\u016f se neomluvil, a tak my\u0161lenky na stupn\u011b v\u00edt\u011bz\u016f nejsou neopr\u00e1vn\u011bn\u00e9. Cenn\u00fd kov pak mohou vybojovat i z\u00e1stupci v\u00a0juniorsk\u00fdch kategori\u00edch, kter\u00e9 jsou v\u017edy zcela nep\u0159edv\u00eddateln\u00e9.<\/p>\n<h2><strong>Zden\u011bk \u0160tybar se lou\u010d\u00ed<\/strong><\/h2>\n<p>Posledn\u00ed mistrovstv\u00ed sv\u011bta v\u00a0cyklokrosu<a href=\"https:\/\/www.welovecycling.com\/cs\/2023\/11\/28\/vymacknout-z-tela-co-v-nem-zustalo-zdenek-stybar-ma-jasny-plan-pro-tabor-a-pak-mozna-cape-epic\/\"> pojede Zden\u011bk \u0160tybar<\/a>. Pr\u00e1v\u011b mistrovstv\u00ed sv\u011bta na okruhu Komora v\u00a0roce 2010 jej katapultovalo mezi cyklistick\u00e9 hv\u011bzdy. Tehdy senza\u010dn\u011b ovl\u00e1dl z\u00e1vod elity. Titul o rok pozd\u011bji obh\u00e1jil, dal\u0161\u00ed p\u0159idal je\u0161t\u011b v\u00a0roce 2014, kdy u\u017e pat\u0159il ke st\u00e1lic\u00edm silni\u010dn\u00edho pelotonu.<\/p>\n<figure id=\"attachment_24519\" aria-describedby=\"caption-attachment-24519\" style=\"width: 1600px\" class=\"wp-caption alignnone\"><a href=\"https:\/\/d2p6e6u75xmxt8.cloudfront.net\/13\/2024\/01\/mcr-stybar-.webp\"><img loading=\"lazy\" decoding=\"async\" class=\"size-full wp-image-24519\" src=\"https:\/\/d2p6e6u75xmxt8.cloudfront.net\/13\/2024\/01\/mcr-stybar-.webp\" alt=\"Zden\u011bk \u0160tybar\" width=\"1600\" height=\"1067\" srcset=\"https:\/\/d2p6e6u75xmxt8.cloudfront.net\/13\/2024\/01\/mcr-stybar-.webp 1600w, https:\/\/d2p6e6u75xmxt8.cloudfront.net\/13\/2024\/01\/mcr-stybar--300x200.webp 300w, https:\/\/d2p6e6u75xmxt8.cloudfront.net\/13\/2024\/01\/mcr-stybar--1024x683.webp 1024w, https:\/\/d2p6e6u75xmxt8.cloudfront.net\/13\/2024\/01\/mcr-stybar--768x512.webp 768w, https:\/\/d2p6e6u75xmxt8.cloudfront.net\/13\/2024\/01\/mcr-stybar--1536x1024.webp 1536w, https:\/\/d2p6e6u75xmxt8.cloudfront.net\/13\/2024\/01\/mcr-stybar--400x267.webp 400w, https:\/\/d2p6e6u75xmxt8.cloudfront.net\/13\/2024\/01\/mcr-stybar--272x182.webp 272w\" sizes=\"auto, (max-width: 1600px) 100vw, 1600px\" \/><\/a><figcaption id=\"caption-attachment-24519\" class=\"wp-caption-text\"><em>Zden\u011bk \u0160tybar absolvuje b\u011bhem mistrovstv\u00ed sv\u011bta v cyklokrosu 2024 lou\u010den\u00ed s kari\u00e9rou. Foto: Michal \u010cerven\u00fd<\/em><\/figcaption><\/figure>\n<p>Jako jeden ze dvou \u010desk\u00fdch z\u00e1vodn\u00edk\u016f v historii dok\u00e1zal vyhr\u00e1t etapu na Tour de France, py\u0161n\u00ed se i triumfem ze \u0161pan\u011blsk\u00e9 Vuelty. Ovl\u00e1dl klasiky E3 a Omloop, vyhr\u00e1l italsk\u00e9 Strade Bianche.<\/p>\n<div class=\"shortcode-ys-post-pinup\"><article class=\"loop-simple post-24557 post type-post status-publish format-standard has-post-thumbnail hentry category-cyklokros tag-cyklistika tag-cyklokros tag-milos-fisera tag-ms-1972 tag-ms-1981 tag-ms-1982 tag-ms-tabor-2024 tag-ms-v-cyklokrosu tag-radomir-simunek tag-tabor-2024\" data-postid=\"24557\" role=\"article\" data-post-id=\"24557\" data-word-count=\"944\" data-headline-length=\"71\" data-category=\"Cyklokros\" data-author=\"Radek Malina\" data-published=\"2024-01-18T11:00:26+02:00\" data-published-day=\"Thursday\">\n    <div class=\"entry-thumbnail article-thumbnail\" content=\"https:\/\/d2p6e6u75xmxt8.cloudfront.net\/13\/2024\/01\/profimedia-0670002851-150x150.webp\"><a href=\"https:\/\/www.welovecycling.com\/cs\/2024\/01\/18\/porazil-krale-pariz-roubaix-ale-doma-byl-milos-fisera-zakazany\/\" class=\"image-holder\" target=\"_self\"><img decoding=\"async\" loading=\"lazy\" class=\"\" src=\"https:\/\/d2p6e6u75xmxt8.cloudfront.net\/13\/2024\/01\/profimedia-0670002851-1014x1024.webp\" srcset=\"https:\/\/d2p6e6u75xmxt8.cloudfront.net\/13\/2024\/01\/profimedia-0670002851.webp 1783w, https:\/\/d2p6e6u75xmxt8.cloudfront.net\/13\/2024\/01\/profimedia-0670002851-297x300.webp 297w, https:\/\/d2p6e6u75xmxt8.cloudfront.net\/13\/2024\/01\/profimedia-0670002851-1014x1024.webp 1014w, https:\/\/d2p6e6u75xmxt8.cloudfront.net\/13\/2024\/01\/profimedia-0670002851-150x150.webp 150w, https:\/\/d2p6e6u75xmxt8.cloudfront.net\/13\/2024\/01\/profimedia-0670002851-768x775.webp 768w, https:\/\/d2p6e6u75xmxt8.cloudfront.net\/13\/2024\/01\/profimedia-0670002851-1521x1536.webp 1521w, https:\/\/d2p6e6u75xmxt8.cloudfront.net\/13\/2024\/01\/profimedia-0670002851-396x400.webp 396w\" width=\"1014\" height=\"1024\" sizes=\"auto, (min-width: 1200px) 300px, (min-width: 768px) 25vw, 100vw\" alt=\"porazil-krale-pariz-roubaix-ale-doma-byl-milos-fisera-zakazany\"\/><\/a><\/div>    <div class=\"entry-meta\">\n        <a class=\"label label-secondary post-category\" href=\"https:\/\/www.welovecycling.com\/cs\/category\/cyklokros\/\" title=\"Cyklokros\">Cyklokros<\/a>\n    <\/div>\n    <div class=\"entry-details\">\n        <a href=\"https:\/\/www.welovecycling.com\/cs\/2024\/01\/18\/porazil-krale-pariz-roubaix-ale-doma-byl-milos-fisera-zakazany\/\" class='entry-title-wrapper'>\n            <h3 class=\"entry-title\"><span>Porazil kr\u00e1le Pa\u0159\u00ed\u017e-Roubaix, ale doma byl Milo\u0161 Fi\u0161era zak\u00e1zan\u00fd<\/span><\/h3>\n        <\/a>\n    <\/div>\n    <\/article>\n<\/div>\n<p>\u201eDoufal jsem, \u017ee je\u0161t\u011b dostanu \u0161anci pokra\u010dovat. Jsem r\u00e1d, \u017ee kdy\u017e se m\u00e1m se sv\u011btem profesion\u00e1ln\u00ed cyklistiky rozlou\u010dit, tak to bude pr\u00e1v\u011b v T\u00e1bo\u0159e na vrcholn\u00e9 akci,\u201c prohl\u00e1sil osmat\u0159icetilet\u00fd z\u00e1vodn\u00edk, kter\u00fd z\u00edskal na mistrovstv\u00ed republiky bronz. A mistrovstv\u00ed sv\u011bta v cyklokrosu 2024 rozhodn\u011b nehodl\u00e1 pojmout jako rozlu\u010dkovou exhibici.<\/p>\n<h2><strong>Program MS v\u00a0cyklokrosu 2024<\/strong><\/h2>\n<p><strong>P\u00e1tek 2. \u00fanora &#8211; <\/strong>12.30 hodin: <strong>t\u00fdmov\u00e1 \u0161tafeta<\/strong><\/p>\n<p><strong>Sobota 3. \u00fanora &#8211; <\/strong>11.00 hodin: <strong>juniorky<\/strong>, 12.30 hodin: <strong>mu\u017ei do 23 let<\/strong>, 14.30 hodin: \u017eeny elite<\/p>\n<p><strong>Ned\u011ble 4. \u00fanora &#8211; <\/strong>11.00 hodin: <strong>junio\u0159i<\/strong>, 12.30 hodin: <strong>\u017eeny do 23 let<\/strong>, 14.30 hodin: <strong>mu\u017ei elite<\/strong><\/p>\n<h2><strong>Nominace \u010cesk\u00e9 reprezentace pro MS 2024<\/strong><\/h2>\n<p><strong>Juniorky<\/strong>: Kate\u0159ina Doud\u011brov\u00e1, Am\u00e1lie Gottwaldov\u00e1, Daniela Hezinov\u00e1, Anna Hrdinov\u00e1, Anna Panu\u0161ov\u00e1, Veronika Sedl\u00e1\u010dkov\u00e1, Hanka Vikov\u00e1. <strong>Junio\u0159i<\/strong>: Kry\u0161tof Ba\u017eant, Tom\u00e1\u0161 H\u00e1jek, Mat\u011bj Havel, Jan Janout, Tom\u00e1\u0161 Kraus, Patrik Lienert. <strong>\u017deny U23<\/strong>: Kate\u0159ina Hlad\u00edkov\u00e1, Barbora Je\u0159\u00e1bkov\u00e1, Simona Sp\u011b\u0161n\u00e1, Krist\u00fdna Zemanov\u00e1. <strong>Mu\u017ei U23:<\/strong> Patrik \u010cern\u00fd, Maty\u00e1\u0161 Fiala, V\u00e1clav Je\u017eek, Pavel Jind\u0159ich, Maximili\u00e1n Kerl, Jan Zatloukal. <strong>\u017deny<\/strong>: Nikola Noskov\u00e1, Tereza Tvar\u016f\u017ekov\u00e1, Tereza Van\u00ed\u010dkov\u00e1. <strong>Mu\u017ei:<\/strong> Michael Boro\u0161, Jakub \u0158\u00edman, Zden\u011bk \u0160tybar, Adam \u0164oupal\u00edk, \u0160imon Van\u00ed\u010dek<\/p>\n","protected":false},"excerpt":{"rendered":"<p>Mistrovstv\u00ed sv\u011bta v\u00a0cyklokrosu se po\u0161est\u00e9 v\u00a0historii uskute\u010dn\u00ed v\u00a0\u010cesku! Od 2. do 4. \u00fanora bude T\u00e1bor sv\u011bdkem boj\u016f o sedm sad [&hellip;]<\/p>\n","protected":false},"author":138,"featured_media":24520,"comment_status":"open","ping_status":"open","sticky":false,"template":"","format":"standard","meta":{"footnotes":""},"categories":[1303],"tags":[723,2026,178,2195,3400,2807,3402,3401,1437,3381,73],"global-categories":[411],"class_list":["post-24612","post","type-post","status-publish","format-standard","has-post-thumbnail","hentry","category-cyklokros","tag-cyklokros","tag-kristyna-zemanova","tag-mathieu-van-der-poel","tag-mistrovstvi-sveta-v-cyklokrosu","tag-ms-2024","tag-ms-tabor-2024","tag-program-mistrovstvi-sveta-v-cyklokrosu","tag-program-ms-2024","tag-tabor","tag-tabor-2024","tag-zdenek-stybar","global-categories-cycling"],"yoast_head":"<!-- This site is optimized with the Yoast SEO Premium plugin v25.3 (Yoast SEO v25.9) - https:\/\/yoast.com\/wordpress\/plugins\/seo\/ -->\n<title>Mistrovstv\u00ed sv\u011bta v\u00a0cyklokrosu 2024 s duhov\u00fdm sb\u011bratelem i odch\u00e1zej\u00edc\u00ed legendou | \u0160koda We Love Cycling - \u010cesk\u00e1 republika<\/title>\n<meta name=\"description\" content=\"Mistrovstv\u00ed sv\u011bta v\u00a0cyklokrosu se po\u0161est\u00e9 uskute\u010dn\u00ed v\u00a0\u010cesku! Od 2. do 4. \u00fanora bude T\u00e1bor sv\u011bdkem boj\u016f o sedm sad medail\u00ed.\" \/>\n<meta name=\"robots\" content=\"index, follow, max-snippet:-1, max-image-preview:large, max-video-preview:-1\" \/>\n<link rel=\"canonical\" href=\"https:\/\/www.welovecycling.com\/cs\/2024\/01\/25\/mistrovstvi-sveta-v-cyklokrosu-2024-s-duhovym-sberatelem-i-odchazejici-legendou\/\" \/>\n<meta property=\"og:locale\" content=\"cs_CZ\" \/>\n<meta property=\"og:type\" content=\"article\" \/>\n<meta property=\"og:title\" content=\"Mistrovstv\u00ed sv\u011bta v\u00a0cyklokrosu 2024 s duhov\u00fdm sb\u011bratelem i odch\u00e1zej\u00edc\u00ed legendou\" \/>\n<meta property=\"og:description\" content=\"Mistrovstv\u00ed sv\u011bta v\u00a0cyklokrosu se po\u0161est\u00e9 uskute\u010dn\u00ed v\u00a0\u010cesku! Od 2. do 4. \u00fanora bude T\u00e1bor sv\u011bdkem boj\u016f o sedm sad medail\u00ed.\" \/>\n<meta property=\"og:url\" content=\"https:\/\/www.welovecycling.com\/cs\/2024\/01\/25\/mistrovstvi-sveta-v-cyklokrosu-2024-s-duhovym-sberatelem-i-odchazejici-legendou\/\" \/>\n<meta property=\"og:site_name\" content=\"\u0160koda We Love Cycling - \u010cesk\u00e1 republika\" \/>\n<meta property=\"article:published_time\" content=\"2024-01-25T10:34:01+00:00\" \/>\n<meta property=\"article:modified_time\" content=\"2024-01-25T10:39:58+00:00\" \/>\n<meta property=\"og:image\" content=\"https:\/\/d2p6e6u75xmxt8.cloudfront.net\/13\/2024\/01\/mcr-stybar-II-prekazky.webp\" \/>\n\t<meta property=\"og:image:width\" content=\"1600\" \/>\n\t<meta property=\"og:image:height\" content=\"1067\" \/>\n\t<meta property=\"og:image:type\" content=\"image\/webp\" \/>\n<meta name=\"author\" content=\"radekmalina\" \/>\n<meta name=\"twitter:card\" content=\"summary_large_image\" \/>\n<meta name=\"twitter:label1\" content=\"Written by\" \/>\n\t<meta name=\"twitter:data1\" content=\"Radek Malina\" \/>\n\t<meta name=\"twitter:label2\" content=\"Est. reading time\" \/>\n\t<meta name=\"twitter:data2\" content=\"7\" \/>\n<script type=\"application\/ld+json\" class=\"yoast-schema-graph\">{\"@context\":\"https:\/\/schema.org\",\"@graph\":[{\"@type\":\"WebPage\",\"@id\":\"https:\/\/www.welovecycling.com\/cs\/2024\/01\/25\/mistrovstvi-sveta-v-cyklokrosu-2024-s-duhovym-sberatelem-i-odchazejici-legendou\/\",\"url\":\"https:\/\/www.welovecycling.com\/cs\/2024\/01\/25\/mistrovstvi-sveta-v-cyklokrosu-2024-s-duhovym-sberatelem-i-odchazejici-legendou\/\",\"name\":\"Mistrovstv\u00ed sv\u011bta v\u00a0cyklokrosu 2024 s duhov\u00fdm sb\u011bratelem i odch\u00e1zej\u00edc\u00ed legendou | \u0160koda We Love Cycling - \u010cesk\u00e1 republika\",\"isPartOf\":{\"@id\":\"https:\/\/www.welovecycling.com\/cs\/#website\"},\"primaryImageOfPage\":{\"@id\":\"https:\/\/www.welovecycling.com\/cs\/2024\/01\/25\/mistrovstvi-sveta-v-cyklokrosu-2024-s-duhovym-sberatelem-i-odchazejici-legendou\/#primaryimage\"},\"image\":{\"@id\":\"https:\/\/www.welovecycling.com\/cs\/2024\/01\/25\/mistrovstvi-sveta-v-cyklokrosu-2024-s-duhovym-sberatelem-i-odchazejici-legendou\/#primaryimage\"},\"thumbnailUrl\":\"https:\/\/d2p6e6u75xmxt8.cloudfront.net\/13\/2024\/01\/mcr-stybar-II-prekazky.webp\",\"datePublished\":\"2024-01-25T10:34:01+00:00\",\"dateModified\":\"2024-01-25T10:39:58+00:00\",\"author\":{\"@id\":\"https:\/\/www.welovecycling.com\/cs\/#\/schema\/person\/d9eeb0a378f3a7e4a6d12d2b536b04b8\"},\"description\":\"Mistrovstv\u00ed sv\u011bta v\u00a0cyklokrosu se po\u0161est\u00e9 uskute\u010dn\u00ed v\u00a0\u010cesku! Od 2. do 4. \u00fanora bude T\u00e1bor sv\u011bdkem boj\u016f o sedm sad medail\u00ed.\",\"inLanguage\":\"cs\",\"potentialAction\":[{\"@type\":\"ReadAction\",\"target\":[\"https:\/\/www.welovecycling.com\/cs\/2024\/01\/25\/mistrovstvi-sveta-v-cyklokrosu-2024-s-duhovym-sberatelem-i-odchazejici-legendou\/\"]}]},{\"@type\":\"ImageObject\",\"inLanguage\":\"cs\",\"@id\":\"https:\/\/www.welovecycling.com\/cs\/2024\/01\/25\/mistrovstvi-sveta-v-cyklokrosu-2024-s-duhovym-sberatelem-i-odchazejici-legendou\/#primaryimage\",\"url\":\"https:\/\/d2p6e6u75xmxt8.cloudfront.net\/13\/2024\/01\/mcr-stybar-II-prekazky.webp\",\"contentUrl\":\"https:\/\/d2p6e6u75xmxt8.cloudfront.net\/13\/2024\/01\/mcr-stybar-II-prekazky.webp\",\"width\":1600,\"height\":1067,\"caption\":\"Mistrovstv\u00ed sv\u011bta v cyklokrosu\"},{\"@type\":\"WebSite\",\"@id\":\"https:\/\/www.welovecycling.com\/cs\/#website\",\"url\":\"https:\/\/www.welovecycling.com\/cs\/\",\"name\":\"\u0160koda We Love Cycling - \u010cesk\u00e1 republika\",\"description\":\"WeLoveCycling.cz je online magaz\u00edn, kter\u00fd v\u00e1m pravideln\u011b p\u0159in\u00e1\u0161\u00ed rady a tipy, zaj\u00edmav\u00e9 \u010dl\u00e1nky, videa a jedine\u010dn\u00e9 report\u00e1\u017ee ze sv\u011bta cyklistiky.\",\"potentialAction\":[{\"@type\":\"SearchAction\",\"target\":{\"@type\":\"EntryPoint\",\"urlTemplate\":\"https:\/\/www.welovecycling.com\/cs\/?s={search_term_string}\"},\"query-input\":{\"@type\":\"PropertyValueSpecification\",\"valueRequired\":true,\"valueName\":\"search_term_string\"}}],\"inLanguage\":\"cs\"},{\"@type\":\"Person\",\"@id\":\"https:\/\/www.welovecycling.com\/cs\/#\/schema\/person\/d9eeb0a378f3a7e4a6d12d2b536b04b8\",\"name\":\"radekmalina\",\"image\":{\"@type\":\"ImageObject\",\"inLanguage\":\"cs\",\"@id\":\"https:\/\/www.welovecycling.com\/cs\/#\/schema\/person\/image\/\",\"url\":\"https:\/\/secure.gravatar.com\/avatar\/66994b632cb8c39a46b9f54afa3ae07201b678d32a54275b6f1c9ffec356bfc0?s=96&d=mm&r=g\",\"contentUrl\":\"https:\/\/secure.gravatar.com\/avatar\/66994b632cb8c39a46b9f54afa3ae07201b678d32a54275b6f1c9ffec356bfc0?s=96&d=mm&r=g\",\"caption\":\"radekmalina\"},\"url\":\"https:\/\/www.welovecycling.com\/cs\/author\/radekmalina\/\"}]}<\/script>\n<!-- \/ Yoast SEO Premium plugin. -->","yoast_head_json":{"title":"Mistrovstv\u00ed sv\u011bta v\u00a0cyklokrosu 2024 s duhov\u00fdm sb\u011bratelem i odch\u00e1zej\u00edc\u00ed legendou | \u0160koda We Love Cycling - \u010cesk\u00e1 republika","description":"Mistrovstv\u00ed sv\u011bta v\u00a0cyklokrosu se po\u0161est\u00e9 uskute\u010dn\u00ed v\u00a0\u010cesku! Od 2. do 4. \u00fanora bude T\u00e1bor sv\u011bdkem boj\u016f o sedm sad medail\u00ed.","robots":{"index":"index","follow":"follow","max-snippet":"max-snippet:-1","max-image-preview":"max-image-preview:large","max-video-preview":"max-video-preview:-1"},"canonical":"https:\/\/www.welovecycling.com\/cs\/2024\/01\/25\/mistrovstvi-sveta-v-cyklokrosu-2024-s-duhovym-sberatelem-i-odchazejici-legendou\/","og_locale":"cs_CZ","og_type":"article","og_title":"Mistrovstv\u00ed sv\u011bta v\u00a0cyklokrosu 2024 s duhov\u00fdm sb\u011bratelem i odch\u00e1zej\u00edc\u00ed legendou","og_description":"Mistrovstv\u00ed sv\u011bta v\u00a0cyklokrosu se po\u0161est\u00e9 uskute\u010dn\u00ed v\u00a0\u010cesku! Od 2. do 4. \u00fanora bude T\u00e1bor sv\u011bdkem boj\u016f o sedm sad medail\u00ed.","og_url":"https:\/\/www.welovecycling.com\/cs\/2024\/01\/25\/mistrovstvi-sveta-v-cyklokrosu-2024-s-duhovym-sberatelem-i-odchazejici-legendou\/","og_site_name":"\u0160koda We Love Cycling - \u010cesk\u00e1 republika","article_published_time":"2024-01-25T10:34:01+00:00","article_modified_time":"2024-01-25T10:39:58+00:00","og_image":[{"width":1600,"height":1067,"url":"https:\/\/d2p6e6u75xmxt8.cloudfront.net\/13\/2024\/01\/mcr-stybar-II-prekazky.webp","type":"image\/webp"}],"author":"radekmalina","twitter_card":"summary_large_image","twitter_misc":{"Written by":"Radek Malina","Est. reading time":"7"},"schema":{"@context":"https:\/\/schema.org","@graph":[{"@type":"WebPage","@id":"https:\/\/www.welovecycling.com\/cs\/2024\/01\/25\/mistrovstvi-sveta-v-cyklokrosu-2024-s-duhovym-sberatelem-i-odchazejici-legendou\/","url":"https:\/\/www.welovecycling.com\/cs\/2024\/01\/25\/mistrovstvi-sveta-v-cyklokrosu-2024-s-duhovym-sberatelem-i-odchazejici-legendou\/","name":"Mistrovstv\u00ed sv\u011bta v\u00a0cyklokrosu 2024 s duhov\u00fdm sb\u011bratelem i odch\u00e1zej\u00edc\u00ed legendou | \u0160koda We Love Cycling - \u010cesk\u00e1 republika","isPartOf":{"@id":"https:\/\/www.welovecycling.com\/cs\/#website"},"primaryImageOfPage":{"@id":"https:\/\/www.welovecycling.com\/cs\/2024\/01\/25\/mistrovstvi-sveta-v-cyklokrosu-2024-s-duhovym-sberatelem-i-odchazejici-legendou\/#primaryimage"},"image":{"@id":"https:\/\/www.welovecycling.com\/cs\/2024\/01\/25\/mistrovstvi-sveta-v-cyklokrosu-2024-s-duhovym-sberatelem-i-odchazejici-legendou\/#primaryimage"},"thumbnailUrl":"https:\/\/d2p6e6u75xmxt8.cloudfront.net\/13\/2024\/01\/mcr-stybar-II-prekazky.webp","datePublished":"2024-01-25T10:34:01+00:00","dateModified":"2024-01-25T10:39:58+00:00","author":{"@id":"https:\/\/www.welovecycling.com\/cs\/#\/schema\/person\/d9eeb0a378f3a7e4a6d12d2b536b04b8"},"description":"Mistrovstv\u00ed sv\u011bta v\u00a0cyklokrosu se po\u0161est\u00e9 uskute\u010dn\u00ed v\u00a0\u010cesku! Od 2. do 4. \u00fanora bude T\u00e1bor sv\u011bdkem boj\u016f o sedm sad medail\u00ed.","inLanguage":"cs","potentialAction":[{"@type":"ReadAction","target":["https:\/\/www.welovecycling.com\/cs\/2024\/01\/25\/mistrovstvi-sveta-v-cyklokrosu-2024-s-duhovym-sberatelem-i-odchazejici-legendou\/"]}]},{"@type":"ImageObject","inLanguage":"cs","@id":"https:\/\/www.welovecycling.com\/cs\/2024\/01\/25\/mistrovstvi-sveta-v-cyklokrosu-2024-s-duhovym-sberatelem-i-odchazejici-legendou\/#primaryimage","url":"https:\/\/d2p6e6u75xmxt8.cloudfront.net\/13\/2024\/01\/mcr-stybar-II-prekazky.webp","contentUrl":"https:\/\/d2p6e6u75xmxt8.cloudfront.net\/13\/2024\/01\/mcr-stybar-II-prekazky.webp","width":1600,"height":1067,"caption":"Mistrovstv\u00ed sv\u011bta v cyklokrosu"},{"@type":"WebSite","@id":"https:\/\/www.welovecycling.com\/cs\/#website","url":"https:\/\/www.welovecycling.com\/cs\/","name":"\u0160koda We Love Cycling - \u010cesk\u00e1 republika","description":"WeLoveCycling.cz je online magaz\u00edn, kter\u00fd v\u00e1m pravideln\u011b p\u0159in\u00e1\u0161\u00ed rady a tipy, zaj\u00edmav\u00e9 \u010dl\u00e1nky, videa a jedine\u010dn\u00e9 report\u00e1\u017ee ze sv\u011bta cyklistiky.","potentialAction":[{"@type":"SearchAction","target":{"@type":"EntryPoint","urlTemplate":"https:\/\/www.welovecycling.com\/cs\/?s={search_term_string}"},"query-input":{"@type":"PropertyValueSpecification","valueRequired":true,"valueName":"search_term_string"}}],"inLanguage":"cs"},{"@type":"Person","@id":"https:\/\/www.welovecycling.com\/cs\/#\/schema\/person\/d9eeb0a378f3a7e4a6d12d2b536b04b8","name":"radekmalina","image":{"@type":"ImageObject","inLanguage":"cs","@id":"https:\/\/www.welovecycling.com\/cs\/#\/schema\/person\/image\/","url":"https:\/\/secure.gravatar.com\/avatar\/66994b632cb8c39a46b9f54afa3ae07201b678d32a54275b6f1c9ffec356bfc0?s=96&d=mm&r=g","contentUrl":"https:\/\/secure.gravatar.com\/avatar\/66994b632cb8c39a46b9f54afa3ae07201b678d32a54275b6f1c9ffec356bfc0?s=96&d=mm&r=g","caption":"radekmalina"},"url":"https:\/\/www.welovecycling.com\/cs\/author\/radekmalina\/"}]}},"_links":{"self":[{"href":"https:\/\/www.welovecycling.com\/cs\/wp-json\/wp\/v2\/posts\/24612","targetHints":{"allow":["GET"]}}],"collection":[{"href":"https:\/\/www.welovecycling.com\/cs\/wp-json\/wp\/v2\/posts"}],"about":[{"href":"https:\/\/www.welovecycling.com\/cs\/wp-json\/wp\/v2\/types\/post"}],"author":[{"embeddable":true,"href":"https:\/\/www.welovecycling.com\/cs\/wp-json\/wp\/v2\/users\/138"}],"replies":[{"embeddable":true,"href":"https:\/\/www.welovecycling.com\/cs\/wp-json\/wp\/v2\/comments?post=24612"}],"version-history":[{"count":4,"href":"https:\/\/www.welovecycling.com\/cs\/wp-json\/wp\/v2\/posts\/24612\/revisions"}],"predecessor-version":[{"id":24616,"href":"https:\/\/www.welovecycling.com\/cs\/wp-json\/wp\/v2\/posts\/24612\/revisions\/24616"}],"wp:featuredmedia":[{"embeddable":true,"href":"https:\/\/www.welovecycling.com\/cs\/wp-json\/wp\/v2\/media\/24520"}],"wp:attachment":[{"href":"https:\/\/www.welovecycling.com\/cs\/wp-json\/wp\/v2\/media?parent=24612"}],"wp:term":[{"taxonomy":"category","embeddable":true,"href":"https:\/\/www.welovecycling.com\/cs\/wp-json\/wp\/v2\/categories?post=24612"},{"taxonomy":"post_tag","embeddable":true,"href":"https:\/\/www.welovecycling.com\/cs\/wp-json\/wp\/v2\/tags?post=24612"},{"taxonomy":"global-categories","embeddable":true,"href":"https:\/\/www.welovecycling.com\/cs\/wp-json\/wp\/v2\/global-categories?post=24612"}],"curies":[{"name":"wp","href":"https:\/\/api.w.org\/{rel}","templated":true}]}}