{"id":24602,"date":"2024-01-24T15:56:26","date_gmt":"2024-01-24T13:56:26","guid":{"rendered":"https:\/\/www.welovecycling.com\/cs\/?p=24602"},"modified":"2024-01-24T16:03:09","modified_gmt":"2024-01-24T14:03:09","slug":"radomir-simunek-pretavil-talent-ve-zlato-zlomil-ho-konec-kariery","status":"publish","type":"post","link":"https:\/\/www.welovecycling.com\/cs\/2024\/01\/24\/radomir-simunek-pretavil-talent-ve-zlato-zlomil-ho-konec-kariery\/","title":{"rendered":"Talent p\u0159etavil ve zlato, konec kari\u00e9ry ho uvrhl do temnoty"},"content":{"rendered":"<p><strong>Pro generaci, kter\u00e1 v\u00a080. letech minul\u00e9ho stolet\u00ed la\u010dnila v\u00a0zadr\u00e1tovan\u00e9m \u010ceskoslovensku po sportovn\u00edch \u00fasp\u011b\u0161\u00edch, byl cyklistick\u00fdm p\u00e1nembohem. Na dva amat\u00e9rsk\u00e9 tituly mistra sv\u011bta nav\u00edc cyklokrosa\u0159 Radom\u00edr \u0160im\u016fnek dok\u00e1zal bezprost\u0159edn\u011b po p\u00e1du \u017eelezn\u00e9 opony nav\u00e1zat i triumfem mezi profesion\u00e1ly. Sv\u011bt mu le\u017eel u nohou, z\u00e1hy v\u0161ak p\u0159i\u0161el krut\u00fd p\u00e1d. A nakonec i probl\u00e9my s\u00a0alkoholem, kter\u00e9 ukon\u010dily \u017eivot legend\u00e1rn\u00edho z\u00e1vodn\u00edka v\u00a0pouh\u00fdch 48 letech.<\/strong><\/p>\n<p>Z\u00e1vod m\u00edru. Medailov\u00e9 \u017en\u011b bratr\u016f Posp\u00ed\u0161ilov\u00fdch v\u00a0kolov\u00e9. A drsn\u00e9 bitvy cyklokrosa\u0159\u016f v\u00a0\u010dasto a\u017e nelidsk\u00fdch podm\u00ednk\u00e1ch. To byly \u010dty\u0159icet let zp\u00e1tky vrcholy \u010deskoslovensk\u00fdch fanou\u0161k\u016f cyklistiky. Nezlomn\u00ed cyklokrosa\u0159i, v\u00a0c\u00edli \u010dasto k\u00a0nepozn\u00e1n\u00ed pod vrstvou bl\u00e1ta, nav\u00edc kapitolu p\u0159edposledn\u00ed dek\u00e1dy 20. stolet\u00ed napsali zlat\u00fdm p\u00edsmem.<\/p>\n<h2><strong>Dv\u011bma tituly nav\u00e1zal na \u00fasp\u011bchy str\u00fdce<\/strong><\/h2>\n<p>Dva premi\u00e9rov\u00e9 tituly mistra sv\u011bta mezi amat\u00e9ry \u2013 z\u00e1vodit mezi profesion\u00e1ly bylo tehdy \u010deskoslovensk\u00fdm z\u00e1vodn\u00edk\u016fm zapov\u011bzeno \u2013 vybojoval v\u00a0letech 1981 a 1982 Milo\u0161 Fi\u0161era a ve dvou n\u00e1sleduj\u00edc\u00edch letech nav\u00e1zal na sv\u00e9ho legend\u00e1rn\u00edho str\u00fdce pr\u00e1v\u011b Radom\u00edr \u0160im\u016fnek. U\u017e v\u00a0roce 1980 p\u0159itom z\u00e1vodn\u00edk se z\u00e1vodnick\u00fdm darem od p\u00e1naboha triumfoval jako prvn\u00ed \u010cechoslov\u00e1k mezi juniory, v\u00a0roce 1982 st\u00e1l vedle Fi\u0161ery na stupn\u00edch v\u00edt\u011bz\u016f se st\u0159\u00edbrem.<\/p>\n<p>\u201eByl to obrovsk\u00fd talent, talent od p\u0159\u00edrody, ale stejn\u011b tak nesm\u00edrn\u011b poctiv\u00fd z\u00e1vodn\u00edk v tr\u00e9ninku,&#8220; poznamenal n\u011bkdej\u0161\u00ed p\u0159edseda cyklokrosov\u00e9 komise svazu \u010cestm\u00edr Kala\u0161.<\/p>\n<figure id=\"attachment_24606\" aria-describedby=\"caption-attachment-24606\" style=\"width: 1800px\" class=\"wp-caption alignnone\"><a href=\"https:\/\/d2p6e6u75xmxt8.cloudfront.net\/13\/2024\/01\/profimedia-0625717763.webp\"><img loading=\"lazy\" decoding=\"async\" class=\"size-full wp-image-24606\" src=\"https:\/\/d2p6e6u75xmxt8.cloudfront.net\/13\/2024\/01\/profimedia-0625717763.webp\" alt=\"Radom\u00edr \u0160im\u016fnek v dresu reprezentace u\u017e coby mistr sv\u011bta. Foto: Michal R\u016f\u017ei\u010dka \/ MAFRA \/ Profimedia (3x)\" width=\"1800\" height=\"1211\" srcset=\"https:\/\/d2p6e6u75xmxt8.cloudfront.net\/13\/2024\/01\/profimedia-0625717763.webp 1800w, https:\/\/d2p6e6u75xmxt8.cloudfront.net\/13\/2024\/01\/profimedia-0625717763-300x202.webp 300w, https:\/\/d2p6e6u75xmxt8.cloudfront.net\/13\/2024\/01\/profimedia-0625717763-1024x689.webp 1024w, https:\/\/d2p6e6u75xmxt8.cloudfront.net\/13\/2024\/01\/profimedia-0625717763-768x517.webp 768w, https:\/\/d2p6e6u75xmxt8.cloudfront.net\/13\/2024\/01\/profimedia-0625717763-1536x1033.webp 1536w, https:\/\/d2p6e6u75xmxt8.cloudfront.net\/13\/2024\/01\/profimedia-0625717763-400x269.webp 400w, https:\/\/d2p6e6u75xmxt8.cloudfront.net\/13\/2024\/01\/profimedia-0625717763-272x182.webp 272w\" sizes=\"auto, (max-width: 1800px) 100vw, 1800px\" \/><\/a><figcaption id=\"caption-attachment-24606\" class=\"wp-caption-text\"><em>Radom\u00edr \u0160im\u016fnek v dresu reprezentace u\u017e coby mistr sv\u011bta. Foto: Michal R\u016f\u017ei\u010dka \/ MAFRA \/ Profimedia (3x)<\/em><\/figcaption><\/figure>\n<p>V \u010dem tkv\u011bla \u0160im\u016fnkova v\u00fdjime\u010dnost? V ter\u00e9nu, kter\u00fd je kolikr\u00e1t s j\u00edzdou na kole v podstat\u011b neslu\u010diteln\u00fd, se dok\u00e1zal pohybovat s neuv\u011b\u0159itelnou lehkost\u00ed, d\u00edky dokonal\u00e9 technice se nad trat\u00ed doslova vzn\u00e1\u0161el. To fanou\u0161ky doslova fascinovalo, sv\u011btovou elitu naopak doh\u00e1n\u011blo k \u0161\u00edlenstv\u00ed. \u201eRadkovi se nemuselo nic moc radit a vysv\u011btlovat,\u201c rozpom\u00ednal se <a href=\"https:\/\/www.welovecycling.com\/cs\/2024\/01\/18\/porazil-krale-pariz-roubaix-ale-doma-byl-milos-fisera-zakazany\/\">Milo\u0161 Fi\u0161era<\/a>.<\/p>\n<p>\u017de v nitru jeho synovce bu\u0161\u00ed srdce cyklokrosa\u0159e, pr\u00fd bylo patrn\u00e9 u\u017e od d\u011btstv\u00ed. Historicky prvn\u00ed \u010deskoslovensk\u00fd mistr sv\u011bta jej je\u0161t\u011b jako p\u0159ed\u0161kol\u00e1ka \u010dasto voz\u00edval \u201ena \u0161tangli\u201c v ter\u00e9nech kolem Vrchlab\u00ed a krkono\u0161sk\u00fd kostit\u0159as si Radom\u00edr \u0160im\u016fnek n\u00e1ramn\u011b obl\u00edbil. A Fi\u0161era mu u\u017e tehdy v\u011b\u0161til hv\u011bzdnou budoucnost.<\/p>\n<div class=\"shortcode-ys-post-pinup\"><article class=\"loop-simple post-24566 post type-post status-publish format-standard has-post-thumbnail hentry category-silnicni-cyklistika tag-bora-hansgrohe tag-cyklistika tag-primoz-roglic tag-red-bull tag-remco-evenepoel tag-silnicni-cyklistika tag-tour-de-france tag-wout-van-aert global-categories-cycling\" data-postid=\"24566\" role=\"article\" data-post-id=\"24566\" data-word-count=\"398\" data-headline-length=\"74\" data-category=\"Silni\u010dn\u00ed cyklistika\" data-global-category=\"Cycling\" data-author=\"We Love Cycling\" data-published=\"2024-01-21T06:00:35+02:00\" data-published-day=\"Sunday\">\n    <div class=\"entry-thumbnail article-thumbnail\" content=\"https:\/\/d2p6e6u75xmxt8.cloudfront.net\/13\/2022\/07\/wout-van-aert-profimedia-0699064005-150x150.webp\"><a href=\"https:\/\/www.welovecycling.com\/cs\/2024\/01\/21\/tym-gigantu-ktery-nema-obdoby-zpusobi-nove-partnerstvi-revoluci\/\" class=\"image-holder\" target=\"_self\"><img decoding=\"async\" loading=\"lazy\" class=\"\" src=\"https:\/\/d2p6e6u75xmxt8.cloudfront.net\/13\/2022\/07\/wout-van-aert-profimedia-0699064005-1024x683.webp\" srcset=\"https:\/\/d2p6e6u75xmxt8.cloudfront.net\/13\/2022\/07\/wout-van-aert-profimedia-0699064005.webp 1800w, https:\/\/d2p6e6u75xmxt8.cloudfront.net\/13\/2022\/07\/wout-van-aert-profimedia-0699064005-300x200.webp 300w, https:\/\/d2p6e6u75xmxt8.cloudfront.net\/13\/2022\/07\/wout-van-aert-profimedia-0699064005-1024x683.webp 1024w, https:\/\/d2p6e6u75xmxt8.cloudfront.net\/13\/2022\/07\/wout-van-aert-profimedia-0699064005-768x512.webp 768w, https:\/\/d2p6e6u75xmxt8.cloudfront.net\/13\/2022\/07\/wout-van-aert-profimedia-0699064005-1536x1024.webp 1536w, https:\/\/d2p6e6u75xmxt8.cloudfront.net\/13\/2022\/07\/wout-van-aert-profimedia-0699064005-272x182.webp 272w\" width=\"1024\" height=\"683\" sizes=\"auto, (min-width: 1200px) 300px, (min-width: 768px) 25vw, 100vw\" alt=\"tym-gigantu-ktery-nema-obdoby-zpusobi-nove-partnerstvi-revoluci\"\/><\/a><\/div>    <div class=\"entry-meta\">\n        <a class=\"label label-secondary post-category\" href=\"https:\/\/www.welovecycling.com\/cs\/category\/silnicni-cyklistika\/\" title=\"Silni\u010dn\u00ed cyklistika\">Silni\u010dn\u00ed cyklistika<\/a>\n    <\/div>\n    <div class=\"entry-details\">\n        <a href=\"https:\/\/www.welovecycling.com\/cs\/2024\/01\/21\/tym-gigantu-ktery-nema-obdoby-zpusobi-nove-partnerstvi-revoluci\/\" class='entry-title-wrapper'>\n            <h3 class=\"entry-title\"><span>T\u00fdm gigant\u016f, kter\u00fd nem\u00e1 obdoby? Zp\u016fsob\u00ed nov\u00e9 partnerstv\u00ed revoluci?<\/span><\/h3>\n        <\/a>\n    <\/div>\n    <\/article>\n<\/div>\n<p>Po zlat\u00fdch letech sice \u0160im\u016fnka zbrzdily zdravotn\u00ed pot\u00ed\u017ee a nejv\u011bt\u0161\u00ed moment jeho kari\u00e9ry p\u0159i\u0161el nedlouho po Sametov\u00e9 revoluci. Rozpad socialistick\u00e9ho bloku kone\u010dn\u011b otev\u0159el \u010deskoslovensk\u00fdm sportovc\u016fm mo\u017enost pom\u011b\u0159it s\u00edly i s\u00a0absolutn\u00ed sv\u011btovou elitou, dosud ostrakizovanou kv\u016fli \u201eprofesionalismu\u201c neslu\u010diteln\u00e9mu s\u00a0pojet\u00edm sportu v\u00a0socialistick\u00e9m t\u00e1bo\u0159e m\u00edru.<\/p>\n<h2><strong>Radom\u00edr \u0160im\u016fnek Sportovcem roku<\/strong><\/h2>\n<p>A v roce 1991 se \u010ce\u0161i na \u0161ampion\u00e1tu v Geitenu uk\u00e1zali sv\u011btu v tom nejlep\u0161\u00edm sv\u011btle, kdy\u017e b\u011bhem jedin\u00e9ho dne dok\u00e1zali vybojovat dva sv\u011btov\u00e9 tituly a st\u0159\u00edbro navrch. Zlato Ond\u0159eje Luke\u0161e a druh\u00e9 m\u00edsto Ji\u0159\u00edho Posp\u00ed\u0161ila v bitv\u011b junior\u016f vy\u0161perkoval triumfem v nejpresti\u017en\u011bj\u0161\u00ed kategorii elite pr\u00e1v\u011b Radom\u00edr \u0160im\u016fnek, kter\u00fd tak jako prvn\u00ed cyklokrosa\u0159 v historii vybojoval sv\u011btov\u00fd prim\u00e1t jako junior, amat\u00e9r i profesion\u00e1l.<\/p>\n<p>\u201eZ\u00e1vod byl podobn\u00fd jako vejce vejci lo\u0148sk\u00e9mu souboji v\u00a0Getxu. N\u00e1\u0161 osmadvacetilet\u00fd jezdec znovu neust\u00e1le re\u017e\u00edroval d\u011bn\u00ed na \u010dele cel\u00e9ho 34\u010dlenn\u00e9ho pole. Jezdil po\u0159\u00e1d nejh\u016f\u0159e na t\u0159et\u00ed pozici, hl\u00eddal si sv\u00e9 nejv\u011bt\u0161\u00ed soupe\u0159e. Na\u0161t\u011bst\u00ed tentokr\u00e1t nem\u011bl \u017e\u00e1dn\u00e9 technick\u00e9 probl\u00e9my, nepotkaly ho ani p\u00e1d, ani defekt. K\u00a0nejd\u016fle\u017eit\u011bj\u0161\u00edmu okam\u017eiku do\u0161lo v\u00a0\u0161est\u00e9m okruhu, zhruba ve dvou t\u0159etin\u00e1ch trat\u011b. Do \u010dela se dostala trojice \u0160im\u016fnek, Van der Poel z\u00a0Nizozemska a Francouz Le Bras. Dot\u00e1hnout se na tuto trojici u\u017e nikdo nedok\u00e1zal a v\u00a0z\u00e1v\u011bre\u010dn\u00e9m spurt\u00e9rsk\u00e9m souboji se prosadil \u0160im\u016fnek. Van der Poel skon\u010dil u\u017e pop\u00e1t\u00e9 druh\u00fd, to je na z\u00e1pis do Guinessovy knihy rekord\u016f, a t\u0159et\u00ed stejn\u011b jako loni Le Bras,\u201c hl\u00e1sil tehdy p\u0159\u00edmo z\u00a0Nizozemska rozhlasov\u00fd report\u00e9r Miroslav Augustin.<\/p>\n<p>Fam\u00f3zn\u00ed v\u00fdkon nav\u00edc strhl i ostatn\u00ed \u017eurnalisty a \u0160im\u016fnek ten rok opanoval i tradi\u010dn\u00ed anketu Sportovec roku vyhla\u0161ovanou Klubem sportovn\u00edch novin\u00e1\u0159\u016f.<\/p>\n<p><a href=\"https:\/\/d2p6e6u75xmxt8.cloudfront.net\/13\/2024\/01\/profimedia-0561144709.webp\"><img loading=\"lazy\" decoding=\"async\" class=\"alignnone size-full wp-image-24603\" src=\"https:\/\/d2p6e6u75xmxt8.cloudfront.net\/13\/2024\/01\/profimedia-0561144709.webp\" alt=\"\" width=\"1800\" height=\"1198\" srcset=\"https:\/\/d2p6e6u75xmxt8.cloudfront.net\/13\/2024\/01\/profimedia-0561144709.webp 1800w, https:\/\/d2p6e6u75xmxt8.cloudfront.net\/13\/2024\/01\/profimedia-0561144709-300x200.webp 300w, https:\/\/d2p6e6u75xmxt8.cloudfront.net\/13\/2024\/01\/profimedia-0561144709-1024x682.webp 1024w, https:\/\/d2p6e6u75xmxt8.cloudfront.net\/13\/2024\/01\/profimedia-0561144709-768x511.webp 768w, https:\/\/d2p6e6u75xmxt8.cloudfront.net\/13\/2024\/01\/profimedia-0561144709-1536x1022.webp 1536w, https:\/\/d2p6e6u75xmxt8.cloudfront.net\/13\/2024\/01\/profimedia-0561144709-400x266.webp 400w, https:\/\/d2p6e6u75xmxt8.cloudfront.net\/13\/2024\/01\/profimedia-0561144709-272x182.webp 272w\" sizes=\"auto, (max-width: 1800px) 100vw, 1800px\" \/><\/a><\/p>\n<p>Nem\u011blo ale trvat dlouho a suver\u00e9n cyklokrosov\u00fdch trat\u00ed natvrdo poznal vrtkavost osud. Jen o rok pozd\u011bji toti\u017e Radom\u00edr \u0160im\u016fnek zavinil u Cerhovic dopravn\u00ed nehodu, p\u0159i n\u00ed\u017e zahynuli t\u0159i lid\u00e9 z protijedouc\u00edho auta. P\u0159\u00ed\u010dina trag\u00e9die je dodnes p\u0159edm\u011btem spekulac\u00ed, \u010dasto je zmi\u0148ov\u00e1n alkohol za volantem. S\u00e1m Radom\u00edr \u0160im\u016fnek m\u011bl po letech p\u0159iznat b\u00fdval\u00e9m par\u0165\u00e1kovi z ml\u00e1de\u017enick\u00fdch kategori\u00ed, \u017ee se na moment nev\u011bnoval \u0159\u00edzen\u00ed, kdy\u017e cht\u011bl ok\u0159iknout d\u011bti zlob\u00edc\u00ed na zadn\u00edm sedadle. Od soudu si nakonec vyslechl verdikt 18m\u011bs\u00ed\u010dn\u00edho nepodm\u00edn\u011bn\u00e9ho trestu.<\/p>\n<h2><strong>Pr\u00e1zdnotu vyplnil alkoholem<\/strong><\/h2>\n<p>Ve v\u011bznici ale cyklokrosov\u00e1 hv\u011bzda str\u00e1vila jen \u010dty\u0159i m\u011bs\u00edce, pot\u00e9 byla propu\u0161t\u011bna d\u00edky ud\u011blen\u00e9 milosti tehdej\u0161\u00edm prezidentem V\u00e1clavem Havlem. To v\u0161ak minim\u00e1ln\u011b \u010d\u00e1st ve\u0159ejnosti nikdy nep\u0159ijala. Osudov\u00fd moment ale zlomil i samotn\u00e9ho \u0161ampiona. Dokud Radom\u00edr \u0160im\u016fnek z\u00e1vodil, dok\u00e1zal je\u0161t\u011b ut\u00edkat p\u0159ed sv\u00fdmi d\u00e9mony d\u00edky cyklokrosu, po tragick\u00e9 nehod\u011b vybojoval je\u0161t\u011b \u010dty\u0159i tituly mistra republiky, ten posledn\u00ed v roce 1998. Kdy\u017e ale v roce 2002 pov\u011bsil ve \u010dty\u0159iceti z\u00e1vodnickou kari\u00e9ru definitivn\u011b na h\u0159eb\u00edk, za\u010dal hledat \u00fat\u011bchu v alkoholu.<\/p>\n<div class=\"shortcode-ys-post-pinup\"><article class=\"loop-simple post-24538 post type-post status-publish format-standard has-post-thumbnail hentry category-cyklokros tag-3385 tag-cestmir-kalas tag-cyklistika tag-cyklokros tag-kalas-sportswear tag-kristyna-zemanova tag-michael-boros tag-ms-tabor-2024 tag-tabor-2024 tag-trener-reprezentace tag-world-championship tag-zdenek-stybar global-categories-cycling\" data-postid=\"24538\" role=\"article\" data-post-id=\"24538\" data-word-count=\"908\" data-headline-length=\"110\" data-category=\"Cyklokros\" data-global-category=\"Cycling\" data-author=\"Radek Malina\" data-published=\"2024-01-16T13:21:34+02:00\" data-published-day=\"Tuesday\">\n    <div class=\"entry-thumbnail article-thumbnail\" content=\"https:\/\/d2p6e6u75xmxt8.cloudfront.net\/13\/2024\/01\/kalAS-S-150x150.webp\"><a href=\"https:\/\/www.welovecycling.com\/cs\/2024\/01\/16\/pasovani-galusek-dovoz-prehazovacek-a-pohadkove-prize-money-jak-se-zrodil-fenomen-jmenem-cyklokros\/\" class=\"image-holder\" target=\"_self\"><img decoding=\"async\" loading=\"lazy\" class=\"\" src=\"https:\/\/d2p6e6u75xmxt8.cloudfront.net\/13\/2024\/01\/kalAS-S-1024x683.webp\" srcset=\"https:\/\/d2p6e6u75xmxt8.cloudfront.net\/13\/2024\/01\/kalAS-S-scaled.webp 2560w, https:\/\/d2p6e6u75xmxt8.cloudfront.net\/13\/2024\/01\/kalAS-S-300x200.webp 300w, https:\/\/d2p6e6u75xmxt8.cloudfront.net\/13\/2024\/01\/kalAS-S-1024x683.webp 1024w, https:\/\/d2p6e6u75xmxt8.cloudfront.net\/13\/2024\/01\/kalAS-S-768x512.webp 768w, https:\/\/d2p6e6u75xmxt8.cloudfront.net\/13\/2024\/01\/kalAS-S-1536x1024.webp 1536w, https:\/\/d2p6e6u75xmxt8.cloudfront.net\/13\/2024\/01\/kalAS-S-2048x1366.webp 2048w, https:\/\/d2p6e6u75xmxt8.cloudfront.net\/13\/2024\/01\/kalAS-S-1920x1280.webp 1920w, https:\/\/d2p6e6u75xmxt8.cloudfront.net\/13\/2024\/01\/kalAS-S-400x267.webp 400w, https:\/\/d2p6e6u75xmxt8.cloudfront.net\/13\/2024\/01\/kalAS-S-272x182.webp 272w, https:\/\/d2p6e6u75xmxt8.cloudfront.net\/13\/2024\/01\/kalAS-S-1920x1280.webp 1920w\" width=\"1024\" height=\"683\" sizes=\"auto, (min-width: 1200px) 300px, (min-width: 768px) 25vw, 100vw\" alt=\"pasovani-galusek-dovoz-prehazovacek-a-pohadkove-prize-money-jak-se-zrodil-fenomen-jmenem-cyklokros\"\/><\/a><\/div>    <div class=\"entry-meta\">\n        <a class=\"label label-secondary post-category\" href=\"https:\/\/www.welovecycling.com\/cs\/category\/cyklokros\/\" title=\"Cyklokros\">Cyklokros<\/a>\n    <\/div>\n    <div class=\"entry-details\">\n        <a href=\"https:\/\/www.welovecycling.com\/cs\/2024\/01\/16\/pasovani-galusek-dovoz-prehazovacek-a-pohadkove-prize-money-jak-se-zrodil-fenomen-jmenem-cyklokros\/\" class='entry-title-wrapper'>\n            <h3 class=\"entry-title\"><span>Pa\u0161ov\u00e1n\u00ed galusek, dovoz p\u0159ehazova\u010dek a poh\u00e1dkov\u00e9 prize money. Jak se zrodil fenom\u00e9n jm\u00e9nem cyklokros?<\/span><\/h3>\n        <\/a>\n    <\/div>\n    <\/article>\n<\/div>\n<p>\u201eBoura\u010dka ho samoz\u0159ejm\u011b lidsky zas\u00e1hla, ale s jeho pit\u00edm a\u017e takovou souvislost nem\u00e1. T\u00edm nejhor\u0161\u00edm, co ho zlomilo, byl konec kari\u00e9ry. Pot\u0159eboval n\u011bjak vyplnit to vakuum, kter\u00e9 mu po z\u00e1vod\u011bn\u00ed z\u016fstalo,&#8220; sv\u011b\u0159il se kdysi \u0160im\u016fnk\u016fv syn Radom\u00edr pro den\u00edk Aha. Zm\u00edn\u011bn\u00e9 vakuum bohu\u017eel nenahradilo ani tren\u00e9rsk\u00e9 veden\u00ed syna. \u201eTo, co se lidi u\u010dili t\u0159i roky, on m\u011b nau\u010dil za rok. Byl velmi trp\u011bliv\u00fd,\u201c vzpom\u00ednal na sv\u00e9ho \u201eta\u0165uldu\u201c pokra\u010dovatel slavn\u00e9ho rodu.<\/p>\n<p>V\u00a0l\u00e9t\u011b roku 2010 \u0160im\u016fnka naplno zas\u00e1hla postupuj\u00edc\u00ed cirh\u00f3za jater. T\u011b\u017ek\u00e1 nemoc jej p\u0159ivedla do nemocnice v\u00a0Kol\u00edn\u011b, kde musel podstoupit i akutn\u00ed operaci k\u00fdly. Pot\u00e9 ale z\u0159ejm\u011b v\u00a0p\u0159edtu\u0161e nejhor\u0161\u00edho podepsal revers a odjel dom\u016f. Je\u0161t\u011b tu noc jej pak na\u0161la man\u017eelka Jana bez zn\u00e1mek \u017eivota. Osud slavn\u00e9ho cyklokrosa\u0159e se tak naplnil v\u00a0pouh\u00fdch osma\u010dty\u0159iceti letech.<\/p>\n","protected":false},"excerpt":{"rendered":"<p>Pro generaci, kter\u00e1 v\u00a080. letech minul\u00e9ho stolet\u00ed la\u010dnila v\u00a0zadr\u00e1tovan\u00e9m \u010ceskoslovensku po sportovn\u00edch \u00fasp\u011b\u0161\u00edch, byl cyklistick\u00fdm p\u00e1nembohem. Na dva amat\u00e9rsk\u00e9 tituly [&hellip;]<\/p>\n","protected":false},"author":138,"featured_media":24604,"comment_status":"open","ping_status":"open","sticky":false,"template":"","format":"standard","meta":{"footnotes":""},"categories":[1303,10],"tags":[3383,126,723,3391,1955,1154,3397,3398,3399,2807,1425],"global-categories":[411],"class_list":["post-24602","post","type-post","status-publish","format-standard","has-post-thumbnail","hentry","category-cyklokros","category-silnicni-cyklistika","tag-cestmir-kalas","tag-cyklistika","tag-cyklokros","tag-milos-fisera","tag-mistr-sveta","tag-mistrovstvi-sveta","tag-ms-cyklokros-1983","tag-ms-cyklokros-1984","tag-ms-cyklokros-1991","tag-ms-tabor-2024","tag-radomir-simunek","global-categories-cycling"],"yoast_head":"<!-- This site is optimized with the Yoast SEO Premium plugin v25.3 (Yoast SEO v25.9) - https:\/\/yoast.com\/wordpress\/plugins\/seo\/ -->\n<title>Talent p\u0159etavil ve zlato, konec kari\u00e9ry ho uvrhl do temnoty | \u0160koda We Love Cycling - \u010cesk\u00e1 republika<\/title>\n<meta name=\"description\" content=\"Na dva amat\u00e9rsk\u00e9 tituly mistra sv\u011bta cyklokrosa\u0159 Radom\u00edr \u0160im\u016fnek bezprost\u0159edn\u011b po p\u00e1du \u017eelezn\u00e9 opony nav\u00e1zal i triumfem mezi profesion\u00e1ly. Sv\u011bt mu le\u017eel u nohou, z\u00e1hy v\u0161ak p\u0159i\u0161el krut\u00fd p\u00e1d. A nakonec i probl\u00e9my s\u00a0alkoholem, kter\u00e9 ukon\u010dily \u017eivot legend\u00e1rn\u00edho z\u00e1vodn\u00edka v\u00a0pouh\u00fdch 48 letech.\" \/>\n<meta name=\"robots\" content=\"index, follow, max-snippet:-1, max-image-preview:large, max-video-preview:-1\" \/>\n<link rel=\"canonical\" href=\"https:\/\/www.welovecycling.com\/cs\/2024\/01\/24\/radomir-simunek-pretavil-talent-ve-zlato-zlomil-ho-konec-kariery\/\" \/>\n<meta property=\"og:locale\" content=\"cs_CZ\" \/>\n<meta property=\"og:type\" content=\"article\" \/>\n<meta property=\"og:title\" content=\"Talent p\u0159etavil ve zlato, konec kari\u00e9ry ho uvrhl do temnoty\" \/>\n<meta property=\"og:description\" content=\"Na dva amat\u00e9rsk\u00e9 tituly mistra sv\u011bta cyklokrosa\u0159 Radom\u00edr \u0160im\u016fnek bezprost\u0159edn\u011b po p\u00e1du \u017eelezn\u00e9 opony nav\u00e1zal i triumfem mezi profesion\u00e1ly. Sv\u011bt mu le\u017eel u nohou, z\u00e1hy v\u0161ak p\u0159i\u0161el krut\u00fd p\u00e1d. A nakonec i probl\u00e9my s\u00a0alkoholem, kter\u00e9 ukon\u010dily \u017eivot legend\u00e1rn\u00edho z\u00e1vodn\u00edka v\u00a0pouh\u00fdch 48 letech.\" \/>\n<meta property=\"og:url\" content=\"https:\/\/www.welovecycling.com\/cs\/2024\/01\/24\/radomir-simunek-pretavil-talent-ve-zlato-zlomil-ho-konec-kariery\/\" \/>\n<meta property=\"og:site_name\" content=\"\u0160koda We Love Cycling - \u010cesk\u00e1 republika\" \/>\n<meta property=\"article:published_time\" content=\"2024-01-24T13:56:26+00:00\" \/>\n<meta property=\"article:modified_time\" content=\"2024-01-24T14:03:09+00:00\" \/>\n<meta property=\"og:image\" content=\"https:\/\/d2p6e6u75xmxt8.cloudfront.net\/13\/2024\/01\/profimedia-0670549721.webp\" \/>\n\t<meta property=\"og:image:width\" content=\"1800\" \/>\n\t<meta property=\"og:image:height\" content=\"1193\" \/>\n\t<meta property=\"og:image:type\" content=\"image\/webp\" \/>\n<meta name=\"author\" content=\"radekmalina\" \/>\n<meta name=\"twitter:card\" content=\"summary_large_image\" \/>\n<meta name=\"twitter:label1\" content=\"Written by\" \/>\n\t<meta name=\"twitter:data1\" content=\"Radek Malina\" \/>\n\t<meta name=\"twitter:label2\" content=\"Est. reading time\" \/>\n\t<meta name=\"twitter:data2\" content=\"7\" \/>\n<script type=\"application\/ld+json\" class=\"yoast-schema-graph\">{\"@context\":\"https:\/\/schema.org\",\"@graph\":[{\"@type\":\"WebPage\",\"@id\":\"https:\/\/www.welovecycling.com\/cs\/2024\/01\/24\/radomir-simunek-pretavil-talent-ve-zlato-zlomil-ho-konec-kariery\/\",\"url\":\"https:\/\/www.welovecycling.com\/cs\/2024\/01\/24\/radomir-simunek-pretavil-talent-ve-zlato-zlomil-ho-konec-kariery\/\",\"name\":\"Talent p\u0159etavil ve zlato, konec kari\u00e9ry ho uvrhl do temnoty | \u0160koda We Love Cycling - \u010cesk\u00e1 republika\",\"isPartOf\":{\"@id\":\"https:\/\/www.welovecycling.com\/cs\/#website\"},\"primaryImageOfPage\":{\"@id\":\"https:\/\/www.welovecycling.com\/cs\/2024\/01\/24\/radomir-simunek-pretavil-talent-ve-zlato-zlomil-ho-konec-kariery\/#primaryimage\"},\"image\":{\"@id\":\"https:\/\/www.welovecycling.com\/cs\/2024\/01\/24\/radomir-simunek-pretavil-talent-ve-zlato-zlomil-ho-konec-kariery\/#primaryimage\"},\"thumbnailUrl\":\"https:\/\/d2p6e6u75xmxt8.cloudfront.net\/13\/2024\/01\/profimedia-0670549721.webp\",\"datePublished\":\"2024-01-24T13:56:26+00:00\",\"dateModified\":\"2024-01-24T14:03:09+00:00\",\"author\":{\"@id\":\"https:\/\/www.welovecycling.com\/cs\/#\/schema\/person\/d9eeb0a378f3a7e4a6d12d2b536b04b8\"},\"description\":\"Na dva amat\u00e9rsk\u00e9 tituly mistra sv\u011bta cyklokrosa\u0159 Radom\u00edr \u0160im\u016fnek bezprost\u0159edn\u011b po p\u00e1du \u017eelezn\u00e9 opony nav\u00e1zal i triumfem mezi profesion\u00e1ly. Sv\u011bt mu le\u017eel u nohou, z\u00e1hy v\u0161ak p\u0159i\u0161el krut\u00fd p\u00e1d. A nakonec i probl\u00e9my s\u00a0alkoholem, kter\u00e9 ukon\u010dily \u017eivot legend\u00e1rn\u00edho z\u00e1vodn\u00edka v\u00a0pouh\u00fdch 48 letech.\",\"inLanguage\":\"cs\",\"potentialAction\":[{\"@type\":\"ReadAction\",\"target\":[\"https:\/\/www.welovecycling.com\/cs\/2024\/01\/24\/radomir-simunek-pretavil-talent-ve-zlato-zlomil-ho-konec-kariery\/\"]}]},{\"@type\":\"ImageObject\",\"inLanguage\":\"cs\",\"@id\":\"https:\/\/www.welovecycling.com\/cs\/2024\/01\/24\/radomir-simunek-pretavil-talent-ve-zlato-zlomil-ho-konec-kariery\/#primaryimage\",\"url\":\"https:\/\/d2p6e6u75xmxt8.cloudfront.net\/13\/2024\/01\/profimedia-0670549721.webp\",\"contentUrl\":\"https:\/\/d2p6e6u75xmxt8.cloudfront.net\/13\/2024\/01\/profimedia-0670549721.webp\",\"width\":1800,\"height\":1193,\"caption\":\"Radom\u00edr \u0160im\u016fnek\"},{\"@type\":\"WebSite\",\"@id\":\"https:\/\/www.welovecycling.com\/cs\/#website\",\"url\":\"https:\/\/www.welovecycling.com\/cs\/\",\"name\":\"\u0160koda We Love Cycling - \u010cesk\u00e1 republika\",\"description\":\"WeLoveCycling.cz je online magaz\u00edn, kter\u00fd v\u00e1m pravideln\u011b p\u0159in\u00e1\u0161\u00ed rady a tipy, zaj\u00edmav\u00e9 \u010dl\u00e1nky, videa a jedine\u010dn\u00e9 report\u00e1\u017ee ze sv\u011bta cyklistiky.\",\"potentialAction\":[{\"@type\":\"SearchAction\",\"target\":{\"@type\":\"EntryPoint\",\"urlTemplate\":\"https:\/\/www.welovecycling.com\/cs\/?s={search_term_string}\"},\"query-input\":{\"@type\":\"PropertyValueSpecification\",\"valueRequired\":true,\"valueName\":\"search_term_string\"}}],\"inLanguage\":\"cs\"},{\"@type\":\"Person\",\"@id\":\"https:\/\/www.welovecycling.com\/cs\/#\/schema\/person\/d9eeb0a378f3a7e4a6d12d2b536b04b8\",\"name\":\"radekmalina\",\"image\":{\"@type\":\"ImageObject\",\"inLanguage\":\"cs\",\"@id\":\"https:\/\/www.welovecycling.com\/cs\/#\/schema\/person\/image\/\",\"url\":\"https:\/\/secure.gravatar.com\/avatar\/66994b632cb8c39a46b9f54afa3ae07201b678d32a54275b6f1c9ffec356bfc0?s=96&d=mm&r=g\",\"contentUrl\":\"https:\/\/secure.gravatar.com\/avatar\/66994b632cb8c39a46b9f54afa3ae07201b678d32a54275b6f1c9ffec356bfc0?s=96&d=mm&r=g\",\"caption\":\"radekmalina\"},\"url\":\"https:\/\/www.welovecycling.com\/cs\/author\/radekmalina\/\"}]}<\/script>\n<!-- \/ Yoast SEO Premium plugin. -->","yoast_head_json":{"title":"Talent p\u0159etavil ve zlato, konec kari\u00e9ry ho uvrhl do temnoty | \u0160koda We Love Cycling - \u010cesk\u00e1 republika","description":"Na dva amat\u00e9rsk\u00e9 tituly mistra sv\u011bta cyklokrosa\u0159 Radom\u00edr \u0160im\u016fnek bezprost\u0159edn\u011b po p\u00e1du \u017eelezn\u00e9 opony nav\u00e1zal i triumfem mezi profesion\u00e1ly. Sv\u011bt mu le\u017eel u nohou, z\u00e1hy v\u0161ak p\u0159i\u0161el krut\u00fd p\u00e1d. A nakonec i probl\u00e9my s\u00a0alkoholem, kter\u00e9 ukon\u010dily \u017eivot legend\u00e1rn\u00edho z\u00e1vodn\u00edka v\u00a0pouh\u00fdch 48 letech.","robots":{"index":"index","follow":"follow","max-snippet":"max-snippet:-1","max-image-preview":"max-image-preview:large","max-video-preview":"max-video-preview:-1"},"canonical":"https:\/\/www.welovecycling.com\/cs\/2024\/01\/24\/radomir-simunek-pretavil-talent-ve-zlato-zlomil-ho-konec-kariery\/","og_locale":"cs_CZ","og_type":"article","og_title":"Talent p\u0159etavil ve zlato, konec kari\u00e9ry ho uvrhl do temnoty","og_description":"Na dva amat\u00e9rsk\u00e9 tituly mistra sv\u011bta cyklokrosa\u0159 Radom\u00edr \u0160im\u016fnek bezprost\u0159edn\u011b po p\u00e1du \u017eelezn\u00e9 opony nav\u00e1zal i triumfem mezi profesion\u00e1ly. Sv\u011bt mu le\u017eel u nohou, z\u00e1hy v\u0161ak p\u0159i\u0161el krut\u00fd p\u00e1d. A nakonec i probl\u00e9my s\u00a0alkoholem, kter\u00e9 ukon\u010dily \u017eivot legend\u00e1rn\u00edho z\u00e1vodn\u00edka v\u00a0pouh\u00fdch 48 letech.","og_url":"https:\/\/www.welovecycling.com\/cs\/2024\/01\/24\/radomir-simunek-pretavil-talent-ve-zlato-zlomil-ho-konec-kariery\/","og_site_name":"\u0160koda We Love Cycling - \u010cesk\u00e1 republika","article_published_time":"2024-01-24T13:56:26+00:00","article_modified_time":"2024-01-24T14:03:09+00:00","og_image":[{"width":1800,"height":1193,"url":"https:\/\/d2p6e6u75xmxt8.cloudfront.net\/13\/2024\/01\/profimedia-0670549721.webp","type":"image\/webp"}],"author":"radekmalina","twitter_card":"summary_large_image","twitter_misc":{"Written by":"Radek Malina","Est. reading time":"7"},"schema":{"@context":"https:\/\/schema.org","@graph":[{"@type":"WebPage","@id":"https:\/\/www.welovecycling.com\/cs\/2024\/01\/24\/radomir-simunek-pretavil-talent-ve-zlato-zlomil-ho-konec-kariery\/","url":"https:\/\/www.welovecycling.com\/cs\/2024\/01\/24\/radomir-simunek-pretavil-talent-ve-zlato-zlomil-ho-konec-kariery\/","name":"Talent p\u0159etavil ve zlato, konec kari\u00e9ry ho uvrhl do temnoty | \u0160koda We Love Cycling - \u010cesk\u00e1 republika","isPartOf":{"@id":"https:\/\/www.welovecycling.com\/cs\/#website"},"primaryImageOfPage":{"@id":"https:\/\/www.welovecycling.com\/cs\/2024\/01\/24\/radomir-simunek-pretavil-talent-ve-zlato-zlomil-ho-konec-kariery\/#primaryimage"},"image":{"@id":"https:\/\/www.welovecycling.com\/cs\/2024\/01\/24\/radomir-simunek-pretavil-talent-ve-zlato-zlomil-ho-konec-kariery\/#primaryimage"},"thumbnailUrl":"https:\/\/d2p6e6u75xmxt8.cloudfront.net\/13\/2024\/01\/profimedia-0670549721.webp","datePublished":"2024-01-24T13:56:26+00:00","dateModified":"2024-01-24T14:03:09+00:00","author":{"@id":"https:\/\/www.welovecycling.com\/cs\/#\/schema\/person\/d9eeb0a378f3a7e4a6d12d2b536b04b8"},"description":"Na dva amat\u00e9rsk\u00e9 tituly mistra sv\u011bta cyklokrosa\u0159 Radom\u00edr \u0160im\u016fnek bezprost\u0159edn\u011b po p\u00e1du \u017eelezn\u00e9 opony nav\u00e1zal i triumfem mezi profesion\u00e1ly. Sv\u011bt mu le\u017eel u nohou, z\u00e1hy v\u0161ak p\u0159i\u0161el krut\u00fd p\u00e1d. A nakonec i probl\u00e9my s\u00a0alkoholem, kter\u00e9 ukon\u010dily \u017eivot legend\u00e1rn\u00edho z\u00e1vodn\u00edka v\u00a0pouh\u00fdch 48 letech.","inLanguage":"cs","potentialAction":[{"@type":"ReadAction","target":["https:\/\/www.welovecycling.com\/cs\/2024\/01\/24\/radomir-simunek-pretavil-talent-ve-zlato-zlomil-ho-konec-kariery\/"]}]},{"@type":"ImageObject","inLanguage":"cs","@id":"https:\/\/www.welovecycling.com\/cs\/2024\/01\/24\/radomir-simunek-pretavil-talent-ve-zlato-zlomil-ho-konec-kariery\/#primaryimage","url":"https:\/\/d2p6e6u75xmxt8.cloudfront.net\/13\/2024\/01\/profimedia-0670549721.webp","contentUrl":"https:\/\/d2p6e6u75xmxt8.cloudfront.net\/13\/2024\/01\/profimedia-0670549721.webp","width":1800,"height":1193,"caption":"Radom\u00edr \u0160im\u016fnek"},{"@type":"WebSite","@id":"https:\/\/www.welovecycling.com\/cs\/#website","url":"https:\/\/www.welovecycling.com\/cs\/","name":"\u0160koda We Love Cycling - \u010cesk\u00e1 republika","description":"WeLoveCycling.cz je online magaz\u00edn, kter\u00fd v\u00e1m pravideln\u011b p\u0159in\u00e1\u0161\u00ed rady a tipy, zaj\u00edmav\u00e9 \u010dl\u00e1nky, videa a jedine\u010dn\u00e9 report\u00e1\u017ee ze sv\u011bta cyklistiky.","potentialAction":[{"@type":"SearchAction","target":{"@type":"EntryPoint","urlTemplate":"https:\/\/www.welovecycling.com\/cs\/?s={search_term_string}"},"query-input":{"@type":"PropertyValueSpecification","valueRequired":true,"valueName":"search_term_string"}}],"inLanguage":"cs"},{"@type":"Person","@id":"https:\/\/www.welovecycling.com\/cs\/#\/schema\/person\/d9eeb0a378f3a7e4a6d12d2b536b04b8","name":"radekmalina","image":{"@type":"ImageObject","inLanguage":"cs","@id":"https:\/\/www.welovecycling.com\/cs\/#\/schema\/person\/image\/","url":"https:\/\/secure.gravatar.com\/avatar\/66994b632cb8c39a46b9f54afa3ae07201b678d32a54275b6f1c9ffec356bfc0?s=96&d=mm&r=g","contentUrl":"https:\/\/secure.gravatar.com\/avatar\/66994b632cb8c39a46b9f54afa3ae07201b678d32a54275b6f1c9ffec356bfc0?s=96&d=mm&r=g","caption":"radekmalina"},"url":"https:\/\/www.welovecycling.com\/cs\/author\/radekmalina\/"}]}},"_links":{"self":[{"href":"https:\/\/www.welovecycling.com\/cs\/wp-json\/wp\/v2\/posts\/24602","targetHints":{"allow":["GET"]}}],"collection":[{"href":"https:\/\/www.welovecycling.com\/cs\/wp-json\/wp\/v2\/posts"}],"about":[{"href":"https:\/\/www.welovecycling.com\/cs\/wp-json\/wp\/v2\/types\/post"}],"author":[{"embeddable":true,"href":"https:\/\/www.welovecycling.com\/cs\/wp-json\/wp\/v2\/users\/138"}],"replies":[{"embeddable":true,"href":"https:\/\/www.welovecycling.com\/cs\/wp-json\/wp\/v2\/comments?post=24602"}],"version-history":[{"count":6,"href":"https:\/\/www.welovecycling.com\/cs\/wp-json\/wp\/v2\/posts\/24602\/revisions"}],"predecessor-version":[{"id":24611,"href":"https:\/\/www.welovecycling.com\/cs\/wp-json\/wp\/v2\/posts\/24602\/revisions\/24611"}],"wp:featuredmedia":[{"embeddable":true,"href":"https:\/\/www.welovecycling.com\/cs\/wp-json\/wp\/v2\/media\/24604"}],"wp:attachment":[{"href":"https:\/\/www.welovecycling.com\/cs\/wp-json\/wp\/v2\/media?parent=24602"}],"wp:term":[{"taxonomy":"category","embeddable":true,"href":"https:\/\/www.welovecycling.com\/cs\/wp-json\/wp\/v2\/categories?post=24602"},{"taxonomy":"post_tag","embeddable":true,"href":"https:\/\/www.welovecycling.com\/cs\/wp-json\/wp\/v2\/tags?post=24602"},{"taxonomy":"global-categories","embeddable":true,"href":"https:\/\/www.welovecycling.com\/cs\/wp-json\/wp\/v2\/global-categories?post=24602"}],"curies":[{"name":"wp","href":"https:\/\/api.w.org\/{rel}","templated":true}]}}