{"id":24592,"date":"2024-01-23T11:49:46","date_gmt":"2024-01-23T09:49:46","guid":{"rendered":"https:\/\/www.welovecycling.com\/cs\/?p=24592"},"modified":"2024-01-23T11:50:28","modified_gmt":"2024-01-23T09:50:28","slug":"mezi-amatery-jeste-nepatrim-komentuje-jaroslav-kulhavy-comeback","status":"publish","type":"post","link":"https:\/\/www.welovecycling.com\/cs\/2024\/01\/23\/mezi-amatery-jeste-nepatrim-komentuje-jaroslav-kulhavy-comeback\/","title":{"rendered":"Mezi amat\u00e9ry je\u0161t\u011b nepat\u0159\u00edm, komentuje Jaroslav Kulhav\u00fd comeback"},"content":{"rendered":"<p><strong>N\u00e1vrat mezi elitu. A se v\u0161\u00ed par\u00e1dou na nejt\u011b\u017e\u0161\u00ed etapov\u00fd z\u00e1vod planety! Jaroslav Kulhav\u00fd, olympijsk\u00fd \u0161ampion, se vrac\u00ed do sv\u011bta bik\u016f. Po roce a p\u016fl mimo sc\u00e9nu, kdy se v\u00a0sezon\u011b 2023 v\u011bnoval triatlonu.<\/strong><\/p>\n<p>P\u0159ed rokem a p\u016fl se rozlou\u010dil s\u00a0profesion\u00e1ln\u00ed kari\u00e9rou. \u201eHlava by cht\u011bla, ale t\u011blo u\u017e m\u00e1 dost. Jednou m\u011b zastav\u00ed z\u00e1da, podruh\u00e9 svalov\u00e9 zran\u011bn\u00ed,\u201c vysv\u011btloval tehdy odchod borec, kter\u00fd vyhr\u00e1l prakticky v\u0161echno, co se na horsk\u00e9m kole vyhr\u00e1t d\u00e1t. Ale nyn\u00ed se rozhodl pl\u00e1ny p\u0159ehodnotit\u2026<\/p>\n<h2><strong>Pro\u010d se Jaroslav Kulhav\u00fd po roce a p\u016fl vypln\u011bn\u00e9m z\u00e1vody v\u00a0triatlonu, vrac\u00ed do sv\u011bta horsk\u00fdch kol?<\/strong><\/h2>\n<p>P\u0159ed rokem jsem zalo\u017eil vlastn\u00ed t\u00fdm, kde jsou p\u0159ev\u00e1\u017en\u011b mlad\u00ed jezdci od n\u00e1s z\u00a0Beskyd, respektive Moravskoslezsk\u00e9ho kraje. P\u0159ed nadch\u00e1zej\u00edc\u00ed sezonou jsme projekt je\u0161t\u011b roz\u0161\u00ed\u0159ili p\u0159edev\u0161\u00edm o jezdce na horsk\u00fdch kolech\u2026 P\u00e9\u010de o projekt si \u017e\u00e1d\u00e1 hodn\u011b \u010dasu. J\u00e1 se v\u011bnoval triatlonu, kde jsem necht\u011bl b\u00fdt jen do po\u010dtu. A z\u00e1vodit na \u00farovni vy\u017eaduje hodn\u011b velkou \u010dasovou n\u00e1ro\u010dnost z\u00a0hlediska tr\u00e9ninku rozli\u010dn\u00fdch discipl\u00edn. Zdrav\u00ed dr\u017e\u00ed, na d\u016fchod se je\u0161t\u011b nec\u00edt\u00edm, tak\u017ee n\u00e1vrat k\u00a0bik\u016fm s\u00a0ohledem na pot\u0159eby t\u00fdmu byl p\u0159irozen\u00fd. Nav\u00edc jsem svoje \u00fasil\u00ed spojil j\u00e1 i m\u016fj t\u00fdm se Superiorem, kde se budu pod\u00edlet na v\u00fdvoji a sou\u010dasn\u011b budu ambasadorem zna\u010dky z Kop\u0159\u00edvnice. Firma je dvacet kilometr\u016f od m\u00e9ho domova. Partnerstv\u00ed p\u0159ineslo m\u00e9mu \u00fasil\u00ed \u00fapln\u011b jin\u00fd n\u00e1dech.<\/p>\n<h2><strong>Comeback v\u00a0dev\u011btat\u0159iceti letech, po v\u0161ech zdravotn\u00edch probl\u00e9mech\u2026 Nejde tro\u0161ku o hazard s\u00a0vizitkou olympijsk\u00e9ho \u0161ampiona?<\/strong><\/h2>\n<p>Je fakt, \u017ee \u010dlov\u011bk se ob\u010das mus\u00ed pod\u00edvat do ob\u010danky\u2026 U\u017e se ale nepova\u017euju za profesion\u00e1la, i kdy\u017e mezi nimi st\u00e1le z\u00e1vod\u00edm. V\u00a0minul\u00e9m roce jsem jel mistrovstv\u00ed republiky v\u00a0cross country bez speci\u00e1ln\u00edho tr\u00e9ninku a dojel jsem i s defektem sedm\u00fd. T\u011b\u0161ilo m\u011b, b\u00fdt mezi sv\u00fdmi. Nejezd\u00edm na z\u00e1vody, abych se honil za vlastn\u00edmi ambicemi. Ale po\u0159\u00e1d se um\u00edm p\u0159ipravit na limit, z\u00faro\u010dit zku\u0161enosti. V\u00fdkonnost st\u00e1le m\u00e1m, ale u\u017e nem\u016f\u017eu z\u00e1vodit ka\u017ed\u00fd v\u00edkend. Vybral jsem si ur\u010dit\u00e9 z\u00e1vody, na n\u011b\u017e se p\u0159iprav\u00edm stoprocentn\u011b. A pak se vr\u00e1t\u00edm do sv\u00e9ho voln\u011bj\u0161\u00edho m\u00f3du, abych se dal do po\u0159\u00e1dku a jen tr\u00e9noval.<\/p>\n<figure id=\"attachment_24597\" aria-describedby=\"caption-attachment-24597\" style=\"width: 1920px\" class=\"wp-caption alignnone\"><a href=\"https:\/\/d2p6e6u75xmxt8.cloudfront.net\/13\/2024\/01\/Jaroslav-Kulhavy-X-Superior_2-scaled.webp\"><img loading=\"lazy\" decoding=\"async\" class=\"size-extra-large wp-image-24597\" src=\"https:\/\/d2p6e6u75xmxt8.cloudfront.net\/13\/2024\/01\/Jaroslav-Kulhavy-X-Superior_2-1920x1280.webp\" alt=\"Jaroslav Kulhav\u00fd se po roce a p\u016fl vrac\u00ed do sv\u011bta horsk\u00fdch kol. \" width=\"1920\" height=\"1280\" srcset=\"https:\/\/d2p6e6u75xmxt8.cloudfront.net\/13\/2024\/01\/Jaroslav-Kulhavy-X-Superior_2-1920x1280.webp 1920w, https:\/\/d2p6e6u75xmxt8.cloudfront.net\/13\/2024\/01\/Jaroslav-Kulhavy-X-Superior_2-300x200.webp 300w, https:\/\/d2p6e6u75xmxt8.cloudfront.net\/13\/2024\/01\/Jaroslav-Kulhavy-X-Superior_2-1024x683.webp 1024w, https:\/\/d2p6e6u75xmxt8.cloudfront.net\/13\/2024\/01\/Jaroslav-Kulhavy-X-Superior_2-768x512.webp 768w, https:\/\/d2p6e6u75xmxt8.cloudfront.net\/13\/2024\/01\/Jaroslav-Kulhavy-X-Superior_2-1536x1024.webp 1536w, https:\/\/d2p6e6u75xmxt8.cloudfront.net\/13\/2024\/01\/Jaroslav-Kulhavy-X-Superior_2-2048x1365.webp 2048w, https:\/\/d2p6e6u75xmxt8.cloudfront.net\/13\/2024\/01\/Jaroslav-Kulhavy-X-Superior_2-400x267.webp 400w, https:\/\/d2p6e6u75xmxt8.cloudfront.net\/13\/2024\/01\/Jaroslav-Kulhavy-X-Superior_2-272x182.webp 272w, https:\/\/d2p6e6u75xmxt8.cloudfront.net\/13\/2024\/01\/Jaroslav-Kulhavy-X-Superior_2-1920x1280.webp 1920w\" sizes=\"auto, (max-width: 1920px) 100vw, 1920px\" \/><\/a><figcaption id=\"caption-attachment-24597\" class=\"wp-caption-text\"><em>Jaroslav Kulhav\u00fd se po roce a p\u016fl vrac\u00ed do sv\u011bta horsk\u00fdch kol. Foto: Superior (2x)<\/em><\/figcaption><\/figure>\n<h2><strong>Co p\u0159esn\u011b si pod t\u00edm mohou fanou\u0161ci p\u0159edstavit?<\/strong><\/h2>\n<p>Jsem takov\u00fd ob\u010dasn\u00fd profesion\u00e1l. Nejsem v situaci, \u017ee bych se zam\u011b\u0159il jenom na sport, regeneraci a sp\u00e1nek. M\u016fj \u017eivot se zm\u011bnil. Na soust\u0159ed\u011bn\u00ed to je\u0161t\u011b jde. Ale doma je di\u00e1\u0159 hodn\u011b nabit\u00fd. Nem\u00e1m sice pevnou pracovn\u00ed dobu, ale u\u017e se prim\u00e1rn\u011b v\u011bnuji mimosportovn\u00edm pracovn\u00edm aktivit\u00e1m. Pak je teprve prostor na tr\u00e9nink. \u010casto se mi stane, \u017ee t\u0159eba \u010das na kole mus\u00edm o hodinu zkr\u00e1tit, a pak doh\u00e1n\u00edm tr\u00e9ninkov\u00e9 manko ve\u010der. Z\u00a0hlediska organizace \u010dasu je nyn\u00ed v\u0161e n\u00e1ro\u010dn\u011bj\u0161\u00ed. Ale v\u00a0p\u0159\u00edpad\u011b st\u011b\u017eejn\u00edch sportovn\u00edch akc\u00ed bude tr\u00e9nink prioritou. Lid\u00e9 m\u011b ur\u010dit\u011b neuvid\u00ed ve startovn\u00ed listin\u011b na z\u00e1vodech ka\u017ed\u00fd v\u00edkend, ale sou\u010dasn\u011b ur\u010dit\u011b je\u0161t\u011b nepat\u0159\u00edm mezi amat\u00e9ry.<\/p>\n<h2><strong>Jak\u00e9 bude m\u00edt tedy ambice Jaroslav Kulhav\u00fd do sezony 2024?<\/strong><\/h2>\n<p>Z\u00e1vodn\u00ed pole se dramaticky prom\u011bnilo. A\u0165 u\u017e v\u00a0cross country nebo v\u00a0maratonu. Spousta m\u00fdch vrstevn\u00edk\u016f ukon\u010dila kari\u00e9ru, nastupuj\u00ed mlad\u00ed kluci. <a href=\"https:\/\/www.welovecycling.com\/cs\/2022\/09\/22\/jaroslav-kulhavy-odchazi-muz-ktery-zmenil-cyklistiku-v-cesku\/\">J\u00e1 chci z\u016fstat v\u00a0kontaktu se \u0161pi\u010dkou<\/a> a nechat se porazit co nejmen\u0161\u00edm po\u010dtem mlad\u00fdch. Ur\u010dit\u011b se nebudu n\u011bkde strkat a loktovat, sp\u00ed\u0161e vyu\u017eiji zku\u0161enosti. Nav\u00edc m\u00e1m v\u00a0sob\u011b dost \u017eeleza po dvou zlomenin\u00e1ch ze z\u00e1v\u011bru lo\u0148sk\u00e9 sezony\u2026<\/p>\n<div class=\"shortcode-ys-post-pinup\"><article class=\"loop-simple post-24566 post type-post status-publish format-standard has-post-thumbnail hentry category-silnicni-cyklistika tag-bora-hansgrohe tag-cyklistika tag-primoz-roglic tag-red-bull tag-remco-evenepoel tag-silnicni-cyklistika tag-tour-de-france tag-wout-van-aert global-categories-cycling\" data-postid=\"24566\" role=\"article\" data-post-id=\"24566\" data-word-count=\"398\" data-headline-length=\"74\" data-category=\"Silni\u010dn\u00ed cyklistika\" data-global-category=\"Cycling\" data-author=\"We Love Cycling\" data-published=\"2024-01-21T06:00:35+02:00\" data-published-day=\"Sunday\">\n    <div class=\"entry-thumbnail article-thumbnail\" content=\"https:\/\/d2p6e6u75xmxt8.cloudfront.net\/13\/2022\/07\/wout-van-aert-profimedia-0699064005-150x150.webp\"><a href=\"https:\/\/www.welovecycling.com\/cs\/2024\/01\/21\/tym-gigantu-ktery-nema-obdoby-zpusobi-nove-partnerstvi-revoluci\/\" class=\"image-holder\" target=\"_self\"><img decoding=\"async\" loading=\"lazy\" class=\"\" src=\"https:\/\/d2p6e6u75xmxt8.cloudfront.net\/13\/2022\/07\/wout-van-aert-profimedia-0699064005-1024x683.webp\" srcset=\"https:\/\/d2p6e6u75xmxt8.cloudfront.net\/13\/2022\/07\/wout-van-aert-profimedia-0699064005.webp 1800w, https:\/\/d2p6e6u75xmxt8.cloudfront.net\/13\/2022\/07\/wout-van-aert-profimedia-0699064005-300x200.webp 300w, https:\/\/d2p6e6u75xmxt8.cloudfront.net\/13\/2022\/07\/wout-van-aert-profimedia-0699064005-1024x683.webp 1024w, https:\/\/d2p6e6u75xmxt8.cloudfront.net\/13\/2022\/07\/wout-van-aert-profimedia-0699064005-768x512.webp 768w, https:\/\/d2p6e6u75xmxt8.cloudfront.net\/13\/2022\/07\/wout-van-aert-profimedia-0699064005-1536x1024.webp 1536w, https:\/\/d2p6e6u75xmxt8.cloudfront.net\/13\/2022\/07\/wout-van-aert-profimedia-0699064005-272x182.webp 272w\" width=\"1024\" height=\"683\" sizes=\"auto, (min-width: 1200px) 300px, (min-width: 768px) 25vw, 100vw\" alt=\"tym-gigantu-ktery-nema-obdoby-zpusobi-nove-partnerstvi-revoluci\"\/><\/a><\/div>    <div class=\"entry-meta\">\n        <a class=\"label label-secondary post-category\" href=\"https:\/\/www.welovecycling.com\/cs\/category\/silnicni-cyklistika\/\" title=\"Silni\u010dn\u00ed cyklistika\">Silni\u010dn\u00ed cyklistika<\/a>\n    <\/div>\n    <div class=\"entry-details\">\n        <a href=\"https:\/\/www.welovecycling.com\/cs\/2024\/01\/21\/tym-gigantu-ktery-nema-obdoby-zpusobi-nove-partnerstvi-revoluci\/\" class='entry-title-wrapper'>\n            <h3 class=\"entry-title\"><span>T\u00fdm gigant\u016f, kter\u00fd nem\u00e1 obdoby? Zp\u016fsob\u00ed nov\u00e9 partnerstv\u00ed revoluci?<\/span><\/h3>\n        <\/a>\n    <\/div>\n    <\/article>\n<\/div>\n<h2><strong>Tak\u017ee se spokoj\u00edte jenom s\u00a0\u00fa\u010dast\u00ed? Se startem ve vybran\u00fdch z\u00e1vodech?<\/strong><\/h2>\n<p>Ne, to ur\u010dit\u011b ne. To nem\u00e1m v\u00a0povaze. V\u017edy m\u00e1m n\u011bjakou v\u00fdzvu\u2026<\/p>\n<h2><strong>Prvn\u00edm vrcholem bude Cape Epic, nejt\u011b\u017e\u0161\u00ed etapov\u00fd z\u00e1vod v\u00a0Jihoafrick\u00e9 republice v\u00a0druh\u00e9 polovin\u011b b\u0159ezna. Z\u00e1vod jste t\u0159ikr\u00e1t vyhr\u00e1l. Jak\u00e9 budou c\u00edle nyn\u00ed v\u00a0dev\u011btat\u0159iceti letech po \u010dty\u0159ech sezon\u00e1ch, kdy jste z\u00e1vod nejel?<\/strong><\/h2>\n<p>Jet na maximum. Ur\u010dit\u011b nechceme b\u00fdt jen do po\u010dtu. V\u00a0Africe jsem byl naposledy v\u00a0roce 2020, kdy Cape Epic dva dny p\u0159ed startem zru\u0161ili kv\u016fli pandemii covidu. Elitn\u00ed des\u00edtka v\u00a0kone\u010dn\u00e9m po\u0159ad\u00ed bude super. Ur\u010dit\u011b se pokus\u00edme jet na v\u00edt\u011bzstv\u00ed ve vybran\u00e9 etap\u011b. Budu v\u00a0roli kapit\u00e1na na\u0161eho t\u00fdmu s\u00a0Filipem Adelem. Na rozjet\u00ed si d\u00e1me n\u011bkolik z\u00e1vodu na Kypru, abychom fin\u00e1ln\u011b otestovali materi\u00e1l. Je t\u0159eba odjet p\u0159ed Cape Epic kilometry v\u00a0z\u00e1vodn\u00edm tempu. Na Kypru jsou p\u011bkn\u00e9 trat\u011b, technick\u00e9, s\u00a0podobn\u00fdm povrchem. M\u00e1m za sebou dva tr\u00e9ninkov\u00e9 kempy ve \u0160pan\u011blsku, je\u0161t\u011b jeden m\u011b ur\u010dit\u011b \u010dek\u00e1.<\/p>\n<p><a href=\"https:\/\/d2p6e6u75xmxt8.cloudfront.net\/13\/2024\/01\/Jaroslav-Kulhavy-X-Superior_4.webp\"><img loading=\"lazy\" decoding=\"async\" class=\"alignnone size-extra-large wp-image-24595\" src=\"https:\/\/d2p6e6u75xmxt8.cloudfront.net\/13\/2024\/01\/Jaroslav-Kulhavy-X-Superior_4-1920x1280.webp\" alt=\"\" width=\"1920\" height=\"1280\" srcset=\"https:\/\/d2p6e6u75xmxt8.cloudfront.net\/13\/2024\/01\/Jaroslav-Kulhavy-X-Superior_4-1920x1280.webp 1920w, https:\/\/d2p6e6u75xmxt8.cloudfront.net\/13\/2024\/01\/Jaroslav-Kulhavy-X-Superior_4-300x200.webp 300w, https:\/\/d2p6e6u75xmxt8.cloudfront.net\/13\/2024\/01\/Jaroslav-Kulhavy-X-Superior_4-1024x683.webp 1024w, https:\/\/d2p6e6u75xmxt8.cloudfront.net\/13\/2024\/01\/Jaroslav-Kulhavy-X-Superior_4-768x512.webp 768w, https:\/\/d2p6e6u75xmxt8.cloudfront.net\/13\/2024\/01\/Jaroslav-Kulhavy-X-Superior_4-1536x1024.webp 1536w, https:\/\/d2p6e6u75xmxt8.cloudfront.net\/13\/2024\/01\/Jaroslav-Kulhavy-X-Superior_4-400x267.webp 400w, https:\/\/d2p6e6u75xmxt8.cloudfront.net\/13\/2024\/01\/Jaroslav-Kulhavy-X-Superior_4-272x182.webp 272w, https:\/\/d2p6e6u75xmxt8.cloudfront.net\/13\/2024\/01\/Jaroslav-Kulhavy-X-Superior_4.webp 2048w, https:\/\/d2p6e6u75xmxt8.cloudfront.net\/13\/2024\/01\/Jaroslav-Kulhavy-X-Superior_4-1920x1280.webp 1920w\" sizes=\"auto, (max-width: 1920px) 100vw, 1920px\" \/><\/a><\/p>\n<h2><strong>M\u00e1te u\u017e jasno i o dal\u0161\u00edch z\u00e1vodech?<\/strong><\/h2>\n<p>Maraton b\u011bhem sv\u011btov\u00e9ho poh\u00e1ru v Nov\u00e9m M\u011bst\u011b na Morav\u011b. Ur\u010dit\u011b mistrovstv\u00ed republiky. V maratonu i v cross country. Chci jet n\u011bjak\u00fd z\u00e1vod Sv\u011btov\u00e9 s\u00e9rie, abych si to vyzkou\u0161el. A v \u0159\u00edjnu pak mistrovstv\u00ed sv\u011bta. Dal\u0161\u00ed program se teprve ur\u010d\u00ed.<\/p>\n<div class=\"shortcode-ys-post-pinup\"><article class=\"loop-simple post-24538 post type-post status-publish format-standard has-post-thumbnail hentry category-cyklokros tag-3385 tag-cestmir-kalas tag-cyklistika tag-cyklokros tag-kalas-sportswear tag-kristyna-zemanova tag-michael-boros tag-ms-tabor-2024 tag-tabor-2024 tag-trener-reprezentace tag-world-championship tag-zdenek-stybar global-categories-cycling\" data-postid=\"24538\" role=\"article\" data-post-id=\"24538\" data-word-count=\"908\" data-headline-length=\"110\" data-category=\"Cyklokros\" data-global-category=\"Cycling\" data-author=\"Radek Malina\" data-published=\"2024-01-16T13:21:34+02:00\" data-published-day=\"Tuesday\">\n    <div class=\"entry-thumbnail article-thumbnail\" content=\"https:\/\/d2p6e6u75xmxt8.cloudfront.net\/13\/2024\/01\/kalAS-S-150x150.webp\"><a href=\"https:\/\/www.welovecycling.com\/cs\/2024\/01\/16\/pasovani-galusek-dovoz-prehazovacek-a-pohadkove-prize-money-jak-se-zrodil-fenomen-jmenem-cyklokros\/\" class=\"image-holder\" target=\"_self\"><img decoding=\"async\" loading=\"lazy\" class=\"\" src=\"https:\/\/d2p6e6u75xmxt8.cloudfront.net\/13\/2024\/01\/kalAS-S-1024x683.webp\" srcset=\"https:\/\/d2p6e6u75xmxt8.cloudfront.net\/13\/2024\/01\/kalAS-S-scaled.webp 2560w, https:\/\/d2p6e6u75xmxt8.cloudfront.net\/13\/2024\/01\/kalAS-S-300x200.webp 300w, https:\/\/d2p6e6u75xmxt8.cloudfront.net\/13\/2024\/01\/kalAS-S-1024x683.webp 1024w, https:\/\/d2p6e6u75xmxt8.cloudfront.net\/13\/2024\/01\/kalAS-S-768x512.webp 768w, https:\/\/d2p6e6u75xmxt8.cloudfront.net\/13\/2024\/01\/kalAS-S-1536x1024.webp 1536w, https:\/\/d2p6e6u75xmxt8.cloudfront.net\/13\/2024\/01\/kalAS-S-2048x1366.webp 2048w, https:\/\/d2p6e6u75xmxt8.cloudfront.net\/13\/2024\/01\/kalAS-S-1920x1280.webp 1920w, https:\/\/d2p6e6u75xmxt8.cloudfront.net\/13\/2024\/01\/kalAS-S-400x267.webp 400w, https:\/\/d2p6e6u75xmxt8.cloudfront.net\/13\/2024\/01\/kalAS-S-272x182.webp 272w, https:\/\/d2p6e6u75xmxt8.cloudfront.net\/13\/2024\/01\/kalAS-S-1920x1280.webp 1920w\" width=\"1024\" height=\"683\" sizes=\"auto, (min-width: 1200px) 300px, (min-width: 768px) 25vw, 100vw\" alt=\"pasovani-galusek-dovoz-prehazovacek-a-pohadkove-prize-money-jak-se-zrodil-fenomen-jmenem-cyklokros\"\/><\/a><\/div>    <div class=\"entry-meta\">\n        <a class=\"label label-secondary post-category\" href=\"https:\/\/www.welovecycling.com\/cs\/category\/cyklokros\/\" title=\"Cyklokros\">Cyklokros<\/a>\n    <\/div>\n    <div class=\"entry-details\">\n        <a href=\"https:\/\/www.welovecycling.com\/cs\/2024\/01\/16\/pasovani-galusek-dovoz-prehazovacek-a-pohadkove-prize-money-jak-se-zrodil-fenomen-jmenem-cyklokros\/\" class='entry-title-wrapper'>\n            <h3 class=\"entry-title\"><span>Pa\u0161ov\u00e1n\u00ed galusek, dovoz p\u0159ehazova\u010dek a poh\u00e1dkov\u00e9 prize money. Jak se zrodil fenom\u00e9n jm\u00e9nem cyklokros?<\/span><\/h3>\n        <\/a>\n    <\/div>\n    <\/article>\n<\/div>\n<h2><strong>Sv\u011btov\u00fd \u0161ampion\u00e1t v\u00a0gravelu se pojede v\u00a0Belgii, \u00fa\u010dast u\u017e ohl\u00e1sili Wout van Aert, Marthieu van der Poel. Je pro v\u00e1s \u00fa\u010dast velkou motivac\u00ed do p\u0159\u00edpravy?<\/strong><\/h2>\n<p>Bude to obrovsk\u00e1 show. P\u00e1r z\u00e1vod\u016f na gravelu jsem absolvoval. Kolo vych\u00e1z\u00ed vlastn\u011b z\u00a0cyklokrosov\u00e9ho, ale trat\u011b jsou hodn\u011b jin\u00e9. Z\u00e1le\u017e\u00ed v\u017edy na organiz\u00e1torech, jestli vyberou technicky n\u00e1ro\u010dn\u011bj\u0161\u00ed nebo sp\u00ed\u0161e n\u011bco sm\u011brem k\u00a0silni\u010dn\u00ed klasice. Ob\u010das nechyb\u00ed v\u00a0itiner\u00e1\u0159i bikov\u00e9 \u00faseky. Pojede se v\u00a0lokalit\u011b Brabantsk\u00e9ho \u0161\u00edpu a mysl\u00edm, \u017ee nejsem jako biker bez \u0161ance na n\u011bjak\u00fd zaj\u00edmav\u00fd v\u00fdsledek. Ka\u017edop\u00e1dn\u011b zm\u00edn\u011bn\u00e9 hv\u011bzdy pojedou asi op\u011bt jinou ligu, o tom nem\u00e1m iluze. I tak p\u016fjde o p\u011bkn\u00fd z\u00e1vod a t\u011b\u0161\u00edm se na srovn\u00e1n\u00ed s\u00a0jezdci z\u00a0r\u016fzn\u00fdch discipl\u00edn. Alban Lakata, \u0161pi\u010dkov\u00fd maratonec, s\u00a0n\u00edm\u017e jsem roky z\u00e1vodil, dojel minul\u00fd rok v\u00a0konkurenci silni\u010dn\u00edch cyklist\u016f a specialist\u016f na gravel \u010dtrn\u00e1ct\u00fd. A je mu p\u0159es \u010dty\u0159icet.<\/p>\n<p><em>Tituln\u00ed foto: Michal \u010cerven\u00fd<\/em><\/p>\n","protected":false},"excerpt":{"rendered":"<p>N\u00e1vrat mezi elitu. A se v\u0161\u00ed par\u00e1dou na nejt\u011b\u017e\u0161\u00ed etapov\u00fd z\u00e1vod planety! Jaroslav Kulhav\u00fd, olympijsk\u00fd \u0161ampion, se vrac\u00ed do sv\u011bta [&hellip;]<\/p>\n","protected":false},"author":138,"featured_media":24594,"comment_status":"open","ping_status":"open","sticky":false,"template":"","format":"standard","meta":{"footnotes":""},"categories":[11],"tags":[836,3395,847,157,2001,57,234,1154,12,3396],"global-categories":[411],"class_list":["post-24592","post","type-post","status-publish","format-standard","has-post-thumbnail","hentry","category-horska-cyklistika","tag-cape-epic","tag-cape-epic-2024","tag-comeback","tag-cross-country","tag-gravel","tag-horska-kola","tag-jaroslav-kulhavy","tag-mistrovstvi-sveta","tag-mtb","tag-superior","global-categories-cycling"],"yoast_head":"<!-- This site is optimized with the Yoast SEO Premium plugin v25.3 (Yoast SEO v25.9) - https:\/\/yoast.com\/wordpress\/plugins\/seo\/ -->\n<title>Mezi amat\u00e9ry je\u0161t\u011b nepat\u0159\u00edm, komentuje Jaroslav Kulhav\u00fd comeback | \u0160koda We Love Cycling - \u010cesk\u00e1 republika<\/title>\n<meta name=\"description\" content=\"N\u00e1vrat mezi elitu. A se v\u0161\u00ed par\u00e1dou na nejt\u011b\u017e\u0161\u00ed etapov\u00fd z\u00e1vod planety! Jaroslav Kulhav\u00fd, olympijsk\u00fd \u0161ampion, se vrac\u00ed do sv\u011bta bik\u016f.\" \/>\n<meta name=\"robots\" content=\"index, follow, max-snippet:-1, max-image-preview:large, max-video-preview:-1\" \/>\n<link rel=\"canonical\" href=\"https:\/\/www.welovecycling.com\/cs\/2024\/01\/23\/mezi-amatery-jeste-nepatrim-komentuje-jaroslav-kulhavy-comeback\/\" \/>\n<meta property=\"og:locale\" content=\"cs_CZ\" \/>\n<meta property=\"og:type\" content=\"article\" \/>\n<meta property=\"og:title\" content=\"Mezi amat\u00e9ry je\u0161t\u011b nepat\u0159\u00edm, komentuje Jaroslav Kulhav\u00fd comeback\" \/>\n<meta property=\"og:description\" content=\"N\u00e1vrat mezi elitu. A se v\u0161\u00ed par\u00e1dou na nejt\u011b\u017e\u0161\u00ed etapov\u00fd z\u00e1vod planety! Jaroslav Kulhav\u00fd, olympijsk\u00fd \u0161ampion, se vrac\u00ed do sv\u011bta bik\u016f.\" \/>\n<meta property=\"og:url\" content=\"https:\/\/www.welovecycling.com\/cs\/2024\/01\/23\/mezi-amatery-jeste-nepatrim-komentuje-jaroslav-kulhavy-comeback\/\" \/>\n<meta property=\"og:site_name\" content=\"\u0160koda We Love Cycling - \u010cesk\u00e1 republika\" \/>\n<meta property=\"article:published_time\" content=\"2024-01-23T09:49:46+00:00\" \/>\n<meta property=\"article:modified_time\" content=\"2024-01-23T09:50:28+00:00\" \/>\n<meta property=\"og:image\" content=\"https:\/\/d2p6e6u75xmxt8.cloudfront.net\/13\/2024\/01\/CER_2288-scaled.webp\" \/>\n\t<meta property=\"og:image:width\" content=\"2560\" \/>\n\t<meta property=\"og:image:height\" content=\"1707\" \/>\n\t<meta property=\"og:image:type\" content=\"image\/webp\" \/>\n<meta name=\"author\" content=\"radekmalina\" \/>\n<meta name=\"twitter:card\" content=\"summary_large_image\" \/>\n<meta name=\"twitter:label1\" content=\"Written by\" \/>\n\t<meta name=\"twitter:data1\" content=\"Radek Malina\" \/>\n\t<meta name=\"twitter:label2\" content=\"Est. reading time\" \/>\n\t<meta name=\"twitter:data2\" content=\"7\" \/>\n<script type=\"application\/ld+json\" class=\"yoast-schema-graph\">{\"@context\":\"https:\/\/schema.org\",\"@graph\":[{\"@type\":\"WebPage\",\"@id\":\"https:\/\/www.welovecycling.com\/cs\/2024\/01\/23\/mezi-amatery-jeste-nepatrim-komentuje-jaroslav-kulhavy-comeback\/\",\"url\":\"https:\/\/www.welovecycling.com\/cs\/2024\/01\/23\/mezi-amatery-jeste-nepatrim-komentuje-jaroslav-kulhavy-comeback\/\",\"name\":\"Mezi amat\u00e9ry je\u0161t\u011b nepat\u0159\u00edm, komentuje Jaroslav Kulhav\u00fd comeback | \u0160koda We Love Cycling - \u010cesk\u00e1 republika\",\"isPartOf\":{\"@id\":\"https:\/\/www.welovecycling.com\/cs\/#website\"},\"primaryImageOfPage\":{\"@id\":\"https:\/\/www.welovecycling.com\/cs\/2024\/01\/23\/mezi-amatery-jeste-nepatrim-komentuje-jaroslav-kulhavy-comeback\/#primaryimage\"},\"image\":{\"@id\":\"https:\/\/www.welovecycling.com\/cs\/2024\/01\/23\/mezi-amatery-jeste-nepatrim-komentuje-jaroslav-kulhavy-comeback\/#primaryimage\"},\"thumbnailUrl\":\"https:\/\/d2p6e6u75xmxt8.cloudfront.net\/13\/2024\/01\/CER_2288-scaled.webp\",\"datePublished\":\"2024-01-23T09:49:46+00:00\",\"dateModified\":\"2024-01-23T09:50:28+00:00\",\"author\":{\"@id\":\"https:\/\/www.welovecycling.com\/cs\/#\/schema\/person\/d9eeb0a378f3a7e4a6d12d2b536b04b8\"},\"description\":\"N\u00e1vrat mezi elitu. A se v\u0161\u00ed par\u00e1dou na nejt\u011b\u017e\u0161\u00ed etapov\u00fd z\u00e1vod planety! Jaroslav Kulhav\u00fd, olympijsk\u00fd \u0161ampion, se vrac\u00ed do sv\u011bta bik\u016f.\",\"inLanguage\":\"cs\",\"potentialAction\":[{\"@type\":\"ReadAction\",\"target\":[\"https:\/\/www.welovecycling.com\/cs\/2024\/01\/23\/mezi-amatery-jeste-nepatrim-komentuje-jaroslav-kulhavy-comeback\/\"]}]},{\"@type\":\"ImageObject\",\"inLanguage\":\"cs\",\"@id\":\"https:\/\/www.welovecycling.com\/cs\/2024\/01\/23\/mezi-amatery-jeste-nepatrim-komentuje-jaroslav-kulhavy-comeback\/#primaryimage\",\"url\":\"https:\/\/d2p6e6u75xmxt8.cloudfront.net\/13\/2024\/01\/CER_2288-scaled.webp\",\"contentUrl\":\"https:\/\/d2p6e6u75xmxt8.cloudfront.net\/13\/2024\/01\/CER_2288-scaled.webp\",\"width\":2560,\"height\":1707,\"caption\":\"Jaroslav Kulhav\u00fd\"},{\"@type\":\"WebSite\",\"@id\":\"https:\/\/www.welovecycling.com\/cs\/#website\",\"url\":\"https:\/\/www.welovecycling.com\/cs\/\",\"name\":\"\u0160koda We Love Cycling - \u010cesk\u00e1 republika\",\"description\":\"WeLoveCycling.cz je online magaz\u00edn, kter\u00fd v\u00e1m pravideln\u011b p\u0159in\u00e1\u0161\u00ed rady a tipy, zaj\u00edmav\u00e9 \u010dl\u00e1nky, videa a jedine\u010dn\u00e9 report\u00e1\u017ee ze sv\u011bta cyklistiky.\",\"potentialAction\":[{\"@type\":\"SearchAction\",\"target\":{\"@type\":\"EntryPoint\",\"urlTemplate\":\"https:\/\/www.welovecycling.com\/cs\/?s={search_term_string}\"},\"query-input\":{\"@type\":\"PropertyValueSpecification\",\"valueRequired\":true,\"valueName\":\"search_term_string\"}}],\"inLanguage\":\"cs\"},{\"@type\":\"Person\",\"@id\":\"https:\/\/www.welovecycling.com\/cs\/#\/schema\/person\/d9eeb0a378f3a7e4a6d12d2b536b04b8\",\"name\":\"radekmalina\",\"image\":{\"@type\":\"ImageObject\",\"inLanguage\":\"cs\",\"@id\":\"https:\/\/www.welovecycling.com\/cs\/#\/schema\/person\/image\/\",\"url\":\"https:\/\/secure.gravatar.com\/avatar\/66994b632cb8c39a46b9f54afa3ae07201b678d32a54275b6f1c9ffec356bfc0?s=96&d=mm&r=g\",\"contentUrl\":\"https:\/\/secure.gravatar.com\/avatar\/66994b632cb8c39a46b9f54afa3ae07201b678d32a54275b6f1c9ffec356bfc0?s=96&d=mm&r=g\",\"caption\":\"radekmalina\"},\"url\":\"https:\/\/www.welovecycling.com\/cs\/author\/radekmalina\/\"}]}<\/script>\n<!-- \/ Yoast SEO Premium plugin. -->","yoast_head_json":{"title":"Mezi amat\u00e9ry je\u0161t\u011b nepat\u0159\u00edm, komentuje Jaroslav Kulhav\u00fd comeback | \u0160koda We Love Cycling - \u010cesk\u00e1 republika","description":"N\u00e1vrat mezi elitu. A se v\u0161\u00ed par\u00e1dou na nejt\u011b\u017e\u0161\u00ed etapov\u00fd z\u00e1vod planety! Jaroslav Kulhav\u00fd, olympijsk\u00fd \u0161ampion, se vrac\u00ed do sv\u011bta bik\u016f.","robots":{"index":"index","follow":"follow","max-snippet":"max-snippet:-1","max-image-preview":"max-image-preview:large","max-video-preview":"max-video-preview:-1"},"canonical":"https:\/\/www.welovecycling.com\/cs\/2024\/01\/23\/mezi-amatery-jeste-nepatrim-komentuje-jaroslav-kulhavy-comeback\/","og_locale":"cs_CZ","og_type":"article","og_title":"Mezi amat\u00e9ry je\u0161t\u011b nepat\u0159\u00edm, komentuje Jaroslav Kulhav\u00fd comeback","og_description":"N\u00e1vrat mezi elitu. A se v\u0161\u00ed par\u00e1dou na nejt\u011b\u017e\u0161\u00ed etapov\u00fd z\u00e1vod planety! Jaroslav Kulhav\u00fd, olympijsk\u00fd \u0161ampion, se vrac\u00ed do sv\u011bta bik\u016f.","og_url":"https:\/\/www.welovecycling.com\/cs\/2024\/01\/23\/mezi-amatery-jeste-nepatrim-komentuje-jaroslav-kulhavy-comeback\/","og_site_name":"\u0160koda We Love Cycling - \u010cesk\u00e1 republika","article_published_time":"2024-01-23T09:49:46+00:00","article_modified_time":"2024-01-23T09:50:28+00:00","og_image":[{"width":2560,"height":1707,"url":"https:\/\/d2p6e6u75xmxt8.cloudfront.net\/13\/2024\/01\/CER_2288-scaled.webp","type":"image\/webp"}],"author":"radekmalina","twitter_card":"summary_large_image","twitter_misc":{"Written by":"Radek Malina","Est. reading time":"7"},"schema":{"@context":"https:\/\/schema.org","@graph":[{"@type":"WebPage","@id":"https:\/\/www.welovecycling.com\/cs\/2024\/01\/23\/mezi-amatery-jeste-nepatrim-komentuje-jaroslav-kulhavy-comeback\/","url":"https:\/\/www.welovecycling.com\/cs\/2024\/01\/23\/mezi-amatery-jeste-nepatrim-komentuje-jaroslav-kulhavy-comeback\/","name":"Mezi amat\u00e9ry je\u0161t\u011b nepat\u0159\u00edm, komentuje Jaroslav Kulhav\u00fd comeback | \u0160koda We Love Cycling - \u010cesk\u00e1 republika","isPartOf":{"@id":"https:\/\/www.welovecycling.com\/cs\/#website"},"primaryImageOfPage":{"@id":"https:\/\/www.welovecycling.com\/cs\/2024\/01\/23\/mezi-amatery-jeste-nepatrim-komentuje-jaroslav-kulhavy-comeback\/#primaryimage"},"image":{"@id":"https:\/\/www.welovecycling.com\/cs\/2024\/01\/23\/mezi-amatery-jeste-nepatrim-komentuje-jaroslav-kulhavy-comeback\/#primaryimage"},"thumbnailUrl":"https:\/\/d2p6e6u75xmxt8.cloudfront.net\/13\/2024\/01\/CER_2288-scaled.webp","datePublished":"2024-01-23T09:49:46+00:00","dateModified":"2024-01-23T09:50:28+00:00","author":{"@id":"https:\/\/www.welovecycling.com\/cs\/#\/schema\/person\/d9eeb0a378f3a7e4a6d12d2b536b04b8"},"description":"N\u00e1vrat mezi elitu. A se v\u0161\u00ed par\u00e1dou na nejt\u011b\u017e\u0161\u00ed etapov\u00fd z\u00e1vod planety! Jaroslav Kulhav\u00fd, olympijsk\u00fd \u0161ampion, se vrac\u00ed do sv\u011bta bik\u016f.","inLanguage":"cs","potentialAction":[{"@type":"ReadAction","target":["https:\/\/www.welovecycling.com\/cs\/2024\/01\/23\/mezi-amatery-jeste-nepatrim-komentuje-jaroslav-kulhavy-comeback\/"]}]},{"@type":"ImageObject","inLanguage":"cs","@id":"https:\/\/www.welovecycling.com\/cs\/2024\/01\/23\/mezi-amatery-jeste-nepatrim-komentuje-jaroslav-kulhavy-comeback\/#primaryimage","url":"https:\/\/d2p6e6u75xmxt8.cloudfront.net\/13\/2024\/01\/CER_2288-scaled.webp","contentUrl":"https:\/\/d2p6e6u75xmxt8.cloudfront.net\/13\/2024\/01\/CER_2288-scaled.webp","width":2560,"height":1707,"caption":"Jaroslav Kulhav\u00fd"},{"@type":"WebSite","@id":"https:\/\/www.welovecycling.com\/cs\/#website","url":"https:\/\/www.welovecycling.com\/cs\/","name":"\u0160koda We Love Cycling - \u010cesk\u00e1 republika","description":"WeLoveCycling.cz je online magaz\u00edn, kter\u00fd v\u00e1m pravideln\u011b p\u0159in\u00e1\u0161\u00ed rady a tipy, zaj\u00edmav\u00e9 \u010dl\u00e1nky, videa a jedine\u010dn\u00e9 report\u00e1\u017ee ze sv\u011bta cyklistiky.","potentialAction":[{"@type":"SearchAction","target":{"@type":"EntryPoint","urlTemplate":"https:\/\/www.welovecycling.com\/cs\/?s={search_term_string}"},"query-input":{"@type":"PropertyValueSpecification","valueRequired":true,"valueName":"search_term_string"}}],"inLanguage":"cs"},{"@type":"Person","@id":"https:\/\/www.welovecycling.com\/cs\/#\/schema\/person\/d9eeb0a378f3a7e4a6d12d2b536b04b8","name":"radekmalina","image":{"@type":"ImageObject","inLanguage":"cs","@id":"https:\/\/www.welovecycling.com\/cs\/#\/schema\/person\/image\/","url":"https:\/\/secure.gravatar.com\/avatar\/66994b632cb8c39a46b9f54afa3ae07201b678d32a54275b6f1c9ffec356bfc0?s=96&d=mm&r=g","contentUrl":"https:\/\/secure.gravatar.com\/avatar\/66994b632cb8c39a46b9f54afa3ae07201b678d32a54275b6f1c9ffec356bfc0?s=96&d=mm&r=g","caption":"radekmalina"},"url":"https:\/\/www.welovecycling.com\/cs\/author\/radekmalina\/"}]}},"_links":{"self":[{"href":"https:\/\/www.welovecycling.com\/cs\/wp-json\/wp\/v2\/posts\/24592","targetHints":{"allow":["GET"]}}],"collection":[{"href":"https:\/\/www.welovecycling.com\/cs\/wp-json\/wp\/v2\/posts"}],"about":[{"href":"https:\/\/www.welovecycling.com\/cs\/wp-json\/wp\/v2\/types\/post"}],"author":[{"embeddable":true,"href":"https:\/\/www.welovecycling.com\/cs\/wp-json\/wp\/v2\/users\/138"}],"replies":[{"embeddable":true,"href":"https:\/\/www.welovecycling.com\/cs\/wp-json\/wp\/v2\/comments?post=24592"}],"version-history":[{"count":3,"href":"https:\/\/www.welovecycling.com\/cs\/wp-json\/wp\/v2\/posts\/24592\/revisions"}],"predecessor-version":[{"id":24601,"href":"https:\/\/www.welovecycling.com\/cs\/wp-json\/wp\/v2\/posts\/24592\/revisions\/24601"}],"wp:featuredmedia":[{"embeddable":true,"href":"https:\/\/www.welovecycling.com\/cs\/wp-json\/wp\/v2\/media\/24594"}],"wp:attachment":[{"href":"https:\/\/www.welovecycling.com\/cs\/wp-json\/wp\/v2\/media?parent=24592"}],"wp:term":[{"taxonomy":"category","embeddable":true,"href":"https:\/\/www.welovecycling.com\/cs\/wp-json\/wp\/v2\/categories?post=24592"},{"taxonomy":"post_tag","embeddable":true,"href":"https:\/\/www.welovecycling.com\/cs\/wp-json\/wp\/v2\/tags?post=24592"},{"taxonomy":"global-categories","embeddable":true,"href":"https:\/\/www.welovecycling.com\/cs\/wp-json\/wp\/v2\/global-categories?post=24592"}],"curies":[{"name":"wp","href":"https:\/\/api.w.org\/{rel}","templated":true}]}}