{"id":24509,"date":"2024-01-14T20:19:05","date_gmt":"2024-01-14T18:19:05","guid":{"rendered":"https:\/\/www.welovecycling.com\/cs\/?p=24509"},"modified":"2024-01-14T20:24:45","modified_gmt":"2024-01-14T18:24:45","slug":"kristyna-zemanova-slavi-zlaty-hattrick-michael-boros-rekordni-sedmy-titul","status":"publish","type":"post","link":"https:\/\/www.welovecycling.com\/cs\/2024\/01\/14\/kristyna-zemanova-slavi-zlaty-hattrick-michael-boros-rekordni-sedmy-titul\/","title":{"rendered":"Krist\u00fdna Zemanov\u00e1 slav\u00ed zlat\u00fd hattrick, Michael Boro\u0161 rekordn\u00ed sedm\u00fd titul"},"content":{"rendered":"<p><strong>V\u00edt\u011bzn\u00e1 ta\u017een\u00ed z\u016fstala nep\u0159eru\u0161ena! Teprve dvacetilet\u00e1 Krist\u00fdna Zemanov\u00e1 z\u00edskala na mistrovstv\u00ed republiky v cyklokrosu v jiho\u010desk\u00e9m T\u00e1bo\u0159e u\u017e t\u0159et\u00ed titul v \u0159ad\u011b. Mezi mu\u017ei vl\u00e1dne u\u017e \u010dty\u0159i roky Michael Boro\u0161, kter\u00fd m\u00e1 po ned\u011bln\u00edm dom\u00e1c\u00edm \u0161ampion\u00e1tu v jiho\u010desk\u00e9m T\u00e1bo\u0159e celkem sedm titul\u016f!<\/strong><\/p>\n<p><a href=\"https:\/\/d2p6e6u75xmxt8.cloudfront.net\/13\/2024\/01\/mcr-juniori.webp\"><img loading=\"lazy\" decoding=\"async\" class=\"alignnone size-full wp-image-24503\" src=\"https:\/\/d2p6e6u75xmxt8.cloudfront.net\/13\/2024\/01\/mcr-juniori.webp\" alt=\"\" width=\"1600\" height=\"1067\" srcset=\"https:\/\/d2p6e6u75xmxt8.cloudfront.net\/13\/2024\/01\/mcr-juniori.webp 1600w, https:\/\/d2p6e6u75xmxt8.cloudfront.net\/13\/2024\/01\/mcr-juniori-300x200.webp 300w, https:\/\/d2p6e6u75xmxt8.cloudfront.net\/13\/2024\/01\/mcr-juniori-1024x683.webp 1024w, https:\/\/d2p6e6u75xmxt8.cloudfront.net\/13\/2024\/01\/mcr-juniori-768x512.webp 768w, https:\/\/d2p6e6u75xmxt8.cloudfront.net\/13\/2024\/01\/mcr-juniori-1536x1024.webp 1536w, https:\/\/d2p6e6u75xmxt8.cloudfront.net\/13\/2024\/01\/mcr-juniori-400x267.webp 400w, https:\/\/d2p6e6u75xmxt8.cloudfront.net\/13\/2024\/01\/mcr-juniori-272x182.webp 272w\" sizes=\"auto, (max-width: 1600px) 100vw, 1600px\" \/><\/a><\/p>\n<p>Prvn\u00ed zlato si z republikov\u00e9ho \u0161ampion\u00e1tu 2024 odvezl junior Kry\u0161tof Ba\u017eant z Cyklostar Pirelli, o rovn\u00fdch osmdes\u00e1t vte\u0159in zaostal Patriek Lienert z Rexonix Kovo Praha a t\u0159et\u00ed fini\u0161oval David Friedel z DK Bikeshop. Juniork\u00e1m v\u00e1dlla Am\u00e1lie Gottwaldov\u00e1 z CP Teamu, st\u0159\u00edbro slavila Kate\u0159ina Doud\u011brov\u00e1 z t\u00fdmu Jaroslava Kulhav\u00e9ho a bronz brala Daniela Hezinov\u00e1 z Doltcini Watersley.<\/p>\n<p><a href=\"https:\/\/d2p6e6u75xmxt8.cloudfront.net\/13\/2024\/01\/zeny-start.webp\"><img loading=\"lazy\" decoding=\"async\" class=\"alignnone size-full wp-image-24511\" src=\"https:\/\/d2p6e6u75xmxt8.cloudfront.net\/13\/2024\/01\/zeny-start.webp\" alt=\"\" width=\"1600\" height=\"1067\" srcset=\"https:\/\/d2p6e6u75xmxt8.cloudfront.net\/13\/2024\/01\/zeny-start.webp 1600w, https:\/\/d2p6e6u75xmxt8.cloudfront.net\/13\/2024\/01\/zeny-start-300x200.webp 300w, https:\/\/d2p6e6u75xmxt8.cloudfront.net\/13\/2024\/01\/zeny-start-1024x683.webp 1024w, https:\/\/d2p6e6u75xmxt8.cloudfront.net\/13\/2024\/01\/zeny-start-768x512.webp 768w, https:\/\/d2p6e6u75xmxt8.cloudfront.net\/13\/2024\/01\/zeny-start-1536x1024.webp 1536w, https:\/\/d2p6e6u75xmxt8.cloudfront.net\/13\/2024\/01\/zeny-start-400x267.webp 400w, https:\/\/d2p6e6u75xmxt8.cloudfront.net\/13\/2024\/01\/zeny-start-272x182.webp 272w\" sizes=\"auto, (max-width: 1600px) 100vw, 1600px\" \/><\/a><\/p>\n<p>Mezi \u017eenami byla jednozna\u010dnou favoritkou Krist\u00fdna Zemanov\u00e1. Mladi\u010dk\u00e1 z\u00e1vodnice vl\u00e1dla je\u0161t\u011b jako n\u00e1ctilet\u00e1 u\u017e dv\u011bma p\u0159ede\u0161l\u00fdm \u0161ampion\u00e1t\u016fm.\u00a0Nyn\u00ed dvacetilet\u00e1 z\u00e1vodnice t\u00fdmu Brilon Racing vedla ned\u011bln\u00ed z\u00e1vod v\u00a0jiho\u010desk\u00e9m T\u00e1bo\u0159e od prvn\u00edch metr\u016f.<\/p>\n<p><a href=\"https:\/\/d2p6e6u75xmxt8.cloudfront.net\/13\/2024\/01\/mcr-kristyna-zemanova.webp\"><img loading=\"lazy\" decoding=\"async\" class=\"alignnone size-full wp-image-24507\" src=\"https:\/\/d2p6e6u75xmxt8.cloudfront.net\/13\/2024\/01\/mcr-kristyna-zemanova.webp\" alt=\"\" width=\"1600\" height=\"1067\" srcset=\"https:\/\/d2p6e6u75xmxt8.cloudfront.net\/13\/2024\/01\/mcr-kristyna-zemanova.webp 1600w, https:\/\/d2p6e6u75xmxt8.cloudfront.net\/13\/2024\/01\/mcr-kristyna-zemanova-300x200.webp 300w, https:\/\/d2p6e6u75xmxt8.cloudfront.net\/13\/2024\/01\/mcr-kristyna-zemanova-1024x683.webp 1024w, https:\/\/d2p6e6u75xmxt8.cloudfront.net\/13\/2024\/01\/mcr-kristyna-zemanova-768x512.webp 768w, https:\/\/d2p6e6u75xmxt8.cloudfront.net\/13\/2024\/01\/mcr-kristyna-zemanova-1536x1024.webp 1536w, https:\/\/d2p6e6u75xmxt8.cloudfront.net\/13\/2024\/01\/mcr-kristyna-zemanova-400x267.webp 400w, https:\/\/d2p6e6u75xmxt8.cloudfront.net\/13\/2024\/01\/mcr-kristyna-zemanova-272x182.webp 272w\" sizes=\"auto, (max-width: 1600px) 100vw, 1600px\" \/><\/a><\/p>\n<p>\u201eJela jsem si svoje tempo od startu a postupn\u011b budovala n\u00e1skok. Nem\u011blo smysl se ohl\u00ed\u017eet na ostatn\u00ed nebo na n\u011bkoho \u010dekat. Byl to pro m\u011b sp\u00ed\u0161e dobr\u00fd tr\u00e9nink, i kdy\u017e je fakt, \u017ee bych pot\u0159ebovala jet je\u0161t\u011b jedno kolo, abych se dostala k\u00a0\u010dasu, kter\u00fd se jezd\u00ed na sv\u011btov\u00fdch poh\u00e1rech. Ale sna\u017eila jsem se ud\u011blat z\u00e1vod t\u011b\u017ek\u00fd sama sob\u011b. Nastupovala jsem za ka\u017edou zat\u00e1\u010dkou, do ka\u017ed\u00e9ho v\u00fdjezdu, abych m\u011bla z\u00e1t\u011b\u017e, kterou jsem cht\u011bla,\u201c vykl\u00e1dala v\u00a0c\u00edli spokojen\u011b dvacetilet\u00e1 reprezentantka.<\/p>\n<h3><strong>Jela bych je\u0161t\u011b kolo, sm\u00e1la se Krist\u00fdna Zemanov\u00e1<\/strong><\/h3>\n<p>Cesta Zemanov\u00e9 k\u00a0titulu byla hodn\u011b snadn\u00e1. Soupe\u0159ky nekladly prakticky \u017e\u00e1dn\u00fd odpor. \u201eU\u017e\u00edvala jsem si v\u00e1\u017en\u011b cel\u00fd z\u00e1vod od startu a\u017e do c\u00edle. Bylo to na pohodu. V\u011bd\u011bla jsem, \u017ee pokud nebudu m\u00edt defekt, m\u011bla bych titul z\u00edskat,\u201c p\u0159iznala v\u00a0c\u00edli s\u00a0\u00fasm\u011bvem Krist\u00fdna Zemanov\u00e1.<\/p>\n<p><a href=\"https:\/\/d2p6e6u75xmxt8.cloudfront.net\/13\/2024\/01\/mcr-kristyna-zemanova-III.webp\"><img loading=\"lazy\" decoding=\"async\" class=\"alignnone size-full wp-image-24505\" src=\"https:\/\/d2p6e6u75xmxt8.cloudfront.net\/13\/2024\/01\/mcr-kristyna-zemanova-III.webp\" alt=\"\" width=\"1600\" height=\"1067\" srcset=\"https:\/\/d2p6e6u75xmxt8.cloudfront.net\/13\/2024\/01\/mcr-kristyna-zemanova-III.webp 1600w, https:\/\/d2p6e6u75xmxt8.cloudfront.net\/13\/2024\/01\/mcr-kristyna-zemanova-III-300x200.webp 300w, https:\/\/d2p6e6u75xmxt8.cloudfront.net\/13\/2024\/01\/mcr-kristyna-zemanova-III-1024x683.webp 1024w, https:\/\/d2p6e6u75xmxt8.cloudfront.net\/13\/2024\/01\/mcr-kristyna-zemanova-III-768x512.webp 768w, https:\/\/d2p6e6u75xmxt8.cloudfront.net\/13\/2024\/01\/mcr-kristyna-zemanova-III-1536x1024.webp 1536w, https:\/\/d2p6e6u75xmxt8.cloudfront.net\/13\/2024\/01\/mcr-kristyna-zemanova-III-400x267.webp 400w, https:\/\/d2p6e6u75xmxt8.cloudfront.net\/13\/2024\/01\/mcr-kristyna-zemanova-III-272x182.webp 272w\" sizes=\"auto, (max-width: 1600px) 100vw, 1600px\" \/><\/a><\/p>\n<p>Na mistrovstv\u00ed sv\u011bta v\u00a0T\u00e1bo\u0159e prvn\u00ed \u00fanorov\u00fd v\u00edkend bude obhajovat v\u00a0kategorii do t\u0159iadvaceti let bronz z\u00a0minul\u00e9ho \u0161ampion\u00e1tu. Pat\u0159\u00ed k\u00a0nej\u017ehav\u011bj\u0161\u00edm dom\u00e1c\u00edm nad\u011bj\u00edm na medaili.<\/p>\n<p>\u201eNyn\u00ed m\u011b \u010dek\u00e1 sv\u011btov\u00fd poh\u00e1r ve \u0160pan\u011blsku, kde n\u00e1sledn\u011b s t\u00fdmem Brilon absolvuji soust\u0159ed\u011bn\u00ed. Pak je\u0161t\u011b sv\u011b\u0165\u00e1k v Hoogerheide, co\u017e bude gener\u00e1lka na mistrovstv\u00ed sv\u011bta. A pak u\u017e \u0161ampion\u00e1t p\u0159ed dom\u00e1c\u00edm publikem,\u201c vyhl\u00ed\u017eela nejbli\u017e\u0161\u00ed z\u00e1vody Krist\u00fdna Zemanov\u00e1, kter\u00e1 brala zlato s v\u00edce ne\u017e minutov\u00fdm n\u00e1skokem p\u0159ed Nikolou Noskovou z t\u00fdmu Cofidis a t\u0159et\u00ed Simonou Sp\u011b\u0161nou z formace jb Brunex Superior.<\/p>\n<h2><strong>Michael Boro\u0161 vl\u00e1dl po\u010dtvrt\u00e9 v \u0159ad\u011b<\/strong><\/h2>\n<p>Rovn\u011b\u017e mezi mu\u017ei z\u016fst\u00e1v\u00e1 cyklokrosov\u00fd kr\u00e1l nezm\u011bn\u011bn. Michael Boro\u0161 po suver\u00e9nn\u00edm v\u00fdkonu ovl\u00e1dl \u010dtvrt\u00fd \u0161ampion\u00e1t v\u00a0\u0159ad\u011b.<\/p>\n<p><a href=\"https:\/\/d2p6e6u75xmxt8.cloudfront.net\/13\/2024\/01\/mcr-boros-II.webp\"><img loading=\"lazy\" decoding=\"async\" class=\"alignnone size-full wp-image-24501\" src=\"https:\/\/d2p6e6u75xmxt8.cloudfront.net\/13\/2024\/01\/mcr-boros-II.webp\" alt=\"\" width=\"1600\" height=\"1067\" srcset=\"https:\/\/d2p6e6u75xmxt8.cloudfront.net\/13\/2024\/01\/mcr-boros-II.webp 1600w, https:\/\/d2p6e6u75xmxt8.cloudfront.net\/13\/2024\/01\/mcr-boros-II-300x200.webp 300w, https:\/\/d2p6e6u75xmxt8.cloudfront.net\/13\/2024\/01\/mcr-boros-II-1024x683.webp 1024w, https:\/\/d2p6e6u75xmxt8.cloudfront.net\/13\/2024\/01\/mcr-boros-II-768x512.webp 768w, https:\/\/d2p6e6u75xmxt8.cloudfront.net\/13\/2024\/01\/mcr-boros-II-1536x1024.webp 1536w, https:\/\/d2p6e6u75xmxt8.cloudfront.net\/13\/2024\/01\/mcr-boros-II-400x267.webp 400w, https:\/\/d2p6e6u75xmxt8.cloudfront.net\/13\/2024\/01\/mcr-boros-II-272x182.webp 272w\" sizes=\"auto, (max-width: 1600px) 100vw, 1600px\" \/><\/a><\/p>\n<p>\u201eP\u0159esto\u017ee v\u00a0c\u00edli byly rozestupy relativn\u011b velk\u00e9, \u0161lo o hodn\u011b n\u00e1ro\u010dn\u00fd z\u00e1vod, kter\u00fd rozhodn\u011b nebyl tak jednozna\u010dn\u00fd,\u201c odm\u00edtal Michael Boro\u0161 z\u00a0Elkov Kasper, \u017ee by cesta k\u00a0titulu byla snadn\u00e1.<\/p>\n<p><a href=\"https:\/\/d2p6e6u75xmxt8.cloudfront.net\/13\/2024\/01\/mcr-michael-boros.webp\"><img loading=\"lazy\" decoding=\"async\" class=\"alignnone size-full wp-image-24508\" src=\"https:\/\/d2p6e6u75xmxt8.cloudfront.net\/13\/2024\/01\/mcr-michael-boros.webp\" alt=\"\" width=\"1600\" height=\"1067\" srcset=\"https:\/\/d2p6e6u75xmxt8.cloudfront.net\/13\/2024\/01\/mcr-michael-boros.webp 1600w, https:\/\/d2p6e6u75xmxt8.cloudfront.net\/13\/2024\/01\/mcr-michael-boros-300x200.webp 300w, https:\/\/d2p6e6u75xmxt8.cloudfront.net\/13\/2024\/01\/mcr-michael-boros-1024x683.webp 1024w, https:\/\/d2p6e6u75xmxt8.cloudfront.net\/13\/2024\/01\/mcr-michael-boros-768x512.webp 768w, https:\/\/d2p6e6u75xmxt8.cloudfront.net\/13\/2024\/01\/mcr-michael-boros-1536x1024.webp 1536w, https:\/\/d2p6e6u75xmxt8.cloudfront.net\/13\/2024\/01\/mcr-michael-boros-400x267.webp 400w, https:\/\/d2p6e6u75xmxt8.cloudfront.net\/13\/2024\/01\/mcr-michael-boros-272x182.webp 272w\" sizes=\"auto, (max-width: 1600px) 100vw, 1600px\" \/><\/a><\/p>\n<p>\u201eKrom\u011b v\u00fdkonnosti bylo z\u00e1sadn\u00ed nechybovat, co\u017e se mi poda\u0159ilo. Tra\u0165 se od tr\u00e9ninku hodn\u011b zm\u011bnila. Povrch tro\u0161ku povolil a na okruhu bylo docela hodn\u011b ledu. M\u00edsty to bylo skoro nesj\u00edzdn\u00e9,\u201c kr\u010dil rameny Michael Boro\u0161, kter\u00fd vyhr\u00e1l o \u010dtrn\u00e1ct vte\u0159in p\u0159ed Adamem \u0164oupal\u00edkem z\u00a0formace Unibet, t\u0159et\u00ed Zden\u011bk \u0160tybar ztratil jedna\u010dty\u0159icet vte\u0159in.<\/p>\n<p><a href=\"https:\/\/d2p6e6u75xmxt8.cloudfront.net\/13\/2024\/01\/mcr-boros-stupne.webp\"><img loading=\"lazy\" decoding=\"async\" class=\"alignnone size-full wp-image-24502\" src=\"https:\/\/d2p6e6u75xmxt8.cloudfront.net\/13\/2024\/01\/mcr-boros-stupne.webp\" alt=\"\" width=\"1600\" height=\"1067\" srcset=\"https:\/\/d2p6e6u75xmxt8.cloudfront.net\/13\/2024\/01\/mcr-boros-stupne.webp 1600w, https:\/\/d2p6e6u75xmxt8.cloudfront.net\/13\/2024\/01\/mcr-boros-stupne-300x200.webp 300w, https:\/\/d2p6e6u75xmxt8.cloudfront.net\/13\/2024\/01\/mcr-boros-stupne-1024x683.webp 1024w, https:\/\/d2p6e6u75xmxt8.cloudfront.net\/13\/2024\/01\/mcr-boros-stupne-768x512.webp 768w, https:\/\/d2p6e6u75xmxt8.cloudfront.net\/13\/2024\/01\/mcr-boros-stupne-1536x1024.webp 1536w, https:\/\/d2p6e6u75xmxt8.cloudfront.net\/13\/2024\/01\/mcr-boros-stupne-400x267.webp 400w, https:\/\/d2p6e6u75xmxt8.cloudfront.net\/13\/2024\/01\/mcr-boros-stupne-272x182.webp 272w\" sizes=\"auto, (max-width: 1600px) 100vw, 1600px\" \/><\/a><\/p>\n<p>Staronov\u00fd \u0161ampion Michael Boro\u0161 vyhr\u00e1l u\u017e sedm\u00fd cyklokrosov\u00fd titul. Vyrovnal tak dosavadn\u00ed rekordmany Radom\u00edra \u0160im\u016fnka star\u0161\u00edho a Zde\u0148ka \u0160tybara.<\/p>\n<p><a href=\"https:\/\/d2p6e6u75xmxt8.cloudfront.net\/13\/2024\/01\/mcr-toupalik.webp\"><img loading=\"lazy\" decoding=\"async\" class=\"alignnone size-full wp-image-24513\" src=\"https:\/\/d2p6e6u75xmxt8.cloudfront.net\/13\/2024\/01\/mcr-toupalik.webp\" alt=\"\" width=\"1600\" height=\"1067\" srcset=\"https:\/\/d2p6e6u75xmxt8.cloudfront.net\/13\/2024\/01\/mcr-toupalik.webp 1600w, https:\/\/d2p6e6u75xmxt8.cloudfront.net\/13\/2024\/01\/mcr-toupalik-300x200.webp 300w, https:\/\/d2p6e6u75xmxt8.cloudfront.net\/13\/2024\/01\/mcr-toupalik-1024x683.webp 1024w, https:\/\/d2p6e6u75xmxt8.cloudfront.net\/13\/2024\/01\/mcr-toupalik-768x512.webp 768w, https:\/\/d2p6e6u75xmxt8.cloudfront.net\/13\/2024\/01\/mcr-toupalik-1536x1024.webp 1536w, https:\/\/d2p6e6u75xmxt8.cloudfront.net\/13\/2024\/01\/mcr-toupalik-400x267.webp 400w, https:\/\/d2p6e6u75xmxt8.cloudfront.net\/13\/2024\/01\/mcr-toupalik-272x182.webp 272w\" sizes=\"auto, (max-width: 1600px) 100vw, 1600px\" \/><\/a><\/p>\n<p>Cestu k\u00a0titulu mu z\u00e1sadn\u011b usnadnily trable soupe\u0159\u016f. Adam \u0164oupal\u00edk toti\u017e p\u0159i jednom z\u00a0p\u00e1d\u016f urazil brzdovou p\u00e1ku na prav\u00e9 stran\u011b, \u010d\u00edm\u017e p\u0159i\u0161el o zadn\u00ed brzdu a tak\u00e9 mo\u017enost \u0159adit, ne\u017e dorazil do depa k\u00a0v\u00fdm\u011bn\u011b kola. Kdy\u017e pak v\u00a0dal\u0161\u00edm pr\u016fb\u011bhu je\u0161t\u011b jednou po drsn\u00e9m karambolu okusil tvrdost okruhu Komora, byl odsouzen\u00fd ke st\u0159\u00edbru.<\/p>\n<p><a href=\"https:\/\/d2p6e6u75xmxt8.cloudfront.net\/13\/2024\/01\/mcr-toupalik-kolo.webp\"><img loading=\"lazy\" decoding=\"async\" class=\"alignnone size-full wp-image-24512\" src=\"https:\/\/d2p6e6u75xmxt8.cloudfront.net\/13\/2024\/01\/mcr-toupalik-kolo.webp\" alt=\"\" width=\"1600\" height=\"1067\" srcset=\"https:\/\/d2p6e6u75xmxt8.cloudfront.net\/13\/2024\/01\/mcr-toupalik-kolo.webp 1600w, https:\/\/d2p6e6u75xmxt8.cloudfront.net\/13\/2024\/01\/mcr-toupalik-kolo-300x200.webp 300w, https:\/\/d2p6e6u75xmxt8.cloudfront.net\/13\/2024\/01\/mcr-toupalik-kolo-1024x683.webp 1024w, https:\/\/d2p6e6u75xmxt8.cloudfront.net\/13\/2024\/01\/mcr-toupalik-kolo-768x512.webp 768w, https:\/\/d2p6e6u75xmxt8.cloudfront.net\/13\/2024\/01\/mcr-toupalik-kolo-1536x1024.webp 1536w, https:\/\/d2p6e6u75xmxt8.cloudfront.net\/13\/2024\/01\/mcr-toupalik-kolo-400x267.webp 400w, https:\/\/d2p6e6u75xmxt8.cloudfront.net\/13\/2024\/01\/mcr-toupalik-kolo-272x182.webp 272w\" sizes=\"auto, (max-width: 1600px) 100vw, 1600px\" \/><\/a><\/p>\n<p>\u201ePrvn\u00ed p\u00e1d byl hodn\u011b blb\u00fd. Za\u010dal jsem ze zat\u00e1\u010dky \u0161lapat d\u0159\u00edve, ne\u017e jsem m\u011bl. A jak byla zem\u011b hodn\u011b tvrd\u00e1, urazil jsem p\u00e1ku. Vym\u011bnil jsem kolo, minul jsem \u0160tybara a m\u011bl to kous\u00ed\u010dek k Boro\u0161ovi. Jen\u017ee jsem ud\u011blal dal\u0161\u00ed dv\u011b chyby a lehnul jsem. Asi jsem byl p\u0159emotivovan\u00fd. Je t\u0159eba uznat, \u017ee Michael jel bezchybn\u011b. J\u00e1 jsem s v\u00fdkonem spokojen\u00fd, ale a\u017e moc jsem cht\u011bl,\u201c posteskl si Adam \u0164oupal\u00edk.<\/p>\n<p><a href=\"https:\/\/d2p6e6u75xmxt8.cloudfront.net\/13\/2024\/01\/mcr-stybar-II-prekazky.webp\"><img loading=\"lazy\" decoding=\"async\" class=\"alignnone size-full wp-image-24520\" src=\"https:\/\/d2p6e6u75xmxt8.cloudfront.net\/13\/2024\/01\/mcr-stybar-II-prekazky.webp\" alt=\"\" width=\"1600\" height=\"1067\" srcset=\"https:\/\/d2p6e6u75xmxt8.cloudfront.net\/13\/2024\/01\/mcr-stybar-II-prekazky.webp 1600w, https:\/\/d2p6e6u75xmxt8.cloudfront.net\/13\/2024\/01\/mcr-stybar-II-prekazky-300x200.webp 300w, https:\/\/d2p6e6u75xmxt8.cloudfront.net\/13\/2024\/01\/mcr-stybar-II-prekazky-1024x683.webp 1024w, https:\/\/d2p6e6u75xmxt8.cloudfront.net\/13\/2024\/01\/mcr-stybar-II-prekazky-768x512.webp 768w, https:\/\/d2p6e6u75xmxt8.cloudfront.net\/13\/2024\/01\/mcr-stybar-II-prekazky-1536x1024.webp 1536w, https:\/\/d2p6e6u75xmxt8.cloudfront.net\/13\/2024\/01\/mcr-stybar-II-prekazky-400x267.webp 400w, https:\/\/d2p6e6u75xmxt8.cloudfront.net\/13\/2024\/01\/mcr-stybar-II-prekazky-272x182.webp 272w\" sizes=\"auto, (max-width: 1600px) 100vw, 1600px\" \/><\/a><\/p>\n<p>Pro bronz si s\u00a0rozz\u00e1\u0159en\u00fdm \u00fasm\u011bvem dojel Zden\u011bk \u0160tybar. \u201eJsem r\u00e1d za stupn\u011b v\u00edt\u011bz\u016f. M\u011bl jsem medaili v\u00a0hlav\u011b. Asi se jednalo o moji posledn\u00ed \u0161anci na podium,\u201c lebedil si Zden\u011bk \u0160tybar, kter\u00fd byl v\u00a0tot\u00e1ln\u00edm oble\u017een\u00ed fanou\u0161k\u016f, a je\u0161t\u011b des\u00edtky minut po dojezdu rozd\u00e1val ochotn\u011b podpisy a p\u00f3zoval pro spole\u010dn\u00e9 fotografie.<\/p>\n<h2><strong>Zden\u011bk \u0160tybar chyboval a zav\u00e1hal na schodech<\/strong><\/h2>\n<p><a href=\"https:\/\/d2p6e6u75xmxt8.cloudfront.net\/13\/2024\/01\/mcr-stybar-schody.webp\"><img loading=\"lazy\" decoding=\"async\" class=\"alignnone size-full wp-image-24518\" src=\"https:\/\/d2p6e6u75xmxt8.cloudfront.net\/13\/2024\/01\/mcr-stybar-schody.webp\" alt=\"\" width=\"1600\" height=\"1067\" srcset=\"https:\/\/d2p6e6u75xmxt8.cloudfront.net\/13\/2024\/01\/mcr-stybar-schody.webp 1600w, https:\/\/d2p6e6u75xmxt8.cloudfront.net\/13\/2024\/01\/mcr-stybar-schody-300x200.webp 300w, https:\/\/d2p6e6u75xmxt8.cloudfront.net\/13\/2024\/01\/mcr-stybar-schody-1024x683.webp 1024w, https:\/\/d2p6e6u75xmxt8.cloudfront.net\/13\/2024\/01\/mcr-stybar-schody-768x512.webp 768w, https:\/\/d2p6e6u75xmxt8.cloudfront.net\/13\/2024\/01\/mcr-stybar-schody-1536x1024.webp 1536w, https:\/\/d2p6e6u75xmxt8.cloudfront.net\/13\/2024\/01\/mcr-stybar-schody-400x267.webp 400w, https:\/\/d2p6e6u75xmxt8.cloudfront.net\/13\/2024\/01\/mcr-stybar-schody-272x182.webp 272w\" sizes=\"auto, (max-width: 1600px) 100vw, 1600px\" \/><\/a><\/p>\n<p>Zden\u011bk \u0160tybar m\u011bl nejd\u0159\u00edve probl\u00e9my s technikou. \u201ePo jednom ze sjezd\u016f z mostku mi zajela \u0159\u00edd\u00edtka. Pak je\u0161t\u011b jednou, tak\u017ee jsem musel kolo m\u011bnit. Tak\u00e9 jsem nech\u00e1val odfouknout gumy, proto\u017ee jsem se b\u00e1l defektu. U\u017e dlouho jsem na tak zmrzl\u00e9 trati nejel,\u201c kr\u010dil rameny borec, pro n\u011bho\u017e bude \u0161ampion\u00e1t v T\u00e1bo\u0159e prvn\u00ed \u00fanorov\u00fd v\u00edkend posledn\u00edm v kari\u00e9\u0159e.<\/p>\n<p><a href=\"https:\/\/d2p6e6u75xmxt8.cloudfront.net\/13\/2024\/01\/mcr-stybar-.webp\"><img loading=\"lazy\" decoding=\"async\" class=\"alignnone size-full wp-image-24519\" src=\"https:\/\/d2p6e6u75xmxt8.cloudfront.net\/13\/2024\/01\/mcr-stybar-.webp\" alt=\"\" width=\"1600\" height=\"1067\" srcset=\"https:\/\/d2p6e6u75xmxt8.cloudfront.net\/13\/2024\/01\/mcr-stybar-.webp 1600w, https:\/\/d2p6e6u75xmxt8.cloudfront.net\/13\/2024\/01\/mcr-stybar--300x200.webp 300w, https:\/\/d2p6e6u75xmxt8.cloudfront.net\/13\/2024\/01\/mcr-stybar--1024x683.webp 1024w, https:\/\/d2p6e6u75xmxt8.cloudfront.net\/13\/2024\/01\/mcr-stybar--768x512.webp 768w, https:\/\/d2p6e6u75xmxt8.cloudfront.net\/13\/2024\/01\/mcr-stybar--1536x1024.webp 1536w, https:\/\/d2p6e6u75xmxt8.cloudfront.net\/13\/2024\/01\/mcr-stybar--400x267.webp 400w, https:\/\/d2p6e6u75xmxt8.cloudfront.net\/13\/2024\/01\/mcr-stybar--272x182.webp 272w\" sizes=\"auto, (max-width: 1600px) 100vw, 1600px\" \/><\/a><\/p>\n<p>\u201eRozhoduj\u00edc\u00edm okam\u017eikem bylo, kdy\u017e jsem po v\u00fdb\u011bhu schod\u016f spr\u00e1vn\u011b nenasko\u010dil na kolo. Boro\u0161 mi odjel a j\u00e1 v\u011bd\u011bl, \u017ee bude t\u011b\u017ek\u00e9 ho chytit. Ztratil jsem kontakt. U\u017e nejsem tak v\u00fdbu\u0161n\u00fd a rychl\u00fd jako p\u0159ed deseti lety,\u201c usm\u00e1l se Zden\u011bk \u0160tybar.<\/p>\n<p><a href=\"https:\/\/d2p6e6u75xmxt8.cloudfront.net\/13\/2024\/01\/mcr-stupne-komplet-muzi.webp\"><img loading=\"lazy\" decoding=\"async\" class=\"alignnone size-full wp-image-24517\" src=\"https:\/\/d2p6e6u75xmxt8.cloudfront.net\/13\/2024\/01\/mcr-stupne-komplet-muzi.webp\" alt=\"\" width=\"1600\" height=\"1067\" srcset=\"https:\/\/d2p6e6u75xmxt8.cloudfront.net\/13\/2024\/01\/mcr-stupne-komplet-muzi.webp 1600w, https:\/\/d2p6e6u75xmxt8.cloudfront.net\/13\/2024\/01\/mcr-stupne-komplet-muzi-300x200.webp 300w, https:\/\/d2p6e6u75xmxt8.cloudfront.net\/13\/2024\/01\/mcr-stupne-komplet-muzi-1024x683.webp 1024w, https:\/\/d2p6e6u75xmxt8.cloudfront.net\/13\/2024\/01\/mcr-stupne-komplet-muzi-768x512.webp 768w, https:\/\/d2p6e6u75xmxt8.cloudfront.net\/13\/2024\/01\/mcr-stupne-komplet-muzi-1536x1024.webp 1536w, https:\/\/d2p6e6u75xmxt8.cloudfront.net\/13\/2024\/01\/mcr-stupne-komplet-muzi-400x267.webp 400w, https:\/\/d2p6e6u75xmxt8.cloudfront.net\/13\/2024\/01\/mcr-stupne-komplet-muzi-272x182.webp 272w\" sizes=\"auto, (max-width: 1600px) 100vw, 1600px\" \/><\/a><\/p>\n<p>\u201eKondi\u010dn\u011b jsem na tom dob\u0159e. Ale mus\u00edm potr\u00e9novat techniku, kde jsou ur\u010dit\u011b rezervy. B\u011bhem silni\u010dn\u00ed kari\u00e9ry nebylo na specializovan\u00e9 tr\u00e9ninky moc prostoru. Sm\u011brem k\u00a0mistrovstv\u00ed sv\u011bta se ale je\u0161t\u011b ur\u010dit\u011b dok\u00e1\u017eu zlep\u0161it,\u201c sliboval Zden\u011bk \u0160tybar s\u00a0vidinou lou\u010den\u00ed na dom\u00e1c\u00ed p\u016fd\u011b.<\/p>\n<p><em>Foto: Michal \u010cerven\u00fd (14x)<\/em><\/p>\n","protected":false},"excerpt":{"rendered":"<p>V\u00edt\u011bzn\u00e1 ta\u017een\u00ed z\u016fstala nep\u0159eru\u0161ena! Teprve dvacetilet\u00e1 Krist\u00fdna Zemanov\u00e1 z\u00edskala na mistrovstv\u00ed republiky v cyklokrosu v jiho\u010desk\u00e9m T\u00e1bo\u0159e u\u017e t\u0159et\u00ed titul [&hellip;]<\/p>\n","protected":false},"author":138,"featured_media":24504,"comment_status":"open","ping_status":"open","sticky":false,"template":"","format":"standard","meta":{"footnotes":""},"categories":[1303,10],"tags":[983,126,723,2026,3382,3380,1311,914,3381,73],"global-categories":[411],"class_list":["post-24509","post","type-post","status-publish","format-standard","has-post-thumbnail","hentry","category-cyklokros","category-silnicni-cyklistika","tag-adam-toupalik","tag-cyklistika","tag-cyklokros","tag-kristyna-zemanova","tag-krystof-bazant","tag-mcr-cyklokros-2024","tag-michael-boros","tag-nikola-noskova","tag-tabor-2024","tag-zdenek-stybar","global-categories-cycling"],"yoast_head":"<!-- This site is optimized with the Yoast SEO Premium plugin v25.3 (Yoast SEO v25.9) - https:\/\/yoast.com\/wordpress\/plugins\/seo\/ -->\n<title>Krist\u00fdna Zemanov\u00e1 slav\u00ed zlat\u00fd hattrick, Michael Boro\u0161 rekordn\u00ed sedm\u00fd titul | \u0160koda We Love Cycling - \u010cesk\u00e1 republika<\/title>\n<meta name=\"description\" content=\"V\u00edt\u011bzn\u00e1 ta\u017een\u00ed z\u016fstala nep\u0159eru\u0161ena! Teprve dvacetilet\u00e1 Krist\u00fdna Zemanov\u00e1 z\u00edskala na mistrovstv\u00ed republiky v\u00a0cyklokrosu v\u00a0jiho\u010desk\u00e9m T\u00e1bo\u0159e u\u017e t\u0159et\u00ed titul v\u00a0\u0159ad\u011b. Mezi mu\u017ei vl\u00e1dne u\u017e \u010dty\u0159i roky Michael Boro\u0161, kter\u00fd m\u00e1 po ned\u011bln\u00edm dom\u00e1c\u00edm \u0161ampion\u00e1tu v\u00a0jiho\u010desk\u00e9m T\u00e1bo\u0159e u\u017e sedm titul\u016f!\" \/>\n<meta name=\"robots\" content=\"index, follow, max-snippet:-1, max-image-preview:large, max-video-preview:-1\" \/>\n<link rel=\"canonical\" href=\"https:\/\/www.welovecycling.com\/cs\/2024\/01\/14\/kristyna-zemanova-slavi-zlaty-hattrick-michael-boros-rekordni-sedmy-titul\/\" \/>\n<meta property=\"og:locale\" content=\"cs_CZ\" \/>\n<meta property=\"og:type\" content=\"article\" \/>\n<meta property=\"og:title\" content=\"Krist\u00fdna Zemanov\u00e1 slav\u00ed zlat\u00fd hattrick, Michael Boro\u0161 rekordn\u00ed sedm\u00fd titul\" \/>\n<meta property=\"og:description\" content=\"V\u00edt\u011bzn\u00e1 ta\u017een\u00ed z\u016fstala nep\u0159eru\u0161ena! Teprve dvacetilet\u00e1 Krist\u00fdna Zemanov\u00e1 z\u00edskala na mistrovstv\u00ed republiky v\u00a0cyklokrosu v\u00a0jiho\u010desk\u00e9m T\u00e1bo\u0159e u\u017e t\u0159et\u00ed titul v\u00a0\u0159ad\u011b. Mezi mu\u017ei vl\u00e1dne u\u017e \u010dty\u0159i roky Michael Boro\u0161, kter\u00fd m\u00e1 po ned\u011bln\u00edm dom\u00e1c\u00edm \u0161ampion\u00e1tu v\u00a0jiho\u010desk\u00e9m T\u00e1bo\u0159e u\u017e sedm titul\u016f!\" \/>\n<meta property=\"og:url\" content=\"https:\/\/www.welovecycling.com\/cs\/2024\/01\/14\/kristyna-zemanova-slavi-zlaty-hattrick-michael-boros-rekordni-sedmy-titul\/\" \/>\n<meta property=\"og:site_name\" content=\"\u0160koda We Love Cycling - \u010cesk\u00e1 republika\" \/>\n<meta property=\"article:published_time\" content=\"2024-01-14T18:19:05+00:00\" \/>\n<meta property=\"article:modified_time\" content=\"2024-01-14T18:24:45+00:00\" \/>\n<meta property=\"og:image\" content=\"https:\/\/d2p6e6u75xmxt8.cloudfront.net\/13\/2024\/01\/mcr-kristyna-zemanova-II.webp\" \/>\n\t<meta property=\"og:image:width\" content=\"1600\" \/>\n\t<meta property=\"og:image:height\" content=\"1067\" \/>\n\t<meta property=\"og:image:type\" content=\"image\/webp\" \/>\n<meta name=\"author\" content=\"radekmalina\" \/>\n<meta name=\"twitter:card\" content=\"summary_large_image\" \/>\n<meta name=\"twitter:label1\" content=\"Written by\" \/>\n\t<meta name=\"twitter:data1\" content=\"We Love Cycling\" \/>\n\t<meta name=\"twitter:label2\" content=\"Est. reading time\" \/>\n\t<meta name=\"twitter:data2\" content=\"6\" \/>\n<script type=\"application\/ld+json\" class=\"yoast-schema-graph\">{\"@context\":\"https:\/\/schema.org\",\"@graph\":[{\"@type\":\"WebPage\",\"@id\":\"https:\/\/www.welovecycling.com\/cs\/2024\/01\/14\/kristyna-zemanova-slavi-zlaty-hattrick-michael-boros-rekordni-sedmy-titul\/\",\"url\":\"https:\/\/www.welovecycling.com\/cs\/2024\/01\/14\/kristyna-zemanova-slavi-zlaty-hattrick-michael-boros-rekordni-sedmy-titul\/\",\"name\":\"Krist\u00fdna Zemanov\u00e1 slav\u00ed zlat\u00fd hattrick, Michael Boro\u0161 rekordn\u00ed sedm\u00fd titul | \u0160koda We Love Cycling - \u010cesk\u00e1 republika\",\"isPartOf\":{\"@id\":\"https:\/\/www.welovecycling.com\/cs\/#website\"},\"primaryImageOfPage\":{\"@id\":\"https:\/\/www.welovecycling.com\/cs\/2024\/01\/14\/kristyna-zemanova-slavi-zlaty-hattrick-michael-boros-rekordni-sedmy-titul\/#primaryimage\"},\"image\":{\"@id\":\"https:\/\/www.welovecycling.com\/cs\/2024\/01\/14\/kristyna-zemanova-slavi-zlaty-hattrick-michael-boros-rekordni-sedmy-titul\/#primaryimage\"},\"thumbnailUrl\":\"https:\/\/d2p6e6u75xmxt8.cloudfront.net\/13\/2024\/01\/mcr-kristyna-zemanova-II.webp\",\"datePublished\":\"2024-01-14T18:19:05+00:00\",\"dateModified\":\"2024-01-14T18:24:45+00:00\",\"author\":{\"@id\":\"https:\/\/www.welovecycling.com\/cs\/#\/schema\/person\/d9eeb0a378f3a7e4a6d12d2b536b04b8\"},\"description\":\"V\u00edt\u011bzn\u00e1 ta\u017een\u00ed z\u016fstala nep\u0159eru\u0161ena! Teprve dvacetilet\u00e1 Krist\u00fdna Zemanov\u00e1 z\u00edskala na mistrovstv\u00ed republiky v\u00a0cyklokrosu v\u00a0jiho\u010desk\u00e9m T\u00e1bo\u0159e u\u017e t\u0159et\u00ed titul v\u00a0\u0159ad\u011b. Mezi mu\u017ei vl\u00e1dne u\u017e \u010dty\u0159i roky Michael Boro\u0161, kter\u00fd m\u00e1 po ned\u011bln\u00edm dom\u00e1c\u00edm \u0161ampion\u00e1tu v\u00a0jiho\u010desk\u00e9m T\u00e1bo\u0159e u\u017e sedm titul\u016f!\",\"inLanguage\":\"cs\",\"potentialAction\":[{\"@type\":\"ReadAction\",\"target\":[\"https:\/\/www.welovecycling.com\/cs\/2024\/01\/14\/kristyna-zemanova-slavi-zlaty-hattrick-michael-boros-rekordni-sedmy-titul\/\"]}]},{\"@type\":\"ImageObject\",\"inLanguage\":\"cs\",\"@id\":\"https:\/\/www.welovecycling.com\/cs\/2024\/01\/14\/kristyna-zemanova-slavi-zlaty-hattrick-michael-boros-rekordni-sedmy-titul\/#primaryimage\",\"url\":\"https:\/\/d2p6e6u75xmxt8.cloudfront.net\/13\/2024\/01\/mcr-kristyna-zemanova-II.webp\",\"contentUrl\":\"https:\/\/d2p6e6u75xmxt8.cloudfront.net\/13\/2024\/01\/mcr-kristyna-zemanova-II.webp\",\"width\":1600,\"height\":1067,\"caption\":\"Krist\u00fdna Zemanov\u00e1\"},{\"@type\":\"WebSite\",\"@id\":\"https:\/\/www.welovecycling.com\/cs\/#website\",\"url\":\"https:\/\/www.welovecycling.com\/cs\/\",\"name\":\"\u0160koda We Love Cycling - \u010cesk\u00e1 republika\",\"description\":\"WeLoveCycling.cz je online magaz\u00edn, kter\u00fd v\u00e1m pravideln\u011b p\u0159in\u00e1\u0161\u00ed rady a tipy, zaj\u00edmav\u00e9 \u010dl\u00e1nky, videa a jedine\u010dn\u00e9 report\u00e1\u017ee ze sv\u011bta cyklistiky.\",\"potentialAction\":[{\"@type\":\"SearchAction\",\"target\":{\"@type\":\"EntryPoint\",\"urlTemplate\":\"https:\/\/www.welovecycling.com\/cs\/?s={search_term_string}\"},\"query-input\":{\"@type\":\"PropertyValueSpecification\",\"valueRequired\":true,\"valueName\":\"search_term_string\"}}],\"inLanguage\":\"cs\"},{\"@type\":\"Person\",\"@id\":\"https:\/\/www.welovecycling.com\/cs\/#\/schema\/person\/d9eeb0a378f3a7e4a6d12d2b536b04b8\",\"name\":\"radekmalina\",\"image\":{\"@type\":\"ImageObject\",\"inLanguage\":\"cs\",\"@id\":\"https:\/\/www.welovecycling.com\/cs\/#\/schema\/person\/image\/\",\"url\":\"https:\/\/secure.gravatar.com\/avatar\/66994b632cb8c39a46b9f54afa3ae07201b678d32a54275b6f1c9ffec356bfc0?s=96&d=mm&r=g\",\"contentUrl\":\"https:\/\/secure.gravatar.com\/avatar\/66994b632cb8c39a46b9f54afa3ae07201b678d32a54275b6f1c9ffec356bfc0?s=96&d=mm&r=g\",\"caption\":\"radekmalina\"},\"url\":\"https:\/\/www.welovecycling.com\/cs\/author\/radekmalina\/\"}]}<\/script>\n<!-- \/ Yoast SEO Premium plugin. -->","yoast_head_json":{"title":"Krist\u00fdna Zemanov\u00e1 slav\u00ed zlat\u00fd hattrick, Michael Boro\u0161 rekordn\u00ed sedm\u00fd titul | \u0160koda We Love Cycling - \u010cesk\u00e1 republika","description":"V\u00edt\u011bzn\u00e1 ta\u017een\u00ed z\u016fstala nep\u0159eru\u0161ena! Teprve dvacetilet\u00e1 Krist\u00fdna Zemanov\u00e1 z\u00edskala na mistrovstv\u00ed republiky v\u00a0cyklokrosu v\u00a0jiho\u010desk\u00e9m T\u00e1bo\u0159e u\u017e t\u0159et\u00ed titul v\u00a0\u0159ad\u011b. Mezi mu\u017ei vl\u00e1dne u\u017e \u010dty\u0159i roky Michael Boro\u0161, kter\u00fd m\u00e1 po ned\u011bln\u00edm dom\u00e1c\u00edm \u0161ampion\u00e1tu v\u00a0jiho\u010desk\u00e9m T\u00e1bo\u0159e u\u017e sedm titul\u016f!","robots":{"index":"index","follow":"follow","max-snippet":"max-snippet:-1","max-image-preview":"max-image-preview:large","max-video-preview":"max-video-preview:-1"},"canonical":"https:\/\/www.welovecycling.com\/cs\/2024\/01\/14\/kristyna-zemanova-slavi-zlaty-hattrick-michael-boros-rekordni-sedmy-titul\/","og_locale":"cs_CZ","og_type":"article","og_title":"Krist\u00fdna Zemanov\u00e1 slav\u00ed zlat\u00fd hattrick, Michael Boro\u0161 rekordn\u00ed sedm\u00fd titul","og_description":"V\u00edt\u011bzn\u00e1 ta\u017een\u00ed z\u016fstala nep\u0159eru\u0161ena! Teprve dvacetilet\u00e1 Krist\u00fdna Zemanov\u00e1 z\u00edskala na mistrovstv\u00ed republiky v\u00a0cyklokrosu v\u00a0jiho\u010desk\u00e9m T\u00e1bo\u0159e u\u017e t\u0159et\u00ed titul v\u00a0\u0159ad\u011b. Mezi mu\u017ei vl\u00e1dne u\u017e \u010dty\u0159i roky Michael Boro\u0161, kter\u00fd m\u00e1 po ned\u011bln\u00edm dom\u00e1c\u00edm \u0161ampion\u00e1tu v\u00a0jiho\u010desk\u00e9m T\u00e1bo\u0159e u\u017e sedm titul\u016f!","og_url":"https:\/\/www.welovecycling.com\/cs\/2024\/01\/14\/kristyna-zemanova-slavi-zlaty-hattrick-michael-boros-rekordni-sedmy-titul\/","og_site_name":"\u0160koda We Love Cycling - \u010cesk\u00e1 republika","article_published_time":"2024-01-14T18:19:05+00:00","article_modified_time":"2024-01-14T18:24:45+00:00","og_image":[{"width":1600,"height":1067,"url":"https:\/\/d2p6e6u75xmxt8.cloudfront.net\/13\/2024\/01\/mcr-kristyna-zemanova-II.webp","type":"image\/webp"}],"author":"radekmalina","twitter_card":"summary_large_image","twitter_misc":{"Written by":"We Love Cycling","Est. reading time":"6"},"schema":{"@context":"https:\/\/schema.org","@graph":[{"@type":"WebPage","@id":"https:\/\/www.welovecycling.com\/cs\/2024\/01\/14\/kristyna-zemanova-slavi-zlaty-hattrick-michael-boros-rekordni-sedmy-titul\/","url":"https:\/\/www.welovecycling.com\/cs\/2024\/01\/14\/kristyna-zemanova-slavi-zlaty-hattrick-michael-boros-rekordni-sedmy-titul\/","name":"Krist\u00fdna Zemanov\u00e1 slav\u00ed zlat\u00fd hattrick, Michael Boro\u0161 rekordn\u00ed sedm\u00fd titul | \u0160koda We Love Cycling - \u010cesk\u00e1 republika","isPartOf":{"@id":"https:\/\/www.welovecycling.com\/cs\/#website"},"primaryImageOfPage":{"@id":"https:\/\/www.welovecycling.com\/cs\/2024\/01\/14\/kristyna-zemanova-slavi-zlaty-hattrick-michael-boros-rekordni-sedmy-titul\/#primaryimage"},"image":{"@id":"https:\/\/www.welovecycling.com\/cs\/2024\/01\/14\/kristyna-zemanova-slavi-zlaty-hattrick-michael-boros-rekordni-sedmy-titul\/#primaryimage"},"thumbnailUrl":"https:\/\/d2p6e6u75xmxt8.cloudfront.net\/13\/2024\/01\/mcr-kristyna-zemanova-II.webp","datePublished":"2024-01-14T18:19:05+00:00","dateModified":"2024-01-14T18:24:45+00:00","author":{"@id":"https:\/\/www.welovecycling.com\/cs\/#\/schema\/person\/d9eeb0a378f3a7e4a6d12d2b536b04b8"},"description":"V\u00edt\u011bzn\u00e1 ta\u017een\u00ed z\u016fstala nep\u0159eru\u0161ena! Teprve dvacetilet\u00e1 Krist\u00fdna Zemanov\u00e1 z\u00edskala na mistrovstv\u00ed republiky v\u00a0cyklokrosu v\u00a0jiho\u010desk\u00e9m T\u00e1bo\u0159e u\u017e t\u0159et\u00ed titul v\u00a0\u0159ad\u011b. Mezi mu\u017ei vl\u00e1dne u\u017e \u010dty\u0159i roky Michael Boro\u0161, kter\u00fd m\u00e1 po ned\u011bln\u00edm dom\u00e1c\u00edm \u0161ampion\u00e1tu v\u00a0jiho\u010desk\u00e9m T\u00e1bo\u0159e u\u017e sedm titul\u016f!","inLanguage":"cs","potentialAction":[{"@type":"ReadAction","target":["https:\/\/www.welovecycling.com\/cs\/2024\/01\/14\/kristyna-zemanova-slavi-zlaty-hattrick-michael-boros-rekordni-sedmy-titul\/"]}]},{"@type":"ImageObject","inLanguage":"cs","@id":"https:\/\/www.welovecycling.com\/cs\/2024\/01\/14\/kristyna-zemanova-slavi-zlaty-hattrick-michael-boros-rekordni-sedmy-titul\/#primaryimage","url":"https:\/\/d2p6e6u75xmxt8.cloudfront.net\/13\/2024\/01\/mcr-kristyna-zemanova-II.webp","contentUrl":"https:\/\/d2p6e6u75xmxt8.cloudfront.net\/13\/2024\/01\/mcr-kristyna-zemanova-II.webp","width":1600,"height":1067,"caption":"Krist\u00fdna Zemanov\u00e1"},{"@type":"WebSite","@id":"https:\/\/www.welovecycling.com\/cs\/#website","url":"https:\/\/www.welovecycling.com\/cs\/","name":"\u0160koda We Love Cycling - \u010cesk\u00e1 republika","description":"WeLoveCycling.cz je online magaz\u00edn, kter\u00fd v\u00e1m pravideln\u011b p\u0159in\u00e1\u0161\u00ed rady a tipy, zaj\u00edmav\u00e9 \u010dl\u00e1nky, videa a jedine\u010dn\u00e9 report\u00e1\u017ee ze sv\u011bta cyklistiky.","potentialAction":[{"@type":"SearchAction","target":{"@type":"EntryPoint","urlTemplate":"https:\/\/www.welovecycling.com\/cs\/?s={search_term_string}"},"query-input":{"@type":"PropertyValueSpecification","valueRequired":true,"valueName":"search_term_string"}}],"inLanguage":"cs"},{"@type":"Person","@id":"https:\/\/www.welovecycling.com\/cs\/#\/schema\/person\/d9eeb0a378f3a7e4a6d12d2b536b04b8","name":"radekmalina","image":{"@type":"ImageObject","inLanguage":"cs","@id":"https:\/\/www.welovecycling.com\/cs\/#\/schema\/person\/image\/","url":"https:\/\/secure.gravatar.com\/avatar\/66994b632cb8c39a46b9f54afa3ae07201b678d32a54275b6f1c9ffec356bfc0?s=96&d=mm&r=g","contentUrl":"https:\/\/secure.gravatar.com\/avatar\/66994b632cb8c39a46b9f54afa3ae07201b678d32a54275b6f1c9ffec356bfc0?s=96&d=mm&r=g","caption":"radekmalina"},"url":"https:\/\/www.welovecycling.com\/cs\/author\/radekmalina\/"}]}},"_links":{"self":[{"href":"https:\/\/www.welovecycling.com\/cs\/wp-json\/wp\/v2\/posts\/24509","targetHints":{"allow":["GET"]}}],"collection":[{"href":"https:\/\/www.welovecycling.com\/cs\/wp-json\/wp\/v2\/posts"}],"about":[{"href":"https:\/\/www.welovecycling.com\/cs\/wp-json\/wp\/v2\/types\/post"}],"author":[{"embeddable":true,"href":"https:\/\/www.welovecycling.com\/cs\/wp-json\/wp\/v2\/users\/138"}],"replies":[{"embeddable":true,"href":"https:\/\/www.welovecycling.com\/cs\/wp-json\/wp\/v2\/comments?post=24509"}],"version-history":[{"count":8,"href":"https:\/\/www.welovecycling.com\/cs\/wp-json\/wp\/v2\/posts\/24509\/revisions"}],"predecessor-version":[{"id":24527,"href":"https:\/\/www.welovecycling.com\/cs\/wp-json\/wp\/v2\/posts\/24509\/revisions\/24527"}],"wp:featuredmedia":[{"embeddable":true,"href":"https:\/\/www.welovecycling.com\/cs\/wp-json\/wp\/v2\/media\/24504"}],"wp:attachment":[{"href":"https:\/\/www.welovecycling.com\/cs\/wp-json\/wp\/v2\/media?parent=24509"}],"wp:term":[{"taxonomy":"category","embeddable":true,"href":"https:\/\/www.welovecycling.com\/cs\/wp-json\/wp\/v2\/categories?post=24509"},{"taxonomy":"post_tag","embeddable":true,"href":"https:\/\/www.welovecycling.com\/cs\/wp-json\/wp\/v2\/tags?post=24509"},{"taxonomy":"global-categories","embeddable":true,"href":"https:\/\/www.welovecycling.com\/cs\/wp-json\/wp\/v2\/global-categories?post=24509"}],"curies":[{"name":"wp","href":"https:\/\/api.w.org\/{rel}","templated":true}]}}