{"id":24484,"date":"2024-01-12T17:00:45","date_gmt":"2024-01-12T15:00:45","guid":{"rendered":"https:\/\/www.welovecycling.com\/cs\/?p=24484"},"modified":"2024-01-12T12:50:16","modified_gmt":"2024-01-12T10:50:16","slug":"24475","status":"publish","type":"post","link":"https:\/\/www.welovecycling.com\/cs\/2024\/01\/12\/24475\/","title":{"rendered":"T\u0159i \u010ce\u0161i na startu sezony World Tour v Austr\u00e1lii"},"content":{"rendered":"<p><strong>V\u00a0dalek\u00e9 Austr\u00e1lii startuje sezona World Tour. P\u0159esto\u017ee Evropu sv\u00edraj\u00ed mrazy, pro silni\u010dn\u00ed cyklisty dlouh\u00e1 a mnoh\u00fdmi nen\u00e1vid\u011bn\u00e1 zimn\u00ed pauza kon\u010d\u00ed! P\u0159i z\u00e1vod\u011b Tour Down Under odstartuje elitn\u00ed peloton 16. ledna bitvu o prvn\u00ed etapov\u00e9 v\u00edt\u011bzstv\u00ed.<\/strong><\/p>\n<p>U protino\u017ec\u016f se p\u0159edstav\u00ed hned trojl\u00edstek \u010desk\u00fdch cyklist\u016f, kte\u0159\u00ed p\u016fsob\u00ed v\u00a0elitn\u00edch t\u00fdmech: <a href=\"https:\/\/www.welovecycling.com\/cs\/2023\/12\/20\/mathias-vacek-rok-2024-rozhodne-jestli-budu-lidr-nebo-domestik\/\">Mathias Vacek<\/a> (Lidl-Trek), Pavel Bittner (DSM-firmenich PostNL) a Josef \u010cern\u00fd (Soudal-Quick Step).<\/p>\n<p><a href=\"https:\/\/www.instagram.com\/p\/C12jQrjSQNo\/?hl=cs\">https:\/\/www.instagram.com\/p\/C12jQrjSQNo\/?hl=cs<\/a><\/p>\n<p>I kdy\u017e je term\u00ednov\u00fd kalend\u00e1\u0159 ne\u00faprosn\u00fd a t\u00fdmy World Tour mus\u00ed v\u00a0Austr\u00e1lii startovat, v\u011bt\u0161ina z\u00a0nich bere \u00fa\u010dast jako dobrou p\u0159\u00edpravu v\u00a0ide\u00e1ln\u00edch klimatick\u00fdch podm\u00ednk\u00e1ch bez p\u0159ehnan\u00fdch ambic\u00ed na v\u00fdsledek. Tedy krom\u011b australsk\u00fdch a novoz\u00e9landsk\u00fdch z\u00e1vodn\u00edk\u016f, pro kter\u00e9 jde o jednu z\u00a0m\u00e1la \u0161anc\u00ed uk\u00e1zat se \u201edoma\u201c. A v\u011bt\u0161inou bojuj\u00ed o celkov\u00e9 v\u00edt\u011bzstv\u00ed. Za posledn\u00edch 10 let vyhr\u00e1li Australan\u00e9 Tour Down Under \u0161estkr\u00e1t, z\u00a0toho se dvakr\u00e1t nejelo kv\u016fli pandemii covid-19.<\/p>\n<p>Austr\u00e1lie je jen jakousi p\u0159edehrou k \u201eostr\u00e9\u201c \u010d\u00e1sti sezony, kter\u00e1 naplno odstartuje v\u00a0Evrop\u011b. Ale je\u0161t\u011b p\u0159edt\u00edm se cyklist\u00e9 p\u0159edstav\u00ed ve druh\u00e9 polovin\u011b \u00fanora na Arabsk\u00e9m poloostrov\u011b p\u0159i UAE Tour.<\/p>\n<h2><strong>Kostkov\u00e9 klasiky u\u017e v \u00fanoru<\/strong><\/h2>\n<p>Obdob\u00ed od konce \u00fanora do dubna se nese mj. ve znamen\u00ed klasik. Prvn\u00ed z\u00a0nich, Omloop Het Nieuwsblad, je na programu 24. \u00fanora a pak u\u017e to pojede naplno: Strade Bianche (2. 3.), Mil\u00e1n-San Remo (16. 3.), Brugge-De Panne (20. 3.), E3 (22.3.), Gent-Wevelgem (24. 3.), Dwars door Vlaanderen (27. 3.). K\u00a0tomu samoz\u0159ejm\u011b velk\u00fd vrchol v\u00a0podob\u011b kr\u00e1lovny kostkov\u00fdch klasik Kolem Flander (31. 3.) a Pa\u0159\u00ed\u017e-Roubaix (7. 4.). Na n\u011b plynule nav\u00e1\u017eou ardensk\u00e9 klasiky s\u00a0v\u011bt\u0161\u00edm po\u010dtem kopc\u016f: Amstel Gold Race (14. 4.), Valonsk\u00fd \u0161\u00edp (17. 4.) a Lutych-Bastogne-Lutych (21. 4.).<\/p>\n<figure id=\"attachment_20814\" aria-describedby=\"caption-attachment-20814\" style=\"width: 1800px\" class=\"wp-caption alignnone\"><a href=\"https:\/\/d2p6e6u75xmxt8.cloudfront.net\/13\/2023\/02\/omloop-profimedia-0684161271.webp\"><img loading=\"lazy\" decoding=\"async\" class=\"size-full wp-image-20814\" src=\"https:\/\/d2p6e6u75xmxt8.cloudfront.net\/13\/2023\/02\/omloop-profimedia-0684161271.webp\" alt=\"Omloop Het Niewuwsblad otev\u0159e \u010d\u00e1st kostkov\u00e9 cyklistick\u00e9 sezony. Vrcholem bude Pa\u0159\u00ed\u017e-Roubaix.\" width=\"1800\" height=\"1199\" srcset=\"https:\/\/d2p6e6u75xmxt8.cloudfront.net\/13\/2023\/02\/omloop-profimedia-0684161271.webp 1800w, https:\/\/d2p6e6u75xmxt8.cloudfront.net\/13\/2023\/02\/omloop-profimedia-0684161271-300x200.webp 300w, https:\/\/d2p6e6u75xmxt8.cloudfront.net\/13\/2023\/02\/omloop-profimedia-0684161271-1024x682.webp 1024w, https:\/\/d2p6e6u75xmxt8.cloudfront.net\/13\/2023\/02\/omloop-profimedia-0684161271-768x512.webp 768w, https:\/\/d2p6e6u75xmxt8.cloudfront.net\/13\/2023\/02\/omloop-profimedia-0684161271-1536x1023.webp 1536w, https:\/\/d2p6e6u75xmxt8.cloudfront.net\/13\/2023\/02\/omloop-profimedia-0684161271-400x266.webp 400w, https:\/\/d2p6e6u75xmxt8.cloudfront.net\/13\/2023\/02\/omloop-profimedia-0684161271-272x182.webp 272w\" sizes=\"auto, (max-width: 1800px) 100vw, 1800px\" \/><\/a><figcaption id=\"caption-attachment-20814\" class=\"wp-caption-text\"><em>Omloop Het Niewuwsblad otev\u0159e \u010d\u00e1st kostkov\u00e9 cyklistick\u00e9 sezony. Vrcholem bude Pa\u0159\u00ed\u017e-Roubaix.\u00a0<\/em><\/figcaption><\/figure>\n<p>Z nejv\u011bt\u0161\u00edch etapov\u00fdch z\u00e1vod\u016f v prvn\u00ed \u010d\u00e1sti sezony by tradi\u010dn\u011b m\u011bly hr\u00e1t prim co do dramati\u010dnosti a hv\u011bzdn\u00e9ho obsazen\u00ed Pa\u0159\u00ed\u017e-Nice (3. \u2013 10. 3.), soub\u011b\u017en\u011b se jede Tirreno-Adriatico (4. \u2013 10. 3.) nap\u0159\u00ed\u010d Apeninsk\u00fdm poloostrovem. Je\u0161t\u011b v b\u0159eznu n\u00e1sleduje Kolem Katal\u00e1nska (18. \u2013 24. 3.) s tradi\u010dn\u011b v\u00fdborn\u00fdm pelotonem. \u00davod dubna pak obstar\u00e1 sledovan\u00fd z\u00e1vod Kolem Baskicka (1. \u2013 6. 4.) a v neposledn\u00ed \u0159ad\u011b bude poutat pozornost Kolem Romandie (23. \u2013 28. 4.)&#8230;<\/p>\n<div class=\"shortcode-ys-post-pinup\"><article class=\"loop-simple post-24453 post type-post status-publish format-standard has-post-thumbnail hentry category-silnicni-cyklistika tag-cyklistika tag-fabio-jakobsen tag-isaac-del-toro tag-mark-cavendish tag-matteo-jorgenson tag-mikel-landa tag-prestupy-2024 tag-primoz-roglic tag-sam-bennett tag-silnicni-cyklistika tag-tao-geoghegan-hart tag-top-10-transferu tag-top-10-transferu-2024 tag-transfery global-categories-cycling\" data-postid=\"24453\" role=\"article\" data-post-id=\"24453\" data-word-count=\"744\" data-headline-length=\"29\" data-category=\"Silni\u010dn\u00ed cyklistika\" data-global-category=\"Cycling\" data-author=\"We Love Cycling\" data-published=\"2024-01-08T06:00:44+02:00\" data-published-day=\"Monday\">\n    <div class=\"entry-thumbnail article-thumbnail\" content=\"https:\/\/d2p6e6u75xmxt8.cloudfront.net\/13\/2024\/01\/profimedia-0813723674-150x150.webp\"><a href=\"https:\/\/www.welovecycling.com\/cs\/2024\/01\/08\/top-10-transferu-sezony-2024\/\" class=\"image-holder\" target=\"_self\"><img decoding=\"async\" loading=\"lazy\" class=\"\" src=\"https:\/\/d2p6e6u75xmxt8.cloudfront.net\/13\/2024\/01\/profimedia-0813723674-1024x680.webp\" srcset=\"https:\/\/d2p6e6u75xmxt8.cloudfront.net\/13\/2024\/01\/profimedia-0813723674.webp 1800w, https:\/\/d2p6e6u75xmxt8.cloudfront.net\/13\/2024\/01\/profimedia-0813723674-300x199.webp 300w, https:\/\/d2p6e6u75xmxt8.cloudfront.net\/13\/2024\/01\/profimedia-0813723674-1024x680.webp 1024w, https:\/\/d2p6e6u75xmxt8.cloudfront.net\/13\/2024\/01\/profimedia-0813723674-768x510.webp 768w, https:\/\/d2p6e6u75xmxt8.cloudfront.net\/13\/2024\/01\/profimedia-0813723674-1536x1020.webp 1536w, https:\/\/d2p6e6u75xmxt8.cloudfront.net\/13\/2024\/01\/profimedia-0813723674-400x266.webp 400w, https:\/\/d2p6e6u75xmxt8.cloudfront.net\/13\/2024\/01\/profimedia-0813723674-272x182.webp 272w\" width=\"1024\" height=\"680\" sizes=\"auto, (min-width: 1200px) 302px, (min-width: 768px) 25vw, 100vw\" alt=\"top-10-transferu-sezony-2024\"\/><\/a><\/div>    <div class=\"entry-meta\">\n        <a class=\"label label-secondary post-category\" href=\"https:\/\/www.welovecycling.com\/cs\/category\/silnicni-cyklistika\/\" title=\"Silni\u010dn\u00ed cyklistika\">Silni\u010dn\u00ed cyklistika<\/a>\n    <\/div>\n    <div class=\"entry-details\">\n        <a href=\"https:\/\/www.welovecycling.com\/cs\/2024\/01\/08\/top-10-transferu-sezony-2024\/\" class='entry-title-wrapper'>\n            <h3 class=\"entry-title\"><span>Top 10 transfer\u016f sezony 2024<\/span><\/h3>\n        <\/a>\n    <\/div>\n    <\/article>\n<\/div>\n<p>V p\u0159\u00edpad\u011b posledn\u011b dvou jmenovan\u00fdch z\u00e1vod\u016f u\u017e se pro \u0159adu cyklist\u016f jedn\u00e1 o gener\u00e1lku na Giro d\u00b4Italia, jeho\u017e 107. ro\u010dn\u00edk odstartuje 4. kv\u011btna ve Venaria Reale u Tur\u00edna a skon\u010d\u00ed 26. kv\u011btna v \u0158\u00edm\u011b.<\/p>\n<h2><strong>Tour de France za\u010dne d\u0159\u00edve<\/strong><\/h2>\n<p>Tour de France \u010dek\u00e1 111. ro\u010dn\u00edk a kv\u016fli olympi\u00e1d\u011b za\u010dne letos o n\u011bco d\u0159\u00edve, u\u017e 29. \u010dervna ve Florencii. A pr\u00e1v\u011b kv\u016fli pa\u0159\u00ed\u017esk\u00e9 olympi\u00e1d\u011b nebude jej\u00ed v\u00edt\u011bz korunov\u00e1n tradi\u010dn\u011b na Champs Elys\u00e9es ve francouzsk\u00e9 metropoli, ale po \u010dasovce z\u00a0Monaka do Nice 21. \u010dervence. No a t\u0159et\u00ed Grand Tour roku, \u0161pan\u011blsk\u00e1 Vuelta, se kon\u00e1 od 17. srpna do 8. z\u00e1\u0159\u00ed. Start 77. ro\u010dn\u00edku se odehraje v\u00a0portugalsk\u00e9m Lisabonu, v\u00edt\u011bz bude korunov\u00e1n v\u00a0Madridu.<\/p>\n<figure id=\"attachment_23993\" aria-describedby=\"caption-attachment-23993\" style=\"width: 1552px\" class=\"wp-caption alignnone\"><a href=\"https:\/\/d2p6e6u75xmxt8.cloudfront.net\/13\/2023\/10\/profimedia-0816611023.webp\"><img loading=\"lazy\" decoding=\"async\" class=\"size-full wp-image-23993\" src=\"https:\/\/d2p6e6u75xmxt8.cloudfront.net\/13\/2023\/10\/profimedia-0816611023.webp\" alt=\"Jonas Vingegaard p\u0159i prezentaci Tour de France 2024.\" width=\"1552\" height=\"1034\" srcset=\"https:\/\/d2p6e6u75xmxt8.cloudfront.net\/13\/2023\/10\/profimedia-0816611023.webp 1552w, https:\/\/d2p6e6u75xmxt8.cloudfront.net\/13\/2023\/10\/profimedia-0816611023-300x200.webp 300w, https:\/\/d2p6e6u75xmxt8.cloudfront.net\/13\/2023\/10\/profimedia-0816611023-1024x682.webp 1024w, https:\/\/d2p6e6u75xmxt8.cloudfront.net\/13\/2023\/10\/profimedia-0816611023-768x512.webp 768w, https:\/\/d2p6e6u75xmxt8.cloudfront.net\/13\/2023\/10\/profimedia-0816611023-1536x1023.webp 1536w, https:\/\/d2p6e6u75xmxt8.cloudfront.net\/13\/2023\/10\/profimedia-0816611023-400x266.webp 400w, https:\/\/d2p6e6u75xmxt8.cloudfront.net\/13\/2023\/10\/profimedia-0816611023-272x182.webp 272w\" sizes=\"auto, (max-width: 1552px) 100vw, 1552px\" \/><\/a><figcaption id=\"caption-attachment-23993\" class=\"wp-caption-text\"><em>Jonas Vingegaard p\u0159i prezentaci Tour de France 2024.<\/em><\/figcaption><\/figure>\n<p>Z\u00a0dal\u0161\u00edch nejv\u011bt\u0161\u00edch etapov\u00fdch z\u00e1vod\u016f roku za\u0159azen\u00fdch do elitn\u00ed divize World Tour, by si ur\u010dit\u011b fanou\u0161ci nem\u011bli nechat uj\u00edt tradi\u010dn\u00ed gener\u00e1lky p\u0159ed Tour de France v\u00a0podob\u011b Crit\u00e9rium du Dauphin\u00e9 (2. \u2013 9. 6.) nebo Kolem \u0160v\u00fdcarska (9. \u2013 16. 6.).<\/p>\n<p>Na olympijsk\u00fdch hr\u00e1ch v\u00a0Pa\u0159\u00ed\u017ei jsou 27. \u010dervence na programu \u010dasovky obou kategori\u00ed (u\u017e te\u010f je jist\u00e9, \u017ee bez \u010desk\u00e9 \u00fa\u010dasti), silni\u010dn\u00ed z\u00e1vody se jedou 3. srpna (mu\u017ei) a 4. srpna (\u017eeny). \u010cesko bude m\u00edt v\u00a0ka\u017ed\u00e9 kategorii jednoho z\u00e1vodn\u00edka, na tom se u\u017e nic zm\u011bnit nem\u016f\u017ee.<\/p>\n<h2><strong>O sv\u011btov\u00e9 tituly v Curychu<\/strong><\/h2>\n<p>Z\u00e1\u0159\u00ed tradi\u010dn\u011b pat\u0159\u00ed sv\u011btov\u00fdm \u0161ampion\u00e1t\u016fm. Minul\u00fd rok se v\u00a0Glasgow uskute\u010dnilo poprv\u00e9 mistrovstv\u00ed sv\u011bta nap\u0159\u00ed\u010d v\u0161emi discipl\u00ednami, nyn\u00ed se cyklistika op\u011bt vrac\u00ed k\u00a0\u0161ampion\u00e1t\u016fm na r\u016fzn\u00fdch m\u00edstech (dal\u0161\u00ed multi \u0161ampion\u00e1t m\u00e1 prob\u011bhnout v\u00a0roce 2027 ve Francii). Silni\u010d\u00e1\u0159i si to o medaile rozdaj\u00ed ve \u0161v\u00fdcarsk\u00e9m Curychu ve dnech 22. \u2013 29. z\u00e1\u0159\u00ed. P\u0159edehrou k\u00a0tomu bude evropsk\u00fd \u0161ampion\u00e1t, kter\u00fd host\u00ed belgick\u00e1 provincie Limburg (11. \u2013 15. z\u00e1\u0159\u00ed).<\/p>\n<div class=\"shortcode-ys-post-pinup\"><article class=\"loop-simple post-24445 post type-post status-publish format-standard has-post-thumbnail hentry category-zeny tag-cyklistika tag-silnicni-cyklistika tag-tereza-neumanova tag-tour-de-france-femmes-2024 tag-uae-team tag-zeny global-categories-cycling\" data-postid=\"24445\" role=\"article\" data-post-id=\"24445\" data-word-count=\"540\" data-headline-length=\"74\" data-category=\"\u017deny\" data-global-category=\"Cycling\" data-author=\"We Love Cycling\" data-published=\"2024-01-04T10:39:00+02:00\" data-published-day=\"Thursday\">\n    <div class=\"entry-thumbnail article-thumbnail\" content=\"https:\/\/d2p6e6u75xmxt8.cloudfront.net\/13\/2024\/01\/profimedia-0796757762-150x150.webp\"><a href=\"https:\/\/www.welovecycling.com\/cs\/2024\/01\/04\/tereza-neumanova-zeny-zacinaji-mit-v-pelotonu-podminky-jako-muzi\/\" class=\"image-holder\" target=\"_self\"><img decoding=\"async\" loading=\"lazy\" class=\"\" src=\"https:\/\/d2p6e6u75xmxt8.cloudfront.net\/13\/2024\/01\/profimedia-0796757762-1024x682.webp\" srcset=\"https:\/\/d2p6e6u75xmxt8.cloudfront.net\/13\/2024\/01\/profimedia-0796757762.webp 1800w, https:\/\/d2p6e6u75xmxt8.cloudfront.net\/13\/2024\/01\/profimedia-0796757762-300x200.webp 300w, https:\/\/d2p6e6u75xmxt8.cloudfront.net\/13\/2024\/01\/profimedia-0796757762-1024x682.webp 1024w, https:\/\/d2p6e6u75xmxt8.cloudfront.net\/13\/2024\/01\/profimedia-0796757762-768x511.webp 768w, https:\/\/d2p6e6u75xmxt8.cloudfront.net\/13\/2024\/01\/profimedia-0796757762-1536x1022.webp 1536w, https:\/\/d2p6e6u75xmxt8.cloudfront.net\/13\/2024\/01\/profimedia-0796757762-400x266.webp 400w, https:\/\/d2p6e6u75xmxt8.cloudfront.net\/13\/2024\/01\/profimedia-0796757762-272x182.webp 272w\" width=\"1024\" height=\"682\" sizes=\"auto, (min-width: 1200px) 300px, (min-width: 768px) 25vw, 100vw\" alt=\"tereza-neumanova-zeny-zacinaji-mit-v-pelotonu-podminky-jako-muzi\"\/><\/a><\/div>    <div class=\"entry-meta\">\n        <a class=\"label label-secondary post-category\" href=\"https:\/\/www.welovecycling.com\/cs\/category\/zeny\/\" title=\"\u017deny\">\u017deny<\/a>\n    <\/div>\n    <div class=\"entry-details\">\n        <a href=\"https:\/\/www.welovecycling.com\/cs\/2024\/01\/04\/tereza-neumanova-zeny-zacinaji-mit-v-pelotonu-podminky-jako-muzi\/\" class='entry-title-wrapper'>\n            <h3 class=\"entry-title\"><span>Tereza Neumanov\u00e1: \u017deny za\u010d\u00ednaj\u00ed m\u00edt v\u00a0pelotonu podm\u00ednky jako mu\u017ei<\/span><\/h3>\n        <\/a>\n    <\/div>\n    <\/article>\n<\/div>\n<p>Posledn\u00edm bonb\u00f3nkem silni\u010dn\u00ed sezony 2024 bude z\u00e1v\u011bre\u010dn\u00fd klasik\u00e1\u0159sk\u00fd Monument Kolem Lombardie. 118. ro\u010dn\u00edk slavn\u00e9 klasiky je na programu 18. \u0159\u00edjna.<\/p>\n<p>\u010ce\u0161t\u00ed fanou\u0161ci budou moci \u0159adu skv\u011bl\u00fdch z\u00e1vodn\u00edk\u016f sledovat n\u011bkolikr\u00e1t v sezon\u011b i doma. V\u00fdkv\u011bt kategorie U23 se ji\u017e tradi\u010dn\u011b p\u0159edstav\u00ed na Z\u00e1vodu m\u00edru v Jesen\u00edk\u00e1ch (30. 5. \u2013 2. 6.), etapov\u00fd z\u00e1vod Czech Tour, jeho\u017e se z\u00fa\u010dast\u0148uj\u00ed i n\u011bkter\u00e9 t\u00fdmy z World Tour, se jede od 25. do 28. \u010dervence<\/p>\n","protected":false},"excerpt":{"rendered":"<p>V\u00a0dalek\u00e9 Austr\u00e1lii startuje sezona World Tour. P\u0159esto\u017ee Evropu sv\u00edraj\u00ed mrazy, pro silni\u010dn\u00ed cyklisty dlouh\u00e1 a mnoh\u00fdmi nen\u00e1vid\u011bn\u00e1 zimn\u00ed pauza kon\u010d\u00ed! [&hellip;]<\/p>\n","protected":false},"author":138,"featured_media":12582,"comment_status":"open","ping_status":"open","sticky":false,"template":"","format":"standard","meta":{"footnotes":""},"categories":[10],"tags":[3379,3332,216,305,3378,1676,9,3276,795,3351],"global-categories":[411],"class_list":["post-24484","post","type-post","status-publish","format-standard","has-post-thumbnail","hentry","category-silnicni-cyklistika","tag-cyklisticky-kalendar-2024","tag-giro-di-italia-2024","tag-josef-cerny","tag-mathias-vacek","tag-pariz-roubaix-2024","tag-pavel-bittner","tag-silnicni-cyklistika","tag-tour-de-france-2024","tag-tour-down-under","tag-vuelta-2024","global-categories-cycling"],"yoast_head":"<!-- This site is optimized with the Yoast SEO Premium plugin v25.3 (Yoast SEO v25.9) - https:\/\/yoast.com\/wordpress\/plugins\/seo\/ -->\n<title>T\u0159i \u010ce\u0161i na startu sezony World Tour v Austr\u00e1lii | \u0160koda We Love Cycling - \u010cesk\u00e1 republika<\/title>\n<meta name=\"description\" content=\"V\u00a0dalek\u00e9 Austr\u00e1lii startuje sezona World Tour. P\u0159esto\u017ee Evropu sv\u00edraj\u00ed mrazy, pro silni\u010dn\u00ed cyklisty dlouh\u00e1 a mnoh\u00fdmi nen\u00e1vid\u011bn\u00e1 zimn\u00ed pauza kon\u010d\u00ed! P\u0159i z\u00e1vod\u011b Tour Down Under odstartuje elitn\u00ed peloton 16. ledna bitvu o prvn\u00ed etapov\u00e9 v\u00edt\u011bzstv\u00ed.\" \/>\n<meta name=\"robots\" content=\"index, follow, max-snippet:-1, max-image-preview:large, max-video-preview:-1\" \/>\n<link rel=\"canonical\" href=\"https:\/\/www.welovecycling.com\/cs\/2024\/01\/12\/24475\/\" \/>\n<meta property=\"og:locale\" content=\"cs_CZ\" \/>\n<meta property=\"og:type\" content=\"article\" \/>\n<meta property=\"og:title\" content=\"T\u0159i \u010ce\u0161i na startu sezony World Tour v Austr\u00e1lii\" \/>\n<meta property=\"og:description\" content=\"V\u00a0dalek\u00e9 Austr\u00e1lii startuje sezona World Tour. P\u0159esto\u017ee Evropu sv\u00edraj\u00ed mrazy, pro silni\u010dn\u00ed cyklisty dlouh\u00e1 a mnoh\u00fdmi nen\u00e1vid\u011bn\u00e1 zimn\u00ed pauza kon\u010d\u00ed! P\u0159i z\u00e1vod\u011b Tour Down Under odstartuje elitn\u00ed peloton 16. ledna bitvu o prvn\u00ed etapov\u00e9 v\u00edt\u011bzstv\u00ed.\" \/>\n<meta property=\"og:url\" content=\"https:\/\/www.welovecycling.com\/cs\/2024\/01\/12\/24475\/\" \/>\n<meta property=\"og:site_name\" content=\"\u0160koda We Love Cycling - \u010cesk\u00e1 republika\" \/>\n<meta property=\"article:published_time\" content=\"2024-01-12T15:00:45+00:00\" \/>\n<meta property=\"og:image\" content=\"https:\/\/d2p6e6u75xmxt8.cloudfront.net\/13\/2021\/04\/profimedia-0607825435-pogacar-alaphilippe.webp\" \/>\n\t<meta property=\"og:image:width\" content=\"1800\" \/>\n\t<meta property=\"og:image:height\" content=\"1200\" \/>\n\t<meta property=\"og:image:type\" content=\"image\/webp\" \/>\n<meta name=\"author\" content=\"radekmalina\" \/>\n<meta name=\"twitter:card\" content=\"summary_large_image\" \/>\n<meta name=\"twitter:label1\" content=\"Written by\" \/>\n\t<meta name=\"twitter:data1\" content=\"We Love Cycling\" \/>\n\t<meta name=\"twitter:label2\" content=\"Est. reading time\" \/>\n\t<meta name=\"twitter:data2\" content=\"6\" \/>\n<script type=\"application\/ld+json\" class=\"yoast-schema-graph\">{\"@context\":\"https:\/\/schema.org\",\"@graph\":[{\"@type\":\"WebPage\",\"@id\":\"https:\/\/www.welovecycling.com\/cs\/2024\/01\/12\/24475\/\",\"url\":\"https:\/\/www.welovecycling.com\/cs\/2024\/01\/12\/24475\/\",\"name\":\"T\u0159i \u010ce\u0161i na startu sezony World Tour v Austr\u00e1lii | \u0160koda We Love Cycling - \u010cesk\u00e1 republika\",\"isPartOf\":{\"@id\":\"https:\/\/www.welovecycling.com\/cs\/#website\"},\"primaryImageOfPage\":{\"@id\":\"https:\/\/www.welovecycling.com\/cs\/2024\/01\/12\/24475\/#primaryimage\"},\"image\":{\"@id\":\"https:\/\/www.welovecycling.com\/cs\/2024\/01\/12\/24475\/#primaryimage\"},\"thumbnailUrl\":\"https:\/\/d2p6e6u75xmxt8.cloudfront.net\/13\/2021\/04\/profimedia-0607825435-pogacar-alaphilippe.webp\",\"datePublished\":\"2024-01-12T15:00:45+00:00\",\"author\":{\"@id\":\"https:\/\/www.welovecycling.com\/cs\/#\/schema\/person\/d9eeb0a378f3a7e4a6d12d2b536b04b8\"},\"description\":\"V\u00a0dalek\u00e9 Austr\u00e1lii startuje sezona World Tour. P\u0159esto\u017ee Evropu sv\u00edraj\u00ed mrazy, pro silni\u010dn\u00ed cyklisty dlouh\u00e1 a mnoh\u00fdmi nen\u00e1vid\u011bn\u00e1 zimn\u00ed pauza kon\u010d\u00ed! P\u0159i z\u00e1vod\u011b Tour Down Under odstartuje elitn\u00ed peloton 16. ledna bitvu o prvn\u00ed etapov\u00e9 v\u00edt\u011bzstv\u00ed.\",\"inLanguage\":\"cs\",\"potentialAction\":[{\"@type\":\"ReadAction\",\"target\":[\"https:\/\/www.welovecycling.com\/cs\/2024\/01\/12\/24475\/\"]}]},{\"@type\":\"ImageObject\",\"inLanguage\":\"cs\",\"@id\":\"https:\/\/www.welovecycling.com\/cs\/2024\/01\/12\/24475\/#primaryimage\",\"url\":\"https:\/\/d2p6e6u75xmxt8.cloudfront.net\/13\/2021\/04\/profimedia-0607825435-pogacar-alaphilippe.webp\",\"contentUrl\":\"https:\/\/d2p6e6u75xmxt8.cloudfront.net\/13\/2021\/04\/profimedia-0607825435-pogacar-alaphilippe.webp\",\"width\":1800,\"height\":1200,\"caption\":\"Sezona World Tour\"},{\"@type\":\"WebSite\",\"@id\":\"https:\/\/www.welovecycling.com\/cs\/#website\",\"url\":\"https:\/\/www.welovecycling.com\/cs\/\",\"name\":\"\u0160koda We Love Cycling - \u010cesk\u00e1 republika\",\"description\":\"WeLoveCycling.cz je online magaz\u00edn, kter\u00fd v\u00e1m pravideln\u011b p\u0159in\u00e1\u0161\u00ed rady a tipy, zaj\u00edmav\u00e9 \u010dl\u00e1nky, videa a jedine\u010dn\u00e9 report\u00e1\u017ee ze sv\u011bta cyklistiky.\",\"potentialAction\":[{\"@type\":\"SearchAction\",\"target\":{\"@type\":\"EntryPoint\",\"urlTemplate\":\"https:\/\/www.welovecycling.com\/cs\/?s={search_term_string}\"},\"query-input\":{\"@type\":\"PropertyValueSpecification\",\"valueRequired\":true,\"valueName\":\"search_term_string\"}}],\"inLanguage\":\"cs\"},{\"@type\":\"Person\",\"@id\":\"https:\/\/www.welovecycling.com\/cs\/#\/schema\/person\/d9eeb0a378f3a7e4a6d12d2b536b04b8\",\"name\":\"radekmalina\",\"image\":{\"@type\":\"ImageObject\",\"inLanguage\":\"cs\",\"@id\":\"https:\/\/www.welovecycling.com\/cs\/#\/schema\/person\/image\/\",\"url\":\"https:\/\/secure.gravatar.com\/avatar\/66994b632cb8c39a46b9f54afa3ae07201b678d32a54275b6f1c9ffec356bfc0?s=96&d=mm&r=g\",\"contentUrl\":\"https:\/\/secure.gravatar.com\/avatar\/66994b632cb8c39a46b9f54afa3ae07201b678d32a54275b6f1c9ffec356bfc0?s=96&d=mm&r=g\",\"caption\":\"radekmalina\"},\"url\":\"https:\/\/www.welovecycling.com\/cs\/author\/radekmalina\/\"}]}<\/script>\n<!-- \/ Yoast SEO Premium plugin. -->","yoast_head_json":{"title":"T\u0159i \u010ce\u0161i na startu sezony World Tour v Austr\u00e1lii | \u0160koda We Love Cycling - \u010cesk\u00e1 republika","description":"V\u00a0dalek\u00e9 Austr\u00e1lii startuje sezona World Tour. P\u0159esto\u017ee Evropu sv\u00edraj\u00ed mrazy, pro silni\u010dn\u00ed cyklisty dlouh\u00e1 a mnoh\u00fdmi nen\u00e1vid\u011bn\u00e1 zimn\u00ed pauza kon\u010d\u00ed! P\u0159i z\u00e1vod\u011b Tour Down Under odstartuje elitn\u00ed peloton 16. ledna bitvu o prvn\u00ed etapov\u00e9 v\u00edt\u011bzstv\u00ed.","robots":{"index":"index","follow":"follow","max-snippet":"max-snippet:-1","max-image-preview":"max-image-preview:large","max-video-preview":"max-video-preview:-1"},"canonical":"https:\/\/www.welovecycling.com\/cs\/2024\/01\/12\/24475\/","og_locale":"cs_CZ","og_type":"article","og_title":"T\u0159i \u010ce\u0161i na startu sezony World Tour v Austr\u00e1lii","og_description":"V\u00a0dalek\u00e9 Austr\u00e1lii startuje sezona World Tour. P\u0159esto\u017ee Evropu sv\u00edraj\u00ed mrazy, pro silni\u010dn\u00ed cyklisty dlouh\u00e1 a mnoh\u00fdmi nen\u00e1vid\u011bn\u00e1 zimn\u00ed pauza kon\u010d\u00ed! P\u0159i z\u00e1vod\u011b Tour Down Under odstartuje elitn\u00ed peloton 16. ledna bitvu o prvn\u00ed etapov\u00e9 v\u00edt\u011bzstv\u00ed.","og_url":"https:\/\/www.welovecycling.com\/cs\/2024\/01\/12\/24475\/","og_site_name":"\u0160koda We Love Cycling - \u010cesk\u00e1 republika","article_published_time":"2024-01-12T15:00:45+00:00","og_image":[{"width":1800,"height":1200,"url":"https:\/\/d2p6e6u75xmxt8.cloudfront.net\/13\/2021\/04\/profimedia-0607825435-pogacar-alaphilippe.webp","type":"image\/webp"}],"author":"radekmalina","twitter_card":"summary_large_image","twitter_misc":{"Written by":"We Love Cycling","Est. reading time":"6"},"schema":{"@context":"https:\/\/schema.org","@graph":[{"@type":"WebPage","@id":"https:\/\/www.welovecycling.com\/cs\/2024\/01\/12\/24475\/","url":"https:\/\/www.welovecycling.com\/cs\/2024\/01\/12\/24475\/","name":"T\u0159i \u010ce\u0161i na startu sezony World Tour v Austr\u00e1lii | \u0160koda We Love Cycling - \u010cesk\u00e1 republika","isPartOf":{"@id":"https:\/\/www.welovecycling.com\/cs\/#website"},"primaryImageOfPage":{"@id":"https:\/\/www.welovecycling.com\/cs\/2024\/01\/12\/24475\/#primaryimage"},"image":{"@id":"https:\/\/www.welovecycling.com\/cs\/2024\/01\/12\/24475\/#primaryimage"},"thumbnailUrl":"https:\/\/d2p6e6u75xmxt8.cloudfront.net\/13\/2021\/04\/profimedia-0607825435-pogacar-alaphilippe.webp","datePublished":"2024-01-12T15:00:45+00:00","author":{"@id":"https:\/\/www.welovecycling.com\/cs\/#\/schema\/person\/d9eeb0a378f3a7e4a6d12d2b536b04b8"},"description":"V\u00a0dalek\u00e9 Austr\u00e1lii startuje sezona World Tour. P\u0159esto\u017ee Evropu sv\u00edraj\u00ed mrazy, pro silni\u010dn\u00ed cyklisty dlouh\u00e1 a mnoh\u00fdmi nen\u00e1vid\u011bn\u00e1 zimn\u00ed pauza kon\u010d\u00ed! P\u0159i z\u00e1vod\u011b Tour Down Under odstartuje elitn\u00ed peloton 16. ledna bitvu o prvn\u00ed etapov\u00e9 v\u00edt\u011bzstv\u00ed.","inLanguage":"cs","potentialAction":[{"@type":"ReadAction","target":["https:\/\/www.welovecycling.com\/cs\/2024\/01\/12\/24475\/"]}]},{"@type":"ImageObject","inLanguage":"cs","@id":"https:\/\/www.welovecycling.com\/cs\/2024\/01\/12\/24475\/#primaryimage","url":"https:\/\/d2p6e6u75xmxt8.cloudfront.net\/13\/2021\/04\/profimedia-0607825435-pogacar-alaphilippe.webp","contentUrl":"https:\/\/d2p6e6u75xmxt8.cloudfront.net\/13\/2021\/04\/profimedia-0607825435-pogacar-alaphilippe.webp","width":1800,"height":1200,"caption":"Sezona World Tour"},{"@type":"WebSite","@id":"https:\/\/www.welovecycling.com\/cs\/#website","url":"https:\/\/www.welovecycling.com\/cs\/","name":"\u0160koda We Love Cycling - \u010cesk\u00e1 republika","description":"WeLoveCycling.cz je online magaz\u00edn, kter\u00fd v\u00e1m pravideln\u011b p\u0159in\u00e1\u0161\u00ed rady a tipy, zaj\u00edmav\u00e9 \u010dl\u00e1nky, videa a jedine\u010dn\u00e9 report\u00e1\u017ee ze sv\u011bta cyklistiky.","potentialAction":[{"@type":"SearchAction","target":{"@type":"EntryPoint","urlTemplate":"https:\/\/www.welovecycling.com\/cs\/?s={search_term_string}"},"query-input":{"@type":"PropertyValueSpecification","valueRequired":true,"valueName":"search_term_string"}}],"inLanguage":"cs"},{"@type":"Person","@id":"https:\/\/www.welovecycling.com\/cs\/#\/schema\/person\/d9eeb0a378f3a7e4a6d12d2b536b04b8","name":"radekmalina","image":{"@type":"ImageObject","inLanguage":"cs","@id":"https:\/\/www.welovecycling.com\/cs\/#\/schema\/person\/image\/","url":"https:\/\/secure.gravatar.com\/avatar\/66994b632cb8c39a46b9f54afa3ae07201b678d32a54275b6f1c9ffec356bfc0?s=96&d=mm&r=g","contentUrl":"https:\/\/secure.gravatar.com\/avatar\/66994b632cb8c39a46b9f54afa3ae07201b678d32a54275b6f1c9ffec356bfc0?s=96&d=mm&r=g","caption":"radekmalina"},"url":"https:\/\/www.welovecycling.com\/cs\/author\/radekmalina\/"}]}},"_links":{"self":[{"href":"https:\/\/www.welovecycling.com\/cs\/wp-json\/wp\/v2\/posts\/24484","targetHints":{"allow":["GET"]}}],"collection":[{"href":"https:\/\/www.welovecycling.com\/cs\/wp-json\/wp\/v2\/posts"}],"about":[{"href":"https:\/\/www.welovecycling.com\/cs\/wp-json\/wp\/v2\/types\/post"}],"author":[{"embeddable":true,"href":"https:\/\/www.welovecycling.com\/cs\/wp-json\/wp\/v2\/users\/138"}],"replies":[{"embeddable":true,"href":"https:\/\/www.welovecycling.com\/cs\/wp-json\/wp\/v2\/comments?post=24484"}],"version-history":[{"count":3,"href":"https:\/\/www.welovecycling.com\/cs\/wp-json\/wp\/v2\/posts\/24484\/revisions"}],"predecessor-version":[{"id":24487,"href":"https:\/\/www.welovecycling.com\/cs\/wp-json\/wp\/v2\/posts\/24484\/revisions\/24487"}],"wp:featuredmedia":[{"embeddable":true,"href":"https:\/\/www.welovecycling.com\/cs\/wp-json\/wp\/v2\/media\/12582"}],"wp:attachment":[{"href":"https:\/\/www.welovecycling.com\/cs\/wp-json\/wp\/v2\/media?parent=24484"}],"wp:term":[{"taxonomy":"category","embeddable":true,"href":"https:\/\/www.welovecycling.com\/cs\/wp-json\/wp\/v2\/categories?post=24484"},{"taxonomy":"post_tag","embeddable":true,"href":"https:\/\/www.welovecycling.com\/cs\/wp-json\/wp\/v2\/tags?post=24484"},{"taxonomy":"global-categories","embeddable":true,"href":"https:\/\/www.welovecycling.com\/cs\/wp-json\/wp\/v2\/global-categories?post=24484"}],"curies":[{"name":"wp","href":"https:\/\/api.w.org\/{rel}","templated":true}]}}