{"id":24453,"date":"2024-01-08T06:00:44","date_gmt":"2024-01-08T04:00:44","guid":{"rendered":"https:\/\/www.welovecycling.com\/cs\/?p=24453"},"modified":"2024-01-08T00:31:27","modified_gmt":"2024-01-07T22:31:27","slug":"top-10-transferu-sezony-2024","status":"publish","type":"post","link":"https:\/\/www.welovecycling.com\/cs\/2024\/01\/08\/top-10-transferu-sezony-2024\/","title":{"rendered":"Top 10 transfer\u016f sezony 2024"},"content":{"rendered":"<p><strong>Vystrnad\u011bn\u00fd a zneuznan\u00fd \u0161ampion? Mu\u017ei na celkov\u00e9 po\u0159ad\u00ed v Grand Tour? Adept na rekord z Tour de France? Mlad\u00edk, co p\u0159i jedin\u00e9m z\u00e1vod\u011b vyhr\u00e1l v\u0161echny trikoty?\u00a0Jak ur\u010dit nejlep\u0161\u00ed p\u0159estup cyklistick\u00e9 sezony 2024? Vybrali jsme top 10 transfer\u016f\u2026<\/strong><\/p>\n<p>Peter Sagan coby trojn\u00e1sobn\u00fd mistr sv\u011bta opustil World Tour a bude jezdit biky, Greg van Avermaet coby olympijsk\u00fd \u0161ampion zam\u00ed\u0159il do d\u016fchodu. Naopak osmn\u00e1ctilet\u00fd Ameri\u010dan Andrew August se na t\u0159i roky upsal Ineosu, o slovo se hl\u00e1s\u00ed i dal\u0161\u00ed hv\u011bzdn\u00ed mlad\u00edci jako t\u0159eba Joshua Tarling. Kdo je ale v\u00a0\u010dele pomysln\u00e9ho \u017eeb\u0159\u00ed\u010dku top 10 transfer\u016f cyklistick\u00e9 sezony 2024?<\/p>\n<h2><strong>Primo\u017e Rogli\u010d <\/strong><\/h2>\n<p>Osm let, \u010dty\u0159i vyhran\u00e9 Grand Tour\u2026 Zku\u0161en\u00fd Slovinec opustil Jumbo-Visma, aby z\u00edskal v\u00edce svobody. Sn\u00ed o triumfu z\u00a0Tour de France. Nen\u00ed pochyb, \u017ee je st\u00e1le na vrcholu sil a je jedn\u00edm z\u00a0adept\u016f na triumf z\u00a0Grande Boucle.<\/p>\n<p><a href=\"https:\/\/www.instagram.com\/p\/C1plY5kt6e6\/?hl=cs\">https:\/\/www.instagram.com\/p\/C1plY5kt6e6\/?hl=cs<\/a><\/p>\n<p>Nav\u00edc bude nepochybn\u011b motivov\u00e1n vr\u00e1tit v\u0161echno p\u0159\u00edko\u0159\u00ed, kter\u00e9 musel vytrp\u011bt na \u00fakor hv\u011bzdn\u00e9ho kolegy Jonase Vingegaarda. U\u017e podzimn\u00ed Vuelta 2023 nazna\u010dila, jak k\u0159ehk\u00e9 jsou vztahy uvnit\u0159 z\u00e1vodn\u00edch t\u00fdm\u016f. Otev\u0159en\u00e1 rozep\u0159e mezi Kusem, Vingegaardem a Rogli\u010dem byla nepochybn\u011b p\u0159edehrou skv\u011bl\u00e9ho p\u0159edstaven\u00ed, na n\u011b\u017e se v\u00a0pod\u00e1n\u00ed b\u00fdval\u00e9ho skokana na ly\u017e\u00edch m\u016f\u017eeme t\u011b\u0161it po p\u0159estupu do n\u011bmeck\u00e9ho t\u00fdmu. A nejen v\u00a0p\u0159\u00edpad\u011b Tour de France. P\u016fjde o ka\u017ed\u00fd z\u00e1vod\u2026<\/p>\n<h2><strong>Tao Geoghegan Hart<\/strong><\/h2>\n<p>V\u00edt\u011bz italsk\u00e9ho Gira z\u00a0roku 2020 se pod Apeninami letos p\u0159i \u00favodn\u00ed Grand Tour sezony zranil. P\u0159i p\u00e1du utrp\u011bl zlomeninu p\u00e1nve. Na nov\u00e9 adrese bude nezpochybniteln\u00fdm l\u00eddrem, u\u017e \u017e\u00e1dn\u00e9 p\u0159etahov\u00e1n\u00ed o pozici jedni\u010dky, \u017e\u00e1dn\u00e9 zpochyb\u0148ov\u00e1n\u00ed pozice!<\/p>\n<figure id=\"attachment_10449\" aria-describedby=\"caption-attachment-10449\" style=\"width: 1600px\" class=\"wp-caption alignnone\"><a href=\"https:\/\/d2p6e6u75xmxt8.cloudfront.net\/13\/2020\/10\/Tao-Geoghegan-Hart-giro-1-1.webp\"><img loading=\"lazy\" decoding=\"async\" class=\"size-full wp-image-10449\" src=\"https:\/\/d2p6e6u75xmxt8.cloudfront.net\/13\/2020\/10\/Tao-Geoghegan-Hart-giro-1-1.webp\" alt=\"Tao\" width=\"1600\" height=\"600\" srcset=\"https:\/\/d2p6e6u75xmxt8.cloudfront.net\/13\/2020\/10\/Tao-Geoghegan-Hart-giro-1-1.webp 1600w, https:\/\/d2p6e6u75xmxt8.cloudfront.net\/13\/2020\/10\/Tao-Geoghegan-Hart-giro-1-1-300x113.webp 300w, https:\/\/d2p6e6u75xmxt8.cloudfront.net\/13\/2020\/10\/Tao-Geoghegan-Hart-giro-1-1-1024x384.webp 1024w, https:\/\/d2p6e6u75xmxt8.cloudfront.net\/13\/2020\/10\/Tao-Geoghegan-Hart-giro-1-1-768x288.webp 768w, https:\/\/d2p6e6u75xmxt8.cloudfront.net\/13\/2020\/10\/Tao-Geoghegan-Hart-giro-1-1-1536x576.webp 1536w\" sizes=\"auto, (max-width: 1600px) 100vw, 1600px\" \/><\/a><figcaption id=\"caption-attachment-10449\" class=\"wp-caption-text\"><em><strong>Tao Geoghegan Hart s trofej\u00ed za v\u00edt\u011bzstv\u00ed p\u0159i Giro di Italia 2020.\u00a0<\/strong><\/em><\/figcaption><\/figure>\n<p>V\u00a0osmadvaceti letech je britsk\u00fd z\u00e1vodn\u00edk skv\u011bl\u00fdm adeptem, aby formaci Lidl Trek po \u010dty\u0159ech letech vr\u00e1til na vrchol n\u011bkter\u00e9 z\u00a0Grand Tour!<\/p>\n<h2><strong>Mikel Landa <\/strong><\/h2>\n<p>Dvoulet\u00fd kontrakt v\u00a0Soudal Quick Step pro \u010dty\u0159iat\u0159icetilet\u00e9ho z\u00e1vodn\u00edka? \u0160pan\u011blsk\u00fd matador jel dvacet Grand Tour, osmkr\u00e1t byl v\u00a0top ten, t\u0159ikr\u00e1t slavil etapov\u00e9 v\u00edt\u011bzstv\u00ed na Giru a jednou na Vuelt\u011b. Nikdy v\u0161ak nenaplnil sen o triumfu na n\u011bkter\u00e9m ze t\u0159\u00ed nejv\u011bt\u0161\u00edch z\u00e1vod\u016f.<\/p>\n<div class=\"shortcode-ys-post-pinup\"><article class=\"loop-simple post-16192 post type-post status-publish format-standard has-post-thumbnail hentry category-zdravi-a-trenink tag-cyklistika tag-fabio-jakobsen tag-horska-cyklistika tag-mark-cavendish tag-silnicni-cyklistika tag-tour-de-france tag-trenink tag-vaha tag-vek tag-vyziva tag-zdravi-a-trenink global-categories-cycling\" data-postid=\"16192\" role=\"article\" data-post-id=\"16192\" data-word-count=\"568\" data-headline-length=\"54\" data-category=\"Zdrav\u00ed a tr\u00e9nink\" data-global-category=\"Cycling\" data-author=\"Adam Bouda\" data-published=\"2022-03-05T07:00:10+02:00\" data-published-day=\"Saturday\">\n    <div class=\"entry-thumbnail article-thumbnail\" content=\"https:\/\/d2p6e6u75xmxt8.cloudfront.net\/13\/2021\/07\/Mark-Cavendish-Tour-de-France-Stage-13-Victory-_Tim-De-Waele-Getty-Images-scaled-150x150.webp\"><a href=\"https:\/\/www.welovecycling.com\/cs\/2022\/03\/05\/proc-vek-neni-prekazkou-byt-lepsim-cyklistou\/\" class=\"image-holder\" target=\"_self\"><img decoding=\"async\" loading=\"lazy\" class=\"\" src=\"https:\/\/d2p6e6u75xmxt8.cloudfront.net\/13\/2021\/07\/Mark-Cavendish-Tour-de-France-Stage-13-Victory-_Tim-De-Waele-Getty-Images-scaled-1024x703.webp\" srcset=\"https:\/\/d2p6e6u75xmxt8.cloudfront.net\/13\/2021\/07\/Mark-Cavendish-Tour-de-France-Stage-13-Victory-_Tim-De-Waele-Getty-Images-scaled.webp 2560w, https:\/\/d2p6e6u75xmxt8.cloudfront.net\/13\/2021\/07\/Mark-Cavendish-Tour-de-France-Stage-13-Victory-_Tim-De-Waele-Getty-Images-scaled-300x206.webp 300w, https:\/\/d2p6e6u75xmxt8.cloudfront.net\/13\/2021\/07\/Mark-Cavendish-Tour-de-France-Stage-13-Victory-_Tim-De-Waele-Getty-Images-scaled-1024x703.webp 1024w, https:\/\/d2p6e6u75xmxt8.cloudfront.net\/13\/2021\/07\/Mark-Cavendish-Tour-de-France-Stage-13-Victory-_Tim-De-Waele-Getty-Images-scaled-768x527.webp 768w, https:\/\/d2p6e6u75xmxt8.cloudfront.net\/13\/2021\/07\/Mark-Cavendish-Tour-de-France-Stage-13-Victory-_Tim-De-Waele-Getty-Images-scaled-1536x1054.webp 1536w, https:\/\/d2p6e6u75xmxt8.cloudfront.net\/13\/2021\/07\/Mark-Cavendish-Tour-de-France-Stage-13-Victory-_Tim-De-Waele-Getty-Images-scaled-2048x1406.webp 2048w, https:\/\/d2p6e6u75xmxt8.cloudfront.net\/13\/2021\/07\/Mark-Cavendish-Tour-de-France-Stage-13-Victory-_Tim-De-Waele-Getty-Images-scaled-1920x1318.webp 1920w, https:\/\/d2p6e6u75xmxt8.cloudfront.net\/13\/2021\/07\/Mark-Cavendish-Tour-de-France-Stage-13-Victory-_Tim-De-Waele-Getty-Images-scaled-1920x1318.webp 1920w\" width=\"1024\" height=\"703\" sizes=\"auto, (min-width: 1200px) 300px, (min-width: 768px) 25vw, 100vw\" alt=\"proc-vek-neni-prekazkou-byt-lepsim-cyklistou\"\/><\/a><\/div>    <div class=\"entry-meta\">\n        <a class=\"label label-secondary post-category\" href=\"https:\/\/www.welovecycling.com\/cs\/category\/zdravi-a-trenink\/\" title=\"Zdrav\u00ed a tr\u00e9nink\">Zdrav\u00ed a tr\u00e9nink<\/a>\n    <\/div>\n    <div class=\"entry-details\">\n        <a href=\"https:\/\/www.welovecycling.com\/cs\/2022\/03\/05\/proc-vek-neni-prekazkou-byt-lepsim-cyklistou\/\" class='entry-title-wrapper'>\n            <h3 class=\"entry-title\"><span>Pro\u010d v\u011bk nen\u00ed p\u0159ek\u00e1\u017ekou b\u00fdt lep\u0161\u00edm cyklistou?<\/span><\/h3>\n        <\/a>\n    <\/div>\n    <\/article>\n<\/div>\n<p>Astana, Sky, Movistar, Bahrain Victorious. Destinace \u0161pan\u011blsk\u00e9ho cyklisty byly exkluzivn\u00ed. Ale spolupr\u00e1ce s\u00a0t\u00fdmov\u00fdmi kolegy? Fabio Aru, Chris Froome, Nairo Quintana, Alejandro Valverde\u2026 V\u017edy to drhlo jako p\u00edsek v\u00a0p\u0159ehazova\u010dce! A te\u010f m\u00e1 b\u00fdt Landa kl\u00ed\u010dov\u00fdm mu\u017eem Remco Evenepoela p\u0159i \u00fatoku na v\u00fdhru z\u00a0Tour de France?!<\/p>\n<h2><strong>Fabio Jakobsen<\/strong><\/h2>\n<p>\u0160est let v\u00a0belgick\u00e9 sestav\u011b Patricka Lefevera bylo pro nizozemsk\u00e9ho spurtera jako na houpa\u010dce. Dvakr\u00e1t vyhr\u00e1l jednor\u00e1zovku Scheldeprijs, etapu na Vuelt\u011b, a pak m\u00e1lem p\u0159i\u0161el o \u017eivot, kdy\u017e jej krajan Groenewegen natla\u010dil do bari\u00e9ry.<\/p>\n<figure id=\"attachment_23070\" aria-describedby=\"caption-attachment-23070\" style=\"width: 1800px\" class=\"wp-caption alignnone\"><a href=\"https:\/\/d2p6e6u75xmxt8.cloudfront.net\/13\/2023\/07\/profimedia-0787179290.webp\"><img loading=\"lazy\" decoding=\"async\" class=\"size-full wp-image-23070\" src=\"https:\/\/d2p6e6u75xmxt8.cloudfront.net\/13\/2023\/07\/profimedia-0787179290.webp\" alt=\"Fabio Jakobsen\" width=\"1800\" height=\"1203\" srcset=\"https:\/\/d2p6e6u75xmxt8.cloudfront.net\/13\/2023\/07\/profimedia-0787179290.webp 1800w, https:\/\/d2p6e6u75xmxt8.cloudfront.net\/13\/2023\/07\/profimedia-0787179290-300x201.webp 300w, https:\/\/d2p6e6u75xmxt8.cloudfront.net\/13\/2023\/07\/profimedia-0787179290-1024x684.webp 1024w, https:\/\/d2p6e6u75xmxt8.cloudfront.net\/13\/2023\/07\/profimedia-0787179290-768x513.webp 768w, https:\/\/d2p6e6u75xmxt8.cloudfront.net\/13\/2023\/07\/profimedia-0787179290-1536x1027.webp 1536w, https:\/\/d2p6e6u75xmxt8.cloudfront.net\/13\/2023\/07\/profimedia-0787179290-400x267.webp 400w, https:\/\/d2p6e6u75xmxt8.cloudfront.net\/13\/2023\/07\/profimedia-0787179290-272x182.webp 272w\" sizes=\"auto, (max-width: 1800px) 100vw, 1800px\" \/><\/a><figcaption id=\"caption-attachment-23070\" class=\"wp-caption-text\"><em>Fabio Jakobsen rozhodn\u011b pat\u0159\u00ed mezi top 10 transfer\u016f 2024.\u00a0<\/em><\/figcaption><\/figure>\n<p>U\u017e v roce 2021 se\u00a0 <a href=\"https:\/\/www.welovecycling.com\/cs\/2023\/07\/13\/horky-konec-fabio-jakobsen-sen-o-viteznem-louceni-nenaplni\/\">Fabio Jakobsen<\/a> velkolep\u011b vr\u00e1til, aby vyhr\u00e1l dv\u011b etapy a bodovac\u00ed sout\u011b\u017e \u0160koda Auto na Vuelt\u011b. O rok pozd\u011bji pak comeback dokonal triumfem na Tour de France. Ale po podpr\u016fm\u011brn\u00e9 sezon\u011b 2023 se kari\u00e9ru rozhodl nakopnout v barv\u00e1ch DSM-Firmenich, kde podepsal t\u0159\u00edlet\u00fd kontrakt!<\/p>\n<h2><strong>Caleb Ewan <\/strong><\/h2>\n<p>P\u011bt etap na Tour de France vyhr\u00e1l v\u00a0barv\u00e1ch Lotto Dstny. Py\u0161n\u00ed se stejn\u00fdm po\u010dtem triumf\u016f z\u00a0Gira, vyhr\u00e1l i etapu na Vuelt\u011b. Jen\u017ee z\u00a0posledn\u00edch \u010dty\u0159 Grand Tour odj\u00ed\u017ed\u011bl v\u017edy bez v\u00edt\u011bzstv\u00ed. I proto se stal v belgick\u00e9 formaci ne\u017e\u00e1douc\u00ed.<\/p>\n<div class=\"shortcode-ys-post-pinup\"><article class=\"loop-simple post-24250 post type-post status-publish format-standard has-post-thumbnail hentry category-silnicni-cyklistika category-tour-de-france tag-christian-prudhomme tag-cyklistika tag-silnicni-cyklistika tag-tour-de-france tag-trasa-tour-de-france global-categories-cycling\" data-postid=\"24250\" role=\"article\" data-post-id=\"24250\" data-word-count=\"471\" data-headline-length=\"78\" data-category=\"Silni\u010dn\u00ed cyklistika\" data-global-category=\"Cycling\" data-author=\"We Love Cycling\" data-published=\"2024-01-02T12:00:29+02:00\" data-published-day=\"Tuesday\">\n    <div class=\"entry-thumbnail article-thumbnail\" content=\"https:\/\/d2p6e6u75xmxt8.cloudfront.net\/13\/2023\/07\/Tour-de-France-restart-150x150.webp\"><a href=\"https:\/\/www.welovecycling.com\/cs\/2024\/01\/02\/16-let-pribehu-tour-de-france-vypravenych-na-jedne-fascinujici-mape\/\" class=\"image-holder\" target=\"_self\"><img decoding=\"async\" loading=\"lazy\" class=\"\" src=\"https:\/\/d2p6e6u75xmxt8.cloudfront.net\/13\/2023\/07\/Tour-de-France-restart-1024x683.webp\" srcset=\"https:\/\/d2p6e6u75xmxt8.cloudfront.net\/13\/2023\/07\/Tour-de-France-restart.webp 2048w, https:\/\/d2p6e6u75xmxt8.cloudfront.net\/13\/2023\/07\/Tour-de-France-restart-300x200.webp 300w, https:\/\/d2p6e6u75xmxt8.cloudfront.net\/13\/2023\/07\/Tour-de-France-restart-1024x683.webp 1024w, https:\/\/d2p6e6u75xmxt8.cloudfront.net\/13\/2023\/07\/Tour-de-France-restart-768x512.webp 768w, https:\/\/d2p6e6u75xmxt8.cloudfront.net\/13\/2023\/07\/Tour-de-France-restart-1536x1024.webp 1536w, https:\/\/d2p6e6u75xmxt8.cloudfront.net\/13\/2023\/07\/Tour-de-France-restart-1920x1280.webp 1920w, https:\/\/d2p6e6u75xmxt8.cloudfront.net\/13\/2023\/07\/Tour-de-France-restart-400x267.webp 400w, https:\/\/d2p6e6u75xmxt8.cloudfront.net\/13\/2023\/07\/Tour-de-France-restart-272x182.webp 272w, https:\/\/d2p6e6u75xmxt8.cloudfront.net\/13\/2023\/07\/Tour-de-France-restart-1920x1280.webp 1920w\" width=\"1024\" height=\"683\" sizes=\"auto, (min-width: 1200px) 300px, (min-width: 768px) 25vw, 100vw\" alt=\"16-let-pribehu-tour-de-france-vypravenych-na-jedne-fascinujici-mape\"\/><\/a><\/div>    <div class=\"entry-meta\">\n        <a class=\"label label-secondary post-category\" href=\"https:\/\/www.welovecycling.com\/cs\/category\/silnicni-cyklistika\/\" title=\"Silni\u010dn\u00ed cyklistika\">Silni\u010dn\u00ed cyklistika<\/a>\n    <\/div>\n    <div class=\"entry-details\">\n        <a href=\"https:\/\/www.welovecycling.com\/cs\/2024\/01\/02\/16-let-pribehu-tour-de-france-vypravenych-na-jedne-fascinujici-mape\/\" class='entry-title-wrapper'>\n            <h3 class=\"entry-title\"><span>16 let p\u0159\u00edb\u011bh\u016f Tour de France vypr\u00e1v\u011bn\u00fdch na jedn\u00e9 fascinuj\u00edc\u00ed map\u011b<\/span><\/h3>\n        <\/a>\n    <\/div>\n    <\/article>\n<\/div>\n<p>Ale Australan pova\u017eovan\u00fd za nejrychlej\u0161\u00edho spurtera se v\u00a0dev\u011btadvaceti pokus\u00ed restartovat kari\u00e9ru v\u00a0Jayco AlUla. Prost\u0159ed\u00ed dom\u00e1c\u00edho t\u00fdmu slibuje v\u00fdrazn\u00e9 o\u017eiven\u00ed mu\u017ee, kter\u00fd m\u011b\u0159\u00ed jen 167 centimetr\u016f\u2026<\/p>\n<h2><strong>Sam Bennett<\/strong><\/h2>\n<p>V\u00a0l\u00e9t\u011b 2020 byl na vrcholu blaha. Vyhr\u00e1l dv\u011b etapy na Tour de France, ovl\u00e1dl bodovac\u00ed sout\u011b\u017e \u0160koda Auto o zelen\u00fd trikot. Jen\u017ee v\u00a0dal\u0161\u00edch t\u0159ech letech dostal p\u0159\u00edle\u017eitost jet jen dvakr\u00e1t Vueltu.<\/p>\n<figure id=\"attachment_9788\" aria-describedby=\"caption-attachment-9788\" style=\"width: 1200px\" class=\"wp-caption alignnone\"><a href=\"https:\/\/d2p6e6u75xmxt8.cloudfront.net\/13\/2020\/09\/wlc-primo\u017e-rogli\u010d-sam-benett-Tim-De-Waele-Getty-Images.webp\"><img loading=\"lazy\" decoding=\"async\" class=\"size-full wp-image-9788\" src=\"https:\/\/d2p6e6u75xmxt8.cloudfront.net\/13\/2020\/09\/wlc-primo\u017e-rogli\u010d-sam-benett-Tim-De-Waele-Getty-Images.webp\" alt=\"Primo\u017e Rogli\u010d je\u0161t\u011b ve \u017elut\u00e9m trikotu l\u00eddra Tour de France spole\u010dn\u011b se Samem Bennetem coby l\u00eddrem bodovac\u00ed sout\u011b\u017ee. Foto: Tim De Waele\/Getty-Images\/Deceuninck Quick Step\" width=\"1200\" height=\"800\" srcset=\"https:\/\/d2p6e6u75xmxt8.cloudfront.net\/13\/2020\/09\/wlc-primo\u017e-rogli\u010d-sam-benett-Tim-De-Waele-Getty-Images.webp 1200w, https:\/\/d2p6e6u75xmxt8.cloudfront.net\/13\/2020\/09\/wlc-primo\u017e-rogli\u010d-sam-benett-Tim-De-Waele-Getty-Images-300x200.webp 300w, https:\/\/d2p6e6u75xmxt8.cloudfront.net\/13\/2020\/09\/wlc-primo\u017e-rogli\u010d-sam-benett-Tim-De-Waele-Getty-Images-1024x683.webp 1024w, https:\/\/d2p6e6u75xmxt8.cloudfront.net\/13\/2020\/09\/wlc-primo\u017e-rogli\u010d-sam-benett-Tim-De-Waele-Getty-Images-768x512.webp 768w, https:\/\/d2p6e6u75xmxt8.cloudfront.net\/13\/2020\/09\/wlc-primo\u017e-rogli\u010d-sam-benett-Tim-De-Waele-Getty-Images-272x182.webp 272w\" sizes=\"auto, (max-width: 1200px) 100vw, 1200px\" \/><\/a><figcaption id=\"caption-attachment-9788\" class=\"wp-caption-text\"><em>Primo\u017e Rogli\u010d je\u0161t\u011b ve \u017elut\u00e9m trikotu l\u00eddra Tour de France spole\u010dn\u011b se Samem Bennetem coby l\u00eddrem bodovac\u00ed sout\u011b\u017ee. Foto: Tim De Waele\/Getty-Images\/Deceuninck Quick Step<\/em><\/figcaption><\/figure>\n<p>Sice t\u0159ikr\u00e1t slavil triumf, ale m\u00edsto na Tour ani Giru mu to nezajistilo. I proto opustil v\u00a0t\u0159iat\u0159iceti letech st\u00e1j Bora-hansgrohe a na dv\u011b sezony se upsal t\u00fdmu Decathlon AG2R La Mondiale Team! Restartuje irsk\u00fd spurter uvadaj\u00edc\u00ed kari\u00e9ru?<\/p>\n<h2><strong>Matteo Jorgenson<\/strong><\/h2>\n<p>\u010cty\u0159iadvacetilet\u00fd Ameri\u010dan po \u010dty\u0159ech sezon\u00e1ch v\u00a0Movistaru podepsal t\u0159\u00edlet\u00fd kontrakt ve Visma Lease Bike. Je p\u0159\u00edli\u0161 troufal\u00e9 tvrdit, \u017ee ihned zaujme pozici o deset let star\u0161\u00edho Rogli\u010de, kter\u00fd zam\u00ed\u0159il do Bory? V\u00a0minul\u00e9m roce Jorgenson vyhr\u00e1l etap\u00e1k Kolem Om\u00e1nu, byl celkov\u011b druh\u00fd p\u0159i Tour de Romandie a p\u0159i Tour de France fini\u0161oval jednou t\u0159et\u00ed a jednou \u010dtvrt\u00fd, v\u00a0sezon\u011b 2022 dojel p\u0159i Grande Boucle \u010dtvrt\u00fd mezi mlad\u00edky a celkov\u011b dvac\u00e1t\u00fd. S\u00a0ohledem na precizn\u00ed veden\u00ed a podporu na nov\u00e9 adrese nebu\u010fte p\u0159ekvapen\u00ed, pokud na n\u011bkter\u00e9 Grand Tour pojede o stupn\u011b v\u00edt\u011bz\u016f nebo dokonce o v\u00edt\u011bzstv\u00ed\u2026<\/p>\n<h2><strong>Isaac del Toro<\/strong><\/h2>\n<p>Je mu dvacet, poch\u00e1z\u00ed z\u00a0Mexika a podepsal t\u0159\u00edlet\u00fd kontrakt v\u00a0UAE Emirates! Mo\u017en\u00e1 jste jm\u00e9no nov\u00e9ho par\u0165\u00e1ka Tadeje Poga\u010dara je\u0161t\u011b nezaznamenali, ale mlad\u00edk, jen\u017e skon\u010dil letos druh\u00fd v\u00a0sout\u011b\u017ei o b\u00edl\u00fd trikot na Z\u00e1vodu m\u00edru do 23 let, exceloval p\u0159i Tour de l\u00b4Avenir.<\/p>\n<div class=\"shortcode-ys-post-pinup\"><article class=\"loop-simple post-24420 post type-post status-publish format-standard has-post-thumbnail hentry category-rady-tipy tag-cyklistika tag-horska-cyklistika tag-jak-se-stat-lepsim-cyklistou tag-silnicni-cyklistika tag-trenink tag-zdravi-a-trenink global-categories-cycling\" data-postid=\"24420\" role=\"article\" data-post-id=\"24420\" data-word-count=\"481\" data-headline-length=\"71\" data-category=\"Rady &amp; tipy\" data-global-category=\"Cycling\" data-author=\"We Love Cycling\" data-published=\"2024-01-01T12:00:19+02:00\" data-published-day=\"Monday\">\n    <div class=\"entry-thumbnail article-thumbnail\" content=\"https:\/\/d2p6e6u75xmxt8.cloudfront.net\/13\/2023\/09\/LEtape_Sumava@jacobkopecky-104-150x150.webp\"><a href=\"https:\/\/www.welovecycling.com\/cs\/2024\/01\/01\/jak-se-stat-lepsim-cyklistou-2\/\" class=\"image-holder\" target=\"_self\"><img decoding=\"async\" loading=\"lazy\" class=\"\" src=\"https:\/\/d2p6e6u75xmxt8.cloudfront.net\/13\/2023\/09\/LEtape_Sumava@jacobkopecky-104-1024x683.webp\" srcset=\"https:\/\/d2p6e6u75xmxt8.cloudfront.net\/13\/2023\/09\/LEtape_Sumava@jacobkopecky-104.webp 2160w, https:\/\/d2p6e6u75xmxt8.cloudfront.net\/13\/2023\/09\/LEtape_Sumava@jacobkopecky-104-300x200.webp 300w, https:\/\/d2p6e6u75xmxt8.cloudfront.net\/13\/2023\/09\/LEtape_Sumava@jacobkopecky-104-1024x683.webp 1024w, https:\/\/d2p6e6u75xmxt8.cloudfront.net\/13\/2023\/09\/LEtape_Sumava@jacobkopecky-104-768x512.webp 768w, https:\/\/d2p6e6u75xmxt8.cloudfront.net\/13\/2023\/09\/LEtape_Sumava@jacobkopecky-104-1536x1024.webp 1536w, https:\/\/d2p6e6u75xmxt8.cloudfront.net\/13\/2023\/09\/LEtape_Sumava@jacobkopecky-104-2048x1365.webp 2048w, https:\/\/d2p6e6u75xmxt8.cloudfront.net\/13\/2023\/09\/LEtape_Sumava@jacobkopecky-104-1920x1280.webp 1920w, https:\/\/d2p6e6u75xmxt8.cloudfront.net\/13\/2023\/09\/LEtape_Sumava@jacobkopecky-104-400x267.webp 400w, https:\/\/d2p6e6u75xmxt8.cloudfront.net\/13\/2023\/09\/LEtape_Sumava@jacobkopecky-104-272x182.webp 272w, https:\/\/d2p6e6u75xmxt8.cloudfront.net\/13\/2023\/09\/LEtape_Sumava@jacobkopecky-104-1920x1280.webp 1920w\" width=\"1024\" height=\"683\" sizes=\"auto, (min-width: 1200px) 300px, (min-width: 768px) 25vw, 100vw\" alt=\"jak-se-stat-lepsim-cyklistou-2\"\/><\/a><\/div>    <div class=\"entry-meta\">\n        <a class=\"label label-secondary post-category\" href=\"https:\/\/www.welovecycling.com\/cs\/category\/rady-tipy\/\" title=\"Rady &amp; tipy\">Rady &amp; tipy<\/a>\n    <\/div>\n    <div class=\"entry-details\">\n        <a href=\"https:\/\/www.welovecycling.com\/cs\/2024\/01\/01\/jak-se-stat-lepsim-cyklistou-2\/\" class='entry-title-wrapper'>\n            <h3 class=\"entry-title\"><span>Jak se st\u00e1t lep\u0161\u00edm cyklistou? Osm bod\u016f pro start nov\u00e9 etapy&#8230;<\/span><\/h3>\n        <\/a>\n    <\/div>\n    <\/article>\n<\/div>\n<p>Vyhr\u00e1l jednu etapu, ovl\u00e1dl vrcha\u0159skou sout\u011b\u017e, sprinterskou sout\u011b\u017e i bitvu o b\u00edl\u00fd trikot pro nejlep\u0161\u00edho mlad\u00e9ho jezdce. Na seznamu v\u00edt\u011bz\u016f z\u00e1vodu ve Francii jsou Egan Bernal, Greg LeMond, Miguel Indurain \u010di pr\u00e1v\u011b Tadej Poga\u010dar. Bude fascinuj\u00edc\u00ed sledovat, zda \u201e\u0161ejkov\u00e9\u201c objevili nov\u00e9ho \u0161ampiona Tour de France\u2026<\/p>\n<h2><strong>Mark Cavendish<\/strong><\/h2>\n<p>Nejde o skute\u010dn\u00fd p\u0159estup. Rod\u00e1k z\u00a0ostrova Man z\u016fst\u00e1v\u00e1 na stejn\u00e9 adrese, ov\u0161em v\u00a0roce 2023 vysn\u011bn\u00fd etapov\u00fd triumf z\u00a0Tour de France unikl. Po p\u00e1du v\u00a0osm\u00e9 etap\u011b a zlomenin\u011b kl\u00ed\u010dn\u00ed kosti musel odstoupit, ani\u017e by dos\u00e1hl na p\u011btat\u0159ic\u00e1t\u00e9 v\u00edt\u011bzstv\u00ed znamenaj\u00edc\u00ed nov\u00fd rekord.<\/p>\n<figure id=\"attachment_13648\" aria-describedby=\"caption-attachment-13648\" style=\"width: 1920px\" class=\"wp-caption alignnone\"><a href=\"https:\/\/d2p6e6u75xmxt8.cloudfront.net\/13\/2021\/07\/Mark-Cavendish-Tour-de-France-Stage-13-Victory-_Tim-De-Waele-Getty-Images-scaled.webp\"><img loading=\"lazy\" decoding=\"async\" class=\"size-extra-large wp-image-13648\" src=\"https:\/\/d2p6e6u75xmxt8.cloudfront.net\/13\/2021\/07\/Mark-Cavendish-Tour-de-France-Stage-13-Victory-_Tim-De-Waele-Getty-Images-scaled-1920x1318.webp\" alt=\"Mark-Cavendish-Tour-de-France-Stage-13-Victory-_Tim-De-Waele-Getty-Images\" width=\"1920\" height=\"1318\" srcset=\"https:\/\/d2p6e6u75xmxt8.cloudfront.net\/13\/2021\/07\/Mark-Cavendish-Tour-de-France-Stage-13-Victory-_Tim-De-Waele-Getty-Images-scaled-1920x1318.webp 1920w, https:\/\/d2p6e6u75xmxt8.cloudfront.net\/13\/2021\/07\/Mark-Cavendish-Tour-de-France-Stage-13-Victory-_Tim-De-Waele-Getty-Images-scaled-300x206.webp 300w, https:\/\/d2p6e6u75xmxt8.cloudfront.net\/13\/2021\/07\/Mark-Cavendish-Tour-de-France-Stage-13-Victory-_Tim-De-Waele-Getty-Images-scaled-1024x703.webp 1024w, https:\/\/d2p6e6u75xmxt8.cloudfront.net\/13\/2021\/07\/Mark-Cavendish-Tour-de-France-Stage-13-Victory-_Tim-De-Waele-Getty-Images-scaled-768x527.webp 768w, https:\/\/d2p6e6u75xmxt8.cloudfront.net\/13\/2021\/07\/Mark-Cavendish-Tour-de-France-Stage-13-Victory-_Tim-De-Waele-Getty-Images-scaled-1536x1054.webp 1536w, https:\/\/d2p6e6u75xmxt8.cloudfront.net\/13\/2021\/07\/Mark-Cavendish-Tour-de-France-Stage-13-Victory-_Tim-De-Waele-Getty-Images-scaled-2048x1406.webp 2048w, https:\/\/d2p6e6u75xmxt8.cloudfront.net\/13\/2021\/07\/Mark-Cavendish-Tour-de-France-Stage-13-Victory-_Tim-De-Waele-Getty-Images-scaled-1920x1318.webp 1920w\" sizes=\"auto, (max-width: 1920px) 100vw, 1920px\" \/><\/a><figcaption id=\"caption-attachment-13648\" class=\"wp-caption-text\"><em>Mark Cavendish \u010dek\u00e1 na vysn\u011bn\u00e9 p\u011btat\u0159ic\u00e1t\u00e9 v\u00edt\u011bzstv\u00ed z Tour de France u\u017e od roku 2021, kdy vybojoval zelen\u00fd trikot. Foto: Deceuninck Quick Step\/Tim De Waele\/Getty Images<\/em><\/figcaption><\/figure>\n<p>Aby p\u0159ekonal Eddyho Merckxe a osamostatnil se v\u00a0\u010dele historick\u00fdch tabulek, rozhodl se i p\u0159es ohl\u00e1\u0161en\u00fd konec kari\u00e9ry prodlou\u017eit v\u00a0osmat\u0159iceti letech smlouvu v\u00a0Astan\u011b a naplnit projekt \u201e35\u201c!<\/p>\n<h2><strong>Jonathan Milan<\/strong><\/h2>\n<p>Italsk\u00e1 kometa sezony 2023 se na t\u0159i roky upsala formaci Lidl-Trek. T\u0159iadvacetilet\u00fd v\u00edt\u011bz bodovac\u00ed sout\u011b\u017ee na lo\u0148sk\u00e9m Giro di Italia, kde ovl\u00e1dl jednu etapu a t\u0159ikr\u00e1t spurtoval druh\u00fd se rozhodl t\u0159i sezony zku\u0161enost\u00ed z\u00a0Bahrain Victorious uplatnit v\u00a0barv\u00e1ch st\u00e1je, kter\u00e1 se hodl\u00e1 za\u0159adit na \u0161pici World Tour. Bez sedmi centimetr\u016f dvoumetrov\u00fd obr bude nepochybn\u011b tahounem sestavy, do n\u00ed\u017e pat\u0159\u00ed i Mathias Vacek.<\/p>\n","protected":false},"excerpt":{"rendered":"<p>Vystrnad\u011bn\u00fd a zneuznan\u00fd \u0161ampion? Mu\u017ei na celkov\u00e9 po\u0159ad\u00ed v Grand Tour? Adept na rekord z Tour de France? Mlad\u00edk, co [&hellip;]<\/p>\n","protected":false},"author":138,"featured_media":24454,"comment_status":"open","ping_status":"open","sticky":false,"template":"","format":"standard","meta":{"footnotes":""},"categories":[10],"tags":[126,1589,3365,361,1927,2146,3362,102,1118,9,1220,3366,3363,3364],"global-categories":[411],"class_list":["post-24453","post","type-post","status-publish","format-standard","has-post-thumbnail","hentry","category-silnicni-cyklistika","tag-cyklistika","tag-fabio-jakobsen","tag-isaac-del-toro","tag-mark-cavendish","tag-matteo-jorgenson","tag-mikel-landa","tag-prestupy-2024","tag-primoz-roglic","tag-sam-bennett","tag-silnicni-cyklistika","tag-tao-geoghegan-hart","tag-top-10-transferu","tag-top-10-transferu-2024","tag-transfery","global-categories-cycling"],"yoast_head":"<!-- This site is optimized with the Yoast SEO Premium plugin v25.3 (Yoast SEO v25.9) - https:\/\/yoast.com\/wordpress\/plugins\/seo\/ -->\n<title>Top 10 transfer\u016f sezony 2024 | \u0160koda We Love Cycling - \u010cesk\u00e1 republika<\/title>\n<meta name=\"description\" content=\"Top 10 transfer\u016f cyklistick\u00e9 sezony 2024? Vystrnad\u011bn\u00fd a zneuznan\u00fd \u0161ampion? Mu\u017ei na celkov\u00e9 po\u0159ad\u00ed v Grand Tour? Adept na rekord z Tour de France? Mlad\u00edk, co p\u0159i jedin\u00e9m z\u00e1vod\u011b vyhr\u00e1l v\u0161echny trikoty?\" \/>\n<meta name=\"robots\" content=\"index, follow, max-snippet:-1, max-image-preview:large, max-video-preview:-1\" \/>\n<link rel=\"canonical\" href=\"https:\/\/www.welovecycling.com\/cs\/2024\/01\/08\/top-10-transferu-sezony-2024\/\" \/>\n<meta property=\"og:locale\" content=\"cs_CZ\" \/>\n<meta property=\"og:type\" content=\"article\" \/>\n<meta property=\"og:title\" content=\"Top 10 transfer\u016f sezony 2024\" \/>\n<meta property=\"og:description\" content=\"Top 10 transfer\u016f cyklistick\u00e9 sezony 2024? Vystrnad\u011bn\u00fd a zneuznan\u00fd \u0161ampion? Mu\u017ei na celkov\u00e9 po\u0159ad\u00ed v Grand Tour? Adept na rekord z Tour de France? Mlad\u00edk, co p\u0159i jedin\u00e9m z\u00e1vod\u011b vyhr\u00e1l v\u0161echny trikoty?\" \/>\n<meta property=\"og:url\" content=\"https:\/\/www.welovecycling.com\/cs\/2024\/01\/08\/top-10-transferu-sezony-2024\/\" \/>\n<meta property=\"og:site_name\" content=\"\u0160koda We Love Cycling - \u010cesk\u00e1 republika\" \/>\n<meta property=\"article:published_time\" content=\"2024-01-08T04:00:44+00:00\" \/>\n<meta property=\"og:image\" content=\"https:\/\/d2p6e6u75xmxt8.cloudfront.net\/13\/2024\/01\/profimedia-0813723674.webp\" \/>\n\t<meta property=\"og:image:width\" content=\"1800\" \/>\n\t<meta property=\"og:image:height\" content=\"1195\" \/>\n\t<meta property=\"og:image:type\" content=\"image\/webp\" \/>\n<meta name=\"author\" content=\"radekmalina\" \/>\n<meta name=\"twitter:card\" content=\"summary_large_image\" \/>\n<meta name=\"twitter:label1\" content=\"Written by\" \/>\n\t<meta name=\"twitter:data1\" content=\"We Love Cycling\" \/>\n\t<meta name=\"twitter:label2\" content=\"Est. reading time\" \/>\n\t<meta name=\"twitter:data2\" content=\"6\" \/>\n<script type=\"application\/ld+json\" class=\"yoast-schema-graph\">{\"@context\":\"https:\/\/schema.org\",\"@graph\":[{\"@type\":\"WebPage\",\"@id\":\"https:\/\/www.welovecycling.com\/cs\/2024\/01\/08\/top-10-transferu-sezony-2024\/\",\"url\":\"https:\/\/www.welovecycling.com\/cs\/2024\/01\/08\/top-10-transferu-sezony-2024\/\",\"name\":\"Top 10 transfer\u016f sezony 2024 | \u0160koda We Love Cycling - \u010cesk\u00e1 republika\",\"isPartOf\":{\"@id\":\"https:\/\/www.welovecycling.com\/cs\/#website\"},\"primaryImageOfPage\":{\"@id\":\"https:\/\/www.welovecycling.com\/cs\/2024\/01\/08\/top-10-transferu-sezony-2024\/#primaryimage\"},\"image\":{\"@id\":\"https:\/\/www.welovecycling.com\/cs\/2024\/01\/08\/top-10-transferu-sezony-2024\/#primaryimage\"},\"thumbnailUrl\":\"https:\/\/d2p6e6u75xmxt8.cloudfront.net\/13\/2024\/01\/profimedia-0813723674.webp\",\"datePublished\":\"2024-01-08T04:00:44+00:00\",\"author\":{\"@id\":\"https:\/\/www.welovecycling.com\/cs\/#\/schema\/person\/d9eeb0a378f3a7e4a6d12d2b536b04b8\"},\"description\":\"Top 10 transfer\u016f cyklistick\u00e9 sezony 2024? Vystrnad\u011bn\u00fd a zneuznan\u00fd \u0161ampion? Mu\u017ei na celkov\u00e9 po\u0159ad\u00ed v Grand Tour? Adept na rekord z Tour de France? Mlad\u00edk, co p\u0159i jedin\u00e9m z\u00e1vod\u011b vyhr\u00e1l v\u0161echny trikoty?\",\"inLanguage\":\"cs\",\"potentialAction\":[{\"@type\":\"ReadAction\",\"target\":[\"https:\/\/www.welovecycling.com\/cs\/2024\/01\/08\/top-10-transferu-sezony-2024\/\"]}]},{\"@type\":\"ImageObject\",\"inLanguage\":\"cs\",\"@id\":\"https:\/\/www.welovecycling.com\/cs\/2024\/01\/08\/top-10-transferu-sezony-2024\/#primaryimage\",\"url\":\"https:\/\/d2p6e6u75xmxt8.cloudfront.net\/13\/2024\/01\/profimedia-0813723674.webp\",\"contentUrl\":\"https:\/\/d2p6e6u75xmxt8.cloudfront.net\/13\/2024\/01\/profimedia-0813723674.webp\",\"width\":1800,\"height\":1195,\"caption\":\"Primo\u017e Rogli\u010d je na \u010dele pomysln\u00e9ho \u017eeb\u0159\u00ed\u010dku top 10 transfer\u016f.\"},{\"@type\":\"WebSite\",\"@id\":\"https:\/\/www.welovecycling.com\/cs\/#website\",\"url\":\"https:\/\/www.welovecycling.com\/cs\/\",\"name\":\"\u0160koda We Love Cycling - \u010cesk\u00e1 republika\",\"description\":\"WeLoveCycling.cz je online magaz\u00edn, kter\u00fd v\u00e1m pravideln\u011b p\u0159in\u00e1\u0161\u00ed rady a tipy, zaj\u00edmav\u00e9 \u010dl\u00e1nky, videa a jedine\u010dn\u00e9 report\u00e1\u017ee ze sv\u011bta cyklistiky.\",\"potentialAction\":[{\"@type\":\"SearchAction\",\"target\":{\"@type\":\"EntryPoint\",\"urlTemplate\":\"https:\/\/www.welovecycling.com\/cs\/?s={search_term_string}\"},\"query-input\":{\"@type\":\"PropertyValueSpecification\",\"valueRequired\":true,\"valueName\":\"search_term_string\"}}],\"inLanguage\":\"cs\"},{\"@type\":\"Person\",\"@id\":\"https:\/\/www.welovecycling.com\/cs\/#\/schema\/person\/d9eeb0a378f3a7e4a6d12d2b536b04b8\",\"name\":\"radekmalina\",\"image\":{\"@type\":\"ImageObject\",\"inLanguage\":\"cs\",\"@id\":\"https:\/\/www.welovecycling.com\/cs\/#\/schema\/person\/image\/\",\"url\":\"https:\/\/secure.gravatar.com\/avatar\/66994b632cb8c39a46b9f54afa3ae07201b678d32a54275b6f1c9ffec356bfc0?s=96&d=mm&r=g\",\"contentUrl\":\"https:\/\/secure.gravatar.com\/avatar\/66994b632cb8c39a46b9f54afa3ae07201b678d32a54275b6f1c9ffec356bfc0?s=96&d=mm&r=g\",\"caption\":\"radekmalina\"},\"url\":\"https:\/\/www.welovecycling.com\/cs\/author\/radekmalina\/\"}]}<\/script>\n<!-- \/ Yoast SEO Premium plugin. -->","yoast_head_json":{"title":"Top 10 transfer\u016f sezony 2024 | \u0160koda We Love Cycling - \u010cesk\u00e1 republika","description":"Top 10 transfer\u016f cyklistick\u00e9 sezony 2024? Vystrnad\u011bn\u00fd a zneuznan\u00fd \u0161ampion? Mu\u017ei na celkov\u00e9 po\u0159ad\u00ed v Grand Tour? Adept na rekord z Tour de France? Mlad\u00edk, co p\u0159i jedin\u00e9m z\u00e1vod\u011b vyhr\u00e1l v\u0161echny trikoty?","robots":{"index":"index","follow":"follow","max-snippet":"max-snippet:-1","max-image-preview":"max-image-preview:large","max-video-preview":"max-video-preview:-1"},"canonical":"https:\/\/www.welovecycling.com\/cs\/2024\/01\/08\/top-10-transferu-sezony-2024\/","og_locale":"cs_CZ","og_type":"article","og_title":"Top 10 transfer\u016f sezony 2024","og_description":"Top 10 transfer\u016f cyklistick\u00e9 sezony 2024? Vystrnad\u011bn\u00fd a zneuznan\u00fd \u0161ampion? Mu\u017ei na celkov\u00e9 po\u0159ad\u00ed v Grand Tour? Adept na rekord z Tour de France? Mlad\u00edk, co p\u0159i jedin\u00e9m z\u00e1vod\u011b vyhr\u00e1l v\u0161echny trikoty?","og_url":"https:\/\/www.welovecycling.com\/cs\/2024\/01\/08\/top-10-transferu-sezony-2024\/","og_site_name":"\u0160koda We Love Cycling - \u010cesk\u00e1 republika","article_published_time":"2024-01-08T04:00:44+00:00","og_image":[{"width":1800,"height":1195,"url":"https:\/\/d2p6e6u75xmxt8.cloudfront.net\/13\/2024\/01\/profimedia-0813723674.webp","type":"image\/webp"}],"author":"radekmalina","twitter_card":"summary_large_image","twitter_misc":{"Written by":"We Love Cycling","Est. reading time":"6"},"schema":{"@context":"https:\/\/schema.org","@graph":[{"@type":"WebPage","@id":"https:\/\/www.welovecycling.com\/cs\/2024\/01\/08\/top-10-transferu-sezony-2024\/","url":"https:\/\/www.welovecycling.com\/cs\/2024\/01\/08\/top-10-transferu-sezony-2024\/","name":"Top 10 transfer\u016f sezony 2024 | \u0160koda We Love Cycling - \u010cesk\u00e1 republika","isPartOf":{"@id":"https:\/\/www.welovecycling.com\/cs\/#website"},"primaryImageOfPage":{"@id":"https:\/\/www.welovecycling.com\/cs\/2024\/01\/08\/top-10-transferu-sezony-2024\/#primaryimage"},"image":{"@id":"https:\/\/www.welovecycling.com\/cs\/2024\/01\/08\/top-10-transferu-sezony-2024\/#primaryimage"},"thumbnailUrl":"https:\/\/d2p6e6u75xmxt8.cloudfront.net\/13\/2024\/01\/profimedia-0813723674.webp","datePublished":"2024-01-08T04:00:44+00:00","author":{"@id":"https:\/\/www.welovecycling.com\/cs\/#\/schema\/person\/d9eeb0a378f3a7e4a6d12d2b536b04b8"},"description":"Top 10 transfer\u016f cyklistick\u00e9 sezony 2024? Vystrnad\u011bn\u00fd a zneuznan\u00fd \u0161ampion? Mu\u017ei na celkov\u00e9 po\u0159ad\u00ed v Grand Tour? Adept na rekord z Tour de France? Mlad\u00edk, co p\u0159i jedin\u00e9m z\u00e1vod\u011b vyhr\u00e1l v\u0161echny trikoty?","inLanguage":"cs","potentialAction":[{"@type":"ReadAction","target":["https:\/\/www.welovecycling.com\/cs\/2024\/01\/08\/top-10-transferu-sezony-2024\/"]}]},{"@type":"ImageObject","inLanguage":"cs","@id":"https:\/\/www.welovecycling.com\/cs\/2024\/01\/08\/top-10-transferu-sezony-2024\/#primaryimage","url":"https:\/\/d2p6e6u75xmxt8.cloudfront.net\/13\/2024\/01\/profimedia-0813723674.webp","contentUrl":"https:\/\/d2p6e6u75xmxt8.cloudfront.net\/13\/2024\/01\/profimedia-0813723674.webp","width":1800,"height":1195,"caption":"Primo\u017e Rogli\u010d je na \u010dele pomysln\u00e9ho \u017eeb\u0159\u00ed\u010dku top 10 transfer\u016f."},{"@type":"WebSite","@id":"https:\/\/www.welovecycling.com\/cs\/#website","url":"https:\/\/www.welovecycling.com\/cs\/","name":"\u0160koda We Love Cycling - \u010cesk\u00e1 republika","description":"WeLoveCycling.cz je online magaz\u00edn, kter\u00fd v\u00e1m pravideln\u011b p\u0159in\u00e1\u0161\u00ed rady a tipy, zaj\u00edmav\u00e9 \u010dl\u00e1nky, videa a jedine\u010dn\u00e9 report\u00e1\u017ee ze sv\u011bta cyklistiky.","potentialAction":[{"@type":"SearchAction","target":{"@type":"EntryPoint","urlTemplate":"https:\/\/www.welovecycling.com\/cs\/?s={search_term_string}"},"query-input":{"@type":"PropertyValueSpecification","valueRequired":true,"valueName":"search_term_string"}}],"inLanguage":"cs"},{"@type":"Person","@id":"https:\/\/www.welovecycling.com\/cs\/#\/schema\/person\/d9eeb0a378f3a7e4a6d12d2b536b04b8","name":"radekmalina","image":{"@type":"ImageObject","inLanguage":"cs","@id":"https:\/\/www.welovecycling.com\/cs\/#\/schema\/person\/image\/","url":"https:\/\/secure.gravatar.com\/avatar\/66994b632cb8c39a46b9f54afa3ae07201b678d32a54275b6f1c9ffec356bfc0?s=96&d=mm&r=g","contentUrl":"https:\/\/secure.gravatar.com\/avatar\/66994b632cb8c39a46b9f54afa3ae07201b678d32a54275b6f1c9ffec356bfc0?s=96&d=mm&r=g","caption":"radekmalina"},"url":"https:\/\/www.welovecycling.com\/cs\/author\/radekmalina\/"}]}},"_links":{"self":[{"href":"https:\/\/www.welovecycling.com\/cs\/wp-json\/wp\/v2\/posts\/24453","targetHints":{"allow":["GET"]}}],"collection":[{"href":"https:\/\/www.welovecycling.com\/cs\/wp-json\/wp\/v2\/posts"}],"about":[{"href":"https:\/\/www.welovecycling.com\/cs\/wp-json\/wp\/v2\/types\/post"}],"author":[{"embeddable":true,"href":"https:\/\/www.welovecycling.com\/cs\/wp-json\/wp\/v2\/users\/138"}],"replies":[{"embeddable":true,"href":"https:\/\/www.welovecycling.com\/cs\/wp-json\/wp\/v2\/comments?post=24453"}],"version-history":[{"count":5,"href":"https:\/\/www.welovecycling.com\/cs\/wp-json\/wp\/v2\/posts\/24453\/revisions"}],"predecessor-version":[{"id":24457,"href":"https:\/\/www.welovecycling.com\/cs\/wp-json\/wp\/v2\/posts\/24453\/revisions\/24457"}],"wp:featuredmedia":[{"embeddable":true,"href":"https:\/\/www.welovecycling.com\/cs\/wp-json\/wp\/v2\/media\/24454"}],"wp:attachment":[{"href":"https:\/\/www.welovecycling.com\/cs\/wp-json\/wp\/v2\/media?parent=24453"}],"wp:term":[{"taxonomy":"category","embeddable":true,"href":"https:\/\/www.welovecycling.com\/cs\/wp-json\/wp\/v2\/categories?post=24453"},{"taxonomy":"post_tag","embeddable":true,"href":"https:\/\/www.welovecycling.com\/cs\/wp-json\/wp\/v2\/tags?post=24453"},{"taxonomy":"global-categories","embeddable":true,"href":"https:\/\/www.welovecycling.com\/cs\/wp-json\/wp\/v2\/global-categories?post=24453"}],"curies":[{"name":"wp","href":"https:\/\/api.w.org\/{rel}","templated":true}]}}