{"id":24445,"date":"2024-01-04T10:39:00","date_gmt":"2024-01-04T08:39:00","guid":{"rendered":"https:\/\/www.welovecycling.com\/cs\/?p=24445"},"modified":"2024-01-04T10:39:45","modified_gmt":"2024-01-04T08:39:45","slug":"tereza-neumanova-zeny-zacinaji-mit-v-pelotonu-podminky-jako-muzi","status":"publish","type":"post","link":"https:\/\/www.welovecycling.com\/cs\/2024\/01\/04\/tereza-neumanova-zeny-zacinaji-mit-v-pelotonu-podminky-jako-muzi\/","title":{"rendered":"Tereza Neumanov\u00e1: \u017deny za\u010d\u00ednaj\u00ed m\u00edt v\u00a0pelotonu podm\u00ednky jako mu\u017ei"},"content":{"rendered":"<p><strong>P\u0159estoupila v r\u00e1mci World Tour. P\u0159esto se octla v jin\u00e9 dimenzi. \u010cesk\u00e1 elitn\u00ed cyklistka Tereza Neumanov\u00e1 od ledna obl\u00e9k\u00e1 dres UAE Team ADQ. A p\u0159esto\u017ee p\u0159ede\u0161l\u00e9 dva roky jezdila v barv\u00e1ch Liv Racing rovn\u011b\u017e mezi absolutn\u00ed elitou, neskr\u00fdv\u00e1 p\u011btadvacetilet\u00e1 z\u00e1vodnice p\u0159ekvapen\u00ed, jak v\u00fdrazn\u00e9 rozd\u00edly v r\u00e1mci pelotonu mezi jednotliv\u00fdmi formacemi panuj\u00ed.<\/strong><\/p>\n<h2><strong>U\u017e za sebou m\u00e1te dv\u011b spole\u010dn\u00e9 akce s nov\u00fdm t\u00fdmem. Spl\u0148uje zat\u00edm p\u0159esun do UAE va\u0161e o\u010dek\u00e1v\u00e1n\u00ed?<\/strong><\/h2>\n<p>Nadm\u00edru. Disponujeme obrovsk\u00fdm z\u00e1zem\u00edm. M\u00e1me k\u00a0dispozici slu\u017eby \u0161pi\u010dkov\u00fdch profesion\u00e1l\u016f. Je patrn\u00e9, \u017ee m\u016fj nov\u00fd t\u00fdm investuje do v\u0161ech sf\u00e9r a pracuje s\u00a0odborn\u00edky na nejvy\u0161\u0161\u00ed \u00farovni. M\u00e1me z\u00e1zem\u00ed, o n\u011bm\u017e si v\u011bt\u0161ina \u017eensk\u00e9ho pelotonu m\u016f\u017ee nechat jenom zd\u00e1t. A je samoz\u0159ejm\u011b obrovskou v\u00fdhodou, \u017ee soub\u011b\u017en\u011b funguje mu\u017esk\u00fd program.<\/p>\n<h2><strong>P\u0159ede\u0161l\u00e9 dv\u011b sezony jste p\u0159itom jezdila za Liv Racing, kter\u00fd pat\u0159\u00ed rovn\u011b\u017e na \u0161pi\u010dku pelotonu.<\/strong><\/h2>\n<p>Je fakt, \u017ee jsem u\u017e dva roky byla ve World Tour. Ale \u017eensk\u00e1 cyklistika se rychle posouv\u00e1. A v\u0161echny t\u00fdmy nejsou schopn\u00e9 vyrovn\u00e1vat kvalitu i z\u00a0person\u00e1ln\u00edho hlediska. V\u00a0minulosti v\u0161ichni cht\u011bli pracovat hlavn\u011b v\u00a0mu\u017esk\u00e9 cyklistice. Ale karty se za\u010d\u00ednaj\u00ed obracet ve prosp\u011bch \u017eensk\u00e9 cyklistiky a rozd\u00edly se dorovn\u00e1vaj\u00ed. Za\u010d\u00edn\u00e1me m\u00edt podobn\u00e9 podm\u00ednky jako mu\u017ei, co\u017e je d\u016fle\u017eit\u00e9.<\/p>\n<figure id=\"attachment_24444\" aria-describedby=\"caption-attachment-24444\" style=\"width: 1800px\" class=\"wp-caption alignnone\"><a href=\"https:\/\/d2p6e6u75xmxt8.cloudfront.net\/13\/2024\/01\/profimedia-0807718168.webp\"><img loading=\"lazy\" decoding=\"async\" class=\"size-full wp-image-24444\" src=\"https:\/\/d2p6e6u75xmxt8.cloudfront.net\/13\/2024\/01\/profimedia-0807718168.webp\" alt=\"Tereza Neumanov\u00e1\" width=\"1800\" height=\"1200\" srcset=\"https:\/\/d2p6e6u75xmxt8.cloudfront.net\/13\/2024\/01\/profimedia-0807718168.webp 1800w, https:\/\/d2p6e6u75xmxt8.cloudfront.net\/13\/2024\/01\/profimedia-0807718168-300x200.webp 300w, https:\/\/d2p6e6u75xmxt8.cloudfront.net\/13\/2024\/01\/profimedia-0807718168-1024x683.webp 1024w, https:\/\/d2p6e6u75xmxt8.cloudfront.net\/13\/2024\/01\/profimedia-0807718168-768x512.webp 768w, https:\/\/d2p6e6u75xmxt8.cloudfront.net\/13\/2024\/01\/profimedia-0807718168-1536x1024.webp 1536w, https:\/\/d2p6e6u75xmxt8.cloudfront.net\/13\/2024\/01\/profimedia-0807718168-400x267.webp 400w, https:\/\/d2p6e6u75xmxt8.cloudfront.net\/13\/2024\/01\/profimedia-0807718168-272x182.webp 272w\" sizes=\"auto, (max-width: 1800px) 100vw, 1800px\" \/><\/a><figcaption id=\"caption-attachment-24444\" class=\"wp-caption-text\"><em>Tereza Neumanov\u00e1 v reprezenta\u010dn\u00edm dresu b\u011bhem mistrovstv\u00ed Evropy. Foto: profimedia<\/em><\/figcaption><\/figure>\n<h2><strong>Mu\u017esk\u00e1 sestava UAE Emirates v\u00a0\u010dele s\u00a0Tadejem Poga\u010darem pat\u0159\u00ed k\u00a0nejbohat\u0161\u00edm ve World Tour. Tu\u0161\u00edte finan\u010dn\u00ed mo\u017enosti \u017eensk\u00e9 formace?<\/strong><\/h2>\n<p>To v\u016fbec nem\u016f\u017eu \u0159\u00edct. Ale je vid\u011bt, \u017ee t\u00fdm m\u00e1 finan\u010dn\u00ed prost\u0159edky, aby zajistil z\u00e1zem\u00ed, kter\u00e9 m\u016f\u017eu \u0159\u00edct, \u017ee osmdes\u00e1t nebo devades\u00e1t procent t\u00fdmu \u017eensk\u00e9 World Tour nem\u00e1.<\/p>\n<h2><strong>V\u00a0\u010dem spo\u010d\u00edvaj\u00ed nejv\u011bt\u0161\u00ed rozd\u00edly?<\/strong><\/h2>\n<p>V po\u010dtu zam\u011bstnanc\u016f, kte\u0159\u00ed se motaj\u00ed kolem t\u00fdmu. Dosud jsem byla zvykl\u00e1, \u017ee na soust\u0159ed\u011bn\u00ed jsme m\u011bli k dispozici dva fyzioterapeuty a mas\u00e9ry. V UAE jich je p\u011bt. Z hlediska person\u00e1lu je po\u010det nav\u00fd\u0161en\u00fd na v\u0161ech pozic\u00edch. Rovn\u011b\u017e ve\u0161ker\u00fd materi\u00e1l je v nejvy\u0161\u0161\u00ed kvalit\u011b.<\/p>\n<div class=\"shortcode-ys-post-pinup\"><article class=\"loop-simple post-24257 post type-post status-publish format-standard has-post-thumbnail hentry category-silnicni-cyklistika tag-cyklistika tag-giro-di-italia tag-giro-di-italia-2024 tag-jumbo-visma tag-silnicni-cyklistika tag-tour-de-france tag-wout-van-aert global-categories-cycling\" data-postid=\"24257\" role=\"article\" data-post-id=\"24257\" data-word-count=\"653\" data-headline-length=\"101\" data-category=\"Silni\u010dn\u00ed cyklistika\" data-global-category=\"Cycling\" data-author=\"We Love Cycling\" data-published=\"2023-11-30T17:00:55+02:00\" data-published-day=\"Thursday\">\n    <div class=\"entry-thumbnail article-thumbnail\" content=\"https:\/\/d2p6e6u75xmxt8.cloudfront.net\/13\/2022\/07\/wout-van-aert-profimedia-0705753422-150x150.webp\"><a href=\"https:\/\/www.welovecycling.com\/cs\/2023\/11\/30\/wout-van-aert-potrebuje-zhubnout-aby-vyhral-grand-tour-mini-expert-ma-to-vsak-jeden-problem\/\" class=\"image-holder\" target=\"_self\"><img decoding=\"async\" loading=\"lazy\" class=\"\" src=\"https:\/\/d2p6e6u75xmxt8.cloudfront.net\/13\/2022\/07\/wout-van-aert-profimedia-0705753422-1024x634.webp\" srcset=\"https:\/\/d2p6e6u75xmxt8.cloudfront.net\/13\/2022\/07\/wout-van-aert-profimedia-0705753422.webp 1800w, https:\/\/d2p6e6u75xmxt8.cloudfront.net\/13\/2022\/07\/wout-van-aert-profimedia-0705753422-300x186.webp 300w, https:\/\/d2p6e6u75xmxt8.cloudfront.net\/13\/2022\/07\/wout-van-aert-profimedia-0705753422-1024x634.webp 1024w, https:\/\/d2p6e6u75xmxt8.cloudfront.net\/13\/2022\/07\/wout-van-aert-profimedia-0705753422-768x475.webp 768w, https:\/\/d2p6e6u75xmxt8.cloudfront.net\/13\/2022\/07\/wout-van-aert-profimedia-0705753422-1536x951.webp 1536w\" width=\"1024\" height=\"634\" sizes=\"auto, (min-width: 1200px) 324px, (min-width: 768px) 27vw, 100vw\" alt=\"wout-van-aert-potrebuje-zhubnout-aby-vyhral-grand-tour-mini-expert-ma-to-vsak-jeden-problem\"\/><\/a><\/div>    <div class=\"entry-meta\">\n        <a class=\"label label-secondary post-category\" href=\"https:\/\/www.welovecycling.com\/cs\/category\/silnicni-cyklistika\/\" title=\"Silni\u010dn\u00ed cyklistika\">Silni\u010dn\u00ed cyklistika<\/a>\n    <\/div>\n    <div class=\"entry-details\">\n        <a href=\"https:\/\/www.welovecycling.com\/cs\/2023\/11\/30\/wout-van-aert-potrebuje-zhubnout-aby-vyhral-grand-tour-mini-expert-ma-to-vsak-jeden-problem\/\" class='entry-title-wrapper'>\n            <h3 class=\"entry-title\"><span>Wout van Aert pot\u0159ebuje zhubnout, aby vyhr\u00e1l Grand Tour, m\u00edn\u00ed expert. M\u00e1 to v\u0161ak jeden probl\u00e9m<\/span><\/h3>\n        <\/a>\n    <\/div>\n    <\/article>\n<\/div>\n<h2><strong>Funguje propojen\u00ed \u017eensk\u00e9ho a mu\u017esk\u00e9ho t\u00fdmu UAE Emirates? M\u00e1te spole\u010dn\u00e9 akce?<\/strong><\/h2>\n<p>Ur\u010dit\u00fdm zp\u016fsobem jsou jednotliv\u00e9 sestavy prov\u00e1zan\u00e9, ale ka\u017ed\u00e1 m\u00e1 vlastn\u00ed z\u00e1zem\u00ed a vlastn\u00ed person\u00e1l. Absolvovali jsme spole\u010dn\u011b pozn\u00e1vac\u00ed kemp v\u00a0Ab\u00fa Dhab\u00ed. Na spole\u010dn\u00e9 ve\u010de\u0159i bylo asi sto pades\u00e1t lid\u00ed, co\u017e dokumentuje velikost cel\u00e9ho t\u00fdmu. Jednalo se o prezentaci sponzor\u016f, vz\u00e1jemn\u00e9 pozn\u00e1v\u00e1n\u00ed. Dostali jsme instrukce, jak prezentovat t\u00fdm. Do\u0161lo i na pozn\u00e1v\u00e1n\u00ed intern\u00edch pravidel.<\/p>\n<p><a href=\"https:\/\/www.instagram.com\/p\/C1jUlH2MyBb\/?hl=cs\">https:\/\/www.instagram.com\/p\/C1jUlH2MyBb\/?hl=cs<\/a><\/p>\n<h2><strong>Do nov\u00e9 formace jste vstoupila pod veden\u00edm nov\u00e9ho tren\u00e9ra. Co v\u00e1s ke zm\u011bn\u011b vedlo?<\/strong><\/h2>\n<p>\u010cty\u0159i roky m\u011b tr\u00e9noval p\u0159\u00edtel. Ale do\u0161li jsme k\u00a0z\u00e1v\u011bru, \u017ee zm\u011bna t\u00fdmu p\u0159edstavuje spr\u00e1vn\u00fd \u010das pro zm\u011bnu i v\u00a0oblasti p\u0159\u00edpravy. Mnohem v\u00edce jsem se zam\u011b\u0159ila na intenzitu a m\u00e1m rovn\u011b\u017e v\u00edce specifick\u00fdch tr\u00e9nink\u016f pro sprint. \u010c\u00edsla vypadaj\u00ed dob\u0159e, tak snad to bude vid\u011bt i v\u00a0z\u00e1vodech.<\/p>\n<div class=\"shortcode-ys-post-pinup\"><article class=\"loop-simple post-24239 post type-post status-publish format-standard has-post-thumbnail hentry category-zeny tag-cofidis tag-cyklistika tag-cyklokros tag-finance-a-zenska-cyklistika tag-massi-tactic tag-nikola-noskova tag-silnicni-cyklistika tag-trenink tag-uci-continental tag-zaaf-cycling tag-zeny global-categories-cycling\" data-postid=\"24239\" role=\"article\" data-post-id=\"24239\" data-word-count=\"1074\" data-headline-length=\"91\" data-category=\"\u017deny\" data-global-category=\"Cycling\" data-author=\"Radek Malina\" data-published=\"2023-12-05T12:00:33+02:00\" data-published-day=\"Tuesday\">\n    <div class=\"entry-thumbnail article-thumbnail\" content=\"https:\/\/d2p6e6u75xmxt8.cloudfront.net\/13\/2023\/11\/BrychtaJan_European_Championships_EC_Evropa_Zlin_20180714_160351_DSC_1799-150x150.webp\"><a href=\"https:\/\/www.welovecycling.com\/cs\/2023\/12\/05\/rok-bez-vyplaty-nikola-noskova-o-drsne-realite-zenskeho-pelotonu-a-spase-z-cofidisu\/\" class=\"image-holder\" target=\"_self\"><img decoding=\"async\" loading=\"lazy\" class=\"\" src=\"https:\/\/d2p6e6u75xmxt8.cloudfront.net\/13\/2023\/11\/BrychtaJan_European_Championships_EC_Evropa_Zlin_20180714_160351_DSC_1799-1024x681.webp\" srcset=\"https:\/\/d2p6e6u75xmxt8.cloudfront.net\/13\/2023\/11\/BrychtaJan_European_Championships_EC_Evropa_Zlin_20180714_160351_DSC_1799.webp 2000w, https:\/\/d2p6e6u75xmxt8.cloudfront.net\/13\/2023\/11\/BrychtaJan_European_Championships_EC_Evropa_Zlin_20180714_160351_DSC_1799-300x200.webp 300w, https:\/\/d2p6e6u75xmxt8.cloudfront.net\/13\/2023\/11\/BrychtaJan_European_Championships_EC_Evropa_Zlin_20180714_160351_DSC_1799-1024x681.webp 1024w, https:\/\/d2p6e6u75xmxt8.cloudfront.net\/13\/2023\/11\/BrychtaJan_European_Championships_EC_Evropa_Zlin_20180714_160351_DSC_1799-768x511.webp 768w, https:\/\/d2p6e6u75xmxt8.cloudfront.net\/13\/2023\/11\/BrychtaJan_European_Championships_EC_Evropa_Zlin_20180714_160351_DSC_1799-1536x1022.webp 1536w, https:\/\/d2p6e6u75xmxt8.cloudfront.net\/13\/2023\/11\/BrychtaJan_European_Championships_EC_Evropa_Zlin_20180714_160351_DSC_1799-1920x1278.webp 1920w, https:\/\/d2p6e6u75xmxt8.cloudfront.net\/13\/2023\/11\/BrychtaJan_European_Championships_EC_Evropa_Zlin_20180714_160351_DSC_1799-400x266.webp 400w, https:\/\/d2p6e6u75xmxt8.cloudfront.net\/13\/2023\/11\/BrychtaJan_European_Championships_EC_Evropa_Zlin_20180714_160351_DSC_1799-272x182.webp 272w, https:\/\/d2p6e6u75xmxt8.cloudfront.net\/13\/2023\/11\/BrychtaJan_European_Championships_EC_Evropa_Zlin_20180714_160351_DSC_1799-1920x1278.webp 1920w\" width=\"1024\" height=\"681\" sizes=\"auto, (min-width: 1200px) 300px, (min-width: 768px) 25vw, 100vw\" alt=\"rok-bez-vyplaty-nikola-noskova-o-drsne-realite-zenskeho-pelotonu-a-spase-z-cofidisu\"\/><\/a><\/div>    <div class=\"entry-meta\">\n        <a class=\"label label-secondary post-category\" href=\"https:\/\/www.welovecycling.com\/cs\/category\/zeny\/\" title=\"\u017deny\">\u017deny<\/a>\n    <\/div>\n    <div class=\"entry-details\">\n        <a href=\"https:\/\/www.welovecycling.com\/cs\/2023\/12\/05\/rok-bez-vyplaty-nikola-noskova-o-drsne-realite-zenskeho-pelotonu-a-spase-z-cofidisu\/\" class='entry-title-wrapper'>\n            <h3 class=\"entry-title\"><span>Rok bez v\u00fdplaty! Nikola Noskov\u00e1 o drsn\u00e9 realit\u011b \u017eensk\u00e9ho pelotonu a sp\u00e1se z Cofidisu<\/span><\/h3>\n        <\/a>\n    <\/div>\n    <\/article>\n<\/div>\n<h2><strong>P\u0159i ohl\u00e9dnut\u00ed za p\u016fsoben\u00edm v minul\u00e9 sestav\u011b jste si posteskla, \u017ee \u0161anc\u00ed pro vlastn\u00ed v\u00fdsledek nebylo mnoho. U\u017e Tereza Neumanov\u00e1 zn\u00e1 z\u00e1vodn\u00ed program v sezon\u011b 2024? Tu\u0161\u00edte, kdy dostanete \u0161anci jet na vlastn\u00ed v\u00fdsledek?<\/strong><\/h2>\n<p>V\u00a0prosinci jsme absolvovali soust\u0159ed\u011bn\u00ed ve \u0161pan\u011blsk\u00e9 D\u00e9nii. Nyn\u00ed m\u011b \u010dek\u00e1 spole\u010dn\u00fd p\u0159\u00edpravn\u00fd kemp kousek od Calpe. N\u00e1sledn\u011b se p\u0159esuneme na Mallorku k\u00a0prvn\u00edm t\u0159em jednor\u00e1zovk\u00e1m, z\u00a0nich\u017e dv\u011b bych m\u011bla jet. Pak p\u0159ijde na \u0159adu UAE Tour, co\u017e je pro t\u00fdm jeden z\u00a0vrchol\u016f. J\u00e1 bych se m\u011bla v\u00a0jarn\u00ed \u010d\u00e1sti sezony soust\u0159edit na jarn\u00ed klasiky. Vrcholem pro m\u011b bude Strade Bianche a Pa\u0159\u00ed\u017e-Roubaix. Taktika se bude ur\u010dovat a\u017e p\u0159ed z\u00e1vody. Jarn\u00ed z\u00e1vody jsou v\u017edy riskantn\u00ed a je lep\u0161\u00ed j\u00edt do z\u00e1vod\u016f s\u00a0v\u00edce pl\u00e1ny. Ur\u010dit\u011b dostanu svoje p\u0159\u00edle\u017eitosti. M\u00e1m to sl\u00edben\u00e9.<\/p>\n<figure id=\"attachment_20040\" aria-describedby=\"caption-attachment-20040\" style=\"width: 1920px\" class=\"wp-caption alignnone\"><a href=\"https:\/\/d2p6e6u75xmxt8.cloudfront.net\/13\/2022\/12\/Neumanova-BrychtaJan_MR_MCR_MSR_Kovarov_ITT_20220625_121411_DSC_0494.webp\"><img loading=\"lazy\" decoding=\"async\" class=\"size-extra-large wp-image-20040\" src=\"https:\/\/d2p6e6u75xmxt8.cloudfront.net\/13\/2022\/12\/Neumanova-BrychtaJan_MR_MCR_MSR_Kovarov_ITT_20220625_121411_DSC_0494-1920x1278.webp\" alt=\"Tereza Neumanov\u00e1\" width=\"1920\" height=\"1278\" srcset=\"https:\/\/d2p6e6u75xmxt8.cloudfront.net\/13\/2022\/12\/Neumanova-BrychtaJan_MR_MCR_MSR_Kovarov_ITT_20220625_121411_DSC_0494-1920x1278.webp 1920w, https:\/\/d2p6e6u75xmxt8.cloudfront.net\/13\/2022\/12\/Neumanova-BrychtaJan_MR_MCR_MSR_Kovarov_ITT_20220625_121411_DSC_0494-300x200.webp 300w, https:\/\/d2p6e6u75xmxt8.cloudfront.net\/13\/2022\/12\/Neumanova-BrychtaJan_MR_MCR_MSR_Kovarov_ITT_20220625_121411_DSC_0494-1024x681.webp 1024w, https:\/\/d2p6e6u75xmxt8.cloudfront.net\/13\/2022\/12\/Neumanova-BrychtaJan_MR_MCR_MSR_Kovarov_ITT_20220625_121411_DSC_0494-768x511.webp 768w, https:\/\/d2p6e6u75xmxt8.cloudfront.net\/13\/2022\/12\/Neumanova-BrychtaJan_MR_MCR_MSR_Kovarov_ITT_20220625_121411_DSC_0494-1536x1022.webp 1536w, https:\/\/d2p6e6u75xmxt8.cloudfront.net\/13\/2022\/12\/Neumanova-BrychtaJan_MR_MCR_MSR_Kovarov_ITT_20220625_121411_DSC_0494-272x182.webp 272w, https:\/\/d2p6e6u75xmxt8.cloudfront.net\/13\/2022\/12\/Neumanova-BrychtaJan_MR_MCR_MSR_Kovarov_ITT_20220625_121411_DSC_0494.webp 2000w, https:\/\/d2p6e6u75xmxt8.cloudfront.net\/13\/2022\/12\/Neumanova-BrychtaJan_MR_MCR_MSR_Kovarov_ITT_20220625_121411_DSC_0494-1920x1278.webp 1920w\" sizes=\"auto, (max-width: 1920px) 100vw, 1920px\" \/><\/a><figcaption id=\"caption-attachment-20040\" class=\"wp-caption-text\"><em>Tereza Neumanov\u00e1 slavila u\u017e t\u0159ikr\u00e1t titul \u010desk\u00e9 \u0161ampionky. Douf\u00e1, \u017ee letos p\u0159id\u00e1 \u010dtvrt\u00fd titul a vybojuje si pr\u00e1vo startu na OH v Pa\u0159\u00ed\u017ei. Foto: Jan Brychta<\/em><\/figcaption><\/figure>\n<h2><strong>Strade Bianche jste minul\u00fd rok kon\u010dila v\u00a0\u0161est\u00e9 des\u00edtce, p\u0159i Pa\u0159\u00ed\u017e-Roubaix jste nezvl\u00e1dla \u010dasov\u00fd limit. V\u011b\u0159\u00edte si na repar\u00e1t?<\/strong><\/h2>\n<p>Roubaix pro m\u011b bude vrchol jarn\u00ed \u010d\u00e1sti sezony. Ale budu startovat na n\u011bkolika kostkov\u00fdch klasik\u00e1ch a m\u016f\u017eu z\u00faro\u010dit zku\u0161enosti z bik\u016f. Minul\u00fd rok moje p\u016fsoben\u00ed na Roubaix nebylo bohu\u017eel \u00fapln\u011b nej\u0161\u0165astn\u011bj\u0161\u00ed, tak v\u011b\u0159\u00edm, \u017ee letos se na to dok\u00e1\u017eeme dob\u0159e p\u0159ipravit po v\u0161ech str\u00e1nk\u00e1ch l\u00e9pe, aby to bylo lep\u0161\u00ed.<\/p>\n<h2><strong>U\u017e se v\u00a0r\u00e1mci tvorby z\u00e1vodn\u00edho programu \u0159e\u0161ilo obsazen\u00ed italsk\u00e9ho Gira a francouzsk\u00e9 Tour? Tu\u0161\u00ed <a href=\"https:\/\/www.welovecycling.com\/cs\/2023\/09\/21\/tereza-neumanova-o-prestupu-do-uae-hodne-jsem-si-polepsila\/\">Tereza Neumanov\u00e1<\/a>, kter\u00fd z\u00a0velk\u00fdch z\u00e1vod\u016f pojede?<\/strong><\/h2>\n<p>Nejrad\u011bji bych absolvovala oba. Je to moje p\u0159\u00e1n\u00ed. Kalend\u00e1\u0159 pro tuto \u010d\u00e1st sezony se bude up\u0159es\u0148ovat a\u017e pozd\u011bji. Ale kdybych si musela vybrat, tak bych si p\u0159\u00e1la startovat na <a href=\"https:\/\/www.welovecycling.com\/cs\/2023\/10\/26\/z-rotterdamu-do-cyklistickeho-hollywoodu-tour-de-france-femmes-2024-vyvrcholi-na-oranzove-hore\/\">Tour de France Femmes<\/a>.<\/p>\n<h2><strong>Do cel\u00e9ho programu v\u00fdrazn\u011b zas\u00e1hnou olympijsk\u00e9 hry v\u00a0Pa\u0159\u00ed\u017ei. Zapadaj\u00ed do va\u0161ich pl\u00e1n\u016f?<\/strong><\/h2>\n<p>Pro m\u011b to ur\u010dit\u011b je jeden z\u00a0c\u00edl\u016f sezony. R\u00e1da bych jela hrd\u011b reprezentovat. Jsem v\u00a0jednom z\u00a0nejlep\u0161\u00edch \u017eensk\u00fdch t\u00fdm\u016f, m\u00e1m ve\u0161kerou podporu, z\u00e1zem\u00ed, budu startovat na nejlep\u0161\u00edch z\u00e1vodech World Tour, tak snad se mi poda\u0159\u00ed splnit nomina\u010dn\u00ed krit\u00e9ria.<\/p>\n","protected":false},"excerpt":{"rendered":"<p>P\u0159estoupila v r\u00e1mci World Tour. P\u0159esto se octla v jin\u00e9 dimenzi. \u010cesk\u00e1 elitn\u00ed cyklistka Tereza Neumanov\u00e1 od ledna obl\u00e9k\u00e1 dres [&hellip;]<\/p>\n","protected":false},"author":138,"featured_media":24443,"comment_status":"open","ping_status":"open","sticky":false,"template":"","format":"standard","meta":{"footnotes":""},"categories":[5],"tags":[126,9,1500,3279,3217,43],"global-categories":[411],"class_list":["post-24445","post","type-post","status-publish","format-standard","has-post-thumbnail","hentry","category-zeny","tag-cyklistika","tag-silnicni-cyklistika","tag-tereza-neumanova","tag-tour-de-france-femmes-2024","tag-uae-team","tag-zeny","global-categories-cycling"],"yoast_head":"<!-- This site is optimized with the Yoast SEO Premium plugin v25.3 (Yoast SEO v25.9) - https:\/\/yoast.com\/wordpress\/plugins\/seo\/ -->\n<title>Tereza Neumanov\u00e1: \u017deny za\u010d\u00ednaj\u00ed m\u00edt v\u00a0pelotonu podm\u00ednky jako mu\u017ei | \u0160koda We Love Cycling - \u010cesk\u00e1 republika<\/title>\n<meta name=\"description\" content=\"P\u0159estoupila v\u00a0r\u00e1mci World Tour. P\u0159esto se octla v\u00a0jin\u00e9 dimenzi. \u010cesk\u00e1 elitn\u00ed cyklistka Tereza Neumanov\u00e1 od ledna obl\u00e9k\u00e1 dres t\u00fdmu UAE Emirates. A p\u0159esto\u017ee p\u0159ede\u0161l\u00e9 dva roky jezdila v\u00a0barv\u00e1ch Liv Racing rovn\u011b\u017e mezi absolutn\u00ed elitou, neskr\u00fdv\u00e1 p\u011btadvacetilet\u00e1 z\u00e1vodnice p\u0159ekvapen\u00ed, jak v\u00fdrazn\u00e9 rozd\u00edly v\u00a0r\u00e1mci pelotonu mezi jednotliv\u00fdmi formacemi panuj\u00ed.\" \/>\n<meta name=\"robots\" content=\"index, follow, max-snippet:-1, max-image-preview:large, max-video-preview:-1\" \/>\n<link rel=\"canonical\" href=\"https:\/\/www.welovecycling.com\/cs\/2024\/01\/04\/tereza-neumanova-zeny-zacinaji-mit-v-pelotonu-podminky-jako-muzi\/\" \/>\n<meta property=\"og:locale\" content=\"cs_CZ\" \/>\n<meta property=\"og:type\" content=\"article\" \/>\n<meta property=\"og:title\" content=\"Tereza Neumanov\u00e1: \u017deny za\u010d\u00ednaj\u00ed m\u00edt v\u00a0pelotonu podm\u00ednky jako mu\u017ei\" \/>\n<meta property=\"og:description\" content=\"P\u0159estoupila v\u00a0r\u00e1mci World Tour. P\u0159esto se octla v\u00a0jin\u00e9 dimenzi. \u010cesk\u00e1 elitn\u00ed cyklistka Tereza Neumanov\u00e1 od ledna obl\u00e9k\u00e1 dres t\u00fdmu UAE Emirates. A p\u0159esto\u017ee p\u0159ede\u0161l\u00e9 dva roky jezdila v\u00a0barv\u00e1ch Liv Racing rovn\u011b\u017e mezi absolutn\u00ed elitou, neskr\u00fdv\u00e1 p\u011btadvacetilet\u00e1 z\u00e1vodnice p\u0159ekvapen\u00ed, jak v\u00fdrazn\u00e9 rozd\u00edly v\u00a0r\u00e1mci pelotonu mezi jednotliv\u00fdmi formacemi panuj\u00ed.\" \/>\n<meta property=\"og:url\" content=\"https:\/\/www.welovecycling.com\/cs\/2024\/01\/04\/tereza-neumanova-zeny-zacinaji-mit-v-pelotonu-podminky-jako-muzi\/\" \/>\n<meta property=\"og:site_name\" content=\"\u0160koda We Love Cycling - \u010cesk\u00e1 republika\" \/>\n<meta property=\"article:published_time\" content=\"2024-01-04T08:39:00+00:00\" \/>\n<meta property=\"article:modified_time\" content=\"2024-01-04T08:39:45+00:00\" \/>\n<meta property=\"og:image\" content=\"https:\/\/d2p6e6u75xmxt8.cloudfront.net\/13\/2024\/01\/profimedia-0796757762.webp\" \/>\n\t<meta property=\"og:image:width\" content=\"1800\" \/>\n\t<meta property=\"og:image:height\" content=\"1198\" \/>\n\t<meta property=\"og:image:type\" content=\"image\/webp\" \/>\n<meta name=\"author\" content=\"radekmalina\" \/>\n<meta name=\"twitter:card\" content=\"summary_large_image\" \/>\n<meta name=\"twitter:label1\" content=\"Written by\" \/>\n\t<meta name=\"twitter:data1\" content=\"Radek Malina\" \/>\n\t<meta name=\"twitter:label2\" content=\"Est. reading time\" \/>\n\t<meta name=\"twitter:data2\" content=\"8\" \/>\n<script type=\"application\/ld+json\" class=\"yoast-schema-graph\">{\"@context\":\"https:\/\/schema.org\",\"@graph\":[{\"@type\":\"WebPage\",\"@id\":\"https:\/\/www.welovecycling.com\/cs\/2024\/01\/04\/tereza-neumanova-zeny-zacinaji-mit-v-pelotonu-podminky-jako-muzi\/\",\"url\":\"https:\/\/www.welovecycling.com\/cs\/2024\/01\/04\/tereza-neumanova-zeny-zacinaji-mit-v-pelotonu-podminky-jako-muzi\/\",\"name\":\"Tereza Neumanov\u00e1: \u017deny za\u010d\u00ednaj\u00ed m\u00edt v\u00a0pelotonu podm\u00ednky jako mu\u017ei | \u0160koda We Love Cycling - \u010cesk\u00e1 republika\",\"isPartOf\":{\"@id\":\"https:\/\/www.welovecycling.com\/cs\/#website\"},\"primaryImageOfPage\":{\"@id\":\"https:\/\/www.welovecycling.com\/cs\/2024\/01\/04\/tereza-neumanova-zeny-zacinaji-mit-v-pelotonu-podminky-jako-muzi\/#primaryimage\"},\"image\":{\"@id\":\"https:\/\/www.welovecycling.com\/cs\/2024\/01\/04\/tereza-neumanova-zeny-zacinaji-mit-v-pelotonu-podminky-jako-muzi\/#primaryimage\"},\"thumbnailUrl\":\"https:\/\/d2p6e6u75xmxt8.cloudfront.net\/13\/2024\/01\/profimedia-0796757762.webp\",\"datePublished\":\"2024-01-04T08:39:00+00:00\",\"dateModified\":\"2024-01-04T08:39:45+00:00\",\"author\":{\"@id\":\"https:\/\/www.welovecycling.com\/cs\/#\/schema\/person\/d9eeb0a378f3a7e4a6d12d2b536b04b8\"},\"description\":\"P\u0159estoupila v\u00a0r\u00e1mci World Tour. P\u0159esto se octla v\u00a0jin\u00e9 dimenzi. \u010cesk\u00e1 elitn\u00ed cyklistka Tereza Neumanov\u00e1 od ledna obl\u00e9k\u00e1 dres t\u00fdmu UAE Emirates. A p\u0159esto\u017ee p\u0159ede\u0161l\u00e9 dva roky jezdila v\u00a0barv\u00e1ch Liv Racing rovn\u011b\u017e mezi absolutn\u00ed elitou, neskr\u00fdv\u00e1 p\u011btadvacetilet\u00e1 z\u00e1vodnice p\u0159ekvapen\u00ed, jak v\u00fdrazn\u00e9 rozd\u00edly v\u00a0r\u00e1mci pelotonu mezi jednotliv\u00fdmi formacemi panuj\u00ed.\",\"inLanguage\":\"cs\",\"potentialAction\":[{\"@type\":\"ReadAction\",\"target\":[\"https:\/\/www.welovecycling.com\/cs\/2024\/01\/04\/tereza-neumanova-zeny-zacinaji-mit-v-pelotonu-podminky-jako-muzi\/\"]}]},{\"@type\":\"ImageObject\",\"inLanguage\":\"cs\",\"@id\":\"https:\/\/www.welovecycling.com\/cs\/2024\/01\/04\/tereza-neumanova-zeny-zacinaji-mit-v-pelotonu-podminky-jako-muzi\/#primaryimage\",\"url\":\"https:\/\/d2p6e6u75xmxt8.cloudfront.net\/13\/2024\/01\/profimedia-0796757762.webp\",\"contentUrl\":\"https:\/\/d2p6e6u75xmxt8.cloudfront.net\/13\/2024\/01\/profimedia-0796757762.webp\",\"width\":1800,\"height\":1198,\"caption\":\"Tereza Neumanov\u00e1\"},{\"@type\":\"WebSite\",\"@id\":\"https:\/\/www.welovecycling.com\/cs\/#website\",\"url\":\"https:\/\/www.welovecycling.com\/cs\/\",\"name\":\"\u0160koda We Love Cycling - \u010cesk\u00e1 republika\",\"description\":\"WeLoveCycling.cz je online magaz\u00edn, kter\u00fd v\u00e1m pravideln\u011b p\u0159in\u00e1\u0161\u00ed rady a tipy, zaj\u00edmav\u00e9 \u010dl\u00e1nky, videa a jedine\u010dn\u00e9 report\u00e1\u017ee ze sv\u011bta cyklistiky.\",\"potentialAction\":[{\"@type\":\"SearchAction\",\"target\":{\"@type\":\"EntryPoint\",\"urlTemplate\":\"https:\/\/www.welovecycling.com\/cs\/?s={search_term_string}\"},\"query-input\":{\"@type\":\"PropertyValueSpecification\",\"valueRequired\":true,\"valueName\":\"search_term_string\"}}],\"inLanguage\":\"cs\"},{\"@type\":\"Person\",\"@id\":\"https:\/\/www.welovecycling.com\/cs\/#\/schema\/person\/d9eeb0a378f3a7e4a6d12d2b536b04b8\",\"name\":\"radekmalina\",\"image\":{\"@type\":\"ImageObject\",\"inLanguage\":\"cs\",\"@id\":\"https:\/\/www.welovecycling.com\/cs\/#\/schema\/person\/image\/\",\"url\":\"https:\/\/secure.gravatar.com\/avatar\/66994b632cb8c39a46b9f54afa3ae07201b678d32a54275b6f1c9ffec356bfc0?s=96&d=mm&r=g\",\"contentUrl\":\"https:\/\/secure.gravatar.com\/avatar\/66994b632cb8c39a46b9f54afa3ae07201b678d32a54275b6f1c9ffec356bfc0?s=96&d=mm&r=g\",\"caption\":\"radekmalina\"},\"url\":\"https:\/\/www.welovecycling.com\/cs\/author\/radekmalina\/\"}]}<\/script>\n<!-- \/ Yoast SEO Premium plugin. -->","yoast_head_json":{"title":"Tereza Neumanov\u00e1: \u017deny za\u010d\u00ednaj\u00ed m\u00edt v\u00a0pelotonu podm\u00ednky jako mu\u017ei | \u0160koda We Love Cycling - \u010cesk\u00e1 republika","description":"P\u0159estoupila v\u00a0r\u00e1mci World Tour. P\u0159esto se octla v\u00a0jin\u00e9 dimenzi. \u010cesk\u00e1 elitn\u00ed cyklistka Tereza Neumanov\u00e1 od ledna obl\u00e9k\u00e1 dres t\u00fdmu UAE Emirates. A p\u0159esto\u017ee p\u0159ede\u0161l\u00e9 dva roky jezdila v\u00a0barv\u00e1ch Liv Racing rovn\u011b\u017e mezi absolutn\u00ed elitou, neskr\u00fdv\u00e1 p\u011btadvacetilet\u00e1 z\u00e1vodnice p\u0159ekvapen\u00ed, jak v\u00fdrazn\u00e9 rozd\u00edly v\u00a0r\u00e1mci pelotonu mezi jednotliv\u00fdmi formacemi panuj\u00ed.","robots":{"index":"index","follow":"follow","max-snippet":"max-snippet:-1","max-image-preview":"max-image-preview:large","max-video-preview":"max-video-preview:-1"},"canonical":"https:\/\/www.welovecycling.com\/cs\/2024\/01\/04\/tereza-neumanova-zeny-zacinaji-mit-v-pelotonu-podminky-jako-muzi\/","og_locale":"cs_CZ","og_type":"article","og_title":"Tereza Neumanov\u00e1: \u017deny za\u010d\u00ednaj\u00ed m\u00edt v\u00a0pelotonu podm\u00ednky jako mu\u017ei","og_description":"P\u0159estoupila v\u00a0r\u00e1mci World Tour. P\u0159esto se octla v\u00a0jin\u00e9 dimenzi. \u010cesk\u00e1 elitn\u00ed cyklistka Tereza Neumanov\u00e1 od ledna obl\u00e9k\u00e1 dres t\u00fdmu UAE Emirates. A p\u0159esto\u017ee p\u0159ede\u0161l\u00e9 dva roky jezdila v\u00a0barv\u00e1ch Liv Racing rovn\u011b\u017e mezi absolutn\u00ed elitou, neskr\u00fdv\u00e1 p\u011btadvacetilet\u00e1 z\u00e1vodnice p\u0159ekvapen\u00ed, jak v\u00fdrazn\u00e9 rozd\u00edly v\u00a0r\u00e1mci pelotonu mezi jednotliv\u00fdmi formacemi panuj\u00ed.","og_url":"https:\/\/www.welovecycling.com\/cs\/2024\/01\/04\/tereza-neumanova-zeny-zacinaji-mit-v-pelotonu-podminky-jako-muzi\/","og_site_name":"\u0160koda We Love Cycling - \u010cesk\u00e1 republika","article_published_time":"2024-01-04T08:39:00+00:00","article_modified_time":"2024-01-04T08:39:45+00:00","og_image":[{"width":1800,"height":1198,"url":"https:\/\/d2p6e6u75xmxt8.cloudfront.net\/13\/2024\/01\/profimedia-0796757762.webp","type":"image\/webp"}],"author":"radekmalina","twitter_card":"summary_large_image","twitter_misc":{"Written by":"Radek Malina","Est. reading time":"8"},"schema":{"@context":"https:\/\/schema.org","@graph":[{"@type":"WebPage","@id":"https:\/\/www.welovecycling.com\/cs\/2024\/01\/04\/tereza-neumanova-zeny-zacinaji-mit-v-pelotonu-podminky-jako-muzi\/","url":"https:\/\/www.welovecycling.com\/cs\/2024\/01\/04\/tereza-neumanova-zeny-zacinaji-mit-v-pelotonu-podminky-jako-muzi\/","name":"Tereza Neumanov\u00e1: \u017deny za\u010d\u00ednaj\u00ed m\u00edt v\u00a0pelotonu podm\u00ednky jako mu\u017ei | \u0160koda We Love Cycling - \u010cesk\u00e1 republika","isPartOf":{"@id":"https:\/\/www.welovecycling.com\/cs\/#website"},"primaryImageOfPage":{"@id":"https:\/\/www.welovecycling.com\/cs\/2024\/01\/04\/tereza-neumanova-zeny-zacinaji-mit-v-pelotonu-podminky-jako-muzi\/#primaryimage"},"image":{"@id":"https:\/\/www.welovecycling.com\/cs\/2024\/01\/04\/tereza-neumanova-zeny-zacinaji-mit-v-pelotonu-podminky-jako-muzi\/#primaryimage"},"thumbnailUrl":"https:\/\/d2p6e6u75xmxt8.cloudfront.net\/13\/2024\/01\/profimedia-0796757762.webp","datePublished":"2024-01-04T08:39:00+00:00","dateModified":"2024-01-04T08:39:45+00:00","author":{"@id":"https:\/\/www.welovecycling.com\/cs\/#\/schema\/person\/d9eeb0a378f3a7e4a6d12d2b536b04b8"},"description":"P\u0159estoupila v\u00a0r\u00e1mci World Tour. P\u0159esto se octla v\u00a0jin\u00e9 dimenzi. \u010cesk\u00e1 elitn\u00ed cyklistka Tereza Neumanov\u00e1 od ledna obl\u00e9k\u00e1 dres t\u00fdmu UAE Emirates. A p\u0159esto\u017ee p\u0159ede\u0161l\u00e9 dva roky jezdila v\u00a0barv\u00e1ch Liv Racing rovn\u011b\u017e mezi absolutn\u00ed elitou, neskr\u00fdv\u00e1 p\u011btadvacetilet\u00e1 z\u00e1vodnice p\u0159ekvapen\u00ed, jak v\u00fdrazn\u00e9 rozd\u00edly v\u00a0r\u00e1mci pelotonu mezi jednotliv\u00fdmi formacemi panuj\u00ed.","inLanguage":"cs","potentialAction":[{"@type":"ReadAction","target":["https:\/\/www.welovecycling.com\/cs\/2024\/01\/04\/tereza-neumanova-zeny-zacinaji-mit-v-pelotonu-podminky-jako-muzi\/"]}]},{"@type":"ImageObject","inLanguage":"cs","@id":"https:\/\/www.welovecycling.com\/cs\/2024\/01\/04\/tereza-neumanova-zeny-zacinaji-mit-v-pelotonu-podminky-jako-muzi\/#primaryimage","url":"https:\/\/d2p6e6u75xmxt8.cloudfront.net\/13\/2024\/01\/profimedia-0796757762.webp","contentUrl":"https:\/\/d2p6e6u75xmxt8.cloudfront.net\/13\/2024\/01\/profimedia-0796757762.webp","width":1800,"height":1198,"caption":"Tereza Neumanov\u00e1"},{"@type":"WebSite","@id":"https:\/\/www.welovecycling.com\/cs\/#website","url":"https:\/\/www.welovecycling.com\/cs\/","name":"\u0160koda We Love Cycling - \u010cesk\u00e1 republika","description":"WeLoveCycling.cz je online magaz\u00edn, kter\u00fd v\u00e1m pravideln\u011b p\u0159in\u00e1\u0161\u00ed rady a tipy, zaj\u00edmav\u00e9 \u010dl\u00e1nky, videa a jedine\u010dn\u00e9 report\u00e1\u017ee ze sv\u011bta cyklistiky.","potentialAction":[{"@type":"SearchAction","target":{"@type":"EntryPoint","urlTemplate":"https:\/\/www.welovecycling.com\/cs\/?s={search_term_string}"},"query-input":{"@type":"PropertyValueSpecification","valueRequired":true,"valueName":"search_term_string"}}],"inLanguage":"cs"},{"@type":"Person","@id":"https:\/\/www.welovecycling.com\/cs\/#\/schema\/person\/d9eeb0a378f3a7e4a6d12d2b536b04b8","name":"radekmalina","image":{"@type":"ImageObject","inLanguage":"cs","@id":"https:\/\/www.welovecycling.com\/cs\/#\/schema\/person\/image\/","url":"https:\/\/secure.gravatar.com\/avatar\/66994b632cb8c39a46b9f54afa3ae07201b678d32a54275b6f1c9ffec356bfc0?s=96&d=mm&r=g","contentUrl":"https:\/\/secure.gravatar.com\/avatar\/66994b632cb8c39a46b9f54afa3ae07201b678d32a54275b6f1c9ffec356bfc0?s=96&d=mm&r=g","caption":"radekmalina"},"url":"https:\/\/www.welovecycling.com\/cs\/author\/radekmalina\/"}]}},"_links":{"self":[{"href":"https:\/\/www.welovecycling.com\/cs\/wp-json\/wp\/v2\/posts\/24445","targetHints":{"allow":["GET"]}}],"collection":[{"href":"https:\/\/www.welovecycling.com\/cs\/wp-json\/wp\/v2\/posts"}],"about":[{"href":"https:\/\/www.welovecycling.com\/cs\/wp-json\/wp\/v2\/types\/post"}],"author":[{"embeddable":true,"href":"https:\/\/www.welovecycling.com\/cs\/wp-json\/wp\/v2\/users\/138"}],"replies":[{"embeddable":true,"href":"https:\/\/www.welovecycling.com\/cs\/wp-json\/wp\/v2\/comments?post=24445"}],"version-history":[{"count":3,"href":"https:\/\/www.welovecycling.com\/cs\/wp-json\/wp\/v2\/posts\/24445\/revisions"}],"predecessor-version":[{"id":24448,"href":"https:\/\/www.welovecycling.com\/cs\/wp-json\/wp\/v2\/posts\/24445\/revisions\/24448"}],"wp:featuredmedia":[{"embeddable":true,"href":"https:\/\/www.welovecycling.com\/cs\/wp-json\/wp\/v2\/media\/24443"}],"wp:attachment":[{"href":"https:\/\/www.welovecycling.com\/cs\/wp-json\/wp\/v2\/media?parent=24445"}],"wp:term":[{"taxonomy":"category","embeddable":true,"href":"https:\/\/www.welovecycling.com\/cs\/wp-json\/wp\/v2\/categories?post=24445"},{"taxonomy":"post_tag","embeddable":true,"href":"https:\/\/www.welovecycling.com\/cs\/wp-json\/wp\/v2\/tags?post=24445"},{"taxonomy":"global-categories","embeddable":true,"href":"https:\/\/www.welovecycling.com\/cs\/wp-json\/wp\/v2\/global-categories?post=24445"}],"curies":[{"name":"wp","href":"https:\/\/api.w.org\/{rel}","templated":true}]}}