{"id":24401,"date":"2024-01-05T12:00:03","date_gmt":"2024-01-05T10:00:03","guid":{"rendered":"https:\/\/www.welovecycling.com\/cs\/?p=24401"},"modified":"2024-01-05T15:37:30","modified_gmt":"2024-01-05T13:37:30","slug":"jaka-je-nejtezsi-cyklisticka-disciplina","status":"publish","type":"post","link":"https:\/\/www.welovecycling.com\/cs\/2024\/01\/05\/jaka-je-nejtezsi-cyklisticka-disciplina\/","title":{"rendered":"Jak\u00e1 je nejt\u011b\u017e\u0161\u00ed cyklistick\u00e1 discipl\u00edna?"},"content":{"rendered":"<p><strong>Jak\u00e1 je nejt\u011b\u017e\u0161\u00ed cyklistick\u00e1 discipl\u00edna? T\u0159i b\u00fdval\u00e9 \u0161ampiony jsme po\u017e\u00e1dali, aby se zamysleli. Na d\u00e1lku se p\u0159eli o to, kter\u00e9 \u017ee odv\u011btv\u00ed cyklistiky je nejn\u00e1ro\u010dn\u011bj\u0161\u00ed z pohledu tr\u00e9ninku, tvrdosti z\u00e1vod\u016f i p\u00e1d\u016f. A kter\u00e9 se naopak vyplat\u00ed provozovat, proto\u017ee m\u00e1 zaj\u00edmavou v\u00fdplatnici. Ka\u017ed\u00fd z nich logicky \u201ekopal\u201c za svoji discipl\u00ednu, ale ve fin\u00e1le lze zase jen zopakovat starou pravdu, tedy \u017ee cyklistika je jen jedna. Tvrd\u00e1, ale kr\u00e1sn\u00e1. Tak a\u0165 v\u00e1m i v nov\u00e9m roce d\u011bl\u00e1 radost&#8230;<\/strong><\/p>\n<p>Jak\u00e9 jsou n\u00e1roky r\u016fzn\u00fdch discipl\u00edn, kter\u00e9 cyklistika sdru\u017euje? Vybrali jsme ty z \u010desk\u00e9ho pohledu nejz\u00e1sadn\u011bj\u0161\u00ed, v nich\u017e se nejv\u00edce projevuje fyzick\u00fd fond, kter\u00fd pova\u017eujeme za synonymum tvrdosti. A s nads\u00e1zkou a odleh\u010den\u011b jsme se za pomoci Zde\u0148ka \u0160tybara, Jaroslava Kulhav\u00e9ho a Tom\u00e1\u0161e B\u00e1bka pustili do \u00favah.<\/p>\n<p>Na silnici jde o letitou p\u0159\u00edpravu a vytrvalost, na horsk\u00fdch kolech se p\u0159id\u00e1v\u00e1 kur\u00e1\u017e, dr\u00e1hov\u00e1 cyklistika na kole s jedn\u00edm p\u0159evodem a bez brzd zase vy\u017eaduje v\u00fdbu\u0161nost, vysokou kadenci a milimetrov\u00e9 ovl\u00e1d\u00e1n\u00ed z\u00e1vodn\u00edho stroje. Co ale v\u0161echny \u0161ampiony spojuje? Tr\u00e9nuj\u00ed 365 dn\u016f na jeden vrcholn\u00fd sout\u011b\u017en\u00ed den.<\/p>\n<h2><strong>Zima bez st\u0159echy<\/strong><\/h2>\n<p>Je dvojn\u00e1sobn\u00fdm mistrem Evropy, \u010desk\u00fdm \u0161ampionem byl dokonce sedmat\u0159icetkr\u00e1t. O to v\u011bt\u0161\u00ed uzn\u00e1n\u00ed dr\u00e1hov\u00fd sprinter Tom\u00e1\u0161 B\u00e1bek zaslou\u017e\u00ed za to, v jak\u00fdch podm\u00ednk\u00e1ch svoji mistrovskou formu budoval.<\/p>\n<p>\u201eKa\u017ed\u00e1 discipl\u00edna m\u00e1 n\u011bco do sebe,\u201c spust\u00ed s\u00a0respektem ke sv\u00fdm koleg\u016fm z poroty. Nakonec ale hovo\u0159\u00ed o sv\u00e9m mraziv\u00e9m \u00fad\u011blu. \u201eZ pohledu tr\u00e9ninku je v tuzemsk\u00fdch podm\u00ednk\u00e1ch nejt\u011b\u017e\u0161\u00ed dr\u00e1ha. Nem\u00e1me vlastn\u00ed kryt\u00fd velodrom. A tr\u00e9novat v minus dvou \u010di t\u0159ech stupn\u00edch je fakt t\u011b\u017ek\u00e9. Kdy\u017e p\u0159i takov\u00e9 teplot\u011b mus\u00ed dr\u00e1ha\u0159 jezdit t\u011b\u017ek\u00e9 intervaly, jde v\u00e1\u017en\u011b o po\u0159\u00e1dn\u011b t\u011b\u017ekou zkou\u0161ku mor\u00e1lky.\u201c<\/p>\n<figure id=\"attachment_8272\" aria-describedby=\"caption-attachment-8272\" style=\"width: 1600px\" class=\"wp-caption alignnone\"><a href=\"https:\/\/d2p6e6u75xmxt8.cloudfront.net\/13\/2020\/07\/dr\u00e1ha-8-1.webp\"><img loading=\"lazy\" decoding=\"async\" class=\"size-full wp-image-8272\" src=\"https:\/\/d2p6e6u75xmxt8.cloudfront.net\/13\/2020\/07\/dr\u00e1ha-8-1.webp\" alt=\"Tom\u00e1\u0161 B\u00e1bek, dr\u00e1hov\u00fd cyklista, kter\u00fd by mohl ukon\u010dit \u010dek\u00e1n\u00ed \u010desk\u00e9 dr\u00e1hov\u00e9 cyklistiky na olympijskou medaili. Foto: Michal \u010cerven\u00fd\" width=\"1600\" height=\"1067\" srcset=\"https:\/\/d2p6e6u75xmxt8.cloudfront.net\/13\/2020\/07\/dr\u00e1ha-8-1.webp 1600w, https:\/\/d2p6e6u75xmxt8.cloudfront.net\/13\/2020\/07\/dr\u00e1ha-8-1-300x200.webp 300w, https:\/\/d2p6e6u75xmxt8.cloudfront.net\/13\/2020\/07\/dr\u00e1ha-8-1-1024x683.webp 1024w, https:\/\/d2p6e6u75xmxt8.cloudfront.net\/13\/2020\/07\/dr\u00e1ha-8-1-768x512.webp 768w, https:\/\/d2p6e6u75xmxt8.cloudfront.net\/13\/2020\/07\/dr\u00e1ha-8-1-1536x1024.webp 1536w, https:\/\/d2p6e6u75xmxt8.cloudfront.net\/13\/2020\/07\/dr\u00e1ha-8-1-272x182.webp 272w\" sizes=\"auto, (max-width: 1600px) 100vw, 1600px\" \/><\/a><figcaption id=\"caption-attachment-8272\" class=\"wp-caption-text\"><em>Tom\u00e1\u0161 B\u00e1bek vybojoval na dom\u00e1c\u00edch \u0161ampion\u00e1tech pod otev\u0159en\u00fdm nebem sedmat\u0159icet titul\u016f. Foto: Michal \u010cerven\u00fd<\/em><\/figcaption><\/figure>\n<p>Debata o zast\u0159e\u0161en\u00e9 dr\u00e1ze se vede roky. Pra\u017esk\u00fd Motol je polovi\u010dat\u00e9 \u0159e\u0161en\u00ed, proto\u017ee m\u00e1 jen 200metrovou d\u00e9lku, a velodrom Favoritu Brno, kde m\u00e1 B\u00e1bkova Dukla svoji tr\u00e9ninkovou b\u00e1zi, je star\u00fd a zast\u0159e\u0161en\u00fd jen z\u010d\u00e1sti. Brno sice m\u00e1 u\u017e projekt na nov\u00fd velodrom, ale kdy ho postav\u00ed?<\/p>\n<p>\u201eZa\u017eil jsem takov\u00fdch tr\u00e9nink\u016f mraky, tud\u00ed\u017e p\u0159esn\u011b v\u00edm, o \u010dem mluv\u00edm,\u201c \u0159\u00edk\u00e1 B\u00e1bek. \u201eN\u011bkdo nam\u00edtne, \u017ee lze tuhle \u010d\u00e1st p\u0159\u00edpravy absolvovat na trena\u017e\u00e9ru. Ano, je to skv\u011bl\u00fd tr\u00e9nink, ale nen\u00ed plnohodnotn\u00fd. Zvl\u00e1\u0161\u0165 v p\u0159\u00edpad\u011b dr\u00e1ha\u0159e \u010dlov\u011bk bojuje s posedem, s aerodynamickou pozic\u00ed a nevn\u00edm\u00e1 tolik tu rychlost. Tud\u00ed\u017e dva t\u0159i tr\u00e9ninky na trena\u017e\u00e9ru mo\u017en\u00e9 jsou, ale kdy\u017e je pak ne\u010das del\u0161\u00ed dobu, u\u017e se mus\u00ed na dr\u00e1hu. Zkou\u0161eli jsme to i v minus deseti, ale to u\u017e v\u00e1\u017en\u011b ne\u0161lo.\u201c<\/p>\n<div class=\"shortcode-ys-post-pinup\"><article class=\"loop-simple post-22615 post type-post status-publish format-standard has-post-thumbnail hentry category-letape-czech-republic tag-cyklistika tag-drahova-cyklistika tag-konec-kariery tag-letape-czech-republic-by-tour-de-france tag-silnicni-cyklistika tag-tomas-babek global-categories-cycling\" data-postid=\"22615\" role=\"article\" data-post-id=\"22615\" data-word-count=\"803\" data-headline-length=\"89\" data-category=\"L&#039;Etape Czech Republic\" data-global-category=\"Cycling\" data-author=\"Radek Malina\" data-published=\"2023-06-09T12:11:19+02:00\" data-published-day=\"Friday\">\n    <div class=\"entry-thumbnail article-thumbnail\" content=\"https:\/\/d2p6e6u75xmxt8.cloudfront.net\/13\/2020\/07\/dr\u00e1ha-8-1-150x150.webp\"><a href=\"https:\/\/www.welovecycling.com\/cs\/2023\/06\/09\/tomas-babek-vymenil-kolo-za-kancelar-nejhorsi-by-bylo-sedet-a-kopat-se-do-zadku\/\" class=\"image-holder\" target=\"_self\"><img decoding=\"async\" loading=\"lazy\" class=\"\" src=\"https:\/\/d2p6e6u75xmxt8.cloudfront.net\/13\/2020\/07\/dr\u00e1ha-8-1-1024x683.webp\" srcset=\"https:\/\/d2p6e6u75xmxt8.cloudfront.net\/13\/2020\/07\/dr\u00e1ha-8-1.webp 1600w, https:\/\/d2p6e6u75xmxt8.cloudfront.net\/13\/2020\/07\/dr\u00e1ha-8-1-300x200.webp 300w, https:\/\/d2p6e6u75xmxt8.cloudfront.net\/13\/2020\/07\/dr\u00e1ha-8-1-1024x683.webp 1024w, https:\/\/d2p6e6u75xmxt8.cloudfront.net\/13\/2020\/07\/dr\u00e1ha-8-1-768x512.webp 768w, https:\/\/d2p6e6u75xmxt8.cloudfront.net\/13\/2020\/07\/dr\u00e1ha-8-1-1536x1024.webp 1536w, https:\/\/d2p6e6u75xmxt8.cloudfront.net\/13\/2020\/07\/dr\u00e1ha-8-1-272x182.webp 272w\" width=\"1024\" height=\"683\" sizes=\"auto, (min-width: 1200px) 300px, (min-width: 768px) 25vw, 100vw\" alt=\"tomas-babek-vymenil-kolo-za-kancelar-nejhorsi-by-bylo-sedet-a-kopat-se-do-zadku\"\/><\/a><\/div>    <div class=\"entry-meta\">\n        <a class=\"label label-secondary post-category\" href=\"https:\/\/www.welovecycling.com\/cs\/category\/letape-czech-republic\/\" title=\"L'Etape Czech Republic\">L'Etape Czech Republic<\/a>\n    <\/div>\n    <div class=\"entry-details\">\n        <a href=\"https:\/\/www.welovecycling.com\/cs\/2023\/06\/09\/tomas-babek-vymenil-kolo-za-kancelar-nejhorsi-by-bylo-sedet-a-kopat-se-do-zadku\/\" class='entry-title-wrapper'>\n            <h3 class=\"entry-title\"><span>Tom\u00e1\u0161 B\u00e1bek vym\u011bnil kolo za kancel\u00e1\u0159: Nejhor\u0161\u00ed by bylo sed\u011bt a kopat se do zadku<\/span><\/h3>\n        <\/a>\n    <\/div>\n    <\/article>\n<\/div>\n<p>A\u010dkoliv B\u00e1bek d\u00fdch\u00e1 za svoji discipl\u00ednu, neomezuje se jeho pohled jen a pouze na dr\u00e1hov\u00e9 furto\u0161lapy a zat\u00e1\u010dku doleva. \u201eI j\u00e1 pro\u017eil spoustu hodin na silni\u010dn\u00edm kole, ale nikdy m\u011b nel\u00e1kalo zm\u011bnit discipl\u00ednu,\u201c ujist\u00ed. \u201eMn\u011b nikdy ne\u0161ly kopce. Ale fakt ne\u0161ly, tak\u017ee t\u00edm bylo dan\u00e9, \u017ee prost\u011b mus\u00edm z\u016fstat na dr\u00e1ze. A pokud jsem m\u011bl pocit, \u017ee n\u011bco postr\u00e1d\u00e1m, sedl jsem na bika nebo pr\u00e1v\u011b silni\u010dku a p\u0159\u00edpravu si zpest\u0159il.\u201c<\/p>\n<h2><strong>Ter\u00e9n, asfalt, nebo oboj\u00ed?<\/strong><\/h2>\n<p>Zvl\u00e1\u0161\u0165 v posledn\u00ed dob\u011b a v pod\u00e1n\u00ed t\u0159\u00ed z nejv\u011bt\u0161\u00edch hv\u011bzd cyklistick\u00e9ho pelotonu je to t\u00e9ma aktu\u00e1ln\u00ed. Van der Poel, Van Aert a Pidcock, v\u0161echno mist\u0159i sv\u011bta, kombinuj\u00edc\u00ed letn\u00ed silni\u010dn\u00ed cyklistiku se zimn\u00edm cyklokrosov\u00fdm ter\u00e9nem. A stejn\u011b to d\u011bl\u00e1 <a href=\"https:\/\/www.welovecycling.com\/cs\/2023\/11\/28\/vymacknout-z-tela-co-v-nem-zustalo-zdenek-stybar-ma-jasny-plan-pro-tabor-a-pak-mozna-cape-epic\/\">Zden\u011bk \u0160tybar<\/a>, trojn\u00e1sobn\u00fd mistr sv\u011bta v ter\u00e9nu a mimo jin\u00e9 v\u00edt\u011bz etapy na Tour de France.<\/p>\n<figure id=\"attachment_11522\" aria-describedby=\"caption-attachment-11522\" style=\"width: 1200px\" class=\"wp-caption alignnone\"><a href=\"https:\/\/d2p6e6u75xmxt8.cloudfront.net\/13\/2021\/01\/WLC_MS-CX_16.webp\"><img loading=\"lazy\" decoding=\"async\" class=\"size-full wp-image-11522\" src=\"https:\/\/d2p6e6u75xmxt8.cloudfront.net\/13\/2021\/01\/WLC_MS-CX_16.webp\" alt=\"Zden\u011bk \u0160tybar\" width=\"1200\" height=\"1500\" srcset=\"https:\/\/d2p6e6u75xmxt8.cloudfront.net\/13\/2021\/01\/WLC_MS-CX_16.webp 1200w, https:\/\/d2p6e6u75xmxt8.cloudfront.net\/13\/2021\/01\/WLC_MS-CX_16-240x300.webp 240w, https:\/\/d2p6e6u75xmxt8.cloudfront.net\/13\/2021\/01\/WLC_MS-CX_16-819x1024.webp 819w, https:\/\/d2p6e6u75xmxt8.cloudfront.net\/13\/2021\/01\/WLC_MS-CX_16-768x960.webp 768w\" sizes=\"auto, (max-width: 1200px) 100vw, 1200px\" \/><\/a><figcaption id=\"caption-attachment-11522\" class=\"wp-caption-text\"><em>Jak\u00e1 je nejt\u011b\u017e\u0161\u00ed cyklistick\u00e1 discipl\u00edna? Zden\u011bk \u0160tybar okusil cyklokros i silnici na nejvy\u0161\u0161\u00ed \u00farovni. Foto: Michal \u010cerven\u00fd<\/em><\/figcaption><\/figure>\n<p>Cyklokros je jeho ml\u00e1d\u00ed, silnice zase tvo\u0159ila nejslavn\u011bj\u0161\u00ed roky. A tak t\u011b\u017eko zva\u017euje \u201ev\u00edt\u011bze\u201c v sout\u011b\u017ei o nejt\u011b\u017e\u0161\u00ed cyklistickou discipl\u00ednu. \u201ePo\u010das\u00ed, nervozita, stres, tlak na v\u00edt\u011bzstv\u00ed,\u201c \u0159\u00edk\u00e1 k silnici a druh\u00fdm dechem p\u0159id\u00e1: \u201eA cyklokros je t\u011b\u017ek\u00fd v tom, \u017ee mus\u00edte b\u00fdt na \u0161pi\u010dkov\u00e9 \u00farovni od z\u00e1\u0159\u00ed do konce \u00fanora. Tam, co si neodpracujete, to nem\u00e1te. Ka\u017ed\u00fd jede s\u00e1m za sebe a co tomu d\u00e1te, to se v\u00e1m vr\u00e1t\u00ed ve v\u00fdsledku. V tomto je cyklokros spravedliv\u011bj\u0161\u00ed. Na silnici tomu m\u016f\u017eete d\u00e1vat \u010d\u00edm d\u00e1l v\u00edc, ale ani tak nem\u00e1te zaru\u010den\u00fd v\u00fdsledek. A naopak i kdy\u017e jste t\u0159eba na devades\u00e1ti procentech, tak v\u00e1s to n\u011bkdy m\u016f\u017ee z bal\u00edku vyplivnout dop\u0159edu tak tro\u0161ku omylem. A m\u016f\u017eete bojovat o etapov\u00e9 v\u00edt\u011bzstv\u00ed.\u201c<\/p>\n<h2><strong>\u0160est hodin v de\u0161ti&#8230;<\/strong><\/h2>\n<p>Jestli\u017ee B\u00e1bek hovo\u0159il o klimatick\u00fdch t\u011b\u017ekostech v\u00a0tr\u00e9ninku, \u0160tybar a spol. znaj\u00ed mraziv\u00e9 podm\u00ednky i v\u00a0z\u00e1vodech. A zase srovn\u00e1n\u00ed: \u201eV\u00a0cyklokrosu to klou\u017ee a je zima, ale po\u0159\u00e1d jen hodinu. Kde\u017eto kdy\u017e jedete klasiku Gent-Wevelgem na 270 kil\u00e1k\u016f, jsou t\u0159i stupn\u011b a pr\u016ftr\u017e mra\u010den, je to mnohem hor\u0161\u00ed, ne\u017e jet hodinu v\u00a0krosu.\u201c<\/p>\n<div class=\"shortcode-ys-post-pinup\"><article class=\"loop-simple post-18135 post type-post status-publish format-standard has-post-thumbnail hentry category-silnicni-cyklistika tag-cyklistika tag-jonas-vingegaard tag-jumbo-visma tag-silnicni-cyklistika tag-tour-de-france tag-wout-van-aert global-categories-cycling\" data-postid=\"18135\" role=\"article\" data-post-id=\"18135\" data-word-count=\"507\" data-headline-length=\"74\" data-category=\"Silni\u010dn\u00ed cyklistika\" data-global-category=\"Cycling\" data-author=\"Jan Kr\u016fta\" data-published=\"2022-07-29T17:00:47+02:00\" data-published-day=\"Friday\">\n    <div class=\"entry-thumbnail article-thumbnail\" content=\"https:\/\/d2p6e6u75xmxt8.cloudfront.net\/13\/2022\/07\/zeleny-wout-van-aert-profimedia-0710505574-150x150.webp\"><a href=\"https:\/\/www.welovecycling.com\/cs\/2022\/07\/29\/kral-zeleneho-dresu-wout-van-aert-mimoradny-talent-nebo-nadclovek\/\" class=\"image-holder\" target=\"_self\"><img decoding=\"async\" loading=\"lazy\" class=\"\" src=\"https:\/\/d2p6e6u75xmxt8.cloudfront.net\/13\/2022\/07\/zeleny-wout-van-aert-profimedia-0710505574-1024x683.webp\" srcset=\"https:\/\/d2p6e6u75xmxt8.cloudfront.net\/13\/2022\/07\/zeleny-wout-van-aert-profimedia-0710505574.webp 1800w, https:\/\/d2p6e6u75xmxt8.cloudfront.net\/13\/2022\/07\/zeleny-wout-van-aert-profimedia-0710505574-300x200.webp 300w, https:\/\/d2p6e6u75xmxt8.cloudfront.net\/13\/2022\/07\/zeleny-wout-van-aert-profimedia-0710505574-1024x683.webp 1024w, https:\/\/d2p6e6u75xmxt8.cloudfront.net\/13\/2022\/07\/zeleny-wout-van-aert-profimedia-0710505574-768x512.webp 768w, https:\/\/d2p6e6u75xmxt8.cloudfront.net\/13\/2022\/07\/zeleny-wout-van-aert-profimedia-0710505574-1536x1024.webp 1536w, https:\/\/d2p6e6u75xmxt8.cloudfront.net\/13\/2022\/07\/zeleny-wout-van-aert-profimedia-0710505574-272x182.webp 272w\" width=\"1024\" height=\"683\" sizes=\"auto, (min-width: 1200px) 300px, (min-width: 768px) 25vw, 100vw\" alt=\"kral-zeleneho-dresu-wout-van-aert-mimoradny-talent-nebo-nadclovek\"\/><\/a><\/div>    <div class=\"entry-meta\">\n        <a class=\"label label-secondary post-category\" href=\"https:\/\/www.welovecycling.com\/cs\/category\/silnicni-cyklistika\/\" title=\"Silni\u010dn\u00ed cyklistika\">Silni\u010dn\u00ed cyklistika<\/a>\n    <\/div>\n    <div class=\"entry-details\">\n        <a href=\"https:\/\/www.welovecycling.com\/cs\/2022\/07\/29\/kral-zeleneho-dresu-wout-van-aert-mimoradny-talent-nebo-nadclovek\/\" class='entry-title-wrapper'>\n            <h3 class=\"entry-title\"><span>Kr\u00e1l zelen\u00e9ho dresu Wout van Aert: mimo\u0159\u00e1dn\u00fd talent nebo nad\u010dlov\u011bk?<\/span><\/h3>\n        <\/a>\n    <\/div>\n    <\/article>\n<\/div>\n<p>V jednom m\u00e1 ale silnice nad krosy navrch, co\u017e i \u0160tybar stihl \u017eel bohu poznat. Kdy\u017e spadnete v ter\u00e9nu, pak v\u011bt\u0161inou do m\u011bkk\u00e9ho a nav\u00edc je\u0161t\u011b ne v takov\u00fdch rychlostech. \u201eNa silnici ale hromadn\u00e9 p\u00e1dy nem\u00e1te \u00fapln\u011b v ruce. Nav\u00edc rychlosti jsou mnohem vy\u0161\u0161\u00ed. On je rozd\u00edl spadnout v rychlosti p\u011btadvacet kilometr\u016f za hodinu do bahna \u010di p\u00edsku nebo v \u0161edes\u00e1tce ve spurtu na asfalt.\u201c<\/p>\n<figure id=\"attachment_13320\" aria-describedby=\"caption-attachment-13320\" style=\"width: 1920px\" class=\"wp-caption alignnone\"><a href=\"https:\/\/d2p6e6u75xmxt8.cloudfront.net\/13\/2021\/06\/stybar-brychta.webp\"><img loading=\"lazy\" decoding=\"async\" class=\"size-extra-large wp-image-13320\" src=\"https:\/\/d2p6e6u75xmxt8.cloudfront.net\/13\/2021\/06\/stybar-brychta-1920x1278.webp\" alt=\"Zden\u011bk \u0160tybar t\u00e1hne peloton p\u0159i mistrovstv\u00ed republiky na silnici, kter\u00e9 rovn\u011b\u017e ovl\u00e1dl. Jak\u00e1 je nejt\u011b\u017e\u0161\u00ed cyklistick\u00e1 discipl\u00edna?\" width=\"1920\" height=\"1278\" srcset=\"https:\/\/d2p6e6u75xmxt8.cloudfront.net\/13\/2021\/06\/stybar-brychta-1920x1278.webp 1920w, https:\/\/d2p6e6u75xmxt8.cloudfront.net\/13\/2021\/06\/stybar-brychta-300x200.webp 300w, https:\/\/d2p6e6u75xmxt8.cloudfront.net\/13\/2021\/06\/stybar-brychta-1024x682.webp 1024w, https:\/\/d2p6e6u75xmxt8.cloudfront.net\/13\/2021\/06\/stybar-brychta-768x511.webp 768w, https:\/\/d2p6e6u75xmxt8.cloudfront.net\/13\/2021\/06\/stybar-brychta-1536x1022.webp 1536w, https:\/\/d2p6e6u75xmxt8.cloudfront.net\/13\/2021\/06\/stybar-brychta-2048x1363.webp 2048w, https:\/\/d2p6e6u75xmxt8.cloudfront.net\/13\/2021\/06\/stybar-brychta-272x182.webp 272w, https:\/\/d2p6e6u75xmxt8.cloudfront.net\/13\/2021\/06\/stybar-brychta-1920x1278.webp 1920w\" sizes=\"auto, (max-width: 1920px) 100vw, 1920px\" \/><\/a><figcaption id=\"caption-attachment-13320\" class=\"wp-caption-text\"><em>Zden\u011bk \u0160tybar t\u00e1hne peloton p\u0159i mistrovstv\u00ed republiky na silnici. Jak\u00e1 je nejt\u011b\u017e\u0161\u00ed cyklistick\u00e1 discipl\u00edna o\u010dima \u0161ampiona&#8230; Foto: Jan Brychta<\/em><\/figcaption><\/figure>\n<p>A kdy\u017e jsme v\u00a0\u00favodu sl\u00edbili pohled do pen\u011b\u017eenky, m\u00e1 \u0160tybar taky co \u0159\u00edct. Sv\u00e9ho \u010dasu si coby mistr sv\u011bta mohl v\u00a0ter\u00e9nn\u00edch z\u00e1vodech \u0159\u00edkat o zaj\u00edmav\u00e9 startovn\u00e9, silnice naopak je kr\u00e1lovskou a tedy nejlukrativn\u011bj\u0161\u00ed discipl\u00ednou. \u201eKdy\u017e jste na \u00fapln\u00e9m vrcholu na silnici a nebo na vrcholu v krosu, tak silnice je o n\u011b\u010dem jin\u00e9m,\u201c srovn\u00e1v\u00e1 \u0160tyby. \u201ePokud jste lehce pod vrcholem v cyklokrosu a nebo nov\u00e1\u010dek na silnici, pak je ur\u010dit\u011b cyklokros lep\u0161\u00ed.\u201c<\/p>\n<h2><strong>Krat\u0161\u00ed a na\u0161lapan\u011bj\u0161\u00ed<\/strong><\/h2>\n<p>Kdy\u017e na kole za\u010d\u00ednal, jeho cross-country horsk\u00fdch kol se v\u00a0elitn\u00ed kategorii jezdilo t\u0159eba na 2,5 hodiny. Zato dnes? Sprint o hodinu krat\u0161\u00ed. I to st\u00e1lo za t\u00edm, \u017ee v\u00a0z\u00e1v\u011bru kari\u00e9ry Jaroslav Kulhav\u00fd, ten slovutn\u00fd cyklistick\u00fd diesel a olympijsk\u00fd v\u00edt\u011bz, nedok\u00e1zal na nov\u00fd trend zareagovat.<\/p>\n<p>\u201eTr\u00e9ninky, a\u0165 u\u017e vytrvalostn\u011b nebo silov\u011b, jsou n\u00e1ro\u010dn\u00e9, mus\u00edte str\u00e1vit hodn\u011b \u010dasu v\u00a0sedle i v posilovn\u011b,\u201c \u0159\u00edk\u00e1 Kulhav\u00fd. \u201eA jak se XC vyvinulo, je to skoro downhill, jak\u00fd se jezdil p\u0159ed p\u00e1r lety. Horsk\u00e1 kola nejsou jen o vysok\u00e9 v\u00fdkonnosti, ale hodn\u011b i o technice.\u201c<\/p>\n<figure id=\"attachment_7901\" aria-describedby=\"caption-attachment-7901\" style=\"width: 1600px\" class=\"wp-caption alignnone\"><a href=\"https:\/\/d2p6e6u75xmxt8.cloudfront.net\/13\/2020\/06\/WLC-watty-watt-meter-kulhav\u00fd-michal-\u010derven\u00fd.webp\"><img loading=\"lazy\" decoding=\"async\" class=\"size-full wp-image-7901\" src=\"https:\/\/d2p6e6u75xmxt8.cloudfront.net\/13\/2020\/06\/WLC-watty-watt-meter-kulhav\u00fd-michal-\u010derven\u00fd.webp\" alt=\"Watty na kilogram t\u011blesn\u00e9 v\u00e1hy p\u0159edstavuj\u00ed mantru sou\u010dasn\u00e9 cyklistiky. Foto: Michal \u010cerven\u00fd\" width=\"1600\" height=\"1067\" srcset=\"https:\/\/d2p6e6u75xmxt8.cloudfront.net\/13\/2020\/06\/WLC-watty-watt-meter-kulhav\u00fd-michal-\u010derven\u00fd.webp 1600w, https:\/\/d2p6e6u75xmxt8.cloudfront.net\/13\/2020\/06\/WLC-watty-watt-meter-kulhav\u00fd-michal-\u010derven\u00fd-300x200.webp 300w, https:\/\/d2p6e6u75xmxt8.cloudfront.net\/13\/2020\/06\/WLC-watty-watt-meter-kulhav\u00fd-michal-\u010derven\u00fd-1024x683.webp 1024w, https:\/\/d2p6e6u75xmxt8.cloudfront.net\/13\/2020\/06\/WLC-watty-watt-meter-kulhav\u00fd-michal-\u010derven\u00fd-768x512.webp 768w, https:\/\/d2p6e6u75xmxt8.cloudfront.net\/13\/2020\/06\/WLC-watty-watt-meter-kulhav\u00fd-michal-\u010derven\u00fd-1536x1024.webp 1536w, https:\/\/d2p6e6u75xmxt8.cloudfront.net\/13\/2020\/06\/WLC-watty-watt-meter-kulhav\u00fd-michal-\u010derven\u00fd-272x182.webp 272w\" sizes=\"auto, (max-width: 1600px) 100vw, 1600px\" \/><\/a><figcaption id=\"caption-attachment-7901\" class=\"wp-caption-text\"><em>Jak\u00e1 je nejt\u011b\u017e\u0161\u00ed cyklistick\u00e1 discipl\u00edna? Jaroslav Kulhav\u00fd ukazuje hodnoty po jedn\u00e9 z etap na Cape Epic. Foto: Michal \u010cerven\u00fd<\/em><\/figcaption><\/figure>\n<p>Podobn\u011b jako \u0160tybar i Kulhav\u00fd zn\u00e1 n\u00e1sledky karambol\u016f. V\u017edy\u0165 jen letos musel \u010dekat, ne\u017e mu sroste kl\u00ed\u010dn\u00ed kost a pak i z\u00e1p\u011bst\u00ed. \u201eN\u011bkdy se pad\u00e1 do m\u011bkk\u00e9ho a jindy na kameny. Nebo tref\u00edte strom. P\u0159ek\u00e1\u017eek je na trati nespo\u010det,\u201c p\u0159ipom\u00edn\u00e1 a souhlas\u00ed s\u00a0pohledem kolegy ze silni\u010dn\u00edho pelotonu, do n\u011bj\u017e taky ob\u010das nahl\u00e9dl: \u201eMo\u017en\u00e1 nejv\u011bt\u0161\u00ed v\u00fdhoda p\u00e1d\u016f na biku je v tom, \u017ee v lese si za n\u011b m\u016f\u017eete sami, kde\u017eto na silnici je neovlivn\u00edte. A ze silnice si v\u017edycky n\u011bjak\u00e9 zran\u011bn\u00ed odnesete.\u201c<\/p>\n<div class=\"shortcode-ys-post-pinup\"><article class=\"loop-simple post-18847 post type-post status-publish format-standard has-post-thumbnail hentry category-horska-cyklistika tag-cape-epic tag-cyklistika tag-horska-cyklistika tag-jaroslav-kulhavy tag-londyn-2012 tag-mistrovstvi-evropy tag-ms-champery tag-olympijske-hry tag-rio-2016 tag-svetovy-pohar tag-windham global-categories-cycling\" data-postid=\"18847\" role=\"article\" data-post-id=\"18847\" data-word-count=\"1065\" data-headline-length=\"69\" data-category=\"Horsk\u00e1 cyklistika\" data-global-category=\"Cycling\" data-author=\"We Love Cycling\" data-published=\"2022-09-22T15:00:44+02:00\" data-published-day=\"Thursday\">\n    <div class=\"entry-thumbnail article-thumbnail\" content=\"https:\/\/d2p6e6u75xmxt8.cloudfront.net\/13\/2022\/09\/2012_Londyn_3-150x150.webp\"><a href=\"https:\/\/www.welovecycling.com\/cs\/2022\/09\/22\/jaroslav-kulhavy-odchazi-muz-ktery-zmenil-cyklistiku-v-cesku\/\" class=\"image-holder\" target=\"_self\"><img decoding=\"async\" loading=\"lazy\" class=\"\" src=\"https:\/\/d2p6e6u75xmxt8.cloudfront.net\/13\/2022\/09\/2012_Londyn_3-1024x682.webp\" srcset=\"https:\/\/d2p6e6u75xmxt8.cloudfront.net\/13\/2022\/09\/2012_Londyn_3.webp 2000w, https:\/\/d2p6e6u75xmxt8.cloudfront.net\/13\/2022\/09\/2012_Londyn_3-300x200.webp 300w, https:\/\/d2p6e6u75xmxt8.cloudfront.net\/13\/2022\/09\/2012_Londyn_3-1024x682.webp 1024w, https:\/\/d2p6e6u75xmxt8.cloudfront.net\/13\/2022\/09\/2012_Londyn_3-768x512.webp 768w, https:\/\/d2p6e6u75xmxt8.cloudfront.net\/13\/2022\/09\/2012_Londyn_3-1536x1024.webp 1536w, https:\/\/d2p6e6u75xmxt8.cloudfront.net\/13\/2022\/09\/2012_Londyn_3-1920x1280.webp 1920w, https:\/\/d2p6e6u75xmxt8.cloudfront.net\/13\/2022\/09\/2012_Londyn_3-272x182.webp 272w, https:\/\/d2p6e6u75xmxt8.cloudfront.net\/13\/2022\/09\/2012_Londyn_3-1920x1280.webp 1920w\" width=\"1024\" height=\"682\" sizes=\"auto, (min-width: 1200px) 300px, (min-width: 768px) 25vw, 100vw\" alt=\"jaroslav-kulhavy-odchazi-muz-ktery-zmenil-cyklistiku-v-cesku\"\/><\/a><\/div>    <div class=\"entry-meta\">\n        <a class=\"label label-secondary post-category\" href=\"https:\/\/www.welovecycling.com\/cs\/category\/horska-cyklistika\/\" title=\"Horsk\u00e1 cyklistika\">Horsk\u00e1 cyklistika<\/a>\n    <\/div>\n    <div class=\"entry-details\">\n        <a href=\"https:\/\/www.welovecycling.com\/cs\/2022\/09\/22\/jaroslav-kulhavy-odchazi-muz-ktery-zmenil-cyklistiku-v-cesku\/\" class='entry-title-wrapper'>\n            <h3 class=\"entry-title\"><span>Jaroslav Kulhav\u00fd: odch\u00e1z\u00ed mu\u017e, kter\u00fd zm\u011bnil cyklistiku v \u010cesku<\/span><\/h3>\n        <\/a>\n    <\/div>\n    <\/article>\n<\/div>\n<p>Spolu s evoluc\u00ed trat\u00ed se m\u011bnila taky podoba v\u00fdsledkov\u00fdch listin. \u201eProto\u017ee posledn\u00ed roky se n\u00e1\u0161 sport stra\u0161n\u011b zprofesionalizoval a je to v z\u00e1vodech vid\u011bt pr\u00e1v\u011b na rozestupech. D\u0159\u00edv bylo v deseti minut\u00e1ch t\u0159icet lid\u00ed, dnes jich je dvakr\u00e1t tolik, pole se zkvalit\u0148uje, v\u0161ichni maj\u00ed v\u00edcem\u00e9n\u011b podobn\u00e9 podm\u00ednky a vyrovnali se jeden druh\u00e9mu.\u201c<\/p>\n<p>P\u0159esto kdyby Kulhav\u00fd v\u011bd\u011bl, co v\u00ed dnes, a mohl se vr\u00e1til o \u010dtvrtstolet\u00ed nazp\u011bt, vybral by si znovu discipl\u00ednu sv\u00e9ho srdce. \u201eV\u0161eobecn\u011b se za kr\u00e1lovskou discipl\u00ednu bere silnice. Tour de France a dal\u0161\u00ed z\u00e1vody jsou presti\u017en\u011bj\u0161\u00ed. Ale m\u016f\u017ee to b\u00fdt n\u011bkdy taky nuda, co\u017e ostatn\u011b \u0159\u00edkal i Sagan. A j\u00e1 s n\u00edm souhlas\u00edm.\u201c<\/p>\n","protected":false},"excerpt":{"rendered":"<p>Jak\u00e1 je nejt\u011b\u017e\u0161\u00ed cyklistick\u00e1 discipl\u00edna? T\u0159i b\u00fdval\u00e9 \u0161ampiony jsme po\u017e\u00e1dali, aby se zamysleli. Na d\u00e1lku se p\u0159eli o to, kter\u00e9 [&hellip;]<\/p>\n","protected":false},"author":138,"featured_media":24415,"comment_status":"open","ping_status":"open","sticky":false,"template":"","format":"standard","meta":{"footnotes":""},"categories":[1516,11,10,660],"tags":[723,1004,56,234,3361,9,1007,73],"global-categories":[411],"class_list":["post-24401","post","type-post","status-publish","format-standard","has-post-thumbnail","hentry","category-drahova-cyklistika","category-horska-cyklistika","category-silnicni-cyklistika","category-https-www-welovecycling-com-cs-category-zabava","tag-cyklokros","tag-drahova-cyklistika","tag-horska-cyklistika","tag-jaroslav-kulhavy","tag-nejtezsi-disciplina","tag-silnicni-cyklistika","tag-tomas-babek","tag-zdenek-stybar","global-categories-cycling"],"yoast_head":"<!-- This site is optimized with the Yoast SEO Premium plugin v25.3 (Yoast SEO v25.9) - https:\/\/yoast.com\/wordpress\/plugins\/seo\/ -->\n<title>Jak\u00e1 je nejt\u011b\u017e\u0161\u00ed cyklistick\u00e1 discipl\u00edna? | \u0160koda We Love Cycling - \u010cesk\u00e1 republika<\/title>\n<meta name=\"description\" content=\"Jak\u00e1 je nejt\u011b\u017e\u0161\u00ed cyklistick\u00e1 discipl\u00edna? T\u0159i b\u00fdval\u00e9 \u0161ampiony jsme po\u017e\u00e1dali, aby se zamysleli. Na d\u00e1lku se p\u0159eli o to, kter\u00e9 \u017ee odv\u011btv\u00ed cyklistiky je nejn\u00e1ro\u010dn\u011bj\u0161\u00ed z pohledu tr\u00e9ninku, tvrdosti z\u00e1vod\u016f i p\u00e1d\u016f. A kter\u00e9 se naopak vyplat\u00ed provozovat, proto\u017ee m\u00e1 zaj\u00edmavou v\u00fdplatnici. Ka\u017ed\u00fd z nich logicky \u201ekopal\u201c za svoji discipl\u00ednu, ale ve fin\u00e1le lze zase jen zopakovat starou pravdu, tedy \u017ee cyklistika je jen jedna. Tvrd\u00e1, ale kr\u00e1sn\u00e1. Tak a\u0165 v\u00e1m i v nov\u00e9m roce d\u011bl\u00e1 radost...\" \/>\n<meta name=\"robots\" content=\"index, follow, max-snippet:-1, max-image-preview:large, max-video-preview:-1\" \/>\n<link rel=\"canonical\" href=\"https:\/\/www.welovecycling.com\/cs\/2024\/01\/05\/jaka-je-nejtezsi-cyklisticka-disciplina\/\" \/>\n<meta property=\"og:locale\" content=\"cs_CZ\" \/>\n<meta property=\"og:type\" content=\"article\" \/>\n<meta property=\"og:title\" content=\"Jak\u00e1 je nejt\u011b\u017e\u0161\u00ed cyklistick\u00e1 discipl\u00edna?\" \/>\n<meta property=\"og:description\" content=\"Jak\u00e1 je nejt\u011b\u017e\u0161\u00ed cyklistick\u00e1 discipl\u00edna? T\u0159i b\u00fdval\u00e9 \u0161ampiony jsme po\u017e\u00e1dali, aby se zamysleli. Na d\u00e1lku se p\u0159eli o to, kter\u00e9 \u017ee odv\u011btv\u00ed cyklistiky je nejn\u00e1ro\u010dn\u011bj\u0161\u00ed z pohledu tr\u00e9ninku, tvrdosti z\u00e1vod\u016f i p\u00e1d\u016f. A kter\u00e9 se naopak vyplat\u00ed provozovat, proto\u017ee m\u00e1 zaj\u00edmavou v\u00fdplatnici. Ka\u017ed\u00fd z nich logicky \u201ekopal\u201c za svoji discipl\u00ednu, ale ve fin\u00e1le lze zase jen zopakovat starou pravdu, tedy \u017ee cyklistika je jen jedna. Tvrd\u00e1, ale kr\u00e1sn\u00e1. Tak a\u0165 v\u00e1m i v nov\u00e9m roce d\u011bl\u00e1 radost...\" \/>\n<meta property=\"og:url\" content=\"https:\/\/www.welovecycling.com\/cs\/2024\/01\/05\/jaka-je-nejtezsi-cyklisticka-disciplina\/\" \/>\n<meta property=\"og:site_name\" content=\"\u0160koda We Love Cycling - \u010cesk\u00e1 republika\" \/>\n<meta property=\"article:published_time\" content=\"2024-01-05T10:00:03+00:00\" \/>\n<meta property=\"article:modified_time\" content=\"2024-01-05T13:37:30+00:00\" \/>\n<meta property=\"og:image\" content=\"https:\/\/d2p6e6u75xmxt8.cloudfront.net\/13\/2023\/12\/rec-van-der-poel-profimedia-0805786460.webp\" \/>\n\t<meta property=\"og:image:width\" content=\"1800\" \/>\n\t<meta property=\"og:image:height\" content=\"1199\" \/>\n\t<meta property=\"og:image:type\" content=\"image\/webp\" \/>\n<meta name=\"author\" content=\"radekmalina\" \/>\n<meta name=\"twitter:card\" content=\"summary_large_image\" \/>\n<meta name=\"twitter:label1\" content=\"Written by\" \/>\n\t<meta name=\"twitter:data1\" content=\"We Love Cycling\" \/>\n\t<meta name=\"twitter:label2\" content=\"Est. reading time\" \/>\n\t<meta name=\"twitter:data2\" content=\"8\" \/>\n<script type=\"application\/ld+json\" class=\"yoast-schema-graph\">{\"@context\":\"https:\/\/schema.org\",\"@graph\":[{\"@type\":\"WebPage\",\"@id\":\"https:\/\/www.welovecycling.com\/cs\/2024\/01\/05\/jaka-je-nejtezsi-cyklisticka-disciplina\/\",\"url\":\"https:\/\/www.welovecycling.com\/cs\/2024\/01\/05\/jaka-je-nejtezsi-cyklisticka-disciplina\/\",\"name\":\"Jak\u00e1 je nejt\u011b\u017e\u0161\u00ed cyklistick\u00e1 discipl\u00edna? | \u0160koda We Love Cycling - \u010cesk\u00e1 republika\",\"isPartOf\":{\"@id\":\"https:\/\/www.welovecycling.com\/cs\/#website\"},\"primaryImageOfPage\":{\"@id\":\"https:\/\/www.welovecycling.com\/cs\/2024\/01\/05\/jaka-je-nejtezsi-cyklisticka-disciplina\/#primaryimage\"},\"image\":{\"@id\":\"https:\/\/www.welovecycling.com\/cs\/2024\/01\/05\/jaka-je-nejtezsi-cyklisticka-disciplina\/#primaryimage\"},\"thumbnailUrl\":\"https:\/\/d2p6e6u75xmxt8.cloudfront.net\/13\/2023\/12\/rec-van-der-poel-profimedia-0805786460.webp\",\"datePublished\":\"2024-01-05T10:00:03+00:00\",\"dateModified\":\"2024-01-05T13:37:30+00:00\",\"author\":{\"@id\":\"https:\/\/www.welovecycling.com\/cs\/#\/schema\/person\/d9eeb0a378f3a7e4a6d12d2b536b04b8\"},\"description\":\"Jak\u00e1 je nejt\u011b\u017e\u0161\u00ed cyklistick\u00e1 discipl\u00edna? T\u0159i b\u00fdval\u00e9 \u0161ampiony jsme po\u017e\u00e1dali, aby se zamysleli. Na d\u00e1lku se p\u0159eli o to, kter\u00e9 \u017ee odv\u011btv\u00ed cyklistiky je nejn\u00e1ro\u010dn\u011bj\u0161\u00ed z pohledu tr\u00e9ninku, tvrdosti z\u00e1vod\u016f i p\u00e1d\u016f. A kter\u00e9 se naopak vyplat\u00ed provozovat, proto\u017ee m\u00e1 zaj\u00edmavou v\u00fdplatnici. Ka\u017ed\u00fd z nich logicky \u201ekopal\u201c za svoji discipl\u00ednu, ale ve fin\u00e1le lze zase jen zopakovat starou pravdu, tedy \u017ee cyklistika je jen jedna. Tvrd\u00e1, ale kr\u00e1sn\u00e1. Tak a\u0165 v\u00e1m i v nov\u00e9m roce d\u011bl\u00e1 radost...\",\"inLanguage\":\"cs\",\"potentialAction\":[{\"@type\":\"ReadAction\",\"target\":[\"https:\/\/www.welovecycling.com\/cs\/2024\/01\/05\/jaka-je-nejtezsi-cyklisticka-disciplina\/\"]}]},{\"@type\":\"ImageObject\",\"inLanguage\":\"cs\",\"@id\":\"https:\/\/www.welovecycling.com\/cs\/2024\/01\/05\/jaka-je-nejtezsi-cyklisticka-disciplina\/#primaryimage\",\"url\":\"https:\/\/d2p6e6u75xmxt8.cloudfront.net\/13\/2023\/12\/rec-van-der-poel-profimedia-0805786460.webp\",\"contentUrl\":\"https:\/\/d2p6e6u75xmxt8.cloudfront.net\/13\/2023\/12\/rec-van-der-poel-profimedia-0805786460.webp\",\"width\":1800,\"height\":1199},{\"@type\":\"WebSite\",\"@id\":\"https:\/\/www.welovecycling.com\/cs\/#website\",\"url\":\"https:\/\/www.welovecycling.com\/cs\/\",\"name\":\"\u0160koda We Love Cycling - \u010cesk\u00e1 republika\",\"description\":\"WeLoveCycling.cz je online magaz\u00edn, kter\u00fd v\u00e1m pravideln\u011b p\u0159in\u00e1\u0161\u00ed rady a tipy, zaj\u00edmav\u00e9 \u010dl\u00e1nky, videa a jedine\u010dn\u00e9 report\u00e1\u017ee ze sv\u011bta cyklistiky.\",\"potentialAction\":[{\"@type\":\"SearchAction\",\"target\":{\"@type\":\"EntryPoint\",\"urlTemplate\":\"https:\/\/www.welovecycling.com\/cs\/?s={search_term_string}\"},\"query-input\":{\"@type\":\"PropertyValueSpecification\",\"valueRequired\":true,\"valueName\":\"search_term_string\"}}],\"inLanguage\":\"cs\"},{\"@type\":\"Person\",\"@id\":\"https:\/\/www.welovecycling.com\/cs\/#\/schema\/person\/d9eeb0a378f3a7e4a6d12d2b536b04b8\",\"name\":\"radekmalina\",\"image\":{\"@type\":\"ImageObject\",\"inLanguage\":\"cs\",\"@id\":\"https:\/\/www.welovecycling.com\/cs\/#\/schema\/person\/image\/\",\"url\":\"https:\/\/secure.gravatar.com\/avatar\/66994b632cb8c39a46b9f54afa3ae07201b678d32a54275b6f1c9ffec356bfc0?s=96&d=mm&r=g\",\"contentUrl\":\"https:\/\/secure.gravatar.com\/avatar\/66994b632cb8c39a46b9f54afa3ae07201b678d32a54275b6f1c9ffec356bfc0?s=96&d=mm&r=g\",\"caption\":\"radekmalina\"},\"url\":\"https:\/\/www.welovecycling.com\/cs\/author\/radekmalina\/\"}]}<\/script>\n<!-- \/ Yoast SEO Premium plugin. -->","yoast_head_json":{"title":"Jak\u00e1 je nejt\u011b\u017e\u0161\u00ed cyklistick\u00e1 discipl\u00edna? | \u0160koda We Love Cycling - \u010cesk\u00e1 republika","description":"Jak\u00e1 je nejt\u011b\u017e\u0161\u00ed cyklistick\u00e1 discipl\u00edna? T\u0159i b\u00fdval\u00e9 \u0161ampiony jsme po\u017e\u00e1dali, aby se zamysleli. Na d\u00e1lku se p\u0159eli o to, kter\u00e9 \u017ee odv\u011btv\u00ed cyklistiky je nejn\u00e1ro\u010dn\u011bj\u0161\u00ed z pohledu tr\u00e9ninku, tvrdosti z\u00e1vod\u016f i p\u00e1d\u016f. A kter\u00e9 se naopak vyplat\u00ed provozovat, proto\u017ee m\u00e1 zaj\u00edmavou v\u00fdplatnici. Ka\u017ed\u00fd z nich logicky \u201ekopal\u201c za svoji discipl\u00ednu, ale ve fin\u00e1le lze zase jen zopakovat starou pravdu, tedy \u017ee cyklistika je jen jedna. Tvrd\u00e1, ale kr\u00e1sn\u00e1. Tak a\u0165 v\u00e1m i v nov\u00e9m roce d\u011bl\u00e1 radost...","robots":{"index":"index","follow":"follow","max-snippet":"max-snippet:-1","max-image-preview":"max-image-preview:large","max-video-preview":"max-video-preview:-1"},"canonical":"https:\/\/www.welovecycling.com\/cs\/2024\/01\/05\/jaka-je-nejtezsi-cyklisticka-disciplina\/","og_locale":"cs_CZ","og_type":"article","og_title":"Jak\u00e1 je nejt\u011b\u017e\u0161\u00ed cyklistick\u00e1 discipl\u00edna?","og_description":"Jak\u00e1 je nejt\u011b\u017e\u0161\u00ed cyklistick\u00e1 discipl\u00edna? T\u0159i b\u00fdval\u00e9 \u0161ampiony jsme po\u017e\u00e1dali, aby se zamysleli. Na d\u00e1lku se p\u0159eli o to, kter\u00e9 \u017ee odv\u011btv\u00ed cyklistiky je nejn\u00e1ro\u010dn\u011bj\u0161\u00ed z pohledu tr\u00e9ninku, tvrdosti z\u00e1vod\u016f i p\u00e1d\u016f. A kter\u00e9 se naopak vyplat\u00ed provozovat, proto\u017ee m\u00e1 zaj\u00edmavou v\u00fdplatnici. Ka\u017ed\u00fd z nich logicky \u201ekopal\u201c za svoji discipl\u00ednu, ale ve fin\u00e1le lze zase jen zopakovat starou pravdu, tedy \u017ee cyklistika je jen jedna. Tvrd\u00e1, ale kr\u00e1sn\u00e1. Tak a\u0165 v\u00e1m i v nov\u00e9m roce d\u011bl\u00e1 radost...","og_url":"https:\/\/www.welovecycling.com\/cs\/2024\/01\/05\/jaka-je-nejtezsi-cyklisticka-disciplina\/","og_site_name":"\u0160koda We Love Cycling - \u010cesk\u00e1 republika","article_published_time":"2024-01-05T10:00:03+00:00","article_modified_time":"2024-01-05T13:37:30+00:00","og_image":[{"width":1800,"height":1199,"url":"https:\/\/d2p6e6u75xmxt8.cloudfront.net\/13\/2023\/12\/rec-van-der-poel-profimedia-0805786460.webp","type":"image\/webp"}],"author":"radekmalina","twitter_card":"summary_large_image","twitter_misc":{"Written by":"We Love Cycling","Est. reading time":"8"},"schema":{"@context":"https:\/\/schema.org","@graph":[{"@type":"WebPage","@id":"https:\/\/www.welovecycling.com\/cs\/2024\/01\/05\/jaka-je-nejtezsi-cyklisticka-disciplina\/","url":"https:\/\/www.welovecycling.com\/cs\/2024\/01\/05\/jaka-je-nejtezsi-cyklisticka-disciplina\/","name":"Jak\u00e1 je nejt\u011b\u017e\u0161\u00ed cyklistick\u00e1 discipl\u00edna? | \u0160koda We Love Cycling - \u010cesk\u00e1 republika","isPartOf":{"@id":"https:\/\/www.welovecycling.com\/cs\/#website"},"primaryImageOfPage":{"@id":"https:\/\/www.welovecycling.com\/cs\/2024\/01\/05\/jaka-je-nejtezsi-cyklisticka-disciplina\/#primaryimage"},"image":{"@id":"https:\/\/www.welovecycling.com\/cs\/2024\/01\/05\/jaka-je-nejtezsi-cyklisticka-disciplina\/#primaryimage"},"thumbnailUrl":"https:\/\/d2p6e6u75xmxt8.cloudfront.net\/13\/2023\/12\/rec-van-der-poel-profimedia-0805786460.webp","datePublished":"2024-01-05T10:00:03+00:00","dateModified":"2024-01-05T13:37:30+00:00","author":{"@id":"https:\/\/www.welovecycling.com\/cs\/#\/schema\/person\/d9eeb0a378f3a7e4a6d12d2b536b04b8"},"description":"Jak\u00e1 je nejt\u011b\u017e\u0161\u00ed cyklistick\u00e1 discipl\u00edna? T\u0159i b\u00fdval\u00e9 \u0161ampiony jsme po\u017e\u00e1dali, aby se zamysleli. Na d\u00e1lku se p\u0159eli o to, kter\u00e9 \u017ee odv\u011btv\u00ed cyklistiky je nejn\u00e1ro\u010dn\u011bj\u0161\u00ed z pohledu tr\u00e9ninku, tvrdosti z\u00e1vod\u016f i p\u00e1d\u016f. A kter\u00e9 se naopak vyplat\u00ed provozovat, proto\u017ee m\u00e1 zaj\u00edmavou v\u00fdplatnici. Ka\u017ed\u00fd z nich logicky \u201ekopal\u201c za svoji discipl\u00ednu, ale ve fin\u00e1le lze zase jen zopakovat starou pravdu, tedy \u017ee cyklistika je jen jedna. Tvrd\u00e1, ale kr\u00e1sn\u00e1. Tak a\u0165 v\u00e1m i v nov\u00e9m roce d\u011bl\u00e1 radost...","inLanguage":"cs","potentialAction":[{"@type":"ReadAction","target":["https:\/\/www.welovecycling.com\/cs\/2024\/01\/05\/jaka-je-nejtezsi-cyklisticka-disciplina\/"]}]},{"@type":"ImageObject","inLanguage":"cs","@id":"https:\/\/www.welovecycling.com\/cs\/2024\/01\/05\/jaka-je-nejtezsi-cyklisticka-disciplina\/#primaryimage","url":"https:\/\/d2p6e6u75xmxt8.cloudfront.net\/13\/2023\/12\/rec-van-der-poel-profimedia-0805786460.webp","contentUrl":"https:\/\/d2p6e6u75xmxt8.cloudfront.net\/13\/2023\/12\/rec-van-der-poel-profimedia-0805786460.webp","width":1800,"height":1199},{"@type":"WebSite","@id":"https:\/\/www.welovecycling.com\/cs\/#website","url":"https:\/\/www.welovecycling.com\/cs\/","name":"\u0160koda We Love Cycling - \u010cesk\u00e1 republika","description":"WeLoveCycling.cz je online magaz\u00edn, kter\u00fd v\u00e1m pravideln\u011b p\u0159in\u00e1\u0161\u00ed rady a tipy, zaj\u00edmav\u00e9 \u010dl\u00e1nky, videa a jedine\u010dn\u00e9 report\u00e1\u017ee ze sv\u011bta cyklistiky.","potentialAction":[{"@type":"SearchAction","target":{"@type":"EntryPoint","urlTemplate":"https:\/\/www.welovecycling.com\/cs\/?s={search_term_string}"},"query-input":{"@type":"PropertyValueSpecification","valueRequired":true,"valueName":"search_term_string"}}],"inLanguage":"cs"},{"@type":"Person","@id":"https:\/\/www.welovecycling.com\/cs\/#\/schema\/person\/d9eeb0a378f3a7e4a6d12d2b536b04b8","name":"radekmalina","image":{"@type":"ImageObject","inLanguage":"cs","@id":"https:\/\/www.welovecycling.com\/cs\/#\/schema\/person\/image\/","url":"https:\/\/secure.gravatar.com\/avatar\/66994b632cb8c39a46b9f54afa3ae07201b678d32a54275b6f1c9ffec356bfc0?s=96&d=mm&r=g","contentUrl":"https:\/\/secure.gravatar.com\/avatar\/66994b632cb8c39a46b9f54afa3ae07201b678d32a54275b6f1c9ffec356bfc0?s=96&d=mm&r=g","caption":"radekmalina"},"url":"https:\/\/www.welovecycling.com\/cs\/author\/radekmalina\/"}]}},"_links":{"self":[{"href":"https:\/\/www.welovecycling.com\/cs\/wp-json\/wp\/v2\/posts\/24401","targetHints":{"allow":["GET"]}}],"collection":[{"href":"https:\/\/www.welovecycling.com\/cs\/wp-json\/wp\/v2\/posts"}],"about":[{"href":"https:\/\/www.welovecycling.com\/cs\/wp-json\/wp\/v2\/types\/post"}],"author":[{"embeddable":true,"href":"https:\/\/www.welovecycling.com\/cs\/wp-json\/wp\/v2\/users\/138"}],"replies":[{"embeddable":true,"href":"https:\/\/www.welovecycling.com\/cs\/wp-json\/wp\/v2\/comments?post=24401"}],"version-history":[{"count":5,"href":"https:\/\/www.welovecycling.com\/cs\/wp-json\/wp\/v2\/posts\/24401\/revisions"}],"predecessor-version":[{"id":24452,"href":"https:\/\/www.welovecycling.com\/cs\/wp-json\/wp\/v2\/posts\/24401\/revisions\/24452"}],"wp:featuredmedia":[{"embeddable":true,"href":"https:\/\/www.welovecycling.com\/cs\/wp-json\/wp\/v2\/media\/24415"}],"wp:attachment":[{"href":"https:\/\/www.welovecycling.com\/cs\/wp-json\/wp\/v2\/media?parent=24401"}],"wp:term":[{"taxonomy":"category","embeddable":true,"href":"https:\/\/www.welovecycling.com\/cs\/wp-json\/wp\/v2\/categories?post=24401"},{"taxonomy":"post_tag","embeddable":true,"href":"https:\/\/www.welovecycling.com\/cs\/wp-json\/wp\/v2\/tags?post=24401"},{"taxonomy":"global-categories","embeddable":true,"href":"https:\/\/www.welovecycling.com\/cs\/wp-json\/wp\/v2\/global-categories?post=24401"}],"curies":[{"name":"wp","href":"https:\/\/api.w.org\/{rel}","templated":true}]}}