{"id":24377,"date":"2023-12-20T05:00:42","date_gmt":"2023-12-20T03:00:42","guid":{"rendered":"https:\/\/www.welovecycling.com\/cs\/?p=24377"},"modified":"2023-12-19T19:36:40","modified_gmt":"2023-12-19T17:36:40","slug":"mathias-vacek-rok-2024-rozhodne-jestli-budu-lidr-nebo-domestik","status":"publish","type":"post","link":"https:\/\/www.welovecycling.com\/cs\/2023\/12\/20\/mathias-vacek-rok-2024-rozhodne-jestli-budu-lidr-nebo-domestik\/","title":{"rendered":"Mathias Vacek: Rok 2024 rozhodne, jestli budu l\u00eddr nebo domestik"},"content":{"rendered":"<p><strong>Intervalov\u00e9 tr\u00e9ninky u\u017e na \u00favod prosince! Mathias Vacek, \u010desk\u00fd reprezentant v silni\u010dn\u00ed cyklistice, se chyst\u00e1 na druhou kompletn\u00ed sezonu v barv\u00e1ch formace Lidl Trek. \u201eP\u016fjde o rozhoduj\u00edc\u00ed rok pro moji kari\u00e9ru,\u201c tu\u0161\u00ed jednadvacetilet\u00fd z\u00e1vodn\u00edk. M\u00e1 jasno o cel\u00e9m z\u00e1vodn\u00edm programu a v rozhovoru pro WeLoveCycling.cz prozradil, na kter\u00e9 Grand Tour si odbude debut.<\/strong><\/p>\n<h2><strong>Mathiasi v\u00a0jak\u00e9 f\u00e1zi p\u0159\u00edpravy na sezonu 2024 jste nyn\u00ed v\u00a0obdob\u00ed V\u00e1noc?<\/strong><\/h2>\n<p>U\u017e jsem hodn\u011b daleko. M\u00e1m za sebou p\u011bt t\u00fddn\u016f v\u00a0teple. Prvn\u00ed t\u00fdden jsem jezdil jenom lehce, prost\u011b se vozil. Pak jsem za\u0159adil lehk\u00e9 intervaly a b\u011bhem t\u0159et\u00edho t\u00fddne u\u017e jsem jezdil i do rychlosti, abych byl p\u0159ipraven\u00fd na t\u00fdmov\u00e9 soust\u0159ed\u011bn\u00ed. Na vlastn\u00edm tr\u00e9ninku pozoruji, jak se cyklistika m\u011bn\u00ed.<\/p>\n<h2><strong>Naj\u00ed\u017ed\u011bn\u00ed interval\u016f na p\u0159elomu listopadu a prosince d\u0159\u00edve v\u016fbec nebylo v\u00a0tr\u00e9ninkov\u00fdch pl\u00e1nech, \u017ee?<\/strong><\/h2>\n<p>P\u0159esn\u011b. U\u017e na soust\u0159ed\u011bn\u00ed p\u0159ijel ka\u017ed\u00fd ve velmi dobr\u00e9 form\u011b. J\u00e1 nav\u00edc budu za\u010d\u00ednat sezonu u\u017e v\u00a0lednu p\u0159i australsk\u00e9 Tour Down Under. Sou\u010dasn\u011b ale nesm\u00edm b\u00fdt zava\u0159en\u00fd, proto\u017ee jarn\u00ed program bude hodn\u011b dlouh\u00fd a n\u00e1ro\u010dn\u00fd.<\/p>\n<h2><strong>P\u016fvodn\u011b jste m\u011bl sezonu otev\u0159\u00edt a\u017e p\u0159i etapov\u00e9m z\u00e1vod\u011b Kolem Algarve. Pro\u010d do\u0161lo ke zm\u011bn\u011b?<\/strong><\/h2>\n<p>Veden\u00ed se rozhodlo m\u011b poslat do Austr\u00e1lie a j\u00e1 souhlasil. Z hlediska profilu jde o fajn z\u00e1vod, na trase nebudou vylo\u017een\u011b drsn\u00e9 stojky. Nav\u00edc je lep\u0161\u00ed jet ostr\u00fd z\u00e1vod ne\u017e jen tr\u00e9novat. Od organiz\u00e1tor\u016f m\u00e1me zaji\u0161t\u011bn\u00e9 komfortn\u00ed cestov\u00e1n\u00ed, tak\u017ee doprava bude \u00fapln\u011b bez probl\u00e9m\u016f. P\u0159esun bude s p\u0159edstihem, na aklimatizaci bude dostatek \u010dasu. Z\u00edsk\u00e1m tak prostor i pro kvalitn\u00ed tr\u00e9nink. Nepojedeme s vylo\u017een\u00fdm l\u00eddrem, tak\u017ee pokud se budu c\u00edtit v pohod\u011b, mohu se pokusit o v\u00fdsledek.<\/p>\n<figure id=\"attachment_22828\" aria-describedby=\"caption-attachment-22828\" style=\"width: 1920px\" class=\"wp-caption alignnone\"><a href=\"https:\/\/d2p6e6u75xmxt8.cloudfront.net\/13\/2023\/06\/BrychtaJan_MR_Tlmace_20230625_161407_DSC_5601.webp\"><img loading=\"lazy\" decoding=\"async\" class=\"size-extra-large wp-image-22828\" src=\"https:\/\/d2p6e6u75xmxt8.cloudfront.net\/13\/2023\/06\/BrychtaJan_MR_Tlmace_20230625_161407_DSC_5601-1920x1278.webp\" alt=\"Mathias Vacek v dresu nov\u00e9ho \u010desk\u00e9ho \u0161ampiona.\" width=\"1920\" height=\"1278\" srcset=\"https:\/\/d2p6e6u75xmxt8.cloudfront.net\/13\/2023\/06\/BrychtaJan_MR_Tlmace_20230625_161407_DSC_5601-1920x1278.webp 1920w, https:\/\/d2p6e6u75xmxt8.cloudfront.net\/13\/2023\/06\/BrychtaJan_MR_Tlmace_20230625_161407_DSC_5601-300x200.webp 300w, https:\/\/d2p6e6u75xmxt8.cloudfront.net\/13\/2023\/06\/BrychtaJan_MR_Tlmace_20230625_161407_DSC_5601-1024x681.webp 1024w, https:\/\/d2p6e6u75xmxt8.cloudfront.net\/13\/2023\/06\/BrychtaJan_MR_Tlmace_20230625_161407_DSC_5601-768x511.webp 768w, https:\/\/d2p6e6u75xmxt8.cloudfront.net\/13\/2023\/06\/BrychtaJan_MR_Tlmace_20230625_161407_DSC_5601-1536x1022.webp 1536w, https:\/\/d2p6e6u75xmxt8.cloudfront.net\/13\/2023\/06\/BrychtaJan_MR_Tlmace_20230625_161407_DSC_5601-400x266.webp 400w, https:\/\/d2p6e6u75xmxt8.cloudfront.net\/13\/2023\/06\/BrychtaJan_MR_Tlmace_20230625_161407_DSC_5601-272x182.webp 272w, https:\/\/d2p6e6u75xmxt8.cloudfront.net\/13\/2023\/06\/BrychtaJan_MR_Tlmace_20230625_161407_DSC_5601.webp 2000w, https:\/\/d2p6e6u75xmxt8.cloudfront.net\/13\/2023\/06\/BrychtaJan_MR_Tlmace_20230625_161407_DSC_5601-1920x1278.webp 1920w\" sizes=\"auto, (max-width: 1920px) 100vw, 1920px\" \/><\/a><figcaption id=\"caption-attachment-22828\" class=\"wp-caption-text\"><em>Mathias Vacek se stal v roce 2023 \u010desk\u00fdm \u0161ampionem a z\u00edskal pr\u00e1vo jezdit v mistrovsk\u00e9m dresu. Foto: Jan Brychta<\/em><\/figcaption><\/figure>\n<h2><strong>Hlavn\u00ed c\u00edlem jarn\u00ed sezony jsou klasiky?<\/strong><\/h2>\n<p>Rozhodn\u011b. Ty jsou moj\u00ed prioritou. Letos i v budoucnosti. Prvn\u00ed polovinu roku 2023 jsem m\u011bl dobrou, tak douf\u00e1m, \u017ee rok 2024 bude je\u0161t\u011b lep\u0161\u00ed. Ide\u00e1ln\u011b samoz\u0159ejm\u011b s v\u00edt\u011bzstv\u00edm. Budu z\u00e1vodit v mistrovsk\u00e9m dresu, co\u017e je skv\u011bl\u00e9. M\u00e1m v hlav\u011b, \u017ee chci velk\u00fd v\u00fdsledek! Nejsem z mistrovsk\u00e9 trikolory nerv\u00f3zn\u00ed, ale sou\u010dasn\u011b nejde o z\u00e1le\u017eitost, kter\u00e1 by mi byla lhostejn\u00e1. Prvn\u00ed m\u00edsto by m\u011blo v\u00fdjime\u010dn\u00fd punc. J\u00e1 nav\u00edc vn\u00edm\u00e1m, \u017ee jde o rozhoduj\u00edc\u00ed rok.<\/p>\n<h2><strong>Kontrakt m\u00e1te je\u0161t\u011b minim\u00e1ln\u011b pro sezony 2024 a 2025. Tak\u017ee rozhoduj\u00edc\u00ed sezona v\u00e1s \u010dek\u00e1 z\u00a0hlediska budouc\u00edho sm\u011b\u0159ov\u00e1n\u00ed?<\/strong><\/h2>\n<p>P\u0159esn\u011b tak. Jestli nebudu dost dobr\u00fd, stane se ze m\u011b domestik. Nechci do t\u00e9hle \u0161katulky zapadnout. Kdy\u017e t\u00fdm uvid\u00ed, \u017ee mi to jde a vyhraju n\u011bjak\u00fd z\u00e1vod, sv\u011b\u0159\u00ed mi do p\u0159\u00ed\u0161t\u00edch sezon d\u016fstojnou roli a mohl bych b\u00fdt i l\u00eddrem pro velk\u00e9 z\u00e1vody. Peloton se hodn\u011b omlazuje. P\u0159ich\u00e1z\u00ed n\u00e1ctilet\u00ed kluci, kte\u0159\u00ed maj\u00ed ambice jako prase. Je \u010das uk\u00e1zat, co ve mn\u011b je.<\/p>\n<div class=\"shortcode-ys-post-pinup\"><article class=\"loop-simple post-23266 post type-post status-publish format-standard has-post-thumbnail hentry category-silnicni-cyklistika tag-cyklistika tag-lidl-trek tag-mathias-vacek tag-mistrovstvi-sveta tag-ms-glasgow-2023 tag-silnicni-cyklistika global-categories-cycling\" data-postid=\"23266\" role=\"article\" data-post-id=\"23266\" data-word-count=\"802\" data-headline-length=\"89\" data-category=\"Silni\u010dn\u00ed cyklistika\" data-global-category=\"Cycling\" data-author=\"Radek Malina\" data-published=\"2023-08-03T11:30:31+02:00\" data-published-day=\"Thursday\">\n    <div class=\"entry-thumbnail article-thumbnail\" content=\"https:\/\/d2p6e6u75xmxt8.cloudfront.net\/13\/2023\/08\/20230628_JSvoboda_RepreRoad_036-150x150.webp\"><a href=\"https:\/\/www.welovecycling.com\/cs\/2023\/08\/03\/bud-dravec-a-lidr-mathias-vacek-o-mentalni-priprave-ms-sebevedomi-i-vztazich\/\" class=\"image-holder\" target=\"_self\"><img decoding=\"async\" loading=\"lazy\" class=\"\" src=\"https:\/\/d2p6e6u75xmxt8.cloudfront.net\/13\/2023\/08\/20230628_JSvoboda_RepreRoad_036-1024x683.webp\" srcset=\"https:\/\/d2p6e6u75xmxt8.cloudfront.net\/13\/2023\/08\/20230628_JSvoboda_RepreRoad_036-scaled.webp 2560w, https:\/\/d2p6e6u75xmxt8.cloudfront.net\/13\/2023\/08\/20230628_JSvoboda_RepreRoad_036-300x200.webp 300w, https:\/\/d2p6e6u75xmxt8.cloudfront.net\/13\/2023\/08\/20230628_JSvoboda_RepreRoad_036-1024x683.webp 1024w, https:\/\/d2p6e6u75xmxt8.cloudfront.net\/13\/2023\/08\/20230628_JSvoboda_RepreRoad_036-768x512.webp 768w, https:\/\/d2p6e6u75xmxt8.cloudfront.net\/13\/2023\/08\/20230628_JSvoboda_RepreRoad_036-1536x1024.webp 1536w, https:\/\/d2p6e6u75xmxt8.cloudfront.net\/13\/2023\/08\/20230628_JSvoboda_RepreRoad_036-2048x1365.webp 2048w, https:\/\/d2p6e6u75xmxt8.cloudfront.net\/13\/2023\/08\/20230628_JSvoboda_RepreRoad_036-1920x1280.webp 1920w, https:\/\/d2p6e6u75xmxt8.cloudfront.net\/13\/2023\/08\/20230628_JSvoboda_RepreRoad_036-400x267.webp 400w, https:\/\/d2p6e6u75xmxt8.cloudfront.net\/13\/2023\/08\/20230628_JSvoboda_RepreRoad_036-272x182.webp 272w, https:\/\/d2p6e6u75xmxt8.cloudfront.net\/13\/2023\/08\/20230628_JSvoboda_RepreRoad_036-1920x1280.webp 1920w\" width=\"1024\" height=\"683\" sizes=\"auto, (min-width: 1200px) 300px, (min-width: 768px) 25vw, 100vw\" alt=\"bud-dravec-a-lidr-mathias-vacek-o-mentalni-priprave-ms-sebevedomi-i-vztazich\"\/><\/a><\/div>    <div class=\"entry-meta\">\n        <a class=\"label label-secondary post-category\" href=\"https:\/\/www.welovecycling.com\/cs\/category\/silnicni-cyklistika\/\" title=\"Silni\u010dn\u00ed cyklistika\">Silni\u010dn\u00ed cyklistika<\/a>\n    <\/div>\n    <div class=\"entry-details\">\n        <a href=\"https:\/\/www.welovecycling.com\/cs\/2023\/08\/03\/bud-dravec-a-lidr-mathias-vacek-o-mentalni-priprave-ms-sebevedomi-i-vztazich\/\" class='entry-title-wrapper'>\n            <h3 class=\"entry-title\"><span>Bu\u010f dravec a l\u00eddr! Mathias Vacek o ment\u00e1ln\u00ed p\u0159\u00edprav\u011b, MS, sebev\u011bdom\u00ed i vztaz\u00edch<\/span><\/h3>\n        <\/a>\n    <\/div>\n    <\/article>\n<\/div>\n<h2><strong>V\u00e1\u0161 t\u00fdm z\u00edskal u\u017e v\u00a0pr\u016fb\u011bhu minul\u00e9 sezony velk\u00e9ho sponzora a rozpo\u010dtem by m\u011bl pat\u0159i mezi \u010dty\u0159i nejsiln\u011bj\u0161\u00ed. Zm\u011bnila se hodn\u011b atmosf\u00e9ra uvnit\u0159 formace?<\/strong><\/h2>\n<p>V\u0161ichni po\u010d\u00edtaj\u00ed, \u017ee budeme ve \u0161pi\u010dce. Ide\u00e1ln\u011b mezi t\u0159emi nejlep\u0161\u00edmi t\u00fdmy. I proto p\u0159i\u0161li z\u00e1vodn\u00edci jako Jonathan Milan, Tao Geoghegan Hart, Patrik Konrad a dal\u0161\u00ed. Hodn\u011b se investuje do materi\u00e1lu, do testov\u00e1n\u00ed, p\u0159\u00edprava je je\u0161t\u011b v\u00edce precizn\u011bj\u0161\u00ed, ne\u017e jsem si dok\u00e1zal p\u0159edstavit. Ud\u011blali jsme obrovsk\u00fd krok.<\/p>\n<h2><strong>Hart vyhr\u00e1l v\u00a0roce 2020 celkovou klasifikaci italsk\u00e9ho Gira, Milan v\u00a0leto\u0161n\u00ed sezon\u011b p\u0159i Grand Tour pod Apeninami ovl\u00e1dl bodovac\u00ed sout\u011b\u017e. Jak hv\u011bzdy zapadly do t\u00fdmu, kter\u00fd u\u017e je t\u0159et\u00ed sezonu domovem <a href=\"https:\/\/www.welovecycling.com\/cs\/2022\/11\/14\/mathias-vacek-a-jeho-sumavske-kralovstvi-u-vicemistra-sveta-jemuz-prali-smrt\/\">Mathiase Vacka<\/a>?<\/strong><\/h2>\n<p>B\u011bhem t\u00fdmov\u00e9 akce v Americe v s\u00eddle Treku jsme byli hodn\u011b pohromad\u011b. Tao byl v pohod\u011b. M\u00e1m respekt k jeho um\u011bn\u00ed. Mysl\u00edm, \u017ee bude skv\u011bl\u00e9 b\u00fdt s n\u00edm v t\u00fdmu. S Jonathanem je legrace, p\u016fsobil jako obrovsk\u00fd kli\u010fas. Celkov\u011b mysl\u00edm, \u017ee je t\u00fdm slo\u017een\u00fd z fajn z\u00e1vo\u010f\u00e1k\u016f, kde nejsou \u017e\u00e1dn\u00ed z\u00e1ke\u0159n\u00ed lid\u00e9.<\/p>\n<p><a href=\"https:\/\/www.instagram.com\/p\/Cz0sY96s4n3\/\">https:\/\/www.instagram.com\/p\/Cz0sY96s4n3\/<\/a><\/p>\n<h2><strong>Velk\u00e9 zm\u011bny p\u0159in\u00e1\u0161\u00ed i velk\u00fd tlak. Jste na n\u011bj p\u0159ipraven\u00fd? Neboj\u00edte se velk\u00e9 konkurence?<\/strong><\/h2>\n<p>Tlak na n\u00e1s bude ur\u010dit\u011b obrovsk\u00fd. Ale j\u00e1 jsem ze zm\u011bny nad\u0161en\u00fd. Z celkov\u00e9ho pohledu jde ur\u010dit\u011b do budoucnosti o posun.<\/p>\n<h2><strong>Poznal jste na vlastn\u00ed k\u016f\u017ei zm\u011bny v\u00a0p\u0159\u00edprav\u011b z\u00a0hlediska materi\u00e1lu?<\/strong><\/h2>\n<p>Celkov\u011b se hodn\u011b pracuje s\u00a0aerodynamikou a po\u0159\u00e1d se in\u017een\u00fd\u0159i, kte\u0159\u00ed jsou u t\u00fdmu, sna\u017e\u00ed n\u011bco vymyslet. J\u00e1 moc na detaily z\u00a0hlediska techniky nejsem, ale sou\u010dasn\u011b si uv\u011bdomuji, \u017ee jde o kl\u00ed\u010dov\u00e9 faktory, kter\u00e9 d\u00e1vaj\u00ed vte\u0159inky a v\u00a0sou\u010dtu mohou rozhodovat. Byl jsem ve Valencii ladit \u010dasovsk\u00e1\u0159sk\u00fd posed na dr\u00e1ze. Budeme m\u00edt nov\u00e9 n\u00e1stavce na speci\u00e1lech. M\u011bl jsem na sob\u011b senzory, kter\u00e9 byly i na kole. V\u0161e se nat\u00e1\u010d\u00ed, sn\u00edmkuje a na z\u00e1klad\u011b propojen\u00ed s\u00a0daty se v\u0161e v\u00a0z\u00e1vislosti na odporu vzduchu analyzuje.<\/p>\n<div class=\"shortcode-ys-post-pinup\"><article class=\"loop-simple post-24288 post type-post status-publish format-standard has-post-thumbnail hentry category-zima2022 category-rady-tipy tag-cyklisticke-tretry tag-cyklistika tag-cyklistika-v-zime tag-horska-cyklistika tag-izolace tag-silnicni-cyklistika tag-trenink tag-zdravi-a-trenink global-categories-cycling\" data-postid=\"24288\" role=\"article\" data-post-id=\"24288\" data-word-count=\"512\" data-headline-length=\"53\" data-category=\"Na kole v zim\u011b\" data-global-category=\"Cycling\" data-author=\"We Love Cycling\" data-published=\"2023-12-08T14:00:20+02:00\" data-published-day=\"Friday\">\n    <div class=\"entry-thumbnail article-thumbnail\" content=\"https:\/\/d2p6e6u75xmxt8.cloudfront.net\/13\/2023\/12\/profimedia-0794053930-150x150.webp\"><a href=\"https:\/\/www.welovecycling.com\/cs\/2023\/12\/08\/jak-pripravit-klasicke-cyklisticke-tretry-na-zimu\/\" class=\"image-holder\" target=\"_self\"><img decoding=\"async\" loading=\"lazy\" class=\"\" src=\"https:\/\/d2p6e6u75xmxt8.cloudfront.net\/13\/2023\/12\/profimedia-0794053930-1024x683.webp\" srcset=\"https:\/\/d2p6e6u75xmxt8.cloudfront.net\/13\/2023\/12\/profimedia-0794053930.webp 1800w, https:\/\/d2p6e6u75xmxt8.cloudfront.net\/13\/2023\/12\/profimedia-0794053930-300x200.webp 300w, https:\/\/d2p6e6u75xmxt8.cloudfront.net\/13\/2023\/12\/profimedia-0794053930-1024x683.webp 1024w, https:\/\/d2p6e6u75xmxt8.cloudfront.net\/13\/2023\/12\/profimedia-0794053930-768x512.webp 768w, https:\/\/d2p6e6u75xmxt8.cloudfront.net\/13\/2023\/12\/profimedia-0794053930-1536x1025.webp 1536w, https:\/\/d2p6e6u75xmxt8.cloudfront.net\/13\/2023\/12\/profimedia-0794053930-400x267.webp 400w, https:\/\/d2p6e6u75xmxt8.cloudfront.net\/13\/2023\/12\/profimedia-0794053930-272x182.webp 272w\" width=\"1024\" height=\"683\" sizes=\"auto, (min-width: 1200px) 300px, (min-width: 768px) 25vw, 100vw\" alt=\"jak-pripravit-klasicke-cyklisticke-tretry-na-zimu\"\/><\/a><\/div>    <div class=\"entry-meta\">\n        <a class=\"label label-secondary post-category\" href=\"https:\/\/www.welovecycling.com\/cs\/category\/zima2022\/\" title=\"Na kole v zim\u011b\">Na kole v zim\u011b<\/a>\n    <\/div>\n    <div class=\"entry-details\">\n        <a href=\"https:\/\/www.welovecycling.com\/cs\/2023\/12\/08\/jak-pripravit-klasicke-cyklisticke-tretry-na-zimu\/\" class='entry-title-wrapper'>\n            <h3 class=\"entry-title\"><span>Jak p\u0159ipravit klasick\u00e9 cyklistick\u00e9 tretry na zimu?<\/span><\/h3>\n        <\/a>\n    <\/div>\n    <\/article>\n<\/div>\n<h2><strong>N\u011bkter\u00e9 konkuren\u010dn\u00ed t\u00fdmy vyrazily do aerodynamick\u00fdch tunel\u016f. V\u011b\u0159\u00edte v\u00edce test\u016fm v\u00a0re\u00e1ln\u00e9m prost\u0159ed\u00ed na dr\u00e1ze?<\/strong><\/h2>\n<p>Byli jsme testovat i v\u00a0tunelu. J\u00e1 t\u0159eba p\u0159ilby pro \u010dasovku. Ale na dr\u00e1ze je \u010dlov\u011bk v\u00a0pohybu, je to bl\u00ed\u017ee realit\u011b. Ve fin\u00e1le se stejn\u011b dr\u017e\u00edm \u010d\u00edsel, kter\u00e1 jsou pro m\u011b rozhoduj\u00edc\u00ed.<\/p>\n<h2><strong>Zm\u00ednil jste t\u00fdmovou akci za oce\u00e1nem. Do\u0161lo i na hodnocen\u00ed z\u00e1vodn\u00edk\u016f? Jak\u00e9 vysv\u011bd\u010den\u00ed si za kompletn\u00ed prvn\u00ed sezonu v\u00a0barv\u00e1ch Lidl Trek odnesl Mathias Vacek?<\/strong><\/h2>\n<p>M\u011bli jsme individu\u00e1ln\u00ed sezen\u00ed se sportovn\u00edmi \u0159editeli. Vid\u011bli, \u017ee jsem loaj\u00e1ln\u00ed, a pokud se ur\u010d\u00ed taktika, dodr\u017e\u00edm ji. Mlad\u00ed z\u00e1vodn\u00edci dnes cht\u011bj\u00ed jezdit hodn\u011b na sebe, tud\u00ed\u017e lojalita je velice d\u016fle\u017eit\u00e1. Sou\u010dasn\u011b mi chyb\u011bl jen kousek k\u00a0velk\u00e9mu v\u00fdsledku. Celkov\u011b jsem ud\u011blal velk\u00fd pokrok.<\/p>\n<figure id=\"attachment_23284\" aria-describedby=\"caption-attachment-23284\" style=\"width: 1920px\" class=\"wp-caption alignnone\"><a href=\"https:\/\/d2p6e6u75xmxt8.cloudfront.net\/13\/2023\/08\/20230628_JSvoboda_RepreRoad_036-scaled.webp\"><img loading=\"lazy\" decoding=\"async\" class=\"size-extra-large wp-image-23284\" src=\"https:\/\/d2p6e6u75xmxt8.cloudfront.net\/13\/2023\/08\/20230628_JSvoboda_RepreRoad_036-1920x1280.webp\" alt=\"Mathias Vacek\" width=\"1920\" height=\"1280\" srcset=\"https:\/\/d2p6e6u75xmxt8.cloudfront.net\/13\/2023\/08\/20230628_JSvoboda_RepreRoad_036-1920x1280.webp 1920w, https:\/\/d2p6e6u75xmxt8.cloudfront.net\/13\/2023\/08\/20230628_JSvoboda_RepreRoad_036-300x200.webp 300w, https:\/\/d2p6e6u75xmxt8.cloudfront.net\/13\/2023\/08\/20230628_JSvoboda_RepreRoad_036-1024x683.webp 1024w, https:\/\/d2p6e6u75xmxt8.cloudfront.net\/13\/2023\/08\/20230628_JSvoboda_RepreRoad_036-768x512.webp 768w, https:\/\/d2p6e6u75xmxt8.cloudfront.net\/13\/2023\/08\/20230628_JSvoboda_RepreRoad_036-1536x1024.webp 1536w, https:\/\/d2p6e6u75xmxt8.cloudfront.net\/13\/2023\/08\/20230628_JSvoboda_RepreRoad_036-2048x1365.webp 2048w, https:\/\/d2p6e6u75xmxt8.cloudfront.net\/13\/2023\/08\/20230628_JSvoboda_RepreRoad_036-400x267.webp 400w, https:\/\/d2p6e6u75xmxt8.cloudfront.net\/13\/2023\/08\/20230628_JSvoboda_RepreRoad_036-272x182.webp 272w, https:\/\/d2p6e6u75xmxt8.cloudfront.net\/13\/2023\/08\/20230628_JSvoboda_RepreRoad_036-1920x1280.webp 1920w\" sizes=\"auto, (max-width: 1920px) 100vw, 1920px\" \/><\/a><figcaption id=\"caption-attachment-23284\" class=\"wp-caption-text\"><em>Mathias Vacek v n\u00e1rodn\u00edm dresu. V sezon\u011b 2024 je jedn\u00edm z c\u00edl\u016f mlad\u00e9ho z\u00e1vodn\u00edka reprezentovat na olympijsk\u00fdch hr\u00e1ch. Foto: \u010cSC<\/em><\/figcaption><\/figure>\n<h2><strong>V\u00a0nadch\u00e1zej\u00edc\u00ed sezon\u011b se uskute\u010dn\u00ed v\u00a0Pa\u0159\u00ed\u017ei olympijsk\u00e9 hry. Jsou pro v\u00e1s boje pod p\u011bti kruhy motivac\u00ed?<\/strong><\/h2>\n<p>Ur\u010dit\u011b. Pokud budu m\u00edt d\u016fv\u011bru a dostanu se do nominace, okruh by mi m\u011bl sed\u011bt. Jde o jeden z\u00a0c\u00edl\u016f druh\u00e9 poloviny sezony spole\u010dn\u011b s\u00a0Vueltou. Pro m\u011b p\u016fjde o debut na Grand Tour, tak\u017ee se mus\u00edm p\u0159ipravit na sto procent.<\/p>\n<h2><strong>Existovala varianta, \u017ee pojedete italsk\u00e9 Giro nebo Tour de France?<\/strong><\/h2>\n<p>Ve h\u0159e bylo Giro, ale j\u00e1 nejsem v pozici, abych si ur\u010doval, kterou Grand Tour chci jet. Nav\u00edc jsem v nominaci na velk\u00fd po\u010det jarn\u00edch klasik. V kombinaci s Girem bych mohl b\u00fdt p\u011bkn\u011b zava\u0159en\u00fd.<\/p>\n<h2><strong>Tu\u0161\u00edte u\u017e p\u0159edb\u011b\u017en\u00fd program na celou sezonu?<\/strong><\/h2>\n<p>Pojedu Tour Down Under, pak Algarve. N\u00e1sledn\u011b klasiky. Tam budu m\u00edt od Omloopu a\u017e do Roubaix hodn\u011b nat\u0159\u00edskan\u00fd program. N\u00e1sledovat bude pauza. Do pelotonu bych se m\u011bl vr\u00e1tit z\u00e1vodem ve Frankfurtu. V pl\u00e1nu je i etap\u00e1k Kolem Norska, Ma\u010farsko a s development t\u00fdmem bych m\u011bl jet Czech Tour. Je\u0161t\u011b se n\u011bkam bude muset napasovat t\u0159i t\u00fddny trvaj\u00edc\u00ed horsk\u00e9 soust\u0159ed\u011bn\u00ed sm\u011brem k Vuelt\u011b. A samoz\u0159ejm\u011b v p\u0159\u00edpad\u011b nominace v\u0161e skloubit s olympijsk\u00fdm z\u00e1vodem.<\/p>\n","protected":false},"excerpt":{"rendered":"<p>Intervalov\u00e9 tr\u00e9ninky u\u017e na \u00favod prosince! Mathias Vacek, \u010desk\u00fd reprezentant v silni\u010dn\u00ed cyklistice, se chyst\u00e1 na druhou kompletn\u00ed sezonu v [&hellip;]<\/p>\n","protected":false},"author":138,"featured_media":24378,"comment_status":"open","ping_status":"open","sticky":false,"template":"","format":"standard","meta":{"footnotes":""},"categories":[10],"tags":[126,3152,305,2896,2218,9,795,3351],"global-categories":[411],"class_list":["post-24377","post","type-post","status-publish","format-standard","has-post-thumbnail","hentry","category-silnicni-cyklistika","tag-cyklistika","tag-lidl-trek","tag-mathias-vacek","tag-oh-pariz-2024","tag-pariz-2024","tag-silnicni-cyklistika","tag-tour-down-under","tag-vuelta-2024","global-categories-cycling"],"yoast_head":"<!-- This site is optimized with the Yoast SEO Premium plugin v25.3 (Yoast SEO v25.9) - https:\/\/yoast.com\/wordpress\/plugins\/seo\/ -->\n<title>Mathias Vacek: Rok 2024 rozhodne, jestli budu l\u00eddr nebo domestik | \u0160koda We Love Cycling - \u010cesk\u00e1 republika<\/title>\n<meta name=\"description\" content=\"Intervalov\u00e9 tr\u00e9ninky u\u017e na \u00favod prosince! Mathias Vacek, \u010desk\u00fd reprezentant v\u00a0silni\u010dn\u00ed cyklistice, se chyst\u00e1 na druhou kompletn\u00ed sezonu v\u00a0barv\u00e1ch formace Lidl Trek. \u201eP\u016fjde o rozhoduj\u00edc\u00ed sezonu pro moji kari\u00e9ru,\u201c tu\u0161\u00ed jednadvacetilet\u00fd z\u00e1vodn\u00edk. M\u00e1 jasno o cel\u00e9m z\u00e1vodn\u00edm programu a v\u00a0rozhovoru pro WeLoveCycling.cz prozradil, na kter\u00e9 Grand Tour si odbude debut.\" \/>\n<meta name=\"robots\" content=\"index, follow, max-snippet:-1, max-image-preview:large, max-video-preview:-1\" \/>\n<link rel=\"canonical\" href=\"https:\/\/www.welovecycling.com\/cs\/2023\/12\/20\/mathias-vacek-rok-2024-rozhodne-jestli-budu-lidr-nebo-domestik\/\" \/>\n<meta property=\"og:locale\" content=\"cs_CZ\" \/>\n<meta property=\"og:type\" content=\"article\" \/>\n<meta property=\"og:title\" content=\"Mathias Vacek: Rok 2024 rozhodne, jestli budu l\u00eddr nebo domestik\" \/>\n<meta property=\"og:description\" content=\"Intervalov\u00e9 tr\u00e9ninky u\u017e na \u00favod prosince! Mathias Vacek, \u010desk\u00fd reprezentant v\u00a0silni\u010dn\u00ed cyklistice, se chyst\u00e1 na druhou kompletn\u00ed sezonu v\u00a0barv\u00e1ch formace Lidl Trek. \u201eP\u016fjde o rozhoduj\u00edc\u00ed sezonu pro moji kari\u00e9ru,\u201c tu\u0161\u00ed jednadvacetilet\u00fd z\u00e1vodn\u00edk. M\u00e1 jasno o cel\u00e9m z\u00e1vodn\u00edm programu a v\u00a0rozhovoru pro WeLoveCycling.cz prozradil, na kter\u00e9 Grand Tour si odbude debut.\" \/>\n<meta property=\"og:url\" content=\"https:\/\/www.welovecycling.com\/cs\/2023\/12\/20\/mathias-vacek-rok-2024-rozhodne-jestli-budu-lidr-nebo-domestik\/\" \/>\n<meta property=\"og:site_name\" content=\"\u0160koda We Love Cycling - \u010cesk\u00e1 republika\" \/>\n<meta property=\"article:published_time\" content=\"2023-12-20T03:00:42+00:00\" \/>\n<meta property=\"og:image\" content=\"https:\/\/d2p6e6u75xmxt8.cloudfront.net\/13\/2023\/12\/profimedia-0766919998.webp\" \/>\n\t<meta property=\"og:image:width\" content=\"1800\" \/>\n\t<meta property=\"og:image:height\" content=\"1226\" \/>\n\t<meta property=\"og:image:type\" content=\"image\/webp\" \/>\n<meta name=\"author\" content=\"radekmalina\" \/>\n<meta name=\"twitter:card\" content=\"summary_large_image\" \/>\n<meta name=\"twitter:label1\" content=\"Written by\" \/>\n\t<meta name=\"twitter:data1\" content=\"We Love Cycling\" \/>\n\t<meta name=\"twitter:label2\" content=\"Est. reading time\" \/>\n\t<meta name=\"twitter:data2\" content=\"5\" \/>\n<script type=\"application\/ld+json\" class=\"yoast-schema-graph\">{\"@context\":\"https:\/\/schema.org\",\"@graph\":[{\"@type\":\"WebPage\",\"@id\":\"https:\/\/www.welovecycling.com\/cs\/2023\/12\/20\/mathias-vacek-rok-2024-rozhodne-jestli-budu-lidr-nebo-domestik\/\",\"url\":\"https:\/\/www.welovecycling.com\/cs\/2023\/12\/20\/mathias-vacek-rok-2024-rozhodne-jestli-budu-lidr-nebo-domestik\/\",\"name\":\"Mathias Vacek: Rok 2024 rozhodne, jestli budu l\u00eddr nebo domestik | \u0160koda We Love Cycling - \u010cesk\u00e1 republika\",\"isPartOf\":{\"@id\":\"https:\/\/www.welovecycling.com\/cs\/#website\"},\"primaryImageOfPage\":{\"@id\":\"https:\/\/www.welovecycling.com\/cs\/2023\/12\/20\/mathias-vacek-rok-2024-rozhodne-jestli-budu-lidr-nebo-domestik\/#primaryimage\"},\"image\":{\"@id\":\"https:\/\/www.welovecycling.com\/cs\/2023\/12\/20\/mathias-vacek-rok-2024-rozhodne-jestli-budu-lidr-nebo-domestik\/#primaryimage\"},\"thumbnailUrl\":\"https:\/\/d2p6e6u75xmxt8.cloudfront.net\/13\/2023\/12\/profimedia-0766919998.webp\",\"datePublished\":\"2023-12-20T03:00:42+00:00\",\"author\":{\"@id\":\"https:\/\/www.welovecycling.com\/cs\/#\/schema\/person\/d9eeb0a378f3a7e4a6d12d2b536b04b8\"},\"description\":\"Intervalov\u00e9 tr\u00e9ninky u\u017e na \u00favod prosince! Mathias Vacek, \u010desk\u00fd reprezentant v\u00a0silni\u010dn\u00ed cyklistice, se chyst\u00e1 na druhou kompletn\u00ed sezonu v\u00a0barv\u00e1ch formace Lidl Trek. \u201eP\u016fjde o rozhoduj\u00edc\u00ed sezonu pro moji kari\u00e9ru,\u201c tu\u0161\u00ed jednadvacetilet\u00fd z\u00e1vodn\u00edk. M\u00e1 jasno o cel\u00e9m z\u00e1vodn\u00edm programu a v\u00a0rozhovoru pro WeLoveCycling.cz prozradil, na kter\u00e9 Grand Tour si odbude debut.\",\"inLanguage\":\"cs\",\"potentialAction\":[{\"@type\":\"ReadAction\",\"target\":[\"https:\/\/www.welovecycling.com\/cs\/2023\/12\/20\/mathias-vacek-rok-2024-rozhodne-jestli-budu-lidr-nebo-domestik\/\"]}]},{\"@type\":\"ImageObject\",\"inLanguage\":\"cs\",\"@id\":\"https:\/\/www.welovecycling.com\/cs\/2023\/12\/20\/mathias-vacek-rok-2024-rozhodne-jestli-budu-lidr-nebo-domestik\/#primaryimage\",\"url\":\"https:\/\/d2p6e6u75xmxt8.cloudfront.net\/13\/2023\/12\/profimedia-0766919998.webp\",\"contentUrl\":\"https:\/\/d2p6e6u75xmxt8.cloudfront.net\/13\/2023\/12\/profimedia-0766919998.webp\",\"width\":1800,\"height\":1226,\"caption\":\"Mathias Vacek\"},{\"@type\":\"WebSite\",\"@id\":\"https:\/\/www.welovecycling.com\/cs\/#website\",\"url\":\"https:\/\/www.welovecycling.com\/cs\/\",\"name\":\"\u0160koda We Love Cycling - \u010cesk\u00e1 republika\",\"description\":\"WeLoveCycling.cz je online magaz\u00edn, kter\u00fd v\u00e1m pravideln\u011b p\u0159in\u00e1\u0161\u00ed rady a tipy, zaj\u00edmav\u00e9 \u010dl\u00e1nky, videa a jedine\u010dn\u00e9 report\u00e1\u017ee ze sv\u011bta cyklistiky.\",\"potentialAction\":[{\"@type\":\"SearchAction\",\"target\":{\"@type\":\"EntryPoint\",\"urlTemplate\":\"https:\/\/www.welovecycling.com\/cs\/?s={search_term_string}\"},\"query-input\":{\"@type\":\"PropertyValueSpecification\",\"valueRequired\":true,\"valueName\":\"search_term_string\"}}],\"inLanguage\":\"cs\"},{\"@type\":\"Person\",\"@id\":\"https:\/\/www.welovecycling.com\/cs\/#\/schema\/person\/d9eeb0a378f3a7e4a6d12d2b536b04b8\",\"name\":\"radekmalina\",\"image\":{\"@type\":\"ImageObject\",\"inLanguage\":\"cs\",\"@id\":\"https:\/\/www.welovecycling.com\/cs\/#\/schema\/person\/image\/\",\"url\":\"https:\/\/secure.gravatar.com\/avatar\/66994b632cb8c39a46b9f54afa3ae07201b678d32a54275b6f1c9ffec356bfc0?s=96&d=mm&r=g\",\"contentUrl\":\"https:\/\/secure.gravatar.com\/avatar\/66994b632cb8c39a46b9f54afa3ae07201b678d32a54275b6f1c9ffec356bfc0?s=96&d=mm&r=g\",\"caption\":\"radekmalina\"},\"url\":\"https:\/\/www.welovecycling.com\/cs\/author\/radekmalina\/\"}]}<\/script>\n<!-- \/ Yoast SEO Premium plugin. -->","yoast_head_json":{"title":"Mathias Vacek: Rok 2024 rozhodne, jestli budu l\u00eddr nebo domestik | \u0160koda We Love Cycling - \u010cesk\u00e1 republika","description":"Intervalov\u00e9 tr\u00e9ninky u\u017e na \u00favod prosince! Mathias Vacek, \u010desk\u00fd reprezentant v\u00a0silni\u010dn\u00ed cyklistice, se chyst\u00e1 na druhou kompletn\u00ed sezonu v\u00a0barv\u00e1ch formace Lidl Trek. \u201eP\u016fjde o rozhoduj\u00edc\u00ed sezonu pro moji kari\u00e9ru,\u201c tu\u0161\u00ed jednadvacetilet\u00fd z\u00e1vodn\u00edk. M\u00e1 jasno o cel\u00e9m z\u00e1vodn\u00edm programu a v\u00a0rozhovoru pro WeLoveCycling.cz prozradil, na kter\u00e9 Grand Tour si odbude debut.","robots":{"index":"index","follow":"follow","max-snippet":"max-snippet:-1","max-image-preview":"max-image-preview:large","max-video-preview":"max-video-preview:-1"},"canonical":"https:\/\/www.welovecycling.com\/cs\/2023\/12\/20\/mathias-vacek-rok-2024-rozhodne-jestli-budu-lidr-nebo-domestik\/","og_locale":"cs_CZ","og_type":"article","og_title":"Mathias Vacek: Rok 2024 rozhodne, jestli budu l\u00eddr nebo domestik","og_description":"Intervalov\u00e9 tr\u00e9ninky u\u017e na \u00favod prosince! Mathias Vacek, \u010desk\u00fd reprezentant v\u00a0silni\u010dn\u00ed cyklistice, se chyst\u00e1 na druhou kompletn\u00ed sezonu v\u00a0barv\u00e1ch formace Lidl Trek. \u201eP\u016fjde o rozhoduj\u00edc\u00ed sezonu pro moji kari\u00e9ru,\u201c tu\u0161\u00ed jednadvacetilet\u00fd z\u00e1vodn\u00edk. M\u00e1 jasno o cel\u00e9m z\u00e1vodn\u00edm programu a v\u00a0rozhovoru pro WeLoveCycling.cz prozradil, na kter\u00e9 Grand Tour si odbude debut.","og_url":"https:\/\/www.welovecycling.com\/cs\/2023\/12\/20\/mathias-vacek-rok-2024-rozhodne-jestli-budu-lidr-nebo-domestik\/","og_site_name":"\u0160koda We Love Cycling - \u010cesk\u00e1 republika","article_published_time":"2023-12-20T03:00:42+00:00","og_image":[{"width":1800,"height":1226,"url":"https:\/\/d2p6e6u75xmxt8.cloudfront.net\/13\/2023\/12\/profimedia-0766919998.webp","type":"image\/webp"}],"author":"radekmalina","twitter_card":"summary_large_image","twitter_misc":{"Written by":"We Love Cycling","Est. reading time":"5"},"schema":{"@context":"https:\/\/schema.org","@graph":[{"@type":"WebPage","@id":"https:\/\/www.welovecycling.com\/cs\/2023\/12\/20\/mathias-vacek-rok-2024-rozhodne-jestli-budu-lidr-nebo-domestik\/","url":"https:\/\/www.welovecycling.com\/cs\/2023\/12\/20\/mathias-vacek-rok-2024-rozhodne-jestli-budu-lidr-nebo-domestik\/","name":"Mathias Vacek: Rok 2024 rozhodne, jestli budu l\u00eddr nebo domestik | \u0160koda We Love Cycling - \u010cesk\u00e1 republika","isPartOf":{"@id":"https:\/\/www.welovecycling.com\/cs\/#website"},"primaryImageOfPage":{"@id":"https:\/\/www.welovecycling.com\/cs\/2023\/12\/20\/mathias-vacek-rok-2024-rozhodne-jestli-budu-lidr-nebo-domestik\/#primaryimage"},"image":{"@id":"https:\/\/www.welovecycling.com\/cs\/2023\/12\/20\/mathias-vacek-rok-2024-rozhodne-jestli-budu-lidr-nebo-domestik\/#primaryimage"},"thumbnailUrl":"https:\/\/d2p6e6u75xmxt8.cloudfront.net\/13\/2023\/12\/profimedia-0766919998.webp","datePublished":"2023-12-20T03:00:42+00:00","author":{"@id":"https:\/\/www.welovecycling.com\/cs\/#\/schema\/person\/d9eeb0a378f3a7e4a6d12d2b536b04b8"},"description":"Intervalov\u00e9 tr\u00e9ninky u\u017e na \u00favod prosince! Mathias Vacek, \u010desk\u00fd reprezentant v\u00a0silni\u010dn\u00ed cyklistice, se chyst\u00e1 na druhou kompletn\u00ed sezonu v\u00a0barv\u00e1ch formace Lidl Trek. \u201eP\u016fjde o rozhoduj\u00edc\u00ed sezonu pro moji kari\u00e9ru,\u201c tu\u0161\u00ed jednadvacetilet\u00fd z\u00e1vodn\u00edk. M\u00e1 jasno o cel\u00e9m z\u00e1vodn\u00edm programu a v\u00a0rozhovoru pro WeLoveCycling.cz prozradil, na kter\u00e9 Grand Tour si odbude debut.","inLanguage":"cs","potentialAction":[{"@type":"ReadAction","target":["https:\/\/www.welovecycling.com\/cs\/2023\/12\/20\/mathias-vacek-rok-2024-rozhodne-jestli-budu-lidr-nebo-domestik\/"]}]},{"@type":"ImageObject","inLanguage":"cs","@id":"https:\/\/www.welovecycling.com\/cs\/2023\/12\/20\/mathias-vacek-rok-2024-rozhodne-jestli-budu-lidr-nebo-domestik\/#primaryimage","url":"https:\/\/d2p6e6u75xmxt8.cloudfront.net\/13\/2023\/12\/profimedia-0766919998.webp","contentUrl":"https:\/\/d2p6e6u75xmxt8.cloudfront.net\/13\/2023\/12\/profimedia-0766919998.webp","width":1800,"height":1226,"caption":"Mathias Vacek"},{"@type":"WebSite","@id":"https:\/\/www.welovecycling.com\/cs\/#website","url":"https:\/\/www.welovecycling.com\/cs\/","name":"\u0160koda We Love Cycling - \u010cesk\u00e1 republika","description":"WeLoveCycling.cz je online magaz\u00edn, kter\u00fd v\u00e1m pravideln\u011b p\u0159in\u00e1\u0161\u00ed rady a tipy, zaj\u00edmav\u00e9 \u010dl\u00e1nky, videa a jedine\u010dn\u00e9 report\u00e1\u017ee ze sv\u011bta cyklistiky.","potentialAction":[{"@type":"SearchAction","target":{"@type":"EntryPoint","urlTemplate":"https:\/\/www.welovecycling.com\/cs\/?s={search_term_string}"},"query-input":{"@type":"PropertyValueSpecification","valueRequired":true,"valueName":"search_term_string"}}],"inLanguage":"cs"},{"@type":"Person","@id":"https:\/\/www.welovecycling.com\/cs\/#\/schema\/person\/d9eeb0a378f3a7e4a6d12d2b536b04b8","name":"radekmalina","image":{"@type":"ImageObject","inLanguage":"cs","@id":"https:\/\/www.welovecycling.com\/cs\/#\/schema\/person\/image\/","url":"https:\/\/secure.gravatar.com\/avatar\/66994b632cb8c39a46b9f54afa3ae07201b678d32a54275b6f1c9ffec356bfc0?s=96&d=mm&r=g","contentUrl":"https:\/\/secure.gravatar.com\/avatar\/66994b632cb8c39a46b9f54afa3ae07201b678d32a54275b6f1c9ffec356bfc0?s=96&d=mm&r=g","caption":"radekmalina"},"url":"https:\/\/www.welovecycling.com\/cs\/author\/radekmalina\/"}]}},"_links":{"self":[{"href":"https:\/\/www.welovecycling.com\/cs\/wp-json\/wp\/v2\/posts\/24377","targetHints":{"allow":["GET"]}}],"collection":[{"href":"https:\/\/www.welovecycling.com\/cs\/wp-json\/wp\/v2\/posts"}],"about":[{"href":"https:\/\/www.welovecycling.com\/cs\/wp-json\/wp\/v2\/types\/post"}],"author":[{"embeddable":true,"href":"https:\/\/www.welovecycling.com\/cs\/wp-json\/wp\/v2\/users\/138"}],"replies":[{"embeddable":true,"href":"https:\/\/www.welovecycling.com\/cs\/wp-json\/wp\/v2\/comments?post=24377"}],"version-history":[{"count":4,"href":"https:\/\/www.welovecycling.com\/cs\/wp-json\/wp\/v2\/posts\/24377\/revisions"}],"predecessor-version":[{"id":24383,"href":"https:\/\/www.welovecycling.com\/cs\/wp-json\/wp\/v2\/posts\/24377\/revisions\/24383"}],"wp:featuredmedia":[{"embeddable":true,"href":"https:\/\/www.welovecycling.com\/cs\/wp-json\/wp\/v2\/media\/24378"}],"wp:attachment":[{"href":"https:\/\/www.welovecycling.com\/cs\/wp-json\/wp\/v2\/media?parent=24377"}],"wp:term":[{"taxonomy":"category","embeddable":true,"href":"https:\/\/www.welovecycling.com\/cs\/wp-json\/wp\/v2\/categories?post=24377"},{"taxonomy":"post_tag","embeddable":true,"href":"https:\/\/www.welovecycling.com\/cs\/wp-json\/wp\/v2\/tags?post=24377"},{"taxonomy":"global-categories","embeddable":true,"href":"https:\/\/www.welovecycling.com\/cs\/wp-json\/wp\/v2\/global-categories?post=24377"}],"curies":[{"name":"wp","href":"https:\/\/api.w.org\/{rel}","templated":true}]}}