{"id":24252,"date":"2023-12-13T20:17:08","date_gmt":"2023-12-13T18:17:08","guid":{"rendered":"https:\/\/www.welovecycling.com\/cs\/?p=24252"},"modified":"2024-03-04T10:44:42","modified_gmt":"2024-03-04T08:44:42","slug":"domaci-servis-kola-jak-na-nej-a-kdy-vyhledat-profesionaly","status":"publish","type":"post","link":"https:\/\/www.welovecycling.com\/cs\/2023\/12\/13\/domaci-servis-kola-jak-na-nej-a-kdy-vyhledat-profesionaly\/","title":{"rendered":"Dom\u00e1c\u00ed servis kola?! Jak na n\u011bj a kdy vyhledat profesion\u00e1ly&#8230;"},"content":{"rendered":"<p><strong>Bicykly dnes funguj\u00ed l\u00e9pe ne\u017e kdy d\u0159\u00edv, o tom \u017e\u00e1dn\u00e1. Ale pr\u00e1v\u011b proto jsou mnoh\u00e9 z nich pro v\u011bt\u0161inu dom\u00e1c\u00edch mechanik\u016f p\u0159\u00edli\u0161 sofistikovan\u00e1. Takov\u00e9 kr\u00e1sn\u00e9 + drah\u00e9 hlavolamy. Servisy d\u00edky i jen drobn\u00fdm oprav\u00e1m maj\u00ed sice k\u0161eft, ale vy t\u00edm p\u0159ich\u00e1z\u00edte o pen\u00edze i \u010das se sv\u00fdm kolem. Je vlastn\u011b je\u0161t\u011b realizovateln\u00fd dom\u00e1c\u00ed servis?<\/strong><\/p>\n<p>Nechceme v\u00e1m k\u0159ivdit, ale zvl\u00e1dli byste \u00fadr\u017ebu hydraulick\u00fdch brzd? Nainstalovat elektronick\u00e9 \u0159azen\u00ed? Nebo m\u00e1te-li doma <a href=\"https:\/\/www.welovecycling.com\/cs\/2021\/09\/14\/video-domaci-servis-elektrokola\/\">e-kolo<\/a>, prov\u00e9st \u00fadr\u017ebu jeho motoru? My ne. Technologick\u00fd pokrok na kolech usnad\u0148uje j\u00edzdu, z\u00e1rove\u0148 ale zt\u011b\u017euje opravu v dom\u00e1c\u00edch podm\u00ednk\u00e1ch, jak jsme b\u00fdvali zvykl\u00ed.<\/p>\n<h2><strong>Od prvn\u00ed p\u0159ehazova\u010dky do p\u0159elomu stolet\u00ed<\/strong><\/h2>\n<p>Technologie kol se v\u017edy m\u011bnila a zdokonalovala. A ta dne\u0161n\u00ed jsou radik\u00e1ln\u011b jin\u00e1. \u201eModern\u00ed\u201c kola (tj. od druh\u00e9 sv\u011btov\u00e9 v\u00e1lky) m\u016f\u017eete rozd\u011blit do dvou \u010dasov\u00fdch r\u00e1mc\u016f. Prvn\u00ed za\u010d\u00edn\u00e1 t\u00edm, \u017ee Campagnolo p\u0159edstavilo prvn\u00ed p\u0159ehazova\u010dku s paralelogramem (Gran Sport z roku 1951) a kon\u010d\u00ed p\u0159ibli\u017en\u011b na p\u0159elomu stolet\u00ed. B\u011bhem t\u00e9to doby z\u016fstaly technologie j\u00edzdn\u00edch kol, mechanick\u00e9 dovednosti a vlastn\u011b i n\u00e1stroje pot\u0159ebn\u00e9 k \u00fadr\u017eb\u011b relativn\u011b nem\u011bnn\u00e9.<\/p>\n<figure id=\"attachment_11240\" aria-describedby=\"caption-attachment-11240\" style=\"width: 1200px\" class=\"wp-caption alignnone\"><a href=\"https:\/\/d2p6e6u75xmxt8.cloudfront.net\/13\/2021\/01\/silnicni-kolo-rafkove-brzdy.webp\"><img loading=\"lazy\" decoding=\"async\" class=\"size-full wp-image-11240\" src=\"https:\/\/d2p6e6u75xmxt8.cloudfront.net\/13\/2021\/01\/silnicni-kolo-rafkove-brzdy.webp\" alt=\"Kotou\u010dov\u00e9 brzdy na trhu dominuj\u00ed, setkat se s r\u00e1fkov\u00fdmi bude do budoucna vz\u00e1cnost.\" width=\"1200\" height=\"1500\" srcset=\"https:\/\/d2p6e6u75xmxt8.cloudfront.net\/13\/2021\/01\/silnicni-kolo-rafkove-brzdy.webp 1200w, https:\/\/d2p6e6u75xmxt8.cloudfront.net\/13\/2021\/01\/silnicni-kolo-rafkove-brzdy-240x300.webp 240w, https:\/\/d2p6e6u75xmxt8.cloudfront.net\/13\/2021\/01\/silnicni-kolo-rafkove-brzdy-819x1024.webp 819w, https:\/\/d2p6e6u75xmxt8.cloudfront.net\/13\/2021\/01\/silnicni-kolo-rafkove-brzdy-768x960.webp 768w\" sizes=\"auto, (max-width: 1200px) 100vw, 1200px\" \/><\/a><figcaption id=\"caption-attachment-11240\" class=\"wp-caption-text\"><em>R\u00e1fkov\u00e9 brzdy byly pades\u00e1t let neodmyslitelnou sou\u010d\u00e1st\u00ed ka\u017ed\u00e9ho kola. Foto: Michal \u010cerven\u00fd<\/em><\/figcaption><\/figure>\n<p>Jist\u011b, do\u0161lo k inovac\u00edm jako indexovan\u00e9 \u0159azen\u00ed, integrovan\u00e9 \u0159adic\u00ed\/brzdov\u00e9 p\u00e1\u010dky a v\u00fdkonn\u011bj\u0161\u00ed brzdy. Ale pohony byly mechanicky ovl\u00e1d\u00e1ny ocelov\u00fdmi lanky \u0159azen\u00ed. Brzdy st\u00e1le vyu\u017e\u00edvaly jednoduchou technologii pry\u017eov\u00fdch \u0161palk\u016f na kovov\u00fdch r\u00e1fc\u00edch. St\u0159edov\u00e1 pouzdra (to je ten mechanismus, co se na n\u011bm ot\u00e1\u010dej\u00ed kliky) byla a\u017e na vz\u00e1cn\u00e9 v\u00fdjimky z\u00e1vitov\u00e1.\u00a0Z\u00e1kladn\u00ed dovednosti v oblasti oprav a \u00fadr\u017eby z\u00edskan\u00e9 v roce 1955 by v\u00e1m docela dob\u0159e poslou\u017eily i v roce 1995.<\/p>\n<p>Druh\u00e1 \u00e9ra modern\u00edch kol trv\u00e1 zhruba od p\u0159elomu stolet\u00ed do sou\u010dasnosti. A za t\u011bchto dvacet let jsme pro\u017eili mnohem v\u011bt\u0161\u00ed zm\u011bny ne\u017e t\u011bch pades\u00e1t p\u0159ed nimi. Hydraulick\u00e9 kotou\u010dov\u00e9 brzdy, st\u00e1le d\u016fmysln\u011bj\u0161\u00ed odpru\u017een\u00ed, elektronick\u00e9 \u0159azen\u00ed, lisovan\u00e1 lo\u017eiska st\u0159edov\u00e9ho slo\u017een\u00ed, pr\u016fmyslov\u00e1 lo\u017eiska. A to nemluv\u011b o cel\u00e9 kategorii elektrokol s lithiov\u00fdmi bateriemi a elektromotory.<\/p>\n<div class=\"shortcode-ys-post-pinup\"><article class=\"loop-simple post-24053 post type-post status-publish format-standard has-post-thumbnail hentry category-rady-tipy category-servis category-silnicni-cyklistika tag-brzdove-desticky tag-brzdove-kotouce tag-cyklistika tag-horska-cyklistika tag-jak-pecovat-o-brzdy-na-kole tag-pece-o-brzdy tag-silnicni-cyklistika tag-trenink tag-zdravi-a-trenink global-categories-cycling\" data-postid=\"24053\" role=\"article\" data-post-id=\"24053\" data-word-count=\"455\" data-headline-length=\"29\" data-category=\"Rady &amp; tipy\" data-global-category=\"Cycling\" data-author=\"We Love Cycling\" data-published=\"2023-11-02T17:00:00+02:00\" data-published-day=\"Thursday\">\n    <div class=\"entry-thumbnail article-thumbnail\" content=\"https:\/\/d2p6e6u75xmxt8.cloudfront.net\/13\/2023\/11\/brzdy-cerveny-150x150.webp\"><a href=\"https:\/\/www.welovecycling.com\/cs\/2023\/11\/02\/jak-pecovat-o-brzdy-na-kole\/\" class=\"image-holder\" target=\"_self\"><img decoding=\"async\" loading=\"lazy\" class=\"\" src=\"https:\/\/d2p6e6u75xmxt8.cloudfront.net\/13\/2023\/11\/brzdy-cerveny-1024x683.webp\" srcset=\"https:\/\/d2p6e6u75xmxt8.cloudfront.net\/13\/2023\/11\/brzdy-cerveny.webp 1600w, https:\/\/d2p6e6u75xmxt8.cloudfront.net\/13\/2023\/11\/brzdy-cerveny-300x200.webp 300w, https:\/\/d2p6e6u75xmxt8.cloudfront.net\/13\/2023\/11\/brzdy-cerveny-1024x683.webp 1024w, https:\/\/d2p6e6u75xmxt8.cloudfront.net\/13\/2023\/11\/brzdy-cerveny-768x512.webp 768w, https:\/\/d2p6e6u75xmxt8.cloudfront.net\/13\/2023\/11\/brzdy-cerveny-1536x1024.webp 1536w, https:\/\/d2p6e6u75xmxt8.cloudfront.net\/13\/2023\/11\/brzdy-cerveny-400x267.webp 400w, https:\/\/d2p6e6u75xmxt8.cloudfront.net\/13\/2023\/11\/brzdy-cerveny-272x182.webp 272w\" width=\"1024\" height=\"683\" sizes=\"auto, (min-width: 1200px) 300px, (min-width: 768px) 25vw, 100vw\" alt=\"jak-pecovat-o-brzdy-na-kole\"\/><\/a><\/div>    <div class=\"entry-meta\">\n        <a class=\"label label-secondary post-category\" href=\"https:\/\/www.welovecycling.com\/cs\/category\/rady-tipy\/\" title=\"Rady &amp; tipy\">Rady &amp; tipy<\/a>\n    <\/div>\n    <div class=\"entry-details\">\n        <a href=\"https:\/\/www.welovecycling.com\/cs\/2023\/11\/02\/jak-pecovat-o-brzdy-na-kole\/\" class='entry-title-wrapper'>\n            <h3 class=\"entry-title\"><span>Jak pe\u010dovat o brzdy na kole?<\/span><\/h3>\n        <\/a>\n    <\/div>\n    <\/article>\n<\/div>\n<p>Aby dnes mohl u\u017eivatel sv\u00e9mu kolu dop\u0159\u00e1t dom\u00e1c\u00ed servis, pot\u0159ebuje dovednosti v elektronick\u00e9 diagnostice a hydraulick\u00fdch syst\u00e9mech spolu s \u0159adou nov\u00fdch n\u00e1stroj\u016f, jako jsou odvzdu\u0161\u0148ovac\u00ed sady a lisy na lo\u017eiska. Nechceme romantizovat star\u00e9 \u010dasy, ale n\u011bkter\u00e9 z\u00e1sahy jsou zkr\u00e1tka slo\u017eit\u00e9 i pro profesion\u00e1ln\u00ed mechaniky.<\/p>\n<h2><strong>Jak na dom\u00e1c\u00ed servis modern\u00edch kol? N\u00e1vod v aplikaci \u010di na YouTube<\/strong><\/h2>\n<p>Naopak n\u011bkter\u00e9 \u00fakony jsou dnes ve skute\u010dnosti jednodu\u0161\u0161\u00ed. Jakmile elektronickou p\u0159ehazova\u010dku p\u0159i\u0161roubujete k r\u00e1mu a p\u0159ipoj\u00edte k nap\u00e1jen\u00ed, v\u011bt\u0161inu nastaven\u00ed m\u016f\u017eete prov\u00e1d\u011bt pomoc\u00ed knofl\u00edk\u016f \u0159adic\u00edch p\u00e1k nebo v aplikaci. A \u017e\u00e1dn\u00e9 n\u00e1stroje nejsou pot\u0159eba. Servisn\u00ed p\u0159\u00edru\u010dky jsou ke sta\u017een\u00ed na internetu. Na YouTube zpravidla najdete podrobn\u00e9 n\u00e1vody pro jednotliv\u00e9 komponenty. Obecn\u011b jsou ale dne\u0161n\u00ed kola slo\u017eit\u011bj\u0161\u00ed.<\/p>\n<p>A t\u00edm nejv\u011bt\u0161\u00edm stra\u0161\u00e1kem je integrace, tedy veden\u00ed kabel\u016f vnit\u0159kem r\u00e1mu! A k tomu uzp\u016fsoben\u00e9 sestavy kokpitu a vidlice\/hlavov\u00e9ho slo\u017een\u00ed\/p\u0159edstavce. N\u011bkter\u00e9 aspekty integrace maj\u00ed v\u00fdznamn\u00fd dopad na z\u00e1\u017eitek z j\u00edzdy, jin\u00e9 jsou tu p\u0159edev\u0161\u00edm pro estetiku. A dohromady dok\u00e1\u017eou servis kola prom\u011bnit v tr\u00e1pen\u00ed.<\/p>\n<figure id=\"attachment_13854\" aria-describedby=\"caption-attachment-13854\" style=\"width: 1600px\" class=\"wp-caption alignnone\"><a href=\"https:\/\/d2p6e6u75xmxt8.cloudfront.net\/13\/2021\/07\/cink-kolo-odpruzeni-tlumic.webp\"><img loading=\"lazy\" decoding=\"async\" class=\"size-full wp-image-13854\" src=\"https:\/\/d2p6e6u75xmxt8.cloudfront.net\/13\/2021\/07\/cink-kolo-odpruzeni-tlumic.webp\" alt=\"Servis\" width=\"1600\" height=\"1067\" srcset=\"https:\/\/d2p6e6u75xmxt8.cloudfront.net\/13\/2021\/07\/cink-kolo-odpruzeni-tlumic.webp 1600w, https:\/\/d2p6e6u75xmxt8.cloudfront.net\/13\/2021\/07\/cink-kolo-odpruzeni-tlumic-300x200.webp 300w, https:\/\/d2p6e6u75xmxt8.cloudfront.net\/13\/2021\/07\/cink-kolo-odpruzeni-tlumic-1024x683.webp 1024w, https:\/\/d2p6e6u75xmxt8.cloudfront.net\/13\/2021\/07\/cink-kolo-odpruzeni-tlumic-768x512.webp 768w, https:\/\/d2p6e6u75xmxt8.cloudfront.net\/13\/2021\/07\/cink-kolo-odpruzeni-tlumic-1536x1024.webp 1536w, https:\/\/d2p6e6u75xmxt8.cloudfront.net\/13\/2021\/07\/cink-kolo-odpruzeni-tlumic-272x182.webp 272w\" sizes=\"auto, (max-width: 1600px) 100vw, 1600px\" \/><\/a><figcaption id=\"caption-attachment-13854\" class=\"wp-caption-text\"><em>Troufnete si na dom\u00e1c\u00ed servis tlumi\u010d\u016f?\u00a0<\/em><\/figcaption><\/figure>\n<p>Jestli\u017ee d\u0159\u00edv jste k v\u00fdm\u011bn\u011b p\u0159edstavce, kdy\u017e v\u00e1m nevyhovovala jeho d\u00e9lka, pot\u0159ebovali p\u011bt minut. Dnes to m\u016f\u017ee b\u00fdt mnohahodinov\u00e1 pr\u00e1ce, za kterou si mechanik na\u00fa\u010dtuje tis\u00edce jen za pr\u00e1ci. Na\u0161t\u011bst\u00ed v\u00fdrobci u\u017e reaguj\u00ed a nov\u00e9 designy jsou pro mechaniky \u0161etrn\u011bj\u0161\u00ed. Star\u0161\u00ed verze jsou ale n\u011bkdy absurdn\u011b slo\u017eit\u00e9. V\u00fdm\u011bna p\u0159edstavce m\u016f\u017ee znamenat, \u017ee budete muset rozebrat kliky a st\u0159edovou osu.<\/p>\n<div class=\"shortcode-ys-post-pinup\"><article class=\"loop-simple post-23894 post type-post status-publish format-standard has-post-thumbnail hentry category-rady-tipy category-servis tag-cyklistika tag-horska-cyklistika tag-jak-zazimovat-kolo tag-pece-o-kolo tag-rady-a-tipy tag-silnicni-cyklistika tag-trenink tag-zazimovani-kola tag-zdravi-a-trenink global-categories-cycling\" data-postid=\"23894\" role=\"article\" data-post-id=\"23894\" data-word-count=\"376\" data-headline-length=\"72\" data-category=\"Rady &amp; tipy\" data-global-category=\"Cycling\" data-author=\"We Love Cycling\" data-published=\"2023-10-18T09:59:04+02:00\" data-published-day=\"Wednesday\">\n    <div class=\"entry-thumbnail article-thumbnail\" content=\"https:\/\/d2p6e6u75xmxt8.cloudfront.net\/13\/2023\/10\/profimedia-0183847322-150x150.webp\"><a href=\"https:\/\/www.welovecycling.com\/cs\/2023\/10\/18\/jak-zazimovat-kolo-nejhorsi-je-zahodit-spinavy-stroj-do-kouta\/\" class=\"image-holder\" target=\"_self\"><img decoding=\"async\" loading=\"lazy\" class=\"\" src=\"https:\/\/d2p6e6u75xmxt8.cloudfront.net\/13\/2023\/10\/profimedia-0183847322-1024x657.webp\" srcset=\"https:\/\/d2p6e6u75xmxt8.cloudfront.net\/13\/2023\/10\/profimedia-0183847322.webp 1800w, https:\/\/d2p6e6u75xmxt8.cloudfront.net\/13\/2023\/10\/profimedia-0183847322-300x193.webp 300w, https:\/\/d2p6e6u75xmxt8.cloudfront.net\/13\/2023\/10\/profimedia-0183847322-1024x657.webp 1024w, https:\/\/d2p6e6u75xmxt8.cloudfront.net\/13\/2023\/10\/profimedia-0183847322-768x493.webp 768w, https:\/\/d2p6e6u75xmxt8.cloudfront.net\/13\/2023\/10\/profimedia-0183847322-1536x986.webp 1536w, https:\/\/d2p6e6u75xmxt8.cloudfront.net\/13\/2023\/10\/profimedia-0183847322-400x257.webp 400w\" width=\"1024\" height=\"657\" sizes=\"auto, (min-width: 1200px) 312px, (min-width: 768px) 26vw, 100vw\" alt=\"jak-zazimovat-kolo-nejhorsi-je-zahodit-spinavy-stroj-do-kouta\"\/><\/a><\/div>    <div class=\"entry-meta\">\n        <a class=\"label label-secondary post-category\" href=\"https:\/\/www.welovecycling.com\/cs\/category\/rady-tipy\/\" title=\"Rady &amp; tipy\">Rady &amp; tipy<\/a>\n    <\/div>\n    <div class=\"entry-details\">\n        <a href=\"https:\/\/www.welovecycling.com\/cs\/2023\/10\/18\/jak-zazimovat-kolo-nejhorsi-je-zahodit-spinavy-stroj-do-kouta\/\" class='entry-title-wrapper'>\n            <h3 class=\"entry-title\"><span>Jak zazimovat kolo? Nejhor\u0161\u00ed je \u201ezahodit\u201c \u0161pinav\u00fd stroj do kouta<\/span><\/h3>\n        <\/a>\n    <\/div>\n    <\/article>\n<\/div>\n<p>Ka\u017ed\u00e1 minuta str\u00e1ven\u00e1 p\u0159em\u00fd\u0161len\u00edm, jak co opravit, je minuta, kterou nestr\u00e1v\u00edme j\u00edzdou. A proto\u017ee vlastn\u00edme kola, abychom na nich jezdili, ned\u00e1v\u00e1 smysl p\u0159ehodit mechanick\u00e9 tr\u00e1pen\u00ed na n\u011bkoho jin\u00e9ho a vz\u00edt kolo rad\u011bji do zku\u0161en\u00e9ho servisu?<\/p>\n<p>Z\u00e1klady jako v\u00fdm\u011bna p\u00edchl\u00e9 du\u0161e n\u00e1m na silnici nebo cyklostezce zachov\u00e1 autonomii a nedonut\u00ed n\u00e1s zbytek doj\u00edt p\u011b\u0161ky. Pokud jde ale o \u00fadr\u017ebu high-tech stroj\u016f, existuj\u00ed dv\u011b z\u00e1kladn\u00ed pravidla. Za prv\u00e9: Vezm\u011bte sv\u00e9 kolo do servisu, pokud oprava zahrnuje drah\u00fd n\u00e1stroj, kter\u00fd budete pou\u017e\u00edvat jednou za rok nebo i m\u00e9n\u011b. Za druh\u00e9: Zkuste jakoukoli opravu jednou se sklenkou whisky. Pokud oprava trv\u00e1 d\u00e9le, ne\u017e v\u00e1m potrv\u00e1 up\u00edjen\u00ed whisky (a pokud jsou uklid\u0148uj\u00edc\u00ed \u00fa\u010dinky drinku negov\u00e1ny stresem z opravy), vezm\u011bte sv\u00e9 kolo do servisu. Proto\u017ee u\u017e Werich zp\u00edval, \u017ee \u201eten um\u00ed to a ten zas tohle&#8230;\u201c<\/p>\n<p><em>Tituln\u00ed foto: Michal \u010cerven\u00fd<\/em><\/p>\n","protected":false},"excerpt":{"rendered":"<p>Bicykly dnes funguj\u00ed l\u00e9pe ne\u017e kdy d\u0159\u00edv, o tom \u017e\u00e1dn\u00e1. Ale pr\u00e1v\u011b proto jsou mnoh\u00e9 z nich pro v\u011bt\u0161inu dom\u00e1c\u00edch [&hellip;]<\/p>\n","protected":false},"author":138,"featured_media":24327,"comment_status":"open","ping_status":"open","sticky":false,"template":"","format":"standard","meta":{"footnotes":""},"categories":[15,3262,10],"tags":[126,1829,56,3342,1828,9,771],"global-categories":[411,1245],"class_list":["post-24252","post","type-post","status-publish","format-standard","has-post-thumbnail","hentry","category-rady-tipy","category-servis","category-silnicni-cyklistika","tag-cyklistika","tag-domaci-servis-kola","tag-horska-cyklistika","tag-oprava-kola","tag-servis-kola","tag-silnicni-cyklistika","tag-udrzba-kola","global-categories-cycling","global-categories-enyaq-iv"],"yoast_head":"<!-- This site is optimized with the Yoast SEO Premium plugin v25.3 (Yoast SEO v25.9) - https:\/\/yoast.com\/wordpress\/plugins\/seo\/ -->\n<title>Dom\u00e1c\u00ed servis kola?! Jak na n\u011bj a kdy vyhledat profesion\u00e1ly... | \u0160koda We Love Cycling - \u010cesk\u00e1 republika<\/title>\n<meta name=\"description\" content=\"Bicykly dnes funguj\u00ed l\u00e9pe ne\u017e kdy d\u0159\u00edv, o tom \u017e\u00e1dn\u00e1. Ale pr\u00e1v\u011b proto jsou mnoh\u00e9 z nich pro v\u011bt\u0161inu dom\u00e1c\u00edch mechanik\u016f p\u0159\u00edli\u0161 sofistikovan\u00e1. Takov\u00e9 kr\u00e1sn\u00e9 + drah\u00e9 hlavolamy. Servisy d\u00edky i jen drobn\u00fdm oprav\u00e1m maj\u00ed sice k\u0161eft, ale vy t\u00edm p\u0159ich\u00e1z\u00edte o pen\u00edze i \u010das se sv\u00fdm kolem. Je vlastn\u011b je\u0161t\u011b realizovateln\u00fd dom\u00e1c\u00ed servis?\" \/>\n<meta name=\"robots\" content=\"index, follow, max-snippet:-1, max-image-preview:large, max-video-preview:-1\" \/>\n<link rel=\"canonical\" href=\"https:\/\/www.welovecycling.com\/cs\/2023\/12\/13\/domaci-servis-kola-jak-na-nej-a-kdy-vyhledat-profesionaly\/\" \/>\n<meta property=\"og:locale\" content=\"cs_CZ\" \/>\n<meta property=\"og:type\" content=\"article\" \/>\n<meta property=\"og:title\" content=\"Dom\u00e1c\u00ed servis kola?! Jak na n\u011bj a kdy vyhledat profesion\u00e1ly...\" \/>\n<meta property=\"og:description\" content=\"Bicykly dnes funguj\u00ed l\u00e9pe ne\u017e kdy d\u0159\u00edv, o tom \u017e\u00e1dn\u00e1. Ale pr\u00e1v\u011b proto jsou mnoh\u00e9 z nich pro v\u011bt\u0161inu dom\u00e1c\u00edch mechanik\u016f p\u0159\u00edli\u0161 sofistikovan\u00e1. Takov\u00e9 kr\u00e1sn\u00e9 + drah\u00e9 hlavolamy. Servisy d\u00edky i jen drobn\u00fdm oprav\u00e1m maj\u00ed sice k\u0161eft, ale vy t\u00edm p\u0159ich\u00e1z\u00edte o pen\u00edze i \u010das se sv\u00fdm kolem. Je vlastn\u011b je\u0161t\u011b realizovateln\u00fd dom\u00e1c\u00ed servis?\" \/>\n<meta property=\"og:url\" content=\"https:\/\/www.welovecycling.com\/cs\/2023\/12\/13\/domaci-servis-kola-jak-na-nej-a-kdy-vyhledat-profesionaly\/\" \/>\n<meta property=\"og:site_name\" content=\"\u0160koda We Love Cycling - \u010cesk\u00e1 republika\" \/>\n<meta property=\"article:published_time\" content=\"2023-12-13T18:17:08+00:00\" \/>\n<meta property=\"article:modified_time\" content=\"2024-03-04T08:44:42+00:00\" \/>\n<meta property=\"og:image\" content=\"https:\/\/d2p6e6u75xmxt8.cloudfront.net\/13\/2023\/12\/CER_0324-1.webp\" \/>\n\t<meta property=\"og:image:width\" content=\"1200\" \/>\n\t<meta property=\"og:image:height\" content=\"597\" \/>\n\t<meta property=\"og:image:type\" content=\"image\/webp\" \/>\n<meta name=\"author\" content=\"radekmalina\" \/>\n<meta name=\"twitter:card\" content=\"summary_large_image\" \/>\n<meta name=\"twitter:label1\" content=\"Written by\" \/>\n\t<meta name=\"twitter:data1\" content=\"We Love Cycling\" \/>\n\t<meta name=\"twitter:label2\" content=\"Est. reading time\" \/>\n\t<meta name=\"twitter:data2\" content=\"5\" \/>\n<script type=\"application\/ld+json\" class=\"yoast-schema-graph\">{\"@context\":\"https:\/\/schema.org\",\"@graph\":[{\"@type\":\"WebPage\",\"@id\":\"https:\/\/www.welovecycling.com\/cs\/2023\/12\/13\/domaci-servis-kola-jak-na-nej-a-kdy-vyhledat-profesionaly\/\",\"url\":\"https:\/\/www.welovecycling.com\/cs\/2023\/12\/13\/domaci-servis-kola-jak-na-nej-a-kdy-vyhledat-profesionaly\/\",\"name\":\"Dom\u00e1c\u00ed servis kola?! Jak na n\u011bj a kdy vyhledat profesion\u00e1ly... | \u0160koda We Love Cycling - \u010cesk\u00e1 republika\",\"isPartOf\":{\"@id\":\"https:\/\/www.welovecycling.com\/cs\/#website\"},\"primaryImageOfPage\":{\"@id\":\"https:\/\/www.welovecycling.com\/cs\/2023\/12\/13\/domaci-servis-kola-jak-na-nej-a-kdy-vyhledat-profesionaly\/#primaryimage\"},\"image\":{\"@id\":\"https:\/\/www.welovecycling.com\/cs\/2023\/12\/13\/domaci-servis-kola-jak-na-nej-a-kdy-vyhledat-profesionaly\/#primaryimage\"},\"thumbnailUrl\":\"https:\/\/d2p6e6u75xmxt8.cloudfront.net\/13\/2023\/12\/CER_0324-1.webp\",\"datePublished\":\"2023-12-13T18:17:08+00:00\",\"dateModified\":\"2024-03-04T08:44:42+00:00\",\"author\":{\"@id\":\"https:\/\/www.welovecycling.com\/cs\/#\/schema\/person\/d9eeb0a378f3a7e4a6d12d2b536b04b8\"},\"description\":\"Bicykly dnes funguj\u00ed l\u00e9pe ne\u017e kdy d\u0159\u00edv, o tom \u017e\u00e1dn\u00e1. Ale pr\u00e1v\u011b proto jsou mnoh\u00e9 z nich pro v\u011bt\u0161inu dom\u00e1c\u00edch mechanik\u016f p\u0159\u00edli\u0161 sofistikovan\u00e1. Takov\u00e9 kr\u00e1sn\u00e9 + drah\u00e9 hlavolamy. Servisy d\u00edky i jen drobn\u00fdm oprav\u00e1m maj\u00ed sice k\u0161eft, ale vy t\u00edm p\u0159ich\u00e1z\u00edte o pen\u00edze i \u010das se sv\u00fdm kolem. Je vlastn\u011b je\u0161t\u011b realizovateln\u00fd dom\u00e1c\u00ed servis?\",\"inLanguage\":\"cs\",\"potentialAction\":[{\"@type\":\"ReadAction\",\"target\":[\"https:\/\/www.welovecycling.com\/cs\/2023\/12\/13\/domaci-servis-kola-jak-na-nej-a-kdy-vyhledat-profesionaly\/\"]}]},{\"@type\":\"ImageObject\",\"inLanguage\":\"cs\",\"@id\":\"https:\/\/www.welovecycling.com\/cs\/2023\/12\/13\/domaci-servis-kola-jak-na-nej-a-kdy-vyhledat-profesionaly\/#primaryimage\",\"url\":\"https:\/\/d2p6e6u75xmxt8.cloudfront.net\/13\/2023\/12\/CER_0324-1.webp\",\"contentUrl\":\"https:\/\/d2p6e6u75xmxt8.cloudfront.net\/13\/2023\/12\/CER_0324-1.webp\",\"width\":1200,\"height\":597,\"caption\":\"Podzimn\u00ed servis\"},{\"@type\":\"WebSite\",\"@id\":\"https:\/\/www.welovecycling.com\/cs\/#website\",\"url\":\"https:\/\/www.welovecycling.com\/cs\/\",\"name\":\"\u0160koda We Love Cycling - \u010cesk\u00e1 republika\",\"description\":\"WeLoveCycling.cz je online magaz\u00edn, kter\u00fd v\u00e1m pravideln\u011b p\u0159in\u00e1\u0161\u00ed rady a tipy, zaj\u00edmav\u00e9 \u010dl\u00e1nky, videa a jedine\u010dn\u00e9 report\u00e1\u017ee ze sv\u011bta cyklistiky.\",\"potentialAction\":[{\"@type\":\"SearchAction\",\"target\":{\"@type\":\"EntryPoint\",\"urlTemplate\":\"https:\/\/www.welovecycling.com\/cs\/?s={search_term_string}\"},\"query-input\":{\"@type\":\"PropertyValueSpecification\",\"valueRequired\":true,\"valueName\":\"search_term_string\"}}],\"inLanguage\":\"cs\"},{\"@type\":\"Person\",\"@id\":\"https:\/\/www.welovecycling.com\/cs\/#\/schema\/person\/d9eeb0a378f3a7e4a6d12d2b536b04b8\",\"name\":\"radekmalina\",\"image\":{\"@type\":\"ImageObject\",\"inLanguage\":\"cs\",\"@id\":\"https:\/\/www.welovecycling.com\/cs\/#\/schema\/person\/image\/\",\"url\":\"https:\/\/secure.gravatar.com\/avatar\/66994b632cb8c39a46b9f54afa3ae07201b678d32a54275b6f1c9ffec356bfc0?s=96&d=mm&r=g\",\"contentUrl\":\"https:\/\/secure.gravatar.com\/avatar\/66994b632cb8c39a46b9f54afa3ae07201b678d32a54275b6f1c9ffec356bfc0?s=96&d=mm&r=g\",\"caption\":\"radekmalina\"},\"url\":\"https:\/\/www.welovecycling.com\/cs\/author\/radekmalina\/\"}]}<\/script>\n<!-- \/ Yoast SEO Premium plugin. -->","yoast_head_json":{"title":"Dom\u00e1c\u00ed servis kola?! Jak na n\u011bj a kdy vyhledat profesion\u00e1ly... | \u0160koda We Love Cycling - \u010cesk\u00e1 republika","description":"Bicykly dnes funguj\u00ed l\u00e9pe ne\u017e kdy d\u0159\u00edv, o tom \u017e\u00e1dn\u00e1. Ale pr\u00e1v\u011b proto jsou mnoh\u00e9 z nich pro v\u011bt\u0161inu dom\u00e1c\u00edch mechanik\u016f p\u0159\u00edli\u0161 sofistikovan\u00e1. Takov\u00e9 kr\u00e1sn\u00e9 + drah\u00e9 hlavolamy. Servisy d\u00edky i jen drobn\u00fdm oprav\u00e1m maj\u00ed sice k\u0161eft, ale vy t\u00edm p\u0159ich\u00e1z\u00edte o pen\u00edze i \u010das se sv\u00fdm kolem. Je vlastn\u011b je\u0161t\u011b realizovateln\u00fd dom\u00e1c\u00ed servis?","robots":{"index":"index","follow":"follow","max-snippet":"max-snippet:-1","max-image-preview":"max-image-preview:large","max-video-preview":"max-video-preview:-1"},"canonical":"https:\/\/www.welovecycling.com\/cs\/2023\/12\/13\/domaci-servis-kola-jak-na-nej-a-kdy-vyhledat-profesionaly\/","og_locale":"cs_CZ","og_type":"article","og_title":"Dom\u00e1c\u00ed servis kola?! Jak na n\u011bj a kdy vyhledat profesion\u00e1ly...","og_description":"Bicykly dnes funguj\u00ed l\u00e9pe ne\u017e kdy d\u0159\u00edv, o tom \u017e\u00e1dn\u00e1. Ale pr\u00e1v\u011b proto jsou mnoh\u00e9 z nich pro v\u011bt\u0161inu dom\u00e1c\u00edch mechanik\u016f p\u0159\u00edli\u0161 sofistikovan\u00e1. Takov\u00e9 kr\u00e1sn\u00e9 + drah\u00e9 hlavolamy. Servisy d\u00edky i jen drobn\u00fdm oprav\u00e1m maj\u00ed sice k\u0161eft, ale vy t\u00edm p\u0159ich\u00e1z\u00edte o pen\u00edze i \u010das se sv\u00fdm kolem. Je vlastn\u011b je\u0161t\u011b realizovateln\u00fd dom\u00e1c\u00ed servis?","og_url":"https:\/\/www.welovecycling.com\/cs\/2023\/12\/13\/domaci-servis-kola-jak-na-nej-a-kdy-vyhledat-profesionaly\/","og_site_name":"\u0160koda We Love Cycling - \u010cesk\u00e1 republika","article_published_time":"2023-12-13T18:17:08+00:00","article_modified_time":"2024-03-04T08:44:42+00:00","og_image":[{"width":1200,"height":597,"url":"https:\/\/d2p6e6u75xmxt8.cloudfront.net\/13\/2023\/12\/CER_0324-1.webp","type":"image\/webp"}],"author":"radekmalina","twitter_card":"summary_large_image","twitter_misc":{"Written by":"We Love Cycling","Est. reading time":"5"},"schema":{"@context":"https:\/\/schema.org","@graph":[{"@type":"WebPage","@id":"https:\/\/www.welovecycling.com\/cs\/2023\/12\/13\/domaci-servis-kola-jak-na-nej-a-kdy-vyhledat-profesionaly\/","url":"https:\/\/www.welovecycling.com\/cs\/2023\/12\/13\/domaci-servis-kola-jak-na-nej-a-kdy-vyhledat-profesionaly\/","name":"Dom\u00e1c\u00ed servis kola?! Jak na n\u011bj a kdy vyhledat profesion\u00e1ly... | \u0160koda We Love Cycling - \u010cesk\u00e1 republika","isPartOf":{"@id":"https:\/\/www.welovecycling.com\/cs\/#website"},"primaryImageOfPage":{"@id":"https:\/\/www.welovecycling.com\/cs\/2023\/12\/13\/domaci-servis-kola-jak-na-nej-a-kdy-vyhledat-profesionaly\/#primaryimage"},"image":{"@id":"https:\/\/www.welovecycling.com\/cs\/2023\/12\/13\/domaci-servis-kola-jak-na-nej-a-kdy-vyhledat-profesionaly\/#primaryimage"},"thumbnailUrl":"https:\/\/d2p6e6u75xmxt8.cloudfront.net\/13\/2023\/12\/CER_0324-1.webp","datePublished":"2023-12-13T18:17:08+00:00","dateModified":"2024-03-04T08:44:42+00:00","author":{"@id":"https:\/\/www.welovecycling.com\/cs\/#\/schema\/person\/d9eeb0a378f3a7e4a6d12d2b536b04b8"},"description":"Bicykly dnes funguj\u00ed l\u00e9pe ne\u017e kdy d\u0159\u00edv, o tom \u017e\u00e1dn\u00e1. Ale pr\u00e1v\u011b proto jsou mnoh\u00e9 z nich pro v\u011bt\u0161inu dom\u00e1c\u00edch mechanik\u016f p\u0159\u00edli\u0161 sofistikovan\u00e1. Takov\u00e9 kr\u00e1sn\u00e9 + drah\u00e9 hlavolamy. Servisy d\u00edky i jen drobn\u00fdm oprav\u00e1m maj\u00ed sice k\u0161eft, ale vy t\u00edm p\u0159ich\u00e1z\u00edte o pen\u00edze i \u010das se sv\u00fdm kolem. Je vlastn\u011b je\u0161t\u011b realizovateln\u00fd dom\u00e1c\u00ed servis?","inLanguage":"cs","potentialAction":[{"@type":"ReadAction","target":["https:\/\/www.welovecycling.com\/cs\/2023\/12\/13\/domaci-servis-kola-jak-na-nej-a-kdy-vyhledat-profesionaly\/"]}]},{"@type":"ImageObject","inLanguage":"cs","@id":"https:\/\/www.welovecycling.com\/cs\/2023\/12\/13\/domaci-servis-kola-jak-na-nej-a-kdy-vyhledat-profesionaly\/#primaryimage","url":"https:\/\/d2p6e6u75xmxt8.cloudfront.net\/13\/2023\/12\/CER_0324-1.webp","contentUrl":"https:\/\/d2p6e6u75xmxt8.cloudfront.net\/13\/2023\/12\/CER_0324-1.webp","width":1200,"height":597,"caption":"Podzimn\u00ed servis"},{"@type":"WebSite","@id":"https:\/\/www.welovecycling.com\/cs\/#website","url":"https:\/\/www.welovecycling.com\/cs\/","name":"\u0160koda We Love Cycling - \u010cesk\u00e1 republika","description":"WeLoveCycling.cz je online magaz\u00edn, kter\u00fd v\u00e1m pravideln\u011b p\u0159in\u00e1\u0161\u00ed rady a tipy, zaj\u00edmav\u00e9 \u010dl\u00e1nky, videa a jedine\u010dn\u00e9 report\u00e1\u017ee ze sv\u011bta cyklistiky.","potentialAction":[{"@type":"SearchAction","target":{"@type":"EntryPoint","urlTemplate":"https:\/\/www.welovecycling.com\/cs\/?s={search_term_string}"},"query-input":{"@type":"PropertyValueSpecification","valueRequired":true,"valueName":"search_term_string"}}],"inLanguage":"cs"},{"@type":"Person","@id":"https:\/\/www.welovecycling.com\/cs\/#\/schema\/person\/d9eeb0a378f3a7e4a6d12d2b536b04b8","name":"radekmalina","image":{"@type":"ImageObject","inLanguage":"cs","@id":"https:\/\/www.welovecycling.com\/cs\/#\/schema\/person\/image\/","url":"https:\/\/secure.gravatar.com\/avatar\/66994b632cb8c39a46b9f54afa3ae07201b678d32a54275b6f1c9ffec356bfc0?s=96&d=mm&r=g","contentUrl":"https:\/\/secure.gravatar.com\/avatar\/66994b632cb8c39a46b9f54afa3ae07201b678d32a54275b6f1c9ffec356bfc0?s=96&d=mm&r=g","caption":"radekmalina"},"url":"https:\/\/www.welovecycling.com\/cs\/author\/radekmalina\/"}]}},"_links":{"self":[{"href":"https:\/\/www.welovecycling.com\/cs\/wp-json\/wp\/v2\/posts\/24252","targetHints":{"allow":["GET"]}}],"collection":[{"href":"https:\/\/www.welovecycling.com\/cs\/wp-json\/wp\/v2\/posts"}],"about":[{"href":"https:\/\/www.welovecycling.com\/cs\/wp-json\/wp\/v2\/types\/post"}],"author":[{"embeddable":true,"href":"https:\/\/www.welovecycling.com\/cs\/wp-json\/wp\/v2\/users\/138"}],"replies":[{"embeddable":true,"href":"https:\/\/www.welovecycling.com\/cs\/wp-json\/wp\/v2\/comments?post=24252"}],"version-history":[{"count":6,"href":"https:\/\/www.welovecycling.com\/cs\/wp-json\/wp\/v2\/posts\/24252\/revisions"}],"predecessor-version":[{"id":24329,"href":"https:\/\/www.welovecycling.com\/cs\/wp-json\/wp\/v2\/posts\/24252\/revisions\/24329"}],"wp:featuredmedia":[{"embeddable":true,"href":"https:\/\/www.welovecycling.com\/cs\/wp-json\/wp\/v2\/media\/24327"}],"wp:attachment":[{"href":"https:\/\/www.welovecycling.com\/cs\/wp-json\/wp\/v2\/media?parent=24252"}],"wp:term":[{"taxonomy":"category","embeddable":true,"href":"https:\/\/www.welovecycling.com\/cs\/wp-json\/wp\/v2\/categories?post=24252"},{"taxonomy":"post_tag","embeddable":true,"href":"https:\/\/www.welovecycling.com\/cs\/wp-json\/wp\/v2\/tags?post=24252"},{"taxonomy":"global-categories","embeddable":true,"href":"https:\/\/www.welovecycling.com\/cs\/wp-json\/wp\/v2\/global-categories?post=24252"}],"curies":[{"name":"wp","href":"https:\/\/api.w.org\/{rel}","templated":true}]}}