{"id":24132,"date":"2023-11-17T18:00:16","date_gmt":"2023-11-17T16:00:16","guid":{"rendered":"https:\/\/www.welovecycling.com\/cs\/?p=24132"},"modified":"2023-11-17T10:45:48","modified_gmt":"2023-11-17T08:45:48","slug":"zivotosprava-profesionalu-mimo-sezonu-ze-dvou-tydnu-dvanactkrat-opily-priznal-vitez-tour-de-france","status":"publish","type":"post","link":"https:\/\/www.welovecycling.com\/cs\/2023\/11\/17\/zivotosprava-profesionalu-mimo-sezonu-ze-dvou-tydnu-dvanactkrat-opily-priznal-vitez-tour-de-france\/","title":{"rendered":"\u017divotospr\u00e1va profesion\u00e1l\u016f mimo sezonu? Ze dvou t\u00fddn\u016f dvan\u00e1ctkr\u00e1t opil\u00fd, p\u0159iznal v\u00edt\u011bz Tour de France"},"content":{"rendered":"<p><strong>P\u0159\u00edsn\u011b si st\u0159e\u017e\u00ed soukrom\u00ed. Jsou velice h\u00e1kliv\u00ed na jeho naru\u0161en\u00ed. Jen v\u00fdjime\u010dn\u011b profesion\u00e1ln\u00ed sportovci v\u010detn\u011b elitn\u00edch cyklist\u016f nech\u00e1vaj\u00ed fanou\u0161ky nahl\u00e9dnout do\u00a0 sf\u00e9r osobn\u00edho \u017eivota. Geraint Thomas, v\u00edt\u011bz Tour de France 2018 a letos st\u0159\u00edbrn\u00fd na Giro di Italia, ud\u011blal v\u00fdjimku. Sedmat\u0159icetilet\u00fd borec z Walesu jednozna\u010dn\u011b dokazuje, \u017ee i profesion\u00e1ln\u00ed cyklist\u00e9 jsou jen lid\u00e9 z masa a kost\u00ed, kte\u0159\u00ed ob\u010das r\u00e1di zh\u0159e\u0161\u00ed. Jak tedy m\u016f\u017ee vypadat \u017eivotospr\u00e1va elitn\u00edch cyklist\u016f v tzv. obdob\u00ed off season?\u00a0 Z\u00e1vodn\u00edk Ineos Grenadiers bez okolk\u016f p\u0159iznal, \u017ee v posezonn\u00edm volnu si r\u00e1d dop\u0159eje i alkohol a zrovna se ne\u0161et\u0159\u00ed.<\/strong><\/p>\n<p>\u201eZe dvou t\u00fddn\u016f jsem byl tak dvan\u00e1ct noc\u00ed opil\u00fd,\u201c \u0159ekl bez okolk\u016f vel\u0161sk\u00fd 37let\u00fd veter\u00e1n v pelotonu. \u201eCo jsem se vr\u00e1til dom\u016f do Cardiffu, bylo to \u0161\u00edlen\u00e9. Kamar\u00e1di m\u011b po\u0159\u00e1d zvali na ve\u010de\u0159i, do hospody\u2026 P\u0159itom j\u00e1 v sezon\u011b prakticky nepiju. Nebo si d\u00e1m maxim\u00e1ln\u011b jeden drink. Ale mimo sezonu \u010dlov\u011bk prost\u011b povol\u00ed. Ze za\u010d\u00e1tku jsem hned namol, ale po dvou t\u00fddnech jsem po str\u00e1nce pit\u00ed z\u00edskal slu\u0161nou formu,\u201c p\u0159iznal s \u00fasm\u011bvem Thomas v jednom z rozhovor\u016f.<\/p>\n<p><a href=\"https:\/\/www.instagram.com\/p\/CyLdkucsKLf\/?hl=cs\">https:\/\/www.instagram.com\/p\/CyLdkucsKLf\/?hl=cs<\/a><\/p>\n<p>Uzn\u00e1v\u00e1 v\u0161ak, \u017ee pokud nechce skon\u010dit \u0161patn\u011b, je \u010das se pomalu za\u010d\u00edt vracet do norm\u00e1lu. \u201eS\u00e1m si \u0159\u00edk\u00e1m: Opravdu u\u017e pot\u0159ebuju sednout na kolo a d\u00e1t se trochu dohromady,\u201c prohl\u00e1sil jeden z\u00a0l\u00eddr\u016f britsk\u00e9 st\u00e1je Ineos Grenadiers, kter\u00fd p\u0159ed ned\u00e1vnem prodlou\u017eil smlouvu o dal\u0161\u00ed dva roky.<\/p>\n<h2><strong>\u017divotospr\u00e1va naruby<\/strong><\/h2>\n<p>Dob\u0159e v\u00ed, \u017ee na to, aby se dostal zp\u00e1tky do formy, m\u00e1 dost \u010dasu. Nakonec o moc zku\u0161en\u011bj\u0161\u00edch lid\u00ed ne\u017e Thomas se te\u010f v profipelotonu nepohybuje. \u201ePot\u0159eboval jsem vypnout a odreagovat se od kola, abych dok\u00e1zal b\u00fdt koncentrovan\u00fd na sezonu. Ono nen\u00ed lehk\u00e9 jen tr\u00e9novat a z\u00e1vodit. Po\u0159\u00e1d j\u00edte to sam\u00e9: quinou, sal\u00e1ty, t\u011bstoviny. Tak\u017ee j\u00e1 se celou dobu t\u011b\u0161\u00edm, a\u017e sezona skon\u010d\u00ed a d\u00e1m si po\u0159\u00e1dn\u00fd burger nebo kari. Ke mn\u011b tohle pat\u0159\u00ed, stejn\u011b jako ten alkohol,\u201c vypr\u00e1v\u011bl up\u0159\u00edmn\u011b.<\/p>\n<figure id=\"attachment_22541\" aria-describedby=\"caption-attachment-22541\" style=\"width: 1800px\" class=\"wp-caption alignnone\"><a href=\"https:\/\/d2p6e6u75xmxt8.cloudfront.net\/13\/2023\/05\/profimedia-0779876313.webp\"><img loading=\"lazy\" decoding=\"async\" class=\"size-full wp-image-22541\" src=\"https:\/\/d2p6e6u75xmxt8.cloudfront.net\/13\/2023\/05\/profimedia-0779876313.webp\" alt=\"Primo\u017e Rogli\u010d (vpravo) a Geraint Thomas v c\u00edli Giro di Italia 2023.\" width=\"1800\" height=\"1200\" srcset=\"https:\/\/d2p6e6u75xmxt8.cloudfront.net\/13\/2023\/05\/profimedia-0779876313.webp 1800w, https:\/\/d2p6e6u75xmxt8.cloudfront.net\/13\/2023\/05\/profimedia-0779876313-300x200.webp 300w, https:\/\/d2p6e6u75xmxt8.cloudfront.net\/13\/2023\/05\/profimedia-0779876313-1024x683.webp 1024w, https:\/\/d2p6e6u75xmxt8.cloudfront.net\/13\/2023\/05\/profimedia-0779876313-768x512.webp 768w, https:\/\/d2p6e6u75xmxt8.cloudfront.net\/13\/2023\/05\/profimedia-0779876313-1536x1024.webp 1536w, https:\/\/d2p6e6u75xmxt8.cloudfront.net\/13\/2023\/05\/profimedia-0779876313-400x267.webp 400w, https:\/\/d2p6e6u75xmxt8.cloudfront.net\/13\/2023\/05\/profimedia-0779876313-272x182.webp 272w\" sizes=\"auto, (max-width: 1800px) 100vw, 1800px\" \/><\/a><figcaption id=\"caption-attachment-22541\" class=\"wp-caption-text\"><em>Primo\u017e Rogli\u010d (vpravo) a Geraint Thomas v c\u00edli Giro di Italia 2023. Vr\u00e1t\u00ed se Geraint Thomas, aby mohl slavit?<\/em><\/figcaption><\/figure>\n<p>\u201ePot\u0159ebuji \u00fapln\u011b vysadit a nemyslet na kolo. Mo\u017en\u00e1 jsem star\u00e1 \u0161kola, proto\u017ee n\u011bkte\u0159\u00ed mlad\u00ed z\u00e1vodn\u00edci pracuj\u00ed cel\u00fdch dvan\u00e1ct m\u011bs\u00edc\u016f jen s \u010d\u00edsly a po sezon\u011b d\u00e1l jezd\u00ed na kole nebo b\u011bhaj\u00ed maratony. A j\u00e1 jdu rad\u0161i na pivo, proto\u017ee si chci sv\u00e9 volno u\u017e\u00edt,\u201c vysv\u011btloval <a href=\"https:\/\/www.welovecycling.com\/cs\/2023\/10\/11\/geraint-thomas-a-jeho-cesta-od-nylonu-k-polymeru-aneb-jak-3d-tisk-naboural-cyklisticky-prumysl\/\">Geraint Thomas<\/a>.<\/p>\n<h2><strong>Tr\u00e9nuje v Kalifornii<\/strong><\/h2>\n<p>Te\u010f u\u017e je znovu v\u00a0tr\u00e9ninku. Odlet\u011bl do Kalifornie, kde se p\u0159ipravuje se sv\u00fdm t\u00fdmov\u00fdm par\u0165\u00e1kem Cameronem Wurfem, kter\u00fd se vedle cyklistiky v\u011bnuje daleko v\u00edce triatlonu. \u201eN\u00e1hodou jsem ho r\u00e1no odchytl, kdy\u017e nem\u011bl kocovinu,\u201c napsal Wurf se smajl\u00edkem k\u00a0p\u0159\u00edb\u011bhu na Instagramu.<\/p>\n<p>V USA bude Thomas tr\u00e9novat t\u0159i t\u00fddny. U\u017e mu zase naplno za\u010dal dril. \u017divotospr\u00e1va se vr\u00e1tila ke standard\u016fm typick\u00fdm pro vrcholov\u00e9ho sportovce. A nen\u00ed divu, Sezonu chce odstartovat u\u017e v lednu na Tour Down Under v Austr\u00e1lii, kde se rozj\u00ed\u017ed\u011bl i v leto\u0161n\u00edm roce.<\/p>\n<p><a href=\"https:\/\/www.instagram.com\/p\/CzbhJVZo7kN\/?hl=cs\">https:\/\/www.instagram.com\/p\/CzbhJVZo7kN\/?hl=cs<\/a><\/p>\n<p>Zat\u00edm je\u0161t\u011b nen\u00ed stoprocentn\u011b jasno, jak\u00e1 Grand Tour pro n\u011bj bude vrcholem sezony. \u201eGiro bude zase pekeln\u011b t\u011b\u017ek\u00e9, r\u00e1d bych se tam vr\u00e1til. Zvl\u00e1\u0161\u0165 po tom, co se stalo letos,\u201c nar\u00e1\u017eel na p\u0159edposledn\u00ed den z\u00e1vodu, kdy ho z r\u016f\u017eov\u00e9ho dresu l\u00eddra vysvl\u00e9kl Rogli\u010d a on skon\u010dil druh\u00fd. \u201eAle Tour je taky nesm\u00edrn\u011b l\u00e1kav\u00e1 a letos jsem ji vynechal,\u201c nechal v\u0161e je\u0161t\u011b otev\u0159en\u00e9.<\/p>\n<p>Definitivn\u00ed podobu dostane program Gerainta Thomase i cel\u00e9 st\u00e1je Ineos pro rok 2024 po t\u00fdmov\u00e9m soust\u0159ed\u011bn\u00ed na Mallorce.<\/p>\n","protected":false},"excerpt":{"rendered":"<p>P\u0159\u00edsn\u011b si st\u0159e\u017e\u00ed soukrom\u00ed. Jsou velice h\u00e1kliv\u00ed na jeho naru\u0161en\u00ed. Jen v\u00fdjime\u010dn\u011b profesion\u00e1ln\u00ed sportovci v\u010detn\u011b elitn\u00edch cyklist\u016f nech\u00e1vaj\u00ed fanou\u0161ky nahl\u00e9dnout [&hellip;]<\/p>\n","protected":false},"author":138,"featured_media":23955,"comment_status":"open","ping_status":"open","sticky":false,"template":"","format":"standard","meta":{"footnotes":""},"categories":[660],"tags":[3058,126,309,1237,9,2114],"global-categories":[411],"class_list":["post-24132","post","type-post","status-publish","format-standard","has-post-thumbnail","hentry","category-https-www-welovecycling-com-cs-category-zabava","tag-alkohol-a-cyklistika","tag-cyklistika","tag-geraint-thomas","tag-ineos-grenadiers","tag-silnicni-cyklistika","tag-zivotosprava","global-categories-cycling"],"yoast_head":"<!-- This site is optimized with the Yoast SEO Premium plugin v25.3 (Yoast SEO v25.9) - https:\/\/yoast.com\/wordpress\/plugins\/seo\/ -->\n<title>\u017divotospr\u00e1va profesion\u00e1l\u016f mimo sezonu? Ze dvou t\u00fddn\u016f dvan\u00e1ctkr\u00e1t opil\u00fd, p\u0159iznal v\u00edt\u011bz Tour de France | \u0160koda We Love Cycling - \u010cesk\u00e1 republika<\/title>\n<meta name=\"description\" content=\"P\u0159\u00edsn\u011b si st\u0159e\u017e\u00ed soukrom\u00ed. Jsou velice h\u00e1kliv\u00ed na jeho naru\u0161en\u00ed. Jen v\u00fdjime\u010dn\u011b profesion\u00e1ln\u00ed sportovci v\u010detn\u011b elitn\u00edch cyklist\u016f nech\u00e1vaj\u00ed fanou\u0161ky nahl\u00e9dnout do\u00a0 sf\u00e9r osobn\u00edho \u017eivota. Geraint Thomas, v\u00edt\u011bz Tour de France 2018 a letos st\u0159\u00edbrn\u00fd na Giro di Italia, ud\u011blal v\u00fdjimku. Sedmat\u0159icetilet\u00fd borec z Walesu jednozna\u010dn\u011b dokazuje, \u017ee i profesion\u00e1ln\u00ed cyklist\u00e9 jsou jen lid\u00e9 z masa a kost\u00ed, kte\u0159\u00ed ob\u010das r\u00e1di zh\u0159e\u0161\u00ed. Jak tedy m\u016f\u017ee vypadat \u017eivotospr\u00e1va elitn\u00edch cyklist\u016f v tzv. obdob\u00ed off season?\u00a0 Z\u00e1vodn\u00edk Ineos Grenadiers bez okolk\u016f p\u0159iznal, \u017ee v posezonn\u00edm volnu si r\u00e1d dop\u0159eje i alkohol a zrovna se ne\u0161et\u0159\u00ed.\" \/>\n<meta name=\"robots\" content=\"index, follow, max-snippet:-1, max-image-preview:large, max-video-preview:-1\" \/>\n<link rel=\"canonical\" href=\"https:\/\/www.welovecycling.com\/cs\/2023\/11\/17\/zivotosprava-profesionalu-mimo-sezonu-ze-dvou-tydnu-dvanactkrat-opily-priznal-vitez-tour-de-france\/\" \/>\n<meta property=\"og:locale\" content=\"cs_CZ\" \/>\n<meta property=\"og:type\" content=\"article\" \/>\n<meta property=\"og:title\" content=\"\u017divotospr\u00e1va profesion\u00e1l\u016f mimo sezonu? Ze dvou t\u00fddn\u016f dvan\u00e1ctkr\u00e1t opil\u00fd, p\u0159iznal v\u00edt\u011bz Tour de France\" \/>\n<meta property=\"og:description\" content=\"P\u0159\u00edsn\u011b si st\u0159e\u017e\u00ed soukrom\u00ed. Jsou velice h\u00e1kliv\u00ed na jeho naru\u0161en\u00ed. Jen v\u00fdjime\u010dn\u011b profesion\u00e1ln\u00ed sportovci v\u010detn\u011b elitn\u00edch cyklist\u016f nech\u00e1vaj\u00ed fanou\u0161ky nahl\u00e9dnout do\u00a0 sf\u00e9r osobn\u00edho \u017eivota. Geraint Thomas, v\u00edt\u011bz Tour de France 2018 a letos st\u0159\u00edbrn\u00fd na Giro di Italia, ud\u011blal v\u00fdjimku. Sedmat\u0159icetilet\u00fd borec z Walesu jednozna\u010dn\u011b dokazuje, \u017ee i profesion\u00e1ln\u00ed cyklist\u00e9 jsou jen lid\u00e9 z masa a kost\u00ed, kte\u0159\u00ed ob\u010das r\u00e1di zh\u0159e\u0161\u00ed. Jak tedy m\u016f\u017ee vypadat \u017eivotospr\u00e1va elitn\u00edch cyklist\u016f v tzv. obdob\u00ed off season?\u00a0 Z\u00e1vodn\u00edk Ineos Grenadiers bez okolk\u016f p\u0159iznal, \u017ee v posezonn\u00edm volnu si r\u00e1d dop\u0159eje i alkohol a zrovna se ne\u0161et\u0159\u00ed.\" \/>\n<meta property=\"og:url\" content=\"https:\/\/www.welovecycling.com\/cs\/2023\/11\/17\/zivotosprava-profesionalu-mimo-sezonu-ze-dvou-tydnu-dvanactkrat-opily-priznal-vitez-tour-de-france\/\" \/>\n<meta property=\"og:site_name\" content=\"\u0160koda We Love Cycling - \u010cesk\u00e1 republika\" \/>\n<meta property=\"article:published_time\" content=\"2023-11-17T16:00:16+00:00\" \/>\n<meta property=\"og:image\" content=\"https:\/\/d2p6e6u75xmxt8.cloudfront.net\/13\/2023\/10\/skoda-geraint-thomas.webp\" \/>\n\t<meta property=\"og:image:width\" content=\"2000\" \/>\n\t<meta property=\"og:image:height\" content=\"1333\" \/>\n\t<meta property=\"og:image:type\" content=\"image\/webp\" \/>\n<meta name=\"author\" content=\"radekmalina\" \/>\n<meta name=\"twitter:card\" content=\"summary_large_image\" \/>\n<meta name=\"twitter:label1\" content=\"Written by\" \/>\n\t<meta name=\"twitter:data1\" content=\"Jan Kr\u016fta\" \/>\n\t<meta name=\"twitter:label2\" content=\"Est. reading time\" \/>\n\t<meta name=\"twitter:data2\" content=\"6\" \/>\n<script type=\"application\/ld+json\" class=\"yoast-schema-graph\">{\"@context\":\"https:\/\/schema.org\",\"@graph\":[{\"@type\":\"WebPage\",\"@id\":\"https:\/\/www.welovecycling.com\/cs\/2023\/11\/17\/zivotosprava-profesionalu-mimo-sezonu-ze-dvou-tydnu-dvanactkrat-opily-priznal-vitez-tour-de-france\/\",\"url\":\"https:\/\/www.welovecycling.com\/cs\/2023\/11\/17\/zivotosprava-profesionalu-mimo-sezonu-ze-dvou-tydnu-dvanactkrat-opily-priznal-vitez-tour-de-france\/\",\"name\":\"\u017divotospr\u00e1va profesion\u00e1l\u016f mimo sezonu? Ze dvou t\u00fddn\u016f dvan\u00e1ctkr\u00e1t opil\u00fd, p\u0159iznal v\u00edt\u011bz Tour de France | \u0160koda We Love Cycling - \u010cesk\u00e1 republika\",\"isPartOf\":{\"@id\":\"https:\/\/www.welovecycling.com\/cs\/#website\"},\"primaryImageOfPage\":{\"@id\":\"https:\/\/www.welovecycling.com\/cs\/2023\/11\/17\/zivotosprava-profesionalu-mimo-sezonu-ze-dvou-tydnu-dvanactkrat-opily-priznal-vitez-tour-de-france\/#primaryimage\"},\"image\":{\"@id\":\"https:\/\/www.welovecycling.com\/cs\/2023\/11\/17\/zivotosprava-profesionalu-mimo-sezonu-ze-dvou-tydnu-dvanactkrat-opily-priznal-vitez-tour-de-france\/#primaryimage\"},\"thumbnailUrl\":\"https:\/\/d2p6e6u75xmxt8.cloudfront.net\/13\/2023\/10\/skoda-geraint-thomas.webp\",\"datePublished\":\"2023-11-17T16:00:16+00:00\",\"author\":{\"@id\":\"https:\/\/www.welovecycling.com\/cs\/#\/schema\/person\/d9eeb0a378f3a7e4a6d12d2b536b04b8\"},\"description\":\"P\u0159\u00edsn\u011b si st\u0159e\u017e\u00ed soukrom\u00ed. Jsou velice h\u00e1kliv\u00ed na jeho naru\u0161en\u00ed. Jen v\u00fdjime\u010dn\u011b profesion\u00e1ln\u00ed sportovci v\u010detn\u011b elitn\u00edch cyklist\u016f nech\u00e1vaj\u00ed fanou\u0161ky nahl\u00e9dnout do\u00a0 sf\u00e9r osobn\u00edho \u017eivota. Geraint Thomas, v\u00edt\u011bz Tour de France 2018 a letos st\u0159\u00edbrn\u00fd na Giro di Italia, ud\u011blal v\u00fdjimku. Sedmat\u0159icetilet\u00fd borec z Walesu jednozna\u010dn\u011b dokazuje, \u017ee i profesion\u00e1ln\u00ed cyklist\u00e9 jsou jen lid\u00e9 z masa a kost\u00ed, kte\u0159\u00ed ob\u010das r\u00e1di zh\u0159e\u0161\u00ed. Jak tedy m\u016f\u017ee vypadat \u017eivotospr\u00e1va elitn\u00edch cyklist\u016f v tzv. obdob\u00ed off season?\u00a0 Z\u00e1vodn\u00edk Ineos Grenadiers bez okolk\u016f p\u0159iznal, \u017ee v posezonn\u00edm volnu si r\u00e1d dop\u0159eje i alkohol a zrovna se ne\u0161et\u0159\u00ed.\",\"inLanguage\":\"cs\",\"potentialAction\":[{\"@type\":\"ReadAction\",\"target\":[\"https:\/\/www.welovecycling.com\/cs\/2023\/11\/17\/zivotosprava-profesionalu-mimo-sezonu-ze-dvou-tydnu-dvanactkrat-opily-priznal-vitez-tour-de-france\/\"]}]},{\"@type\":\"ImageObject\",\"inLanguage\":\"cs\",\"@id\":\"https:\/\/www.welovecycling.com\/cs\/2023\/11\/17\/zivotosprava-profesionalu-mimo-sezonu-ze-dvou-tydnu-dvanactkrat-opily-priznal-vitez-tour-de-france\/#primaryimage\",\"url\":\"https:\/\/d2p6e6u75xmxt8.cloudfront.net\/13\/2023\/10\/skoda-geraint-thomas.webp\",\"contentUrl\":\"https:\/\/d2p6e6u75xmxt8.cloudfront.net\/13\/2023\/10\/skoda-geraint-thomas.webp\",\"width\":2000,\"height\":1333,\"caption\":\"Geraint Thomas\"},{\"@type\":\"WebSite\",\"@id\":\"https:\/\/www.welovecycling.com\/cs\/#website\",\"url\":\"https:\/\/www.welovecycling.com\/cs\/\",\"name\":\"\u0160koda We Love Cycling - \u010cesk\u00e1 republika\",\"description\":\"WeLoveCycling.cz je online magaz\u00edn, kter\u00fd v\u00e1m pravideln\u011b p\u0159in\u00e1\u0161\u00ed rady a tipy, zaj\u00edmav\u00e9 \u010dl\u00e1nky, videa a jedine\u010dn\u00e9 report\u00e1\u017ee ze sv\u011bta cyklistiky.\",\"potentialAction\":[{\"@type\":\"SearchAction\",\"target\":{\"@type\":\"EntryPoint\",\"urlTemplate\":\"https:\/\/www.welovecycling.com\/cs\/?s={search_term_string}\"},\"query-input\":{\"@type\":\"PropertyValueSpecification\",\"valueRequired\":true,\"valueName\":\"search_term_string\"}}],\"inLanguage\":\"cs\"},{\"@type\":\"Person\",\"@id\":\"https:\/\/www.welovecycling.com\/cs\/#\/schema\/person\/d9eeb0a378f3a7e4a6d12d2b536b04b8\",\"name\":\"radekmalina\",\"image\":{\"@type\":\"ImageObject\",\"inLanguage\":\"cs\",\"@id\":\"https:\/\/www.welovecycling.com\/cs\/#\/schema\/person\/image\/\",\"url\":\"https:\/\/secure.gravatar.com\/avatar\/66994b632cb8c39a46b9f54afa3ae07201b678d32a54275b6f1c9ffec356bfc0?s=96&d=mm&r=g\",\"contentUrl\":\"https:\/\/secure.gravatar.com\/avatar\/66994b632cb8c39a46b9f54afa3ae07201b678d32a54275b6f1c9ffec356bfc0?s=96&d=mm&r=g\",\"caption\":\"radekmalina\"},\"url\":\"https:\/\/www.welovecycling.com\/cs\/author\/radekmalina\/\"}]}<\/script>\n<!-- \/ Yoast SEO Premium plugin. -->","yoast_head_json":{"title":"\u017divotospr\u00e1va profesion\u00e1l\u016f mimo sezonu? Ze dvou t\u00fddn\u016f dvan\u00e1ctkr\u00e1t opil\u00fd, p\u0159iznal v\u00edt\u011bz Tour de France | \u0160koda We Love Cycling - \u010cesk\u00e1 republika","description":"P\u0159\u00edsn\u011b si st\u0159e\u017e\u00ed soukrom\u00ed. Jsou velice h\u00e1kliv\u00ed na jeho naru\u0161en\u00ed. Jen v\u00fdjime\u010dn\u011b profesion\u00e1ln\u00ed sportovci v\u010detn\u011b elitn\u00edch cyklist\u016f nech\u00e1vaj\u00ed fanou\u0161ky nahl\u00e9dnout do\u00a0 sf\u00e9r osobn\u00edho \u017eivota. Geraint Thomas, v\u00edt\u011bz Tour de France 2018 a letos st\u0159\u00edbrn\u00fd na Giro di Italia, ud\u011blal v\u00fdjimku. Sedmat\u0159icetilet\u00fd borec z Walesu jednozna\u010dn\u011b dokazuje, \u017ee i profesion\u00e1ln\u00ed cyklist\u00e9 jsou jen lid\u00e9 z masa a kost\u00ed, kte\u0159\u00ed ob\u010das r\u00e1di zh\u0159e\u0161\u00ed. Jak tedy m\u016f\u017ee vypadat \u017eivotospr\u00e1va elitn\u00edch cyklist\u016f v tzv. obdob\u00ed off season?\u00a0 Z\u00e1vodn\u00edk Ineos Grenadiers bez okolk\u016f p\u0159iznal, \u017ee v posezonn\u00edm volnu si r\u00e1d dop\u0159eje i alkohol a zrovna se ne\u0161et\u0159\u00ed.","robots":{"index":"index","follow":"follow","max-snippet":"max-snippet:-1","max-image-preview":"max-image-preview:large","max-video-preview":"max-video-preview:-1"},"canonical":"https:\/\/www.welovecycling.com\/cs\/2023\/11\/17\/zivotosprava-profesionalu-mimo-sezonu-ze-dvou-tydnu-dvanactkrat-opily-priznal-vitez-tour-de-france\/","og_locale":"cs_CZ","og_type":"article","og_title":"\u017divotospr\u00e1va profesion\u00e1l\u016f mimo sezonu? Ze dvou t\u00fddn\u016f dvan\u00e1ctkr\u00e1t opil\u00fd, p\u0159iznal v\u00edt\u011bz Tour de France","og_description":"P\u0159\u00edsn\u011b si st\u0159e\u017e\u00ed soukrom\u00ed. Jsou velice h\u00e1kliv\u00ed na jeho naru\u0161en\u00ed. Jen v\u00fdjime\u010dn\u011b profesion\u00e1ln\u00ed sportovci v\u010detn\u011b elitn\u00edch cyklist\u016f nech\u00e1vaj\u00ed fanou\u0161ky nahl\u00e9dnout do\u00a0 sf\u00e9r osobn\u00edho \u017eivota. Geraint Thomas, v\u00edt\u011bz Tour de France 2018 a letos st\u0159\u00edbrn\u00fd na Giro di Italia, ud\u011blal v\u00fdjimku. Sedmat\u0159icetilet\u00fd borec z Walesu jednozna\u010dn\u011b dokazuje, \u017ee i profesion\u00e1ln\u00ed cyklist\u00e9 jsou jen lid\u00e9 z masa a kost\u00ed, kte\u0159\u00ed ob\u010das r\u00e1di zh\u0159e\u0161\u00ed. Jak tedy m\u016f\u017ee vypadat \u017eivotospr\u00e1va elitn\u00edch cyklist\u016f v tzv. obdob\u00ed off season?\u00a0 Z\u00e1vodn\u00edk Ineos Grenadiers bez okolk\u016f p\u0159iznal, \u017ee v posezonn\u00edm volnu si r\u00e1d dop\u0159eje i alkohol a zrovna se ne\u0161et\u0159\u00ed.","og_url":"https:\/\/www.welovecycling.com\/cs\/2023\/11\/17\/zivotosprava-profesionalu-mimo-sezonu-ze-dvou-tydnu-dvanactkrat-opily-priznal-vitez-tour-de-france\/","og_site_name":"\u0160koda We Love Cycling - \u010cesk\u00e1 republika","article_published_time":"2023-11-17T16:00:16+00:00","og_image":[{"width":2000,"height":1333,"url":"https:\/\/d2p6e6u75xmxt8.cloudfront.net\/13\/2023\/10\/skoda-geraint-thomas.webp","type":"image\/webp"}],"author":"radekmalina","twitter_card":"summary_large_image","twitter_misc":{"Written by":"Jan Kr\u016fta","Est. reading time":"6"},"schema":{"@context":"https:\/\/schema.org","@graph":[{"@type":"WebPage","@id":"https:\/\/www.welovecycling.com\/cs\/2023\/11\/17\/zivotosprava-profesionalu-mimo-sezonu-ze-dvou-tydnu-dvanactkrat-opily-priznal-vitez-tour-de-france\/","url":"https:\/\/www.welovecycling.com\/cs\/2023\/11\/17\/zivotosprava-profesionalu-mimo-sezonu-ze-dvou-tydnu-dvanactkrat-opily-priznal-vitez-tour-de-france\/","name":"\u017divotospr\u00e1va profesion\u00e1l\u016f mimo sezonu? Ze dvou t\u00fddn\u016f dvan\u00e1ctkr\u00e1t opil\u00fd, p\u0159iznal v\u00edt\u011bz Tour de France | \u0160koda We Love Cycling - \u010cesk\u00e1 republika","isPartOf":{"@id":"https:\/\/www.welovecycling.com\/cs\/#website"},"primaryImageOfPage":{"@id":"https:\/\/www.welovecycling.com\/cs\/2023\/11\/17\/zivotosprava-profesionalu-mimo-sezonu-ze-dvou-tydnu-dvanactkrat-opily-priznal-vitez-tour-de-france\/#primaryimage"},"image":{"@id":"https:\/\/www.welovecycling.com\/cs\/2023\/11\/17\/zivotosprava-profesionalu-mimo-sezonu-ze-dvou-tydnu-dvanactkrat-opily-priznal-vitez-tour-de-france\/#primaryimage"},"thumbnailUrl":"https:\/\/d2p6e6u75xmxt8.cloudfront.net\/13\/2023\/10\/skoda-geraint-thomas.webp","datePublished":"2023-11-17T16:00:16+00:00","author":{"@id":"https:\/\/www.welovecycling.com\/cs\/#\/schema\/person\/d9eeb0a378f3a7e4a6d12d2b536b04b8"},"description":"P\u0159\u00edsn\u011b si st\u0159e\u017e\u00ed soukrom\u00ed. Jsou velice h\u00e1kliv\u00ed na jeho naru\u0161en\u00ed. Jen v\u00fdjime\u010dn\u011b profesion\u00e1ln\u00ed sportovci v\u010detn\u011b elitn\u00edch cyklist\u016f nech\u00e1vaj\u00ed fanou\u0161ky nahl\u00e9dnout do\u00a0 sf\u00e9r osobn\u00edho \u017eivota. Geraint Thomas, v\u00edt\u011bz Tour de France 2018 a letos st\u0159\u00edbrn\u00fd na Giro di Italia, ud\u011blal v\u00fdjimku. Sedmat\u0159icetilet\u00fd borec z Walesu jednozna\u010dn\u011b dokazuje, \u017ee i profesion\u00e1ln\u00ed cyklist\u00e9 jsou jen lid\u00e9 z masa a kost\u00ed, kte\u0159\u00ed ob\u010das r\u00e1di zh\u0159e\u0161\u00ed. Jak tedy m\u016f\u017ee vypadat \u017eivotospr\u00e1va elitn\u00edch cyklist\u016f v tzv. obdob\u00ed off season?\u00a0 Z\u00e1vodn\u00edk Ineos Grenadiers bez okolk\u016f p\u0159iznal, \u017ee v posezonn\u00edm volnu si r\u00e1d dop\u0159eje i alkohol a zrovna se ne\u0161et\u0159\u00ed.","inLanguage":"cs","potentialAction":[{"@type":"ReadAction","target":["https:\/\/www.welovecycling.com\/cs\/2023\/11\/17\/zivotosprava-profesionalu-mimo-sezonu-ze-dvou-tydnu-dvanactkrat-opily-priznal-vitez-tour-de-france\/"]}]},{"@type":"ImageObject","inLanguage":"cs","@id":"https:\/\/www.welovecycling.com\/cs\/2023\/11\/17\/zivotosprava-profesionalu-mimo-sezonu-ze-dvou-tydnu-dvanactkrat-opily-priznal-vitez-tour-de-france\/#primaryimage","url":"https:\/\/d2p6e6u75xmxt8.cloudfront.net\/13\/2023\/10\/skoda-geraint-thomas.webp","contentUrl":"https:\/\/d2p6e6u75xmxt8.cloudfront.net\/13\/2023\/10\/skoda-geraint-thomas.webp","width":2000,"height":1333,"caption":"Geraint Thomas"},{"@type":"WebSite","@id":"https:\/\/www.welovecycling.com\/cs\/#website","url":"https:\/\/www.welovecycling.com\/cs\/","name":"\u0160koda We Love Cycling - \u010cesk\u00e1 republika","description":"WeLoveCycling.cz je online magaz\u00edn, kter\u00fd v\u00e1m pravideln\u011b p\u0159in\u00e1\u0161\u00ed rady a tipy, zaj\u00edmav\u00e9 \u010dl\u00e1nky, videa a jedine\u010dn\u00e9 report\u00e1\u017ee ze sv\u011bta cyklistiky.","potentialAction":[{"@type":"SearchAction","target":{"@type":"EntryPoint","urlTemplate":"https:\/\/www.welovecycling.com\/cs\/?s={search_term_string}"},"query-input":{"@type":"PropertyValueSpecification","valueRequired":true,"valueName":"search_term_string"}}],"inLanguage":"cs"},{"@type":"Person","@id":"https:\/\/www.welovecycling.com\/cs\/#\/schema\/person\/d9eeb0a378f3a7e4a6d12d2b536b04b8","name":"radekmalina","image":{"@type":"ImageObject","inLanguage":"cs","@id":"https:\/\/www.welovecycling.com\/cs\/#\/schema\/person\/image\/","url":"https:\/\/secure.gravatar.com\/avatar\/66994b632cb8c39a46b9f54afa3ae07201b678d32a54275b6f1c9ffec356bfc0?s=96&d=mm&r=g","contentUrl":"https:\/\/secure.gravatar.com\/avatar\/66994b632cb8c39a46b9f54afa3ae07201b678d32a54275b6f1c9ffec356bfc0?s=96&d=mm&r=g","caption":"radekmalina"},"url":"https:\/\/www.welovecycling.com\/cs\/author\/radekmalina\/"}]}},"_links":{"self":[{"href":"https:\/\/www.welovecycling.com\/cs\/wp-json\/wp\/v2\/posts\/24132","targetHints":{"allow":["GET"]}}],"collection":[{"href":"https:\/\/www.welovecycling.com\/cs\/wp-json\/wp\/v2\/posts"}],"about":[{"href":"https:\/\/www.welovecycling.com\/cs\/wp-json\/wp\/v2\/types\/post"}],"author":[{"embeddable":true,"href":"https:\/\/www.welovecycling.com\/cs\/wp-json\/wp\/v2\/users\/138"}],"replies":[{"embeddable":true,"href":"https:\/\/www.welovecycling.com\/cs\/wp-json\/wp\/v2\/comments?post=24132"}],"version-history":[{"count":3,"href":"https:\/\/www.welovecycling.com\/cs\/wp-json\/wp\/v2\/posts\/24132\/revisions"}],"predecessor-version":[{"id":24137,"href":"https:\/\/www.welovecycling.com\/cs\/wp-json\/wp\/v2\/posts\/24132\/revisions\/24137"}],"wp:featuredmedia":[{"embeddable":true,"href":"https:\/\/www.welovecycling.com\/cs\/wp-json\/wp\/v2\/media\/23955"}],"wp:attachment":[{"href":"https:\/\/www.welovecycling.com\/cs\/wp-json\/wp\/v2\/media?parent=24132"}],"wp:term":[{"taxonomy":"category","embeddable":true,"href":"https:\/\/www.welovecycling.com\/cs\/wp-json\/wp\/v2\/categories?post=24132"},{"taxonomy":"post_tag","embeddable":true,"href":"https:\/\/www.welovecycling.com\/cs\/wp-json\/wp\/v2\/tags?post=24132"},{"taxonomy":"global-categories","embeddable":true,"href":"https:\/\/www.welovecycling.com\/cs\/wp-json\/wp\/v2\/global-categories?post=24132"}],"curies":[{"name":"wp","href":"https:\/\/api.w.org\/{rel}","templated":true}]}}