{"id":24112,"date":"2023-11-13T06:00:49","date_gmt":"2023-11-13T04:00:49","guid":{"rendered":"https:\/\/www.welovecycling.com\/cs\/?p=24112"},"modified":"2023-11-13T10:45:26","modified_gmt":"2023-11-13T08:45:26","slug":"zdenek-stybar-o-budoucnosti-zavodnik-att-investments-nebo-sportovni-reditel-ve-world-tour","status":"publish","type":"post","link":"https:\/\/www.welovecycling.com\/cs\/2023\/11\/13\/zdenek-stybar-o-budoucnosti-zavodnik-att-investments-nebo-sportovni-reditel-ve-world-tour\/","title":{"rendered":"Zden\u011bk \u0160tybar o budoucnosti: Z\u00e1vodn\u00edk ATT Investments, nebo sportovn\u00ed \u0159editel ve World Tour"},"content":{"rendered":"<p><strong>V\u0161echno je jinak?! Zden\u011bk \u0160tybar, elitn\u00ed \u010desk\u00fd cyklista, mo\u017en\u00e1 je\u0161t\u011b ne\u0159ekl definitivn\u00ed sbohem z\u00e1vodn\u00edmu pelotonu. P\u0159esto\u017ee se v\u00edt\u011bz etapy na Tour de France 2015 nedomluvil na smlouv\u011b ve World Tour, jednu nab\u00eddku na pokra\u010dov\u00e1n\u00ed kari\u00e9ry z\u00e1vodn\u00edka v\u00a0profesion\u00e1ln\u00edm pelotonu dostal. \u201eJe\u0161t\u011b nejsem definitivn\u011b rozhodnut\u00fd. Nejsem p\u0159ipraven\u00fd skon\u010dit,\u201c p\u0159izn\u00e1v\u00e1 v\u00a0rozhovoru pro WeLoveCycling.<\/strong><\/p>\n<p>Sedmat\u0159icetilet\u00fd z\u00e1vodn\u00edk absolvoval kurz, po n\u011bm\u017e m\u016f\u017ee v\u00a0t\u00fdmech p\u016fsobit jako sportovn\u00ed \u0159editel. Rozj\u00edm\u00e1 v\u0161ak i o dal\u0161\u00edch mo\u017enostech, jak nalo\u017eit s\u00a0budoucnost\u00ed\u2026<\/p>\n<h2><strong>Zde\u0148ku v\u00a0polovin\u011b \u0159\u00edjna jste v\u00a0\u010c\u00edn\u011b absolvoval nejprve etapov\u00fd z\u00e1vod, n\u00e1sledn\u011b exhibici v\u00a0Hong Kongu, co\u017e byly va\u0161e posledn\u00ed z\u00e1vody v\u00a0t\u00fdmu Jayco AlUla. V\u011bd\u011bl jste dlouho dop\u0159edu, \u017ee p\u016fjde o va\u0161e posledn\u00ed z\u00e1vody ve World Tour?<\/strong><\/h2>\n<p>V\u016fbec ne. A\u017e kr\u00e1tce p\u0159ed cestou do \u010c\u00edny jsem se dozv\u011bd\u011bl, \u017ee se mnou Jayco nepo\u010d\u00edt\u00e1. Byl jsem hodn\u011b zklaman\u00fd. N\u011bco takov\u00e9ho jsem ne\u010dekal. Doufal jsem, \u017ee se domluv\u00edme t\u0159eba na jarn\u00ed klasiky do Pa\u0159\u00ed\u017e-Roubaix. Kdybych mohl absolvovat klasiky a v\u00fdkonnost by nebyla, po Roubaix bych skon\u010dil. Nejsem je\u0161t\u011b p\u0159ipraven\u00fd ukon\u010dit kari\u00e9ru.<\/p>\n<h2><strong>Bral jste odm\u00edtnut\u00ed ze strany Jayco AlUla jako zradu po ve\u0161ker\u00e9m \u00fasil\u00ed o n\u00e1vrat s\u00a0ohledem na zdravotn\u00ed probl\u00e9my v\u00a0pr\u016fb\u011bhu sezony?<\/strong><\/h2>\n<p>Ch\u00e1pu jejich rozhodnut\u00ed. Mus\u00ed se posouvat, myslet na budoucnost. Mn\u011b bude osmat\u0159icet. Jsem po operaci nohou kv\u016fli <a href=\"https:\/\/www.welovecycling.com\/cs\/2023\/10\/15\/zdenek-stybar-posledni-rok-jsem-zavodil-na-jedne-noze\/\">endofibr\u00f3ze ilick\u00e9 tepny<\/a>. Prod\u011blal jsem operaci srdce. Roky v sedle poznamenala i moje kolena. Kdy\u017e se v\u017eiju do role mana\u017eera t\u00fdmu, je logick\u00e9 n\u011bkoho jako j\u00e1 nepodepisovat. Na druhou stranu, kdy\u017e jsem zjistil, s kter\u00fdmi z\u00e1vodn\u00edky jednali\u2026 Ur\u010dit\u011b bych se dostal na lep\u0161\u00ed \u00farove\u0148. Brent Copeland jako gener\u00e1ln\u00ed mana\u017eer musel p\u0159ijmout definitivn\u00ed rozhodnut\u00ed. A j\u00e1 mu to nem\u00e1m za zl\u00e9. Norm\u00e1ln\u011b spolu komunikujeme. Nechci si n\u011bjak\u00fdmi negativn\u00edmi postoji cyklistiku znechutit.<\/p>\n<figure id=\"attachment_22272\" aria-describedby=\"caption-attachment-22272\" style=\"width: 1800px\" class=\"wp-caption alignnone\"><a href=\"https:\/\/d2p6e6u75xmxt8.cloudfront.net\/13\/2023\/05\/profimedia-0769770792.webp\"><img loading=\"lazy\" decoding=\"async\" class=\"size-full wp-image-22272\" src=\"https:\/\/d2p6e6u75xmxt8.cloudfront.net\/13\/2023\/05\/profimedia-0769770792.webp\" alt=\"Zden\u011bk \u0160tybar p\u0159ed startem z\u00e1vodu Amstel Gold Race 2023.\" width=\"1800\" height=\"1182\" srcset=\"https:\/\/d2p6e6u75xmxt8.cloudfront.net\/13\/2023\/05\/profimedia-0769770792.webp 1800w, https:\/\/d2p6e6u75xmxt8.cloudfront.net\/13\/2023\/05\/profimedia-0769770792-300x197.webp 300w, https:\/\/d2p6e6u75xmxt8.cloudfront.net\/13\/2023\/05\/profimedia-0769770792-1024x672.webp 1024w, https:\/\/d2p6e6u75xmxt8.cloudfront.net\/13\/2023\/05\/profimedia-0769770792-768x504.webp 768w, https:\/\/d2p6e6u75xmxt8.cloudfront.net\/13\/2023\/05\/profimedia-0769770792-1536x1009.webp 1536w, https:\/\/d2p6e6u75xmxt8.cloudfront.net\/13\/2023\/05\/profimedia-0769770792-400x263.webp 400w\" sizes=\"auto, (max-width: 1800px) 100vw, 1800px\" \/><\/a><figcaption id=\"caption-attachment-22272\" class=\"wp-caption-text\"><em>Zden\u011bk \u0160tybar p\u0159ed startem z\u00e1vodu Amstel Gold Race 2023.<\/em><\/figcaption><\/figure>\n<h2><strong>Existovaly i jin\u00e9 mo\u017enosti setrv\u00e1n\u00ed ve World Tour mimo t\u00fdm Jayco?<\/strong><\/h2>\n<p>Ano. N\u011bjak\u00e9 nab\u00eddky byly. Ale jednalo se sp\u00ed\u0161e o takov\u00e9 sondov\u00e1n\u00ed. Nic, co bych vid\u011bl \u00fapln\u011b re\u00e1ln\u011b.<\/p>\n<h2><strong>Je mo\u017en\u00e9, \u017ee byste je\u0161t\u011b kari\u00e9ru silni\u010dn\u00edho cyklisty prodlou\u017eil v\u00a0n\u011bkter\u00e9m z t\u00fdm\u016f t\u0159eba na kontinent\u00e1ln\u00ed \u00farovni?<\/strong><\/h2>\n<p>Takov\u00e1 varianta ve h\u0159e je, ale je\u0161t\u011b nen\u00ed nic uzav\u0159en\u00e9ho.<\/p>\n<div class=\"shortcode-ys-post-pinup\"><article class=\"loop-simple post-24103 post type-post status-publish format-standard has-post-thumbnail hentry category-silnicni-cyklistika tag-chris-froome tag-cyklistika tag-david-brailsford tag-egan-bernal tag-geraint-thomas tag-ineos-grenadiers tag-jim-ratcliffe tag-manchester-united tag-nice tag-remco-evenepoel tag-silnicni-cyklistika tag-tour-de-france global-categories-cycling\" data-postid=\"24103\" role=\"article\" data-post-id=\"24103\" data-word-count=\"549\" data-headline-length=\"96\" data-category=\"Silni\u010dn\u00ed cyklistika\" data-global-category=\"Cycling\" data-author=\"We Love Cycling\" data-published=\"2023-11-10T10:30:27+02:00\" data-published-day=\"Friday\">\n    <div class=\"entry-thumbnail article-thumbnail\" content=\"https:\/\/d2p6e6u75xmxt8.cloudfront.net\/13\/2020\/11\/wurf-2-150x150.webp\"><a href=\"https:\/\/www.welovecycling.com\/cs\/2023\/11\/10\/ineos-grenadiers-nad-propasti-utne-jim-ratcliffe-kvuli-rudym-dablum-cyklistickou-epizodu\/\" class=\"image-holder\" target=\"_self\"><img decoding=\"async\" loading=\"lazy\" class=\"\" src=\"https:\/\/d2p6e6u75xmxt8.cloudfront.net\/13\/2020\/11\/wurf-2-1024x1024.webp\" srcset=\"https:\/\/d2p6e6u75xmxt8.cloudfront.net\/13\/2020\/11\/wurf-2.webp 1080w, https:\/\/d2p6e6u75xmxt8.cloudfront.net\/13\/2020\/11\/wurf-2-300x300.webp 300w, https:\/\/d2p6e6u75xmxt8.cloudfront.net\/13\/2020\/11\/wurf-2-1024x1024.webp 1024w, https:\/\/d2p6e6u75xmxt8.cloudfront.net\/13\/2020\/11\/wurf-2-150x150.webp 150w, https:\/\/d2p6e6u75xmxt8.cloudfront.net\/13\/2020\/11\/wurf-2-768x768.webp 768w\" width=\"1024\" height=\"1024\" sizes=\"auto, (min-width: 1200px) 300px, (min-width: 768px) 25vw, 100vw\" alt=\"ineos-grenadiers-nad-propasti-utne-jim-ratcliffe-kvuli-rudym-dablum-cyklistickou-epizodu\"\/><\/a><\/div>    <div class=\"entry-meta\">\n        <a class=\"label label-secondary post-category\" href=\"https:\/\/www.welovecycling.com\/cs\/category\/silnicni-cyklistika\/\" title=\"Silni\u010dn\u00ed cyklistika\">Silni\u010dn\u00ed cyklistika<\/a>\n    <\/div>\n    <div class=\"entry-details\">\n        <a href=\"https:\/\/www.welovecycling.com\/cs\/2023\/11\/10\/ineos-grenadiers-nad-propasti-utne-jim-ratcliffe-kvuli-rudym-dablum-cyklistickou-epizodu\/\" class='entry-title-wrapper'>\n            <h3 class=\"entry-title\"><span>Ineos Grenadiers nad propast\u00ed? Utne Jim Ratcliffe kv\u016fli Rud\u00fdm \u010f\u00e1bl\u016fm cyklistickou epizodu?<\/span><\/h3>\n        <\/a>\n    <\/div>\n    <\/article>\n<\/div>\n<h2><strong>Uch\u00e1z\u00ed se o va\u0161e slu\u017eby \u010desk\u00fd t\u00fdm ATT Investments?<\/strong><\/h2>\n<p>Ano. ATT je jedna z\u00a0mo\u017enost\u00ed. Ale je\u0161t\u011b si mus\u00edme up\u0159esnit, jak by v\u0161e fungovalo. Moje posledn\u00ed dny a t\u00fddny jsou neuv\u011b\u0159iteln\u011b hektick\u00e9. Byl jsem v\u00a0\u010c\u00edn\u011b, pak v\u00a0Hong Kongu. Mezi t\u00edm jsem se vracel dom\u016f a byl s\u00e1m doma se synkem. Do toho jsem za\u010dal \u0159e\u0161it budoucnost. A je\u0161t\u011b se naskytla mo\u017enost absolvovat kurz na sportovn\u00edho \u0159editele, kv\u016fli \u010demu\u017e jsem musel do \u0160v\u00fdcarska. Nem\u011bl jsem v\u016fbec prostor, abych si sednul a v\u00a0klidu p\u0159em\u00fd\u0161lel.<\/p>\n<h2><strong>Z\u00a0World Tour do kontinent\u00e1ln\u00edho t\u00fdmu ATT Investments\u2026 Je to re\u00e1ln\u00e9, nebo sp\u00ed\u0161e jenom velice okrajov\u00e9 \u0159e\u0161en\u00ed budoucnosti?<\/strong><\/h2>\n<p>M\u011b l\u00e1k\u00e1 ka\u017ed\u00fd projekt, kter\u00fd d\u00e1v\u00e1 smysl. Skute\u010dn\u011b o mo\u017enosti p\u016fsoben\u00ed v\u00a0tomto \u010desk\u00e9m t\u00fdmu p\u0159em\u00fd\u0161l\u00edm. P\u0159ed\u00e1vat mlad\u00fdm kluk\u016fm zku\u0161enosti, kter\u00e9 jsem b\u011bhem kari\u00e9ry pobral, m\u016f\u017ee b\u00fdt smyslem dal\u0161\u00ed sezony. Ov\u0161em je ot\u00e1zka, jestli bych n\u011bco takov\u00e9ho dok\u00e1zal p\u0159i z\u00e1vodech.<\/p>\n<figure id=\"attachment_14695\" aria-describedby=\"caption-attachment-14695\" style=\"width: 1200px\" class=\"wp-caption alignnone\"><a href=\"https:\/\/d2p6e6u75xmxt8.cloudfront.net\/13\/2021\/10\/stybar-1344604525_1633282117-Tim-de-Waele.webp\"><img loading=\"lazy\" decoding=\"async\" class=\"size-full wp-image-14695\" src=\"https:\/\/d2p6e6u75xmxt8.cloudfront.net\/13\/2021\/10\/stybar-1344604525_1633282117-Tim-de-Waele.webp\" alt=\"Zden\u011bk \u0160tybar v c\u00edli z\u00e1vodu Pa\u0159\u00ed\u017e-Roubaix 2021. Foto: Tim de Waele\/Getty Images\/Deceuninck Quick Step\" width=\"1200\" height=\"800\" srcset=\"https:\/\/d2p6e6u75xmxt8.cloudfront.net\/13\/2021\/10\/stybar-1344604525_1633282117-Tim-de-Waele.webp 1200w, https:\/\/d2p6e6u75xmxt8.cloudfront.net\/13\/2021\/10\/stybar-1344604525_1633282117-Tim-de-Waele-300x200.webp 300w, https:\/\/d2p6e6u75xmxt8.cloudfront.net\/13\/2021\/10\/stybar-1344604525_1633282117-Tim-de-Waele-1024x683.webp 1024w, https:\/\/d2p6e6u75xmxt8.cloudfront.net\/13\/2021\/10\/stybar-1344604525_1633282117-Tim-de-Waele-768x512.webp 768w, https:\/\/d2p6e6u75xmxt8.cloudfront.net\/13\/2021\/10\/stybar-1344604525_1633282117-Tim-de-Waele-272x182.webp 272w\" sizes=\"auto, (max-width: 1200px) 100vw, 1200px\" \/><\/a><figcaption id=\"caption-attachment-14695\" class=\"wp-caption-text\"><em>Zden\u011bk \u0160tybar v c\u00edli z\u00e1vodu Pa\u0159\u00ed\u017e-Roubaix 2021. Foto: Tim de Waele\/Getty Images\/Deceuninck Quick Step<\/em><\/figcaption><\/figure>\n<h2><strong>Vyhr\u00e1l jste jarn\u00ed klasiky, etapu na Tour de France, absolvoval dev\u011bt Grand Tour. Nebrali by fanou\u0161ci spojen\u00ed Zden\u011bk \u0160tybar a ATT Investments jako ur\u010ditou degradaci kari\u00e9ry?<\/strong><\/h2>\n<p>Lid\u00e9 \u0159e\u0161\u00ed spoustu v\u011bc\u00ed\u2026 Kdo kam pat\u0159\u00ed a nepat\u0159\u00ed, co by kdo m\u011bl a nem\u011bl d\u011blat. Ale rozhodnut\u00ed je jen na mn\u011b. A moje dal\u0161\u00ed kroky mus\u00ed d\u00e1vat smysl, a\u0165 u\u017e se vrhnu kamkoliv. Cht\u011bl jsem v\u017edy vyhr\u00e1t Monument. To se u\u017e nestane. Je \u010das na novou kapitolu. Ur\u010dit\u011b budu m\u00edt radost, pokud budu p\u0159ed\u00e1vat svoje poznatky d\u00e1l. A bylo by fajn \u010dinit tak v sedle kola. Nicm\u00e9n\u011b je v\u00e1\u017en\u011b v\u00edce variant, o nich\u017e usilovn\u011b p\u0159em\u00fd\u0161l\u00edm.<\/p>\n<h2><strong>S\u00a0ohledem na \u010derstv\u011b z\u00edskanou licenci sportovn\u00edho \u0159editele je re\u00e1ln\u00fd i p\u0159esun na tuto pozici v\u00a0n\u011bkter\u00e9m z\u00a0t\u00fdmu World Tour?<\/strong><\/h2>\n<p>Takov\u00e1 mo\u017enost existuje. Net\u00fdk\u00e1 se \u017e\u00e1dn\u00e9ho z\u00a0t\u00fdm\u016f, jejich\u017e dres jsem ve World Tour obl\u00e9kal. Ale nezn\u00e1m zat\u00edm p\u0159esn\u00e9 podm\u00ednky, z\u00e1vodn\u00ed dny. Jsem tud\u00ed\u017e daleko od toho, abych mohl \u0159\u00edct, jestli p\u0159\u00ed\u0161t\u00ed sezonu budu znovu ve World Tour, jen v\u00a0jin\u00e9 pozici.<\/p>\n<div class=\"shortcode-ys-post-pinup\"><article class=\"loop-simple post-23989 post type-post status-publish format-standard has-post-thumbnail hentry category-tour-de-france tag-casovka tag-cyklistika tag-jonas-vingegaard tag-primoz-roglic tag-profil tag-remco-evenepoel tag-silnicni-cyklistika tag-tadej-pogacar tag-tour-de-france tag-tour-de-france-2024 tag-trasa-tour-de-france-2024 global-categories-cycling\" data-postid=\"23989\" role=\"article\" data-post-id=\"23989\" data-word-count=\"515\" data-headline-length=\"86\" data-category=\"Tour de France\" data-global-category=\"Cycling\" data-author=\"We Love Cycling\" data-published=\"2023-10-25T15:08:20+02:00\" data-published-day=\"Wednesday\">\n    <div class=\"entry-thumbnail article-thumbnail\" content=\"https:\/\/d2p6e6u75xmxt8.cloudfront.net\/13\/2023\/10\/profimedia-0816610475-150x150.webp\"><a href=\"https:\/\/www.welovecycling.com\/cs\/2023\/10\/25\/trasa-tour-de-france-2024-otevrenejsi-bitva-o-titul-a-vice-sanci-pro-sprintery\/\" class=\"image-holder\" target=\"_self\"><img decoding=\"async\" loading=\"lazy\" class=\"\" src=\"https:\/\/d2p6e6u75xmxt8.cloudfront.net\/13\/2023\/10\/profimedia-0816610475-1024x683.webp\" srcset=\"https:\/\/d2p6e6u75xmxt8.cloudfront.net\/13\/2023\/10\/profimedia-0816610475.webp 1800w, https:\/\/d2p6e6u75xmxt8.cloudfront.net\/13\/2023\/10\/profimedia-0816610475-300x200.webp 300w, https:\/\/d2p6e6u75xmxt8.cloudfront.net\/13\/2023\/10\/profimedia-0816610475-1024x683.webp 1024w, https:\/\/d2p6e6u75xmxt8.cloudfront.net\/13\/2023\/10\/profimedia-0816610475-768x512.webp 768w, https:\/\/d2p6e6u75xmxt8.cloudfront.net\/13\/2023\/10\/profimedia-0816610475-1536x1024.webp 1536w, https:\/\/d2p6e6u75xmxt8.cloudfront.net\/13\/2023\/10\/profimedia-0816610475-400x267.webp 400w, https:\/\/d2p6e6u75xmxt8.cloudfront.net\/13\/2023\/10\/profimedia-0816610475-272x182.webp 272w\" width=\"1024\" height=\"683\" sizes=\"auto, (min-width: 1200px) 300px, (min-width: 768px) 25vw, 100vw\" alt=\"trasa-tour-de-france-2024-otevrenejsi-bitva-o-titul-a-vice-sanci-pro-sprintery\"\/><\/a><\/div>    <div class=\"entry-meta\">\n        <a class=\"label label-secondary post-category\" href=\"https:\/\/www.welovecycling.com\/cs\/category\/tour-de-france\/\" title=\"Tour de France\">Tour de France<\/a>\n    <\/div>\n    <div class=\"entry-details\">\n        <a href=\"https:\/\/www.welovecycling.com\/cs\/2023\/10\/25\/trasa-tour-de-france-2024-otevrenejsi-bitva-o-titul-a-vice-sanci-pro-sprintery\/\" class='entry-title-wrapper'>\n            <h3 class=\"entry-title\"><span>Trasa Tour de France 2024: otev\u0159en\u011bj\u0161\u00ed bitva o titul a v\u00edce \u0161anc\u00ed pro sprintery<\/span><\/h3>\n        <\/a>\n    <\/div>\n    <\/article>\n<\/div>\n<h2><strong>Za takov\u00e9 konstelace ov\u0161em ani po konci kari\u00e9ry doma s\u00a0rodinou moc nebudete\u2026<\/strong><\/h2>\n<p>Man\u017eelka by m\u011b pochv\u00e1lila. Ona v\u00ed, \u017ee nevydr\u017e\u00edm doma. Zn\u00e1me se dvacet let, pro\u0161li jsme spole\u010dn\u011b koloto\u010dem obn\u00e1\u0161ej\u00edc\u00edm cestov\u00e1n\u00ed po cel\u00e9m sv\u011bt\u011b. Bylo by divn\u00e9, kdybych z\u016fstal cel\u00fd rok doma. V\u0161ak mi sama \u0159\u00edkala b\u011bhem ned\u00e1vn\u00fdch zdravotn\u00edch probl\u00e9m\u016f, jimi\u017e jsem si pro\u0161el, \u017ee se t\u011b\u0161\u00ed, a\u017e odjedu. Nav\u00edc, kdy\u017e je \u010dlov\u011bk doma jako sportovn\u00ed \u0159editel, tak je v\u00e1\u017en\u011b doma. Jako cyklista sice nejsem na z\u00e1vodech, ale mus\u00edm na tr\u00e9nink, do posilovny, na mas\u00e1\u017e, absolvovat regeneraci. Tak\u017ee ve fin\u00e1le stejn\u011b tr\u00e1v\u00edm \u010das bez rodiny.<\/p>\n<figure id=\"attachment_18924\" aria-describedby=\"caption-attachment-18924\" style=\"width: 1920px\" class=\"wp-caption alignnone\"><a href=\"https:\/\/d2p6e6u75xmxt8.cloudfront.net\/13\/2022\/10\/stybar-BrychtaJan_ME_Mnichov_20220813_104230_DSC_8704.webp\"><img loading=\"lazy\" decoding=\"async\" class=\"size-extra-large wp-image-18924\" src=\"https:\/\/d2p6e6u75xmxt8.cloudfront.net\/13\/2022\/10\/stybar-BrychtaJan_ME_Mnichov_20220813_104230_DSC_8704-1920x1282.webp\" alt=\"Zden\u011bk \u0160tybar\" width=\"1920\" height=\"1282\" srcset=\"https:\/\/d2p6e6u75xmxt8.cloudfront.net\/13\/2022\/10\/stybar-BrychtaJan_ME_Mnichov_20220813_104230_DSC_8704-1920x1282.webp 1920w, https:\/\/d2p6e6u75xmxt8.cloudfront.net\/13\/2022\/10\/stybar-BrychtaJan_ME_Mnichov_20220813_104230_DSC_8704-300x200.webp 300w, https:\/\/d2p6e6u75xmxt8.cloudfront.net\/13\/2022\/10\/stybar-BrychtaJan_ME_Mnichov_20220813_104230_DSC_8704-1024x684.webp 1024w, https:\/\/d2p6e6u75xmxt8.cloudfront.net\/13\/2022\/10\/stybar-BrychtaJan_ME_Mnichov_20220813_104230_DSC_8704-768x513.webp 768w, https:\/\/d2p6e6u75xmxt8.cloudfront.net\/13\/2022\/10\/stybar-BrychtaJan_ME_Mnichov_20220813_104230_DSC_8704-1536x1025.webp 1536w, https:\/\/d2p6e6u75xmxt8.cloudfront.net\/13\/2022\/10\/stybar-BrychtaJan_ME_Mnichov_20220813_104230_DSC_8704-272x182.webp 272w, https:\/\/d2p6e6u75xmxt8.cloudfront.net\/13\/2022\/10\/stybar-BrychtaJan_ME_Mnichov_20220813_104230_DSC_8704.webp 2000w, https:\/\/d2p6e6u75xmxt8.cloudfront.net\/13\/2022\/10\/stybar-BrychtaJan_ME_Mnichov_20220813_104230_DSC_8704-1920x1282.webp 1920w\" sizes=\"auto, (max-width: 1920px) 100vw, 1920px\" \/><\/a><figcaption id=\"caption-attachment-18924\" class=\"wp-caption-text\"><em>Zden\u011bk \u0160tybar v dresu n\u00e1rodn\u00edho v\u00fdb\u011bru? Minim\u00e1ln\u011b p\u0159i mistrovstv\u00ed sv\u011bta v cyklokrosu je\u0161t\u011b reprezenta\u010dn\u00ed trikot obl\u00e9kne. Foto: Jan Brychta<\/em><\/figcaption><\/figure>\n<h2><strong>M\u00e1 varianta sportovn\u00edho \u0159editele ve World Tour p\u0159ednost p\u0159ed pokra\u010dov\u00e1n\u00edm z\u00e1vodn\u00ed kari\u00e9ry v\u00a0ATT Investments?<\/strong><\/h2>\n<p>Je to jedna z\u00a0variant\u2026 A jist\u011b v\u00edm jen to, \u017ee do konce listopadu budoucnost vy\u0159e\u0161\u00edm.<\/p>\n<h2><strong>Prvn\u00ed \u00fanorov\u00fd v\u00edkend v\u00e1s \u010dek\u00e1 mistrovstv\u00ed sv\u011bta v\u00a0cyklokrosu v T\u00e1bo\u0159e. Existuje mo\u017enost, \u017ee si po \u0161ampion\u00e1tu d\u00e1te p\u00e1r m\u011bs\u00edc\u016f pauzu a teprve potom se rozhodnete?<\/strong><\/h2>\n<p>Ne. To je nere\u00e1ln\u00e9. Kdy\u017e jsem b\u011bhem jara musel na operaci nohou, uv\u011bdomil jsem si, \u017ee jsem z\u00e1visl\u00fd na sportu. \u010cty\u0159i t\u00fddny jsem se nemohl moc pohybovat, nato\u017e tr\u00e9novat. A regul\u00e9rn\u011b jsem m\u011bl abstinen\u010dn\u00ed p\u0159\u00edznaky. Tak\u017ee je jasn\u00e9, \u017ee nem\u016f\u017eu z\u016fstat bez sportu, nebo mimo sportovn\u00ed prost\u0159ed\u00ed. Na to, abych nic ned\u011blal, prost\u011b nem\u00e1m. Nedal bych to hlavou.<\/p>\n<div class=\"shortcode-ys-post-pinup\"><article class=\"loop-simple post-24053 post type-post status-publish format-standard has-post-thumbnail hentry category-rady-tipy category-servis category-silnicni-cyklistika tag-brzdove-desticky tag-brzdove-kotouce tag-cyklistika tag-horska-cyklistika tag-jak-pecovat-o-brzdy-na-kole tag-pece-o-brzdy tag-silnicni-cyklistika tag-trenink tag-zdravi-a-trenink global-categories-cycling\" data-postid=\"24053\" role=\"article\" data-post-id=\"24053\" data-word-count=\"455\" data-headline-length=\"29\" data-category=\"Rady &amp; tipy\" data-global-category=\"Cycling\" data-author=\"We Love Cycling\" data-published=\"2023-11-02T17:00:00+02:00\" data-published-day=\"Thursday\">\n    <div class=\"entry-thumbnail article-thumbnail\" content=\"https:\/\/d2p6e6u75xmxt8.cloudfront.net\/13\/2023\/11\/brzdy-cerveny-150x150.webp\"><a href=\"https:\/\/www.welovecycling.com\/cs\/2023\/11\/02\/jak-pecovat-o-brzdy-na-kole\/\" class=\"image-holder\" target=\"_self\"><img decoding=\"async\" loading=\"lazy\" class=\"\" src=\"https:\/\/d2p6e6u75xmxt8.cloudfront.net\/13\/2023\/11\/brzdy-cerveny-1024x683.webp\" srcset=\"https:\/\/d2p6e6u75xmxt8.cloudfront.net\/13\/2023\/11\/brzdy-cerveny.webp 1600w, https:\/\/d2p6e6u75xmxt8.cloudfront.net\/13\/2023\/11\/brzdy-cerveny-300x200.webp 300w, https:\/\/d2p6e6u75xmxt8.cloudfront.net\/13\/2023\/11\/brzdy-cerveny-1024x683.webp 1024w, https:\/\/d2p6e6u75xmxt8.cloudfront.net\/13\/2023\/11\/brzdy-cerveny-768x512.webp 768w, https:\/\/d2p6e6u75xmxt8.cloudfront.net\/13\/2023\/11\/brzdy-cerveny-1536x1024.webp 1536w, https:\/\/d2p6e6u75xmxt8.cloudfront.net\/13\/2023\/11\/brzdy-cerveny-400x267.webp 400w, https:\/\/d2p6e6u75xmxt8.cloudfront.net\/13\/2023\/11\/brzdy-cerveny-272x182.webp 272w\" width=\"1024\" height=\"683\" sizes=\"auto, (min-width: 1200px) 300px, (min-width: 768px) 25vw, 100vw\" alt=\"jak-pecovat-o-brzdy-na-kole\"\/><\/a><\/div>    <div class=\"entry-meta\">\n        <a class=\"label label-secondary post-category\" href=\"https:\/\/www.welovecycling.com\/cs\/category\/rady-tipy\/\" title=\"Rady &amp; tipy\">Rady &amp; tipy<\/a>\n    <\/div>\n    <div class=\"entry-details\">\n        <a href=\"https:\/\/www.welovecycling.com\/cs\/2023\/11\/02\/jak-pecovat-o-brzdy-na-kole\/\" class='entry-title-wrapper'>\n            <h3 class=\"entry-title\"><span>Jak pe\u010dovat o brzdy na kole?<\/span><\/h3>\n        <\/a>\n    <\/div>\n    <\/article>\n<\/div>\n<h2><strong>Bylo zklam\u00e1n\u00ed z\u00a0ukon\u010den\u00ed kontraktu tak velk\u00e9, \u017ee jste uva\u017eoval o vynech\u00e1n\u00ed cyklokrosov\u00e9ho mistrovstv\u00ed sv\u011bta v\u00a0T\u00e1bo\u0159e?<\/strong><\/h2>\n<p>V\u016fbec. Jedna strana hlavy tu\u0161ila, \u017ee bude konec. Druh\u00e1 doufala v\u00a0pokra\u010dov\u00e1n\u00ed. M\u00fdm velk\u00fdm c\u00edlem je nyn\u00ed pr\u00e1v\u011b \u0161ampion\u00e1t v\u00a0T\u00e1bo\u0159e, kde v\u0161echno za\u010dalo. Vlastn\u011b mi to uleh\u010duje celou situaci. M\u00e1m ur\u010ditou metu. Kdyby mi neprodlou\u017eili kontrakt a j\u00e1 nem\u011bl \u017e\u00e1dnou metu, situace by byla slo\u017eit\u00e1. Doufal jsem, \u017ee o konci kari\u00e9ry si rozhodnu s\u00e1m. Bohu\u017eel se tak nestalo. Ale je to sou\u010d\u00e1st \u017eivota sportovce. Up\u00edn\u00e1m nyn\u00ed v\u0161e k\u00a0cyklokrosu. To bude m\u016fj happyend.<\/p>\n","protected":false},"excerpt":{"rendered":"<p>V\u0161echno je jinak?! Zden\u011bk \u0160tybar, elitn\u00ed \u010desk\u00fd cyklista, mo\u017en\u00e1 je\u0161t\u011b ne\u0159ekl definitivn\u00ed sbohem z\u00e1vodn\u00edmu pelotonu. P\u0159esto\u017ee se v\u00edt\u011bz etapy na [&hellip;]<\/p>\n","protected":false},"author":138,"featured_media":18926,"comment_status":"open","ping_status":"open","sticky":false,"template":"","format":"standard","meta":{"footnotes":""},"categories":[10],"tags":[723,2841,1950,2195,73],"global-categories":[411],"class_list":["post-24112","post","type-post","status-publish","format-standard","has-post-thumbnail","hentry","category-silnicni-cyklistika","tag-cyklokros","tag-jayco-alula","tag-konec-kariery","tag-mistrovstvi-sveta-v-cyklokrosu","tag-zdenek-stybar","global-categories-cycling"],"yoast_head":"<!-- This site is optimized with the Yoast SEO Premium plugin v25.3 (Yoast SEO v25.9) - https:\/\/yoast.com\/wordpress\/plugins\/seo\/ -->\n<title>Zden\u011bk \u0160tybar o budoucnosti: Z\u00e1vodn\u00edk ATT Investments, nebo sportovn\u00ed \u0159editel ve World Tour | \u0160koda We Love Cycling - \u010cesk\u00e1 republika<\/title>\n<meta name=\"description\" content=\"V\u0161echno je jinak?! Zden\u011bk \u0160tybar, elitn\u00ed \u010desk\u00fd cyklista, mo\u017en\u00e1 je\u0161t\u011b ne\u0159ekl definitivn\u00ed sbohem z\u00e1vodn\u00edmu pelotonu. P\u0159esto\u017ee se v\u00edt\u011bz etapy na Tour de France 2015 nedomluvil na smlouv\u011b ve World Tour, jednu nab\u00eddku na pokra\u010dov\u00e1n\u00ed kari\u00e9ry z\u00e1vodn\u00edka v\u00a0profesion\u00e1ln\u00edm pelotonu dostal. \u201eJe\u0161t\u011b nejsem definitivn\u011b rozhodnut\u00fd. Nejsem p\u0159ipraven\u00fd skon\u010dit,\u201c p\u0159izn\u00e1v\u00e1 v\u00a0rozhovoru pro WeLoveCycling.\" \/>\n<meta name=\"robots\" content=\"index, follow, max-snippet:-1, max-image-preview:large, max-video-preview:-1\" \/>\n<link rel=\"canonical\" href=\"https:\/\/www.welovecycling.com\/cs\/2023\/11\/13\/zdenek-stybar-o-budoucnosti-zavodnik-att-investments-nebo-sportovni-reditel-ve-world-tour\/\" \/>\n<meta property=\"og:locale\" content=\"cs_CZ\" \/>\n<meta property=\"og:type\" content=\"article\" \/>\n<meta property=\"og:title\" content=\"Zden\u011bk \u0160tybar o budoucnosti: Z\u00e1vodn\u00edk ATT Investments, nebo sportovn\u00ed \u0159editel ve World Tour\" \/>\n<meta property=\"og:description\" content=\"V\u0161echno je jinak?! Zden\u011bk \u0160tybar, elitn\u00ed \u010desk\u00fd cyklista, mo\u017en\u00e1 je\u0161t\u011b ne\u0159ekl definitivn\u00ed sbohem z\u00e1vodn\u00edmu pelotonu. P\u0159esto\u017ee se v\u00edt\u011bz etapy na Tour de France 2015 nedomluvil na smlouv\u011b ve World Tour, jednu nab\u00eddku na pokra\u010dov\u00e1n\u00ed kari\u00e9ry z\u00e1vodn\u00edka v\u00a0profesion\u00e1ln\u00edm pelotonu dostal. \u201eJe\u0161t\u011b nejsem definitivn\u011b rozhodnut\u00fd. Nejsem p\u0159ipraven\u00fd skon\u010dit,\u201c p\u0159izn\u00e1v\u00e1 v\u00a0rozhovoru pro WeLoveCycling.\" \/>\n<meta property=\"og:url\" content=\"https:\/\/www.welovecycling.com\/cs\/2023\/11\/13\/zdenek-stybar-o-budoucnosti-zavodnik-att-investments-nebo-sportovni-reditel-ve-world-tour\/\" \/>\n<meta property=\"og:site_name\" content=\"\u0160koda We Love Cycling - \u010cesk\u00e1 republika\" \/>\n<meta property=\"article:published_time\" content=\"2023-11-13T04:00:49+00:00\" \/>\n<meta property=\"article:modified_time\" content=\"2023-11-13T08:45:26+00:00\" \/>\n<meta property=\"og:image\" content=\"https:\/\/d2p6e6u75xmxt8.cloudfront.net\/13\/2022\/10\/stybar-BrychtaJan_ME_Mnichov_20220813_121701_DSC_8898.webp\" \/>\n\t<meta property=\"og:image:width\" content=\"2000\" \/>\n\t<meta property=\"og:image:height\" content=\"1331\" \/>\n\t<meta property=\"og:image:type\" content=\"image\/webp\" \/>\n<meta name=\"author\" content=\"radekmalina\" \/>\n<meta name=\"twitter:card\" content=\"summary_large_image\" \/>\n<meta name=\"twitter:label1\" content=\"Written by\" \/>\n\t<meta name=\"twitter:data1\" content=\"We Love Cycling\" \/>\n\t<meta name=\"twitter:label2\" content=\"Est. reading time\" \/>\n\t<meta name=\"twitter:data2\" content=\"6\" \/>\n<script type=\"application\/ld+json\" class=\"yoast-schema-graph\">{\"@context\":\"https:\/\/schema.org\",\"@graph\":[{\"@type\":\"WebPage\",\"@id\":\"https:\/\/www.welovecycling.com\/cs\/2023\/11\/13\/zdenek-stybar-o-budoucnosti-zavodnik-att-investments-nebo-sportovni-reditel-ve-world-tour\/\",\"url\":\"https:\/\/www.welovecycling.com\/cs\/2023\/11\/13\/zdenek-stybar-o-budoucnosti-zavodnik-att-investments-nebo-sportovni-reditel-ve-world-tour\/\",\"name\":\"Zden\u011bk \u0160tybar o budoucnosti: Z\u00e1vodn\u00edk ATT Investments, nebo sportovn\u00ed \u0159editel ve World Tour | \u0160koda We Love Cycling - \u010cesk\u00e1 republika\",\"isPartOf\":{\"@id\":\"https:\/\/www.welovecycling.com\/cs\/#website\"},\"primaryImageOfPage\":{\"@id\":\"https:\/\/www.welovecycling.com\/cs\/2023\/11\/13\/zdenek-stybar-o-budoucnosti-zavodnik-att-investments-nebo-sportovni-reditel-ve-world-tour\/#primaryimage\"},\"image\":{\"@id\":\"https:\/\/www.welovecycling.com\/cs\/2023\/11\/13\/zdenek-stybar-o-budoucnosti-zavodnik-att-investments-nebo-sportovni-reditel-ve-world-tour\/#primaryimage\"},\"thumbnailUrl\":\"https:\/\/d2p6e6u75xmxt8.cloudfront.net\/13\/2022\/10\/stybar-BrychtaJan_ME_Mnichov_20220813_121701_DSC_8898.webp\",\"datePublished\":\"2023-11-13T04:00:49+00:00\",\"dateModified\":\"2023-11-13T08:45:26+00:00\",\"author\":{\"@id\":\"https:\/\/www.welovecycling.com\/cs\/#\/schema\/person\/d9eeb0a378f3a7e4a6d12d2b536b04b8\"},\"description\":\"V\u0161echno je jinak?! Zden\u011bk \u0160tybar, elitn\u00ed \u010desk\u00fd cyklista, mo\u017en\u00e1 je\u0161t\u011b ne\u0159ekl definitivn\u00ed sbohem z\u00e1vodn\u00edmu pelotonu. P\u0159esto\u017ee se v\u00edt\u011bz etapy na Tour de France 2015 nedomluvil na smlouv\u011b ve World Tour, jednu nab\u00eddku na pokra\u010dov\u00e1n\u00ed kari\u00e9ry z\u00e1vodn\u00edka v\u00a0profesion\u00e1ln\u00edm pelotonu dostal. \u201eJe\u0161t\u011b nejsem definitivn\u011b rozhodnut\u00fd. Nejsem p\u0159ipraven\u00fd skon\u010dit,\u201c p\u0159izn\u00e1v\u00e1 v\u00a0rozhovoru pro WeLoveCycling.\",\"inLanguage\":\"cs\",\"potentialAction\":[{\"@type\":\"ReadAction\",\"target\":[\"https:\/\/www.welovecycling.com\/cs\/2023\/11\/13\/zdenek-stybar-o-budoucnosti-zavodnik-att-investments-nebo-sportovni-reditel-ve-world-tour\/\"]}]},{\"@type\":\"ImageObject\",\"inLanguage\":\"cs\",\"@id\":\"https:\/\/www.welovecycling.com\/cs\/2023\/11\/13\/zdenek-stybar-o-budoucnosti-zavodnik-att-investments-nebo-sportovni-reditel-ve-world-tour\/#primaryimage\",\"url\":\"https:\/\/d2p6e6u75xmxt8.cloudfront.net\/13\/2022\/10\/stybar-BrychtaJan_ME_Mnichov_20220813_121701_DSC_8898.webp\",\"contentUrl\":\"https:\/\/d2p6e6u75xmxt8.cloudfront.net\/13\/2022\/10\/stybar-BrychtaJan_ME_Mnichov_20220813_121701_DSC_8898.webp\",\"width\":2000,\"height\":1331},{\"@type\":\"WebSite\",\"@id\":\"https:\/\/www.welovecycling.com\/cs\/#website\",\"url\":\"https:\/\/www.welovecycling.com\/cs\/\",\"name\":\"\u0160koda We Love Cycling - \u010cesk\u00e1 republika\",\"description\":\"WeLoveCycling.cz je online magaz\u00edn, kter\u00fd v\u00e1m pravideln\u011b p\u0159in\u00e1\u0161\u00ed rady a tipy, zaj\u00edmav\u00e9 \u010dl\u00e1nky, videa a jedine\u010dn\u00e9 report\u00e1\u017ee ze sv\u011bta cyklistiky.\",\"potentialAction\":[{\"@type\":\"SearchAction\",\"target\":{\"@type\":\"EntryPoint\",\"urlTemplate\":\"https:\/\/www.welovecycling.com\/cs\/?s={search_term_string}\"},\"query-input\":{\"@type\":\"PropertyValueSpecification\",\"valueRequired\":true,\"valueName\":\"search_term_string\"}}],\"inLanguage\":\"cs\"},{\"@type\":\"Person\",\"@id\":\"https:\/\/www.welovecycling.com\/cs\/#\/schema\/person\/d9eeb0a378f3a7e4a6d12d2b536b04b8\",\"name\":\"radekmalina\",\"image\":{\"@type\":\"ImageObject\",\"inLanguage\":\"cs\",\"@id\":\"https:\/\/www.welovecycling.com\/cs\/#\/schema\/person\/image\/\",\"url\":\"https:\/\/secure.gravatar.com\/avatar\/66994b632cb8c39a46b9f54afa3ae07201b678d32a54275b6f1c9ffec356bfc0?s=96&d=mm&r=g\",\"contentUrl\":\"https:\/\/secure.gravatar.com\/avatar\/66994b632cb8c39a46b9f54afa3ae07201b678d32a54275b6f1c9ffec356bfc0?s=96&d=mm&r=g\",\"caption\":\"radekmalina\"},\"url\":\"https:\/\/www.welovecycling.com\/cs\/author\/radekmalina\/\"}]}<\/script>\n<!-- \/ Yoast SEO Premium plugin. -->","yoast_head_json":{"title":"Zden\u011bk \u0160tybar o budoucnosti: Z\u00e1vodn\u00edk ATT Investments, nebo sportovn\u00ed \u0159editel ve World Tour | \u0160koda We Love Cycling - \u010cesk\u00e1 republika","description":"V\u0161echno je jinak?! Zden\u011bk \u0160tybar, elitn\u00ed \u010desk\u00fd cyklista, mo\u017en\u00e1 je\u0161t\u011b ne\u0159ekl definitivn\u00ed sbohem z\u00e1vodn\u00edmu pelotonu. P\u0159esto\u017ee se v\u00edt\u011bz etapy na Tour de France 2015 nedomluvil na smlouv\u011b ve World Tour, jednu nab\u00eddku na pokra\u010dov\u00e1n\u00ed kari\u00e9ry z\u00e1vodn\u00edka v\u00a0profesion\u00e1ln\u00edm pelotonu dostal. \u201eJe\u0161t\u011b nejsem definitivn\u011b rozhodnut\u00fd. Nejsem p\u0159ipraven\u00fd skon\u010dit,\u201c p\u0159izn\u00e1v\u00e1 v\u00a0rozhovoru pro WeLoveCycling.","robots":{"index":"index","follow":"follow","max-snippet":"max-snippet:-1","max-image-preview":"max-image-preview:large","max-video-preview":"max-video-preview:-1"},"canonical":"https:\/\/www.welovecycling.com\/cs\/2023\/11\/13\/zdenek-stybar-o-budoucnosti-zavodnik-att-investments-nebo-sportovni-reditel-ve-world-tour\/","og_locale":"cs_CZ","og_type":"article","og_title":"Zden\u011bk \u0160tybar o budoucnosti: Z\u00e1vodn\u00edk ATT Investments, nebo sportovn\u00ed \u0159editel ve World Tour","og_description":"V\u0161echno je jinak?! Zden\u011bk \u0160tybar, elitn\u00ed \u010desk\u00fd cyklista, mo\u017en\u00e1 je\u0161t\u011b ne\u0159ekl definitivn\u00ed sbohem z\u00e1vodn\u00edmu pelotonu. P\u0159esto\u017ee se v\u00edt\u011bz etapy na Tour de France 2015 nedomluvil na smlouv\u011b ve World Tour, jednu nab\u00eddku na pokra\u010dov\u00e1n\u00ed kari\u00e9ry z\u00e1vodn\u00edka v\u00a0profesion\u00e1ln\u00edm pelotonu dostal. \u201eJe\u0161t\u011b nejsem definitivn\u011b rozhodnut\u00fd. Nejsem p\u0159ipraven\u00fd skon\u010dit,\u201c p\u0159izn\u00e1v\u00e1 v\u00a0rozhovoru pro WeLoveCycling.","og_url":"https:\/\/www.welovecycling.com\/cs\/2023\/11\/13\/zdenek-stybar-o-budoucnosti-zavodnik-att-investments-nebo-sportovni-reditel-ve-world-tour\/","og_site_name":"\u0160koda We Love Cycling - \u010cesk\u00e1 republika","article_published_time":"2023-11-13T04:00:49+00:00","article_modified_time":"2023-11-13T08:45:26+00:00","og_image":[{"width":2000,"height":1331,"url":"https:\/\/d2p6e6u75xmxt8.cloudfront.net\/13\/2022\/10\/stybar-BrychtaJan_ME_Mnichov_20220813_121701_DSC_8898.webp","type":"image\/webp"}],"author":"radekmalina","twitter_card":"summary_large_image","twitter_misc":{"Written by":"We Love Cycling","Est. reading time":"6"},"schema":{"@context":"https:\/\/schema.org","@graph":[{"@type":"WebPage","@id":"https:\/\/www.welovecycling.com\/cs\/2023\/11\/13\/zdenek-stybar-o-budoucnosti-zavodnik-att-investments-nebo-sportovni-reditel-ve-world-tour\/","url":"https:\/\/www.welovecycling.com\/cs\/2023\/11\/13\/zdenek-stybar-o-budoucnosti-zavodnik-att-investments-nebo-sportovni-reditel-ve-world-tour\/","name":"Zden\u011bk \u0160tybar o budoucnosti: Z\u00e1vodn\u00edk ATT Investments, nebo sportovn\u00ed \u0159editel ve World Tour | \u0160koda We Love Cycling - \u010cesk\u00e1 republika","isPartOf":{"@id":"https:\/\/www.welovecycling.com\/cs\/#website"},"primaryImageOfPage":{"@id":"https:\/\/www.welovecycling.com\/cs\/2023\/11\/13\/zdenek-stybar-o-budoucnosti-zavodnik-att-investments-nebo-sportovni-reditel-ve-world-tour\/#primaryimage"},"image":{"@id":"https:\/\/www.welovecycling.com\/cs\/2023\/11\/13\/zdenek-stybar-o-budoucnosti-zavodnik-att-investments-nebo-sportovni-reditel-ve-world-tour\/#primaryimage"},"thumbnailUrl":"https:\/\/d2p6e6u75xmxt8.cloudfront.net\/13\/2022\/10\/stybar-BrychtaJan_ME_Mnichov_20220813_121701_DSC_8898.webp","datePublished":"2023-11-13T04:00:49+00:00","dateModified":"2023-11-13T08:45:26+00:00","author":{"@id":"https:\/\/www.welovecycling.com\/cs\/#\/schema\/person\/d9eeb0a378f3a7e4a6d12d2b536b04b8"},"description":"V\u0161echno je jinak?! Zden\u011bk \u0160tybar, elitn\u00ed \u010desk\u00fd cyklista, mo\u017en\u00e1 je\u0161t\u011b ne\u0159ekl definitivn\u00ed sbohem z\u00e1vodn\u00edmu pelotonu. P\u0159esto\u017ee se v\u00edt\u011bz etapy na Tour de France 2015 nedomluvil na smlouv\u011b ve World Tour, jednu nab\u00eddku na pokra\u010dov\u00e1n\u00ed kari\u00e9ry z\u00e1vodn\u00edka v\u00a0profesion\u00e1ln\u00edm pelotonu dostal. \u201eJe\u0161t\u011b nejsem definitivn\u011b rozhodnut\u00fd. Nejsem p\u0159ipraven\u00fd skon\u010dit,\u201c p\u0159izn\u00e1v\u00e1 v\u00a0rozhovoru pro WeLoveCycling.","inLanguage":"cs","potentialAction":[{"@type":"ReadAction","target":["https:\/\/www.welovecycling.com\/cs\/2023\/11\/13\/zdenek-stybar-o-budoucnosti-zavodnik-att-investments-nebo-sportovni-reditel-ve-world-tour\/"]}]},{"@type":"ImageObject","inLanguage":"cs","@id":"https:\/\/www.welovecycling.com\/cs\/2023\/11\/13\/zdenek-stybar-o-budoucnosti-zavodnik-att-investments-nebo-sportovni-reditel-ve-world-tour\/#primaryimage","url":"https:\/\/d2p6e6u75xmxt8.cloudfront.net\/13\/2022\/10\/stybar-BrychtaJan_ME_Mnichov_20220813_121701_DSC_8898.webp","contentUrl":"https:\/\/d2p6e6u75xmxt8.cloudfront.net\/13\/2022\/10\/stybar-BrychtaJan_ME_Mnichov_20220813_121701_DSC_8898.webp","width":2000,"height":1331},{"@type":"WebSite","@id":"https:\/\/www.welovecycling.com\/cs\/#website","url":"https:\/\/www.welovecycling.com\/cs\/","name":"\u0160koda We Love Cycling - \u010cesk\u00e1 republika","description":"WeLoveCycling.cz je online magaz\u00edn, kter\u00fd v\u00e1m pravideln\u011b p\u0159in\u00e1\u0161\u00ed rady a tipy, zaj\u00edmav\u00e9 \u010dl\u00e1nky, videa a jedine\u010dn\u00e9 report\u00e1\u017ee ze sv\u011bta cyklistiky.","potentialAction":[{"@type":"SearchAction","target":{"@type":"EntryPoint","urlTemplate":"https:\/\/www.welovecycling.com\/cs\/?s={search_term_string}"},"query-input":{"@type":"PropertyValueSpecification","valueRequired":true,"valueName":"search_term_string"}}],"inLanguage":"cs"},{"@type":"Person","@id":"https:\/\/www.welovecycling.com\/cs\/#\/schema\/person\/d9eeb0a378f3a7e4a6d12d2b536b04b8","name":"radekmalina","image":{"@type":"ImageObject","inLanguage":"cs","@id":"https:\/\/www.welovecycling.com\/cs\/#\/schema\/person\/image\/","url":"https:\/\/secure.gravatar.com\/avatar\/66994b632cb8c39a46b9f54afa3ae07201b678d32a54275b6f1c9ffec356bfc0?s=96&d=mm&r=g","contentUrl":"https:\/\/secure.gravatar.com\/avatar\/66994b632cb8c39a46b9f54afa3ae07201b678d32a54275b6f1c9ffec356bfc0?s=96&d=mm&r=g","caption":"radekmalina"},"url":"https:\/\/www.welovecycling.com\/cs\/author\/radekmalina\/"}]}},"_links":{"self":[{"href":"https:\/\/www.welovecycling.com\/cs\/wp-json\/wp\/v2\/posts\/24112","targetHints":{"allow":["GET"]}}],"collection":[{"href":"https:\/\/www.welovecycling.com\/cs\/wp-json\/wp\/v2\/posts"}],"about":[{"href":"https:\/\/www.welovecycling.com\/cs\/wp-json\/wp\/v2\/types\/post"}],"author":[{"embeddable":true,"href":"https:\/\/www.welovecycling.com\/cs\/wp-json\/wp\/v2\/users\/138"}],"replies":[{"embeddable":true,"href":"https:\/\/www.welovecycling.com\/cs\/wp-json\/wp\/v2\/comments?post=24112"}],"version-history":[{"count":3,"href":"https:\/\/www.welovecycling.com\/cs\/wp-json\/wp\/v2\/posts\/24112\/revisions"}],"predecessor-version":[{"id":24115,"href":"https:\/\/www.welovecycling.com\/cs\/wp-json\/wp\/v2\/posts\/24112\/revisions\/24115"}],"wp:featuredmedia":[{"embeddable":true,"href":"https:\/\/www.welovecycling.com\/cs\/wp-json\/wp\/v2\/media\/18926"}],"wp:attachment":[{"href":"https:\/\/www.welovecycling.com\/cs\/wp-json\/wp\/v2\/media?parent=24112"}],"wp:term":[{"taxonomy":"category","embeddable":true,"href":"https:\/\/www.welovecycling.com\/cs\/wp-json\/wp\/v2\/categories?post=24112"},{"taxonomy":"post_tag","embeddable":true,"href":"https:\/\/www.welovecycling.com\/cs\/wp-json\/wp\/v2\/tags?post=24112"},{"taxonomy":"global-categories","embeddable":true,"href":"https:\/\/www.welovecycling.com\/cs\/wp-json\/wp\/v2\/global-categories?post=24112"}],"curies":[{"name":"wp","href":"https:\/\/api.w.org\/{rel}","templated":true}]}}