{"id":24077,"date":"2023-11-07T18:20:13","date_gmt":"2023-11-07T16:20:13","guid":{"rendered":"https:\/\/www.welovecycling.com\/cs\/?p=24077"},"modified":"2023-11-07T18:20:13","modified_gmt":"2023-11-07T16:20:13","slug":"jake-chyby-delame-pri-dojizdeni-do-zamestnani","status":"publish","type":"post","link":"https:\/\/www.welovecycling.com\/cs\/2023\/11\/07\/jake-chyby-delame-pri-dojizdeni-do-zamestnani\/","title":{"rendered":"Jak\u00e9 chyby d\u011bl\u00e1me p\u0159i doj\u00ed\u017ed\u011bn\u00ed do zam\u011bstn\u00e1n\u00ed?"},"content":{"rendered":"<p><strong>Pravideln\u00e9 doj\u00ed\u017ed\u011bn\u00ed do zam\u011bstn\u00e1n\u00ed na kole m\u00e1 mnoho benefit\u016f. Prosp\u00edv\u00e1te fyzick\u00e9 kondici, rozhodn\u011b jde o skv\u011bl\u00fd impuls i pro psychick\u00e9 rozpolo\u017een\u00ed. Ov\u0161em jen za podm\u00ednky, \u017ee se vyvarujete n\u011bkolika z\u00e1sadn\u00edch p\u0159ehmat\u016f, kter\u00e9 mnoz\u00ed cyklist\u00e9 d\u011blaj\u00ed. Jak\u00e9 chyby cyklist\u00e9 d\u011blaj\u00ed p\u0159i doj\u00ed\u017ed\u011bn\u00ed do zam\u011bstn\u00e1n\u00ed?<\/strong><\/p>\n<h2><strong>J\u00edzda na kole v d\u017e\u00edn\u00e1ch<\/strong><\/h2>\n<p>Nevhodn\u011b zvolen\u00e9 kalhoty v\u00a0sedle kola mohou prom\u011bnit va\u0161e denn\u00ed doj\u00ed\u017ed\u011bn\u00ed do zam\u011bstn\u00e1n\u00ed v\u00a0nesnesiteln\u00e9 mu\u010den\u00ed. A dost mo\u017en\u00e1 povedou k\u00a0p\u0159estupu z\u00a0kola do autobusu nebo jin\u00e9ho dopravn\u00edho prost\u0159edku. Tr\u00e1vit v\u00a0d\u017e\u00edn\u00e1ch cel\u00fd den v\u00a0kancel\u00e1\u0159i je jedna v\u011bc, ale absolvovat v\u00a0nich j\u00edzdu na kole lze p\u0159i tro\u0161e dobr\u00e9 v\u016fle jednou. Ale opakovan\u011b? Nicm\u00e9n\u011b mus\u00edte se strachovat. Existuje spousta cyklistick\u00fdch kalhot, kter\u00e9 m\u016f\u017ee nosit na kole i mimo n\u011bj, pokud zrovna oble\u010den\u00ed z\u00a0lycry nekorespon<\/p>\n<h2><strong>J\u00edzda bez osv\u011btlen\u00ed<\/strong><\/h2>\n<p>Doj\u00ed\u017ed\u011bt do pr\u00e1ce bez pat\u0159i\u010dn\u00e9ho osv\u011btlen\u00ed je \u010dist\u00fd nerozum v\u00a0kteroukoliv ro\u010dn\u00ed dobu, zejm\u00e9na pak b\u011bhem zimn\u00edch m\u011bs\u00edc\u016f. V\u00a0kancel\u00e1\u0159i by nem\u011bla chyb\u011bt dob\u00edje\u010dka nebo n\u00e1hradn\u00ed baterie, aby se nestalo, \u017ee \u010d\u00e1st cesty pojedete neosv\u011btlen\u00ed. M\u011bjte na pam\u011bti, \u017ee jde o bezpe\u010dnost va\u0161i i dal\u0161\u00edch \u00fa\u010dastn\u00edk\u016f silni\u010dn\u00edho provozu.<\/p>\n<figure id=\"attachment_19633\" aria-describedby=\"caption-attachment-19633\" style=\"width: 1920px\" class=\"wp-caption alignnone\"><a href=\"https:\/\/d2p6e6u75xmxt8.cloudfront.net\/13\/2022\/11\/svetlo-garmin-michal-cerveny.webp\"><img loading=\"lazy\" decoding=\"async\" class=\"size-extra-large wp-image-19633\" src=\"https:\/\/d2p6e6u75xmxt8.cloudfront.net\/13\/2022\/11\/svetlo-garmin-michal-cerveny-1920x1281.webp\" alt=\"Jak b\u00fdt na kole vid\u011bt - sv\u011btlo\" width=\"1920\" height=\"1281\" srcset=\"https:\/\/d2p6e6u75xmxt8.cloudfront.net\/13\/2022\/11\/svetlo-garmin-michal-cerveny-1920x1281.webp 1920w, https:\/\/d2p6e6u75xmxt8.cloudfront.net\/13\/2022\/11\/svetlo-garmin-michal-cerveny-300x200.webp 300w, https:\/\/d2p6e6u75xmxt8.cloudfront.net\/13\/2022\/11\/svetlo-garmin-michal-cerveny-1024x683.webp 1024w, https:\/\/d2p6e6u75xmxt8.cloudfront.net\/13\/2022\/11\/svetlo-garmin-michal-cerveny-768x512.webp 768w, https:\/\/d2p6e6u75xmxt8.cloudfront.net\/13\/2022\/11\/svetlo-garmin-michal-cerveny-1536x1025.webp 1536w, https:\/\/d2p6e6u75xmxt8.cloudfront.net\/13\/2022\/11\/svetlo-garmin-michal-cerveny-272x182.webp 272w, https:\/\/d2p6e6u75xmxt8.cloudfront.net\/13\/2022\/11\/svetlo-garmin-michal-cerveny.webp 2000w, https:\/\/d2p6e6u75xmxt8.cloudfront.net\/13\/2022\/11\/svetlo-garmin-michal-cerveny-1920x1281.webp 1920w\" sizes=\"auto, (max-width: 1920px) 100vw, 1920px\" \/><\/a><figcaption id=\"caption-attachment-19633\" class=\"wp-caption-text\"><em>Spr\u00e1vn\u011b zvolen\u00e9 osv\u011btlen\u00ed by m\u011blo b\u00fdt sou\u010d\u00e1st\u00ed v\u00fdbavy ka\u017ed\u00e9ho cyklisty. Foto: Michal \u010cerven\u00fd<\/em><\/figcaption><\/figure>\n<h2><strong>\u0160patn\u011b zvolen\u00e1 trasa<\/strong><\/h2>\n<p>Nejkrat\u0161\u00ed a nejrychlej\u0161\u00ed cesta v\u00a0sedle od domova do kancel\u00e1\u0159e m\u016f\u017ee b\u00fdt \u010dasto peklem kv\u016fli velk\u00e9mu provozu, mno\u017estv\u00ed tramvaj\u00ed, k\u0159i\u017eovatek nebo absenci cyklostezek. Zkuste zvolit m\u00edsto nejru\u0161n\u011bj\u0161\u00edch silnic klidn\u011bj\u0161\u00ed cesty, mo\u017en\u00e1 i tro\u0161ku del\u0161\u00ed. Ud\u011bl\u00e1te skv\u011blou slu\u017ebu pro kondici a ur\u010dit\u011b se budete c\u00edtit bezpe\u010dn\u011bji. Objevov\u00e1n\u00ed nov\u00fdch tras m\u016f\u017ee b\u00fdt v\u00edtan\u00fdm zpest\u0159en\u00edm cestov\u00e1n\u00ed do pr\u00e1ce na kole.<\/p>\n<div class=\"shortcode-ys-post-pinup\"><article class=\"loop-simple post-24053 post type-post status-publish format-standard has-post-thumbnail hentry category-rady-tipy category-servis category-silnicni-cyklistika tag-brzdove-desticky tag-brzdove-kotouce tag-cyklistika tag-horska-cyklistika tag-jak-pecovat-o-brzdy-na-kole tag-pece-o-brzdy tag-silnicni-cyklistika tag-trenink tag-zdravi-a-trenink global-categories-cycling\" data-postid=\"24053\" role=\"article\" data-post-id=\"24053\" data-word-count=\"455\" data-headline-length=\"29\" data-category=\"Rady &amp; tipy\" data-global-category=\"Cycling\" data-author=\"We Love Cycling\" data-published=\"2023-11-02T17:00:00+02:00\" data-published-day=\"Thursday\">\n    <div class=\"entry-thumbnail article-thumbnail\" content=\"https:\/\/d2p6e6u75xmxt8.cloudfront.net\/13\/2023\/11\/brzdy-cerveny-150x150.webp\"><a href=\"https:\/\/www.welovecycling.com\/cs\/2023\/11\/02\/jak-pecovat-o-brzdy-na-kole\/\" class=\"image-holder\" target=\"_self\"><img decoding=\"async\" loading=\"lazy\" class=\"\" src=\"https:\/\/d2p6e6u75xmxt8.cloudfront.net\/13\/2023\/11\/brzdy-cerveny-1024x683.webp\" srcset=\"https:\/\/d2p6e6u75xmxt8.cloudfront.net\/13\/2023\/11\/brzdy-cerveny.webp 1600w, https:\/\/d2p6e6u75xmxt8.cloudfront.net\/13\/2023\/11\/brzdy-cerveny-300x200.webp 300w, https:\/\/d2p6e6u75xmxt8.cloudfront.net\/13\/2023\/11\/brzdy-cerveny-1024x683.webp 1024w, https:\/\/d2p6e6u75xmxt8.cloudfront.net\/13\/2023\/11\/brzdy-cerveny-768x512.webp 768w, https:\/\/d2p6e6u75xmxt8.cloudfront.net\/13\/2023\/11\/brzdy-cerveny-1536x1024.webp 1536w, https:\/\/d2p6e6u75xmxt8.cloudfront.net\/13\/2023\/11\/brzdy-cerveny-400x267.webp 400w, https:\/\/d2p6e6u75xmxt8.cloudfront.net\/13\/2023\/11\/brzdy-cerveny-272x182.webp 272w\" width=\"1024\" height=\"683\" sizes=\"auto, (min-width: 1200px) 300px, (min-width: 768px) 25vw, 100vw\" alt=\"jak-pecovat-o-brzdy-na-kole\"\/><\/a><\/div>    <div class=\"entry-meta\">\n        <a class=\"label label-secondary post-category\" href=\"https:\/\/www.welovecycling.com\/cs\/category\/rady-tipy\/\" title=\"Rady &amp; tipy\">Rady &amp; tipy<\/a>\n    <\/div>\n    <div class=\"entry-details\">\n        <a href=\"https:\/\/www.welovecycling.com\/cs\/2023\/11\/02\/jak-pecovat-o-brzdy-na-kole\/\" class='entry-title-wrapper'>\n            <h3 class=\"entry-title\"><span>Jak pe\u010dovat o brzdy na kole?<\/span><\/h3>\n        <\/a>\n    <\/div>\n    <\/article>\n<\/div>\n<h2><strong>Doj\u00ed\u017ed\u011bn\u00ed bez n\u00e1\u0159ad\u00ed<\/strong><\/h2>\n<p>P\u0159esto\u017ee v\u00e1m cesta zabere t\u0159eba jen t\u0159icet minut, nikdy nevyr\u00e1\u017eejte bez n\u00e1\u0159ad\u00ed. Rezervn\u00ed du\u0161e, montp\u00e1ky a pumpi\u010dka jsou samoz\u0159ejmost\u00ed. Od v\u011bci nen\u00ed ani multifunk\u010dn\u00ed kl\u00ed\u010d ulo\u017een\u00fd v bra\u0161ni\u010dce pod sedlem nebo v batohu na z\u00e1dech.<\/p>\n<h2><strong>J\u00edzda bez blatn\u00edk\u016f<\/strong><\/h2>\n<p>Ka\u017ed\u00fd nem\u016f\u017ee jezdit do kancel\u00e1\u0159e a n\u00e1sledn\u011b dom\u016f v \u010dase, kter\u00fd si ur\u010d\u00ed. V\u011bt\u0161inou prost\u011b jedete na konkr\u00e9tn\u00ed \u010das a po skon\u010den\u00ed pracovn\u00ed doby. Ob\u010das se tud\u00ed\u017e m\u016f\u017ee st\u00e1t, \u017ee pojedete v de\u0161ti nebo po de\u0161ti, kdy jsou silnice mokr\u00e9. Proto byste m\u011bli pou\u017e\u00edvat blatn\u00edky.<\/p>\n<figure id=\"attachment_19546\" aria-describedby=\"caption-attachment-19546\" style=\"width: 1920px\" class=\"wp-caption alignnone\"><a href=\"https:\/\/d2p6e6u75xmxt8.cloudfront.net\/13\/2022\/11\/blatnik-EPmMOXHXsAA1bMy.webp\"><img loading=\"lazy\" decoding=\"async\" class=\"size-extra-large wp-image-19546\" src=\"https:\/\/d2p6e6u75xmxt8.cloudfront.net\/13\/2022\/11\/blatnik-EPmMOXHXsAA1bMy-1920x1280.webp\" alt=\"Jak vybrat blatn\u00edky?\" width=\"1920\" height=\"1280\" srcset=\"https:\/\/d2p6e6u75xmxt8.cloudfront.net\/13\/2022\/11\/blatnik-EPmMOXHXsAA1bMy-1920x1280.webp 1920w, https:\/\/d2p6e6u75xmxt8.cloudfront.net\/13\/2022\/11\/blatnik-EPmMOXHXsAA1bMy-300x200.webp 300w, https:\/\/d2p6e6u75xmxt8.cloudfront.net\/13\/2022\/11\/blatnik-EPmMOXHXsAA1bMy-1024x683.webp 1024w, https:\/\/d2p6e6u75xmxt8.cloudfront.net\/13\/2022\/11\/blatnik-EPmMOXHXsAA1bMy-768x512.webp 768w, https:\/\/d2p6e6u75xmxt8.cloudfront.net\/13\/2022\/11\/blatnik-EPmMOXHXsAA1bMy-1536x1024.webp 1536w, https:\/\/d2p6e6u75xmxt8.cloudfront.net\/13\/2022\/11\/blatnik-EPmMOXHXsAA1bMy-272x182.webp 272w, https:\/\/d2p6e6u75xmxt8.cloudfront.net\/13\/2022\/11\/blatnik-EPmMOXHXsAA1bMy.webp 2048w, https:\/\/d2p6e6u75xmxt8.cloudfront.net\/13\/2022\/11\/blatnik-EPmMOXHXsAA1bMy-1920x1280.webp 1920w\" sizes=\"auto, (max-width: 1920px) 100vw, 1920px\" \/><\/a><figcaption id=\"caption-attachment-19546\" class=\"wp-caption-text\"><em>Alespo\u0148 miniaturn\u00ed blatn\u00edky pod sedlem by m\u011bly b\u011bhem zimn\u00ed \u010d\u00e1sti sezony b\u00fdt sou\u010d\u00e1st\u00ed v\u00fdbavy ka\u017ed\u00e9ho, kdo do zam\u011bstn\u00e1n\u00ed m\u00ed\u0159\u00ed na kole.\u00a0 Foto: profimedia<\/em><\/figcaption><\/figure>\n<h2><strong>Oble\u010den\u00ed v\u00a0batohu<\/strong><\/h2>\n<p>Mnoho cyklist\u016f jezd\u00ed do pr\u00e1ce a v\u00a0batohu m\u00e1 sbalen\u00e9 pracovn\u00ed oble\u010den\u00ed, spodn\u00ed pr\u00e1dlo, n\u00e1hradn\u00ed boty. Ov\u0161em pokud si n\u011bco zapomenete zabalit, m\u00e1te probl\u00e9m. P\u0159edstavte si den bez kalhot ve zpocen\u00fdch cyklistick\u00fdch kra\u0165asech\u2026 Proto byste m\u011bli m\u00edt v\u00a0kancel\u00e1\u0159i v\u017edy z\u00e1sobu rezervn\u00edho oble\u010den\u00ed.<\/p>\n<div class=\"shortcode-ys-post-pinup\"><article class=\"loop-simple post-24011 post type-post status-publish format-standard has-post-thumbnail hentry category-rady-tipy category-silnicni-cyklistika tag-cyklistika tag-hookless-rafky tag-jak-vybrat-plaste tag-silnicni-cyklistika tag-trenink tag-tubeless global-categories-cycling\" data-postid=\"24011\" role=\"article\" data-post-id=\"24011\" data-word-count=\"551\" data-headline-length=\"40\" data-category=\"Rady &amp; tipy\" data-global-category=\"Cycling\" data-author=\"Kry\u0161tof Kopic\" data-published=\"2023-10-30T10:37:11+02:00\" data-published-day=\"Monday\">\n    <div class=\"entry-thumbnail article-thumbnail\" content=\"https:\/\/d2p6e6u75xmxt8.cloudfront.net\/13\/2023\/10\/CEM_8856-1-150x150.webp\"><a href=\"https:\/\/www.welovecycling.com\/cs\/2023\/10\/30\/jak-vybrat-plaste-na-silnicni-kolo\/\" class=\"image-holder\" target=\"_self\"><img decoding=\"async\" loading=\"lazy\" class=\"\" src=\"https:\/\/d2p6e6u75xmxt8.cloudfront.net\/13\/2023\/10\/CEM_8856-1-1024x682.webp\" srcset=\"https:\/\/d2p6e6u75xmxt8.cloudfront.net\/13\/2023\/10\/CEM_8856-1.webp 2000w, https:\/\/d2p6e6u75xmxt8.cloudfront.net\/13\/2023\/10\/CEM_8856-1-300x200.webp 300w, https:\/\/d2p6e6u75xmxt8.cloudfront.net\/13\/2023\/10\/CEM_8856-1-1024x682.webp 1024w, https:\/\/d2p6e6u75xmxt8.cloudfront.net\/13\/2023\/10\/CEM_8856-1-768x512.webp 768w, https:\/\/d2p6e6u75xmxt8.cloudfront.net\/13\/2023\/10\/CEM_8856-1-1536x1024.webp 1536w, https:\/\/d2p6e6u75xmxt8.cloudfront.net\/13\/2023\/10\/CEM_8856-1-1920x1280.webp 1920w, https:\/\/d2p6e6u75xmxt8.cloudfront.net\/13\/2023\/10\/CEM_8856-1-400x267.webp 400w, https:\/\/d2p6e6u75xmxt8.cloudfront.net\/13\/2023\/10\/CEM_8856-1-272x182.webp 272w, https:\/\/d2p6e6u75xmxt8.cloudfront.net\/13\/2023\/10\/CEM_8856-1-1920x1280.webp 1920w\" width=\"1024\" height=\"682\" sizes=\"auto, (min-width: 1200px) 300px, (min-width: 768px) 25vw, 100vw\" alt=\"jak-vybrat-plaste-na-silnicni-kolo\"\/><\/a><\/div>    <div class=\"entry-meta\">\n        <a class=\"label label-secondary post-category\" href=\"https:\/\/www.welovecycling.com\/cs\/category\/rady-tipy\/\" title=\"Rady &amp; tipy\">Rady &amp; tipy<\/a>\n    <\/div>\n    <div class=\"entry-details\">\n        <a href=\"https:\/\/www.welovecycling.com\/cs\/2023\/10\/30\/jak-vybrat-plaste-na-silnicni-kolo\/\" class='entry-title-wrapper'>\n            <h3 class=\"entry-title\"><span>Jak vybrat pl\u00e1\u0161t\u011b na silni\u010dn\u00ed kolo?<\/span><\/h3>\n        <\/a>\n    <\/div>\n    <\/article>\n<\/div>\n<h2><strong>J\u00edzda bez z\u00e1mku<\/strong><\/h2>\n<p>Pokud kolo neukl\u00e1d\u00e1te zrovna do kancel\u00e1\u0159e vedle pracovn\u00edho stolu, m\u011bli byste <a href=\"https:\/\/www.welovecycling.com\/cs\/2020\/07\/17\/jak-vybrat-zamek-ke-kolu-tri-kroky-aby-nezustaly-oci-pro-plac\/\">pat\u0159i\u010dn\u011b investovat do z\u00e1mku<\/a>. Jeho kvalita by m\u011bla odpov\u00eddat hodnot\u011b kola. Nen\u00ed zrovna proz\u00edrav\u00e9 \u0161et\u0159it pr\u00e1v\u011b na z\u00e1mku. Pamatujte, \u017ee a\u0165 bude cena z\u00e1mku jak\u00e1koliv, ur\u010dit\u011b bude ni\u017e\u0161\u00ed ne\u017e cena kola, jeho\u017e odcizen\u00ed riskujete.<\/p>\n<figure id=\"attachment_8884\" aria-describedby=\"caption-attachment-8884\" style=\"width: 1800px\" class=\"wp-caption alignnone\"><a href=\"https:\/\/d2p6e6u75xmxt8.cloudfront.net\/13\/2020\/07\/z\u00e1mek-profimedia-0368343460.webp\"><img loading=\"lazy\" decoding=\"async\" class=\"size-full wp-image-8884\" src=\"https:\/\/d2p6e6u75xmxt8.cloudfront.net\/13\/2020\/07\/z\u00e1mek-profimedia-0368343460.webp\" alt=\"\" width=\"1800\" height=\"1253\" srcset=\"https:\/\/d2p6e6u75xmxt8.cloudfront.net\/13\/2020\/07\/z\u00e1mek-profimedia-0368343460.webp 1800w, https:\/\/d2p6e6u75xmxt8.cloudfront.net\/13\/2020\/07\/z\u00e1mek-profimedia-0368343460-300x209.webp 300w, https:\/\/d2p6e6u75xmxt8.cloudfront.net\/13\/2020\/07\/z\u00e1mek-profimedia-0368343460-1024x713.webp 1024w, https:\/\/d2p6e6u75xmxt8.cloudfront.net\/13\/2020\/07\/z\u00e1mek-profimedia-0368343460-768x535.webp 768w, https:\/\/d2p6e6u75xmxt8.cloudfront.net\/13\/2020\/07\/z\u00e1mek-profimedia-0368343460-1536x1069.webp 1536w\" sizes=\"auto, (max-width: 1800px) 100vw, 1800px\" \/><\/a><figcaption id=\"caption-attachment-8884\" class=\"wp-caption-text\"><em>Z\u00e1mek na kolo by m\u011bl b\u00fdt sou\u010d\u00e1st\u00ed v\u00fdbavy ka\u017ed\u00e9ho cyklisty, kter\u00fd do zam\u011bstn\u00e1n\u00ed m\u00ed\u0159\u00ed v sedle kola. Foto: profimedia<\/em><\/figcaption><\/figure>\n<h2><strong>J\u00edzda bl\u00edzko krajnice<\/strong><\/h2>\n<p>Kryty kanalizace, z\u00e1platy, n\u00e1jezdy na chodn\u00edky\u2026. J\u00edzda na silnici v hlavn\u00edch \u010dasech, kdy do pr\u00e1ce m\u00ed\u0159\u00ed mnoho dal\u0161\u00edch lid\u00ed, sk\u00fdt\u00e1 i ur\u010dit\u00e1 rizika. Stejn\u011b tak m\u00edjen\u00ed pod\u00e9ln\u011b zaparkovan\u00fdch aut, proto\u017ee ob\u010das se otev\u0159ou dve\u0159e, kdy\u017e nepozorn\u00fd \u0159idi\u010d prost\u011b nekontroluje zp\u011btn\u00e1 zrc\u00e1tka. Sna\u017ete se p\u0159edv\u00eddat. A po\u010d\u00edtejte, \u017ee pravidlo 1,5 metru je sice uz\u00e1kon\u011bn\u00e9, ale jde sp\u00ed\u0161e o vz\u00e1jemnou toleranci.<\/p>\n<h2><strong>Neohl\u00e1\u0161en\u00e9 z\u00e1vody<\/strong><\/h2>\n<p>Sout\u011b\u017een\u00ed s ciz\u00edmi lidmi na trase do zam\u011bstn\u00e1n\u00ed jen z\u0159\u00eddka p\u0159in\u00e1\u0161\u00ed radost. Velmi pravd\u011bpodobn\u011b se do\u010dk\u00e1te sp\u00ed\u0161e pohrd\u00e1n\u00ed. A pokud n\u011bkdo za\u010dne z\u00e1vodit s v\u00e1mi? Vezm\u011bte rozum do hrsti a rad\u011bji na p\u00e1r \u0161l\u00e1pnut\u00ed zvoln\u011bte. P\u0159i ka\u017ed\u00e9m &#8222;z\u00e1vod\u011bn\u00ed&#8220; nav\u00edc t\u00e9m\u011b\u0159 jist\u011b vyto\u010d\u00edte &#8222;motor&#8220; do \u010derven\u00fdch \u010d\u00edsel, co\u017e p\u0159i cest\u011b do pr\u00e1ce ned\u00e1v\u00e1 smysl.<\/p>\n","protected":false},"excerpt":{"rendered":"<p>Pravideln\u00e9 doj\u00ed\u017ed\u011bn\u00ed do zam\u011bstn\u00e1n\u00ed na kole m\u00e1 mnoho benefit\u016f. Prosp\u00edv\u00e1te fyzick\u00e9 kondici, rozhodn\u011b jde o skv\u011bl\u00fd impuls i pro psychick\u00e9 [&hellip;]<\/p>\n","protected":false},"author":138,"featured_media":24079,"comment_status":"open","ping_status":"open","sticky":false,"template":"","format":"standard","meta":{"footnotes":""},"categories":[15],"tags":[3299,126,3301,3300,56,9,67],"global-categories":[411],"class_list":["post-24077","post","type-post","status-publish","format-standard","has-post-thumbnail","hentry","category-rady-tipy","tag-chyby-pri-dojizdeni-do-prace","tag-cyklistika","tag-do-prace-na-kole","tag-dojizdeni-do-prace","tag-horska-cyklistika","tag-silnicni-cyklistika","tag-zdravi-a-trenink","global-categories-cycling"],"yoast_head":"<!-- This site is optimized with the Yoast SEO Premium plugin v25.3 (Yoast SEO v25.9) - https:\/\/yoast.com\/wordpress\/plugins\/seo\/ -->\n<title>Jak\u00e9 chyby d\u011bl\u00e1me p\u0159i doj\u00ed\u017ed\u011bn\u00ed do zam\u011bstn\u00e1n\u00ed? | \u0160koda We Love Cycling - \u010cesk\u00e1 republika<\/title>\n<meta name=\"description\" content=\"Pravideln\u00e9 doj\u00ed\u017ed\u011bn\u00ed do zam\u011bstn\u00e1n\u00ed na kole m\u00e1 mnoho benefit\u016f. Prosp\u00edv\u00e1te fyzick\u00e9 kondici, rozhodn\u011b jde o skv\u011bl\u00fd impuls i pro psychick\u00e9 rozpolo\u017een\u00ed. Ov\u0161em jen za podm\u00ednky, \u017ee se vyvarujete n\u011bkolika z\u00e1sadn\u00edch p\u0159ehmat\u016f, kter\u00e9 mnoz\u00ed cyklist\u00e9 d\u011blaj\u00ed. Jak\u00e9 chyby cyklist\u00e9 d\u011blaj\u00ed p\u0159i doj\u00ed\u017ed\u011bn\u00ed do zam\u011bstn\u00e1n\u00ed?\" \/>\n<meta name=\"robots\" content=\"index, follow, max-snippet:-1, max-image-preview:large, max-video-preview:-1\" \/>\n<link rel=\"canonical\" href=\"https:\/\/www.welovecycling.com\/cs\/2023\/11\/07\/jake-chyby-delame-pri-dojizdeni-do-zamestnani\/\" \/>\n<meta property=\"og:locale\" content=\"cs_CZ\" \/>\n<meta property=\"og:type\" content=\"article\" \/>\n<meta property=\"og:title\" content=\"Jak\u00e9 chyby d\u011bl\u00e1me p\u0159i doj\u00ed\u017ed\u011bn\u00ed do zam\u011bstn\u00e1n\u00ed?\" \/>\n<meta property=\"og:description\" content=\"Pravideln\u00e9 doj\u00ed\u017ed\u011bn\u00ed do zam\u011bstn\u00e1n\u00ed na kole m\u00e1 mnoho benefit\u016f. Prosp\u00edv\u00e1te fyzick\u00e9 kondici, rozhodn\u011b jde o skv\u011bl\u00fd impuls i pro psychick\u00e9 rozpolo\u017een\u00ed. Ov\u0161em jen za podm\u00ednky, \u017ee se vyvarujete n\u011bkolika z\u00e1sadn\u00edch p\u0159ehmat\u016f, kter\u00e9 mnoz\u00ed cyklist\u00e9 d\u011blaj\u00ed. Jak\u00e9 chyby cyklist\u00e9 d\u011blaj\u00ed p\u0159i doj\u00ed\u017ed\u011bn\u00ed do zam\u011bstn\u00e1n\u00ed?\" \/>\n<meta property=\"og:url\" content=\"https:\/\/www.welovecycling.com\/cs\/2023\/11\/07\/jake-chyby-delame-pri-dojizdeni-do-zamestnani\/\" \/>\n<meta property=\"og:site_name\" content=\"\u0160koda We Love Cycling - \u010cesk\u00e1 republika\" \/>\n<meta property=\"article:published_time\" content=\"2023-11-07T16:20:13+00:00\" \/>\n<meta property=\"og:image\" content=\"https:\/\/d2p6e6u75xmxt8.cloudfront.net\/13\/2023\/11\/profimedia-0310701119.webp\" \/>\n\t<meta property=\"og:image:width\" content=\"1800\" \/>\n\t<meta property=\"og:image:height\" content=\"1199\" \/>\n\t<meta property=\"og:image:type\" content=\"image\/webp\" \/>\n<meta name=\"author\" content=\"radekmalina\" \/>\n<meta name=\"twitter:card\" content=\"summary_large_image\" \/>\n<meta name=\"twitter:label1\" content=\"Written by\" \/>\n\t<meta name=\"twitter:data1\" content=\"Kry\u0161tof Kopic\" \/>\n\t<meta name=\"twitter:label2\" content=\"Est. reading time\" \/>\n\t<meta name=\"twitter:data2\" content=\"6\" \/>\n<script type=\"application\/ld+json\" class=\"yoast-schema-graph\">{\"@context\":\"https:\/\/schema.org\",\"@graph\":[{\"@type\":\"WebPage\",\"@id\":\"https:\/\/www.welovecycling.com\/cs\/2023\/11\/07\/jake-chyby-delame-pri-dojizdeni-do-zamestnani\/\",\"url\":\"https:\/\/www.welovecycling.com\/cs\/2023\/11\/07\/jake-chyby-delame-pri-dojizdeni-do-zamestnani\/\",\"name\":\"Jak\u00e9 chyby d\u011bl\u00e1me p\u0159i doj\u00ed\u017ed\u011bn\u00ed do zam\u011bstn\u00e1n\u00ed? | \u0160koda We Love Cycling - \u010cesk\u00e1 republika\",\"isPartOf\":{\"@id\":\"https:\/\/www.welovecycling.com\/cs\/#website\"},\"primaryImageOfPage\":{\"@id\":\"https:\/\/www.welovecycling.com\/cs\/2023\/11\/07\/jake-chyby-delame-pri-dojizdeni-do-zamestnani\/#primaryimage\"},\"image\":{\"@id\":\"https:\/\/www.welovecycling.com\/cs\/2023\/11\/07\/jake-chyby-delame-pri-dojizdeni-do-zamestnani\/#primaryimage\"},\"thumbnailUrl\":\"https:\/\/d2p6e6u75xmxt8.cloudfront.net\/13\/2023\/11\/profimedia-0310701119.webp\",\"datePublished\":\"2023-11-07T16:20:13+00:00\",\"author\":{\"@id\":\"https:\/\/www.welovecycling.com\/cs\/#\/schema\/person\/d9eeb0a378f3a7e4a6d12d2b536b04b8\"},\"description\":\"Pravideln\u00e9 doj\u00ed\u017ed\u011bn\u00ed do zam\u011bstn\u00e1n\u00ed na kole m\u00e1 mnoho benefit\u016f. Prosp\u00edv\u00e1te fyzick\u00e9 kondici, rozhodn\u011b jde o skv\u011bl\u00fd impuls i pro psychick\u00e9 rozpolo\u017een\u00ed. Ov\u0161em jen za podm\u00ednky, \u017ee se vyvarujete n\u011bkolika z\u00e1sadn\u00edch p\u0159ehmat\u016f, kter\u00e9 mnoz\u00ed cyklist\u00e9 d\u011blaj\u00ed. Jak\u00e9 chyby cyklist\u00e9 d\u011blaj\u00ed p\u0159i doj\u00ed\u017ed\u011bn\u00ed do zam\u011bstn\u00e1n\u00ed?\",\"inLanguage\":\"cs\",\"potentialAction\":[{\"@type\":\"ReadAction\",\"target\":[\"https:\/\/www.welovecycling.com\/cs\/2023\/11\/07\/jake-chyby-delame-pri-dojizdeni-do-zamestnani\/\"]}]},{\"@type\":\"ImageObject\",\"inLanguage\":\"cs\",\"@id\":\"https:\/\/www.welovecycling.com\/cs\/2023\/11\/07\/jake-chyby-delame-pri-dojizdeni-do-zamestnani\/#primaryimage\",\"url\":\"https:\/\/d2p6e6u75xmxt8.cloudfront.net\/13\/2023\/11\/profimedia-0310701119.webp\",\"contentUrl\":\"https:\/\/d2p6e6u75xmxt8.cloudfront.net\/13\/2023\/11\/profimedia-0310701119.webp\",\"width\":1800,\"height\":1199},{\"@type\":\"WebSite\",\"@id\":\"https:\/\/www.welovecycling.com\/cs\/#website\",\"url\":\"https:\/\/www.welovecycling.com\/cs\/\",\"name\":\"\u0160koda We Love Cycling - \u010cesk\u00e1 republika\",\"description\":\"WeLoveCycling.cz je online magaz\u00edn, kter\u00fd v\u00e1m pravideln\u011b p\u0159in\u00e1\u0161\u00ed rady a tipy, zaj\u00edmav\u00e9 \u010dl\u00e1nky, videa a jedine\u010dn\u00e9 report\u00e1\u017ee ze sv\u011bta cyklistiky.\",\"potentialAction\":[{\"@type\":\"SearchAction\",\"target\":{\"@type\":\"EntryPoint\",\"urlTemplate\":\"https:\/\/www.welovecycling.com\/cs\/?s={search_term_string}\"},\"query-input\":{\"@type\":\"PropertyValueSpecification\",\"valueRequired\":true,\"valueName\":\"search_term_string\"}}],\"inLanguage\":\"cs\"},{\"@type\":\"Person\",\"@id\":\"https:\/\/www.welovecycling.com\/cs\/#\/schema\/person\/d9eeb0a378f3a7e4a6d12d2b536b04b8\",\"name\":\"radekmalina\",\"image\":{\"@type\":\"ImageObject\",\"inLanguage\":\"cs\",\"@id\":\"https:\/\/www.welovecycling.com\/cs\/#\/schema\/person\/image\/\",\"url\":\"https:\/\/secure.gravatar.com\/avatar\/66994b632cb8c39a46b9f54afa3ae07201b678d32a54275b6f1c9ffec356bfc0?s=96&d=mm&r=g\",\"contentUrl\":\"https:\/\/secure.gravatar.com\/avatar\/66994b632cb8c39a46b9f54afa3ae07201b678d32a54275b6f1c9ffec356bfc0?s=96&d=mm&r=g\",\"caption\":\"radekmalina\"},\"url\":\"https:\/\/www.welovecycling.com\/cs\/author\/radekmalina\/\"}]}<\/script>\n<!-- \/ Yoast SEO Premium plugin. -->","yoast_head_json":{"title":"Jak\u00e9 chyby d\u011bl\u00e1me p\u0159i doj\u00ed\u017ed\u011bn\u00ed do zam\u011bstn\u00e1n\u00ed? | \u0160koda We Love Cycling - \u010cesk\u00e1 republika","description":"Pravideln\u00e9 doj\u00ed\u017ed\u011bn\u00ed do zam\u011bstn\u00e1n\u00ed na kole m\u00e1 mnoho benefit\u016f. Prosp\u00edv\u00e1te fyzick\u00e9 kondici, rozhodn\u011b jde o skv\u011bl\u00fd impuls i pro psychick\u00e9 rozpolo\u017een\u00ed. Ov\u0161em jen za podm\u00ednky, \u017ee se vyvarujete n\u011bkolika z\u00e1sadn\u00edch p\u0159ehmat\u016f, kter\u00e9 mnoz\u00ed cyklist\u00e9 d\u011blaj\u00ed. Jak\u00e9 chyby cyklist\u00e9 d\u011blaj\u00ed p\u0159i doj\u00ed\u017ed\u011bn\u00ed do zam\u011bstn\u00e1n\u00ed?","robots":{"index":"index","follow":"follow","max-snippet":"max-snippet:-1","max-image-preview":"max-image-preview:large","max-video-preview":"max-video-preview:-1"},"canonical":"https:\/\/www.welovecycling.com\/cs\/2023\/11\/07\/jake-chyby-delame-pri-dojizdeni-do-zamestnani\/","og_locale":"cs_CZ","og_type":"article","og_title":"Jak\u00e9 chyby d\u011bl\u00e1me p\u0159i doj\u00ed\u017ed\u011bn\u00ed do zam\u011bstn\u00e1n\u00ed?","og_description":"Pravideln\u00e9 doj\u00ed\u017ed\u011bn\u00ed do zam\u011bstn\u00e1n\u00ed na kole m\u00e1 mnoho benefit\u016f. Prosp\u00edv\u00e1te fyzick\u00e9 kondici, rozhodn\u011b jde o skv\u011bl\u00fd impuls i pro psychick\u00e9 rozpolo\u017een\u00ed. Ov\u0161em jen za podm\u00ednky, \u017ee se vyvarujete n\u011bkolika z\u00e1sadn\u00edch p\u0159ehmat\u016f, kter\u00e9 mnoz\u00ed cyklist\u00e9 d\u011blaj\u00ed. Jak\u00e9 chyby cyklist\u00e9 d\u011blaj\u00ed p\u0159i doj\u00ed\u017ed\u011bn\u00ed do zam\u011bstn\u00e1n\u00ed?","og_url":"https:\/\/www.welovecycling.com\/cs\/2023\/11\/07\/jake-chyby-delame-pri-dojizdeni-do-zamestnani\/","og_site_name":"\u0160koda We Love Cycling - \u010cesk\u00e1 republika","article_published_time":"2023-11-07T16:20:13+00:00","og_image":[{"width":1800,"height":1199,"url":"https:\/\/d2p6e6u75xmxt8.cloudfront.net\/13\/2023\/11\/profimedia-0310701119.webp","type":"image\/webp"}],"author":"radekmalina","twitter_card":"summary_large_image","twitter_misc":{"Written by":"Kry\u0161tof Kopic","Est. reading time":"6"},"schema":{"@context":"https:\/\/schema.org","@graph":[{"@type":"WebPage","@id":"https:\/\/www.welovecycling.com\/cs\/2023\/11\/07\/jake-chyby-delame-pri-dojizdeni-do-zamestnani\/","url":"https:\/\/www.welovecycling.com\/cs\/2023\/11\/07\/jake-chyby-delame-pri-dojizdeni-do-zamestnani\/","name":"Jak\u00e9 chyby d\u011bl\u00e1me p\u0159i doj\u00ed\u017ed\u011bn\u00ed do zam\u011bstn\u00e1n\u00ed? | \u0160koda We Love Cycling - \u010cesk\u00e1 republika","isPartOf":{"@id":"https:\/\/www.welovecycling.com\/cs\/#website"},"primaryImageOfPage":{"@id":"https:\/\/www.welovecycling.com\/cs\/2023\/11\/07\/jake-chyby-delame-pri-dojizdeni-do-zamestnani\/#primaryimage"},"image":{"@id":"https:\/\/www.welovecycling.com\/cs\/2023\/11\/07\/jake-chyby-delame-pri-dojizdeni-do-zamestnani\/#primaryimage"},"thumbnailUrl":"https:\/\/d2p6e6u75xmxt8.cloudfront.net\/13\/2023\/11\/profimedia-0310701119.webp","datePublished":"2023-11-07T16:20:13+00:00","author":{"@id":"https:\/\/www.welovecycling.com\/cs\/#\/schema\/person\/d9eeb0a378f3a7e4a6d12d2b536b04b8"},"description":"Pravideln\u00e9 doj\u00ed\u017ed\u011bn\u00ed do zam\u011bstn\u00e1n\u00ed na kole m\u00e1 mnoho benefit\u016f. Prosp\u00edv\u00e1te fyzick\u00e9 kondici, rozhodn\u011b jde o skv\u011bl\u00fd impuls i pro psychick\u00e9 rozpolo\u017een\u00ed. Ov\u0161em jen za podm\u00ednky, \u017ee se vyvarujete n\u011bkolika z\u00e1sadn\u00edch p\u0159ehmat\u016f, kter\u00e9 mnoz\u00ed cyklist\u00e9 d\u011blaj\u00ed. Jak\u00e9 chyby cyklist\u00e9 d\u011blaj\u00ed p\u0159i doj\u00ed\u017ed\u011bn\u00ed do zam\u011bstn\u00e1n\u00ed?","inLanguage":"cs","potentialAction":[{"@type":"ReadAction","target":["https:\/\/www.welovecycling.com\/cs\/2023\/11\/07\/jake-chyby-delame-pri-dojizdeni-do-zamestnani\/"]}]},{"@type":"ImageObject","inLanguage":"cs","@id":"https:\/\/www.welovecycling.com\/cs\/2023\/11\/07\/jake-chyby-delame-pri-dojizdeni-do-zamestnani\/#primaryimage","url":"https:\/\/d2p6e6u75xmxt8.cloudfront.net\/13\/2023\/11\/profimedia-0310701119.webp","contentUrl":"https:\/\/d2p6e6u75xmxt8.cloudfront.net\/13\/2023\/11\/profimedia-0310701119.webp","width":1800,"height":1199},{"@type":"WebSite","@id":"https:\/\/www.welovecycling.com\/cs\/#website","url":"https:\/\/www.welovecycling.com\/cs\/","name":"\u0160koda We Love Cycling - \u010cesk\u00e1 republika","description":"WeLoveCycling.cz je online magaz\u00edn, kter\u00fd v\u00e1m pravideln\u011b p\u0159in\u00e1\u0161\u00ed rady a tipy, zaj\u00edmav\u00e9 \u010dl\u00e1nky, videa a jedine\u010dn\u00e9 report\u00e1\u017ee ze sv\u011bta cyklistiky.","potentialAction":[{"@type":"SearchAction","target":{"@type":"EntryPoint","urlTemplate":"https:\/\/www.welovecycling.com\/cs\/?s={search_term_string}"},"query-input":{"@type":"PropertyValueSpecification","valueRequired":true,"valueName":"search_term_string"}}],"inLanguage":"cs"},{"@type":"Person","@id":"https:\/\/www.welovecycling.com\/cs\/#\/schema\/person\/d9eeb0a378f3a7e4a6d12d2b536b04b8","name":"radekmalina","image":{"@type":"ImageObject","inLanguage":"cs","@id":"https:\/\/www.welovecycling.com\/cs\/#\/schema\/person\/image\/","url":"https:\/\/secure.gravatar.com\/avatar\/66994b632cb8c39a46b9f54afa3ae07201b678d32a54275b6f1c9ffec356bfc0?s=96&d=mm&r=g","contentUrl":"https:\/\/secure.gravatar.com\/avatar\/66994b632cb8c39a46b9f54afa3ae07201b678d32a54275b6f1c9ffec356bfc0?s=96&d=mm&r=g","caption":"radekmalina"},"url":"https:\/\/www.welovecycling.com\/cs\/author\/radekmalina\/"}]}},"_links":{"self":[{"href":"https:\/\/www.welovecycling.com\/cs\/wp-json\/wp\/v2\/posts\/24077","targetHints":{"allow":["GET"]}}],"collection":[{"href":"https:\/\/www.welovecycling.com\/cs\/wp-json\/wp\/v2\/posts"}],"about":[{"href":"https:\/\/www.welovecycling.com\/cs\/wp-json\/wp\/v2\/types\/post"}],"author":[{"embeddable":true,"href":"https:\/\/www.welovecycling.com\/cs\/wp-json\/wp\/v2\/users\/138"}],"replies":[{"embeddable":true,"href":"https:\/\/www.welovecycling.com\/cs\/wp-json\/wp\/v2\/comments?post=24077"}],"version-history":[{"count":2,"href":"https:\/\/www.welovecycling.com\/cs\/wp-json\/wp\/v2\/posts\/24077\/revisions"}],"predecessor-version":[{"id":24080,"href":"https:\/\/www.welovecycling.com\/cs\/wp-json\/wp\/v2\/posts\/24077\/revisions\/24080"}],"wp:featuredmedia":[{"embeddable":true,"href":"https:\/\/www.welovecycling.com\/cs\/wp-json\/wp\/v2\/media\/24079"}],"wp:attachment":[{"href":"https:\/\/www.welovecycling.com\/cs\/wp-json\/wp\/v2\/media?parent=24077"}],"wp:term":[{"taxonomy":"category","embeddable":true,"href":"https:\/\/www.welovecycling.com\/cs\/wp-json\/wp\/v2\/categories?post=24077"},{"taxonomy":"post_tag","embeddable":true,"href":"https:\/\/www.welovecycling.com\/cs\/wp-json\/wp\/v2\/tags?post=24077"},{"taxonomy":"global-categories","embeddable":true,"href":"https:\/\/www.welovecycling.com\/cs\/wp-json\/wp\/v2\/global-categories?post=24077"}],"curies":[{"name":"wp","href":"https:\/\/api.w.org\/{rel}","templated":true}]}}