{"id":24053,"date":"2023-11-02T17:00:00","date_gmt":"2023-11-02T15:00:00","guid":{"rendered":"https:\/\/www.welovecycling.com\/cs\/?p=24053"},"modified":"2024-03-04T10:45:31","modified_gmt":"2024-03-04T08:45:31","slug":"jak-pecovat-o-brzdy-na-kole","status":"publish","type":"post","link":"https:\/\/www.welovecycling.com\/cs\/2023\/11\/02\/jak-pecovat-o-brzdy-na-kole\/","title":{"rendered":"Jak pe\u010dovat o brzdy na kole?"},"content":{"rendered":"<p><strong>Brzdy jsou kl\u00ed\u010dovou sou\u010d\u00e1st\u00ed ka\u017ed\u00e9ho kola. Pokud mechanismus funguje s probl\u00e9my nebo v\u016fbec, koledujeme si o karambol. Proto je z\u00e1sadn\u00ed udr\u017eovat brzdy v dokonal\u00e9m stavu. Jak tedy pe\u010dovat o brzdy na kole?<\/strong><\/p>\n<p>Kontrolu brzd by m\u011bl cyklista prov\u00e1d\u011bt p\u0159ed ka\u017edou j\u00edzdou. Jde p\u0159eci o bezpe\u010dnost. Ale ruku na srdce, jen m\u00e1lokdo jednotliv\u00e9 sou\u010d\u00e1sti prohl\u00ed\u017e\u00ed p\u0159ed startem ka\u017ed\u00e9ho \u0161vihu. Pokud se chyst\u00e1te kolo ulo\u017eit po sezon\u011b k\u00a0zimn\u00edmu sp\u00e1nku, jde o ide\u00e1ln\u00ed p\u0159\u00edle\u017eitost brzdy zkontrolovat a prov\u00e9st pat\u0159i\u010dnou \u00fadr\u017ebu.<\/p>\n<h2><strong>\u010celis\u0165ov\u00e9 brzdy jsou na \u00fadr\u017ebu snadn\u011bj\u0161\u00ed<\/strong><\/h2>\n<p>Pokud vlastn\u00edte kolo, kde jsou \u010delis\u0165ov\u00e9 brzdy, m\u00e1te pr\u00e1ci z\u00e1sadn\u011b usnadn\u011bnou. Sta\u010d\u00ed zkontrolovat na brzdov\u00e9m \u0161pal\u00edku m\u011brku opot\u0159eben\u00ed.<\/p>\n<div class=\"shortcode-ys-post-pinup\"><article class=\"loop-simple post-23754 post type-post status-publish format-standard has-post-thumbnail hentry category-rady-tipy category-servis tag-cyklistika tag-horska-cyklistika tag-jak-cistit-kolo tag-jak-umyvat-kolo tag-ocista-kola tag-silnicni-cyklistika tag-trenink tag-udrzba-kola global-categories-cycling\" data-postid=\"23754\" role=\"article\" data-post-id=\"23754\" data-word-count=\"380\" data-headline-length=\"27\" data-category=\"Rady &amp; tipy\" data-global-category=\"Cycling\" data-author=\"We Love Cycling\" data-published=\"2023-09-28T17:30:37+02:00\" data-published-day=\"Thursday\">\n    <div class=\"entry-thumbnail article-thumbnail\" content=\"https:\/\/d2p6e6u75xmxt8.cloudfront.net\/13\/2021\/11\/wlc-udrzba-kola-cerveny-retez-prevodnik-150x150.webp\"><a href=\"https:\/\/www.welovecycling.com\/cs\/2023\/09\/28\/jak-spravne-cistit-kolo\/\" class=\"image-holder\" target=\"_self\"><img decoding=\"async\" loading=\"lazy\" class=\"\" src=\"https:\/\/d2p6e6u75xmxt8.cloudfront.net\/13\/2021\/11\/wlc-udrzba-kola-cerveny-retez-prevodnik-1024x683.webp\" srcset=\"https:\/\/d2p6e6u75xmxt8.cloudfront.net\/13\/2021\/11\/wlc-udrzba-kola-cerveny-retez-prevodnik.webp 1600w, https:\/\/d2p6e6u75xmxt8.cloudfront.net\/13\/2021\/11\/wlc-udrzba-kola-cerveny-retez-prevodnik-300x200.webp 300w, https:\/\/d2p6e6u75xmxt8.cloudfront.net\/13\/2021\/11\/wlc-udrzba-kola-cerveny-retez-prevodnik-1024x683.webp 1024w, https:\/\/d2p6e6u75xmxt8.cloudfront.net\/13\/2021\/11\/wlc-udrzba-kola-cerveny-retez-prevodnik-768x512.webp 768w, https:\/\/d2p6e6u75xmxt8.cloudfront.net\/13\/2021\/11\/wlc-udrzba-kola-cerveny-retez-prevodnik-1536x1024.webp 1536w, https:\/\/d2p6e6u75xmxt8.cloudfront.net\/13\/2021\/11\/wlc-udrzba-kola-cerveny-retez-prevodnik-272x182.webp 272w\" width=\"1024\" height=\"683\" sizes=\"auto, (min-width: 1200px) 300px, (min-width: 768px) 25vw, 100vw\" alt=\"jak-spravne-cistit-kolo\"\/><\/a><\/div>    <div class=\"entry-meta\">\n        <a class=\"label label-secondary post-category\" href=\"https:\/\/www.welovecycling.com\/cs\/category\/rady-tipy\/\" title=\"Rady &amp; tipy\">Rady &amp; tipy<\/a>\n    <\/div>\n    <div class=\"entry-details\">\n        <a href=\"https:\/\/www.welovecycling.com\/cs\/2023\/09\/28\/jak-spravne-cistit-kolo\/\" class='entry-title-wrapper'>\n            <h3 class=\"entry-title\"><span>Jak spr\u00e1vn\u011b \u010distit kolo?<\/span><\/h3>\n        <\/a>\n    <\/div>\n    <\/article>\n<\/div>\n<p>Zru\u010dn\u011bj\u0161\u00ed cyklist\u00e9 nepochybn\u011b zvl\u00e1dnou i kontrolu a p\u0159\u00edpadnou v\u00fdm\u011bnu lanka, kter\u00e9 m\u016f\u017ee b\u00fdt po cel\u00e9 sezon\u011b po\u0161kozen\u00e9.<\/p>\n<h2><strong>Jak pe\u010dovat o brzdy? Dejte pozor p\u0159i um\u00fdv\u00e1n\u00ed<\/strong><\/h2>\n<p>Zku\u0161en\u00ed cyklisti\u010dt\u00ed bardi doporu\u010duj\u00ed um\u00edstit b\u00edl\u00fd pap\u00edr jako pozad\u00ed za t\u0159men. Dojde k odr\u00e1\u017een\u00ed sv\u011btla a budete tak m\u00edt dokonal\u00fd p\u0159ehled o meze\u0159e mezi desti\u010dkami a kotou\u010dem. Dal\u0161\u00ed variantou je pou\u017eit\u00ed \u010delovky. Pouh\u00fdm pohledem je patrn\u00e1 \u00farove\u0148 opot\u0159eben\u00ed brzdov\u00fdch desti\u010dek. Ka\u017ed\u00e1 brzdov\u00e1 desti\u010dka by m\u011bla po stisknut\u00ed brzdov\u00e9 p\u00e1ky stoprocentn\u011b p\u0159il\u00e9hat na kotou\u010d.<\/p>\n<p>Jak\u00e9 jsou indicie, \u017ee desti\u010dky u\u017e nejsou ve stoprocentn\u00ed kondici? V d\u016fsledku opot\u0159eben\u00ed desti\u010dek vznikne prodleva p\u0159i zm\u00e1\u010dknut\u00ed brzdov\u00fdch p\u00e1k. Pokud p\u0159i vizu\u00e1ln\u00ed kontrole zjist\u00edte, \u017ee jsou desti\u010dky leskl\u00e9, je pot\u0159eba vyjmout je z t\u0159men\u016f a o\u010distit brusn\u00fdm pap\u00edrem. Jestli\u017ee je tlou\u0161\u0165ka desti\u010dek men\u0161\u00ed ne\u017e t\u0159i milimetry, je nutn\u00e9 s\u00e1hnout k v\u00fdm\u011bn\u011b.<\/p>\n<figure id=\"attachment_24057\" aria-describedby=\"caption-attachment-24057\" style=\"width: 1067px\" class=\"wp-caption alignnone\"><a href=\"https:\/\/d2p6e6u75xmxt8.cloudfront.net\/13\/2023\/11\/brzdy-cerveny-2.webp\"><img loading=\"lazy\" decoding=\"async\" class=\"size-full wp-image-24057\" src=\"https:\/\/d2p6e6u75xmxt8.cloudfront.net\/13\/2023\/11\/brzdy-cerveny-2.webp\" alt=\"Jak pe\u010dovat o brzdy na kole? Speci\u00e1ln\u00ed p\u00e9\u010di si zaslou\u017e\u00ed p\u0159edev\u0161\u00edm desti\u010dky.\" width=\"1067\" height=\"1600\" srcset=\"https:\/\/d2p6e6u75xmxt8.cloudfront.net\/13\/2023\/11\/brzdy-cerveny-2.webp 1067w, https:\/\/d2p6e6u75xmxt8.cloudfront.net\/13\/2023\/11\/brzdy-cerveny-2-200x300.webp 200w, https:\/\/d2p6e6u75xmxt8.cloudfront.net\/13\/2023\/11\/brzdy-cerveny-2-683x1024.webp 683w, https:\/\/d2p6e6u75xmxt8.cloudfront.net\/13\/2023\/11\/brzdy-cerveny-2-768x1152.webp 768w, https:\/\/d2p6e6u75xmxt8.cloudfront.net\/13\/2023\/11\/brzdy-cerveny-2-1024x1536.webp 1024w, https:\/\/d2p6e6u75xmxt8.cloudfront.net\/13\/2023\/11\/brzdy-cerveny-2-267x400.webp 267w\" sizes=\"auto, (max-width: 1067px) 100vw, 1067px\" \/><\/a><figcaption id=\"caption-attachment-24057\" class=\"wp-caption-text\"><em>Jak pe\u010dovat o brzdy na kole? Speci\u00e1ln\u00ed p\u00e9\u010di si zaslou\u017e\u00ed p\u0159edev\u0161\u00edm desti\u010dky. Foto: Michal \u010cerven\u00fd 3x<\/em><\/figcaption><\/figure>\n<p>N\u011bkdy v\u0161ak sta\u010d\u00ed pouh\u00e9 o\u010di\u0161t\u011bn\u00ed brzdov\u00fdch desti\u010dek brusn\u00fdm pap\u00edrem. Je t\u0159eba pou\u017e\u00edt konkr\u00e9tn\u00ed typ. Maxim\u00e1ln\u011b o hrubosti 120. Jde v\u0161ak o desti\u010dky, kter\u00e9 jsou opot\u0159ebovan\u00e9 nebo zne\u010di\u0161t\u011bn\u00e9 p\u0159\u00edrodn\u00edm materi\u00e1lem. Jestli\u017ee do\u0161lo k zasa\u017een\u00ed olejem, jsou ve v\u011bt\u0161in\u011b p\u0159\u00edpad\u016f nepou\u017eiteln\u00e9.<\/p>\n<p>Velk\u00fd pozor si p\u0159ed zimn\u00ed \u201eodst\u00e1vkou\u201c d\u00e1vejte p\u0159i um\u00fdv\u00e1n\u00ed a maz\u00e1n\u00ed kola. V\u0161echny \u010dist\u00edc\u00ed prost\u0159edky jsou velice agresivn\u00ed. Je nutn\u00e9 d\u00e1vat pozor, aby neulp\u011bly na kotou\u010d\u00edch \u010di brzdov\u00fdch desti\u010dk\u00e1ch. Kotou\u010de je n\u00e1sledn\u011b pot\u0159eba velice d\u016fkladn\u011b o\u010distit. Pokud se v\u0161ak mastnota \u010di olej dostaly na desti\u010dky, mus\u00edte s\u00e1hnout k v\u00fdm\u011bn\u011b. Jsou vyr\u00e1b\u011bny ze sav\u00fdch materi\u00e1l\u016f.<\/p>\n<div class=\"shortcode-ys-post-pinup\"><article class=\"loop-simple post-24011 post type-post status-publish format-standard has-post-thumbnail hentry category-rady-tipy category-silnicni-cyklistika tag-cyklistika tag-hookless-rafky tag-jak-vybrat-plaste tag-silnicni-cyklistika tag-trenink tag-tubeless global-categories-cycling\" data-postid=\"24011\" role=\"article\" data-post-id=\"24011\" data-word-count=\"551\" data-headline-length=\"40\" data-category=\"Rady &amp; tipy\" data-global-category=\"Cycling\" data-author=\"Kry\u0161tof Kopic\" data-published=\"2023-10-30T10:37:11+02:00\" data-published-day=\"Monday\">\n    <div class=\"entry-thumbnail article-thumbnail\" content=\"https:\/\/d2p6e6u75xmxt8.cloudfront.net\/13\/2023\/10\/CEM_8856-1-150x150.webp\"><a href=\"https:\/\/www.welovecycling.com\/cs\/2023\/10\/30\/jak-vybrat-plaste-na-silnicni-kolo\/\" class=\"image-holder\" target=\"_self\"><img decoding=\"async\" loading=\"lazy\" class=\"\" src=\"https:\/\/d2p6e6u75xmxt8.cloudfront.net\/13\/2023\/10\/CEM_8856-1-1024x682.webp\" srcset=\"https:\/\/d2p6e6u75xmxt8.cloudfront.net\/13\/2023\/10\/CEM_8856-1.webp 2000w, https:\/\/d2p6e6u75xmxt8.cloudfront.net\/13\/2023\/10\/CEM_8856-1-300x200.webp 300w, https:\/\/d2p6e6u75xmxt8.cloudfront.net\/13\/2023\/10\/CEM_8856-1-1024x682.webp 1024w, https:\/\/d2p6e6u75xmxt8.cloudfront.net\/13\/2023\/10\/CEM_8856-1-768x512.webp 768w, https:\/\/d2p6e6u75xmxt8.cloudfront.net\/13\/2023\/10\/CEM_8856-1-1536x1024.webp 1536w, https:\/\/d2p6e6u75xmxt8.cloudfront.net\/13\/2023\/10\/CEM_8856-1-1920x1280.webp 1920w, https:\/\/d2p6e6u75xmxt8.cloudfront.net\/13\/2023\/10\/CEM_8856-1-400x267.webp 400w, https:\/\/d2p6e6u75xmxt8.cloudfront.net\/13\/2023\/10\/CEM_8856-1-272x182.webp 272w, https:\/\/d2p6e6u75xmxt8.cloudfront.net\/13\/2023\/10\/CEM_8856-1-1920x1280.webp 1920w\" width=\"1024\" height=\"682\" sizes=\"auto, (min-width: 1200px) 300px, (min-width: 768px) 25vw, 100vw\" alt=\"jak-vybrat-plaste-na-silnicni-kolo\"\/><\/a><\/div>    <div class=\"entry-meta\">\n        <a class=\"label label-secondary post-category\" href=\"https:\/\/www.welovecycling.com\/cs\/category\/rady-tipy\/\" title=\"Rady &amp; tipy\">Rady &amp; tipy<\/a>\n    <\/div>\n    <div class=\"entry-details\">\n        <a href=\"https:\/\/www.welovecycling.com\/cs\/2023\/10\/30\/jak-vybrat-plaste-na-silnicni-kolo\/\" class='entry-title-wrapper'>\n            <h3 class=\"entry-title\"><span>Jak vybrat pl\u00e1\u0161t\u011b na silni\u010dn\u00ed kolo?<\/span><\/h3>\n        <\/a>\n    <\/div>\n    <\/article>\n<\/div>\n<p>Probl\u00e9mem m\u016f\u017ee b\u00fdt i \u00fanik brzdov\u00e9 kapaliny. Pokud v\u00a0prostoru, kde se to\u010d\u00ed brzdov\u00fd kotou\u010d, zjist\u00edte po\u0161kozen\u00ed spoj\u016f a unikaj\u00edc\u00ed kapalinu, nezb\u00fdv\u00e1 ne\u017e zam\u00ed\u0159it s\u00a0kolem do servisu.<\/p>\n<h2><strong>Kdy vym\u011bnit brzdov\u00fd kotou\u010d na kole?<\/strong><\/h2>\n<p>Stejn\u011b jako desti\u010dky maj\u00ed omezenou \u017eivotnost i kotou\u010de. Jejich \u0161\u00ed\u0159ka je nej\u010dast\u011bji dva milimetry. Pokud vlivem pou\u017e\u00edv\u00e1n\u00ed dojde k\u00a0opot\u0159eben\u00ed na 1,7 milimetr\u016f, je pot\u0159eba kotou\u010d vym\u011bnit. Samoz\u0159ejm\u011b je velice d\u016fle\u017eit\u00e9 zm\u011b\u0159it skute\u010dn\u011b jen m\u00edsto, kde desti\u010dky p\u0159il\u00e9haj\u00ed na kotou\u010d!<\/p>\n<p>Speci\u00e1ln\u00ed o\u010distu si pochopiteln\u011b \u017e\u00e1daj\u00ed i kotou\u010de. Ide\u00e1ln\u00ed je vyjmout kolo z r\u00e1mu, \u010d\u00edm\u017e p\u0159edejte kontaminaci brzdov\u00fdch desti\u010dek. N\u00e1sledn\u011b pomoc\u00ed speci\u00e1ln\u00edch p\u0159\u00edpravk\u016f kotou\u010d dokonale o\u010distit.<\/p>\n<p>M\u016f\u017ee se st\u00e1t, \u017ee p\u00e1dem nebo neopatrnou manipulac\u00ed s\u00a0bicyklem dojde k\u00a0ohnut\u00ed kotou\u010de. N\u00e1sledn\u011b z\u00e1le\u017e\u00ed na m\u00ed\u0159e po\u0161kozen\u00ed. Pokud je minim\u00e1ln\u00ed, doporu\u010dujeme vyu\u017e\u00edt pr\u00e1ci mechanik\u016f v\u00a0servisu. A jestli\u017ee je kotou\u010d ohnut\u00fd hodn\u011b, rad\u011bji zvolte v\u00fdm\u011bnu za nov\u00fd.<\/p>\n<p><a href=\"https:\/\/d2p6e6u75xmxt8.cloudfront.net\/13\/2023\/11\/brzdy-cerveny-5.webp\"><img loading=\"lazy\" decoding=\"async\" class=\"alignnone size-full wp-image-24060\" src=\"https:\/\/d2p6e6u75xmxt8.cloudfront.net\/13\/2023\/11\/brzdy-cerveny-5.webp\" alt=\"\" width=\"1600\" height=\"1067\" srcset=\"https:\/\/d2p6e6u75xmxt8.cloudfront.net\/13\/2023\/11\/brzdy-cerveny-5.webp 1600w, https:\/\/d2p6e6u75xmxt8.cloudfront.net\/13\/2023\/11\/brzdy-cerveny-5-300x200.webp 300w, https:\/\/d2p6e6u75xmxt8.cloudfront.net\/13\/2023\/11\/brzdy-cerveny-5-1024x683.webp 1024w, https:\/\/d2p6e6u75xmxt8.cloudfront.net\/13\/2023\/11\/brzdy-cerveny-5-768x512.webp 768w, https:\/\/d2p6e6u75xmxt8.cloudfront.net\/13\/2023\/11\/brzdy-cerveny-5-1536x1024.webp 1536w, https:\/\/d2p6e6u75xmxt8.cloudfront.net\/13\/2023\/11\/brzdy-cerveny-5-400x267.webp 400w, https:\/\/d2p6e6u75xmxt8.cloudfront.net\/13\/2023\/11\/brzdy-cerveny-5-272x182.webp 272w\" sizes=\"auto, (max-width: 1600px) 100vw, 1600px\" \/><\/a><\/p>\n<p>Pro snadn\u011bj\u0161\u00ed kontrolu je vhodn\u00e9 sundat kola. V p\u0159\u00edpad\u011b hydraulick\u00fdch brzd se v\u0161ak nikdy nedot\u00fdkejte brzdov\u00fdch p\u00e1\u010dek v okam\u017eiku, kdy kolo vyjmete z vidlice. Do\u0161lo by k zavzdu\u0161n\u011bn\u00ed. Na n\u00e1sledn\u011b odvzdu\u0161n\u011bn\u00ed sice existuj\u00ed i dom\u00e1c\u00ed sady, ale doporu\u010dujeme p\u0159enechat v\u0161e odborn\u00edk\u016fm kup\u0159\u00edkladu ze spole\u010dnosti <a href=\"https:\/\/kolofix.cz\/\">Kolofix<\/a>.<\/p>\n<p>Kdy\u017e u\u017e budete m\u00edt sundan\u00e1 kola, m\u016f\u017eete se pustit do vycentrov\u00e1n\u00ed t\u0159menu, aby kotou\u010d dokonale proch\u00e1zel jeho st\u0159edem. Je v\u0161ak nutn\u00e9 vlo\u017eit speci\u00e1ln\u00ed kl\u00edn mezi desti\u010dky. N\u00e1sledn\u011b zm\u00e1\u010dknete brzdovou p\u00e1ku a dot\u00e1hnete up\u00ednac\u00ed \u0161rouby na t\u0159menu.<\/p>\n<p>Minim\u00e1ln\u011b jednou za sezonu byste m\u011bli vym\u011bnit kapalinu v hydraulick\u00fdch brzd\u00e1ch. N\u011bkter\u00e9 syst\u00e9my pou\u017e\u00edvaj\u00ed miner\u00e1ln\u00ed olej, n\u011bkter\u00e9 brzdovou kapalinu. Nikdy nesm\u00ed doj\u00edt k z\u00e1m\u011bn\u011b!<\/p>\n<p><a href=\"https:\/\/d2p6e6u75xmxt8.cloudfront.net\/13\/2023\/10\/Kolofox_emailing_650x300.webp\"><img loading=\"lazy\" decoding=\"async\" class=\"size-full wp-image-23833\" src=\"https:\/\/d2p6e6u75xmxt8.cloudfront.net\/13\/2023\/10\/Kolofox_emailing_650x300.webp\" alt=\"kolofix\" width=\"650\" height=\"300\" srcset=\"https:\/\/d2p6e6u75xmxt8.cloudfront.net\/13\/2023\/10\/Kolofox_emailing_650x300.webp 650w, https:\/\/d2p6e6u75xmxt8.cloudfront.net\/13\/2023\/10\/Kolofox_emailing_650x300-300x138.webp 300w, https:\/\/d2p6e6u75xmxt8.cloudfront.net\/13\/2023\/10\/Kolofox_emailing_650x300-400x185.webp 400w\" sizes=\"auto, (max-width: 650px) 100vw, 650px\" \/><\/a><\/p>\n","protected":false},"excerpt":{"rendered":"<p>Brzdy jsou kl\u00ed\u010dovou sou\u010d\u00e1st\u00ed ka\u017ed\u00e9ho kola. Pokud mechanismus funguje s probl\u00e9my nebo v\u016fbec, koledujeme si o karambol. Proto je z\u00e1sadn\u00ed [&hellip;]<\/p>\n","protected":false},"author":138,"featured_media":24061,"comment_status":"open","ping_status":"open","sticky":false,"template":"","format":"standard","meta":{"footnotes":""},"categories":[15,3262,10],"tags":[3294,3295,126,56,3293,3296,9,27,67],"global-categories":[411],"class_list":["post-24053","post","type-post","status-publish","format-standard","has-post-thumbnail","hentry","category-rady-tipy","category-servis","category-silnicni-cyklistika","tag-brzdove-desticky","tag-brzdove-kotouce","tag-cyklistika","tag-horska-cyklistika","tag-jak-pecovat-o-brzdy-na-kole","tag-pece-o-brzdy","tag-silnicni-cyklistika","tag-trenink","tag-zdravi-a-trenink","global-categories-cycling"],"yoast_head":"<!-- This site is optimized with the Yoast SEO Premium plugin v25.3 (Yoast SEO v25.9) - https:\/\/yoast.com\/wordpress\/plugins\/seo\/ -->\n<title>Jak pe\u010dovat o brzdy na kole? | \u0160koda We Love Cycling - \u010cesk\u00e1 republika<\/title>\n<meta name=\"description\" content=\"Brzdy jsou kl\u00ed\u010dovou sou\u010d\u00e1st\u00ed ka\u017ed\u00e9ho kola. Pokud mechanismus funguje s probl\u00e9my nebo v\u016fbec, koledujeme si o karambol. Proto je z\u00e1sadn\u00ed udr\u017eovat brzdy v dokonal\u00e9m stavu. Jak tedy pe\u010dovat o brzdy na kole?\" \/>\n<meta name=\"robots\" content=\"index, follow, max-snippet:-1, max-image-preview:large, max-video-preview:-1\" \/>\n<link rel=\"canonical\" href=\"https:\/\/www.welovecycling.com\/cs\/2023\/11\/02\/jak-pecovat-o-brzdy-na-kole\/\" \/>\n<meta property=\"og:locale\" content=\"cs_CZ\" \/>\n<meta property=\"og:type\" content=\"article\" \/>\n<meta property=\"og:title\" content=\"Jak pe\u010dovat o brzdy na kole?\" \/>\n<meta property=\"og:description\" content=\"Brzdy jsou kl\u00ed\u010dovou sou\u010d\u00e1st\u00ed ka\u017ed\u00e9ho kola. Pokud mechanismus funguje s probl\u00e9my nebo v\u016fbec, koledujeme si o karambol. Proto je z\u00e1sadn\u00ed udr\u017eovat brzdy v dokonal\u00e9m stavu. Jak tedy pe\u010dovat o brzdy na kole?\" \/>\n<meta property=\"og:url\" content=\"https:\/\/www.welovecycling.com\/cs\/2023\/11\/02\/jak-pecovat-o-brzdy-na-kole\/\" \/>\n<meta property=\"og:site_name\" content=\"\u0160koda We Love Cycling - \u010cesk\u00e1 republika\" \/>\n<meta property=\"article:published_time\" content=\"2023-11-02T15:00:00+00:00\" \/>\n<meta property=\"article:modified_time\" content=\"2024-03-04T08:45:31+00:00\" \/>\n<meta property=\"og:image\" content=\"https:\/\/d2p6e6u75xmxt8.cloudfront.net\/13\/2023\/11\/brzdy-cerveny.webp\" \/>\n\t<meta property=\"og:image:width\" content=\"1600\" \/>\n\t<meta property=\"og:image:height\" content=\"1067\" \/>\n\t<meta property=\"og:image:type\" content=\"image\/webp\" \/>\n<meta name=\"author\" content=\"radekmalina\" \/>\n<meta name=\"twitter:card\" content=\"summary_large_image\" \/>\n<meta name=\"twitter:label1\" content=\"Written by\" \/>\n\t<meta name=\"twitter:data1\" content=\"Kry\u0161tof Kopic\" \/>\n\t<meta name=\"twitter:label2\" content=\"Est. reading time\" \/>\n\t<meta name=\"twitter:data2\" content=\"6\" \/>\n<script type=\"application\/ld+json\" class=\"yoast-schema-graph\">{\"@context\":\"https:\/\/schema.org\",\"@graph\":[{\"@type\":\"WebPage\",\"@id\":\"https:\/\/www.welovecycling.com\/cs\/2023\/11\/02\/jak-pecovat-o-brzdy-na-kole\/\",\"url\":\"https:\/\/www.welovecycling.com\/cs\/2023\/11\/02\/jak-pecovat-o-brzdy-na-kole\/\",\"name\":\"Jak pe\u010dovat o brzdy na kole? | \u0160koda We Love Cycling - \u010cesk\u00e1 republika\",\"isPartOf\":{\"@id\":\"https:\/\/www.welovecycling.com\/cs\/#website\"},\"primaryImageOfPage\":{\"@id\":\"https:\/\/www.welovecycling.com\/cs\/2023\/11\/02\/jak-pecovat-o-brzdy-na-kole\/#primaryimage\"},\"image\":{\"@id\":\"https:\/\/www.welovecycling.com\/cs\/2023\/11\/02\/jak-pecovat-o-brzdy-na-kole\/#primaryimage\"},\"thumbnailUrl\":\"https:\/\/d2p6e6u75xmxt8.cloudfront.net\/13\/2023\/11\/brzdy-cerveny.webp\",\"datePublished\":\"2023-11-02T15:00:00+00:00\",\"dateModified\":\"2024-03-04T08:45:31+00:00\",\"author\":{\"@id\":\"https:\/\/www.welovecycling.com\/cs\/#\/schema\/person\/d9eeb0a378f3a7e4a6d12d2b536b04b8\"},\"description\":\"Brzdy jsou kl\u00ed\u010dovou sou\u010d\u00e1st\u00ed ka\u017ed\u00e9ho kola. Pokud mechanismus funguje s probl\u00e9my nebo v\u016fbec, koledujeme si o karambol. Proto je z\u00e1sadn\u00ed udr\u017eovat brzdy v dokonal\u00e9m stavu. Jak tedy pe\u010dovat o brzdy na kole?\",\"inLanguage\":\"cs\",\"potentialAction\":[{\"@type\":\"ReadAction\",\"target\":[\"https:\/\/www.welovecycling.com\/cs\/2023\/11\/02\/jak-pecovat-o-brzdy-na-kole\/\"]}]},{\"@type\":\"ImageObject\",\"inLanguage\":\"cs\",\"@id\":\"https:\/\/www.welovecycling.com\/cs\/2023\/11\/02\/jak-pecovat-o-brzdy-na-kole\/#primaryimage\",\"url\":\"https:\/\/d2p6e6u75xmxt8.cloudfront.net\/13\/2023\/11\/brzdy-cerveny.webp\",\"contentUrl\":\"https:\/\/d2p6e6u75xmxt8.cloudfront.net\/13\/2023\/11\/brzdy-cerveny.webp\",\"width\":1600,\"height\":1067},{\"@type\":\"WebSite\",\"@id\":\"https:\/\/www.welovecycling.com\/cs\/#website\",\"url\":\"https:\/\/www.welovecycling.com\/cs\/\",\"name\":\"\u0160koda We Love Cycling - \u010cesk\u00e1 republika\",\"description\":\"WeLoveCycling.cz je online magaz\u00edn, kter\u00fd v\u00e1m pravideln\u011b p\u0159in\u00e1\u0161\u00ed rady a tipy, zaj\u00edmav\u00e9 \u010dl\u00e1nky, videa a jedine\u010dn\u00e9 report\u00e1\u017ee ze sv\u011bta cyklistiky.\",\"potentialAction\":[{\"@type\":\"SearchAction\",\"target\":{\"@type\":\"EntryPoint\",\"urlTemplate\":\"https:\/\/www.welovecycling.com\/cs\/?s={search_term_string}\"},\"query-input\":{\"@type\":\"PropertyValueSpecification\",\"valueRequired\":true,\"valueName\":\"search_term_string\"}}],\"inLanguage\":\"cs\"},{\"@type\":\"Person\",\"@id\":\"https:\/\/www.welovecycling.com\/cs\/#\/schema\/person\/d9eeb0a378f3a7e4a6d12d2b536b04b8\",\"name\":\"radekmalina\",\"image\":{\"@type\":\"ImageObject\",\"inLanguage\":\"cs\",\"@id\":\"https:\/\/www.welovecycling.com\/cs\/#\/schema\/person\/image\/\",\"url\":\"https:\/\/secure.gravatar.com\/avatar\/66994b632cb8c39a46b9f54afa3ae07201b678d32a54275b6f1c9ffec356bfc0?s=96&d=mm&r=g\",\"contentUrl\":\"https:\/\/secure.gravatar.com\/avatar\/66994b632cb8c39a46b9f54afa3ae07201b678d32a54275b6f1c9ffec356bfc0?s=96&d=mm&r=g\",\"caption\":\"radekmalina\"},\"url\":\"https:\/\/www.welovecycling.com\/cs\/author\/radekmalina\/\"}]}<\/script>\n<!-- \/ Yoast SEO Premium plugin. -->","yoast_head_json":{"title":"Jak pe\u010dovat o brzdy na kole? | \u0160koda We Love Cycling - \u010cesk\u00e1 republika","description":"Brzdy jsou kl\u00ed\u010dovou sou\u010d\u00e1st\u00ed ka\u017ed\u00e9ho kola. Pokud mechanismus funguje s probl\u00e9my nebo v\u016fbec, koledujeme si o karambol. Proto je z\u00e1sadn\u00ed udr\u017eovat brzdy v dokonal\u00e9m stavu. Jak tedy pe\u010dovat o brzdy na kole?","robots":{"index":"index","follow":"follow","max-snippet":"max-snippet:-1","max-image-preview":"max-image-preview:large","max-video-preview":"max-video-preview:-1"},"canonical":"https:\/\/www.welovecycling.com\/cs\/2023\/11\/02\/jak-pecovat-o-brzdy-na-kole\/","og_locale":"cs_CZ","og_type":"article","og_title":"Jak pe\u010dovat o brzdy na kole?","og_description":"Brzdy jsou kl\u00ed\u010dovou sou\u010d\u00e1st\u00ed ka\u017ed\u00e9ho kola. Pokud mechanismus funguje s probl\u00e9my nebo v\u016fbec, koledujeme si o karambol. Proto je z\u00e1sadn\u00ed udr\u017eovat brzdy v dokonal\u00e9m stavu. Jak tedy pe\u010dovat o brzdy na kole?","og_url":"https:\/\/www.welovecycling.com\/cs\/2023\/11\/02\/jak-pecovat-o-brzdy-na-kole\/","og_site_name":"\u0160koda We Love Cycling - \u010cesk\u00e1 republika","article_published_time":"2023-11-02T15:00:00+00:00","article_modified_time":"2024-03-04T08:45:31+00:00","og_image":[{"width":1600,"height":1067,"url":"https:\/\/d2p6e6u75xmxt8.cloudfront.net\/13\/2023\/11\/brzdy-cerveny.webp","type":"image\/webp"}],"author":"radekmalina","twitter_card":"summary_large_image","twitter_misc":{"Written by":"Kry\u0161tof Kopic","Est. reading time":"6"},"schema":{"@context":"https:\/\/schema.org","@graph":[{"@type":"WebPage","@id":"https:\/\/www.welovecycling.com\/cs\/2023\/11\/02\/jak-pecovat-o-brzdy-na-kole\/","url":"https:\/\/www.welovecycling.com\/cs\/2023\/11\/02\/jak-pecovat-o-brzdy-na-kole\/","name":"Jak pe\u010dovat o brzdy na kole? | \u0160koda We Love Cycling - \u010cesk\u00e1 republika","isPartOf":{"@id":"https:\/\/www.welovecycling.com\/cs\/#website"},"primaryImageOfPage":{"@id":"https:\/\/www.welovecycling.com\/cs\/2023\/11\/02\/jak-pecovat-o-brzdy-na-kole\/#primaryimage"},"image":{"@id":"https:\/\/www.welovecycling.com\/cs\/2023\/11\/02\/jak-pecovat-o-brzdy-na-kole\/#primaryimage"},"thumbnailUrl":"https:\/\/d2p6e6u75xmxt8.cloudfront.net\/13\/2023\/11\/brzdy-cerveny.webp","datePublished":"2023-11-02T15:00:00+00:00","dateModified":"2024-03-04T08:45:31+00:00","author":{"@id":"https:\/\/www.welovecycling.com\/cs\/#\/schema\/person\/d9eeb0a378f3a7e4a6d12d2b536b04b8"},"description":"Brzdy jsou kl\u00ed\u010dovou sou\u010d\u00e1st\u00ed ka\u017ed\u00e9ho kola. Pokud mechanismus funguje s probl\u00e9my nebo v\u016fbec, koledujeme si o karambol. Proto je z\u00e1sadn\u00ed udr\u017eovat brzdy v dokonal\u00e9m stavu. Jak tedy pe\u010dovat o brzdy na kole?","inLanguage":"cs","potentialAction":[{"@type":"ReadAction","target":["https:\/\/www.welovecycling.com\/cs\/2023\/11\/02\/jak-pecovat-o-brzdy-na-kole\/"]}]},{"@type":"ImageObject","inLanguage":"cs","@id":"https:\/\/www.welovecycling.com\/cs\/2023\/11\/02\/jak-pecovat-o-brzdy-na-kole\/#primaryimage","url":"https:\/\/d2p6e6u75xmxt8.cloudfront.net\/13\/2023\/11\/brzdy-cerveny.webp","contentUrl":"https:\/\/d2p6e6u75xmxt8.cloudfront.net\/13\/2023\/11\/brzdy-cerveny.webp","width":1600,"height":1067},{"@type":"WebSite","@id":"https:\/\/www.welovecycling.com\/cs\/#website","url":"https:\/\/www.welovecycling.com\/cs\/","name":"\u0160koda We Love Cycling - \u010cesk\u00e1 republika","description":"WeLoveCycling.cz je online magaz\u00edn, kter\u00fd v\u00e1m pravideln\u011b p\u0159in\u00e1\u0161\u00ed rady a tipy, zaj\u00edmav\u00e9 \u010dl\u00e1nky, videa a jedine\u010dn\u00e9 report\u00e1\u017ee ze sv\u011bta cyklistiky.","potentialAction":[{"@type":"SearchAction","target":{"@type":"EntryPoint","urlTemplate":"https:\/\/www.welovecycling.com\/cs\/?s={search_term_string}"},"query-input":{"@type":"PropertyValueSpecification","valueRequired":true,"valueName":"search_term_string"}}],"inLanguage":"cs"},{"@type":"Person","@id":"https:\/\/www.welovecycling.com\/cs\/#\/schema\/person\/d9eeb0a378f3a7e4a6d12d2b536b04b8","name":"radekmalina","image":{"@type":"ImageObject","inLanguage":"cs","@id":"https:\/\/www.welovecycling.com\/cs\/#\/schema\/person\/image\/","url":"https:\/\/secure.gravatar.com\/avatar\/66994b632cb8c39a46b9f54afa3ae07201b678d32a54275b6f1c9ffec356bfc0?s=96&d=mm&r=g","contentUrl":"https:\/\/secure.gravatar.com\/avatar\/66994b632cb8c39a46b9f54afa3ae07201b678d32a54275b6f1c9ffec356bfc0?s=96&d=mm&r=g","caption":"radekmalina"},"url":"https:\/\/www.welovecycling.com\/cs\/author\/radekmalina\/"}]}},"_links":{"self":[{"href":"https:\/\/www.welovecycling.com\/cs\/wp-json\/wp\/v2\/posts\/24053","targetHints":{"allow":["GET"]}}],"collection":[{"href":"https:\/\/www.welovecycling.com\/cs\/wp-json\/wp\/v2\/posts"}],"about":[{"href":"https:\/\/www.welovecycling.com\/cs\/wp-json\/wp\/v2\/types\/post"}],"author":[{"embeddable":true,"href":"https:\/\/www.welovecycling.com\/cs\/wp-json\/wp\/v2\/users\/138"}],"replies":[{"embeddable":true,"href":"https:\/\/www.welovecycling.com\/cs\/wp-json\/wp\/v2\/comments?post=24053"}],"version-history":[{"count":4,"href":"https:\/\/www.welovecycling.com\/cs\/wp-json\/wp\/v2\/posts\/24053\/revisions"}],"predecessor-version":[{"id":24064,"href":"https:\/\/www.welovecycling.com\/cs\/wp-json\/wp\/v2\/posts\/24053\/revisions\/24064"}],"wp:featuredmedia":[{"embeddable":true,"href":"https:\/\/www.welovecycling.com\/cs\/wp-json\/wp\/v2\/media\/24061"}],"wp:attachment":[{"href":"https:\/\/www.welovecycling.com\/cs\/wp-json\/wp\/v2\/media?parent=24053"}],"wp:term":[{"taxonomy":"category","embeddable":true,"href":"https:\/\/www.welovecycling.com\/cs\/wp-json\/wp\/v2\/categories?post=24053"},{"taxonomy":"post_tag","embeddable":true,"href":"https:\/\/www.welovecycling.com\/cs\/wp-json\/wp\/v2\/tags?post=24053"},{"taxonomy":"global-categories","embeddable":true,"href":"https:\/\/www.welovecycling.com\/cs\/wp-json\/wp\/v2\/global-categories?post=24053"}],"curies":[{"name":"wp","href":"https:\/\/api.w.org\/{rel}","templated":true}]}}