{"id":24030,"date":"2023-11-06T06:00:15","date_gmt":"2023-11-06T04:00:15","guid":{"rendered":"https:\/\/www.welovecycling.com\/cs\/?p=24030"},"modified":"2023-11-06T10:54:08","modified_gmt":"2023-11-06T08:54:08","slug":"legenda-ktere-smrt-pridala-na-popularite","status":"publish","type":"post","link":"https:\/\/www.welovecycling.com\/cs\/2023\/11\/06\/legenda-ktere-smrt-pridala-na-popularite\/","title":{"rendered":"Legenda, kter\u00e9 smrt p\u0159idala na popularit\u011b"},"content":{"rendered":"<p style=\"font-weight: 400;\"><strong>Nedotknuteln\u00e1 modla, jej\u00ed\u017e m\u00fdtus \u017eije. Co \u017eije, p\u0159\u00edmo vzkv\u00e9t\u00e1. M\u00edstn\u00ed, a nejen oni, si vypr\u00e1v\u011bj\u00ed legendy o v\u00fdkonech Pir\u00e1ta. T\u011b\u017eko rozkl\u00ed\u010dovat, co z\u00a0toho je pravda a co jsou pouze vyb\u00e1jen\u00e9 historky. V\u00a0srdc\u00edch a mysl\u00edch Ital\u016f ka\u017edop\u00e1dn\u011b \u017eije Marco Pantani po\u0159\u00e1d. Cyklista, od jeho\u017e \u00famrt\u00ed uplyne p\u0159\u00ed\u0161t\u00ed rok dvacet let. I proto se jedna z\u00a0\u00favodn\u00edch etap Tour de France 2024 na Apeninsk\u00e9m poloostrov\u011b pojede jako pocta holohlav\u00e9mu bojovn\u00edkovi\u2026<\/strong><\/p>\n<p style=\"font-weight: 400;\">Marco Pantani je posledn\u00edm, kdo dok\u00e1zal v\u00a0jedin\u00e9m roce z\u00edskat unik\u00e1tn\u00ed v\u00edt\u011bzn\u00e9 double Giro di Italia \u2013 Tour de France. Tehdy v\u00a0l\u00e9t\u011b 1998 byl na vrcholu.<\/p>\n<p style=\"font-weight: 400;\">\u201eKdy\u017e Marco z\u00e1vodil, cel\u00e1 It\u00e1lie sed\u011bla u televize a fandila mu. Pir\u00e1t v\u00a0sedle zastavil v\u00a0na\u0161\u00ed zemi \u017eivot,\u201c vypr\u00e1v\u00ed zan\u00edcen\u011b Andrea Manusia z\u00a0turistick\u00e9ho \u00fa\u0159adu Emilia Romagna. Pr\u00e1v\u011b tady byl doma borec p\u0159ezd\u00edvan\u00fd Pir\u00e1t kv\u016fli \u0161\u00e1tku, s\u00a0n\u00edm\u017e z\u00e1vodil.<\/p>\n<h2><strong>Emilia Romagna ur\u010d\u00ed prvn\u00edho dr\u017eitele maillot jaune<\/strong><\/h2>\n<p style=\"font-weight: 400;\">Narodil se a \u017eil v Cesenatiku. Z\u00a0p\u0159\u00edmo\u0159sk\u00e9ho letoviska vyr\u00e1\u017eel tr\u00e9novat do nedalek\u00fdch kopc\u016f. Montevecchio, Colle del Barbotto, Monte Fumaiolo, Monte Carpegna\u2026 To jsou jen n\u011bkter\u00e9 z\u00a0vrchol\u016f, kter\u00e9 jsou n\u011bmou, av\u0161ak nehynouc\u00ed p\u0159ipom\u00ednkou Pantaniho dovednost\u00ed. Silnice na mnoha m\u00edstech lemuj\u00ed pam\u011btn\u00ed desky na po\u010dest legend\u00e1rn\u00edho cyklisty. Na vrcholech kopc\u016f v\u00a0barech najdete i t\u00e9m\u011b\u0159 dvacet let po jeho smrti dresy italsk\u00e9ho cyklisty, fotografie \u010di plak\u00e1ty s\u00a0podpisem nebo bidony\u2026 Karti\u010dka s\u00a0podpisem hned vedle k\u0159\u00ed\u017ee nen\u00ed ni\u010d\u00edm v\u00fdjime\u010dn\u00fdm.<\/p>\n<figure id=\"attachment_24040\" aria-describedby=\"caption-attachment-24040\" style=\"width: 1920px\" class=\"wp-caption alignnone\"><a href=\"https:\/\/d2p6e6u75xmxt8.cloudfront.net\/13\/2023\/11\/emilia-romagna-pantani-plakat-scaled.webp\"><img loading=\"lazy\" decoding=\"async\" class=\"size-extra-large wp-image-24040\" src=\"https:\/\/d2p6e6u75xmxt8.cloudfront.net\/13\/2023\/11\/emilia-romagna-pantani-plakat-1920x1280.webp\" alt=\"Marco Pantani\" width=\"1920\" height=\"1280\" srcset=\"https:\/\/d2p6e6u75xmxt8.cloudfront.net\/13\/2023\/11\/emilia-romagna-pantani-plakat-1920x1280.webp 1920w, https:\/\/d2p6e6u75xmxt8.cloudfront.net\/13\/2023\/11\/emilia-romagna-pantani-plakat-300x200.webp 300w, https:\/\/d2p6e6u75xmxt8.cloudfront.net\/13\/2023\/11\/emilia-romagna-pantani-plakat-1024x683.webp 1024w, https:\/\/d2p6e6u75xmxt8.cloudfront.net\/13\/2023\/11\/emilia-romagna-pantani-plakat-768x512.webp 768w, https:\/\/d2p6e6u75xmxt8.cloudfront.net\/13\/2023\/11\/emilia-romagna-pantani-plakat-1536x1024.webp 1536w, https:\/\/d2p6e6u75xmxt8.cloudfront.net\/13\/2023\/11\/emilia-romagna-pantani-plakat-2048x1365.webp 2048w, https:\/\/d2p6e6u75xmxt8.cloudfront.net\/13\/2023\/11\/emilia-romagna-pantani-plakat-400x267.webp 400w, https:\/\/d2p6e6u75xmxt8.cloudfront.net\/13\/2023\/11\/emilia-romagna-pantani-plakat-272x182.webp 272w, https:\/\/d2p6e6u75xmxt8.cloudfront.net\/13\/2023\/11\/emilia-romagna-pantani-plakat-1920x1280.webp 1920w\" sizes=\"auto, (max-width: 1920px) 100vw, 1920px\" \/><\/a><figcaption id=\"caption-attachment-24040\" class=\"wp-caption-text\"><em>Marco Pantani je pro Italy legendou. Na vrcholu Monte Fumaiolo se s Pir\u00e1tem m\u016f\u017eete vyfotografovat&#8230;<\/em><\/figcaption><\/figure>\n<p style=\"font-weight: 400;\">Na silnic\u00edch jsou cyklistick\u00e9 n\u00e1pisy oslavuj\u00edc\u00ed nejen Pir\u00e1ta. Mnoho pr\u016fsmyk\u016f zdob\u00ed nejr\u016fzn\u011bj\u0161\u00ed plastiky p\u0159ipom\u00ednaj\u00edc\u00ed odhodl\u00e1n\u00ed a zarputilost tak typickou mu\u017ee, kter\u00fd zem\u0159el v\u00a0pouh\u00fdch \u010dty\u0159iat\u0159iceti letech.<\/p>\n<div class=\"shortcode-ys-post-pinup\"><article class=\"loop-simple post-24011 post type-post status-publish format-standard has-post-thumbnail hentry category-rady-tipy category-silnicni-cyklistika tag-cyklistika tag-hookless-rafky tag-jak-vybrat-plaste tag-silnicni-cyklistika tag-trenink tag-tubeless global-categories-cycling\" data-postid=\"24011\" role=\"article\" data-post-id=\"24011\" data-word-count=\"551\" data-headline-length=\"40\" data-category=\"Rady &amp; tipy\" data-global-category=\"Cycling\" data-author=\"Kry\u0161tof Kopic\" data-published=\"2023-10-30T10:37:11+02:00\" data-published-day=\"Monday\">\n    <div class=\"entry-thumbnail article-thumbnail\" content=\"https:\/\/d2p6e6u75xmxt8.cloudfront.net\/13\/2023\/10\/CEM_8856-1-150x150.webp\"><a href=\"https:\/\/www.welovecycling.com\/cs\/2023\/10\/30\/jak-vybrat-plaste-na-silnicni-kolo\/\" class=\"image-holder\" target=\"_self\"><img decoding=\"async\" loading=\"lazy\" class=\"\" src=\"https:\/\/d2p6e6u75xmxt8.cloudfront.net\/13\/2023\/10\/CEM_8856-1-1024x682.webp\" srcset=\"https:\/\/d2p6e6u75xmxt8.cloudfront.net\/13\/2023\/10\/CEM_8856-1.webp 2000w, https:\/\/d2p6e6u75xmxt8.cloudfront.net\/13\/2023\/10\/CEM_8856-1-300x200.webp 300w, https:\/\/d2p6e6u75xmxt8.cloudfront.net\/13\/2023\/10\/CEM_8856-1-1024x682.webp 1024w, https:\/\/d2p6e6u75xmxt8.cloudfront.net\/13\/2023\/10\/CEM_8856-1-768x512.webp 768w, https:\/\/d2p6e6u75xmxt8.cloudfront.net\/13\/2023\/10\/CEM_8856-1-1536x1024.webp 1536w, https:\/\/d2p6e6u75xmxt8.cloudfront.net\/13\/2023\/10\/CEM_8856-1-1920x1280.webp 1920w, https:\/\/d2p6e6u75xmxt8.cloudfront.net\/13\/2023\/10\/CEM_8856-1-400x267.webp 400w, https:\/\/d2p6e6u75xmxt8.cloudfront.net\/13\/2023\/10\/CEM_8856-1-272x182.webp 272w, https:\/\/d2p6e6u75xmxt8.cloudfront.net\/13\/2023\/10\/CEM_8856-1-1920x1280.webp 1920w\" width=\"1024\" height=\"682\" sizes=\"auto, (min-width: 1200px) 300px, (min-width: 768px) 25vw, 100vw\" alt=\"jak-vybrat-plaste-na-silnicni-kolo\"\/><\/a><\/div>    <div class=\"entry-meta\">\n        <a class=\"label label-secondary post-category\" href=\"https:\/\/www.welovecycling.com\/cs\/category\/rady-tipy\/\" title=\"Rady &amp; tipy\">Rady &amp; tipy<\/a>\n    <\/div>\n    <div class=\"entry-details\">\n        <a href=\"https:\/\/www.welovecycling.com\/cs\/2023\/10\/30\/jak-vybrat-plaste-na-silnicni-kolo\/\" class='entry-title-wrapper'>\n            <h3 class=\"entry-title\"><span>Jak vybrat pl\u00e1\u0161t\u011b na silni\u010dn\u00ed kolo?<\/span><\/h3>\n        <\/a>\n    <\/div>\n    <\/article>\n<\/div>\n<p style=\"font-weight: 400;\">A\u017e se peloton Star\u00e9 d\u00e1my bude posledn\u00ed \u010dervnovou sobotu p\u0159\u00ed\u0161t\u00edho roku \u0159\u00edtit silnicemi Emilia Romagna, Pantani v bal\u00edku nebude. P\u0159esto se pojede v jeho duchu, tak jak to m\u011bl r\u00e1d. V\u017edy\u0165 peloton hned b\u011bhem \u00favodn\u00ed etapy \u010dek\u00e1 v kr\u00e1tk\u00fdch, ale brut\u00e1ln\u011b strm\u00fdch stoup\u00e1n\u00edch t\u00e9m\u011b\u0159 \u010dty\u0159i tis\u00edce v\u00fd\u0161kov\u00fdch metr\u016f, ne\u017e se v Rimini rozhodne o prvn\u00edm majiteli maillot jaune Tour de France 2024.<\/p>\n<figure id=\"attachment_24034\" aria-describedby=\"caption-attachment-24034\" style=\"width: 1920px\" class=\"wp-caption alignnone\"><a href=\"https:\/\/d2p6e6u75xmxt8.cloudfront.net\/13\/2023\/11\/emilia-romagna-5-scaled.webp\"><img loading=\"lazy\" decoding=\"async\" class=\"size-extra-large wp-image-24034\" src=\"https:\/\/d2p6e6u75xmxt8.cloudfront.net\/13\/2023\/11\/emilia-romagna-5-1920x1280.webp\" alt=\"Emilia Romagna, tr\u00e9ninkov\u00e1 lo\" width=\"1920\" height=\"1280\" srcset=\"https:\/\/d2p6e6u75xmxt8.cloudfront.net\/13\/2023\/11\/emilia-romagna-5-1920x1280.webp 1920w, https:\/\/d2p6e6u75xmxt8.cloudfront.net\/13\/2023\/11\/emilia-romagna-5-300x200.webp 300w, https:\/\/d2p6e6u75xmxt8.cloudfront.net\/13\/2023\/11\/emilia-romagna-5-1024x683.webp 1024w, https:\/\/d2p6e6u75xmxt8.cloudfront.net\/13\/2023\/11\/emilia-romagna-5-768x512.webp 768w, https:\/\/d2p6e6u75xmxt8.cloudfront.net\/13\/2023\/11\/emilia-romagna-5-1536x1024.webp 1536w, https:\/\/d2p6e6u75xmxt8.cloudfront.net\/13\/2023\/11\/emilia-romagna-5-2048x1365.webp 2048w, https:\/\/d2p6e6u75xmxt8.cloudfront.net\/13\/2023\/11\/emilia-romagna-5-400x267.webp 400w, https:\/\/d2p6e6u75xmxt8.cloudfront.net\/13\/2023\/11\/emilia-romagna-5-272x182.webp 272w, https:\/\/d2p6e6u75xmxt8.cloudfront.net\/13\/2023\/11\/emilia-romagna-5-1920x1280.webp 1920w\" sizes=\"auto, (max-width: 1920px) 100vw, 1920px\" \/><\/a><figcaption id=\"caption-attachment-24034\" class=\"wp-caption-text\"><em>Emilia Romagna nab\u00edz\u00ed bezpo\u010det nekone\u010dn\u00fdch stoup\u00e1n\u00ed. I proto tady Marco Pantani tak r\u00e1d tr\u00e9noval.<\/em><\/figcaption><\/figure>\n<p style=\"font-weight: 400;\">O den pozd\u011bji se pak pojede z\u00a0Cesenatika, kde je Pantaniho muzeum. A trasa vedouc\u00ed op\u011bt regionem Emilia Romagna s\u00a0fini\u0161em v\u00a0Boloni bude znovu oslavou italsk\u00e9ho Pir\u00e1ta.<\/p>\n<h2><strong>Il Carpegna mi basta, aneb nepot\u0159ebuji velehory<\/strong><\/h2>\n<p style=\"font-weight: 400;\">Profil bude nahr\u00e1vat \u00fatok\u016fm. Tak jak to miloval Marco Pantani. Jezdil srdcem. Intuitivn\u011b, nep\u0159edv\u00eddateln\u011b. Mnohdy bezhlav\u011b, ba p\u0159\u00edmo bl\u00e1zniv\u011b. Kdy\u017e peloton najel do kopc\u016f, italsk\u00fd Pir\u00e1t pelotonu se usm\u00edval.<\/p>\n<p style=\"font-weight: 400;\">\u201eS\u00edlu nem\u016f\u017ee\u0161 koupit v\u00a0obchod\u011b. Bu\u010f ji m\u00e1\u0161, nebo nem\u00e1\u0161,\u201c stoj\u00ed v\u00a0cit\u00e1tu p\u0159ipom\u00ednaj\u00edc\u00ed zarputilost, kterou disponoval Marco Pantanti na st\u011bn\u011b restaurace na Cole del Barbotto. Nechyb\u00ed ani portr\u00e9t cyklisty v\u00a0jeho nad\u017eivotn\u00ed velikosti. A r\u016f\u017eov\u00e9 kolo oslavuji Giro di Italia. I tady pojede peloton Star\u00e9 d\u00e1my. V\u00a0kopci dlouh\u00e9m 4370 metr\u016f s\u00a0pr\u016fm\u011brn\u00fdm sklonem 8,1 procenta Pantani pravideln\u011b trp\u011bl p\u0159i tr\u00e9ninku, aby pak slavil v\u00a0z\u00e1vodech.<\/p>\n<p><a href=\"https:\/\/d2p6e6u75xmxt8.cloudfront.net\/13\/2023\/11\/emilia-romagna-3-scaled.webp\"><img loading=\"lazy\" decoding=\"async\" class=\"alignnone size-extra-large wp-image-24032\" src=\"https:\/\/d2p6e6u75xmxt8.cloudfront.net\/13\/2023\/11\/emilia-romagna-3-1920x1280.webp\" alt=\"Emilia Romagna Marco Pantani\" width=\"1920\" height=\"1280\" srcset=\"https:\/\/d2p6e6u75xmxt8.cloudfront.net\/13\/2023\/11\/emilia-romagna-3-1920x1280.webp 1920w, https:\/\/d2p6e6u75xmxt8.cloudfront.net\/13\/2023\/11\/emilia-romagna-3-300x200.webp 300w, https:\/\/d2p6e6u75xmxt8.cloudfront.net\/13\/2023\/11\/emilia-romagna-3-1024x683.webp 1024w, https:\/\/d2p6e6u75xmxt8.cloudfront.net\/13\/2023\/11\/emilia-romagna-3-768x512.webp 768w, https:\/\/d2p6e6u75xmxt8.cloudfront.net\/13\/2023\/11\/emilia-romagna-3-1536x1024.webp 1536w, https:\/\/d2p6e6u75xmxt8.cloudfront.net\/13\/2023\/11\/emilia-romagna-3-2048x1365.webp 2048w, https:\/\/d2p6e6u75xmxt8.cloudfront.net\/13\/2023\/11\/emilia-romagna-3-400x267.webp 400w, https:\/\/d2p6e6u75xmxt8.cloudfront.net\/13\/2023\/11\/emilia-romagna-3-272x182.webp 272w, https:\/\/d2p6e6u75xmxt8.cloudfront.net\/13\/2023\/11\/emilia-romagna-3-1920x1280.webp 1920w\" sizes=\"auto, (max-width: 1920px) 100vw, 1920px\" \/><\/a><\/p>\n<p style=\"font-weight: 400;\">Podobn\u00fd sklon m\u00e1 v\u011bt\u0161ina kopc\u016f v Emilia Romagna. I proto <a href=\"https:\/\/www.welovecycling.com\/cs\/2020\/10\/16\/kde-vyrustal-pirat-giro-vzdalo-hold-pantanimu\/\">Marco Pantani<\/a> jen v\u00fdjime\u010dn\u011b m\u00ed\u0159il na soust\u0159ed\u011bn\u00ed mimo rodnou oblast. Nepot\u0159eboval Dolomity, Alpy nebo Pyreneje b\u011bhem sv\u00fdch p\u0159\u00edpravn\u00fdch obdob\u00ed. Prost\u011b sedl v\u00a0Cesenaticu na kolo a vyrazil do kopc\u016f, kter\u00e9 vid\u011bl z\u00a0okna bytu. \u201eIl Carpegna mi basta,\u201c \u0159\u00edk\u00e1val borec p\u0159ezd\u00edvan\u00fd t\u00e9\u017e Elefantino. \u201eCarpegna mi sta\u010d\u00ed.\u201c<\/p>\n<p style=\"font-weight: 400;\">Proto jej m\u00edstn\u00ed milovali. Kdy\u017e p\u0159ibrzdil u n\u011bkter\u00e9 z\u00a0ka\u0161en pro vodu, hned se cht\u011bli obj\u00edmat. Pot\u0159\u00e1st si rukou. Pozdravit \u00a0\u201ejejich\u201c il campionissima\u2026. Skute\u010dn\u011b brali Pantaniho za vlastn\u00edho. Pro\u017e\u00edvali s\u00a0n\u00edm v\u00fdhry i prohry. I nes\u010detn\u00e9, kter\u00e9 prov\u00e1zely jeho zran\u011bn\u00ed.<\/p>\n<div class=\"shortcode-ys-post-pinup\"><article class=\"loop-simple post-17986 post type-post status-publish format-standard has-post-thumbnail hentry category-tour-de-france tag-briek-schotte tag-cukr tag-cyklistika tag-dave-zabriskie tag-eddy-merckx tag-hovezi-steak tag-johan-museeuw tag-michel-pollentier tag-richard-virenque tag-roger-lapebie tag-silnicni-cyklistika tag-strava-cyklistu tag-strava-na-tour-de-france tag-tour-de-france tag-veganstvi tag-vyziva tag-zdravi-a-trenink global-categories-cycling\" data-postid=\"17986\" role=\"article\" data-post-id=\"17986\" data-word-count=\"493\" data-headline-length=\"87\" data-category=\"Tour de France\" data-global-category=\"Cycling\" data-author=\"Adam Bouda\" data-published=\"2022-07-21T11:00:57+02:00\" data-published-day=\"Thursday\">\n    <div class=\"entry-thumbnail article-thumbnail\" content=\"https:\/\/d2p6e6u75xmxt8.cloudfront.net\/13\/2022\/07\/wlc-jidlo-profimedia-0018538651-150x150.webp\"><a href=\"https:\/\/www.welovecycling.com\/cs\/2022\/07\/21\/stavnata-historie-jidelnicku-tour-de-france-proc-peloton-decimoval-stada-hoveziho-dobytka\/\" class=\"image-holder\" target=\"_self\"><img decoding=\"async\" loading=\"lazy\" class=\"\" src=\"https:\/\/d2p6e6u75xmxt8.cloudfront.net\/13\/2022\/07\/wlc-jidlo-profimedia-0018538651-1024x701.webp\" srcset=\"https:\/\/d2p6e6u75xmxt8.cloudfront.net\/13\/2022\/07\/wlc-jidlo-profimedia-0018538651.webp 1800w, https:\/\/d2p6e6u75xmxt8.cloudfront.net\/13\/2022\/07\/wlc-jidlo-profimedia-0018538651-300x206.webp 300w, https:\/\/d2p6e6u75xmxt8.cloudfront.net\/13\/2022\/07\/wlc-jidlo-profimedia-0018538651-1024x701.webp 1024w, https:\/\/d2p6e6u75xmxt8.cloudfront.net\/13\/2022\/07\/wlc-jidlo-profimedia-0018538651-768x526.webp 768w, https:\/\/d2p6e6u75xmxt8.cloudfront.net\/13\/2022\/07\/wlc-jidlo-profimedia-0018538651-1536x1052.webp 1536w\" width=\"1024\" height=\"701\" sizes=\"auto, (min-width: 1200px) 300px, (min-width: 768px) 25vw, 100vw\" alt=\"stavnata-historie-jidelnicku-tour-de-france-proc-peloton-decimoval-stada-hoveziho-dobytka\"\/><\/a><\/div>    <div class=\"entry-meta\">\n        <a class=\"label label-secondary post-category\" href=\"https:\/\/www.welovecycling.com\/cs\/category\/tour-de-france\/\" title=\"Tour de France\">Tour de France<\/a>\n    <\/div>\n    <div class=\"entry-details\">\n        <a href=\"https:\/\/www.welovecycling.com\/cs\/2022\/07\/21\/stavnata-historie-jidelnicku-tour-de-france-proc-peloton-decimoval-stada-hoveziho-dobytka\/\" class='entry-title-wrapper'>\n            <h3 class=\"entry-title\"><span>\u0160\u0165avnat\u00e1 historie j\u00eddeln\u00ed\u010dk\u016f. Pro\u010d peloton decimoval st\u00e1da hov\u011bz\u00edho dobytka?<\/span><\/h3>\n        <\/a>\n    <\/div>\n    <\/article>\n<\/div>\n<p style=\"font-weight: 400;\">Zast\u00e1vka na k\u00e1vu \u010di dopln\u011bn\u00ed energie v\u00a0n\u011bkter\u00e9 z\u00a0kav\u00e1ren prom\u011bnila dan\u00e9 za\u0159\u00edzen\u00ed v\u00a0poutn\u00ed m\u00edsto. Cyklistika je pro Italy druh\u00fd nejpopul\u00e1rn\u011bj\u0161\u00ed sport po fotbale. A kdy\u017e m\u011bli pod Apeninami \u0161ampiona Grand Tour\u2026<\/p>\n<h2><strong>Marco Pantani z\u016fst\u00e1v\u00e1 v srdc\u00edch jako \u0161ampion<\/strong><\/h2>\n<p style=\"font-weight: 400;\">Legenda prav\u00ed, \u017ee Pir\u00e1t \u010dasto v\u00a0p\u0159estrojen\u00ed v\u00a0\u017eensk\u00fdch \u0161atech a s\u00a0parukou na hlav\u011b vyr\u00e1\u017eel do kopc\u016f Emilia Romagna na rozvrko\u010den\u00e9m bicyklu a ve stoup\u00e1n\u00edch p\u0159edj\u00ed\u017ed\u011bl v\u0161echny od hobby cyklist\u016f a\u017e po tr\u00e9nuj\u00edc\u00ed profesion\u00e1ly. To byla \u010d\u00e1st jeho osobnosti. Usm\u011bvav\u00e1, hrav\u00e1 a sout\u011b\u017eiv\u00e1. Druh\u00e1, v\u00a0podob\u011b tvrdohlavosti a uzav\u0159enosti, jej p\u0159ivedla do z\u00e1huby. Italov\u00e9 si Pantaniho spojuj\u00ed s\u00a0tou prvn\u00ed.<\/p>\n<p><a href=\"https:\/\/d2p6e6u75xmxt8.cloudfront.net\/13\/2023\/11\/Pantani-3-scaled.webp\"><img loading=\"lazy\" decoding=\"async\" class=\"alignnone size-extra-large wp-image-24042\" src=\"https:\/\/d2p6e6u75xmxt8.cloudfront.net\/13\/2023\/11\/Pantani-3-1920x1280.webp\" alt=\"\" width=\"1920\" height=\"1280\" srcset=\"https:\/\/d2p6e6u75xmxt8.cloudfront.net\/13\/2023\/11\/Pantani-3-1920x1280.webp 1920w, https:\/\/d2p6e6u75xmxt8.cloudfront.net\/13\/2023\/11\/Pantani-3-300x200.webp 300w, https:\/\/d2p6e6u75xmxt8.cloudfront.net\/13\/2023\/11\/Pantani-3-1024x683.webp 1024w, https:\/\/d2p6e6u75xmxt8.cloudfront.net\/13\/2023\/11\/Pantani-3-768x512.webp 768w, https:\/\/d2p6e6u75xmxt8.cloudfront.net\/13\/2023\/11\/Pantani-3-1536x1024.webp 1536w, https:\/\/d2p6e6u75xmxt8.cloudfront.net\/13\/2023\/11\/Pantani-3-2048x1365.webp 2048w, https:\/\/d2p6e6u75xmxt8.cloudfront.net\/13\/2023\/11\/Pantani-3-400x267.webp 400w, https:\/\/d2p6e6u75xmxt8.cloudfront.net\/13\/2023\/11\/Pantani-3-272x182.webp 272w, https:\/\/d2p6e6u75xmxt8.cloudfront.net\/13\/2023\/11\/Pantani-3-1920x1280.webp 1920w\" sizes=\"auto, (max-width: 1920px) 100vw, 1920px\" \/><\/a><\/p>\n<p style=\"font-weight: 400;\">V\u00a0jejich srdc\u00edch z\u016fst\u00e1v\u00e1 jako \u0161ampion, kter\u00fd dok\u00e1zal v\u00a0jedin\u00e9m roce vyhr\u00e1t Giro di Italia i Tour de France. P\u0159idal i druh\u00e9 a t\u0159et\u00ed m\u00edsto z\u00a0Grande Boucle, kde u\u017e od roku 1995 dr\u017e\u00ed rekord p\u0159i v\u00fdjezdu na Alpe d\u00b4Huez. Legend\u00e1rn\u00ed stoup\u00e1n\u00ed poko\u0159il za 36 minut a 50 vte\u0159in!<\/p>\n<p style=\"font-weight: 400;\">\u00a0Na \u201er\u016f\u017eov\u00e9m\u201c z\u00e1vod\u011b pod Apeninami byl jednou druh\u00fd. A v\u00a0roce 1999 byl p\u0159i Giru v\u00a0\u010dele z\u00e1vodu, kdy\u017e jej po dvac\u00e1t\u00e9 etap\u011b obvinili z\u00a0dopingu. Ze z\u00e1vodu byl vylou\u010den.<\/p>\n<p style=\"font-weight: 400;\">O rok pozd\u011bji je\u0161t\u011b p\u0159i Tour de France vyhr\u00e1l etapy do Chourchevelu a hlavn\u011b na Mont Ventoux p\u0159i legend\u00e1rn\u00ed bitv\u011b s\u00a0Lancem Armstrongem. U\u017e tehdy v\u0161ak za\u010daly jeho trable s\u00a0kokainem, kter\u00e9 vyvrcholily tragickou smrt\u00ed v\u00a0\u00fanoru 2004 v\u00a0pl\u00e1\u017eov\u00e9m hotelu v\u00a0Rimini.<\/p>\n<p><a href=\"https:\/\/d2p6e6u75xmxt8.cloudfront.net\/13\/2023\/11\/Marco-Pantani-pomnik.webp\"><img loading=\"lazy\" decoding=\"async\" class=\"alignnone size-full wp-image-24048\" src=\"https:\/\/d2p6e6u75xmxt8.cloudfront.net\/13\/2023\/11\/Marco-Pantani-pomnik.webp\" alt=\"\" width=\"707\" height=\"857\" srcset=\"https:\/\/d2p6e6u75xmxt8.cloudfront.net\/13\/2023\/11\/Marco-Pantani-pomnik.webp 707w, https:\/\/d2p6e6u75xmxt8.cloudfront.net\/13\/2023\/11\/Marco-Pantani-pomnik-247x300.webp 247w, https:\/\/d2p6e6u75xmxt8.cloudfront.net\/13\/2023\/11\/Marco-Pantani-pomnik-330x400.webp 330w\" sizes=\"auto, (max-width: 707px) 100vw, 707px\" \/><\/a><\/p>\n<p style=\"font-weight: 400;\">\u201eByl zavra\u017ed\u011bn,\u201c \u0159\u00edkaj\u00ed dodnes m\u00edstn\u00ed v\u00a0nar\u00e1\u017ece na prapodivn\u00e9 okolnosti Pir\u00e1tova \u00famrt\u00ed a hlavn\u011b tlak, jemu\u017e byl v\u00a0posledn\u00edch letech kari\u00e9ry vystaven. Jen m\u00e1lo se \u0159e\u0161\u00ed pohnut\u00fd konec spojen\u00fd s\u00a0kokainem. Italov\u00e9 na Pir\u00e1ta vzpom\u00ednaj\u00ed hlavn\u011b jako na fenomen\u00e1ln\u00edho cyklistu.<\/p>\n<p style=\"font-weight: 400;\">I proto budou prvn\u00ed etapy <a href=\"https:\/\/www.welovecycling.com\/cs\/2023\/10\/25\/trasa-tour-de-france-2024-otevrenejsi-bitva-o-titul-a-vice-sanci-pro-sprintery\/\">Tour de France 2024<\/a> nap\u0159\u00ed\u010d regionem Emilia Romagna poctou kontroverzn\u00edmu, nicm\u00e9n\u011b v\u00fdjime\u010dn\u00e9mu cyklistovi. \u201eBude to oslava cyklistiky,\u201c uji\u0161\u0165uje Andrea Manusia po v\u00fdstupu Cole del Barbotto odkud je dokonal\u00fd v\u00fdhled na v\u0161echny kopce, kter\u00e9 slou\u017eily Pir\u00e1tovi jako tr\u00e9ninkov\u00e9 prost\u0159ed\u00ed. Tady trp\u011bl, tady byl oslavov\u00e1n. Tak jako budou cyklist\u00e9 p\u0159i Grande D\u00e9part 2024.<\/p>\n","protected":false},"excerpt":{"rendered":"<p>Nedotknuteln\u00e1 modla, jej\u00ed\u017e m\u00fdtus \u017eije. Co \u017eije, p\u0159\u00edmo vzkv\u00e9t\u00e1. M\u00edstn\u00ed, a nejen oni, si vypr\u00e1v\u011bj\u00ed legendy o v\u00fdkonech Pir\u00e1ta. T\u011b\u017eko [&hellip;]<\/p>\n","protected":false},"author":138,"featured_media":24037,"comment_status":"open","ping_status":"open","sticky":false,"template":"","format":"standard","meta":{"footnotes":""},"categories":[10,1711],"tags":[3292,3288,126,3287,3286,1214,3290,3289,3291,9,23,3276],"global-categories":[411],"class_list":["post-24030","post","type-post","status-publish","format-standard","has-post-thumbnail","hentry","category-silnicni-cyklistika","category-tour-de-france","tag-cesenatiko","tag-colle-del-barbotto","tag-cyklistika","tag-emilia-romagna","tag-grand-depart-2024","tag-marco-pantani","tag-monte-carpegna","tag-monte-fumaiolo","tag-montevecchio","tag-silnicni-cyklistika","tag-tour-de-france","tag-tour-de-france-2024","global-categories-cycling"],"yoast_head":"<!-- This site is optimized with the Yoast SEO Premium plugin v25.3 (Yoast SEO v25.9) - https:\/\/yoast.com\/wordpress\/plugins\/seo\/ -->\n<title>Legenda, kter\u00e9 smrt p\u0159idala na popularit\u011b | \u0160koda We Love Cycling - \u010cesk\u00e1 republika<\/title>\n<meta name=\"description\" content=\"Nedotknuteln\u00e1 modla, jej\u00ed\u017e m\u00fdtus \u017eije. Co \u017eije, p\u0159\u00edmo vzkv\u00e9t\u00e1. M\u00edstn\u00ed, a nejen oni, si vypr\u00e1v\u011bj\u00ed legendy o v\u00fdkonech Pir\u00e1ta. T\u011b\u017eko rozkl\u00ed\u010dovat, co z\u00a0toho je pravda a co jsou pouze vyb\u00e1jen\u00e9 historky. V\u00a0srdc\u00edch a mysl\u00edch Ital\u016f ka\u017edop\u00e1dn\u011b \u017eije Marco Pantani po\u0159\u00e1d.\" \/>\n<meta name=\"robots\" content=\"index, follow, max-snippet:-1, max-image-preview:large, max-video-preview:-1\" \/>\n<link rel=\"canonical\" href=\"https:\/\/www.welovecycling.com\/cs\/2023\/11\/06\/legenda-ktere-smrt-pridala-na-popularite\/\" \/>\n<meta property=\"og:locale\" content=\"cs_CZ\" \/>\n<meta property=\"og:type\" content=\"article\" \/>\n<meta property=\"og:title\" content=\"Legenda, kter\u00e9 smrt p\u0159idala na popularit\u011b\" \/>\n<meta property=\"og:description\" content=\"Nedotknuteln\u00e1 modla, jej\u00ed\u017e m\u00fdtus \u017eije. Co \u017eije, p\u0159\u00edmo vzkv\u00e9t\u00e1. M\u00edstn\u00ed, a nejen oni, si vypr\u00e1v\u011bj\u00ed legendy o v\u00fdkonech Pir\u00e1ta. T\u011b\u017eko rozkl\u00ed\u010dovat, co z\u00a0toho je pravda a co jsou pouze vyb\u00e1jen\u00e9 historky. V\u00a0srdc\u00edch a mysl\u00edch Ital\u016f ka\u017edop\u00e1dn\u011b \u017eije Marco Pantani po\u0159\u00e1d.\" \/>\n<meta property=\"og:url\" content=\"https:\/\/www.welovecycling.com\/cs\/2023\/11\/06\/legenda-ktere-smrt-pridala-na-popularite\/\" \/>\n<meta property=\"og:site_name\" content=\"\u0160koda We Love Cycling - \u010cesk\u00e1 republika\" \/>\n<meta property=\"article:published_time\" content=\"2023-11-06T04:00:15+00:00\" \/>\n<meta property=\"article:modified_time\" content=\"2023-11-06T08:54:08+00:00\" \/>\n<meta property=\"og:image\" content=\"https:\/\/d2p6e6u75xmxt8.cloudfront.net\/13\/2023\/11\/pantani-emilia-romagna-scaled.webp\" \/>\n\t<meta property=\"og:image:width\" content=\"2560\" \/>\n\t<meta property=\"og:image:height\" content=\"1707\" \/>\n\t<meta property=\"og:image:type\" content=\"image\/webp\" \/>\n<meta name=\"author\" content=\"radekmalina\" \/>\n<meta name=\"twitter:card\" content=\"summary_large_image\" \/>\n<meta name=\"twitter:label1\" content=\"Written by\" \/>\n\t<meta name=\"twitter:data1\" content=\"Adam Bouda\" \/>\n\t<meta name=\"twitter:label2\" content=\"Est. reading time\" \/>\n\t<meta name=\"twitter:data2\" content=\"6\" \/>\n<script type=\"application\/ld+json\" class=\"yoast-schema-graph\">{\"@context\":\"https:\/\/schema.org\",\"@graph\":[{\"@type\":\"WebPage\",\"@id\":\"https:\/\/www.welovecycling.com\/cs\/2023\/11\/06\/legenda-ktere-smrt-pridala-na-popularite\/\",\"url\":\"https:\/\/www.welovecycling.com\/cs\/2023\/11\/06\/legenda-ktere-smrt-pridala-na-popularite\/\",\"name\":\"Legenda, kter\u00e9 smrt p\u0159idala na popularit\u011b | \u0160koda We Love Cycling - \u010cesk\u00e1 republika\",\"isPartOf\":{\"@id\":\"https:\/\/www.welovecycling.com\/cs\/#website\"},\"primaryImageOfPage\":{\"@id\":\"https:\/\/www.welovecycling.com\/cs\/2023\/11\/06\/legenda-ktere-smrt-pridala-na-popularite\/#primaryimage\"},\"image\":{\"@id\":\"https:\/\/www.welovecycling.com\/cs\/2023\/11\/06\/legenda-ktere-smrt-pridala-na-popularite\/#primaryimage\"},\"thumbnailUrl\":\"https:\/\/d2p6e6u75xmxt8.cloudfront.net\/13\/2023\/11\/pantani-emilia-romagna-scaled.webp\",\"datePublished\":\"2023-11-06T04:00:15+00:00\",\"dateModified\":\"2023-11-06T08:54:08+00:00\",\"author\":{\"@id\":\"https:\/\/www.welovecycling.com\/cs\/#\/schema\/person\/d9eeb0a378f3a7e4a6d12d2b536b04b8\"},\"description\":\"Nedotknuteln\u00e1 modla, jej\u00ed\u017e m\u00fdtus \u017eije. Co \u017eije, p\u0159\u00edmo vzkv\u00e9t\u00e1. M\u00edstn\u00ed, a nejen oni, si vypr\u00e1v\u011bj\u00ed legendy o v\u00fdkonech Pir\u00e1ta. T\u011b\u017eko rozkl\u00ed\u010dovat, co z\u00a0toho je pravda a co jsou pouze vyb\u00e1jen\u00e9 historky. V\u00a0srdc\u00edch a mysl\u00edch Ital\u016f ka\u017edop\u00e1dn\u011b \u017eije Marco Pantani po\u0159\u00e1d.\",\"inLanguage\":\"cs\",\"potentialAction\":[{\"@type\":\"ReadAction\",\"target\":[\"https:\/\/www.welovecycling.com\/cs\/2023\/11\/06\/legenda-ktere-smrt-pridala-na-popularite\/\"]}]},{\"@type\":\"ImageObject\",\"inLanguage\":\"cs\",\"@id\":\"https:\/\/www.welovecycling.com\/cs\/2023\/11\/06\/legenda-ktere-smrt-pridala-na-popularite\/#primaryimage\",\"url\":\"https:\/\/d2p6e6u75xmxt8.cloudfront.net\/13\/2023\/11\/pantani-emilia-romagna-scaled.webp\",\"contentUrl\":\"https:\/\/d2p6e6u75xmxt8.cloudfront.net\/13\/2023\/11\/pantani-emilia-romagna-scaled.webp\",\"width\":2560,\"height\":1707,\"caption\":\"Marco Pantani\"},{\"@type\":\"WebSite\",\"@id\":\"https:\/\/www.welovecycling.com\/cs\/#website\",\"url\":\"https:\/\/www.welovecycling.com\/cs\/\",\"name\":\"\u0160koda We Love Cycling - \u010cesk\u00e1 republika\",\"description\":\"WeLoveCycling.cz je online magaz\u00edn, kter\u00fd v\u00e1m pravideln\u011b p\u0159in\u00e1\u0161\u00ed rady a tipy, zaj\u00edmav\u00e9 \u010dl\u00e1nky, videa a jedine\u010dn\u00e9 report\u00e1\u017ee ze sv\u011bta cyklistiky.\",\"potentialAction\":[{\"@type\":\"SearchAction\",\"target\":{\"@type\":\"EntryPoint\",\"urlTemplate\":\"https:\/\/www.welovecycling.com\/cs\/?s={search_term_string}\"},\"query-input\":{\"@type\":\"PropertyValueSpecification\",\"valueRequired\":true,\"valueName\":\"search_term_string\"}}],\"inLanguage\":\"cs\"},{\"@type\":\"Person\",\"@id\":\"https:\/\/www.welovecycling.com\/cs\/#\/schema\/person\/d9eeb0a378f3a7e4a6d12d2b536b04b8\",\"name\":\"radekmalina\",\"image\":{\"@type\":\"ImageObject\",\"inLanguage\":\"cs\",\"@id\":\"https:\/\/www.welovecycling.com\/cs\/#\/schema\/person\/image\/\",\"url\":\"https:\/\/secure.gravatar.com\/avatar\/66994b632cb8c39a46b9f54afa3ae07201b678d32a54275b6f1c9ffec356bfc0?s=96&d=mm&r=g\",\"contentUrl\":\"https:\/\/secure.gravatar.com\/avatar\/66994b632cb8c39a46b9f54afa3ae07201b678d32a54275b6f1c9ffec356bfc0?s=96&d=mm&r=g\",\"caption\":\"radekmalina\"},\"url\":\"https:\/\/www.welovecycling.com\/cs\/author\/radekmalina\/\"}]}<\/script>\n<!-- \/ Yoast SEO Premium plugin. -->","yoast_head_json":{"title":"Legenda, kter\u00e9 smrt p\u0159idala na popularit\u011b | \u0160koda We Love Cycling - \u010cesk\u00e1 republika","description":"Nedotknuteln\u00e1 modla, jej\u00ed\u017e m\u00fdtus \u017eije. Co \u017eije, p\u0159\u00edmo vzkv\u00e9t\u00e1. M\u00edstn\u00ed, a nejen oni, si vypr\u00e1v\u011bj\u00ed legendy o v\u00fdkonech Pir\u00e1ta. T\u011b\u017eko rozkl\u00ed\u010dovat, co z\u00a0toho je pravda a co jsou pouze vyb\u00e1jen\u00e9 historky. V\u00a0srdc\u00edch a mysl\u00edch Ital\u016f ka\u017edop\u00e1dn\u011b \u017eije Marco Pantani po\u0159\u00e1d.","robots":{"index":"index","follow":"follow","max-snippet":"max-snippet:-1","max-image-preview":"max-image-preview:large","max-video-preview":"max-video-preview:-1"},"canonical":"https:\/\/www.welovecycling.com\/cs\/2023\/11\/06\/legenda-ktere-smrt-pridala-na-popularite\/","og_locale":"cs_CZ","og_type":"article","og_title":"Legenda, kter\u00e9 smrt p\u0159idala na popularit\u011b","og_description":"Nedotknuteln\u00e1 modla, jej\u00ed\u017e m\u00fdtus \u017eije. Co \u017eije, p\u0159\u00edmo vzkv\u00e9t\u00e1. M\u00edstn\u00ed, a nejen oni, si vypr\u00e1v\u011bj\u00ed legendy o v\u00fdkonech Pir\u00e1ta. T\u011b\u017eko rozkl\u00ed\u010dovat, co z\u00a0toho je pravda a co jsou pouze vyb\u00e1jen\u00e9 historky. V\u00a0srdc\u00edch a mysl\u00edch Ital\u016f ka\u017edop\u00e1dn\u011b \u017eije Marco Pantani po\u0159\u00e1d.","og_url":"https:\/\/www.welovecycling.com\/cs\/2023\/11\/06\/legenda-ktere-smrt-pridala-na-popularite\/","og_site_name":"\u0160koda We Love Cycling - \u010cesk\u00e1 republika","article_published_time":"2023-11-06T04:00:15+00:00","article_modified_time":"2023-11-06T08:54:08+00:00","og_image":[{"width":2560,"height":1707,"url":"https:\/\/d2p6e6u75xmxt8.cloudfront.net\/13\/2023\/11\/pantani-emilia-romagna-scaled.webp","type":"image\/webp"}],"author":"radekmalina","twitter_card":"summary_large_image","twitter_misc":{"Written by":"Adam Bouda","Est. reading time":"6"},"schema":{"@context":"https:\/\/schema.org","@graph":[{"@type":"WebPage","@id":"https:\/\/www.welovecycling.com\/cs\/2023\/11\/06\/legenda-ktere-smrt-pridala-na-popularite\/","url":"https:\/\/www.welovecycling.com\/cs\/2023\/11\/06\/legenda-ktere-smrt-pridala-na-popularite\/","name":"Legenda, kter\u00e9 smrt p\u0159idala na popularit\u011b | \u0160koda We Love Cycling - \u010cesk\u00e1 republika","isPartOf":{"@id":"https:\/\/www.welovecycling.com\/cs\/#website"},"primaryImageOfPage":{"@id":"https:\/\/www.welovecycling.com\/cs\/2023\/11\/06\/legenda-ktere-smrt-pridala-na-popularite\/#primaryimage"},"image":{"@id":"https:\/\/www.welovecycling.com\/cs\/2023\/11\/06\/legenda-ktere-smrt-pridala-na-popularite\/#primaryimage"},"thumbnailUrl":"https:\/\/d2p6e6u75xmxt8.cloudfront.net\/13\/2023\/11\/pantani-emilia-romagna-scaled.webp","datePublished":"2023-11-06T04:00:15+00:00","dateModified":"2023-11-06T08:54:08+00:00","author":{"@id":"https:\/\/www.welovecycling.com\/cs\/#\/schema\/person\/d9eeb0a378f3a7e4a6d12d2b536b04b8"},"description":"Nedotknuteln\u00e1 modla, jej\u00ed\u017e m\u00fdtus \u017eije. Co \u017eije, p\u0159\u00edmo vzkv\u00e9t\u00e1. M\u00edstn\u00ed, a nejen oni, si vypr\u00e1v\u011bj\u00ed legendy o v\u00fdkonech Pir\u00e1ta. T\u011b\u017eko rozkl\u00ed\u010dovat, co z\u00a0toho je pravda a co jsou pouze vyb\u00e1jen\u00e9 historky. V\u00a0srdc\u00edch a mysl\u00edch Ital\u016f ka\u017edop\u00e1dn\u011b \u017eije Marco Pantani po\u0159\u00e1d.","inLanguage":"cs","potentialAction":[{"@type":"ReadAction","target":["https:\/\/www.welovecycling.com\/cs\/2023\/11\/06\/legenda-ktere-smrt-pridala-na-popularite\/"]}]},{"@type":"ImageObject","inLanguage":"cs","@id":"https:\/\/www.welovecycling.com\/cs\/2023\/11\/06\/legenda-ktere-smrt-pridala-na-popularite\/#primaryimage","url":"https:\/\/d2p6e6u75xmxt8.cloudfront.net\/13\/2023\/11\/pantani-emilia-romagna-scaled.webp","contentUrl":"https:\/\/d2p6e6u75xmxt8.cloudfront.net\/13\/2023\/11\/pantani-emilia-romagna-scaled.webp","width":2560,"height":1707,"caption":"Marco Pantani"},{"@type":"WebSite","@id":"https:\/\/www.welovecycling.com\/cs\/#website","url":"https:\/\/www.welovecycling.com\/cs\/","name":"\u0160koda We Love Cycling - \u010cesk\u00e1 republika","description":"WeLoveCycling.cz je online magaz\u00edn, kter\u00fd v\u00e1m pravideln\u011b p\u0159in\u00e1\u0161\u00ed rady a tipy, zaj\u00edmav\u00e9 \u010dl\u00e1nky, videa a jedine\u010dn\u00e9 report\u00e1\u017ee ze sv\u011bta cyklistiky.","potentialAction":[{"@type":"SearchAction","target":{"@type":"EntryPoint","urlTemplate":"https:\/\/www.welovecycling.com\/cs\/?s={search_term_string}"},"query-input":{"@type":"PropertyValueSpecification","valueRequired":true,"valueName":"search_term_string"}}],"inLanguage":"cs"},{"@type":"Person","@id":"https:\/\/www.welovecycling.com\/cs\/#\/schema\/person\/d9eeb0a378f3a7e4a6d12d2b536b04b8","name":"radekmalina","image":{"@type":"ImageObject","inLanguage":"cs","@id":"https:\/\/www.welovecycling.com\/cs\/#\/schema\/person\/image\/","url":"https:\/\/secure.gravatar.com\/avatar\/66994b632cb8c39a46b9f54afa3ae07201b678d32a54275b6f1c9ffec356bfc0?s=96&d=mm&r=g","contentUrl":"https:\/\/secure.gravatar.com\/avatar\/66994b632cb8c39a46b9f54afa3ae07201b678d32a54275b6f1c9ffec356bfc0?s=96&d=mm&r=g","caption":"radekmalina"},"url":"https:\/\/www.welovecycling.com\/cs\/author\/radekmalina\/"}]}},"_links":{"self":[{"href":"https:\/\/www.welovecycling.com\/cs\/wp-json\/wp\/v2\/posts\/24030","targetHints":{"allow":["GET"]}}],"collection":[{"href":"https:\/\/www.welovecycling.com\/cs\/wp-json\/wp\/v2\/posts"}],"about":[{"href":"https:\/\/www.welovecycling.com\/cs\/wp-json\/wp\/v2\/types\/post"}],"author":[{"embeddable":true,"href":"https:\/\/www.welovecycling.com\/cs\/wp-json\/wp\/v2\/users\/138"}],"replies":[{"embeddable":true,"href":"https:\/\/www.welovecycling.com\/cs\/wp-json\/wp\/v2\/comments?post=24030"}],"version-history":[{"count":8,"href":"https:\/\/www.welovecycling.com\/cs\/wp-json\/wp\/v2\/posts\/24030\/revisions"}],"predecessor-version":[{"id":24075,"href":"https:\/\/www.welovecycling.com\/cs\/wp-json\/wp\/v2\/posts\/24030\/revisions\/24075"}],"wp:featuredmedia":[{"embeddable":true,"href":"https:\/\/www.welovecycling.com\/cs\/wp-json\/wp\/v2\/media\/24037"}],"wp:attachment":[{"href":"https:\/\/www.welovecycling.com\/cs\/wp-json\/wp\/v2\/media?parent=24030"}],"wp:term":[{"taxonomy":"category","embeddable":true,"href":"https:\/\/www.welovecycling.com\/cs\/wp-json\/wp\/v2\/categories?post=24030"},{"taxonomy":"post_tag","embeddable":true,"href":"https:\/\/www.welovecycling.com\/cs\/wp-json\/wp\/v2\/tags?post=24030"},{"taxonomy":"global-categories","embeddable":true,"href":"https:\/\/www.welovecycling.com\/cs\/wp-json\/wp\/v2\/global-categories?post=24030"}],"curies":[{"name":"wp","href":"https:\/\/api.w.org\/{rel}","templated":true}]}}