{"id":24023,"date":"2023-10-31T21:01:26","date_gmt":"2023-10-31T19:01:26","guid":{"rendered":"https:\/\/www.welovecycling.com\/cs\/?p=24023"},"modified":"2023-10-31T18:37:44","modified_gmt":"2023-10-31T16:37:44","slug":"jak-na-jizdu-ve-tme","status":"publish","type":"post","link":"https:\/\/www.welovecycling.com\/cs\/2023\/10\/31\/jak-na-jizdu-ve-tme\/","title":{"rendered":"Jak na j\u00edzdu ve tm\u011b?"},"content":{"rendered":"<p><strong>Pro n\u011bkoho jde o v\u00e1\u0161e\u0148, pro jin\u00e9ho nezbytnost! Mnoho lid\u00ed used\u00e1 na bicykl i v\u00a0pr\u016fb\u011bhu podzimn\u00edch a zimn\u00edch m\u011bs\u00edc\u016f. Jedni napl\u0148uj\u00ed tr\u00e9ninkovou touhu, dal\u0161\u00edm slou\u017e\u00ed kolo jako dopravn\u00ed prost\u0159edek k\u00a0p\u0159esunu mezi domovem a zam\u011bstn\u00e1n\u00edm. Jak by m\u011bla vypadat v\u00fdbava ka\u017ed\u00e9ho cyklisty pro zimn\u00ed obdob\u00ed z\u00a0hlediska bezpe\u010dnosti a viditelnosti? Co je pot\u0159eba pro j\u00edzdu ve tm\u011b?<\/strong><\/p>\n<p>Nen\u00ed a\u017e tak podstatn\u00e9, \u017ee p\u0159\u00edpadn\u00e9 nedostate\u010dn\u00e9 osv\u011btlen\u00ed p\u0159i no\u010dn\u00ed j\u00edzd\u011b m\u016f\u017ee znamenat pokutu. Mnohem z\u00e1sadn\u011bj\u0161\u00ed je bezpe\u010dnost v sedle kola. Spr\u00e1vn\u00fdm vybaven\u00edm eliminujete riziko karambolu v d\u016fsledku p\u0159ek\u00e1\u017eek na cest\u011b stejn\u011b jako mo\u017en\u00e9ho st\u0159etu s vozidlem.<\/p>\n<h2><strong>Sv\u011btla<\/strong><\/h2>\n<p>Jde o samoz\u0159ejmost, na kterou v\u0161ak mnoz\u00ed cyklist\u00e9 zapom\u00ednaj\u00ed. Zadn\u00ed sv\u011btlo ide\u00e1ln\u011b kombinovan\u00e9 s\u00a0blika\u010dkou by nem\u011blo chyb\u011bt na \u017e\u00e1dn\u00e9m kole. Stejn\u011b tak by cyklista m\u011bl automaticky um\u00edstit na \u0159\u00edd\u00edtka p\u0159edn\u00ed sv\u011btlo. Jen dejte pozor na intenzitu sv\u00edcen\u00ed. Modern\u00ed cyklistick\u00e9 sv\u00edtilny u\u017e maj\u00ed p\u0159ep\u00edn\u00e1n\u00ed mezi \u201ed\u00e1lkov\u00fdm\u201c a \u201epotk\u00e1vac\u00edm\u201c sv\u011btlem.<\/p>\n<div class=\"shortcode-ys-post-pinup\"><article class=\"loop-simple post-14575 post type-post status-publish format-standard has-post-thumbnail hentry category-bezpecnost tag-bezpecnost tag-cyklisticka-prilba tag-cyklistika tag-hans-von-holst tag-horska-cyklistika tag-mips tag-peter-halldin tag-zdravi-a-trenink global-categories-cycling\" data-postid=\"14575\" role=\"article\" data-post-id=\"14575\" data-word-count=\"450\" data-headline-length=\"59\" data-category=\"Bezpe\u010dnost\" data-global-category=\"Cycling\" data-author=\"Adam Bouda\" data-published=\"2021-09-24T07:00:08+02:00\" data-published-day=\"Friday\">\n    <div class=\"entry-thumbnail article-thumbnail\" content=\"https:\/\/d2p6e6u75xmxt8.cloudfront.net\/13\/2020\/09\/p\u0159ilba-MIPS-michal-\u010derven\u00fd-150x150.webp\"><a href=\"https:\/\/www.welovecycling.com\/cs\/2021\/09\/24\/tajemstvi-zkratky-mips-je-vazne-garanci-bezpecnosti\/\" class=\"image-holder\" target=\"_self\"><img decoding=\"async\" loading=\"lazy\" class=\"\" src=\"https:\/\/d2p6e6u75xmxt8.cloudfront.net\/13\/2020\/09\/p\u0159ilba-MIPS-michal-\u010derven\u00fd-1024x683.webp\" srcset=\"https:\/\/d2p6e6u75xmxt8.cloudfront.net\/13\/2020\/09\/p\u0159ilba-MIPS-michal-\u010derven\u00fd.webp 1600w, https:\/\/d2p6e6u75xmxt8.cloudfront.net\/13\/2020\/09\/p\u0159ilba-MIPS-michal-\u010derven\u00fd-300x200.webp 300w, https:\/\/d2p6e6u75xmxt8.cloudfront.net\/13\/2020\/09\/p\u0159ilba-MIPS-michal-\u010derven\u00fd-1024x683.webp 1024w, https:\/\/d2p6e6u75xmxt8.cloudfront.net\/13\/2020\/09\/p\u0159ilba-MIPS-michal-\u010derven\u00fd-768x512.webp 768w, https:\/\/d2p6e6u75xmxt8.cloudfront.net\/13\/2020\/09\/p\u0159ilba-MIPS-michal-\u010derven\u00fd-1536x1024.webp 1536w, https:\/\/d2p6e6u75xmxt8.cloudfront.net\/13\/2020\/09\/p\u0159ilba-MIPS-michal-\u010derven\u00fd-272x182.webp 272w\" width=\"1024\" height=\"683\" sizes=\"auto, (min-width: 1200px) 300px, (min-width: 768px) 25vw, 100vw\" alt=\"tajemstvi-zkratky-mips-je-vazne-garanci-bezpecnosti\"\/><\/a><\/div>    <div class=\"entry-meta\">\n        <a class=\"label label-secondary post-category\" href=\"https:\/\/www.welovecycling.com\/cs\/category\/bezpecnost\/\" title=\"Bezpe\u010dnost\">Bezpe\u010dnost<\/a>\n    <\/div>\n    <div class=\"entry-details\">\n        <a href=\"https:\/\/www.welovecycling.com\/cs\/2021\/09\/24\/tajemstvi-zkratky-mips-je-vazne-garanci-bezpecnosti\/\" class='entry-title-wrapper'>\n            <h3 class=\"entry-title\"><span>Tajemstv\u00ed zkratky MIPS. Je v\u00e1\u017en\u011b garanc\u00ed bezpe\u010dnosti?<\/span><\/h3>\n        <\/a>\n    <\/div>\n    <\/article>\n<\/div>\n<p>Podle vyhl\u00e1\u0161ky by p\u0159edn\u00ed sv\u011btlo m\u011blo sv\u00edtit souvisle, proto je dobr\u00e9 v\u0161e kombinovat s\u00a0<a href=\"https:\/\/www.welovecycling.com\/cs\/2023\/08\/04\/oci-vzadu-garmin-varia-zvysuje-bezpeci-a-pozitek-z-jizdy\/\">blika\u010dkami<\/a>. Od v\u011bci nen\u00ed ani sv\u011bt\u00fdlko \u010di blika\u010dka um\u00edst\u011bn\u00e1 na cyklistick\u00e9 p\u0159ilb\u011b. Nikdy nespekulujte, zda u\u017e nade\u0161el \u010das zapnout sv\u011btla. Nejlep\u0161\u00ed je zapnout osv\u011btlen\u00ed v okam\u017eiku startu j\u00edzdy a ne\u0159e\u0161it sv\u011btla a\u017e v pr\u016fb\u011bhu cesty.<\/p>\n<h2><strong>Reflexn\u00ed prvky<\/strong><\/h2>\n<p>Mo\u017en\u00e1 si budete p\u0159ipadat jako v\u00e1no\u010dn\u00ed strome\u010dek. Ale ni\u010demu neubl\u00ed\u017e\u00edte, pokud budete pou\u017e\u00edvat reflexn\u00ed vestu a reflexn\u00ed p\u00e1sky upnut\u00e9 t\u0159eba kolem kotn\u00edk\u016f. Pohybuj\u00edc\u00ed se kon\u010detiny s prvky odr\u00e1\u017eej\u00edc\u00edmi sv\u011btlo budou skv\u011bl\u00fdm bonusem z hlediska bezpe\u010dnosti. Kdy\u017e p\u0159id\u00e1te odrazov\u00e9 prvky p\u0159\u00edmo do v\u00fdpletu, jen pos\u00edl\u00edte vlastn\u00ed bezpe\u010dnost. Super dopl\u0148kem jsou reflexn\u00ed n\u00e1vleky na tretry!<\/p>\n<h2><strong>Reflexn\u00ed oble\u010den\u00ed<\/strong><\/h2>\n<p>Jakkoliv se b\u011bhem hlavn\u00ed cyklistick\u00e9 sezony dr\u017e\u00edte st\u0159\u00eddm\u00fdch vzor\u016f p\u0159i v\u00fdb\u011bru oble\u010den\u00ed, v podzimn\u00edm a zimn\u00edm obdob\u00ed nen\u00ed od v\u011bci se \u201eodv\u00e1zat\u201c a vybavit \u0161atn\u00edk dresy, respektive bundou, kter\u00e9 jsou hodn\u011b pestrobarevn\u00e9. Ide\u00e1ln\u011b s reflexn\u00edmi prvky vetkan\u00fdmi do l\u00e1tky. Podle v\u00fdzkum\u016f v\u00e1s \u0159idi\u010d idenfitikuje nejpozd\u011bji ve vzd\u00e1lenosti p\u011btapades\u00e1ti metr\u016f, co\u017e je dostate\u010dn\u00e1 vzd\u00e1lenost zamezit st\u0159etu.<\/p>\n<figure id=\"attachment_12227\" aria-describedby=\"caption-attachment-12227\" style=\"width: 1500px\" class=\"wp-caption alignnone\"><a href=\"https:\/\/d2p6e6u75xmxt8.cloudfront.net\/13\/2021\/04\/wlc-bezpecnost-reflexni_bunda_zn_ettore.webp\"><img loading=\"lazy\" decoding=\"async\" class=\"size-full wp-image-12227\" src=\"https:\/\/d2p6e6u75xmxt8.cloudfront.net\/13\/2021\/04\/wlc-bezpecnost-reflexni_bunda_zn_ettore.webp\" alt=\"Viditelnost cyklist\u016f v p\u0159\u00edpad\u011b j\u00edzd v pozdn\u00edch denn\u00edch \u010di no\u010dn\u00edch hodin\u00e1ch je z\u00e1kladem bezpe\u010dnosti.\" width=\"1500\" height=\"1000\" srcset=\"https:\/\/d2p6e6u75xmxt8.cloudfront.net\/13\/2021\/04\/wlc-bezpecnost-reflexni_bunda_zn_ettore.webp 1500w, https:\/\/d2p6e6u75xmxt8.cloudfront.net\/13\/2021\/04\/wlc-bezpecnost-reflexni_bunda_zn_ettore-300x200.webp 300w, https:\/\/d2p6e6u75xmxt8.cloudfront.net\/13\/2021\/04\/wlc-bezpecnost-reflexni_bunda_zn_ettore-1024x683.webp 1024w, https:\/\/d2p6e6u75xmxt8.cloudfront.net\/13\/2021\/04\/wlc-bezpecnost-reflexni_bunda_zn_ettore-768x512.webp 768w, https:\/\/d2p6e6u75xmxt8.cloudfront.net\/13\/2021\/04\/wlc-bezpecnost-reflexni_bunda_zn_ettore-272x182.webp 272w\" sizes=\"auto, (max-width: 1500px) 100vw, 1500px\" \/><\/a><figcaption id=\"caption-attachment-12227\" class=\"wp-caption-text\"><em>Viditelnost cyklist\u016f v p\u0159\u00edpad\u011b j\u00edzd v pozdn\u00edch denn\u00edch \u010di no\u010dn\u00edch hodin\u00e1ch je z\u00e1kladem bezpe\u010dnosti.<\/em><\/figcaption><\/figure>\n<p>Rozhodn\u011b se vyvarujte dres\u016f v \u010dern\u00e9m, modr\u00e9m \u010di hn\u011bd\u00e9m proveden\u00ed bez reflexn\u00edch prvk\u016f.<\/p>\n<h2><strong>Volte bezpe\u010dnou trasu<\/strong><\/h2>\n<p>Volte trasy, kterou jsou dob\u0159e osv\u011btlen\u00e9. Ide\u00e1ln\u011b vyb\u00edrejte cyklostezky nebo cesty, kde je minim\u00e1ln\u00ed provoz. A sou\u010dasn\u011b \u010d\u00edtaj\u00ed minim\u00e1ln\u00ed mno\u017estv\u00ed nep\u0159ehledn\u00fdch \u00fasek\u016f.<\/p>\n<div class=\"shortcode-ys-post-pinup\"><article class=\"loop-simple post-24011 post type-post status-publish format-standard has-post-thumbnail hentry category-rady-tipy category-silnicni-cyklistika tag-cyklistika tag-hookless-rafky tag-jak-vybrat-plaste tag-silnicni-cyklistika tag-trenink tag-tubeless global-categories-cycling\" data-postid=\"24011\" role=\"article\" data-post-id=\"24011\" data-word-count=\"551\" data-headline-length=\"40\" data-category=\"Rady &amp; tipy\" data-global-category=\"Cycling\" data-author=\"Kry\u0161tof Kopic\" data-published=\"2023-10-30T10:37:11+02:00\" data-published-day=\"Monday\">\n    <div class=\"entry-thumbnail article-thumbnail\" content=\"https:\/\/d2p6e6u75xmxt8.cloudfront.net\/13\/2023\/10\/CEM_8856-1-150x150.webp\"><a href=\"https:\/\/www.welovecycling.com\/cs\/2023\/10\/30\/jak-vybrat-plaste-na-silnicni-kolo\/\" class=\"image-holder\" target=\"_self\"><img decoding=\"async\" loading=\"lazy\" class=\"\" src=\"https:\/\/d2p6e6u75xmxt8.cloudfront.net\/13\/2023\/10\/CEM_8856-1-1024x682.webp\" srcset=\"https:\/\/d2p6e6u75xmxt8.cloudfront.net\/13\/2023\/10\/CEM_8856-1.webp 2000w, https:\/\/d2p6e6u75xmxt8.cloudfront.net\/13\/2023\/10\/CEM_8856-1-300x200.webp 300w, https:\/\/d2p6e6u75xmxt8.cloudfront.net\/13\/2023\/10\/CEM_8856-1-1024x682.webp 1024w, https:\/\/d2p6e6u75xmxt8.cloudfront.net\/13\/2023\/10\/CEM_8856-1-768x512.webp 768w, https:\/\/d2p6e6u75xmxt8.cloudfront.net\/13\/2023\/10\/CEM_8856-1-1536x1024.webp 1536w, https:\/\/d2p6e6u75xmxt8.cloudfront.net\/13\/2023\/10\/CEM_8856-1-1920x1280.webp 1920w, https:\/\/d2p6e6u75xmxt8.cloudfront.net\/13\/2023\/10\/CEM_8856-1-400x267.webp 400w, https:\/\/d2p6e6u75xmxt8.cloudfront.net\/13\/2023\/10\/CEM_8856-1-272x182.webp 272w, https:\/\/d2p6e6u75xmxt8.cloudfront.net\/13\/2023\/10\/CEM_8856-1-1920x1280.webp 1920w\" width=\"1024\" height=\"682\" sizes=\"auto, (min-width: 1200px) 300px, (min-width: 768px) 25vw, 100vw\" alt=\"jak-vybrat-plaste-na-silnicni-kolo\"\/><\/a><\/div>    <div class=\"entry-meta\">\n        <a class=\"label label-secondary post-category\" href=\"https:\/\/www.welovecycling.com\/cs\/category\/rady-tipy\/\" title=\"Rady &amp; tipy\">Rady &amp; tipy<\/a>\n    <\/div>\n    <div class=\"entry-details\">\n        <a href=\"https:\/\/www.welovecycling.com\/cs\/2023\/10\/30\/jak-vybrat-plaste-na-silnicni-kolo\/\" class='entry-title-wrapper'>\n            <h3 class=\"entry-title\"><span>Jak vybrat pl\u00e1\u0161t\u011b na silni\u010dn\u00ed kolo?<\/span><\/h3>\n        <\/a>\n    <\/div>\n    <\/article>\n<\/div>\n<p>Pokud vyberete \u00fasek pln\u00fd zat\u00e1\u010dek a nav\u00edc v\u00a0lesn\u00edm porostu, koledujete si i p\u0159es v\u0161echna mo\u017en\u00e1 osv\u011btlen\u00ed o mal\u00e9r, proto\u017ee v\u00e1s motorist\u00e9 budou registrovat pozd\u011b.<\/p>\n<h2><strong>Bu\u010fte ve spojen\u00ed<\/strong><\/h2>\n<p>A\u0165 u\u017e po setm\u011bn\u00ed usednete na kolo kv\u016fli n\u00e1vratu z pr\u00e1ce nebo podle rozpisu tr\u00e9ninkov\u00e9ho pl\u00e1nu, v\u017edy bu\u010fte ve spojen\u00ed s n\u011bk\u00fdm bl\u00edzk\u00fdm. Pokud v\u00e1s potk\u00e1 defekt nebo se jen p\u00e1r des\u00edtek metr\u016f od domova stav\u00edte v obl\u00edben\u00e9 hosp\u016fdce, dejte v\u011bd\u011bt, \u017ee jste v po\u0159\u00e1dku. Rodina p\u0159\u00edpadn\u011b nezburcuje z\u00e1chrann\u00fd integrovan\u00fd syst\u00e9m zbyte\u010dn\u011b.<\/p>\n","protected":false},"excerpt":{"rendered":"<p>Pro n\u011bkoho jde o v\u00e1\u0161e\u0148, pro jin\u00e9ho nezbytnost! Mnoho lid\u00ed used\u00e1 na bicykl i v\u00a0pr\u016fb\u011bhu podzimn\u00edch a zimn\u00edch m\u011bs\u00edc\u016f. Jedni [&hellip;]<\/p>\n","protected":false},"author":138,"featured_media":15553,"comment_status":"open","ping_status":"open","sticky":false,"template":"","format":"standard","meta":{"footnotes":""},"categories":[1],"tags":[13,3283,126,56,2683,1557,9,3282,67],"global-categories":[411],"class_list":["post-24023","post","type-post","status-publish","format-standard","has-post-thumbnail","hentry","category-bezpecnost","tag-bezpecnost","tag-cyklisticke-osvetleni","tag-cyklistika","tag-horska-cyklistika","tag-jak-byt-na-kole-videt","tag-reflexni-prvky","tag-silnicni-cyklistika","tag-svetlo-na-kole","tag-zdravi-a-trenink","global-categories-cycling"],"yoast_head":"<!-- This site is optimized with the Yoast SEO Premium plugin v25.3 (Yoast SEO v25.9) - https:\/\/yoast.com\/wordpress\/plugins\/seo\/ -->\n<title>Jak na j\u00edzdu ve tm\u011b? | \u0160koda We Love Cycling - \u010cesk\u00e1 republika<\/title>\n<meta name=\"description\" content=\"Pro n\u011bkoho jde o v\u00e1\u0161e\u0148, pro jin\u00e9ho nezbytnost! Mnoho lid\u00ed used\u00e1 na bicykl i v\u00a0pr\u016fb\u011bhu podzimn\u00edch a zimn\u00edch m\u011bs\u00edc\u016f. Jedni napl\u0148uj\u00ed tr\u00e9ninkovou touhu, dal\u0161\u00edm slou\u017e\u00ed kolo jako dopravn\u00ed prost\u0159edek k\u00a0p\u0159esunu mezi domovem a zam\u011bstn\u00e1n\u00edm. Jak by m\u011bla vypadat v\u00fdbava ka\u017ed\u00e9ho cyklisty pro zimn\u00ed obdob\u00ed z\u00a0hlediska bezpe\u010dnosti a viditelnosti? Co je pot\u0159eba pro j\u00edzdu ve tm\u011b?\" \/>\n<meta name=\"robots\" content=\"index, follow, max-snippet:-1, max-image-preview:large, max-video-preview:-1\" \/>\n<link rel=\"canonical\" href=\"https:\/\/www.welovecycling.com\/cs\/2023\/10\/31\/jak-na-jizdu-ve-tme\/\" \/>\n<meta property=\"og:locale\" content=\"cs_CZ\" \/>\n<meta property=\"og:type\" content=\"article\" \/>\n<meta property=\"og:title\" content=\"Jak na j\u00edzdu ve tm\u011b?\" \/>\n<meta property=\"og:description\" content=\"Pro n\u011bkoho jde o v\u00e1\u0161e\u0148, pro jin\u00e9ho nezbytnost! Mnoho lid\u00ed used\u00e1 na bicykl i v\u00a0pr\u016fb\u011bhu podzimn\u00edch a zimn\u00edch m\u011bs\u00edc\u016f. Jedni napl\u0148uj\u00ed tr\u00e9ninkovou touhu, dal\u0161\u00edm slou\u017e\u00ed kolo jako dopravn\u00ed prost\u0159edek k\u00a0p\u0159esunu mezi domovem a zam\u011bstn\u00e1n\u00edm. Jak by m\u011bla vypadat v\u00fdbava ka\u017ed\u00e9ho cyklisty pro zimn\u00ed obdob\u00ed z\u00a0hlediska bezpe\u010dnosti a viditelnosti? Co je pot\u0159eba pro j\u00edzdu ve tm\u011b?\" \/>\n<meta property=\"og:url\" content=\"https:\/\/www.welovecycling.com\/cs\/2023\/10\/31\/jak-na-jizdu-ve-tme\/\" \/>\n<meta property=\"og:site_name\" content=\"\u0160koda We Love Cycling - \u010cesk\u00e1 republika\" \/>\n<meta property=\"article:published_time\" content=\"2023-10-31T19:01:26+00:00\" \/>\n<meta property=\"og:image\" content=\"https:\/\/d2p6e6u75xmxt8.cloudfront.net\/13\/2021\/12\/wlc-svetla-3.webp\" \/>\n\t<meta property=\"og:image:width\" content=\"2000\" \/>\n\t<meta property=\"og:image:height\" content=\"1333\" \/>\n\t<meta property=\"og:image:type\" content=\"image\/webp\" \/>\n<meta name=\"author\" content=\"radekmalina\" \/>\n<meta name=\"twitter:card\" content=\"summary_large_image\" \/>\n<meta name=\"twitter:label1\" content=\"Written by\" \/>\n\t<meta name=\"twitter:data1\" content=\"Kry\u0161tof Kopic\" \/>\n\t<meta name=\"twitter:label2\" content=\"Est. reading time\" \/>\n\t<meta name=\"twitter:data2\" content=\"6\" \/>\n<script type=\"application\/ld+json\" class=\"yoast-schema-graph\">{\"@context\":\"https:\/\/schema.org\",\"@graph\":[{\"@type\":\"WebPage\",\"@id\":\"https:\/\/www.welovecycling.com\/cs\/2023\/10\/31\/jak-na-jizdu-ve-tme\/\",\"url\":\"https:\/\/www.welovecycling.com\/cs\/2023\/10\/31\/jak-na-jizdu-ve-tme\/\",\"name\":\"Jak na j\u00edzdu ve tm\u011b? | \u0160koda We Love Cycling - \u010cesk\u00e1 republika\",\"isPartOf\":{\"@id\":\"https:\/\/www.welovecycling.com\/cs\/#website\"},\"primaryImageOfPage\":{\"@id\":\"https:\/\/www.welovecycling.com\/cs\/2023\/10\/31\/jak-na-jizdu-ve-tme\/#primaryimage\"},\"image\":{\"@id\":\"https:\/\/www.welovecycling.com\/cs\/2023\/10\/31\/jak-na-jizdu-ve-tme\/#primaryimage\"},\"thumbnailUrl\":\"https:\/\/d2p6e6u75xmxt8.cloudfront.net\/13\/2021\/12\/wlc-svetla-3.webp\",\"datePublished\":\"2023-10-31T19:01:26+00:00\",\"author\":{\"@id\":\"https:\/\/www.welovecycling.com\/cs\/#\/schema\/person\/d9eeb0a378f3a7e4a6d12d2b536b04b8\"},\"description\":\"Pro n\u011bkoho jde o v\u00e1\u0161e\u0148, pro jin\u00e9ho nezbytnost! Mnoho lid\u00ed used\u00e1 na bicykl i v\u00a0pr\u016fb\u011bhu podzimn\u00edch a zimn\u00edch m\u011bs\u00edc\u016f. Jedni napl\u0148uj\u00ed tr\u00e9ninkovou touhu, dal\u0161\u00edm slou\u017e\u00ed kolo jako dopravn\u00ed prost\u0159edek k\u00a0p\u0159esunu mezi domovem a zam\u011bstn\u00e1n\u00edm. Jak by m\u011bla vypadat v\u00fdbava ka\u017ed\u00e9ho cyklisty pro zimn\u00ed obdob\u00ed z\u00a0hlediska bezpe\u010dnosti a viditelnosti? Co je pot\u0159eba pro j\u00edzdu ve tm\u011b?\",\"inLanguage\":\"cs\",\"potentialAction\":[{\"@type\":\"ReadAction\",\"target\":[\"https:\/\/www.welovecycling.com\/cs\/2023\/10\/31\/jak-na-jizdu-ve-tme\/\"]}]},{\"@type\":\"ImageObject\",\"inLanguage\":\"cs\",\"@id\":\"https:\/\/www.welovecycling.com\/cs\/2023\/10\/31\/jak-na-jizdu-ve-tme\/#primaryimage\",\"url\":\"https:\/\/d2p6e6u75xmxt8.cloudfront.net\/13\/2021\/12\/wlc-svetla-3.webp\",\"contentUrl\":\"https:\/\/d2p6e6u75xmxt8.cloudfront.net\/13\/2021\/12\/wlc-svetla-3.webp\",\"width\":2000,\"height\":1333},{\"@type\":\"WebSite\",\"@id\":\"https:\/\/www.welovecycling.com\/cs\/#website\",\"url\":\"https:\/\/www.welovecycling.com\/cs\/\",\"name\":\"\u0160koda We Love Cycling - \u010cesk\u00e1 republika\",\"description\":\"WeLoveCycling.cz je online magaz\u00edn, kter\u00fd v\u00e1m pravideln\u011b p\u0159in\u00e1\u0161\u00ed rady a tipy, zaj\u00edmav\u00e9 \u010dl\u00e1nky, videa a jedine\u010dn\u00e9 report\u00e1\u017ee ze sv\u011bta cyklistiky.\",\"potentialAction\":[{\"@type\":\"SearchAction\",\"target\":{\"@type\":\"EntryPoint\",\"urlTemplate\":\"https:\/\/www.welovecycling.com\/cs\/?s={search_term_string}\"},\"query-input\":{\"@type\":\"PropertyValueSpecification\",\"valueRequired\":true,\"valueName\":\"search_term_string\"}}],\"inLanguage\":\"cs\"},{\"@type\":\"Person\",\"@id\":\"https:\/\/www.welovecycling.com\/cs\/#\/schema\/person\/d9eeb0a378f3a7e4a6d12d2b536b04b8\",\"name\":\"radekmalina\",\"image\":{\"@type\":\"ImageObject\",\"inLanguage\":\"cs\",\"@id\":\"https:\/\/www.welovecycling.com\/cs\/#\/schema\/person\/image\/\",\"url\":\"https:\/\/secure.gravatar.com\/avatar\/66994b632cb8c39a46b9f54afa3ae07201b678d32a54275b6f1c9ffec356bfc0?s=96&d=mm&r=g\",\"contentUrl\":\"https:\/\/secure.gravatar.com\/avatar\/66994b632cb8c39a46b9f54afa3ae07201b678d32a54275b6f1c9ffec356bfc0?s=96&d=mm&r=g\",\"caption\":\"radekmalina\"},\"url\":\"https:\/\/www.welovecycling.com\/cs\/author\/radekmalina\/\"}]}<\/script>\n<!-- \/ Yoast SEO Premium plugin. -->","yoast_head_json":{"title":"Jak na j\u00edzdu ve tm\u011b? | \u0160koda We Love Cycling - \u010cesk\u00e1 republika","description":"Pro n\u011bkoho jde o v\u00e1\u0161e\u0148, pro jin\u00e9ho nezbytnost! Mnoho lid\u00ed used\u00e1 na bicykl i v\u00a0pr\u016fb\u011bhu podzimn\u00edch a zimn\u00edch m\u011bs\u00edc\u016f. Jedni napl\u0148uj\u00ed tr\u00e9ninkovou touhu, dal\u0161\u00edm slou\u017e\u00ed kolo jako dopravn\u00ed prost\u0159edek k\u00a0p\u0159esunu mezi domovem a zam\u011bstn\u00e1n\u00edm. Jak by m\u011bla vypadat v\u00fdbava ka\u017ed\u00e9ho cyklisty pro zimn\u00ed obdob\u00ed z\u00a0hlediska bezpe\u010dnosti a viditelnosti? Co je pot\u0159eba pro j\u00edzdu ve tm\u011b?","robots":{"index":"index","follow":"follow","max-snippet":"max-snippet:-1","max-image-preview":"max-image-preview:large","max-video-preview":"max-video-preview:-1"},"canonical":"https:\/\/www.welovecycling.com\/cs\/2023\/10\/31\/jak-na-jizdu-ve-tme\/","og_locale":"cs_CZ","og_type":"article","og_title":"Jak na j\u00edzdu ve tm\u011b?","og_description":"Pro n\u011bkoho jde o v\u00e1\u0161e\u0148, pro jin\u00e9ho nezbytnost! Mnoho lid\u00ed used\u00e1 na bicykl i v\u00a0pr\u016fb\u011bhu podzimn\u00edch a zimn\u00edch m\u011bs\u00edc\u016f. Jedni napl\u0148uj\u00ed tr\u00e9ninkovou touhu, dal\u0161\u00edm slou\u017e\u00ed kolo jako dopravn\u00ed prost\u0159edek k\u00a0p\u0159esunu mezi domovem a zam\u011bstn\u00e1n\u00edm. Jak by m\u011bla vypadat v\u00fdbava ka\u017ed\u00e9ho cyklisty pro zimn\u00ed obdob\u00ed z\u00a0hlediska bezpe\u010dnosti a viditelnosti? Co je pot\u0159eba pro j\u00edzdu ve tm\u011b?","og_url":"https:\/\/www.welovecycling.com\/cs\/2023\/10\/31\/jak-na-jizdu-ve-tme\/","og_site_name":"\u0160koda We Love Cycling - \u010cesk\u00e1 republika","article_published_time":"2023-10-31T19:01:26+00:00","og_image":[{"width":2000,"height":1333,"url":"https:\/\/d2p6e6u75xmxt8.cloudfront.net\/13\/2021\/12\/wlc-svetla-3.webp","type":"image\/webp"}],"author":"radekmalina","twitter_card":"summary_large_image","twitter_misc":{"Written by":"Kry\u0161tof Kopic","Est. reading time":"6"},"schema":{"@context":"https:\/\/schema.org","@graph":[{"@type":"WebPage","@id":"https:\/\/www.welovecycling.com\/cs\/2023\/10\/31\/jak-na-jizdu-ve-tme\/","url":"https:\/\/www.welovecycling.com\/cs\/2023\/10\/31\/jak-na-jizdu-ve-tme\/","name":"Jak na j\u00edzdu ve tm\u011b? | \u0160koda We Love Cycling - \u010cesk\u00e1 republika","isPartOf":{"@id":"https:\/\/www.welovecycling.com\/cs\/#website"},"primaryImageOfPage":{"@id":"https:\/\/www.welovecycling.com\/cs\/2023\/10\/31\/jak-na-jizdu-ve-tme\/#primaryimage"},"image":{"@id":"https:\/\/www.welovecycling.com\/cs\/2023\/10\/31\/jak-na-jizdu-ve-tme\/#primaryimage"},"thumbnailUrl":"https:\/\/d2p6e6u75xmxt8.cloudfront.net\/13\/2021\/12\/wlc-svetla-3.webp","datePublished":"2023-10-31T19:01:26+00:00","author":{"@id":"https:\/\/www.welovecycling.com\/cs\/#\/schema\/person\/d9eeb0a378f3a7e4a6d12d2b536b04b8"},"description":"Pro n\u011bkoho jde o v\u00e1\u0161e\u0148, pro jin\u00e9ho nezbytnost! Mnoho lid\u00ed used\u00e1 na bicykl i v\u00a0pr\u016fb\u011bhu podzimn\u00edch a zimn\u00edch m\u011bs\u00edc\u016f. Jedni napl\u0148uj\u00ed tr\u00e9ninkovou touhu, dal\u0161\u00edm slou\u017e\u00ed kolo jako dopravn\u00ed prost\u0159edek k\u00a0p\u0159esunu mezi domovem a zam\u011bstn\u00e1n\u00edm. Jak by m\u011bla vypadat v\u00fdbava ka\u017ed\u00e9ho cyklisty pro zimn\u00ed obdob\u00ed z\u00a0hlediska bezpe\u010dnosti a viditelnosti? Co je pot\u0159eba pro j\u00edzdu ve tm\u011b?","inLanguage":"cs","potentialAction":[{"@type":"ReadAction","target":["https:\/\/www.welovecycling.com\/cs\/2023\/10\/31\/jak-na-jizdu-ve-tme\/"]}]},{"@type":"ImageObject","inLanguage":"cs","@id":"https:\/\/www.welovecycling.com\/cs\/2023\/10\/31\/jak-na-jizdu-ve-tme\/#primaryimage","url":"https:\/\/d2p6e6u75xmxt8.cloudfront.net\/13\/2021\/12\/wlc-svetla-3.webp","contentUrl":"https:\/\/d2p6e6u75xmxt8.cloudfront.net\/13\/2021\/12\/wlc-svetla-3.webp","width":2000,"height":1333},{"@type":"WebSite","@id":"https:\/\/www.welovecycling.com\/cs\/#website","url":"https:\/\/www.welovecycling.com\/cs\/","name":"\u0160koda We Love Cycling - \u010cesk\u00e1 republika","description":"WeLoveCycling.cz je online magaz\u00edn, kter\u00fd v\u00e1m pravideln\u011b p\u0159in\u00e1\u0161\u00ed rady a tipy, zaj\u00edmav\u00e9 \u010dl\u00e1nky, videa a jedine\u010dn\u00e9 report\u00e1\u017ee ze sv\u011bta cyklistiky.","potentialAction":[{"@type":"SearchAction","target":{"@type":"EntryPoint","urlTemplate":"https:\/\/www.welovecycling.com\/cs\/?s={search_term_string}"},"query-input":{"@type":"PropertyValueSpecification","valueRequired":true,"valueName":"search_term_string"}}],"inLanguage":"cs"},{"@type":"Person","@id":"https:\/\/www.welovecycling.com\/cs\/#\/schema\/person\/d9eeb0a378f3a7e4a6d12d2b536b04b8","name":"radekmalina","image":{"@type":"ImageObject","inLanguage":"cs","@id":"https:\/\/www.welovecycling.com\/cs\/#\/schema\/person\/image\/","url":"https:\/\/secure.gravatar.com\/avatar\/66994b632cb8c39a46b9f54afa3ae07201b678d32a54275b6f1c9ffec356bfc0?s=96&d=mm&r=g","contentUrl":"https:\/\/secure.gravatar.com\/avatar\/66994b632cb8c39a46b9f54afa3ae07201b678d32a54275b6f1c9ffec356bfc0?s=96&d=mm&r=g","caption":"radekmalina"},"url":"https:\/\/www.welovecycling.com\/cs\/author\/radekmalina\/"}]}},"_links":{"self":[{"href":"https:\/\/www.welovecycling.com\/cs\/wp-json\/wp\/v2\/posts\/24023","targetHints":{"allow":["GET"]}}],"collection":[{"href":"https:\/\/www.welovecycling.com\/cs\/wp-json\/wp\/v2\/posts"}],"about":[{"href":"https:\/\/www.welovecycling.com\/cs\/wp-json\/wp\/v2\/types\/post"}],"author":[{"embeddable":true,"href":"https:\/\/www.welovecycling.com\/cs\/wp-json\/wp\/v2\/users\/138"}],"replies":[{"embeddable":true,"href":"https:\/\/www.welovecycling.com\/cs\/wp-json\/wp\/v2\/comments?post=24023"}],"version-history":[{"count":3,"href":"https:\/\/www.welovecycling.com\/cs\/wp-json\/wp\/v2\/posts\/24023\/revisions"}],"predecessor-version":[{"id":24026,"href":"https:\/\/www.welovecycling.com\/cs\/wp-json\/wp\/v2\/posts\/24023\/revisions\/24026"}],"wp:featuredmedia":[{"embeddable":true,"href":"https:\/\/www.welovecycling.com\/cs\/wp-json\/wp\/v2\/media\/15553"}],"wp:attachment":[{"href":"https:\/\/www.welovecycling.com\/cs\/wp-json\/wp\/v2\/media?parent=24023"}],"wp:term":[{"taxonomy":"category","embeddable":true,"href":"https:\/\/www.welovecycling.com\/cs\/wp-json\/wp\/v2\/categories?post=24023"},{"taxonomy":"post_tag","embeddable":true,"href":"https:\/\/www.welovecycling.com\/cs\/wp-json\/wp\/v2\/tags?post=24023"},{"taxonomy":"global-categories","embeddable":true,"href":"https:\/\/www.welovecycling.com\/cs\/wp-json\/wp\/v2\/global-categories?post=24023"}],"curies":[{"name":"wp","href":"https:\/\/api.w.org\/{rel}","templated":true}]}}