{"id":24002,"date":"2023-10-26T11:30:12","date_gmt":"2023-10-26T09:30:12","guid":{"rendered":"https:\/\/www.welovecycling.com\/cs\/?p=24002"},"modified":"2023-10-25T21:36:12","modified_gmt":"2023-10-25T19:36:12","slug":"z-rotterdamu-do-cyklistickeho-hollywoodu-tour-de-france-femmes-2024-vyvrcholi-na-oranzove-hore","status":"publish","type":"post","link":"https:\/\/www.welovecycling.com\/cs\/2023\/10\/26\/z-rotterdamu-do-cyklistickeho-hollywoodu-tour-de-france-femmes-2024-vyvrcholi-na-oranzove-hore\/","title":{"rendered":"Z\u00a0Rotterdamu do cyklistick\u00e9ho Hollywoodu! Tour de France Femmes 2024 vyvrchol\u00ed na oran\u017eov\u00e9 ho\u0159e"},"content":{"rendered":"<p><strong>Vrchol, kter\u00fd v\u00a0historii \u017eensk\u00e9 cyklistiky nem\u00e1 obdoby. Tour de France Femmes avec Zwift 2024 bude po startu v\u00a0Rotterdamu fini\u0161ovat na Alpe d\u00b4Huez, legend\u00e1rn\u00edm vrcholu, kter\u00fd ve sv\u011bt\u011b cyklistiky p\u0159edstavuje n\u011bco jako svat\u00fd gr\u00e1l!<\/strong><\/p>\n<p>\u201e\u0160ampionka Tour de France Femmes korunov\u00e1na po b\u00e1jn\u00e9m v\u00fdjezdu na Alpe d\u00b4Huez? \u010cek\u00e1 n\u00e1s kr\u00e1sn\u00e9 vyvrcholen\u00ed z\u00e1vodu, kdy\u017e peloton nejprve vyjede na nejvy\u0161\u0161\u00ed bod cel\u00e9ho ro\u010dn\u00edku Col du Glandon po dvacet kilometr\u016f dlouh\u00e9m stoup\u00e1n\u00ed, aby n\u00e1sledn\u011b poko\u0159il jednadvacet ikonick\u00fdch serpentin,\u201c hodnotila velkolep\u00e9 fin\u00e1le napl\u00e1novan\u00e9 na 18. srpna.<\/p>\n<h2><strong>Tour de France Femmes 2024 pojede p\u0159es t\u0159i zem\u011b<\/strong><\/h2>\n<p>Tour de France Femmes 2024 ustoupila olympijsk\u00fdm hr\u00e1m, kter\u00e9 host\u00ed Pa\u0159\u00ed\u017e, a posunula se do poloviny srpna. Poprv\u00e9 v historii nav\u00edc odstartuje v zahrani\u010d\u00ed, kdy\u017e Grand D\u00e9part uvid\u00ed Rotterdam. \u201eNizozemsko je velkou cyklistickou zem\u00ed. V Rotterdamu je cyklistika doma,\u201c komentovala \u00favodn\u00ed d\u011bjstv\u00ed Marion Rousse, \u0159editelka z\u00e1vodu, kter\u00fd odstartuje 12. srpna.<\/p>\n<figure id=\"attachment_23992\" aria-describedby=\"caption-attachment-23992\" style=\"width: 1800px\" class=\"wp-caption alignnone\"><a href=\"https:\/\/d2p6e6u75xmxt8.cloudfront.net\/13\/2023\/10\/profimedia-0816610446.webp\"><img loading=\"lazy\" decoding=\"async\" class=\"size-full wp-image-23992\" src=\"https:\/\/d2p6e6u75xmxt8.cloudfront.net\/13\/2023\/10\/profimedia-0816610446.webp\" alt=\"Demi Vollering\" width=\"1800\" height=\"1200\" srcset=\"https:\/\/d2p6e6u75xmxt8.cloudfront.net\/13\/2023\/10\/profimedia-0816610446.webp 1800w, https:\/\/d2p6e6u75xmxt8.cloudfront.net\/13\/2023\/10\/profimedia-0816610446-300x200.webp 300w, https:\/\/d2p6e6u75xmxt8.cloudfront.net\/13\/2023\/10\/profimedia-0816610446-1024x683.webp 1024w, https:\/\/d2p6e6u75xmxt8.cloudfront.net\/13\/2023\/10\/profimedia-0816610446-768x512.webp 768w, https:\/\/d2p6e6u75xmxt8.cloudfront.net\/13\/2023\/10\/profimedia-0816610446-1536x1024.webp 1536w, https:\/\/d2p6e6u75xmxt8.cloudfront.net\/13\/2023\/10\/profimedia-0816610446-400x267.webp 400w, https:\/\/d2p6e6u75xmxt8.cloudfront.net\/13\/2023\/10\/profimedia-0816610446-272x182.webp 272w\" sizes=\"auto, (max-width: 1800px) 100vw, 1800px\" \/><\/a><figcaption id=\"caption-attachment-23992\" class=\"wp-caption-text\"><em>Demi Vollering coby obh\u00e1jkyn\u011b prvenstv\u00ed p\u0159i prezentaci Tour de France Femmes 2024 po boku Jonase Vingegaarda. Foto: profimedia<\/em><\/figcaption><\/figure>\n<p>Hned druh\u00fd den \u010dek\u00e1 na \u017eensk\u00fd peloton pikantn\u00ed zkou\u0161ka. Dopoledne rovinat\u00e1 etapa, odpoledne kr\u00e1tk\u00e1 \u010dasovka ulicemi Rotterdamu. Ve \u010dtvrt\u00e9m d\u011bjstv\u00ed pak p\u0159ijde opravdov\u00e1 zkou\u0161ka s\u00edly a vytrvalosti. Cyklistky toti\u017e pojedou po trase, kter\u00e1 \u010d\u00e1ste\u010dn\u011b kop\u00edruje slavn\u00e9 ardensk\u00e9 klasiky Amstel Gold Race a Lutych-Basto\u0148-Lutych.<\/p>\n<div class=\"shortcode-ys-post-pinup\"><article class=\"loop-simple post-23989 post type-post status-publish format-standard has-post-thumbnail hentry category-tour-de-france tag-casovka tag-cyklistika tag-jonas-vingegaard tag-primoz-roglic tag-profil tag-remco-evenepoel tag-silnicni-cyklistika tag-tadej-pogacar tag-tour-de-france tag-tour-de-france-2024 tag-trasa-tour-de-france-2024 global-categories-cycling\" data-postid=\"23989\" role=\"article\" data-post-id=\"23989\" data-word-count=\"515\" data-headline-length=\"86\" data-category=\"Tour de France\" data-global-category=\"Cycling\" data-author=\"We Love Cycling\" data-published=\"2023-10-25T15:08:20+02:00\" data-published-day=\"Wednesday\">\n    <div class=\"entry-thumbnail article-thumbnail\" content=\"https:\/\/d2p6e6u75xmxt8.cloudfront.net\/13\/2023\/10\/profimedia-0816610475-150x150.webp\"><a href=\"https:\/\/www.welovecycling.com\/cs\/2023\/10\/25\/trasa-tour-de-france-2024-otevrenejsi-bitva-o-titul-a-vice-sanci-pro-sprintery\/\" class=\"image-holder\" target=\"_self\"><img decoding=\"async\" loading=\"lazy\" class=\"\" src=\"https:\/\/d2p6e6u75xmxt8.cloudfront.net\/13\/2023\/10\/profimedia-0816610475-1024x683.webp\" srcset=\"https:\/\/d2p6e6u75xmxt8.cloudfront.net\/13\/2023\/10\/profimedia-0816610475.webp 1800w, https:\/\/d2p6e6u75xmxt8.cloudfront.net\/13\/2023\/10\/profimedia-0816610475-300x200.webp 300w, https:\/\/d2p6e6u75xmxt8.cloudfront.net\/13\/2023\/10\/profimedia-0816610475-1024x683.webp 1024w, https:\/\/d2p6e6u75xmxt8.cloudfront.net\/13\/2023\/10\/profimedia-0816610475-768x512.webp 768w, https:\/\/d2p6e6u75xmxt8.cloudfront.net\/13\/2023\/10\/profimedia-0816610475-1536x1024.webp 1536w, https:\/\/d2p6e6u75xmxt8.cloudfront.net\/13\/2023\/10\/profimedia-0816610475-400x267.webp 400w, https:\/\/d2p6e6u75xmxt8.cloudfront.net\/13\/2023\/10\/profimedia-0816610475-272x182.webp 272w\" width=\"1024\" height=\"683\" sizes=\"auto, (min-width: 1200px) 300px, (min-width: 768px) 25vw, 100vw\" alt=\"trasa-tour-de-france-2024-otevrenejsi-bitva-o-titul-a-vice-sanci-pro-sprintery\"\/><\/a><\/div>    <div class=\"entry-meta\">\n        <a class=\"label label-secondary post-category\" href=\"https:\/\/www.welovecycling.com\/cs\/category\/tour-de-france\/\" title=\"Tour de France\">Tour de France<\/a>\n    <\/div>\n    <div class=\"entry-details\">\n        <a href=\"https:\/\/www.welovecycling.com\/cs\/2023\/10\/25\/trasa-tour-de-france-2024-otevrenejsi-bitva-o-titul-a-vice-sanci-pro-sprintery\/\" class='entry-title-wrapper'>\n            <h3 class=\"entry-title\"><span>Trasa Tour de France 2024: otev\u0159en\u011bj\u0161\u00ed bitva o titul a v\u00edce \u0161anc\u00ed pro sprintery<\/span><\/h3>\n        <\/a>\n    <\/div>\n    <\/article>\n<\/div>\n<p>P\u0159i p\u00e1t\u00e9 etap\u011b se peloton dostane po kilometrech v Nizozemsku a Belgii do Francie b\u011bhem velice kopcovit\u00e9 etapy, kde sice nen\u00ed v itiner\u00e1\u0159i \u017e\u00e1dn\u00fd brut\u00e1ln\u00ed v\u00fdjezd, ale mnoho kr\u00e1tk\u00fdch intenzivn\u00edch stoup\u00e1n\u00ed.<\/p>\n<h2><strong>Rozhoduj\u00edc\u00ed etapa \u010d\u00edt\u00e1 3900 v\u00fd\u0161kov\u00fdch metr\u016f<\/strong><\/h2>\n<p>Celkem jsou v itiner\u00e1\u0159i z\u00e1vodu t\u0159i rovinat\u00e9 etapy, jedna \u010dasovka, dv\u011b zvln\u011bn\u00e9 etapy a dv\u011b horsk\u00e9, kter\u00e9 p\u0159ijdou na z\u00e1v\u011br. Rozhoduj\u00edc\u00ed bitva se odehraje s dojezdem na ho\u0159e, kter\u00e1 je naz\u00fdv\u00e1na jako Hollywood cyklistiky a kv\u016fli obrovsk\u00e9mu mno\u017estv\u00ed fanou\u0161k\u016f \u201eoranjes\u201c si rovn\u011b\u017e vyslou\u017eila p\u0159\u00edvlastek nizozemsk\u00e1 hora. Celkem z\u00e1vodnice budou muset p\u0159ed c\u00edlovou branou v <a href=\"https:\/\/www.welovecycling.com\/cs\/2022\/07\/13\/svaty-gral-vrcharu-hollywood-cyklistiky-alpe-dhuez\/\">Alpe d\u00b4Huez<\/a> zdolat osm\u00fd den z\u00e1vodu 3900 v\u00fd\u0161kov\u00fdch metr\u016f, kdy\u017e jako p\u0159edkrm mus\u00ed vystoupat na Col du Glandon ve v\u00fd\u0161ce 1924 metr\u016f.<\/p>\n<p>\u201e\u017densk\u00e1 cyklistika za\u017e\u00edv\u00e1 nejlep\u0161\u00ed obdob\u00ed sv\u00e9 historie. Popularita a z\u00e1jem b\u011bhem leto\u0161n\u00edho ro\u010dn\u00edku n\u00e1s p\u0159ekvapil. Douf\u00e1m, \u017ee Tour de France Femmes tento trend potvrd\u00ed,\u201c p\u0159\u00e1la si Marion Rousse po prezentaci trasy dlouh\u00e9 celkem \u00a0946,3 kilometr\u016f.<\/p>\n","protected":false},"excerpt":{"rendered":"<p>Vrchol, kter\u00fd v\u00a0historii \u017eensk\u00e9 cyklistiky nem\u00e1 obdoby. Tour de France Femmes avec Zwift 2024 bude po startu v\u00a0Rotterdamu fini\u0161ovat na [&hellip;]<\/p>\n","protected":false},"author":138,"featured_media":17899,"comment_status":"open","ping_status":"open","sticky":false,"template":"","format":"standard","meta":{"footnotes":""},"categories":[1711],"tags":[126,9,23,3279],"global-categories":[],"class_list":["post-24002","post","type-post","status-publish","format-standard","has-post-thumbnail","hentry","category-tour-de-france","tag-cyklistika","tag-silnicni-cyklistika","tag-tour-de-france","tag-tour-de-france-femmes-2024"],"yoast_head":"<!-- This site is optimized with the Yoast SEO Premium plugin v25.3 (Yoast SEO v25.9) - https:\/\/yoast.com\/wordpress\/plugins\/seo\/ -->\n<title>Z\u00a0Rotterdamu do cyklistick\u00e9ho Hollywoodu! Tour de France Femmes 2024 vyvrchol\u00ed na oran\u017eov\u00e9 ho\u0159e | \u0160koda We Love Cycling - \u010cesk\u00e1 republika<\/title>\n<meta name=\"description\" content=\"Vrchol, kter\u00fd v\u00a0historii \u017eensk\u00e9 cyklistiky nem\u00e1 obdoby. Tour de France Femmes avec Zwift 2024 bude po startu v\u00a0Rotterdamu fini\u0161ovat na Alpe d\u00b4Huez, legend\u00e1rn\u00edm vrcholu, kter\u00fd ve sv\u011bt\u011b cyklistiky p\u0159edstavuje n\u011bco jako svat\u00fd gr\u00e1l!\" \/>\n<meta name=\"robots\" content=\"index, follow, max-snippet:-1, max-image-preview:large, max-video-preview:-1\" \/>\n<link rel=\"canonical\" href=\"https:\/\/www.welovecycling.com\/cs\/2023\/10\/26\/z-rotterdamu-do-cyklistickeho-hollywoodu-tour-de-france-femmes-2024-vyvrcholi-na-oranzove-hore\/\" \/>\n<meta property=\"og:locale\" content=\"cs_CZ\" \/>\n<meta property=\"og:type\" content=\"article\" \/>\n<meta property=\"og:title\" content=\"Z\u00a0Rotterdamu do cyklistick\u00e9ho Hollywoodu! Tour de France Femmes 2024 vyvrchol\u00ed na oran\u017eov\u00e9 ho\u0159e\" \/>\n<meta property=\"og:description\" content=\"Vrchol, kter\u00fd v\u00a0historii \u017eensk\u00e9 cyklistiky nem\u00e1 obdoby. Tour de France Femmes avec Zwift 2024 bude po startu v\u00a0Rotterdamu fini\u0161ovat na Alpe d\u00b4Huez, legend\u00e1rn\u00edm vrcholu, kter\u00fd ve sv\u011bt\u011b cyklistiky p\u0159edstavuje n\u011bco jako svat\u00fd gr\u00e1l!\" \/>\n<meta property=\"og:url\" content=\"https:\/\/www.welovecycling.com\/cs\/2023\/10\/26\/z-rotterdamu-do-cyklistickeho-hollywoodu-tour-de-france-femmes-2024-vyvrcholi-na-oranzove-hore\/\" \/>\n<meta property=\"og:site_name\" content=\"\u0160koda We Love Cycling - \u010cesk\u00e1 republika\" \/>\n<meta property=\"article:published_time\" content=\"2023-10-26T09:30:12+00:00\" \/>\n<meta property=\"og:image\" content=\"https:\/\/d2p6e6u75xmxt8.cloudfront.net\/13\/2022\/07\/Alpe-dHuez-profimedia-0253838734.webp\" \/>\n\t<meta property=\"og:image:width\" content=\"1800\" \/>\n\t<meta property=\"og:image:height\" content=\"1198\" \/>\n\t<meta property=\"og:image:type\" content=\"image\/webp\" \/>\n<meta name=\"author\" content=\"radekmalina\" \/>\n<meta name=\"twitter:card\" content=\"summary_large_image\" \/>\n<meta name=\"twitter:label1\" content=\"Written by\" \/>\n\t<meta name=\"twitter:data1\" content=\"We Love Cycling\" \/>\n\t<meta name=\"twitter:label2\" content=\"Est. reading time\" \/>\n\t<meta name=\"twitter:data2\" content=\"6\" \/>\n<script type=\"application\/ld+json\" class=\"yoast-schema-graph\">{\"@context\":\"https:\/\/schema.org\",\"@graph\":[{\"@type\":\"WebPage\",\"@id\":\"https:\/\/www.welovecycling.com\/cs\/2023\/10\/26\/z-rotterdamu-do-cyklistickeho-hollywoodu-tour-de-france-femmes-2024-vyvrcholi-na-oranzove-hore\/\",\"url\":\"https:\/\/www.welovecycling.com\/cs\/2023\/10\/26\/z-rotterdamu-do-cyklistickeho-hollywoodu-tour-de-france-femmes-2024-vyvrcholi-na-oranzove-hore\/\",\"name\":\"Z\u00a0Rotterdamu do cyklistick\u00e9ho Hollywoodu! Tour de France Femmes 2024 vyvrchol\u00ed na oran\u017eov\u00e9 ho\u0159e | \u0160koda We Love Cycling - \u010cesk\u00e1 republika\",\"isPartOf\":{\"@id\":\"https:\/\/www.welovecycling.com\/cs\/#website\"},\"primaryImageOfPage\":{\"@id\":\"https:\/\/www.welovecycling.com\/cs\/2023\/10\/26\/z-rotterdamu-do-cyklistickeho-hollywoodu-tour-de-france-femmes-2024-vyvrcholi-na-oranzove-hore\/#primaryimage\"},\"image\":{\"@id\":\"https:\/\/www.welovecycling.com\/cs\/2023\/10\/26\/z-rotterdamu-do-cyklistickeho-hollywoodu-tour-de-france-femmes-2024-vyvrcholi-na-oranzove-hore\/#primaryimage\"},\"thumbnailUrl\":\"https:\/\/d2p6e6u75xmxt8.cloudfront.net\/13\/2022\/07\/Alpe-dHuez-profimedia-0253838734.webp\",\"datePublished\":\"2023-10-26T09:30:12+00:00\",\"author\":{\"@id\":\"https:\/\/www.welovecycling.com\/cs\/#\/schema\/person\/d9eeb0a378f3a7e4a6d12d2b536b04b8\"},\"description\":\"Vrchol, kter\u00fd v\u00a0historii \u017eensk\u00e9 cyklistiky nem\u00e1 obdoby. Tour de France Femmes avec Zwift 2024 bude po startu v\u00a0Rotterdamu fini\u0161ovat na Alpe d\u00b4Huez, legend\u00e1rn\u00edm vrcholu, kter\u00fd ve sv\u011bt\u011b cyklistiky p\u0159edstavuje n\u011bco jako svat\u00fd gr\u00e1l!\",\"inLanguage\":\"cs\",\"potentialAction\":[{\"@type\":\"ReadAction\",\"target\":[\"https:\/\/www.welovecycling.com\/cs\/2023\/10\/26\/z-rotterdamu-do-cyklistickeho-hollywoodu-tour-de-france-femmes-2024-vyvrcholi-na-oranzove-hore\/\"]}]},{\"@type\":\"ImageObject\",\"inLanguage\":\"cs\",\"@id\":\"https:\/\/www.welovecycling.com\/cs\/2023\/10\/26\/z-rotterdamu-do-cyklistickeho-hollywoodu-tour-de-france-femmes-2024-vyvrcholi-na-oranzove-hore\/#primaryimage\",\"url\":\"https:\/\/d2p6e6u75xmxt8.cloudfront.net\/13\/2022\/07\/Alpe-dHuez-profimedia-0253838734.webp\",\"contentUrl\":\"https:\/\/d2p6e6u75xmxt8.cloudfront.net\/13\/2022\/07\/Alpe-dHuez-profimedia-0253838734.webp\",\"width\":1800,\"height\":1198},{\"@type\":\"WebSite\",\"@id\":\"https:\/\/www.welovecycling.com\/cs\/#website\",\"url\":\"https:\/\/www.welovecycling.com\/cs\/\",\"name\":\"\u0160koda We Love Cycling - \u010cesk\u00e1 republika\",\"description\":\"WeLoveCycling.cz je online magaz\u00edn, kter\u00fd v\u00e1m pravideln\u011b p\u0159in\u00e1\u0161\u00ed rady a tipy, zaj\u00edmav\u00e9 \u010dl\u00e1nky, videa a jedine\u010dn\u00e9 report\u00e1\u017ee ze sv\u011bta cyklistiky.\",\"potentialAction\":[{\"@type\":\"SearchAction\",\"target\":{\"@type\":\"EntryPoint\",\"urlTemplate\":\"https:\/\/www.welovecycling.com\/cs\/?s={search_term_string}\"},\"query-input\":{\"@type\":\"PropertyValueSpecification\",\"valueRequired\":true,\"valueName\":\"search_term_string\"}}],\"inLanguage\":\"cs\"},{\"@type\":\"Person\",\"@id\":\"https:\/\/www.welovecycling.com\/cs\/#\/schema\/person\/d9eeb0a378f3a7e4a6d12d2b536b04b8\",\"name\":\"radekmalina\",\"image\":{\"@type\":\"ImageObject\",\"inLanguage\":\"cs\",\"@id\":\"https:\/\/www.welovecycling.com\/cs\/#\/schema\/person\/image\/\",\"url\":\"https:\/\/secure.gravatar.com\/avatar\/66994b632cb8c39a46b9f54afa3ae07201b678d32a54275b6f1c9ffec356bfc0?s=96&d=mm&r=g\",\"contentUrl\":\"https:\/\/secure.gravatar.com\/avatar\/66994b632cb8c39a46b9f54afa3ae07201b678d32a54275b6f1c9ffec356bfc0?s=96&d=mm&r=g\",\"caption\":\"radekmalina\"},\"url\":\"https:\/\/www.welovecycling.com\/cs\/author\/radekmalina\/\"}]}<\/script>\n<!-- \/ Yoast SEO Premium plugin. -->","yoast_head_json":{"title":"Z\u00a0Rotterdamu do cyklistick\u00e9ho Hollywoodu! Tour de France Femmes 2024 vyvrchol\u00ed na oran\u017eov\u00e9 ho\u0159e | \u0160koda We Love Cycling - \u010cesk\u00e1 republika","description":"Vrchol, kter\u00fd v\u00a0historii \u017eensk\u00e9 cyklistiky nem\u00e1 obdoby. Tour de France Femmes avec Zwift 2024 bude po startu v\u00a0Rotterdamu fini\u0161ovat na Alpe d\u00b4Huez, legend\u00e1rn\u00edm vrcholu, kter\u00fd ve sv\u011bt\u011b cyklistiky p\u0159edstavuje n\u011bco jako svat\u00fd gr\u00e1l!","robots":{"index":"index","follow":"follow","max-snippet":"max-snippet:-1","max-image-preview":"max-image-preview:large","max-video-preview":"max-video-preview:-1"},"canonical":"https:\/\/www.welovecycling.com\/cs\/2023\/10\/26\/z-rotterdamu-do-cyklistickeho-hollywoodu-tour-de-france-femmes-2024-vyvrcholi-na-oranzove-hore\/","og_locale":"cs_CZ","og_type":"article","og_title":"Z\u00a0Rotterdamu do cyklistick\u00e9ho Hollywoodu! Tour de France Femmes 2024 vyvrchol\u00ed na oran\u017eov\u00e9 ho\u0159e","og_description":"Vrchol, kter\u00fd v\u00a0historii \u017eensk\u00e9 cyklistiky nem\u00e1 obdoby. Tour de France Femmes avec Zwift 2024 bude po startu v\u00a0Rotterdamu fini\u0161ovat na Alpe d\u00b4Huez, legend\u00e1rn\u00edm vrcholu, kter\u00fd ve sv\u011bt\u011b cyklistiky p\u0159edstavuje n\u011bco jako svat\u00fd gr\u00e1l!","og_url":"https:\/\/www.welovecycling.com\/cs\/2023\/10\/26\/z-rotterdamu-do-cyklistickeho-hollywoodu-tour-de-france-femmes-2024-vyvrcholi-na-oranzove-hore\/","og_site_name":"\u0160koda We Love Cycling - \u010cesk\u00e1 republika","article_published_time":"2023-10-26T09:30:12+00:00","og_image":[{"width":1800,"height":1198,"url":"https:\/\/d2p6e6u75xmxt8.cloudfront.net\/13\/2022\/07\/Alpe-dHuez-profimedia-0253838734.webp","type":"image\/webp"}],"author":"radekmalina","twitter_card":"summary_large_image","twitter_misc":{"Written by":"We Love Cycling","Est. reading time":"6"},"schema":{"@context":"https:\/\/schema.org","@graph":[{"@type":"WebPage","@id":"https:\/\/www.welovecycling.com\/cs\/2023\/10\/26\/z-rotterdamu-do-cyklistickeho-hollywoodu-tour-de-france-femmes-2024-vyvrcholi-na-oranzove-hore\/","url":"https:\/\/www.welovecycling.com\/cs\/2023\/10\/26\/z-rotterdamu-do-cyklistickeho-hollywoodu-tour-de-france-femmes-2024-vyvrcholi-na-oranzove-hore\/","name":"Z\u00a0Rotterdamu do cyklistick\u00e9ho Hollywoodu! Tour de France Femmes 2024 vyvrchol\u00ed na oran\u017eov\u00e9 ho\u0159e | \u0160koda We Love Cycling - \u010cesk\u00e1 republika","isPartOf":{"@id":"https:\/\/www.welovecycling.com\/cs\/#website"},"primaryImageOfPage":{"@id":"https:\/\/www.welovecycling.com\/cs\/2023\/10\/26\/z-rotterdamu-do-cyklistickeho-hollywoodu-tour-de-france-femmes-2024-vyvrcholi-na-oranzove-hore\/#primaryimage"},"image":{"@id":"https:\/\/www.welovecycling.com\/cs\/2023\/10\/26\/z-rotterdamu-do-cyklistickeho-hollywoodu-tour-de-france-femmes-2024-vyvrcholi-na-oranzove-hore\/#primaryimage"},"thumbnailUrl":"https:\/\/d2p6e6u75xmxt8.cloudfront.net\/13\/2022\/07\/Alpe-dHuez-profimedia-0253838734.webp","datePublished":"2023-10-26T09:30:12+00:00","author":{"@id":"https:\/\/www.welovecycling.com\/cs\/#\/schema\/person\/d9eeb0a378f3a7e4a6d12d2b536b04b8"},"description":"Vrchol, kter\u00fd v\u00a0historii \u017eensk\u00e9 cyklistiky nem\u00e1 obdoby. Tour de France Femmes avec Zwift 2024 bude po startu v\u00a0Rotterdamu fini\u0161ovat na Alpe d\u00b4Huez, legend\u00e1rn\u00edm vrcholu, kter\u00fd ve sv\u011bt\u011b cyklistiky p\u0159edstavuje n\u011bco jako svat\u00fd gr\u00e1l!","inLanguage":"cs","potentialAction":[{"@type":"ReadAction","target":["https:\/\/www.welovecycling.com\/cs\/2023\/10\/26\/z-rotterdamu-do-cyklistickeho-hollywoodu-tour-de-france-femmes-2024-vyvrcholi-na-oranzove-hore\/"]}]},{"@type":"ImageObject","inLanguage":"cs","@id":"https:\/\/www.welovecycling.com\/cs\/2023\/10\/26\/z-rotterdamu-do-cyklistickeho-hollywoodu-tour-de-france-femmes-2024-vyvrcholi-na-oranzove-hore\/#primaryimage","url":"https:\/\/d2p6e6u75xmxt8.cloudfront.net\/13\/2022\/07\/Alpe-dHuez-profimedia-0253838734.webp","contentUrl":"https:\/\/d2p6e6u75xmxt8.cloudfront.net\/13\/2022\/07\/Alpe-dHuez-profimedia-0253838734.webp","width":1800,"height":1198},{"@type":"WebSite","@id":"https:\/\/www.welovecycling.com\/cs\/#website","url":"https:\/\/www.welovecycling.com\/cs\/","name":"\u0160koda We Love Cycling - \u010cesk\u00e1 republika","description":"WeLoveCycling.cz je online magaz\u00edn, kter\u00fd v\u00e1m pravideln\u011b p\u0159in\u00e1\u0161\u00ed rady a tipy, zaj\u00edmav\u00e9 \u010dl\u00e1nky, videa a jedine\u010dn\u00e9 report\u00e1\u017ee ze sv\u011bta cyklistiky.","potentialAction":[{"@type":"SearchAction","target":{"@type":"EntryPoint","urlTemplate":"https:\/\/www.welovecycling.com\/cs\/?s={search_term_string}"},"query-input":{"@type":"PropertyValueSpecification","valueRequired":true,"valueName":"search_term_string"}}],"inLanguage":"cs"},{"@type":"Person","@id":"https:\/\/www.welovecycling.com\/cs\/#\/schema\/person\/d9eeb0a378f3a7e4a6d12d2b536b04b8","name":"radekmalina","image":{"@type":"ImageObject","inLanguage":"cs","@id":"https:\/\/www.welovecycling.com\/cs\/#\/schema\/person\/image\/","url":"https:\/\/secure.gravatar.com\/avatar\/66994b632cb8c39a46b9f54afa3ae07201b678d32a54275b6f1c9ffec356bfc0?s=96&d=mm&r=g","contentUrl":"https:\/\/secure.gravatar.com\/avatar\/66994b632cb8c39a46b9f54afa3ae07201b678d32a54275b6f1c9ffec356bfc0?s=96&d=mm&r=g","caption":"radekmalina"},"url":"https:\/\/www.welovecycling.com\/cs\/author\/radekmalina\/"}]}},"_links":{"self":[{"href":"https:\/\/www.welovecycling.com\/cs\/wp-json\/wp\/v2\/posts\/24002","targetHints":{"allow":["GET"]}}],"collection":[{"href":"https:\/\/www.welovecycling.com\/cs\/wp-json\/wp\/v2\/posts"}],"about":[{"href":"https:\/\/www.welovecycling.com\/cs\/wp-json\/wp\/v2\/types\/post"}],"author":[{"embeddable":true,"href":"https:\/\/www.welovecycling.com\/cs\/wp-json\/wp\/v2\/users\/138"}],"replies":[{"embeddable":true,"href":"https:\/\/www.welovecycling.com\/cs\/wp-json\/wp\/v2\/comments?post=24002"}],"version-history":[{"count":4,"href":"https:\/\/www.welovecycling.com\/cs\/wp-json\/wp\/v2\/posts\/24002\/revisions"}],"predecessor-version":[{"id":24006,"href":"https:\/\/www.welovecycling.com\/cs\/wp-json\/wp\/v2\/posts\/24002\/revisions\/24006"}],"wp:featuredmedia":[{"embeddable":true,"href":"https:\/\/www.welovecycling.com\/cs\/wp-json\/wp\/v2\/media\/17899"}],"wp:attachment":[{"href":"https:\/\/www.welovecycling.com\/cs\/wp-json\/wp\/v2\/media?parent=24002"}],"wp:term":[{"taxonomy":"category","embeddable":true,"href":"https:\/\/www.welovecycling.com\/cs\/wp-json\/wp\/v2\/categories?post=24002"},{"taxonomy":"post_tag","embeddable":true,"href":"https:\/\/www.welovecycling.com\/cs\/wp-json\/wp\/v2\/tags?post=24002"},{"taxonomy":"global-categories","embeddable":true,"href":"https:\/\/www.welovecycling.com\/cs\/wp-json\/wp\/v2\/global-categories?post=24002"}],"curies":[{"name":"wp","href":"https:\/\/api.w.org\/{rel}","templated":true}]}}