{"id":23933,"date":"2023-10-19T14:48:36","date_gmt":"2023-10-19T12:48:36","guid":{"rendered":"https:\/\/www.welovecycling.com\/cs\/?p=23933"},"modified":"2023-10-19T14:49:36","modified_gmt":"2023-10-19T12:49:36","slug":"istrie-cyklisticka-romantika-kde-berou-dech-nejen-vyhledy","status":"publish","type":"post","link":"https:\/\/www.welovecycling.com\/cs\/2023\/10\/19\/istrie-cyklisticka-romantika-kde-berou-dech-nejen-vyhledy\/","title":{"rendered":"Tip na cyklov\u00fdlet &#8211; Istrie: cyklistick\u00e1 romantika, kde berou dech nejen v\u00fdhledy"},"content":{"rendered":"<p><strong>Hodiny v sedle kola p\u0159i j\u00edzd\u011b malebnou krajinou, kter\u00e1 v\u00e1m v kombinaci s ter\u00e9nem bude br\u00e1t dech! Prost\u0159ed\u00ed pro oby\u010dejn\u00e9 naj\u00ed\u017ed\u011bn\u00ed kilometr\u016f i intervalov\u00e9 tr\u00e9ninky. V\u0161e ve vzd\u00e1lenosti dosa\u017eiteln\u00e9 autem za p\u00e1r hodin. Tak m\u016f\u017ee vypadat zp\u016fsob, jak si prodlou\u017eit cyklistickou sezonu nebo naopak odstartovat novou, pokud se c\u00edlem va\u0161\u00ed cesty stane Istrie.<\/strong><\/p>\n<p>Chorvatsk\u00fd poloostrov p\u0159edstavuje celoro\u010dn\u011b atraktivn\u00ed cykloturistickou destinaci, p\u0159i\u010dem\u017e zejm\u00e9na severoz\u00e1pad Istrie nab\u00edz\u00ed skv\u011blou infrastrukturu pro silni\u010dn\u00ed i horsk\u00e1 kola.<\/p>\n<p>Ve vnitrozem\u00ed se m\u016f\u017eete hodiny \u201etoulat\u201c poklidn\u00fdmi zem\u011bd\u011blsk\u00fdmi oblastmi nebo se kochat pob\u0159e\u017e\u00edm lemovan\u00fdm tyrkysov\u00fdmi vodami Jadranu. Nejv\u011bt\u0161\u00ed zaj\u00edmavost\u00ed Istrie je vysok\u00e1 koncentrace st\u0159edov\u011bk\u00fdch m\u011bste\u010dek postaven\u00fdch na vrcholech kopc\u016f, kter\u00e9 jim poskytovaly p\u0159irozenou ochranu. Dnes jako c\u00edle vyj\u00ed\u017ed\u011bk a tr\u00e9nink\u016f p\u0159isp\u00edvaj\u00ed ke zlep\u0161en\u00ed kondice ka\u017ed\u00e9ho cyklisty. A m\u00edsto prachoby\u010dejn\u00e9ho naj\u00ed\u017ed\u011bn\u00ed kilometr\u016f m\u011bn\u00ed &#8222;\u0161vihy&#8220; v cesty za pozn\u00e1n\u00edm.<\/p>\n<h2><strong>Istrie nab\u00edz\u00ed pot\u011b\u0161en\u00ed na silnici i v ter\u00e9nu<\/strong><\/h2>\n<p>Romantick\u00e1 m\u011bste\u010dka a pevnosti jako Motovun, Vi\u017einada, Oprtalj, Buje, Momjan, Gro\u017enjan, Zavr\u0161je a mnoh\u00e9 dal\u0161\u00ed jsou skute\u010dnou v\u00fdzvou. Odm\u011bnou pak m\u016f\u017ee b\u00fdt posezen\u00ed v\u00a0n\u011bkter\u00e9 z\u00a0autentick\u00fdch istrijsk\u00fdch hosp\u016fdek. Na mnoha m\u00edstech naraz\u00edte na agroturistick\u00e9 objekty \u010di vinn\u00e9 skl\u00edpky, kde m\u016f\u017eete doplnit energii v\u00a0jedine\u010dn\u00e9m prost\u0159ed\u00ed.<\/p>\n<p>P\u0159esto\u017ee a\u017e na v\u00fdjimky nepojedete dramaticky vysoko, rozhodn\u011b nelze o\u010dek\u00e1vat, \u017ee zdej\u0161\u00ed ter\u00e9ny nejsou dostate\u010dnou prov\u011brkou pro nohy ka\u017ed\u00e9ho cyklisty, a\u0165 u\u017e na sklonku sezony \u010di jej\u00edm za\u010d\u00e1tku. Pozvoln\u00e1 stoup\u00e1n\u00ed st\u0159\u00eddaj\u00ed prudk\u00e9 stojky. Na z\u00e1padn\u00ed stran\u011b nab\u00edz\u00ed Istrie ter\u00e9ny p\u0159eci jen m\u00edrn\u011bj\u0161\u00ed. Pokud vyraz\u00edte na v\u00fdchodn\u00ed pob\u0159e\u017e\u00ed, m\u016f\u017eete v\u00a0sedle klidn\u011b \u0161plhat vysoko p\u0159es tis\u00edc metr\u016f nad mo\u0159em.<\/p>\n<figure id=\"attachment_23812\" aria-describedby=\"caption-attachment-23812\" style=\"width: 1238px\" class=\"wp-caption alignnone\"><a href=\"https:\/\/d2p6e6u75xmxt8.cloudfront.net\/13\/2023\/10\/istria-300-foto-2.webp\"><img loading=\"lazy\" decoding=\"async\" class=\"size-full wp-image-23812\" src=\"https:\/\/d2p6e6u75xmxt8.cloudfront.net\/13\/2023\/10\/istria-300-foto-2.webp\" alt=\"Istria 300\" width=\"1238\" height=\"825\" srcset=\"https:\/\/d2p6e6u75xmxt8.cloudfront.net\/13\/2023\/10\/istria-300-foto-2.webp 1238w, https:\/\/d2p6e6u75xmxt8.cloudfront.net\/13\/2023\/10\/istria-300-foto-2-300x200.webp 300w, https:\/\/d2p6e6u75xmxt8.cloudfront.net\/13\/2023\/10\/istria-300-foto-2-1024x682.webp 1024w, https:\/\/d2p6e6u75xmxt8.cloudfront.net\/13\/2023\/10\/istria-300-foto-2-768x512.webp 768w, https:\/\/d2p6e6u75xmxt8.cloudfront.net\/13\/2023\/10\/istria-300-foto-2-400x267.webp 400w, https:\/\/d2p6e6u75xmxt8.cloudfront.net\/13\/2023\/10\/istria-300-foto-2-272x182.webp 272w\" sizes=\"auto, (max-width: 1238px) 100vw, 1238px\" \/><\/a><figcaption id=\"caption-attachment-23812\" class=\"wp-caption-text\"><em>Istrie nab\u00edz\u00ed v sedle kola jedine\u010dn\u00e9 z\u00e1\u017eitky.<\/em><\/figcaption><\/figure>\n<p>Istrie v\u0161ak nen\u00ed zem\u00ed zasl\u00edbenou jen silni\u010dn\u00ed cyklistice. Nab\u00edz\u00ed standardizovan\u00e9 zna\u010den\u00ed cyklostezek, p\u0159i\u010dem\u017e ka\u017ed\u00e1 trasa m\u00e1 unik\u00e1tn\u00ed \u010d\u00edseln\u00e9 ozna\u010den\u00ed a barevn\u011b vymezenou obt\u00ed\u017enost, aby si svoje na\u0161li fyzicky zdatn\u00ed bike\u0159i i t\u0159eba rodiny s d\u011btmi. Je tud\u00ed\u017e \u00fapln\u011b jedno, zda jste zku\u0161en\u00fdm cyklistou nebo pro v\u00e1s kolo p\u0159edstavuje jen prost\u0159edek k pozn\u00e1v\u00e1n\u00ed kr\u00e1s zdej\u0161\u00edho kraje. Jen t\u011b\u017eko byste toti\u017e hledali architektonickou pozoruhodnost i p\u0159\u00edrodn\u011b v\u00fdjime\u010dnou lokalitu, ke kter\u00e9 nevede silni\u010dka nebo cyklistick\u00e1 stezka.<\/p>\n<div class=\"shortcode-ys-post-pinup\"><article class=\"loop-simple post-23876 post type-post status-publish format-standard has-post-thumbnail hentry category-silnicni-cyklistika tag-cyklistika tag-jayco-alula tag-konec-kariery tag-operace-kycelni-tepny tag-silnicni-cyklistika tag-smlouva tag-soudal-quick-step tag-zdenek-stybar tag-zdravi global-categories-cycling\" data-postid=\"23876\" role=\"article\" data-post-id=\"23876\" data-word-count=\"613\" data-headline-length=\"59\" data-category=\"Silni\u010dn\u00ed cyklistika\" data-global-category=\"Cycling\" data-author=\"Radek Malina\" data-published=\"2023-10-15T18:00:50+02:00\" data-published-day=\"Sunday\">\n    <div class=\"entry-thumbnail article-thumbnail\" content=\"https:\/\/d2p6e6u75xmxt8.cloudfront.net\/13\/2022\/10\/stybar-BrychtaJan_ME_Mnichov_20220813_111900_DSC_8781-150x150.webp\"><a href=\"https:\/\/www.welovecycling.com\/cs\/2023\/10\/15\/zdenek-stybar-posledni-rok-jsem-zavodil-na-jedne-noze\/\" class=\"image-holder\" target=\"_self\"><img decoding=\"async\" loading=\"lazy\" class=\"\" src=\"https:\/\/d2p6e6u75xmxt8.cloudfront.net\/13\/2022\/10\/stybar-BrychtaJan_ME_Mnichov_20220813_111900_DSC_8781-1024x681.webp\" srcset=\"https:\/\/d2p6e6u75xmxt8.cloudfront.net\/13\/2022\/10\/stybar-BrychtaJan_ME_Mnichov_20220813_111900_DSC_8781.webp 2000w, https:\/\/d2p6e6u75xmxt8.cloudfront.net\/13\/2022\/10\/stybar-BrychtaJan_ME_Mnichov_20220813_111900_DSC_8781-300x200.webp 300w, https:\/\/d2p6e6u75xmxt8.cloudfront.net\/13\/2022\/10\/stybar-BrychtaJan_ME_Mnichov_20220813_111900_DSC_8781-1024x681.webp 1024w, https:\/\/d2p6e6u75xmxt8.cloudfront.net\/13\/2022\/10\/stybar-BrychtaJan_ME_Mnichov_20220813_111900_DSC_8781-768x511.webp 768w, https:\/\/d2p6e6u75xmxt8.cloudfront.net\/13\/2022\/10\/stybar-BrychtaJan_ME_Mnichov_20220813_111900_DSC_8781-1536x1022.webp 1536w, https:\/\/d2p6e6u75xmxt8.cloudfront.net\/13\/2022\/10\/stybar-BrychtaJan_ME_Mnichov_20220813_111900_DSC_8781-1920x1278.webp 1920w, https:\/\/d2p6e6u75xmxt8.cloudfront.net\/13\/2022\/10\/stybar-BrychtaJan_ME_Mnichov_20220813_111900_DSC_8781-272x182.webp 272w, https:\/\/d2p6e6u75xmxt8.cloudfront.net\/13\/2022\/10\/stybar-BrychtaJan_ME_Mnichov_20220813_111900_DSC_8781-1920x1278.webp 1920w\" width=\"1024\" height=\"681\" sizes=\"auto, (min-width: 1200px) 300px, (min-width: 768px) 25vw, 100vw\" alt=\"zdenek-stybar-posledni-rok-jsem-zavodil-na-jedne-noze\"\/><\/a><\/div>    <div class=\"entry-meta\">\n        <a class=\"label label-secondary post-category\" href=\"https:\/\/www.welovecycling.com\/cs\/category\/silnicni-cyklistika\/\" title=\"Silni\u010dn\u00ed cyklistika\">Silni\u010dn\u00ed cyklistika<\/a>\n    <\/div>\n    <div class=\"entry-details\">\n        <a href=\"https:\/\/www.welovecycling.com\/cs\/2023\/10\/15\/zdenek-stybar-posledni-rok-jsem-zavodil-na-jedne-noze\/\" class='entry-title-wrapper'>\n            <h3 class=\"entry-title\"><span>Zden\u011bk \u0160tybar: Posledn\u00ed rok jsem z\u00e1vodil na jedn\u00e9 noze<\/span><\/h3>\n        <\/a>\n    <\/div>\n    <\/article>\n<\/div>\n<p>A mno\u017estv\u00ed atraktivn\u00edch c\u00edlov\u00fdch m\u00edst je nep\u0159ebern\u00e9. Pro bikery se nab\u00edz\u00ed jedine\u010dn\u00e1 cyklostezka Parenzana \u2013 Cesta zdrav\u00ed a p\u0159\u00e1telstv\u00ed. Z It\u00e1lie p\u0159es Slovinsko do Chorvatska po trase zanikl\u00e9 \u017eeleznice. Vede z Terstu do Pore\u010de, zahrnuje dev\u011bt tunel\u016f, jeden\u00e1ct most\u016f a \u0161est viadukt\u016f, p\u0159i\u010dem\u017e nejv\u011bt\u0161\u00ed porce z trasy v podob\u011b 78 kilometr\u016f vede po chorvatsk\u00e9m \u00fazem\u00ed, zat\u00edmco Slovinsko obhospoda\u0159uje 32 kilometr\u016f stezky a It\u00e1lie 13 kilometr\u016f.<\/p>\n<figure id=\"attachment_23817\" aria-describedby=\"caption-attachment-23817\" style=\"width: 1237px\" class=\"wp-caption alignnone\"><a href=\"https:\/\/d2p6e6u75xmxt8.cloudfront.net\/13\/2023\/10\/istria-300-foto-8.webp\"><img loading=\"lazy\" decoding=\"async\" class=\"size-full wp-image-23817\" src=\"https:\/\/d2p6e6u75xmxt8.cloudfront.net\/13\/2023\/10\/istria-300-foto-8.webp\" alt=\"Istria 300\" width=\"1237\" height=\"825\" srcset=\"https:\/\/d2p6e6u75xmxt8.cloudfront.net\/13\/2023\/10\/istria-300-foto-8.webp 1237w, https:\/\/d2p6e6u75xmxt8.cloudfront.net\/13\/2023\/10\/istria-300-foto-8-300x200.webp 300w, https:\/\/d2p6e6u75xmxt8.cloudfront.net\/13\/2023\/10\/istria-300-foto-8-1024x683.webp 1024w, https:\/\/d2p6e6u75xmxt8.cloudfront.net\/13\/2023\/10\/istria-300-foto-8-768x512.webp 768w, https:\/\/d2p6e6u75xmxt8.cloudfront.net\/13\/2023\/10\/istria-300-foto-8-400x267.webp 400w, https:\/\/d2p6e6u75xmxt8.cloudfront.net\/13\/2023\/10\/istria-300-foto-8-272x182.webp 272w\" sizes=\"auto, (max-width: 1237px) 100vw, 1237px\" \/><\/a><figcaption id=\"caption-attachment-23817\" class=\"wp-caption-text\"><em>M\u011bste\u010dko Oprtalj je jedn\u00edm z atraktivn\u00edch c\u00edl\u016f p\u0159i v\u00fdletu ze z\u00e1padn\u00edho pob\u0159e\u017e\u00ed Istrie.<\/em><\/figcaption><\/figure>\n<p>Dal\u0161\u00edm l\u00e1kadlem je t\u0159eba vodop\u00e1d Sopot, jen\u017e je nejv\u011bt\u0161\u00ed na Istrii. Na ja\u0159e a na podzim m\u00e1 nejv\u011bt\u0161\u00ed pr\u016ftok vody. Nebo nejstar\u0161\u00ed maj\u00e1k na Jadranu, kter\u00fd je u\u017e z roku 1818 v Savudriji a jako prvn\u00ed na star\u00e9m kontinentu m\u011bl tu v\u00fdsadu, \u017ee se zde pou\u017e\u00edval sv\u00edtiplyn.<\/p>\n<p>Podle pov\u011bsti nechal maj\u00e1k postavit hrab\u011b Matternich pro mladou chorvatskou \u0161lechti\u010dnu, kter\u00e1 v\u0161ak zem\u0159ela ve stejn\u00fd den, kdy byl maj\u00e1k dokon\u010den. Hrab\u011b n\u00e1sledn\u011b nikdy do maj\u00e1ku nevstoupil. Ka\u017edop\u00e1dn\u011b nen\u00ed n\u00e1hoda, \u017ee se \u010dasto naz\u00fdv\u00e1 jako Maj\u00e1k l\u00e1sky.<\/p>\n<h2><strong>Ubytov\u00e1n\u00ed? Valamar se specializuje na cyklisty<\/strong><\/h2>\n<p>Celkem sto dvan\u00e1ct ubytovac\u00edch za\u0159\u00edzen\u00ed na poloostrov\u011b Istrie rozd\u011blen\u00fdch do kategori\u00ed od hotel\u016f po dovolenkov\u00e9 domy se \u0159ad\u00ed do bikefriendly ubytovac\u00edho sch\u00e9matu Istra Bike &amp; Bed. A\u017e budete hledat ubytov\u00e1n\u00ed, zkuste n\u011bkter\u00fd z hotel\u016f komplexu Valamar. V m\u011bs\u00edc\u00edch mimo hlavn\u00ed turistickou sezonu nab\u00edz\u00ed p\u0159\u00edzniv\u00e9 ceny.<\/p>\n<p><a href=\"https:\/\/d2p6e6u75xmxt8.cloudfront.net\/13\/2023\/10\/valamar.webp\"><img loading=\"lazy\" decoding=\"async\" class=\"alignnone size-full wp-image-23939\" src=\"https:\/\/d2p6e6u75xmxt8.cloudfront.net\/13\/2023\/10\/valamar.webp\" alt=\"\" width=\"1237\" height=\"825\" srcset=\"https:\/\/d2p6e6u75xmxt8.cloudfront.net\/13\/2023\/10\/valamar.webp 1237w, https:\/\/d2p6e6u75xmxt8.cloudfront.net\/13\/2023\/10\/valamar-300x200.webp 300w, https:\/\/d2p6e6u75xmxt8.cloudfront.net\/13\/2023\/10\/valamar-1024x683.webp 1024w, https:\/\/d2p6e6u75xmxt8.cloudfront.net\/13\/2023\/10\/valamar-768x512.webp 768w, https:\/\/d2p6e6u75xmxt8.cloudfront.net\/13\/2023\/10\/valamar-400x267.webp 400w, https:\/\/d2p6e6u75xmxt8.cloudfront.net\/13\/2023\/10\/valamar-272x182.webp 272w\" sizes=\"auto, (max-width: 1237px) 100vw, 1237px\" \/><\/a><\/p>\n<p>Resorty nav\u00edc poskytuj\u00ed prodlou\u017een\u00e9 v\u00edkendy pln\u00e9 tr\u00e9ninku a z\u00e1bavy na dvou kolech. Programy jsou p\u0159itom koncipov\u00e1ny jak pro pokro\u010dil\u00e9 cyklisty, tak pro rekrea\u010dn\u00ed sportovce. Valamar se zam\u011b\u0159uje na cyklistickou klientelu, co\u017e pozn\u00e1te od skladby j\u00eddeln\u00ed\u010dku a\u017e po vst\u0159\u00edcnost z hlediska p\u00e9\u010de o kolo a jeho uskladn\u011bn\u00ed.<\/p>\n<div class=\"shortcode-ys-post-pinup\"><article class=\"loop-simple post-23869 post type-post status-publish format-standard has-post-thumbnail hentry category-zeny tag-cyklistika tag-horska-cyklistika tag-jak-maji-zeny-vybrat-cyklisticke-sedlo tag-sedlo tag-silnicni-cyklistika tag-zdravi tag-zeny tag-zeny-a-vyber-sedla global-categories-cycling\" data-postid=\"23869\" role=\"article\" data-post-id=\"23869\" data-word-count=\"608\" data-headline-length=\"42\" data-category=\"\u017deny\" data-global-category=\"Cycling\" data-author=\"Marek Novotn\u00fd\" data-published=\"2023-10-13T09:49:36+02:00\" data-published-day=\"Friday\">\n    <div class=\"entry-thumbnail article-thumbnail\" content=\"https:\/\/d2p6e6u75xmxt8.cloudfront.net\/13\/2022\/11\/posedla-Joyseat_vyroba1-150x150.webp\"><a href=\"https:\/\/www.welovecycling.com\/cs\/2023\/10\/13\/jak-maji-zeny-vybrat-cyklisticke-sedlo\/\" class=\"image-holder\" target=\"_self\"><img decoding=\"async\" loading=\"lazy\" class=\"\" src=\"https:\/\/d2p6e6u75xmxt8.cloudfront.net\/13\/2022\/11\/posedla-Joyseat_vyroba1-1024x682.webp\" srcset=\"https:\/\/d2p6e6u75xmxt8.cloudfront.net\/13\/2022\/11\/posedla-Joyseat_vyroba1.webp 2048w, https:\/\/d2p6e6u75xmxt8.cloudfront.net\/13\/2022\/11\/posedla-Joyseat_vyroba1-300x200.webp 300w, https:\/\/d2p6e6u75xmxt8.cloudfront.net\/13\/2022\/11\/posedla-Joyseat_vyroba1-1024x682.webp 1024w, https:\/\/d2p6e6u75xmxt8.cloudfront.net\/13\/2022\/11\/posedla-Joyseat_vyroba1-768x512.webp 768w, https:\/\/d2p6e6u75xmxt8.cloudfront.net\/13\/2022\/11\/posedla-Joyseat_vyroba1-1536x1023.webp 1536w, https:\/\/d2p6e6u75xmxt8.cloudfront.net\/13\/2022\/11\/posedla-Joyseat_vyroba1-1920x1279.webp 1920w, https:\/\/d2p6e6u75xmxt8.cloudfront.net\/13\/2022\/11\/posedla-Joyseat_vyroba1-272x182.webp 272w, https:\/\/d2p6e6u75xmxt8.cloudfront.net\/13\/2022\/11\/posedla-Joyseat_vyroba1-1920x1279.webp 1920w\" width=\"1024\" height=\"682\" sizes=\"auto, (min-width: 1200px) 300px, (min-width: 768px) 25vw, 100vw\" alt=\"jak-maji-zeny-vybrat-cyklisticke-sedlo\"\/><\/a><\/div>    <div class=\"entry-meta\">\n        <a class=\"label label-secondary post-category\" href=\"https:\/\/www.welovecycling.com\/cs\/category\/zeny\/\" title=\"\u017deny\">\u017deny<\/a>\n    <\/div>\n    <div class=\"entry-details\">\n        <a href=\"https:\/\/www.welovecycling.com\/cs\/2023\/10\/13\/jak-maji-zeny-vybrat-cyklisticke-sedlo\/\" class='entry-title-wrapper'>\n            <h3 class=\"entry-title\"><span>Jak maj\u00ed \u017eeny vybrat cyklistick\u00e9 sedlo?<\/span><\/h3>\n        <\/a>\n    <\/div>\n    <\/article>\n<\/div>\n<p>Skv\u011bl\u00fdm pomocn\u00edkem pro cyklistick\u00e9 nov\u00e1\u010dky m\u00ed\u0159\u00edc\u00ed na Istrii m\u016f\u017ee b\u00fdt web istria-bike.com, kde naleznete v\u00edce ne\u017e sto dvacet tras v\u010detn\u011b sou\u0159adnic GPX pro silni\u010dn\u00ed, gravel i horsk\u00e1 kola.<\/p>\n","protected":false},"excerpt":{"rendered":"<p>Hodiny v sedle kola p\u0159i j\u00edzd\u011b malebnou krajinou, kter\u00e1 v\u00e1m v kombinaci s ter\u00e9nem bude br\u00e1t dech! Prost\u0159ed\u00ed pro oby\u010dejn\u00e9 [&hellip;]<\/p>\n","protected":false},"author":138,"featured_media":23940,"comment_status":"open","ping_status":"open","sticky":false,"template":"","format":"standard","meta":{"footnotes":""},"categories":[10,167],"tags":[3266,126,3263,56,2870,3264,2999,9,27,67,3265],"global-categories":[411],"class_list":["post-23933","post","type-post","status-publish","format-standard","has-post-thumbnail","hentry","category-silnicni-cyklistika","category-tipy-na-vylet","tag-cyklisticky-trenink","tag-cyklistika","tag-cyklististika-na-istrii","tag-horska-cyklistika","tag-istrie","tag-istrie-a-cyklistika","tag-jarni-soustredeni","tag-silnicni-cyklistika","tag-trenink","tag-zdravi-a-trenink","tag-zimni-soustredeni","global-categories-cycling"],"yoast_head":"<!-- This site is optimized with the Yoast SEO Premium plugin v25.3 (Yoast SEO v25.9) - https:\/\/yoast.com\/wordpress\/plugins\/seo\/ -->\n<title>Tip na cyklov\u00fdlet - Istrie: cyklistick\u00e1 romantika, kde berou dech nejen v\u00fdhledy | \u0160koda We Love Cycling - \u010cesk\u00e1 republika<\/title>\n<meta name=\"description\" content=\"Hodiny v\u00a0sedle kola malebnou krajinou, kter\u00e1 v\u00e1m v\u00a0kombinaci s\u00a0ter\u00e9nem bude br\u00e1t dech! Prost\u0159ed\u00ed pro oby\u010dejn\u00e9 naj\u00ed\u017ed\u011bn\u00ed kilometr\u016f i intervalov\u00e9 tr\u00e9ninky. V\u0161e v\u00a0p\u0159ijateln\u00e9 vzd\u00e1lenosti dosa\u017eiteln\u00e9 autem. Tak m\u016f\u017ee vypadat zp\u016fsob, jak si prodlou\u017eit cyklistickou sezonu nebo naopak odstartovat tu novou, pokud se c\u00edlem va\u0161\u00ed cesty stane Istrie.\" \/>\n<meta name=\"robots\" content=\"index, follow, max-snippet:-1, max-image-preview:large, max-video-preview:-1\" \/>\n<link rel=\"canonical\" href=\"https:\/\/www.welovecycling.com\/cs\/2023\/10\/19\/istrie-cyklisticka-romantika-kde-berou-dech-nejen-vyhledy\/\" \/>\n<meta property=\"og:locale\" content=\"cs_CZ\" \/>\n<meta property=\"og:type\" content=\"article\" \/>\n<meta property=\"og:title\" content=\"Tip na cyklov\u00fdlet - Istrie: cyklistick\u00e1 romantika, kde berou dech nejen v\u00fdhledy\" \/>\n<meta property=\"og:description\" content=\"Hodiny v\u00a0sedle kola malebnou krajinou, kter\u00e1 v\u00e1m v\u00a0kombinaci s\u00a0ter\u00e9nem bude br\u00e1t dech! Prost\u0159ed\u00ed pro oby\u010dejn\u00e9 naj\u00ed\u017ed\u011bn\u00ed kilometr\u016f i intervalov\u00e9 tr\u00e9ninky. V\u0161e v\u00a0p\u0159ijateln\u00e9 vzd\u00e1lenosti dosa\u017eiteln\u00e9 autem. Tak m\u016f\u017ee vypadat zp\u016fsob, jak si prodlou\u017eit cyklistickou sezonu nebo naopak odstartovat tu novou, pokud se c\u00edlem va\u0161\u00ed cesty stane Istrie.\" \/>\n<meta property=\"og:url\" content=\"https:\/\/www.welovecycling.com\/cs\/2023\/10\/19\/istrie-cyklisticka-romantika-kde-berou-dech-nejen-vyhledy\/\" \/>\n<meta property=\"og:site_name\" content=\"\u0160koda We Love Cycling - \u010cesk\u00e1 republika\" \/>\n<meta property=\"article:published_time\" content=\"2023-10-19T12:48:36+00:00\" \/>\n<meta property=\"article:modified_time\" content=\"2023-10-19T12:49:36+00:00\" \/>\n<meta property=\"og:image\" content=\"https:\/\/d2p6e6u75xmxt8.cloudfront.net\/13\/2023\/10\/profimedia-0705449083.webp\" \/>\n\t<meta property=\"og:image:width\" content=\"1800\" \/>\n\t<meta property=\"og:image:height\" content=\"1199\" \/>\n\t<meta property=\"og:image:type\" content=\"image\/webp\" \/>\n<meta name=\"author\" content=\"radekmalina\" \/>\n<meta name=\"twitter:card\" content=\"summary_large_image\" \/>\n<meta name=\"twitter:label1\" content=\"Written by\" \/>\n\t<meta name=\"twitter:data1\" content=\"Marek Novotn\u00fd\" \/>\n\t<meta name=\"twitter:label2\" content=\"Est. reading time\" \/>\n\t<meta name=\"twitter:data2\" content=\"7\" \/>\n<script type=\"application\/ld+json\" class=\"yoast-schema-graph\">{\"@context\":\"https:\/\/schema.org\",\"@graph\":[{\"@type\":\"WebPage\",\"@id\":\"https:\/\/www.welovecycling.com\/cs\/2023\/10\/19\/istrie-cyklisticka-romantika-kde-berou-dech-nejen-vyhledy\/\",\"url\":\"https:\/\/www.welovecycling.com\/cs\/2023\/10\/19\/istrie-cyklisticka-romantika-kde-berou-dech-nejen-vyhledy\/\",\"name\":\"Tip na cyklov\u00fdlet - Istrie: cyklistick\u00e1 romantika, kde berou dech nejen v\u00fdhledy | \u0160koda We Love Cycling - \u010cesk\u00e1 republika\",\"isPartOf\":{\"@id\":\"https:\/\/www.welovecycling.com\/cs\/#website\"},\"primaryImageOfPage\":{\"@id\":\"https:\/\/www.welovecycling.com\/cs\/2023\/10\/19\/istrie-cyklisticka-romantika-kde-berou-dech-nejen-vyhledy\/#primaryimage\"},\"image\":{\"@id\":\"https:\/\/www.welovecycling.com\/cs\/2023\/10\/19\/istrie-cyklisticka-romantika-kde-berou-dech-nejen-vyhledy\/#primaryimage\"},\"thumbnailUrl\":\"https:\/\/d2p6e6u75xmxt8.cloudfront.net\/13\/2023\/10\/profimedia-0705449083.webp\",\"datePublished\":\"2023-10-19T12:48:36+00:00\",\"dateModified\":\"2023-10-19T12:49:36+00:00\",\"author\":{\"@id\":\"https:\/\/www.welovecycling.com\/cs\/#\/schema\/person\/d9eeb0a378f3a7e4a6d12d2b536b04b8\"},\"description\":\"Hodiny v\u00a0sedle kola malebnou krajinou, kter\u00e1 v\u00e1m v\u00a0kombinaci s\u00a0ter\u00e9nem bude br\u00e1t dech! Prost\u0159ed\u00ed pro oby\u010dejn\u00e9 naj\u00ed\u017ed\u011bn\u00ed kilometr\u016f i intervalov\u00e9 tr\u00e9ninky. V\u0161e v\u00a0p\u0159ijateln\u00e9 vzd\u00e1lenosti dosa\u017eiteln\u00e9 autem. Tak m\u016f\u017ee vypadat zp\u016fsob, jak si prodlou\u017eit cyklistickou sezonu nebo naopak odstartovat tu novou, pokud se c\u00edlem va\u0161\u00ed cesty stane Istrie.\",\"inLanguage\":\"cs\",\"potentialAction\":[{\"@type\":\"ReadAction\",\"target\":[\"https:\/\/www.welovecycling.com\/cs\/2023\/10\/19\/istrie-cyklisticka-romantika-kde-berou-dech-nejen-vyhledy\/\"]}]},{\"@type\":\"ImageObject\",\"inLanguage\":\"cs\",\"@id\":\"https:\/\/www.welovecycling.com\/cs\/2023\/10\/19\/istrie-cyklisticka-romantika-kde-berou-dech-nejen-vyhledy\/#primaryimage\",\"url\":\"https:\/\/d2p6e6u75xmxt8.cloudfront.net\/13\/2023\/10\/profimedia-0705449083.webp\",\"contentUrl\":\"https:\/\/d2p6e6u75xmxt8.cloudfront.net\/13\/2023\/10\/profimedia-0705449083.webp\",\"width\":1800,\"height\":1199},{\"@type\":\"WebSite\",\"@id\":\"https:\/\/www.welovecycling.com\/cs\/#website\",\"url\":\"https:\/\/www.welovecycling.com\/cs\/\",\"name\":\"\u0160koda We Love Cycling - \u010cesk\u00e1 republika\",\"description\":\"WeLoveCycling.cz je online magaz\u00edn, kter\u00fd v\u00e1m pravideln\u011b p\u0159in\u00e1\u0161\u00ed rady a tipy, zaj\u00edmav\u00e9 \u010dl\u00e1nky, videa a jedine\u010dn\u00e9 report\u00e1\u017ee ze sv\u011bta cyklistiky.\",\"potentialAction\":[{\"@type\":\"SearchAction\",\"target\":{\"@type\":\"EntryPoint\",\"urlTemplate\":\"https:\/\/www.welovecycling.com\/cs\/?s={search_term_string}\"},\"query-input\":{\"@type\":\"PropertyValueSpecification\",\"valueRequired\":true,\"valueName\":\"search_term_string\"}}],\"inLanguage\":\"cs\"},{\"@type\":\"Person\",\"@id\":\"https:\/\/www.welovecycling.com\/cs\/#\/schema\/person\/d9eeb0a378f3a7e4a6d12d2b536b04b8\",\"name\":\"radekmalina\",\"image\":{\"@type\":\"ImageObject\",\"inLanguage\":\"cs\",\"@id\":\"https:\/\/www.welovecycling.com\/cs\/#\/schema\/person\/image\/\",\"url\":\"https:\/\/secure.gravatar.com\/avatar\/66994b632cb8c39a46b9f54afa3ae07201b678d32a54275b6f1c9ffec356bfc0?s=96&d=mm&r=g\",\"contentUrl\":\"https:\/\/secure.gravatar.com\/avatar\/66994b632cb8c39a46b9f54afa3ae07201b678d32a54275b6f1c9ffec356bfc0?s=96&d=mm&r=g\",\"caption\":\"radekmalina\"},\"url\":\"https:\/\/www.welovecycling.com\/cs\/author\/radekmalina\/\"}]}<\/script>\n<!-- \/ Yoast SEO Premium plugin. -->","yoast_head_json":{"title":"Tip na cyklov\u00fdlet - Istrie: cyklistick\u00e1 romantika, kde berou dech nejen v\u00fdhledy | \u0160koda We Love Cycling - \u010cesk\u00e1 republika","description":"Hodiny v\u00a0sedle kola malebnou krajinou, kter\u00e1 v\u00e1m v\u00a0kombinaci s\u00a0ter\u00e9nem bude br\u00e1t dech! Prost\u0159ed\u00ed pro oby\u010dejn\u00e9 naj\u00ed\u017ed\u011bn\u00ed kilometr\u016f i intervalov\u00e9 tr\u00e9ninky. V\u0161e v\u00a0p\u0159ijateln\u00e9 vzd\u00e1lenosti dosa\u017eiteln\u00e9 autem. Tak m\u016f\u017ee vypadat zp\u016fsob, jak si prodlou\u017eit cyklistickou sezonu nebo naopak odstartovat tu novou, pokud se c\u00edlem va\u0161\u00ed cesty stane Istrie.","robots":{"index":"index","follow":"follow","max-snippet":"max-snippet:-1","max-image-preview":"max-image-preview:large","max-video-preview":"max-video-preview:-1"},"canonical":"https:\/\/www.welovecycling.com\/cs\/2023\/10\/19\/istrie-cyklisticka-romantika-kde-berou-dech-nejen-vyhledy\/","og_locale":"cs_CZ","og_type":"article","og_title":"Tip na cyklov\u00fdlet - Istrie: cyklistick\u00e1 romantika, kde berou dech nejen v\u00fdhledy","og_description":"Hodiny v\u00a0sedle kola malebnou krajinou, kter\u00e1 v\u00e1m v\u00a0kombinaci s\u00a0ter\u00e9nem bude br\u00e1t dech! Prost\u0159ed\u00ed pro oby\u010dejn\u00e9 naj\u00ed\u017ed\u011bn\u00ed kilometr\u016f i intervalov\u00e9 tr\u00e9ninky. V\u0161e v\u00a0p\u0159ijateln\u00e9 vzd\u00e1lenosti dosa\u017eiteln\u00e9 autem. Tak m\u016f\u017ee vypadat zp\u016fsob, jak si prodlou\u017eit cyklistickou sezonu nebo naopak odstartovat tu novou, pokud se c\u00edlem va\u0161\u00ed cesty stane Istrie.","og_url":"https:\/\/www.welovecycling.com\/cs\/2023\/10\/19\/istrie-cyklisticka-romantika-kde-berou-dech-nejen-vyhledy\/","og_site_name":"\u0160koda We Love Cycling - \u010cesk\u00e1 republika","article_published_time":"2023-10-19T12:48:36+00:00","article_modified_time":"2023-10-19T12:49:36+00:00","og_image":[{"width":1800,"height":1199,"url":"https:\/\/d2p6e6u75xmxt8.cloudfront.net\/13\/2023\/10\/profimedia-0705449083.webp","type":"image\/webp"}],"author":"radekmalina","twitter_card":"summary_large_image","twitter_misc":{"Written by":"Marek Novotn\u00fd","Est. reading time":"7"},"schema":{"@context":"https:\/\/schema.org","@graph":[{"@type":"WebPage","@id":"https:\/\/www.welovecycling.com\/cs\/2023\/10\/19\/istrie-cyklisticka-romantika-kde-berou-dech-nejen-vyhledy\/","url":"https:\/\/www.welovecycling.com\/cs\/2023\/10\/19\/istrie-cyklisticka-romantika-kde-berou-dech-nejen-vyhledy\/","name":"Tip na cyklov\u00fdlet - Istrie: cyklistick\u00e1 romantika, kde berou dech nejen v\u00fdhledy | \u0160koda We Love Cycling - \u010cesk\u00e1 republika","isPartOf":{"@id":"https:\/\/www.welovecycling.com\/cs\/#website"},"primaryImageOfPage":{"@id":"https:\/\/www.welovecycling.com\/cs\/2023\/10\/19\/istrie-cyklisticka-romantika-kde-berou-dech-nejen-vyhledy\/#primaryimage"},"image":{"@id":"https:\/\/www.welovecycling.com\/cs\/2023\/10\/19\/istrie-cyklisticka-romantika-kde-berou-dech-nejen-vyhledy\/#primaryimage"},"thumbnailUrl":"https:\/\/d2p6e6u75xmxt8.cloudfront.net\/13\/2023\/10\/profimedia-0705449083.webp","datePublished":"2023-10-19T12:48:36+00:00","dateModified":"2023-10-19T12:49:36+00:00","author":{"@id":"https:\/\/www.welovecycling.com\/cs\/#\/schema\/person\/d9eeb0a378f3a7e4a6d12d2b536b04b8"},"description":"Hodiny v\u00a0sedle kola malebnou krajinou, kter\u00e1 v\u00e1m v\u00a0kombinaci s\u00a0ter\u00e9nem bude br\u00e1t dech! Prost\u0159ed\u00ed pro oby\u010dejn\u00e9 naj\u00ed\u017ed\u011bn\u00ed kilometr\u016f i intervalov\u00e9 tr\u00e9ninky. V\u0161e v\u00a0p\u0159ijateln\u00e9 vzd\u00e1lenosti dosa\u017eiteln\u00e9 autem. Tak m\u016f\u017ee vypadat zp\u016fsob, jak si prodlou\u017eit cyklistickou sezonu nebo naopak odstartovat tu novou, pokud se c\u00edlem va\u0161\u00ed cesty stane Istrie.","inLanguage":"cs","potentialAction":[{"@type":"ReadAction","target":["https:\/\/www.welovecycling.com\/cs\/2023\/10\/19\/istrie-cyklisticka-romantika-kde-berou-dech-nejen-vyhledy\/"]}]},{"@type":"ImageObject","inLanguage":"cs","@id":"https:\/\/www.welovecycling.com\/cs\/2023\/10\/19\/istrie-cyklisticka-romantika-kde-berou-dech-nejen-vyhledy\/#primaryimage","url":"https:\/\/d2p6e6u75xmxt8.cloudfront.net\/13\/2023\/10\/profimedia-0705449083.webp","contentUrl":"https:\/\/d2p6e6u75xmxt8.cloudfront.net\/13\/2023\/10\/profimedia-0705449083.webp","width":1800,"height":1199},{"@type":"WebSite","@id":"https:\/\/www.welovecycling.com\/cs\/#website","url":"https:\/\/www.welovecycling.com\/cs\/","name":"\u0160koda We Love Cycling - \u010cesk\u00e1 republika","description":"WeLoveCycling.cz je online magaz\u00edn, kter\u00fd v\u00e1m pravideln\u011b p\u0159in\u00e1\u0161\u00ed rady a tipy, zaj\u00edmav\u00e9 \u010dl\u00e1nky, videa a jedine\u010dn\u00e9 report\u00e1\u017ee ze sv\u011bta cyklistiky.","potentialAction":[{"@type":"SearchAction","target":{"@type":"EntryPoint","urlTemplate":"https:\/\/www.welovecycling.com\/cs\/?s={search_term_string}"},"query-input":{"@type":"PropertyValueSpecification","valueRequired":true,"valueName":"search_term_string"}}],"inLanguage":"cs"},{"@type":"Person","@id":"https:\/\/www.welovecycling.com\/cs\/#\/schema\/person\/d9eeb0a378f3a7e4a6d12d2b536b04b8","name":"radekmalina","image":{"@type":"ImageObject","inLanguage":"cs","@id":"https:\/\/www.welovecycling.com\/cs\/#\/schema\/person\/image\/","url":"https:\/\/secure.gravatar.com\/avatar\/66994b632cb8c39a46b9f54afa3ae07201b678d32a54275b6f1c9ffec356bfc0?s=96&d=mm&r=g","contentUrl":"https:\/\/secure.gravatar.com\/avatar\/66994b632cb8c39a46b9f54afa3ae07201b678d32a54275b6f1c9ffec356bfc0?s=96&d=mm&r=g","caption":"radekmalina"},"url":"https:\/\/www.welovecycling.com\/cs\/author\/radekmalina\/"}]}},"_links":{"self":[{"href":"https:\/\/www.welovecycling.com\/cs\/wp-json\/wp\/v2\/posts\/23933","targetHints":{"allow":["GET"]}}],"collection":[{"href":"https:\/\/www.welovecycling.com\/cs\/wp-json\/wp\/v2\/posts"}],"about":[{"href":"https:\/\/www.welovecycling.com\/cs\/wp-json\/wp\/v2\/types\/post"}],"author":[{"embeddable":true,"href":"https:\/\/www.welovecycling.com\/cs\/wp-json\/wp\/v2\/users\/138"}],"replies":[{"embeddable":true,"href":"https:\/\/www.welovecycling.com\/cs\/wp-json\/wp\/v2\/comments?post=23933"}],"version-history":[{"count":5,"href":"https:\/\/www.welovecycling.com\/cs\/wp-json\/wp\/v2\/posts\/23933\/revisions"}],"predecessor-version":[{"id":23944,"href":"https:\/\/www.welovecycling.com\/cs\/wp-json\/wp\/v2\/posts\/23933\/revisions\/23944"}],"wp:featuredmedia":[{"embeddable":true,"href":"https:\/\/www.welovecycling.com\/cs\/wp-json\/wp\/v2\/media\/23940"}],"wp:attachment":[{"href":"https:\/\/www.welovecycling.com\/cs\/wp-json\/wp\/v2\/media?parent=23933"}],"wp:term":[{"taxonomy":"category","embeddable":true,"href":"https:\/\/www.welovecycling.com\/cs\/wp-json\/wp\/v2\/categories?post=23933"},{"taxonomy":"post_tag","embeddable":true,"href":"https:\/\/www.welovecycling.com\/cs\/wp-json\/wp\/v2\/tags?post=23933"},{"taxonomy":"global-categories","embeddable":true,"href":"https:\/\/www.welovecycling.com\/cs\/wp-json\/wp\/v2\/global-categories?post=23933"}],"curies":[{"name":"wp","href":"https:\/\/api.w.org\/{rel}","templated":true}]}}