{"id":23894,"date":"2023-10-18T09:59:04","date_gmt":"2023-10-18T07:59:04","guid":{"rendered":"https:\/\/www.welovecycling.com\/cs\/?p=23894"},"modified":"2023-10-19T12:20:06","modified_gmt":"2023-10-19T10:20:06","slug":"jak-zazimovat-kolo-nejhorsi-je-zahodit-spinavy-stroj-do-kouta","status":"publish","type":"post","link":"https:\/\/www.welovecycling.com\/cs\/2023\/10\/18\/jak-zazimovat-kolo-nejhorsi-je-zahodit-spinavy-stroj-do-kouta\/","title":{"rendered":"Jak zazimovat kolo? Nejhor\u0161\u00ed je \u201ezahodit\u201c \u0161pinav\u00fd stroj do kouta"},"content":{"rendered":"<p><strong>Je konec?! Pro mnoh\u00e9 cyklisty nastalo obdob\u00ed, kdy stav jejich ro\u010dn\u00edho n\u00e1jezdu dos\u00e1hl maxima. Kv\u016fli pov\u011btrnostn\u00edm podm\u00ednk\u00e1m dal\u0161\u00ed kilometry v sychrav\u00e9m po\u010das\u00ed nep\u0159idaj\u00ed. Krat\u0161\u00ed dny, siln\u011bj\u0161\u00ed v\u00edtr, \u010dast\u011bj\u0161\u00ed sr\u00e1\u017eky a v\u00fdrazn\u011b ni\u017e\u0161\u00ed teploty \u0159adu milovn\u00edk\u016f j\u00edzdy na bicyklu od j\u00edzdy v sedle b\u011bhem zimn\u00edho obdob\u00ed odrazuj\u00ed. Pokud pat\u0159\u00edte do skupiny, kter\u00e1 u\u017e kolo v z\u00e1v\u011bre\u010dn\u00fdch t\u00fddnech roku nevyu\u017eije, nast\u00e1v\u00e1 ot\u00e1zka, jak zazimovat kolo?<\/strong><\/p>\n<p>Nejhor\u0161\u00ed variantou je, nechat va\u0161eho jednostop\u00e9ho p\u0159\u00edtele ve stavu po posledn\u00ed vyj\u00ed\u017e\u010fce odstaven\u00e9ho kdesi ve sklep\u011b, gar\u00e1\u017ei \u010di k\u016fln\u011b bez dal\u0161\u00edho pov\u0161imnut\u00ed. N\u00e1sledky p\u0159i jarn\u00edm shled\u00e1n\u00ed mohou b\u00fdt p\u0159i takov\u00e9m p\u0159\u00edstupu hodn\u011b nep\u0159\u00edjemn\u00e9. Proto p\u0159in\u00e1\u0161\u00edme ve spolupr\u00e1ci s\u00a0odborn\u00edky ze spole\u010dnosti Kolofix rychl\u00fd n\u00e1vod, jak zazimovat kolo\u2026.<\/p>\n<h2><strong>Pro kolo v ne\u010dinnosti je hlavn\u00ed sucho<\/strong><\/h2>\n<p>Hlavn\u00ed je ulo\u017eit kolo do such\u00e9ho prost\u0159ed\u00ed. Ide\u00e1ln\u011b do m\u00edstnosti, kde je konstantn\u00ed teplota a nepromrzne. Odlo\u017eit kolo t\u0159eba do zahradn\u00ed k\u016flny nen\u00ed ide\u00e1ln\u00ed kv\u016fli p\u0159\u00edpadn\u00fdm mraz\u016fm. N\u00edzk\u00e9 teploty jsou nep\u0159\u00edtelem hydraulick\u00fdch brzd \u010di oleje um\u00edst\u011bn\u00e9ho v tlumi\u010d\u00edch. V neposledn\u00ed \u0159ad\u011b riskujete i v p\u0159\u00edpad\u011b nenechav\u00fdch n\u00e1v\u0161t\u011bvn\u00edk\u016f\u2026<\/p>\n<div class=\"shortcode-ys-post-pinup\"><article class=\"loop-simple post-23840 post type-post status-publish format-standard has-post-thumbnail hentry category-silnicni-cyklistika tag-bora-hansgrohe tag-cyklistika tag-jonas-vingegaard tag-jumbo-visma tag-primoz-roglic tag-ralph-denk tag-silnicni-cyklistika tag-tadej-pogacar tag-tour-de-france global-categories-cycling\" data-postid=\"23840\" role=\"article\" data-post-id=\"23840\" data-word-count=\"715\" data-headline-length=\"78\" data-category=\"Silni\u010dn\u00ed cyklistika\" data-global-category=\"Cycling\" data-author=\"We Love Cycling\" data-published=\"2023-10-09T16:00:24+02:00\" data-published-day=\"Monday\">\n    <div class=\"entry-thumbnail article-thumbnail\" content=\"https:\/\/d2p6e6u75xmxt8.cloudfront.net\/13\/2023\/09\/roglic-evenepoel-2-150x150.webp\"><a href=\"https:\/\/www.welovecycling.com\/cs\/2023\/10\/09\/jeden-problem-primoz-roglic-vyresil-ted-celi-jeste-vetsi-vyzve\/\" class=\"image-holder\" target=\"_self\"><img decoding=\"async\" loading=\"lazy\" class=\"\" src=\"https:\/\/d2p6e6u75xmxt8.cloudfront.net\/13\/2023\/09\/roglic-evenepoel-2-1024x682.webp\" srcset=\"https:\/\/d2p6e6u75xmxt8.cloudfront.net\/13\/2023\/09\/roglic-evenepoel-2.webp 2000w, https:\/\/d2p6e6u75xmxt8.cloudfront.net\/13\/2023\/09\/roglic-evenepoel-2-300x200.webp 300w, https:\/\/d2p6e6u75xmxt8.cloudfront.net\/13\/2023\/09\/roglic-evenepoel-2-1024x682.webp 1024w, https:\/\/d2p6e6u75xmxt8.cloudfront.net\/13\/2023\/09\/roglic-evenepoel-2-768x512.webp 768w, https:\/\/d2p6e6u75xmxt8.cloudfront.net\/13\/2023\/09\/roglic-evenepoel-2-1536x1024.webp 1536w, https:\/\/d2p6e6u75xmxt8.cloudfront.net\/13\/2023\/09\/roglic-evenepoel-2-1920x1280.webp 1920w, https:\/\/d2p6e6u75xmxt8.cloudfront.net\/13\/2023\/09\/roglic-evenepoel-2-400x267.webp 400w, https:\/\/d2p6e6u75xmxt8.cloudfront.net\/13\/2023\/09\/roglic-evenepoel-2-272x182.webp 272w, https:\/\/d2p6e6u75xmxt8.cloudfront.net\/13\/2023\/09\/roglic-evenepoel-2-1920x1280.webp 1920w\" width=\"1024\" height=\"682\" sizes=\"auto, (min-width: 1200px) 300px, (min-width: 768px) 25vw, 100vw\" alt=\"jeden-problem-primoz-roglic-vyresil-ted-celi-jeste-vetsi-vyzve\"\/><\/a><\/div>    <div class=\"entry-meta\">\n        <a class=\"label label-secondary post-category\" href=\"https:\/\/www.welovecycling.com\/cs\/category\/silnicni-cyklistika\/\" title=\"Silni\u010dn\u00ed cyklistika\">Silni\u010dn\u00ed cyklistika<\/a>\n    <\/div>\n    <div class=\"entry-details\">\n        <a href=\"https:\/\/www.welovecycling.com\/cs\/2023\/10\/09\/jeden-problem-primoz-roglic-vyresil-ted-celi-jeste-vetsi-vyzve\/\" class='entry-title-wrapper'>\n            <h3 class=\"entry-title\"><span>Jeden probl\u00e9m Primo\u017e Rogli\u010d vy\u0159e\u0161il. Te\u010f \u010del\u00ed je\u0161t\u011b v\u011bt\u0161\u00ed v\u00fdzv\u011b<\/span><\/h3>\n        <\/a>\n    <\/div>\n    <\/article>\n<\/div>\n<p>Samoz\u0159ejmost\u00ed by m\u011blo b\u00fdt o\u010di\u0161t\u011bn\u00ed kola. U\u017e proto, \u017ee na ja\u0159e bude sta\u010dit set\u0159\u00edt prach a kolo bude po b\u011b\u017en\u00fdch provozn\u00edch \u00fakonech jako je promaz\u00e1n\u00ed \u0159et\u011bzu, dofouknut\u00ed pneumatik a kontrole stavu brzd schopn\u00e9 vyj\u00ed\u017e\u010fky. Nav\u00edc celou zimu chodit kolem kola, kter\u00e9 je po posledn\u00edch podzimn\u00edch j\u00edzd\u00e1ch tot\u00e1ln\u011b zapr\u00e1\u0161en\u00e9 nebo zabl\u00e1cen\u00e9 nen\u00ed zrovna ide\u00e1ln\u00ed. Nemluv\u011b o riziku, \u017ee m\u016f\u017eete po\u0161kodit lak.<\/p>\n<p><a href=\"https:\/\/d2p6e6u75xmxt8.cloudfront.net\/13\/2023\/10\/profimedia-0302863518.webp\"><img loading=\"lazy\" decoding=\"async\" class=\"alignnone size-full wp-image-23901\" src=\"https:\/\/d2p6e6u75xmxt8.cloudfront.net\/13\/2023\/10\/profimedia-0302863518.webp\" alt=\"\" width=\"1800\" height=\"1201\" srcset=\"https:\/\/d2p6e6u75xmxt8.cloudfront.net\/13\/2023\/10\/profimedia-0302863518.webp 1800w, https:\/\/d2p6e6u75xmxt8.cloudfront.net\/13\/2023\/10\/profimedia-0302863518-300x200.webp 300w, https:\/\/d2p6e6u75xmxt8.cloudfront.net\/13\/2023\/10\/profimedia-0302863518-1024x683.webp 1024w, https:\/\/d2p6e6u75xmxt8.cloudfront.net\/13\/2023\/10\/profimedia-0302863518-768x512.webp 768w, https:\/\/d2p6e6u75xmxt8.cloudfront.net\/13\/2023\/10\/profimedia-0302863518-1536x1025.webp 1536w, https:\/\/d2p6e6u75xmxt8.cloudfront.net\/13\/2023\/10\/profimedia-0302863518-400x267.webp 400w, https:\/\/d2p6e6u75xmxt8.cloudfront.net\/13\/2023\/10\/profimedia-0302863518-272x182.webp 272w\" sizes=\"auto, (max-width: 1800px) 100vw, 1800px\" \/><\/a><\/p>\n<p><a href=\"https:\/\/www.welovecycling.com\/cs\/2023\/10\/06\/jak-spravne-vycistit-a-namazat-retez\/\">\u0158et\u011bz je dobr\u00e9 vy\u010distit<\/a> a lehce promazat. \u0158\u00edk\u00e1te si, pro\u010d pl\u00fdtvat mazivem, kdy\u017e nebudete na kole jezdit? Jde o jist\u00fd zp\u016fsob zakonzervov\u00e1n\u00ed hnac\u00edho \u00fastroj\u00ed va\u0161eho bicyklu. Mechanici ze spole\u010dnosti Kolofix rovn\u011b\u017e doporu\u010duj\u00ed kv\u016fli zachov\u00e1n\u00ed pru\u017enosti namazat vhodn\u00fdmi silikonov\u00fdmi prost\u0159edky t\u011bsn\u00edc\u00ed prvky na vidlic\u00edch, respektive tlumi\u010d\u00edch. Stejn\u00fdm zp\u016fsobem m\u016f\u017eete o\u0161et\u0159it ped\u00e1ly.<\/p>\n<p>Ur\u010dit\u011b nenech\u00e1vejte za\u0159azen\u00fd nejt\u011b\u017e\u0161\u00ed p\u0159evod. D\u016fvod je prost\u00fd. Nen\u00ed pot\u0159eba m\u00edt n\u011bkolik t\u00fddn\u016f \u010di dokonce m\u011bs\u00edc\u016f ne\u010dinn\u00fd \u0159et\u011bz stoprocentn\u011b napnut\u00fd.<\/p>\n<p>Kola by m\u011bla i p\u0159ed pauzou z\u016fstat nahu\u0161t\u011bn\u00e1 na hodnotu provozn\u00edho tlaku. Nejhor\u0161\u00ed je nechat kola pr\u00e1zdn\u00e1, aby celou zimu r\u00e1fek tla\u010dil na splasknut\u00fd pl\u00e1\u0161\u0165. Na ja\u0159e v\u00e1s pak t\u00e9m\u011b\u0159 nevyhnuteln\u011b bude \u010dekat cesta do prodejny a v\u00fddaj za n\u00e1kup nov\u00fdch pl\u00e1\u0161\u0165\u016f.<\/p>\n<div class=\"shortcode-ys-post-pinup\"><article class=\"loop-simple post-23754 post type-post status-publish format-standard has-post-thumbnail hentry category-rady-tipy category-servis tag-cyklistika tag-horska-cyklistika tag-jak-cistit-kolo tag-jak-umyvat-kolo tag-ocista-kola tag-silnicni-cyklistika tag-trenink tag-udrzba-kola global-categories-cycling\" data-postid=\"23754\" role=\"article\" data-post-id=\"23754\" data-word-count=\"380\" data-headline-length=\"27\" data-category=\"Rady &amp; tipy\" data-global-category=\"Cycling\" data-author=\"We Love Cycling\" data-published=\"2023-09-28T17:30:37+02:00\" data-published-day=\"Thursday\">\n    <div class=\"entry-thumbnail article-thumbnail\" content=\"https:\/\/d2p6e6u75xmxt8.cloudfront.net\/13\/2021\/11\/wlc-udrzba-kola-cerveny-retez-prevodnik-150x150.webp\"><a href=\"https:\/\/www.welovecycling.com\/cs\/2023\/09\/28\/jak-spravne-cistit-kolo\/\" class=\"image-holder\" target=\"_self\"><img decoding=\"async\" loading=\"lazy\" class=\"\" src=\"https:\/\/d2p6e6u75xmxt8.cloudfront.net\/13\/2021\/11\/wlc-udrzba-kola-cerveny-retez-prevodnik-1024x683.webp\" srcset=\"https:\/\/d2p6e6u75xmxt8.cloudfront.net\/13\/2021\/11\/wlc-udrzba-kola-cerveny-retez-prevodnik.webp 1600w, https:\/\/d2p6e6u75xmxt8.cloudfront.net\/13\/2021\/11\/wlc-udrzba-kola-cerveny-retez-prevodnik-300x200.webp 300w, https:\/\/d2p6e6u75xmxt8.cloudfront.net\/13\/2021\/11\/wlc-udrzba-kola-cerveny-retez-prevodnik-1024x683.webp 1024w, https:\/\/d2p6e6u75xmxt8.cloudfront.net\/13\/2021\/11\/wlc-udrzba-kola-cerveny-retez-prevodnik-768x512.webp 768w, https:\/\/d2p6e6u75xmxt8.cloudfront.net\/13\/2021\/11\/wlc-udrzba-kola-cerveny-retez-prevodnik-1536x1024.webp 1536w, https:\/\/d2p6e6u75xmxt8.cloudfront.net\/13\/2021\/11\/wlc-udrzba-kola-cerveny-retez-prevodnik-272x182.webp 272w\" width=\"1024\" height=\"683\" sizes=\"auto, (min-width: 1200px) 300px, (min-width: 768px) 25vw, 100vw\" alt=\"jak-spravne-cistit-kolo\"\/><\/a><\/div>    <div class=\"entry-meta\">\n        <a class=\"label label-secondary post-category\" href=\"https:\/\/www.welovecycling.com\/cs\/category\/rady-tipy\/\" title=\"Rady &amp; tipy\">Rady &amp; tipy<\/a>\n    <\/div>\n    <div class=\"entry-details\">\n        <a href=\"https:\/\/www.welovecycling.com\/cs\/2023\/09\/28\/jak-spravne-cistit-kolo\/\" class='entry-title-wrapper'>\n            <h3 class=\"entry-title\"><span>Jak spr\u00e1vn\u011b \u010distit kolo?<\/span><\/h3>\n        <\/a>\n    <\/div>\n    <\/article>\n<\/div>\n<p>\u00dapln\u00fdm ide\u00e1lem je, pokud disponujete dostate\u010dn\u00fdm prostorem, zav\u011bsit kolo na n\u00e1st\u011bnn\u00fd dr\u017e\u00e1k. Kdy\u017e bude v\u00e1\u0161 stroj n\u00e1le\u017eit\u011b vy\u010di\u0161t\u011bn\u00fd, p\u0159edstavuje v\u00a0mnoha interi\u00e9rech skv\u011bl\u00fd vizu\u00e1ln\u00ed dopln\u011bk.<\/p>\n<h2><strong>Jak zazimovat kolo? Ide\u00e1ln\u011b na n\u00e1st\u011bnn\u00fd dr\u017e\u00e1k<\/strong><\/h2>\n<p>Jestli\u017ee kolo odlo\u017e\u00edte do sklepa, gar\u00e1\u017ee \u010di lod\u017eie, ud\u011bl\u00e1te mu skv\u011blou slu\u017ebu zakryt\u00edm dekou \u010di p\u0159\u00edslu\u0161n\u00fdm obalem. Kolo toti\u017e bude chr\u00e1n\u011bn\u00e9 proti vlhkosti. A pokud v\u00e1\u0161 stroj bude \u201eodpo\u010d\u00edvat\u201c v\u00a0prostor\u00e1ch, kam nechod\u00edte pravideln\u011b, rozhodn\u011b kolo dob\u0159e uzamkn\u011bte.<\/p>\n<p>Pokud vyu\u017e\u00edvat pro radov\u00e1nky v sedle elektrokolo, nezapome\u0148te na baterii. Jde o velice citliv\u00fd komponent, kter\u00fd je t\u0159eba z r\u00e1mu vyjmout a ulo\u017eit na such\u00e9m m\u00edst\u011b. Rozhodn\u011b nedoporu\u010dujeme nech\u00e1vat baterii v r\u00e1mu kola. N\u011bkolik m\u011bs\u00edc\u016f ne\u010dinnosti v gar\u00e1\u017ei \u010di sklep\u011b baterii ur\u010dit\u011b neprosp\u011bje.<\/p>\n<div class=\"shortcode-ys-post-pinup\"><article class=\"loop-simple post-23869 post type-post status-publish format-standard has-post-thumbnail hentry category-zeny tag-cyklistika tag-horska-cyklistika tag-jak-maji-zeny-vybrat-cyklisticke-sedlo tag-sedlo tag-silnicni-cyklistika tag-zdravi tag-zeny tag-zeny-a-vyber-sedla global-categories-cycling\" data-postid=\"23869\" role=\"article\" data-post-id=\"23869\" data-word-count=\"608\" data-headline-length=\"42\" data-category=\"\u017deny\" data-global-category=\"Cycling\" data-author=\"Marek Novotn\u00fd\" data-published=\"2023-10-13T09:49:36+02:00\" data-published-day=\"Friday\">\n    <div class=\"entry-thumbnail article-thumbnail\" content=\"https:\/\/d2p6e6u75xmxt8.cloudfront.net\/13\/2022\/11\/posedla-Joyseat_vyroba1-150x150.webp\"><a href=\"https:\/\/www.welovecycling.com\/cs\/2023\/10\/13\/jak-maji-zeny-vybrat-cyklisticke-sedlo\/\" class=\"image-holder\" target=\"_self\"><img decoding=\"async\" loading=\"lazy\" class=\"\" src=\"https:\/\/d2p6e6u75xmxt8.cloudfront.net\/13\/2022\/11\/posedla-Joyseat_vyroba1-1024x682.webp\" srcset=\"https:\/\/d2p6e6u75xmxt8.cloudfront.net\/13\/2022\/11\/posedla-Joyseat_vyroba1.webp 2048w, https:\/\/d2p6e6u75xmxt8.cloudfront.net\/13\/2022\/11\/posedla-Joyseat_vyroba1-300x200.webp 300w, https:\/\/d2p6e6u75xmxt8.cloudfront.net\/13\/2022\/11\/posedla-Joyseat_vyroba1-1024x682.webp 1024w, https:\/\/d2p6e6u75xmxt8.cloudfront.net\/13\/2022\/11\/posedla-Joyseat_vyroba1-768x512.webp 768w, https:\/\/d2p6e6u75xmxt8.cloudfront.net\/13\/2022\/11\/posedla-Joyseat_vyroba1-1536x1023.webp 1536w, https:\/\/d2p6e6u75xmxt8.cloudfront.net\/13\/2022\/11\/posedla-Joyseat_vyroba1-1920x1279.webp 1920w, https:\/\/d2p6e6u75xmxt8.cloudfront.net\/13\/2022\/11\/posedla-Joyseat_vyroba1-272x182.webp 272w, https:\/\/d2p6e6u75xmxt8.cloudfront.net\/13\/2022\/11\/posedla-Joyseat_vyroba1-1920x1279.webp 1920w\" width=\"1024\" height=\"682\" sizes=\"auto, (min-width: 1200px) 300px, (min-width: 768px) 25vw, 100vw\" alt=\"jak-maji-zeny-vybrat-cyklisticke-sedlo\"\/><\/a><\/div>    <div class=\"entry-meta\">\n        <a class=\"label label-secondary post-category\" href=\"https:\/\/www.welovecycling.com\/cs\/category\/zeny\/\" title=\"\u017deny\">\u017deny<\/a>\n    <\/div>\n    <div class=\"entry-details\">\n        <a href=\"https:\/\/www.welovecycling.com\/cs\/2023\/10\/13\/jak-maji-zeny-vybrat-cyklisticke-sedlo\/\" class='entry-title-wrapper'>\n            <h3 class=\"entry-title\"><span>Jak maj\u00ed \u017eeny vybrat cyklistick\u00e9 sedlo?<\/span><\/h3>\n        <\/a>\n    <\/div>\n    <\/article>\n<\/div>\n<p>Pokud p\u0159i zb\u011b\u017en\u00e9 vizu\u00e1ln\u00ed kontrole zjist\u00edte, \u017ee n\u011bco na kole nen\u00ed ve stoprocentn\u00ed kondici, jde o ide\u00e1ln\u00ed \u010das pro \u0159e\u0161en\u00ed probl\u00e9mu. B\u011bhem zimn\u00edch m\u011bs\u00edc\u016f je toti\u017e v servisech mnohem v\u00edce prostoru. Tak\u017ee pokud se chyst\u00e1te k v\u00fdm\u011bn\u011b brzdov\u00fdch desti\u010dek, tlumi\u010d\u016f, lanka od brzdov\u00fdch p\u00e1k \u010di p\u0159ehazova\u010dky, nen\u00ed lep\u0161\u00edho term\u00ednu ne\u017e v nyn\u011bj\u0161\u00edm obdob\u00ed. T\u0159eba pr\u00e1v\u011b v <a href=\"http:\/\/kolofix.cz\" target=\"_blank\" rel=\"noopener\">servisn\u00edch centrech Kolofix<\/a>.<\/p>\n<p><a href=\"http:\/\/kolofix.cz\"><img loading=\"lazy\" decoding=\"async\" class=\"aligncenter wp-image-23836 size-full\" src=\"https:\/\/d2p6e6u75xmxt8.cloudfront.net\/13\/2023\/09\/Kolofox_emailing_650x300.webp\" alt=\"\" width=\"650\" height=\"300\" srcset=\"https:\/\/d2p6e6u75xmxt8.cloudfront.net\/13\/2023\/09\/Kolofox_emailing_650x300.webp 650w, https:\/\/d2p6e6u75xmxt8.cloudfront.net\/13\/2023\/09\/Kolofox_emailing_650x300-300x138.webp 300w, https:\/\/d2p6e6u75xmxt8.cloudfront.net\/13\/2023\/09\/Kolofox_emailing_650x300-400x185.webp 400w\" sizes=\"auto, (max-width: 650px) 100vw, 650px\" \/><\/a><\/p>\n","protected":false},"excerpt":{"rendered":"<p>Je konec?! Pro mnoh\u00e9 cyklisty nastalo obdob\u00ed, kdy stav jejich ro\u010dn\u00edho n\u00e1jezdu dos\u00e1hl maxima. Kv\u016fli pov\u011btrnostn\u00edm podm\u00ednk\u00e1m dal\u0161\u00ed kilometry v [&hellip;]<\/p>\n","protected":false},"author":138,"featured_media":23900,"comment_status":"open","ping_status":"open","sticky":false,"template":"","format":"standard","meta":{"footnotes":""},"categories":[15,3262],"tags":[126,56,3259,1530,97,9,27,3260,67],"global-categories":[411],"class_list":["post-23894","post","type-post","status-publish","format-standard","has-post-thumbnail","hentry","category-rady-tipy","category-servis","tag-cyklistika","tag-horska-cyklistika","tag-jak-zazimovat-kolo","tag-pece-o-kolo","tag-rady-a-tipy","tag-silnicni-cyklistika","tag-trenink","tag-zazimovani-kola","tag-zdravi-a-trenink","global-categories-cycling"],"yoast_head":"<!-- This site is optimized with the Yoast SEO Premium plugin v25.3 (Yoast SEO v25.9) - https:\/\/yoast.com\/wordpress\/plugins\/seo\/ -->\n<title>Jak zazimovat kolo? Nejhor\u0161\u00ed je \u201ezahodit\u201c \u0161pinav\u00fd stroj do kouta | \u0160koda We Love Cycling - \u010cesk\u00e1 republika<\/title>\n<meta name=\"description\" content=\"Je konec?! Pokud pat\u0159\u00edte do skupiny, kter\u00e1 u\u017e kolo v\u00a0z\u00e1v\u011bre\u010dn\u00fdch t\u00fddnech roku nevyu\u017eije, nast\u00e1v\u00e1 ot\u00e1zka, jak zazimovat kolo?\" \/>\n<meta name=\"robots\" content=\"index, follow, max-snippet:-1, max-image-preview:large, max-video-preview:-1\" \/>\n<link rel=\"canonical\" href=\"https:\/\/www.welovecycling.com\/cs\/2023\/10\/18\/jak-zazimovat-kolo-nejhorsi-je-zahodit-spinavy-stroj-do-kouta\/\" \/>\n<meta property=\"og:locale\" content=\"cs_CZ\" \/>\n<meta property=\"og:type\" content=\"article\" \/>\n<meta property=\"og:title\" content=\"Jak zazimovat kolo? Nejhor\u0161\u00ed je \u201ezahodit\u201c \u0161pinav\u00fd stroj do kouta\" \/>\n<meta property=\"og:description\" content=\"Je konec?! Pokud pat\u0159\u00edte do skupiny, kter\u00e1 u\u017e kolo v\u00a0z\u00e1v\u011bre\u010dn\u00fdch t\u00fddnech roku nevyu\u017eije, nast\u00e1v\u00e1 ot\u00e1zka, jak zazimovat kolo?\" \/>\n<meta property=\"og:url\" content=\"https:\/\/www.welovecycling.com\/cs\/2023\/10\/18\/jak-zazimovat-kolo-nejhorsi-je-zahodit-spinavy-stroj-do-kouta\/\" \/>\n<meta property=\"og:site_name\" content=\"\u0160koda We Love Cycling - \u010cesk\u00e1 republika\" \/>\n<meta property=\"article:published_time\" content=\"2023-10-18T07:59:04+00:00\" \/>\n<meta property=\"article:modified_time\" content=\"2023-10-19T10:20:06+00:00\" \/>\n<meta property=\"og:image\" content=\"https:\/\/d2p6e6u75xmxt8.cloudfront.net\/13\/2023\/10\/profimedia-0183847322.webp\" \/>\n\t<meta property=\"og:image:width\" content=\"1800\" \/>\n\t<meta property=\"og:image:height\" content=\"1155\" \/>\n\t<meta property=\"og:image:type\" content=\"image\/webp\" \/>\n<meta name=\"author\" content=\"radekmalina\" \/>\n<meta name=\"twitter:card\" content=\"summary_large_image\" \/>\n<meta name=\"twitter:label1\" content=\"Written by\" \/>\n\t<meta name=\"twitter:data1\" content=\"Marek Novotn\u00fd\" \/>\n\t<meta name=\"twitter:label2\" content=\"Est. reading time\" \/>\n\t<meta name=\"twitter:data2\" content=\"7\" \/>\n<script type=\"application\/ld+json\" class=\"yoast-schema-graph\">{\"@context\":\"https:\/\/schema.org\",\"@graph\":[{\"@type\":\"WebPage\",\"@id\":\"https:\/\/www.welovecycling.com\/cs\/2023\/10\/18\/jak-zazimovat-kolo-nejhorsi-je-zahodit-spinavy-stroj-do-kouta\/\",\"url\":\"https:\/\/www.welovecycling.com\/cs\/2023\/10\/18\/jak-zazimovat-kolo-nejhorsi-je-zahodit-spinavy-stroj-do-kouta\/\",\"name\":\"Jak zazimovat kolo? Nejhor\u0161\u00ed je \u201ezahodit\u201c \u0161pinav\u00fd stroj do kouta | \u0160koda We Love Cycling - \u010cesk\u00e1 republika\",\"isPartOf\":{\"@id\":\"https:\/\/www.welovecycling.com\/cs\/#website\"},\"primaryImageOfPage\":{\"@id\":\"https:\/\/www.welovecycling.com\/cs\/2023\/10\/18\/jak-zazimovat-kolo-nejhorsi-je-zahodit-spinavy-stroj-do-kouta\/#primaryimage\"},\"image\":{\"@id\":\"https:\/\/www.welovecycling.com\/cs\/2023\/10\/18\/jak-zazimovat-kolo-nejhorsi-je-zahodit-spinavy-stroj-do-kouta\/#primaryimage\"},\"thumbnailUrl\":\"https:\/\/d2p6e6u75xmxt8.cloudfront.net\/13\/2023\/10\/profimedia-0183847322.webp\",\"datePublished\":\"2023-10-18T07:59:04+00:00\",\"dateModified\":\"2023-10-19T10:20:06+00:00\",\"author\":{\"@id\":\"https:\/\/www.welovecycling.com\/cs\/#\/schema\/person\/d9eeb0a378f3a7e4a6d12d2b536b04b8\"},\"description\":\"Je konec?! Pokud pat\u0159\u00edte do skupiny, kter\u00e1 u\u017e kolo v\u00a0z\u00e1v\u011bre\u010dn\u00fdch t\u00fddnech roku nevyu\u017eije, nast\u00e1v\u00e1 ot\u00e1zka, jak zazimovat kolo?\",\"inLanguage\":\"cs\",\"potentialAction\":[{\"@type\":\"ReadAction\",\"target\":[\"https:\/\/www.welovecycling.com\/cs\/2023\/10\/18\/jak-zazimovat-kolo-nejhorsi-je-zahodit-spinavy-stroj-do-kouta\/\"]}]},{\"@type\":\"ImageObject\",\"inLanguage\":\"cs\",\"@id\":\"https:\/\/www.welovecycling.com\/cs\/2023\/10\/18\/jak-zazimovat-kolo-nejhorsi-je-zahodit-spinavy-stroj-do-kouta\/#primaryimage\",\"url\":\"https:\/\/d2p6e6u75xmxt8.cloudfront.net\/13\/2023\/10\/profimedia-0183847322.webp\",\"contentUrl\":\"https:\/\/d2p6e6u75xmxt8.cloudfront.net\/13\/2023\/10\/profimedia-0183847322.webp\",\"width\":1800,\"height\":1155},{\"@type\":\"WebSite\",\"@id\":\"https:\/\/www.welovecycling.com\/cs\/#website\",\"url\":\"https:\/\/www.welovecycling.com\/cs\/\",\"name\":\"\u0160koda We Love Cycling - \u010cesk\u00e1 republika\",\"description\":\"WeLoveCycling.cz je online magaz\u00edn, kter\u00fd v\u00e1m pravideln\u011b p\u0159in\u00e1\u0161\u00ed rady a tipy, zaj\u00edmav\u00e9 \u010dl\u00e1nky, videa a jedine\u010dn\u00e9 report\u00e1\u017ee ze sv\u011bta cyklistiky.\",\"potentialAction\":[{\"@type\":\"SearchAction\",\"target\":{\"@type\":\"EntryPoint\",\"urlTemplate\":\"https:\/\/www.welovecycling.com\/cs\/?s={search_term_string}\"},\"query-input\":{\"@type\":\"PropertyValueSpecification\",\"valueRequired\":true,\"valueName\":\"search_term_string\"}}],\"inLanguage\":\"cs\"},{\"@type\":\"Person\",\"@id\":\"https:\/\/www.welovecycling.com\/cs\/#\/schema\/person\/d9eeb0a378f3a7e4a6d12d2b536b04b8\",\"name\":\"radekmalina\",\"image\":{\"@type\":\"ImageObject\",\"inLanguage\":\"cs\",\"@id\":\"https:\/\/www.welovecycling.com\/cs\/#\/schema\/person\/image\/\",\"url\":\"https:\/\/secure.gravatar.com\/avatar\/66994b632cb8c39a46b9f54afa3ae07201b678d32a54275b6f1c9ffec356bfc0?s=96&d=mm&r=g\",\"contentUrl\":\"https:\/\/secure.gravatar.com\/avatar\/66994b632cb8c39a46b9f54afa3ae07201b678d32a54275b6f1c9ffec356bfc0?s=96&d=mm&r=g\",\"caption\":\"radekmalina\"},\"url\":\"https:\/\/www.welovecycling.com\/cs\/author\/radekmalina\/\"}]}<\/script>\n<!-- \/ Yoast SEO Premium plugin. -->","yoast_head_json":{"title":"Jak zazimovat kolo? Nejhor\u0161\u00ed je \u201ezahodit\u201c \u0161pinav\u00fd stroj do kouta | \u0160koda We Love Cycling - \u010cesk\u00e1 republika","description":"Je konec?! Pokud pat\u0159\u00edte do skupiny, kter\u00e1 u\u017e kolo v\u00a0z\u00e1v\u011bre\u010dn\u00fdch t\u00fddnech roku nevyu\u017eije, nast\u00e1v\u00e1 ot\u00e1zka, jak zazimovat kolo?","robots":{"index":"index","follow":"follow","max-snippet":"max-snippet:-1","max-image-preview":"max-image-preview:large","max-video-preview":"max-video-preview:-1"},"canonical":"https:\/\/www.welovecycling.com\/cs\/2023\/10\/18\/jak-zazimovat-kolo-nejhorsi-je-zahodit-spinavy-stroj-do-kouta\/","og_locale":"cs_CZ","og_type":"article","og_title":"Jak zazimovat kolo? Nejhor\u0161\u00ed je \u201ezahodit\u201c \u0161pinav\u00fd stroj do kouta","og_description":"Je konec?! Pokud pat\u0159\u00edte do skupiny, kter\u00e1 u\u017e kolo v\u00a0z\u00e1v\u011bre\u010dn\u00fdch t\u00fddnech roku nevyu\u017eije, nast\u00e1v\u00e1 ot\u00e1zka, jak zazimovat kolo?","og_url":"https:\/\/www.welovecycling.com\/cs\/2023\/10\/18\/jak-zazimovat-kolo-nejhorsi-je-zahodit-spinavy-stroj-do-kouta\/","og_site_name":"\u0160koda We Love Cycling - \u010cesk\u00e1 republika","article_published_time":"2023-10-18T07:59:04+00:00","article_modified_time":"2023-10-19T10:20:06+00:00","og_image":[{"width":1800,"height":1155,"url":"https:\/\/d2p6e6u75xmxt8.cloudfront.net\/13\/2023\/10\/profimedia-0183847322.webp","type":"image\/webp"}],"author":"radekmalina","twitter_card":"summary_large_image","twitter_misc":{"Written by":"Marek Novotn\u00fd","Est. reading time":"7"},"schema":{"@context":"https:\/\/schema.org","@graph":[{"@type":"WebPage","@id":"https:\/\/www.welovecycling.com\/cs\/2023\/10\/18\/jak-zazimovat-kolo-nejhorsi-je-zahodit-spinavy-stroj-do-kouta\/","url":"https:\/\/www.welovecycling.com\/cs\/2023\/10\/18\/jak-zazimovat-kolo-nejhorsi-je-zahodit-spinavy-stroj-do-kouta\/","name":"Jak zazimovat kolo? Nejhor\u0161\u00ed je \u201ezahodit\u201c \u0161pinav\u00fd stroj do kouta | \u0160koda We Love Cycling - \u010cesk\u00e1 republika","isPartOf":{"@id":"https:\/\/www.welovecycling.com\/cs\/#website"},"primaryImageOfPage":{"@id":"https:\/\/www.welovecycling.com\/cs\/2023\/10\/18\/jak-zazimovat-kolo-nejhorsi-je-zahodit-spinavy-stroj-do-kouta\/#primaryimage"},"image":{"@id":"https:\/\/www.welovecycling.com\/cs\/2023\/10\/18\/jak-zazimovat-kolo-nejhorsi-je-zahodit-spinavy-stroj-do-kouta\/#primaryimage"},"thumbnailUrl":"https:\/\/d2p6e6u75xmxt8.cloudfront.net\/13\/2023\/10\/profimedia-0183847322.webp","datePublished":"2023-10-18T07:59:04+00:00","dateModified":"2023-10-19T10:20:06+00:00","author":{"@id":"https:\/\/www.welovecycling.com\/cs\/#\/schema\/person\/d9eeb0a378f3a7e4a6d12d2b536b04b8"},"description":"Je konec?! Pokud pat\u0159\u00edte do skupiny, kter\u00e1 u\u017e kolo v\u00a0z\u00e1v\u011bre\u010dn\u00fdch t\u00fddnech roku nevyu\u017eije, nast\u00e1v\u00e1 ot\u00e1zka, jak zazimovat kolo?","inLanguage":"cs","potentialAction":[{"@type":"ReadAction","target":["https:\/\/www.welovecycling.com\/cs\/2023\/10\/18\/jak-zazimovat-kolo-nejhorsi-je-zahodit-spinavy-stroj-do-kouta\/"]}]},{"@type":"ImageObject","inLanguage":"cs","@id":"https:\/\/www.welovecycling.com\/cs\/2023\/10\/18\/jak-zazimovat-kolo-nejhorsi-je-zahodit-spinavy-stroj-do-kouta\/#primaryimage","url":"https:\/\/d2p6e6u75xmxt8.cloudfront.net\/13\/2023\/10\/profimedia-0183847322.webp","contentUrl":"https:\/\/d2p6e6u75xmxt8.cloudfront.net\/13\/2023\/10\/profimedia-0183847322.webp","width":1800,"height":1155},{"@type":"WebSite","@id":"https:\/\/www.welovecycling.com\/cs\/#website","url":"https:\/\/www.welovecycling.com\/cs\/","name":"\u0160koda We Love Cycling - \u010cesk\u00e1 republika","description":"WeLoveCycling.cz je online magaz\u00edn, kter\u00fd v\u00e1m pravideln\u011b p\u0159in\u00e1\u0161\u00ed rady a tipy, zaj\u00edmav\u00e9 \u010dl\u00e1nky, videa a jedine\u010dn\u00e9 report\u00e1\u017ee ze sv\u011bta cyklistiky.","potentialAction":[{"@type":"SearchAction","target":{"@type":"EntryPoint","urlTemplate":"https:\/\/www.welovecycling.com\/cs\/?s={search_term_string}"},"query-input":{"@type":"PropertyValueSpecification","valueRequired":true,"valueName":"search_term_string"}}],"inLanguage":"cs"},{"@type":"Person","@id":"https:\/\/www.welovecycling.com\/cs\/#\/schema\/person\/d9eeb0a378f3a7e4a6d12d2b536b04b8","name":"radekmalina","image":{"@type":"ImageObject","inLanguage":"cs","@id":"https:\/\/www.welovecycling.com\/cs\/#\/schema\/person\/image\/","url":"https:\/\/secure.gravatar.com\/avatar\/66994b632cb8c39a46b9f54afa3ae07201b678d32a54275b6f1c9ffec356bfc0?s=96&d=mm&r=g","contentUrl":"https:\/\/secure.gravatar.com\/avatar\/66994b632cb8c39a46b9f54afa3ae07201b678d32a54275b6f1c9ffec356bfc0?s=96&d=mm&r=g","caption":"radekmalina"},"url":"https:\/\/www.welovecycling.com\/cs\/author\/radekmalina\/"}]}},"_links":{"self":[{"href":"https:\/\/www.welovecycling.com\/cs\/wp-json\/wp\/v2\/posts\/23894","targetHints":{"allow":["GET"]}}],"collection":[{"href":"https:\/\/www.welovecycling.com\/cs\/wp-json\/wp\/v2\/posts"}],"about":[{"href":"https:\/\/www.welovecycling.com\/cs\/wp-json\/wp\/v2\/types\/post"}],"author":[{"embeddable":true,"href":"https:\/\/www.welovecycling.com\/cs\/wp-json\/wp\/v2\/users\/138"}],"replies":[{"embeddable":true,"href":"https:\/\/www.welovecycling.com\/cs\/wp-json\/wp\/v2\/comments?post=23894"}],"version-history":[{"count":5,"href":"https:\/\/www.welovecycling.com\/cs\/wp-json\/wp\/v2\/posts\/23894\/revisions"}],"predecessor-version":[{"id":23929,"href":"https:\/\/www.welovecycling.com\/cs\/wp-json\/wp\/v2\/posts\/23894\/revisions\/23929"}],"wp:featuredmedia":[{"embeddable":true,"href":"https:\/\/www.welovecycling.com\/cs\/wp-json\/wp\/v2\/media\/23900"}],"wp:attachment":[{"href":"https:\/\/www.welovecycling.com\/cs\/wp-json\/wp\/v2\/media?parent=23894"}],"wp:term":[{"taxonomy":"category","embeddable":true,"href":"https:\/\/www.welovecycling.com\/cs\/wp-json\/wp\/v2\/categories?post=23894"},{"taxonomy":"post_tag","embeddable":true,"href":"https:\/\/www.welovecycling.com\/cs\/wp-json\/wp\/v2\/tags?post=23894"},{"taxonomy":"global-categories","embeddable":true,"href":"https:\/\/www.welovecycling.com\/cs\/wp-json\/wp\/v2\/global-categories?post=23894"}],"curies":[{"name":"wp","href":"https:\/\/api.w.org\/{rel}","templated":true}]}}