{"id":23876,"date":"2023-10-15T18:00:50","date_gmt":"2023-10-15T16:00:50","guid":{"rendered":"https:\/\/www.welovecycling.com\/cs\/?p=23876"},"modified":"2023-10-15T16:53:32","modified_gmt":"2023-10-15T14:53:32","slug":"zdenek-stybar-posledni-rok-jsem-zavodil-na-jedne-noze","status":"publish","type":"post","link":"https:\/\/www.welovecycling.com\/cs\/2023\/10\/15\/zdenek-stybar-posledni-rok-jsem-zavodil-na-jedne-noze\/","title":{"rendered":"Zden\u011bk \u0160tybar: Posledn\u00ed rok jsem z\u00e1vodil na jedn\u00e9 noze"},"content":{"rendered":"<p><strong>Konec, kter\u00fd si nep\u0159\u00e1l?! Zden\u011bk \u0160tybar, hv\u011bzdn\u00fd reprezentant v\u00a0silni\u010dn\u00ed cyklistice posledn\u00edch sezon, se p\u0159ibl\u00ed\u017eil odchodu ze sc\u00e9ny. Pro p\u0159\u00ed\u0161t\u00ed sezonu je z\u00e1vodn\u00edk formace Jayco AlUla bez smlouvy. A dost mo\u017en\u00e1 bude etapov\u00e9 kl\u00e1n\u00ed v\u00a0dalek\u00e9 \u010c\u00edn\u011b, kter\u00e9 vyvrchol\u00ed v\u00a0\u00fater\u00fd, posledn\u00edm silni\u010dn\u00edm z\u00e1vodem jeho kari\u00e9ry.<\/strong><\/p>\n<p>\u010cesk\u00e1 superstar ned\u00e1vn\u00e9 minulosti oslav\u00ed v\u00a0prosinci osmat\u0159ic\u00e1t\u00e9 narozeniny. A ob\u00e1v\u00e1 se, \u017ee nebude m\u00edt dostatek argument\u016f pro vyjedn\u00e1v\u00e1n\u00ed&#8230; \u201eJe\u0161t\u011b bych rok cht\u011bl z\u00e1vodit,\u201c neskr\u00fdval. Ale posledn\u00ed ud\u00e1losti hraj\u00ed proti n\u011bmu.<\/p>\n<p>Rod\u00e1k ze St\u0159\u00edbra podstoupil v kv\u011btnu operaci ky\u010deln\u00ed tepny obou nohou. M\u00edsto startu na Tour de France, s\u00a0n\u00edm\u017e napevno po\u010d\u00edtal, se v\u011bnoval rehabilitaci. N\u00e1sledn\u00fd n\u00e1vrat p\u0159ibrzdil covid-19. Virus, jeho\u017e pandemie tolik od \u010dasn\u00e9ho jara 2020 poznamenala sv\u011bt, z\u00e1sadn\u011b ovlivnil i kari\u00e9ru z\u00e1vodn\u00edka, kter\u00fd se silni\u010dn\u00ed cyklistikou naplno za\u010dal v\u00a0roce 2011. Opakovan\u011b naru\u0161il jeho tr\u00e9ninkov\u00e9, respektive z\u00e1vodn\u00ed \u00fasil\u00ed. I proto hv\u011bzdn\u00fdch v\u00fdsledk\u016f v\u00a0posledn\u00edch sezon\u00e1ch nep\u0159ib\u00fdvalo.<\/p>\n<h2><strong>Je Zden\u011bk \u0160tybar p\u0159\u00edli\u0161 star\u00fd pro World Tour?<\/strong><\/h2>\n<p>Byl r\u00e1d, \u017ee po projeven\u00e9 ned\u016fv\u011bru od Patricka Lefevera, bosse Vl\u010d\u00ed sme\u010dky (Quick Stepu), dostal p\u0159\u00edle\u017eitost ve skromn\u011bj\u0161\u00edch podm\u00ednk\u00e1ch Jayco AlUla. Po dvan\u00e1cti letech na jedn\u00e9 adrese se st\u011bhoval. A byl pln\u00fd odhodl\u00e1n\u00ed. \u201eJ\u00e1 rozhodnu, kdy vyklid\u00edm sc\u00e9nu,\u201c \u0159\u00edkal odhodlan\u011b.<\/p>\n<figure id=\"attachment_9340\" aria-describedby=\"caption-attachment-9340\" style=\"width: 1920px\" class=\"wp-caption alignnone\"><a href=\"https:\/\/d2p6e6u75xmxt8.cloudfront.net\/13\/2020\/08\/LEtape-Czech-Republic_047-scaled.webp\"><img loading=\"lazy\" decoding=\"async\" class=\"size-extra-large wp-image-9340\" src=\"https:\/\/d2p6e6u75xmxt8.cloudfront.net\/13\/2020\/08\/LEtape-Czech-Republic_047-scaled-1920x1280.webp\" alt=\"Martina S\u00e1bl\u00edkov\u00e1 a Zden\u011bk \u0160tybar jsou ambasadory projektu L\u2019Etape Czech Republic by Tour de France.\" width=\"1920\" height=\"1280\" srcset=\"https:\/\/d2p6e6u75xmxt8.cloudfront.net\/13\/2020\/08\/LEtape-Czech-Republic_047-scaled-1920x1280.webp 1920w, https:\/\/d2p6e6u75xmxt8.cloudfront.net\/13\/2020\/08\/LEtape-Czech-Republic_047-scaled-300x200.webp 300w, https:\/\/d2p6e6u75xmxt8.cloudfront.net\/13\/2020\/08\/LEtape-Czech-Republic_047-scaled-1024x683.webp 1024w, https:\/\/d2p6e6u75xmxt8.cloudfront.net\/13\/2020\/08\/LEtape-Czech-Republic_047-scaled-768x512.webp 768w, https:\/\/d2p6e6u75xmxt8.cloudfront.net\/13\/2020\/08\/LEtape-Czech-Republic_047-scaled-1536x1024.webp 1536w, https:\/\/d2p6e6u75xmxt8.cloudfront.net\/13\/2020\/08\/LEtape-Czech-Republic_047-scaled-2048x1366.webp 2048w, https:\/\/d2p6e6u75xmxt8.cloudfront.net\/13\/2020\/08\/LEtape-Czech-Republic_047-scaled-272x182.webp 272w, https:\/\/d2p6e6u75xmxt8.cloudfront.net\/13\/2020\/08\/LEtape-Czech-Republic_047-scaled-1920x1280.webp 1920w\" sizes=\"auto, (max-width: 1920px) 100vw, 1920px\" \/><\/a><figcaption id=\"caption-attachment-9340\" class=\"wp-caption-text\"><em>Martina S\u00e1bl\u00edkov\u00e1 a Zden\u011bk \u0160tybar jsou ambasadory L\u2019Etape Czech Republic by Tour de France.<\/em><\/figcaption><\/figure>\n<p>Jen\u017ee zdravotn\u00ed trable mu vzaly prostor uk\u00e1zat, \u017ee je\u0161t\u011b nepat\u0159\u00ed do star\u00e9ho \u017eeleza. Nov\u00fd kontrakt nedostal. \u201eMana\u017eer je\u0161t\u011b s\u00a0n\u011bjak\u00fdmi t\u00fdmy jednal. Ale \u0159ada operac\u00ed, m\u00e9 v\u00fdkony a tak\u00e9 v\u011bk zap\u0159\u00ed\u010dinily, \u017ee u\u017e nikdo nem\u00e1 moc z\u00e1jem,\u201c prohl\u00e1sil v\u00a0\u010c\u00edn\u011b b\u011bhem z\u00e1vodu pro cyclingnews.com. \u201eJe\u0161t\u011b chci jet n\u011bjak\u00e9 cyklokrosov\u00e9 z\u00e1vody. Ale na silnici je asi hotovo,\u201c pronesl sm\u00ed\u0159liv\u011b mu\u017e, kter\u00fd byl t\u0159ikr\u00e1t mistrem sv\u011bta v\u00a0cyklokrosu mezi elitou a dvakr\u00e1t v\u00a0kategorii do t\u0159iadvaceti let.<\/p>\n<p>\u201eProbl\u00e9m s ky\u010deln\u00edmi tepnami jsem m\u011bl tak t\u0159i sezony, kdy kv\u016fli tomu moje v\u00fdkonnost kr\u016f\u010dek po kr\u016f\u010dku klesala. Nev\u011bd\u011bl jsem pro\u010d, proto\u017ee motivace mi nechyb\u011bla. Te\u010f aspo\u0148 zn\u00e1m d\u016fvod. Posledn\u00ed rok jsem z\u00e1vodil v podstat\u011b na jedn\u00e9 noze,&#8220; uvedl \u0160tybar.<\/p>\n<p><a href=\"https:\/\/d2p6e6u75xmxt8.cloudfront.net\/13\/2023\/06\/Letape-053-scaled.webp\"><img loading=\"lazy\" decoding=\"async\" class=\"alignnone size-extra-large wp-image-22646\" src=\"https:\/\/d2p6e6u75xmxt8.cloudfront.net\/13\/2023\/06\/Letape-053-1920x1281.webp\" alt=\"\" width=\"1920\" height=\"1281\" srcset=\"https:\/\/d2p6e6u75xmxt8.cloudfront.net\/13\/2023\/06\/Letape-053-1920x1281.webp 1920w, https:\/\/d2p6e6u75xmxt8.cloudfront.net\/13\/2023\/06\/Letape-053-300x200.webp 300w, https:\/\/d2p6e6u75xmxt8.cloudfront.net\/13\/2023\/06\/Letape-053-1024x683.webp 1024w, https:\/\/d2p6e6u75xmxt8.cloudfront.net\/13\/2023\/06\/Letape-053-768x512.webp 768w, https:\/\/d2p6e6u75xmxt8.cloudfront.net\/13\/2023\/06\/Letape-053-1536x1025.webp 1536w, https:\/\/d2p6e6u75xmxt8.cloudfront.net\/13\/2023\/06\/Letape-053-2048x1366.webp 2048w, https:\/\/d2p6e6u75xmxt8.cloudfront.net\/13\/2023\/06\/Letape-053-400x267.webp 400w, https:\/\/d2p6e6u75xmxt8.cloudfront.net\/13\/2023\/06\/Letape-053-272x182.webp 272w, https:\/\/d2p6e6u75xmxt8.cloudfront.net\/13\/2023\/06\/Letape-053-1920x1281.webp 1920w\" sizes=\"auto, (max-width: 1920px) 100vw, 1920px\" \/><\/a><\/p>\n<p>Pokud skute\u010dn\u011b v\u00a0\u010c\u00edn\u011b opust\u00ed sc\u00e9nu silni\u010dn\u00ed cyklistiky, kter\u00fdch p\u011bt v\u00fdsledk\u016f z\u016fstane v\u00a0pam\u011bti fanou\u0161k\u016f?<\/p>\n<h2><strong>Tour de France 2015 \u2013 6. etapa<\/strong><\/h2>\n<p>Peloton se \u0159\u00edt\u00ed do Le Havru. V\u00a0dresu Quick Step \u00a0jede Zden\u011bk \u0160tybar svoji prvn\u00ed Tour de France. Silnice se za\u010dne lehce zvedat. Bal\u00edk cyklist\u016f rozd\u011bl\u00ed p\u00e1d. \u010cesk\u00fd z\u00e1vodn\u00edk vyu\u017eije chvilkov\u00e9ho zmatku a ze v\u0161ech sil tla\u010d\u00ed do ped\u00e1l\u016f. \u201eByli jsme na etapu ur\u010den\u00ed j\u00e1 a Cavendish,\u201c vzpom\u00edn\u00e1.<\/p>\n<figure id=\"attachment_23128\" aria-describedby=\"caption-attachment-23128\" style=\"width: 1800px\" class=\"wp-caption alignnone\"><a href=\"https:\/\/d2p6e6u75xmxt8.cloudfront.net\/13\/2023\/07\/stybar-profimedia-0252407237-1.webp\"><img loading=\"lazy\" decoding=\"async\" class=\"size-full wp-image-23128\" src=\"https:\/\/d2p6e6u75xmxt8.cloudfront.net\/13\/2023\/07\/stybar-profimedia-0252407237-1.webp\" alt=\"Zden\u011bk \u0160tybar se \u0159\u00edt\u00ed pro v\u00edt\u011bzstv\u00ed v 6. etap\u011b Tour de France 2015.\" width=\"1800\" height=\"1198\" srcset=\"https:\/\/d2p6e6u75xmxt8.cloudfront.net\/13\/2023\/07\/stybar-profimedia-0252407237-1.webp 1800w, https:\/\/d2p6e6u75xmxt8.cloudfront.net\/13\/2023\/07\/stybar-profimedia-0252407237-1-300x200.webp 300w, https:\/\/d2p6e6u75xmxt8.cloudfront.net\/13\/2023\/07\/stybar-profimedia-0252407237-1-1024x682.webp 1024w, https:\/\/d2p6e6u75xmxt8.cloudfront.net\/13\/2023\/07\/stybar-profimedia-0252407237-1-768x511.webp 768w, https:\/\/d2p6e6u75xmxt8.cloudfront.net\/13\/2023\/07\/stybar-profimedia-0252407237-1-1536x1022.webp 1536w, https:\/\/d2p6e6u75xmxt8.cloudfront.net\/13\/2023\/07\/stybar-profimedia-0252407237-1-400x266.webp 400w, https:\/\/d2p6e6u75xmxt8.cloudfront.net\/13\/2023\/07\/stybar-profimedia-0252407237-1-272x182.webp 272w\" sizes=\"auto, (max-width: 1800px) 100vw, 1800px\" \/><\/a><figcaption id=\"caption-attachment-23128\" class=\"wp-caption-text\"><em>Zden\u011bk \u0160tybar se \u0159\u00edt\u00ed pro v\u00edt\u011bzstv\u00ed v 6. etap\u011b Tour de France 2015.<\/em><\/figcaption><\/figure>\n<p>Po spurterovi z\u00a0ostrova Man nen\u00ed kilometr p\u0159ed c\u00edlem ani vidu, proto \u0160tybar to\u010d\u00ed klikami sv\u00e9ho bicyklu jako zb\u011bsil\u00fd. Ne\u017e si v\u0161ichni soupe\u0159i uv\u011bdom\u00ed, jak komfortn\u00ed n\u00e1skok m\u00e1, prolet\u00ed Zden\u011bk \u0160tybar c\u00edlem s\u00a0rukou za\u0165atou k\u00a0nebes\u016fm na znamen\u00ed \u017eivotn\u00edho v\u00edt\u011bzstv\u00ed. Etapu na Tour de France vyhr\u00e1l jako druh\u00fd a zat\u00edm posledn\u00ed \u010cech.<\/p>\n<h2><strong>Strade Bianche 2015<\/strong><\/h2>\n<p>V\u00a0dresu \u010desk\u00e9ho \u0161ampiona dorazil poprv\u00e9 v\u00a0\u017eivot\u011b k\u00a0jarn\u00ed klasice na tosk\u00e1nsk\u00fdch pra\u0161n\u00fdch cesti\u010dk\u00e1ch. Zden\u011bk \u0160tybar byl ve skupince uprchl\u00edk\u016f. Spole\u010dnost mu d\u011blal Alejandro Valverde a Greg van Avermaet.<\/p>\n<div class=\"shortcode-ys-post-pinup\"><article class=\"loop-simple post-22919 post type-post status-publish format-video has-post-thumbnail hentry category-tour-de-france tag-ceska-stopa-na-tour-de-france tag-cyklistika tag-silnicni-cyklistika tag-strategie tag-taktika tag-tour-de-france post_format-post-format-video global-categories-cycling\" data-postid=\"22919\" role=\"article\" data-post-id=\"22919\" data-word-count=\"478\" data-headline-length=\"59\" data-category=\"Tour de France\" data-global-category=\"Cycling\" data-author=\"We Love Cycling\" data-published=\"2023-07-04T09:40:49+02:00\" data-published-day=\"Tuesday\">\n    <div class=\"entry-thumbnail article-thumbnail video-thumbnail\" content=\"https:\/\/d2p6e6u75xmxt8.cloudfront.net\/13\/2023\/06\/CEM_8887-150x150.webp\"><svg class=\"play font-icon\"><use href=\"#play_round\" xlink:href=\"#play_round\"><\/use><\/svg><a href=\"https:\/\/www.welovecycling.com\/cs\/2023\/07\/04\/ceska-stopa-na-tour-de-france-kouzlo-strategie-a-taktiky\/\" class=\"image-holder\" target=\"_self\"><img decoding=\"async\" loading=\"lazy\" class=\"\" src=\"https:\/\/d2p6e6u75xmxt8.cloudfront.net\/13\/2023\/06\/CEM_8887-1024x683.webp\" srcset=\"https:\/\/d2p6e6u75xmxt8.cloudfront.net\/13\/2023\/06\/CEM_8887.webp 7842w, https:\/\/d2p6e6u75xmxt8.cloudfront.net\/13\/2023\/06\/CEM_8887-300x200.webp 300w, https:\/\/d2p6e6u75xmxt8.cloudfront.net\/13\/2023\/06\/CEM_8887-1024x683.webp 1024w, https:\/\/d2p6e6u75xmxt8.cloudfront.net\/13\/2023\/06\/CEM_8887-768x512.webp 768w, https:\/\/d2p6e6u75xmxt8.cloudfront.net\/13\/2023\/06\/CEM_8887-1536x1025.webp 1536w, https:\/\/d2p6e6u75xmxt8.cloudfront.net\/13\/2023\/06\/CEM_8887-400x267.webp 400w, https:\/\/d2p6e6u75xmxt8.cloudfront.net\/13\/2023\/06\/CEM_8887-272x182.webp 272w\" width=\"1024\" height=\"683\" sizes=\"auto, (min-width: 1200px) 300px, (min-width: 768px) 25vw, 100vw\" alt=\"ceska-stopa-na-tour-de-france-kouzlo-strategie-a-taktiky\"\/><\/a><\/div>    <div class=\"entry-meta\">\n        <a class=\"label label-secondary post-category\" href=\"https:\/\/www.welovecycling.com\/cs\/category\/tour-de-france\/\" title=\"Tour de France\">Tour de France<\/a>\n    <\/div>\n    <div class=\"entry-details\">\n        <a href=\"https:\/\/www.welovecycling.com\/cs\/2023\/07\/04\/ceska-stopa-na-tour-de-france-kouzlo-strategie-a-taktiky\/\" class='entry-title-wrapper'>\n            <h3 class=\"entry-title\"><span>\u010cesk\u00e1 stopa na Tour de France: Kouzlo strategie a taktiky<\/span><\/h3>\n        <\/a>\n    <\/div>\n    <\/article>\n<\/div>\n<p>V\u00a0z\u00e1v\u011bre\u010dn\u00e9m stoup\u00e1n\u00ed na Piazza del Campo za\u00fato\u010dil ze t\u0159et\u00ed pozice a c\u00edlem projel triumf\u00e1ln\u011b s\u00a0rukama nad hlavou o dv\u011b vte\u0159iny p\u0159ed soupe\u0159i.<\/p>\n<h2><strong>Vuelta 2013 \u2013 7. etapa<\/strong><\/h2>\n<p>Zb\u00fdv\u00e1 osm kilometr\u016f do c\u00edle etapy, kdy\u017e z\u00a0bal\u00edku vyraz\u00ed mistr sv\u011bta Philipp Gilbert. Zden\u011bk \u0160tybar se zav\u011bs\u00ed za jeho kolo. Ve spurtersk\u00e9 etap\u011b p\u0159edch\u00e1z\u00ed vyvrcholen\u00ed technick\u00fd pr\u016fjezd c\u00edlov\u00fdm m\u011bstem. Uprchl\u00edci si vybuduj\u00ed slu\u0161n\u00fd n\u00e1skok. A kdy\u017e zb\u00fdv\u00e1 sto metr\u016f \u010desk\u00fd cyklista vyst\u0159el\u00ed jako magnet p\u0159itahov\u00e1n c\u00edlovou branou. O milimetry poraz\u00ed mistra sv\u011bta, o vte\u0159inu zbytek z\u00e1vodn\u00edho pole. Slav\u00ed prvn\u00ed v\u00edt\u011bzstv\u00ed v\u00a0z\u00e1vod\u011b Grand Tour!<\/p>\n<h2><strong>Omloop Het Nieuwsblad 2019<\/strong><\/h2>\n<p>Zahajovac\u00ed kostkov\u00e1 klasika sezony World Tour. Na startu je povzbuzen etapov\u00fdm v\u00edt\u011bzstv\u00edm z\u00a0p\u0159edchoz\u00edho z\u00e1vodu Kolem Algarve. P\u0159i ka\u017ed\u00e9 selekci je na spr\u00e1vn\u00e9m m\u00edst\u011b, ve spr\u00e1vn\u00e9 skupin\u011b. Nechyb\u00ed ani mezi p\u011bti vyvolen\u00fdmi, z\u00a0nich\u017e vzejde v\u00edt\u011bz.<\/p>\n<figure id=\"attachment_658\" aria-describedby=\"caption-attachment-658\" style=\"width: 1920px\" class=\"wp-caption alignnone\"><a href=\"https:\/\/d2p6e6u75xmxt8.cloudfront.net\/13\/2019\/03\/Zdenek-Stybar-Omloop-Het-Nieuwsblad-Trophy-_Tim-De-Waele-Getty-Images.JPG-scaled.webp\"><img loading=\"lazy\" decoding=\"async\" class=\"size-extra-large wp-image-658\" src=\"https:\/\/d2p6e6u75xmxt8.cloudfront.net\/13\/2019\/03\/Zdenek-Stybar-Omloop-Het-Nieuwsblad-Trophy-_Tim-De-Waele-Getty-Images.JPG-1920x1280.webp\" alt=\"Zden\u011bk \u0160tybar s trofej\u00ed za v\u00edt\u011bzstv\u00ed v belgick\u00e9 klasice Omloop Het Nieuwsblad. Foto: \u00a9 Tim De Waele \/ Getty Images\" width=\"1920\" height=\"1280\" srcset=\"https:\/\/d2p6e6u75xmxt8.cloudfront.net\/13\/2019\/03\/Zdenek-Stybar-Omloop-Het-Nieuwsblad-Trophy-_Tim-De-Waele-Getty-Images.JPG-1920x1280.webp 1920w, https:\/\/d2p6e6u75xmxt8.cloudfront.net\/13\/2019\/03\/Zdenek-Stybar-Omloop-Het-Nieuwsblad-Trophy-_Tim-De-Waele-Getty-Images.JPG-300x200.webp 300w, https:\/\/d2p6e6u75xmxt8.cloudfront.net\/13\/2019\/03\/Zdenek-Stybar-Omloop-Het-Nieuwsblad-Trophy-_Tim-De-Waele-Getty-Images.JPG-1024x683.webp 1024w, https:\/\/d2p6e6u75xmxt8.cloudfront.net\/13\/2019\/03\/Zdenek-Stybar-Omloop-Het-Nieuwsblad-Trophy-_Tim-De-Waele-Getty-Images.JPG-768x512.webp 768w, https:\/\/d2p6e6u75xmxt8.cloudfront.net\/13\/2019\/03\/Zdenek-Stybar-Omloop-Het-Nieuwsblad-Trophy-_Tim-De-Waele-Getty-Images.JPG-1536x1024.webp 1536w, https:\/\/d2p6e6u75xmxt8.cloudfront.net\/13\/2019\/03\/Zdenek-Stybar-Omloop-Het-Nieuwsblad-Trophy-_Tim-De-Waele-Getty-Images.JPG-2048x1365.webp 2048w, https:\/\/d2p6e6u75xmxt8.cloudfront.net\/13\/2019\/03\/Zdenek-Stybar-Omloop-Het-Nieuwsblad-Trophy-_Tim-De-Waele-Getty-Images.JPG-272x182.webp 272w, https:\/\/d2p6e6u75xmxt8.cloudfront.net\/13\/2019\/03\/Zdenek-Stybar-Omloop-Het-Nieuwsblad-Trophy-_Tim-De-Waele-Getty-Images.JPG-1920x1280.webp 1920w\" sizes=\"auto, (max-width: 1920px) 100vw, 1920px\" \/><\/a><figcaption id=\"caption-attachment-658\" class=\"wp-caption-text\"><em>Zden\u011bk \u0160tybar s trofej\u00ed za v\u00edt\u011bzstv\u00ed v belgick\u00e9 klasice Omloop Het Nieuwsblad. Foto: Deceuninck Quick Step\/Tim De Waele\/Getty Images<\/em><\/figcaption><\/figure>\n<p>Dva a p\u016fl kilometru p\u0159ed c\u00edlem \u00fato\u010d\u00ed. V\u00a0kl\u00ed\u010dov\u00e9m okam\u017eiku p\u0159i stoup\u00e1n\u00ed na vr\u0161ek Leberg tla\u010d\u00ed do ped\u00e1l\u016f 6,94 wattu na kilogram. A vyhraje svoji prvn\u00ed velkou kostkovou klasiku.<\/p>\n<h2><strong>Pa\u0159\u00ed\u017e-Roubaix 2015 a 2017<\/strong><\/h2>\n<p>Jist\u011b, v obou p\u0159\u00edpadech skon\u010d\u00ed na Pekle severu druh\u00fd. Ale stupn\u011b z Monumentu jsou v\u00edc ne\u017e mnoh\u00e1 v\u00edt\u011bzstv\u00ed. \u0160tybar je v roce 2015 mezi sedmi\u010dkou uprchl\u00edk\u016f na velodromu v Roubix. T\u00fdmov\u00fd kolega Yves Lampaert rozj\u00ed\u017ed\u00ed spurt. Zden\u011bk \u0160tybar je na prvn\u00ed pozici. Zb\u00fdv\u00e1 p\u00e1r metr\u016f a vyhraje nejslavn\u011bj\u0161\u00ed klasiku sv\u011bta. Ouha\u2026 Na p\u00e1sce jej p\u0159edstihne John Degenkolb.\u00a0\u201eV\u0161ichni jsme byli na limitu,\u201c pokr\u010d\u00ed rameny, kdy\u017e jako prvn\u00ed \u010cech vybojuje na Pekle severu podium.<\/p>\n<div class=\"shortcode-ys-post-pinup\"><article class=\"loop-simple post-20219 post type-post status-publish format-standard has-post-thumbnail hentry category-cyklokros tag-julian-alaphilippe tag-katerina-nash tag-marianne-vos tag-martin-bina tag-mathieu-van-der-poel tag-michael-boros tag-ms-tabor-2001 tag-ms-tabor-2010 tag-ms-tabor-2015 tag-ms-tabor-2024 tag-ms-v-cyklokrosu-2024 tag-petr-dlask tag-radomir-simunek tag-wout-van-aert tag-zdenek-stybar global-categories-cycling\" data-postid=\"20219\" role=\"article\" data-post-id=\"20219\" data-word-count=\"448\" data-headline-length=\"59\" data-category=\"Cyklokros\" data-global-category=\"Cycling\" data-author=\"We Love Cycling\" data-published=\"2023-02-02T09:00:34+02:00\" data-published-day=\"Thursday\">\n    <div class=\"entry-thumbnail article-thumbnail\" content=\"https:\/\/d2p6e6u75xmxt8.cloudfront.net\/13\/2021\/01\/stybar-titul-2010-michal-cerveny-150x150.webp\"><a href=\"https:\/\/www.welovecycling.com\/cs\/2023\/02\/02\/svetova-show-v-tabore-zdenek-stybar-by-nerad-chybel\/\" class=\"image-holder\" target=\"_self\"><img decoding=\"async\" loading=\"lazy\" class=\"\" src=\"https:\/\/d2p6e6u75xmxt8.cloudfront.net\/13\/2021\/01\/stybar-titul-2010-michal-cerveny-1024x654.webp\" srcset=\"https:\/\/d2p6e6u75xmxt8.cloudfront.net\/13\/2021\/01\/stybar-titul-2010-michal-cerveny.webp 1600w, https:\/\/d2p6e6u75xmxt8.cloudfront.net\/13\/2021\/01\/stybar-titul-2010-michal-cerveny-300x192.webp 300w, https:\/\/d2p6e6u75xmxt8.cloudfront.net\/13\/2021\/01\/stybar-titul-2010-michal-cerveny-1024x654.webp 1024w, https:\/\/d2p6e6u75xmxt8.cloudfront.net\/13\/2021\/01\/stybar-titul-2010-michal-cerveny-768x491.webp 768w, https:\/\/d2p6e6u75xmxt8.cloudfront.net\/13\/2021\/01\/stybar-titul-2010-michal-cerveny-1536x981.webp 1536w\" width=\"1024\" height=\"654\" sizes=\"auto, (min-width: 1200px) 314px, (min-width: 768px) 26vw, 100vw\" alt=\"svetova-show-v-tabore-zdenek-stybar-by-nerad-chybel\"\/><\/a><\/div>    <div class=\"entry-meta\">\n        <a class=\"label label-secondary post-category\" href=\"https:\/\/www.welovecycling.com\/cs\/category\/cyklokros\/\" title=\"Cyklokros\">Cyklokros<\/a>\n    <\/div>\n    <div class=\"entry-details\">\n        <a href=\"https:\/\/www.welovecycling.com\/cs\/2023\/02\/02\/svetova-show-v-tabore-zdenek-stybar-by-nerad-chybel\/\" class='entry-title-wrapper'>\n            <h3 class=\"entry-title\"><span>Sv\u011btov\u00e1 show v T\u00e1bo\u0159e? Zden\u011bk \u0160tybar by nerad chyb\u011bl<\/span><\/h3>\n        <\/a>\n    <\/div>\n    <\/article>\n<\/div>\n<p>O dva roky pozd\u011bji je v p\u011bti\u010dlenn\u00e9 skupin\u011b. Zase rozhoduje hromadn\u00fd spurt. Kdy\u017e zb\u00fdv\u00e1 obkrou\u017eit polovina velodromu, p\u0159edjede Moscona a \u0159\u00edt\u00ed se do c\u00edle. Ale Greg van Avermaet jej o p\u00e1r centimetr\u016f p\u0159edstihne. Zden\u011bk \u0160tybar je zase druh\u00fd. \u201eMo\u017en\u00e1 jsem mohl je\u0161t\u011b pades\u00e1t metr\u016f po\u010dkat,\u201c lituje pak \u010dasn\u00e9ho \u00fatoku. Je\u0161t\u011b p\u011btkr\u00e1t se postav\u00ed na start Pekla severu, ale u\u017e nikdy nedostane \u0161anci bojovat o vysn\u011bnou \u017eulovou kostku\u2026<\/p>\n<p><em>Tituln\u00ed foto: Jan Brychta<\/em><\/p>\n","protected":false},"excerpt":{"rendered":"<p>Konec, kter\u00fd si nep\u0159\u00e1l?! Zden\u011bk \u0160tybar, hv\u011bzdn\u00fd reprezentant v\u00a0silni\u010dn\u00ed cyklistice posledn\u00edch sezon, se p\u0159ibl\u00ed\u017eil odchodu ze sc\u00e9ny. Pro p\u0159\u00ed\u0161t\u00ed sezonu [&hellip;]<\/p>\n","protected":false},"author":138,"featured_media":18925,"comment_status":"open","ping_status":"open","sticky":false,"template":"","format":"standard","meta":{"footnotes":""},"categories":[10],"tags":[126,2841,1950,3256,9,2425,2842,73,28],"global-categories":[411],"class_list":["post-23876","post","type-post","status-publish","format-standard","has-post-thumbnail","hentry","category-silnicni-cyklistika","tag-cyklistika","tag-jayco-alula","tag-konec-kariery","tag-operace-kycelni-tepny","tag-silnicni-cyklistika","tag-smlouva","tag-soudal-quick-step","tag-zdenek-stybar","tag-zdravi","global-categories-cycling"],"yoast_head":"<!-- This site is optimized with the Yoast SEO Premium plugin v25.3 (Yoast SEO v25.9) - https:\/\/yoast.com\/wordpress\/plugins\/seo\/ -->\n<title>Zden\u011bk \u0160tybar: Posledn\u00ed rok jsem z\u00e1vodil na jedn\u00e9 noze | \u0160koda We Love Cycling - \u010cesk\u00e1 republika<\/title>\n<meta name=\"description\" content=\"Konec, kter\u00fd si nep\u0159\u00e1l?! Zden\u011bk \u0160tybar se p\u0159ibl\u00ed\u017eil odchodu ze sc\u00e9ny. Pro p\u0159\u00ed\u0161t\u00ed sezonu je z\u00e1vodn\u00edk formace Jayco AlUla bez smlouvy.\" \/>\n<meta name=\"robots\" content=\"index, follow, max-snippet:-1, max-image-preview:large, max-video-preview:-1\" \/>\n<link rel=\"canonical\" href=\"https:\/\/www.welovecycling.com\/cs\/2023\/10\/15\/zdenek-stybar-posledni-rok-jsem-zavodil-na-jedne-noze\/\" \/>\n<meta property=\"og:locale\" content=\"cs_CZ\" \/>\n<meta property=\"og:type\" content=\"article\" \/>\n<meta property=\"og:title\" content=\"Zden\u011bk \u0160tybar: Posledn\u00ed rok jsem z\u00e1vodil na jedn\u00e9 noze\" \/>\n<meta property=\"og:description\" content=\"Konec, kter\u00fd si nep\u0159\u00e1l?! Zden\u011bk \u0160tybar se p\u0159ibl\u00ed\u017eil odchodu ze sc\u00e9ny. Pro p\u0159\u00ed\u0161t\u00ed sezonu je z\u00e1vodn\u00edk formace Jayco AlUla bez smlouvy.\" \/>\n<meta property=\"og:url\" content=\"https:\/\/www.welovecycling.com\/cs\/2023\/10\/15\/zdenek-stybar-posledni-rok-jsem-zavodil-na-jedne-noze\/\" \/>\n<meta property=\"og:site_name\" content=\"\u0160koda We Love Cycling - \u010cesk\u00e1 republika\" \/>\n<meta property=\"article:published_time\" content=\"2023-10-15T16:00:50+00:00\" \/>\n<meta property=\"og:image\" content=\"https:\/\/d2p6e6u75xmxt8.cloudfront.net\/13\/2022\/10\/stybar-BrychtaJan_ME_Mnichov_20220813_111900_DSC_8781.webp\" \/>\n\t<meta property=\"og:image:width\" content=\"2000\" \/>\n\t<meta property=\"og:image:height\" content=\"1331\" \/>\n\t<meta property=\"og:image:type\" content=\"image\/webp\" \/>\n<meta name=\"author\" content=\"radekmalina\" \/>\n<meta name=\"twitter:card\" content=\"summary_large_image\" \/>\n<meta name=\"twitter:label1\" content=\"Written by\" \/>\n\t<meta name=\"twitter:data1\" content=\"We Love Cycling\" \/>\n\t<meta name=\"twitter:label2\" content=\"Est. reading time\" \/>\n\t<meta name=\"twitter:data2\" content=\"4\" \/>\n<script type=\"application\/ld+json\" class=\"yoast-schema-graph\">{\"@context\":\"https:\/\/schema.org\",\"@graph\":[{\"@type\":\"WebPage\",\"@id\":\"https:\/\/www.welovecycling.com\/cs\/2023\/10\/15\/zdenek-stybar-posledni-rok-jsem-zavodil-na-jedne-noze\/\",\"url\":\"https:\/\/www.welovecycling.com\/cs\/2023\/10\/15\/zdenek-stybar-posledni-rok-jsem-zavodil-na-jedne-noze\/\",\"name\":\"Zden\u011bk \u0160tybar: Posledn\u00ed rok jsem z\u00e1vodil na jedn\u00e9 noze | \u0160koda We Love Cycling - \u010cesk\u00e1 republika\",\"isPartOf\":{\"@id\":\"https:\/\/www.welovecycling.com\/cs\/#website\"},\"primaryImageOfPage\":{\"@id\":\"https:\/\/www.welovecycling.com\/cs\/2023\/10\/15\/zdenek-stybar-posledni-rok-jsem-zavodil-na-jedne-noze\/#primaryimage\"},\"image\":{\"@id\":\"https:\/\/www.welovecycling.com\/cs\/2023\/10\/15\/zdenek-stybar-posledni-rok-jsem-zavodil-na-jedne-noze\/#primaryimage\"},\"thumbnailUrl\":\"https:\/\/d2p6e6u75xmxt8.cloudfront.net\/13\/2022\/10\/stybar-BrychtaJan_ME_Mnichov_20220813_111900_DSC_8781.webp\",\"datePublished\":\"2023-10-15T16:00:50+00:00\",\"author\":{\"@id\":\"https:\/\/www.welovecycling.com\/cs\/#\/schema\/person\/d9eeb0a378f3a7e4a6d12d2b536b04b8\"},\"description\":\"Konec, kter\u00fd si nep\u0159\u00e1l?! Zden\u011bk \u0160tybar se p\u0159ibl\u00ed\u017eil odchodu ze sc\u00e9ny. Pro p\u0159\u00ed\u0161t\u00ed sezonu je z\u00e1vodn\u00edk formace Jayco AlUla bez smlouvy.\",\"inLanguage\":\"cs\",\"potentialAction\":[{\"@type\":\"ReadAction\",\"target\":[\"https:\/\/www.welovecycling.com\/cs\/2023\/10\/15\/zdenek-stybar-posledni-rok-jsem-zavodil-na-jedne-noze\/\"]}]},{\"@type\":\"ImageObject\",\"inLanguage\":\"cs\",\"@id\":\"https:\/\/www.welovecycling.com\/cs\/2023\/10\/15\/zdenek-stybar-posledni-rok-jsem-zavodil-na-jedne-noze\/#primaryimage\",\"url\":\"https:\/\/d2p6e6u75xmxt8.cloudfront.net\/13\/2022\/10\/stybar-BrychtaJan_ME_Mnichov_20220813_111900_DSC_8781.webp\",\"contentUrl\":\"https:\/\/d2p6e6u75xmxt8.cloudfront.net\/13\/2022\/10\/stybar-BrychtaJan_ME_Mnichov_20220813_111900_DSC_8781.webp\",\"width\":2000,\"height\":1331,\"caption\":\"Zden\u011bk \u0160tybar v barv\u00e1ch \u010desk\u00e9 reprezentace.\"},{\"@type\":\"WebSite\",\"@id\":\"https:\/\/www.welovecycling.com\/cs\/#website\",\"url\":\"https:\/\/www.welovecycling.com\/cs\/\",\"name\":\"\u0160koda We Love Cycling - \u010cesk\u00e1 republika\",\"description\":\"WeLoveCycling.cz je online magaz\u00edn, kter\u00fd v\u00e1m pravideln\u011b p\u0159in\u00e1\u0161\u00ed rady a tipy, zaj\u00edmav\u00e9 \u010dl\u00e1nky, videa a jedine\u010dn\u00e9 report\u00e1\u017ee ze sv\u011bta cyklistiky.\",\"potentialAction\":[{\"@type\":\"SearchAction\",\"target\":{\"@type\":\"EntryPoint\",\"urlTemplate\":\"https:\/\/www.welovecycling.com\/cs\/?s={search_term_string}\"},\"query-input\":{\"@type\":\"PropertyValueSpecification\",\"valueRequired\":true,\"valueName\":\"search_term_string\"}}],\"inLanguage\":\"cs\"},{\"@type\":\"Person\",\"@id\":\"https:\/\/www.welovecycling.com\/cs\/#\/schema\/person\/d9eeb0a378f3a7e4a6d12d2b536b04b8\",\"name\":\"radekmalina\",\"image\":{\"@type\":\"ImageObject\",\"inLanguage\":\"cs\",\"@id\":\"https:\/\/www.welovecycling.com\/cs\/#\/schema\/person\/image\/\",\"url\":\"https:\/\/secure.gravatar.com\/avatar\/66994b632cb8c39a46b9f54afa3ae07201b678d32a54275b6f1c9ffec356bfc0?s=96&d=mm&r=g\",\"contentUrl\":\"https:\/\/secure.gravatar.com\/avatar\/66994b632cb8c39a46b9f54afa3ae07201b678d32a54275b6f1c9ffec356bfc0?s=96&d=mm&r=g\",\"caption\":\"radekmalina\"},\"url\":\"https:\/\/www.welovecycling.com\/cs\/author\/radekmalina\/\"}]}<\/script>\n<!-- \/ Yoast SEO Premium plugin. -->","yoast_head_json":{"title":"Zden\u011bk \u0160tybar: Posledn\u00ed rok jsem z\u00e1vodil na jedn\u00e9 noze | \u0160koda We Love Cycling - \u010cesk\u00e1 republika","description":"Konec, kter\u00fd si nep\u0159\u00e1l?! Zden\u011bk \u0160tybar se p\u0159ibl\u00ed\u017eil odchodu ze sc\u00e9ny. Pro p\u0159\u00ed\u0161t\u00ed sezonu je z\u00e1vodn\u00edk formace Jayco AlUla bez smlouvy.","robots":{"index":"index","follow":"follow","max-snippet":"max-snippet:-1","max-image-preview":"max-image-preview:large","max-video-preview":"max-video-preview:-1"},"canonical":"https:\/\/www.welovecycling.com\/cs\/2023\/10\/15\/zdenek-stybar-posledni-rok-jsem-zavodil-na-jedne-noze\/","og_locale":"cs_CZ","og_type":"article","og_title":"Zden\u011bk \u0160tybar: Posledn\u00ed rok jsem z\u00e1vodil na jedn\u00e9 noze","og_description":"Konec, kter\u00fd si nep\u0159\u00e1l?! Zden\u011bk \u0160tybar se p\u0159ibl\u00ed\u017eil odchodu ze sc\u00e9ny. Pro p\u0159\u00ed\u0161t\u00ed sezonu je z\u00e1vodn\u00edk formace Jayco AlUla bez smlouvy.","og_url":"https:\/\/www.welovecycling.com\/cs\/2023\/10\/15\/zdenek-stybar-posledni-rok-jsem-zavodil-na-jedne-noze\/","og_site_name":"\u0160koda We Love Cycling - \u010cesk\u00e1 republika","article_published_time":"2023-10-15T16:00:50+00:00","og_image":[{"width":2000,"height":1331,"url":"https:\/\/d2p6e6u75xmxt8.cloudfront.net\/13\/2022\/10\/stybar-BrychtaJan_ME_Mnichov_20220813_111900_DSC_8781.webp","type":"image\/webp"}],"author":"radekmalina","twitter_card":"summary_large_image","twitter_misc":{"Written by":"We Love Cycling","Est. reading time":"4"},"schema":{"@context":"https:\/\/schema.org","@graph":[{"@type":"WebPage","@id":"https:\/\/www.welovecycling.com\/cs\/2023\/10\/15\/zdenek-stybar-posledni-rok-jsem-zavodil-na-jedne-noze\/","url":"https:\/\/www.welovecycling.com\/cs\/2023\/10\/15\/zdenek-stybar-posledni-rok-jsem-zavodil-na-jedne-noze\/","name":"Zden\u011bk \u0160tybar: Posledn\u00ed rok jsem z\u00e1vodil na jedn\u00e9 noze | \u0160koda We Love Cycling - \u010cesk\u00e1 republika","isPartOf":{"@id":"https:\/\/www.welovecycling.com\/cs\/#website"},"primaryImageOfPage":{"@id":"https:\/\/www.welovecycling.com\/cs\/2023\/10\/15\/zdenek-stybar-posledni-rok-jsem-zavodil-na-jedne-noze\/#primaryimage"},"image":{"@id":"https:\/\/www.welovecycling.com\/cs\/2023\/10\/15\/zdenek-stybar-posledni-rok-jsem-zavodil-na-jedne-noze\/#primaryimage"},"thumbnailUrl":"https:\/\/d2p6e6u75xmxt8.cloudfront.net\/13\/2022\/10\/stybar-BrychtaJan_ME_Mnichov_20220813_111900_DSC_8781.webp","datePublished":"2023-10-15T16:00:50+00:00","author":{"@id":"https:\/\/www.welovecycling.com\/cs\/#\/schema\/person\/d9eeb0a378f3a7e4a6d12d2b536b04b8"},"description":"Konec, kter\u00fd si nep\u0159\u00e1l?! Zden\u011bk \u0160tybar se p\u0159ibl\u00ed\u017eil odchodu ze sc\u00e9ny. Pro p\u0159\u00ed\u0161t\u00ed sezonu je z\u00e1vodn\u00edk formace Jayco AlUla bez smlouvy.","inLanguage":"cs","potentialAction":[{"@type":"ReadAction","target":["https:\/\/www.welovecycling.com\/cs\/2023\/10\/15\/zdenek-stybar-posledni-rok-jsem-zavodil-na-jedne-noze\/"]}]},{"@type":"ImageObject","inLanguage":"cs","@id":"https:\/\/www.welovecycling.com\/cs\/2023\/10\/15\/zdenek-stybar-posledni-rok-jsem-zavodil-na-jedne-noze\/#primaryimage","url":"https:\/\/d2p6e6u75xmxt8.cloudfront.net\/13\/2022\/10\/stybar-BrychtaJan_ME_Mnichov_20220813_111900_DSC_8781.webp","contentUrl":"https:\/\/d2p6e6u75xmxt8.cloudfront.net\/13\/2022\/10\/stybar-BrychtaJan_ME_Mnichov_20220813_111900_DSC_8781.webp","width":2000,"height":1331,"caption":"Zden\u011bk \u0160tybar v barv\u00e1ch \u010desk\u00e9 reprezentace."},{"@type":"WebSite","@id":"https:\/\/www.welovecycling.com\/cs\/#website","url":"https:\/\/www.welovecycling.com\/cs\/","name":"\u0160koda We Love Cycling - \u010cesk\u00e1 republika","description":"WeLoveCycling.cz je online magaz\u00edn, kter\u00fd v\u00e1m pravideln\u011b p\u0159in\u00e1\u0161\u00ed rady a tipy, zaj\u00edmav\u00e9 \u010dl\u00e1nky, videa a jedine\u010dn\u00e9 report\u00e1\u017ee ze sv\u011bta cyklistiky.","potentialAction":[{"@type":"SearchAction","target":{"@type":"EntryPoint","urlTemplate":"https:\/\/www.welovecycling.com\/cs\/?s={search_term_string}"},"query-input":{"@type":"PropertyValueSpecification","valueRequired":true,"valueName":"search_term_string"}}],"inLanguage":"cs"},{"@type":"Person","@id":"https:\/\/www.welovecycling.com\/cs\/#\/schema\/person\/d9eeb0a378f3a7e4a6d12d2b536b04b8","name":"radekmalina","image":{"@type":"ImageObject","inLanguage":"cs","@id":"https:\/\/www.welovecycling.com\/cs\/#\/schema\/person\/image\/","url":"https:\/\/secure.gravatar.com\/avatar\/66994b632cb8c39a46b9f54afa3ae07201b678d32a54275b6f1c9ffec356bfc0?s=96&d=mm&r=g","contentUrl":"https:\/\/secure.gravatar.com\/avatar\/66994b632cb8c39a46b9f54afa3ae07201b678d32a54275b6f1c9ffec356bfc0?s=96&d=mm&r=g","caption":"radekmalina"},"url":"https:\/\/www.welovecycling.com\/cs\/author\/radekmalina\/"}]}},"_links":{"self":[{"href":"https:\/\/www.welovecycling.com\/cs\/wp-json\/wp\/v2\/posts\/23876","targetHints":{"allow":["GET"]}}],"collection":[{"href":"https:\/\/www.welovecycling.com\/cs\/wp-json\/wp\/v2\/posts"}],"about":[{"href":"https:\/\/www.welovecycling.com\/cs\/wp-json\/wp\/v2\/types\/post"}],"author":[{"embeddable":true,"href":"https:\/\/www.welovecycling.com\/cs\/wp-json\/wp\/v2\/users\/138"}],"replies":[{"embeddable":true,"href":"https:\/\/www.welovecycling.com\/cs\/wp-json\/wp\/v2\/comments?post=23876"}],"version-history":[{"count":4,"href":"https:\/\/www.welovecycling.com\/cs\/wp-json\/wp\/v2\/posts\/23876\/revisions"}],"predecessor-version":[{"id":23880,"href":"https:\/\/www.welovecycling.com\/cs\/wp-json\/wp\/v2\/posts\/23876\/revisions\/23880"}],"wp:featuredmedia":[{"embeddable":true,"href":"https:\/\/www.welovecycling.com\/cs\/wp-json\/wp\/v2\/media\/18925"}],"wp:attachment":[{"href":"https:\/\/www.welovecycling.com\/cs\/wp-json\/wp\/v2\/media?parent=23876"}],"wp:term":[{"taxonomy":"category","embeddable":true,"href":"https:\/\/www.welovecycling.com\/cs\/wp-json\/wp\/v2\/categories?post=23876"},{"taxonomy":"post_tag","embeddable":true,"href":"https:\/\/www.welovecycling.com\/cs\/wp-json\/wp\/v2\/tags?post=23876"},{"taxonomy":"global-categories","embeddable":true,"href":"https:\/\/www.welovecycling.com\/cs\/wp-json\/wp\/v2\/global-categories?post=23876"}],"curies":[{"name":"wp","href":"https:\/\/api.w.org\/{rel}","templated":true}]}}