{"id":23861,"date":"2023-10-07T17:48:37","date_gmt":"2023-10-07T15:48:37","guid":{"rendered":"https:\/\/www.welovecycling.com\/cs\/?p=23861"},"modified":"2023-10-12T17:58:47","modified_gmt":"2023-10-12T15:58:47","slug":"deti-na-kole-jak-ziskat-motivaci","status":"publish","type":"post","link":"https:\/\/www.welovecycling.com\/cs\/2023\/10\/07\/deti-na-kole-jak-ziskat-motivaci\/","title":{"rendered":"D\u011bti na kole! Jak z\u00edskat motivaci pro z\u00e1bavu i \u010dist\u00fd dopravn\u00ed prost\u0159edek"},"content":{"rendered":"<p><strong>Kolo nejen jako z\u00e1bava, ale i jako rychl\u00fd a \u010dist\u00fd dopravn\u00ed prost\u0159edek. V\u00edce ne\u017e sto mal\u00fdch cyklist\u016f absolvovalo akci s n\u00e1zvem D\u011bti na kole, kterou nachystalo\u00a0dvojm\u011bst\u00ed Brand\u00fds nad Labem &#8211; Star\u00e1 Boleslav.<\/strong><\/p>\n<p>O spole\u010dn\u00e9 je\u017ed\u011bn\u00ed byl ne\u010dekan\u00fd z\u00e1jem. Akci podpo\u0159ilo m\u011bsto i m\u00edstn\u00ed \u0161koly, a tak na sv\u00e1 kola usedla v\u00edc jak stovka d\u011bt\u00ed. C\u00edlem bylo zv\u00fd\u0161it z\u00e1jem o cyklistiku. Roz\u0161\u00ed\u0159it jejich znalosti o pravidlech silni\u010dn\u00edho provozu. Zlep\u0161it jejich technick\u00e9 dovednosti a p\u0159edstavit jim kolo jako mo\u017en\u00fd dopravn\u00ed prost\u0159edek na cestu do \u0161koly i jinam.<\/p>\n<p>Po registraci na obou n\u00e1m\u011bst\u00edch a p\u0159evzet\u00ed startovn\u00edch \u010d\u00edsel na \u0159\u00edd\u00edtka \u00fa\u010dastn\u00edci p\u0159ejeli na pumptrack v lesoparku Hluchov, kde na n\u011b \u010dekal bohat\u00fd program. Hned na za\u010d\u00e1tku je p\u0159iv\u00edtal profesion\u00e1ln\u00ed biker a ambasador Bosch eBike Systems Richard Gasperotti, kter\u00fd jim na sv\u00e9m elektrokole uk\u00e1zal, jak to vypad\u00e1, kdy\u017e to n\u011bkdo opravdu um\u00ed.<\/p>\n<p><a href=\"https:\/\/d2p6e6u75xmxt8.cloudfront.net\/13\/2023\/10\/M_S-AM-71-scaled.webp\"><img loading=\"lazy\" decoding=\"async\" class=\"alignnone size-extra-large wp-image-23863\" src=\"https:\/\/d2p6e6u75xmxt8.cloudfront.net\/13\/2023\/10\/M_S-AM-71-1920x1280.webp\" alt=\"\" width=\"1920\" height=\"1280\" srcset=\"https:\/\/d2p6e6u75xmxt8.cloudfront.net\/13\/2023\/10\/M_S-AM-71-1920x1280.webp 1920w, https:\/\/d2p6e6u75xmxt8.cloudfront.net\/13\/2023\/10\/M_S-AM-71-300x200.webp 300w, https:\/\/d2p6e6u75xmxt8.cloudfront.net\/13\/2023\/10\/M_S-AM-71-1024x682.webp 1024w, https:\/\/d2p6e6u75xmxt8.cloudfront.net\/13\/2023\/10\/M_S-AM-71-768x512.webp 768w, https:\/\/d2p6e6u75xmxt8.cloudfront.net\/13\/2023\/10\/M_S-AM-71-1536x1024.webp 1536w, https:\/\/d2p6e6u75xmxt8.cloudfront.net\/13\/2023\/10\/M_S-AM-71-2048x1365.webp 2048w, https:\/\/d2p6e6u75xmxt8.cloudfront.net\/13\/2023\/10\/M_S-AM-71-400x267.webp 400w, https:\/\/d2p6e6u75xmxt8.cloudfront.net\/13\/2023\/10\/M_S-AM-71-272x182.webp 272w, https:\/\/d2p6e6u75xmxt8.cloudfront.net\/13\/2023\/10\/M_S-AM-71-1920x1280.webp 1920w\" sizes=\"auto, (max-width: 1920px) 100vw, 1920px\" \/><\/a><\/p>\n<p>Hned pak si mal\u00e9 cyklisty vzala na starost Katar\u00edna T\u00f3thov\u00e1. B\u00fdval\u00e1 z\u00e1vodnice, lektorka, autorka knihy o je\u017ed\u011bn\u00ed na horsk\u00e9m kole a hlavn\u011b maminka t\u0159\u00ed d\u011bt\u00ed. Pod jej\u00edm veden\u00edm a s jej\u00edmi radami se d\u011btem na pumptrackov\u00e9 dr\u00e1ze otev\u0159ely \u00fapln\u011b nov\u00e9 mo\u017enosti.<\/p>\n<p>Mal\u00ed cyklist\u00e9 zjistili, jak si nastavit sedlo, \u0159\u00edd\u00edtka a brzdov\u00e9 p\u00e1\u010dky. A hlavn\u011b, jak vyu\u017e\u00edt sv\u00e9 t\u011b\u017ei\u0161t\u011b ke spr\u00e1vn\u00e9mu projet\u00ed boul\u00ed. Z\u00edskan\u00e9 technick\u00e9 dovednosti se jim budou hodit nejen na speci\u00e1ln\u00edch dr\u00e1h\u00e1ch, ale i na silnic\u00edch a cyklostezk\u00e1ch.<\/p>\n<lite-youtube videoid=uts2mh0CY48 params=\"enablejsapi=1\" style=\"background-image: url('https:\/\/i.ytimg.com\/vi_webp\/uts2mh0CY48\/maxresdefault.webp');\"><\/lite-youtube>\n<p>Velk\u00fd z\u00e1jem byl o interaktivn\u00ed v\u00fduku bezpe\u010dn\u00e9ho pohybu v silni\u010dn\u00edm provozu. Co pat\u0159\u00ed do z\u00e1kladn\u00ed v\u00fdbavy cyklisty nebo jak se chovat na k\u0159i\u017eovatk\u00e1ch, d\u011btem ve spole\u010dn\u00e9m st\u00e1nku BESIP a M\u011bstsk\u00e9 policie Brand\u00fds nad Labem &#8211; Star\u00e1 Boleslav uk\u00e1zal krajsk\u00fd koordin\u00e1tor Miroslav Pol\u00e1ch. D\u011btem v\u0161t\u011bpoval jak dopravn\u00ed p\u0159edpisy, tak z\u00e1klady vz\u00e1jemn\u00e9ho respektu a tolerance.<\/p>\n<h2><strong>D\u011bti se u\u010dily posilovat st\u0159ed t\u011bla<\/strong><\/h2>\n<p>V nabit\u00e9m programu se st\u0159\u00eddaly aktivity tak, aby d\u011bti nem\u011bly ani chv\u00edli p\u0159\u00edle\u017eitost se nudit. Extr\u00e9mn\u00ed sportovec Petr Man\u010f\u00e1k \u00fa\u010dastn\u00edk\u016fm p\u0159edvedl odv\u00e1\u017enou show na slackline. Pak d\u011bti pozval na sv\u016fj workshop, kde je nau\u010dil, jak zach\u00e1zet s rovnov\u00e1hou a jak pos\u00edlit st\u0159ed t\u011bla, co\u017e je nesm\u00edrn\u011b d\u016fle\u017eit\u00e9 pro v\u0161echny sporty v\u010detn\u011b cyklistiky.<\/p>\n<p><a href=\"https:\/\/d2p6e6u75xmxt8.cloudfront.net\/13\/2023\/10\/M_S-AM-71-scaled.webp\"><img loading=\"lazy\" decoding=\"async\" class=\"alignnone size-extra-large wp-image-23863\" src=\"https:\/\/d2p6e6u75xmxt8.cloudfront.net\/13\/2023\/10\/M_S-AM-71-1920x1280.webp\" alt=\"\" width=\"1920\" height=\"1280\" srcset=\"https:\/\/d2p6e6u75xmxt8.cloudfront.net\/13\/2023\/10\/M_S-AM-71-1920x1280.webp 1920w, https:\/\/d2p6e6u75xmxt8.cloudfront.net\/13\/2023\/10\/M_S-AM-71-300x200.webp 300w, https:\/\/d2p6e6u75xmxt8.cloudfront.net\/13\/2023\/10\/M_S-AM-71-1024x682.webp 1024w, https:\/\/d2p6e6u75xmxt8.cloudfront.net\/13\/2023\/10\/M_S-AM-71-768x512.webp 768w, https:\/\/d2p6e6u75xmxt8.cloudfront.net\/13\/2023\/10\/M_S-AM-71-1536x1024.webp 1536w, https:\/\/d2p6e6u75xmxt8.cloudfront.net\/13\/2023\/10\/M_S-AM-71-2048x1365.webp 2048w, https:\/\/d2p6e6u75xmxt8.cloudfront.net\/13\/2023\/10\/M_S-AM-71-400x267.webp 400w, https:\/\/d2p6e6u75xmxt8.cloudfront.net\/13\/2023\/10\/M_S-AM-71-272x182.webp 272w, https:\/\/d2p6e6u75xmxt8.cloudfront.net\/13\/2023\/10\/M_S-AM-71-1920x1280.webp 1920w\" sizes=\"auto, (max-width: 1920px) 100vw, 1920px\" \/><\/a><\/p>\n<p>Freestyle jezdci ze Shib\u00e1k bikeparku d\u011bti bavili exhibic\u00ed plnou skok\u016f a trik\u016f. V \u0159ad\u00e1ch mal\u00fdch div\u00e1k\u016f zaseli sem\u00ednko odhodl\u00e1n\u00ed posunout sv\u00e9 je\u017ed\u011bn\u00ed zas o kousek d\u00e1l. Kdo cht\u011bl, mohl si na m\u00edst\u011b vyp\u016fj\u010dit kr\u00e1sn\u00e9 elektrokolo s n\u00e1kladn\u00ed korbou, nechat si se\u0159\u00eddit \u010di opravit kolo od prof\u00edk\u016f zdarma nebo se nechat ozdobit malov\u00e1n\u00edm na obli\u010dej.<\/p>\n<p>Proto\u017ee bezpe\u010dnost na kole je na prvn\u00edm m\u00edst\u011b, v\u0161ichni d\u011bt\u0161t\u00ed \u00fa\u010dastn\u00edci dostali p\u0159edn\u00ed a zadn\u00ed sv\u011bt\u00fdlko i s bateri\u00ed, tak\u017ee si mohly rozsv\u00edtit u\u017e na podzimn\u00ed cestu dom\u016f. B\u011bhem cel\u00e9ho dne se rozd\u00e1valo n\u011bco k sn\u011bdku. Jako sladkou odm\u011bnu za sportovn\u00ed v\u00fdkony si d\u011bti rozebraly stovky kobl\u00ed\u017ek\u016f, kol\u00e1\u010d\u016f a ovocn\u00fdch \u0161\u0165\u00e1v a d\u017eus\u016f. Vrcholem bylo slosov\u00e1n\u00ed startovn\u00edch \u010d\u00edsel o ceny sponzor\u016f akce, kte\u0159\u00ed d\u011btem darovali cyklistick\u00e9 helmy, skateboardy, rozkl\u00e1dac\u00ed kolob\u011b\u017eky, \u0161koln\u00ed batohy, k\u0161iltovky a dal\u0161\u00ed kr\u00e1sn\u00e9 ceny.<\/p>\n<p><em>Foto: Milo\u0161 \u0160t\u00e1fek<\/em><\/p>\n<p><em>Video: Bagel Productions<\/em><\/p>\n","protected":false},"excerpt":{"rendered":"<p>Kolo nejen jako z\u00e1bava, ale i jako rychl\u00fd a \u010dist\u00fd dopravn\u00ed prost\u0159edek. V\u00edce ne\u017e sto mal\u00fdch cyklist\u016f absolvovalo akci s [&hellip;]<\/p>\n","protected":false},"author":138,"featured_media":23862,"comment_status":"open","ping_status":"open","sticky":false,"template":"","format":"standard","meta":{"footnotes":""},"categories":[660],"tags":[],"global-categories":[411],"class_list":["post-23861","post","type-post","status-publish","format-standard","has-post-thumbnail","hentry","category-https-www-welovecycling-com-cs-category-zabava","global-categories-cycling"],"yoast_head":"<!-- This site is optimized with the Yoast SEO Premium plugin v25.3 (Yoast SEO v25.9) - https:\/\/yoast.com\/wordpress\/plugins\/seo\/ -->\n<title>D\u011bti na kole! Jak z\u00edskat motivaci pro z\u00e1bavu i \u010dist\u00fd dopravn\u00ed prost\u0159edek | \u0160koda We Love Cycling - \u010cesk\u00e1 republika<\/title>\n<meta name=\"robots\" content=\"index, follow, max-snippet:-1, max-image-preview:large, max-video-preview:-1\" \/>\n<link rel=\"canonical\" href=\"https:\/\/www.welovecycling.com\/cs\/2023\/10\/07\/deti-na-kole-jak-ziskat-motivaci\/\" \/>\n<meta property=\"og:locale\" content=\"cs_CZ\" \/>\n<meta property=\"og:type\" content=\"article\" \/>\n<meta property=\"og:title\" content=\"D\u011bti na kole! Jak z\u00edskat motivaci pro z\u00e1bavu i \u010dist\u00fd dopravn\u00ed prost\u0159edek\" \/>\n<meta property=\"og:description\" content=\"Kolo nejen jako z\u00e1bava, ale i jako rychl\u00fd a \u010dist\u00fd dopravn\u00ed prost\u0159edek. V\u00edce ne\u017e sto mal\u00fdch cyklist\u016f absolvovalo akci s [&hellip;]\" \/>\n<meta property=\"og:url\" content=\"https:\/\/www.welovecycling.com\/cs\/2023\/10\/07\/deti-na-kole-jak-ziskat-motivaci\/\" \/>\n<meta property=\"og:site_name\" content=\"\u0160koda We Love Cycling - \u010cesk\u00e1 republika\" \/>\n<meta property=\"article:published_time\" content=\"2023-10-07T15:48:37+00:00\" \/>\n<meta property=\"article:modified_time\" content=\"2023-10-12T15:58:47+00:00\" \/>\n<meta property=\"og:image\" content=\"https:\/\/d2p6e6u75xmxt8.cloudfront.net\/13\/2023\/10\/M_S-AM-118-scaled.webp\" \/>\n\t<meta property=\"og:image:width\" content=\"2560\" \/>\n\t<meta property=\"og:image:height\" content=\"1706\" \/>\n\t<meta property=\"og:image:type\" content=\"image\/webp\" \/>\n<meta name=\"author\" content=\"radekmalina\" \/>\n<meta name=\"twitter:card\" content=\"summary_large_image\" \/>\n<meta name=\"twitter:label1\" content=\"Written by\" \/>\n\t<meta name=\"twitter:data1\" content=\"We Love Cycling\" \/>\n\t<meta name=\"twitter:label2\" content=\"Est. reading time\" \/>\n\t<meta name=\"twitter:data2\" content=\"5\" \/>\n<script type=\"application\/ld+json\" class=\"yoast-schema-graph\">{\"@context\":\"https:\/\/schema.org\",\"@graph\":[{\"@type\":\"WebPage\",\"@id\":\"https:\/\/www.welovecycling.com\/cs\/2023\/10\/07\/deti-na-kole-jak-ziskat-motivaci\/\",\"url\":\"https:\/\/www.welovecycling.com\/cs\/2023\/10\/07\/deti-na-kole-jak-ziskat-motivaci\/\",\"name\":\"D\u011bti na kole! Jak z\u00edskat motivaci pro z\u00e1bavu i \u010dist\u00fd dopravn\u00ed prost\u0159edek | \u0160koda We Love Cycling - \u010cesk\u00e1 republika\",\"isPartOf\":{\"@id\":\"https:\/\/www.welovecycling.com\/cs\/#website\"},\"primaryImageOfPage\":{\"@id\":\"https:\/\/www.welovecycling.com\/cs\/2023\/10\/07\/deti-na-kole-jak-ziskat-motivaci\/#primaryimage\"},\"image\":{\"@id\":\"https:\/\/www.welovecycling.com\/cs\/2023\/10\/07\/deti-na-kole-jak-ziskat-motivaci\/#primaryimage\"},\"thumbnailUrl\":\"https:\/\/d2p6e6u75xmxt8.cloudfront.net\/13\/2023\/10\/M_S-AM-118-scaled.webp\",\"datePublished\":\"2023-10-07T15:48:37+00:00\",\"dateModified\":\"2023-10-12T15:58:47+00:00\",\"author\":{\"@id\":\"https:\/\/www.welovecycling.com\/cs\/#\/schema\/person\/d9eeb0a378f3a7e4a6d12d2b536b04b8\"},\"inLanguage\":\"cs\",\"potentialAction\":[{\"@type\":\"ReadAction\",\"target\":[\"https:\/\/www.welovecycling.com\/cs\/2023\/10\/07\/deti-na-kole-jak-ziskat-motivaci\/\"]}]},{\"@type\":\"ImageObject\",\"inLanguage\":\"cs\",\"@id\":\"https:\/\/www.welovecycling.com\/cs\/2023\/10\/07\/deti-na-kole-jak-ziskat-motivaci\/#primaryimage\",\"url\":\"https:\/\/d2p6e6u75xmxt8.cloudfront.net\/13\/2023\/10\/M_S-AM-118-scaled.webp\",\"contentUrl\":\"https:\/\/d2p6e6u75xmxt8.cloudfront.net\/13\/2023\/10\/M_S-AM-118-scaled.webp\",\"width\":2560,\"height\":1706},{\"@type\":\"WebSite\",\"@id\":\"https:\/\/www.welovecycling.com\/cs\/#website\",\"url\":\"https:\/\/www.welovecycling.com\/cs\/\",\"name\":\"\u0160koda We Love Cycling - \u010cesk\u00e1 republika\",\"description\":\"WeLoveCycling.cz je online magaz\u00edn, kter\u00fd v\u00e1m pravideln\u011b p\u0159in\u00e1\u0161\u00ed rady a tipy, zaj\u00edmav\u00e9 \u010dl\u00e1nky, videa a jedine\u010dn\u00e9 report\u00e1\u017ee ze sv\u011bta cyklistiky.\",\"potentialAction\":[{\"@type\":\"SearchAction\",\"target\":{\"@type\":\"EntryPoint\",\"urlTemplate\":\"https:\/\/www.welovecycling.com\/cs\/?s={search_term_string}\"},\"query-input\":{\"@type\":\"PropertyValueSpecification\",\"valueRequired\":true,\"valueName\":\"search_term_string\"}}],\"inLanguage\":\"cs\"},{\"@type\":\"Person\",\"@id\":\"https:\/\/www.welovecycling.com\/cs\/#\/schema\/person\/d9eeb0a378f3a7e4a6d12d2b536b04b8\",\"name\":\"radekmalina\",\"image\":{\"@type\":\"ImageObject\",\"inLanguage\":\"cs\",\"@id\":\"https:\/\/www.welovecycling.com\/cs\/#\/schema\/person\/image\/\",\"url\":\"https:\/\/secure.gravatar.com\/avatar\/66994b632cb8c39a46b9f54afa3ae07201b678d32a54275b6f1c9ffec356bfc0?s=96&d=mm&r=g\",\"contentUrl\":\"https:\/\/secure.gravatar.com\/avatar\/66994b632cb8c39a46b9f54afa3ae07201b678d32a54275b6f1c9ffec356bfc0?s=96&d=mm&r=g\",\"caption\":\"radekmalina\"},\"url\":\"https:\/\/www.welovecycling.com\/cs\/author\/radekmalina\/\"}]}<\/script>\n<!-- \/ Yoast SEO Premium plugin. -->","yoast_head_json":{"title":"D\u011bti na kole! Jak z\u00edskat motivaci pro z\u00e1bavu i \u010dist\u00fd dopravn\u00ed prost\u0159edek | \u0160koda We Love Cycling - \u010cesk\u00e1 republika","robots":{"index":"index","follow":"follow","max-snippet":"max-snippet:-1","max-image-preview":"max-image-preview:large","max-video-preview":"max-video-preview:-1"},"canonical":"https:\/\/www.welovecycling.com\/cs\/2023\/10\/07\/deti-na-kole-jak-ziskat-motivaci\/","og_locale":"cs_CZ","og_type":"article","og_title":"D\u011bti na kole! Jak z\u00edskat motivaci pro z\u00e1bavu i \u010dist\u00fd dopravn\u00ed prost\u0159edek","og_description":"Kolo nejen jako z\u00e1bava, ale i jako rychl\u00fd a \u010dist\u00fd dopravn\u00ed prost\u0159edek. V\u00edce ne\u017e sto mal\u00fdch cyklist\u016f absolvovalo akci s [&hellip;]","og_url":"https:\/\/www.welovecycling.com\/cs\/2023\/10\/07\/deti-na-kole-jak-ziskat-motivaci\/","og_site_name":"\u0160koda We Love Cycling - \u010cesk\u00e1 republika","article_published_time":"2023-10-07T15:48:37+00:00","article_modified_time":"2023-10-12T15:58:47+00:00","og_image":[{"width":2560,"height":1706,"url":"https:\/\/d2p6e6u75xmxt8.cloudfront.net\/13\/2023\/10\/M_S-AM-118-scaled.webp","type":"image\/webp"}],"author":"radekmalina","twitter_card":"summary_large_image","twitter_misc":{"Written by":"We Love Cycling","Est. reading time":"5"},"schema":{"@context":"https:\/\/schema.org","@graph":[{"@type":"WebPage","@id":"https:\/\/www.welovecycling.com\/cs\/2023\/10\/07\/deti-na-kole-jak-ziskat-motivaci\/","url":"https:\/\/www.welovecycling.com\/cs\/2023\/10\/07\/deti-na-kole-jak-ziskat-motivaci\/","name":"D\u011bti na kole! Jak z\u00edskat motivaci pro z\u00e1bavu i \u010dist\u00fd dopravn\u00ed prost\u0159edek | \u0160koda We Love Cycling - \u010cesk\u00e1 republika","isPartOf":{"@id":"https:\/\/www.welovecycling.com\/cs\/#website"},"primaryImageOfPage":{"@id":"https:\/\/www.welovecycling.com\/cs\/2023\/10\/07\/deti-na-kole-jak-ziskat-motivaci\/#primaryimage"},"image":{"@id":"https:\/\/www.welovecycling.com\/cs\/2023\/10\/07\/deti-na-kole-jak-ziskat-motivaci\/#primaryimage"},"thumbnailUrl":"https:\/\/d2p6e6u75xmxt8.cloudfront.net\/13\/2023\/10\/M_S-AM-118-scaled.webp","datePublished":"2023-10-07T15:48:37+00:00","dateModified":"2023-10-12T15:58:47+00:00","author":{"@id":"https:\/\/www.welovecycling.com\/cs\/#\/schema\/person\/d9eeb0a378f3a7e4a6d12d2b536b04b8"},"inLanguage":"cs","potentialAction":[{"@type":"ReadAction","target":["https:\/\/www.welovecycling.com\/cs\/2023\/10\/07\/deti-na-kole-jak-ziskat-motivaci\/"]}]},{"@type":"ImageObject","inLanguage":"cs","@id":"https:\/\/www.welovecycling.com\/cs\/2023\/10\/07\/deti-na-kole-jak-ziskat-motivaci\/#primaryimage","url":"https:\/\/d2p6e6u75xmxt8.cloudfront.net\/13\/2023\/10\/M_S-AM-118-scaled.webp","contentUrl":"https:\/\/d2p6e6u75xmxt8.cloudfront.net\/13\/2023\/10\/M_S-AM-118-scaled.webp","width":2560,"height":1706},{"@type":"WebSite","@id":"https:\/\/www.welovecycling.com\/cs\/#website","url":"https:\/\/www.welovecycling.com\/cs\/","name":"\u0160koda We Love Cycling - \u010cesk\u00e1 republika","description":"WeLoveCycling.cz je online magaz\u00edn, kter\u00fd v\u00e1m pravideln\u011b p\u0159in\u00e1\u0161\u00ed rady a tipy, zaj\u00edmav\u00e9 \u010dl\u00e1nky, videa a jedine\u010dn\u00e9 report\u00e1\u017ee ze sv\u011bta cyklistiky.","potentialAction":[{"@type":"SearchAction","target":{"@type":"EntryPoint","urlTemplate":"https:\/\/www.welovecycling.com\/cs\/?s={search_term_string}"},"query-input":{"@type":"PropertyValueSpecification","valueRequired":true,"valueName":"search_term_string"}}],"inLanguage":"cs"},{"@type":"Person","@id":"https:\/\/www.welovecycling.com\/cs\/#\/schema\/person\/d9eeb0a378f3a7e4a6d12d2b536b04b8","name":"radekmalina","image":{"@type":"ImageObject","inLanguage":"cs","@id":"https:\/\/www.welovecycling.com\/cs\/#\/schema\/person\/image\/","url":"https:\/\/secure.gravatar.com\/avatar\/66994b632cb8c39a46b9f54afa3ae07201b678d32a54275b6f1c9ffec356bfc0?s=96&d=mm&r=g","contentUrl":"https:\/\/secure.gravatar.com\/avatar\/66994b632cb8c39a46b9f54afa3ae07201b678d32a54275b6f1c9ffec356bfc0?s=96&d=mm&r=g","caption":"radekmalina"},"url":"https:\/\/www.welovecycling.com\/cs\/author\/radekmalina\/"}]}},"_links":{"self":[{"href":"https:\/\/www.welovecycling.com\/cs\/wp-json\/wp\/v2\/posts\/23861","targetHints":{"allow":["GET"]}}],"collection":[{"href":"https:\/\/www.welovecycling.com\/cs\/wp-json\/wp\/v2\/posts"}],"about":[{"href":"https:\/\/www.welovecycling.com\/cs\/wp-json\/wp\/v2\/types\/post"}],"author":[{"embeddable":true,"href":"https:\/\/www.welovecycling.com\/cs\/wp-json\/wp\/v2\/users\/138"}],"replies":[{"embeddable":true,"href":"https:\/\/www.welovecycling.com\/cs\/wp-json\/wp\/v2\/comments?post=23861"}],"version-history":[{"count":4,"href":"https:\/\/www.welovecycling.com\/cs\/wp-json\/wp\/v2\/posts\/23861\/revisions"}],"predecessor-version":[{"id":23868,"href":"https:\/\/www.welovecycling.com\/cs\/wp-json\/wp\/v2\/posts\/23861\/revisions\/23868"}],"wp:featuredmedia":[{"embeddable":true,"href":"https:\/\/www.welovecycling.com\/cs\/wp-json\/wp\/v2\/media\/23862"}],"wp:attachment":[{"href":"https:\/\/www.welovecycling.com\/cs\/wp-json\/wp\/v2\/media?parent=23861"}],"wp:term":[{"taxonomy":"category","embeddable":true,"href":"https:\/\/www.welovecycling.com\/cs\/wp-json\/wp\/v2\/categories?post=23861"},{"taxonomy":"post_tag","embeddable":true,"href":"https:\/\/www.welovecycling.com\/cs\/wp-json\/wp\/v2\/tags?post=23861"},{"taxonomy":"global-categories","embeddable":true,"href":"https:\/\/www.welovecycling.com\/cs\/wp-json\/wp\/v2\/global-categories?post=23861"}],"curies":[{"name":"wp","href":"https:\/\/api.w.org\/{rel}","templated":true}]}}