{"id":23840,"date":"2023-10-09T16:00:24","date_gmt":"2023-10-09T14:00:24","guid":{"rendered":"https:\/\/www.welovecycling.com\/cs\/?p=23840"},"modified":"2023-10-09T16:00:24","modified_gmt":"2023-10-09T14:00:24","slug":"jeden-problem-primoz-roglic-vyresil-ted-celi-jeste-vetsi-vyzve","status":"publish","type":"post","link":"https:\/\/www.welovecycling.com\/cs\/2023\/10\/09\/jeden-problem-primoz-roglic-vyresil-ted-celi-jeste-vetsi-vyzve\/","title":{"rendered":"Jeden probl\u00e9m Primo\u017e Rogli\u010d vy\u0159e\u0161il. Te\u010f \u010del\u00ed je\u0161t\u011b v\u011bt\u0161\u00ed v\u00fdzv\u011b"},"content":{"rendered":"<p><strong>Pozici nezpochybniteln\u00e9ho l\u00eddra pro Tour de France si zajistil! Primo\u017e Rogli\u010d p\u0159estupem do Bora Hansgrohe utnul spekulace. Po osmi sezon\u00e1ch opou\u0161t\u00ed Jumbo Visma, aby se v\u00a0n\u011bmeck\u00e9 formaci pokusil naplnit sen o triumfu v\u00a0nejv\u011bt\u0161\u00edm etapov\u00e9m z\u00e1vod\u011b planety! Jen\u017ee mus\u00ed vy\u0159e\u0161it jeden z\u00e1sadn\u00ed probl\u00e9m\u2026<\/strong><\/p>\n<p>Slovinec, kter\u00fd s\u00a0cyklistikou za\u010dal teprve p\u0159ed deseti lety, dosud pro\u017eil b\u00e1je\u010dnou kari\u00e9ru. Vyhr\u00e1l Vueltu (3x). Vyhr\u00e1l Giro (1x). M\u00e1 zlato z\u00a0olympi\u00e1dy. Ovl\u00e1dl alespo\u0148 jeden Monument (Lutych). Jen ta zpropaden\u00e1 Tour de France mu st\u00e1le nastavuje odvr\u00e1cenou tv\u00e1\u0159.\u00a0 Jel ji p\u011btkr\u00e1t. V\u00a0roce 2020 byl druh\u00fd. T\u0159ikr\u00e1t slavil etapov\u00e9 prvenstv\u00ed. Ale bylo jasn\u00e9, \u017ee v\u00a0nizozemsk\u00e9 formaci po dvou triumfech Jonase Vingegaarda u\u017e \u0161anci jako jedni\u010dka na Grande Boucle nedostane. Za m\u011bs\u00edc \u010dty\u0159iat\u0159icetilet\u00fd Primo\u017e Rogli\u010d vytu\u0161il, \u017ee sen se mus\u00ed pokusit naplnit jinde.<\/p>\n<h2><strong>Zajist\u00ed 300 milion\u016f \u017elut\u00fd trikot?<\/strong><\/h2>\n<p>Zvolil n\u011bmeckou formaci. Ralph Denk, zakladatel a majitel t\u00fdmu, p\u0159iznal, \u017ee o Rogli\u010de usiloval u\u017e p\u0159ed osmi lety, kdy\u017e byl po t\u0159ech sezon\u00e1ch v\u00a0Adria Mobil nezn\u00e1m\u00fdm zelen\u00e1\u010dem. Tehdy t\u00fdm z Bavorska p\u0159eplatilo Jumbo Visma. Tentokr\u00e1t, \u00fadajn\u011b za 6,3 milionu eur ro\u010dn\u011b (p\u0159ibli\u017en\u011b 150 milion\u016f korun), zase Denk p\u0159eplatil ostatn\u00ed konkurenty. Jde o investici, kter\u00e1 se prom\u011bn\u00ed ve zlato, respektive \u017elut\u00fd dres ze Star\u00e9 d\u00e1my?<\/p>\n<p>Rogli\u010dovi ur\u010dit\u011b vrtalo hlavou, zda nen\u00ed lep\u0161\u00ed z\u016fstat v pozici dvojky, a tak trochu nep\u0159ej\u00edcn\u011b \u010dekat na \u0161patn\u00fd den \u010di karambol Vingegaarda p\u0159i Tour de France. Jen\u017ee se uk\u00e1zalo, \u017ee nemus\u00ed b\u00fdt prvn\u00ed n\u00e1hradn\u00ed kartou, na n\u00ed\u017e veden\u00ed nizozemsk\u00e9 formace vsad\u00ed v p\u0159\u00edpad\u011b nesn\u00e1z\u00ed. Nav\u00edc po leto\u0161n\u00ed Vuelt\u011b se vztahy v r\u00e1mci t\u00fdmu zd\u00e1ly b\u00fdt neudr\u017eiteln\u00e9.<\/p>\n<figure id=\"attachment_23693\" aria-describedby=\"caption-attachment-23693\" style=\"width: 1920px\" class=\"wp-caption alignnone\"><a href=\"https:\/\/d2p6e6u75xmxt8.cloudfront.net\/13\/2023\/09\/Vuelta-21.webp\"><img loading=\"lazy\" decoding=\"async\" class=\"size-extra-large wp-image-23693\" src=\"https:\/\/d2p6e6u75xmxt8.cloudfront.net\/13\/2023\/09\/Vuelta-21-1920x1281.webp\" alt=\"Primo\u017e Rogli\u010d letos vyhr\u00e1l Giro di Italia. Jeho dal\u0161\u00ed spojen\u00ed s Vingegaardem (vlevo) a Kussem se uk\u00e1zalo jako neudr\u017eiteln\u00e9.\" width=\"1920\" height=\"1281\" srcset=\"https:\/\/d2p6e6u75xmxt8.cloudfront.net\/13\/2023\/09\/Vuelta-21-1920x1281.webp 1920w, https:\/\/d2p6e6u75xmxt8.cloudfront.net\/13\/2023\/09\/Vuelta-21-300x200.webp 300w, https:\/\/d2p6e6u75xmxt8.cloudfront.net\/13\/2023\/09\/Vuelta-21-1024x683.webp 1024w, https:\/\/d2p6e6u75xmxt8.cloudfront.net\/13\/2023\/09\/Vuelta-21-768x512.webp 768w, https:\/\/d2p6e6u75xmxt8.cloudfront.net\/13\/2023\/09\/Vuelta-21-1536x1025.webp 1536w, https:\/\/d2p6e6u75xmxt8.cloudfront.net\/13\/2023\/09\/Vuelta-21-400x267.webp 400w, https:\/\/d2p6e6u75xmxt8.cloudfront.net\/13\/2023\/09\/Vuelta-21-272x182.webp 272w, https:\/\/d2p6e6u75xmxt8.cloudfront.net\/13\/2023\/09\/Vuelta-21.webp 2048w, https:\/\/d2p6e6u75xmxt8.cloudfront.net\/13\/2023\/09\/Vuelta-21-1920x1281.webp 1920w\" sizes=\"auto, (max-width: 1920px) 100vw, 1920px\" \/><\/a><figcaption id=\"caption-attachment-23693\" class=\"wp-caption-text\"><em>Primo\u017e Rogli\u010d (vpravo) letos vyhr\u00e1l Giro di Italia. Jeho dal\u0161\u00ed spojen\u00ed s Vingegaardem (vlevo) a Kussem se uk\u00e1zalo jako neudr\u017eiteln\u00e9.<\/em><\/figcaption><\/figure>\n<p>Proto vsadil Primo\u017e Rogli\u010d na kartu jm\u00e9nem Bora Hansgrohe. \u201eV\u0161echna na\u0161e jedn\u00e1n\u00ed byla velice inspirativn\u00ed. Z\u00edsk\u00e1v\u00e1me z\u00e1vodn\u00edka s obrovskou motivac\u00ed, kter\u00fd sou\u010dasn\u011b p\u0159edstavuje motivaci pro ostatn\u00ed,\u201c rozpl\u00fdv\u00e1 se Ralph Denk.<\/p>\n<h2><strong>O zm\u011bn\u011b uva\u017eoval u\u017e p\u0159ed startem v\u00edt\u011bzn\u00e9ho Giro di Italia<\/strong><\/h2>\n<p>Primo\u017e Rogli\u010d m\u00e1 obrovskou v\u00fdhodu, proto\u017ee nen\u00ed tak opot\u0159ebovan\u00fd jako konkurenti. S\u00a0kolem za\u010dal a\u017e v\u00a0t\u0159iadvaceti. Tud\u00ed\u017e spojovat riziko nezdaru s\u00a0v\u011bkem je ve Slovincov\u011b p\u0159\u00edpad\u011b nem\u00edstn\u00e9.<\/p>\n<div class=\"shortcode-ys-post-pinup\"><article class=\"loop-simple post-22529 post type-post status-publish format-standard has-post-thumbnail hentry category-silnicni-cyklistika tag-casovka tag-geraint-thomas tag-giro tag-giro-di-italia-2023 tag-primoz-roglic tag-silnicni-cyklistika tag-spadly-retez global-categories-cycling\" data-postid=\"22529\" role=\"article\" data-post-id=\"22529\" data-word-count=\"548\" data-headline-length=\"94\" data-category=\"Silni\u010dn\u00ed cyklistika\" data-global-category=\"Cycling\" data-author=\"Radek Malina\" data-published=\"2023-05-28T18:56:04+02:00\" data-published-day=\"Sunday\">\n    <div class=\"entry-thumbnail article-thumbnail\" content=\"https:\/\/d2p6e6u75xmxt8.cloudfront.net\/13\/2023\/05\/profimedia-0779898840-150x150.webp\"><a href=\"https:\/\/www.welovecycling.com\/cs\/2023\/05\/28\/primoz-roglic-kralem-giro-di-italia-navzdory-osudu-se-specialnimi-prevody-pro-casovku\/\" class=\"image-holder\" target=\"_self\"><img decoding=\"async\" loading=\"lazy\" class=\"\" src=\"https:\/\/d2p6e6u75xmxt8.cloudfront.net\/13\/2023\/05\/profimedia-0779898840-1024x684.webp\" srcset=\"https:\/\/d2p6e6u75xmxt8.cloudfront.net\/13\/2023\/05\/profimedia-0779898840.webp 1800w, https:\/\/d2p6e6u75xmxt8.cloudfront.net\/13\/2023\/05\/profimedia-0779898840-300x200.webp 300w, https:\/\/d2p6e6u75xmxt8.cloudfront.net\/13\/2023\/05\/profimedia-0779898840-1024x684.webp 1024w, https:\/\/d2p6e6u75xmxt8.cloudfront.net\/13\/2023\/05\/profimedia-0779898840-768x513.webp 768w, https:\/\/d2p6e6u75xmxt8.cloudfront.net\/13\/2023\/05\/profimedia-0779898840-1536x1026.webp 1536w, https:\/\/d2p6e6u75xmxt8.cloudfront.net\/13\/2023\/05\/profimedia-0779898840-400x267.webp 400w, https:\/\/d2p6e6u75xmxt8.cloudfront.net\/13\/2023\/05\/profimedia-0779898840-272x182.webp 272w\" width=\"1024\" height=\"684\" sizes=\"auto, (min-width: 1200px) 300px, (min-width: 768px) 25vw, 100vw\" alt=\"primoz-roglic-kralem-giro-di-italia-navzdory-osudu-se-specialnimi-prevody-pro-casovku\"\/><\/a><\/div>    <div class=\"entry-meta\">\n        <a class=\"label label-secondary post-category\" href=\"https:\/\/www.welovecycling.com\/cs\/category\/silnicni-cyklistika\/\" title=\"Silni\u010dn\u00ed cyklistika\">Silni\u010dn\u00ed cyklistika<\/a>\n    <\/div>\n    <div class=\"entry-details\">\n        <a href=\"https:\/\/www.welovecycling.com\/cs\/2023\/05\/28\/primoz-roglic-kralem-giro-di-italia-navzdory-osudu-se-specialnimi-prevody-pro-casovku\/\" class='entry-title-wrapper'>\n            <h3 class=\"entry-title\"><span>Primo\u017e Rogli\u010d kr\u00e1lem Giro di Italia. Navzdory osudu, se speci\u00e1ln\u00edmi p\u0159evody pro \u010dasovku<\/span><\/h3>\n        <\/a>\n    <\/div>\n    <\/article>\n<\/div>\n<p>Jen\u017ee fakt, \u017ee jste l\u00eddr, neznamen\u00e1 v\u016fbec nic v tak t\u00fdmov\u00e9m sportu, jak\u00fdm je cyklistika. Po ned\u00e1vn\u00e9 Vuelt\u011b u\u017e snad nez\u016fstal jedin\u00fd pochybova\u010d v t\u00e9matu, do jak\u00e9 m\u00edry je schopen jedinec vyhr\u00e1t s\u00e1m velk\u00fd z\u00e1vod. V\u017edy\u0165 pr\u00e1v\u011b \u0161pan\u011blsk\u00e1 Grand Tour, kde se i superhv\u011bzdy jako Rogli\u010d a Vingegaard musely pod\u0159\u00eddit <a href=\"https:\/\/www.welovecycling.com\/cs\/2023\/09\/17\/sepp-kuss-a-triumf-loajality-uspech-domestika-je-krachem-roglice\/\">\u00fasp\u011bchu Seppa Kusse<\/a>, byla pro Slovince dal\u0161\u00edm z podn\u011bt\u016f, pro\u010d opustit Jumbo Visma.<\/p>\n<figure id=\"attachment_23556\" aria-describedby=\"caption-attachment-23556\" style=\"width: 1920px\" class=\"wp-caption alignnone\"><a href=\"https:\/\/d2p6e6u75xmxt8.cloudfront.net\/13\/2023\/09\/vuelta-roglic-prezentace-1.webp\"><img loading=\"lazy\" decoding=\"async\" class=\"size-extra-large wp-image-23556\" src=\"https:\/\/d2p6e6u75xmxt8.cloudfront.net\/13\/2023\/09\/vuelta-roglic-prezentace-1-1920x1280.webp\" alt=\"Primo\u017e Rogli\u010d\" width=\"1920\" height=\"1280\" srcset=\"https:\/\/d2p6e6u75xmxt8.cloudfront.net\/13\/2023\/09\/vuelta-roglic-prezentace-1-1920x1280.webp 1920w, https:\/\/d2p6e6u75xmxt8.cloudfront.net\/13\/2023\/09\/vuelta-roglic-prezentace-1-300x200.webp 300w, https:\/\/d2p6e6u75xmxt8.cloudfront.net\/13\/2023\/09\/vuelta-roglic-prezentace-1-1024x683.webp 1024w, https:\/\/d2p6e6u75xmxt8.cloudfront.net\/13\/2023\/09\/vuelta-roglic-prezentace-1-768x512.webp 768w, https:\/\/d2p6e6u75xmxt8.cloudfront.net\/13\/2023\/09\/vuelta-roglic-prezentace-1-1536x1024.webp 1536w, https:\/\/d2p6e6u75xmxt8.cloudfront.net\/13\/2023\/09\/vuelta-roglic-prezentace-1-400x267.webp 400w, https:\/\/d2p6e6u75xmxt8.cloudfront.net\/13\/2023\/09\/vuelta-roglic-prezentace-1-272x182.webp 272w, https:\/\/d2p6e6u75xmxt8.cloudfront.net\/13\/2023\/09\/vuelta-roglic-prezentace-1.webp 2048w, https:\/\/d2p6e6u75xmxt8.cloudfront.net\/13\/2023\/09\/vuelta-roglic-prezentace-1-1920x1280.webp 1920w\" sizes=\"auto, (max-width: 1920px) 100vw, 1920px\" \/><\/a><figcaption id=\"caption-attachment-23556\" class=\"wp-caption-text\"><em>Primo\u017e Rogli\u010d p\u0159ed startem leto\u0161n\u00ed Vuelty rozd\u00e1val \u00fasm\u011bvy. B\u011bhem z\u00e1vodu dozr\u00e1lo jeho p\u0159esv\u011bd\u010den\u00ed, \u017ee mus\u00ed Jumbo Visma opustit.<\/em><\/figcaption><\/figure>\n<p>V\u00a0nizozemsk\u00e9 formaci m\u011bl k\u00a0ruce, po v\u011bt\u0161inu kari\u00e9ry, tot\u00e1ln\u011b oddanou dru\u017einu domestik\u016f. A\u017e kdy\u017e Jonas Vingegaard vyhr\u00e1l poprv\u00e9 Tour de France, karta se obr\u00e1tila. Rogli\u010d prost\u011b prop\u00e1sl p\u0159\u00edle\u017eitost. A kdy\u017e v\u00a0roce 2021 a n\u00e1sledn\u011b i v\u00a0sezon\u011b 2022 p\u0159i Grande Boucle spadnul a sen o \u00fatoku na celkov\u00e9 prvenstv\u00ed se rozplynul, nezbylo mu, ne\u017e vyklidit pozici.<\/p>\n<p>\u201eUva\u017eoval jsem o zm\u011bn\u011b u\u017e od za\u010d\u00e1tku sezony. Honilo se mi hlavou, \u017ee jestli chci vyhr\u00e1t Tour, budu muset zm\u011bnit dres,\u201c p\u0159ipustil Primo\u017e Rogli\u010d.<\/p>\n<h2><strong>Pod\u0159\u00edd\u00ed se zvu\u010dn\u00e1 jm\u00e9na?<\/strong><\/h2>\n<p>Te\u010f mus\u00ed doufat, \u017ee v n\u011bmeck\u00e9 formaci nalezne stejn\u011b oddanou dru\u017einu, kterou m\u011bl na dosavadn\u00ed \u0161taci. Soupiska st\u00e1je Bora Hansgrohe pro sezonu 2024 je pln\u00e1 zvu\u010dn\u00fdch jmen.<\/p>\n<p>Jai Hindley absolvoval \u0161est Grand Tour. V\u00a0roce 2020 byl na italsk\u00e9m Giru st\u0159\u00edbrn\u00fd, o dva roky pozd\u011bji z\u00e1vod pod Apeninami vyhr\u00e1l celkov\u011b.<\/p>\n<p>Alexandr Vlasov jel sedm Grand Tour, ale nejl\u00e9pe byl \u010dtvrt\u00fd p\u0159i Giru 2021.<\/p>\n<p>Emanuel Buchmann m\u00e1 na kont\u011b dvan\u00e1ct Grand Tour. V\u00a0roce 2019 byl \u010dtvrt\u00fd na Tour de France.<\/p>\n<figure id=\"attachment_17456\" aria-describedby=\"caption-attachment-17456\" style=\"width: 1800px\" class=\"wp-caption alignnone\"><a href=\"https:\/\/d2p6e6u75xmxt8.cloudfront.net\/13\/2022\/06\/hindely-verona-profimedia-0695509791.webp\"><img loading=\"lazy\" decoding=\"async\" class=\"size-full wp-image-17456\" src=\"https:\/\/d2p6e6u75xmxt8.cloudfront.net\/13\/2022\/06\/hindely-verona-profimedia-0695509791.webp\" alt=\"Jai Hindley p\u0159ed bou\u0159\u00edc\u00edmi fanou\u0161ky ve Veron\u011b po v\u00edt\u011bzstv\u00ed v italsk\u00e9m Giru.\" width=\"1800\" height=\"1197\" srcset=\"https:\/\/d2p6e6u75xmxt8.cloudfront.net\/13\/2022\/06\/hindely-verona-profimedia-0695509791.webp 1800w, https:\/\/d2p6e6u75xmxt8.cloudfront.net\/13\/2022\/06\/hindely-verona-profimedia-0695509791-300x200.webp 300w, https:\/\/d2p6e6u75xmxt8.cloudfront.net\/13\/2022\/06\/hindely-verona-profimedia-0695509791-1024x681.webp 1024w, https:\/\/d2p6e6u75xmxt8.cloudfront.net\/13\/2022\/06\/hindely-verona-profimedia-0695509791-768x511.webp 768w, https:\/\/d2p6e6u75xmxt8.cloudfront.net\/13\/2022\/06\/hindely-verona-profimedia-0695509791-1536x1021.webp 1536w, https:\/\/d2p6e6u75xmxt8.cloudfront.net\/13\/2022\/06\/hindely-verona-profimedia-0695509791-272x182.webp 272w\" sizes=\"auto, (max-width: 1800px) 100vw, 1800px\" \/><\/a><figcaption id=\"caption-attachment-17456\" class=\"wp-caption-text\"><em>Jai Hindley p\u0159ed bou\u0159\u00edc\u00edmi fanou\u0161ky ve Veron\u011b po v\u00edt\u011bzstv\u00ed v italsk\u00e9m Giru.<\/em><\/figcaption><\/figure>\n<p>Lennard K\u00e4mna byl b\u011bhem sedmi Grand Tour nejl\u00e9pe dev\u00e1t\u00fd na leto\u0161n\u00edm Giru.<\/p>\n<p>Daniel Mart\u00ednez jel dev\u011bt Grand Tour. Nejl\u00e9pe byl p\u00e1t\u00fd na Giru 2021.<\/p>\n<p>Bob Jungels se v\u00a0jednat\u0159iceti py\u0161n\u00ed dvan\u00e1cti starty na Grand Tour, p\u0159i\u010dem\u017e nejlep\u0161\u00edm v\u00fdsledkem je \u0161est\u00e1 p\u0159\u00ed\u010dka z Gira 2016.<\/p>\n<div class=\"shortcode-ys-post-pinup\"><article class=\"loop-simple post-23683 post type-post status-publish format-standard has-post-thumbnail hentry category-rady-tipy tag-camapgnolo tag-center-lock tag-cyklistika tag-gravel tag-hookless-technologie tag-jak-vybrat-zapletena-kola tag-karbonova-zapletena-kola tag-shimano-road tag-silnicni-cyklistika tag-sram-xdr tag-trenink tag-zapletena-kola global-categories-cycling\" data-postid=\"23683\" role=\"article\" data-post-id=\"23683\" data-word-count=\"575\" data-headline-length=\"70\" data-category=\"Rady &amp; tipy\" data-global-category=\"Cycling\" data-author=\"Kry\u0161tof Kopic\" data-published=\"2023-09-25T06:00:50+02:00\" data-published-day=\"Monday\">\n    <div class=\"entry-thumbnail article-thumbnail\" content=\"https:\/\/d2p6e6u75xmxt8.cloudfront.net\/13\/2023\/09\/zapletena-kola-5-150x150.webp\"><a href=\"https:\/\/www.welovecycling.com\/cs\/2023\/09\/25\/jak-vybrat-zapletena-kola-proc-delat-klicovy-upgrade-na-podzim\/\" class=\"image-holder\" target=\"_self\"><img decoding=\"async\" loading=\"lazy\" class=\"\" src=\"https:\/\/d2p6e6u75xmxt8.cloudfront.net\/13\/2023\/09\/zapletena-kola-5-1024x682.webp\" srcset=\"https:\/\/d2p6e6u75xmxt8.cloudfront.net\/13\/2023\/09\/zapletena-kola-5.webp 2000w, https:\/\/d2p6e6u75xmxt8.cloudfront.net\/13\/2023\/09\/zapletena-kola-5-300x200.webp 300w, https:\/\/d2p6e6u75xmxt8.cloudfront.net\/13\/2023\/09\/zapletena-kola-5-1024x682.webp 1024w, https:\/\/d2p6e6u75xmxt8.cloudfront.net\/13\/2023\/09\/zapletena-kola-5-768x512.webp 768w, https:\/\/d2p6e6u75xmxt8.cloudfront.net\/13\/2023\/09\/zapletena-kola-5-1536x1024.webp 1536w, https:\/\/d2p6e6u75xmxt8.cloudfront.net\/13\/2023\/09\/zapletena-kola-5-1920x1280.webp 1920w, https:\/\/d2p6e6u75xmxt8.cloudfront.net\/13\/2023\/09\/zapletena-kola-5-400x267.webp 400w, https:\/\/d2p6e6u75xmxt8.cloudfront.net\/13\/2023\/09\/zapletena-kola-5-272x182.webp 272w, https:\/\/d2p6e6u75xmxt8.cloudfront.net\/13\/2023\/09\/zapletena-kola-5-1920x1280.webp 1920w\" width=\"1024\" height=\"682\" sizes=\"auto, (min-width: 1200px) 300px, (min-width: 768px) 25vw, 100vw\" alt=\"jak-vybrat-zapletena-kola-proc-delat-klicovy-upgrade-na-podzim\"\/><\/a><\/div>    <div class=\"entry-meta\">\n        <a class=\"label label-secondary post-category\" href=\"https:\/\/www.welovecycling.com\/cs\/category\/rady-tipy\/\" title=\"Rady &amp; tipy\">Rady &amp; tipy<\/a>\n    <\/div>\n    <div class=\"entry-details\">\n        <a href=\"https:\/\/www.welovecycling.com\/cs\/2023\/09\/25\/jak-vybrat-zapletena-kola-proc-delat-klicovy-upgrade-na-podzim\/\" class='entry-title-wrapper'>\n            <h3 class=\"entry-title\"><span>Jak vybrat zapleten\u00e1 kola? Pro\u010d d\u011blat kl\u00ed\u010dov\u00fd upgrade na podzim?<\/span><\/h3>\n        <\/a>\n    <\/div>\n    <\/article>\n<\/div>\n<p>Sergio Higuita b\u011bhem p\u011bti Grand Tour nikdy nebyl v\u00a0des\u00edtce<\/p>\n<p>Cian Uijtdebroeks je dvacetiletou vych\u00e1zej\u00edc\u00ed belgickou hv\u011bzdi\u010dkou s\u00a0ob\u0159\u00edmi p\u0159edpoklady, kter\u00fd v\u0161ak jel pouze jedinou Grand Tour.<\/p>\n<p>V\u0161ichni kl\u00ed\u010dov\u00ed mu\u017ei Bora hansgrohe jsou skv\u011bl\u00ed. Jen\u017ee v\u0161ichni maj\u00ed ob\u0159\u00ed osobn\u00ed ambice. A a\u017e na p\u00e1r v\u00fdjimek budou jen t\u011b\u017eko s\u00a0ohledem na v\u011bk ochotn\u00ed ob\u011btovat dv\u011b nebo t\u0159i sezony ve prosp\u011bch Slovince.<\/p>\n<h2><strong>Primo\u017e Rogli\u010d m\u00e1 zajistit prvn\u00ed maillot jaune<\/strong><\/h2>\n<p>Primo\u017e Rogli\u010d ve spolupr\u00e1ci s veden\u00edm n\u011bmeck\u00e9 st\u00e1je bude muset vytvo\u0159it t\u00fdm ochotn\u00fd pod\u0159\u00eddit se v boji o \u017elut\u00fd trikot. Nen\u00ed t\u011b\u017ek\u00e9 vytu\u0161it, \u017ee mnoz\u00ed rad\u011bji zvol\u00ed Giro \u010di Vueltu s v\u00fdhledem osobn\u00ed sl\u00e1vy. V\u017edy\u0165 triumf z Tour de France je v konkurenci Vingegaarda \u010di Poga\u010dara tuze nejist\u00fd. A samoz\u0159ejm\u011b jsou zde i dal\u0161\u00ed uchaze\u010di maillot jaune, by\u0165 mo\u017en\u00e1 ne tak v\u00e1\u017en\u00ed, jako b\u00fdval\u00fd skokan na ly\u017e\u00edch.<\/p>\n<p>P\u0159ibli\u017en\u011b \u0161est m\u011bs\u00edc\u016f je \u010dasov\u00fd \u00fasek, v\u00a0n\u011bm\u017e se mus\u00ed Slovinec s\u017e\u00edt s\u00a0nov\u00fdm prost\u0159edn\u00edm, nov\u00fdmi par\u0165\u00e1ky a z\u00edskat je na svoji stranu. Pak bude m\u00edt jeho sen re\u00e1lnou nad\u011bji.<\/p>\n<figure id=\"attachment_22991\" aria-describedby=\"caption-attachment-22991\" style=\"width: 1920px\" class=\"wp-caption alignnone\"><a href=\"https:\/\/d2p6e6u75xmxt8.cloudfront.net\/13\/2023\/07\/TDF-Hindley.webp\"><img loading=\"lazy\" decoding=\"async\" class=\"size-extra-large wp-image-22991\" src=\"https:\/\/d2p6e6u75xmxt8.cloudfront.net\/13\/2023\/07\/TDF-Hindley-1920x1279.webp\" alt=\"Jai Hindley\" width=\"1920\" height=\"1279\" srcset=\"https:\/\/d2p6e6u75xmxt8.cloudfront.net\/13\/2023\/07\/TDF-Hindley-1920x1279.webp 1920w, https:\/\/d2p6e6u75xmxt8.cloudfront.net\/13\/2023\/07\/TDF-Hindley-300x200.webp 300w, https:\/\/d2p6e6u75xmxt8.cloudfront.net\/13\/2023\/07\/TDF-Hindley-1024x682.webp 1024w, https:\/\/d2p6e6u75xmxt8.cloudfront.net\/13\/2023\/07\/TDF-Hindley-768x512.webp 768w, https:\/\/d2p6e6u75xmxt8.cloudfront.net\/13\/2023\/07\/TDF-Hindley-1536x1023.webp 1536w, https:\/\/d2p6e6u75xmxt8.cloudfront.net\/13\/2023\/07\/TDF-Hindley-400x266.webp 400w, https:\/\/d2p6e6u75xmxt8.cloudfront.net\/13\/2023\/07\/TDF-Hindley-272x182.webp 272w, https:\/\/d2p6e6u75xmxt8.cloudfront.net\/13\/2023\/07\/TDF-Hindley.webp 2048w, https:\/\/d2p6e6u75xmxt8.cloudfront.net\/13\/2023\/07\/TDF-Hindley-1920x1279.webp 1920w\" sizes=\"auto, (max-width: 1920px) 100vw, 1920px\" \/><\/a><figcaption id=\"caption-attachment-22991\" class=\"wp-caption-text\"><em>Jai Hindley se letos kr\u00e1tce octl b\u011bhem Tour de France ve \u017elut\u00e9m trikotu. Bora Hansgrohe chce maillot jaune z\u00edskat i kone\u010dn\u00e9m \u00fa\u010dtov\u00e1n\u00ed.<\/em><\/figcaption><\/figure>\n<p>Bora ve sv\u00e9 relativn\u011b kr\u00e1tk\u00e9 historie z\u00edskala v\u00edt\u011bzstv\u00ed z\u00a0Grand Tour v\u00a0roce 2022, kdy Jai Hindley vyhr\u00e1l Giro di Italia. Peter Sagan opakovan\u011b pro t\u00fdm z\u00edskal celkov\u00e9 v\u00edt\u011bzstv\u00ed v\u00a0bodovac\u00ed sout\u011b\u017ei \u0160koda Auto na Tour de France a tak\u00e9 duhov\u00fd trikot mistra sv\u011bta.<\/p>\n<p>Epizodn\u011b pak n\u011bkter\u00fd z jezdc\u016f vezl maillot jaune p\u0159i Tour de France. Nikdy v n\u011bm v\u0161ak nevydr\u017eel a\u017e do Pa\u0159\u00ed\u017ee.\u00a0\u201eNa\u0161\u00edm snem je celkov\u00e9 v\u00edt\u011bzstv\u00ed z\u00a0Tour de France,\u201c neskr\u00fdv\u00e1 zakladatel a majitel t\u00fdmu Ralph Denk, kam m\u00ed\u0159\u00ed ambice n\u011bmeck\u00e9 formace. Napln\u00ed Primo\u017e Rogli\u010d touhy elitn\u00ed formace? Nebo u\u017e je p\u0159\u00edli\u0161 star\u00fd a bez podpory v\u011brn\u00fdch domestik\u016f je odsouzen jen k\u00a0boji o stupn\u011b v\u00edt\u011bz\u016f, nikoliv o v\u00edt\u011bzstv\u00ed?<\/p>\n","protected":false},"excerpt":{"rendered":"<p>Pozici nezpochybniteln\u00e9ho l\u00eddra pro Tour de France si zajistil! Primo\u017e Rogli\u010d p\u0159estupem do Bora Hansgrohe utnul spekulace. Po osmi sezon\u00e1ch [&hellip;]<\/p>\n","protected":false},"author":138,"featured_media":23616,"comment_status":"open","ping_status":"open","sticky":false,"template":"","format":"standard","meta":{"footnotes":""},"categories":[10],"tags":[645,126,1601,501,102,3251,9,502,23],"global-categories":[411],"class_list":["post-23840","post","type-post","status-publish","format-standard","has-post-thumbnail","hentry","category-silnicni-cyklistika","tag-bora-hansgrohe","tag-cyklistika","tag-jonas-vingegaard","tag-jumbo-visma","tag-primoz-roglic","tag-ralph-denk","tag-silnicni-cyklistika","tag-tadej-pogacar","tag-tour-de-france","global-categories-cycling"],"yoast_head":"<!-- This site is optimized with the Yoast SEO Premium plugin v25.3 (Yoast SEO v25.9) - https:\/\/yoast.com\/wordpress\/plugins\/seo\/ -->\n<title>Jeden probl\u00e9m Primo\u017e Rogli\u010d vy\u0159e\u0161il. Te\u010f \u010del\u00ed je\u0161t\u011b v\u011bt\u0161\u00ed v\u00fdzv\u011b | \u0160koda We Love Cycling - \u010cesk\u00e1 republika<\/title>\n<meta name=\"description\" content=\"Pozici nezpochybniteln\u00e9ho l\u00eddra pro Tour de France si zajistil! Primo\u017e Rogli\u010d p\u0159estupem do Bora Hansgrohe utnul spekulace. Po osmi sezon\u00e1ch opou\u0161t\u00ed Jumbo Visma, aby se v\u00a0n\u011bmeck\u00e9 formaci pokusil naplnit sen o triumfu v\u00a0nejv\u011bt\u0161\u00edm etapov\u00e9m z\u00e1vod\u011b planety! Jen\u017ee mus\u00ed vy\u0159e\u0161it jeden z\u00e1sadn\u00ed probl\u00e9m\u2026\" \/>\n<meta name=\"robots\" content=\"index, follow, max-snippet:-1, max-image-preview:large, max-video-preview:-1\" \/>\n<link rel=\"canonical\" href=\"https:\/\/www.welovecycling.com\/cs\/2023\/10\/09\/jeden-problem-primoz-roglic-vyresil-ted-celi-jeste-vetsi-vyzve\/\" \/>\n<meta property=\"og:locale\" content=\"cs_CZ\" \/>\n<meta property=\"og:type\" content=\"article\" \/>\n<meta property=\"og:title\" content=\"Jeden probl\u00e9m Primo\u017e Rogli\u010d vy\u0159e\u0161il. Te\u010f \u010del\u00ed je\u0161t\u011b v\u011bt\u0161\u00ed v\u00fdzv\u011b\" \/>\n<meta property=\"og:description\" content=\"Pozici nezpochybniteln\u00e9ho l\u00eddra pro Tour de France si zajistil! Primo\u017e Rogli\u010d p\u0159estupem do Bora Hansgrohe utnul spekulace. Po osmi sezon\u00e1ch opou\u0161t\u00ed Jumbo Visma, aby se v\u00a0n\u011bmeck\u00e9 formaci pokusil naplnit sen o triumfu v\u00a0nejv\u011bt\u0161\u00edm etapov\u00e9m z\u00e1vod\u011b planety! Jen\u017ee mus\u00ed vy\u0159e\u0161it jeden z\u00e1sadn\u00ed probl\u00e9m\u2026\" \/>\n<meta property=\"og:url\" content=\"https:\/\/www.welovecycling.com\/cs\/2023\/10\/09\/jeden-problem-primoz-roglic-vyresil-ted-celi-jeste-vetsi-vyzve\/\" \/>\n<meta property=\"og:site_name\" content=\"\u0160koda We Love Cycling - \u010cesk\u00e1 republika\" \/>\n<meta property=\"article:published_time\" content=\"2023-10-09T14:00:24+00:00\" \/>\n<meta property=\"og:image\" content=\"https:\/\/d2p6e6u75xmxt8.cloudfront.net\/13\/2023\/09\/roglic-evenepoel-2.webp\" \/>\n\t<meta property=\"og:image:width\" content=\"2000\" \/>\n\t<meta property=\"og:image:height\" content=\"1333\" \/>\n\t<meta property=\"og:image:type\" content=\"image\/webp\" \/>\n<meta name=\"author\" content=\"radekmalina\" \/>\n<meta name=\"twitter:card\" content=\"summary_large_image\" \/>\n<meta name=\"twitter:label1\" content=\"Written by\" \/>\n\t<meta name=\"twitter:data1\" content=\"Kry\u0161tof Kopic\" \/>\n\t<meta name=\"twitter:label2\" content=\"Est. reading time\" \/>\n\t<meta name=\"twitter:data2\" content=\"7\" \/>\n<script type=\"application\/ld+json\" class=\"yoast-schema-graph\">{\"@context\":\"https:\/\/schema.org\",\"@graph\":[{\"@type\":\"WebPage\",\"@id\":\"https:\/\/www.welovecycling.com\/cs\/2023\/10\/09\/jeden-problem-primoz-roglic-vyresil-ted-celi-jeste-vetsi-vyzve\/\",\"url\":\"https:\/\/www.welovecycling.com\/cs\/2023\/10\/09\/jeden-problem-primoz-roglic-vyresil-ted-celi-jeste-vetsi-vyzve\/\",\"name\":\"Jeden probl\u00e9m Primo\u017e Rogli\u010d vy\u0159e\u0161il. Te\u010f \u010del\u00ed je\u0161t\u011b v\u011bt\u0161\u00ed v\u00fdzv\u011b | \u0160koda We Love Cycling - \u010cesk\u00e1 republika\",\"isPartOf\":{\"@id\":\"https:\/\/www.welovecycling.com\/cs\/#website\"},\"primaryImageOfPage\":{\"@id\":\"https:\/\/www.welovecycling.com\/cs\/2023\/10\/09\/jeden-problem-primoz-roglic-vyresil-ted-celi-jeste-vetsi-vyzve\/#primaryimage\"},\"image\":{\"@id\":\"https:\/\/www.welovecycling.com\/cs\/2023\/10\/09\/jeden-problem-primoz-roglic-vyresil-ted-celi-jeste-vetsi-vyzve\/#primaryimage\"},\"thumbnailUrl\":\"https:\/\/d2p6e6u75xmxt8.cloudfront.net\/13\/2023\/09\/roglic-evenepoel-2.webp\",\"datePublished\":\"2023-10-09T14:00:24+00:00\",\"author\":{\"@id\":\"https:\/\/www.welovecycling.com\/cs\/#\/schema\/person\/d9eeb0a378f3a7e4a6d12d2b536b04b8\"},\"description\":\"Pozici nezpochybniteln\u00e9ho l\u00eddra pro Tour de France si zajistil! Primo\u017e Rogli\u010d p\u0159estupem do Bora Hansgrohe utnul spekulace. Po osmi sezon\u00e1ch opou\u0161t\u00ed Jumbo Visma, aby se v\u00a0n\u011bmeck\u00e9 formaci pokusil naplnit sen o triumfu v\u00a0nejv\u011bt\u0161\u00edm etapov\u00e9m z\u00e1vod\u011b planety! Jen\u017ee mus\u00ed vy\u0159e\u0161it jeden z\u00e1sadn\u00ed probl\u00e9m\u2026\",\"inLanguage\":\"cs\",\"potentialAction\":[{\"@type\":\"ReadAction\",\"target\":[\"https:\/\/www.welovecycling.com\/cs\/2023\/10\/09\/jeden-problem-primoz-roglic-vyresil-ted-celi-jeste-vetsi-vyzve\/\"]}]},{\"@type\":\"ImageObject\",\"inLanguage\":\"cs\",\"@id\":\"https:\/\/www.welovecycling.com\/cs\/2023\/10\/09\/jeden-problem-primoz-roglic-vyresil-ted-celi-jeste-vetsi-vyzve\/#primaryimage\",\"url\":\"https:\/\/d2p6e6u75xmxt8.cloudfront.net\/13\/2023\/09\/roglic-evenepoel-2.webp\",\"contentUrl\":\"https:\/\/d2p6e6u75xmxt8.cloudfront.net\/13\/2023\/09\/roglic-evenepoel-2.webp\",\"width\":2000,\"height\":1333,\"caption\":\"Slovinec Primo\u017e Rogli\u010d\"},{\"@type\":\"WebSite\",\"@id\":\"https:\/\/www.welovecycling.com\/cs\/#website\",\"url\":\"https:\/\/www.welovecycling.com\/cs\/\",\"name\":\"\u0160koda We Love Cycling - \u010cesk\u00e1 republika\",\"description\":\"WeLoveCycling.cz je online magaz\u00edn, kter\u00fd v\u00e1m pravideln\u011b p\u0159in\u00e1\u0161\u00ed rady a tipy, zaj\u00edmav\u00e9 \u010dl\u00e1nky, videa a jedine\u010dn\u00e9 report\u00e1\u017ee ze sv\u011bta cyklistiky.\",\"potentialAction\":[{\"@type\":\"SearchAction\",\"target\":{\"@type\":\"EntryPoint\",\"urlTemplate\":\"https:\/\/www.welovecycling.com\/cs\/?s={search_term_string}\"},\"query-input\":{\"@type\":\"PropertyValueSpecification\",\"valueRequired\":true,\"valueName\":\"search_term_string\"}}],\"inLanguage\":\"cs\"},{\"@type\":\"Person\",\"@id\":\"https:\/\/www.welovecycling.com\/cs\/#\/schema\/person\/d9eeb0a378f3a7e4a6d12d2b536b04b8\",\"name\":\"radekmalina\",\"image\":{\"@type\":\"ImageObject\",\"inLanguage\":\"cs\",\"@id\":\"https:\/\/www.welovecycling.com\/cs\/#\/schema\/person\/image\/\",\"url\":\"https:\/\/secure.gravatar.com\/avatar\/66994b632cb8c39a46b9f54afa3ae07201b678d32a54275b6f1c9ffec356bfc0?s=96&d=mm&r=g\",\"contentUrl\":\"https:\/\/secure.gravatar.com\/avatar\/66994b632cb8c39a46b9f54afa3ae07201b678d32a54275b6f1c9ffec356bfc0?s=96&d=mm&r=g\",\"caption\":\"radekmalina\"},\"url\":\"https:\/\/www.welovecycling.com\/cs\/author\/radekmalina\/\"}]}<\/script>\n<!-- \/ Yoast SEO Premium plugin. -->","yoast_head_json":{"title":"Jeden probl\u00e9m Primo\u017e Rogli\u010d vy\u0159e\u0161il. Te\u010f \u010del\u00ed je\u0161t\u011b v\u011bt\u0161\u00ed v\u00fdzv\u011b | \u0160koda We Love Cycling - \u010cesk\u00e1 republika","description":"Pozici nezpochybniteln\u00e9ho l\u00eddra pro Tour de France si zajistil! Primo\u017e Rogli\u010d p\u0159estupem do Bora Hansgrohe utnul spekulace. Po osmi sezon\u00e1ch opou\u0161t\u00ed Jumbo Visma, aby se v\u00a0n\u011bmeck\u00e9 formaci pokusil naplnit sen o triumfu v\u00a0nejv\u011bt\u0161\u00edm etapov\u00e9m z\u00e1vod\u011b planety! Jen\u017ee mus\u00ed vy\u0159e\u0161it jeden z\u00e1sadn\u00ed probl\u00e9m\u2026","robots":{"index":"index","follow":"follow","max-snippet":"max-snippet:-1","max-image-preview":"max-image-preview:large","max-video-preview":"max-video-preview:-1"},"canonical":"https:\/\/www.welovecycling.com\/cs\/2023\/10\/09\/jeden-problem-primoz-roglic-vyresil-ted-celi-jeste-vetsi-vyzve\/","og_locale":"cs_CZ","og_type":"article","og_title":"Jeden probl\u00e9m Primo\u017e Rogli\u010d vy\u0159e\u0161il. Te\u010f \u010del\u00ed je\u0161t\u011b v\u011bt\u0161\u00ed v\u00fdzv\u011b","og_description":"Pozici nezpochybniteln\u00e9ho l\u00eddra pro Tour de France si zajistil! Primo\u017e Rogli\u010d p\u0159estupem do Bora Hansgrohe utnul spekulace. Po osmi sezon\u00e1ch opou\u0161t\u00ed Jumbo Visma, aby se v\u00a0n\u011bmeck\u00e9 formaci pokusil naplnit sen o triumfu v\u00a0nejv\u011bt\u0161\u00edm etapov\u00e9m z\u00e1vod\u011b planety! Jen\u017ee mus\u00ed vy\u0159e\u0161it jeden z\u00e1sadn\u00ed probl\u00e9m\u2026","og_url":"https:\/\/www.welovecycling.com\/cs\/2023\/10\/09\/jeden-problem-primoz-roglic-vyresil-ted-celi-jeste-vetsi-vyzve\/","og_site_name":"\u0160koda We Love Cycling - \u010cesk\u00e1 republika","article_published_time":"2023-10-09T14:00:24+00:00","og_image":[{"width":2000,"height":1333,"url":"https:\/\/d2p6e6u75xmxt8.cloudfront.net\/13\/2023\/09\/roglic-evenepoel-2.webp","type":"image\/webp"}],"author":"radekmalina","twitter_card":"summary_large_image","twitter_misc":{"Written by":"Kry\u0161tof Kopic","Est. reading time":"7"},"schema":{"@context":"https:\/\/schema.org","@graph":[{"@type":"WebPage","@id":"https:\/\/www.welovecycling.com\/cs\/2023\/10\/09\/jeden-problem-primoz-roglic-vyresil-ted-celi-jeste-vetsi-vyzve\/","url":"https:\/\/www.welovecycling.com\/cs\/2023\/10\/09\/jeden-problem-primoz-roglic-vyresil-ted-celi-jeste-vetsi-vyzve\/","name":"Jeden probl\u00e9m Primo\u017e Rogli\u010d vy\u0159e\u0161il. Te\u010f \u010del\u00ed je\u0161t\u011b v\u011bt\u0161\u00ed v\u00fdzv\u011b | \u0160koda We Love Cycling - \u010cesk\u00e1 republika","isPartOf":{"@id":"https:\/\/www.welovecycling.com\/cs\/#website"},"primaryImageOfPage":{"@id":"https:\/\/www.welovecycling.com\/cs\/2023\/10\/09\/jeden-problem-primoz-roglic-vyresil-ted-celi-jeste-vetsi-vyzve\/#primaryimage"},"image":{"@id":"https:\/\/www.welovecycling.com\/cs\/2023\/10\/09\/jeden-problem-primoz-roglic-vyresil-ted-celi-jeste-vetsi-vyzve\/#primaryimage"},"thumbnailUrl":"https:\/\/d2p6e6u75xmxt8.cloudfront.net\/13\/2023\/09\/roglic-evenepoel-2.webp","datePublished":"2023-10-09T14:00:24+00:00","author":{"@id":"https:\/\/www.welovecycling.com\/cs\/#\/schema\/person\/d9eeb0a378f3a7e4a6d12d2b536b04b8"},"description":"Pozici nezpochybniteln\u00e9ho l\u00eddra pro Tour de France si zajistil! Primo\u017e Rogli\u010d p\u0159estupem do Bora Hansgrohe utnul spekulace. Po osmi sezon\u00e1ch opou\u0161t\u00ed Jumbo Visma, aby se v\u00a0n\u011bmeck\u00e9 formaci pokusil naplnit sen o triumfu v\u00a0nejv\u011bt\u0161\u00edm etapov\u00e9m z\u00e1vod\u011b planety! Jen\u017ee mus\u00ed vy\u0159e\u0161it jeden z\u00e1sadn\u00ed probl\u00e9m\u2026","inLanguage":"cs","potentialAction":[{"@type":"ReadAction","target":["https:\/\/www.welovecycling.com\/cs\/2023\/10\/09\/jeden-problem-primoz-roglic-vyresil-ted-celi-jeste-vetsi-vyzve\/"]}]},{"@type":"ImageObject","inLanguage":"cs","@id":"https:\/\/www.welovecycling.com\/cs\/2023\/10\/09\/jeden-problem-primoz-roglic-vyresil-ted-celi-jeste-vetsi-vyzve\/#primaryimage","url":"https:\/\/d2p6e6u75xmxt8.cloudfront.net\/13\/2023\/09\/roglic-evenepoel-2.webp","contentUrl":"https:\/\/d2p6e6u75xmxt8.cloudfront.net\/13\/2023\/09\/roglic-evenepoel-2.webp","width":2000,"height":1333,"caption":"Slovinec Primo\u017e Rogli\u010d"},{"@type":"WebSite","@id":"https:\/\/www.welovecycling.com\/cs\/#website","url":"https:\/\/www.welovecycling.com\/cs\/","name":"\u0160koda We Love Cycling - \u010cesk\u00e1 republika","description":"WeLoveCycling.cz je online magaz\u00edn, kter\u00fd v\u00e1m pravideln\u011b p\u0159in\u00e1\u0161\u00ed rady a tipy, zaj\u00edmav\u00e9 \u010dl\u00e1nky, videa a jedine\u010dn\u00e9 report\u00e1\u017ee ze sv\u011bta cyklistiky.","potentialAction":[{"@type":"SearchAction","target":{"@type":"EntryPoint","urlTemplate":"https:\/\/www.welovecycling.com\/cs\/?s={search_term_string}"},"query-input":{"@type":"PropertyValueSpecification","valueRequired":true,"valueName":"search_term_string"}}],"inLanguage":"cs"},{"@type":"Person","@id":"https:\/\/www.welovecycling.com\/cs\/#\/schema\/person\/d9eeb0a378f3a7e4a6d12d2b536b04b8","name":"radekmalina","image":{"@type":"ImageObject","inLanguage":"cs","@id":"https:\/\/www.welovecycling.com\/cs\/#\/schema\/person\/image\/","url":"https:\/\/secure.gravatar.com\/avatar\/66994b632cb8c39a46b9f54afa3ae07201b678d32a54275b6f1c9ffec356bfc0?s=96&d=mm&r=g","contentUrl":"https:\/\/secure.gravatar.com\/avatar\/66994b632cb8c39a46b9f54afa3ae07201b678d32a54275b6f1c9ffec356bfc0?s=96&d=mm&r=g","caption":"radekmalina"},"url":"https:\/\/www.welovecycling.com\/cs\/author\/radekmalina\/"}]}},"_links":{"self":[{"href":"https:\/\/www.welovecycling.com\/cs\/wp-json\/wp\/v2\/posts\/23840","targetHints":{"allow":["GET"]}}],"collection":[{"href":"https:\/\/www.welovecycling.com\/cs\/wp-json\/wp\/v2\/posts"}],"about":[{"href":"https:\/\/www.welovecycling.com\/cs\/wp-json\/wp\/v2\/types\/post"}],"author":[{"embeddable":true,"href":"https:\/\/www.welovecycling.com\/cs\/wp-json\/wp\/v2\/users\/138"}],"replies":[{"embeddable":true,"href":"https:\/\/www.welovecycling.com\/cs\/wp-json\/wp\/v2\/comments?post=23840"}],"version-history":[{"count":2,"href":"https:\/\/www.welovecycling.com\/cs\/wp-json\/wp\/v2\/posts\/23840\/revisions"}],"predecessor-version":[{"id":23842,"href":"https:\/\/www.welovecycling.com\/cs\/wp-json\/wp\/v2\/posts\/23840\/revisions\/23842"}],"wp:featuredmedia":[{"embeddable":true,"href":"https:\/\/www.welovecycling.com\/cs\/wp-json\/wp\/v2\/media\/23616"}],"wp:attachment":[{"href":"https:\/\/www.welovecycling.com\/cs\/wp-json\/wp\/v2\/media?parent=23840"}],"wp:term":[{"taxonomy":"category","embeddable":true,"href":"https:\/\/www.welovecycling.com\/cs\/wp-json\/wp\/v2\/categories?post=23840"},{"taxonomy":"post_tag","embeddable":true,"href":"https:\/\/www.welovecycling.com\/cs\/wp-json\/wp\/v2\/tags?post=23840"},{"taxonomy":"global-categories","embeddable":true,"href":"https:\/\/www.welovecycling.com\/cs\/wp-json\/wp\/v2\/global-categories?post=23840"}],"curies":[{"name":"wp","href":"https:\/\/api.w.org\/{rel}","templated":true}]}}