{"id":23804,"date":"2023-10-06T17:30:32","date_gmt":"2023-10-06T15:30:32","guid":{"rendered":"https:\/\/www.welovecycling.com\/cs\/?p=23804"},"modified":"2023-10-19T12:20:41","modified_gmt":"2023-10-19T10:20:41","slug":"jak-spravne-vycistit-a-namazat-retez","status":"publish","type":"post","link":"https:\/\/www.welovecycling.com\/cs\/2023\/10\/06\/jak-spravne-vycistit-a-namazat-retez\/","title":{"rendered":"Jak spr\u00e1vn\u011b vy\u010distit a namazat \u0159et\u011bz?"},"content":{"rendered":"<p><strong>\u0158et\u011bz je kl\u00ed\u010dovou sou\u010d\u00e1st\u00ed ka\u017ed\u00e9ho kola. M\u016f\u017eete m\u00edt sebelep\u0161\u00ed r\u00e1m, nejnov\u011bj\u0161\u00ed sadu, nejmodern\u011bj\u0161\u00ed dopl\u0148ky, ale pokud nebudete m\u00edt ve stoprocentn\u00edm stavu \u0159et\u011bz, j\u00edzda v sedle bicyklu v\u00e1s p\u0159\u00edli\u0161 t\u011b\u0161it nebude. P\u0159itom sta\u010d\u00ed p\u00e1r des\u00edtek vte\u0159in pr\u00e1ce v dom\u00e1c\u00edch podm\u00ednk\u00e1ch a po\u017eitek z j\u00edzdy bude v\u00fdrazn\u011b lep\u0161\u00ed. Jak spr\u00e1vn\u011b vy\u010distit a namazat \u0159et\u011bz?<\/strong><\/p>\n<p>Minim\u00e1ln\u011b jednou za m\u011bs\u00edc by m\u011bl \u010das na p\u00e9\u010di o \u0159et\u011bz vy\u010dlenit ka\u017ed\u00fd cyklista. Z\u00e1le\u017e\u00ed na mno\u017estv\u00ed kilometr\u016f, kter\u00e9 v sedle tr\u00e1v\u00edte. Z\u00e1le\u017e\u00ed i na prost\u0159ed\u00ed, v n\u011bm\u017e jezd\u00edte. Pokud se nevyh\u00fdb\u00e1te de\u0161ti nebo si libujete v hodn\u011b pra\u0161n\u00e9m ter\u00e9nu, je t\u0159eba se o\u010dist\u011b \u0159et\u011bzu v\u011bnovat \u010dast\u011bji.<\/p>\n<h2><strong>Jak nejl\u00e9pe \u010distit \u0159et\u011bz?<\/strong><\/h2>\n<p>Proud vody sp\u00ed\u0161e u\u0161kod\u00ed. Proto pou\u017eijte cyklokosmetiku. P\u0159i m\u00edrn\u00e9m zne\u010di\u0161t\u011bn\u00ed sta\u010d\u00ed \u0161ampon \u010di p\u011bna. Ale pokud je \u0159et\u011bz hodn\u011b \u0161pinav\u00fd, je t\u0159eba pou\u017e\u00edt odma\u0161\u0165ova\u010d. Ten m\u016f\u017ee b\u00fdt p\u011bnov\u00fd nebo sprejov\u00fd. Odborn\u00edci ze spole\u010dnosti Kolofix doporu\u010duj\u00ed pro dokonalou o\u010distu vyu\u017e\u00edt pra\u010dku \u0159et\u011bzu.<\/p>\n<p>N\u00e1sledn\u011b p\u0159ich\u00e1z\u00ed \u010dasto opom\u00edjen\u00e1, ale p\u0159itom velice z\u00e1sadn\u00ed \u010dinnost. Vysu\u0161en\u00ed \u0159et\u011bzu! Pou\u017e\u00edt m\u016f\u017eete speci\u00e1ln\u00ed ut\u011brku. Nebo klidn\u011b oby\u010dejn\u00fd hadr. Jen je t\u0159eba pamatovat, \u017ee by pou\u017eit\u00e1 \u201eosu\u0161ka\u201c nesm\u00ed pou\u0161t\u011bt chlupy. Ty by n\u00e1sledn\u011b zanesly \u0159et\u011bz, kazetu i p\u0159evodn\u00edk.<\/p>\n<p><a href=\"https:\/\/d2p6e6u75xmxt8.cloudfront.net\/13\/2021\/11\/wlc-udrzba-kola-cerveny-retez-kazeta.webp\"><img loading=\"lazy\" decoding=\"async\" class=\"alignnone wp-image-15234 \" src=\"https:\/\/d2p6e6u75xmxt8.cloudfront.net\/13\/2021\/11\/wlc-udrzba-kola-cerveny-retez-kazeta-819x1024.webp\" alt=\"\" width=\"670\" height=\"838\" srcset=\"https:\/\/d2p6e6u75xmxt8.cloudfront.net\/13\/2021\/11\/wlc-udrzba-kola-cerveny-retez-kazeta-819x1024.webp 819w, https:\/\/d2p6e6u75xmxt8.cloudfront.net\/13\/2021\/11\/wlc-udrzba-kola-cerveny-retez-kazeta-240x300.webp 240w, https:\/\/d2p6e6u75xmxt8.cloudfront.net\/13\/2021\/11\/wlc-udrzba-kola-cerveny-retez-kazeta-768x960.webp 768w, https:\/\/d2p6e6u75xmxt8.cloudfront.net\/13\/2021\/11\/wlc-udrzba-kola-cerveny-retez-kazeta.webp 1200w\" sizes=\"auto, (max-width: 670px) 100vw, 670px\" \/><\/a><\/p>\n<p>P\u0159i pou\u017eit\u00ed pra\u010dky na \u0159et\u011bz se vyvarujte o\u010disty pomoc\u00ed benzinu, toulenu nebo petroleje. Velmi pravd\u011bpodobn\u011b se toti\u017e n\u00e1sledn\u011b pra\u010dka rozpadne.<\/p>\n<p>Vyu\u017eit\u00ed cyklokosmetiky, kterou nalijete do pra\u010dky na \u0159et\u011bz nebo p\u0159\u00edmo aplikujete na hnac\u00ed \u00fastroj\u00ed va\u0161eho kola, v\u00fdrazn\u011b zvy\u0161uje \u017eivotnost \u0159et\u011bzu samotn\u00e9ho i kazety. Pokud disponujete kompresorem, nen\u00ed od v\u011bci \u0159et\u011bz je\u0161t\u011b n\u00e1sledn\u011b \u201evyfoukat\u201c, aby nikde neulp\u011bla ani kapka vody.<\/p>\n<div class=\"shortcode-ys-post-pinup\"><article class=\"loop-simple post-14267 post type-post status-publish format-standard has-post-thumbnail hentry category-rady-tipy category-servis category-silnicni-cyklistika tag-cyklistika tag-cyklotipy tag-domaci-servis-kola tag-horska-cyklistika tag-prehazovacka tag-retez tag-servis-kola tag-silnicni-cyklistika tag-trenink tag-udrzba-kola global-categories-cycling\" data-postid=\"14267\" role=\"article\" data-post-id=\"14267\" data-word-count=\"186\" data-headline-length=\"73\" data-category=\"Rady &amp; tipy\" data-global-category=\"Cycling\" data-author=\"We Love Cycling\" data-published=\"2021-09-01T13:00:34+02:00\" data-published-day=\"Wednesday\">\n    <div class=\"entry-thumbnail article-thumbnail\" content=\"https:\/\/d2p6e6u75xmxt8.cloudfront.net\/13\/2020\/07\/et\u011bz-2-150x150.webp\"><a href=\"https:\/\/www.welovecycling.com\/cs\/2021\/09\/01\/video-udrzba-kola-domacim-servisem-prodlouzite-zivotnost-kola\/\" class=\"image-holder\" target=\"_self\"><img decoding=\"async\" loading=\"lazy\" class=\"\" src=\"https:\/\/d2p6e6u75xmxt8.cloudfront.net\/13\/2020\/07\/et\u011bz-2-1024x576.webp\" srcset=\"https:\/\/d2p6e6u75xmxt8.cloudfront.net\/13\/2020\/07\/et\u011bz-2-scaled.webp 2560w, https:\/\/d2p6e6u75xmxt8.cloudfront.net\/13\/2020\/07\/et\u011bz-2-300x169.webp 300w, https:\/\/d2p6e6u75xmxt8.cloudfront.net\/13\/2020\/07\/et\u011bz-2-1024x576.webp 1024w, https:\/\/d2p6e6u75xmxt8.cloudfront.net\/13\/2020\/07\/et\u011bz-2-768x432.webp 768w, https:\/\/d2p6e6u75xmxt8.cloudfront.net\/13\/2020\/07\/et\u011bz-2-1536x864.webp 1536w, https:\/\/d2p6e6u75xmxt8.cloudfront.net\/13\/2020\/07\/et\u011bz-2-2048x1152.webp 2048w, https:\/\/d2p6e6u75xmxt8.cloudfront.net\/13\/2020\/07\/et\u011bz-2-1920x1080.webp 1920w, https:\/\/d2p6e6u75xmxt8.cloudfront.net\/13\/2020\/07\/et\u011bz-2-1920x1080.webp 1920w\" width=\"1024\" height=\"576\" sizes=\"auto, (min-width: 1200px) 356px, (min-width: 768px) 30vw, 100vw\" alt=\"video-udrzba-kola-domacim-servisem-prodlouzite-zivotnost-kola\"\/><\/a><\/div>    <div class=\"entry-meta\">\n        <a class=\"label label-secondary post-category\" href=\"https:\/\/www.welovecycling.com\/cs\/category\/rady-tipy\/\" title=\"Rady &amp; tipy\">Rady &amp; tipy<\/a>\n    <\/div>\n    <div class=\"entry-details\">\n        <a href=\"https:\/\/www.welovecycling.com\/cs\/2021\/09\/01\/video-udrzba-kola-domacim-servisem-prodlouzite-zivotnost-kola\/\" class='entry-title-wrapper'>\n            <h3 class=\"entry-title\"><span>VIDEO: \u00dadr\u017eba kola! Dom\u00e1c\u00edm servisem prodlou\u017e\u00edte \u017eivotnost bicyklu<\/span><\/h3>\n        <\/a>\n    <\/div>\n    <\/article>\n<\/div>\n<p>D\u016fvod je prost\u00fd. Po vy\u010di\u0161t\u011bn\u00ed a vysu\u0161en\u00ed je t\u0159eba \u0159et\u011bz namazat. A pokud nebude dokonale such\u00fd, aplikovan\u00e9 mazivo nebude m\u00edt pat\u0159i\u010dn\u00fd efekt.<\/p>\n<h2><strong>Zvolte spr\u00e1vn\u00e9 mazivo<\/strong><\/h2>\n<p>Mazivo m\u016f\u017eete na \u0159et\u011bz nan\u00e9st bu\u010f kap\u00e1n\u00edm nebo post\u0159ikem. V\u00fdhodou kap\u00e1n\u00ed je mnohem p\u0159esn\u011bj\u0161\u00ed aplikace na jednotliv\u00e9 \u010dl\u00e1nky \u0159et\u011bzu. D\u016fle\u017eit\u00e9 p\u0159itom je, aby se mazivo dostalo do n\u00fdt\u016f \u0159et\u011bzu. Nan\u00e1\u0161en\u00ed maziva ze spreje je snadn\u011bj\u0161\u00ed, jen d\u00e1vejte pozor, aby se nedostalo na plochy, kam nepat\u0159\u00ed.<\/p>\n<p>Samotn\u00e1 maziva na \u0159et\u011bz m\u016f\u017eete volit z\u00a0olejov\u00fdch nebo voskov\u00fdch produkt\u016f. V\u00fdhodou olejov\u00fdch je mo\u017enost vyrazit na kolo prakticky ihned po namaz\u00e1n\u00ed. Nev\u00fdhodou skute\u010dnost, \u017ee kazeta n\u00e1sledn\u011b nabaluje ne\u010distoty stejn\u011b jako \u0159et\u011bz. V\u00fdhodou vosku je naopak del\u0161\u00ed \u010distota cel\u00e9ho hnac\u00edho \u00fastroj\u00ed, ov\u0161em je nutn\u00e9 voskov\u00e9 mazivo nan\u00e1\u0161et den p\u0159ed j\u00edzdou, v\u00a0krajn\u00edm p\u0159\u00edpad\u011b nejpozd\u011bji hodinu dop\u0159edu.<\/p>\n<figure id=\"attachment_15238\" aria-describedby=\"caption-attachment-15238\" style=\"width: 1024px\" class=\"wp-caption alignnone\"><a href=\"https:\/\/d2p6e6u75xmxt8.cloudfront.net\/13\/2021\/11\/wlc-udrzba-kola-olej-kolecko-prehazovacka-cerveny-2.webp\"><img loading=\"lazy\" decoding=\"async\" class=\"wp-image-15238 size-large\" src=\"https:\/\/d2p6e6u75xmxt8.cloudfront.net\/13\/2021\/11\/wlc-udrzba-kola-olej-kolecko-prehazovacka-cerveny-2-1024x683.webp\" alt=\"Komponenty se v maxim\u00e1ln\u00ed mo\u017en\u00e9 m\u00ed\u0159e udr\u017euj\u00ed, proto\u017ee jich je na trhu nedostatek. Foto: Michal \u010cerven\u00fd (2x)\" width=\"1024\" height=\"683\" srcset=\"https:\/\/d2p6e6u75xmxt8.cloudfront.net\/13\/2021\/11\/wlc-udrzba-kola-olej-kolecko-prehazovacka-cerveny-2-1024x683.webp 1024w, https:\/\/d2p6e6u75xmxt8.cloudfront.net\/13\/2021\/11\/wlc-udrzba-kola-olej-kolecko-prehazovacka-cerveny-2-300x200.webp 300w, https:\/\/d2p6e6u75xmxt8.cloudfront.net\/13\/2021\/11\/wlc-udrzba-kola-olej-kolecko-prehazovacka-cerveny-2-768x512.webp 768w, https:\/\/d2p6e6u75xmxt8.cloudfront.net\/13\/2021\/11\/wlc-udrzba-kola-olej-kolecko-prehazovacka-cerveny-2-1536x1024.webp 1536w, https:\/\/d2p6e6u75xmxt8.cloudfront.net\/13\/2021\/11\/wlc-udrzba-kola-olej-kolecko-prehazovacka-cerveny-2-272x182.webp 272w, https:\/\/d2p6e6u75xmxt8.cloudfront.net\/13\/2021\/11\/wlc-udrzba-kola-olej-kolecko-prehazovacka-cerveny-2.webp 1600w\" sizes=\"auto, (max-width: 1024px) 100vw, 1024px\" \/><\/a><figcaption id=\"caption-attachment-15238\" class=\"wp-caption-text\"><em>Servis v podob\u011b kompletn\u00edho rozmontov\u00e1n\u00ed jednotliv\u00fdch d\u00edl\u016f sv\u011b\u0159te rad\u011bji odborn\u00edk\u016fm t\u0159eba ze spole\u010dnosti Kolofix. Foto: Michal \u010cerven\u00fd\u00a0<\/em><\/figcaption><\/figure>\n<p>Je vhodn\u00e9 zvolit mazivo podle prost\u0159ed\u00ed, v\u00a0n\u011bm\u017e nej\u010dast\u011bji jezd\u00edte. Existuj\u00ed toti\u017e oleje i vosky do such\u00e9ho prost\u0159ed\u00ed, na nich neulp\u00edv\u00e1 tolik ne\u010distot. Pokud v\u0161ak p\u0159\u00edli\u0161 ne\u0159e\u0161\u00edte po\u010das\u00ed a kup\u0159\u00edkladu na biku vyhled\u00e1v\u00e1te vlhk\u00e1 m\u00edsta, rozhodn\u011b s\u00e1hn\u011bte po mazivu do mokr\u00e9ho prost\u0159ed\u00ed.<\/p>\n<p>Na z\u00e1v\u011br pak je\u0161t\u011b such\u00fdm hadr p\u0159ilo\u017ete na \u0159et\u011bz a proto\u010den\u00edm klik zaru\u010d\u00edte, \u017ee odstran\u00edte p\u0159ebyte\u010dn\u00fd olej.<\/p>\n<p>Zanedban\u00fd \u0159et\u011bz m\u016f\u017ee znamenat v\u00fdrazn\u00e9 zkr\u00e1cen\u00ed \u017eivotnosti kazety. Jakmile za\u010dne \u0159et\u011bz p\u0159eskakovat, je t\u0159eba ho okam\u017eit\u011b p\u0159em\u011b\u0159it. A pokud je prota\u017een\u00fd, nezb\u00fdv\u00e1 ne\u017e p\u0159istoupit k\u00a0v\u00fdm\u011bn\u011b. Na \u017eivotnost m\u00e1 p\u0159itom vliv i zp\u016fsob \u0161lap\u00e1n\u00ed. Jezdci preferuj\u00edc\u00ed vy\u0161\u0161\u00ed frekvenci to\u010den\u00ed ped\u00e1ly na leh\u010d\u00ed p\u0159evod \u0161et\u0159\u00ed kazetu i \u0159et\u011bz.<\/p>\n<div class=\"shortcode-ys-post-pinup\"><article class=\"loop-simple post-8867 post type-post status-publish format-standard has-post-thumbnail hentry category-rady-tipy tag-jak-vymenit-retez tag-nytovacka-retezu tag-retez tag-spojka-retezu tag-trenink global-categories-cycling\" data-postid=\"8867\" role=\"article\" data-post-id=\"8867\" data-word-count=\"498\" data-headline-length=\"38\" data-category=\"Rady &amp; tipy\" data-global-category=\"Cycling\" data-author=\"Kry\u0161tof Kopic\" data-published=\"2020-07-26T07:30:43+02:00\" data-published-day=\"Sunday\">\n    <div class=\"entry-thumbnail article-thumbnail\" content=\"https:\/\/d2p6e6u75xmxt8.cloudfront.net\/13\/2020\/07\/retez_pripraveny_pro_klasick\u00e9-nytovani-150x150.webp\"><a href=\"https:\/\/www.welovecycling.com\/cs\/2020\/07\/26\/vymena-retezu-zvladnete-to-sami\/\" class=\"image-holder\" target=\"_self\"><img decoding=\"async\" loading=\"lazy\" class=\"\" src=\"https:\/\/d2p6e6u75xmxt8.cloudfront.net\/13\/2020\/07\/retez_pripraveny_pro_klasick\u00e9-nytovani-1024x576.webp\" srcset=\"https:\/\/d2p6e6u75xmxt8.cloudfront.net\/13\/2020\/07\/retez_pripraveny_pro_klasick\u00e9-nytovani-scaled.webp 2560w, https:\/\/d2p6e6u75xmxt8.cloudfront.net\/13\/2020\/07\/retez_pripraveny_pro_klasick\u00e9-nytovani-300x169.webp 300w, https:\/\/d2p6e6u75xmxt8.cloudfront.net\/13\/2020\/07\/retez_pripraveny_pro_klasick\u00e9-nytovani-1024x576.webp 1024w, https:\/\/d2p6e6u75xmxt8.cloudfront.net\/13\/2020\/07\/retez_pripraveny_pro_klasick\u00e9-nytovani-768x432.webp 768w, https:\/\/d2p6e6u75xmxt8.cloudfront.net\/13\/2020\/07\/retez_pripraveny_pro_klasick\u00e9-nytovani-1536x864.webp 1536w, https:\/\/d2p6e6u75xmxt8.cloudfront.net\/13\/2020\/07\/retez_pripraveny_pro_klasick\u00e9-nytovani-2048x1152.webp 2048w, https:\/\/d2p6e6u75xmxt8.cloudfront.net\/13\/2020\/07\/retez_pripraveny_pro_klasick\u00e9-nytovani-1920x1080.webp 1920w, https:\/\/d2p6e6u75xmxt8.cloudfront.net\/13\/2020\/07\/retez_pripraveny_pro_klasick\u00e9-nytovani-1920x1080.webp 1920w\" width=\"1024\" height=\"576\" sizes=\"auto, (min-width: 1200px) 356px, (min-width: 768px) 30vw, 100vw\" alt=\"vymena-retezu-zvladnete-to-sami\"\/><\/a><\/div>    <div class=\"entry-meta\">\n        <a class=\"label label-secondary post-category\" href=\"https:\/\/www.welovecycling.com\/cs\/category\/rady-tipy\/\" title=\"Rady &amp; tipy\">Rady &amp; tipy<\/a>\n    <\/div>\n    <div class=\"entry-details\">\n        <a href=\"https:\/\/www.welovecycling.com\/cs\/2020\/07\/26\/vymena-retezu-zvladnete-to-sami\/\" class='entry-title-wrapper'>\n            <h3 class=\"entry-title\"><span>V\u00fdm\u011bna \u0159et\u011bzu? Zvl\u00e1dnete to sami!<\/span><\/h3>\n        <\/a>\n    <\/div>\n    <\/article>\n<\/div>\n<p>Naopak silov\u00ed jezdci maj\u00ed v\u011bt\u0161\u00ed spot\u0159ebu \u0159et\u011bz\u016f. A samostatnou kapitolou je pak \u0159et\u011bz u elektrokol, kde se do \u017eivotnosti prom\u00edt\u00e1 v\u00e1ha kola i vy\u0161\u0161\u00ed rychlosti, jimi\u017e ebike\u0159i jezd\u00ed.<\/p>\n<p>Ide\u00e1ln\u00ed frekvence \u010di\u0161t\u011bn\u00ed \u0159et\u011bzu neexistuje. Pravidelnou o\u010distou nicm\u00e9n\u011b jeho \u017eivotnost v\u00fdrazn\u011b prodlou\u017e\u00edte. Skv\u011bl\u00e9 je pak jednou za \u010das nechat v odborn\u00e9m servisu jako je kup\u0159\u00edkladu profesion\u00e1ln\u00ed <a href=\"https:\/\/kolofix.cz\/\" target=\"_blank\" rel=\"noopener\">Kolofix<\/a> \u0159et\u011bz sundat, o\u010distu prov\u00e9st mimo kolo a dop\u0159\u00e1t \u0159et\u011bzu z\u00a0va\u0161eho kola kup\u0159\u00edkladu voskovou \u201el\u00e1ze\u0148\u201c.<\/p>\n<figure id=\"attachment_23833\" aria-describedby=\"caption-attachment-23833\" style=\"width: 650px\" class=\"wp-caption aligncenter\"><a href=\"https:\/\/kolofix.cz\/\"><img loading=\"lazy\" decoding=\"async\" class=\"size-full wp-image-23833\" src=\"https:\/\/d2p6e6u75xmxt8.cloudfront.net\/13\/2023\/10\/Kolofox_emailing_650x300.webp\" alt=\"kolofix\" width=\"650\" height=\"300\" srcset=\"https:\/\/d2p6e6u75xmxt8.cloudfront.net\/13\/2023\/10\/Kolofox_emailing_650x300.webp 650w, https:\/\/d2p6e6u75xmxt8.cloudfront.net\/13\/2023\/10\/Kolofox_emailing_650x300-300x138.webp 300w, https:\/\/d2p6e6u75xmxt8.cloudfront.net\/13\/2023\/10\/Kolofox_emailing_650x300-400x185.webp 400w\" sizes=\"auto, (max-width: 650px) 100vw, 650px\" \/><\/a><figcaption id=\"caption-attachment-23833\" class=\"wp-caption-text\">kolofix<\/figcaption><\/figure>\n","protected":false},"excerpt":{"rendered":"<p>\u0158et\u011bz je kl\u00ed\u010dovou sou\u010d\u00e1st\u00ed ka\u017ed\u00e9ho kola. M\u016f\u017eete m\u00edt sebelep\u0161\u00ed r\u00e1m, nejnov\u011bj\u0161\u00ed sadu, nejmodern\u011bj\u0161\u00ed dopl\u0148ky, ale pokud nebudete m\u00edt ve stoprocentn\u00edm [&hellip;]<\/p>\n","protected":false},"author":138,"featured_media":16822,"comment_status":"open","ping_status":"open","sticky":false,"template":"","format":"standard","meta":{"footnotes":""},"categories":[15,3262],"tags":[3244,3243,3245,1032],"global-categories":[411],"class_list":["post-23804","post","type-post","status-publish","format-standard","has-post-thumbnail","hentry","category-rady-tipy","category-servis","tag-jak-spravne-namazat-retez","tag-jak-spravne-vycistit-retez","tag-pracka-na-retez","tag-retez","global-categories-cycling"],"yoast_head":"<!-- This site is optimized with the Yoast SEO Premium plugin v25.3 (Yoast SEO v25.9) - https:\/\/yoast.com\/wordpress\/plugins\/seo\/ -->\n<title>Jak spr\u00e1vn\u011b vy\u010distit a namazat \u0159et\u011bz? | \u0160koda We Love Cycling - \u010cesk\u00e1 republika<\/title>\n<meta name=\"description\" content=\"\u0158et\u011bz je kl\u00ed\u010dovou sou\u010d\u00e1st\u00ed ka\u017ed\u00e9ho kola. M\u016f\u017eete m\u00edt sebelep\u0161\u00ed r\u00e1m, nejnov\u011bj\u0161\u00ed sadu, nejmodern\u011bj\u0161\u00ed dopl\u0148ky, ale pokud nebudete m\u00edt ve stoprocentn\u00edm stavu \u0159et\u011bz, j\u00edzda v\u00a0sedle bicyklu v\u00e1s p\u0159\u00edli\u0161 t\u011b\u0161it nebude. P\u0159itom sta\u010d\u00ed p\u00e1r des\u00edtek vte\u0159in pr\u00e1ce a po\u017eitek z\u00a0j\u00edzdy bude v\u00fdrazn\u011b lep\u0161\u00ed. Jak spr\u00e1vn\u011b vy\u010distit a namazat \u0159et\u011bz?\" \/>\n<meta name=\"robots\" content=\"index, follow, max-snippet:-1, max-image-preview:large, max-video-preview:-1\" \/>\n<link rel=\"canonical\" href=\"https:\/\/www.welovecycling.com\/cs\/2023\/10\/06\/jak-spravne-vycistit-a-namazat-retez\/\" \/>\n<meta property=\"og:locale\" content=\"cs_CZ\" \/>\n<meta property=\"og:type\" content=\"article\" \/>\n<meta property=\"og:title\" content=\"Jak spr\u00e1vn\u011b vy\u010distit a namazat \u0159et\u011bz?\" \/>\n<meta property=\"og:description\" content=\"\u0158et\u011bz je kl\u00ed\u010dovou sou\u010d\u00e1st\u00ed ka\u017ed\u00e9ho kola. M\u016f\u017eete m\u00edt sebelep\u0161\u00ed r\u00e1m, nejnov\u011bj\u0161\u00ed sadu, nejmodern\u011bj\u0161\u00ed dopl\u0148ky, ale pokud nebudete m\u00edt ve stoprocentn\u00edm stavu \u0159et\u011bz, j\u00edzda v\u00a0sedle bicyklu v\u00e1s p\u0159\u00edli\u0161 t\u011b\u0161it nebude. P\u0159itom sta\u010d\u00ed p\u00e1r des\u00edtek vte\u0159in pr\u00e1ce a po\u017eitek z\u00a0j\u00edzdy bude v\u00fdrazn\u011b lep\u0161\u00ed. Jak spr\u00e1vn\u011b vy\u010distit a namazat \u0159et\u011bz?\" \/>\n<meta property=\"og:url\" content=\"https:\/\/www.welovecycling.com\/cs\/2023\/10\/06\/jak-spravne-vycistit-a-namazat-retez\/\" \/>\n<meta property=\"og:site_name\" content=\"\u0160koda We Love Cycling - \u010cesk\u00e1 republika\" \/>\n<meta property=\"article:published_time\" content=\"2023-10-06T15:30:32+00:00\" \/>\n<meta property=\"article:modified_time\" content=\"2023-10-19T10:20:41+00:00\" \/>\n<meta property=\"og:image\" content=\"https:\/\/d2p6e6u75xmxt8.cloudfront.net\/13\/2022\/05\/olej-retez-cerveny-3.webp\" \/>\n\t<meta property=\"og:image:width\" content=\"1600\" \/>\n\t<meta property=\"og:image:height\" content=\"1067\" \/>\n\t<meta property=\"og:image:type\" content=\"image\/webp\" \/>\n<meta name=\"author\" content=\"radekmalina\" \/>\n<meta name=\"twitter:card\" content=\"summary_large_image\" \/>\n<meta name=\"twitter:label1\" content=\"Written by\" \/>\n\t<meta name=\"twitter:data1\" content=\"Kry\u0161tof Kopic\" \/>\n\t<meta name=\"twitter:label2\" content=\"Est. reading time\" \/>\n\t<meta name=\"twitter:data2\" content=\"6\" \/>\n<script type=\"application\/ld+json\" class=\"yoast-schema-graph\">{\"@context\":\"https:\/\/schema.org\",\"@graph\":[{\"@type\":\"WebPage\",\"@id\":\"https:\/\/www.welovecycling.com\/cs\/2023\/10\/06\/jak-spravne-vycistit-a-namazat-retez\/\",\"url\":\"https:\/\/www.welovecycling.com\/cs\/2023\/10\/06\/jak-spravne-vycistit-a-namazat-retez\/\",\"name\":\"Jak spr\u00e1vn\u011b vy\u010distit a namazat \u0159et\u011bz? | \u0160koda We Love Cycling - \u010cesk\u00e1 republika\",\"isPartOf\":{\"@id\":\"https:\/\/www.welovecycling.com\/cs\/#website\"},\"primaryImageOfPage\":{\"@id\":\"https:\/\/www.welovecycling.com\/cs\/2023\/10\/06\/jak-spravne-vycistit-a-namazat-retez\/#primaryimage\"},\"image\":{\"@id\":\"https:\/\/www.welovecycling.com\/cs\/2023\/10\/06\/jak-spravne-vycistit-a-namazat-retez\/#primaryimage\"},\"thumbnailUrl\":\"https:\/\/d2p6e6u75xmxt8.cloudfront.net\/13\/2022\/05\/olej-retez-cerveny-3.webp\",\"datePublished\":\"2023-10-06T15:30:32+00:00\",\"dateModified\":\"2023-10-19T10:20:41+00:00\",\"author\":{\"@id\":\"https:\/\/www.welovecycling.com\/cs\/#\/schema\/person\/d9eeb0a378f3a7e4a6d12d2b536b04b8\"},\"description\":\"\u0158et\u011bz je kl\u00ed\u010dovou sou\u010d\u00e1st\u00ed ka\u017ed\u00e9ho kola. M\u016f\u017eete m\u00edt sebelep\u0161\u00ed r\u00e1m, nejnov\u011bj\u0161\u00ed sadu, nejmodern\u011bj\u0161\u00ed dopl\u0148ky, ale pokud nebudete m\u00edt ve stoprocentn\u00edm stavu \u0159et\u011bz, j\u00edzda v\u00a0sedle bicyklu v\u00e1s p\u0159\u00edli\u0161 t\u011b\u0161it nebude. P\u0159itom sta\u010d\u00ed p\u00e1r des\u00edtek vte\u0159in pr\u00e1ce a po\u017eitek z\u00a0j\u00edzdy bude v\u00fdrazn\u011b lep\u0161\u00ed. Jak spr\u00e1vn\u011b vy\u010distit a namazat \u0159et\u011bz?\",\"inLanguage\":\"cs\",\"potentialAction\":[{\"@type\":\"ReadAction\",\"target\":[\"https:\/\/www.welovecycling.com\/cs\/2023\/10\/06\/jak-spravne-vycistit-a-namazat-retez\/\"]}]},{\"@type\":\"ImageObject\",\"inLanguage\":\"cs\",\"@id\":\"https:\/\/www.welovecycling.com\/cs\/2023\/10\/06\/jak-spravne-vycistit-a-namazat-retez\/#primaryimage\",\"url\":\"https:\/\/d2p6e6u75xmxt8.cloudfront.net\/13\/2022\/05\/olej-retez-cerveny-3.webp\",\"contentUrl\":\"https:\/\/d2p6e6u75xmxt8.cloudfront.net\/13\/2022\/05\/olej-retez-cerveny-3.webp\",\"width\":1600,\"height\":1067,\"caption\":\"\u0158et\u011bz a jeho \u00fadr\u017eba v podob\u011b pravideln\u00e9ho maz\u00e1n\u00ed jsou pro bicykl kl\u00ed\u010dov\u00e9.\"},{\"@type\":\"WebSite\",\"@id\":\"https:\/\/www.welovecycling.com\/cs\/#website\",\"url\":\"https:\/\/www.welovecycling.com\/cs\/\",\"name\":\"\u0160koda We Love Cycling - \u010cesk\u00e1 republika\",\"description\":\"WeLoveCycling.cz je online magaz\u00edn, kter\u00fd v\u00e1m pravideln\u011b p\u0159in\u00e1\u0161\u00ed rady a tipy, zaj\u00edmav\u00e9 \u010dl\u00e1nky, videa a jedine\u010dn\u00e9 report\u00e1\u017ee ze sv\u011bta cyklistiky.\",\"potentialAction\":[{\"@type\":\"SearchAction\",\"target\":{\"@type\":\"EntryPoint\",\"urlTemplate\":\"https:\/\/www.welovecycling.com\/cs\/?s={search_term_string}\"},\"query-input\":{\"@type\":\"PropertyValueSpecification\",\"valueRequired\":true,\"valueName\":\"search_term_string\"}}],\"inLanguage\":\"cs\"},{\"@type\":\"Person\",\"@id\":\"https:\/\/www.welovecycling.com\/cs\/#\/schema\/person\/d9eeb0a378f3a7e4a6d12d2b536b04b8\",\"name\":\"radekmalina\",\"image\":{\"@type\":\"ImageObject\",\"inLanguage\":\"cs\",\"@id\":\"https:\/\/www.welovecycling.com\/cs\/#\/schema\/person\/image\/\",\"url\":\"https:\/\/secure.gravatar.com\/avatar\/66994b632cb8c39a46b9f54afa3ae07201b678d32a54275b6f1c9ffec356bfc0?s=96&d=mm&r=g\",\"contentUrl\":\"https:\/\/secure.gravatar.com\/avatar\/66994b632cb8c39a46b9f54afa3ae07201b678d32a54275b6f1c9ffec356bfc0?s=96&d=mm&r=g\",\"caption\":\"radekmalina\"},\"url\":\"https:\/\/www.welovecycling.com\/cs\/author\/radekmalina\/\"}]}<\/script>\n<!-- \/ Yoast SEO Premium plugin. -->","yoast_head_json":{"title":"Jak spr\u00e1vn\u011b vy\u010distit a namazat \u0159et\u011bz? | \u0160koda We Love Cycling - \u010cesk\u00e1 republika","description":"\u0158et\u011bz je kl\u00ed\u010dovou sou\u010d\u00e1st\u00ed ka\u017ed\u00e9ho kola. M\u016f\u017eete m\u00edt sebelep\u0161\u00ed r\u00e1m, nejnov\u011bj\u0161\u00ed sadu, nejmodern\u011bj\u0161\u00ed dopl\u0148ky, ale pokud nebudete m\u00edt ve stoprocentn\u00edm stavu \u0159et\u011bz, j\u00edzda v\u00a0sedle bicyklu v\u00e1s p\u0159\u00edli\u0161 t\u011b\u0161it nebude. P\u0159itom sta\u010d\u00ed p\u00e1r des\u00edtek vte\u0159in pr\u00e1ce a po\u017eitek z\u00a0j\u00edzdy bude v\u00fdrazn\u011b lep\u0161\u00ed. Jak spr\u00e1vn\u011b vy\u010distit a namazat \u0159et\u011bz?","robots":{"index":"index","follow":"follow","max-snippet":"max-snippet:-1","max-image-preview":"max-image-preview:large","max-video-preview":"max-video-preview:-1"},"canonical":"https:\/\/www.welovecycling.com\/cs\/2023\/10\/06\/jak-spravne-vycistit-a-namazat-retez\/","og_locale":"cs_CZ","og_type":"article","og_title":"Jak spr\u00e1vn\u011b vy\u010distit a namazat \u0159et\u011bz?","og_description":"\u0158et\u011bz je kl\u00ed\u010dovou sou\u010d\u00e1st\u00ed ka\u017ed\u00e9ho kola. M\u016f\u017eete m\u00edt sebelep\u0161\u00ed r\u00e1m, nejnov\u011bj\u0161\u00ed sadu, nejmodern\u011bj\u0161\u00ed dopl\u0148ky, ale pokud nebudete m\u00edt ve stoprocentn\u00edm stavu \u0159et\u011bz, j\u00edzda v\u00a0sedle bicyklu v\u00e1s p\u0159\u00edli\u0161 t\u011b\u0161it nebude. P\u0159itom sta\u010d\u00ed p\u00e1r des\u00edtek vte\u0159in pr\u00e1ce a po\u017eitek z\u00a0j\u00edzdy bude v\u00fdrazn\u011b lep\u0161\u00ed. Jak spr\u00e1vn\u011b vy\u010distit a namazat \u0159et\u011bz?","og_url":"https:\/\/www.welovecycling.com\/cs\/2023\/10\/06\/jak-spravne-vycistit-a-namazat-retez\/","og_site_name":"\u0160koda We Love Cycling - \u010cesk\u00e1 republika","article_published_time":"2023-10-06T15:30:32+00:00","article_modified_time":"2023-10-19T10:20:41+00:00","og_image":[{"width":1600,"height":1067,"url":"https:\/\/d2p6e6u75xmxt8.cloudfront.net\/13\/2022\/05\/olej-retez-cerveny-3.webp","type":"image\/webp"}],"author":"radekmalina","twitter_card":"summary_large_image","twitter_misc":{"Written by":"Kry\u0161tof Kopic","Est. reading time":"6"},"schema":{"@context":"https:\/\/schema.org","@graph":[{"@type":"WebPage","@id":"https:\/\/www.welovecycling.com\/cs\/2023\/10\/06\/jak-spravne-vycistit-a-namazat-retez\/","url":"https:\/\/www.welovecycling.com\/cs\/2023\/10\/06\/jak-spravne-vycistit-a-namazat-retez\/","name":"Jak spr\u00e1vn\u011b vy\u010distit a namazat \u0159et\u011bz? | \u0160koda We Love Cycling - \u010cesk\u00e1 republika","isPartOf":{"@id":"https:\/\/www.welovecycling.com\/cs\/#website"},"primaryImageOfPage":{"@id":"https:\/\/www.welovecycling.com\/cs\/2023\/10\/06\/jak-spravne-vycistit-a-namazat-retez\/#primaryimage"},"image":{"@id":"https:\/\/www.welovecycling.com\/cs\/2023\/10\/06\/jak-spravne-vycistit-a-namazat-retez\/#primaryimage"},"thumbnailUrl":"https:\/\/d2p6e6u75xmxt8.cloudfront.net\/13\/2022\/05\/olej-retez-cerveny-3.webp","datePublished":"2023-10-06T15:30:32+00:00","dateModified":"2023-10-19T10:20:41+00:00","author":{"@id":"https:\/\/www.welovecycling.com\/cs\/#\/schema\/person\/d9eeb0a378f3a7e4a6d12d2b536b04b8"},"description":"\u0158et\u011bz je kl\u00ed\u010dovou sou\u010d\u00e1st\u00ed ka\u017ed\u00e9ho kola. M\u016f\u017eete m\u00edt sebelep\u0161\u00ed r\u00e1m, nejnov\u011bj\u0161\u00ed sadu, nejmodern\u011bj\u0161\u00ed dopl\u0148ky, ale pokud nebudete m\u00edt ve stoprocentn\u00edm stavu \u0159et\u011bz, j\u00edzda v\u00a0sedle bicyklu v\u00e1s p\u0159\u00edli\u0161 t\u011b\u0161it nebude. P\u0159itom sta\u010d\u00ed p\u00e1r des\u00edtek vte\u0159in pr\u00e1ce a po\u017eitek z\u00a0j\u00edzdy bude v\u00fdrazn\u011b lep\u0161\u00ed. Jak spr\u00e1vn\u011b vy\u010distit a namazat \u0159et\u011bz?","inLanguage":"cs","potentialAction":[{"@type":"ReadAction","target":["https:\/\/www.welovecycling.com\/cs\/2023\/10\/06\/jak-spravne-vycistit-a-namazat-retez\/"]}]},{"@type":"ImageObject","inLanguage":"cs","@id":"https:\/\/www.welovecycling.com\/cs\/2023\/10\/06\/jak-spravne-vycistit-a-namazat-retez\/#primaryimage","url":"https:\/\/d2p6e6u75xmxt8.cloudfront.net\/13\/2022\/05\/olej-retez-cerveny-3.webp","contentUrl":"https:\/\/d2p6e6u75xmxt8.cloudfront.net\/13\/2022\/05\/olej-retez-cerveny-3.webp","width":1600,"height":1067,"caption":"\u0158et\u011bz a jeho \u00fadr\u017eba v podob\u011b pravideln\u00e9ho maz\u00e1n\u00ed jsou pro bicykl kl\u00ed\u010dov\u00e9."},{"@type":"WebSite","@id":"https:\/\/www.welovecycling.com\/cs\/#website","url":"https:\/\/www.welovecycling.com\/cs\/","name":"\u0160koda We Love Cycling - \u010cesk\u00e1 republika","description":"WeLoveCycling.cz je online magaz\u00edn, kter\u00fd v\u00e1m pravideln\u011b p\u0159in\u00e1\u0161\u00ed rady a tipy, zaj\u00edmav\u00e9 \u010dl\u00e1nky, videa a jedine\u010dn\u00e9 report\u00e1\u017ee ze sv\u011bta cyklistiky.","potentialAction":[{"@type":"SearchAction","target":{"@type":"EntryPoint","urlTemplate":"https:\/\/www.welovecycling.com\/cs\/?s={search_term_string}"},"query-input":{"@type":"PropertyValueSpecification","valueRequired":true,"valueName":"search_term_string"}}],"inLanguage":"cs"},{"@type":"Person","@id":"https:\/\/www.welovecycling.com\/cs\/#\/schema\/person\/d9eeb0a378f3a7e4a6d12d2b536b04b8","name":"radekmalina","image":{"@type":"ImageObject","inLanguage":"cs","@id":"https:\/\/www.welovecycling.com\/cs\/#\/schema\/person\/image\/","url":"https:\/\/secure.gravatar.com\/avatar\/66994b632cb8c39a46b9f54afa3ae07201b678d32a54275b6f1c9ffec356bfc0?s=96&d=mm&r=g","contentUrl":"https:\/\/secure.gravatar.com\/avatar\/66994b632cb8c39a46b9f54afa3ae07201b678d32a54275b6f1c9ffec356bfc0?s=96&d=mm&r=g","caption":"radekmalina"},"url":"https:\/\/www.welovecycling.com\/cs\/author\/radekmalina\/"}]}},"_links":{"self":[{"href":"https:\/\/www.welovecycling.com\/cs\/wp-json\/wp\/v2\/posts\/23804","targetHints":{"allow":["GET"]}}],"collection":[{"href":"https:\/\/www.welovecycling.com\/cs\/wp-json\/wp\/v2\/posts"}],"about":[{"href":"https:\/\/www.welovecycling.com\/cs\/wp-json\/wp\/v2\/types\/post"}],"author":[{"embeddable":true,"href":"https:\/\/www.welovecycling.com\/cs\/wp-json\/wp\/v2\/users\/138"}],"replies":[{"embeddable":true,"href":"https:\/\/www.welovecycling.com\/cs\/wp-json\/wp\/v2\/comments?post=23804"}],"version-history":[{"count":7,"href":"https:\/\/www.welovecycling.com\/cs\/wp-json\/wp\/v2\/posts\/23804\/revisions"}],"predecessor-version":[{"id":23835,"href":"https:\/\/www.welovecycling.com\/cs\/wp-json\/wp\/v2\/posts\/23804\/revisions\/23835"}],"wp:featuredmedia":[{"embeddable":true,"href":"https:\/\/www.welovecycling.com\/cs\/wp-json\/wp\/v2\/media\/16822"}],"wp:attachment":[{"href":"https:\/\/www.welovecycling.com\/cs\/wp-json\/wp\/v2\/media?parent=23804"}],"wp:term":[{"taxonomy":"category","embeddable":true,"href":"https:\/\/www.welovecycling.com\/cs\/wp-json\/wp\/v2\/categories?post=23804"},{"taxonomy":"post_tag","embeddable":true,"href":"https:\/\/www.welovecycling.com\/cs\/wp-json\/wp\/v2\/tags?post=23804"},{"taxonomy":"global-categories","embeddable":true,"href":"https:\/\/www.welovecycling.com\/cs\/wp-json\/wp\/v2\/global-categories?post=23804"}],"curies":[{"name":"wp","href":"https:\/\/api.w.org\/{rel}","templated":true}]}}