{"id":23742,"date":"2023-09-27T13:28:22","date_gmt":"2023-09-27T11:28:22","guid":{"rendered":"https:\/\/www.welovecycling.com\/cs\/?p=23742"},"modified":"2023-09-27T20:39:51","modified_gmt":"2023-09-27T18:39:51","slug":"jde-o-vic-nez-jen-dva-zavodni-dny-rika-vedouci-projektu-letape-czech-republic","status":"publish","type":"post","link":"https:\/\/www.welovecycling.com\/cs\/2023\/09\/27\/jde-o-vic-nez-jen-dva-zavodni-dny-rika-vedouci-projektu-letape-czech-republic\/","title":{"rendered":"Jde o v\u00edc ne\u017e jen dva z\u00e1vodn\u00ed dny, \u0159\u00edk\u00e1 vedouc\u00ed projektu L\u2019Etape Czech Republic"},"content":{"rendered":"<p><strong>Nejv\u011bt\u0161\u00ed, nejslavn\u011bj\u0161\u00ed, nejpresti\u017en\u011bj\u0161\u00ed. Tour de France se za m\u011bs\u00edc do\u010dk\u00e1 ofici\u00e1ln\u00edho odhalen\u00ed trasy 111. ro\u010dn\u00edku. O m\u011bs\u00edc pozd\u011bji tuzem\u0161t\u00ed fanou\u0161ci za\u017eij\u00ed podobn\u00e9 nap\u011bt\u00ed znovu, proto\u017ee ve stejn\u00e9m duchu odhal\u00ed pl\u00e1ny L\u2019Etape Czech Republic. Nejv\u011bt\u0161\u00ed dom\u00e1c\u00ed z\u00e1vod pro amat\u00e9ry.<\/strong><\/p>\n<p>\u201eNejde n\u00e1m jen o z\u00e1vod samotn\u00fd a jeden nebo dva konkr\u00e9tn\u00ed dny. Sna\u017e\u00edme se pozitivn\u011b motivovat \u00fa\u010dastn\u00edky z\u00e1vodu i \u0161irokou ve\u0159ejnost a maxim\u00e1ln\u011b vyu\u017e\u00edt pozornost, kterou zna\u010dka Tour de France p\u0159itahuje,\u201c vysv\u011btluje P\u0159emysl Nov\u00e1k, \u0161\u00e9f projektu L\u2019Etape Czech Republic.<\/p>\n<h2><strong>Zb\u00fdvaj\u00ed dva m\u011bs\u00edce do odhalen\u00ed tras <\/strong><strong>L\u2019Etape Czech Republic <\/strong><strong>by Tour de France. U\u017e je definitivn\u011b jasn\u00e9, na co se mohou milovn\u00edci silni\u010dn\u00ed cyklistiky ve spojen\u00ed se zna\u010dkou nejpresti\u017en\u011bj\u0161\u00edho z\u00e1vodu planety t\u011b\u0161it na \u010desk\u00e9m \u00fazem\u00ed?<\/strong><\/h2>\n<p>Ano. Na\u0161\u00edm c\u00edlem je v\u00a0listopadu odhalit trasy obou z\u00e1vod\u016f, kter\u00e9 se pojedou v\u00a0roce 2024, klasik\u00e1\u0159sk\u00e9 etapy 15. \u010derna a horsk\u00e9 etapy 17. srpna. Pokud v\u0161e p\u016fjde dob\u0159e, tak zve\u0159ejn\u00edme i lokaci horsk\u00e9 L\u2019Etape Czech Republic v\u00a0roce 2025.<\/p>\n<h2><strong>Je ve h\u0159e roz\u0161\u00ed\u0159en\u00ed mno\u017estv\u00ed z\u00e1vod\u016f na \u010desk\u00e9m \u00fazem\u00ed?<\/strong><\/h2>\n<p>Ano. Uva\u017eujeme nad mo\u017enost\u00ed jet t\u0159i z\u00e1vody. Ale pro p\u0159\u00ed\u0161t\u00ed rok ur\u010dit\u011b z\u016fstaneme u dvou.<\/p>\n<p><a href=\"https:\/\/d2p6e6u75xmxt8.cloudfront.net\/13\/2023\/09\/LEtape_Sumava@jacobkopecky-104.webp\"><img loading=\"lazy\" decoding=\"async\" class=\"alignnone size-extra-large wp-image-23748\" src=\"https:\/\/d2p6e6u75xmxt8.cloudfront.net\/13\/2023\/09\/LEtape_Sumava@jacobkopecky-104-1920x1280.webp\" alt=\"\" width=\"1920\" height=\"1280\" srcset=\"https:\/\/d2p6e6u75xmxt8.cloudfront.net\/13\/2023\/09\/LEtape_Sumava@jacobkopecky-104-1920x1280.webp 1920w, https:\/\/d2p6e6u75xmxt8.cloudfront.net\/13\/2023\/09\/LEtape_Sumava@jacobkopecky-104-300x200.webp 300w, https:\/\/d2p6e6u75xmxt8.cloudfront.net\/13\/2023\/09\/LEtape_Sumava@jacobkopecky-104-1024x683.webp 1024w, https:\/\/d2p6e6u75xmxt8.cloudfront.net\/13\/2023\/09\/LEtape_Sumava@jacobkopecky-104-768x512.webp 768w, https:\/\/d2p6e6u75xmxt8.cloudfront.net\/13\/2023\/09\/LEtape_Sumava@jacobkopecky-104-1536x1024.webp 1536w, https:\/\/d2p6e6u75xmxt8.cloudfront.net\/13\/2023\/09\/LEtape_Sumava@jacobkopecky-104-2048x1365.webp 2048w, https:\/\/d2p6e6u75xmxt8.cloudfront.net\/13\/2023\/09\/LEtape_Sumava@jacobkopecky-104-400x267.webp 400w, https:\/\/d2p6e6u75xmxt8.cloudfront.net\/13\/2023\/09\/LEtape_Sumava@jacobkopecky-104-272x182.webp 272w, https:\/\/d2p6e6u75xmxt8.cloudfront.net\/13\/2023\/09\/LEtape_Sumava@jacobkopecky-104-1920x1280.webp 1920w\" sizes=\"auto, (max-width: 1920px) 100vw, 1920px\" \/><\/a><\/p>\n<h2><strong>Samotn\u00e9 z\u00e1vody se uskute\u010dn\u00ed b\u011bhem letn\u00edch m\u011bs\u00edc\u016f. Co p\u0159in\u00e1\u0161\u00ed vazba k\u00a0<\/strong><strong>L\u2019Etape Czech Republic <\/strong><strong>by Tour de France v\u00a0dal\u0161\u00edch m\u011bs\u00edc\u00edch?<\/strong><\/h2>\n<p>L\u2019Etape Czech Republic nen\u00ed jen o jednom nebo nov\u011b dvou z\u00e1vodech. O n\u011bkolika hodin\u00e1ch na trati. Chceme, aby samotn\u00e1 L\u00b4Etape Czech Republic nebyla jen o n\u011bkolika hodin\u00e1ch v\u00a0sedle, ale aby to bylo i o p\u0159\u00edprav\u011b. Okam\u017eikem p\u0159ihl\u00e1\u0161en\u00ed pro n\u00e1s vznik\u00e1 vztah, kter\u00fd chceme naplnit. Jde n\u00e1m o to, aby si lid\u00e9 u\u017eili skute\u010dnost, \u017ee jsou sou\u010d\u00e1st\u00ed akce a zna\u010dky p\u0159esahuj\u00edc\u00ed hranice sportu. Nen\u00ed to o p\u0159ihl\u00e1\u0161en\u00ed k\u00a0z\u00e1vodu a ro\u010dn\u00edm \u010dek\u00e1n\u00ed. Je to i o soun\u00e1le\u017eitosti se zna\u010dkou L\u2019Etape Czech Republic a nad\u0161en\u00ed pro akci, kter\u00e9 by m\u011blo gradovat v\u00a0okam\u017eiku projet\u00ed c\u00edlem z\u00e1vodu, kdy \u00fa\u010dastn\u00edk\u016fm na krk pov\u011bs\u00edme medaile. Proto nab\u00edz\u00edme mnoho aktivit, do nich\u017e se mohou \u00fa\u010dastn\u00edci zapojit v\u00a0pr\u016fb\u011bhu cel\u00e9ho roku.<\/p>\n<h2><strong>O jak\u00e9 aktivity se p\u0159esn\u011b jedn\u00e1?<\/strong><\/h2>\n<p>Chyst\u00e1me t\u0159eba podstatn\u00e9 nav\u00fd\u0161en\u00ed po\u010dtu obl\u00edben\u00fdch skupinov\u00fdch vyj\u00ed\u017ed\u011bk social ride. Smyslem nen\u00ed sej\u00edt se a absolvovat bl\u00e1znivou j\u00edzdu plnou n\u00e1stup\u016f a odpad\u00e1v\u00e1n\u00ed z bal\u00edku. Ale nau\u010dit lidi j\u00edzd\u011b v\u00a0bal\u00edku. Zbavit je strachu z\u00a0lid\u00ed v\u00a0sedle kolem sebe. M\u00e1me zku\u0161enost, \u017ee mnoho lid\u00ed v\u00e1h\u00e1 s\u00a0\u00fa\u010dast\u00ed v\u00a0z\u00e1vod\u011b pr\u00e1v\u011b kv\u016fli kumulaci cyklist\u016f a strachu z\u00a0j\u00edzdy ve velk\u00e9 skupin\u011b. I proto se pravideln\u011b na\u0161ich social ride \u00fa\u010dastn\u00ed ambasado\u0159i jako Zden\u011bk \u0160tybar, J\u00e1n Svorada a nov\u011b p\u016fjde i o Tom\u00e1\u0161e B\u00e1bka.<\/p>\n<h2><strong>Probl\u00e9m ov\u0161em je, \u017ee j\u00edzda v\u00a0bal\u00edku je mimo z\u00e1vod v\u00a0podstat\u011b nemo\u017en\u00e1, proto\u017ee odporuje vyhl\u00e1\u0161ce o provozu na pozemn\u00edch komunikac\u00edch&#8230;<\/strong><\/h2>\n<p>Ano. Jsme si tohoto na\u0159\u00edzen\u00ed v\u011bdomi, a proto p\u0159ipravujeme \u00fapln\u011b nov\u00fd form\u00e1t social ride!<\/p>\n<div class=\"shortcode-ys-post-pinup\"><article class=\"loop-simple post-23675 post type-post status-publish format-standard has-post-thumbnail hentry category-silnicni-cyklistika tag-cyklistika tag-jonas-vingegaard tag-jumbo-visma tag-primoz-roglic tag-sepp-kuss tag-silnicni-cyklistika tag-tour-de-france tag-vuelta tag-vuelta-2023 global-categories-cycling\" data-postid=\"23675\" role=\"article\" data-post-id=\"23675\" data-word-count=\"570\" data-headline-length=\"68\" data-category=\"Silni\u010dn\u00ed cyklistika\" data-global-category=\"Cycling\" data-author=\"We Love Cycling\" data-published=\"2023-09-17T20:00:27+02:00\" data-published-day=\"Sunday\">\n    <div class=\"entry-thumbnail article-thumbnail\" content=\"https:\/\/d2p6e6u75xmxt8.cloudfront.net\/13\/2023\/09\/profimedia-0805769945-150x150.webp\"><a href=\"https:\/\/www.welovecycling.com\/cs\/2023\/09\/17\/sepp-kuss-a-triumf-loajality-uspech-domestika-je-krachem-roglice\/\" class=\"image-holder\" target=\"_self\"><img decoding=\"async\" loading=\"lazy\" class=\"\" src=\"https:\/\/d2p6e6u75xmxt8.cloudfront.net\/13\/2023\/09\/profimedia-0805769945-1024x683.webp\" srcset=\"https:\/\/d2p6e6u75xmxt8.cloudfront.net\/13\/2023\/09\/profimedia-0805769945.webp 1800w, https:\/\/d2p6e6u75xmxt8.cloudfront.net\/13\/2023\/09\/profimedia-0805769945-300x200.webp 300w, https:\/\/d2p6e6u75xmxt8.cloudfront.net\/13\/2023\/09\/profimedia-0805769945-1024x683.webp 1024w, https:\/\/d2p6e6u75xmxt8.cloudfront.net\/13\/2023\/09\/profimedia-0805769945-768x512.webp 768w, https:\/\/d2p6e6u75xmxt8.cloudfront.net\/13\/2023\/09\/profimedia-0805769945-1536x1024.webp 1536w, https:\/\/d2p6e6u75xmxt8.cloudfront.net\/13\/2023\/09\/profimedia-0805769945-400x267.webp 400w, https:\/\/d2p6e6u75xmxt8.cloudfront.net\/13\/2023\/09\/profimedia-0805769945-272x182.webp 272w\" width=\"1024\" height=\"683\" sizes=\"auto, (min-width: 1200px) 300px, (min-width: 768px) 25vw, 100vw\" alt=\"sepp-kuss-a-triumf-loajality-uspech-domestika-je-krachem-roglice\"\/><\/a><\/div>    <div class=\"entry-meta\">\n        <a class=\"label label-secondary post-category\" href=\"https:\/\/www.welovecycling.com\/cs\/category\/silnicni-cyklistika\/\" title=\"Silni\u010dn\u00ed cyklistika\">Silni\u010dn\u00ed cyklistika<\/a>\n    <\/div>\n    <div class=\"entry-details\">\n        <a href=\"https:\/\/www.welovecycling.com\/cs\/2023\/09\/17\/sepp-kuss-a-triumf-loajality-uspech-domestika-je-krachem-roglice\/\" class='entry-title-wrapper'>\n            <h3 class=\"entry-title\"><span>Sepp Kuss a triumf loajality! \u00dasp\u011bch domestika je krachem Rogli\u010de<\/span><\/h3>\n        <\/a>\n    <\/div>\n    <\/article>\n<\/div>\n<h2><strong>Pokus\u00edte se uzav\u0159\u00edt provoz pro tr\u00e9ninkov\u00e9 j\u00edzdy?<\/strong><\/h2>\n<p>Nikoliv. O omezen\u00e9 doprav\u011b stejn\u011b jako t\u0159eba v\u00a0p\u0159\u00edpad\u011b nadm\u011brn\u00e9ho n\u00e1kladu. Jen by konvoj nadm\u011brn\u00e9ho n\u00e1kladu nahradil bal\u00edk cyklist\u016f a ozna\u010dovat jej budou doprovodn\u00e9 vozy. Aktu\u00e1ln\u011b jedn\u00e1me s\u00a0p\u0159\u00edslu\u0161n\u00fdmi \u00fa\u0159ady, pilotn\u00ed akci chceme uskute\u010dnit je\u0161t\u011b v\u00a0leto\u0161n\u00edm roce.<\/p>\n<h2><strong>P\u016fjde o velkou z\u00e1t\u011b\u017e pro organiza\u010dn\u00ed t\u00fdm chystaj\u00edc\u00ed v\u0161e pot\u0159ebn\u00e9 pro bezprobl\u00e9mov\u00fd pr\u016fb\u011bh dvou z\u00e1vod\u016f <\/strong><strong>L\u2019Etape Czech Republic?<\/strong><\/h2>\n<p>U\u017e nyn\u00ed na\u0161e agenda vy\u017eaduje intenzivn\u00ed komunikaci s\u00a0policisty, m\u00edstn\u00edmi \u00fa\u0159ady, obcemi a dal\u0161\u00edmi institucemi, aby z\u00e1vod prob\u011bhl hladce. Ch\u00e1peme v\u0161ak, \u017ee konkr\u00e9tn\u00ed term\u00edn nemus\u00ed vyhovovat v\u0161em z\u00a0hlediska pracovn\u00edho nebo zdravotn\u00edho, proto bude mo\u017enost za\u017e\u00edt si L\u2019Etape Czech Republic i jinak ne\u017e jen v\u00a0z\u00e1vod\u011b. Ale jak u\u017e jsem \u0159ekl, na\u0161\u00edm c\u00edlem nen\u00ed jen dostat lidi na z\u00e1vod v\u00a0jeden konkr\u00e9tn\u00ed den. Jde n\u00e1m o program po cel\u00fd rok. Aby mohli cyklist\u00e9 absolvovat z\u00e1vod v\u00a0pohodov\u00e9m tempu klidn\u011b na hranici \u010dasov\u00e9ho limitu s\u00a0charakterem grupetta. P\u0159\u00edpadn\u011b se mohou zm\u00e1\u010dknout jen na vrcha\u0159sk\u00fdch pr\u00e9mi\u00edch nebo sprintersk\u00e9m \u00faseku. Ka\u017edop\u00e1dn\u011b je na\u0161\u00edm c\u00edlem, aby \u0161li do z\u00e1vodu s\u00a0c\u00edlem si jej u\u017e\u00edt, nikoliv jen p\u0159e\u017e\u00edt.<\/p>\n<p><a href=\"https:\/\/d2p6e6u75xmxt8.cloudfront.net\/13\/2023\/09\/letape-2023-100-photo-pg-3634-1080-.webp\"><img loading=\"lazy\" decoding=\"async\" class=\"alignnone size-full wp-image-23749\" src=\"https:\/\/d2p6e6u75xmxt8.cloudfront.net\/13\/2023\/09\/letape-2023-100-photo-pg-3634-1080-.webp\" alt=\"\" width=\"1080\" height=\"719\" srcset=\"https:\/\/d2p6e6u75xmxt8.cloudfront.net\/13\/2023\/09\/letape-2023-100-photo-pg-3634-1080-.webp 1080w, https:\/\/d2p6e6u75xmxt8.cloudfront.net\/13\/2023\/09\/letape-2023-100-photo-pg-3634-1080--300x200.webp 300w, https:\/\/d2p6e6u75xmxt8.cloudfront.net\/13\/2023\/09\/letape-2023-100-photo-pg-3634-1080--1024x682.webp 1024w, https:\/\/d2p6e6u75xmxt8.cloudfront.net\/13\/2023\/09\/letape-2023-100-photo-pg-3634-1080--768x511.webp 768w, https:\/\/d2p6e6u75xmxt8.cloudfront.net\/13\/2023\/09\/letape-2023-100-photo-pg-3634-1080--400x266.webp 400w, https:\/\/d2p6e6u75xmxt8.cloudfront.net\/13\/2023\/09\/letape-2023-100-photo-pg-3634-1080--272x182.webp 272w\" sizes=\"auto, (max-width: 1080px) 100vw, 1080px\" \/><\/a><\/p>\n<h2><strong>Kolik takto organizovan\u00fdch social ride na fanou\u0161ky <\/strong><strong>L\u2019Etape Czech Republic \u010dek\u00e1?<\/strong><\/h2>\n<p>C\u00edlem je jedna v\u00a0ka\u017ed\u00e9m z\u00a0region\u016f. Ale jde o synchronizaci s\u00a0partnery a tak\u00e9 \u010dasov\u00e9 mo\u017enosti. Proto nechci slibovat, \u017ee hned od roku 2024 pojedeme v\u00a0ka\u017ed\u00e9m kraji \u010cesk\u00e9 republiky.<\/p>\n<h2><strong>T\u011b\u0161\u00ed se velk\u00e9 popularit\u011b i v\u00edcedenn\u00ed tr\u00e9ninkov\u00e9 kempy v\u00a0zahrani\u010d\u00ed, a\u0165 u\u017e se jedn\u00e1 o jarn\u00ed Mallorku nebo letn\u00ed Francii?<\/strong><\/h2>\n<p>Ano. Jsou p\u0159itom otev\u0159en\u00e1 pro kohokoliv, nemus\u00ed j\u00edt prim\u00e1rn\u011b o \u00fa\u010dastn\u00edky L\u2019Etape Czech Republic. Jarn\u00ed soust\u0159ed\u011bn\u00ed na Mallorce z\u00edsk\u00e1v\u00e1 na popularit\u011b. Pravideln\u011b s\u00a0n\u00e1mi n\u011bkter\u00fd z\u00a0tr\u00e9nink\u016f absolvuje n\u00e1\u0161 ambasador Zden\u011bk \u0160tybar, ve v\u00fdprav\u011b jsou v\u017edy lid\u00e9 s\u00a0tr\u00e9ninkov\u00fdmi zku\u0161enostmi z\u00a0profesion\u00e1ln\u00edho prost\u0159ed\u00ed. Na m\u00edst\u011b pak z\u00fa\u010dastn\u011bn\u00e9 rozd\u011blujeme podle v\u00fdkonnosti do skupin a hlavn\u011b, jezd\u00edme tot\u00e1ln\u011b na pohodu. Jedin\u00fdm c\u00edlem je najet objem v\u00a0n\u00edzk\u00e9 intenzit\u011b a naladit se na sezonu. V\u011bt\u0161inou za dev\u011bt dn\u00ed najedeme osm set a\u017e tis\u00edc kilometr\u016f p\u0159i pr\u016fm\u011bru kolem t\u0159iadvaceti a\u017e sedmadvaceti kilometr\u016f. Od sezony 2024 p\u0159id\u00e1me i jedno horsk\u00e9 soust\u0159ed\u011bn\u00ed, kter\u00e9 prob\u011bhne v\u00a0kv\u011btnu v\u00a0Rakousku s\u00a0c\u00edlem vyladit formu sm\u011brem k\u00a0prvn\u00ed L\u2019Etape Czech Republic.<\/p>\n<div class=\"shortcode-ys-post-pinup\"><article class=\"loop-simple post-22619 post type-post status-publish format-standard has-post-thumbnail hentry category-letape-czech-republic tag-cyklistika tag-jakub-otruba tag-jan-svorada tag-letape-czech-republic-by-tour-de-france-2023 tag-martina-sablikova tag-silnicni-cyklistika tag-tomas-babek tag-zdenek-stybar global-categories-cycling\" data-postid=\"22619\" role=\"article\" data-post-id=\"22619\" data-word-count=\"648\" data-headline-length=\"69\" data-category=\"L&#039;Etape Czech Republic\" data-global-category=\"Cycling\" data-author=\"We Love Cycling\" data-published=\"2023-06-11T10:11:20+02:00\" data-published-day=\"Sunday\">\n    <div class=\"entry-thumbnail article-thumbnail\" content=\"https:\/\/d2p6e6u75xmxt8.cloudfront.net\/13\/2023\/06\/image1-150x150.webp\"><a href=\"https:\/\/www.welovecycling.com\/cs\/2023\/06\/11\/letape-2023-cernozlute-silenstvi-ve-jmenu-stare-damy\/\" class=\"image-holder\" target=\"_self\"><img decoding=\"async\" loading=\"lazy\" class=\"\" src=\"https:\/\/d2p6e6u75xmxt8.cloudfront.net\/13\/2023\/06\/image1-1024x683.webp\" srcset=\"https:\/\/d2p6e6u75xmxt8.cloudfront.net\/13\/2023\/06\/image1-scaled.webp 2560w, https:\/\/d2p6e6u75xmxt8.cloudfront.net\/13\/2023\/06\/image1-300x200.webp 300w, https:\/\/d2p6e6u75xmxt8.cloudfront.net\/13\/2023\/06\/image1-1024x683.webp 1024w, https:\/\/d2p6e6u75xmxt8.cloudfront.net\/13\/2023\/06\/image1-768x512.webp 768w, https:\/\/d2p6e6u75xmxt8.cloudfront.net\/13\/2023\/06\/image1-1536x1024.webp 1536w, https:\/\/d2p6e6u75xmxt8.cloudfront.net\/13\/2023\/06\/image1-2048x1365.webp 2048w, https:\/\/d2p6e6u75xmxt8.cloudfront.net\/13\/2023\/06\/image1-1920x1280.webp 1920w, https:\/\/d2p6e6u75xmxt8.cloudfront.net\/13\/2023\/06\/image1-400x267.webp 400w, https:\/\/d2p6e6u75xmxt8.cloudfront.net\/13\/2023\/06\/image1-272x182.webp 272w, https:\/\/d2p6e6u75xmxt8.cloudfront.net\/13\/2023\/06\/image1-1920x1280.webp 1920w\" width=\"1024\" height=\"683\" sizes=\"auto, (min-width: 1200px) 300px, (min-width: 768px) 25vw, 100vw\" alt=\"letape-2023-cernozlute-silenstvi-ve-jmenu-stare-damy\"\/><\/a><\/div>    <div class=\"entry-meta\">\n        <a class=\"label label-secondary post-category\" href=\"https:\/\/www.welovecycling.com\/cs\/category\/letape-czech-republic\/\" title=\"L'Etape Czech Republic\">L'Etape Czech Republic<\/a>\n    <\/div>\n    <div class=\"entry-details\">\n        <a href=\"https:\/\/www.welovecycling.com\/cs\/2023\/06\/11\/letape-2023-cernozlute-silenstvi-ve-jmenu-stare-damy\/\" class='entry-title-wrapper'>\n            <h3 class=\"entry-title\"><span>L&#8217;Etape 2023: \u010derno\u017elut\u00e9 \u0161\u00edlenstv\u00ed ve jm\u00e9nu Star\u00e9 d\u00e1my<\/span><\/h3>\n        <\/a>\n    <\/div>\n    <\/article>\n<\/div>\n<h2><strong>Soust\u0159ed\u011bn\u00ed ve Francii spojen\u00e9 s\u00a0\u00fa\u010dast\u00ed na L\u2019Etape du Tour ale p\u0159eci \u00fapln\u011b pro ka\u017ed\u00e9ho nen\u00ed?<\/strong><\/h2>\n<p>Je pro v\u0161echny, kte\u0159\u00ed miluj\u00ed cyklistiku. Pro spoustu amat\u00e9rsk\u00fdch cyklist\u016f je vrcholem pr\u00e1v\u011b z\u00e1jezd na francouzskou L\u2019Etape, kter\u00e1 je sv\u00fdm profilem o n\u011bkolik \u0159\u00e1d\u016f n\u00e1ro\u010dn\u011bj\u0161\u00ed ne\u017e n\u00e1\u0161 z\u00e1vod. Porce nastoupan\u00fdch metr\u016f je enormn\u00ed. Na druhou stranu tuto cyklistickou dovolenou s\u00a0n\u00e1mi absolvovali i z\u00e1vodn\u00edci z\u00a0druh\u00e9 poloviny v\u00fdsledkov\u00e9ho listiny L\u2019Etape Czech Republic. Z\u00e1m\u011brn\u011b \u0159\u00edk\u00e1m dovolenou. Po absolvov\u00e1n\u00ed z\u00e1vodu L\u2019Etape du Tour de France v\u00a0lokalit\u011b z\u016fst\u00e1v\u00e1me dal\u0161\u00ed t\u00fdden, proto\u017ee velk\u00e1 Tour m\u00e1 v\u011bt\u0161inou v\u00a0dan\u00e9m m\u00edst\u011b napl\u00e1novan\u00e9 dv\u011b nebo t\u0159i horsk\u00e9 etapy, jejich\u017e \u010d\u00e1sti proj\u00ed\u017ed\u00edme. Nebo se jedn\u00e1 o ikonick\u00e1 m\u00edsta, na kterou se Tour periodicky vrac\u00ed. Letos jsme se t\u0159eba pod\u00edvali na Col des Aravis nebo t\u0159icetikilometrov\u00e9 stoup\u00e1n\u00ed z\u00a0Moutiers do Val Thorens. Vrcholn\u00fdm z\u00e1\u017eitkem je pak sledov\u00e1n\u00ed jedn\u00e9 z\u00a0etap p\u0159\u00edmo u trati. Jsem p\u0159esv\u011bd\u010den\u00fd, \u017ee z\u00a0pozice amat\u00e9rsk\u00e9ho cyklisty nelze za\u017e\u00edt Tour de France t\u011bsn\u011bji. Nav\u00edc jde o skv\u011bl\u00fd v\u00fd\u0161kov\u00fd tr\u00e9nink, kter\u00fd se p\u0159\u00ed\u0161t\u00ed rok p\u0159ed na\u0161\u00ed horskou etapou bude ur\u010dit\u011b hodit.<\/p>\n<h2><strong>Je pro v\u00e1s hodn\u011b z\u00e1sadn\u00ed m\u00edt na startu <\/strong><strong>L\u2019Etape Czech Republic<\/strong><strong> velkou cyklistikou hv\u011bzdu, kter\u00e1 z\u00e1\u017eitek spojen\u00fd s\u00a0Tour de France umocn\u00ed na \u010desk\u00fdch silnic\u00edch?<\/strong><\/h2>\n<p>Ano. Velk\u00e1 osobnost p\u0159it\u00e1hne pozornost. Ve Slovinsku je ambasadorem Mat\u011bj Mohori\u010d. \u0160ampion Monumentu Mil\u00e1n-San Remo, v\u00edt\u011bze etap na Tour de France, Giro di Italia i \u0161pan\u011blsk\u00e9 Vuelt\u011b. Ryz\u00ed amat\u00e9\u0159i potk\u00e1vaj\u00ed tuhle osmadvacetiletou hv\u011bzdu sv\u011btov\u00e9ho pelotonu v\u00a0jej\u00edm p\u0159irozen\u00e9m prost\u0159ed\u00ed. Mohou s\u00a0n\u00edm prohodit p\u00e1r slov, svezou se za n\u00edm v\u00a0h\u00e1ku&#8230; To v\u0161e v\u00a0re\u00e1ln\u00e9m z\u00e1vod\u011b, nikoliv n\u011bkde v\u00a0parku nebo p\u0159i tr\u00e9ninku. Jin\u00fd sport podobnou variantu nenab\u00edz\u00ed. Proto tady byl Andy Schleck, Zden\u011bk \u0160tybar. A proto p\u0159\u00ed\u0161t\u00ed rok doraz\u00ed dal\u0161\u00ed hv\u011bzda&#8230;<\/p>\n<p><a href=\"https:\/\/d2p6e6u75xmxt8.cloudfront.net\/13\/2023\/09\/LEtape-2023_073-scaled.webp\"><img loading=\"lazy\" decoding=\"async\" class=\"alignnone size-extra-large wp-image-23743\" src=\"https:\/\/d2p6e6u75xmxt8.cloudfront.net\/13\/2023\/09\/LEtape-2023_073-1920x1280.webp\" alt=\"\" width=\"1920\" height=\"1280\" srcset=\"https:\/\/d2p6e6u75xmxt8.cloudfront.net\/13\/2023\/09\/LEtape-2023_073-1920x1280.webp 1920w, https:\/\/d2p6e6u75xmxt8.cloudfront.net\/13\/2023\/09\/LEtape-2023_073-300x200.webp 300w, https:\/\/d2p6e6u75xmxt8.cloudfront.net\/13\/2023\/09\/LEtape-2023_073-1024x683.webp 1024w, https:\/\/d2p6e6u75xmxt8.cloudfront.net\/13\/2023\/09\/LEtape-2023_073-768x512.webp 768w, https:\/\/d2p6e6u75xmxt8.cloudfront.net\/13\/2023\/09\/LEtape-2023_073-1536x1024.webp 1536w, https:\/\/d2p6e6u75xmxt8.cloudfront.net\/13\/2023\/09\/LEtape-2023_073-2048x1365.webp 2048w, https:\/\/d2p6e6u75xmxt8.cloudfront.net\/13\/2023\/09\/LEtape-2023_073-400x267.webp 400w, https:\/\/d2p6e6u75xmxt8.cloudfront.net\/13\/2023\/09\/LEtape-2023_073-272x182.webp 272w, https:\/\/d2p6e6u75xmxt8.cloudfront.net\/13\/2023\/09\/LEtape-2023_073-1920x1280.webp 1920w\" sizes=\"auto, (max-width: 1920px) 100vw, 1920px\" \/><\/a><\/p>\n<h2><strong>Pravideln\u011b p\u0159ed podzimn\u00edm odhalen\u00edm trasy kontroluje jej\u00ed zp\u016fsobilost z\u00e1stupce A.S.O., spole\u010dnosti po\u0159\u00e1daj\u00edc\u00ed samotnou Tour de France. Jde o cejch kvality, kter\u00fd posouv\u00e1 <\/strong><strong>L\u2019Etape Czech Republic do jin\u00e9 dimenze?<\/strong><\/h2>\n<p>Okam\u017eikem poskytnut\u00ed licence n\u00e1m A.S.O. d\u00e1v\u00e1 d\u016fv\u011bru a o\u010dek\u00e1v\u00e1 v\u00fdsledek odpov\u00eddaj\u00edc\u00ed brandu Tour de France. Nic n\u00e1m nezakazuj\u00ed, jen se mus\u00edme \u0159\u00eddit protokolem organizace, kter\u00fd n\u00e1m v\u0161ak d\u00e1v\u00e1 velk\u00fd tv\u016fr\u010d\u00ed prostor. Ale pak ve fin\u00e1le je jejich hodnocen\u00ed vlastn\u011b velmi stroh\u00e9: je to dobr\u00e9, je to \u0161patn\u00e9. Samoz\u0159ejm\u011b dost\u00e1v\u00e1me i zp\u011btnou vazbu. Je pro n\u00e1s skv\u011blou vizitkou, \u017ee se dr\u017e\u00edme prvn\u00ed varianty hodnocen\u00ed a n\u011bkter\u00e9 z\u00a0n\u00e1mi uskute\u010dn\u011bn\u00fdch novinek p\u0159eb\u00edraj\u00ed ostatn\u00ed z\u00e1vody po cel\u00e9m sv\u011bt\u011b.<\/p>\n<div class=\"shortcode-ys-post-pinup\"><article class=\"loop-simple post-23683 post type-post status-publish format-standard has-post-thumbnail hentry category-rady-tipy tag-camapgnolo tag-center-lock tag-cyklistika tag-gravel tag-hookless-technologie tag-jak-vybrat-zapletena-kola tag-karbonova-zapletena-kola tag-shimano-road tag-silnicni-cyklistika tag-sram-xdr tag-trenink tag-zapletena-kola global-categories-cycling\" data-postid=\"23683\" role=\"article\" data-post-id=\"23683\" data-word-count=\"575\" data-headline-length=\"70\" data-category=\"Rady &amp; tipy\" data-global-category=\"Cycling\" data-author=\"Kry\u0161tof Kopic\" data-published=\"2023-09-25T06:00:50+02:00\" data-published-day=\"Monday\">\n    <div class=\"entry-thumbnail article-thumbnail\" content=\"https:\/\/d2p6e6u75xmxt8.cloudfront.net\/13\/2023\/09\/zapletena-kola-5-150x150.webp\"><a href=\"https:\/\/www.welovecycling.com\/cs\/2023\/09\/25\/jak-vybrat-zapletena-kola-proc-delat-klicovy-upgrade-na-podzim\/\" class=\"image-holder\" target=\"_self\"><img decoding=\"async\" loading=\"lazy\" class=\"\" src=\"https:\/\/d2p6e6u75xmxt8.cloudfront.net\/13\/2023\/09\/zapletena-kola-5-1024x682.webp\" srcset=\"https:\/\/d2p6e6u75xmxt8.cloudfront.net\/13\/2023\/09\/zapletena-kola-5.webp 2000w, https:\/\/d2p6e6u75xmxt8.cloudfront.net\/13\/2023\/09\/zapletena-kola-5-300x200.webp 300w, https:\/\/d2p6e6u75xmxt8.cloudfront.net\/13\/2023\/09\/zapletena-kola-5-1024x682.webp 1024w, https:\/\/d2p6e6u75xmxt8.cloudfront.net\/13\/2023\/09\/zapletena-kola-5-768x512.webp 768w, https:\/\/d2p6e6u75xmxt8.cloudfront.net\/13\/2023\/09\/zapletena-kola-5-1536x1024.webp 1536w, https:\/\/d2p6e6u75xmxt8.cloudfront.net\/13\/2023\/09\/zapletena-kola-5-1920x1280.webp 1920w, https:\/\/d2p6e6u75xmxt8.cloudfront.net\/13\/2023\/09\/zapletena-kola-5-400x267.webp 400w, https:\/\/d2p6e6u75xmxt8.cloudfront.net\/13\/2023\/09\/zapletena-kola-5-272x182.webp 272w, https:\/\/d2p6e6u75xmxt8.cloudfront.net\/13\/2023\/09\/zapletena-kola-5-1920x1280.webp 1920w\" width=\"1024\" height=\"682\" sizes=\"auto, (min-width: 1200px) 300px, (min-width: 768px) 25vw, 100vw\" alt=\"jak-vybrat-zapletena-kola-proc-delat-klicovy-upgrade-na-podzim\"\/><\/a><\/div>    <div class=\"entry-meta\">\n        <a class=\"label label-secondary post-category\" href=\"https:\/\/www.welovecycling.com\/cs\/category\/rady-tipy\/\" title=\"Rady &amp; tipy\">Rady &amp; tipy<\/a>\n    <\/div>\n    <div class=\"entry-details\">\n        <a href=\"https:\/\/www.welovecycling.com\/cs\/2023\/09\/25\/jak-vybrat-zapletena-kola-proc-delat-klicovy-upgrade-na-podzim\/\" class='entry-title-wrapper'>\n            <h3 class=\"entry-title\"><span>Jak vybrat zapleten\u00e1 kola? Pro\u010d d\u011blat kl\u00ed\u010dov\u00fd upgrade na podzim?<\/span><\/h3>\n        <\/a>\n    <\/div>\n    <\/article>\n<\/div>\n<h2><strong>Pl\u00e1nujete i pro leto\u0161n\u00ed rok odhalen\u00ed trasy po vzoru skute\u010dn\u00e9 Tour de France za p\u0159\u00edtomnosti ve\u0159ejnosti, cyklist\u016f, m\u00e9di\u00ed i televizn\u00edch kamer?<\/strong><\/h2>\n<p>Ano. I tohle je bod, kter\u00fd odpov\u00edd\u00e1 na\u0161\u00ed motivaci dop\u0159\u00e1t \u00fa\u010dastn\u00edk\u016fm dotek Tour de France. Kdy\u017e si p\u0159ihl\u00e1\u0161en\u00ed \u00fa\u010dastn\u00edci v\u00a0m\u00e9di\u00edch \u010dtou, kudy z\u00e1vod s\u00a0hv\u011bzdn\u00fdm jm\u00e9nem pojede, \u010dtou vlastn\u011b o sob\u011b. To oni jsou hv\u011bzdy, kv\u016fli nim\u017e se tenhle spekt\u00e1kl odehr\u00e1v\u00e1. Mohli bychom zvolit jednoduchou cestu a prost\u011b pov\u011bsit na webov\u00e9 str\u00e1nky mapu. Ale jde o jm\u00e9no z\u00e1vodu, kter\u00e9 vn\u00edm\u00e1m jako zavazuj\u00edc\u00ed. Zaj\u00edm\u00e1 i necyklistickou ve\u0159ejnost.<\/p>\n<h2><strong>Da\u0159\u00ed se v\u00e1m roz\u0161i\u0159ovat pov\u011bdom\u00ed o <\/strong><strong>L\u2019Etape Czech Republic v\u00a0zahrani\u010d\u00ed a zvy\u0161ovat z\u00e1jem zahrani\u010dn\u00edch cyklist\u016f?<\/strong><\/h2>\n<p>Postupn\u011b se to da\u0159\u00ed. Absolvovali jsme teprve t\u0159i ro\u010dn\u00edky, z\u00a0toho dva v\u00a0obdob\u00ed poznamenan\u00e9m pandemi\u00ed covidu. Minul\u00fd rok jsme uspo\u0159\u00e1dali akci pro zahrani\u010dn\u00ed cyklistick\u00e9 novin\u00e1\u0159e, kter\u00fdm jsme uk\u00e1zali v\u00a0sedle \u010cesk\u00fd kras, K\u0159ivokl\u00e1tsko a n\u011bkolik dal\u0161\u00edch zaj\u00edmav\u00fdch lokalit. Dorazili z\u00e1stupci m\u00e9di\u00ed z\u00a0D\u00e1nska, \u0160pan\u011blska, It\u00e1lie, Polska a Velk\u00e9 Brit\u00e1nie. A prost\u0159ednictv\u00edm zna\u010dky L\u2019Etape Czech Republic jsme vyslali vzkaz, \u017ee \u010cesko je zaj\u00edmav\u00e9 pro milovn\u00edky silni\u010dn\u00ed cyklistiky a jako zem\u011b m\u00e1me cyklist\u016fm rozhodn\u011b co nab\u00eddnout. I s\u00a0t\u011bmito akcemi budeme d\u00e1le pokra\u010dovat.<\/p>\n<p><em>Foto: Jan Kr\u010dm\u00e1\u0159, Jakub Kopeck\u00fd, Vlastimil Vacek<\/em><\/p>\n","protected":false},"excerpt":{"rendered":"<p>Nejv\u011bt\u0161\u00ed, nejslavn\u011bj\u0161\u00ed, nejpresti\u017en\u011bj\u0161\u00ed. Tour de France se za m\u011bs\u00edc do\u010dk\u00e1 ofici\u00e1ln\u00edho odhalen\u00ed trasy 111. ro\u010dn\u00edku. O m\u011bs\u00edc pozd\u011bji tuzem\u0161t\u00ed fanou\u0161ci [&hellip;]<\/p>\n","protected":false},"author":138,"featured_media":23750,"comment_status":"open","ping_status":"open","sticky":false,"template":"","format":"standard","meta":{"footnotes":""},"categories":[1564],"tags":[126,1287,9,3229,23,27,67],"global-categories":[411],"class_list":["post-23742","post","type-post","status-publish","format-standard","has-post-thumbnail","hentry","category-letape-czech-republic","tag-cyklistika","tag-letape-czech-republic","tag-silnicni-cyklistika","tag-social-ride","tag-tour-de-france","tag-trenink","tag-zdravi-a-trenink","global-categories-cycling"],"yoast_head":"<!-- This site is optimized with the Yoast SEO Premium plugin v25.3 (Yoast SEO v25.9) - https:\/\/yoast.com\/wordpress\/plugins\/seo\/ -->\n<title>Jde o v\u00edc ne\u017e jen dva z\u00e1vodn\u00ed dny, \u0159\u00edk\u00e1 vedouc\u00ed projektu L\u2019Etape Czech Republic | \u0160koda We Love Cycling - \u010cesk\u00e1 republika<\/title>\n<meta name=\"description\" content=\"Dva z\u00e1vody se v p\u0159\u00ed\u0161t\u00edm roce uskute\u010dn\u00ed pod hlavi\u010dkou L\u2019Etape Czech Republic. V jin\u00e9m form\u00e1tu se rovn\u011b\u017e uskute\u010dn\u00ed i social ride.\" \/>\n<meta name=\"robots\" content=\"index, follow, max-snippet:-1, max-image-preview:large, max-video-preview:-1\" \/>\n<link rel=\"canonical\" href=\"https:\/\/www.welovecycling.com\/cs\/2023\/09\/27\/jde-o-vic-nez-jen-dva-zavodni-dny-rika-vedouci-projektu-letape-czech-republic\/\" \/>\n<meta property=\"og:locale\" content=\"cs_CZ\" \/>\n<meta property=\"og:type\" content=\"article\" \/>\n<meta property=\"og:title\" content=\"Jde o v\u00edc ne\u017e jen dva z\u00e1vodn\u00ed dny, \u0159\u00edk\u00e1 vedouc\u00ed projektu L\u2019Etape Czech Republic\" \/>\n<meta property=\"og:description\" content=\"Dva z\u00e1vody se v p\u0159\u00ed\u0161t\u00edm roce uskute\u010dn\u00ed pod hlavi\u010dkou L\u2019Etape Czech Republic. V jin\u00e9m form\u00e1tu se rovn\u011b\u017e uskute\u010dn\u00ed i social ride.\" \/>\n<meta property=\"og:url\" content=\"https:\/\/www.welovecycling.com\/cs\/2023\/09\/27\/jde-o-vic-nez-jen-dva-zavodni-dny-rika-vedouci-projektu-letape-czech-republic\/\" \/>\n<meta property=\"og:site_name\" content=\"\u0160koda We Love Cycling - \u010cesk\u00e1 republika\" \/>\n<meta property=\"article:published_time\" content=\"2023-09-27T11:28:22+00:00\" \/>\n<meta property=\"article:modified_time\" content=\"2023-09-27T18:39:51+00:00\" \/>\n<meta property=\"og:image\" content=\"https:\/\/d2p6e6u75xmxt8.cloudfront.net\/13\/2023\/09\/letape-olomouc-photo-pg-3635-1080-.webp\" \/>\n\t<meta property=\"og:image:width\" content=\"1080\" \/>\n\t<meta property=\"og:image:height\" content=\"720\" \/>\n\t<meta property=\"og:image:type\" content=\"image\/webp\" \/>\n<meta name=\"author\" content=\"radekmalina\" \/>\n<meta name=\"twitter:card\" content=\"summary_large_image\" \/>\n<meta name=\"twitter:label1\" content=\"Written by\" \/>\n\t<meta name=\"twitter:data1\" content=\"Kry\u0161tof Kopic\" \/>\n\t<meta name=\"twitter:label2\" content=\"Est. reading time\" \/>\n\t<meta name=\"twitter:data2\" content=\"7\" \/>\n<script type=\"application\/ld+json\" class=\"yoast-schema-graph\">{\"@context\":\"https:\/\/schema.org\",\"@graph\":[{\"@type\":\"WebPage\",\"@id\":\"https:\/\/www.welovecycling.com\/cs\/2023\/09\/27\/jde-o-vic-nez-jen-dva-zavodni-dny-rika-vedouci-projektu-letape-czech-republic\/\",\"url\":\"https:\/\/www.welovecycling.com\/cs\/2023\/09\/27\/jde-o-vic-nez-jen-dva-zavodni-dny-rika-vedouci-projektu-letape-czech-republic\/\",\"name\":\"Jde o v\u00edc ne\u017e jen dva z\u00e1vodn\u00ed dny, \u0159\u00edk\u00e1 vedouc\u00ed projektu L\u2019Etape Czech Republic | \u0160koda We Love Cycling - \u010cesk\u00e1 republika\",\"isPartOf\":{\"@id\":\"https:\/\/www.welovecycling.com\/cs\/#website\"},\"primaryImageOfPage\":{\"@id\":\"https:\/\/www.welovecycling.com\/cs\/2023\/09\/27\/jde-o-vic-nez-jen-dva-zavodni-dny-rika-vedouci-projektu-letape-czech-republic\/#primaryimage\"},\"image\":{\"@id\":\"https:\/\/www.welovecycling.com\/cs\/2023\/09\/27\/jde-o-vic-nez-jen-dva-zavodni-dny-rika-vedouci-projektu-letape-czech-republic\/#primaryimage\"},\"thumbnailUrl\":\"https:\/\/d2p6e6u75xmxt8.cloudfront.net\/13\/2023\/09\/letape-olomouc-photo-pg-3635-1080-.webp\",\"datePublished\":\"2023-09-27T11:28:22+00:00\",\"dateModified\":\"2023-09-27T18:39:51+00:00\",\"author\":{\"@id\":\"https:\/\/www.welovecycling.com\/cs\/#\/schema\/person\/d9eeb0a378f3a7e4a6d12d2b536b04b8\"},\"description\":\"Dva z\u00e1vody se v p\u0159\u00ed\u0161t\u00edm roce uskute\u010dn\u00ed pod hlavi\u010dkou L\u2019Etape Czech Republic. V jin\u00e9m form\u00e1tu se rovn\u011b\u017e uskute\u010dn\u00ed i social ride.\",\"inLanguage\":\"cs\",\"potentialAction\":[{\"@type\":\"ReadAction\",\"target\":[\"https:\/\/www.welovecycling.com\/cs\/2023\/09\/27\/jde-o-vic-nez-jen-dva-zavodni-dny-rika-vedouci-projektu-letape-czech-republic\/\"]}]},{\"@type\":\"ImageObject\",\"inLanguage\":\"cs\",\"@id\":\"https:\/\/www.welovecycling.com\/cs\/2023\/09\/27\/jde-o-vic-nez-jen-dva-zavodni-dny-rika-vedouci-projektu-letape-czech-republic\/#primaryimage\",\"url\":\"https:\/\/d2p6e6u75xmxt8.cloudfront.net\/13\/2023\/09\/letape-olomouc-photo-pg-3635-1080-.webp\",\"contentUrl\":\"https:\/\/d2p6e6u75xmxt8.cloudfront.net\/13\/2023\/09\/letape-olomouc-photo-pg-3635-1080-.webp\",\"width\":1080,\"height\":720},{\"@type\":\"WebSite\",\"@id\":\"https:\/\/www.welovecycling.com\/cs\/#website\",\"url\":\"https:\/\/www.welovecycling.com\/cs\/\",\"name\":\"\u0160koda We Love Cycling - \u010cesk\u00e1 republika\",\"description\":\"WeLoveCycling.cz je online magaz\u00edn, kter\u00fd v\u00e1m pravideln\u011b p\u0159in\u00e1\u0161\u00ed rady a tipy, zaj\u00edmav\u00e9 \u010dl\u00e1nky, videa a jedine\u010dn\u00e9 report\u00e1\u017ee ze sv\u011bta cyklistiky.\",\"potentialAction\":[{\"@type\":\"SearchAction\",\"target\":{\"@type\":\"EntryPoint\",\"urlTemplate\":\"https:\/\/www.welovecycling.com\/cs\/?s={search_term_string}\"},\"query-input\":{\"@type\":\"PropertyValueSpecification\",\"valueRequired\":true,\"valueName\":\"search_term_string\"}}],\"inLanguage\":\"cs\"},{\"@type\":\"Person\",\"@id\":\"https:\/\/www.welovecycling.com\/cs\/#\/schema\/person\/d9eeb0a378f3a7e4a6d12d2b536b04b8\",\"name\":\"radekmalina\",\"image\":{\"@type\":\"ImageObject\",\"inLanguage\":\"cs\",\"@id\":\"https:\/\/www.welovecycling.com\/cs\/#\/schema\/person\/image\/\",\"url\":\"https:\/\/secure.gravatar.com\/avatar\/66994b632cb8c39a46b9f54afa3ae07201b678d32a54275b6f1c9ffec356bfc0?s=96&d=mm&r=g\",\"contentUrl\":\"https:\/\/secure.gravatar.com\/avatar\/66994b632cb8c39a46b9f54afa3ae07201b678d32a54275b6f1c9ffec356bfc0?s=96&d=mm&r=g\",\"caption\":\"radekmalina\"},\"url\":\"https:\/\/www.welovecycling.com\/cs\/author\/radekmalina\/\"}]}<\/script>\n<!-- \/ Yoast SEO Premium plugin. -->","yoast_head_json":{"title":"Jde o v\u00edc ne\u017e jen dva z\u00e1vodn\u00ed dny, \u0159\u00edk\u00e1 vedouc\u00ed projektu L\u2019Etape Czech Republic | \u0160koda We Love Cycling - \u010cesk\u00e1 republika","description":"Dva z\u00e1vody se v p\u0159\u00ed\u0161t\u00edm roce uskute\u010dn\u00ed pod hlavi\u010dkou L\u2019Etape Czech Republic. V jin\u00e9m form\u00e1tu se rovn\u011b\u017e uskute\u010dn\u00ed i social ride.","robots":{"index":"index","follow":"follow","max-snippet":"max-snippet:-1","max-image-preview":"max-image-preview:large","max-video-preview":"max-video-preview:-1"},"canonical":"https:\/\/www.welovecycling.com\/cs\/2023\/09\/27\/jde-o-vic-nez-jen-dva-zavodni-dny-rika-vedouci-projektu-letape-czech-republic\/","og_locale":"cs_CZ","og_type":"article","og_title":"Jde o v\u00edc ne\u017e jen dva z\u00e1vodn\u00ed dny, \u0159\u00edk\u00e1 vedouc\u00ed projektu L\u2019Etape Czech Republic","og_description":"Dva z\u00e1vody se v p\u0159\u00ed\u0161t\u00edm roce uskute\u010dn\u00ed pod hlavi\u010dkou L\u2019Etape Czech Republic. V jin\u00e9m form\u00e1tu se rovn\u011b\u017e uskute\u010dn\u00ed i social ride.","og_url":"https:\/\/www.welovecycling.com\/cs\/2023\/09\/27\/jde-o-vic-nez-jen-dva-zavodni-dny-rika-vedouci-projektu-letape-czech-republic\/","og_site_name":"\u0160koda We Love Cycling - \u010cesk\u00e1 republika","article_published_time":"2023-09-27T11:28:22+00:00","article_modified_time":"2023-09-27T18:39:51+00:00","og_image":[{"width":1080,"height":720,"url":"https:\/\/d2p6e6u75xmxt8.cloudfront.net\/13\/2023\/09\/letape-olomouc-photo-pg-3635-1080-.webp","type":"image\/webp"}],"author":"radekmalina","twitter_card":"summary_large_image","twitter_misc":{"Written by":"Kry\u0161tof Kopic","Est. reading time":"7"},"schema":{"@context":"https:\/\/schema.org","@graph":[{"@type":"WebPage","@id":"https:\/\/www.welovecycling.com\/cs\/2023\/09\/27\/jde-o-vic-nez-jen-dva-zavodni-dny-rika-vedouci-projektu-letape-czech-republic\/","url":"https:\/\/www.welovecycling.com\/cs\/2023\/09\/27\/jde-o-vic-nez-jen-dva-zavodni-dny-rika-vedouci-projektu-letape-czech-republic\/","name":"Jde o v\u00edc ne\u017e jen dva z\u00e1vodn\u00ed dny, \u0159\u00edk\u00e1 vedouc\u00ed projektu L\u2019Etape Czech Republic | \u0160koda We Love Cycling - \u010cesk\u00e1 republika","isPartOf":{"@id":"https:\/\/www.welovecycling.com\/cs\/#website"},"primaryImageOfPage":{"@id":"https:\/\/www.welovecycling.com\/cs\/2023\/09\/27\/jde-o-vic-nez-jen-dva-zavodni-dny-rika-vedouci-projektu-letape-czech-republic\/#primaryimage"},"image":{"@id":"https:\/\/www.welovecycling.com\/cs\/2023\/09\/27\/jde-o-vic-nez-jen-dva-zavodni-dny-rika-vedouci-projektu-letape-czech-republic\/#primaryimage"},"thumbnailUrl":"https:\/\/d2p6e6u75xmxt8.cloudfront.net\/13\/2023\/09\/letape-olomouc-photo-pg-3635-1080-.webp","datePublished":"2023-09-27T11:28:22+00:00","dateModified":"2023-09-27T18:39:51+00:00","author":{"@id":"https:\/\/www.welovecycling.com\/cs\/#\/schema\/person\/d9eeb0a378f3a7e4a6d12d2b536b04b8"},"description":"Dva z\u00e1vody se v p\u0159\u00ed\u0161t\u00edm roce uskute\u010dn\u00ed pod hlavi\u010dkou L\u2019Etape Czech Republic. V jin\u00e9m form\u00e1tu se rovn\u011b\u017e uskute\u010dn\u00ed i social ride.","inLanguage":"cs","potentialAction":[{"@type":"ReadAction","target":["https:\/\/www.welovecycling.com\/cs\/2023\/09\/27\/jde-o-vic-nez-jen-dva-zavodni-dny-rika-vedouci-projektu-letape-czech-republic\/"]}]},{"@type":"ImageObject","inLanguage":"cs","@id":"https:\/\/www.welovecycling.com\/cs\/2023\/09\/27\/jde-o-vic-nez-jen-dva-zavodni-dny-rika-vedouci-projektu-letape-czech-republic\/#primaryimage","url":"https:\/\/d2p6e6u75xmxt8.cloudfront.net\/13\/2023\/09\/letape-olomouc-photo-pg-3635-1080-.webp","contentUrl":"https:\/\/d2p6e6u75xmxt8.cloudfront.net\/13\/2023\/09\/letape-olomouc-photo-pg-3635-1080-.webp","width":1080,"height":720},{"@type":"WebSite","@id":"https:\/\/www.welovecycling.com\/cs\/#website","url":"https:\/\/www.welovecycling.com\/cs\/","name":"\u0160koda We Love Cycling - \u010cesk\u00e1 republika","description":"WeLoveCycling.cz je online magaz\u00edn, kter\u00fd v\u00e1m pravideln\u011b p\u0159in\u00e1\u0161\u00ed rady a tipy, zaj\u00edmav\u00e9 \u010dl\u00e1nky, videa a jedine\u010dn\u00e9 report\u00e1\u017ee ze sv\u011bta cyklistiky.","potentialAction":[{"@type":"SearchAction","target":{"@type":"EntryPoint","urlTemplate":"https:\/\/www.welovecycling.com\/cs\/?s={search_term_string}"},"query-input":{"@type":"PropertyValueSpecification","valueRequired":true,"valueName":"search_term_string"}}],"inLanguage":"cs"},{"@type":"Person","@id":"https:\/\/www.welovecycling.com\/cs\/#\/schema\/person\/d9eeb0a378f3a7e4a6d12d2b536b04b8","name":"radekmalina","image":{"@type":"ImageObject","inLanguage":"cs","@id":"https:\/\/www.welovecycling.com\/cs\/#\/schema\/person\/image\/","url":"https:\/\/secure.gravatar.com\/avatar\/66994b632cb8c39a46b9f54afa3ae07201b678d32a54275b6f1c9ffec356bfc0?s=96&d=mm&r=g","contentUrl":"https:\/\/secure.gravatar.com\/avatar\/66994b632cb8c39a46b9f54afa3ae07201b678d32a54275b6f1c9ffec356bfc0?s=96&d=mm&r=g","caption":"radekmalina"},"url":"https:\/\/www.welovecycling.com\/cs\/author\/radekmalina\/"}]}},"_links":{"self":[{"href":"https:\/\/www.welovecycling.com\/cs\/wp-json\/wp\/v2\/posts\/23742","targetHints":{"allow":["GET"]}}],"collection":[{"href":"https:\/\/www.welovecycling.com\/cs\/wp-json\/wp\/v2\/posts"}],"about":[{"href":"https:\/\/www.welovecycling.com\/cs\/wp-json\/wp\/v2\/types\/post"}],"author":[{"embeddable":true,"href":"https:\/\/www.welovecycling.com\/cs\/wp-json\/wp\/v2\/users\/138"}],"replies":[{"embeddable":true,"href":"https:\/\/www.welovecycling.com\/cs\/wp-json\/wp\/v2\/comments?post=23742"}],"version-history":[{"count":3,"href":"https:\/\/www.welovecycling.com\/cs\/wp-json\/wp\/v2\/posts\/23742\/revisions"}],"predecessor-version":[{"id":23753,"href":"https:\/\/www.welovecycling.com\/cs\/wp-json\/wp\/v2\/posts\/23742\/revisions\/23753"}],"wp:featuredmedia":[{"embeddable":true,"href":"https:\/\/www.welovecycling.com\/cs\/wp-json\/wp\/v2\/media\/23750"}],"wp:attachment":[{"href":"https:\/\/www.welovecycling.com\/cs\/wp-json\/wp\/v2\/media?parent=23742"}],"wp:term":[{"taxonomy":"category","embeddable":true,"href":"https:\/\/www.welovecycling.com\/cs\/wp-json\/wp\/v2\/categories?post=23742"},{"taxonomy":"post_tag","embeddable":true,"href":"https:\/\/www.welovecycling.com\/cs\/wp-json\/wp\/v2\/tags?post=23742"},{"taxonomy":"global-categories","embeddable":true,"href":"https:\/\/www.welovecycling.com\/cs\/wp-json\/wp\/v2\/global-categories?post=23742"}],"curies":[{"name":"wp","href":"https:\/\/api.w.org\/{rel}","templated":true}]}}