{"id":23683,"date":"2023-09-25T06:00:50","date_gmt":"2023-09-25T04:00:50","guid":{"rendered":"https:\/\/www.welovecycling.com\/cs\/?p=23683"},"modified":"2023-09-24T14:26:22","modified_gmt":"2023-09-24T12:26:22","slug":"jak-vybrat-zapletena-kola-proc-delat-klicovy-upgrade-na-podzim","status":"publish","type":"post","link":"https:\/\/www.welovecycling.com\/cs\/2023\/09\/25\/jak-vybrat-zapletena-kola-proc-delat-klicovy-upgrade-na-podzim\/","title":{"rendered":"Jak vybrat zapleten\u00e1 kola? Pro\u010d d\u011blat kl\u00ed\u010dov\u00fd upgrade na podzim?"},"content":{"rendered":"<p><strong>M\u00e1 smysl p\u0159em\u00fd\u0161let nad vylep\u0161en\u00edm materi\u00e1lu pr\u00e1v\u011b te\u010f, na sklonku cyklistick\u00e9 sezony? Pokud jde o tak z\u00e1sadn\u00ed povznesen\u00ed stroje, jak\u00fdm jsou zapleten\u00e1 kola, potom ano. Pot\u0159ebujete toti\u017e \u010das na v\u00fdb\u011br spr\u00e1vn\u00e9ho modelu i na odklon\u011bn\u00ed nemal\u00e9 \u010d\u00e1stky z rozpo\u010dtu dom\u00e1cnosti. Podzim je nav\u00edc obdob\u00edm, kdy za\u010d\u00edn\u00e1me vym\u00fd\u0161let, jak na ja\u0159e potr\u00e1p\u00edme soupe\u0159e \u010di kamar\u00e1dy.<\/strong><\/p>\n<p>\u201eKola d\u011blaj\u00ed kolo,\u201c \u0159\u00edk\u00e1 star\u00e9 cyklistick\u00e9 moudro p\u0159ipom\u00ednaj\u00edc\u00ed, \u017ee v\u00fdplety maj\u00ed na j\u00edzdn\u00ed vlastnosti p\u0159inejmen\u0161\u00edm stejn\u00fd vliv jako samotn\u00fd r\u00e1m. Na silnici nebo gravel biku, o nich\u017e bude \u0159e\u010d, to plat\u00ed dvojn\u00e1sob. Tuh\u00e1, lehk\u00e1 a aerodynamick\u00e1 kola um\u00ed prom\u011bnit i pr\u016fm\u011brn\u00fd stroj v z\u00e1vodn\u00ed bestii.<\/p>\n<p>Vzhledem k vysok\u00e9 cen\u011b kvalitn\u00edch set\u016f jsou ale tak\u00e9 prvn\u00edm m\u00edstem, kde cyklistick\u00e9 zna\u010dky \u0161et\u0159\u00ed. Pokud nekupujete kolo z vrcholu nab\u00eddky, bude m\u00edt pravd\u011bpodobn\u011b solidn\u00ed r\u00e1m, kvalitn\u00ed komponentovou sadu, ale pouze z\u00e1kladn\u00ed proveden\u00ed zapleten\u00fdch kol. V\u011bt\u0161ina ambici\u00f3zn\u011bj\u0161\u00edch jezdc\u016f tato s\u00e9riov\u00e1 kola d\u0159\u00edve \u010di pozd\u011bji suspenduje do pozice tr\u00e9ninkov\u00fdch nebo rezervn\u00edch a po\u0159\u00edd\u00ed si kvalitn\u011bj\u0161\u00ed set.<\/p>\n<h2><strong>Karbon vl\u00e1dne sv\u011btu<\/strong><\/h2>\n<p>P\u0159\u00ednosem pro j\u00edzdn\u00ed vlastnosti mohou b\u00fdt i hlin\u00edkov\u00e1 kola, i ta lze vyrobit lehk\u00e1, aerodynamick\u00e1 a tuh\u00e1. Ov\u0161em pou\u017eit\u00ed kompozitu, zvl\u00e1\u0161\u0165 v kombinaci s nyn\u00ed ji\u017e p\u0159evl\u00e1daj\u00edc\u00edmi diskov\u00fdmi brzdami, posouv\u00e1 la\u0165ku je\u0161t\u011b mnohem v\u00fd\u0161e.<\/p>\n<figure id=\"attachment_23690\" aria-describedby=\"caption-attachment-23690\" style=\"width: 1920px\" class=\"wp-caption alignnone\"><a href=\"https:\/\/d2p6e6u75xmxt8.cloudfront.net\/13\/2023\/09\/zapletena-kola.webp\"><img loading=\"lazy\" decoding=\"async\" class=\"size-extra-large wp-image-23690\" src=\"https:\/\/d2p6e6u75xmxt8.cloudfront.net\/13\/2023\/09\/zapletena-kola-1920x1281.webp\" alt=\"Zapleten\u00e1 kola\" width=\"1920\" height=\"1281\" srcset=\"https:\/\/d2p6e6u75xmxt8.cloudfront.net\/13\/2023\/09\/zapletena-kola-1920x1281.webp 1920w, https:\/\/d2p6e6u75xmxt8.cloudfront.net\/13\/2023\/09\/zapletena-kola-300x200.webp 300w, https:\/\/d2p6e6u75xmxt8.cloudfront.net\/13\/2023\/09\/zapletena-kola-1024x683.webp 1024w, https:\/\/d2p6e6u75xmxt8.cloudfront.net\/13\/2023\/09\/zapletena-kola-768x512.webp 768w, https:\/\/d2p6e6u75xmxt8.cloudfront.net\/13\/2023\/09\/zapletena-kola-1536x1025.webp 1536w, https:\/\/d2p6e6u75xmxt8.cloudfront.net\/13\/2023\/09\/zapletena-kola-400x267.webp 400w, https:\/\/d2p6e6u75xmxt8.cloudfront.net\/13\/2023\/09\/zapletena-kola-272x182.webp 272w, https:\/\/d2p6e6u75xmxt8.cloudfront.net\/13\/2023\/09\/zapletena-kola.webp 2000w, https:\/\/d2p6e6u75xmxt8.cloudfront.net\/13\/2023\/09\/zapletena-kola-1920x1281.webp 1920w\" sizes=\"auto, (max-width: 1920px) 100vw, 1920px\" \/><\/a><figcaption id=\"caption-attachment-23690\" class=\"wp-caption-text\"><em>Zapleten\u00e1 kola v karbonov\u00e9m proveden\u00ed jsou skv\u011blou volbou. Foto: Michal \u010cerven\u00fd (4x)<\/em><\/figcaption><\/figure>\n<p>Kotou\u010dov\u00e9 brzdy vy\u0159e\u0161ily letit\u00fd probl\u00e9m s technologi\u00ed v\u00fdroby brzdn\u00fdch ploch u pl\u00e1\u0161\u0165ov\u00e9ho profilu r\u00e1fku, a proto dnes m\u016f\u017eete bez obav v pol\u00ed\u010dku materi\u00e1l r\u00e1fku za\u0161krtnout sl\u016fvko \u201ekarbon\u201c.<\/p>\n<p>Karbonov\u00fd r\u00e1fek snadno vyrob\u00edte tuh\u00fd, aerodynamicky baculat\u00fd a p\u0159i tro\u0161e snahy i lehk\u00fd a pohodln\u00fd. Optim\u00e1ln\u00ed vyv\u00e1\u017een\u00ed v\u0161ech t\u011bchto vlastnost\u00ed je alchymie, za ni\u017e z\u00e1kazn\u00edk plat\u00ed nemal\u00e9 pen\u00edze.<\/p>\n<h2><strong>Volte vysok\u00e1 zapleten\u00e1 kola, ale zase ne moc<\/strong><\/h2>\n<p>V konfigur\u00e1toru \u010di filtru zapleten\u00fdch kol v\u011bnujte pozornost typu n\u00e1boj\u016f \u2013 u nov\u00fdch kol je dnes nej\u010dast\u011bj\u0161\u00ed rozm\u011br 12&#215;100 mm vp\u0159edu a 12&#215;142 mm vzadu. Ale existuj\u00ed i jin\u00e9 standardy. V p\u0159\u00edpad\u011b o\u0159echu obvykle vol\u00edte mezi standardem Shimano Road, Sram XDR a Campagnolo. Pokud chcete vyu\u017e\u00edt st\u00e1vaj\u00edc\u00ed kotou\u010de, zkontrolujte, zda jsou uchyceny \u0161esti \u0161rouby nebo pomoc\u00ed dr\u00e1\u017ekov\u00e1n\u00ed Center Lock.<\/p>\n<div class=\"shortcode-ys-post-pinup\"><article class=\"loop-simple post-23669 post type-post status-publish format-standard has-post-thumbnail hentry category-silnicni-cyklistika tag-cyklistika tag-jonas-vingegaard tag-jumbo-visma tag-maseri tag-mechanici tag-primoz-roglic tag-sepp-kuss tag-silnicni-cyklistika tag-vuelta-2023 global-categories-cycling\" data-postid=\"23669\" role=\"article\" data-post-id=\"23669\" data-word-count=\"445\" data-headline-length=\"111\" data-category=\"Silni\u010dn\u00ed cyklistika\" data-global-category=\"Cycling\" data-author=\"We Love Cycling\" data-published=\"2023-09-15T07:00:34+02:00\" data-published-day=\"Friday\">\n    <div class=\"entry-thumbnail article-thumbnail\" content=\"https:\/\/d2p6e6u75xmxt8.cloudfront.net\/13\/2023\/09\/stage-17-G-150x150.webp\"><a href=\"https:\/\/www.welovecycling.com\/cs\/2023\/09\/15\/armada-neviditelnych-kolik-lidi-pecuje-o-hvezdy-jako-je-sepp-kuss-jonas-vingegaard-ci-remco-evenepoel\/\" class=\"image-holder\" target=\"_self\"><img decoding=\"async\" loading=\"lazy\" class=\"\" src=\"https:\/\/d2p6e6u75xmxt8.cloudfront.net\/13\/2023\/09\/stage-17-G-1024x683.webp\" srcset=\"https:\/\/d2p6e6u75xmxt8.cloudfront.net\/13\/2023\/09\/stage-17-G.webp 2048w, https:\/\/d2p6e6u75xmxt8.cloudfront.net\/13\/2023\/09\/stage-17-G-300x200.webp 300w, https:\/\/d2p6e6u75xmxt8.cloudfront.net\/13\/2023\/09\/stage-17-G-1024x683.webp 1024w, https:\/\/d2p6e6u75xmxt8.cloudfront.net\/13\/2023\/09\/stage-17-G-768x512.webp 768w, https:\/\/d2p6e6u75xmxt8.cloudfront.net\/13\/2023\/09\/stage-17-G-1536x1025.webp 1536w, https:\/\/d2p6e6u75xmxt8.cloudfront.net\/13\/2023\/09\/stage-17-G-1920x1281.webp 1920w, https:\/\/d2p6e6u75xmxt8.cloudfront.net\/13\/2023\/09\/stage-17-G-400x267.webp 400w, https:\/\/d2p6e6u75xmxt8.cloudfront.net\/13\/2023\/09\/stage-17-G-272x182.webp 272w, https:\/\/d2p6e6u75xmxt8.cloudfront.net\/13\/2023\/09\/stage-17-G-1920x1281.webp 1920w\" width=\"1024\" height=\"683\" sizes=\"auto, (min-width: 1200px) 300px, (min-width: 768px) 25vw, 100vw\" alt=\"armada-neviditelnych-kolik-lidi-pecuje-o-hvezdy-jako-je-sepp-kuss-jonas-vingegaard-ci-remco-evenepoel\"\/><\/a><\/div>    <div class=\"entry-meta\">\n        <a class=\"label label-secondary post-category\" href=\"https:\/\/www.welovecycling.com\/cs\/category\/silnicni-cyklistika\/\" title=\"Silni\u010dn\u00ed cyklistika\">Silni\u010dn\u00ed cyklistika<\/a>\n    <\/div>\n    <div class=\"entry-details\">\n        <a href=\"https:\/\/www.welovecycling.com\/cs\/2023\/09\/15\/armada-neviditelnych-kolik-lidi-pecuje-o-hvezdy-jako-je-sepp-kuss-jonas-vingegaard-ci-remco-evenepoel\/\" class='entry-title-wrapper'>\n            <h3 class=\"entry-title\"><span>Arm\u00e1da neviditeln\u00fdch! Kolik lid\u00ed pe\u010duje o hv\u011bzdy, jako je Sepp Kuss, Jonas Vingegaard \u010di Remco Evenepoel?<\/span><\/h3>\n        <\/a>\n    <\/div>\n    <\/article>\n<\/div>\n<p>Samotn\u00fd r\u00e1fek m\u016f\u017ee b\u00fdt r\u016fzn\u011b vysok\u00fd \u2013 b\u011b\u017en\u011b se u silni\u010dn\u00edch kol setk\u00e1te s v\u00fd\u0161kou od 30 a\u017e po \u010dasovk\u00e1\u0159sk\u00fdch 90 milimetr\u016f. N\u00edzk\u00e9 r\u00e1fky jsou lehk\u00e9, maj\u00ed malou setrva\u010dnost, co\u017e zhodnot\u00edte p\u0159i akceleraci a zat\u00e1\u010den\u00ed, b\u00fdvaj\u00ed pohodln\u011bj\u0161\u00ed a tak\u00e9 je tolik neovliv\u0148uje bo\u010dn\u00ed v\u00edtr. Vysok\u00e9 naopak exceluj\u00ed odvalov\u00e1n\u00edm, tuhost\u00ed a aerodynamick\u00fdmi vlastnostmi.<\/p>\n<figure id=\"attachment_23686\" aria-describedby=\"caption-attachment-23686\" style=\"width: 1920px\" class=\"wp-caption alignnone\"><a href=\"https:\/\/d2p6e6u75xmxt8.cloudfront.net\/13\/2023\/09\/zapletena-kola-2.webp\"><img loading=\"lazy\" decoding=\"async\" class=\"size-extra-large wp-image-23686\" src=\"https:\/\/d2p6e6u75xmxt8.cloudfront.net\/13\/2023\/09\/zapletena-kola-2-1920x1280.webp\" alt=\"Zapleten\u00e1 kola\" width=\"1920\" height=\"1280\" srcset=\"https:\/\/d2p6e6u75xmxt8.cloudfront.net\/13\/2023\/09\/zapletena-kola-2-1920x1280.webp 1920w, https:\/\/d2p6e6u75xmxt8.cloudfront.net\/13\/2023\/09\/zapletena-kola-2-300x200.webp 300w, https:\/\/d2p6e6u75xmxt8.cloudfront.net\/13\/2023\/09\/zapletena-kola-2-1024x682.webp 1024w, https:\/\/d2p6e6u75xmxt8.cloudfront.net\/13\/2023\/09\/zapletena-kola-2-768x512.webp 768w, https:\/\/d2p6e6u75xmxt8.cloudfront.net\/13\/2023\/09\/zapletena-kola-2-1536x1024.webp 1536w, https:\/\/d2p6e6u75xmxt8.cloudfront.net\/13\/2023\/09\/zapletena-kola-2-400x267.webp 400w, https:\/\/d2p6e6u75xmxt8.cloudfront.net\/13\/2023\/09\/zapletena-kola-2-272x182.webp 272w, https:\/\/d2p6e6u75xmxt8.cloudfront.net\/13\/2023\/09\/zapletena-kola-2.webp 2000w, https:\/\/d2p6e6u75xmxt8.cloudfront.net\/13\/2023\/09\/zapletena-kola-2-1920x1280.webp 1920w\" sizes=\"auto, (max-width: 1920px) 100vw, 1920px\" \/><\/a><figcaption id=\"caption-attachment-23686\" class=\"wp-caption-text\"><em>Zapleten\u00e1 kola se vyr\u00e1b\u00ed v r\u016fzn\u00e9 v\u00fd\u0161ce. Jde o z\u00e1sadn\u00ed parametr pro va\u0161i j\u00edzdu.\u00a0<\/em><\/figcaption><\/figure>\n<p>Pro univerz\u00e1ln\u00ed silni\u010dn\u00ed pou\u017eit\u00ed v\u00fdrobci v\u011bt\u0161inou doporu\u010duj\u00ed kompromisn\u00ed v\u00fd\u0161ku okolo 50 milimetr\u016f. Ti, co jezd\u00ed p\u0159ev\u00e1\u017en\u011b po rovin\u011b, mohou s\u00e1hnout po kolech vy\u0161\u0161\u00edch. Cyklist\u00e9 pohybuj\u00edc\u00ed se v \u010dlenit\u011bj\u0161\u00edm ter\u00e9nu, neud\u011blaj\u00ed chybu volbou ni\u017e\u0161\u00edho modelu. Pr\u00e1v\u011b nab\u00eddka kol s profilem od 30 do 45 mm je aktu\u00e1ln\u011b pom\u011brn\u011b bohat\u00e1 a souvis\u00ed s t\u00edm, \u017ee v\u00e1s p\u0159\u00edjemn\u011b svezou i na endurance silni\u010dce nebo gravel biku.<\/p>\n<h2><strong>\u0160\u00ed\u0159ka hraje roli<\/strong><\/h2>\n<p>Dal\u0161\u00edm d\u016fle\u017eit\u00fdm parametrem je \u0161\u00ed\u0159ka a tvarov\u00e1n\u00ed r\u00e1fku. Vnit\u0159n\u00ed \u0161\u00ed\u0159ka ovliv\u0148uje kvalitu usazen\u00ed pl\u00e1\u0161t\u011b. Vn\u011bj\u0161\u00ed \u0161\u00ed\u0159ka spolu s tvarem pak aerodynamick\u00e9 a j\u00edzdn\u00ed vlastnosti celku. Jednodu\u0161e \u0159e\u010deno, \u0161ir\u0161\u00ed pl\u00e1\u0161\u0165 \u017e\u00e1d\u00e1 \u0161ir\u0161\u00ed r\u00e1fek. V\u00fdrobci zapleten\u00fdch kol maj\u00ed zpravidla sv\u00e1 vlastn\u00ed doporu\u010den\u00ed.<\/p>\n<div class=\"shortcode-ys-post-pinup\"><article class=\"loop-simple post-23675 post type-post status-publish format-standard has-post-thumbnail hentry category-silnicni-cyklistika tag-cyklistika tag-jonas-vingegaard tag-jumbo-visma tag-primoz-roglic tag-sepp-kuss tag-silnicni-cyklistika tag-tour-de-france tag-vuelta tag-vuelta-2023 global-categories-cycling\" data-postid=\"23675\" role=\"article\" data-post-id=\"23675\" data-word-count=\"570\" data-headline-length=\"68\" data-category=\"Silni\u010dn\u00ed cyklistika\" data-global-category=\"Cycling\" data-author=\"We Love Cycling\" data-published=\"2023-09-17T20:00:27+02:00\" data-published-day=\"Sunday\">\n    <div class=\"entry-thumbnail article-thumbnail\" content=\"https:\/\/d2p6e6u75xmxt8.cloudfront.net\/13\/2023\/09\/profimedia-0805769945-150x150.webp\"><a href=\"https:\/\/www.welovecycling.com\/cs\/2023\/09\/17\/sepp-kuss-a-triumf-loajality-uspech-domestika-je-krachem-roglice\/\" class=\"image-holder\" target=\"_self\"><img decoding=\"async\" loading=\"lazy\" class=\"\" src=\"https:\/\/d2p6e6u75xmxt8.cloudfront.net\/13\/2023\/09\/profimedia-0805769945-1024x683.webp\" srcset=\"https:\/\/d2p6e6u75xmxt8.cloudfront.net\/13\/2023\/09\/profimedia-0805769945.webp 1800w, https:\/\/d2p6e6u75xmxt8.cloudfront.net\/13\/2023\/09\/profimedia-0805769945-300x200.webp 300w, https:\/\/d2p6e6u75xmxt8.cloudfront.net\/13\/2023\/09\/profimedia-0805769945-1024x683.webp 1024w, https:\/\/d2p6e6u75xmxt8.cloudfront.net\/13\/2023\/09\/profimedia-0805769945-768x512.webp 768w, https:\/\/d2p6e6u75xmxt8.cloudfront.net\/13\/2023\/09\/profimedia-0805769945-1536x1024.webp 1536w, https:\/\/d2p6e6u75xmxt8.cloudfront.net\/13\/2023\/09\/profimedia-0805769945-400x267.webp 400w, https:\/\/d2p6e6u75xmxt8.cloudfront.net\/13\/2023\/09\/profimedia-0805769945-272x182.webp 272w\" width=\"1024\" height=\"683\" sizes=\"auto, (min-width: 1200px) 300px, (min-width: 768px) 25vw, 100vw\" alt=\"sepp-kuss-a-triumf-loajality-uspech-domestika-je-krachem-roglice\"\/><\/a><\/div>    <div class=\"entry-meta\">\n        <a class=\"label label-secondary post-category\" href=\"https:\/\/www.welovecycling.com\/cs\/category\/silnicni-cyklistika\/\" title=\"Silni\u010dn\u00ed cyklistika\">Silni\u010dn\u00ed cyklistika<\/a>\n    <\/div>\n    <div class=\"entry-details\">\n        <a href=\"https:\/\/www.welovecycling.com\/cs\/2023\/09\/17\/sepp-kuss-a-triumf-loajality-uspech-domestika-je-krachem-roglice\/\" class='entry-title-wrapper'>\n            <h3 class=\"entry-title\"><span>Sepp Kuss a triumf loajality! \u00dasp\u011bch domestika je krachem Rogli\u010de<\/span><\/h3>\n        <\/a>\n    <\/div>\n    <\/article>\n<\/div>\n<p>Obecn\u011b ale plat\u00ed, \u017ee pro u\u017e\u0161\u00ed silni\u010dn\u00ed pl\u00e1\u0161t\u011b posta\u010d\u00ed \u0161\u00ed\u0159ka r\u00e1fk\u016f do 20 milimetr\u016f. Pokud chcete vozit bezdu\u0161ov\u00e9 pl\u00e1\u0161t\u011b \u0161irok\u00e9 p\u0159es 30 milimetr\u016f, nebo dokonce gravelov\u00e9 obut\u00ed, s\u00e1hn\u011bte rad\u011bji po r\u00e1fc\u00edch s vnit\u0159n\u00ed \u0161\u00ed\u0159kou 20\u201325 milimetr\u016f. Spr\u00e1vn\u00e1 kombinace \u0161\u00ed\u0159ky r\u00e1fku a pl\u00e1\u0161t\u011b se akcentuje nejen kv\u016fli bezpe\u010dnosti, ale tak\u00e9 z d\u016fvodu zm\u00edn\u011bn\u00e9 aerodynamiky, valiv\u00e9ho odporu, jistoty p\u0159i zat\u00e1\u010den\u00ed a podobn\u011b.<\/p>\n<p>U \u0161ir\u0161\u00edch r\u00e1fk\u016f se dnes i na silni\u010dn\u00edch kolech objevuje tzv. \u201ehookless\u201c technologie, kter\u00e1 umo\u017e\u0148uje efektivn\u011bj\u0161\u00ed pr\u00e1ci pl\u00e1\u0161t\u011b, proto\u017ee nen\u00ed deformov\u00e1n \u201eh\u00e1ky\u201c na bo\u010dnic\u00edch r\u00e1fku. Nezapome\u0148te, \u017ee tato kola vy\u017eaduj\u00ed kompatibiln\u00ed pl\u00e1\u0161t\u011b a maj\u00ed zpravidla omezen\u00ed maxim\u00e1ln\u00edho tlaku na hodnotu n\u011bkde mezi 4\u20135 bary. Pro \u0161irok\u00e9 silni\u010dn\u00ed nebo gravelov\u00e9 obut\u00ed je to v\u0161ak dostate\u010dn\u00fd tlak dovoluj\u00edc\u00ed efektivn\u00ed a bezpe\u010dnou j\u00edzdu.<\/p>\n<h2><strong>Z\u00e1klad, nebo vrchol?<\/strong><\/h2>\n<p>Ide\u00e1ln\u00ed parametry r\u00e1fk\u016f jste si stanovili, p\u0159esto je\u0161t\u011b nejste s v\u00fdb\u011brem u konce. Nab\u00eddka je toti\u017e velmi \u0161irok\u00e1 \u2013 m\u016f\u017eete volit r\u016fzn\u00e9 typy v\u00fdplet\u016f (ploch\u00e9 vs. kulat\u00e9 dr\u00e1ty, p\u0159\u00edm\u00e1 vs. zahnut\u00e1 hlavi\u010dka, r\u016fzn\u00fd po\u010det paprsk\u016f, k\u0159\u00ed\u017een\u00ed apod.). Ale i r\u016fzn\u00e9 kvalitativn\u00ed \u00farovn\u011b r\u00e1fk\u016f a n\u00e1boj\u016f. V praxi tak lze objednat \u010d\u00ednsk\u00e1 zapleten\u00e1 kola v cen\u011b necel\u00fdch deseti tis\u00edc korun, ale tak\u00e9 p\u00e1r od \u0161pi\u010dkov\u00e9ho v\u00fdrobce za sto tis\u00edc korun a v\u00edce.<\/p>\n<p><a href=\"https:\/\/d2p6e6u75xmxt8.cloudfront.net\/13\/2023\/09\/zapletena-kola-1.webp\"><img loading=\"lazy\" decoding=\"async\" class=\"alignnone size-extra-large wp-image-23685\" src=\"https:\/\/d2p6e6u75xmxt8.cloudfront.net\/13\/2023\/09\/zapletena-kola-1-1920x1280.webp\" alt=\"\" width=\"1920\" height=\"1280\" srcset=\"https:\/\/d2p6e6u75xmxt8.cloudfront.net\/13\/2023\/09\/zapletena-kola-1-1920x1280.webp 1920w, https:\/\/d2p6e6u75xmxt8.cloudfront.net\/13\/2023\/09\/zapletena-kola-1-300x200.webp 300w, https:\/\/d2p6e6u75xmxt8.cloudfront.net\/13\/2023\/09\/zapletena-kola-1-1024x682.webp 1024w, https:\/\/d2p6e6u75xmxt8.cloudfront.net\/13\/2023\/09\/zapletena-kola-1-768x512.webp 768w, https:\/\/d2p6e6u75xmxt8.cloudfront.net\/13\/2023\/09\/zapletena-kola-1-1536x1024.webp 1536w, https:\/\/d2p6e6u75xmxt8.cloudfront.net\/13\/2023\/09\/zapletena-kola-1-400x267.webp 400w, https:\/\/d2p6e6u75xmxt8.cloudfront.net\/13\/2023\/09\/zapletena-kola-1-272x182.webp 272w, https:\/\/d2p6e6u75xmxt8.cloudfront.net\/13\/2023\/09\/zapletena-kola-1.webp 2000w, https:\/\/d2p6e6u75xmxt8.cloudfront.net\/13\/2023\/09\/zapletena-kola-1-1920x1280.webp 1920w\" sizes=\"auto, (max-width: 1920px) 100vw, 1920px\" \/><\/a><\/p>\n<p>Doporu\u010dujeme vsadit na reference, ale i na renom\u00e9 v\u00fdrobce \u2013 t\u0159eba u\u017e jen kv\u016fli budouc\u00ed dostupnosti n\u00e1hradn\u00edch d\u00edl\u016f. Zna\u010dkov\u00e1 kola nav\u00edc nemus\u00ed b\u00fdt extr\u00e9mn\u011b drah\u00e1 \u2013 v\u00fdrobci jako DT Swiss, Zipp, Mavic, Bontrager, Roval a dal\u0161\u00ed nab\u00edzej\u00ed minim\u00e1ln\u011b dv\u011b \u0159ady zapleten\u00fdch kol.<\/p>\n<p>Li\u0161\u00ed se materi\u00e1lem a zpracov\u00e1n\u00edm r\u00e1fku, proveden\u00edm n\u00e1boj\u016f (nap\u0159. o\u0159echu a lo\u017eisek) a n\u00e1sledn\u011b i cenou. Volba dostupn\u00e9ho proveden\u00ed od renomovan\u00e9ho v\u00fdrobce tak m\u016f\u017ee b\u00fdt racion\u00e1ln\u00edm kompromisem. P\u00e1r gram\u016f nav\u00edc, jednodu\u0161\u0161\u00ed proveden\u00ed volnob\u011b\u017en\u00e9ho mechanismu nebo pou\u017eit\u00ed ocelov\u00fdch lo\u017eisek nam\u00edsto keramick\u00fdch p\u0159i j\u00edzd\u011b nejsp\u00ed\u0161 v\u016fbec nezaznamen\u00e1te.<\/p>\n","protected":false},"excerpt":{"rendered":"<p>M\u00e1 smysl p\u0159em\u00fd\u0161let nad vylep\u0161en\u00edm materi\u00e1lu pr\u00e1v\u011b te\u010f, na sklonku cyklistick\u00e9 sezony? Pokud jde o tak z\u00e1sadn\u00ed povznesen\u00ed stroje, jak\u00fdm [&hellip;]<\/p>\n","protected":false},"author":138,"featured_media":23689,"comment_status":"open","ping_status":"open","sticky":false,"template":"","format":"standard","meta":{"footnotes":""},"categories":[15],"tags":[3225,3226,126,2001,3220,3221,3222,3223,9,3224,27,3218],"global-categories":[411],"class_list":["post-23683","post","type-post","status-publish","format-standard","has-post-thumbnail","hentry","category-rady-tipy","tag-camapgnolo","tag-center-lock","tag-cyklistika","tag-gravel","tag-hookless-technologie","tag-jak-vybrat-zapletena-kola","tag-karbonova-zapletena-kola","tag-shimano-road","tag-silnicni-cyklistika","tag-sram-xdr","tag-trenink","tag-zapletena-kola","global-categories-cycling"],"yoast_head":"<!-- This site is optimized with the Yoast SEO Premium plugin v25.3 (Yoast SEO v25.9) - https:\/\/yoast.com\/wordpress\/plugins\/seo\/ -->\n<title>Jak vybrat zapleten\u00e1 kola? Pro\u010d d\u011blat kl\u00ed\u010dov\u00fd upgrade na podzim? | \u0160koda We Love Cycling - \u010cesk\u00e1 republika<\/title>\n<meta name=\"description\" content=\"M\u00e1 smysl p\u0159em\u00fd\u0161let nad vylep\u0161en\u00edm materi\u00e1lu pr\u00e1v\u011b te\u010f, na sklonku cyklistick\u00e9 sezony? Pokud jde o tak z\u00e1sadn\u00ed povznesen\u00ed stroje, jak\u00fdm jsou zapleten\u00e1 kola, potom ano. Pot\u0159ebujete toti\u017e \u010das na v\u00fdb\u011br spr\u00e1vn\u00e9ho modelu i na odklon\u011bn\u00ed nemal\u00e9 \u010d\u00e1stky z rozpo\u010dtu dom\u00e1cnosti. Podzim je nav\u00edc obdob\u00edm, kdy za\u010d\u00edn\u00e1me vym\u00fd\u0161let, jak na ja\u0159e potr\u00e1p\u00edme soupe\u0159e \u010di kamar\u00e1dy.\" \/>\n<meta name=\"robots\" content=\"index, follow, max-snippet:-1, max-image-preview:large, max-video-preview:-1\" \/>\n<link rel=\"canonical\" href=\"https:\/\/www.welovecycling.com\/cs\/2023\/09\/25\/jak-vybrat-zapletena-kola-proc-delat-klicovy-upgrade-na-podzim\/\" \/>\n<meta property=\"og:locale\" content=\"cs_CZ\" \/>\n<meta property=\"og:type\" content=\"article\" \/>\n<meta property=\"og:title\" content=\"Jak vybrat zapleten\u00e1 kola? Pro\u010d d\u011blat kl\u00ed\u010dov\u00fd upgrade na podzim?\" \/>\n<meta property=\"og:description\" content=\"M\u00e1 smysl p\u0159em\u00fd\u0161let nad vylep\u0161en\u00edm materi\u00e1lu pr\u00e1v\u011b te\u010f, na sklonku cyklistick\u00e9 sezony? Pokud jde o tak z\u00e1sadn\u00ed povznesen\u00ed stroje, jak\u00fdm jsou zapleten\u00e1 kola, potom ano. Pot\u0159ebujete toti\u017e \u010das na v\u00fdb\u011br spr\u00e1vn\u00e9ho modelu i na odklon\u011bn\u00ed nemal\u00e9 \u010d\u00e1stky z rozpo\u010dtu dom\u00e1cnosti. Podzim je nav\u00edc obdob\u00edm, kdy za\u010d\u00edn\u00e1me vym\u00fd\u0161let, jak na ja\u0159e potr\u00e1p\u00edme soupe\u0159e \u010di kamar\u00e1dy.\" \/>\n<meta property=\"og:url\" content=\"https:\/\/www.welovecycling.com\/cs\/2023\/09\/25\/jak-vybrat-zapletena-kola-proc-delat-klicovy-upgrade-na-podzim\/\" \/>\n<meta property=\"og:site_name\" content=\"\u0160koda We Love Cycling - \u010cesk\u00e1 republika\" \/>\n<meta property=\"article:published_time\" content=\"2023-09-25T04:00:50+00:00\" \/>\n<meta property=\"og:image\" content=\"https:\/\/d2p6e6u75xmxt8.cloudfront.net\/13\/2023\/09\/zapletena-kola-5.webp\" \/>\n\t<meta property=\"og:image:width\" content=\"2000\" \/>\n\t<meta property=\"og:image:height\" content=\"1333\" \/>\n\t<meta property=\"og:image:type\" content=\"image\/webp\" \/>\n<meta name=\"author\" content=\"radekmalina\" \/>\n<meta name=\"twitter:card\" content=\"summary_large_image\" \/>\n<meta name=\"twitter:label1\" content=\"Written by\" \/>\n\t<meta name=\"twitter:data1\" content=\"We Love Cycling\" \/>\n\t<meta name=\"twitter:label2\" content=\"Est. reading time\" \/>\n\t<meta name=\"twitter:data2\" content=\"6\" \/>\n<script type=\"application\/ld+json\" class=\"yoast-schema-graph\">{\"@context\":\"https:\/\/schema.org\",\"@graph\":[{\"@type\":\"WebPage\",\"@id\":\"https:\/\/www.welovecycling.com\/cs\/2023\/09\/25\/jak-vybrat-zapletena-kola-proc-delat-klicovy-upgrade-na-podzim\/\",\"url\":\"https:\/\/www.welovecycling.com\/cs\/2023\/09\/25\/jak-vybrat-zapletena-kola-proc-delat-klicovy-upgrade-na-podzim\/\",\"name\":\"Jak vybrat zapleten\u00e1 kola? Pro\u010d d\u011blat kl\u00ed\u010dov\u00fd upgrade na podzim? | \u0160koda We Love Cycling - \u010cesk\u00e1 republika\",\"isPartOf\":{\"@id\":\"https:\/\/www.welovecycling.com\/cs\/#website\"},\"primaryImageOfPage\":{\"@id\":\"https:\/\/www.welovecycling.com\/cs\/2023\/09\/25\/jak-vybrat-zapletena-kola-proc-delat-klicovy-upgrade-na-podzim\/#primaryimage\"},\"image\":{\"@id\":\"https:\/\/www.welovecycling.com\/cs\/2023\/09\/25\/jak-vybrat-zapletena-kola-proc-delat-klicovy-upgrade-na-podzim\/#primaryimage\"},\"thumbnailUrl\":\"https:\/\/d2p6e6u75xmxt8.cloudfront.net\/13\/2023\/09\/zapletena-kola-5.webp\",\"datePublished\":\"2023-09-25T04:00:50+00:00\",\"author\":{\"@id\":\"https:\/\/www.welovecycling.com\/cs\/#\/schema\/person\/d9eeb0a378f3a7e4a6d12d2b536b04b8\"},\"description\":\"M\u00e1 smysl p\u0159em\u00fd\u0161let nad vylep\u0161en\u00edm materi\u00e1lu pr\u00e1v\u011b te\u010f, na sklonku cyklistick\u00e9 sezony? Pokud jde o tak z\u00e1sadn\u00ed povznesen\u00ed stroje, jak\u00fdm jsou zapleten\u00e1 kola, potom ano. Pot\u0159ebujete toti\u017e \u010das na v\u00fdb\u011br spr\u00e1vn\u00e9ho modelu i na odklon\u011bn\u00ed nemal\u00e9 \u010d\u00e1stky z rozpo\u010dtu dom\u00e1cnosti. Podzim je nav\u00edc obdob\u00edm, kdy za\u010d\u00edn\u00e1me vym\u00fd\u0161let, jak na ja\u0159e potr\u00e1p\u00edme soupe\u0159e \u010di kamar\u00e1dy.\",\"inLanguage\":\"cs\",\"potentialAction\":[{\"@type\":\"ReadAction\",\"target\":[\"https:\/\/www.welovecycling.com\/cs\/2023\/09\/25\/jak-vybrat-zapletena-kola-proc-delat-klicovy-upgrade-na-podzim\/\"]}]},{\"@type\":\"ImageObject\",\"inLanguage\":\"cs\",\"@id\":\"https:\/\/www.welovecycling.com\/cs\/2023\/09\/25\/jak-vybrat-zapletena-kola-proc-delat-klicovy-upgrade-na-podzim\/#primaryimage\",\"url\":\"https:\/\/d2p6e6u75xmxt8.cloudfront.net\/13\/2023\/09\/zapletena-kola-5.webp\",\"contentUrl\":\"https:\/\/d2p6e6u75xmxt8.cloudfront.net\/13\/2023\/09\/zapletena-kola-5.webp\",\"width\":2000,\"height\":1333,\"caption\":\"Kdy je \u010das vym\u011bnit pl\u00e1\u0161t\u011b?\"},{\"@type\":\"WebSite\",\"@id\":\"https:\/\/www.welovecycling.com\/cs\/#website\",\"url\":\"https:\/\/www.welovecycling.com\/cs\/\",\"name\":\"\u0160koda We Love Cycling - \u010cesk\u00e1 republika\",\"description\":\"WeLoveCycling.cz je online magaz\u00edn, kter\u00fd v\u00e1m pravideln\u011b p\u0159in\u00e1\u0161\u00ed rady a tipy, zaj\u00edmav\u00e9 \u010dl\u00e1nky, videa a jedine\u010dn\u00e9 report\u00e1\u017ee ze sv\u011bta cyklistiky.\",\"potentialAction\":[{\"@type\":\"SearchAction\",\"target\":{\"@type\":\"EntryPoint\",\"urlTemplate\":\"https:\/\/www.welovecycling.com\/cs\/?s={search_term_string}\"},\"query-input\":{\"@type\":\"PropertyValueSpecification\",\"valueRequired\":true,\"valueName\":\"search_term_string\"}}],\"inLanguage\":\"cs\"},{\"@type\":\"Person\",\"@id\":\"https:\/\/www.welovecycling.com\/cs\/#\/schema\/person\/d9eeb0a378f3a7e4a6d12d2b536b04b8\",\"name\":\"radekmalina\",\"image\":{\"@type\":\"ImageObject\",\"inLanguage\":\"cs\",\"@id\":\"https:\/\/www.welovecycling.com\/cs\/#\/schema\/person\/image\/\",\"url\":\"https:\/\/secure.gravatar.com\/avatar\/66994b632cb8c39a46b9f54afa3ae07201b678d32a54275b6f1c9ffec356bfc0?s=96&d=mm&r=g\",\"contentUrl\":\"https:\/\/secure.gravatar.com\/avatar\/66994b632cb8c39a46b9f54afa3ae07201b678d32a54275b6f1c9ffec356bfc0?s=96&d=mm&r=g\",\"caption\":\"radekmalina\"},\"url\":\"https:\/\/www.welovecycling.com\/cs\/author\/radekmalina\/\"}]}<\/script>\n<!-- \/ Yoast SEO Premium plugin. -->","yoast_head_json":{"title":"Jak vybrat zapleten\u00e1 kola? Pro\u010d d\u011blat kl\u00ed\u010dov\u00fd upgrade na podzim? | \u0160koda We Love Cycling - \u010cesk\u00e1 republika","description":"M\u00e1 smysl p\u0159em\u00fd\u0161let nad vylep\u0161en\u00edm materi\u00e1lu pr\u00e1v\u011b te\u010f, na sklonku cyklistick\u00e9 sezony? Pokud jde o tak z\u00e1sadn\u00ed povznesen\u00ed stroje, jak\u00fdm jsou zapleten\u00e1 kola, potom ano. Pot\u0159ebujete toti\u017e \u010das na v\u00fdb\u011br spr\u00e1vn\u00e9ho modelu i na odklon\u011bn\u00ed nemal\u00e9 \u010d\u00e1stky z rozpo\u010dtu dom\u00e1cnosti. Podzim je nav\u00edc obdob\u00edm, kdy za\u010d\u00edn\u00e1me vym\u00fd\u0161let, jak na ja\u0159e potr\u00e1p\u00edme soupe\u0159e \u010di kamar\u00e1dy.","robots":{"index":"index","follow":"follow","max-snippet":"max-snippet:-1","max-image-preview":"max-image-preview:large","max-video-preview":"max-video-preview:-1"},"canonical":"https:\/\/www.welovecycling.com\/cs\/2023\/09\/25\/jak-vybrat-zapletena-kola-proc-delat-klicovy-upgrade-na-podzim\/","og_locale":"cs_CZ","og_type":"article","og_title":"Jak vybrat zapleten\u00e1 kola? Pro\u010d d\u011blat kl\u00ed\u010dov\u00fd upgrade na podzim?","og_description":"M\u00e1 smysl p\u0159em\u00fd\u0161let nad vylep\u0161en\u00edm materi\u00e1lu pr\u00e1v\u011b te\u010f, na sklonku cyklistick\u00e9 sezony? Pokud jde o tak z\u00e1sadn\u00ed povznesen\u00ed stroje, jak\u00fdm jsou zapleten\u00e1 kola, potom ano. Pot\u0159ebujete toti\u017e \u010das na v\u00fdb\u011br spr\u00e1vn\u00e9ho modelu i na odklon\u011bn\u00ed nemal\u00e9 \u010d\u00e1stky z rozpo\u010dtu dom\u00e1cnosti. Podzim je nav\u00edc obdob\u00edm, kdy za\u010d\u00edn\u00e1me vym\u00fd\u0161let, jak na ja\u0159e potr\u00e1p\u00edme soupe\u0159e \u010di kamar\u00e1dy.","og_url":"https:\/\/www.welovecycling.com\/cs\/2023\/09\/25\/jak-vybrat-zapletena-kola-proc-delat-klicovy-upgrade-na-podzim\/","og_site_name":"\u0160koda We Love Cycling - \u010cesk\u00e1 republika","article_published_time":"2023-09-25T04:00:50+00:00","og_image":[{"width":2000,"height":1333,"url":"https:\/\/d2p6e6u75xmxt8.cloudfront.net\/13\/2023\/09\/zapletena-kola-5.webp","type":"image\/webp"}],"author":"radekmalina","twitter_card":"summary_large_image","twitter_misc":{"Written by":"We Love Cycling","Est. reading time":"6"},"schema":{"@context":"https:\/\/schema.org","@graph":[{"@type":"WebPage","@id":"https:\/\/www.welovecycling.com\/cs\/2023\/09\/25\/jak-vybrat-zapletena-kola-proc-delat-klicovy-upgrade-na-podzim\/","url":"https:\/\/www.welovecycling.com\/cs\/2023\/09\/25\/jak-vybrat-zapletena-kola-proc-delat-klicovy-upgrade-na-podzim\/","name":"Jak vybrat zapleten\u00e1 kola? Pro\u010d d\u011blat kl\u00ed\u010dov\u00fd upgrade na podzim? | \u0160koda We Love Cycling - \u010cesk\u00e1 republika","isPartOf":{"@id":"https:\/\/www.welovecycling.com\/cs\/#website"},"primaryImageOfPage":{"@id":"https:\/\/www.welovecycling.com\/cs\/2023\/09\/25\/jak-vybrat-zapletena-kola-proc-delat-klicovy-upgrade-na-podzim\/#primaryimage"},"image":{"@id":"https:\/\/www.welovecycling.com\/cs\/2023\/09\/25\/jak-vybrat-zapletena-kola-proc-delat-klicovy-upgrade-na-podzim\/#primaryimage"},"thumbnailUrl":"https:\/\/d2p6e6u75xmxt8.cloudfront.net\/13\/2023\/09\/zapletena-kola-5.webp","datePublished":"2023-09-25T04:00:50+00:00","author":{"@id":"https:\/\/www.welovecycling.com\/cs\/#\/schema\/person\/d9eeb0a378f3a7e4a6d12d2b536b04b8"},"description":"M\u00e1 smysl p\u0159em\u00fd\u0161let nad vylep\u0161en\u00edm materi\u00e1lu pr\u00e1v\u011b te\u010f, na sklonku cyklistick\u00e9 sezony? Pokud jde o tak z\u00e1sadn\u00ed povznesen\u00ed stroje, jak\u00fdm jsou zapleten\u00e1 kola, potom ano. Pot\u0159ebujete toti\u017e \u010das na v\u00fdb\u011br spr\u00e1vn\u00e9ho modelu i na odklon\u011bn\u00ed nemal\u00e9 \u010d\u00e1stky z rozpo\u010dtu dom\u00e1cnosti. Podzim je nav\u00edc obdob\u00edm, kdy za\u010d\u00edn\u00e1me vym\u00fd\u0161let, jak na ja\u0159e potr\u00e1p\u00edme soupe\u0159e \u010di kamar\u00e1dy.","inLanguage":"cs","potentialAction":[{"@type":"ReadAction","target":["https:\/\/www.welovecycling.com\/cs\/2023\/09\/25\/jak-vybrat-zapletena-kola-proc-delat-klicovy-upgrade-na-podzim\/"]}]},{"@type":"ImageObject","inLanguage":"cs","@id":"https:\/\/www.welovecycling.com\/cs\/2023\/09\/25\/jak-vybrat-zapletena-kola-proc-delat-klicovy-upgrade-na-podzim\/#primaryimage","url":"https:\/\/d2p6e6u75xmxt8.cloudfront.net\/13\/2023\/09\/zapletena-kola-5.webp","contentUrl":"https:\/\/d2p6e6u75xmxt8.cloudfront.net\/13\/2023\/09\/zapletena-kola-5.webp","width":2000,"height":1333,"caption":"Kdy je \u010das vym\u011bnit pl\u00e1\u0161t\u011b?"},{"@type":"WebSite","@id":"https:\/\/www.welovecycling.com\/cs\/#website","url":"https:\/\/www.welovecycling.com\/cs\/","name":"\u0160koda We Love Cycling - \u010cesk\u00e1 republika","description":"WeLoveCycling.cz je online magaz\u00edn, kter\u00fd v\u00e1m pravideln\u011b p\u0159in\u00e1\u0161\u00ed rady a tipy, zaj\u00edmav\u00e9 \u010dl\u00e1nky, videa a jedine\u010dn\u00e9 report\u00e1\u017ee ze sv\u011bta cyklistiky.","potentialAction":[{"@type":"SearchAction","target":{"@type":"EntryPoint","urlTemplate":"https:\/\/www.welovecycling.com\/cs\/?s={search_term_string}"},"query-input":{"@type":"PropertyValueSpecification","valueRequired":true,"valueName":"search_term_string"}}],"inLanguage":"cs"},{"@type":"Person","@id":"https:\/\/www.welovecycling.com\/cs\/#\/schema\/person\/d9eeb0a378f3a7e4a6d12d2b536b04b8","name":"radekmalina","image":{"@type":"ImageObject","inLanguage":"cs","@id":"https:\/\/www.welovecycling.com\/cs\/#\/schema\/person\/image\/","url":"https:\/\/secure.gravatar.com\/avatar\/66994b632cb8c39a46b9f54afa3ae07201b678d32a54275b6f1c9ffec356bfc0?s=96&d=mm&r=g","contentUrl":"https:\/\/secure.gravatar.com\/avatar\/66994b632cb8c39a46b9f54afa3ae07201b678d32a54275b6f1c9ffec356bfc0?s=96&d=mm&r=g","caption":"radekmalina"},"url":"https:\/\/www.welovecycling.com\/cs\/author\/radekmalina\/"}]}},"_links":{"self":[{"href":"https:\/\/www.welovecycling.com\/cs\/wp-json\/wp\/v2\/posts\/23683","targetHints":{"allow":["GET"]}}],"collection":[{"href":"https:\/\/www.welovecycling.com\/cs\/wp-json\/wp\/v2\/posts"}],"about":[{"href":"https:\/\/www.welovecycling.com\/cs\/wp-json\/wp\/v2\/types\/post"}],"author":[{"embeddable":true,"href":"https:\/\/www.welovecycling.com\/cs\/wp-json\/wp\/v2\/users\/138"}],"replies":[{"embeddable":true,"href":"https:\/\/www.welovecycling.com\/cs\/wp-json\/wp\/v2\/comments?post=23683"}],"version-history":[{"count":3,"href":"https:\/\/www.welovecycling.com\/cs\/wp-json\/wp\/v2\/posts\/23683\/revisions"}],"predecessor-version":[{"id":23728,"href":"https:\/\/www.welovecycling.com\/cs\/wp-json\/wp\/v2\/posts\/23683\/revisions\/23728"}],"wp:featuredmedia":[{"embeddable":true,"href":"https:\/\/www.welovecycling.com\/cs\/wp-json\/wp\/v2\/media\/23689"}],"wp:attachment":[{"href":"https:\/\/www.welovecycling.com\/cs\/wp-json\/wp\/v2\/media?parent=23683"}],"wp:term":[{"taxonomy":"category","embeddable":true,"href":"https:\/\/www.welovecycling.com\/cs\/wp-json\/wp\/v2\/categories?post=23683"},{"taxonomy":"post_tag","embeddable":true,"href":"https:\/\/www.welovecycling.com\/cs\/wp-json\/wp\/v2\/tags?post=23683"},{"taxonomy":"global-categories","embeddable":true,"href":"https:\/\/www.welovecycling.com\/cs\/wp-json\/wp\/v2\/global-categories?post=23683"}],"curies":[{"name":"wp","href":"https:\/\/api.w.org\/{rel}","templated":true}]}}