{"id":23678,"date":"2023-09-18T16:00:43","date_gmt":"2023-09-18T14:00:43","guid":{"rendered":"https:\/\/www.welovecycling.com\/cs\/?p=23678"},"modified":"2023-09-18T13:13:09","modified_gmt":"2023-09-18T11:13:09","slug":"chovali-se-jako-hlupaci-expert-o-roglicovi-a-vingegaardovi-na-vuelte","status":"publish","type":"post","link":"https:\/\/www.welovecycling.com\/cs\/2023\/09\/18\/chovali-se-jako-hlupaci-expert-o-roglicovi-a-vingegaardovi-na-vuelte\/","title":{"rendered":"Chovali se jako hlup\u00e1ci! Expert o Rogli\u010dovi a Vingegaardovi na Vuelt\u011b"},"content":{"rendered":"<p><strong>Nesm\u011ble p\u00f3zoval ve speci\u00e1ln\u00edm tri\u010dku, kter\u00e9 r\u016f\u017eov\u00fdm, \u017elut\u00fdm a \u010derven\u00fdm pruhem zn\u00e1zor\u0148ovalo dominanci formace Jumbo Visma na z\u00e1vodech Grand Tour sezony 2023. Ameri\u010dan Sepp Kuss jako v\u00edt\u011bz Vuelty 2023 se vymyk\u00e1 klasick\u00e9 \u00faloze l\u00eddra. V Madridu vystoupil na nejvy\u0161\u0161\u00ed stup\u00ednek n\u00e1sledov\u00e1n st\u0159\u00edbrn\u00fdm Jonasem Vingegaardem a bronzov\u00fdm Primo\u017eem Rogli\u010dem, t\u00fdmov\u00fdmi kolegy.<\/strong><\/p>\n<p>Mo\u017en\u00e1 sc\u00e9n\u00e1\u0159 mohl b\u00fdt \u00fapln\u011b jin\u00fd, proto\u017ee posledn\u011b dva jmenovan\u00ed v n\u011bkter\u00fdch momentech z\u00e1vodu zrovna vzorov\u00e9 t\u00fdmov\u00e9 chov\u00e1n\u00ed nep\u0159edv\u00e1d\u011bli. \u201eNedok\u00e1zali potla\u010dit svoje ega a za\u010dali na Seppa Kusse \u00fato\u010dit, p\u0159esto\u017ee to v\u016fbec nebylo nutn\u00e9. P\u0159itom Kuss ka\u017ed\u00e9mu z nich n\u011bkolikr\u00e1t na Grand Tour tolik pomohl. Moc jsem to nech\u00e1pal,\u201c komentuje d\u011bn\u00ed na Vuelt\u011b Tom\u00e1\u0161 Kone\u010dn\u00fd, b\u00fdval\u00fd \u00fasp\u011b\u0161n\u00fd profesion\u00e1l a tren\u00e9r silni\u010dn\u00ed reprezentace \u010cR.<\/p>\n<h2><strong>Sepp Kuss dostal \u00fanikem Jumbo do skv\u011bl\u00e9 pozice<\/strong><\/h2>\n<p>\u201eMus\u00edme si p\u0159iznat, \u017ee Kuss m\u011bl i trochu \u0161t\u011bst\u00ed, kdy\u017e ho soupe\u0159i podcenili a v etap\u011b, kterou nakonec vyhr\u00e1l, ho pustili do \u00faniku. Je to sice superdomestik, ale i tak dok\u00e1\u017ee b\u00fdt na Grand Tour v des\u00edtce. A d\u00e1t mu jen tak t\u0159i minuty, to je docela dost velk\u00fd d\u00e1rek. Jumbo Visma to ten den napl\u00e1novalo dob\u0159e a byli na koni.<\/p>\n<p>\u0160koda, \u017ee si v etap\u011b na Tourmalet vybral krizi Remco Evenepoel. Kdyby z po\u0159ad\u00ed nevypadl, byl by tam s nimi a mo\u017en\u00e1 by v\u00fdsledky nakonec byly trochu jin\u00e9. Jumbo by muselo v\u00edce \u00fato\u010dit. Ale takhle m\u011bli luxusn\u00ed \u010dasov\u00fd pol\u0161t\u00e1\u0159 a v podstat\u011b si mohli se zbytkem hr\u00e1t.<\/p>\n<figure id=\"attachment_23552\" aria-describedby=\"caption-attachment-23552\" style=\"width: 1920px\" class=\"wp-caption alignnone\"><a href=\"https:\/\/d2p6e6u75xmxt8.cloudfront.net\/13\/2023\/09\/vuelta-kuss.webp\"><img loading=\"lazy\" decoding=\"async\" class=\"size-extra-large wp-image-23552\" src=\"https:\/\/d2p6e6u75xmxt8.cloudfront.net\/13\/2023\/09\/vuelta-kuss-1920x1280.webp\" alt=\"Sepp Kuss \" width=\"1920\" height=\"1280\" srcset=\"https:\/\/d2p6e6u75xmxt8.cloudfront.net\/13\/2023\/09\/vuelta-kuss-1920x1280.webp 1920w, https:\/\/d2p6e6u75xmxt8.cloudfront.net\/13\/2023\/09\/vuelta-kuss-300x200.webp 300w, https:\/\/d2p6e6u75xmxt8.cloudfront.net\/13\/2023\/09\/vuelta-kuss-1024x682.webp 1024w, https:\/\/d2p6e6u75xmxt8.cloudfront.net\/13\/2023\/09\/vuelta-kuss-768x512.webp 768w, https:\/\/d2p6e6u75xmxt8.cloudfront.net\/13\/2023\/09\/vuelta-kuss-1536x1024.webp 1536w, https:\/\/d2p6e6u75xmxt8.cloudfront.net\/13\/2023\/09\/vuelta-kuss-400x267.webp 400w, https:\/\/d2p6e6u75xmxt8.cloudfront.net\/13\/2023\/09\/vuelta-kuss-272x182.webp 272w, https:\/\/d2p6e6u75xmxt8.cloudfront.net\/13\/2023\/09\/vuelta-kuss.webp 2000w, https:\/\/d2p6e6u75xmxt8.cloudfront.net\/13\/2023\/09\/vuelta-kuss-1920x1280.webp 1920w\" sizes=\"auto, (max-width: 1920px) 100vw, 1920px\" \/><\/a><figcaption id=\"caption-attachment-23552\" class=\"wp-caption-text\"><em>Sepp Kuss v c\u00edli 6. etapy, kter\u00e1 nakonec rozhodla o celkov\u00e9m po\u0159ad\u00ed.\u00a0<\/em><\/figcaption><\/figure>\n<p>Asi ka\u017ed\u00e9ho napadlo, \u017ee kdy\u017e vypadl z po\u0159ad\u00ed nejv\u011bt\u0161\u00ed rival, tak Jumbo zkus\u00ed nechat \u010derven\u00fd dres Kussovi, pokud si to okolnosti nevy\u017e\u00e1daj\u00ed jinak. Jen\u017ee za to, co p\u0159edvedli na Angliru, se jim sv\u011bt cyklistiky vysm\u00e1l. P\u0159i\u0161lo mi, \u017ee Rogli\u010d m\u00e1 zatm\u011bn\u00ed p\u0159ed o\u010dima, norm\u00e1ln\u011b tam Kusse bez d\u016fvodu nechali. P\u0159itom <a href=\"https:\/\/www.welovecycling.com\/cs\/2023\/09\/17\/sepp-kuss-a-triumf-loajality-uspech-domestika-je-krachem-roglice\/\">Sepp Kuss<\/a> jim do vys\u00edla\u010dky musel \u0159\u00edkat, \u017ee to tempo u\u017e je na n\u011bj moc rychl\u00e9\u2026<\/p>\n<div class=\"shortcode-ys-post-pinup\"><article class=\"loop-simple post-23669 post type-post status-publish format-standard has-post-thumbnail hentry category-silnicni-cyklistika tag-cyklistika tag-jonas-vingegaard tag-jumbo-visma tag-maseri tag-mechanici tag-primoz-roglic tag-sepp-kuss tag-silnicni-cyklistika tag-vuelta-2023 global-categories-cycling\" data-postid=\"23669\" role=\"article\" data-post-id=\"23669\" data-word-count=\"445\" data-headline-length=\"111\" data-category=\"Silni\u010dn\u00ed cyklistika\" data-global-category=\"Cycling\" data-author=\"We Love Cycling\" data-published=\"2023-09-15T07:00:34+02:00\" data-published-day=\"Friday\">\n    <div class=\"entry-thumbnail article-thumbnail\" content=\"https:\/\/d2p6e6u75xmxt8.cloudfront.net\/13\/2023\/09\/stage-17-G-150x150.webp\"><a href=\"https:\/\/www.welovecycling.com\/cs\/2023\/09\/15\/armada-neviditelnych-kolik-lidi-pecuje-o-hvezdy-jako-je-sepp-kuss-jonas-vingegaard-ci-remco-evenepoel\/\" class=\"image-holder\" target=\"_self\"><img decoding=\"async\" loading=\"lazy\" class=\"\" src=\"https:\/\/d2p6e6u75xmxt8.cloudfront.net\/13\/2023\/09\/stage-17-G-1024x683.webp\" srcset=\"https:\/\/d2p6e6u75xmxt8.cloudfront.net\/13\/2023\/09\/stage-17-G.webp 2048w, https:\/\/d2p6e6u75xmxt8.cloudfront.net\/13\/2023\/09\/stage-17-G-300x200.webp 300w, https:\/\/d2p6e6u75xmxt8.cloudfront.net\/13\/2023\/09\/stage-17-G-1024x683.webp 1024w, https:\/\/d2p6e6u75xmxt8.cloudfront.net\/13\/2023\/09\/stage-17-G-768x512.webp 768w, https:\/\/d2p6e6u75xmxt8.cloudfront.net\/13\/2023\/09\/stage-17-G-1536x1025.webp 1536w, https:\/\/d2p6e6u75xmxt8.cloudfront.net\/13\/2023\/09\/stage-17-G-1920x1281.webp 1920w, https:\/\/d2p6e6u75xmxt8.cloudfront.net\/13\/2023\/09\/stage-17-G-400x267.webp 400w, https:\/\/d2p6e6u75xmxt8.cloudfront.net\/13\/2023\/09\/stage-17-G-272x182.webp 272w, https:\/\/d2p6e6u75xmxt8.cloudfront.net\/13\/2023\/09\/stage-17-G-1920x1281.webp 1920w\" width=\"1024\" height=\"683\" sizes=\"auto, (min-width: 1200px) 300px, (min-width: 768px) 25vw, 100vw\" alt=\"armada-neviditelnych-kolik-lidi-pecuje-o-hvezdy-jako-je-sepp-kuss-jonas-vingegaard-ci-remco-evenepoel\"\/><\/a><\/div>    <div class=\"entry-meta\">\n        <a class=\"label label-secondary post-category\" href=\"https:\/\/www.welovecycling.com\/cs\/category\/silnicni-cyklistika\/\" title=\"Silni\u010dn\u00ed cyklistika\">Silni\u010dn\u00ed cyklistika<\/a>\n    <\/div>\n    <div class=\"entry-details\">\n        <a href=\"https:\/\/www.welovecycling.com\/cs\/2023\/09\/15\/armada-neviditelnych-kolik-lidi-pecuje-o-hvezdy-jako-je-sepp-kuss-jonas-vingegaard-ci-remco-evenepoel\/\" class='entry-title-wrapper'>\n            <h3 class=\"entry-title\"><span>Arm\u00e1da neviditeln\u00fdch! Kolik lid\u00ed pe\u010duje o hv\u011bzdy, jako je Sepp Kuss, Jonas Vingegaard \u010di Remco Evenepoel?<\/span><\/h3>\n        <\/a>\n    <\/div>\n    <\/article>\n<\/div>\n<p>Mysl\u00edm si, \u017ee tohle hrub\u011b podcenilo i veden\u00ed t\u00fdmu. Maj\u00ed ka\u017ed\u00fd den porady a v\u011bc o l\u00eddrovi m\u011bla b\u00fdt jednozna\u010dn\u011b vy\u0159e\u0161ena. Dostali po\u0159\u00e1dnou \u010do\u010dku od m\u00e9di\u00ed, expert\u016f i \u0161irok\u00e9 ve\u0159ejnosti. Lidi miluj\u00ed Kusse, jak se na ka\u017ed\u00e9 Grand Tour dok\u00e1\u017ee ob\u011btovat pro l\u00eddry. A te\u010f \u017eili ten jeho p\u0159\u00edb\u011bh a p\u0159\u00e1li mu, aby dovezl \u010derven\u00fd dres a\u017e do c\u00edle.<\/p>\n<h2><strong>Primo\u017e Rogli\u010d a Jonas Vingegaard nemohou z\u00e1vodit spole\u010dn\u011b<\/strong><\/h2>\n<p>Rogli\u010dovi i Vingegaardovi jen letos tak moc pomohl na Giru i na Tour, je nesm\u00edrn\u011b loaj\u00e1ln\u00ed. A m\u00edsto toho, aby mu to vraceli, tak se oba v\u00a0jednu chv\u00edli chovali jako hlup\u00e1ci. V\u00a0etap\u011b na Angliru o \u010derven\u00fd dres mohl Kuss p\u0159ij\u00edt. Kdyby vyhr\u00e1l Vingegaard a on nez\u00edskal \u010dty\u0159i bonusov\u00e9 vte\u0159iny za to, \u017ee v\u00a0souboji o t\u0159et\u00ed m\u00edsto porazil Landu, bylo asi hotovo.<\/p>\n<p>Mysl\u00edm, \u017ee na vlnu nevole, kter\u00e1 se rozpoutala, okam\u017eit\u011b zareagoval t\u00fdm a srovnal je do lat\u011b. Bylo a\u017e komick\u00e9, jak druh\u00fd den jel Vingegaard Kussovi tempo a po\u0159\u00e1d ho dirigoval\u2026 Ud\u011blali komedii pro lidi, jak je v\u0161echno kr\u00e1sn\u00e9 a v\u0161ichni p\u0159ej\u00ed Kussovi. J\u00e1 jim to nev\u011b\u0159il.<\/p>\n<figure id=\"attachment_23692\" aria-describedby=\"caption-attachment-23692\" style=\"width: 1920px\" class=\"wp-caption alignnone\"><a href=\"https:\/\/d2p6e6u75xmxt8.cloudfront.net\/13\/2023\/09\/vuelta-21-kuss.webp\"><img loading=\"lazy\" decoding=\"async\" class=\"size-extra-large wp-image-23692\" src=\"https:\/\/d2p6e6u75xmxt8.cloudfront.net\/13\/2023\/09\/vuelta-21-kuss-1920x1281.webp\" alt=\"Sepp Kuss\" width=\"1920\" height=\"1281\" srcset=\"https:\/\/d2p6e6u75xmxt8.cloudfront.net\/13\/2023\/09\/vuelta-21-kuss-1920x1281.webp 1920w, https:\/\/d2p6e6u75xmxt8.cloudfront.net\/13\/2023\/09\/vuelta-21-kuss-300x200.webp 300w, https:\/\/d2p6e6u75xmxt8.cloudfront.net\/13\/2023\/09\/vuelta-21-kuss-1024x683.webp 1024w, https:\/\/d2p6e6u75xmxt8.cloudfront.net\/13\/2023\/09\/vuelta-21-kuss-768x512.webp 768w, https:\/\/d2p6e6u75xmxt8.cloudfront.net\/13\/2023\/09\/vuelta-21-kuss-1536x1025.webp 1536w, https:\/\/d2p6e6u75xmxt8.cloudfront.net\/13\/2023\/09\/vuelta-21-kuss-400x267.webp 400w, https:\/\/d2p6e6u75xmxt8.cloudfront.net\/13\/2023\/09\/vuelta-21-kuss-272x182.webp 272w, https:\/\/d2p6e6u75xmxt8.cloudfront.net\/13\/2023\/09\/vuelta-21-kuss.webp 2048w, https:\/\/d2p6e6u75xmxt8.cloudfront.net\/13\/2023\/09\/vuelta-21-kuss-1920x1281.webp 1920w\" sizes=\"auto, (max-width: 1920px) 100vw, 1920px\" \/><\/a><figcaption id=\"caption-attachment-23692\" class=\"wp-caption-text\"><em>Sepp Kuss rozd\u00e1v\u00e1 autogramy v c\u00edli Vuelty 2023.<\/em><\/figcaption><\/figure>\n<p>Podle m\u011b u\u017e je v Jumbo-Visma moc kohout\u016f na jednom smeti\u0161ti a atmosf\u00e9ra nen\u00ed idylick\u00e1. Mus\u00edte k nim p\u0159idat je\u0161t\u011b Wouta van Aerta a zkrotit v\u0161echny je hodn\u011b t\u011b\u017ek\u00e9. Van Aert chce taky vyhr\u00e1vat n\u011bjak\u00e9 etapy na Tour, ale letos mu t\u0159eba v\u016fbec nepomohli. Bylo to stylem: OK, zkus si vyhr\u00e1t etapu, ale pak tu bude\u0161 pro t\u00fdm. A on d\u0159el do \u00famoru.<\/p>\n<div class=\"shortcode-ys-post-pinup\"><article class=\"loop-simple post-23171 post type-post status-publish format-standard has-post-thumbnail hentry category-tour-de-france tag-cyklistika tag-grande-boucle tag-jonas-vingegaard tag-jumbo-visma tag-silnicni-cyklistika tag-tadej-pogacar tag-tour-de-france-2022 tag-tour-de-france-2023 tag-wout-van-aert global-categories-cycling\" data-postid=\"23171\" role=\"article\" data-post-id=\"23171\" data-word-count=\"424\" data-headline-length=\"92\" data-category=\"Tour de France\" data-global-category=\"Cycling\" data-author=\"We Love Cycling\" data-published=\"2023-07-23T22:39:00+02:00\" data-published-day=\"Sunday\">\n    <div class=\"entry-thumbnail article-thumbnail\" content=\"https:\/\/d2p6e6u75xmxt8.cloudfront.net\/13\/2023\/07\/profimedia-0791361926-150x150.webp\"><a href=\"https:\/\/www.welovecycling.com\/cs\/2023\/07\/23\/jonas-vingegaard-znici-ambice-kontroverze-s-tymovym-kolegou-a-dopingova-obvineni\/\" class=\"image-holder\" target=\"_self\"><img decoding=\"async\" loading=\"lazy\" class=\"\" src=\"https:\/\/d2p6e6u75xmxt8.cloudfront.net\/13\/2023\/07\/profimedia-0791361926-1024x683.webp\" srcset=\"https:\/\/d2p6e6u75xmxt8.cloudfront.net\/13\/2023\/07\/profimedia-0791361926.webp 1800w, https:\/\/d2p6e6u75xmxt8.cloudfront.net\/13\/2023\/07\/profimedia-0791361926-300x200.webp 300w, https:\/\/d2p6e6u75xmxt8.cloudfront.net\/13\/2023\/07\/profimedia-0791361926-1024x683.webp 1024w, https:\/\/d2p6e6u75xmxt8.cloudfront.net\/13\/2023\/07\/profimedia-0791361926-768x512.webp 768w, https:\/\/d2p6e6u75xmxt8.cloudfront.net\/13\/2023\/07\/profimedia-0791361926-1536x1024.webp 1536w, https:\/\/d2p6e6u75xmxt8.cloudfront.net\/13\/2023\/07\/profimedia-0791361926-400x267.webp 400w, https:\/\/d2p6e6u75xmxt8.cloudfront.net\/13\/2023\/07\/profimedia-0791361926-272x182.webp 272w\" width=\"1024\" height=\"683\" sizes=\"auto, (min-width: 1200px) 300px, (min-width: 768px) 25vw, 100vw\" alt=\"jonas-vingegaard-znici-ambice-kontroverze-s-tymovym-kolegou-a-dopingova-obvineni\"\/><\/a><\/div>    <div class=\"entry-meta\">\n        <a class=\"label label-secondary post-category\" href=\"https:\/\/www.welovecycling.com\/cs\/category\/tour-de-france\/\" title=\"Tour de France\">Tour de France<\/a>\n    <\/div>\n    <div class=\"entry-details\">\n        <a href=\"https:\/\/www.welovecycling.com\/cs\/2023\/07\/23\/jonas-vingegaard-znici-ambice-kontroverze-s-tymovym-kolegou-a-dopingova-obvineni\/\" class='entry-title-wrapper'>\n            <h3 class=\"entry-title\"><span>Jonas Vingegaard: semele \u0161ampiona kontroverze s\u00a0t\u00fdmov\u00fdm kolegou a dopingov\u00e1 obvin\u011bn\u00ed?<\/span><\/h3>\n        <\/a>\n    <\/div>\n    <\/article>\n<\/div>\n<p>Leto\u0161n\u00ed Vuelta jen uk\u00e1zala, \u017ee Rogli\u010d a Vingegaard nemohou jet \u017e\u00e1dnou Grand Tour spolu. A t\u00fdm to dob\u0159e v\u00ed. Na pozici Kusse asi v\u00edt\u011bzstv\u00ed nic nezm\u011bn\u00ed. Splnil si n\u011bco, o \u010dem z\u0159ejm\u011b ani nesnil. Nebyl to \u017e\u00e1dn\u00fd d\u00e1rek, musel si to vyd\u0159\u00edt. Ale mysl\u00edm, \u017ee mu role superdomestika vyhovuje. Je za to bezpochyby kr\u00e1lovsky zaplacen\u00fd. Ono je n\u011bco jin\u00e9ho jezdit pravideln\u011b Grand Tour na po\u0159ad\u00ed. Na to mus\u00ed b\u00fdt \u010dlov\u011bk psychicky nesm\u00edrn\u011b siln\u00fd a opravdu to nen\u00ed zdaleka pro ka\u017ed\u00e9ho.<\/p>\n<h2><strong>Je Remco Evenepoel vhodn\u00fd l\u00eddr na Grand Tour?<\/strong><\/h2>\n<p>Na Evenepoelovi bylo vid\u011bt, \u017ee si slab\u0161\u00ed chv\u00edli vybral jen na Tourmalet, dal\u0161\u00ed den \u0161el do \u00faniku a vyhr\u00e1l etapu. Pak to dok\u00e1zal je\u0161t\u011b jednou. Ale ur\u010dit\u011b to pro n\u011bj bylo zklam\u00e1n\u00ed. Kv\u016fli covidu musel p\u0159ed\u010dasn\u011b odjet z Gira, te\u010f mu nevy\u0161la Vuelta, kde cht\u011bl jet na celkov\u00e9 v\u00edt\u011bzstv\u00ed.<\/p>\n<p>J\u00e1 si stejn\u011b nem\u016f\u017eu pomoct, ale Remco mi po\u0159\u00e1d nep\u0159ipad\u00e1 jako klasick\u00fd l\u00eddr na Grand Tour. Je to super z\u00e1vodn\u00edk, po\u0159\u00e1d hodn\u011b mlad\u00fd, ale vid\u00edm v n\u011bm hlavn\u011b klasik\u00e1\u0159e. I kdy\u017e Quick Step na p\u0159\u00ed\u0161t\u00ed sezonu hodn\u011b pos\u00edlil kv\u016fli Tour de France, nemysl\u00edm si, \u017ee je tam Evenepoel schopen porazit Poga\u010dara s Vingegaardem.<\/p>\n<figure id=\"attachment_23628\" aria-describedby=\"caption-attachment-23628\" style=\"width: 1920px\" class=\"wp-caption alignnone\"><a href=\"https:\/\/d2p6e6u75xmxt8.cloudfront.net\/13\/2023\/09\/15-sepp-kuss-III.webp\"><img loading=\"lazy\" decoding=\"async\" class=\"size-extra-large wp-image-23628\" src=\"https:\/\/d2p6e6u75xmxt8.cloudfront.net\/13\/2023\/09\/15-sepp-kuss-III-1920x1280.webp\" alt=\"Sepp Kuss\" width=\"1920\" height=\"1280\" srcset=\"https:\/\/d2p6e6u75xmxt8.cloudfront.net\/13\/2023\/09\/15-sepp-kuss-III-1920x1280.webp 1920w, https:\/\/d2p6e6u75xmxt8.cloudfront.net\/13\/2023\/09\/15-sepp-kuss-III-300x200.webp 300w, https:\/\/d2p6e6u75xmxt8.cloudfront.net\/13\/2023\/09\/15-sepp-kuss-III-1024x682.webp 1024w, https:\/\/d2p6e6u75xmxt8.cloudfront.net\/13\/2023\/09\/15-sepp-kuss-III-768x512.webp 768w, https:\/\/d2p6e6u75xmxt8.cloudfront.net\/13\/2023\/09\/15-sepp-kuss-III-1536x1024.webp 1536w, https:\/\/d2p6e6u75xmxt8.cloudfront.net\/13\/2023\/09\/15-sepp-kuss-III-400x267.webp 400w, https:\/\/d2p6e6u75xmxt8.cloudfront.net\/13\/2023\/09\/15-sepp-kuss-III-272x182.webp 272w, https:\/\/d2p6e6u75xmxt8.cloudfront.net\/13\/2023\/09\/15-sepp-kuss-III.webp 2000w, https:\/\/d2p6e6u75xmxt8.cloudfront.net\/13\/2023\/09\/15-sepp-kuss-III-1920x1280.webp 1920w\" sizes=\"auto, (max-width: 1920px) 100vw, 1920px\" \/><\/a><figcaption id=\"caption-attachment-23628\" class=\"wp-caption-text\"><em>Sepp Kuss za z\u00e1dy Primo\u017ee Rogli\u010de, jemu\u017e se rozhodnut\u00ed t\u00fdmu p\u0159\u00edli\u0161 nepozd\u00e1valo.<\/em><\/figcaption><\/figure>\n<p>Je fajn, \u017ee se do hry o po\u0159ad\u00ed na Grand Tour pomalu posouvaj\u00ed mlad\u00ed z\u00e1vodn\u00edci. Je tu \u0160pan\u011bl Ayuso z UAE, kter\u00fd byl \u010dtvrt\u00fd, v des\u00edtce skon\u010dil i Belgi\u010dan Uijtdebroeks. Tomu je teprve dvacet, vloni vyhr\u00e1l Tour de l\u00b4Avenir a ur\u010dit\u011b je velk\u00fdm p\u0159\u00edslibem. Jen si nejsem jist\u00fd, jestli Bora je t\u00fdmem, kter\u00fd dok\u00e1\u017ee vychovat v\u00edt\u011bze Grand Tour.<\/p>\n<div class=\"shortcode-ys-post-pinup\"><article class=\"loop-simple post-23606 post type-post status-publish format-standard has-post-thumbnail hentry category-tipy-na-vylet tag-blansky-les tag-cyklistika tag-cyklovylet tag-holasovice tag-horska-cyklistika tag-hrad-divci-kamen tag-husinec tag-josefova-vez tag-klet tag-kristanov tag-krizova-cesta-dobra-voda tag-silnicni-cyklistika tag-tip-na-cyklovylet tag-trenink global-categories-cycling\" data-postid=\"23606\" role=\"article\" data-post-id=\"23606\" data-word-count=\"524\" data-headline-length=\"83\" data-category=\"Tipy na v\u00fdlet\" data-global-category=\"Cycling\" data-author=\"We Love Cycling\" data-published=\"2023-09-07T16:00:43+02:00\" data-published-day=\"Thursday\">\n    <div class=\"entry-thumbnail article-thumbnail\" content=\"https:\/\/d2p6e6u75xmxt8.cloudfront.net\/13\/2023\/09\/profimedia-0012590744-150x150.webp\"><a href=\"https:\/\/www.welovecycling.com\/cs\/2023\/09\/07\/tip-na-cyklovylet-blansky-les-pohoda-na-jihu-kolem-rybniku-nebo-drsna-klet\/\" class=\"image-holder\" target=\"_self\"><img decoding=\"async\" loading=\"lazy\" class=\"\" src=\"https:\/\/d2p6e6u75xmxt8.cloudfront.net\/13\/2023\/09\/profimedia-0012590744-1024x683.webp\" srcset=\"https:\/\/d2p6e6u75xmxt8.cloudfront.net\/13\/2023\/09\/profimedia-0012590744.webp 1800w, https:\/\/d2p6e6u75xmxt8.cloudfront.net\/13\/2023\/09\/profimedia-0012590744-300x200.webp 300w, https:\/\/d2p6e6u75xmxt8.cloudfront.net\/13\/2023\/09\/profimedia-0012590744-1024x683.webp 1024w, https:\/\/d2p6e6u75xmxt8.cloudfront.net\/13\/2023\/09\/profimedia-0012590744-768x512.webp 768w, https:\/\/d2p6e6u75xmxt8.cloudfront.net\/13\/2023\/09\/profimedia-0012590744-1536x1024.webp 1536w, https:\/\/d2p6e6u75xmxt8.cloudfront.net\/13\/2023\/09\/profimedia-0012590744-400x267.webp 400w, https:\/\/d2p6e6u75xmxt8.cloudfront.net\/13\/2023\/09\/profimedia-0012590744-272x182.webp 272w\" width=\"1024\" height=\"683\" sizes=\"auto, (min-width: 1200px) 300px, (min-width: 768px) 25vw, 100vw\" alt=\"tip-na-cyklovylet-blansky-les-pohoda-na-jihu-kolem-rybniku-nebo-drsna-klet\"\/><\/a><\/div>    <div class=\"entry-meta\">\n        <a class=\"label label-secondary post-category\" href=\"https:\/\/www.welovecycling.com\/cs\/category\/https-www-welovecycling-com-cs-otestovano-jizdou\/tipy-na-vylet\/\" title=\"Tipy na v\u00fdlet\">Tipy na v\u00fdlet<\/a>\n    <\/div>\n    <div class=\"entry-details\">\n        <a href=\"https:\/\/www.welovecycling.com\/cs\/2023\/09\/07\/tip-na-cyklovylet-blansky-les-pohoda-na-jihu-kolem-rybniku-nebo-drsna-klet\/\" class='entry-title-wrapper'>\n            <h3 class=\"entry-title\"><span>Tip na cyklov\u00fdlet: Blansk\u00fd les, pohoda na jihu kolem rybn\u00edk\u016f, nebo drsn\u00e1 Kle\u0165<\/span><\/h3>\n        <\/a>\n    <\/div>\n    <\/article>\n<\/div>\n<p>Vueltu objeli i dva \u010de\u0161t\u00ed reprezentanti. Honza Hirt m\u011bl jasn\u00fd \u00fakol: starat se o Evenepoela v nejt\u011b\u017e\u0161\u00edch etap\u00e1ch. Pak se to tro\u0161ku rozsypalo a mo\u017en\u00e1 m\u011bl v\u011bt\u0161\u00ed volnost. \u017d\u00e1dn\u00fd spr\u00e1vn\u00fd \u00fanik ale netrefil. Michal Schlegel v jednom \u00faniku na konci Vuelty byl, ale zrovna si vybral rovinatou etapu a bylo jasn\u00e9, \u017ee je sjedou. Od Michala jsem \u010dekal mo\u017en\u00e1 trochu v\u00edc v kopc\u00edch, \u017ee by jednou odjel s vrcha\u0159i, kte\u0159\u00ed nejsou v po\u0159ad\u00ed. Ale jen se uk\u00e1zalo, \u017ee je v\u017edy hodn\u011b t\u011b\u017ek\u00e9 trefit spr\u00e1vn\u00fd \u00fanik.\u201c<\/p>\n","protected":false},"excerpt":{"rendered":"<p>Nesm\u011ble p\u00f3zoval ve speci\u00e1ln\u00edm tri\u010dku, kter\u00e9 r\u016f\u017eov\u00fdm, \u017elut\u00fdm a \u010derven\u00fdm pruhem zn\u00e1zor\u0148ovalo dominanci formace Jumbo Visma na z\u00e1vodech Grand Tour [&hellip;]<\/p>\n","protected":false},"author":138,"featured_media":23693,"comment_status":"open","ping_status":"open","sticky":false,"template":"","format":"standard","meta":{"footnotes":""},"categories":[10],"tags":[126,1601,501,102,1072,1600,9,640,2778],"global-categories":[411],"class_list":["post-23678","post","type-post","status-publish","format-standard","has-post-thumbnail","hentry","category-silnicni-cyklistika","tag-cyklistika","tag-jonas-vingegaard","tag-jumbo-visma","tag-primoz-roglic","tag-remco-evenepoel","tag-sepp-kuss","tag-silnicni-cyklistika","tag-tomas-konecny","tag-vuelta-2023","global-categories-cycling"],"yoast_head":"<!-- This site is optimized with the Yoast SEO Premium plugin v25.3 (Yoast SEO v25.9) - https:\/\/yoast.com\/wordpress\/plugins\/seo\/ -->\n<title>Chovali se jako hlup\u00e1ci! Expert o Rogli\u010dovi a Vingegaardovi na Vuelt\u011b | \u0160koda We Love Cycling - \u010cesk\u00e1 republika<\/title>\n<meta name=\"description\" content=\"Nesm\u011ble p\u00f3zoval ve speci\u00e1ln\u00edm tri\u010dku, kter\u00e9 r\u016f\u017eov\u00fdm, \u017elut\u00fdm a \u010derven\u00fdm pruhem zn\u00e1zor\u0148ovalo dominanci formace Jumbo Visma na z\u00e1vodech Grand Tour sezony 2023. Ameri\u010dan Sepp Kuss jako v\u00edt\u011bz Vuelty 2023 se vymyk\u00e1 klasick\u00e9 \u00faloze l\u00eddra. V Madridu vystoupil na nejvy\u0161\u0161\u00ed stup\u00ednek n\u00e1sledov\u00e1n st\u0159\u00edbrn\u00fdm Jonasem Vingegaardem a bronzov\u00fdm Primo\u017eem Rogli\u010dem, t\u00fdmov\u00fdmi kolegy.\" \/>\n<meta name=\"robots\" content=\"index, follow, max-snippet:-1, max-image-preview:large, max-video-preview:-1\" \/>\n<link rel=\"canonical\" href=\"https:\/\/www.welovecycling.com\/cs\/2023\/09\/18\/chovali-se-jako-hlupaci-expert-o-roglicovi-a-vingegaardovi-na-vuelte\/\" \/>\n<meta property=\"og:locale\" content=\"cs_CZ\" \/>\n<meta property=\"og:type\" content=\"article\" \/>\n<meta property=\"og:title\" content=\"Chovali se jako hlup\u00e1ci! Expert o Rogli\u010dovi a Vingegaardovi na Vuelt\u011b\" \/>\n<meta property=\"og:description\" content=\"Nesm\u011ble p\u00f3zoval ve speci\u00e1ln\u00edm tri\u010dku, kter\u00e9 r\u016f\u017eov\u00fdm, \u017elut\u00fdm a \u010derven\u00fdm pruhem zn\u00e1zor\u0148ovalo dominanci formace Jumbo Visma na z\u00e1vodech Grand Tour sezony 2023. Ameri\u010dan Sepp Kuss jako v\u00edt\u011bz Vuelty 2023 se vymyk\u00e1 klasick\u00e9 \u00faloze l\u00eddra. V Madridu vystoupil na nejvy\u0161\u0161\u00ed stup\u00ednek n\u00e1sledov\u00e1n st\u0159\u00edbrn\u00fdm Jonasem Vingegaardem a bronzov\u00fdm Primo\u017eem Rogli\u010dem, t\u00fdmov\u00fdmi kolegy.\" \/>\n<meta property=\"og:url\" content=\"https:\/\/www.welovecycling.com\/cs\/2023\/09\/18\/chovali-se-jako-hlupaci-expert-o-roglicovi-a-vingegaardovi-na-vuelte\/\" \/>\n<meta property=\"og:site_name\" content=\"\u0160koda We Love Cycling - \u010cesk\u00e1 republika\" \/>\n<meta property=\"article:published_time\" content=\"2023-09-18T14:00:43+00:00\" \/>\n<meta property=\"og:image\" content=\"https:\/\/d2p6e6u75xmxt8.cloudfront.net\/13\/2023\/09\/Vuelta-21.webp\" \/>\n\t<meta property=\"og:image:width\" content=\"2048\" \/>\n\t<meta property=\"og:image:height\" content=\"1366\" \/>\n\t<meta property=\"og:image:type\" content=\"image\/webp\" \/>\n<meta name=\"author\" content=\"radekmalina\" \/>\n<meta name=\"twitter:card\" content=\"summary_large_image\" \/>\n<meta name=\"twitter:label1\" content=\"Written by\" \/>\n\t<meta name=\"twitter:data1\" content=\"We Love Cycling\" \/>\n\t<meta name=\"twitter:label2\" content=\"Est. reading time\" \/>\n\t<meta name=\"twitter:data2\" content=\"6\" \/>\n<script type=\"application\/ld+json\" class=\"yoast-schema-graph\">{\"@context\":\"https:\/\/schema.org\",\"@graph\":[{\"@type\":\"WebPage\",\"@id\":\"https:\/\/www.welovecycling.com\/cs\/2023\/09\/18\/chovali-se-jako-hlupaci-expert-o-roglicovi-a-vingegaardovi-na-vuelte\/\",\"url\":\"https:\/\/www.welovecycling.com\/cs\/2023\/09\/18\/chovali-se-jako-hlupaci-expert-o-roglicovi-a-vingegaardovi-na-vuelte\/\",\"name\":\"Chovali se jako hlup\u00e1ci! Expert o Rogli\u010dovi a Vingegaardovi na Vuelt\u011b | \u0160koda We Love Cycling - \u010cesk\u00e1 republika\",\"isPartOf\":{\"@id\":\"https:\/\/www.welovecycling.com\/cs\/#website\"},\"primaryImageOfPage\":{\"@id\":\"https:\/\/www.welovecycling.com\/cs\/2023\/09\/18\/chovali-se-jako-hlupaci-expert-o-roglicovi-a-vingegaardovi-na-vuelte\/#primaryimage\"},\"image\":{\"@id\":\"https:\/\/www.welovecycling.com\/cs\/2023\/09\/18\/chovali-se-jako-hlupaci-expert-o-roglicovi-a-vingegaardovi-na-vuelte\/#primaryimage\"},\"thumbnailUrl\":\"https:\/\/d2p6e6u75xmxt8.cloudfront.net\/13\/2023\/09\/Vuelta-21.webp\",\"datePublished\":\"2023-09-18T14:00:43+00:00\",\"author\":{\"@id\":\"https:\/\/www.welovecycling.com\/cs\/#\/schema\/person\/d9eeb0a378f3a7e4a6d12d2b536b04b8\"},\"description\":\"Nesm\u011ble p\u00f3zoval ve speci\u00e1ln\u00edm tri\u010dku, kter\u00e9 r\u016f\u017eov\u00fdm, \u017elut\u00fdm a \u010derven\u00fdm pruhem zn\u00e1zor\u0148ovalo dominanci formace Jumbo Visma na z\u00e1vodech Grand Tour sezony 2023. Ameri\u010dan Sepp Kuss jako v\u00edt\u011bz Vuelty 2023 se vymyk\u00e1 klasick\u00e9 \u00faloze l\u00eddra. V Madridu vystoupil na nejvy\u0161\u0161\u00ed stup\u00ednek n\u00e1sledov\u00e1n st\u0159\u00edbrn\u00fdm Jonasem Vingegaardem a bronzov\u00fdm Primo\u017eem Rogli\u010dem, t\u00fdmov\u00fdmi kolegy.\",\"inLanguage\":\"cs\",\"potentialAction\":[{\"@type\":\"ReadAction\",\"target\":[\"https:\/\/www.welovecycling.com\/cs\/2023\/09\/18\/chovali-se-jako-hlupaci-expert-o-roglicovi-a-vingegaardovi-na-vuelte\/\"]}]},{\"@type\":\"ImageObject\",\"inLanguage\":\"cs\",\"@id\":\"https:\/\/www.welovecycling.com\/cs\/2023\/09\/18\/chovali-se-jako-hlupaci-expert-o-roglicovi-a-vingegaardovi-na-vuelte\/#primaryimage\",\"url\":\"https:\/\/d2p6e6u75xmxt8.cloudfront.net\/13\/2023\/09\/Vuelta-21.webp\",\"contentUrl\":\"https:\/\/d2p6e6u75xmxt8.cloudfront.net\/13\/2023\/09\/Vuelta-21.webp\",\"width\":2048,\"height\":1366,\"caption\":\"Kdyby cyklistick\u00fd kalend\u00e1\u0159 doznal zm\u011bn, mohly by m\u00edt v\u0161echny Grand Tour jednoho v\u00edt\u011bze? Primo\u017e Rogli\u010d letos vyhr\u00e1l Giro di Italia. Jeho dal\u0161\u00ed spojen\u00ed s Vingegaardem (vlevo) a Kussem se uk\u00e1zalo jako neudr\u017eiteln\u00e9. Rychlobruslen\u00ed ZOH\"},{\"@type\":\"WebSite\",\"@id\":\"https:\/\/www.welovecycling.com\/cs\/#website\",\"url\":\"https:\/\/www.welovecycling.com\/cs\/\",\"name\":\"\u0160koda We Love Cycling - \u010cesk\u00e1 republika\",\"description\":\"WeLoveCycling.cz je online magaz\u00edn, kter\u00fd v\u00e1m pravideln\u011b p\u0159in\u00e1\u0161\u00ed rady a tipy, zaj\u00edmav\u00e9 \u010dl\u00e1nky, videa a jedine\u010dn\u00e9 report\u00e1\u017ee ze sv\u011bta cyklistiky.\",\"potentialAction\":[{\"@type\":\"SearchAction\",\"target\":{\"@type\":\"EntryPoint\",\"urlTemplate\":\"https:\/\/www.welovecycling.com\/cs\/?s={search_term_string}\"},\"query-input\":{\"@type\":\"PropertyValueSpecification\",\"valueRequired\":true,\"valueName\":\"search_term_string\"}}],\"inLanguage\":\"cs\"},{\"@type\":\"Person\",\"@id\":\"https:\/\/www.welovecycling.com\/cs\/#\/schema\/person\/d9eeb0a378f3a7e4a6d12d2b536b04b8\",\"name\":\"radekmalina\",\"image\":{\"@type\":\"ImageObject\",\"inLanguage\":\"cs\",\"@id\":\"https:\/\/www.welovecycling.com\/cs\/#\/schema\/person\/image\/\",\"url\":\"https:\/\/secure.gravatar.com\/avatar\/66994b632cb8c39a46b9f54afa3ae07201b678d32a54275b6f1c9ffec356bfc0?s=96&d=mm&r=g\",\"contentUrl\":\"https:\/\/secure.gravatar.com\/avatar\/66994b632cb8c39a46b9f54afa3ae07201b678d32a54275b6f1c9ffec356bfc0?s=96&d=mm&r=g\",\"caption\":\"radekmalina\"},\"url\":\"https:\/\/www.welovecycling.com\/cs\/author\/radekmalina\/\"}]}<\/script>\n<!-- \/ Yoast SEO Premium plugin. -->","yoast_head_json":{"title":"Chovali se jako hlup\u00e1ci! Expert o Rogli\u010dovi a Vingegaardovi na Vuelt\u011b | \u0160koda We Love Cycling - \u010cesk\u00e1 republika","description":"Nesm\u011ble p\u00f3zoval ve speci\u00e1ln\u00edm tri\u010dku, kter\u00e9 r\u016f\u017eov\u00fdm, \u017elut\u00fdm a \u010derven\u00fdm pruhem zn\u00e1zor\u0148ovalo dominanci formace Jumbo Visma na z\u00e1vodech Grand Tour sezony 2023. Ameri\u010dan Sepp Kuss jako v\u00edt\u011bz Vuelty 2023 se vymyk\u00e1 klasick\u00e9 \u00faloze l\u00eddra. V Madridu vystoupil na nejvy\u0161\u0161\u00ed stup\u00ednek n\u00e1sledov\u00e1n st\u0159\u00edbrn\u00fdm Jonasem Vingegaardem a bronzov\u00fdm Primo\u017eem Rogli\u010dem, t\u00fdmov\u00fdmi kolegy.","robots":{"index":"index","follow":"follow","max-snippet":"max-snippet:-1","max-image-preview":"max-image-preview:large","max-video-preview":"max-video-preview:-1"},"canonical":"https:\/\/www.welovecycling.com\/cs\/2023\/09\/18\/chovali-se-jako-hlupaci-expert-o-roglicovi-a-vingegaardovi-na-vuelte\/","og_locale":"cs_CZ","og_type":"article","og_title":"Chovali se jako hlup\u00e1ci! Expert o Rogli\u010dovi a Vingegaardovi na Vuelt\u011b","og_description":"Nesm\u011ble p\u00f3zoval ve speci\u00e1ln\u00edm tri\u010dku, kter\u00e9 r\u016f\u017eov\u00fdm, \u017elut\u00fdm a \u010derven\u00fdm pruhem zn\u00e1zor\u0148ovalo dominanci formace Jumbo Visma na z\u00e1vodech Grand Tour sezony 2023. Ameri\u010dan Sepp Kuss jako v\u00edt\u011bz Vuelty 2023 se vymyk\u00e1 klasick\u00e9 \u00faloze l\u00eddra. V Madridu vystoupil na nejvy\u0161\u0161\u00ed stup\u00ednek n\u00e1sledov\u00e1n st\u0159\u00edbrn\u00fdm Jonasem Vingegaardem a bronzov\u00fdm Primo\u017eem Rogli\u010dem, t\u00fdmov\u00fdmi kolegy.","og_url":"https:\/\/www.welovecycling.com\/cs\/2023\/09\/18\/chovali-se-jako-hlupaci-expert-o-roglicovi-a-vingegaardovi-na-vuelte\/","og_site_name":"\u0160koda We Love Cycling - \u010cesk\u00e1 republika","article_published_time":"2023-09-18T14:00:43+00:00","og_image":[{"width":2048,"height":1366,"url":"https:\/\/d2p6e6u75xmxt8.cloudfront.net\/13\/2023\/09\/Vuelta-21.webp","type":"image\/webp"}],"author":"radekmalina","twitter_card":"summary_large_image","twitter_misc":{"Written by":"We Love Cycling","Est. reading time":"6"},"schema":{"@context":"https:\/\/schema.org","@graph":[{"@type":"WebPage","@id":"https:\/\/www.welovecycling.com\/cs\/2023\/09\/18\/chovali-se-jako-hlupaci-expert-o-roglicovi-a-vingegaardovi-na-vuelte\/","url":"https:\/\/www.welovecycling.com\/cs\/2023\/09\/18\/chovali-se-jako-hlupaci-expert-o-roglicovi-a-vingegaardovi-na-vuelte\/","name":"Chovali se jako hlup\u00e1ci! Expert o Rogli\u010dovi a Vingegaardovi na Vuelt\u011b | \u0160koda We Love Cycling - \u010cesk\u00e1 republika","isPartOf":{"@id":"https:\/\/www.welovecycling.com\/cs\/#website"},"primaryImageOfPage":{"@id":"https:\/\/www.welovecycling.com\/cs\/2023\/09\/18\/chovali-se-jako-hlupaci-expert-o-roglicovi-a-vingegaardovi-na-vuelte\/#primaryimage"},"image":{"@id":"https:\/\/www.welovecycling.com\/cs\/2023\/09\/18\/chovali-se-jako-hlupaci-expert-o-roglicovi-a-vingegaardovi-na-vuelte\/#primaryimage"},"thumbnailUrl":"https:\/\/d2p6e6u75xmxt8.cloudfront.net\/13\/2023\/09\/Vuelta-21.webp","datePublished":"2023-09-18T14:00:43+00:00","author":{"@id":"https:\/\/www.welovecycling.com\/cs\/#\/schema\/person\/d9eeb0a378f3a7e4a6d12d2b536b04b8"},"description":"Nesm\u011ble p\u00f3zoval ve speci\u00e1ln\u00edm tri\u010dku, kter\u00e9 r\u016f\u017eov\u00fdm, \u017elut\u00fdm a \u010derven\u00fdm pruhem zn\u00e1zor\u0148ovalo dominanci formace Jumbo Visma na z\u00e1vodech Grand Tour sezony 2023. Ameri\u010dan Sepp Kuss jako v\u00edt\u011bz Vuelty 2023 se vymyk\u00e1 klasick\u00e9 \u00faloze l\u00eddra. V Madridu vystoupil na nejvy\u0161\u0161\u00ed stup\u00ednek n\u00e1sledov\u00e1n st\u0159\u00edbrn\u00fdm Jonasem Vingegaardem a bronzov\u00fdm Primo\u017eem Rogli\u010dem, t\u00fdmov\u00fdmi kolegy.","inLanguage":"cs","potentialAction":[{"@type":"ReadAction","target":["https:\/\/www.welovecycling.com\/cs\/2023\/09\/18\/chovali-se-jako-hlupaci-expert-o-roglicovi-a-vingegaardovi-na-vuelte\/"]}]},{"@type":"ImageObject","inLanguage":"cs","@id":"https:\/\/www.welovecycling.com\/cs\/2023\/09\/18\/chovali-se-jako-hlupaci-expert-o-roglicovi-a-vingegaardovi-na-vuelte\/#primaryimage","url":"https:\/\/d2p6e6u75xmxt8.cloudfront.net\/13\/2023\/09\/Vuelta-21.webp","contentUrl":"https:\/\/d2p6e6u75xmxt8.cloudfront.net\/13\/2023\/09\/Vuelta-21.webp","width":2048,"height":1366,"caption":"Kdyby cyklistick\u00fd kalend\u00e1\u0159 doznal zm\u011bn, mohly by m\u00edt v\u0161echny Grand Tour jednoho v\u00edt\u011bze? Primo\u017e Rogli\u010d letos vyhr\u00e1l Giro di Italia. Jeho dal\u0161\u00ed spojen\u00ed s Vingegaardem (vlevo) a Kussem se uk\u00e1zalo jako neudr\u017eiteln\u00e9. Rychlobruslen\u00ed ZOH"},{"@type":"WebSite","@id":"https:\/\/www.welovecycling.com\/cs\/#website","url":"https:\/\/www.welovecycling.com\/cs\/","name":"\u0160koda We Love Cycling - \u010cesk\u00e1 republika","description":"WeLoveCycling.cz je online magaz\u00edn, kter\u00fd v\u00e1m pravideln\u011b p\u0159in\u00e1\u0161\u00ed rady a tipy, zaj\u00edmav\u00e9 \u010dl\u00e1nky, videa a jedine\u010dn\u00e9 report\u00e1\u017ee ze sv\u011bta cyklistiky.","potentialAction":[{"@type":"SearchAction","target":{"@type":"EntryPoint","urlTemplate":"https:\/\/www.welovecycling.com\/cs\/?s={search_term_string}"},"query-input":{"@type":"PropertyValueSpecification","valueRequired":true,"valueName":"search_term_string"}}],"inLanguage":"cs"},{"@type":"Person","@id":"https:\/\/www.welovecycling.com\/cs\/#\/schema\/person\/d9eeb0a378f3a7e4a6d12d2b536b04b8","name":"radekmalina","image":{"@type":"ImageObject","inLanguage":"cs","@id":"https:\/\/www.welovecycling.com\/cs\/#\/schema\/person\/image\/","url":"https:\/\/secure.gravatar.com\/avatar\/66994b632cb8c39a46b9f54afa3ae07201b678d32a54275b6f1c9ffec356bfc0?s=96&d=mm&r=g","contentUrl":"https:\/\/secure.gravatar.com\/avatar\/66994b632cb8c39a46b9f54afa3ae07201b678d32a54275b6f1c9ffec356bfc0?s=96&d=mm&r=g","caption":"radekmalina"},"url":"https:\/\/www.welovecycling.com\/cs\/author\/radekmalina\/"}]}},"_links":{"self":[{"href":"https:\/\/www.welovecycling.com\/cs\/wp-json\/wp\/v2\/posts\/23678","targetHints":{"allow":["GET"]}}],"collection":[{"href":"https:\/\/www.welovecycling.com\/cs\/wp-json\/wp\/v2\/posts"}],"about":[{"href":"https:\/\/www.welovecycling.com\/cs\/wp-json\/wp\/v2\/types\/post"}],"author":[{"embeddable":true,"href":"https:\/\/www.welovecycling.com\/cs\/wp-json\/wp\/v2\/users\/138"}],"replies":[{"embeddable":true,"href":"https:\/\/www.welovecycling.com\/cs\/wp-json\/wp\/v2\/comments?post=23678"}],"version-history":[{"count":6,"href":"https:\/\/www.welovecycling.com\/cs\/wp-json\/wp\/v2\/posts\/23678\/revisions"}],"predecessor-version":[{"id":23698,"href":"https:\/\/www.welovecycling.com\/cs\/wp-json\/wp\/v2\/posts\/23678\/revisions\/23698"}],"wp:featuredmedia":[{"embeddable":true,"href":"https:\/\/www.welovecycling.com\/cs\/wp-json\/wp\/v2\/media\/23693"}],"wp:attachment":[{"href":"https:\/\/www.welovecycling.com\/cs\/wp-json\/wp\/v2\/media?parent=23678"}],"wp:term":[{"taxonomy":"category","embeddable":true,"href":"https:\/\/www.welovecycling.com\/cs\/wp-json\/wp\/v2\/categories?post=23678"},{"taxonomy":"post_tag","embeddable":true,"href":"https:\/\/www.welovecycling.com\/cs\/wp-json\/wp\/v2\/tags?post=23678"},{"taxonomy":"global-categories","embeddable":true,"href":"https:\/\/www.welovecycling.com\/cs\/wp-json\/wp\/v2\/global-categories?post=23678"}],"curies":[{"name":"wp","href":"https:\/\/api.w.org\/{rel}","templated":true}]}}