{"id":23675,"date":"2023-09-17T20:00:27","date_gmt":"2023-09-17T18:00:27","guid":{"rendered":"https:\/\/www.welovecycling.com\/cs\/?p=23675"},"modified":"2023-09-28T08:20:34","modified_gmt":"2023-09-28T06:20:34","slug":"sepp-kuss-a-triumf-loajality-uspech-domestika-je-krachem-roglice","status":"publish","type":"post","link":"https:\/\/www.welovecycling.com\/cs\/2023\/09\/17\/sepp-kuss-a-triumf-loajality-uspech-domestika-je-krachem-roglice\/","title":{"rendered":"Sepp Kuss a triumf loajality! \u00dasp\u011bch domestika je krachem Rogli\u010de"},"content":{"rendered":"<p><strong>Mise spln\u011bna! Jumbo Visma vyhr\u00e1lo t\u0159et\u00ed Grand Tour sezony 2023. Po italsk\u00e9m Giru a Tour de France nizozemsk\u00e1 st\u00e1j opanovala i Vueltu. Nikdy v\u00a0historii \u017e\u00e1dn\u00fd t\u00fdm neovl\u00e1dl v\u0161echny nejv\u011bt\u0161\u00ed etapov\u00e9 z\u00e1vody roku. V\u00edt\u011bzem v\u0161ak nen\u00ed \u017e\u00e1dn\u00fd z\u00a0dvojice l\u00eddr\u016f. P\u0159ekvapiv\u011b slav\u00ed Sepp Kuss, superdomestik nejv\u011bt\u0161\u00edch hv\u011bzd. Vyhr\u00e1l t\u0159et\u00ed nejv\u011bt\u0161\u00ed etapov\u00fd z\u00e1vod nejsiln\u011bj\u0161\u00ed cyklista?<\/strong><\/p>\n<p>Jumbo triumfovalo v\u00a0p\u011bti etap\u00e1ch. Dvakr\u00e1t slavil v\u00edt\u011bzstv\u00ed Slovinec Primo\u017e Rogli\u010d, kter\u00fd na ja\u0159e ovl\u00e1dl Giro di Italia. Dvakr\u00e1t kraloval pelotonu v\u00a0pr\u016fb\u011bhu etapy Jonas Vingegaard, d\u00e1nsk\u00fd \u0161ampion Tour de France. A jednou Sepp Kuss, dev\u011btadvacetilet\u00fd Ameri\u010dan, kter\u00fd m\u011bl pracovat pro oba l\u00eddry.<\/p>\n<p>Ovl\u00e1dl u\u017e \u0161estou etapu. Od osm\u00e9ho d\u011bjstv\u00ed jel v\u00a0trikotu l\u00eddra. P\u016fvodn\u011b sp\u00ed\u0161e tak n\u011bjakou \u201en\u00e1hodou\u201c vynucenou d\u011bn\u00edm v\u00a0pelotonu. Jen\u017ee bravurn\u011b zvl\u00e1dl \u010dasovku. A pak dokazoval, \u017ee je v\u00edce ne\u017e jen superdomestikem. Co na tom, \u017ee m\u011bl v\u00a0noh\u00e1ch Giro i Tour de France. Rud\u00fd dres mu d\u00e1val s\u00edlu b\u00fdka \u00fato\u010d\u00edc\u00edho na muletu. Postupn\u011b m\u011bnil i r\u00e9toriku. Od slov o souh\u0159e okolnost\u00ed p\u0159e\u0161el k\u00a0neskr\u00fdvan\u00e9 touze po v\u00edt\u011bzstv\u00ed. \u201eZaslou\u017e\u00edm si dres l\u00eddra. Ka\u017ed\u00fdm dnem m\u00e1m v\u011bt\u0161\u00ed a v\u011bt\u0161\u00ed sebev\u011bdom\u00ed,\u201c neskr\u00fdval.<\/p>\n<h2><strong>Sepp Kuss \u0161estkr\u00e1t pomohl k triumfu v Grand Tour<\/strong><\/h2>\n<p>Fanou\u0161ci byli naklon\u011bni p\u0159\u00edb\u011bhu outsidera, kter\u00fd ovl\u00e1dne Grand Tour. \u201eNev\u00edm, pro\u010d m\u011b ostatn\u00ed maj\u00ed r\u00e1di a cht\u011bj\u00ed, abych vyhr\u00e1l. Jsem lidsk\u00e1 bytost jako v\u0161ichni ostatn\u00ed. Sna\u017e\u00edm se b\u00fdt mil\u00fd ke v\u0161em a d\u011blat to nejlep\u0161\u00ed pro lidi,\u201c kr\u010dil rameny Sepp Kuss, jeho\u017e p\u0159\u00edb\u011bh pobl\u00e1znil nejen milovn\u00edky cyklistiky.<\/p>\n<p>A nen\u00ed divu. Tenhle chlap\u00edk nikdy nic nevyhr\u00e1l. Zato \u0161estkr\u00e1t pomohl Jumbo Visma k\u00a0triumfu v\u00a0Grand Tour: Vuelta 2019 (Rogli\u010d), Vuelta 2020 (Rogli\u010d), Vuelta 2021 (Rogli\u010d), Tour de France 2022 (Vingegaard), Giro di Italia 2023 (Rogli\u010d), Tour de France 2023 (Vingegaard)! \u00dachvatn\u00e1 s\u00e9rie.<\/p>\n<figure id=\"attachment_23551\" aria-describedby=\"caption-attachment-23551\" style=\"width: 1920px\" class=\"wp-caption alignnone\"><a href=\"https:\/\/d2p6e6u75xmxt8.cloudfront.net\/13\/2023\/09\/vuelta-kuss-2.webp\"><img loading=\"lazy\" decoding=\"async\" class=\"size-extra-large wp-image-23551\" src=\"https:\/\/d2p6e6u75xmxt8.cloudfront.net\/13\/2023\/09\/vuelta-kuss-2-1920x1280.webp\" alt=\"Sepp Kuss a kl\u00ed\u010dov\u00fd okam\u017eik Vuelty 2023: v\u00edt\u011bzstv\u00ed v \u0161est\u00e9 etap\u011b. \" width=\"1920\" height=\"1280\" srcset=\"https:\/\/d2p6e6u75xmxt8.cloudfront.net\/13\/2023\/09\/vuelta-kuss-2-1920x1280.webp 1920w, https:\/\/d2p6e6u75xmxt8.cloudfront.net\/13\/2023\/09\/vuelta-kuss-2-300x200.webp 300w, https:\/\/d2p6e6u75xmxt8.cloudfront.net\/13\/2023\/09\/vuelta-kuss-2-1024x682.webp 1024w, https:\/\/d2p6e6u75xmxt8.cloudfront.net\/13\/2023\/09\/vuelta-kuss-2-768x512.webp 768w, https:\/\/d2p6e6u75xmxt8.cloudfront.net\/13\/2023\/09\/vuelta-kuss-2-1536x1024.webp 1536w, https:\/\/d2p6e6u75xmxt8.cloudfront.net\/13\/2023\/09\/vuelta-kuss-2-400x267.webp 400w, https:\/\/d2p6e6u75xmxt8.cloudfront.net\/13\/2023\/09\/vuelta-kuss-2-272x182.webp 272w, https:\/\/d2p6e6u75xmxt8.cloudfront.net\/13\/2023\/09\/vuelta-kuss-2.webp 2000w, https:\/\/d2p6e6u75xmxt8.cloudfront.net\/13\/2023\/09\/vuelta-kuss-2-1920x1280.webp 1920w\" sizes=\"auto, (max-width: 1920px) 100vw, 1920px\" \/><\/a><figcaption id=\"caption-attachment-23551\" class=\"wp-caption-text\"><em>Sepp Kuss a kl\u00ed\u010dov\u00fd okam\u017eik Vuelty 2023: v\u00edt\u011bzstv\u00ed v \u0161est\u00e9 etap\u011b.<\/em><\/figcaption><\/figure>\n<p>A to je\u0161t\u011b pracoval pro Rogli\u010de na st\u0159\u00edbrn\u00e9 Tour de France 2020 a pro Vingegaarda rovn\u011b\u017e na Star\u00e9 d\u00e1m\u011b o rok pozd\u011bji fini\u0161uj\u00edc\u00edho rovn\u011b\u017e na druh\u00e9 p\u0159\u00ed\u010dce.<\/p>\n<p>Epick\u00e1 bitva na legend\u00e1rn\u00edm Angliru uk\u00e1zala, \u017ee Sepp Kuss asi nen\u00ed nejsiln\u011bj\u0161\u00ed jezdec v\u00a0pelotonu. Jakkoliv byli fanou\u0161ci \u00fatokem Vingegaarda s\u00a0Rogli\u010dem \u0161okov\u00e1ni, ne\u0161lo o nic nov\u00e9ho. B\u011bhem Tour de France 2012 Chris Froome bez ust\u00e1n\u00ed \u00fato\u010dil na Wigginse, pozd\u011bji v\u00a0t\u00e9m\u017ee t\u00fdmu zase Chris Froome zkusil vysvl\u00e9knout ze \u017elut\u00e9ho trikotu p\u0159i Grande Boucle Gerainta Thomase. Podobn\u00fdch p\u0159\u00edb\u011bh\u016f je cyklistick\u00e1 historie pln\u00e1.<\/p>\n<div class=\"shortcode-ys-post-pinup\"><article class=\"loop-simple post-23669 post type-post status-publish format-standard has-post-thumbnail hentry category-silnicni-cyklistika tag-cyklistika tag-jonas-vingegaard tag-jumbo-visma tag-maseri tag-mechanici tag-primoz-roglic tag-sepp-kuss tag-silnicni-cyklistika tag-vuelta-2023 global-categories-cycling\" data-postid=\"23669\" role=\"article\" data-post-id=\"23669\" data-word-count=\"445\" data-headline-length=\"111\" data-category=\"Silni\u010dn\u00ed cyklistika\" data-global-category=\"Cycling\" data-author=\"We Love Cycling\" data-published=\"2023-09-15T07:00:34+02:00\" data-published-day=\"Friday\">\n    <div class=\"entry-thumbnail article-thumbnail\" content=\"https:\/\/d2p6e6u75xmxt8.cloudfront.net\/13\/2023\/09\/stage-17-G-150x150.webp\"><a href=\"https:\/\/www.welovecycling.com\/cs\/2023\/09\/15\/armada-neviditelnych-kolik-lidi-pecuje-o-hvezdy-jako-je-sepp-kuss-jonas-vingegaard-ci-remco-evenepoel\/\" class=\"image-holder\" target=\"_self\"><img decoding=\"async\" loading=\"lazy\" class=\"\" src=\"https:\/\/d2p6e6u75xmxt8.cloudfront.net\/13\/2023\/09\/stage-17-G-1024x683.webp\" srcset=\"https:\/\/d2p6e6u75xmxt8.cloudfront.net\/13\/2023\/09\/stage-17-G.webp 2048w, https:\/\/d2p6e6u75xmxt8.cloudfront.net\/13\/2023\/09\/stage-17-G-300x200.webp 300w, https:\/\/d2p6e6u75xmxt8.cloudfront.net\/13\/2023\/09\/stage-17-G-1024x683.webp 1024w, https:\/\/d2p6e6u75xmxt8.cloudfront.net\/13\/2023\/09\/stage-17-G-768x512.webp 768w, https:\/\/d2p6e6u75xmxt8.cloudfront.net\/13\/2023\/09\/stage-17-G-1536x1025.webp 1536w, https:\/\/d2p6e6u75xmxt8.cloudfront.net\/13\/2023\/09\/stage-17-G-1920x1281.webp 1920w, https:\/\/d2p6e6u75xmxt8.cloudfront.net\/13\/2023\/09\/stage-17-G-400x267.webp 400w, https:\/\/d2p6e6u75xmxt8.cloudfront.net\/13\/2023\/09\/stage-17-G-272x182.webp 272w, https:\/\/d2p6e6u75xmxt8.cloudfront.net\/13\/2023\/09\/stage-17-G-1920x1281.webp 1920w\" width=\"1024\" height=\"683\" sizes=\"auto, (min-width: 1200px) 300px, (min-width: 768px) 25vw, 100vw\" alt=\"armada-neviditelnych-kolik-lidi-pecuje-o-hvezdy-jako-je-sepp-kuss-jonas-vingegaard-ci-remco-evenepoel\"\/><\/a><\/div>    <div class=\"entry-meta\">\n        <a class=\"label label-secondary post-category\" href=\"https:\/\/www.welovecycling.com\/cs\/category\/silnicni-cyklistika\/\" title=\"Silni\u010dn\u00ed cyklistika\">Silni\u010dn\u00ed cyklistika<\/a>\n    <\/div>\n    <div class=\"entry-details\">\n        <a href=\"https:\/\/www.welovecycling.com\/cs\/2023\/09\/15\/armada-neviditelnych-kolik-lidi-pecuje-o-hvezdy-jako-je-sepp-kuss-jonas-vingegaard-ci-remco-evenepoel\/\" class='entry-title-wrapper'>\n            <h3 class=\"entry-title\"><span>Arm\u00e1da neviditeln\u00fdch! Kolik lid\u00ed pe\u010duje o hv\u011bzdy, jako je Sepp Kuss, Jonas Vingegaard \u010di Remco Evenepoel?<\/span><\/h3>\n        <\/a>\n    <\/div>\n    <\/article>\n<\/div>\n<p>\u201eAsi nikdo si nedok\u00e1zal p\u0159edstavit, \u017ee budeme m\u00edt t\u0159i nejlep\u0161\u00ed jezdce v\u00a0z\u00e1vod\u011b, z\u00a0\u010deho\u017e pochopiteln\u011b vznikly komplikace,\u201c p\u0159ipustil up\u0159\u00edmn\u011b Sepp Kuss.<\/p>\n<p>A Jumbo Visma se z\u0159ejm\u011b rozhodlo vysly\u0161et p\u0159\u00e1n\u00ed fanou\u0161k\u016f. Kdy\u017e bossov\u00e9 vid\u011bli, jak negativn\u00ed emoce u ve\u0159ejnosti vzbudil \u00fatok dvou l\u00eddr\u016f na Seppa Kusse, odhodlalo se d\u00e1t na \u201ehlas lidu\u201c a podle zasv\u011bcen\u00fdch vznikla v\u00a0autobuse nizozemsk\u00e9 formace \u201em\u00edrov\u00e9 dohoda\u201c.<\/p>\n<figure id=\"attachment_23564\" aria-describedby=\"caption-attachment-23564\" style=\"width: 1920px\" class=\"wp-caption alignnone\"><a href=\"https:\/\/d2p6e6u75xmxt8.cloudfront.net\/13\/2023\/09\/vuelta-sepp-kus-sampus.webp\"><img loading=\"lazy\" decoding=\"async\" class=\"size-extra-large wp-image-23564\" src=\"https:\/\/d2p6e6u75xmxt8.cloudfront.net\/13\/2023\/09\/vuelta-sepp-kus-sampus-1920x1280.webp\" alt=\"Sepp Kuss po vydatn\u00e9m p\u0159\u00edpitku, kdy\u017e vyhr\u00e1l osmou etapu Vuelty 2023.\" width=\"1920\" height=\"1280\" srcset=\"https:\/\/d2p6e6u75xmxt8.cloudfront.net\/13\/2023\/09\/vuelta-sepp-kus-sampus-1920x1280.webp 1920w, https:\/\/d2p6e6u75xmxt8.cloudfront.net\/13\/2023\/09\/vuelta-sepp-kus-sampus-300x200.webp 300w, https:\/\/d2p6e6u75xmxt8.cloudfront.net\/13\/2023\/09\/vuelta-sepp-kus-sampus-1024x682.webp 1024w, https:\/\/d2p6e6u75xmxt8.cloudfront.net\/13\/2023\/09\/vuelta-sepp-kus-sampus-768x512.webp 768w, https:\/\/d2p6e6u75xmxt8.cloudfront.net\/13\/2023\/09\/vuelta-sepp-kus-sampus-1536x1024.webp 1536w, https:\/\/d2p6e6u75xmxt8.cloudfront.net\/13\/2023\/09\/vuelta-sepp-kus-sampus-400x267.webp 400w, https:\/\/d2p6e6u75xmxt8.cloudfront.net\/13\/2023\/09\/vuelta-sepp-kus-sampus-272x182.webp 272w, https:\/\/d2p6e6u75xmxt8.cloudfront.net\/13\/2023\/09\/vuelta-sepp-kus-sampus.webp 2000w, https:\/\/d2p6e6u75xmxt8.cloudfront.net\/13\/2023\/09\/vuelta-sepp-kus-sampus-1920x1280.webp 1920w\" sizes=\"auto, (max-width: 1920px) 100vw, 1920px\" \/><\/a><figcaption id=\"caption-attachment-23564\" class=\"wp-caption-text\"><em>Sepp Kuss po vydatn\u00e9m p\u0159\u00edpitku, kdy\u017e vyhr\u00e1l \u0161estou etapu Vuelty 2023.<\/em><\/figcaption><\/figure>\n<p>Jonas Vingegaard tak stejn\u011b jako Primo\u017e Rogli\u010d odsouhlasili loajalitu v\u016f\u010di mu\u017ei, kter\u00fd pro n\u011b tolikr\u00e1t vyhr\u00e1l Grand Tour. D\u00e1nsk\u00fd \u0161ampion Tour de France si snadno vyhodnotil, \u017ee p\u0159i kontraktu na dal\u0161\u00ed \u010dty\u0159i roky se mu n\u00e1ramn\u011b vyplat\u00ed ob\u011btovat \u00fasp\u011bch ve \u0161pan\u011blsk\u00e9 Grand Tour. U fanou\u0161k\u016f se nepy\u0161n\u00ed aurou v\u00fdjime\u010dn\u00e9ho mu\u017ee. A tak se plusov\u00e9 body hodily. Stejn\u011b jako se m\u016f\u017ee hodit v\u00a0budoucnosti je\u0161t\u011b intenzivn\u011bj\u0161\u00ed podpora americk\u00e9ho vrcha\u0159e.<\/p>\n<h2><strong>Primo\u017e Rogli\u010d s volbou boss\u016f nesouhlasil<\/strong><\/h2>\n<p>Zato Primo\u017e Rogli\u010d neskr\u00fdvan\u011b bublal a brblal. Po\u010d\u00e1te\u010dn\u00ed \u00fasm\u011bvy a koment\u00e1\u0159e, \u017ee v\u0161ichni mohou jen h\u00e1dat, kolik l\u00eddr\u016f vlastn\u011b m\u00e1 Jumbo ve \u0160pan\u011blsku, mu \u00fasm\u011bv ztuhnul. Brzy \u010dty\u0159iat\u0159icetilet\u00fd b\u00fdval\u00fd skokan na ly\u017e\u00edch u\u017e mnoho \u0161anc\u00ed na v\u00edt\u011bzstv\u00ed v\u00a0Grand Tour m\u00edt nebude. Tou\u017eil po vyrovn\u00e1n\u00ed rekordu Roberta Herase py\u0161n\u00edc\u00edho se \u010dty\u0159mi triumfy z\u00a0Vuelty.<\/p>\n<div class=\"shortcode-ys-post-pinup\"><article class=\"loop-simple post-23587 post type-post status-publish format-standard has-post-thumbnail hentry category-silnicni-cyklistika tag-cyklistika tag-domestik tag-jonas-vingegaard tag-jumbo-visma tag-primoz-roglic tag-sepp-kuss tag-silnicni-cyklistika tag-vuelta global-categories-cycling\" data-postid=\"23587\" role=\"article\" data-post-id=\"23587\" data-word-count=\"649\" data-headline-length=\"81\" data-category=\"Silni\u010dn\u00ed cyklistika\" data-global-category=\"Cycling\" data-author=\"Jan Kr\u016fta\" data-published=\"2023-09-05T12:37:41+02:00\" data-published-day=\"Tuesday\">\n    <div class=\"entry-thumbnail article-thumbnail\" content=\"https:\/\/d2p6e6u75xmxt8.cloudfront.net\/13\/2023\/09\/vuelta-kuss-150x150.webp\"><a href=\"https:\/\/www.welovecycling.com\/cs\/2023\/09\/05\/sepp-kuss-vecne-usmevavy-domestik-ktery-by-v-jinem-tymu-mohl-vyhravat-grand-tour\/\" class=\"image-holder\" target=\"_self\"><img decoding=\"async\" loading=\"lazy\" class=\"\" src=\"https:\/\/d2p6e6u75xmxt8.cloudfront.net\/13\/2023\/09\/vuelta-kuss-1024x682.webp\" srcset=\"https:\/\/d2p6e6u75xmxt8.cloudfront.net\/13\/2023\/09\/vuelta-kuss.webp 2000w, https:\/\/d2p6e6u75xmxt8.cloudfront.net\/13\/2023\/09\/vuelta-kuss-300x200.webp 300w, https:\/\/d2p6e6u75xmxt8.cloudfront.net\/13\/2023\/09\/vuelta-kuss-1024x682.webp 1024w, https:\/\/d2p6e6u75xmxt8.cloudfront.net\/13\/2023\/09\/vuelta-kuss-768x512.webp 768w, https:\/\/d2p6e6u75xmxt8.cloudfront.net\/13\/2023\/09\/vuelta-kuss-1536x1024.webp 1536w, https:\/\/d2p6e6u75xmxt8.cloudfront.net\/13\/2023\/09\/vuelta-kuss-1920x1280.webp 1920w, https:\/\/d2p6e6u75xmxt8.cloudfront.net\/13\/2023\/09\/vuelta-kuss-400x267.webp 400w, https:\/\/d2p6e6u75xmxt8.cloudfront.net\/13\/2023\/09\/vuelta-kuss-272x182.webp 272w, https:\/\/d2p6e6u75xmxt8.cloudfront.net\/13\/2023\/09\/vuelta-kuss-1920x1280.webp 1920w\" width=\"1024\" height=\"682\" sizes=\"auto, (min-width: 1200px) 300px, (min-width: 768px) 25vw, 100vw\" alt=\"sepp-kuss-vecne-usmevavy-domestik-ktery-by-v-jinem-tymu-mohl-vyhravat-grand-tour\"\/><\/a><\/div>    <div class=\"entry-meta\">\n        <a class=\"label label-secondary post-category\" href=\"https:\/\/www.welovecycling.com\/cs\/category\/silnicni-cyklistika\/\" title=\"Silni\u010dn\u00ed cyklistika\">Silni\u010dn\u00ed cyklistika<\/a>\n    <\/div>\n    <div class=\"entry-details\">\n        <a href=\"https:\/\/www.welovecycling.com\/cs\/2023\/09\/05\/sepp-kuss-vecne-usmevavy-domestik-ktery-by-v-jinem-tymu-mohl-vyhravat-grand-tour\/\" class='entry-title-wrapper'>\n            <h3 class=\"entry-title\"><span>Sepp Kuss: usm\u011bvav\u00fd domestik, kter\u00fd by v\u00a0jin\u00e9m t\u00fdmu mohl vyhr\u00e1t Grand Tour<\/span><\/h3>\n        <\/a>\n    <\/div>\n    <\/article>\n<\/div>\n<p>Slovinci koluje v \u017eil\u00e1ch DNA v\u00edt\u011bze. Jen\u017ee p\u0159i Vuelt\u011b v roli v\u00edt\u011bze nebyl. Zato, by\u0165 s dv\u011bma vyhran\u00fdmi etapami a celkov\u011b t\u0159et\u00ed p\u0159\u00ed\u010dkou, okusil pocit pora\u017een\u00e9ho. Po faktick\u00e9 por\u00e1\u017ece na Tour de France 2020\u00a0 n\u00e1sledn\u011b musel dvakr\u00e1t ustoupit Vingegaardovi p\u0159i Tour de France. A nezb\u00fdv\u00e1 mu mnoho sezon, aby sb\u00edrku Grand Tour zkompletoval. V nizozemsk\u00e9 formaci \u0161anci na v\u00edt\u011bzstv\u00ed v Grande Boucle jako jedni\u010dka nedostane. Jen\u017ee probl\u00e9m je, kde vz\u00edt jin\u00fd tak extr\u00e9mn\u011b siln\u00fd t\u00fdm. I p\u0159esto lze \u010dekat, \u017ee je\u0161t\u011b dvoulet\u00fd kontrakt nebude napln\u011bn.<\/p>\n<figure id=\"attachment_23630\" aria-describedby=\"caption-attachment-23630\" style=\"width: 1920px\" class=\"wp-caption alignnone\"><a href=\"https:\/\/d2p6e6u75xmxt8.cloudfront.net\/13\/2023\/09\/15-sepp-Kuss-IV.webp\"><img loading=\"lazy\" decoding=\"async\" class=\"size-extra-large wp-image-23630\" src=\"https:\/\/d2p6e6u75xmxt8.cloudfront.net\/13\/2023\/09\/15-sepp-Kuss-IV-1920x1280.webp\" alt=\"Sepp Kuss a Jonas Vingegaard b\u011bhem etapy Vuelty 2023 s c\u00edlem na Tourmaletu.\" width=\"1920\" height=\"1280\" srcset=\"https:\/\/d2p6e6u75xmxt8.cloudfront.net\/13\/2023\/09\/15-sepp-Kuss-IV-1920x1280.webp 1920w, https:\/\/d2p6e6u75xmxt8.cloudfront.net\/13\/2023\/09\/15-sepp-Kuss-IV-300x200.webp 300w, https:\/\/d2p6e6u75xmxt8.cloudfront.net\/13\/2023\/09\/15-sepp-Kuss-IV-1024x682.webp 1024w, https:\/\/d2p6e6u75xmxt8.cloudfront.net\/13\/2023\/09\/15-sepp-Kuss-IV-768x512.webp 768w, https:\/\/d2p6e6u75xmxt8.cloudfront.net\/13\/2023\/09\/15-sepp-Kuss-IV-1536x1024.webp 1536w, https:\/\/d2p6e6u75xmxt8.cloudfront.net\/13\/2023\/09\/15-sepp-Kuss-IV-400x267.webp 400w, https:\/\/d2p6e6u75xmxt8.cloudfront.net\/13\/2023\/09\/15-sepp-Kuss-IV-272x182.webp 272w, https:\/\/d2p6e6u75xmxt8.cloudfront.net\/13\/2023\/09\/15-sepp-Kuss-IV.webp 2000w, https:\/\/d2p6e6u75xmxt8.cloudfront.net\/13\/2023\/09\/15-sepp-Kuss-IV-1920x1280.webp 1920w\" sizes=\"auto, (max-width: 1920px) 100vw, 1920px\" \/><\/a><figcaption id=\"caption-attachment-23630\" class=\"wp-caption-text\"><em>Sepp Kuss a Jonas Vingegaard b\u011bhem etapy Vuelty 2023 s c\u00edlem na Tourmaletu.<\/em><\/figcaption><\/figure>\n<p>\u00dasp\u011bch Seppa Kusse m\u016f\u017ee m\u00edt v\u0161ak jednu zcela nepredikovatelnou rovinu. \u201eV\u00edt\u011bzstv\u00ed na Grand Tour m\u011bn\u00ed kari\u00e9ru. Dost mo\u017en\u00e1 jsem pr\u00e1v\u011b p\u0159i\u0161el o kl\u00ed\u010dov\u00e9ho domestika pro Tour de France,\u201c upozornil Jonas Vingegaard.<\/p>\n<p>Ameri\u010dan z Colorada uk\u00e1zal, \u017ee klidn\u011b m\u016f\u017ee jet Grand Tour jako l\u00eddr. Bok po boku nejv\u011bt\u0161\u00edch hv\u011bzd. Smlouva jej k Jumbo Visma v\u00e1\u017ee u\u017e pouze na jedinou sezonu. Te\u010f jako prvn\u00ed Ameri\u010dan od roku 2013, kdy \u0161pan\u011blskou Grand Tour ovl\u00e1dl Chris Horner, m\u016f\u017ee klidn\u011b p\u0159i zam\u011b\u0159en\u00ed na konkr\u00e9tn\u00ed z\u00e1vod jet jako jedni\u010dka. Z\u00e1le\u017e\u00ed, zda bude m\u00edt takov\u00e9 nutk\u00e1n\u00ed. Ka\u017edop\u00e1dn\u011b v\u00edt\u011bzstv\u00ed ve \u0161pan\u011blsk\u00e9 Grand Tour jej za\u0159adilo mezi \u0161ampiony. A lhostejno, zda byl skute\u010dn\u011b nejsiln\u011bj\u0161\u00ed v pelotonu.<\/p>\n","protected":false},"excerpt":{"rendered":"<p>Mise spln\u011bna! Jumbo Visma vyhr\u00e1lo t\u0159et\u00ed Grand Tour sezony 2023. Po italsk\u00e9m Giru a Tour de France nizozemsk\u00e1 st\u00e1j opanovala [&hellip;]<\/p>\n","protected":false},"author":138,"featured_media":23676,"comment_status":"open","ping_status":"open","sticky":false,"template":"","format":"standard","meta":{"footnotes":""},"categories":[10],"tags":[126,1601,501,102,1600,9,23,273,2778],"global-categories":[411],"class_list":["post-23675","post","type-post","status-publish","format-standard","has-post-thumbnail","hentry","category-silnicni-cyklistika","tag-cyklistika","tag-jonas-vingegaard","tag-jumbo-visma","tag-primoz-roglic","tag-sepp-kuss","tag-silnicni-cyklistika","tag-tour-de-france","tag-vuelta","tag-vuelta-2023","global-categories-cycling"],"yoast_head":"<!-- This site is optimized with the Yoast SEO Premium plugin v25.3 (Yoast SEO v25.9) - https:\/\/yoast.com\/wordpress\/plugins\/seo\/ -->\n<title>Sepp Kuss a triumf loajality! \u00dasp\u011bch domestika je krachem Rogli\u010de | \u0160koda We Love Cycling - \u010cesk\u00e1 republika<\/title>\n<meta name=\"description\" content=\"Sepp Kuss je senza\u010dn\u00edm v\u00edt\u011bzem Vuelty 2023. Co p\u0159inese triumf domestika formace Jumbo Visma? Opust\u00ed Primo\u017e Rogli\u010d nizozemsk\u00fd t\u00fdm?\" \/>\n<meta name=\"robots\" content=\"index, follow, max-snippet:-1, max-image-preview:large, max-video-preview:-1\" \/>\n<link rel=\"canonical\" href=\"https:\/\/www.welovecycling.com\/cs\/2023\/09\/17\/sepp-kuss-a-triumf-loajality-uspech-domestika-je-krachem-roglice\/\" \/>\n<meta property=\"og:locale\" content=\"cs_CZ\" \/>\n<meta property=\"og:type\" content=\"article\" \/>\n<meta property=\"og:title\" content=\"Sepp Kuss a triumf loajality! \u00dasp\u011bch domestika je krachem Rogli\u010de\" \/>\n<meta property=\"og:description\" content=\"Sepp Kuss je senza\u010dn\u00edm v\u00edt\u011bzem Vuelty 2023. Co p\u0159inese triumf domestika formace Jumbo Visma? Opust\u00ed Primo\u017e Rogli\u010d nizozemsk\u00fd t\u00fdm?\" \/>\n<meta property=\"og:url\" content=\"https:\/\/www.welovecycling.com\/cs\/2023\/09\/17\/sepp-kuss-a-triumf-loajality-uspech-domestika-je-krachem-roglice\/\" \/>\n<meta property=\"og:site_name\" content=\"\u0160koda We Love Cycling - \u010cesk\u00e1 republika\" \/>\n<meta property=\"article:published_time\" content=\"2023-09-17T18:00:27+00:00\" \/>\n<meta property=\"article:modified_time\" content=\"2023-09-28T06:20:34+00:00\" \/>\n<meta property=\"og:image\" content=\"https:\/\/d2p6e6u75xmxt8.cloudfront.net\/13\/2023\/09\/profimedia-0805769945.webp\" \/>\n\t<meta property=\"og:image:width\" content=\"1800\" \/>\n\t<meta property=\"og:image:height\" content=\"1200\" \/>\n\t<meta property=\"og:image:type\" content=\"image\/webp\" \/>\n<meta name=\"author\" content=\"radekmalina\" \/>\n<meta name=\"twitter:card\" content=\"summary_large_image\" \/>\n<meta name=\"twitter:label1\" content=\"Written by\" \/>\n\t<meta name=\"twitter:data1\" content=\"Jan Kr\u016fta\" \/>\n\t<meta name=\"twitter:label2\" content=\"Est. reading time\" \/>\n\t<meta name=\"twitter:data2\" content=\"7\" \/>\n<script type=\"application\/ld+json\" class=\"yoast-schema-graph\">{\"@context\":\"https:\/\/schema.org\",\"@graph\":[{\"@type\":\"WebPage\",\"@id\":\"https:\/\/www.welovecycling.com\/cs\/2023\/09\/17\/sepp-kuss-a-triumf-loajality-uspech-domestika-je-krachem-roglice\/\",\"url\":\"https:\/\/www.welovecycling.com\/cs\/2023\/09\/17\/sepp-kuss-a-triumf-loajality-uspech-domestika-je-krachem-roglice\/\",\"name\":\"Sepp Kuss a triumf loajality! \u00dasp\u011bch domestika je krachem Rogli\u010de | \u0160koda We Love Cycling - \u010cesk\u00e1 republika\",\"isPartOf\":{\"@id\":\"https:\/\/www.welovecycling.com\/cs\/#website\"},\"primaryImageOfPage\":{\"@id\":\"https:\/\/www.welovecycling.com\/cs\/2023\/09\/17\/sepp-kuss-a-triumf-loajality-uspech-domestika-je-krachem-roglice\/#primaryimage\"},\"image\":{\"@id\":\"https:\/\/www.welovecycling.com\/cs\/2023\/09\/17\/sepp-kuss-a-triumf-loajality-uspech-domestika-je-krachem-roglice\/#primaryimage\"},\"thumbnailUrl\":\"https:\/\/d2p6e6u75xmxt8.cloudfront.net\/13\/2023\/09\/profimedia-0805769945.webp\",\"datePublished\":\"2023-09-17T18:00:27+00:00\",\"dateModified\":\"2023-09-28T06:20:34+00:00\",\"author\":{\"@id\":\"https:\/\/www.welovecycling.com\/cs\/#\/schema\/person\/d9eeb0a378f3a7e4a6d12d2b536b04b8\"},\"description\":\"Sepp Kuss je senza\u010dn\u00edm v\u00edt\u011bzem Vuelty 2023. Co p\u0159inese triumf domestika formace Jumbo Visma? Opust\u00ed Primo\u017e Rogli\u010d nizozemsk\u00fd t\u00fdm?\",\"inLanguage\":\"cs\",\"potentialAction\":[{\"@type\":\"ReadAction\",\"target\":[\"https:\/\/www.welovecycling.com\/cs\/2023\/09\/17\/sepp-kuss-a-triumf-loajality-uspech-domestika-je-krachem-roglice\/\"]}]},{\"@type\":\"ImageObject\",\"inLanguage\":\"cs\",\"@id\":\"https:\/\/www.welovecycling.com\/cs\/2023\/09\/17\/sepp-kuss-a-triumf-loajality-uspech-domestika-je-krachem-roglice\/#primaryimage\",\"url\":\"https:\/\/d2p6e6u75xmxt8.cloudfront.net\/13\/2023\/09\/profimedia-0805769945.webp\",\"contentUrl\":\"https:\/\/d2p6e6u75xmxt8.cloudfront.net\/13\/2023\/09\/profimedia-0805769945.webp\",\"width\":1800,\"height\":1200},{\"@type\":\"WebSite\",\"@id\":\"https:\/\/www.welovecycling.com\/cs\/#website\",\"url\":\"https:\/\/www.welovecycling.com\/cs\/\",\"name\":\"\u0160koda We Love Cycling - \u010cesk\u00e1 republika\",\"description\":\"WeLoveCycling.cz je online magaz\u00edn, kter\u00fd v\u00e1m pravideln\u011b p\u0159in\u00e1\u0161\u00ed rady a tipy, zaj\u00edmav\u00e9 \u010dl\u00e1nky, videa a jedine\u010dn\u00e9 report\u00e1\u017ee ze sv\u011bta cyklistiky.\",\"potentialAction\":[{\"@type\":\"SearchAction\",\"target\":{\"@type\":\"EntryPoint\",\"urlTemplate\":\"https:\/\/www.welovecycling.com\/cs\/?s={search_term_string}\"},\"query-input\":{\"@type\":\"PropertyValueSpecification\",\"valueRequired\":true,\"valueName\":\"search_term_string\"}}],\"inLanguage\":\"cs\"},{\"@type\":\"Person\",\"@id\":\"https:\/\/www.welovecycling.com\/cs\/#\/schema\/person\/d9eeb0a378f3a7e4a6d12d2b536b04b8\",\"name\":\"radekmalina\",\"image\":{\"@type\":\"ImageObject\",\"inLanguage\":\"cs\",\"@id\":\"https:\/\/www.welovecycling.com\/cs\/#\/schema\/person\/image\/\",\"url\":\"https:\/\/secure.gravatar.com\/avatar\/66994b632cb8c39a46b9f54afa3ae07201b678d32a54275b6f1c9ffec356bfc0?s=96&d=mm&r=g\",\"contentUrl\":\"https:\/\/secure.gravatar.com\/avatar\/66994b632cb8c39a46b9f54afa3ae07201b678d32a54275b6f1c9ffec356bfc0?s=96&d=mm&r=g\",\"caption\":\"radekmalina\"},\"url\":\"https:\/\/www.welovecycling.com\/cs\/author\/radekmalina\/\"}]}<\/script>\n<!-- \/ Yoast SEO Premium plugin. -->","yoast_head_json":{"title":"Sepp Kuss a triumf loajality! \u00dasp\u011bch domestika je krachem Rogli\u010de | \u0160koda We Love Cycling - \u010cesk\u00e1 republika","description":"Sepp Kuss je senza\u010dn\u00edm v\u00edt\u011bzem Vuelty 2023. Co p\u0159inese triumf domestika formace Jumbo Visma? Opust\u00ed Primo\u017e Rogli\u010d nizozemsk\u00fd t\u00fdm?","robots":{"index":"index","follow":"follow","max-snippet":"max-snippet:-1","max-image-preview":"max-image-preview:large","max-video-preview":"max-video-preview:-1"},"canonical":"https:\/\/www.welovecycling.com\/cs\/2023\/09\/17\/sepp-kuss-a-triumf-loajality-uspech-domestika-je-krachem-roglice\/","og_locale":"cs_CZ","og_type":"article","og_title":"Sepp Kuss a triumf loajality! \u00dasp\u011bch domestika je krachem Rogli\u010de","og_description":"Sepp Kuss je senza\u010dn\u00edm v\u00edt\u011bzem Vuelty 2023. Co p\u0159inese triumf domestika formace Jumbo Visma? Opust\u00ed Primo\u017e Rogli\u010d nizozemsk\u00fd t\u00fdm?","og_url":"https:\/\/www.welovecycling.com\/cs\/2023\/09\/17\/sepp-kuss-a-triumf-loajality-uspech-domestika-je-krachem-roglice\/","og_site_name":"\u0160koda We Love Cycling - \u010cesk\u00e1 republika","article_published_time":"2023-09-17T18:00:27+00:00","article_modified_time":"2023-09-28T06:20:34+00:00","og_image":[{"width":1800,"height":1200,"url":"https:\/\/d2p6e6u75xmxt8.cloudfront.net\/13\/2023\/09\/profimedia-0805769945.webp","type":"image\/webp"}],"author":"radekmalina","twitter_card":"summary_large_image","twitter_misc":{"Written by":"Jan Kr\u016fta","Est. reading time":"7"},"schema":{"@context":"https:\/\/schema.org","@graph":[{"@type":"WebPage","@id":"https:\/\/www.welovecycling.com\/cs\/2023\/09\/17\/sepp-kuss-a-triumf-loajality-uspech-domestika-je-krachem-roglice\/","url":"https:\/\/www.welovecycling.com\/cs\/2023\/09\/17\/sepp-kuss-a-triumf-loajality-uspech-domestika-je-krachem-roglice\/","name":"Sepp Kuss a triumf loajality! \u00dasp\u011bch domestika je krachem Rogli\u010de | \u0160koda We Love Cycling - \u010cesk\u00e1 republika","isPartOf":{"@id":"https:\/\/www.welovecycling.com\/cs\/#website"},"primaryImageOfPage":{"@id":"https:\/\/www.welovecycling.com\/cs\/2023\/09\/17\/sepp-kuss-a-triumf-loajality-uspech-domestika-je-krachem-roglice\/#primaryimage"},"image":{"@id":"https:\/\/www.welovecycling.com\/cs\/2023\/09\/17\/sepp-kuss-a-triumf-loajality-uspech-domestika-je-krachem-roglice\/#primaryimage"},"thumbnailUrl":"https:\/\/d2p6e6u75xmxt8.cloudfront.net\/13\/2023\/09\/profimedia-0805769945.webp","datePublished":"2023-09-17T18:00:27+00:00","dateModified":"2023-09-28T06:20:34+00:00","author":{"@id":"https:\/\/www.welovecycling.com\/cs\/#\/schema\/person\/d9eeb0a378f3a7e4a6d12d2b536b04b8"},"description":"Sepp Kuss je senza\u010dn\u00edm v\u00edt\u011bzem Vuelty 2023. Co p\u0159inese triumf domestika formace Jumbo Visma? Opust\u00ed Primo\u017e Rogli\u010d nizozemsk\u00fd t\u00fdm?","inLanguage":"cs","potentialAction":[{"@type":"ReadAction","target":["https:\/\/www.welovecycling.com\/cs\/2023\/09\/17\/sepp-kuss-a-triumf-loajality-uspech-domestika-je-krachem-roglice\/"]}]},{"@type":"ImageObject","inLanguage":"cs","@id":"https:\/\/www.welovecycling.com\/cs\/2023\/09\/17\/sepp-kuss-a-triumf-loajality-uspech-domestika-je-krachem-roglice\/#primaryimage","url":"https:\/\/d2p6e6u75xmxt8.cloudfront.net\/13\/2023\/09\/profimedia-0805769945.webp","contentUrl":"https:\/\/d2p6e6u75xmxt8.cloudfront.net\/13\/2023\/09\/profimedia-0805769945.webp","width":1800,"height":1200},{"@type":"WebSite","@id":"https:\/\/www.welovecycling.com\/cs\/#website","url":"https:\/\/www.welovecycling.com\/cs\/","name":"\u0160koda We Love Cycling - \u010cesk\u00e1 republika","description":"WeLoveCycling.cz je online magaz\u00edn, kter\u00fd v\u00e1m pravideln\u011b p\u0159in\u00e1\u0161\u00ed rady a tipy, zaj\u00edmav\u00e9 \u010dl\u00e1nky, videa a jedine\u010dn\u00e9 report\u00e1\u017ee ze sv\u011bta cyklistiky.","potentialAction":[{"@type":"SearchAction","target":{"@type":"EntryPoint","urlTemplate":"https:\/\/www.welovecycling.com\/cs\/?s={search_term_string}"},"query-input":{"@type":"PropertyValueSpecification","valueRequired":true,"valueName":"search_term_string"}}],"inLanguage":"cs"},{"@type":"Person","@id":"https:\/\/www.welovecycling.com\/cs\/#\/schema\/person\/d9eeb0a378f3a7e4a6d12d2b536b04b8","name":"radekmalina","image":{"@type":"ImageObject","inLanguage":"cs","@id":"https:\/\/www.welovecycling.com\/cs\/#\/schema\/person\/image\/","url":"https:\/\/secure.gravatar.com\/avatar\/66994b632cb8c39a46b9f54afa3ae07201b678d32a54275b6f1c9ffec356bfc0?s=96&d=mm&r=g","contentUrl":"https:\/\/secure.gravatar.com\/avatar\/66994b632cb8c39a46b9f54afa3ae07201b678d32a54275b6f1c9ffec356bfc0?s=96&d=mm&r=g","caption":"radekmalina"},"url":"https:\/\/www.welovecycling.com\/cs\/author\/radekmalina\/"}]}},"_links":{"self":[{"href":"https:\/\/www.welovecycling.com\/cs\/wp-json\/wp\/v2\/posts\/23675","targetHints":{"allow":["GET"]}}],"collection":[{"href":"https:\/\/www.welovecycling.com\/cs\/wp-json\/wp\/v2\/posts"}],"about":[{"href":"https:\/\/www.welovecycling.com\/cs\/wp-json\/wp\/v2\/types\/post"}],"author":[{"embeddable":true,"href":"https:\/\/www.welovecycling.com\/cs\/wp-json\/wp\/v2\/users\/138"}],"replies":[{"embeddable":true,"href":"https:\/\/www.welovecycling.com\/cs\/wp-json\/wp\/v2\/comments?post=23675"}],"version-history":[{"count":1,"href":"https:\/\/www.welovecycling.com\/cs\/wp-json\/wp\/v2\/posts\/23675\/revisions"}],"predecessor-version":[{"id":23677,"href":"https:\/\/www.welovecycling.com\/cs\/wp-json\/wp\/v2\/posts\/23675\/revisions\/23677"}],"wp:featuredmedia":[{"embeddable":true,"href":"https:\/\/www.welovecycling.com\/cs\/wp-json\/wp\/v2\/media\/23676"}],"wp:attachment":[{"href":"https:\/\/www.welovecycling.com\/cs\/wp-json\/wp\/v2\/media?parent=23675"}],"wp:term":[{"taxonomy":"category","embeddable":true,"href":"https:\/\/www.welovecycling.com\/cs\/wp-json\/wp\/v2\/categories?post=23675"},{"taxonomy":"post_tag","embeddable":true,"href":"https:\/\/www.welovecycling.com\/cs\/wp-json\/wp\/v2\/tags?post=23675"},{"taxonomy":"global-categories","embeddable":true,"href":"https:\/\/www.welovecycling.com\/cs\/wp-json\/wp\/v2\/global-categories?post=23675"}],"curies":[{"name":"wp","href":"https:\/\/api.w.org\/{rel}","templated":true}]}}