{"id":23421,"date":"2023-08-18T19:00:45","date_gmt":"2023-08-18T17:00:45","guid":{"rendered":"https:\/\/www.welovecycling.com\/cs\/?p=23421"},"modified":"2023-08-18T16:39:04","modified_gmt":"2023-08-18T14:39:04","slug":"porcovani-baliku-z-tour-de-france-kolik-vydelali-jonas-vingegaard-nebo-demi-vollering","status":"publish","type":"post","link":"https:\/\/www.welovecycling.com\/cs\/2023\/08\/18\/porcovani-baliku-z-tour-de-france-kolik-vydelali-jonas-vingegaard-nebo-demi-vollering\/","title":{"rendered":"Porcov\u00e1n\u00ed bal\u00edku z Tour de France: kolik vyd\u011blali Jonas Vingegaard nebo Demi Vollering?"},"content":{"rendered":"<p><strong>P\u011btapades\u00e1t milion\u016f korun! Tak vysok\u00fd byl budget, kter\u00fd si porcovaly t\u00fdmy b\u011bhem ned\u00e1vn\u00e9 Tour de France za utrpen\u00ed v jednadvacet dn\u016f trvaj\u00edc\u00edm boji. N\u00e1sledn\u011b p\u0159i Tour de France Femmes se porcovalo p\u011bt milion\u016f a dev\u011bt set tis\u00edc. Jen pro zaj\u00edmavost, a\u017e za p\u00e1r dn\u016f vyraz\u00ed cyklist\u00e9 do boje p\u0159i \u0161pan\u011blsk\u00e9 Vuelt\u011b, bude ve h\u0159e 26 milion\u016f korun.<\/strong><\/p>\n<p>B\u011bhem mu\u017esk\u00e9 Tour de France 2023 si jednozna\u010dn\u011b nejv\u00edce pen\u011bz p\u0159ipsala formace Jumbo Visma, jej\u00ed\u017e cyklist\u00e9 vybojovali v p\u0159epo\u010dtu 15 942 720 korun!<\/p>\n<p>L\u00eddr formace a \u00fasp\u011b\u0161n\u00fd obh\u00e1jce v\u00edt\u011bzstv\u00ed Jonas Vingegaard p\u0159ipsal na t\u00fdmov\u00fd \u00fa\u010det 13 247 280 korun. Druh\u00fdm nej\u00fasp\u011b\u0161n\u011bj\u0161\u00edm z hlediska p\u0159\u00ednosu do kasy Jumbo Visma byl paradoxn\u011b Wout van Aert, kter\u00fd p\u0159ed\u010dasn\u011b odstoupil kv\u016fli p\u0159\u00edtomnosti u porodu. Belgi\u010dan \u201evyjel\u201c 718 080 korun.<\/p>\n<p>Druh\u00e1 nej\u00fasp\u011b\u0161n\u011bj\u0161\u00ed byla formace UAE Emirates, kter\u00e1 si z Francie odvezla 10 926 240 korun. Jej\u00ed dva l\u00edd\u0159i Tadej Poga\u010dar a Adam Yates si v po\u0159ad\u00ed jednotlivc\u016f z hlediska finan\u010dn\u00edch bonus\u016f p\u0159ipsali druhou a t\u0159et\u00ed p\u0159\u00ed\u010dku. Slovinec z\u00edskal 6 816 720 korun, jeho par\u0165\u00e1k 2 922 240 korun. Tak propastn\u00fd je z hlediska odm\u011bn finan\u010dn\u00ed rozd\u00edl mezi v\u00edt\u011bzem a prvn\u00edm, respektive druh\u00fdm pora\u017een\u00fdm.<\/p>\n<h2><strong>Jasper Philipsen z\u00edskal p\u0159es dva miliony<\/strong><\/h2>\n<p>V\u017edy\u0165 absolutn\u00ed \u0161ampion z\u00edsk\u00e1 500 tis\u00edc eur, zat\u00edmco druh\u00fd v\u00a0po\u0159ad\u00ed bere \u201ejen\u201c 200 tis\u00edc eur a t\u0159et\u00ed polovinu t\u00e9to \u010d\u00e1stky. Vl\u00e1dci sout\u011b\u017e\u00ed o b\u00edl\u00fd dres pro nejlep\u0161\u00edho z\u00e1vodn\u00edka do p\u011btadvaceti let, punt\u00edkat\u00fd pro nejlep\u0161\u00edho vrcha\u0159e a zelen\u00fd pro nejlep\u0161\u00edho spurtera berou 25 tis\u00edc eur. Nejlep\u0161\u00ed t\u00fdm pak 50 tis\u00edc eur..<\/p>\n<p>I proto t\u0159et\u00ed nej\u00fasp\u011b\u0161n\u011bj\u0161\u00ed t\u00fdm finan\u010dn\u00edho \u017eeb\u0159\u00ed\u010dku \u2013 Ineos Grenadiers \u2013 p\u0159i absenci sv\u00e9ho jezdce na p\u00f3diu v hlavn\u00ed kategorii, z\u00edskal \u201epouze\u201c 3 189 840 korun. Na opa\u010dn\u00e9m p\u00f3lu se kr\u010dila formace DSM-firmenich. Vybojovala 292 320 korun.<\/p>\n<figure id=\"attachment_23179\" aria-describedby=\"caption-attachment-23179\" style=\"width: 1280px\" class=\"wp-caption alignnone\"><a href=\"https:\/\/d2p6e6u75xmxt8.cloudfront.net\/13\/2023\/07\/TDF-21-Jasper-philipsen-start-1.webp\"><img loading=\"lazy\" decoding=\"async\" class=\"size-extra-large wp-image-23179\" src=\"https:\/\/d2p6e6u75xmxt8.cloudfront.net\/13\/2023\/07\/TDF-21-Jasper-philipsen-start-1-1280x1920.webp\" alt=\"Jasper\" width=\"1280\" height=\"1920\" srcset=\"https:\/\/d2p6e6u75xmxt8.cloudfront.net\/13\/2023\/07\/TDF-21-Jasper-philipsen-start-1-1280x1920.webp 1280w, https:\/\/d2p6e6u75xmxt8.cloudfront.net\/13\/2023\/07\/TDF-21-Jasper-philipsen-start-1-200x300.webp 200w, https:\/\/d2p6e6u75xmxt8.cloudfront.net\/13\/2023\/07\/TDF-21-Jasper-philipsen-start-1-683x1024.webp 683w, https:\/\/d2p6e6u75xmxt8.cloudfront.net\/13\/2023\/07\/TDF-21-Jasper-philipsen-start-1-768x1152.webp 768w, https:\/\/d2p6e6u75xmxt8.cloudfront.net\/13\/2023\/07\/TDF-21-Jasper-philipsen-start-1-1024x1536.webp 1024w, https:\/\/d2p6e6u75xmxt8.cloudfront.net\/13\/2023\/07\/TDF-21-Jasper-philipsen-start-1-267x400.webp 267w, https:\/\/d2p6e6u75xmxt8.cloudfront.net\/13\/2023\/07\/TDF-21-Jasper-philipsen-start-1.webp 1365w, https:\/\/d2p6e6u75xmxt8.cloudfront.net\/13\/2023\/07\/TDF-21-Jasper-philipsen-start-1-1280x1920.webp 1280w\" sizes=\"auto, (max-width: 1280px) 100vw, 1280px\" \/><\/a><figcaption id=\"caption-attachment-23179\" class=\"wp-caption-text\"><em>Jasper Philipsen na t\u00fdmov\u00e9 konto p\u0159i Tour de France p\u0159ipsal 2 270 400 korun. Foto: A.S.O. (4x)<\/em><\/figcaption><\/figure>\n<p>Dlouho byl l\u00eddrem individu\u00e1ln\u00edho \u017eeb\u0159\u00ed\u010dku v\u00edt\u011bz bodovac\u00ed sout\u011b\u017ee \u0160koda Auto Jasper Philipsen z t\u00fdmu Alpecin Deceuninck, p\u0159es n\u011bho\u017e se nakonec \u201ep\u0159ehnali\u201c Vingegaard, Poga\u010dar a Adam Yates. I tak belgick\u00fd rychl\u00edk nemusel smutnit. Na t\u00fdmov\u00e9 konto dovezl 2 270 400 korun.<\/p>\n<div class=\"shortcode-ys-post-pinup\"><article class=\"loop-simple post-23195 post type-post status-publish format-standard has-post-thumbnail hentry category-tour-de-france tag-bodovaci-soutez tag-cyklistika tag-jasper-philipsen tag-silnicni-cyklistika tag-tour-de-france-2023 tag-zeleny-trikot global-categories-cycling\" data-postid=\"23195\" role=\"article\" data-post-id=\"23195\" data-word-count=\"420\" data-headline-length=\"87\" data-category=\"Tour de France\" data-global-category=\"Cycling\" data-author=\"Radek Malina\" data-published=\"2023-07-25T16:12:38+02:00\" data-published-day=\"Tuesday\">\n    <div class=\"entry-thumbnail article-thumbnail\" content=\"https:\/\/d2p6e6u75xmxt8.cloudfront.net\/13\/2023\/07\/Jasper-150x150.webp\"><a href=\"https:\/\/www.welovecycling.com\/cs\/2023\/07\/25\/vyhruzky-smrti-vitez-zeleneho-dresu-jasper-philipsen-celi-nechutnym-utokum\/\" class=\"image-holder\" target=\"_self\"><img decoding=\"async\" loading=\"lazy\" class=\"\" src=\"https:\/\/d2p6e6u75xmxt8.cloudfront.net\/13\/2023\/07\/Jasper-1024x683.webp\" srcset=\"https:\/\/d2p6e6u75xmxt8.cloudfront.net\/13\/2023\/07\/Jasper.webp 2048w, https:\/\/d2p6e6u75xmxt8.cloudfront.net\/13\/2023\/07\/Jasper-300x200.webp 300w, https:\/\/d2p6e6u75xmxt8.cloudfront.net\/13\/2023\/07\/Jasper-1024x683.webp 1024w, https:\/\/d2p6e6u75xmxt8.cloudfront.net\/13\/2023\/07\/Jasper-768x512.webp 768w, https:\/\/d2p6e6u75xmxt8.cloudfront.net\/13\/2023\/07\/Jasper-1536x1024.webp 1536w, https:\/\/d2p6e6u75xmxt8.cloudfront.net\/13\/2023\/07\/Jasper-1920x1280.webp 1920w, https:\/\/d2p6e6u75xmxt8.cloudfront.net\/13\/2023\/07\/Jasper-400x267.webp 400w, https:\/\/d2p6e6u75xmxt8.cloudfront.net\/13\/2023\/07\/Jasper-272x182.webp 272w, https:\/\/d2p6e6u75xmxt8.cloudfront.net\/13\/2023\/07\/Jasper-1920x1280.webp 1920w\" width=\"1024\" height=\"683\" sizes=\"auto, (min-width: 1200px) 300px, (min-width: 768px) 25vw, 100vw\" alt=\"vyhruzky-smrti-vitez-zeleneho-dresu-jasper-philipsen-celi-nechutnym-utokum\"\/><\/a><\/div>    <div class=\"entry-meta\">\n        <a class=\"label label-secondary post-category\" href=\"https:\/\/www.welovecycling.com\/cs\/category\/tour-de-france\/\" title=\"Tour de France\">Tour de France<\/a>\n    <\/div>\n    <div class=\"entry-details\">\n        <a href=\"https:\/\/www.welovecycling.com\/cs\/2023\/07\/25\/vyhruzky-smrti-vitez-zeleneho-dresu-jasper-philipsen-celi-nechutnym-utokum\/\" class='entry-title-wrapper'>\n            <h3 class=\"entry-title\"><span>V\u00fdhr\u016f\u017eky smrt\u00ed! V\u00edt\u011bz zelen\u00e9ho dresu Jasper Philipsen \u010del\u00ed nechutn\u00fdm \u00fatok\u016fm<\/span><\/h3>\n        <\/a>\n    <\/div>\n    <\/article>\n<\/div>\n<p>Nutno podotknout, \u017ee \u0161ampioni \u010dasto ob\u011btuj\u00ed sv\u00e9 prize money ve prosp\u011bch t\u00fdmu. A jako p\u0159ipom\u00ednku vd\u011b\u010dnosti p\u0159ihod\u00ed pro v\u011brn\u00e9 kolegy kup\u0159\u00edkladu v\u00fdjime\u010dn\u00e9 hodinky, dovolenou a v n\u011bkter\u00fdch p\u0159\u00edpadech historie dokonce i luxusn\u00ed osobn\u00ed vozy. Obecn\u011b se uplat\u0148uje syst\u00e9m &#8222;rovnom\u011brn\u00e9ho&#8220; porcov\u00e1n\u00ed z bal\u00edku, kter\u00fd t\u00fdm vyjede b\u011bhem z\u00e1vodu. A pochopiteln\u011b se dot\u00fdk\u00e1 i doprovodn\u00e9ho person\u00e1lu.<\/p>\n<h2><strong>Demi Vollering a Lote Kopecky se dostaly p\u0159es milion korun<\/strong><\/h2>\n<p>Absolutn\u011b nej\u00fasp\u011b\u0161n\u011bj\u0161\u00edm t\u00fdmem v \u017eensk\u00e9m pelotonu Tour de France 2023 byla formace SD Worx. Jako jedin\u00e1 se z cel\u00e9ho z\u00e1stupu z\u00fa\u010dastn\u011bn\u00fdch st\u00e1j\u00ed dostala p\u0159es sto tis\u00edc eur. Z celkov\u00e9ho budgetu z\u00e1vodu 246 380 eur, si st\u00e1j v\u00edt\u011bzky Demi Vollering p\u0159ipsala 124 350 eur, tedy v p\u0159epo\u010dtu 2 984 400 korun.<\/p>\n<figure id=\"attachment_23424\" aria-describedby=\"caption-attachment-23424\" style=\"width: 1920px\" class=\"wp-caption alignnone\"><a href=\"https:\/\/d2p6e6u75xmxt8.cloudfront.net\/13\/2023\/08\/demi-vollering.webp\"><img loading=\"lazy\" decoding=\"async\" class=\"size-extra-large wp-image-23424\" src=\"https:\/\/d2p6e6u75xmxt8.cloudfront.net\/13\/2023\/08\/demi-vollering-1920x1279.webp\" alt=\"Demi Vollering si v p\u0159epo\u010dtu na Tour de France Femmes vyjela p\u0159es milion a p\u016fl korun.\" width=\"1920\" height=\"1279\" srcset=\"https:\/\/d2p6e6u75xmxt8.cloudfront.net\/13\/2023\/08\/demi-vollering-1920x1279.webp 1920w, https:\/\/d2p6e6u75xmxt8.cloudfront.net\/13\/2023\/08\/demi-vollering-300x200.webp 300w, https:\/\/d2p6e6u75xmxt8.cloudfront.net\/13\/2023\/08\/demi-vollering-1024x682.webp 1024w, https:\/\/d2p6e6u75xmxt8.cloudfront.net\/13\/2023\/08\/demi-vollering-768x512.webp 768w, https:\/\/d2p6e6u75xmxt8.cloudfront.net\/13\/2023\/08\/demi-vollering-1536x1023.webp 1536w, https:\/\/d2p6e6u75xmxt8.cloudfront.net\/13\/2023\/08\/demi-vollering-400x266.webp 400w, https:\/\/d2p6e6u75xmxt8.cloudfront.net\/13\/2023\/08\/demi-vollering-272x182.webp 272w, https:\/\/d2p6e6u75xmxt8.cloudfront.net\/13\/2023\/08\/demi-vollering.webp 2048w, https:\/\/d2p6e6u75xmxt8.cloudfront.net\/13\/2023\/08\/demi-vollering-1920x1279.webp 1920w\" sizes=\"auto, (max-width: 1920px) 100vw, 1920px\" \/><\/a><figcaption id=\"caption-attachment-23424\" class=\"wp-caption-text\"><em>Demi Vollering si v p\u0159epo\u010dtu na Tour de France Femmes vyjela p\u0159es milion a p\u016fl korun.<\/em><\/figcaption><\/figure>\n<p>Pr\u00e1v\u011b nov\u00e1 \u0161ampionka Tour de France Femmes p\u0159ipsala za triumf 50 tis\u00edc eur. Lotte Kopecky, slav\u00edc\u00ed o p\u00e1r t\u00fddn\u016f pozd\u011bji titul mistryn\u011b sv\u011bta, brala za st\u0159\u00edbrnou p\u0159\u00ed\u010dku 25 tis\u00edc eur. A t\u0159et\u00ed v po\u0159ad\u00ed Kasia Niewiadoma na \u00fa\u010det t\u00fdmu Canyon-SRAM vybojovala za kone\u010dn\u00e9 um\u00edst\u011bn\u00ed 10 000 eur.<\/p>\n<div class=\"shortcode-ys-post-pinup\"><article class=\"loop-simple post-23252 post type-post status-publish format-standard has-post-thumbnail hentry category-zeny tag-annemiek-van-vleuten tag-cyklistika tag-demi-vollering tag-silnicni-cyklistika tag-tour-de-france-femmes tag-tour-de-france-femmes-2023 global-categories-cycling\" data-postid=\"23252\" role=\"article\" data-post-id=\"23252\" data-word-count=\"378\" data-headline-length=\"50\" data-category=\"\u017deny\" data-global-category=\"Cycling\" data-author=\"We Love Cycling\" data-published=\"2023-07-31T15:40:06+02:00\" data-published-day=\"Monday\">\n    <div class=\"entry-thumbnail article-thumbnail\" content=\"https:\/\/d2p6e6u75xmxt8.cloudfront.net\/13\/2023\/07\/demi-vollering-trofej-150x150.webp\"><a href=\"https:\/\/www.welovecycling.com\/cs\/2023\/07\/31\/dominance-z-ktere-mrazi-vitejte-v-nove-ere\/\" class=\"image-holder\" target=\"_self\"><img decoding=\"async\" loading=\"lazy\" class=\"\" src=\"https:\/\/d2p6e6u75xmxt8.cloudfront.net\/13\/2023\/07\/demi-vollering-trofej-1024x682.webp\" srcset=\"https:\/\/d2p6e6u75xmxt8.cloudfront.net\/13\/2023\/07\/demi-vollering-trofej.webp 2048w, https:\/\/d2p6e6u75xmxt8.cloudfront.net\/13\/2023\/07\/demi-vollering-trofej-300x200.webp 300w, https:\/\/d2p6e6u75xmxt8.cloudfront.net\/13\/2023\/07\/demi-vollering-trofej-1024x682.webp 1024w, https:\/\/d2p6e6u75xmxt8.cloudfront.net\/13\/2023\/07\/demi-vollering-trofej-768x512.webp 768w, https:\/\/d2p6e6u75xmxt8.cloudfront.net\/13\/2023\/07\/demi-vollering-trofej-1536x1023.webp 1536w, https:\/\/d2p6e6u75xmxt8.cloudfront.net\/13\/2023\/07\/demi-vollering-trofej-1920x1279.webp 1920w, https:\/\/d2p6e6u75xmxt8.cloudfront.net\/13\/2023\/07\/demi-vollering-trofej-400x266.webp 400w, https:\/\/d2p6e6u75xmxt8.cloudfront.net\/13\/2023\/07\/demi-vollering-trofej-272x182.webp 272w, https:\/\/d2p6e6u75xmxt8.cloudfront.net\/13\/2023\/07\/demi-vollering-trofej-1920x1279.webp 1920w\" width=\"1024\" height=\"682\" sizes=\"auto, (min-width: 1200px) 300px, (min-width: 768px) 25vw, 100vw\" alt=\"dominance-z-ktere-mrazi-vitejte-v-nove-ere\"\/><\/a><\/div>    <div class=\"entry-meta\">\n        <a class=\"label label-secondary post-category\" href=\"https:\/\/www.welovecycling.com\/cs\/category\/zeny\/\" title=\"\u017deny\">\u017deny<\/a>\n    <\/div>\n    <div class=\"entry-details\">\n        <a href=\"https:\/\/www.welovecycling.com\/cs\/2023\/07\/31\/dominance-z-ktere-mrazi-vitejte-v-nove-ere\/\" class='entry-title-wrapper'>\n            <h3 class=\"entry-title\"><span>Dominance, z kter\u00e9 mraz\u00ed. V\u00edtejte v nov\u00e9 \u00e9\u0159e<\/span><\/h3>\n        <\/a>\n    <\/div>\n    <\/article>\n<\/div>\n<p>V\u00a0sou\u010dtu s\u00a0pr\u00e9miemi za jednotliv\u00e9 etapy a \u00fasp\u011bchy v\u00a0d\u00edl\u010d\u00edch sout\u011b\u017e\u00edch brala Demi Vollering 61\u00a0630 eur, tedy 1\u00a0479\u00a0120 korun. Jej\u00ed t\u00fdmov\u00e1 kolegyn\u011b Lotte Kopecky \u201evybojovala\u201c pro t\u00fdmovou pokladu 1\u00a0033\u00a0680 korun. T\u0159et\u00ed Kasia Niewiadoma zajistila vlastn\u00ed formaci 402\u00a0480 korun.<\/p>\n<figure id=\"attachment_23425\" aria-describedby=\"caption-attachment-23425\" style=\"width: 1920px\" class=\"wp-caption alignnone\"><a href=\"https:\/\/d2p6e6u75xmxt8.cloudfront.net\/13\/2023\/08\/lotte-kopecky.webp\"><img loading=\"lazy\" decoding=\"async\" class=\"size-extra-large wp-image-23425\" src=\"https:\/\/d2p6e6u75xmxt8.cloudfront.net\/13\/2023\/08\/lotte-kopecky-1920x1280.webp\" alt=\"Lotte Kopecky\" width=\"1920\" height=\"1280\" srcset=\"https:\/\/d2p6e6u75xmxt8.cloudfront.net\/13\/2023\/08\/lotte-kopecky-1920x1280.webp 1920w, https:\/\/d2p6e6u75xmxt8.cloudfront.net\/13\/2023\/08\/lotte-kopecky-300x200.webp 300w, https:\/\/d2p6e6u75xmxt8.cloudfront.net\/13\/2023\/08\/lotte-kopecky-1024x683.webp 1024w, https:\/\/d2p6e6u75xmxt8.cloudfront.net\/13\/2023\/08\/lotte-kopecky-768x512.webp 768w, https:\/\/d2p6e6u75xmxt8.cloudfront.net\/13\/2023\/08\/lotte-kopecky-1536x1024.webp 1536w, https:\/\/d2p6e6u75xmxt8.cloudfront.net\/13\/2023\/08\/lotte-kopecky-400x267.webp 400w, https:\/\/d2p6e6u75xmxt8.cloudfront.net\/13\/2023\/08\/lotte-kopecky-272x182.webp 272w, https:\/\/d2p6e6u75xmxt8.cloudfront.net\/13\/2023\/08\/lotte-kopecky.webp 2048w, https:\/\/d2p6e6u75xmxt8.cloudfront.net\/13\/2023\/08\/lotte-kopecky-1920x1280.webp 1920w\" sizes=\"auto, (max-width: 1920px) 100vw, 1920px\" \/><\/a><figcaption id=\"caption-attachment-23425\" class=\"wp-caption-text\"><em>Lotte Kopecky dlouho dr\u017eela pr\u016fb\u011b\u017en\u00e9 veden\u00ed, nakonec se musela spokojit s druhou p\u0159\u00ed\u010dkou a v\u00edt\u011bztv\u00ed v bitv\u011b o zelen\u00fd trikot.<\/em><\/figcaption><\/figure>\n<p>Celkem se jen \u010dty\u0159i \u017eensk\u00e9 t\u00fdmy dostaly p\u0159es hranici deset tis\u00edc eur. Dal\u0161\u00ed \u010dty\u0159i formace naopak v\u016fbec nedos\u00e1hly na tis\u00edc eur. A st\u00e1je Ark\u00e9a a Coop-Hitec nez\u00edskaly ani cent!<\/p>\n<p>Jen pro zaj\u00edmavost, a\u017e odstartuje 26. srpna v\u00a0Barcelon\u011b \u0161pan\u011blsk\u00e1 Vuelta, pojede peloton o 26\u00a0836\u00a0920 korun. Pro nov\u00e9ho kr\u00e1le t\u0159et\u00ed Grand Tour sezony je pak p\u0159ipravena jednor\u00e1zov\u00e1 odm\u011bna 150 tis\u00edc eur&#8230;<\/p>\n","protected":false},"excerpt":{"rendered":"<p>P\u011btapades\u00e1t milion\u016f korun! Tak vysok\u00fd byl budget, kter\u00fd si porcovaly t\u00fdmy b\u011bhem ned\u00e1vn\u00e9 Tour de France za utrpen\u00ed v jednadvacet [&hellip;]<\/p>\n","protected":false},"author":138,"featured_media":23422,"comment_status":"open","ping_status":"open","sticky":false,"template":"","format":"standard","meta":{"footnotes":""},"categories":[660],"tags":[126,2933,3176,2985,1601,2909,331,3177,330,502,23,2647,2654,1073],"global-categories":[411],"class_list":["post-23421","post","type-post","status-publish","format-standard","has-post-thumbnail","hentry","category-https-www-welovecycling-com-cs-category-zabava","tag-cyklistika","tag-demi-vollering","tag-financni-odmeny","tag-jasper-philipsen","tag-jonas-vingegaard","tag-lotte-kopecky","tag-penize","tag-premie","tag-prize-money","tag-tadej-pogacar","tag-tour-de-france","tag-tour-de-france-2023","tag-tour-de-france-femmes-2023","tag-wout-van-aert","global-categories-cycling"],"yoast_head":"<!-- This site is optimized with the Yoast SEO Premium plugin v25.3 (Yoast SEO v25.9) - https:\/\/yoast.com\/wordpress\/plugins\/seo\/ -->\n<title>Porcov\u00e1n\u00ed bal\u00edku z Tour de France: kolik vyd\u011blali Jonas Vingegaard nebo Demi Vollering? | \u0160koda We Love Cycling - \u010cesk\u00e1 republika<\/title>\n<meta name=\"description\" content=\"P\u011btapades\u00e1t milion\u016f korun! Kolik si vyd\u011blali cyklist\u00e9 p\u0159i Tour de France 2023? A kolik jejich \u017eensk\u00e9 kolegyn\u011b\" \/>\n<meta name=\"robots\" content=\"index, follow, max-snippet:-1, max-image-preview:large, max-video-preview:-1\" \/>\n<link rel=\"canonical\" href=\"https:\/\/www.welovecycling.com\/cs\/2023\/08\/18\/porcovani-baliku-z-tour-de-france-kolik-vydelali-jonas-vingegaard-nebo-demi-vollering\/\" \/>\n<meta property=\"og:locale\" content=\"cs_CZ\" \/>\n<meta property=\"og:type\" content=\"article\" \/>\n<meta property=\"og:title\" content=\"Porcov\u00e1n\u00ed bal\u00edku z Tour de France: kolik vyd\u011blali Jonas Vingegaard nebo Demi Vollering?\" \/>\n<meta property=\"og:description\" content=\"P\u011btapades\u00e1t milion\u016f korun! Kolik si vyd\u011blali cyklist\u00e9 p\u0159i Tour de France 2023? A kolik jejich \u017eensk\u00e9 kolegyn\u011b\" \/>\n<meta property=\"og:url\" content=\"https:\/\/www.welovecycling.com\/cs\/2023\/08\/18\/porcovani-baliku-z-tour-de-france-kolik-vydelali-jonas-vingegaard-nebo-demi-vollering\/\" \/>\n<meta property=\"og:site_name\" content=\"\u0160koda We Love Cycling - \u010cesk\u00e1 republika\" \/>\n<meta property=\"article:published_time\" content=\"2023-08-18T17:00:45+00:00\" \/>\n<meta property=\"og:image\" content=\"https:\/\/d2p6e6u75xmxt8.cloudfront.net\/13\/2023\/08\/jonas-vingegaard.webp\" \/>\n\t<meta property=\"og:image:width\" content=\"2048\" \/>\n\t<meta property=\"og:image:height\" content=\"1365\" \/>\n\t<meta property=\"og:image:type\" content=\"image\/webp\" \/>\n<meta name=\"author\" content=\"radekmalina\" \/>\n<meta name=\"twitter:card\" content=\"summary_large_image\" \/>\n<meta name=\"twitter:label1\" content=\"Written by\" \/>\n\t<meta name=\"twitter:data1\" content=\"We Love Cycling\" \/>\n\t<meta name=\"twitter:label2\" content=\"Est. reading time\" \/>\n\t<meta name=\"twitter:data2\" content=\"6\" \/>\n<script type=\"application\/ld+json\" class=\"yoast-schema-graph\">{\"@context\":\"https:\/\/schema.org\",\"@graph\":[{\"@type\":\"WebPage\",\"@id\":\"https:\/\/www.welovecycling.com\/cs\/2023\/08\/18\/porcovani-baliku-z-tour-de-france-kolik-vydelali-jonas-vingegaard-nebo-demi-vollering\/\",\"url\":\"https:\/\/www.welovecycling.com\/cs\/2023\/08\/18\/porcovani-baliku-z-tour-de-france-kolik-vydelali-jonas-vingegaard-nebo-demi-vollering\/\",\"name\":\"Porcov\u00e1n\u00ed bal\u00edku z Tour de France: kolik vyd\u011blali Jonas Vingegaard nebo Demi Vollering? | \u0160koda We Love Cycling - \u010cesk\u00e1 republika\",\"isPartOf\":{\"@id\":\"https:\/\/www.welovecycling.com\/cs\/#website\"},\"primaryImageOfPage\":{\"@id\":\"https:\/\/www.welovecycling.com\/cs\/2023\/08\/18\/porcovani-baliku-z-tour-de-france-kolik-vydelali-jonas-vingegaard-nebo-demi-vollering\/#primaryimage\"},\"image\":{\"@id\":\"https:\/\/www.welovecycling.com\/cs\/2023\/08\/18\/porcovani-baliku-z-tour-de-france-kolik-vydelali-jonas-vingegaard-nebo-demi-vollering\/#primaryimage\"},\"thumbnailUrl\":\"https:\/\/d2p6e6u75xmxt8.cloudfront.net\/13\/2023\/08\/jonas-vingegaard.webp\",\"datePublished\":\"2023-08-18T17:00:45+00:00\",\"author\":{\"@id\":\"https:\/\/www.welovecycling.com\/cs\/#\/schema\/person\/d9eeb0a378f3a7e4a6d12d2b536b04b8\"},\"description\":\"P\u011btapades\u00e1t milion\u016f korun! Kolik si vyd\u011blali cyklist\u00e9 p\u0159i Tour de France 2023? A kolik jejich \u017eensk\u00e9 kolegyn\u011b\",\"inLanguage\":\"cs\",\"potentialAction\":[{\"@type\":\"ReadAction\",\"target\":[\"https:\/\/www.welovecycling.com\/cs\/2023\/08\/18\/porcovani-baliku-z-tour-de-france-kolik-vydelali-jonas-vingegaard-nebo-demi-vollering\/\"]}]},{\"@type\":\"ImageObject\",\"inLanguage\":\"cs\",\"@id\":\"https:\/\/www.welovecycling.com\/cs\/2023\/08\/18\/porcovani-baliku-z-tour-de-france-kolik-vydelali-jonas-vingegaard-nebo-demi-vollering\/#primaryimage\",\"url\":\"https:\/\/d2p6e6u75xmxt8.cloudfront.net\/13\/2023\/08\/jonas-vingegaard.webp\",\"contentUrl\":\"https:\/\/d2p6e6u75xmxt8.cloudfront.net\/13\/2023\/08\/jonas-vingegaard.webp\",\"width\":2048,\"height\":1365},{\"@type\":\"WebSite\",\"@id\":\"https:\/\/www.welovecycling.com\/cs\/#website\",\"url\":\"https:\/\/www.welovecycling.com\/cs\/\",\"name\":\"\u0160koda We Love Cycling - \u010cesk\u00e1 republika\",\"description\":\"WeLoveCycling.cz je online magaz\u00edn, kter\u00fd v\u00e1m pravideln\u011b p\u0159in\u00e1\u0161\u00ed rady a tipy, zaj\u00edmav\u00e9 \u010dl\u00e1nky, videa a jedine\u010dn\u00e9 report\u00e1\u017ee ze sv\u011bta cyklistiky.\",\"potentialAction\":[{\"@type\":\"SearchAction\",\"target\":{\"@type\":\"EntryPoint\",\"urlTemplate\":\"https:\/\/www.welovecycling.com\/cs\/?s={search_term_string}\"},\"query-input\":{\"@type\":\"PropertyValueSpecification\",\"valueRequired\":true,\"valueName\":\"search_term_string\"}}],\"inLanguage\":\"cs\"},{\"@type\":\"Person\",\"@id\":\"https:\/\/www.welovecycling.com\/cs\/#\/schema\/person\/d9eeb0a378f3a7e4a6d12d2b536b04b8\",\"name\":\"radekmalina\",\"image\":{\"@type\":\"ImageObject\",\"inLanguage\":\"cs\",\"@id\":\"https:\/\/www.welovecycling.com\/cs\/#\/schema\/person\/image\/\",\"url\":\"https:\/\/secure.gravatar.com\/avatar\/66994b632cb8c39a46b9f54afa3ae07201b678d32a54275b6f1c9ffec356bfc0?s=96&d=mm&r=g\",\"contentUrl\":\"https:\/\/secure.gravatar.com\/avatar\/66994b632cb8c39a46b9f54afa3ae07201b678d32a54275b6f1c9ffec356bfc0?s=96&d=mm&r=g\",\"caption\":\"radekmalina\"},\"url\":\"https:\/\/www.welovecycling.com\/cs\/author\/radekmalina\/\"}]}<\/script>\n<!-- \/ Yoast SEO Premium plugin. -->","yoast_head_json":{"title":"Porcov\u00e1n\u00ed bal\u00edku z Tour de France: kolik vyd\u011blali Jonas Vingegaard nebo Demi Vollering? | \u0160koda We Love Cycling - \u010cesk\u00e1 republika","description":"P\u011btapades\u00e1t milion\u016f korun! Kolik si vyd\u011blali cyklist\u00e9 p\u0159i Tour de France 2023? A kolik jejich \u017eensk\u00e9 kolegyn\u011b","robots":{"index":"index","follow":"follow","max-snippet":"max-snippet:-1","max-image-preview":"max-image-preview:large","max-video-preview":"max-video-preview:-1"},"canonical":"https:\/\/www.welovecycling.com\/cs\/2023\/08\/18\/porcovani-baliku-z-tour-de-france-kolik-vydelali-jonas-vingegaard-nebo-demi-vollering\/","og_locale":"cs_CZ","og_type":"article","og_title":"Porcov\u00e1n\u00ed bal\u00edku z Tour de France: kolik vyd\u011blali Jonas Vingegaard nebo Demi Vollering?","og_description":"P\u011btapades\u00e1t milion\u016f korun! Kolik si vyd\u011blali cyklist\u00e9 p\u0159i Tour de France 2023? A kolik jejich \u017eensk\u00e9 kolegyn\u011b","og_url":"https:\/\/www.welovecycling.com\/cs\/2023\/08\/18\/porcovani-baliku-z-tour-de-france-kolik-vydelali-jonas-vingegaard-nebo-demi-vollering\/","og_site_name":"\u0160koda We Love Cycling - \u010cesk\u00e1 republika","article_published_time":"2023-08-18T17:00:45+00:00","og_image":[{"width":2048,"height":1365,"url":"https:\/\/d2p6e6u75xmxt8.cloudfront.net\/13\/2023\/08\/jonas-vingegaard.webp","type":"image\/webp"}],"author":"radekmalina","twitter_card":"summary_large_image","twitter_misc":{"Written by":"We Love Cycling","Est. reading time":"6"},"schema":{"@context":"https:\/\/schema.org","@graph":[{"@type":"WebPage","@id":"https:\/\/www.welovecycling.com\/cs\/2023\/08\/18\/porcovani-baliku-z-tour-de-france-kolik-vydelali-jonas-vingegaard-nebo-demi-vollering\/","url":"https:\/\/www.welovecycling.com\/cs\/2023\/08\/18\/porcovani-baliku-z-tour-de-france-kolik-vydelali-jonas-vingegaard-nebo-demi-vollering\/","name":"Porcov\u00e1n\u00ed bal\u00edku z Tour de France: kolik vyd\u011blali Jonas Vingegaard nebo Demi Vollering? | \u0160koda We Love Cycling - \u010cesk\u00e1 republika","isPartOf":{"@id":"https:\/\/www.welovecycling.com\/cs\/#website"},"primaryImageOfPage":{"@id":"https:\/\/www.welovecycling.com\/cs\/2023\/08\/18\/porcovani-baliku-z-tour-de-france-kolik-vydelali-jonas-vingegaard-nebo-demi-vollering\/#primaryimage"},"image":{"@id":"https:\/\/www.welovecycling.com\/cs\/2023\/08\/18\/porcovani-baliku-z-tour-de-france-kolik-vydelali-jonas-vingegaard-nebo-demi-vollering\/#primaryimage"},"thumbnailUrl":"https:\/\/d2p6e6u75xmxt8.cloudfront.net\/13\/2023\/08\/jonas-vingegaard.webp","datePublished":"2023-08-18T17:00:45+00:00","author":{"@id":"https:\/\/www.welovecycling.com\/cs\/#\/schema\/person\/d9eeb0a378f3a7e4a6d12d2b536b04b8"},"description":"P\u011btapades\u00e1t milion\u016f korun! Kolik si vyd\u011blali cyklist\u00e9 p\u0159i Tour de France 2023? A kolik jejich \u017eensk\u00e9 kolegyn\u011b","inLanguage":"cs","potentialAction":[{"@type":"ReadAction","target":["https:\/\/www.welovecycling.com\/cs\/2023\/08\/18\/porcovani-baliku-z-tour-de-france-kolik-vydelali-jonas-vingegaard-nebo-demi-vollering\/"]}]},{"@type":"ImageObject","inLanguage":"cs","@id":"https:\/\/www.welovecycling.com\/cs\/2023\/08\/18\/porcovani-baliku-z-tour-de-france-kolik-vydelali-jonas-vingegaard-nebo-demi-vollering\/#primaryimage","url":"https:\/\/d2p6e6u75xmxt8.cloudfront.net\/13\/2023\/08\/jonas-vingegaard.webp","contentUrl":"https:\/\/d2p6e6u75xmxt8.cloudfront.net\/13\/2023\/08\/jonas-vingegaard.webp","width":2048,"height":1365},{"@type":"WebSite","@id":"https:\/\/www.welovecycling.com\/cs\/#website","url":"https:\/\/www.welovecycling.com\/cs\/","name":"\u0160koda We Love Cycling - \u010cesk\u00e1 republika","description":"WeLoveCycling.cz je online magaz\u00edn, kter\u00fd v\u00e1m pravideln\u011b p\u0159in\u00e1\u0161\u00ed rady a tipy, zaj\u00edmav\u00e9 \u010dl\u00e1nky, videa a jedine\u010dn\u00e9 report\u00e1\u017ee ze sv\u011bta cyklistiky.","potentialAction":[{"@type":"SearchAction","target":{"@type":"EntryPoint","urlTemplate":"https:\/\/www.welovecycling.com\/cs\/?s={search_term_string}"},"query-input":{"@type":"PropertyValueSpecification","valueRequired":true,"valueName":"search_term_string"}}],"inLanguage":"cs"},{"@type":"Person","@id":"https:\/\/www.welovecycling.com\/cs\/#\/schema\/person\/d9eeb0a378f3a7e4a6d12d2b536b04b8","name":"radekmalina","image":{"@type":"ImageObject","inLanguage":"cs","@id":"https:\/\/www.welovecycling.com\/cs\/#\/schema\/person\/image\/","url":"https:\/\/secure.gravatar.com\/avatar\/66994b632cb8c39a46b9f54afa3ae07201b678d32a54275b6f1c9ffec356bfc0?s=96&d=mm&r=g","contentUrl":"https:\/\/secure.gravatar.com\/avatar\/66994b632cb8c39a46b9f54afa3ae07201b678d32a54275b6f1c9ffec356bfc0?s=96&d=mm&r=g","caption":"radekmalina"},"url":"https:\/\/www.welovecycling.com\/cs\/author\/radekmalina\/"}]}},"_links":{"self":[{"href":"https:\/\/www.welovecycling.com\/cs\/wp-json\/wp\/v2\/posts\/23421","targetHints":{"allow":["GET"]}}],"collection":[{"href":"https:\/\/www.welovecycling.com\/cs\/wp-json\/wp\/v2\/posts"}],"about":[{"href":"https:\/\/www.welovecycling.com\/cs\/wp-json\/wp\/v2\/types\/post"}],"author":[{"embeddable":true,"href":"https:\/\/www.welovecycling.com\/cs\/wp-json\/wp\/v2\/users\/138"}],"replies":[{"embeddable":true,"href":"https:\/\/www.welovecycling.com\/cs\/wp-json\/wp\/v2\/comments?post=23421"}],"version-history":[{"count":5,"href":"https:\/\/www.welovecycling.com\/cs\/wp-json\/wp\/v2\/posts\/23421\/revisions"}],"predecessor-version":[{"id":23429,"href":"https:\/\/www.welovecycling.com\/cs\/wp-json\/wp\/v2\/posts\/23421\/revisions\/23429"}],"wp:featuredmedia":[{"embeddable":true,"href":"https:\/\/www.welovecycling.com\/cs\/wp-json\/wp\/v2\/media\/23422"}],"wp:attachment":[{"href":"https:\/\/www.welovecycling.com\/cs\/wp-json\/wp\/v2\/media?parent=23421"}],"wp:term":[{"taxonomy":"category","embeddable":true,"href":"https:\/\/www.welovecycling.com\/cs\/wp-json\/wp\/v2\/categories?post=23421"},{"taxonomy":"post_tag","embeddable":true,"href":"https:\/\/www.welovecycling.com\/cs\/wp-json\/wp\/v2\/tags?post=23421"},{"taxonomy":"global-categories","embeddable":true,"href":"https:\/\/www.welovecycling.com\/cs\/wp-json\/wp\/v2\/global-categories?post=23421"}],"curies":[{"name":"wp","href":"https:\/\/api.w.org\/{rel}","templated":true}]}}