{"id":23412,"date":"2023-08-17T16:55:30","date_gmt":"2023-08-17T14:55:30","guid":{"rendered":"https:\/\/www.welovecycling.com\/cs\/?p=23412"},"modified":"2023-08-17T16:55:30","modified_gmt":"2023-08-17T14:55:30","slug":"tip-na-cyklovylet-mezi-vyhaslymi-sopkami-kolem-milesovky","status":"publish","type":"post","link":"https:\/\/www.welovecycling.com\/cs\/2023\/08\/17\/tip-na-cyklovylet-mezi-vyhaslymi-sopkami-kolem-milesovky\/","title":{"rendered":"Tip na cyklov\u00fdlet: Mezi vyhasl\u00fdmi sopkami kolem Mile\u0161ovky"},"content":{"rendered":"<p><strong>Skryt\u00fd r\u00e1j pro milovn\u00edky cyklistiky na dohled od hlavn\u00edho m\u011bsta. A\u0165 u\u017e jste milovn\u00edci silni\u010dn\u00edch kol, bik\u016f nebo gravel\u016f, \u010cesk\u00e9 st\u0159edoho\u0159\u00ed je skute\u010dnou perlou pro v\u0161echny.<\/strong><\/p>\n<p>Projet za jedin\u00fd den cel\u00e9 \u010cesk\u00e9 st\u0159edoho\u0159\u00ed v\u00a0sedle kola je nemo\u017en\u00e9. Oblast tzv. Kostomlatsk\u00e9ho st\u0159edoho\u0159\u00ed zahrnuje nejvy\u0161\u0161\u00ed partie cel\u00e9 lokality. V\u017edy\u0165 vrchol Mile\u0161ovky je 837 met\u016f nad mo\u0159em, Klo\u010d 737 metr\u016f nad mo\u0159em a Klete\u010dn\u00e1 706 metr\u016f nad mo\u0159em.<\/p>\n<h2><strong>Lokalita hlavn\u011b pro sportovce<\/strong><\/h2>\n<p>Je jasn\u00e9, \u017ee v dan\u00e9m prost\u0159ed\u00ed si na sv\u00e9 p\u0159ijdou hlavn\u011b sportovn\u011b lad\u011bn\u00ed cyklist\u00e9. Vyr\u00e1\u017e\u00edme z B\u00edliny sm\u011brem na M\u011brunice a \u010cerven\u00fd \u00dajezd. B\u011bhem \u00favodn\u00edch t\u0159in\u00e1cti kilometr\u016f je t\u0159eba poko\u0159it 551 v\u00fd\u0161kov\u00fdch metr\u016f. Odm\u011bnou jsou dechberouc\u00ed v\u00fdhledy na Kru\u0161n\u00e9 hory i samotn\u00e9 \u010cesk\u00e9 st\u0159edoho\u0159\u00ed.<\/p>\n<p>Pokud se odd\u00e1te jen my\u0161lenk\u00e1m na p\u0159enos s\u00edly do ped\u00e1l\u016f a p\u0159\u00edrod\u011b, dost mo\u017en\u00e1 si budete p\u0159ipadat jako n\u011bkde na str\u00e1n\u00edch v\u00a0Alp\u00e1ch. Cesty lemuj\u00ed pastviny, na nich se pasou st\u00e1da krav. A nebu\u010fte p\u0159ekvapen\u00ed, kdy\u017e v\u00e1m z\u00a0hou\u0161tiny p\u0159eb\u011bhne p\u0159es cestu srnec nebo la\u0148. I b\u011bhem b\u00edl\u00e9ho dne jde o v\u011bc b\u011b\u017enou, proto\u017ee velmi pravd\u011bpodobn\u011b budete na dlouho jedin\u00fd naru\u0161itel jejich teritoria. P\u0159esto\u017ee t\u0159eba u restaurac\u00ed p\u0159i dopln\u011bn\u00ed energie naraz\u00edte na men\u0161\u00ed \u201ebal\u00edk\u201c dal\u0161\u00edch cyklist\u016f, v\u00a0prostoru \u010cesk\u00e9ho st\u0159edoho\u0159\u00ed se skupinky v\u011bt\u0161inou m\u00edj\u00ed.<\/p>\n<p><a href=\"https:\/\/d2p6e6u75xmxt8.cloudfront.net\/13\/2023\/08\/ceske-stredohori--scaled.webp\"><img loading=\"lazy\" decoding=\"async\" class=\"alignnone size-extra-large wp-image-23415\" src=\"https:\/\/d2p6e6u75xmxt8.cloudfront.net\/13\/2023\/08\/ceske-stredohori--1920x1440.webp\" alt=\"\" width=\"1920\" height=\"1440\" srcset=\"https:\/\/d2p6e6u75xmxt8.cloudfront.net\/13\/2023\/08\/ceske-stredohori--1920x1440.webp 1920w, https:\/\/d2p6e6u75xmxt8.cloudfront.net\/13\/2023\/08\/ceske-stredohori--300x225.webp 300w, https:\/\/d2p6e6u75xmxt8.cloudfront.net\/13\/2023\/08\/ceske-stredohori--1024x768.webp 1024w, https:\/\/d2p6e6u75xmxt8.cloudfront.net\/13\/2023\/08\/ceske-stredohori--768x576.webp 768w, https:\/\/d2p6e6u75xmxt8.cloudfront.net\/13\/2023\/08\/ceske-stredohori--1536x1152.webp 1536w, https:\/\/d2p6e6u75xmxt8.cloudfront.net\/13\/2023\/08\/ceske-stredohori--2048x1536.webp 2048w, https:\/\/d2p6e6u75xmxt8.cloudfront.net\/13\/2023\/08\/ceske-stredohori--400x300.webp 400w, https:\/\/d2p6e6u75xmxt8.cloudfront.net\/13\/2023\/08\/ceske-stredohori--1920x1440.webp 1920w\" sizes=\"auto, (max-width: 1920px) 100vw, 1920px\" \/><\/a><\/p>\n<p>Jde o kraj zasl\u00edben\u00fd pro silni\u010dn\u00ed cyklistiku. Zdej\u0161\u00ed povrchy jsou na pom\u011bry \u010desk\u00fdch komunikac\u00ed a\u017e neuv\u011b\u0159iteln\u00e9. V\u011bt\u0161inu \u010dasu se v\u00a0p\u0159\u00edpad\u011b volby silni\u010dn\u00ed varianty pozn\u00e1v\u00e1n\u00ed kraje m\u016f\u017eete t\u011b\u0161it na dokonal\u00fd asfalt. A naprosto minim\u00e1ln\u00ed provoz.<\/p>\n<div class=\"shortcode-ys-post-pinup\"><article class=\"loop-simple post-23326 post type-post status-publish format-standard has-post-thumbnail hentry category-silnicni-cyklistika category-tipy-na-vylet tag-cyklistika-na-sumave tag-cyklovylet tag-horska-cyklistika tag-kasperske-hory tag-kohouti-kriz tag-kvilda tag-modrava tag-silnicni-cyklistika tag-srni tag-sumava tag-sumava-na-kole tag-tip-na-cyklovylet global-categories-cycling\" data-postid=\"23326\" role=\"article\" data-post-id=\"23326\" data-word-count=\"392\" data-headline-length=\"55\" data-category=\"Tipy na v\u00fdlet\" data-global-category=\"Cycling\" data-author=\"We Love Cycling\" data-published=\"2023-08-10T12:00:47+02:00\" data-published-day=\"Thursday\">\n    <div class=\"entry-thumbnail article-thumbnail\" content=\"https:\/\/d2p6e6u75xmxt8.cloudfront.net\/13\/2023\/08\/profimedia-0782410848-150x150.webp\"><a href=\"https:\/\/www.welovecycling.com\/cs\/2023\/08\/10\/tip-na-cyklovylet-sumava-pod-hradem-kasperk-nadchne\/\" class=\"image-holder\" target=\"_self\"><img decoding=\"async\" loading=\"lazy\" class=\"\" src=\"https:\/\/d2p6e6u75xmxt8.cloudfront.net\/13\/2023\/08\/profimedia-0782410848-1024x682.webp\" srcset=\"https:\/\/d2p6e6u75xmxt8.cloudfront.net\/13\/2023\/08\/profimedia-0782410848.webp 1800w, https:\/\/d2p6e6u75xmxt8.cloudfront.net\/13\/2023\/08\/profimedia-0782410848-300x200.webp 300w, https:\/\/d2p6e6u75xmxt8.cloudfront.net\/13\/2023\/08\/profimedia-0782410848-1024x682.webp 1024w, https:\/\/d2p6e6u75xmxt8.cloudfront.net\/13\/2023\/08\/profimedia-0782410848-768x512.webp 768w, https:\/\/d2p6e6u75xmxt8.cloudfront.net\/13\/2023\/08\/profimedia-0782410848-1536x1023.webp 1536w, https:\/\/d2p6e6u75xmxt8.cloudfront.net\/13\/2023\/08\/profimedia-0782410848-400x266.webp 400w, https:\/\/d2p6e6u75xmxt8.cloudfront.net\/13\/2023\/08\/profimedia-0782410848-272x182.webp 272w\" width=\"1024\" height=\"682\" sizes=\"auto, (min-width: 1200px) 300px, (min-width: 768px) 25vw, 100vw\" alt=\"tip-na-cyklovylet-sumava-pod-hradem-kasperk-nadchne\"\/><\/a><\/div>    <div class=\"entry-meta\">\n        <a class=\"label label-secondary post-category\" href=\"https:\/\/www.welovecycling.com\/cs\/category\/https-www-welovecycling-com-cs-otestovano-jizdou\/tipy-na-vylet\/\" title=\"Tipy na v\u00fdlet\">Tipy na v\u00fdlet<\/a>\n    <\/div>\n    <div class=\"entry-details\">\n        <a href=\"https:\/\/www.welovecycling.com\/cs\/2023\/08\/10\/tip-na-cyklovylet-sumava-pod-hradem-kasperk-nadchne\/\" class='entry-title-wrapper'>\n            <h3 class=\"entry-title\"><span>Tip na cyklov\u00fdlet: \u0160umava pod hradem Ka\u0161perk nadchne<\/span><\/h3>\n        <\/a>\n    <\/div>\n    <\/article>\n<\/div>\n<p>\u010cesk\u00e9 st\u0159edoho\u0159\u00ed je nejmohutn\u011bj\u0161\u00edm projevem sope\u010dn\u00e9 \u010dinnosti v\u00a0\u010cesku. \u00dazem\u00edm proch\u00e1z\u00ed litom\u011b\u0159ick\u00fd hlubinn\u00fd zlom, kter\u00fd z\u00a0geologick\u00e9ho hlediska tvo\u0159\u00ed hranici mezi kru\u0161nohorskou a st\u0159edo\u010deskou oblast\u00ed. Nen\u00ed divu, \u017ee si cyklista p\u0159ipad\u00e1 jako na horsk\u00e9 dr\u00e1ze. Rovinu, aby jeden pohledal.<\/p>\n<h2><strong>\u010cesk\u00e9 st\u0159edoho\u0159\u00ed je tr\u00e9ninkov\u00fdm domovem \u0161ampiona Zah\u00e1lky<\/strong><\/h2>\n<p>Pokud m\u00e1te hodn\u011b sportovn\u00ed ambice, m\u016f\u017eete se v\u00a0r\u00e1mci aplikace Strava pom\u011b\u0159it s\u00a0\u010desk\u00fdm \u0161ampionem roku 2022 Mat\u011bjem Zah\u00e1lkou, kter\u00fd pr\u00e1v\u011b zde pravideln\u011b tr\u00e9nuje. Nebo t\u0159eba Ji\u0159\u00edm Je\u017ekem, proto\u017ee i pro \u0161estin\u00e1sobn\u00e9ho paralympijsk\u00e9ho \u0161ampiona \u0161lo o lokalitu, kde ladil formu na vrcholn\u00e9 akce.<\/p>\n<p>V\u00fdstup na Lukov, Lelov \u010di B\u0159ezinu je skute\u010dnou prov\u011brkou vytrvalosti a s\u00edly va\u0161eho t\u011bla.<\/p>\n<p><a href=\"https:\/\/d2p6e6u75xmxt8.cloudfront.net\/13\/2023\/08\/profimedia-0094135357.webp\"><img loading=\"lazy\" decoding=\"async\" class=\"alignnone size-full wp-image-23413\" src=\"https:\/\/d2p6e6u75xmxt8.cloudfront.net\/13\/2023\/08\/profimedia-0094135357.webp\" alt=\"\" width=\"1800\" height=\"1013\" srcset=\"https:\/\/d2p6e6u75xmxt8.cloudfront.net\/13\/2023\/08\/profimedia-0094135357.webp 1800w, https:\/\/d2p6e6u75xmxt8.cloudfront.net\/13\/2023\/08\/profimedia-0094135357-300x169.webp 300w, https:\/\/d2p6e6u75xmxt8.cloudfront.net\/13\/2023\/08\/profimedia-0094135357-1024x576.webp 1024w, https:\/\/d2p6e6u75xmxt8.cloudfront.net\/13\/2023\/08\/profimedia-0094135357-768x432.webp 768w, https:\/\/d2p6e6u75xmxt8.cloudfront.net\/13\/2023\/08\/profimedia-0094135357-1536x864.webp 1536w, https:\/\/d2p6e6u75xmxt8.cloudfront.net\/13\/2023\/08\/profimedia-0094135357-400x225.webp 400w\" sizes=\"auto, (max-width: 1800px) 100vw, 1800px\" \/><\/a><\/p>\n<p>Cel\u00e9 \u010cesk\u00e9 st\u0159edoho\u0159\u00ed je protk\u00e1no hustou s\u00edt\u00ed mal\u00fdch obc\u00ed \u010di osad, kter\u00e9 spojuje st\u00e1le se zlep\u0161uj\u00edc\u00ed infrastruktura. Nav\u00edc jihoz\u00e1pad \u010cesk\u00e9ho st\u0159edoho\u0159\u00ed pat\u0159\u00ed k\u00a0nejteplej\u0161\u00edm a nejsu\u0161\u0161\u00edm m\u00edst\u016fm v\u00a0\u010cesku, tud\u00ed\u017e zde lze na kolo vyrazit u\u017e v\u00a0\u00favodu jara \u010di dlouho na podzim.<\/p>\n<div class=\"shortcode-ys-post-pinup\"><article class=\"loop-simple post-18390 post type-post status-publish format-standard has-post-thumbnail hentry category-tipy-na-vylet tag-cyklistika tag-cyklovylet tag-ded tag-horska-cyklistika tag-maminka tag-pavlikov tag-rozhledny tag-senecka-hora tag-velka-bukova tag-zdravi-a-trenink global-categories-cycling\" data-postid=\"18390\" role=\"article\" data-post-id=\"18390\" data-word-count=\"354\" data-headline-length=\"51\" data-category=\"Tipy na v\u00fdlet\" data-global-category=\"Cycling\" data-author=\"We Love Cycling\" data-published=\"2022-09-06T13:13:26+02:00\" data-published-day=\"Tuesday\">\n    <div class=\"entry-thumbnail article-thumbnail\" content=\"https:\/\/d2p6e6u75xmxt8.cloudfront.net\/13\/2022\/08\/rozhledna-ded-profimedia-0173878866-150x150.webp\"><a href=\"https:\/\/www.welovecycling.com\/cs\/2022\/09\/06\/tip-na-cyklovylet-na-biku-pres-ctyri-rozhledny\/\" class=\"image-holder\" target=\"_self\"><img decoding=\"async\" loading=\"lazy\" class=\"\" src=\"https:\/\/d2p6e6u75xmxt8.cloudfront.net\/13\/2022\/08\/rozhledna-ded-profimedia-0173878866-1024x683.webp\" srcset=\"https:\/\/d2p6e6u75xmxt8.cloudfront.net\/13\/2022\/08\/rozhledna-ded-profimedia-0173878866.webp 1800w, https:\/\/d2p6e6u75xmxt8.cloudfront.net\/13\/2022\/08\/rozhledna-ded-profimedia-0173878866-300x200.webp 300w, https:\/\/d2p6e6u75xmxt8.cloudfront.net\/13\/2022\/08\/rozhledna-ded-profimedia-0173878866-1024x683.webp 1024w, https:\/\/d2p6e6u75xmxt8.cloudfront.net\/13\/2022\/08\/rozhledna-ded-profimedia-0173878866-768x512.webp 768w, https:\/\/d2p6e6u75xmxt8.cloudfront.net\/13\/2022\/08\/rozhledna-ded-profimedia-0173878866-1536x1024.webp 1536w, https:\/\/d2p6e6u75xmxt8.cloudfront.net\/13\/2022\/08\/rozhledna-ded-profimedia-0173878866-272x182.webp 272w\" width=\"1024\" height=\"683\" sizes=\"auto, (min-width: 1200px) 300px, (min-width: 768px) 25vw, 100vw\" alt=\"tip-na-cyklovylet-na-biku-pres-ctyri-rozhledny\"\/><\/a><\/div>    <div class=\"entry-meta\">\n        <a class=\"label label-secondary post-category\" href=\"https:\/\/www.welovecycling.com\/cs\/category\/https-www-welovecycling-com-cs-otestovano-jizdou\/tipy-na-vylet\/\" title=\"Tipy na v\u00fdlet\">Tipy na v\u00fdlet<\/a>\n    <\/div>\n    <div class=\"entry-details\">\n        <a href=\"https:\/\/www.welovecycling.com\/cs\/2022\/09\/06\/tip-na-cyklovylet-na-biku-pres-ctyri-rozhledny\/\" class='entry-title-wrapper'>\n            <h3 class=\"entry-title\"><span>Tip na cyklov\u00fdlet: na biku p\u0159es \u010dty\u0159i rozhledny<\/span><\/h3>\n        <\/a>\n    <\/div>\n    <\/article>\n<\/div>\n<p>Nejde v\u0161ak o oblast ur\u010denou ryze sportovn\u00edmu vy\u017eit\u00ed. I rodiny s\u00a0d\u011btmi \u010di klasi\u010dt\u00ed v\u00fdletn\u00edci si zde najdou sv\u00e9. A\u0165 u\u017e jde o panoramatick\u00fd pohled z\u00a0vyhl\u00eddky v\u00a0obci Dubi\u010dky, z\u0159\u00edcenina hradu Skalka, z\u00e1mek Mile\u0161ov, tvrz v\u00a0B\u00edl\u00e9m \u00dajezd\u011b, vyhl\u00eddka Mlyn\u00e1\u0159\u016fv k\u00e1men a mnoho dal\u0161\u00edch m\u00edst, kter\u00e1 \u010dekaj\u00ed na objeven\u00ed v\u00a0sedle kola.<\/p>\n","protected":false},"excerpt":{"rendered":"<p>Skryt\u00fd r\u00e1j pro milovn\u00edky cyklistiky na dohled od hlavn\u00edho m\u011bsta. A\u0165 u\u017e jste milovn\u00edci silni\u010dn\u00edch kol, bik\u016f nebo gravel\u016f, \u010cesk\u00e9 [&hellip;]<\/p>\n","protected":false},"author":138,"featured_media":23414,"comment_status":"open","ping_status":"open","sticky":false,"template":"","format":"standard","meta":{"footnotes":""},"categories":[167],"tags":[3175,126,228,56,3174,9],"global-categories":[411],"class_list":["post-23412","post","type-post","status-publish","format-standard","has-post-thumbnail","hentry","category-tipy-na-vylet","tag-ceske-stredohori","tag-cyklistika","tag-cyklovylet","tag-horska-cyklistika","tag-milesovka","tag-silnicni-cyklistika","global-categories-cycling"],"yoast_head":"<!-- This site is optimized with the Yoast SEO Premium plugin v25.3 (Yoast SEO v25.9) - https:\/\/yoast.com\/wordpress\/plugins\/seo\/ -->\n<title>Tip na cyklov\u00fdlet: Mezi vyhasl\u00fdmi sopkami kolem Mile\u0161ovky | \u0160koda We Love Cycling - \u010cesk\u00e1 republika<\/title>\n<meta name=\"description\" content=\"Skryt\u00fd r\u00e1j pro milovn\u00edky cyklistiky na dohled od hlavn\u00edho m\u011bsta. A\u0165 u\u017e jste milovn\u00edci silni\u010dn\u00edch kol, bik\u016f nebo gravel\u016f, \u010cesk\u00e9 st\u0159edoho\u0159\u00ed je skute\u010dnou perlou pro v\u0161echny.\" \/>\n<meta name=\"robots\" content=\"index, follow, max-snippet:-1, max-image-preview:large, max-video-preview:-1\" \/>\n<link rel=\"canonical\" href=\"https:\/\/www.welovecycling.com\/cs\/2023\/08\/17\/tip-na-cyklovylet-mezi-vyhaslymi-sopkami-kolem-milesovky\/\" \/>\n<meta property=\"og:locale\" content=\"cs_CZ\" \/>\n<meta property=\"og:type\" content=\"article\" \/>\n<meta property=\"og:title\" content=\"Tip na cyklov\u00fdlet: Mezi vyhasl\u00fdmi sopkami kolem Mile\u0161ovky\" \/>\n<meta property=\"og:description\" content=\"Skryt\u00fd r\u00e1j pro milovn\u00edky cyklistiky na dohled od hlavn\u00edho m\u011bsta. A\u0165 u\u017e jste milovn\u00edci silni\u010dn\u00edch kol, bik\u016f nebo gravel\u016f, \u010cesk\u00e9 st\u0159edoho\u0159\u00ed je skute\u010dnou perlou pro v\u0161echny.\" \/>\n<meta property=\"og:url\" content=\"https:\/\/www.welovecycling.com\/cs\/2023\/08\/17\/tip-na-cyklovylet-mezi-vyhaslymi-sopkami-kolem-milesovky\/\" \/>\n<meta property=\"og:site_name\" content=\"\u0160koda We Love Cycling - \u010cesk\u00e1 republika\" \/>\n<meta property=\"article:published_time\" content=\"2023-08-17T14:55:30+00:00\" \/>\n<meta property=\"og:image\" content=\"https:\/\/d2p6e6u75xmxt8.cloudfront.net\/13\/2023\/08\/profimedia-0292686056.webp\" \/>\n\t<meta property=\"og:image:width\" content=\"1800\" \/>\n\t<meta property=\"og:image:height\" content=\"1197\" \/>\n\t<meta property=\"og:image:type\" content=\"image\/webp\" \/>\n<meta name=\"author\" content=\"radekmalina\" \/>\n<meta name=\"twitter:card\" content=\"summary_large_image\" \/>\n<meta name=\"twitter:label1\" content=\"Written by\" \/>\n\t<meta name=\"twitter:data1\" content=\"We Love Cycling\" \/>\n\t<meta name=\"twitter:label2\" content=\"Est. reading time\" \/>\n\t<meta name=\"twitter:data2\" content=\"6\" \/>\n<script type=\"application\/ld+json\" class=\"yoast-schema-graph\">{\"@context\":\"https:\/\/schema.org\",\"@graph\":[{\"@type\":\"WebPage\",\"@id\":\"https:\/\/www.welovecycling.com\/cs\/2023\/08\/17\/tip-na-cyklovylet-mezi-vyhaslymi-sopkami-kolem-milesovky\/\",\"url\":\"https:\/\/www.welovecycling.com\/cs\/2023\/08\/17\/tip-na-cyklovylet-mezi-vyhaslymi-sopkami-kolem-milesovky\/\",\"name\":\"Tip na cyklov\u00fdlet: Mezi vyhasl\u00fdmi sopkami kolem Mile\u0161ovky | \u0160koda We Love Cycling - \u010cesk\u00e1 republika\",\"isPartOf\":{\"@id\":\"https:\/\/www.welovecycling.com\/cs\/#website\"},\"primaryImageOfPage\":{\"@id\":\"https:\/\/www.welovecycling.com\/cs\/2023\/08\/17\/tip-na-cyklovylet-mezi-vyhaslymi-sopkami-kolem-milesovky\/#primaryimage\"},\"image\":{\"@id\":\"https:\/\/www.welovecycling.com\/cs\/2023\/08\/17\/tip-na-cyklovylet-mezi-vyhaslymi-sopkami-kolem-milesovky\/#primaryimage\"},\"thumbnailUrl\":\"https:\/\/d2p6e6u75xmxt8.cloudfront.net\/13\/2023\/08\/profimedia-0292686056.webp\",\"datePublished\":\"2023-08-17T14:55:30+00:00\",\"author\":{\"@id\":\"https:\/\/www.welovecycling.com\/cs\/#\/schema\/person\/d9eeb0a378f3a7e4a6d12d2b536b04b8\"},\"description\":\"Skryt\u00fd r\u00e1j pro milovn\u00edky cyklistiky na dohled od hlavn\u00edho m\u011bsta. A\u0165 u\u017e jste milovn\u00edci silni\u010dn\u00edch kol, bik\u016f nebo gravel\u016f, \u010cesk\u00e9 st\u0159edoho\u0159\u00ed je skute\u010dnou perlou pro v\u0161echny.\",\"inLanguage\":\"cs\",\"potentialAction\":[{\"@type\":\"ReadAction\",\"target\":[\"https:\/\/www.welovecycling.com\/cs\/2023\/08\/17\/tip-na-cyklovylet-mezi-vyhaslymi-sopkami-kolem-milesovky\/\"]}]},{\"@type\":\"ImageObject\",\"inLanguage\":\"cs\",\"@id\":\"https:\/\/www.welovecycling.com\/cs\/2023\/08\/17\/tip-na-cyklovylet-mezi-vyhaslymi-sopkami-kolem-milesovky\/#primaryimage\",\"url\":\"https:\/\/d2p6e6u75xmxt8.cloudfront.net\/13\/2023\/08\/profimedia-0292686056.webp\",\"contentUrl\":\"https:\/\/d2p6e6u75xmxt8.cloudfront.net\/13\/2023\/08\/profimedia-0292686056.webp\",\"width\":1800,\"height\":1197,\"caption\":\"\u010cesk\u00e9 st\u0159edoho\u0159\u00ed\"},{\"@type\":\"WebSite\",\"@id\":\"https:\/\/www.welovecycling.com\/cs\/#website\",\"url\":\"https:\/\/www.welovecycling.com\/cs\/\",\"name\":\"\u0160koda We Love Cycling - \u010cesk\u00e1 republika\",\"description\":\"WeLoveCycling.cz je online magaz\u00edn, kter\u00fd v\u00e1m pravideln\u011b p\u0159in\u00e1\u0161\u00ed rady a tipy, zaj\u00edmav\u00e9 \u010dl\u00e1nky, videa a jedine\u010dn\u00e9 report\u00e1\u017ee ze sv\u011bta cyklistiky.\",\"potentialAction\":[{\"@type\":\"SearchAction\",\"target\":{\"@type\":\"EntryPoint\",\"urlTemplate\":\"https:\/\/www.welovecycling.com\/cs\/?s={search_term_string}\"},\"query-input\":{\"@type\":\"PropertyValueSpecification\",\"valueRequired\":true,\"valueName\":\"search_term_string\"}}],\"inLanguage\":\"cs\"},{\"@type\":\"Person\",\"@id\":\"https:\/\/www.welovecycling.com\/cs\/#\/schema\/person\/d9eeb0a378f3a7e4a6d12d2b536b04b8\",\"name\":\"radekmalina\",\"image\":{\"@type\":\"ImageObject\",\"inLanguage\":\"cs\",\"@id\":\"https:\/\/www.welovecycling.com\/cs\/#\/schema\/person\/image\/\",\"url\":\"https:\/\/secure.gravatar.com\/avatar\/66994b632cb8c39a46b9f54afa3ae07201b678d32a54275b6f1c9ffec356bfc0?s=96&d=mm&r=g\",\"contentUrl\":\"https:\/\/secure.gravatar.com\/avatar\/66994b632cb8c39a46b9f54afa3ae07201b678d32a54275b6f1c9ffec356bfc0?s=96&d=mm&r=g\",\"caption\":\"radekmalina\"},\"url\":\"https:\/\/www.welovecycling.com\/cs\/author\/radekmalina\/\"}]}<\/script>\n<!-- \/ Yoast SEO Premium plugin. -->","yoast_head_json":{"title":"Tip na cyklov\u00fdlet: Mezi vyhasl\u00fdmi sopkami kolem Mile\u0161ovky | \u0160koda We Love Cycling - \u010cesk\u00e1 republika","description":"Skryt\u00fd r\u00e1j pro milovn\u00edky cyklistiky na dohled od hlavn\u00edho m\u011bsta. A\u0165 u\u017e jste milovn\u00edci silni\u010dn\u00edch kol, bik\u016f nebo gravel\u016f, \u010cesk\u00e9 st\u0159edoho\u0159\u00ed je skute\u010dnou perlou pro v\u0161echny.","robots":{"index":"index","follow":"follow","max-snippet":"max-snippet:-1","max-image-preview":"max-image-preview:large","max-video-preview":"max-video-preview:-1"},"canonical":"https:\/\/www.welovecycling.com\/cs\/2023\/08\/17\/tip-na-cyklovylet-mezi-vyhaslymi-sopkami-kolem-milesovky\/","og_locale":"cs_CZ","og_type":"article","og_title":"Tip na cyklov\u00fdlet: Mezi vyhasl\u00fdmi sopkami kolem Mile\u0161ovky","og_description":"Skryt\u00fd r\u00e1j pro milovn\u00edky cyklistiky na dohled od hlavn\u00edho m\u011bsta. A\u0165 u\u017e jste milovn\u00edci silni\u010dn\u00edch kol, bik\u016f nebo gravel\u016f, \u010cesk\u00e9 st\u0159edoho\u0159\u00ed je skute\u010dnou perlou pro v\u0161echny.","og_url":"https:\/\/www.welovecycling.com\/cs\/2023\/08\/17\/tip-na-cyklovylet-mezi-vyhaslymi-sopkami-kolem-milesovky\/","og_site_name":"\u0160koda We Love Cycling - \u010cesk\u00e1 republika","article_published_time":"2023-08-17T14:55:30+00:00","og_image":[{"width":1800,"height":1197,"url":"https:\/\/d2p6e6u75xmxt8.cloudfront.net\/13\/2023\/08\/profimedia-0292686056.webp","type":"image\/webp"}],"author":"radekmalina","twitter_card":"summary_large_image","twitter_misc":{"Written by":"We Love Cycling","Est. reading time":"6"},"schema":{"@context":"https:\/\/schema.org","@graph":[{"@type":"WebPage","@id":"https:\/\/www.welovecycling.com\/cs\/2023\/08\/17\/tip-na-cyklovylet-mezi-vyhaslymi-sopkami-kolem-milesovky\/","url":"https:\/\/www.welovecycling.com\/cs\/2023\/08\/17\/tip-na-cyklovylet-mezi-vyhaslymi-sopkami-kolem-milesovky\/","name":"Tip na cyklov\u00fdlet: Mezi vyhasl\u00fdmi sopkami kolem Mile\u0161ovky | \u0160koda We Love Cycling - \u010cesk\u00e1 republika","isPartOf":{"@id":"https:\/\/www.welovecycling.com\/cs\/#website"},"primaryImageOfPage":{"@id":"https:\/\/www.welovecycling.com\/cs\/2023\/08\/17\/tip-na-cyklovylet-mezi-vyhaslymi-sopkami-kolem-milesovky\/#primaryimage"},"image":{"@id":"https:\/\/www.welovecycling.com\/cs\/2023\/08\/17\/tip-na-cyklovylet-mezi-vyhaslymi-sopkami-kolem-milesovky\/#primaryimage"},"thumbnailUrl":"https:\/\/d2p6e6u75xmxt8.cloudfront.net\/13\/2023\/08\/profimedia-0292686056.webp","datePublished":"2023-08-17T14:55:30+00:00","author":{"@id":"https:\/\/www.welovecycling.com\/cs\/#\/schema\/person\/d9eeb0a378f3a7e4a6d12d2b536b04b8"},"description":"Skryt\u00fd r\u00e1j pro milovn\u00edky cyklistiky na dohled od hlavn\u00edho m\u011bsta. A\u0165 u\u017e jste milovn\u00edci silni\u010dn\u00edch kol, bik\u016f nebo gravel\u016f, \u010cesk\u00e9 st\u0159edoho\u0159\u00ed je skute\u010dnou perlou pro v\u0161echny.","inLanguage":"cs","potentialAction":[{"@type":"ReadAction","target":["https:\/\/www.welovecycling.com\/cs\/2023\/08\/17\/tip-na-cyklovylet-mezi-vyhaslymi-sopkami-kolem-milesovky\/"]}]},{"@type":"ImageObject","inLanguage":"cs","@id":"https:\/\/www.welovecycling.com\/cs\/2023\/08\/17\/tip-na-cyklovylet-mezi-vyhaslymi-sopkami-kolem-milesovky\/#primaryimage","url":"https:\/\/d2p6e6u75xmxt8.cloudfront.net\/13\/2023\/08\/profimedia-0292686056.webp","contentUrl":"https:\/\/d2p6e6u75xmxt8.cloudfront.net\/13\/2023\/08\/profimedia-0292686056.webp","width":1800,"height":1197,"caption":"\u010cesk\u00e9 st\u0159edoho\u0159\u00ed"},{"@type":"WebSite","@id":"https:\/\/www.welovecycling.com\/cs\/#website","url":"https:\/\/www.welovecycling.com\/cs\/","name":"\u0160koda We Love Cycling - \u010cesk\u00e1 republika","description":"WeLoveCycling.cz je online magaz\u00edn, kter\u00fd v\u00e1m pravideln\u011b p\u0159in\u00e1\u0161\u00ed rady a tipy, zaj\u00edmav\u00e9 \u010dl\u00e1nky, videa a jedine\u010dn\u00e9 report\u00e1\u017ee ze sv\u011bta cyklistiky.","potentialAction":[{"@type":"SearchAction","target":{"@type":"EntryPoint","urlTemplate":"https:\/\/www.welovecycling.com\/cs\/?s={search_term_string}"},"query-input":{"@type":"PropertyValueSpecification","valueRequired":true,"valueName":"search_term_string"}}],"inLanguage":"cs"},{"@type":"Person","@id":"https:\/\/www.welovecycling.com\/cs\/#\/schema\/person\/d9eeb0a378f3a7e4a6d12d2b536b04b8","name":"radekmalina","image":{"@type":"ImageObject","inLanguage":"cs","@id":"https:\/\/www.welovecycling.com\/cs\/#\/schema\/person\/image\/","url":"https:\/\/secure.gravatar.com\/avatar\/66994b632cb8c39a46b9f54afa3ae07201b678d32a54275b6f1c9ffec356bfc0?s=96&d=mm&r=g","contentUrl":"https:\/\/secure.gravatar.com\/avatar\/66994b632cb8c39a46b9f54afa3ae07201b678d32a54275b6f1c9ffec356bfc0?s=96&d=mm&r=g","caption":"radekmalina"},"url":"https:\/\/www.welovecycling.com\/cs\/author\/radekmalina\/"}]}},"_links":{"self":[{"href":"https:\/\/www.welovecycling.com\/cs\/wp-json\/wp\/v2\/posts\/23412","targetHints":{"allow":["GET"]}}],"collection":[{"href":"https:\/\/www.welovecycling.com\/cs\/wp-json\/wp\/v2\/posts"}],"about":[{"href":"https:\/\/www.welovecycling.com\/cs\/wp-json\/wp\/v2\/types\/post"}],"author":[{"embeddable":true,"href":"https:\/\/www.welovecycling.com\/cs\/wp-json\/wp\/v2\/users\/138"}],"replies":[{"embeddable":true,"href":"https:\/\/www.welovecycling.com\/cs\/wp-json\/wp\/v2\/comments?post=23412"}],"version-history":[{"count":2,"href":"https:\/\/www.welovecycling.com\/cs\/wp-json\/wp\/v2\/posts\/23412\/revisions"}],"predecessor-version":[{"id":23417,"href":"https:\/\/www.welovecycling.com\/cs\/wp-json\/wp\/v2\/posts\/23412\/revisions\/23417"}],"wp:featuredmedia":[{"embeddable":true,"href":"https:\/\/www.welovecycling.com\/cs\/wp-json\/wp\/v2\/media\/23414"}],"wp:attachment":[{"href":"https:\/\/www.welovecycling.com\/cs\/wp-json\/wp\/v2\/media?parent=23412"}],"wp:term":[{"taxonomy":"category","embeddable":true,"href":"https:\/\/www.welovecycling.com\/cs\/wp-json\/wp\/v2\/categories?post=23412"},{"taxonomy":"post_tag","embeddable":true,"href":"https:\/\/www.welovecycling.com\/cs\/wp-json\/wp\/v2\/tags?post=23412"},{"taxonomy":"global-categories","embeddable":true,"href":"https:\/\/www.welovecycling.com\/cs\/wp-json\/wp\/v2\/global-categories?post=23412"}],"curies":[{"name":"wp","href":"https:\/\/api.w.org\/{rel}","templated":true}]}}