{"id":23334,"date":"2023-08-11T14:10:59","date_gmt":"2023-08-11T12:10:59","guid":{"rendered":"https:\/\/www.welovecycling.com\/cs\/?p=23334"},"modified":"2023-08-11T11:37:28","modified_gmt":"2023-08-11T09:37:28","slug":"petr-vakoc-gravel-me-pohltil-objevil-jsem-jiny-svet-cyklistiky","status":"publish","type":"post","link":"https:\/\/www.welovecycling.com\/cs\/2023\/08\/11\/petr-vakoc-gravel-me-pohltil-objevil-jsem-jiny-svet-cyklistiky\/","title":{"rendered":"Petr Vako\u010d: Gravel m\u011b pohltil! Objevil jsem jin\u00fd sv\u011bt cyklistiky"},"content":{"rendered":"<p><strong>Jezdil po boku mistr\u016f sv\u011bta! Mathieu van der Poel \u010di Julian Alaphilippe byli jeho t\u00fdmov\u00ed par\u0165\u00e1ci. U\u017e\u00edval si komfortu, jeho\u017e se dost\u00e1v\u00e1 jezdc\u016fm World Tour, elity cyklistick\u00e9ho sv\u011bta. Petr Vako\u010d v\u0161ak nejpresti\u017en\u011bj\u0161\u00ed discipl\u00ednu opustil a vrhnul se do sv\u011bta gravel bik\u016f!<\/strong><\/p>\n<p>V \u0159\u00edjnu 2021 Petr Vako\u010d kari\u00e9ru ukon\u010dil. Ne v\u0161ak \u00fapln\u011b. Na\u0161el nov\u00e9 v\u00fdzvy v podob\u011b horsk\u00fdch kol a v posledn\u00ed dob\u011b tak\u00e9 st\u00e1le popul\u00e1rn\u011bj\u0161\u00edch gravel z\u00e1vod\u016f.<\/p>\n<p>Letos je s\u00e1m sob\u011b mana\u017eerem, s\u00e1m si sh\u00e1n\u00ed sponzory, s\u00e1m \u0159e\u0161\u00ed logistiku, p\u0159esto dosahuje kr\u00e1sn\u00fdch v\u00fdsledk\u016f. Pod\u00edv\u00e1 se do kr\u00e1sn\u00fdch m\u00edst po cel\u00e9m sv\u011bt\u011b. Hlavn\u011b do USA, kam se r\u00e1d vrac\u00ed a kde je gravel nesm\u00edrn\u011b popul\u00e1rn\u00ed.<\/p>\n<p>U\u017e za\u010d\u00e1tkem \u010dervna se tam bl\u00fdskl druh\u00fdm m\u00edstem na jednom z nejv\u011bt\u0161\u00edch gravelov\u00fdch z\u00e1vod\u016f sv\u011bta &#8211; Unbound Gravel v\u00a0Kansasu. Pr\u00e1v\u011b v\u00a0t\u00e9to dob\u011b ho v\u00a0Americe \u010dekaj\u00ed dal\u0161\u00ed z\u00e1vody. Formu m\u00e1, co\u017e dok\u00e1zal ned\u00e1vn\u00fdm \u010dtvrt\u00fdm m\u00edstem ve Finsku, a hlavn\u011b v\u00edt\u011bzstv\u00edm na Gravel Adventure v\u00a0Polsku.<\/p>\n<h2><strong>Pet\u0159e, co v\u00e1s na gravel z\u00e1vodech p\u0159itahuje?<\/strong><\/h2>\n<p>Nen\u00ed to tak vzd\u00e1len\u00e9 od silnice, t\u0159eba Strade Bianche je tomu hodn\u011b podobn\u00e9. Jsou to z\u00e1vody, kdy se po\u0159\u00e1d n\u011bco d\u011bje, po\u0159\u00e1d se jede doraz. Mysl\u00edm, \u017ee gravel je p\u0159esn\u011b typ z\u00e1vod\u016f, kter\u00e9 mi hodn\u011b sed\u00ed.<\/p>\n<figure id=\"attachment_23336\" aria-describedby=\"caption-attachment-23336\" style=\"width: 695px\" class=\"wp-caption alignnone\"><a href=\"https:\/\/d2p6e6u75xmxt8.cloudfront.net\/13\/2023\/08\/Vakoc-gravel.webp\"><img loading=\"lazy\" decoding=\"async\" class=\"size-full wp-image-23336\" src=\"https:\/\/d2p6e6u75xmxt8.cloudfront.net\/13\/2023\/08\/Vakoc-gravel.webp\" alt=\"Petr Vako\u010d na gravel biku b\u011bhem z\u00e1vodu v Polsku, kter\u00fd vyhr\u00e1l.\" width=\"695\" height=\"798\" srcset=\"https:\/\/d2p6e6u75xmxt8.cloudfront.net\/13\/2023\/08\/Vakoc-gravel.webp 695w, https:\/\/d2p6e6u75xmxt8.cloudfront.net\/13\/2023\/08\/Vakoc-gravel-261x300.webp 261w, https:\/\/d2p6e6u75xmxt8.cloudfront.net\/13\/2023\/08\/Vakoc-gravel-348x400.webp 348w\" sizes=\"auto, (max-width: 695px) 100vw, 695px\" \/><\/a><figcaption id=\"caption-attachment-23336\" class=\"wp-caption-text\"><em>Petr Vako\u010d na gravel biku b\u011bhem z\u00e1vodu v Polsku, kter\u00fd vyhr\u00e1l. Foto: archiv Petra Vako\u010de\/jeppokirk<\/em><\/figcaption><\/figure>\n<h2><strong>M\u00e1 tahle relativn\u011b mlad\u00e1 discipl\u00edna velk\u00fd potenci\u00e1l?<\/strong><\/h2>\n<p>Ohromn\u00fd! \u010c\u00edm d\u00e1l t\u00edm v\u00edc lid\u00ed tomu p\u0159ich\u00e1z\u00ed na chu\u0165. \u010clov\u011bk jede na t\u00e9m\u011b\u0159 silni\u010dn\u00edm kole, dostane se na silnice i rozbit\u00e9 cesty. P\u0159i z\u00e1vod\u011b m\u016f\u017ee str\u00e1vit skoro cel\u00fd den v\u00a0p\u0159\u00edrod\u011b, bez aut, a p\u0159itom jede relativn\u011b rychle. V\u00a0Americe zaznamen\u00e1v\u00e1 gravel obrovsk\u00fd progres, v\u00a0Evrop\u011b taky. Hodn\u011b jsem se v\u00a0tom na\u0161el.<\/p>\n<h2><strong>Kolik z\u00e1vod\u016f t\u0159eba pl\u00e1nujete objet?<\/strong><\/h2>\n<p>Kdy\u017e bych cht\u011bl kombinovat americk\u00fd i evropsk\u00fd kalend\u00e1\u0159, tak se to rozhodn\u011b ned\u00e1 objet v\u0161echno. Velk\u00fdch z\u00e1vod\u016f u\u017e je hodn\u011b a \u010dlov\u011bk mus\u00ed vyb\u00edrat. Zat\u00edm to m\u00e1m nastaven\u00e9 tak, \u017ee chci kombinovat gravel a horsk\u00e1 kola. Te\u010f m\u011b \u010dek\u00e1 v\u00a0Americe z\u00e1vod v\u00a0Leadville na 100 mil s\u00a0velk\u00fdm p\u0159ev\u00fd\u0161en\u00edm, to bude dal\u0161\u00ed v\u00fdzva. Je to nejpresti\u017en\u011bj\u0161\u00ed z\u00e1vod v\u00a0Americe.<\/p>\n<div class=\"shortcode-ys-post-pinup\"><article class=\"loop-simple post-15012 post type-post status-publish format-standard has-post-thumbnail hentry category-rady-tipy tag-cyklistika tag-festka tag-gravel tag-horska-cyklistika tag-michael-mourecek tag-silnicni-cyklistika tag-trenink tag-zdravi-a-trenink global-categories-cycling\" data-postid=\"15012\" role=\"article\" data-post-id=\"15012\" data-word-count=\"593\" data-headline-length=\"53\" data-category=\"Rady &amp; tipy\" data-global-category=\"Cycling\" data-author=\"Marek Novotn\u00fd\" data-published=\"2021-11-09T17:00:37+02:00\" data-published-day=\"Tuesday\">\n    <div class=\"entry-thumbnail article-thumbnail\" content=\"https:\/\/d2p6e6u75xmxt8.cloudfront.net\/13\/2021\/11\/scout_isadore_HQ-6-scaled-150x150.webp\"><a href=\"https:\/\/www.welovecycling.com\/cs\/2021\/11\/09\/svoboda-bez-hranic-co-stoji-za-popularitou-gravelu\/\" class=\"image-holder\" target=\"_self\"><img decoding=\"async\" loading=\"lazy\" class=\"\" src=\"https:\/\/d2p6e6u75xmxt8.cloudfront.net\/13\/2021\/11\/scout_isadore_HQ-6-scaled-1024x682.webp\" srcset=\"https:\/\/d2p6e6u75xmxt8.cloudfront.net\/13\/2021\/11\/scout_isadore_HQ-6-scaled.webp 2560w, https:\/\/d2p6e6u75xmxt8.cloudfront.net\/13\/2021\/11\/scout_isadore_HQ-6-scaled-300x200.webp 300w, https:\/\/d2p6e6u75xmxt8.cloudfront.net\/13\/2021\/11\/scout_isadore_HQ-6-scaled-1024x682.webp 1024w, https:\/\/d2p6e6u75xmxt8.cloudfront.net\/13\/2021\/11\/scout_isadore_HQ-6-scaled-768x512.webp 768w, https:\/\/d2p6e6u75xmxt8.cloudfront.net\/13\/2021\/11\/scout_isadore_HQ-6-scaled-1536x1024.webp 1536w, https:\/\/d2p6e6u75xmxt8.cloudfront.net\/13\/2021\/11\/scout_isadore_HQ-6-scaled-2048x1365.webp 2048w, https:\/\/d2p6e6u75xmxt8.cloudfront.net\/13\/2021\/11\/scout_isadore_HQ-6-scaled-1920x1280.webp 1920w, https:\/\/d2p6e6u75xmxt8.cloudfront.net\/13\/2021\/11\/scout_isadore_HQ-6-scaled-272x182.webp 272w, https:\/\/d2p6e6u75xmxt8.cloudfront.net\/13\/2021\/11\/scout_isadore_HQ-6-scaled-1920x1280.webp 1920w\" width=\"1024\" height=\"682\" sizes=\"auto, (min-width: 1200px) 300px, (min-width: 768px) 25vw, 100vw\" alt=\"svoboda-bez-hranic-co-stoji-za-popularitou-gravelu\"\/><\/a><\/div>    <div class=\"entry-meta\">\n        <a class=\"label label-secondary post-category\" href=\"https:\/\/www.welovecycling.com\/cs\/category\/rady-tipy\/\" title=\"Rady &amp; tipy\">Rady &amp; tipy<\/a>\n    <\/div>\n    <div class=\"entry-details\">\n        <a href=\"https:\/\/www.welovecycling.com\/cs\/2021\/11\/09\/svoboda-bez-hranic-co-stoji-za-popularitou-gravelu\/\" class='entry-title-wrapper'>\n            <h3 class=\"entry-title\"><span>Svoboda bez hranic. Co stoj\u00ed za popularitou gravelu?<\/span><\/h3>\n        <\/a>\n    <\/div>\n    <\/article>\n<\/div>\n<h2><strong>V\u00e1s do Ameriky t\u00e1hne i rodinn\u00e9 pouto, je to tak?<\/strong><\/h2>\n<p>Ano, oba br\u00e1chov\u00e9 jsou v Americe, tak se v\u017edy sna\u017e\u00edm spojit p\u0159\u00edjemn\u00e9 s u\u017eite\u010dn\u00fdm. T\u0159eba te\u010f za mnou br\u00e1cha p\u0159ilet\u00ed do Colorada.<\/p>\n<h2><strong>Kolik z\u00e1vod\u016f v\u00e1s je\u0161t\u011b \u010dek\u00e1?<\/strong><\/h2>\n<p>Dva bikov\u00e9 a asi p\u011bt v gravelu. V\u010detn\u011b mistrovstv\u00ed Evropy a mistrovstv\u00ed sv\u011bta v gravelu.<\/p>\n<h2><strong>Gravel l\u00e1k\u00e1 i \u0159adu silni\u010d\u00e1\u0159\u016f. Kdo ze zn\u00e1m\u00fdch jmen se v\u00a0n\u011bm objevuje?<\/strong><\/h2>\n<p>T\u0159eba Ameri\u010dan Stetina, kter\u00fd dlouho jezdil na silnici za Trek. Ten je v\u00fdborn\u00fd. Jak jsem jel gravel ve Finsku, tak vyhr\u00e1l Loty\u0161 Skujin\u0161, kter\u00fd st\u00e1le jezd\u00ed skv\u011ble i na silnici (naposledy na MS v\u00a0Glasgow skon\u010dil 8. \u2013 pozn. aut.). Je to takov\u00fd mix lid\u00ed ze silnice, MTB a cyklokrosu. Lo\u0148sk\u00e9 mistrovstv\u00ed sv\u011bta jela \u0159ada skv\u011bl\u00fdch silni\u010d\u00e1\u0159\u016f v\u010detn\u011b van der Poela. Pro discipl\u00ednu je to jen dob\u0159e.<\/p>\n<figure id=\"attachment_22606\" aria-describedby=\"caption-attachment-22606\" style=\"width: 810px\" class=\"wp-caption alignnone\"><a href=\"https:\/\/d2p6e6u75xmxt8.cloudfront.net\/13\/2023\/06\/Vakoc-gravel.webp\"><img loading=\"lazy\" decoding=\"async\" class=\"size-full wp-image-22606\" src=\"https:\/\/d2p6e6u75xmxt8.cloudfront.net\/13\/2023\/06\/Vakoc-gravel.webp\" alt=\"Petr Vako\u010d\" width=\"810\" height=\"727\" srcset=\"https:\/\/d2p6e6u75xmxt8.cloudfront.net\/13\/2023\/06\/Vakoc-gravel.webp 810w, https:\/\/d2p6e6u75xmxt8.cloudfront.net\/13\/2023\/06\/Vakoc-gravel-300x269.webp 300w, https:\/\/d2p6e6u75xmxt8.cloudfront.net\/13\/2023\/06\/Vakoc-gravel-768x689.webp 768w, https:\/\/d2p6e6u75xmxt8.cloudfront.net\/13\/2023\/06\/Vakoc-gravel-400x359.webp 400w\" sizes=\"auto, (max-width: 810px) 100vw, 810px\" \/><\/a><figcaption id=\"caption-attachment-22606\" class=\"wp-caption-text\"><em>Petr Vako\u010d na gravel biku b\u011bhem z\u00e1vod\u016f v USA. Foto: archiv Petra Vako\u010de<\/em><\/figcaption><\/figure>\n<h2><strong>Jak jste na tom vlastn\u011b po str\u00e1nce zaji\u0161t\u011bn\u00ed? Star\u00e1 se o v\u00e1s letos n\u011bjak\u00fd t\u00fdm?<\/strong><\/h2>\n<p>V\u0161echno si \u0159e\u0161\u00edm s\u00e1m po sv\u00e9 ose, je to takov\u00fd m\u016fj vlastn\u00ed projekt. S\u00e1m si v\u0161e financuji, sh\u00e1n\u00edm sponzory, \u0159e\u0161\u00edm materi\u00e1ln\u00ed podporu, d\u011bl\u00e1m kalend\u00e1\u0159, za\u0159izuju cesty. Prost\u011b \u00fapln\u011b v\u0161echno.<\/p>\n<div class=\"shortcode-ys-post-pinup\"><article class=\"loop-simple post-23171 post type-post status-publish format-standard has-post-thumbnail hentry category-tour-de-france tag-cyklistika tag-grande-boucle tag-jonas-vingegaard tag-jumbo-visma tag-silnicni-cyklistika tag-tadej-pogacar tag-tour-de-france-2022 tag-tour-de-france-2023 tag-wout-van-aert global-categories-cycling\" data-postid=\"23171\" role=\"article\" data-post-id=\"23171\" data-word-count=\"424\" data-headline-length=\"92\" data-category=\"Tour de France\" data-global-category=\"Cycling\" data-author=\"We Love Cycling\" data-published=\"2023-07-23T22:39:00+02:00\" data-published-day=\"Sunday\">\n    <div class=\"entry-thumbnail article-thumbnail\" content=\"https:\/\/d2p6e6u75xmxt8.cloudfront.net\/13\/2023\/07\/profimedia-0791361926-150x150.webp\"><a href=\"https:\/\/www.welovecycling.com\/cs\/2023\/07\/23\/jonas-vingegaard-znici-ambice-kontroverze-s-tymovym-kolegou-a-dopingova-obvineni\/\" class=\"image-holder\" target=\"_self\"><img decoding=\"async\" loading=\"lazy\" class=\"\" src=\"https:\/\/d2p6e6u75xmxt8.cloudfront.net\/13\/2023\/07\/profimedia-0791361926-1024x683.webp\" srcset=\"https:\/\/d2p6e6u75xmxt8.cloudfront.net\/13\/2023\/07\/profimedia-0791361926.webp 1800w, https:\/\/d2p6e6u75xmxt8.cloudfront.net\/13\/2023\/07\/profimedia-0791361926-300x200.webp 300w, https:\/\/d2p6e6u75xmxt8.cloudfront.net\/13\/2023\/07\/profimedia-0791361926-1024x683.webp 1024w, https:\/\/d2p6e6u75xmxt8.cloudfront.net\/13\/2023\/07\/profimedia-0791361926-768x512.webp 768w, https:\/\/d2p6e6u75xmxt8.cloudfront.net\/13\/2023\/07\/profimedia-0791361926-1536x1024.webp 1536w, https:\/\/d2p6e6u75xmxt8.cloudfront.net\/13\/2023\/07\/profimedia-0791361926-400x267.webp 400w, https:\/\/d2p6e6u75xmxt8.cloudfront.net\/13\/2023\/07\/profimedia-0791361926-272x182.webp 272w\" width=\"1024\" height=\"683\" sizes=\"auto, (min-width: 1200px) 300px, (min-width: 768px) 25vw, 100vw\" alt=\"jonas-vingegaard-znici-ambice-kontroverze-s-tymovym-kolegou-a-dopingova-obvineni\"\/><\/a><\/div>    <div class=\"entry-meta\">\n        <a class=\"label label-secondary post-category\" href=\"https:\/\/www.welovecycling.com\/cs\/category\/tour-de-france\/\" title=\"Tour de France\">Tour de France<\/a>\n    <\/div>\n    <div class=\"entry-details\">\n        <a href=\"https:\/\/www.welovecycling.com\/cs\/2023\/07\/23\/jonas-vingegaard-znici-ambice-kontroverze-s-tymovym-kolegou-a-dopingova-obvineni\/\" class='entry-title-wrapper'>\n            <h3 class=\"entry-title\"><span>Jonas Vingegaard: semele \u0161ampiona kontroverze s\u00a0t\u00fdmov\u00fdm kolegou a dopingov\u00e1 obvin\u011bn\u00ed?<\/span><\/h3>\n        <\/a>\n    <\/div>\n    <\/article>\n<\/div>\n<h2><strong>Daj\u00ed se n\u00e1klady z\u00a0\u010d\u00e1sti pokr\u00fdt t\u0159eba z\u00a0prize money?<\/strong><\/h2>\n<p>To ur\u010dit\u011b ne, n\u011bkde ani prize money nejsou. Jen d\u00edky sponzor\u016fm to dok\u00e1\u017eu pokr\u00fdt.<\/p>\n<h2><strong>Nechyb\u00ed v\u00e1m sv\u011bt profesion\u00e1ln\u00ed cyklistiky?<\/strong><\/h2>\n<p>Ani moc ne. J\u00e1 jsem si silni\u010dn\u00ed kari\u00e9ru u\u017eil a vyt\u011b\u017eil z\u00a0n\u00ed, co jsem cht\u011bl. R\u00e1d se na n\u011bjak\u00e9 z\u00e1vody pod\u00edv\u00e1m v\u00a0televizi, ale te\u010f jsem objevil jin\u00fd sv\u011bt a moc se mi to l\u00edb\u00ed.<\/p>\n","protected":false},"excerpt":{"rendered":"<p>Jezdil po boku mistr\u016f sv\u011bta! Mathieu van der Poel \u010di Julian Alaphilippe byli jeho t\u00fdmov\u00ed par\u0165\u00e1ci. U\u017e\u00edval si komfortu, jeho\u017e [&hellip;]<\/p>\n","protected":false},"author":138,"featured_media":6301,"comment_status":"open","ping_status":"open","sticky":false,"template":"","format":"standard","meta":{"footnotes":""},"categories":[660],"tags":[126,2001,56,57,3167,3166,257,9,67],"global-categories":[411],"class_list":["post-23334","post","type-post","status-publish","format-standard","has-post-thumbnail","hentry","category-https-www-welovecycling-com-cs-category-zabava","tag-cyklistika","tag-gravel","tag-horska-cyklistika","tag-horska-kola","tag-mistrovstvi-sveta-v-gravelu","tag-ms-gravel","tag-petr-vakoc","tag-silnicni-cyklistika","tag-zdravi-a-trenink","global-categories-cycling"],"yoast_head":"<!-- This site is optimized with the Yoast SEO Premium plugin v25.3 (Yoast SEO v25.9) - https:\/\/yoast.com\/wordpress\/plugins\/seo\/ -->\n<title>Petr Vako\u010d: Gravel m\u011b pohltil! Objevil jsem jin\u00fd sv\u011bt cyklistiky | \u0160koda We Love Cycling - \u010cesk\u00e1 republika<\/title>\n<meta name=\"description\" content=\"Jezdil po boku mistr\u016f sv\u011bta! Mathieu van der Poel \u010di Julian Alaphilippe byli jeho t\u00fdmov\u00ed par\u0165\u00e1ci. U\u017e\u00edval si komfortu, jeho\u017e se dost\u00e1v\u00e1 jezdc\u016fm World Tour, elity cyklistick\u00e9ho sv\u011bta. Petr Vako\u010d v\u0161ak nejpresti\u017en\u011bj\u0161\u00ed discipl\u00ednu opustil a vrhnul se do sv\u011bta gravel bik\u016f!\" \/>\n<meta name=\"robots\" content=\"index, follow, max-snippet:-1, max-image-preview:large, max-video-preview:-1\" \/>\n<link rel=\"canonical\" href=\"https:\/\/www.welovecycling.com\/cs\/2023\/08\/11\/petr-vakoc-gravel-me-pohltil-objevil-jsem-jiny-svet-cyklistiky\/\" \/>\n<meta property=\"og:locale\" content=\"cs_CZ\" \/>\n<meta property=\"og:type\" content=\"article\" \/>\n<meta property=\"og:title\" content=\"Petr Vako\u010d: Gravel m\u011b pohltil! Objevil jsem jin\u00fd sv\u011bt cyklistiky\" \/>\n<meta property=\"og:description\" content=\"Jezdil po boku mistr\u016f sv\u011bta! Mathieu van der Poel \u010di Julian Alaphilippe byli jeho t\u00fdmov\u00ed par\u0165\u00e1ci. U\u017e\u00edval si komfortu, jeho\u017e se dost\u00e1v\u00e1 jezdc\u016fm World Tour, elity cyklistick\u00e9ho sv\u011bta. Petr Vako\u010d v\u0161ak nejpresti\u017en\u011bj\u0161\u00ed discipl\u00ednu opustil a vrhnul se do sv\u011bta gravel bik\u016f!\" \/>\n<meta property=\"og:url\" content=\"https:\/\/www.welovecycling.com\/cs\/2023\/08\/11\/petr-vakoc-gravel-me-pohltil-objevil-jsem-jiny-svet-cyklistiky\/\" \/>\n<meta property=\"og:site_name\" content=\"\u0160koda We Love Cycling - \u010cesk\u00e1 republika\" \/>\n<meta property=\"article:published_time\" content=\"2023-08-11T12:10:59+00:00\" \/>\n<meta property=\"og:image\" content=\"https:\/\/d2p6e6u75xmxt8.cloudfront.net\/13\/2020\/03\/VAKOC-WLC-1024x731.jpg\" \/>\n\t<meta property=\"og:image:width\" content=\"1024\" \/>\n\t<meta property=\"og:image:height\" content=\"731\" \/>\n\t<meta property=\"og:image:type\" content=\"image\/jpeg\" \/>\n<meta name=\"author\" content=\"radekmalina\" \/>\n<meta name=\"twitter:card\" content=\"summary_large_image\" \/>\n<meta name=\"twitter:label1\" content=\"Written by\" \/>\n\t<meta name=\"twitter:data1\" content=\"We Love Cycling\" \/>\n\t<meta name=\"twitter:label2\" content=\"Est. reading time\" \/>\n\t<meta name=\"twitter:data2\" content=\"6\" \/>\n<script type=\"application\/ld+json\" class=\"yoast-schema-graph\">{\"@context\":\"https:\/\/schema.org\",\"@graph\":[{\"@type\":\"WebPage\",\"@id\":\"https:\/\/www.welovecycling.com\/cs\/2023\/08\/11\/petr-vakoc-gravel-me-pohltil-objevil-jsem-jiny-svet-cyklistiky\/\",\"url\":\"https:\/\/www.welovecycling.com\/cs\/2023\/08\/11\/petr-vakoc-gravel-me-pohltil-objevil-jsem-jiny-svet-cyklistiky\/\",\"name\":\"Petr Vako\u010d: Gravel m\u011b pohltil! Objevil jsem jin\u00fd sv\u011bt cyklistiky | \u0160koda We Love Cycling - \u010cesk\u00e1 republika\",\"isPartOf\":{\"@id\":\"https:\/\/www.welovecycling.com\/cs\/#website\"},\"primaryImageOfPage\":{\"@id\":\"https:\/\/www.welovecycling.com\/cs\/2023\/08\/11\/petr-vakoc-gravel-me-pohltil-objevil-jsem-jiny-svet-cyklistiky\/#primaryimage\"},\"image\":{\"@id\":\"https:\/\/www.welovecycling.com\/cs\/2023\/08\/11\/petr-vakoc-gravel-me-pohltil-objevil-jsem-jiny-svet-cyklistiky\/#primaryimage\"},\"thumbnailUrl\":\"https:\/\/d2p6e6u75xmxt8.cloudfront.net\/13\/2020\/03\/VAKOC-WLC.jpg\",\"datePublished\":\"2023-08-11T12:10:59+00:00\",\"author\":{\"@id\":\"https:\/\/www.welovecycling.com\/cs\/#\/schema\/person\/d9eeb0a378f3a7e4a6d12d2b536b04b8\"},\"description\":\"Jezdil po boku mistr\u016f sv\u011bta! Mathieu van der Poel \u010di Julian Alaphilippe byli jeho t\u00fdmov\u00ed par\u0165\u00e1ci. U\u017e\u00edval si komfortu, jeho\u017e se dost\u00e1v\u00e1 jezdc\u016fm World Tour, elity cyklistick\u00e9ho sv\u011bta. Petr Vako\u010d v\u0161ak nejpresti\u017en\u011bj\u0161\u00ed discipl\u00ednu opustil a vrhnul se do sv\u011bta gravel bik\u016f!\",\"inLanguage\":\"cs\",\"potentialAction\":[{\"@type\":\"ReadAction\",\"target\":[\"https:\/\/www.welovecycling.com\/cs\/2023\/08\/11\/petr-vakoc-gravel-me-pohltil-objevil-jsem-jiny-svet-cyklistiky\/\"]}]},{\"@type\":\"ImageObject\",\"inLanguage\":\"cs\",\"@id\":\"https:\/\/www.welovecycling.com\/cs\/2023\/08\/11\/petr-vakoc-gravel-me-pohltil-objevil-jsem-jiny-svet-cyklistiky\/#primaryimage\",\"url\":\"https:\/\/d2p6e6u75xmxt8.cloudfront.net\/13\/2020\/03\/VAKOC-WLC.jpg\",\"contentUrl\":\"https:\/\/d2p6e6u75xmxt8.cloudfront.net\/13\/2020\/03\/VAKOC-WLC.jpg\",\"width\":7425,\"height\":5304,\"caption\":\"Petr Vako\u010d, cyklista t\u00fdmu Alpecin F\u00e9nix, p\u0159i tiskov\u00e9 konferenci k projektu bikefluencers platformy We Love Cycling.\"},{\"@type\":\"WebSite\",\"@id\":\"https:\/\/www.welovecycling.com\/cs\/#website\",\"url\":\"https:\/\/www.welovecycling.com\/cs\/\",\"name\":\"\u0160koda We Love Cycling - \u010cesk\u00e1 republika\",\"description\":\"WeLoveCycling.cz je online magaz\u00edn, kter\u00fd v\u00e1m pravideln\u011b p\u0159in\u00e1\u0161\u00ed rady a tipy, zaj\u00edmav\u00e9 \u010dl\u00e1nky, videa a jedine\u010dn\u00e9 report\u00e1\u017ee ze sv\u011bta cyklistiky.\",\"potentialAction\":[{\"@type\":\"SearchAction\",\"target\":{\"@type\":\"EntryPoint\",\"urlTemplate\":\"https:\/\/www.welovecycling.com\/cs\/?s={search_term_string}\"},\"query-input\":{\"@type\":\"PropertyValueSpecification\",\"valueRequired\":true,\"valueName\":\"search_term_string\"}}],\"inLanguage\":\"cs\"},{\"@type\":\"Person\",\"@id\":\"https:\/\/www.welovecycling.com\/cs\/#\/schema\/person\/d9eeb0a378f3a7e4a6d12d2b536b04b8\",\"name\":\"radekmalina\",\"image\":{\"@type\":\"ImageObject\",\"inLanguage\":\"cs\",\"@id\":\"https:\/\/www.welovecycling.com\/cs\/#\/schema\/person\/image\/\",\"url\":\"https:\/\/secure.gravatar.com\/avatar\/66994b632cb8c39a46b9f54afa3ae07201b678d32a54275b6f1c9ffec356bfc0?s=96&d=mm&r=g\",\"contentUrl\":\"https:\/\/secure.gravatar.com\/avatar\/66994b632cb8c39a46b9f54afa3ae07201b678d32a54275b6f1c9ffec356bfc0?s=96&d=mm&r=g\",\"caption\":\"radekmalina\"},\"url\":\"https:\/\/www.welovecycling.com\/cs\/author\/radekmalina\/\"}]}<\/script>\n<!-- \/ Yoast SEO Premium plugin. -->","yoast_head_json":{"title":"Petr Vako\u010d: Gravel m\u011b pohltil! Objevil jsem jin\u00fd sv\u011bt cyklistiky | \u0160koda We Love Cycling - \u010cesk\u00e1 republika","description":"Jezdil po boku mistr\u016f sv\u011bta! Mathieu van der Poel \u010di Julian Alaphilippe byli jeho t\u00fdmov\u00ed par\u0165\u00e1ci. U\u017e\u00edval si komfortu, jeho\u017e se dost\u00e1v\u00e1 jezdc\u016fm World Tour, elity cyklistick\u00e9ho sv\u011bta. Petr Vako\u010d v\u0161ak nejpresti\u017en\u011bj\u0161\u00ed discipl\u00ednu opustil a vrhnul se do sv\u011bta gravel bik\u016f!","robots":{"index":"index","follow":"follow","max-snippet":"max-snippet:-1","max-image-preview":"max-image-preview:large","max-video-preview":"max-video-preview:-1"},"canonical":"https:\/\/www.welovecycling.com\/cs\/2023\/08\/11\/petr-vakoc-gravel-me-pohltil-objevil-jsem-jiny-svet-cyklistiky\/","og_locale":"cs_CZ","og_type":"article","og_title":"Petr Vako\u010d: Gravel m\u011b pohltil! Objevil jsem jin\u00fd sv\u011bt cyklistiky","og_description":"Jezdil po boku mistr\u016f sv\u011bta! Mathieu van der Poel \u010di Julian Alaphilippe byli jeho t\u00fdmov\u00ed par\u0165\u00e1ci. U\u017e\u00edval si komfortu, jeho\u017e se dost\u00e1v\u00e1 jezdc\u016fm World Tour, elity cyklistick\u00e9ho sv\u011bta. Petr Vako\u010d v\u0161ak nejpresti\u017en\u011bj\u0161\u00ed discipl\u00ednu opustil a vrhnul se do sv\u011bta gravel bik\u016f!","og_url":"https:\/\/www.welovecycling.com\/cs\/2023\/08\/11\/petr-vakoc-gravel-me-pohltil-objevil-jsem-jiny-svet-cyklistiky\/","og_site_name":"\u0160koda We Love Cycling - \u010cesk\u00e1 republika","article_published_time":"2023-08-11T12:10:59+00:00","og_image":[{"width":1024,"height":731,"url":"https:\/\/d2p6e6u75xmxt8.cloudfront.net\/13\/2020\/03\/VAKOC-WLC-1024x731.jpg","type":"image\/jpeg"}],"author":"radekmalina","twitter_card":"summary_large_image","twitter_misc":{"Written by":"We Love Cycling","Est. reading time":"6"},"schema":{"@context":"https:\/\/schema.org","@graph":[{"@type":"WebPage","@id":"https:\/\/www.welovecycling.com\/cs\/2023\/08\/11\/petr-vakoc-gravel-me-pohltil-objevil-jsem-jiny-svet-cyklistiky\/","url":"https:\/\/www.welovecycling.com\/cs\/2023\/08\/11\/petr-vakoc-gravel-me-pohltil-objevil-jsem-jiny-svet-cyklistiky\/","name":"Petr Vako\u010d: Gravel m\u011b pohltil! Objevil jsem jin\u00fd sv\u011bt cyklistiky | \u0160koda We Love Cycling - \u010cesk\u00e1 republika","isPartOf":{"@id":"https:\/\/www.welovecycling.com\/cs\/#website"},"primaryImageOfPage":{"@id":"https:\/\/www.welovecycling.com\/cs\/2023\/08\/11\/petr-vakoc-gravel-me-pohltil-objevil-jsem-jiny-svet-cyklistiky\/#primaryimage"},"image":{"@id":"https:\/\/www.welovecycling.com\/cs\/2023\/08\/11\/petr-vakoc-gravel-me-pohltil-objevil-jsem-jiny-svet-cyklistiky\/#primaryimage"},"thumbnailUrl":"https:\/\/d2p6e6u75xmxt8.cloudfront.net\/13\/2020\/03\/VAKOC-WLC.jpg","datePublished":"2023-08-11T12:10:59+00:00","author":{"@id":"https:\/\/www.welovecycling.com\/cs\/#\/schema\/person\/d9eeb0a378f3a7e4a6d12d2b536b04b8"},"description":"Jezdil po boku mistr\u016f sv\u011bta! Mathieu van der Poel \u010di Julian Alaphilippe byli jeho t\u00fdmov\u00ed par\u0165\u00e1ci. U\u017e\u00edval si komfortu, jeho\u017e se dost\u00e1v\u00e1 jezdc\u016fm World Tour, elity cyklistick\u00e9ho sv\u011bta. Petr Vako\u010d v\u0161ak nejpresti\u017en\u011bj\u0161\u00ed discipl\u00ednu opustil a vrhnul se do sv\u011bta gravel bik\u016f!","inLanguage":"cs","potentialAction":[{"@type":"ReadAction","target":["https:\/\/www.welovecycling.com\/cs\/2023\/08\/11\/petr-vakoc-gravel-me-pohltil-objevil-jsem-jiny-svet-cyklistiky\/"]}]},{"@type":"ImageObject","inLanguage":"cs","@id":"https:\/\/www.welovecycling.com\/cs\/2023\/08\/11\/petr-vakoc-gravel-me-pohltil-objevil-jsem-jiny-svet-cyklistiky\/#primaryimage","url":"https:\/\/d2p6e6u75xmxt8.cloudfront.net\/13\/2020\/03\/VAKOC-WLC.jpg","contentUrl":"https:\/\/d2p6e6u75xmxt8.cloudfront.net\/13\/2020\/03\/VAKOC-WLC.jpg","width":7425,"height":5304,"caption":"Petr Vako\u010d, cyklista t\u00fdmu Alpecin F\u00e9nix, p\u0159i tiskov\u00e9 konferenci k projektu bikefluencers platformy We Love Cycling."},{"@type":"WebSite","@id":"https:\/\/www.welovecycling.com\/cs\/#website","url":"https:\/\/www.welovecycling.com\/cs\/","name":"\u0160koda We Love Cycling - \u010cesk\u00e1 republika","description":"WeLoveCycling.cz je online magaz\u00edn, kter\u00fd v\u00e1m pravideln\u011b p\u0159in\u00e1\u0161\u00ed rady a tipy, zaj\u00edmav\u00e9 \u010dl\u00e1nky, videa a jedine\u010dn\u00e9 report\u00e1\u017ee ze sv\u011bta cyklistiky.","potentialAction":[{"@type":"SearchAction","target":{"@type":"EntryPoint","urlTemplate":"https:\/\/www.welovecycling.com\/cs\/?s={search_term_string}"},"query-input":{"@type":"PropertyValueSpecification","valueRequired":true,"valueName":"search_term_string"}}],"inLanguage":"cs"},{"@type":"Person","@id":"https:\/\/www.welovecycling.com\/cs\/#\/schema\/person\/d9eeb0a378f3a7e4a6d12d2b536b04b8","name":"radekmalina","image":{"@type":"ImageObject","inLanguage":"cs","@id":"https:\/\/www.welovecycling.com\/cs\/#\/schema\/person\/image\/","url":"https:\/\/secure.gravatar.com\/avatar\/66994b632cb8c39a46b9f54afa3ae07201b678d32a54275b6f1c9ffec356bfc0?s=96&d=mm&r=g","contentUrl":"https:\/\/secure.gravatar.com\/avatar\/66994b632cb8c39a46b9f54afa3ae07201b678d32a54275b6f1c9ffec356bfc0?s=96&d=mm&r=g","caption":"radekmalina"},"url":"https:\/\/www.welovecycling.com\/cs\/author\/radekmalina\/"}]}},"_links":{"self":[{"href":"https:\/\/www.welovecycling.com\/cs\/wp-json\/wp\/v2\/posts\/23334","targetHints":{"allow":["GET"]}}],"collection":[{"href":"https:\/\/www.welovecycling.com\/cs\/wp-json\/wp\/v2\/posts"}],"about":[{"href":"https:\/\/www.welovecycling.com\/cs\/wp-json\/wp\/v2\/types\/post"}],"author":[{"embeddable":true,"href":"https:\/\/www.welovecycling.com\/cs\/wp-json\/wp\/v2\/users\/138"}],"replies":[{"embeddable":true,"href":"https:\/\/www.welovecycling.com\/cs\/wp-json\/wp\/v2\/comments?post=23334"}],"version-history":[{"count":4,"href":"https:\/\/www.welovecycling.com\/cs\/wp-json\/wp\/v2\/posts\/23334\/revisions"}],"predecessor-version":[{"id":23339,"href":"https:\/\/www.welovecycling.com\/cs\/wp-json\/wp\/v2\/posts\/23334\/revisions\/23339"}],"wp:featuredmedia":[{"embeddable":true,"href":"https:\/\/www.welovecycling.com\/cs\/wp-json\/wp\/v2\/media\/6301"}],"wp:attachment":[{"href":"https:\/\/www.welovecycling.com\/cs\/wp-json\/wp\/v2\/media?parent=23334"}],"wp:term":[{"taxonomy":"category","embeddable":true,"href":"https:\/\/www.welovecycling.com\/cs\/wp-json\/wp\/v2\/categories?post=23334"},{"taxonomy":"post_tag","embeddable":true,"href":"https:\/\/www.welovecycling.com\/cs\/wp-json\/wp\/v2\/tags?post=23334"},{"taxonomy":"global-categories","embeddable":true,"href":"https:\/\/www.welovecycling.com\/cs\/wp-json\/wp\/v2\/global-categories?post=23334"}],"curies":[{"name":"wp","href":"https:\/\/api.w.org\/{rel}","templated":true}]}}