{"id":23193,"date":"2023-07-25T06:00:30","date_gmt":"2023-07-25T04:00:30","guid":{"rendered":"https:\/\/www.welovecycling.com\/cs\/?p=23193"},"modified":"2023-07-24T18:20:46","modified_gmt":"2023-07-24T16:20:46","slug":"anna-slancova-bojujici-o-navrat-do-sedla-je-patronkou-hvezdneho-tymu","status":"publish","type":"post","link":"https:\/\/www.welovecycling.com\/cs\/2023\/07\/25\/anna-slancova-bojujici-o-navrat-do-sedla-je-patronkou-hvezdneho-tymu\/","title":{"rendered":"Anna Slancov\u00e1 bojuj\u00edc\u00ed o n\u00e1vrat do sedla je patronkou hv\u011bzdn\u00e9ho t\u00fdmu"},"content":{"rendered":"<p><strong>Bojuje o n\u00e1vrat do sedla. <a href=\"https:\/\/www.welovecycling.com\/cs\/2023\/01\/06\/anna-slancova-je-po-tezkem-padu-na-voziku-verim-ze-zase-budu-chodit-i-jezdit\/\">Anna Slancov\u00e1<\/a> minul\u00fd rok p\u0159i z\u00e1vod\u011b sv\u011btov\u00e9 fourcrossov\u00e9 s\u00e9rie v italsk\u00e9m Val di Sole utrp\u011bla t\u011b\u017ek\u00fd p\u00e1d, z n\u011bho\u017e bohu\u017eel neode\u0161la po sv\u00fdch. Je upout\u00e1na na invalidn\u00ed voz\u00edk a podstupuje rehabilita\u010dn\u00ed proces. Bojovnice z\u00a0Liberce je patronkou t\u00fdmu We Love Cycling pro nadch\u00e1zej\u00edc\u00ed 11. ro\u010dn\u00edk Cyklo Handy maratonu.<\/strong><\/p>\n<p>Z\u00e1vod s\u00a0podtitulem \u201eCesta za snem\u201c je dlouh\u00fd 2222 kilometr\u016f. T\u00fdmy mus\u00ed projet v\u0161emi p\u0159edepsan\u00fdmi pr\u016fjezdn\u00fdmi body a dodr\u017eet povinn\u00e9 \u00faseky. Ka\u017ed\u00fd z\u00a0\u010dlen\u016f t\u00fdmu, kter\u00e9 jsou bu\u010f \u010dty\u0159\u010dlenn\u00e9 nebo osmi\u010dlenn\u00e9, mus\u00ed ujet minim\u00e1ln\u011b sto kilometr\u016f za z\u00e1vod. Limit pro dojet\u00ed je 111 hodin, z\u00e1vod vede p\u0159es 14 kraj\u016f a v\u00a0ka\u017ed\u00e9m jsou dva pr\u016fjezdn\u00e9 body vztahuj\u00edc\u00ed se k\u00a0osobnostem \u010desk\u00e9 historie.<\/p>\n<div class=\"shortcode-ys-post-pinup\"><article class=\"loop-simple post-8815 post type-post status-publish format-standard has-post-thumbnail hentry category-https-www-welovecycling-com-cs-category-zabava category-zdravi-a-trenink tag-andrea-bezdekova tag-jiri-jezek tag-majk-na-cestach tag-metrostav-handy-cyklomaraton-2020 tag-skoda-handy global-categories-cycling\" data-postid=\"8815\" role=\"article\" data-post-id=\"8815\" data-word-count=\"323\" data-headline-length=\"73\" data-category=\"Z\u00c1BAVA\" data-global-category=\"Cycling\" data-author=\"Marek Novotn\u00fd\" data-published=\"2020-07-20T19:00:48+02:00\" data-published-day=\"Monday\">\n    <div class=\"entry-thumbnail article-thumbnail\" content=\"https:\/\/d2p6e6u75xmxt8.cloudfront.net\/13\/2019\/07\/Metrostav_Handy_Cyklo_maraton_Team_Skoda_We_love_Cycling8-150x150.webp\"><a href=\"https:\/\/www.welovecycling.com\/cs\/2020\/07\/20\/nikdy-se-nevzdavat-handy-cyklomaratonu-ma-letos-pevne-stanovenou-trasu\/\" class=\"image-holder\" target=\"_self\"><img decoding=\"async\" loading=\"lazy\" class=\"\" src=\"https:\/\/d2p6e6u75xmxt8.cloudfront.net\/13\/2019\/07\/Metrostav_Handy_Cyklo_maraton_Team_Skoda_We_love_Cycling8-1024x683.webp\" srcset=\"https:\/\/d2p6e6u75xmxt8.cloudfront.net\/13\/2019\/07\/Metrostav_Handy_Cyklo_maraton_Team_Skoda_We_love_Cycling8-scaled.webp 2560w, https:\/\/d2p6e6u75xmxt8.cloudfront.net\/13\/2019\/07\/Metrostav_Handy_Cyklo_maraton_Team_Skoda_We_love_Cycling8-300x200.webp 300w, https:\/\/d2p6e6u75xmxt8.cloudfront.net\/13\/2019\/07\/Metrostav_Handy_Cyklo_maraton_Team_Skoda_We_love_Cycling8-1024x683.webp 1024w, https:\/\/d2p6e6u75xmxt8.cloudfront.net\/13\/2019\/07\/Metrostav_Handy_Cyklo_maraton_Team_Skoda_We_love_Cycling8-768x512.webp 768w, https:\/\/d2p6e6u75xmxt8.cloudfront.net\/13\/2019\/07\/Metrostav_Handy_Cyklo_maraton_Team_Skoda_We_love_Cycling8-1536x1024.webp 1536w, https:\/\/d2p6e6u75xmxt8.cloudfront.net\/13\/2019\/07\/Metrostav_Handy_Cyklo_maraton_Team_Skoda_We_love_Cycling8-2048x1365.webp 2048w, https:\/\/d2p6e6u75xmxt8.cloudfront.net\/13\/2019\/07\/Metrostav_Handy_Cyklo_maraton_Team_Skoda_We_love_Cycling8-1920x1280.webp 1920w, https:\/\/d2p6e6u75xmxt8.cloudfront.net\/13\/2019\/07\/Metrostav_Handy_Cyklo_maraton_Team_Skoda_We_love_Cycling8-272x182.webp 272w, https:\/\/d2p6e6u75xmxt8.cloudfront.net\/13\/2019\/07\/Metrostav_Handy_Cyklo_maraton_Team_Skoda_We_love_Cycling8-1920x1280.webp 1920w\" width=\"1024\" height=\"683\" sizes=\"auto, (min-width: 1200px) 300px, (min-width: 768px) 25vw, 100vw\" alt=\"nikdy-se-nevzdavat-handy-cyklomaratonu-ma-letos-pevne-stanovenou-trasu\"\/><\/a><\/div>    <div class=\"entry-meta\">\n        <a class=\"label label-secondary post-category\" href=\"https:\/\/www.welovecycling.com\/cs\/category\/https-www-welovecycling-com-cs-category-zabava\/\" title=\"Z\u00c1BAVA\">Z\u00c1BAVA<\/a>\n    <\/div>\n    <div class=\"entry-details\">\n        <a href=\"https:\/\/www.welovecycling.com\/cs\/2020\/07\/20\/nikdy-se-nevzdavat-handy-cyklomaratonu-ma-letos-pevne-stanovenou-trasu\/\" class='entry-title-wrapper'>\n            <h3 class=\"entry-title\"><span>Nikdy se nevzd\u00e1vat! Handy Cyklomaraton m\u00e1 letos pevn\u011b stanovenou trasu<\/span><\/h3>\n        <\/a>\n    <\/div>\n    <\/article>\n<\/div>\n<p>T\u00fdm WeLoveCycling m\u00e1 pro nadch\u00e1zej\u00edc\u00ed ro\u010dn\u00edk velice silnou sestavu. Kapit\u00e1nem je Ji\u0159\u00ed Je\u017eek, \u0161estin\u00e1sobn\u00fd paralympijsk\u00fd \u0161ampion. Zb\u00fdvaj\u00edc\u00ed sedmi\u010dku pak tvo\u0159\u00ed Zuzana Boh\u00e1\u010dov\u00e1: v\u00edt\u011bzka slovensk\u00e9 L\u00b4Etape 2022 a druh\u00e1 ze slovinsk\u00e9 L\u00b4Etape 2022, b\u00fdval\u00e1 z\u00e1vodnice Evel\u00edna Opi\u010dkov\u00e1, Michal Kamermeier alias Majk na cest\u00e1ch, Jakub Truksa py\u0161n\u00edc\u00ed se \u00fa\u010dast\u00ed ne leto\u0161n\u00edm amat\u00e9rsk\u00e9m Pa\u0159\u00ed\u017e-Roubaix, Ond\u0159ej Sobek a Luk\u00e1\u0161 Vejvar, jen\u017e dokon\u010dil leto\u0161n\u00ed pou\u0161tn\u00ed z\u00e1vod Titan Desert. Posledn\u00edm \u010dl\u00e1nkem osmi\u010dlenn\u00e9 sestavy je na handbiku jedouc\u00ed Lenka Kladivov\u00e1.<\/p>\n<p><a href=\"https:\/\/d2p6e6u75xmxt8.cloudfront.net\/13\/2021\/05\/WLC-Jezek-l\u00b4etape-5.webp\"><img loading=\"lazy\" decoding=\"async\" class=\"alignnone size-full wp-image-12648\" src=\"https:\/\/d2p6e6u75xmxt8.cloudfront.net\/13\/2021\/05\/WLC-Jezek-l\u00b4etape-5.webp\" alt=\"\" width=\"1600\" height=\"1067\" srcset=\"https:\/\/d2p6e6u75xmxt8.cloudfront.net\/13\/2021\/05\/WLC-Jezek-l\u00b4etape-5.webp 1600w, https:\/\/d2p6e6u75xmxt8.cloudfront.net\/13\/2021\/05\/WLC-Jezek-l\u00b4etape-5-300x200.webp 300w, https:\/\/d2p6e6u75xmxt8.cloudfront.net\/13\/2021\/05\/WLC-Jezek-l\u00b4etape-5-1024x683.webp 1024w, https:\/\/d2p6e6u75xmxt8.cloudfront.net\/13\/2021\/05\/WLC-Jezek-l\u00b4etape-5-768x512.webp 768w, https:\/\/d2p6e6u75xmxt8.cloudfront.net\/13\/2021\/05\/WLC-Jezek-l\u00b4etape-5-1536x1024.webp 1536w, https:\/\/d2p6e6u75xmxt8.cloudfront.net\/13\/2021\/05\/WLC-Jezek-l\u00b4etape-5-272x182.webp 272w\" sizes=\"auto, (max-width: 1600px) 100vw, 1600px\" \/><\/a><\/p>\n<p>\u201eMinul\u00fd rok jsme si cht\u011bli maraton hlavn\u011b u\u017e\u00edt. A p\u0159esn\u011b v\u00a0tom duchu jsme celou akci pojali. Letos m\u00e1me podle m\u00e9ho n\u00e1zoru rychlou sestavu, tud\u00ed\u017e se chceme pokusit o v\u00edt\u011bzstv\u00ed. Pro m\u011b p\u016fjde o p\u00e1tou \u00fa\u010dast a r\u00e1d bych p\u0159idal druh\u00fd triumf,\u201c neskr\u00fdval odhodl\u00e1n\u00ed kapit\u00e1n t\u00fdmu Ji\u0159\u00ed Je\u017eek.<\/p>\n<p>Start z\u00e1vodu je b\u011bhem \u00fatern\u00edho dopoledne v\u00a0Praze v L\u00f6witov\u011b Ml\u00fdn\u011b, c\u00edl na ostrov\u011b \u0160tvanice b\u011bhem soboty. Sou\u010d\u00e1st\u00ed Metrostav Handy Cyklo maratonu jsou i \u00faseky, kde se m\u016f\u017ee p\u0159idat k\u00a0z\u00e1vodu ka\u017ed\u00fd cyklista. Jde o tzv. Peloton nad\u011bje, kter\u00fd jede rychlost\u00ed \u0161estn\u00e1ct kilometr\u016f v\u00a0hodin\u011b, tud\u00ed\u017e je otev\u0159en\u00fd skute\u010dn\u011b ka\u017ed\u00e9mu. P\u0159esn\u00e9 \u00faseky, kde je mo\u017en\u00e9 se za\u010dlenit, najdete na str\u00e1nk\u00e1ch cestazasnem.cz.<\/p>\n","protected":false},"excerpt":{"rendered":"<p>Bojuje o n\u00e1vrat do sedla. Anna Slancov\u00e1 minul\u00fd rok p\u0159i z\u00e1vod\u011b sv\u011btov\u00e9 fourcrossov\u00e9 s\u00e9rie v italsk\u00e9m Val di Sole utrp\u011bla [&hellip;]<\/p>\n","protected":false},"author":138,"featured_media":9066,"comment_status":"open","ping_status":"open","sticky":false,"template":"","format":"standard","meta":{"footnotes":""},"categories":[10],"tags":[2772,126,2398,3070,2988,130,2593,2394],"global-categories":[411],"class_list":["post-23193","post","type-post","status-publish","format-standard","has-post-thumbnail","hentry","category-silnicni-cyklistika","tag-anna-slancova","tag-cyklistika","tag-evelina-opickova","tag-handy-cyklo-maraton-2023","tag-jakub-truksa","tag-jiri-jezek","tag-lukas-vejvar","tag-zuzana-bohacova","global-categories-cycling"],"yoast_head":"<!-- This site is optimized with the Yoast SEO Premium plugin v25.3 (Yoast SEO v25.9) - https:\/\/yoast.com\/wordpress\/plugins\/seo\/ -->\n<title>Anna Slancov\u00e1 bojuj\u00edc\u00ed o n\u00e1vrat do sedla je patronkou hv\u011bzdn\u00e9ho t\u00fdmu | \u0160koda We Love Cycling - \u010cesk\u00e1 republika<\/title>\n<meta name=\"description\" content=\"Bojuje o n\u00e1vrat do sedla. Anna Slancov\u00e1 minul\u00fd rok p\u0159i z\u00e1vod\u011b sv\u011btov\u00e9 fourcrossov\u00e9 s\u00e9rie v italsk\u00e9m Val di Sole utrp\u011bla t\u011b\u017ek\u00fd p\u00e1d, z n\u011bho\u017e bohu\u017eel neode\u0161la po sv\u00fdch. Je upout\u00e1na na invalidn\u00ed voz\u00edk a podstupuje rehabilita\u010dn\u00ed proces. Bojovnice z\u00a0Liberce je patronkou t\u00fdmu We Love Cycling pro nadch\u00e1zej\u00edc\u00ed 11. ro\u010dn\u00edk Cyklo Handy maratonu.\" \/>\n<meta name=\"robots\" content=\"index, follow, max-snippet:-1, max-image-preview:large, max-video-preview:-1\" \/>\n<link rel=\"canonical\" href=\"https:\/\/www.welovecycling.com\/cs\/2023\/07\/25\/anna-slancova-bojujici-o-navrat-do-sedla-je-patronkou-hvezdneho-tymu\/\" \/>\n<meta property=\"og:locale\" content=\"cs_CZ\" \/>\n<meta property=\"og:type\" content=\"article\" \/>\n<meta property=\"og:title\" content=\"Anna Slancov\u00e1 bojuj\u00edc\u00ed o n\u00e1vrat do sedla je patronkou hv\u011bzdn\u00e9ho t\u00fdmu\" \/>\n<meta property=\"og:description\" content=\"Bojuje o n\u00e1vrat do sedla. Anna Slancov\u00e1 minul\u00fd rok p\u0159i z\u00e1vod\u011b sv\u011btov\u00e9 fourcrossov\u00e9 s\u00e9rie v italsk\u00e9m Val di Sole utrp\u011bla t\u011b\u017ek\u00fd p\u00e1d, z n\u011bho\u017e bohu\u017eel neode\u0161la po sv\u00fdch. Je upout\u00e1na na invalidn\u00ed voz\u00edk a podstupuje rehabilita\u010dn\u00ed proces. Bojovnice z\u00a0Liberce je patronkou t\u00fdmu We Love Cycling pro nadch\u00e1zej\u00edc\u00ed 11. ro\u010dn\u00edk Cyklo Handy maratonu.\" \/>\n<meta property=\"og:url\" content=\"https:\/\/www.welovecycling.com\/cs\/2023\/07\/25\/anna-slancova-bojujici-o-navrat-do-sedla-je-patronkou-hvezdneho-tymu\/\" \/>\n<meta property=\"og:site_name\" content=\"\u0160koda We Love Cycling - \u010cesk\u00e1 republika\" \/>\n<meta property=\"article:published_time\" content=\"2023-07-25T04:00:30+00:00\" \/>\n<meta property=\"og:image\" content=\"https:\/\/d2p6e6u75xmxt8.cloudfront.net\/13\/2020\/08\/WLC-A-Handy-6-DSC01610.webp\" \/>\n\t<meta property=\"og:image:width\" content=\"1381\" \/>\n\t<meta property=\"og:image:height\" content=\"921\" \/>\n\t<meta property=\"og:image:type\" content=\"image\/webp\" \/>\n<meta name=\"author\" content=\"radekmalina\" \/>\n<meta name=\"twitter:card\" content=\"summary_large_image\" \/>\n<meta name=\"twitter:label1\" content=\"Written by\" \/>\n\t<meta name=\"twitter:data1\" content=\"Marek Novotn\u00fd\" \/>\n\t<meta name=\"twitter:label2\" content=\"Est. reading time\" \/>\n\t<meta name=\"twitter:data2\" content=\"5\" \/>\n<script type=\"application\/ld+json\" class=\"yoast-schema-graph\">{\"@context\":\"https:\/\/schema.org\",\"@graph\":[{\"@type\":\"WebPage\",\"@id\":\"https:\/\/www.welovecycling.com\/cs\/2023\/07\/25\/anna-slancova-bojujici-o-navrat-do-sedla-je-patronkou-hvezdneho-tymu\/\",\"url\":\"https:\/\/www.welovecycling.com\/cs\/2023\/07\/25\/anna-slancova-bojujici-o-navrat-do-sedla-je-patronkou-hvezdneho-tymu\/\",\"name\":\"Anna Slancov\u00e1 bojuj\u00edc\u00ed o n\u00e1vrat do sedla je patronkou hv\u011bzdn\u00e9ho t\u00fdmu | \u0160koda We Love Cycling - \u010cesk\u00e1 republika\",\"isPartOf\":{\"@id\":\"https:\/\/www.welovecycling.com\/cs\/#website\"},\"primaryImageOfPage\":{\"@id\":\"https:\/\/www.welovecycling.com\/cs\/2023\/07\/25\/anna-slancova-bojujici-o-navrat-do-sedla-je-patronkou-hvezdneho-tymu\/#primaryimage\"},\"image\":{\"@id\":\"https:\/\/www.welovecycling.com\/cs\/2023\/07\/25\/anna-slancova-bojujici-o-navrat-do-sedla-je-patronkou-hvezdneho-tymu\/#primaryimage\"},\"thumbnailUrl\":\"https:\/\/d2p6e6u75xmxt8.cloudfront.net\/13\/2020\/08\/WLC-A-Handy-6-DSC01610.webp\",\"datePublished\":\"2023-07-25T04:00:30+00:00\",\"author\":{\"@id\":\"https:\/\/www.welovecycling.com\/cs\/#\/schema\/person\/d9eeb0a378f3a7e4a6d12d2b536b04b8\"},\"description\":\"Bojuje o n\u00e1vrat do sedla. Anna Slancov\u00e1 minul\u00fd rok p\u0159i z\u00e1vod\u011b sv\u011btov\u00e9 fourcrossov\u00e9 s\u00e9rie v italsk\u00e9m Val di Sole utrp\u011bla t\u011b\u017ek\u00fd p\u00e1d, z n\u011bho\u017e bohu\u017eel neode\u0161la po sv\u00fdch. Je upout\u00e1na na invalidn\u00ed voz\u00edk a podstupuje rehabilita\u010dn\u00ed proces. Bojovnice z\u00a0Liberce je patronkou t\u00fdmu We Love Cycling pro nadch\u00e1zej\u00edc\u00ed 11. ro\u010dn\u00edk Cyklo Handy maratonu.\",\"inLanguage\":\"cs\",\"potentialAction\":[{\"@type\":\"ReadAction\",\"target\":[\"https:\/\/www.welovecycling.com\/cs\/2023\/07\/25\/anna-slancova-bojujici-o-navrat-do-sedla-je-patronkou-hvezdneho-tymu\/\"]}]},{\"@type\":\"ImageObject\",\"inLanguage\":\"cs\",\"@id\":\"https:\/\/www.welovecycling.com\/cs\/2023\/07\/25\/anna-slancova-bojujici-o-navrat-do-sedla-je-patronkou-hvezdneho-tymu\/#primaryimage\",\"url\":\"https:\/\/d2p6e6u75xmxt8.cloudfront.net\/13\/2020\/08\/WLC-A-Handy-6-DSC01610.webp\",\"contentUrl\":\"https:\/\/d2p6e6u75xmxt8.cloudfront.net\/13\/2020\/08\/WLC-A-Handy-6-DSC01610.webp\",\"width\":1381,\"height\":921,\"caption\":\"T\u00fdm We Love Cycling v z\u00e1v\u011bre\u010dn\u00fdch kilometrech 8. ro\u010dn\u00edku Metrostav Handy Cyklomaratonu.\"},{\"@type\":\"WebSite\",\"@id\":\"https:\/\/www.welovecycling.com\/cs\/#website\",\"url\":\"https:\/\/www.welovecycling.com\/cs\/\",\"name\":\"\u0160koda We Love Cycling - \u010cesk\u00e1 republika\",\"description\":\"WeLoveCycling.cz je online magaz\u00edn, kter\u00fd v\u00e1m pravideln\u011b p\u0159in\u00e1\u0161\u00ed rady a tipy, zaj\u00edmav\u00e9 \u010dl\u00e1nky, videa a jedine\u010dn\u00e9 report\u00e1\u017ee ze sv\u011bta cyklistiky.\",\"potentialAction\":[{\"@type\":\"SearchAction\",\"target\":{\"@type\":\"EntryPoint\",\"urlTemplate\":\"https:\/\/www.welovecycling.com\/cs\/?s={search_term_string}\"},\"query-input\":{\"@type\":\"PropertyValueSpecification\",\"valueRequired\":true,\"valueName\":\"search_term_string\"}}],\"inLanguage\":\"cs\"},{\"@type\":\"Person\",\"@id\":\"https:\/\/www.welovecycling.com\/cs\/#\/schema\/person\/d9eeb0a378f3a7e4a6d12d2b536b04b8\",\"name\":\"radekmalina\",\"image\":{\"@type\":\"ImageObject\",\"inLanguage\":\"cs\",\"@id\":\"https:\/\/www.welovecycling.com\/cs\/#\/schema\/person\/image\/\",\"url\":\"https:\/\/secure.gravatar.com\/avatar\/66994b632cb8c39a46b9f54afa3ae07201b678d32a54275b6f1c9ffec356bfc0?s=96&d=mm&r=g\",\"contentUrl\":\"https:\/\/secure.gravatar.com\/avatar\/66994b632cb8c39a46b9f54afa3ae07201b678d32a54275b6f1c9ffec356bfc0?s=96&d=mm&r=g\",\"caption\":\"radekmalina\"},\"url\":\"https:\/\/www.welovecycling.com\/cs\/author\/radekmalina\/\"}]}<\/script>\n<!-- \/ Yoast SEO Premium plugin. -->","yoast_head_json":{"title":"Anna Slancov\u00e1 bojuj\u00edc\u00ed o n\u00e1vrat do sedla je patronkou hv\u011bzdn\u00e9ho t\u00fdmu | \u0160koda We Love Cycling - \u010cesk\u00e1 republika","description":"Bojuje o n\u00e1vrat do sedla. Anna Slancov\u00e1 minul\u00fd rok p\u0159i z\u00e1vod\u011b sv\u011btov\u00e9 fourcrossov\u00e9 s\u00e9rie v italsk\u00e9m Val di Sole utrp\u011bla t\u011b\u017ek\u00fd p\u00e1d, z n\u011bho\u017e bohu\u017eel neode\u0161la po sv\u00fdch. Je upout\u00e1na na invalidn\u00ed voz\u00edk a podstupuje rehabilita\u010dn\u00ed proces. Bojovnice z\u00a0Liberce je patronkou t\u00fdmu We Love Cycling pro nadch\u00e1zej\u00edc\u00ed 11. ro\u010dn\u00edk Cyklo Handy maratonu.","robots":{"index":"index","follow":"follow","max-snippet":"max-snippet:-1","max-image-preview":"max-image-preview:large","max-video-preview":"max-video-preview:-1"},"canonical":"https:\/\/www.welovecycling.com\/cs\/2023\/07\/25\/anna-slancova-bojujici-o-navrat-do-sedla-je-patronkou-hvezdneho-tymu\/","og_locale":"cs_CZ","og_type":"article","og_title":"Anna Slancov\u00e1 bojuj\u00edc\u00ed o n\u00e1vrat do sedla je patronkou hv\u011bzdn\u00e9ho t\u00fdmu","og_description":"Bojuje o n\u00e1vrat do sedla. Anna Slancov\u00e1 minul\u00fd rok p\u0159i z\u00e1vod\u011b sv\u011btov\u00e9 fourcrossov\u00e9 s\u00e9rie v italsk\u00e9m Val di Sole utrp\u011bla t\u011b\u017ek\u00fd p\u00e1d, z n\u011bho\u017e bohu\u017eel neode\u0161la po sv\u00fdch. Je upout\u00e1na na invalidn\u00ed voz\u00edk a podstupuje rehabilita\u010dn\u00ed proces. Bojovnice z\u00a0Liberce je patronkou t\u00fdmu We Love Cycling pro nadch\u00e1zej\u00edc\u00ed 11. ro\u010dn\u00edk Cyklo Handy maratonu.","og_url":"https:\/\/www.welovecycling.com\/cs\/2023\/07\/25\/anna-slancova-bojujici-o-navrat-do-sedla-je-patronkou-hvezdneho-tymu\/","og_site_name":"\u0160koda We Love Cycling - \u010cesk\u00e1 republika","article_published_time":"2023-07-25T04:00:30+00:00","og_image":[{"width":1381,"height":921,"url":"https:\/\/d2p6e6u75xmxt8.cloudfront.net\/13\/2020\/08\/WLC-A-Handy-6-DSC01610.webp","type":"image\/webp"}],"author":"radekmalina","twitter_card":"summary_large_image","twitter_misc":{"Written by":"Marek Novotn\u00fd","Est. reading time":"5"},"schema":{"@context":"https:\/\/schema.org","@graph":[{"@type":"WebPage","@id":"https:\/\/www.welovecycling.com\/cs\/2023\/07\/25\/anna-slancova-bojujici-o-navrat-do-sedla-je-patronkou-hvezdneho-tymu\/","url":"https:\/\/www.welovecycling.com\/cs\/2023\/07\/25\/anna-slancova-bojujici-o-navrat-do-sedla-je-patronkou-hvezdneho-tymu\/","name":"Anna Slancov\u00e1 bojuj\u00edc\u00ed o n\u00e1vrat do sedla je patronkou hv\u011bzdn\u00e9ho t\u00fdmu | \u0160koda We Love Cycling - \u010cesk\u00e1 republika","isPartOf":{"@id":"https:\/\/www.welovecycling.com\/cs\/#website"},"primaryImageOfPage":{"@id":"https:\/\/www.welovecycling.com\/cs\/2023\/07\/25\/anna-slancova-bojujici-o-navrat-do-sedla-je-patronkou-hvezdneho-tymu\/#primaryimage"},"image":{"@id":"https:\/\/www.welovecycling.com\/cs\/2023\/07\/25\/anna-slancova-bojujici-o-navrat-do-sedla-je-patronkou-hvezdneho-tymu\/#primaryimage"},"thumbnailUrl":"https:\/\/d2p6e6u75xmxt8.cloudfront.net\/13\/2020\/08\/WLC-A-Handy-6-DSC01610.webp","datePublished":"2023-07-25T04:00:30+00:00","author":{"@id":"https:\/\/www.welovecycling.com\/cs\/#\/schema\/person\/d9eeb0a378f3a7e4a6d12d2b536b04b8"},"description":"Bojuje o n\u00e1vrat do sedla. Anna Slancov\u00e1 minul\u00fd rok p\u0159i z\u00e1vod\u011b sv\u011btov\u00e9 fourcrossov\u00e9 s\u00e9rie v italsk\u00e9m Val di Sole utrp\u011bla t\u011b\u017ek\u00fd p\u00e1d, z n\u011bho\u017e bohu\u017eel neode\u0161la po sv\u00fdch. Je upout\u00e1na na invalidn\u00ed voz\u00edk a podstupuje rehabilita\u010dn\u00ed proces. Bojovnice z\u00a0Liberce je patronkou t\u00fdmu We Love Cycling pro nadch\u00e1zej\u00edc\u00ed 11. ro\u010dn\u00edk Cyklo Handy maratonu.","inLanguage":"cs","potentialAction":[{"@type":"ReadAction","target":["https:\/\/www.welovecycling.com\/cs\/2023\/07\/25\/anna-slancova-bojujici-o-navrat-do-sedla-je-patronkou-hvezdneho-tymu\/"]}]},{"@type":"ImageObject","inLanguage":"cs","@id":"https:\/\/www.welovecycling.com\/cs\/2023\/07\/25\/anna-slancova-bojujici-o-navrat-do-sedla-je-patronkou-hvezdneho-tymu\/#primaryimage","url":"https:\/\/d2p6e6u75xmxt8.cloudfront.net\/13\/2020\/08\/WLC-A-Handy-6-DSC01610.webp","contentUrl":"https:\/\/d2p6e6u75xmxt8.cloudfront.net\/13\/2020\/08\/WLC-A-Handy-6-DSC01610.webp","width":1381,"height":921,"caption":"T\u00fdm We Love Cycling v z\u00e1v\u011bre\u010dn\u00fdch kilometrech 8. ro\u010dn\u00edku Metrostav Handy Cyklomaratonu."},{"@type":"WebSite","@id":"https:\/\/www.welovecycling.com\/cs\/#website","url":"https:\/\/www.welovecycling.com\/cs\/","name":"\u0160koda We Love Cycling - \u010cesk\u00e1 republika","description":"WeLoveCycling.cz je online magaz\u00edn, kter\u00fd v\u00e1m pravideln\u011b p\u0159in\u00e1\u0161\u00ed rady a tipy, zaj\u00edmav\u00e9 \u010dl\u00e1nky, videa a jedine\u010dn\u00e9 report\u00e1\u017ee ze sv\u011bta cyklistiky.","potentialAction":[{"@type":"SearchAction","target":{"@type":"EntryPoint","urlTemplate":"https:\/\/www.welovecycling.com\/cs\/?s={search_term_string}"},"query-input":{"@type":"PropertyValueSpecification","valueRequired":true,"valueName":"search_term_string"}}],"inLanguage":"cs"},{"@type":"Person","@id":"https:\/\/www.welovecycling.com\/cs\/#\/schema\/person\/d9eeb0a378f3a7e4a6d12d2b536b04b8","name":"radekmalina","image":{"@type":"ImageObject","inLanguage":"cs","@id":"https:\/\/www.welovecycling.com\/cs\/#\/schema\/person\/image\/","url":"https:\/\/secure.gravatar.com\/avatar\/66994b632cb8c39a46b9f54afa3ae07201b678d32a54275b6f1c9ffec356bfc0?s=96&d=mm&r=g","contentUrl":"https:\/\/secure.gravatar.com\/avatar\/66994b632cb8c39a46b9f54afa3ae07201b678d32a54275b6f1c9ffec356bfc0?s=96&d=mm&r=g","caption":"radekmalina"},"url":"https:\/\/www.welovecycling.com\/cs\/author\/radekmalina\/"}]}},"_links":{"self":[{"href":"https:\/\/www.welovecycling.com\/cs\/wp-json\/wp\/v2\/posts\/23193","targetHints":{"allow":["GET"]}}],"collection":[{"href":"https:\/\/www.welovecycling.com\/cs\/wp-json\/wp\/v2\/posts"}],"about":[{"href":"https:\/\/www.welovecycling.com\/cs\/wp-json\/wp\/v2\/types\/post"}],"author":[{"embeddable":true,"href":"https:\/\/www.welovecycling.com\/cs\/wp-json\/wp\/v2\/users\/138"}],"replies":[{"embeddable":true,"href":"https:\/\/www.welovecycling.com\/cs\/wp-json\/wp\/v2\/comments?post=23193"}],"version-history":[{"count":1,"href":"https:\/\/www.welovecycling.com\/cs\/wp-json\/wp\/v2\/posts\/23193\/revisions"}],"predecessor-version":[{"id":23194,"href":"https:\/\/www.welovecycling.com\/cs\/wp-json\/wp\/v2\/posts\/23193\/revisions\/23194"}],"wp:featuredmedia":[{"embeddable":true,"href":"https:\/\/www.welovecycling.com\/cs\/wp-json\/wp\/v2\/media\/9066"}],"wp:attachment":[{"href":"https:\/\/www.welovecycling.com\/cs\/wp-json\/wp\/v2\/media?parent=23193"}],"wp:term":[{"taxonomy":"category","embeddable":true,"href":"https:\/\/www.welovecycling.com\/cs\/wp-json\/wp\/v2\/categories?post=23193"},{"taxonomy":"post_tag","embeddable":true,"href":"https:\/\/www.welovecycling.com\/cs\/wp-json\/wp\/v2\/tags?post=23193"},{"taxonomy":"global-categories","embeddable":true,"href":"https:\/\/www.welovecycling.com\/cs\/wp-json\/wp\/v2\/global-categories?post=23193"}],"curies":[{"name":"wp","href":"https:\/\/api.w.org\/{rel}","templated":true}]}}