{"id":23150,"date":"2023-07-19T19:17:33","date_gmt":"2023-07-19T17:17:33","guid":{"rendered":"https:\/\/www.welovecycling.com\/cs\/?p=23150"},"modified":"2023-07-19T21:12:34","modified_gmt":"2023-07-19T19:12:34","slug":"tadej-pogacar-a-jeho-totalni-utrpeni-jonas-vingegaard-ma-na-dosah-triumf-s-nejvetsim-naskokem","status":"publish","type":"post","link":"https:\/\/www.welovecycling.com\/cs\/2023\/07\/19\/tadej-pogacar-a-jeho-totalni-utrpeni-jonas-vingegaard-ma-na-dosah-triumf-s-nejvetsim-naskokem\/","title":{"rendered":"Tadej Poga\u010dar a jeho tot\u00e1ln\u00ed utrpen\u00ed! Jonas Vingegaard m\u00e1 na dosah triumf s\u00a0nejv\u011bt\u0161\u00edm n\u00e1skokem"},"content":{"rendered":"<p><strong>Jonas Vingegaard, d\u00e1nsk\u00fd obh\u00e1jce titulu z Grande Boucle, rozmetal b\u011bhem dvou dn\u016f v\u0161echny dohady, kdo je p\u00e1nem pelotonu. Dva t\u00fddny trvaj\u00edc\u00ed spekulace o nejt\u011bsn\u011bj\u0161\u00ed Tour de France v historii jsou minulost\u00ed. Z\u00e1vodn\u00edk Jumbo Visma velmi pravd\u011bpodobn\u011b vyhraje nejslavn\u011bj\u0161\u00ed etapov\u00fd z\u00e1vod planety nejv\u011bt\u0161\u00edm rozd\u00edlem v jednadvac\u00e1t\u00e9m stolet\u00ed.<\/strong><\/p>\n<p>\u201eUka\u017e, kdo je nejsiln\u011bj\u0161\u00ed cyklista sv\u011bta,\u201c sly\u0161el ve vys\u00edla\u010dce od sportovn\u00edho \u0159editele Jonas Vingegaard p\u0159i ohromuj\u00edc\u00edm v\u00edt\u011bzstv\u00ed v\u00a0\u00fatern\u00ed \u010dasovce. Dvojn\u00e1sobn\u00fd \u0161ampion Tour de France Tadej Poga\u010dar tehdy zaostal o minutu a osmat\u0159icet vte\u0159in. Du\u0161oval se, \u017ee hned v\u00a0kr\u00e1lovsk\u00e9 etap\u011b zkus\u00ed z\u00e1vod zvr\u00e1tit na svoji stranu.<\/p>\n<h2><strong>Tadej Poga\u010dar se zlomil jako nikdy v minulosti<\/strong><\/h2>\n<p>Porce 5399 v\u00fd\u0161kov\u00fdch metr\u016f m\u011bla b\u00fdt skv\u011blou kulisou pro vr\u00e1cen\u00ed drtiv\u00e9ho \u00faderu. Jen\u017ee Slovinec pro\u017eil tot\u00e1ln\u00ed utrpen\u00ed. Peloton zdolal dv\u011b vrcha\u0159sk\u00e9 pr\u00e9mie prvn\u00ed kategorie, p\u0159ehoupl se p\u0159es vrchol druh\u00e9 kategorie a m\u00ed\u0159il na Col de la Loze. Pekeln\u00fd v\u00fdstup dlouh\u00fd osmadvacet kilometr\u016f se stal Poga\u010darovi osudn\u00fdm.<\/p>\n<p>Nikdy nevid\u011bli fanou\u0161ci cyklistiky \u010dty\u0159iadvacetilet\u00e9ho z\u00e1vodn\u00edka formace UAE Emirates tak ztr\u00e1pen\u00e9ho, zni\u010den\u00e9ho a zdeptan\u00e9ho bez nad\u011bje na reakci. Tempo domestik\u016f Jonase Vingegaarda se uk\u00e1zalo b\u00fdt pro Slovince vra\u017eedn\u00fdm.<\/p>\n<p>\u201eNejhor\u0161\u00ed den m\u00e9ho \u017eivota v sedle kola,\u201c hlesl zni\u010den\u00fd Slovinec, kdy\u017e jindy o\u010di pln\u00e9 odhodl\u00e1n\u00ed nab\u00edzely jen pr\u00e1zdnotu.<\/p>\n<figure id=\"attachment_23148\" aria-describedby=\"caption-attachment-23148\" style=\"width: 1800px\" class=\"wp-caption alignnone\"><a href=\"https:\/\/d2p6e6u75xmxt8.cloudfront.net\/13\/2023\/07\/profimedia-0790308290.webp\"><img loading=\"lazy\" decoding=\"async\" class=\"size-full wp-image-23148\" src=\"https:\/\/d2p6e6u75xmxt8.cloudfront.net\/13\/2023\/07\/profimedia-0790308290.webp\" alt=\"Tadej Poga\u010dar se do c\u00edle dostal s obrovskou pomoc\u00ed t\u00fdmov\u00e9ho kolegy Marca Solera. Foto: profimedia (3x)\" width=\"1800\" height=\"1200\" srcset=\"https:\/\/d2p6e6u75xmxt8.cloudfront.net\/13\/2023\/07\/profimedia-0790308290.webp 1800w, https:\/\/d2p6e6u75xmxt8.cloudfront.net\/13\/2023\/07\/profimedia-0790308290-300x200.webp 300w, https:\/\/d2p6e6u75xmxt8.cloudfront.net\/13\/2023\/07\/profimedia-0790308290-1024x683.webp 1024w, https:\/\/d2p6e6u75xmxt8.cloudfront.net\/13\/2023\/07\/profimedia-0790308290-768x512.webp 768w, https:\/\/d2p6e6u75xmxt8.cloudfront.net\/13\/2023\/07\/profimedia-0790308290-1536x1024.webp 1536w, https:\/\/d2p6e6u75xmxt8.cloudfront.net\/13\/2023\/07\/profimedia-0790308290-400x267.webp 400w, https:\/\/d2p6e6u75xmxt8.cloudfront.net\/13\/2023\/07\/profimedia-0790308290-272x182.webp 272w\" sizes=\"auto, (max-width: 1800px) 100vw, 1800px\" \/><\/a><figcaption id=\"caption-attachment-23148\" class=\"wp-caption-text\"><em>Tadej Poga\u010dar se do c\u00edle dostal s obrovskou pomoc\u00ed t\u00fdmov\u00e9ho kolegy Marca Solera. Foto: profimedia (3x)<\/em><\/figcaption><\/figure>\n<p>Dokonce samotn\u00e9 Jumbo-Visma vypadalo na p\u00e1r okam\u017eik\u016f zasko\u010den\u00e9 faktem, \u017ee se \u0161ampion z let 2020 a 2021 zlomil. Jonas Vingegaard, kritizovan\u00fd odborn\u00edky za pasivitu a fanou\u0161ky za p\u0159\u00edli\u0161nou uzav\u0159enost, si mohl od\u0161krtnou spln\u011bn\u00ed mise.<\/p>\n<div class=\"shortcode-ys-post-pinup\"><article class=\"loop-simple post-22756 post type-post status-publish format-standard has-post-thumbnail hentry category-silnicni-cyklistika tag-cyklistika tag-silnicni-cyklistika tag-tadej-pogacar tag-tour-de-france-2023 tag-trenink tag-zdravi-a-trenink tag-zlomenina-ruky tag-zraneni global-categories-cycling\" data-postid=\"22756\" role=\"article\" data-post-id=\"22756\" data-word-count=\"607\" data-headline-length=\"84\" data-category=\"Silni\u010dn\u00ed cyklistika\" data-global-category=\"Cycling\" data-author=\"We Love Cycling\" data-published=\"2023-06-23T15:00:10+02:00\" data-published-day=\"Friday\">\n    <div class=\"entry-thumbnail article-thumbnail\" content=\"https:\/\/d2p6e6u75xmxt8.cloudfront.net\/13\/2023\/06\/profimedia-0784575475-150x150.webp\"><a href=\"https:\/\/www.welovecycling.com\/cs\/2023\/06\/23\/tadej-pogacar-a-jeho-boj-s-casem-choval-jsem-se-jako-blbec-a-neposlouchal-doktory\/\" class=\"image-holder\" target=\"_self\"><img decoding=\"async\" loading=\"lazy\" class=\"\" src=\"https:\/\/d2p6e6u75xmxt8.cloudfront.net\/13\/2023\/06\/profimedia-0784575475-1024x683.webp\" srcset=\"https:\/\/d2p6e6u75xmxt8.cloudfront.net\/13\/2023\/06\/profimedia-0784575475.webp 1800w, https:\/\/d2p6e6u75xmxt8.cloudfront.net\/13\/2023\/06\/profimedia-0784575475-300x200.webp 300w, https:\/\/d2p6e6u75xmxt8.cloudfront.net\/13\/2023\/06\/profimedia-0784575475-1024x683.webp 1024w, https:\/\/d2p6e6u75xmxt8.cloudfront.net\/13\/2023\/06\/profimedia-0784575475-768x512.webp 768w, https:\/\/d2p6e6u75xmxt8.cloudfront.net\/13\/2023\/06\/profimedia-0784575475-1536x1025.webp 1536w, https:\/\/d2p6e6u75xmxt8.cloudfront.net\/13\/2023\/06\/profimedia-0784575475-400x267.webp 400w, https:\/\/d2p6e6u75xmxt8.cloudfront.net\/13\/2023\/06\/profimedia-0784575475-272x182.webp 272w\" width=\"1024\" height=\"683\" sizes=\"auto, (min-width: 1200px) 300px, (min-width: 768px) 25vw, 100vw\" alt=\"tadej-pogacar-a-jeho-boj-s-casem-choval-jsem-se-jako-blbec-a-neposlouchal-doktory\"\/><\/a><\/div>    <div class=\"entry-meta\">\n        <a class=\"label label-secondary post-category\" href=\"https:\/\/www.welovecycling.com\/cs\/category\/silnicni-cyklistika\/\" title=\"Silni\u010dn\u00ed cyklistika\">Silni\u010dn\u00ed cyklistika<\/a>\n    <\/div>\n    <div class=\"entry-details\">\n        <a href=\"https:\/\/www.welovecycling.com\/cs\/2023\/06\/23\/tadej-pogacar-a-jeho-boj-s-casem-choval-jsem-se-jako-blbec-a-neposlouchal-doktory\/\" class='entry-title-wrapper'>\n            <h3 class=\"entry-title\"><span>Tadej Poga\u010dar a jeho boj s \u010dasem: Choval jsem se jako blbec a neposlouchal doktory<\/span><\/h3>\n        <\/a>\n    <\/div>\n    <\/article>\n<\/div>\n<p>Dva t\u00fddny se p\u0159itom \u0159e\u0161ilo, \u017ee souboj dvojice Tadej Poga\u010dar-Jonas Vingegaard bude nejt\u011bsn\u011bj\u0161\u00edm v\u00a0historii. Rekord dr\u017e\u00ed Ameri\u010dan Greg LeMond, kter\u00fd v\u00a0roce 1989 porazil dom\u00e1c\u00edho Laurenta Fignona o 8 sekund. Des\u00edtku nejt\u011bsn\u011bj\u0161\u00edch v\u00fdher pak uzav\u00edr\u00e1 Tadej Poga\u010dar, jen\u017e v\u00a0roce 2020 p\u0159i premi\u00e9rov\u00e9 v\u00fdh\u0159e na Grande Boucle p\u0159ed\u010dil krajana Primo\u017ee Rogli\u010de o 59 sekund!<\/p>\n<h2><strong>Jonas Vingegaard mo\u017en\u00e1 zajede nejrychlej\u0161\u00ed Tour de France<\/strong><\/h2>\n<p>Dva dny t\u0159et\u00edho z\u00e1vodn\u00edho bloku Tour de France 2023 ur\u010dily, \u017ee o nejt\u011bsn\u011bj\u0161\u00ed v\u00fdsledek zde skute\u010dn\u011b nep\u016fjde. Slovinec toti\u017e projel c\u00edlem sedmn\u00e1ct\u00e9 etapy s\u00a0mankem v\u011bt\u0161\u00edm ne\u017e p\u011bt minut a na druh\u00e9 p\u0159\u00ed\u010dce ztr\u00e1c\u00ed 7 minut 35 sekund.<\/p>\n<p>Jak\u00fd byl podle statistik historicky nejvy\u0161\u0161\u00ed n\u00e1skok v\u00edt\u011bze Tour de France? V jednadvac\u00e1t\u00e9m stolet\u00ed ovl\u00e1dl Tour de France nejv\u011bt\u0161\u00edm rozd\u00edlem Vincenzo Nibali z t\u00fdmu Astana. Druh\u00fd Francouz Jean Christophe Peraud zaostal v roce 2014 o 7 minut a 37 sekund. Tud\u00ed\u017e pokud Jonas Vingegaard dok\u00e1\u017ee nav\u00fd\u0161it n\u00e1skok o t\u0159i vte\u0159iny, uzme si pozici jedni\u010dky v t\u00e9to statistice.<\/p>\n<figure id=\"attachment_23147\" aria-describedby=\"caption-attachment-23147\" style=\"width: 1800px\" class=\"wp-caption alignnone\"><a href=\"https:\/\/d2p6e6u75xmxt8.cloudfront.net\/13\/2023\/07\/profimedia-0790308631.webp\"><img loading=\"lazy\" decoding=\"async\" class=\"size-full wp-image-23147\" src=\"https:\/\/d2p6e6u75xmxt8.cloudfront.net\/13\/2023\/07\/profimedia-0790308631.webp\" alt=\"Jonas Vingegaard se raduje v c\u00edli kr\u00e1lovsk\u00e9 etapy z nav\u00fd\u0161en\u00ed n\u00e1skoku.\" width=\"1800\" height=\"1200\" srcset=\"https:\/\/d2p6e6u75xmxt8.cloudfront.net\/13\/2023\/07\/profimedia-0790308631.webp 1800w, https:\/\/d2p6e6u75xmxt8.cloudfront.net\/13\/2023\/07\/profimedia-0790308631-300x200.webp 300w, https:\/\/d2p6e6u75xmxt8.cloudfront.net\/13\/2023\/07\/profimedia-0790308631-1024x683.webp 1024w, https:\/\/d2p6e6u75xmxt8.cloudfront.net\/13\/2023\/07\/profimedia-0790308631-768x512.webp 768w, https:\/\/d2p6e6u75xmxt8.cloudfront.net\/13\/2023\/07\/profimedia-0790308631-1536x1024.webp 1536w, https:\/\/d2p6e6u75xmxt8.cloudfront.net\/13\/2023\/07\/profimedia-0790308631-400x267.webp 400w, https:\/\/d2p6e6u75xmxt8.cloudfront.net\/13\/2023\/07\/profimedia-0790308631-272x182.webp 272w\" sizes=\"auto, (max-width: 1800px) 100vw, 1800px\" \/><\/a><figcaption id=\"caption-attachment-23147\" class=\"wp-caption-text\"><em>Jonas Vingegaard se raduje v c\u00edli kr\u00e1lovsk\u00e9 etapy Tour de France 2023 z nav\u00fd\u0161en\u00ed n\u00e1skoku.<\/em><\/figcaption><\/figure>\n<p>V pov\u00e1le\u010dn\u00e9 historii byl pomysln\u00fdm vl\u00e1dcem Ital Fausto Coppi, kter\u00fd v roce 1952 vyhr\u00e1l Tour de France o 28 minut a 17 sekund p\u0159ed Stanem Ockersem z Belgie. Absolutn\u00edm \u201ekr\u00e1lem\u201c je pak Maurice Garin, v\u00edt\u011bz premi\u00e9rov\u00e9ho ro\u010dn\u00edku 1903, kter\u00fd m\u011bl v c\u00edli n\u00e1skok 2 hodiny 59 minut a 21 sekund. Ov\u0161em tehdy cyklist\u00e9 startovali do etap v intervalech a nejezdilo se v pelotonu, tak jako dnes.<\/p>\n<div class=\"shortcode-ys-post-pinup\"><article class=\"loop-simple post-23111 post type-post status-publish format-standard has-post-thumbnail hentry category-tour-de-france tag-cyklistika tag-kolik-stoji-kolo tag-nejdrazsi-kolo tag-silnicni-cyklistika tag-tour-de-france tag-tour-de-france-2023 global-categories-cycling\" data-postid=\"23111\" role=\"article\" data-post-id=\"23111\" data-word-count=\"526\" data-headline-length=\"80\" data-category=\"Tour de France\" data-global-category=\"Cycling\" data-author=\"We Love Cycling\" data-published=\"2023-07-17T06:00:43+02:00\" data-published-day=\"Monday\">\n    <div class=\"entry-thumbnail article-thumbnail\" content=\"https:\/\/d2p6e6u75xmxt8.cloudfront.net\/13\/2023\/07\/kola-Vingegaard-Philipsen-150x150.webp\"><a href=\"https:\/\/www.welovecycling.com\/cs\/2023\/07\/17\/kdo-jezdi-na-stroji-za-milion-kolik-stoji-kolo-cyklisty-na-tour-de-france\/\" class=\"image-holder\" target=\"_self\"><img decoding=\"async\" loading=\"lazy\" class=\"\" src=\"https:\/\/d2p6e6u75xmxt8.cloudfront.net\/13\/2023\/07\/kola-Vingegaard-Philipsen-1024x682.webp\" srcset=\"https:\/\/d2p6e6u75xmxt8.cloudfront.net\/13\/2023\/07\/kola-Vingegaard-Philipsen.webp 2048w, https:\/\/d2p6e6u75xmxt8.cloudfront.net\/13\/2023\/07\/kola-Vingegaard-Philipsen-300x200.webp 300w, https:\/\/d2p6e6u75xmxt8.cloudfront.net\/13\/2023\/07\/kola-Vingegaard-Philipsen-1024x682.webp 1024w, https:\/\/d2p6e6u75xmxt8.cloudfront.net\/13\/2023\/07\/kola-Vingegaard-Philipsen-768x512.webp 768w, https:\/\/d2p6e6u75xmxt8.cloudfront.net\/13\/2023\/07\/kola-Vingegaard-Philipsen-1536x1023.webp 1536w, https:\/\/d2p6e6u75xmxt8.cloudfront.net\/13\/2023\/07\/kola-Vingegaard-Philipsen-1920x1279.webp 1920w, https:\/\/d2p6e6u75xmxt8.cloudfront.net\/13\/2023\/07\/kola-Vingegaard-Philipsen-400x266.webp 400w, https:\/\/d2p6e6u75xmxt8.cloudfront.net\/13\/2023\/07\/kola-Vingegaard-Philipsen-272x182.webp 272w, https:\/\/d2p6e6u75xmxt8.cloudfront.net\/13\/2023\/07\/kola-Vingegaard-Philipsen-1920x1279.webp 1920w\" width=\"1024\" height=\"682\" sizes=\"auto, (min-width: 1200px) 300px, (min-width: 768px) 25vw, 100vw\" alt=\"kdo-jezdi-na-stroji-za-milion-kolik-stoji-kolo-cyklisty-na-tour-de-france\"\/><\/a><\/div>    <div class=\"entry-meta\">\n        <a class=\"label label-secondary post-category\" href=\"https:\/\/www.welovecycling.com\/cs\/category\/tour-de-france\/\" title=\"Tour de France\">Tour de France<\/a>\n    <\/div>\n    <div class=\"entry-details\">\n        <a href=\"https:\/\/www.welovecycling.com\/cs\/2023\/07\/17\/kdo-jezdi-na-stroji-za-milion-kolik-stoji-kolo-cyklisty-na-tour-de-france\/\" class='entry-title-wrapper'>\n            <h3 class=\"entry-title\"><span>Kdo jezd\u00ed na stroji za milion? Kolik stoj\u00ed pr\u016fm\u011brn\u00e9 kolo na Tour de France?<\/span><\/h3>\n        <\/a>\n    <\/div>\n    <\/article>\n<\/div>\n<p>Ka\u017edop\u00e1dn\u011b Jonas Vingegaard bude atakovat i vlastn\u00ed rekord nejvy\u0161\u0161\u00ed pr\u016fm\u011brn\u00e9 rychlosti v\u00a0historii Tour de France. V\u00a0roce 2022 ujel 3349,8 kilometr\u016f za 79 hodin 33 minut 20 sekund, \u010d\u00edm\u017e dos\u00e1hl pr\u016fm\u011brn\u00e9 rychlosti 42,102 kilometr\u016f v\u00a0hodin\u011b. Letos zat\u00edm v\u00a0\u017e\u00e1dn\u00e9 z\u00a0etap pr\u016fm\u011br v\u00edt\u011bze neklesl pod \u010dty\u0159icet kilometr\u016f!<\/p>\n","protected":false},"excerpt":{"rendered":"<p>Jonas Vingegaard, d\u00e1nsk\u00fd obh\u00e1jce titulu z Grande Boucle, rozmetal b\u011bhem dvou dn\u016f v\u0161echny dohady, kdo je p\u00e1nem pelotonu. Dva t\u00fddny [&hellip;]<\/p>\n","protected":false},"author":138,"featured_media":23149,"comment_status":"open","ping_status":"open","sticky":false,"template":"","format":"standard","meta":{"footnotes":""},"categories":[1711],"tags":[126,1601,1754,3131,9,502,2647],"global-categories":[411],"class_list":["post-23150","post","type-post","status-publish","format-standard","has-post-thumbnail","hentry","category-tour-de-france","tag-cyklistika","tag-jonas-vingegaard","tag-kralovska-etapa","tag-rekord","tag-silnicni-cyklistika","tag-tadej-pogacar","tag-tour-de-france-2023","global-categories-cycling"],"yoast_head":"<!-- This site is optimized with the Yoast SEO Premium plugin v25.3 (Yoast SEO v25.9) - https:\/\/yoast.com\/wordpress\/plugins\/seo\/ -->\n<title>Tadej Poga\u010dar a jeho tot\u00e1ln\u00ed utrpen\u00ed! Jonas Vingegaard m\u00e1 na dosah triumf s\u00a0nejv\u011bt\u0161\u00edm n\u00e1skokem | \u0160koda We Love Cycling - \u010cesk\u00e1 republika<\/title>\n<meta name=\"description\" content=\"Jonas Vingegaard, d\u00e1nsk\u00fd obh\u00e1jce titulu z Grande Boucle, rozmetal b\u011bhem dvou dn\u016f v\u0161echny dohady, kdo je p\u00e1nem pelotonu. Dva t\u00fddny trvaj\u00edc\u00ed dohady o nejt\u011bsn\u011bj\u0161\u00ed Tour de France v historii jsou minulost\u00ed. Z\u00e1vodn\u00edk Jumbo Visma velmi pravd\u011bpodobn\u011b vyhraje nejv\u011bt\u0161\u00ed etapov\u00fd z\u00e1vod planety nejv\u011bt\u0161\u00edm rozd\u00edlem v jednadvac\u00e1t\u00e9m stolet\u00ed.\" \/>\n<meta name=\"robots\" content=\"index, follow, max-snippet:-1, max-image-preview:large, max-video-preview:-1\" \/>\n<link rel=\"canonical\" href=\"https:\/\/www.welovecycling.com\/cs\/2023\/07\/19\/tadej-pogacar-a-jeho-totalni-utrpeni-jonas-vingegaard-ma-na-dosah-triumf-s-nejvetsim-naskokem\/\" \/>\n<meta property=\"og:locale\" content=\"cs_CZ\" \/>\n<meta property=\"og:type\" content=\"article\" \/>\n<meta property=\"og:title\" content=\"Tadej Poga\u010dar a jeho tot\u00e1ln\u00ed utrpen\u00ed! Jonas Vingegaard m\u00e1 na dosah triumf s\u00a0nejv\u011bt\u0161\u00edm n\u00e1skokem\" \/>\n<meta property=\"og:description\" content=\"Jonas Vingegaard, d\u00e1nsk\u00fd obh\u00e1jce titulu z Grande Boucle, rozmetal b\u011bhem dvou dn\u016f v\u0161echny dohady, kdo je p\u00e1nem pelotonu. Dva t\u00fddny trvaj\u00edc\u00ed dohady o nejt\u011bsn\u011bj\u0161\u00ed Tour de France v historii jsou minulost\u00ed. Z\u00e1vodn\u00edk Jumbo Visma velmi pravd\u011bpodobn\u011b vyhraje nejv\u011bt\u0161\u00ed etapov\u00fd z\u00e1vod planety nejv\u011bt\u0161\u00edm rozd\u00edlem v jednadvac\u00e1t\u00e9m stolet\u00ed.\" \/>\n<meta property=\"og:url\" content=\"https:\/\/www.welovecycling.com\/cs\/2023\/07\/19\/tadej-pogacar-a-jeho-totalni-utrpeni-jonas-vingegaard-ma-na-dosah-triumf-s-nejvetsim-naskokem\/\" \/>\n<meta property=\"og:site_name\" content=\"\u0160koda We Love Cycling - \u010cesk\u00e1 republika\" \/>\n<meta property=\"article:published_time\" content=\"2023-07-19T17:17:33+00:00\" \/>\n<meta property=\"article:modified_time\" content=\"2023-07-19T19:12:34+00:00\" \/>\n<meta property=\"og:image\" content=\"https:\/\/d2p6e6u75xmxt8.cloudfront.net\/13\/2023\/07\/profimedia-0790306264.webp\" \/>\n\t<meta property=\"og:image:width\" content=\"1800\" \/>\n\t<meta property=\"og:image:height\" content=\"1200\" \/>\n\t<meta property=\"og:image:type\" content=\"image\/webp\" \/>\n<meta name=\"author\" content=\"radekmalina\" \/>\n<meta name=\"twitter:card\" content=\"summary_large_image\" \/>\n<meta name=\"twitter:label1\" content=\"Written by\" \/>\n\t<meta name=\"twitter:data1\" content=\"We Love Cycling\" \/>\n\t<meta name=\"twitter:label2\" content=\"Est. reading time\" \/>\n\t<meta name=\"twitter:data2\" content=\"6\" \/>\n<script type=\"application\/ld+json\" class=\"yoast-schema-graph\">{\"@context\":\"https:\/\/schema.org\",\"@graph\":[{\"@type\":\"WebPage\",\"@id\":\"https:\/\/www.welovecycling.com\/cs\/2023\/07\/19\/tadej-pogacar-a-jeho-totalni-utrpeni-jonas-vingegaard-ma-na-dosah-triumf-s-nejvetsim-naskokem\/\",\"url\":\"https:\/\/www.welovecycling.com\/cs\/2023\/07\/19\/tadej-pogacar-a-jeho-totalni-utrpeni-jonas-vingegaard-ma-na-dosah-triumf-s-nejvetsim-naskokem\/\",\"name\":\"Tadej Poga\u010dar a jeho tot\u00e1ln\u00ed utrpen\u00ed! Jonas Vingegaard m\u00e1 na dosah triumf s\u00a0nejv\u011bt\u0161\u00edm n\u00e1skokem | \u0160koda We Love Cycling - \u010cesk\u00e1 republika\",\"isPartOf\":{\"@id\":\"https:\/\/www.welovecycling.com\/cs\/#website\"},\"primaryImageOfPage\":{\"@id\":\"https:\/\/www.welovecycling.com\/cs\/2023\/07\/19\/tadej-pogacar-a-jeho-totalni-utrpeni-jonas-vingegaard-ma-na-dosah-triumf-s-nejvetsim-naskokem\/#primaryimage\"},\"image\":{\"@id\":\"https:\/\/www.welovecycling.com\/cs\/2023\/07\/19\/tadej-pogacar-a-jeho-totalni-utrpeni-jonas-vingegaard-ma-na-dosah-triumf-s-nejvetsim-naskokem\/#primaryimage\"},\"thumbnailUrl\":\"https:\/\/d2p6e6u75xmxt8.cloudfront.net\/13\/2023\/07\/profimedia-0790306264.webp\",\"datePublished\":\"2023-07-19T17:17:33+00:00\",\"dateModified\":\"2023-07-19T19:12:34+00:00\",\"author\":{\"@id\":\"https:\/\/www.welovecycling.com\/cs\/#\/schema\/person\/d9eeb0a378f3a7e4a6d12d2b536b04b8\"},\"description\":\"Jonas Vingegaard, d\u00e1nsk\u00fd obh\u00e1jce titulu z Grande Boucle, rozmetal b\u011bhem dvou dn\u016f v\u0161echny dohady, kdo je p\u00e1nem pelotonu. Dva t\u00fddny trvaj\u00edc\u00ed dohady o nejt\u011bsn\u011bj\u0161\u00ed Tour de France v historii jsou minulost\u00ed. Z\u00e1vodn\u00edk Jumbo Visma velmi pravd\u011bpodobn\u011b vyhraje nejv\u011bt\u0161\u00ed etapov\u00fd z\u00e1vod planety nejv\u011bt\u0161\u00edm rozd\u00edlem v jednadvac\u00e1t\u00e9m stolet\u00ed.\",\"inLanguage\":\"cs\",\"potentialAction\":[{\"@type\":\"ReadAction\",\"target\":[\"https:\/\/www.welovecycling.com\/cs\/2023\/07\/19\/tadej-pogacar-a-jeho-totalni-utrpeni-jonas-vingegaard-ma-na-dosah-triumf-s-nejvetsim-naskokem\/\"]}]},{\"@type\":\"ImageObject\",\"inLanguage\":\"cs\",\"@id\":\"https:\/\/www.welovecycling.com\/cs\/2023\/07\/19\/tadej-pogacar-a-jeho-totalni-utrpeni-jonas-vingegaard-ma-na-dosah-triumf-s-nejvetsim-naskokem\/#primaryimage\",\"url\":\"https:\/\/d2p6e6u75xmxt8.cloudfront.net\/13\/2023\/07\/profimedia-0790306264.webp\",\"contentUrl\":\"https:\/\/d2p6e6u75xmxt8.cloudfront.net\/13\/2023\/07\/profimedia-0790306264.webp\",\"width\":1800,\"height\":1200,\"caption\":\"Tadej Poga\u010dar\"},{\"@type\":\"WebSite\",\"@id\":\"https:\/\/www.welovecycling.com\/cs\/#website\",\"url\":\"https:\/\/www.welovecycling.com\/cs\/\",\"name\":\"\u0160koda We Love Cycling - \u010cesk\u00e1 republika\",\"description\":\"WeLoveCycling.cz je online magaz\u00edn, kter\u00fd v\u00e1m pravideln\u011b p\u0159in\u00e1\u0161\u00ed rady a tipy, zaj\u00edmav\u00e9 \u010dl\u00e1nky, videa a jedine\u010dn\u00e9 report\u00e1\u017ee ze sv\u011bta cyklistiky.\",\"potentialAction\":[{\"@type\":\"SearchAction\",\"target\":{\"@type\":\"EntryPoint\",\"urlTemplate\":\"https:\/\/www.welovecycling.com\/cs\/?s={search_term_string}\"},\"query-input\":{\"@type\":\"PropertyValueSpecification\",\"valueRequired\":true,\"valueName\":\"search_term_string\"}}],\"inLanguage\":\"cs\"},{\"@type\":\"Person\",\"@id\":\"https:\/\/www.welovecycling.com\/cs\/#\/schema\/person\/d9eeb0a378f3a7e4a6d12d2b536b04b8\",\"name\":\"radekmalina\",\"image\":{\"@type\":\"ImageObject\",\"inLanguage\":\"cs\",\"@id\":\"https:\/\/www.welovecycling.com\/cs\/#\/schema\/person\/image\/\",\"url\":\"https:\/\/secure.gravatar.com\/avatar\/66994b632cb8c39a46b9f54afa3ae07201b678d32a54275b6f1c9ffec356bfc0?s=96&d=mm&r=g\",\"contentUrl\":\"https:\/\/secure.gravatar.com\/avatar\/66994b632cb8c39a46b9f54afa3ae07201b678d32a54275b6f1c9ffec356bfc0?s=96&d=mm&r=g\",\"caption\":\"radekmalina\"},\"url\":\"https:\/\/www.welovecycling.com\/cs\/author\/radekmalina\/\"}]}<\/script>\n<!-- \/ Yoast SEO Premium plugin. -->","yoast_head_json":{"title":"Tadej Poga\u010dar a jeho tot\u00e1ln\u00ed utrpen\u00ed! Jonas Vingegaard m\u00e1 na dosah triumf s\u00a0nejv\u011bt\u0161\u00edm n\u00e1skokem | \u0160koda We Love Cycling - \u010cesk\u00e1 republika","description":"Jonas Vingegaard, d\u00e1nsk\u00fd obh\u00e1jce titulu z Grande Boucle, rozmetal b\u011bhem dvou dn\u016f v\u0161echny dohady, kdo je p\u00e1nem pelotonu. Dva t\u00fddny trvaj\u00edc\u00ed dohady o nejt\u011bsn\u011bj\u0161\u00ed Tour de France v historii jsou minulost\u00ed. Z\u00e1vodn\u00edk Jumbo Visma velmi pravd\u011bpodobn\u011b vyhraje nejv\u011bt\u0161\u00ed etapov\u00fd z\u00e1vod planety nejv\u011bt\u0161\u00edm rozd\u00edlem v jednadvac\u00e1t\u00e9m stolet\u00ed.","robots":{"index":"index","follow":"follow","max-snippet":"max-snippet:-1","max-image-preview":"max-image-preview:large","max-video-preview":"max-video-preview:-1"},"canonical":"https:\/\/www.welovecycling.com\/cs\/2023\/07\/19\/tadej-pogacar-a-jeho-totalni-utrpeni-jonas-vingegaard-ma-na-dosah-triumf-s-nejvetsim-naskokem\/","og_locale":"cs_CZ","og_type":"article","og_title":"Tadej Poga\u010dar a jeho tot\u00e1ln\u00ed utrpen\u00ed! Jonas Vingegaard m\u00e1 na dosah triumf s\u00a0nejv\u011bt\u0161\u00edm n\u00e1skokem","og_description":"Jonas Vingegaard, d\u00e1nsk\u00fd obh\u00e1jce titulu z Grande Boucle, rozmetal b\u011bhem dvou dn\u016f v\u0161echny dohady, kdo je p\u00e1nem pelotonu. Dva t\u00fddny trvaj\u00edc\u00ed dohady o nejt\u011bsn\u011bj\u0161\u00ed Tour de France v historii jsou minulost\u00ed. Z\u00e1vodn\u00edk Jumbo Visma velmi pravd\u011bpodobn\u011b vyhraje nejv\u011bt\u0161\u00ed etapov\u00fd z\u00e1vod planety nejv\u011bt\u0161\u00edm rozd\u00edlem v jednadvac\u00e1t\u00e9m stolet\u00ed.","og_url":"https:\/\/www.welovecycling.com\/cs\/2023\/07\/19\/tadej-pogacar-a-jeho-totalni-utrpeni-jonas-vingegaard-ma-na-dosah-triumf-s-nejvetsim-naskokem\/","og_site_name":"\u0160koda We Love Cycling - \u010cesk\u00e1 republika","article_published_time":"2023-07-19T17:17:33+00:00","article_modified_time":"2023-07-19T19:12:34+00:00","og_image":[{"width":1800,"height":1200,"url":"https:\/\/d2p6e6u75xmxt8.cloudfront.net\/13\/2023\/07\/profimedia-0790306264.webp","type":"image\/webp"}],"author":"radekmalina","twitter_card":"summary_large_image","twitter_misc":{"Written by":"We Love Cycling","Est. reading time":"6"},"schema":{"@context":"https:\/\/schema.org","@graph":[{"@type":"WebPage","@id":"https:\/\/www.welovecycling.com\/cs\/2023\/07\/19\/tadej-pogacar-a-jeho-totalni-utrpeni-jonas-vingegaard-ma-na-dosah-triumf-s-nejvetsim-naskokem\/","url":"https:\/\/www.welovecycling.com\/cs\/2023\/07\/19\/tadej-pogacar-a-jeho-totalni-utrpeni-jonas-vingegaard-ma-na-dosah-triumf-s-nejvetsim-naskokem\/","name":"Tadej Poga\u010dar a jeho tot\u00e1ln\u00ed utrpen\u00ed! Jonas Vingegaard m\u00e1 na dosah triumf s\u00a0nejv\u011bt\u0161\u00edm n\u00e1skokem | \u0160koda We Love Cycling - \u010cesk\u00e1 republika","isPartOf":{"@id":"https:\/\/www.welovecycling.com\/cs\/#website"},"primaryImageOfPage":{"@id":"https:\/\/www.welovecycling.com\/cs\/2023\/07\/19\/tadej-pogacar-a-jeho-totalni-utrpeni-jonas-vingegaard-ma-na-dosah-triumf-s-nejvetsim-naskokem\/#primaryimage"},"image":{"@id":"https:\/\/www.welovecycling.com\/cs\/2023\/07\/19\/tadej-pogacar-a-jeho-totalni-utrpeni-jonas-vingegaard-ma-na-dosah-triumf-s-nejvetsim-naskokem\/#primaryimage"},"thumbnailUrl":"https:\/\/d2p6e6u75xmxt8.cloudfront.net\/13\/2023\/07\/profimedia-0790306264.webp","datePublished":"2023-07-19T17:17:33+00:00","dateModified":"2023-07-19T19:12:34+00:00","author":{"@id":"https:\/\/www.welovecycling.com\/cs\/#\/schema\/person\/d9eeb0a378f3a7e4a6d12d2b536b04b8"},"description":"Jonas Vingegaard, d\u00e1nsk\u00fd obh\u00e1jce titulu z Grande Boucle, rozmetal b\u011bhem dvou dn\u016f v\u0161echny dohady, kdo je p\u00e1nem pelotonu. Dva t\u00fddny trvaj\u00edc\u00ed dohady o nejt\u011bsn\u011bj\u0161\u00ed Tour de France v historii jsou minulost\u00ed. Z\u00e1vodn\u00edk Jumbo Visma velmi pravd\u011bpodobn\u011b vyhraje nejv\u011bt\u0161\u00ed etapov\u00fd z\u00e1vod planety nejv\u011bt\u0161\u00edm rozd\u00edlem v jednadvac\u00e1t\u00e9m stolet\u00ed.","inLanguage":"cs","potentialAction":[{"@type":"ReadAction","target":["https:\/\/www.welovecycling.com\/cs\/2023\/07\/19\/tadej-pogacar-a-jeho-totalni-utrpeni-jonas-vingegaard-ma-na-dosah-triumf-s-nejvetsim-naskokem\/"]}]},{"@type":"ImageObject","inLanguage":"cs","@id":"https:\/\/www.welovecycling.com\/cs\/2023\/07\/19\/tadej-pogacar-a-jeho-totalni-utrpeni-jonas-vingegaard-ma-na-dosah-triumf-s-nejvetsim-naskokem\/#primaryimage","url":"https:\/\/d2p6e6u75xmxt8.cloudfront.net\/13\/2023\/07\/profimedia-0790306264.webp","contentUrl":"https:\/\/d2p6e6u75xmxt8.cloudfront.net\/13\/2023\/07\/profimedia-0790306264.webp","width":1800,"height":1200,"caption":"Tadej Poga\u010dar"},{"@type":"WebSite","@id":"https:\/\/www.welovecycling.com\/cs\/#website","url":"https:\/\/www.welovecycling.com\/cs\/","name":"\u0160koda We Love Cycling - \u010cesk\u00e1 republika","description":"WeLoveCycling.cz je online magaz\u00edn, kter\u00fd v\u00e1m pravideln\u011b p\u0159in\u00e1\u0161\u00ed rady a tipy, zaj\u00edmav\u00e9 \u010dl\u00e1nky, videa a jedine\u010dn\u00e9 report\u00e1\u017ee ze sv\u011bta cyklistiky.","potentialAction":[{"@type":"SearchAction","target":{"@type":"EntryPoint","urlTemplate":"https:\/\/www.welovecycling.com\/cs\/?s={search_term_string}"},"query-input":{"@type":"PropertyValueSpecification","valueRequired":true,"valueName":"search_term_string"}}],"inLanguage":"cs"},{"@type":"Person","@id":"https:\/\/www.welovecycling.com\/cs\/#\/schema\/person\/d9eeb0a378f3a7e4a6d12d2b536b04b8","name":"radekmalina","image":{"@type":"ImageObject","inLanguage":"cs","@id":"https:\/\/www.welovecycling.com\/cs\/#\/schema\/person\/image\/","url":"https:\/\/secure.gravatar.com\/avatar\/66994b632cb8c39a46b9f54afa3ae07201b678d32a54275b6f1c9ffec356bfc0?s=96&d=mm&r=g","contentUrl":"https:\/\/secure.gravatar.com\/avatar\/66994b632cb8c39a46b9f54afa3ae07201b678d32a54275b6f1c9ffec356bfc0?s=96&d=mm&r=g","caption":"radekmalina"},"url":"https:\/\/www.welovecycling.com\/cs\/author\/radekmalina\/"}]}},"_links":{"self":[{"href":"https:\/\/www.welovecycling.com\/cs\/wp-json\/wp\/v2\/posts\/23150","targetHints":{"allow":["GET"]}}],"collection":[{"href":"https:\/\/www.welovecycling.com\/cs\/wp-json\/wp\/v2\/posts"}],"about":[{"href":"https:\/\/www.welovecycling.com\/cs\/wp-json\/wp\/v2\/types\/post"}],"author":[{"embeddable":true,"href":"https:\/\/www.welovecycling.com\/cs\/wp-json\/wp\/v2\/users\/138"}],"replies":[{"embeddable":true,"href":"https:\/\/www.welovecycling.com\/cs\/wp-json\/wp\/v2\/comments?post=23150"}],"version-history":[{"count":3,"href":"https:\/\/www.welovecycling.com\/cs\/wp-json\/wp\/v2\/posts\/23150\/revisions"}],"predecessor-version":[{"id":23153,"href":"https:\/\/www.welovecycling.com\/cs\/wp-json\/wp\/v2\/posts\/23150\/revisions\/23153"}],"wp:featuredmedia":[{"embeddable":true,"href":"https:\/\/www.welovecycling.com\/cs\/wp-json\/wp\/v2\/media\/23149"}],"wp:attachment":[{"href":"https:\/\/www.welovecycling.com\/cs\/wp-json\/wp\/v2\/media?parent=23150"}],"wp:term":[{"taxonomy":"category","embeddable":true,"href":"https:\/\/www.welovecycling.com\/cs\/wp-json\/wp\/v2\/categories?post=23150"},{"taxonomy":"post_tag","embeddable":true,"href":"https:\/\/www.welovecycling.com\/cs\/wp-json\/wp\/v2\/tags?post=23150"},{"taxonomy":"global-categories","embeddable":true,"href":"https:\/\/www.welovecycling.com\/cs\/wp-json\/wp\/v2\/global-categories?post=23150"}],"curies":[{"name":"wp","href":"https:\/\/api.w.org\/{rel}","templated":true}]}}