{"id":23143,"date":"2023-07-19T14:11:33","date_gmt":"2023-07-19T12:11:33","guid":{"rendered":"https:\/\/www.welovecycling.com\/cs\/?p=23143"},"modified":"2023-07-19T14:13:33","modified_gmt":"2023-07-19T12:13:33","slug":"oslnil-v-casovce-pak-pri-krupobiti-v-horach","status":"publish","type":"post","link":"https:\/\/www.welovecycling.com\/cs\/2023\/07\/19\/oslnil-v-casovce-pak-pri-krupobiti-v-horach\/","title":{"rendered":"Oslnil v\u00a0\u010dasovce, pak p\u0159i krupobit\u00ed v\u00a0hor\u00e1ch"},"content":{"rendered":"<p><strong>\u010casovka jako kl\u00ed\u010dov\u00fd n\u00e1stroj \u00fasp\u011bchu na Tour de France, nejslavn\u011bj\u0161\u00edm z\u00e1vod\u011b planety? I \u010desk\u00e1 cyklistika m\u00e1 z boje proti chronometru ve v\u00fdsledkov\u00e9 listin\u011b Grande Boucle v\u00fdrazn\u00fd z\u00e1pis. Je star\u00fd u\u017e deset sezon. Tehdy se zaskv\u011bl v posledn\u00edm t\u00fddnu Jan B\u00e1rta, z\u00e1vodn\u00edk n\u011bmeck\u00e9 formace NettApp Endura.<\/strong><\/p>\n<p>Premi\u00e9rov\u00e9 nominace na Tour de France se B\u00e1rta od \u0161\u00e9f\u016f tehdej\u0161\u00edho n\u011bmeck\u00e9ho t\u00fdmu NetApp Endura do\u010dkal v\u00a0roce 2014, u\u017e o dva roky d\u0159\u00edve se v\u00a0jeho barv\u00e1ch bl\u00fdskl druh\u00fdm m\u00edstem ve 14. etap\u011b Gira. V\u00a0hor\u00e1ch a stylov\u011b cel\u00fd den v\u00a0\u00faniku.<\/p>\n<h2><strong>Cyklistika versus vysok\u00e1 \u0161kola?<\/strong><\/h2>\n<p>Je\u0161t\u011b v\u00a0roce 2007 p\u0159itom borec ze Sob\u016flek u jihomoravsk\u00e9ho Kyjova nev\u011bd\u011bl, zda cyklistiku nepov\u011bs\u00ed na h\u0159eb\u00edk. Chystal se na studium Masarykovy univerzity a dob\u0159e v\u011bd\u011bl, \u017ee sklouben\u00ed vrcholov\u00e9ho sportu a \u0161koly nep\u016fjde \u00fapln\u011b hladce. Nakonec se rozhodl zabojovat na obou front\u00e1ch. \u00dasp\u011b\u0161n\u011b. I za cenu toho, \u017ee na st\u00e1tnice \u0161prtal t\u0159eba b\u011bhem Crit\u00e9rium du Dauphin\u00e9.<\/p>\n<p>Ve slu\u017eb\u00e1ch NetAppu pak nahl\u00e9dl mezi cyklistickou elitu. Po \u00fasp\u011b\u0161n\u00e9 premi\u00e9\u0159e druhodivizn\u00edho t\u00fdmu mezi hv\u011bzdn\u00fdmi st\u00e1jemi na Giru se B\u00e1rta vypravil o rok pozd\u011bji i na Vueltu a hattrick na Grand Tour pak dostal \u0161anci zkompletovat v\u00a0roce 2014. \u201eJe to je\u0161t\u011b o n\u011bco v\u00edc ne\u017e Giro a Vuelta. Tour je prost\u011b Tour, ta je jen jedna. Je to n\u011bco speci\u00e1ln\u00edho, nejv\u011bt\u0161\u00ed z\u00e1vod na sv\u011bt\u011b,\u201c uculoval se b\u011bhem balen\u00ed na prvn\u00ed rande se Starou d\u00e1mou.<\/p>\n<figure id=\"attachment_17751\" aria-describedby=\"caption-attachment-17751\" style=\"width: 1800px\" class=\"wp-caption alignnone\"><a href=\"https:\/\/d2p6e6u75xmxt8.cloudfront.net\/13\/2022\/06\/Tour-barta-profimedia-0252082995.webp\"><img loading=\"lazy\" decoding=\"async\" class=\"size-full wp-image-17751\" src=\"https:\/\/d2p6e6u75xmxt8.cloudfront.net\/13\/2022\/06\/Tour-barta-profimedia-0252082995.webp\" alt=\"\u010cesk\u00fd z\u00e1pis do historie. Jan B\u00e1rta v roce 2015 p\u0159i 3. etap\u011b z\u00edskal cenu nejv\u011bt\u0161\u00edho bojovn\u00edka etapy.\" width=\"1800\" height=\"1198\" srcset=\"https:\/\/d2p6e6u75xmxt8.cloudfront.net\/13\/2022\/06\/Tour-barta-profimedia-0252082995.webp 1800w, https:\/\/d2p6e6u75xmxt8.cloudfront.net\/13\/2022\/06\/Tour-barta-profimedia-0252082995-300x200.webp 300w, https:\/\/d2p6e6u75xmxt8.cloudfront.net\/13\/2022\/06\/Tour-barta-profimedia-0252082995-1024x682.webp 1024w, https:\/\/d2p6e6u75xmxt8.cloudfront.net\/13\/2022\/06\/Tour-barta-profimedia-0252082995-768x511.webp 768w, https:\/\/d2p6e6u75xmxt8.cloudfront.net\/13\/2022\/06\/Tour-barta-profimedia-0252082995-1536x1022.webp 1536w, https:\/\/d2p6e6u75xmxt8.cloudfront.net\/13\/2022\/06\/Tour-barta-profimedia-0252082995-272x182.webp 272w\" sizes=\"auto, (max-width: 1800px) 100vw, 1800px\" \/><\/a><figcaption id=\"caption-attachment-17751\" class=\"wp-caption-text\"><em>\u010cesk\u00fd z\u00e1pis do historie. Jan B\u00e1rta v roce 2015 p\u0159i 3. etap\u011b Tour de France z\u00edskal cenu nejv\u011bt\u0161\u00edho bojovn\u00edka.<\/em><\/figcaption><\/figure>\n<p>Tehdej\u0161\u00ed 101. ro\u010dn\u00edk startoval ve Velk\u00e9 Brit\u00e1nii a u\u017e samotn\u00fd Grand D\u00e9part v\u00a0B\u00e1rtovi budil respekt. Za\u017eil toti\u017e cyklistick\u00e9 nad\u0161en\u00ed Lond\u00fd\u0148an\u016f b\u011bhem olympijsk\u00e9ho z\u00e1vodu o dva roky d\u0159\u00edve. \u201eTehdy to bylo n\u011bco neuv\u011b\u0159iteln\u00e9ho,\u201c tasil z\u00a0pam\u011bti nevymazatelnou vzpom\u00ednku.<\/p>\n<div class=\"shortcode-ys-post-pinup\"><article class=\"loop-simple post-23132 post type-post status-publish format-standard has-post-thumbnail hentry category-tour-de-france tag-casovka tag-cyklistika tag-jonas-vingegaard tag-silnicni-cyklistika tag-tadej-pogacar tag-tour-de-france-2023 global-categories-cycling\" data-postid=\"23132\" role=\"article\" data-post-id=\"23132\" data-word-count=\"460\" data-headline-length=\"82\" data-category=\"Tour de France\" data-global-category=\"Cycling\" data-author=\"Jan Kr\u016fta\" data-published=\"2023-07-18T19:55:55+02:00\" data-published-day=\"Tuesday\">\n    <div class=\"entry-thumbnail article-thumbnail\" content=\"https:\/\/d2p6e6u75xmxt8.cloudfront.net\/13\/2023\/07\/profimedia-0790000660-150x150.webp\"><a href=\"https:\/\/www.welovecycling.com\/cs\/2023\/07\/18\/jonas-vingegaard-a-jeho-casovka-nadpozemskym-vykonem-znicil-tadeje-pogacara\/\" class=\"image-holder\" target=\"_self\"><img decoding=\"async\" loading=\"lazy\" class=\"\" src=\"https:\/\/d2p6e6u75xmxt8.cloudfront.net\/13\/2023\/07\/profimedia-0790000660-1024x684.webp\" srcset=\"https:\/\/d2p6e6u75xmxt8.cloudfront.net\/13\/2023\/07\/profimedia-0790000660.webp 1800w, https:\/\/d2p6e6u75xmxt8.cloudfront.net\/13\/2023\/07\/profimedia-0790000660-300x200.webp 300w, https:\/\/d2p6e6u75xmxt8.cloudfront.net\/13\/2023\/07\/profimedia-0790000660-1024x684.webp 1024w, https:\/\/d2p6e6u75xmxt8.cloudfront.net\/13\/2023\/07\/profimedia-0790000660-768x513.webp 768w, https:\/\/d2p6e6u75xmxt8.cloudfront.net\/13\/2023\/07\/profimedia-0790000660-1536x1026.webp 1536w, https:\/\/d2p6e6u75xmxt8.cloudfront.net\/13\/2023\/07\/profimedia-0790000660-400x267.webp 400w, https:\/\/d2p6e6u75xmxt8.cloudfront.net\/13\/2023\/07\/profimedia-0790000660-272x182.webp 272w\" width=\"1024\" height=\"684\" sizes=\"auto, (min-width: 1200px) 300px, (min-width: 768px) 25vw, 100vw\" alt=\"jonas-vingegaard-a-jeho-casovka-nadpozemskym-vykonem-znicil-tadeje-pogacara\"\/><\/a><\/div>    <div class=\"entry-meta\">\n        <a class=\"label label-secondary post-category\" href=\"https:\/\/www.welovecycling.com\/cs\/category\/tour-de-france\/\" title=\"Tour de France\">Tour de France<\/a>\n    <\/div>\n    <div class=\"entry-details\">\n        <a href=\"https:\/\/www.welovecycling.com\/cs\/2023\/07\/18\/jonas-vingegaard-a-jeho-casovka-nadpozemskym-vykonem-znicil-tadeje-pogacara\/\" class='entry-title-wrapper'>\n            <h3 class=\"entry-title\"><span>Jonas Vingegaard a jeho \u010dasovka?! Nadpozemsk\u00fdm v\u00fdkonem zni\u010dil Tadeje Poga\u010dara<\/span><\/h3>\n        <\/a>\n    <\/div>\n    <\/article>\n<\/div>\n<p>A pr\u00e1v\u011b ve t\u0159et\u00ed etap\u011b z\u00a0Cambridge do metropole nad Tem\u017e\u00ed vyt\u00e1hl i svou pov\u011bstnou zbra\u0148. Hned po startu \u0161l\u00e1pl do ped\u00e1l\u016f a spole\u010dn\u011b s\u00a0Francouzem Jeanem-Marie Bideauem uk\u00e1zali pelotonu z\u00e1da. Televizn\u00ed z\u00e1b\u011bry \u010desk\u00e9ho z\u00e1vodn\u00edka pot\u00e9 b\u011bhem n\u00e1sleduj\u00edc\u00edch 150 km zdobil titulek \u201eT\u00e9te de la Course\u201c ozna\u010duj\u00edc\u00ed \u010delo z\u00e1vodu. Osm kilometr\u016f p\u0159ed c\u00edlem v\u00a0Lond\u00fdn\u011b se \u010desk\u00fd rychl\u00edk dokonce Francouzovi utrhl, o dva kilometry pozd\u011bji jej ale v\u00a0de\u0161ti peloton pohltil.<\/p>\n<h2><strong>Jan B\u00e1rta z\u00e1\u0159il p\u0159ed Buckinghamsk\u00fdm pal\u00e1cem<\/strong><\/h2>\n<p>Po hromadn\u00e9m spurtu p\u0159ed Buckinghamsk\u00fdm pal\u00e1cem pat\u0159ila B\u00e1rtovi i tak skv\u011bl\u00e1 devaten\u00e1ct\u00e1 p\u0159\u00ed\u010dka. \u201eTen den si budu pamatovat. Ud\u011blal jsem, co \u0161lo. Sna\u017eil jsem se to dot\u00e1hnout co nejd\u00e1l, ale bylo to p\u0159\u00edli\u0161. V posledn\u00edch kilometrech, kdy\u017e u\u017e jsem m\u011bl za sebou peloton, se nedalo nic d\u011blat,\u201c \u0159\u00edkal sm\u00ed\u0159en\u011b. A mo\u017en\u00e1 jen ve skrytu du\u0161e doufal, \u017ee hv\u011bzdn\u00e1 chv\u00edle teprve p\u0159ijde.<\/p>\n<p>Do\u010dkal se. Jako p\u0159edposledn\u00ed etapa byla v\u00a0itiner\u00e1\u0159i \u010dasovka jednotlivc\u016f, B\u00e1rtova skvostn\u00e1 discipl\u00edna. Do souboje s\u00a0chronometrem tehdy \u010derstv\u011b trojn\u00e1sobn\u00fd \u010desk\u00fd mistr nastoupil naplno. A v\u00a0c\u00edli se nesta\u010dil divit, kdy\u017e vedle jeho jm\u00e9na zasv\u00edtila jedni\u010dka pro vedouc\u00edho z\u00e1vodn\u00edka. Nakonec jej dok\u00e1zali porazit jen favorizovan\u00fd N\u011bmec Tony Martin a Ital Vincenzo Nibali, kter\u00fd tak stvrdil celkov\u00e9 prvenstv\u00ed na Tour. Skv\u011bl\u00e9 \u010desk\u00e9 p\u0159edstaven\u00ed nav\u00edc podtrhl p\u00e1t\u00fdm m\u00edstem l\u00eddr B\u00e1rtovy st\u00e1je Leopold K\u00f6nig.<\/p>\n<figure id=\"attachment_9364\" aria-describedby=\"caption-attachment-9364\" style=\"width: 1600px\" class=\"wp-caption alignnone\"><a href=\"https:\/\/d2p6e6u75xmxt8.cloudfront.net\/13\/2020\/08\/B\u00e1rta-IMG-20200820-WA0011.webp\"><img loading=\"lazy\" decoding=\"async\" class=\"size-full wp-image-9364\" src=\"https:\/\/d2p6e6u75xmxt8.cloudfront.net\/13\/2020\/08\/B\u00e1rta-IMG-20200820-WA0011.webp\" alt=\"Jan B\u00e1rta se v \u010dasovce na Tour de France zaskv\u011bl t\u0159et\u00ed p\u0159\u00ed\u010dkou. Foto: Jan Brychta\" width=\"1600\" height=\"1063\" srcset=\"https:\/\/d2p6e6u75xmxt8.cloudfront.net\/13\/2020\/08\/B\u00e1rta-IMG-20200820-WA0011.webp 1600w, https:\/\/d2p6e6u75xmxt8.cloudfront.net\/13\/2020\/08\/B\u00e1rta-IMG-20200820-WA0011-300x199.webp 300w, https:\/\/d2p6e6u75xmxt8.cloudfront.net\/13\/2020\/08\/B\u00e1rta-IMG-20200820-WA0011-1024x680.webp 1024w, https:\/\/d2p6e6u75xmxt8.cloudfront.net\/13\/2020\/08\/B\u00e1rta-IMG-20200820-WA0011-768x510.webp 768w, https:\/\/d2p6e6u75xmxt8.cloudfront.net\/13\/2020\/08\/B\u00e1rta-IMG-20200820-WA0011-1536x1020.webp 1536w, https:\/\/d2p6e6u75xmxt8.cloudfront.net\/13\/2020\/08\/B\u00e1rta-IMG-20200820-WA0011-272x182.webp 272w\" sizes=\"auto, (max-width: 1600px) 100vw, 1600px\" \/><\/a><figcaption id=\"caption-attachment-9364\" class=\"wp-caption-text\"><em>Jan B\u00e1rta na \u010dasovk\u00e1\u0159sk\u00e9m speci\u00e1lu v barv\u00e1ch formace Elkov Kasper. Foto: Jan Brychta<\/em><\/figcaption><\/figure>\n<p>\u201eB\u00fdt pr\u016fb\u011b\u017en\u011b prvn\u00ed byl mimo\u0159\u00e1dn\u00fd pocit,\u201c sv\u011b\u0159oval se B\u00e1rta s\u00a0pohledem na v\u00fdsledkovou tabuli. \u201eTe\u010f u\u017e se ale t\u011b\u0161\u00edm do Pa\u0159\u00ed\u017ee, ty t\u0159i t\u00fddny jsou mimo\u0159\u00e1dn\u011b dlouh\u00e9,\u201c dodal s\u00a0unaven\u00fdm \u00fasm\u011bvem p\u0159ed posledn\u00edm d\u011bjstv\u00edm na sv\u00e9 premi\u00e9rov\u00e9 Tour.<\/p>\n<h2><strong>Senzace na Plateau de Beille<\/strong><\/h2>\n<p>Na start nejslavn\u011bj\u0161\u00edho cyklistick\u00e9ho podniku se pak pod\u00edval je\u0161t\u011b dvakr\u00e1t. A hned n\u00e1sleduj\u00edc\u00ed rok si op\u011bt schoval eso do ruk\u00e1vu \u0161it\u00e9m podle tradi\u010dn\u00edho vzoru &#8211; poveden\u00fdm \u00fanikem ve dvan\u00e1ct\u00e9 etap\u011b, kter\u00e1 v\u00a0Pyrenej\u00edch prov\u011b\u0159ila nohy z\u00e1vodn\u00edk\u016f p\u0159edev\u0161\u00edm z\u00e1v\u011bre\u010dn\u00fdm stoup\u00e1n\u00edm nejvy\u0161\u0161\u00ed kategorie na Plateau de Beille.<\/p>\n<div class=\"shortcode-ys-post-pinup\"><article class=\"loop-simple post-23090 post type-post status-publish format-standard has-post-thumbnail hentry category-tour-de-france tag-cyklistika tag-felix-levitan tag-nejdelsi-den-tour-de-france tag-tom-simpson tag-tour-de-france tag-tour-de-france-1967 tag-tour-de-france-2023 global-categories-cycling\" data-postid=\"23090\" role=\"article\" data-post-id=\"23090\" data-word-count=\"555\" data-headline-length=\"65\" data-category=\"Tour de France\" data-global-category=\"Cycling\" data-author=\"We Love Cycling\" data-published=\"2023-07-14T14:00:52+02:00\" data-published-day=\"Friday\">\n    <div class=\"entry-thumbnail article-thumbnail\" content=\"https:\/\/d2p6e6u75xmxt8.cloudfront.net\/13\/2023\/07\/TDF-slunecnice-150x150.webp\"><a href=\"https:\/\/www.welovecycling.com\/cs\/2023\/07\/14\/otrocina-kradeze-a-revolta-aneb-nejdelsi-den-tour-de-france\/\" class=\"image-holder\" target=\"_self\"><img decoding=\"async\" loading=\"lazy\" class=\"\" src=\"https:\/\/d2p6e6u75xmxt8.cloudfront.net\/13\/2023\/07\/TDF-slunecnice-1024x682.webp\" srcset=\"https:\/\/d2p6e6u75xmxt8.cloudfront.net\/13\/2023\/07\/TDF-slunecnice.webp 2048w, https:\/\/d2p6e6u75xmxt8.cloudfront.net\/13\/2023\/07\/TDF-slunecnice-300x200.webp 300w, https:\/\/d2p6e6u75xmxt8.cloudfront.net\/13\/2023\/07\/TDF-slunecnice-1024x682.webp 1024w, https:\/\/d2p6e6u75xmxt8.cloudfront.net\/13\/2023\/07\/TDF-slunecnice-768x512.webp 768w, https:\/\/d2p6e6u75xmxt8.cloudfront.net\/13\/2023\/07\/TDF-slunecnice-1536x1023.webp 1536w, https:\/\/d2p6e6u75xmxt8.cloudfront.net\/13\/2023\/07\/TDF-slunecnice-1920x1279.webp 1920w, https:\/\/d2p6e6u75xmxt8.cloudfront.net\/13\/2023\/07\/TDF-slunecnice-400x266.webp 400w, https:\/\/d2p6e6u75xmxt8.cloudfront.net\/13\/2023\/07\/TDF-slunecnice-272x182.webp 272w, https:\/\/d2p6e6u75xmxt8.cloudfront.net\/13\/2023\/07\/TDF-slunecnice-1920x1279.webp 1920w\" width=\"1024\" height=\"682\" sizes=\"auto, (min-width: 1200px) 300px, (min-width: 768px) 25vw, 100vw\" alt=\"otrocina-kradeze-a-revolta-aneb-nejdelsi-den-tour-de-france\"\/><\/a><\/div>    <div class=\"entry-meta\">\n        <a class=\"label label-secondary post-category\" href=\"https:\/\/www.welovecycling.com\/cs\/category\/tour-de-france\/\" title=\"Tour de France\">Tour de France<\/a>\n    <\/div>\n    <div class=\"entry-details\">\n        <a href=\"https:\/\/www.welovecycling.com\/cs\/2023\/07\/14\/otrocina-kradeze-a-revolta-aneb-nejdelsi-den-tour-de-france\/\" class='entry-title-wrapper'>\n            <h3 class=\"entry-title\"><span>Otro\u010dina, kr\u00e1de\u017ee a revolta aneb Nejdel\u0161\u00ed den Tour de France<\/span><\/h3>\n        <\/a>\n    <\/div>\n    <\/article>\n<\/div>\n<p>Mistra \u010dasovk\u00e1\u0159e p\u0159itom znovu nezabrzdila ani silov\u00e1 kila nav\u00edc, ani brut\u00e1ln\u00ed zm\u011bna po\u010das\u00ed, kter\u00e1 na jezdce snesla v\u0161e v\u010detn\u011b krupobit\u00ed. \u010cesk\u00fd borec nakonec dojel senza\u010dn\u011b \u0161est\u00fd, kdy\u017e dok\u00e1zal udr\u017eet tempo s\u00a0vrcha\u0159sk\u00fdmi specialisty. \u201eBylo to po\u0159\u00e1d do kopce, \u010dlov\u011bk se zah\u0159eje. Ale asi m\u011b budou p\u00e1r dn\u016f bolet nohy,\u201c sv\u011b\u0159oval se B\u00e1rta v\u00a0c\u00edli se sv\u00fdm typick\u00fdm\u00a0\u00fasm\u011bvem.<\/p>\n<p>Poveden\u00fd ro\u010dn\u00edk nakonec dokon\u010dil p\u0159ekvapiv\u011b jako celkov\u011b p\u011btadvac\u00e1t\u00fd a potvrdil tak svou v\u00fdraznou \u010deskou stopu v\u00a0historii Star\u00e9 d\u00e1my. P\u0159i sv\u00e9 posledn\u00ed \u00fa\u010dasti v\u00a0roce 2016 dojel nejl\u00e9pe jeden\u00e1ct\u00fd v\u00a0individu\u00e1ln\u00ed \u010dasovce a v\u00a0bodovac\u00ed sout\u011b\u017ei skon\u010dil p\u011btadvac\u00e1t\u00fd.<\/p>\n<p>&nbsp;<\/p>\n","protected":false},"excerpt":{"rendered":"<p>\u010casovka jako kl\u00ed\u010dov\u00fd n\u00e1stroj \u00fasp\u011bchu na Tour de France, nejslavn\u011bj\u0161\u00edm z\u00e1vod\u011b planety? I \u010desk\u00e1 cyklistika m\u00e1 z boje proti chronometru [&hellip;]<\/p>\n","protected":false},"author":138,"featured_media":23144,"comment_status":"open","ping_status":"open","sticky":false,"template":"","format":"standard","meta":{"footnotes":""},"categories":[1711],"tags":[1781,126,281,9,23,3130,2647],"global-categories":[411],"class_list":["post-23143","post","type-post","status-publish","format-standard","has-post-thumbnail","hentry","category-tour-de-france","tag-casovka","tag-cyklistika","tag-jan-barta","tag-silnicni-cyklistika","tag-tour-de-france","tag-tour-de-france-2014","tag-tour-de-france-2023","global-categories-cycling"],"yoast_head":"<!-- This site is optimized with the Yoast SEO Premium plugin v25.3 (Yoast SEO v25.9) - https:\/\/yoast.com\/wordpress\/plugins\/seo\/ -->\n<title>Oslnil v\u00a0\u010dasovce, pak p\u0159i krupobit\u00ed v\u00a0hor\u00e1ch | \u0160koda We Love Cycling - \u010cesk\u00e1 republika<\/title>\n<meta name=\"description\" content=\"\u010casovka jako kl\u00ed\u010dov\u00fd n\u00e1stroj \u00fasp\u011bchu na Tour de France, nejslavn\u011bj\u0161\u00edm z\u00e1vod\u011b planety? I \u010desk\u00e1 cyklistika m\u00e1 z boje proti chronometru ve v\u00fdsledkov\u00e9 listin\u011b Grande Boucle v\u00fdrazn\u00fd z\u00e1pis. Je star\u00fd u\u017e deset sezon. Tehdy se zaskv\u011bl v posledn\u00edm t\u00fddnu Jan B\u00e1rta, z\u00e1vodn\u00edk n\u011bmeck\u00e9 formace NettApp Endura.\" \/>\n<meta name=\"robots\" content=\"index, follow, max-snippet:-1, max-image-preview:large, max-video-preview:-1\" \/>\n<link rel=\"canonical\" href=\"https:\/\/www.welovecycling.com\/cs\/2023\/07\/19\/oslnil-v-casovce-pak-pri-krupobiti-v-horach\/\" \/>\n<meta property=\"og:locale\" content=\"cs_CZ\" \/>\n<meta property=\"og:type\" content=\"article\" \/>\n<meta property=\"og:title\" content=\"Oslnil v\u00a0\u010dasovce, pak p\u0159i krupobit\u00ed v\u00a0hor\u00e1ch\" \/>\n<meta property=\"og:description\" content=\"\u010casovka jako kl\u00ed\u010dov\u00fd n\u00e1stroj \u00fasp\u011bchu na Tour de France, nejslavn\u011bj\u0161\u00edm z\u00e1vod\u011b planety? I \u010desk\u00e1 cyklistika m\u00e1 z boje proti chronometru ve v\u00fdsledkov\u00e9 listin\u011b Grande Boucle v\u00fdrazn\u00fd z\u00e1pis. Je star\u00fd u\u017e deset sezon. Tehdy se zaskv\u011bl v posledn\u00edm t\u00fddnu Jan B\u00e1rta, z\u00e1vodn\u00edk n\u011bmeck\u00e9 formace NettApp Endura.\" \/>\n<meta property=\"og:url\" content=\"https:\/\/www.welovecycling.com\/cs\/2023\/07\/19\/oslnil-v-casovce-pak-pri-krupobiti-v-horach\/\" \/>\n<meta property=\"og:site_name\" content=\"\u0160koda We Love Cycling - \u010cesk\u00e1 republika\" \/>\n<meta property=\"article:published_time\" content=\"2023-07-19T12:11:33+00:00\" \/>\n<meta property=\"article:modified_time\" content=\"2023-07-19T12:13:33+00:00\" \/>\n<meta property=\"og:image\" content=\"https:\/\/d2p6e6u75xmxt8.cloudfront.net\/13\/2023\/07\/profimedia-0235351759.webp\" \/>\n\t<meta property=\"og:image:width\" content=\"1800\" \/>\n\t<meta property=\"og:image:height\" content=\"1200\" \/>\n\t<meta property=\"og:image:type\" content=\"image\/webp\" \/>\n<meta name=\"author\" content=\"radekmalina\" \/>\n<meta name=\"twitter:card\" content=\"summary_large_image\" \/>\n<meta name=\"twitter:label1\" content=\"Written by\" \/>\n\t<meta name=\"twitter:data1\" content=\"We Love Cycling\" \/>\n\t<meta name=\"twitter:label2\" content=\"Est. reading time\" \/>\n\t<meta name=\"twitter:data2\" content=\"6\" \/>\n<script type=\"application\/ld+json\" class=\"yoast-schema-graph\">{\"@context\":\"https:\/\/schema.org\",\"@graph\":[{\"@type\":\"WebPage\",\"@id\":\"https:\/\/www.welovecycling.com\/cs\/2023\/07\/19\/oslnil-v-casovce-pak-pri-krupobiti-v-horach\/\",\"url\":\"https:\/\/www.welovecycling.com\/cs\/2023\/07\/19\/oslnil-v-casovce-pak-pri-krupobiti-v-horach\/\",\"name\":\"Oslnil v\u00a0\u010dasovce, pak p\u0159i krupobit\u00ed v\u00a0hor\u00e1ch | \u0160koda We Love Cycling - \u010cesk\u00e1 republika\",\"isPartOf\":{\"@id\":\"https:\/\/www.welovecycling.com\/cs\/#website\"},\"primaryImageOfPage\":{\"@id\":\"https:\/\/www.welovecycling.com\/cs\/2023\/07\/19\/oslnil-v-casovce-pak-pri-krupobiti-v-horach\/#primaryimage\"},\"image\":{\"@id\":\"https:\/\/www.welovecycling.com\/cs\/2023\/07\/19\/oslnil-v-casovce-pak-pri-krupobiti-v-horach\/#primaryimage\"},\"thumbnailUrl\":\"https:\/\/d2p6e6u75xmxt8.cloudfront.net\/13\/2023\/07\/profimedia-0235351759.webp\",\"datePublished\":\"2023-07-19T12:11:33+00:00\",\"dateModified\":\"2023-07-19T12:13:33+00:00\",\"author\":{\"@id\":\"https:\/\/www.welovecycling.com\/cs\/#\/schema\/person\/d9eeb0a378f3a7e4a6d12d2b536b04b8\"},\"description\":\"\u010casovka jako kl\u00ed\u010dov\u00fd n\u00e1stroj \u00fasp\u011bchu na Tour de France, nejslavn\u011bj\u0161\u00edm z\u00e1vod\u011b planety? I \u010desk\u00e1 cyklistika m\u00e1 z boje proti chronometru ve v\u00fdsledkov\u00e9 listin\u011b Grande Boucle v\u00fdrazn\u00fd z\u00e1pis. Je star\u00fd u\u017e deset sezon. Tehdy se zaskv\u011bl v posledn\u00edm t\u00fddnu Jan B\u00e1rta, z\u00e1vodn\u00edk n\u011bmeck\u00e9 formace NettApp Endura.\",\"inLanguage\":\"cs\",\"potentialAction\":[{\"@type\":\"ReadAction\",\"target\":[\"https:\/\/www.welovecycling.com\/cs\/2023\/07\/19\/oslnil-v-casovce-pak-pri-krupobiti-v-horach\/\"]}]},{\"@type\":\"ImageObject\",\"inLanguage\":\"cs\",\"@id\":\"https:\/\/www.welovecycling.com\/cs\/2023\/07\/19\/oslnil-v-casovce-pak-pri-krupobiti-v-horach\/#primaryimage\",\"url\":\"https:\/\/d2p6e6u75xmxt8.cloudfront.net\/13\/2023\/07\/profimedia-0235351759.webp\",\"contentUrl\":\"https:\/\/d2p6e6u75xmxt8.cloudfront.net\/13\/2023\/07\/profimedia-0235351759.webp\",\"width\":1800,\"height\":1200},{\"@type\":\"WebSite\",\"@id\":\"https:\/\/www.welovecycling.com\/cs\/#website\",\"url\":\"https:\/\/www.welovecycling.com\/cs\/\",\"name\":\"\u0160koda We Love Cycling - \u010cesk\u00e1 republika\",\"description\":\"WeLoveCycling.cz je online magaz\u00edn, kter\u00fd v\u00e1m pravideln\u011b p\u0159in\u00e1\u0161\u00ed rady a tipy, zaj\u00edmav\u00e9 \u010dl\u00e1nky, videa a jedine\u010dn\u00e9 report\u00e1\u017ee ze sv\u011bta cyklistiky.\",\"potentialAction\":[{\"@type\":\"SearchAction\",\"target\":{\"@type\":\"EntryPoint\",\"urlTemplate\":\"https:\/\/www.welovecycling.com\/cs\/?s={search_term_string}\"},\"query-input\":{\"@type\":\"PropertyValueSpecification\",\"valueRequired\":true,\"valueName\":\"search_term_string\"}}],\"inLanguage\":\"cs\"},{\"@type\":\"Person\",\"@id\":\"https:\/\/www.welovecycling.com\/cs\/#\/schema\/person\/d9eeb0a378f3a7e4a6d12d2b536b04b8\",\"name\":\"radekmalina\",\"image\":{\"@type\":\"ImageObject\",\"inLanguage\":\"cs\",\"@id\":\"https:\/\/www.welovecycling.com\/cs\/#\/schema\/person\/image\/\",\"url\":\"https:\/\/secure.gravatar.com\/avatar\/66994b632cb8c39a46b9f54afa3ae07201b678d32a54275b6f1c9ffec356bfc0?s=96&d=mm&r=g\",\"contentUrl\":\"https:\/\/secure.gravatar.com\/avatar\/66994b632cb8c39a46b9f54afa3ae07201b678d32a54275b6f1c9ffec356bfc0?s=96&d=mm&r=g\",\"caption\":\"radekmalina\"},\"url\":\"https:\/\/www.welovecycling.com\/cs\/author\/radekmalina\/\"}]}<\/script>\n<!-- \/ Yoast SEO Premium plugin. -->","yoast_head_json":{"title":"Oslnil v\u00a0\u010dasovce, pak p\u0159i krupobit\u00ed v\u00a0hor\u00e1ch | \u0160koda We Love Cycling - \u010cesk\u00e1 republika","description":"\u010casovka jako kl\u00ed\u010dov\u00fd n\u00e1stroj \u00fasp\u011bchu na Tour de France, nejslavn\u011bj\u0161\u00edm z\u00e1vod\u011b planety? I \u010desk\u00e1 cyklistika m\u00e1 z boje proti chronometru ve v\u00fdsledkov\u00e9 listin\u011b Grande Boucle v\u00fdrazn\u00fd z\u00e1pis. Je star\u00fd u\u017e deset sezon. Tehdy se zaskv\u011bl v posledn\u00edm t\u00fddnu Jan B\u00e1rta, z\u00e1vodn\u00edk n\u011bmeck\u00e9 formace NettApp Endura.","robots":{"index":"index","follow":"follow","max-snippet":"max-snippet:-1","max-image-preview":"max-image-preview:large","max-video-preview":"max-video-preview:-1"},"canonical":"https:\/\/www.welovecycling.com\/cs\/2023\/07\/19\/oslnil-v-casovce-pak-pri-krupobiti-v-horach\/","og_locale":"cs_CZ","og_type":"article","og_title":"Oslnil v\u00a0\u010dasovce, pak p\u0159i krupobit\u00ed v\u00a0hor\u00e1ch","og_description":"\u010casovka jako kl\u00ed\u010dov\u00fd n\u00e1stroj \u00fasp\u011bchu na Tour de France, nejslavn\u011bj\u0161\u00edm z\u00e1vod\u011b planety? I \u010desk\u00e1 cyklistika m\u00e1 z boje proti chronometru ve v\u00fdsledkov\u00e9 listin\u011b Grande Boucle v\u00fdrazn\u00fd z\u00e1pis. Je star\u00fd u\u017e deset sezon. Tehdy se zaskv\u011bl v posledn\u00edm t\u00fddnu Jan B\u00e1rta, z\u00e1vodn\u00edk n\u011bmeck\u00e9 formace NettApp Endura.","og_url":"https:\/\/www.welovecycling.com\/cs\/2023\/07\/19\/oslnil-v-casovce-pak-pri-krupobiti-v-horach\/","og_site_name":"\u0160koda We Love Cycling - \u010cesk\u00e1 republika","article_published_time":"2023-07-19T12:11:33+00:00","article_modified_time":"2023-07-19T12:13:33+00:00","og_image":[{"width":1800,"height":1200,"url":"https:\/\/d2p6e6u75xmxt8.cloudfront.net\/13\/2023\/07\/profimedia-0235351759.webp","type":"image\/webp"}],"author":"radekmalina","twitter_card":"summary_large_image","twitter_misc":{"Written by":"We Love Cycling","Est. reading time":"6"},"schema":{"@context":"https:\/\/schema.org","@graph":[{"@type":"WebPage","@id":"https:\/\/www.welovecycling.com\/cs\/2023\/07\/19\/oslnil-v-casovce-pak-pri-krupobiti-v-horach\/","url":"https:\/\/www.welovecycling.com\/cs\/2023\/07\/19\/oslnil-v-casovce-pak-pri-krupobiti-v-horach\/","name":"Oslnil v\u00a0\u010dasovce, pak p\u0159i krupobit\u00ed v\u00a0hor\u00e1ch | \u0160koda We Love Cycling - \u010cesk\u00e1 republika","isPartOf":{"@id":"https:\/\/www.welovecycling.com\/cs\/#website"},"primaryImageOfPage":{"@id":"https:\/\/www.welovecycling.com\/cs\/2023\/07\/19\/oslnil-v-casovce-pak-pri-krupobiti-v-horach\/#primaryimage"},"image":{"@id":"https:\/\/www.welovecycling.com\/cs\/2023\/07\/19\/oslnil-v-casovce-pak-pri-krupobiti-v-horach\/#primaryimage"},"thumbnailUrl":"https:\/\/d2p6e6u75xmxt8.cloudfront.net\/13\/2023\/07\/profimedia-0235351759.webp","datePublished":"2023-07-19T12:11:33+00:00","dateModified":"2023-07-19T12:13:33+00:00","author":{"@id":"https:\/\/www.welovecycling.com\/cs\/#\/schema\/person\/d9eeb0a378f3a7e4a6d12d2b536b04b8"},"description":"\u010casovka jako kl\u00ed\u010dov\u00fd n\u00e1stroj \u00fasp\u011bchu na Tour de France, nejslavn\u011bj\u0161\u00edm z\u00e1vod\u011b planety? I \u010desk\u00e1 cyklistika m\u00e1 z boje proti chronometru ve v\u00fdsledkov\u00e9 listin\u011b Grande Boucle v\u00fdrazn\u00fd z\u00e1pis. Je star\u00fd u\u017e deset sezon. Tehdy se zaskv\u011bl v posledn\u00edm t\u00fddnu Jan B\u00e1rta, z\u00e1vodn\u00edk n\u011bmeck\u00e9 formace NettApp Endura.","inLanguage":"cs","potentialAction":[{"@type":"ReadAction","target":["https:\/\/www.welovecycling.com\/cs\/2023\/07\/19\/oslnil-v-casovce-pak-pri-krupobiti-v-horach\/"]}]},{"@type":"ImageObject","inLanguage":"cs","@id":"https:\/\/www.welovecycling.com\/cs\/2023\/07\/19\/oslnil-v-casovce-pak-pri-krupobiti-v-horach\/#primaryimage","url":"https:\/\/d2p6e6u75xmxt8.cloudfront.net\/13\/2023\/07\/profimedia-0235351759.webp","contentUrl":"https:\/\/d2p6e6u75xmxt8.cloudfront.net\/13\/2023\/07\/profimedia-0235351759.webp","width":1800,"height":1200},{"@type":"WebSite","@id":"https:\/\/www.welovecycling.com\/cs\/#website","url":"https:\/\/www.welovecycling.com\/cs\/","name":"\u0160koda We Love Cycling - \u010cesk\u00e1 republika","description":"WeLoveCycling.cz je online magaz\u00edn, kter\u00fd v\u00e1m pravideln\u011b p\u0159in\u00e1\u0161\u00ed rady a tipy, zaj\u00edmav\u00e9 \u010dl\u00e1nky, videa a jedine\u010dn\u00e9 report\u00e1\u017ee ze sv\u011bta cyklistiky.","potentialAction":[{"@type":"SearchAction","target":{"@type":"EntryPoint","urlTemplate":"https:\/\/www.welovecycling.com\/cs\/?s={search_term_string}"},"query-input":{"@type":"PropertyValueSpecification","valueRequired":true,"valueName":"search_term_string"}}],"inLanguage":"cs"},{"@type":"Person","@id":"https:\/\/www.welovecycling.com\/cs\/#\/schema\/person\/d9eeb0a378f3a7e4a6d12d2b536b04b8","name":"radekmalina","image":{"@type":"ImageObject","inLanguage":"cs","@id":"https:\/\/www.welovecycling.com\/cs\/#\/schema\/person\/image\/","url":"https:\/\/secure.gravatar.com\/avatar\/66994b632cb8c39a46b9f54afa3ae07201b678d32a54275b6f1c9ffec356bfc0?s=96&d=mm&r=g","contentUrl":"https:\/\/secure.gravatar.com\/avatar\/66994b632cb8c39a46b9f54afa3ae07201b678d32a54275b6f1c9ffec356bfc0?s=96&d=mm&r=g","caption":"radekmalina"},"url":"https:\/\/www.welovecycling.com\/cs\/author\/radekmalina\/"}]}},"_links":{"self":[{"href":"https:\/\/www.welovecycling.com\/cs\/wp-json\/wp\/v2\/posts\/23143","targetHints":{"allow":["GET"]}}],"collection":[{"href":"https:\/\/www.welovecycling.com\/cs\/wp-json\/wp\/v2\/posts"}],"about":[{"href":"https:\/\/www.welovecycling.com\/cs\/wp-json\/wp\/v2\/types\/post"}],"author":[{"embeddable":true,"href":"https:\/\/www.welovecycling.com\/cs\/wp-json\/wp\/v2\/users\/138"}],"replies":[{"embeddable":true,"href":"https:\/\/www.welovecycling.com\/cs\/wp-json\/wp\/v2\/comments?post=23143"}],"version-history":[{"count":2,"href":"https:\/\/www.welovecycling.com\/cs\/wp-json\/wp\/v2\/posts\/23143\/revisions"}],"predecessor-version":[{"id":23146,"href":"https:\/\/www.welovecycling.com\/cs\/wp-json\/wp\/v2\/posts\/23143\/revisions\/23146"}],"wp:featuredmedia":[{"embeddable":true,"href":"https:\/\/www.welovecycling.com\/cs\/wp-json\/wp\/v2\/media\/23144"}],"wp:attachment":[{"href":"https:\/\/www.welovecycling.com\/cs\/wp-json\/wp\/v2\/media?parent=23143"}],"wp:term":[{"taxonomy":"category","embeddable":true,"href":"https:\/\/www.welovecycling.com\/cs\/wp-json\/wp\/v2\/categories?post=23143"},{"taxonomy":"post_tag","embeddable":true,"href":"https:\/\/www.welovecycling.com\/cs\/wp-json\/wp\/v2\/tags?post=23143"},{"taxonomy":"global-categories","embeddable":true,"href":"https:\/\/www.welovecycling.com\/cs\/wp-json\/wp\/v2\/global-categories?post=23143"}],"curies":[{"name":"wp","href":"https:\/\/api.w.org\/{rel}","templated":true}]}}