{"id":23139,"date":"2023-07-20T13:00:08","date_gmt":"2023-07-20T11:00:08","guid":{"rendered":"https:\/\/www.welovecycling.com\/cs\/?p=23139"},"modified":"2023-07-19T21:14:32","modified_gmt":"2023-07-19T19:14:32","slug":"peter-sagan-a-jeho-dve-posledni-sance-na","status":"publish","type":"post","link":"https:\/\/www.welovecycling.com\/cs\/2023\/07\/20\/peter-sagan-a-jeho-dve-posledni-sance-na\/","title":{"rendered":"Peter Sagan a jeho dv\u011b posledn\u00ed \u0161ance na rozlu\u010dku s \u00fasm\u011bvem"},"content":{"rendered":"<p><strong>Sedmkr\u00e1t ovl\u00e1dl bodovac\u00ed sout\u011b\u017e o zelen\u00fd trikot Tour de France. Dr\u017e\u00ed rekord, kter\u00fd bude t\u011b\u017eko n\u011bkdo p\u0159ekon\u00e1vat. Peter Sagan je legendou Grande Boucle. Vyhr\u00e1l dvan\u00e1ct etap, \u010dty\u0159i dny v\u00a0letech 2016 a 2018 jel ve \u017elut\u00e9m trikotu. Ale t\u0159i p\u0159ede\u0161l\u00e9 ro\u010dn\u00edky v\u017edy opou\u0161t\u011bl bez triumfu. Leto\u0161n\u00ed ro\u010dn\u00edk je pro rod\u00e1ka ze slovensk\u00e9 \u017diliny posledn\u00edm. A zat\u00edm se nezd\u00e1, \u017ee by dok\u00e1zal unik\u00e1tn\u00ed bilanci vylep\u0161it.<\/strong><\/p>\n<p>B\u011bhem prvn\u00edch dvou blok\u016f Tour de France dojel t\u0159iat\u0159icetilet\u00fd z\u00e1vodn\u00edk formace TotalEnergies nejl\u00e9pe osm\u00fd v\u00a0jeden\u00e1ct\u00e9 etap\u011b. Jinak se v\u016fbec neve\u0161el do elitn\u00ed des\u00edtky. Na vylep\u0161en\u00ed bilance dvan\u00e1cti v\u00edt\u011bzn\u00fdch etap \u010di alespo\u0148 pomysln\u00e9 pozice na stupn\u00edch v\u00edt\u011bz\u016f v\u00a0etap\u011b dostane u\u017e jen dv\u011b \u010di t\u0159i p\u0159\u00edle\u017eitosti. Je v\u0161ak re\u00e1ln\u00e9, aby do boje o d\u00edl\u010d\u00ed triumf je\u0161t\u011b zas\u00e1hl?<\/p>\n<p>\u201eMysl\u00edm, \u017ee v\u00a0sou\u010dasn\u00e9 chv\u00edli takovou v\u00fdkonnost nem\u00e1. Sprinty v\u00a0posledn\u00edm t\u00fddnu jsou nav\u00edc jin\u00e9. U\u017e je jasn\u00e9, kdo m\u00e1 formu a je nejlep\u0161\u00edm spurterem. Z\u00e1le\u017e\u00ed, jak mu\u017ei pro spurty p\u0159ejedou kopce. Ka\u017edop\u00e1dn\u011b jsou v\u00a0bal\u00edku rychlej\u0161\u00ed jezdci ne\u017e Sagan,\u201c p\u0159em\u00edt\u00e1 J\u00e1n Svorada, \u010desk\u00fd v\u00edt\u011bz t\u0159i etap z\u00a0Tour de France.<\/p>\n<h2><strong>Peter Sagan p\u016fsobil jako zjeven\u00ed<\/strong><\/h2>\n<p>Peter Sagan od roku 2012 nevynechal \u017e\u00e1dnou Tour de France. Zpo\u010d\u00e1tku to byla spanil\u00e1 j\u00edzda. Jednalo se o jeho druhou Grand Tour \u017eivota pot\u00e9, co o v\u00a0z\u00e1v\u011bru p\u0159ede\u0161l\u00e9ho roku absolvoval Vueltu, kde vyhr\u00e1l t\u0159i etapy.<\/p>\n<p>Stejn\u00fd kousek pak p\u0159edvedl na Tour de France. Tehdy dvaadvacetilet\u00fd mlad\u00edk v\u00a0barv\u00e1ch formace Liquigas p\u016fsobil jako zjeven\u00ed. U\u017e \u010dtvrt\u00fd den z\u00e1vodu vybojoval prvn\u00ed triumf! V\u00a0Pa\u0159\u00ed\u017ei pak slavil prvenstv\u00ed v\u00a0bodovac\u00ed sout\u011b\u017ei. Na kont\u011b m\u011bl je\u0161t\u011b \u010dty\u0159i etapov\u00e1 um\u00edst\u011bn\u00ed mezi t\u0159emi nejlep\u0161\u00edmi.<\/p>\n<figure id=\"attachment_22829\" aria-describedby=\"caption-attachment-22829\" style=\"width: 1920px\" class=\"wp-caption alignnone\"><a href=\"https:\/\/d2p6e6u75xmxt8.cloudfront.net\/13\/2023\/06\/BrychtaJan_MR_Tlmace_20230625_161843_DSC_5659.webp\"><img loading=\"lazy\" decoding=\"async\" class=\"size-extra-large wp-image-22829\" src=\"https:\/\/d2p6e6u75xmxt8.cloudfront.net\/13\/2023\/06\/BrychtaJan_MR_Tlmace_20230625_161843_DSC_5659-1920x1278.webp\" alt=\"Peter Sagan se st\u0159\u00edbrnou medail\u00ed ze slovensk\u00e9ho \u0161ampion\u00e1tu 2023.\" width=\"1920\" height=\"1278\" srcset=\"https:\/\/d2p6e6u75xmxt8.cloudfront.net\/13\/2023\/06\/BrychtaJan_MR_Tlmace_20230625_161843_DSC_5659-1920x1278.webp 1920w, https:\/\/d2p6e6u75xmxt8.cloudfront.net\/13\/2023\/06\/BrychtaJan_MR_Tlmace_20230625_161843_DSC_5659-300x200.webp 300w, https:\/\/d2p6e6u75xmxt8.cloudfront.net\/13\/2023\/06\/BrychtaJan_MR_Tlmace_20230625_161843_DSC_5659-1024x681.webp 1024w, https:\/\/d2p6e6u75xmxt8.cloudfront.net\/13\/2023\/06\/BrychtaJan_MR_Tlmace_20230625_161843_DSC_5659-768x511.webp 768w, https:\/\/d2p6e6u75xmxt8.cloudfront.net\/13\/2023\/06\/BrychtaJan_MR_Tlmace_20230625_161843_DSC_5659-1536x1022.webp 1536w, https:\/\/d2p6e6u75xmxt8.cloudfront.net\/13\/2023\/06\/BrychtaJan_MR_Tlmace_20230625_161843_DSC_5659-400x266.webp 400w, https:\/\/d2p6e6u75xmxt8.cloudfront.net\/13\/2023\/06\/BrychtaJan_MR_Tlmace_20230625_161843_DSC_5659-272x182.webp 272w, https:\/\/d2p6e6u75xmxt8.cloudfront.net\/13\/2023\/06\/BrychtaJan_MR_Tlmace_20230625_161843_DSC_5659.webp 2000w, https:\/\/d2p6e6u75xmxt8.cloudfront.net\/13\/2023\/06\/BrychtaJan_MR_Tlmace_20230625_161843_DSC_5659-1920x1278.webp 1920w\" sizes=\"auto, (max-width: 1920px) 100vw, 1920px\" \/><\/a><figcaption id=\"caption-attachment-22829\" class=\"wp-caption-text\"><em>Peter Sagan se st\u0159\u00edbrnou medail\u00ed ze slovensk\u00e9ho \u0161ampion\u00e1tu 2023.<\/em><\/figcaption><\/figure>\n<p>O rok pozd\u011bji slavil jedin\u00fd d\u00edl\u010d\u00ed triumf, ale \u0161estkr\u00e1t byl mezi t\u0159emi nejlep\u0161\u00edmi a obh\u00e1jil zelen\u00fd trikot. Ukazoval ohromnou v\u0161estrannost. I bez domestik\u016f dok\u00e1zal pravideln\u011b bodovat. K\u00a0tomu ohromoval v\u00fdkony ve sjezdech. V\u00a0letech 2014 a 2015 nedok\u00e1zal vyhr\u00e1t \u017e\u00e1dnou etapu, p\u0159esto byl kr\u00e1lem bodovac\u00ed sout\u011b\u017ee sponzorovan\u00e9 \u0160koda Auto.<\/p>\n<div class=\"shortcode-ys-post-pinup\"><article class=\"loop-simple post-23016 post type-post status-publish format-video has-post-thumbnail hentry category-tour-de-france tag-ceska-stopa tag-ceska-stopa-na-tour-de-france tag-cyklistika tag-jan-svorada tag-leopold-konig tag-rene-andrle tag-tour-de-france tag-tour-de-france-2023 tag-zdenek-stybar post_format-post-format-video global-categories-cycling\" data-postid=\"23016\" role=\"article\" data-post-id=\"23016\" data-word-count=\"425\" data-headline-length=\"55\" data-category=\"Tour de France\" data-global-category=\"Cycling\" data-author=\"We Love Cycling\" data-published=\"2023-07-11T08:00:18+02:00\" data-published-day=\"Tuesday\">\n    <div class=\"entry-thumbnail article-thumbnail video-thumbnail\" content=\"https:\/\/d2p6e6u75xmxt8.cloudfront.net\/13\/2023\/07\/CEM_8794-150x150.webp\"><svg class=\"play font-icon\"><use href=\"#play_round\" xlink:href=\"#play_round\"><\/use><\/svg><a href=\"https:\/\/www.welovecycling.com\/cs\/2023\/07\/11\/ceska-stopa-na-tour-de-france-fanousci-a-atmosfera\/\" class=\"image-holder\" target=\"_self\"><img decoding=\"async\" loading=\"lazy\" class=\"\" src=\"https:\/\/d2p6e6u75xmxt8.cloudfront.net\/13\/2023\/07\/CEM_8794-1024x683.webp\" srcset=\"https:\/\/d2p6e6u75xmxt8.cloudfront.net\/13\/2023\/07\/CEM_8794.webp 8192w, https:\/\/d2p6e6u75xmxt8.cloudfront.net\/13\/2023\/07\/CEM_8794-300x200.webp 300w, https:\/\/d2p6e6u75xmxt8.cloudfront.net\/13\/2023\/07\/CEM_8794-1024x683.webp 1024w, https:\/\/d2p6e6u75xmxt8.cloudfront.net\/13\/2023\/07\/CEM_8794-768x512.webp 768w, https:\/\/d2p6e6u75xmxt8.cloudfront.net\/13\/2023\/07\/CEM_8794-1536x1025.webp 1536w, https:\/\/d2p6e6u75xmxt8.cloudfront.net\/13\/2023\/07\/CEM_8794-400x267.webp 400w, https:\/\/d2p6e6u75xmxt8.cloudfront.net\/13\/2023\/07\/CEM_8794-272x182.webp 272w\" width=\"1024\" height=\"683\" sizes=\"auto, (min-width: 1200px) 300px, (min-width: 768px) 25vw, 100vw\" alt=\"ceska-stopa-na-tour-de-france-fanousci-a-atmosfera\"\/><\/a><\/div>    <div class=\"entry-meta\">\n        <a class=\"label label-secondary post-category\" href=\"https:\/\/www.welovecycling.com\/cs\/category\/tour-de-france\/\" title=\"Tour de France\">Tour de France<\/a>\n    <\/div>\n    <div class=\"entry-details\">\n        <a href=\"https:\/\/www.welovecycling.com\/cs\/2023\/07\/11\/ceska-stopa-na-tour-de-france-fanousci-a-atmosfera\/\" class='entry-title-wrapper'>\n            <h3 class=\"entry-title\"><span>\u010cesk\u00e1 stopa na Tour de France: Fanou\u0161ci a atmosf\u00e9ra<\/span><\/h3>\n        <\/a>\n    <\/div>\n    <\/article>\n<\/div>\n<p>\u201eByli jsme zvykl\u00ed, \u017ee bojoval o v\u00edt\u011bzstv\u00ed t\u00e9m\u011b\u0159 v\u00a0ka\u017ed\u00e9 etap\u011b, pokud byla rovinat\u00e1 nebo st\u0159edn\u011b t\u011b\u017ek\u00e1,\u201c p\u0159ipom\u00edn\u00e1 J\u00e1n Svorada v\u00fdjime\u010dn\u00e9 um\u011bn\u00ed Sagana.<\/p>\n<h2><strong>Incident s Cavendishem p\u0159erval zelenou s\u00e9rii<\/strong><\/h2>\n<p>Jeho ta\u017een\u00ed za rekordn\u00ed s\u00e9ri\u00ed v\u00a0bitv\u011b o zelen\u00fd dres p\u0159erval incident s\u00a0Markem Cavnedishem ve spurtu \u010dtvrt\u00e9 etapy, po n\u011bm\u017e byl Peter Sagan vylou\u010den ze z\u00e1vodu. Kdy\u017e se na Tour de France o rok pozd\u011bji vracel, byl u\u017e trojn\u00e1sobn\u00fdm mistrem sv\u011bta.<\/p>\n<p>Vyhr\u00e1l t\u0159i etapy. \u010cty\u0159ikr\u00e1t spurtoval mezi t\u0159emi nejlep\u0161\u00edmi. V\u00a0sezon\u011b 2019 pak p\u0159idal zat\u00edm posledn\u00ed dvan\u00e1ct\u00fd triumf a posedm\u00e9 obl\u00e9kl v\u00a0Pa\u0159\u00ed\u017ei zelen\u00fd trikot! \u201eTour de France zm\u011bnila m\u016fj \u017eivot,\u201c neskr\u00fdv\u00e1 Peter Sagan.<\/p>\n<figure id=\"attachment_20515\" aria-describedby=\"caption-attachment-20515\" style=\"width: 1800px\" class=\"wp-caption alignnone\"><a href=\"https:\/\/d2p6e6u75xmxt8.cloudfront.net\/13\/2023\/01\/Sagan-profimedia-0461174188.webp\"><img loading=\"lazy\" decoding=\"async\" class=\"size-full wp-image-20515\" src=\"https:\/\/d2p6e6u75xmxt8.cloudfront.net\/13\/2023\/01\/Sagan-profimedia-0461174188.webp\" alt=\"Peter Sagan\" width=\"1800\" height=\"1200\" srcset=\"https:\/\/d2p6e6u75xmxt8.cloudfront.net\/13\/2023\/01\/Sagan-profimedia-0461174188.webp 1800w, https:\/\/d2p6e6u75xmxt8.cloudfront.net\/13\/2023\/01\/Sagan-profimedia-0461174188-300x200.webp 300w, https:\/\/d2p6e6u75xmxt8.cloudfront.net\/13\/2023\/01\/Sagan-profimedia-0461174188-1024x683.webp 1024w, https:\/\/d2p6e6u75xmxt8.cloudfront.net\/13\/2023\/01\/Sagan-profimedia-0461174188-768x512.webp 768w, https:\/\/d2p6e6u75xmxt8.cloudfront.net\/13\/2023\/01\/Sagan-profimedia-0461174188-1536x1024.webp 1536w, https:\/\/d2p6e6u75xmxt8.cloudfront.net\/13\/2023\/01\/Sagan-profimedia-0461174188-272x182.webp 272w\" sizes=\"auto, (max-width: 1800px) 100vw, 1800px\" \/><\/a><figcaption id=\"caption-attachment-20515\" class=\"wp-caption-text\"><em>Peter Sagan v zelen\u00e9m dresu kr\u00e1le bodovac\u00ed sout\u011b\u017ee.<\/em><\/figcaption><\/figure>\n<p>N\u00e1stup pandemie koronaviru o rok pozd\u011bji v\u0161ak v\u0161echno zm\u011bnil. Tour de France v\u00a0roce 2020 se jela a\u017e v\u00a0pozd\u011bj\u0161\u00ed \u010d\u00e1sti sezony. Mnoho jezdc\u016f vstupovalo do sezony po prod\u011blan\u00e9m covidu. Pr\u00e1v\u011b Peter Sagan prod\u011blal nemoc opakovan\u011b. A v\u00a0dal\u0161\u00edm roce znovu. K\u00a0tomu se p\u0159idal rozvod se \u017eenou Katarinou.<\/p>\n<p>\u201eJenom Peter v\u00ed, zda se po opakovan\u011b prod\u011blan\u00e9m covidu dok\u00e1zal dostat fyzicky na \u00farove\u0148, kterou m\u011bl p\u0159ed pandemi\u00ed,\u201c upozor\u0148uje J\u00e1n Svorada, \u017ee propad v\u00fdkonnosti za posledn\u00ed \u010dty\u0159i roky je z\u0159eteln\u00fd.<\/p>\n<div class=\"shortcode-ys-post-pinup\"><article class=\"loop-simple post-20513 post type-post status-publish format-standard has-post-thumbnail hentry category-silnicni-cyklistika tag-cyklistika tag-horska-cyklistika tag-kolem-flander tag-mistr-sveta tag-mistrovstvi-sveta tag-pariz-roubaix tag-peter-sagan tag-silnicni-cyklistika tag-total-energies tag-tour-de-france tag-vuelta-san-juan tag-zeleny-dres global-categories-cycling\" data-postid=\"20513\" role=\"article\" data-post-id=\"20513\" data-word-count=\"449\" data-headline-length=\"88\" data-category=\"Silni\u010dn\u00ed cyklistika\" data-global-category=\"Cycling\" data-author=\"Jan Kr\u016fta\" data-published=\"2023-01-27T09:09:10+02:00\" data-published-day=\"Friday\">\n    <div class=\"entry-thumbnail article-thumbnail\" content=\"https:\/\/d2p6e6u75xmxt8.cloudfront.net\/13\/2023\/01\/Sagan-profimedia-0461174188-150x150.webp\"><a href=\"https:\/\/www.welovecycling.com\/cs\/2023\/01\/27\/peter-sagan-konci-na-silnici-po-sezone-se-zameri-na-biky-a-olympiadu-v-parizi\/\" class=\"image-holder\" target=\"_self\"><img decoding=\"async\" loading=\"lazy\" class=\"\" src=\"https:\/\/d2p6e6u75xmxt8.cloudfront.net\/13\/2023\/01\/Sagan-profimedia-0461174188-1024x683.webp\" srcset=\"https:\/\/d2p6e6u75xmxt8.cloudfront.net\/13\/2023\/01\/Sagan-profimedia-0461174188.webp 1800w, https:\/\/d2p6e6u75xmxt8.cloudfront.net\/13\/2023\/01\/Sagan-profimedia-0461174188-300x200.webp 300w, https:\/\/d2p6e6u75xmxt8.cloudfront.net\/13\/2023\/01\/Sagan-profimedia-0461174188-1024x683.webp 1024w, https:\/\/d2p6e6u75xmxt8.cloudfront.net\/13\/2023\/01\/Sagan-profimedia-0461174188-768x512.webp 768w, https:\/\/d2p6e6u75xmxt8.cloudfront.net\/13\/2023\/01\/Sagan-profimedia-0461174188-1536x1024.webp 1536w, https:\/\/d2p6e6u75xmxt8.cloudfront.net\/13\/2023\/01\/Sagan-profimedia-0461174188-272x182.webp 272w\" width=\"1024\" height=\"683\" sizes=\"auto, (min-width: 1200px) 300px, (min-width: 768px) 25vw, 100vw\" alt=\"peter-sagan-konci-na-silnici-po-sezone-se-zameri-na-biky-a-olympiadu-v-parizi\"\/><\/a><\/div>    <div class=\"entry-meta\">\n        <a class=\"label label-secondary post-category\" href=\"https:\/\/www.welovecycling.com\/cs\/category\/silnicni-cyklistika\/\" title=\"Silni\u010dn\u00ed cyklistika\">Silni\u010dn\u00ed cyklistika<\/a>\n    <\/div>\n    <div class=\"entry-details\">\n        <a href=\"https:\/\/www.welovecycling.com\/cs\/2023\/01\/27\/peter-sagan-konci-na-silnici-po-sezone-se-zameri-na-biky-a-olympiadu-v-parizi\/\" class='entry-title-wrapper'>\n            <h3 class=\"entry-title\"><span>Peter Sagan kon\u010d\u00ed na silnici! Po sezon\u011b se zam\u011b\u0159\u00ed na biky a olympi\u00e1du v Pa\u0159\u00ed\u017ei<\/span><\/h3>\n        <\/a>\n    <\/div>\n    <\/article>\n<\/div>\n<p>\u201eJeho v\u00fdkonnost nen\u00ed takov\u00e1, jak jsme byli zvykl\u00ed. Mlad\u00ed kluci jsou agresivn\u00ed, perou se o m\u00edsto na v\u00fdslun\u00ed. A pochopiteln\u011b Peter st\u00e1rne. Pak nastupuje ot\u00e1zka motivace. Vyhr\u00e1l v\u0161echno, o \u010dem m\u016f\u017ee cyklista sn\u00edt,\u201c podot\u00fdk\u00e1 J\u00e1n Svorada, b\u00fdval\u00fd excelentn\u00ed spurter. \u201eS p\u0159ib\u00fdvaj\u00edc\u00edm v\u011bkem si ur\u010dit\u011b z\u0159eteln\u011bji uv\u011bdomuje rizika. Kdy\u017e je spurt na hran\u011b a tro\u0161ku zav\u00e1h\u00e1, hned ztr\u00e1c\u00ed pozice i rychlost,\u201c kr\u010d\u00ed rameny rychlost.<\/p>\n<p>Fakt, \u017ee Peter Sagan jezd\u00ed ve francouzsk\u00e9m t\u00fdmu bez v\u00fdrazn\u011bj\u0161\u00ed podpory, nepova\u017euje za dramatick\u00fd probl\u00e9m. \u201eMnohdy vyhr\u00e1l zelen\u00fd dres v\u00a0situaci, kdy nem\u011bl t\u00e9m\u011b\u0159 \u017e\u00e1dnou pomoc. Byl zvykl\u00fd improvizovat. Ale m\u011bl takovou v\u00fdkonnost, \u017ee k\u00a0sob\u011b vlastn\u011b nikoho nepot\u0159eboval,\u201c p\u0159ipom\u00edn\u00e1 Svorada.<\/p>\n<p>Maximem Sagana z\u00a0posledn\u00edch \u010dty\u0159 \u00fa\u010dast\u00ed tak dost mo\u017en\u00e1 z\u016fstanou dv\u011b t\u0159et\u00ed m\u00edsta pr\u00e1v\u011b z\u00a0ro\u010dn\u00edku 2020. Nebo dok\u00e1\u017ee Slov\u00e1k v\u00a018., 19. \u010di 21. etap\u011b p\u0159ekvapit? \u201eMysl\u00edm, \u017ee ka\u017ed\u00e9 um\u00edst\u011bn\u00ed do des\u00edtky bude pro Petera super,\u201c prorokuje Svorada.<\/p>\n","protected":false},"excerpt":{"rendered":"<p>Sedmkr\u00e1t ovl\u00e1dl bodovac\u00ed sout\u011b\u017e o zelen\u00fd trikot Tour de France. Dr\u017e\u00ed rekord, kter\u00fd bude t\u011b\u017eko n\u011bkdo p\u0159ekon\u00e1vat. Peter Sagan je [&hellip;]<\/p>\n","protected":false},"author":138,"featured_media":23083,"comment_status":"open","ping_status":"open","sticky":false,"template":"","format":"standard","meta":{"footnotes":""},"categories":[1711],"tags":[1117,126,18,9,2647,1116],"global-categories":[411],"class_list":["post-23139","post","type-post","status-publish","format-standard","has-post-thumbnail","hentry","category-tour-de-france","tag-bodovaci-soutez","tag-cyklistika","tag-peter-sagan","tag-silnicni-cyklistika","tag-tour-de-france-2023","tag-zeleny-trikot","global-categories-cycling"],"yoast_head":"<!-- This site is optimized with the Yoast SEO Premium plugin v25.3 (Yoast SEO v25.9) - https:\/\/yoast.com\/wordpress\/plugins\/seo\/ -->\n<title>Peter Sagan a jeho dv\u011b posledn\u00ed \u0161ance na rozlu\u010dku s \u00fasm\u011bvem | \u0160koda We Love Cycling - \u010cesk\u00e1 republika<\/title>\n<meta name=\"description\" content=\"Peter Sagan jede posledn\u00ed Tour de France kari\u00e9ry. Dok\u00e1\u017ee sedmin\u00e1sobn\u00fd v\u00edt\u011bz zelen\u00e9ho dresu je\u0161t\u011b oslnit? Nebo opust\u00ed sc\u00e9nu bez fanf\u00e1r?\" \/>\n<meta name=\"robots\" content=\"index, follow, max-snippet:-1, max-image-preview:large, max-video-preview:-1\" \/>\n<link rel=\"canonical\" href=\"https:\/\/www.welovecycling.com\/cs\/2023\/07\/20\/peter-sagan-a-jeho-dve-posledni-sance-na\/\" \/>\n<meta property=\"og:locale\" content=\"cs_CZ\" \/>\n<meta property=\"og:type\" content=\"article\" \/>\n<meta property=\"og:title\" content=\"Peter Sagan a jeho dv\u011b posledn\u00ed \u0161ance na rozlu\u010dku s \u00fasm\u011bvem\" \/>\n<meta property=\"og:description\" content=\"Peter Sagan jede posledn\u00ed Tour de France kari\u00e9ry. Dok\u00e1\u017ee sedmin\u00e1sobn\u00fd v\u00edt\u011bz zelen\u00e9ho dresu je\u0161t\u011b oslnit? Nebo opust\u00ed sc\u00e9nu bez fanf\u00e1r?\" \/>\n<meta property=\"og:url\" content=\"https:\/\/www.welovecycling.com\/cs\/2023\/07\/20\/peter-sagan-a-jeho-dve-posledni-sance-na\/\" \/>\n<meta property=\"og:site_name\" content=\"\u0160koda We Love Cycling - \u010cesk\u00e1 republika\" \/>\n<meta property=\"article:published_time\" content=\"2023-07-20T11:00:08+00:00\" \/>\n<meta property=\"og:image\" content=\"https:\/\/d2p6e6u75xmxt8.cloudfront.net\/13\/2023\/07\/TDF-Sagan.webp\" \/>\n\t<meta property=\"og:image:width\" content=\"2048\" \/>\n\t<meta property=\"og:image:height\" content=\"1365\" \/>\n\t<meta property=\"og:image:type\" content=\"image\/webp\" \/>\n<meta name=\"author\" content=\"radekmalina\" \/>\n<meta name=\"twitter:card\" content=\"summary_large_image\" \/>\n<meta name=\"twitter:label1\" content=\"Written by\" \/>\n\t<meta name=\"twitter:data1\" content=\"Jan Kr\u016fta\" \/>\n\t<meta name=\"twitter:label2\" content=\"Est. reading time\" \/>\n\t<meta name=\"twitter:data2\" content=\"6\" \/>\n<script type=\"application\/ld+json\" class=\"yoast-schema-graph\">{\"@context\":\"https:\/\/schema.org\",\"@graph\":[{\"@type\":\"WebPage\",\"@id\":\"https:\/\/www.welovecycling.com\/cs\/2023\/07\/20\/peter-sagan-a-jeho-dve-posledni-sance-na\/\",\"url\":\"https:\/\/www.welovecycling.com\/cs\/2023\/07\/20\/peter-sagan-a-jeho-dve-posledni-sance-na\/\",\"name\":\"Peter Sagan a jeho dv\u011b posledn\u00ed \u0161ance na rozlu\u010dku s \u00fasm\u011bvem | \u0160koda We Love Cycling - \u010cesk\u00e1 republika\",\"isPartOf\":{\"@id\":\"https:\/\/www.welovecycling.com\/cs\/#website\"},\"primaryImageOfPage\":{\"@id\":\"https:\/\/www.welovecycling.com\/cs\/2023\/07\/20\/peter-sagan-a-jeho-dve-posledni-sance-na\/#primaryimage\"},\"image\":{\"@id\":\"https:\/\/www.welovecycling.com\/cs\/2023\/07\/20\/peter-sagan-a-jeho-dve-posledni-sance-na\/#primaryimage\"},\"thumbnailUrl\":\"https:\/\/d2p6e6u75xmxt8.cloudfront.net\/13\/2023\/07\/TDF-Sagan.webp\",\"datePublished\":\"2023-07-20T11:00:08+00:00\",\"author\":{\"@id\":\"https:\/\/www.welovecycling.com\/cs\/#\/schema\/person\/d9eeb0a378f3a7e4a6d12d2b536b04b8\"},\"description\":\"Peter Sagan jede posledn\u00ed Tour de France kari\u00e9ry. Dok\u00e1\u017ee sedmin\u00e1sobn\u00fd v\u00edt\u011bz zelen\u00e9ho dresu je\u0161t\u011b oslnit? Nebo opust\u00ed sc\u00e9nu bez fanf\u00e1r?\",\"inLanguage\":\"cs\",\"potentialAction\":[{\"@type\":\"ReadAction\",\"target\":[\"https:\/\/www.welovecycling.com\/cs\/2023\/07\/20\/peter-sagan-a-jeho-dve-posledni-sance-na\/\"]}]},{\"@type\":\"ImageObject\",\"inLanguage\":\"cs\",\"@id\":\"https:\/\/www.welovecycling.com\/cs\/2023\/07\/20\/peter-sagan-a-jeho-dve-posledni-sance-na\/#primaryimage\",\"url\":\"https:\/\/d2p6e6u75xmxt8.cloudfront.net\/13\/2023\/07\/TDF-Sagan.webp\",\"contentUrl\":\"https:\/\/d2p6e6u75xmxt8.cloudfront.net\/13\/2023\/07\/TDF-Sagan.webp\",\"width\":2048,\"height\":1365,\"caption\":\"Peter Sagan b\u011bhem posledn\u00ed Tour de France kari\u00e9ry.\"},{\"@type\":\"WebSite\",\"@id\":\"https:\/\/www.welovecycling.com\/cs\/#website\",\"url\":\"https:\/\/www.welovecycling.com\/cs\/\",\"name\":\"\u0160koda We Love Cycling - \u010cesk\u00e1 republika\",\"description\":\"WeLoveCycling.cz je online magaz\u00edn, kter\u00fd v\u00e1m pravideln\u011b p\u0159in\u00e1\u0161\u00ed rady a tipy, zaj\u00edmav\u00e9 \u010dl\u00e1nky, videa a jedine\u010dn\u00e9 report\u00e1\u017ee ze sv\u011bta cyklistiky.\",\"potentialAction\":[{\"@type\":\"SearchAction\",\"target\":{\"@type\":\"EntryPoint\",\"urlTemplate\":\"https:\/\/www.welovecycling.com\/cs\/?s={search_term_string}\"},\"query-input\":{\"@type\":\"PropertyValueSpecification\",\"valueRequired\":true,\"valueName\":\"search_term_string\"}}],\"inLanguage\":\"cs\"},{\"@type\":\"Person\",\"@id\":\"https:\/\/www.welovecycling.com\/cs\/#\/schema\/person\/d9eeb0a378f3a7e4a6d12d2b536b04b8\",\"name\":\"radekmalina\",\"image\":{\"@type\":\"ImageObject\",\"inLanguage\":\"cs\",\"@id\":\"https:\/\/www.welovecycling.com\/cs\/#\/schema\/person\/image\/\",\"url\":\"https:\/\/secure.gravatar.com\/avatar\/66994b632cb8c39a46b9f54afa3ae07201b678d32a54275b6f1c9ffec356bfc0?s=96&d=mm&r=g\",\"contentUrl\":\"https:\/\/secure.gravatar.com\/avatar\/66994b632cb8c39a46b9f54afa3ae07201b678d32a54275b6f1c9ffec356bfc0?s=96&d=mm&r=g\",\"caption\":\"radekmalina\"},\"url\":\"https:\/\/www.welovecycling.com\/cs\/author\/radekmalina\/\"}]}<\/script>\n<!-- \/ Yoast SEO Premium plugin. -->","yoast_head_json":{"title":"Peter Sagan a jeho dv\u011b posledn\u00ed \u0161ance na rozlu\u010dku s \u00fasm\u011bvem | \u0160koda We Love Cycling - \u010cesk\u00e1 republika","description":"Peter Sagan jede posledn\u00ed Tour de France kari\u00e9ry. Dok\u00e1\u017ee sedmin\u00e1sobn\u00fd v\u00edt\u011bz zelen\u00e9ho dresu je\u0161t\u011b oslnit? Nebo opust\u00ed sc\u00e9nu bez fanf\u00e1r?","robots":{"index":"index","follow":"follow","max-snippet":"max-snippet:-1","max-image-preview":"max-image-preview:large","max-video-preview":"max-video-preview:-1"},"canonical":"https:\/\/www.welovecycling.com\/cs\/2023\/07\/20\/peter-sagan-a-jeho-dve-posledni-sance-na\/","og_locale":"cs_CZ","og_type":"article","og_title":"Peter Sagan a jeho dv\u011b posledn\u00ed \u0161ance na rozlu\u010dku s \u00fasm\u011bvem","og_description":"Peter Sagan jede posledn\u00ed Tour de France kari\u00e9ry. Dok\u00e1\u017ee sedmin\u00e1sobn\u00fd v\u00edt\u011bz zelen\u00e9ho dresu je\u0161t\u011b oslnit? Nebo opust\u00ed sc\u00e9nu bez fanf\u00e1r?","og_url":"https:\/\/www.welovecycling.com\/cs\/2023\/07\/20\/peter-sagan-a-jeho-dve-posledni-sance-na\/","og_site_name":"\u0160koda We Love Cycling - \u010cesk\u00e1 republika","article_published_time":"2023-07-20T11:00:08+00:00","og_image":[{"width":2048,"height":1365,"url":"https:\/\/d2p6e6u75xmxt8.cloudfront.net\/13\/2023\/07\/TDF-Sagan.webp","type":"image\/webp"}],"author":"radekmalina","twitter_card":"summary_large_image","twitter_misc":{"Written by":"Jan Kr\u016fta","Est. reading time":"6"},"schema":{"@context":"https:\/\/schema.org","@graph":[{"@type":"WebPage","@id":"https:\/\/www.welovecycling.com\/cs\/2023\/07\/20\/peter-sagan-a-jeho-dve-posledni-sance-na\/","url":"https:\/\/www.welovecycling.com\/cs\/2023\/07\/20\/peter-sagan-a-jeho-dve-posledni-sance-na\/","name":"Peter Sagan a jeho dv\u011b posledn\u00ed \u0161ance na rozlu\u010dku s \u00fasm\u011bvem | \u0160koda We Love Cycling - \u010cesk\u00e1 republika","isPartOf":{"@id":"https:\/\/www.welovecycling.com\/cs\/#website"},"primaryImageOfPage":{"@id":"https:\/\/www.welovecycling.com\/cs\/2023\/07\/20\/peter-sagan-a-jeho-dve-posledni-sance-na\/#primaryimage"},"image":{"@id":"https:\/\/www.welovecycling.com\/cs\/2023\/07\/20\/peter-sagan-a-jeho-dve-posledni-sance-na\/#primaryimage"},"thumbnailUrl":"https:\/\/d2p6e6u75xmxt8.cloudfront.net\/13\/2023\/07\/TDF-Sagan.webp","datePublished":"2023-07-20T11:00:08+00:00","author":{"@id":"https:\/\/www.welovecycling.com\/cs\/#\/schema\/person\/d9eeb0a378f3a7e4a6d12d2b536b04b8"},"description":"Peter Sagan jede posledn\u00ed Tour de France kari\u00e9ry. Dok\u00e1\u017ee sedmin\u00e1sobn\u00fd v\u00edt\u011bz zelen\u00e9ho dresu je\u0161t\u011b oslnit? Nebo opust\u00ed sc\u00e9nu bez fanf\u00e1r?","inLanguage":"cs","potentialAction":[{"@type":"ReadAction","target":["https:\/\/www.welovecycling.com\/cs\/2023\/07\/20\/peter-sagan-a-jeho-dve-posledni-sance-na\/"]}]},{"@type":"ImageObject","inLanguage":"cs","@id":"https:\/\/www.welovecycling.com\/cs\/2023\/07\/20\/peter-sagan-a-jeho-dve-posledni-sance-na\/#primaryimage","url":"https:\/\/d2p6e6u75xmxt8.cloudfront.net\/13\/2023\/07\/TDF-Sagan.webp","contentUrl":"https:\/\/d2p6e6u75xmxt8.cloudfront.net\/13\/2023\/07\/TDF-Sagan.webp","width":2048,"height":1365,"caption":"Peter Sagan b\u011bhem posledn\u00ed Tour de France kari\u00e9ry."},{"@type":"WebSite","@id":"https:\/\/www.welovecycling.com\/cs\/#website","url":"https:\/\/www.welovecycling.com\/cs\/","name":"\u0160koda We Love Cycling - \u010cesk\u00e1 republika","description":"WeLoveCycling.cz je online magaz\u00edn, kter\u00fd v\u00e1m pravideln\u011b p\u0159in\u00e1\u0161\u00ed rady a tipy, zaj\u00edmav\u00e9 \u010dl\u00e1nky, videa a jedine\u010dn\u00e9 report\u00e1\u017ee ze sv\u011bta cyklistiky.","potentialAction":[{"@type":"SearchAction","target":{"@type":"EntryPoint","urlTemplate":"https:\/\/www.welovecycling.com\/cs\/?s={search_term_string}"},"query-input":{"@type":"PropertyValueSpecification","valueRequired":true,"valueName":"search_term_string"}}],"inLanguage":"cs"},{"@type":"Person","@id":"https:\/\/www.welovecycling.com\/cs\/#\/schema\/person\/d9eeb0a378f3a7e4a6d12d2b536b04b8","name":"radekmalina","image":{"@type":"ImageObject","inLanguage":"cs","@id":"https:\/\/www.welovecycling.com\/cs\/#\/schema\/person\/image\/","url":"https:\/\/secure.gravatar.com\/avatar\/66994b632cb8c39a46b9f54afa3ae07201b678d32a54275b6f1c9ffec356bfc0?s=96&d=mm&r=g","contentUrl":"https:\/\/secure.gravatar.com\/avatar\/66994b632cb8c39a46b9f54afa3ae07201b678d32a54275b6f1c9ffec356bfc0?s=96&d=mm&r=g","caption":"radekmalina"},"url":"https:\/\/www.welovecycling.com\/cs\/author\/radekmalina\/"}]}},"_links":{"self":[{"href":"https:\/\/www.welovecycling.com\/cs\/wp-json\/wp\/v2\/posts\/23139","targetHints":{"allow":["GET"]}}],"collection":[{"href":"https:\/\/www.welovecycling.com\/cs\/wp-json\/wp\/v2\/posts"}],"about":[{"href":"https:\/\/www.welovecycling.com\/cs\/wp-json\/wp\/v2\/types\/post"}],"author":[{"embeddable":true,"href":"https:\/\/www.welovecycling.com\/cs\/wp-json\/wp\/v2\/users\/138"}],"replies":[{"embeddable":true,"href":"https:\/\/www.welovecycling.com\/cs\/wp-json\/wp\/v2\/comments?post=23139"}],"version-history":[{"count":2,"href":"https:\/\/www.welovecycling.com\/cs\/wp-json\/wp\/v2\/posts\/23139\/revisions"}],"predecessor-version":[{"id":23154,"href":"https:\/\/www.welovecycling.com\/cs\/wp-json\/wp\/v2\/posts\/23139\/revisions\/23154"}],"wp:featuredmedia":[{"embeddable":true,"href":"https:\/\/www.welovecycling.com\/cs\/wp-json\/wp\/v2\/media\/23083"}],"wp:attachment":[{"href":"https:\/\/www.welovecycling.com\/cs\/wp-json\/wp\/v2\/media?parent=23139"}],"wp:term":[{"taxonomy":"category","embeddable":true,"href":"https:\/\/www.welovecycling.com\/cs\/wp-json\/wp\/v2\/categories?post=23139"},{"taxonomy":"post_tag","embeddable":true,"href":"https:\/\/www.welovecycling.com\/cs\/wp-json\/wp\/v2\/tags?post=23139"},{"taxonomy":"global-categories","embeddable":true,"href":"https:\/\/www.welovecycling.com\/cs\/wp-json\/wp\/v2\/global-categories?post=23139"}],"curies":[{"name":"wp","href":"https:\/\/api.w.org\/{rel}","templated":true}]}}