{"id":23127,"date":"2023-07-21T16:00:33","date_gmt":"2023-07-21T14:00:33","guid":{"rendered":"https:\/\/www.welovecycling.com\/cs\/?p=23127"},"modified":"2023-07-21T16:18:18","modified_gmt":"2023-07-21T14:18:18","slug":"zdenek-stybar-s-tour-de-france-mam-nevyrizene-ucty-proto-se-vratim","status":"publish","type":"post","link":"https:\/\/www.welovecycling.com\/cs\/2023\/07\/21\/zdenek-stybar-s-tour-de-france-mam-nevyrizene-ucty-proto-se-vratim\/","title":{"rendered":"Zden\u011bk \u0160tybar: S\u00a0Tour de France m\u00e1m nevy\u0159\u00edzen\u00e9 \u00fa\u010dty. Proto se vr\u00e1t\u00edm"},"content":{"rendered":"<p><strong>Vlet\u011bl na c\u00edlovou \u010d\u00e1ru s\u00a0rukou za\u0165atou k\u00a0nebes\u016fm. Zden\u011bk \u0160tybar pro\u017e\u00edval snov\u00fd debut na Tour de France. V\u00a0roce 2015 ovl\u00e1dl \u0161estou etapu. Jako teprve druh\u00fd a zat\u00edm posledn\u00ed \u010cech v\u00a0historii. Nejslavn\u011bj\u0161\u00ed z\u00e1vod planety pak absolvoval je\u0161t\u011b jednou. V\u00a0d\u011bji\u0161ti startu byl p\u0159itom i v\u00a0roce 2020. Jen\u017ee tehdy jej o \u00fa\u010dast p\u0159ipravilo zran\u011bn\u00ed. Stejn\u011b jako letos, kdy m\u011bl nominaci po p\u0159estupu do Jayco AlUla jistou.<\/strong><\/p>\n<p>\u201eS Tour de France m\u00e1m nevy\u0159\u00edzen\u00e9 \u00fa\u010dty. I proto j\u00ed d\u00e1m je\u0161t\u011b jednu \u0161anci,\u201c sm\u011bje se Zden\u011bk \u0160tybar v\u00a0rozhovoru pro WeLoveCycling,cz v\u00a0dokumentu \u010cesk\u00e1 stopa na Tour de France. Vypravuje o stresu na Grande Boucle, radosti z\u00a0vyhran\u00e9 etapy i zklam\u00e1n\u00ed<\/p>\n<h2><strong>Zde\u0148ku Tour de France je fenom\u00e9n, kter\u00fd sleduj\u00ed nejen cyklisti\u010dt\u00ed fanou\u0161ci. I proto si va\u0161e jm\u00e9no spoj\u00ed mnoz\u00ed pr\u00e1v\u011b s\u00a0triumfem v\u00a0\u0161est\u00e9 etap\u011b ro\u010dn\u00edku 2015. Jde i pro v\u00e1s o vrchol silni\u010dn\u00ed kari\u00e9ry?<\/strong><\/h2>\n<p>M\u00edt v\u00a0\u017eivotopise v\u00edt\u011bzstv\u00ed v\u00a0etap\u011b Tour de France je super. J\u00e1 m\u011bl obrovskou radost. Tehdy se n\u00e1m \u010dtrn\u00e1ct dn\u016f p\u0159ed startem z\u00e1vodu narodil syn a \u017eili jsme v\u00a0oblac\u00edch. M\u016fj triumf v\u00a0Le Havru v\u0161e podtrhl. Ale v\u00edt\u011bzstv\u00ed na etap\u00e1ku je specifick\u00e9. A je jedno, zda jedete Tour, Vueltu nebo Tirreno-Adriatico. Jdete na stupn\u011b, honem mus\u00edte do auta, proto\u017ee \u010dek\u00e1 transfer do hotelu. Mas\u00e1\u017e, ve\u010de\u0159e a r\u00e1no nov\u00e1 etapa. P\u016flka bal\u00edku mi pogratulovala a jeli jsme d\u00e1l. Je to obrovsk\u00e1 euforie, ale nem\u00e1te \u0161anci si ji vychutnat.<\/p>\n<h2><strong>Tud\u00ed\u017e kup\u0159\u00edkladu triumfy z\u00a0jednor\u00e1zovek jsou stejn\u011b v\u00fdznamn\u00e9 jako etapa na Tour de France?<\/strong><\/h2>\n<p>Z\u00a0hlediska v\u00fdkonu ur\u010dit\u011b. Mo\u017en\u00e1 jsou dokonce \u00fapln\u011b jinde. Nav\u00edc \u010dlov\u011bk si prost\u011b vychutn\u00e1 v\u0161echno kolem. Kdy\u017e vyhrajete jednor\u00e1zovku, m\u00e1te minim\u00e1ln\u011b t\u0159i dny do dal\u0161\u00edho z\u00e1vodu. N\u011bkdy t\u00fdden. Jedete na tr\u00e9nink a u\u017e\u00edv\u00e1te si, co se v\u00e1m povedlo.<\/p>\n<figure id=\"attachment_23128\" aria-describedby=\"caption-attachment-23128\" style=\"width: 1800px\" class=\"wp-caption alignnone\"><a href=\"https:\/\/d2p6e6u75xmxt8.cloudfront.net\/13\/2023\/07\/stybar-profimedia-0252407237-1.webp\"><img loading=\"lazy\" decoding=\"async\" class=\"size-full wp-image-23128\" src=\"https:\/\/d2p6e6u75xmxt8.cloudfront.net\/13\/2023\/07\/stybar-profimedia-0252407237-1.webp\" alt=\"Zden\u011bk \u0160tybar se \u0159\u00edt\u00ed pro v\u00edt\u011bzstv\u00ed v 6. etap\u011b Tour de France 2015.\" width=\"1800\" height=\"1198\" srcset=\"https:\/\/d2p6e6u75xmxt8.cloudfront.net\/13\/2023\/07\/stybar-profimedia-0252407237-1.webp 1800w, https:\/\/d2p6e6u75xmxt8.cloudfront.net\/13\/2023\/07\/stybar-profimedia-0252407237-1-300x200.webp 300w, https:\/\/d2p6e6u75xmxt8.cloudfront.net\/13\/2023\/07\/stybar-profimedia-0252407237-1-1024x682.webp 1024w, https:\/\/d2p6e6u75xmxt8.cloudfront.net\/13\/2023\/07\/stybar-profimedia-0252407237-1-768x511.webp 768w, https:\/\/d2p6e6u75xmxt8.cloudfront.net\/13\/2023\/07\/stybar-profimedia-0252407237-1-1536x1022.webp 1536w, https:\/\/d2p6e6u75xmxt8.cloudfront.net\/13\/2023\/07\/stybar-profimedia-0252407237-1-400x266.webp 400w, https:\/\/d2p6e6u75xmxt8.cloudfront.net\/13\/2023\/07\/stybar-profimedia-0252407237-1-272x182.webp 272w\" sizes=\"auto, (max-width: 1800px) 100vw, 1800px\" \/><\/a><figcaption id=\"caption-attachment-23128\" class=\"wp-caption-text\"><em>Zden\u011bk \u0160tybar se \u0159\u00edt\u00ed pro v\u00edt\u011bzstv\u00ed v 6. etap\u011b Tour de France 2015.<\/em><\/figcaption><\/figure>\n<h2><strong>M\u00e1 pro v\u00e1s Tour de France v\u00fdsostn\u00e9 m\u00edsto z\u00a0hlediska vn\u00edm\u00e1n\u00ed z\u00e1vodn\u00edho kalend\u00e1\u0159e?<\/strong><\/h2>\n<p>Tour m\u011b nadchla, ale nem\u00e1m dobr\u00e9 vzpom\u00ednky. V\u00a0roce 2016 jsem se chystal speci\u00e1ln\u011b na Tour de France. Bylo domluven\u00e9, \u017ee z\u00e1vod pojedu. Gener\u00e1lkou pro m\u011b byl etap\u00e1k Kolem \u0160v\u00fdcarska. Pojal jsem ho jako skv\u011bl\u00fd tr\u00e9nink, aby n\u00e1sledn\u011b ve Francii moje forma gradovala. V\u016fbec jsem tehdy ne\u0159e\u0161il v\u00fdsledky. Nebyl d\u016fvod. Bylo domluven\u00e9, \u017ee v\u00a0nominaci budu. Jen\u017ee po \u0160v\u00fdcarsku mi v\u00a0t\u00fdmu \u0159ekli, \u017ee jsem nic nezajel a na Tour de France nepojedu.<\/p>\n<div class=\"shortcode-ys-post-pinup\"><article class=\"loop-simple post-23111 post type-post status-publish format-standard has-post-thumbnail hentry category-tour-de-france tag-cyklistika tag-kolik-stoji-kolo tag-nejdrazsi-kolo tag-silnicni-cyklistika tag-tour-de-france tag-tour-de-france-2023 global-categories-cycling\" data-postid=\"23111\" role=\"article\" data-post-id=\"23111\" data-word-count=\"526\" data-headline-length=\"80\" data-category=\"Tour de France\" data-global-category=\"Cycling\" data-author=\"We Love Cycling\" data-published=\"2023-07-17T06:00:43+02:00\" data-published-day=\"Monday\">\n    <div class=\"entry-thumbnail article-thumbnail\" content=\"https:\/\/d2p6e6u75xmxt8.cloudfront.net\/13\/2023\/07\/kola-Vingegaard-Philipsen-150x150.webp\"><a href=\"https:\/\/www.welovecycling.com\/cs\/2023\/07\/17\/kdo-jezdi-na-stroji-za-milion-kolik-stoji-kolo-cyklisty-na-tour-de-france\/\" class=\"image-holder\" target=\"_self\"><img decoding=\"async\" loading=\"lazy\" class=\"\" src=\"https:\/\/d2p6e6u75xmxt8.cloudfront.net\/13\/2023\/07\/kola-Vingegaard-Philipsen-1024x682.webp\" srcset=\"https:\/\/d2p6e6u75xmxt8.cloudfront.net\/13\/2023\/07\/kola-Vingegaard-Philipsen.webp 2048w, https:\/\/d2p6e6u75xmxt8.cloudfront.net\/13\/2023\/07\/kola-Vingegaard-Philipsen-300x200.webp 300w, https:\/\/d2p6e6u75xmxt8.cloudfront.net\/13\/2023\/07\/kola-Vingegaard-Philipsen-1024x682.webp 1024w, https:\/\/d2p6e6u75xmxt8.cloudfront.net\/13\/2023\/07\/kola-Vingegaard-Philipsen-768x512.webp 768w, https:\/\/d2p6e6u75xmxt8.cloudfront.net\/13\/2023\/07\/kola-Vingegaard-Philipsen-1536x1023.webp 1536w, https:\/\/d2p6e6u75xmxt8.cloudfront.net\/13\/2023\/07\/kola-Vingegaard-Philipsen-1920x1279.webp 1920w, https:\/\/d2p6e6u75xmxt8.cloudfront.net\/13\/2023\/07\/kola-Vingegaard-Philipsen-400x266.webp 400w, https:\/\/d2p6e6u75xmxt8.cloudfront.net\/13\/2023\/07\/kola-Vingegaard-Philipsen-272x182.webp 272w, https:\/\/d2p6e6u75xmxt8.cloudfront.net\/13\/2023\/07\/kola-Vingegaard-Philipsen-1920x1279.webp 1920w\" width=\"1024\" height=\"682\" sizes=\"auto, (min-width: 1200px) 300px, (min-width: 768px) 25vw, 100vw\" alt=\"kdo-jezdi-na-stroji-za-milion-kolik-stoji-kolo-cyklisty-na-tour-de-france\"\/><\/a><\/div>    <div class=\"entry-meta\">\n        <a class=\"label label-secondary post-category\" href=\"https:\/\/www.welovecycling.com\/cs\/category\/tour-de-france\/\" title=\"Tour de France\">Tour de France<\/a>\n    <\/div>\n    <div class=\"entry-details\">\n        <a href=\"https:\/\/www.welovecycling.com\/cs\/2023\/07\/17\/kdo-jezdi-na-stroji-za-milion-kolik-stoji-kolo-cyklisty-na-tour-de-france\/\" class='entry-title-wrapper'>\n            <h3 class=\"entry-title\"><span>Kdo jezd\u00ed na stroji za milion? Kolik stoj\u00ed pr\u016fm\u011brn\u00e9 kolo na Tour de France?<\/span><\/h3>\n        <\/a>\n    <\/div>\n    <\/article>\n<\/div>\n<h2><strong>Hodn\u011b drsn\u00e9 procitnut\u00ed.<\/strong><\/h2>\n<p>V\u016fbec jsem to nech\u00e1pal. Marn\u011b jsem argumentoval, \u017ee s\u00a0ohledem na vz\u00e1jemnou domluvu a uji\u0161\u0165ov\u00e1n\u00ed ze strany veden\u00ed bude moje v\u00fdkonnost p\u0159i Tour stoprocentn\u00ed. Z\u016fstal jsem doma&#8230;<\/p>\n<h2><strong>Chu\u0165 jste si spravil o rok pozd\u011bji, kdy byl jedni\u010dkou t\u00fdmu Marcel Kittel a vyhr\u00e1l p\u011bt etap.<\/strong><\/h2>\n<p>To jsme si stra\u0161n\u011b u\u017e\u00edvali. Pat\u0159il jsem do vl\u00e1\u010dku, kter\u00fd m\u011bl Marcelovi rozj\u00ed\u017ed\u011bt spurty. On byl tehdy ve fantastick\u00e9 form\u011b. Poka\u017ed\u00e9 n\u00e1m r\u00e1no p\u0159i porad\u011b \u0159ekl: \u201eKluci, dovezte m\u011b na posledn\u00ed kilometr a j\u00e1 u\u017e si to vy\u0159\u00edd\u00edm.\u201c A p\u0159esn\u011b tak to bylo. V\u00e1\u017en\u011b par\u00e1dn\u00ed Tour. Ale kdy\u017e vezmu dal\u0161\u00ed ro\u010dn\u00edky&#8230; V\u011bt\u0161inou jsem byl p\u0159esn\u011b ten z\u00e1vodn\u00edk na hran\u011b a p\u0159ekl\u00e1p\u011blo se to na nep\u0159\u00edzniv\u011b na moji stranu. A kdy\u017e jsem se do nominace dostal v\u00a0roce 2020 c\u00edtil jsem se skv\u011ble. Byli jsme v\u00a0Monaku a \u0161li jsme si projet prvn\u00ed etapu. Za\u010dalo m\u011b bolet koleno. V\u011bd\u011bl jsem, \u017ee jednadvacet etap nevydr\u017e\u00edm. A o Tour p\u0159i\u0161el.<\/p>\n<h2><strong>Ro\u010dn\u00edk 2023 pro v\u00e1s m\u011bl b\u00fdt n\u00e1plast\u00ed. Nov\u00fd t\u00fdm Jayco AlUla s\u00a0v\u00e1mi po\u010d\u00edtal, p\u0159esto\u017ee jste velkou \u010d\u00e1st p\u0159ede\u0161l\u00e9ho roku bojoval se zdravotn\u00edmi probl\u00e9my. Nominaci jste m\u011bl jistou, \u017ee?<\/strong><\/h2>\n<p>Ano. M\u011bli jsme prvn\u00ed sch\u016fzi. Je\u0161t\u011b v\u00a0pr\u016fb\u011bhu lo\u0148sk\u00e9ho podzimu. A sportovn\u00ed \u0159editel\u00e9 mi ozn\u00e1mili, \u017ee se mnou po\u010d\u00edtaj\u00ed na Tour de France. Hned mi zablikala o\u010di\u010dka. Cht\u011bl jsem chopit p\u0159\u00edle\u017eitost za pa\u010desy. Bral jsem jako v\u00fdzvu uk\u00e1zat v\u0161em, kte\u0159\u00ed se mnou nepo\u010d\u00edtali, \u017ee nejsem na odpis. Jen\u017ee v\u00a0pr\u016fb\u011bhu jara se objevil probl\u00e9m, kter\u00fd si vy\u017e\u00e1dal opera\u010dn\u00ed z\u00e1krok. A bylo jasn\u00e9, \u017ee z\u00e1vod nestihnu.<\/p>\n<figure id=\"attachment_22271\" aria-describedby=\"caption-attachment-22271\" style=\"width: 1800px\" class=\"wp-caption alignnone\"><a href=\"https:\/\/d2p6e6u75xmxt8.cloudfront.net\/13\/2023\/05\/profimedia-0760263201.webp\"><img loading=\"lazy\" decoding=\"async\" class=\"size-full wp-image-22271\" src=\"https:\/\/d2p6e6u75xmxt8.cloudfront.net\/13\/2023\/05\/profimedia-0760263201.webp\" alt=\"Zden\u011bk \u0160tybar\" width=\"1800\" height=\"1175\" srcset=\"https:\/\/d2p6e6u75xmxt8.cloudfront.net\/13\/2023\/05\/profimedia-0760263201.webp 1800w, https:\/\/d2p6e6u75xmxt8.cloudfront.net\/13\/2023\/05\/profimedia-0760263201-300x196.webp 300w, https:\/\/d2p6e6u75xmxt8.cloudfront.net\/13\/2023\/05\/profimedia-0760263201-1024x668.webp 1024w, https:\/\/d2p6e6u75xmxt8.cloudfront.net\/13\/2023\/05\/profimedia-0760263201-768x501.webp 768w, https:\/\/d2p6e6u75xmxt8.cloudfront.net\/13\/2023\/05\/profimedia-0760263201-1536x1003.webp 1536w, https:\/\/d2p6e6u75xmxt8.cloudfront.net\/13\/2023\/05\/profimedia-0760263201-400x261.webp 400w\" sizes=\"auto, (max-width: 1800px) 100vw, 1800px\" \/><\/a><figcaption id=\"caption-attachment-22271\" class=\"wp-caption-text\"><em>Zden\u011bk \u0160tybar v dresu t\u00fdmu Jayco AlUla, kter\u00fd s \u010desk\u00fdm cyklistou po\u010d\u00edtal na Tour de France 2023.\u00a0<\/em><\/figcaption><\/figure>\n<h2><strong>Je spojen\u00ed Tour de France a Zden\u011bk \u0160tybar uzav\u0159enou kapitolou?<\/strong><\/h2>\n<p>Douf\u00e1m, \u017ee ne! Na prvn\u00ed pohled to moc nelad\u00ed, j\u00e1 a Tour de France&#8230; Ale je\u0161t\u011b d\u00e1m Tour t\u0159et\u00ed \u0161anci&#8230; Chci za\u017e\u00edt tu atmosf\u00e9ru.<\/p>\n<h2><strong>Je tak v\u00fdjime\u010dn\u00e1?<\/strong><\/h2>\n<p>Je specifick\u00e1. V\u0161ichni cyklist\u00e9 ji cht\u011bj\u00ed jet. M\u00edt v\u00a0\u017eivotopise \u00fa\u010dast na tomhle podniku je ot\u00e1zka presti\u017ee. Z\u00e1vod m\u00e1 tro\u0161ku jinou dynamiku ne\u017e kter\u00fdkoliv ostatn\u00ed. Fanou\u0161ci jsou absolutn\u011b v\u0161ude. M\u00e9dia v\u0161e nafukuj\u00ed, stres je obrovsk\u00fd. Ze z\u00e1vodn\u00edho hlediska p\u0159itom nen\u00ed rozd\u00edl, jestli jedete Tour, Giro nebo Vueltu. V\u00fdkon mus\u00ed b\u00fdt v\u0161ude stejn\u00fd. Mo\u017en\u00e1 je Tour vlastn\u011b snadn\u011bj\u0161\u00ed z\u00a0hlediska v\u00fd\u0161kov\u00fdch metr\u016f, proto\u017ee tam jezd\u00ed nejv\u00edce sprinter\u016f, a tak organiz\u00e1to\u0159i cht\u011bj\u00ed, aby to p\u0159e\u017eili. By\u0165 leto\u0161n\u00ed ro\u010dn\u00edk je tedy v\u00fdjime\u010dn\u00fd&#8230;<\/p>\n<div class=\"shortcode-ys-post-pinup\"><article class=\"loop-simple post-23090 post type-post status-publish format-standard has-post-thumbnail hentry category-tour-de-france tag-cyklistika tag-felix-levitan tag-nejdelsi-den-tour-de-france tag-tom-simpson tag-tour-de-france tag-tour-de-france-1967 tag-tour-de-france-2023 global-categories-cycling\" data-postid=\"23090\" role=\"article\" data-post-id=\"23090\" data-word-count=\"555\" data-headline-length=\"65\" data-category=\"Tour de France\" data-global-category=\"Cycling\" data-author=\"We Love Cycling\" data-published=\"2023-07-14T14:00:52+02:00\" data-published-day=\"Friday\">\n    <div class=\"entry-thumbnail article-thumbnail\" content=\"https:\/\/d2p6e6u75xmxt8.cloudfront.net\/13\/2023\/07\/TDF-slunecnice-150x150.webp\"><a href=\"https:\/\/www.welovecycling.com\/cs\/2023\/07\/14\/otrocina-kradeze-a-revolta-aneb-nejdelsi-den-tour-de-france\/\" class=\"image-holder\" target=\"_self\"><img decoding=\"async\" loading=\"lazy\" class=\"\" src=\"https:\/\/d2p6e6u75xmxt8.cloudfront.net\/13\/2023\/07\/TDF-slunecnice-1024x682.webp\" srcset=\"https:\/\/d2p6e6u75xmxt8.cloudfront.net\/13\/2023\/07\/TDF-slunecnice.webp 2048w, https:\/\/d2p6e6u75xmxt8.cloudfront.net\/13\/2023\/07\/TDF-slunecnice-300x200.webp 300w, https:\/\/d2p6e6u75xmxt8.cloudfront.net\/13\/2023\/07\/TDF-slunecnice-1024x682.webp 1024w, https:\/\/d2p6e6u75xmxt8.cloudfront.net\/13\/2023\/07\/TDF-slunecnice-768x512.webp 768w, https:\/\/d2p6e6u75xmxt8.cloudfront.net\/13\/2023\/07\/TDF-slunecnice-1536x1023.webp 1536w, https:\/\/d2p6e6u75xmxt8.cloudfront.net\/13\/2023\/07\/TDF-slunecnice-1920x1279.webp 1920w, https:\/\/d2p6e6u75xmxt8.cloudfront.net\/13\/2023\/07\/TDF-slunecnice-400x266.webp 400w, https:\/\/d2p6e6u75xmxt8.cloudfront.net\/13\/2023\/07\/TDF-slunecnice-272x182.webp 272w, https:\/\/d2p6e6u75xmxt8.cloudfront.net\/13\/2023\/07\/TDF-slunecnice-1920x1279.webp 1920w\" width=\"1024\" height=\"682\" sizes=\"auto, (min-width: 1200px) 300px, (min-width: 768px) 25vw, 100vw\" alt=\"otrocina-kradeze-a-revolta-aneb-nejdelsi-den-tour-de-france\"\/><\/a><\/div>    <div class=\"entry-meta\">\n        <a class=\"label label-secondary post-category\" href=\"https:\/\/www.welovecycling.com\/cs\/category\/tour-de-france\/\" title=\"Tour de France\">Tour de France<\/a>\n    <\/div>\n    <div class=\"entry-details\">\n        <a href=\"https:\/\/www.welovecycling.com\/cs\/2023\/07\/14\/otrocina-kradeze-a-revolta-aneb-nejdelsi-den-tour-de-france\/\" class='entry-title-wrapper'>\n            <h3 class=\"entry-title\"><span>Otro\u010dina, kr\u00e1de\u017ee a revolta aneb Nejdel\u0161\u00ed den Tour de France<\/span><\/h3>\n        <\/a>\n    <\/div>\n    <\/article>\n<\/div>\n<h2><strong>Tak\u017ee kl\u00ed\u010dem k\u00a0ve\u0161ker\u00e9mu kouzlu, kter\u00e9 <a href=\"https:\/\/www.welovecycling.com\/cs\/2023\/06\/28\/ceska-stopa-na-tour\/\">Tour de France<\/a> m\u00e1, jsou fanou\u0161ci?<\/strong><\/h2>\n<p>Ten z\u00e1vod je extr\u00e9mn\u011b sledovan\u00fd.\u00a0 M\u00e1m r\u00e1d tlak, kter\u00fd Tour de France obn\u00e1\u0161\u00ed. Pro m\u011b je to lep\u0161\u00ed ne\u017e Vuelta, kde je atmosf\u00e9ra jin\u00e1, uvoln\u011bn\u011bj\u0161\u00ed. Tour, to je vlastn\u011b m\u011bs\u00edc tot\u00e1ln\u00edho stresu. P\u0159ijedete a u\u017e od prezentace je c\u00edtit nap\u011bt\u00ed. Ve srovn\u00e1n\u00ed s\u00a0ostatn\u00edmi z\u00e1vody je na Tour nejv\u00edce lid\u00ed. Mechanik\u016f, mas\u00e9r\u016f, servisu a v\u0161ichni mus\u00ed pod\u00e1vat top v\u00fdkony. Je c\u00edtit obrovsk\u00e9 nap\u011bt\u00ed od sportovn\u00edch \u0159editel\u016f, p\u0159es z\u00e1vodn\u00edky po servis. Ment\u00e1ln\u00ed \u00fanava je obrovsk\u00e1.<\/p>\n<h2><strong>Tak\u017ee tvrzen\u00ed, \u017ee si jedete z\u00e1vod u\u017e\u00edt je p\u0159e\u017eit\u00e1 formulace?<\/strong><\/h2>\n<p>Rozhodn\u011b. D\u00e1vno neplat\u00ed, \u017ee si n\u011bco u\u017e\u00edv\u00e1te. Doba, kdy se \u00fanik utrhnul po p\u011bti kilometrech je d\u00e1vno pry\u010d. Klidn\u011b se stane, \u017ee o \u00fanik se bojuje sedmdes\u00e1t kilometr\u016f. Tohle ohromn\u00fdm zp\u016fsobem zm\u011bnil covid. V\u0161ichni dostali p\u016fl roku prostor na tvrd\u00fd tr\u00e9nink. A jak se v\u0161ichni nudili, tak se p\u0159edh\u00e1n\u011bli. Jel jsem t\u0159eba tr\u00e9nink s\u00a0Mathieu van der Poelem. Nasekali jsme dv\u011b stovky a m\u011bli pr\u016fm\u011br osmat\u0159icet. A j\u00e1 si bl\u00e1hov\u011b myslel, jak jsme si m\u00e1kli. Jen\u017ee dal\u0161\u00ed kluci si d\u00e1vali t\u0159eba dv\u011b st\u011b pades\u00e1t a\u017e t\u0159i sta kilometr\u016f. Pak za\u010dala sezona a nikdo nev\u011bd\u011bl, kdy skon\u010d\u00ed. Jelo se Strade, Sanremo&#8230; A v\u0161ichni se b\u00e1li, \u017ee je to posledn\u00ed z\u00e1vod, tak\u017ee se jel tot\u00e1ln\u00ed \u0161rot od startu do c\u00edle. Agresivita se zvedla. A u\u017e nespadla.<\/p>\n<h2><strong>Jede se po\u0159\u00e1d v\u00a0tot\u00e1ln\u00edm nasazen\u00ed ka\u017ed\u00fd z\u00e1vod?<\/strong><\/h2>\n<p>Kdy\u017e byl v\u00a0m\u00e9m b\u00fdval\u00e9m t\u00fdmu Philippe Gilbert a odjel p\u0159i z\u00e1vod\u011b pades\u00e1t kilometr\u016f p\u0159ed c\u00edlem, bylo to jako z\u00a0jin\u00e9ho sv\u011bta. Jen\u017ee te\u010f jde o z\u00e1vodn\u00ed standard. P\u0159i porad\u011b se hledaj\u00ed \u00faseky sto t\u0159icet kilometr\u016f do c\u00edle, kde hroz\u00ed prvn\u00ed selekce. D\u0159\u00edve se tohle \u0159e\u0161ilo \u010dty\u0159icet kil\u00e1k\u016f p\u0159ed p\u00e1skou. A velk\u00e9 fin\u00e1le nastalo dvacet do c\u00edle. N\u011bkdy dokonce pozd\u011bji. Z\u00e1le\u017eelo, jestli byl z\u00e1jem utrhnout ze skupiny spurtery.<\/p>\n<figure id=\"attachment_17801\" aria-describedby=\"caption-attachment-17801\" style=\"width: 1800px\" class=\"wp-caption alignnone\"><a href=\"https:\/\/d2p6e6u75xmxt8.cloudfront.net\/13\/2022\/07\/stybar-profimedia-0252407224.webp\"><img loading=\"lazy\" decoding=\"async\" class=\"size-full wp-image-17801\" src=\"https:\/\/d2p6e6u75xmxt8.cloudfront.net\/13\/2022\/07\/stybar-profimedia-0252407224.webp\" alt=\"Zden\u011bk \u0160tybar po v\u00edt\u011bzn\u00e9 etap\u011b na Tour de France.\" width=\"1800\" height=\"1198\" srcset=\"https:\/\/d2p6e6u75xmxt8.cloudfront.net\/13\/2022\/07\/stybar-profimedia-0252407224.webp 1800w, https:\/\/d2p6e6u75xmxt8.cloudfront.net\/13\/2022\/07\/stybar-profimedia-0252407224-300x200.webp 300w, https:\/\/d2p6e6u75xmxt8.cloudfront.net\/13\/2022\/07\/stybar-profimedia-0252407224-1024x682.webp 1024w, https:\/\/d2p6e6u75xmxt8.cloudfront.net\/13\/2022\/07\/stybar-profimedia-0252407224-768x511.webp 768w, https:\/\/d2p6e6u75xmxt8.cloudfront.net\/13\/2022\/07\/stybar-profimedia-0252407224-1536x1022.webp 1536w, https:\/\/d2p6e6u75xmxt8.cloudfront.net\/13\/2022\/07\/stybar-profimedia-0252407224-272x182.webp 272w\" sizes=\"auto, (max-width: 1800px) 100vw, 1800px\" \/><\/a><figcaption id=\"caption-attachment-17801\" class=\"wp-caption-text\"><em>Zden\u011bk \u0160tybar po v\u00edt\u011bzn\u00e9 etap\u011b na Tour de France.<\/em><\/figcaption><\/figure>\n<h2><strong>Prom\u00edtl se do zrychlen\u00ed pelotonu i n\u00e1stup mlad\u00e9 generace?<\/strong><\/h2>\n<p>Mlad\u00ed kluci \u017eij\u00ed mnohem d\u0159\u00edve jako prof\u00edci. Dost\u00e1vaj\u00ed se k\u00a0nim dob\u0159\u00ed tren\u00e9\u0159i. Dietolog je standard. J\u00e1 s n\u00edm za\u010dal spolupracovat p\u0159ed deseti lety, a to jsem byl jeden z\u00a0prvn\u00edch v\u00a0t\u00fdmu. Po\u010d\u00edt\u00e1 se mno\u017estv\u00ed j\u00eddla, v\u00a0jak\u00fdch \u010dasov\u00fdch odstupech, na kter\u00e9m kilometru. Co v\u00a0z\u00e1vodn\u00ed den, co v\u00a0tr\u00e9ninkov\u00fd, co b\u011bhem volna. \u00a0Jak to maj\u00ed kluci od \u00fatl\u00e9ho v\u011bku, rychleji regeneruj\u00ed, z\u00e1vod\u00ed agresivn\u011bji. Proto se jezd\u00ed historick\u00e9 rychlosti.<\/p>\n<div class=\"shortcode-ys-post-pinup\"><article class=\"loop-simple post-23016 post type-post status-publish format-video has-post-thumbnail hentry category-tour-de-france tag-ceska-stopa tag-ceska-stopa-na-tour-de-france tag-cyklistika tag-jan-svorada tag-leopold-konig tag-rene-andrle tag-tour-de-france tag-tour-de-france-2023 tag-zdenek-stybar post_format-post-format-video global-categories-cycling\" data-postid=\"23016\" role=\"article\" data-post-id=\"23016\" data-word-count=\"425\" data-headline-length=\"55\" data-category=\"Tour de France\" data-global-category=\"Cycling\" data-author=\"We Love Cycling\" data-published=\"2023-07-11T08:00:18+02:00\" data-published-day=\"Tuesday\">\n    <div class=\"entry-thumbnail article-thumbnail video-thumbnail\" content=\"https:\/\/d2p6e6u75xmxt8.cloudfront.net\/13\/2023\/07\/CEM_8794-150x150.webp\"><svg class=\"play font-icon\"><use href=\"#play_round\" xlink:href=\"#play_round\"><\/use><\/svg><a href=\"https:\/\/www.welovecycling.com\/cs\/2023\/07\/11\/ceska-stopa-na-tour-de-france-fanousci-a-atmosfera\/\" class=\"image-holder\" target=\"_self\"><img decoding=\"async\" loading=\"lazy\" class=\"\" src=\"https:\/\/d2p6e6u75xmxt8.cloudfront.net\/13\/2023\/07\/CEM_8794-1024x683.webp\" srcset=\"https:\/\/d2p6e6u75xmxt8.cloudfront.net\/13\/2023\/07\/CEM_8794.webp 8192w, https:\/\/d2p6e6u75xmxt8.cloudfront.net\/13\/2023\/07\/CEM_8794-300x200.webp 300w, https:\/\/d2p6e6u75xmxt8.cloudfront.net\/13\/2023\/07\/CEM_8794-1024x683.webp 1024w, https:\/\/d2p6e6u75xmxt8.cloudfront.net\/13\/2023\/07\/CEM_8794-768x512.webp 768w, https:\/\/d2p6e6u75xmxt8.cloudfront.net\/13\/2023\/07\/CEM_8794-1536x1025.webp 1536w, https:\/\/d2p6e6u75xmxt8.cloudfront.net\/13\/2023\/07\/CEM_8794-400x267.webp 400w, https:\/\/d2p6e6u75xmxt8.cloudfront.net\/13\/2023\/07\/CEM_8794-272x182.webp 272w\" width=\"1024\" height=\"683\" sizes=\"auto, (min-width: 1200px) 300px, (min-width: 768px) 25vw, 100vw\" alt=\"ceska-stopa-na-tour-de-france-fanousci-a-atmosfera\"\/><\/a><\/div>    <div class=\"entry-meta\">\n        <a class=\"label label-secondary post-category\" href=\"https:\/\/www.welovecycling.com\/cs\/category\/tour-de-france\/\" title=\"Tour de France\">Tour de France<\/a>\n    <\/div>\n    <div class=\"entry-details\">\n        <a href=\"https:\/\/www.welovecycling.com\/cs\/2023\/07\/11\/ceska-stopa-na-tour-de-france-fanousci-a-atmosfera\/\" class='entry-title-wrapper'>\n            <h3 class=\"entry-title\"><span>\u010cesk\u00e1 stopa na Tour de France: Fanou\u0161ci a atmosf\u00e9ra<\/span><\/h3>\n        <\/a>\n    <\/div>\n    <\/article>\n<\/div>\n<h2><strong>Jsou n\u00e1ctilet\u00ed kluci p\u0159ipraven\u00ed na vstup do World Tour?<\/strong><\/h2>\n<p>Kdybych m\u011bl takov\u00e9 mo\u017enosti ve dvaceti, bral bych to v\u0161ema deseti. M\u011bl bych \u00fapln\u011b jinou kari\u00e9ru. Kdy\u017e jsem jel z\u00e1vod s\u00a0t\u00fdmov\u00fdm par\u0165\u00e1kem jako Boonenen, tak jsem se b\u00e1l pades\u00e1t kil\u00e1k\u016f p\u0159ed c\u00edlem nastoupit, aby mi nevynadal, co d\u011bl\u00e1m, \u017ee tam jede na v\u00edt\u011bzstv\u00ed. Kdy\u017e se n\u011bkdo dnes zvedne z\u00a0mlad\u00fdch kluk\u016f sto kil\u00e1k\u016f p\u0159ed p\u00e1skou, tak mu v\u00a0c\u00edli v\u0161ichni poklepou na rameno, \u017ee se toho neb\u00e1l. Ale kdy\u017e nebudou m\u00edt dobrou hlavu, tak se do World Tour nedostanou.<\/p>\n<h2><strong>V\u00a0jak\u00e9m vztahu jsou vlastn\u011b borci derouc\u00ed se na v\u00fdslun\u00ed k\u00a0v\u00e1m, maz\u00e1k\u016fm?<\/strong><\/h2>\n<p>J\u00e1 \u00factu neo\u010dek\u00e1v\u00e1m. Chci jezdit dobr\u00e9 z\u00e1vody. Ne\u010dek\u00e1m, \u017ee mi n\u011bkdo bude nech\u00e1vat m\u00edsto, mus\u00edm si ho vybojovat. Hodn\u011b je te\u010f sly\u0161et t\u0159eba Peter Sagan, kter\u00fd rozk\u0159ikuje, \u017ee v\u00a0pelotonu nen\u00ed respekt. Ale on to vlastn\u011b za\u010dal. Jezdil bez z\u00e1bran, ned\u011blal si nic z\u00a0velk\u00fdch jmen, kter\u00e1 byla v\u00a0bal\u00edku.<\/p>\n","protected":false},"excerpt":{"rendered":"<p>Vlet\u011bl na c\u00edlovou \u010d\u00e1ru s\u00a0rukou za\u0165atou k\u00a0nebes\u016fm. Zden\u011bk \u0160tybar pro\u017e\u00edval snov\u00fd debut na Tour de France. V\u00a0roce 2015 ovl\u00e1dl \u0161estou [&hellip;]<\/p>\n","protected":false},"author":138,"featured_media":18926,"comment_status":"open","ping_status":"open","sticky":false,"template":"","format":"standard","meta":{"footnotes":""},"categories":[1711],"tags":[126,2841,9,3135,3136,3137,3138,73],"global-categories":[411],"class_list":["post-23127","post","type-post","status-publish","format-standard","has-post-thumbnail","hentry","category-tour-de-france","tag-cyklistika","tag-jayco-alula","tag-silnicni-cyklistika","tag-tour-de-france-2015","tag-tour-de-france-2017","tag-vitezna-etapa","tag-vitezstvi-na-tour-de-france","tag-zdenek-stybar","global-categories-cycling"],"yoast_head":"<!-- This site is optimized with the Yoast SEO Premium plugin v25.3 (Yoast SEO v25.9) - https:\/\/yoast.com\/wordpress\/plugins\/seo\/ -->\n<title>Zden\u011bk \u0160tybar: S\u00a0Tour de France m\u00e1m nevy\u0159\u00edzen\u00e9 \u00fa\u010dty. Proto se vr\u00e1t\u00edm | \u0160koda We Love Cycling - \u010cesk\u00e1 republika<\/title>\n<meta name=\"description\" content=\"Zden\u011bk \u0160tybar m\u011bl b\u00fdt jako jedin\u00fd \u010cech na startu leto\u0161n\u00ed Tour de France. Zran\u011bn\u00ed jej ze hry vy\u0159adilo. Jak z\u00e1vod vn\u00edm\u00e1? A vr\u00e1t\u00ed se je\u0161t\u011b?\" \/>\n<meta name=\"robots\" content=\"index, follow, max-snippet:-1, max-image-preview:large, max-video-preview:-1\" \/>\n<link rel=\"canonical\" href=\"https:\/\/www.welovecycling.com\/cs\/2023\/07\/21\/zdenek-stybar-s-tour-de-france-mam-nevyrizene-ucty-proto-se-vratim\/\" \/>\n<meta property=\"og:locale\" content=\"cs_CZ\" \/>\n<meta property=\"og:type\" content=\"article\" \/>\n<meta property=\"og:title\" content=\"Zden\u011bk \u0160tybar: S\u00a0Tour de France m\u00e1m nevy\u0159\u00edzen\u00e9 \u00fa\u010dty. Proto se vr\u00e1t\u00edm\" \/>\n<meta property=\"og:description\" content=\"Zden\u011bk \u0160tybar m\u011bl b\u00fdt jako jedin\u00fd \u010cech na startu leto\u0161n\u00ed Tour de France. Zran\u011bn\u00ed jej ze hry vy\u0159adilo. Jak z\u00e1vod vn\u00edm\u00e1? A vr\u00e1t\u00ed se je\u0161t\u011b?\" \/>\n<meta property=\"og:url\" content=\"https:\/\/www.welovecycling.com\/cs\/2023\/07\/21\/zdenek-stybar-s-tour-de-france-mam-nevyrizene-ucty-proto-se-vratim\/\" \/>\n<meta property=\"og:site_name\" content=\"\u0160koda We Love Cycling - \u010cesk\u00e1 republika\" \/>\n<meta property=\"article:published_time\" content=\"2023-07-21T14:00:33+00:00\" \/>\n<meta property=\"article:modified_time\" content=\"2023-07-21T14:18:18+00:00\" \/>\n<meta property=\"og:image\" content=\"https:\/\/d2p6e6u75xmxt8.cloudfront.net\/13\/2022\/10\/stybar-BrychtaJan_ME_Mnichov_20220813_121701_DSC_8898.webp\" \/>\n\t<meta property=\"og:image:width\" content=\"2000\" \/>\n\t<meta property=\"og:image:height\" content=\"1331\" \/>\n\t<meta property=\"og:image:type\" content=\"image\/webp\" \/>\n<meta name=\"author\" content=\"radekmalina\" \/>\n<meta name=\"twitter:card\" content=\"summary_large_image\" \/>\n<meta name=\"twitter:label1\" content=\"Written by\" \/>\n\t<meta name=\"twitter:data1\" content=\"We Love Cycling\" \/>\n\t<meta name=\"twitter:label2\" content=\"Est. watching time\" \/>\n\t<meta name=\"twitter:data2\" content=\"6\" \/>\n<script type=\"application\/ld+json\" class=\"yoast-schema-graph\">{\"@context\":\"https:\/\/schema.org\",\"@graph\":[{\"@type\":\"WebPage\",\"@id\":\"https:\/\/www.welovecycling.com\/cs\/2023\/07\/21\/zdenek-stybar-s-tour-de-france-mam-nevyrizene-ucty-proto-se-vratim\/\",\"url\":\"https:\/\/www.welovecycling.com\/cs\/2023\/07\/21\/zdenek-stybar-s-tour-de-france-mam-nevyrizene-ucty-proto-se-vratim\/\",\"name\":\"Zden\u011bk \u0160tybar: S\u00a0Tour de France m\u00e1m nevy\u0159\u00edzen\u00e9 \u00fa\u010dty. Proto se vr\u00e1t\u00edm | \u0160koda We Love Cycling - \u010cesk\u00e1 republika\",\"isPartOf\":{\"@id\":\"https:\/\/www.welovecycling.com\/cs\/#website\"},\"primaryImageOfPage\":{\"@id\":\"https:\/\/www.welovecycling.com\/cs\/2023\/07\/21\/zdenek-stybar-s-tour-de-france-mam-nevyrizene-ucty-proto-se-vratim\/#primaryimage\"},\"image\":{\"@id\":\"https:\/\/www.welovecycling.com\/cs\/2023\/07\/21\/zdenek-stybar-s-tour-de-france-mam-nevyrizene-ucty-proto-se-vratim\/#primaryimage\"},\"thumbnailUrl\":\"https:\/\/d2p6e6u75xmxt8.cloudfront.net\/13\/2022\/10\/stybar-BrychtaJan_ME_Mnichov_20220813_121701_DSC_8898.webp\",\"datePublished\":\"2023-07-21T14:00:33+00:00\",\"dateModified\":\"2023-07-21T14:18:18+00:00\",\"author\":{\"@id\":\"https:\/\/www.welovecycling.com\/cs\/#\/schema\/person\/d9eeb0a378f3a7e4a6d12d2b536b04b8\"},\"description\":\"Zden\u011bk \u0160tybar m\u011bl b\u00fdt jako jedin\u00fd \u010cech na startu leto\u0161n\u00ed Tour de France. Zran\u011bn\u00ed jej ze hry vy\u0159adilo. Jak z\u00e1vod vn\u00edm\u00e1? A vr\u00e1t\u00ed se je\u0161t\u011b?\",\"inLanguage\":\"cs\",\"potentialAction\":[{\"@type\":\"ReadAction\",\"target\":[\"https:\/\/www.welovecycling.com\/cs\/2023\/07\/21\/zdenek-stybar-s-tour-de-france-mam-nevyrizene-ucty-proto-se-vratim\/\"]}]},{\"@type\":\"ImageObject\",\"inLanguage\":\"cs\",\"@id\":\"https:\/\/www.welovecycling.com\/cs\/2023\/07\/21\/zdenek-stybar-s-tour-de-france-mam-nevyrizene-ucty-proto-se-vratim\/#primaryimage\",\"url\":\"https:\/\/d2p6e6u75xmxt8.cloudfront.net\/13\/2022\/10\/stybar-BrychtaJan_ME_Mnichov_20220813_121701_DSC_8898.webp\",\"contentUrl\":\"https:\/\/d2p6e6u75xmxt8.cloudfront.net\/13\/2022\/10\/stybar-BrychtaJan_ME_Mnichov_20220813_121701_DSC_8898.webp\",\"width\":2000,\"height\":1331},{\"@type\":\"WebSite\",\"@id\":\"https:\/\/www.welovecycling.com\/cs\/#website\",\"url\":\"https:\/\/www.welovecycling.com\/cs\/\",\"name\":\"\u0160koda We Love Cycling - \u010cesk\u00e1 republika\",\"description\":\"WeLoveCycling.cz je online magaz\u00edn, kter\u00fd v\u00e1m pravideln\u011b p\u0159in\u00e1\u0161\u00ed rady a tipy, zaj\u00edmav\u00e9 \u010dl\u00e1nky, videa a jedine\u010dn\u00e9 report\u00e1\u017ee ze sv\u011bta cyklistiky.\",\"potentialAction\":[{\"@type\":\"SearchAction\",\"target\":{\"@type\":\"EntryPoint\",\"urlTemplate\":\"https:\/\/www.welovecycling.com\/cs\/?s={search_term_string}\"},\"query-input\":{\"@type\":\"PropertyValueSpecification\",\"valueRequired\":true,\"valueName\":\"search_term_string\"}}],\"inLanguage\":\"cs\"},{\"@type\":\"Person\",\"@id\":\"https:\/\/www.welovecycling.com\/cs\/#\/schema\/person\/d9eeb0a378f3a7e4a6d12d2b536b04b8\",\"name\":\"radekmalina\",\"image\":{\"@type\":\"ImageObject\",\"inLanguage\":\"cs\",\"@id\":\"https:\/\/www.welovecycling.com\/cs\/#\/schema\/person\/image\/\",\"url\":\"https:\/\/secure.gravatar.com\/avatar\/66994b632cb8c39a46b9f54afa3ae07201b678d32a54275b6f1c9ffec356bfc0?s=96&d=mm&r=g\",\"contentUrl\":\"https:\/\/secure.gravatar.com\/avatar\/66994b632cb8c39a46b9f54afa3ae07201b678d32a54275b6f1c9ffec356bfc0?s=96&d=mm&r=g\",\"caption\":\"radekmalina\"},\"url\":\"https:\/\/www.welovecycling.com\/cs\/author\/radekmalina\/\"}]}<\/script>\n<!-- \/ Yoast SEO Premium plugin. -->","yoast_head_json":{"title":"Zden\u011bk \u0160tybar: S\u00a0Tour de France m\u00e1m nevy\u0159\u00edzen\u00e9 \u00fa\u010dty. Proto se vr\u00e1t\u00edm | \u0160koda We Love Cycling - \u010cesk\u00e1 republika","description":"Zden\u011bk \u0160tybar m\u011bl b\u00fdt jako jedin\u00fd \u010cech na startu leto\u0161n\u00ed Tour de France. Zran\u011bn\u00ed jej ze hry vy\u0159adilo. Jak z\u00e1vod vn\u00edm\u00e1? A vr\u00e1t\u00ed se je\u0161t\u011b?","robots":{"index":"index","follow":"follow","max-snippet":"max-snippet:-1","max-image-preview":"max-image-preview:large","max-video-preview":"max-video-preview:-1"},"canonical":"https:\/\/www.welovecycling.com\/cs\/2023\/07\/21\/zdenek-stybar-s-tour-de-france-mam-nevyrizene-ucty-proto-se-vratim\/","og_locale":"cs_CZ","og_type":"article","og_title":"Zden\u011bk \u0160tybar: S\u00a0Tour de France m\u00e1m nevy\u0159\u00edzen\u00e9 \u00fa\u010dty. Proto se vr\u00e1t\u00edm","og_description":"Zden\u011bk \u0160tybar m\u011bl b\u00fdt jako jedin\u00fd \u010cech na startu leto\u0161n\u00ed Tour de France. Zran\u011bn\u00ed jej ze hry vy\u0159adilo. Jak z\u00e1vod vn\u00edm\u00e1? A vr\u00e1t\u00ed se je\u0161t\u011b?","og_url":"https:\/\/www.welovecycling.com\/cs\/2023\/07\/21\/zdenek-stybar-s-tour-de-france-mam-nevyrizene-ucty-proto-se-vratim\/","og_site_name":"\u0160koda We Love Cycling - \u010cesk\u00e1 republika","article_published_time":"2023-07-21T14:00:33+00:00","article_modified_time":"2023-07-21T14:18:18+00:00","og_image":[{"width":2000,"height":1331,"url":"https:\/\/d2p6e6u75xmxt8.cloudfront.net\/13\/2022\/10\/stybar-BrychtaJan_ME_Mnichov_20220813_121701_DSC_8898.webp","type":"image\/webp"}],"author":"radekmalina","twitter_card":"summary_large_image","twitter_misc":{"Written by":"We Love Cycling","Est. watching time":"6"},"schema":{"@context":"https:\/\/schema.org","@graph":[{"@type":"WebPage","@id":"https:\/\/www.welovecycling.com\/cs\/2023\/07\/21\/zdenek-stybar-s-tour-de-france-mam-nevyrizene-ucty-proto-se-vratim\/","url":"https:\/\/www.welovecycling.com\/cs\/2023\/07\/21\/zdenek-stybar-s-tour-de-france-mam-nevyrizene-ucty-proto-se-vratim\/","name":"Zden\u011bk \u0160tybar: S\u00a0Tour de France m\u00e1m nevy\u0159\u00edzen\u00e9 \u00fa\u010dty. Proto se vr\u00e1t\u00edm | \u0160koda We Love Cycling - \u010cesk\u00e1 republika","isPartOf":{"@id":"https:\/\/www.welovecycling.com\/cs\/#website"},"primaryImageOfPage":{"@id":"https:\/\/www.welovecycling.com\/cs\/2023\/07\/21\/zdenek-stybar-s-tour-de-france-mam-nevyrizene-ucty-proto-se-vratim\/#primaryimage"},"image":{"@id":"https:\/\/www.welovecycling.com\/cs\/2023\/07\/21\/zdenek-stybar-s-tour-de-france-mam-nevyrizene-ucty-proto-se-vratim\/#primaryimage"},"thumbnailUrl":"https:\/\/d2p6e6u75xmxt8.cloudfront.net\/13\/2022\/10\/stybar-BrychtaJan_ME_Mnichov_20220813_121701_DSC_8898.webp","datePublished":"2023-07-21T14:00:33+00:00","dateModified":"2023-07-21T14:18:18+00:00","author":{"@id":"https:\/\/www.welovecycling.com\/cs\/#\/schema\/person\/d9eeb0a378f3a7e4a6d12d2b536b04b8"},"description":"Zden\u011bk \u0160tybar m\u011bl b\u00fdt jako jedin\u00fd \u010cech na startu leto\u0161n\u00ed Tour de France. Zran\u011bn\u00ed jej ze hry vy\u0159adilo. Jak z\u00e1vod vn\u00edm\u00e1? A vr\u00e1t\u00ed se je\u0161t\u011b?","inLanguage":"cs","potentialAction":[{"@type":"ReadAction","target":["https:\/\/www.welovecycling.com\/cs\/2023\/07\/21\/zdenek-stybar-s-tour-de-france-mam-nevyrizene-ucty-proto-se-vratim\/"]}]},{"@type":"ImageObject","inLanguage":"cs","@id":"https:\/\/www.welovecycling.com\/cs\/2023\/07\/21\/zdenek-stybar-s-tour-de-france-mam-nevyrizene-ucty-proto-se-vratim\/#primaryimage","url":"https:\/\/d2p6e6u75xmxt8.cloudfront.net\/13\/2022\/10\/stybar-BrychtaJan_ME_Mnichov_20220813_121701_DSC_8898.webp","contentUrl":"https:\/\/d2p6e6u75xmxt8.cloudfront.net\/13\/2022\/10\/stybar-BrychtaJan_ME_Mnichov_20220813_121701_DSC_8898.webp","width":2000,"height":1331},{"@type":"WebSite","@id":"https:\/\/www.welovecycling.com\/cs\/#website","url":"https:\/\/www.welovecycling.com\/cs\/","name":"\u0160koda We Love Cycling - \u010cesk\u00e1 republika","description":"WeLoveCycling.cz je online magaz\u00edn, kter\u00fd v\u00e1m pravideln\u011b p\u0159in\u00e1\u0161\u00ed rady a tipy, zaj\u00edmav\u00e9 \u010dl\u00e1nky, videa a jedine\u010dn\u00e9 report\u00e1\u017ee ze sv\u011bta cyklistiky.","potentialAction":[{"@type":"SearchAction","target":{"@type":"EntryPoint","urlTemplate":"https:\/\/www.welovecycling.com\/cs\/?s={search_term_string}"},"query-input":{"@type":"PropertyValueSpecification","valueRequired":true,"valueName":"search_term_string"}}],"inLanguage":"cs"},{"@type":"Person","@id":"https:\/\/www.welovecycling.com\/cs\/#\/schema\/person\/d9eeb0a378f3a7e4a6d12d2b536b04b8","name":"radekmalina","image":{"@type":"ImageObject","inLanguage":"cs","@id":"https:\/\/www.welovecycling.com\/cs\/#\/schema\/person\/image\/","url":"https:\/\/secure.gravatar.com\/avatar\/66994b632cb8c39a46b9f54afa3ae07201b678d32a54275b6f1c9ffec356bfc0?s=96&d=mm&r=g","contentUrl":"https:\/\/secure.gravatar.com\/avatar\/66994b632cb8c39a46b9f54afa3ae07201b678d32a54275b6f1c9ffec356bfc0?s=96&d=mm&r=g","caption":"radekmalina"},"url":"https:\/\/www.welovecycling.com\/cs\/author\/radekmalina\/"}]}},"_links":{"self":[{"href":"https:\/\/www.welovecycling.com\/cs\/wp-json\/wp\/v2\/posts\/23127","targetHints":{"allow":["GET"]}}],"collection":[{"href":"https:\/\/www.welovecycling.com\/cs\/wp-json\/wp\/v2\/posts"}],"about":[{"href":"https:\/\/www.welovecycling.com\/cs\/wp-json\/wp\/v2\/types\/post"}],"author":[{"embeddable":true,"href":"https:\/\/www.welovecycling.com\/cs\/wp-json\/wp\/v2\/users\/138"}],"replies":[{"embeddable":true,"href":"https:\/\/www.welovecycling.com\/cs\/wp-json\/wp\/v2\/comments?post=23127"}],"version-history":[{"count":2,"href":"https:\/\/www.welovecycling.com\/cs\/wp-json\/wp\/v2\/posts\/23127\/revisions"}],"predecessor-version":[{"id":23130,"href":"https:\/\/www.welovecycling.com\/cs\/wp-json\/wp\/v2\/posts\/23127\/revisions\/23130"}],"wp:featuredmedia":[{"embeddable":true,"href":"https:\/\/www.welovecycling.com\/cs\/wp-json\/wp\/v2\/media\/18926"}],"wp:attachment":[{"href":"https:\/\/www.welovecycling.com\/cs\/wp-json\/wp\/v2\/media?parent=23127"}],"wp:term":[{"taxonomy":"category","embeddable":true,"href":"https:\/\/www.welovecycling.com\/cs\/wp-json\/wp\/v2\/categories?post=23127"},{"taxonomy":"post_tag","embeddable":true,"href":"https:\/\/www.welovecycling.com\/cs\/wp-json\/wp\/v2\/tags?post=23127"},{"taxonomy":"global-categories","embeddable":true,"href":"https:\/\/www.welovecycling.com\/cs\/wp-json\/wp\/v2\/global-categories?post=23127"}],"curies":[{"name":"wp","href":"https:\/\/api.w.org\/{rel}","templated":true}]}}