{"id":23111,"date":"2023-07-17T06:00:43","date_gmt":"2023-07-17T04:00:43","guid":{"rendered":"https:\/\/www.welovecycling.com\/cs\/?p=23111"},"modified":"2023-07-16T22:01:46","modified_gmt":"2023-07-16T20:01:46","slug":"kdo-jezdi-na-stroji-za-milion-kolik-stoji-kolo-cyklisty-na-tour-de-france","status":"publish","type":"post","link":"https:\/\/www.welovecycling.com\/cs\/2023\/07\/17\/kdo-jezdi-na-stroji-za-milion-kolik-stoji-kolo-cyklisty-na-tour-de-france\/","title":{"rendered":"Kdo jezd\u00ed na stroji za milion? Kolik stoj\u00ed pr\u016fm\u011brn\u00e9 kolo na Tour de France?"},"content":{"rendered":"<p><strong>V\u00fdjime\u010dn\u00e1 p\u0159ehl\u00eddka v\u00fdjime\u010dn\u00e9ho cyklistick\u00e9ho materi\u00e1lu. Nen\u00ed lep\u0161\u00ed \u201ep\u0159ehl\u00eddkov\u00e9 molo\u201c pro kola a komponenty ne\u017e Tour de France. V\u00fdrobci berou jednadvacet etap nejslavn\u011bj\u0161\u00edho z\u00e1vodu sv\u011bta jako skv\u011bl\u00e9 marketingov\u00e9 tr\u017eit\u011b.<\/strong><\/p>\n<p>Televizn\u00ed p\u0159enosy z etap Tour de France jdou do 190 zem\u00ed sv\u011bta! Videop\u0159\u00edsp\u011bvky na ofici\u00e1ln\u00edch soci\u00e1ln\u00edch s\u00edt\u00edch v minul\u00e9m roce vid\u011blo lehce p\u0159es 110 milion\u016f lid\u00ed! Nen\u00ed divu, \u017ee b\u00fdt sou\u010d\u00e1st\u00ed pelotonu je pro v\u00fdrobce kol ot\u00e1zka presti\u017ee. V okam\u017eiku, kdy se n\u011bkter\u00e9mu z jezdc\u016f poda\u0159\u00ed vyhr\u00e1t etapu nebo vybojovat jak\u00fdkoliv \u00fasp\u011bch, nemluv\u011b o celkov\u00e9m v\u00edt\u011bzstv\u00ed, je n\u00e1vratnost zaru\u010dena. Sponzoring t\u00fdm\u016f p\u0159itom nep\u0159edstavuje \u017e\u00e1dnou lacinou legraci!<\/p>\n<h2><strong>Na st\u0159e\u0161e doprovodn\u00e9ho vozidla se veze 2,5 milionu<\/strong><\/h2>\n<p>Na startu prvn\u00ed etapy je 176 jezdc\u016f. Pr\u016fm\u011brn\u00e1 cena jednoho kola se pohybuje od 250 do 350 tis\u00edc korun! V jedin\u00e9m okam\u017eiku na pokyn \u0159editele Tour de France Christiana Prudhomma se tud\u00ed\u017e do pohybu d\u00e1v\u00e1 materi\u00e1l za pades\u00e1t milion\u016f korun! A v\u011bzte, \u017ee ka\u017ed\u00fd z jezdc\u016f m\u00e1 minim\u00e1ln\u011b dv\u011b rezervn\u00ed kompletn\u011b osazen\u00e1 kola. Hv\u011bzdn\u00e9 t\u00fdmy jako Jumbo Visma, UAE Emirates \u010di Ineos Grenadiers maj\u00ed pro sv\u00e9 cyklisty rezervn\u00ed stroje dokonce t\u0159i! Na st\u0159e\u0161e jednoho doprovodn\u00e9ho vozidla se tud\u00ed\u017e veze p\u0159ibli\u017en\u011b 2,5 milionu korun!<\/p>\n<figure id=\"attachment_23110\" aria-describedby=\"caption-attachment-23110\" style=\"width: 1920px\" class=\"wp-caption alignnone\"><a href=\"https:\/\/d2p6e6u75xmxt8.cloudfront.net\/13\/2023\/07\/kola-wout-van-aert.webp\"><img loading=\"lazy\" decoding=\"async\" class=\"size-extra-large wp-image-23110\" src=\"https:\/\/d2p6e6u75xmxt8.cloudfront.net\/13\/2023\/07\/kola-wout-van-aert-1920x1280.webp\" alt=\"Dokonal\u00e1 p\u0159ehl\u00eddka j\u00edzdn\u00edch kol jsou etapy Tour de France, kdy jezdci tr\u00e1v\u00ed hodiny p\u0159ed kamerami.\" width=\"1920\" height=\"1280\" srcset=\"https:\/\/d2p6e6u75xmxt8.cloudfront.net\/13\/2023\/07\/kola-wout-van-aert-1920x1280.webp 1920w, https:\/\/d2p6e6u75xmxt8.cloudfront.net\/13\/2023\/07\/kola-wout-van-aert-300x200.webp 300w, https:\/\/d2p6e6u75xmxt8.cloudfront.net\/13\/2023\/07\/kola-wout-van-aert-1024x683.webp 1024w, https:\/\/d2p6e6u75xmxt8.cloudfront.net\/13\/2023\/07\/kola-wout-van-aert-768x512.webp 768w, https:\/\/d2p6e6u75xmxt8.cloudfront.net\/13\/2023\/07\/kola-wout-van-aert-1536x1024.webp 1536w, https:\/\/d2p6e6u75xmxt8.cloudfront.net\/13\/2023\/07\/kola-wout-van-aert-400x267.webp 400w, https:\/\/d2p6e6u75xmxt8.cloudfront.net\/13\/2023\/07\/kola-wout-van-aert-272x182.webp 272w, https:\/\/d2p6e6u75xmxt8.cloudfront.net\/13\/2023\/07\/kola-wout-van-aert.webp 2048w, https:\/\/d2p6e6u75xmxt8.cloudfront.net\/13\/2023\/07\/kola-wout-van-aert-1920x1280.webp 1920w\" sizes=\"auto, (max-width: 1920px) 100vw, 1920px\" \/><\/a><figcaption id=\"caption-attachment-23110\" class=\"wp-caption-text\"><em>Dokonal\u00e1 p\u0159ehl\u00eddka j\u00edzdn\u00edch kol jsou etapy Tour de France, kdy jezdci tr\u00e1v\u00ed hodiny p\u0159ed kamerami.<\/em><\/figcaption><\/figure>\n<p>Mimo\u0159\u00e1dn\u011b rozmanit\u00fd je seznam kol, kter\u00e1 m\u016f\u017eete vid\u011bt v\u00a0pelotonu. Pouze jedna zna\u010dka m\u00e1 zastoupen\u00ed v\u00a0podob\u011b trojice t\u00fdm\u016f. Bora hansgrohe, TotalEnergies a Soudal Quick Step pou\u017e\u00edvaj\u00ed americk\u00e9 stroje Specialized. Dvojice st\u00e1j\u00ed Alpecin Deceuninck a Movistar \u201esedl\u00e1\u201c n\u011bmeck\u00e1 kola Canyon. A jinak?<\/p>\n<p>Zb\u00fdvaj\u00edc\u00edch sedmn\u00e1ct t\u00fdm\u016f bojuj\u00edc\u00edch na Tour de France 2023 pak pou\u017e\u00edv\u00e1 kola od sedmn\u00e1cti r\u016fzn\u00fdch v\u00fdrobc\u016f: BMC (Citro\u00ebn), Scott (DSM), DARE (Uno X), Factor (Israel PremierTech), Ridley (Lotto), Colnago (UAE Emirates), Trek (Lidl-Trek), Giant (Jayco AlUla), Bianchi (Ark\u00e9a Samsic), Wilier (Astana), Merida (Bahrain Victorious), Look (Cofidis), Cannondale (EF Education). Lapierre (Groupama FDJ), Cube (Intermach\u00e9 Wanty), Cerv\u00e9lo (Jumbo), Pinarello (Ineos Grenadiers).<\/p>\n<div class=\"shortcode-ys-post-pinup\"><article class=\"loop-simple post-23050 post type-post status-publish format-standard has-post-thumbnail hentry category-tour-de-france tag-cyklistika tag-jasper-philipsen tag-mathieu-van-der-poel tag-raymond-poulidor tag-silnicni-cyklistika tag-tour-de-france tag-tour-de-france-2023 global-categories-cycling\" data-postid=\"23050\" role=\"article\" data-post-id=\"23050\" data-word-count=\"283\" data-headline-length=\"71\" data-category=\"Tour de France\" data-global-category=\"Cycling\" data-author=\"We Love Cycling\" data-published=\"2023-07-12T11:00:33+02:00\" data-published-day=\"Wednesday\">\n    <div class=\"entry-thumbnail article-thumbnail\" content=\"https:\/\/d2p6e6u75xmxt8.cloudfront.net\/13\/2023\/07\/Van-der-poel-poupou-150x150.webp\"><a href=\"https:\/\/www.welovecycling.com\/cs\/2023\/07\/12\/proc-mathieu-van-der-poel-trikrat-behem-tri-dnu-prevlekl-dres\/\" class=\"image-holder\" target=\"_self\"><img decoding=\"async\" loading=\"lazy\" class=\"\" src=\"https:\/\/d2p6e6u75xmxt8.cloudfront.net\/13\/2023\/07\/Van-der-poel-poupou-1024x682.webp\" srcset=\"https:\/\/d2p6e6u75xmxt8.cloudfront.net\/13\/2023\/07\/Van-der-poel-poupou.webp 2048w, https:\/\/d2p6e6u75xmxt8.cloudfront.net\/13\/2023\/07\/Van-der-poel-poupou-300x200.webp 300w, https:\/\/d2p6e6u75xmxt8.cloudfront.net\/13\/2023\/07\/Van-der-poel-poupou-1024x682.webp 1024w, https:\/\/d2p6e6u75xmxt8.cloudfront.net\/13\/2023\/07\/Van-der-poel-poupou-768x512.webp 768w, https:\/\/d2p6e6u75xmxt8.cloudfront.net\/13\/2023\/07\/Van-der-poel-poupou-1536x1023.webp 1536w, https:\/\/d2p6e6u75xmxt8.cloudfront.net\/13\/2023\/07\/Van-der-poel-poupou-1920x1279.webp 1920w, https:\/\/d2p6e6u75xmxt8.cloudfront.net\/13\/2023\/07\/Van-der-poel-poupou-400x266.webp 400w, https:\/\/d2p6e6u75xmxt8.cloudfront.net\/13\/2023\/07\/Van-der-poel-poupou-272x182.webp 272w, https:\/\/d2p6e6u75xmxt8.cloudfront.net\/13\/2023\/07\/Van-der-poel-poupou-1920x1279.webp 1920w\" width=\"1024\" height=\"682\" sizes=\"auto, (min-width: 1200px) 300px, (min-width: 768px) 25vw, 100vw\" alt=\"proc-mathieu-van-der-poel-trikrat-behem-tri-dnu-prevlekl-dres\"\/><\/a><\/div>    <div class=\"entry-meta\">\n        <a class=\"label label-secondary post-category\" href=\"https:\/\/www.welovecycling.com\/cs\/category\/tour-de-france\/\" title=\"Tour de France\">Tour de France<\/a>\n    <\/div>\n    <div class=\"entry-details\">\n        <a href=\"https:\/\/www.welovecycling.com\/cs\/2023\/07\/12\/proc-mathieu-van-der-poel-trikrat-behem-tri-dnu-prevlekl-dres\/\" class='entry-title-wrapper'>\n            <h3 class=\"entry-title\"><span>Pro\u010d Mathieu van der Poel t\u0159ikr\u00e1t b\u011bhem t\u0159\u00ed dn\u016f p\u0159evl\u00e9kl dres?<\/span><\/h3>\n        <\/a>\n    <\/div>\n    <\/article>\n<\/div>\n<p>Francouzsk\u00fd t\u00fdm Groupama FDJ je zna\u010dce Lapierre v\u011brn\u00fd u\u017e nejv\u011b\u0159iteln\u00fdch jednadvacet let. Naopak jeden z\u00a0nejkrat\u0161\u00edch kontrakt\u016f m\u00e1 Ark\u00e9a Samsic, jej\u00edm\u017e prost\u0159ednictv\u00edm se na sc\u00e9nu World Tour vr\u00e1tila legend\u00e1rn\u00edch zna\u010dka Bianchi.<\/p>\n<p>Dv\u011b zna\u010dky vyu\u017eily \u2013 Ridley a Look \u2013 p\u0159\u00edtomnosti z\u00e1vodn\u00edk\u016f Lotto, respektive Cofidis na nejslavn\u011bj\u0161\u00edm z\u00e1vod\u011b planety k nasazen\u00ed nejnov\u011bj\u0161\u00edch r\u00e1m\u016f pr\u00e1v\u011b na Tour de France.<\/p>\n<h2><strong>Kdo m\u00e1 nejdra\u017e\u0161\u00ed kolo v historii?<\/strong><\/h2>\n<p>P\u0159i ur\u010den\u00ed ceny v\u017edy z\u00e1le\u017e\u00ed na specifikaci konkr\u00e9tn\u00edho stroje. Nav\u00edc se do hodnoty pochopiteln\u011b prom\u00edt\u00e1 druh pou\u017eit\u00fdch komponent\u016f. A je jist\u00e9, \u017ee z\u00e1vodn\u00edci na Tour de France cht\u011bj\u00ed ten nejlep\u0161\u00ed materi\u00e1l.<\/p>\n<p>\u00dapln\u011b nejdra\u017e\u0161\u00edm strojem je v\u0161ak nepochybn\u011b Pinarelo Bolide F. Asi nikoho nep\u0159ekvap\u00ed, \u017ee jde o kola pou\u017e\u00edvan\u00e1 v\u00a0nejbohat\u0161\u00ed st\u00e1ji World Tour: Ineos Grenadiers. Britsk\u00fd t\u00fdm pracoval na v\u00fdvoji \u010dasovk\u00e1\u0159sk\u00e9ho speci\u00e1lu i ve v\u011btrn\u00e9m tunelu, kde testuj\u00ed formule 1. V\u00fdsledkem je kolo, jeho\u017e hodnota je milion korun. A je tud\u00ed\u017e velmi pravd\u011bpodobn\u011b nejdra\u017e\u0161\u00edm v\u00a0historii Tour de France.<\/p>\n<figure id=\"attachment_23108\" aria-describedby=\"caption-attachment-23108\" style=\"width: 1920px\" class=\"wp-caption alignnone\"><a href=\"https:\/\/d2p6e6u75xmxt8.cloudfront.net\/13\/2023\/07\/kola-vingegaard-pogacar.webp\"><img loading=\"lazy\" decoding=\"async\" class=\"size-extra-large wp-image-23108\" src=\"https:\/\/d2p6e6u75xmxt8.cloudfront.net\/13\/2023\/07\/kola-vingegaard-pogacar-1920x1280.webp\" alt=\"Jonas\" width=\"1920\" height=\"1280\" srcset=\"https:\/\/d2p6e6u75xmxt8.cloudfront.net\/13\/2023\/07\/kola-vingegaard-pogacar-1920x1280.webp 1920w, https:\/\/d2p6e6u75xmxt8.cloudfront.net\/13\/2023\/07\/kola-vingegaard-pogacar-300x200.webp 300w, https:\/\/d2p6e6u75xmxt8.cloudfront.net\/13\/2023\/07\/kola-vingegaard-pogacar-1024x683.webp 1024w, https:\/\/d2p6e6u75xmxt8.cloudfront.net\/13\/2023\/07\/kola-vingegaard-pogacar-768x512.webp 768w, https:\/\/d2p6e6u75xmxt8.cloudfront.net\/13\/2023\/07\/kola-vingegaard-pogacar-1536x1024.webp 1536w, https:\/\/d2p6e6u75xmxt8.cloudfront.net\/13\/2023\/07\/kola-vingegaard-pogacar-400x267.webp 400w, https:\/\/d2p6e6u75xmxt8.cloudfront.net\/13\/2023\/07\/kola-vingegaard-pogacar-272x182.webp 272w, https:\/\/d2p6e6u75xmxt8.cloudfront.net\/13\/2023\/07\/kola-vingegaard-pogacar.webp 2048w, https:\/\/d2p6e6u75xmxt8.cloudfront.net\/13\/2023\/07\/kola-vingegaard-pogacar-1920x1280.webp 1920w\" sizes=\"auto, (max-width: 1920px) 100vw, 1920px\" \/><\/a><figcaption id=\"caption-attachment-23108\" class=\"wp-caption-text\"><em>Jonas Vingegaard u\u017e m\u00e1 od v\u00fdrobce \u017elut\u00fd r\u00e1m na po\u010dest \u017elut\u00e9ho trikotu. Tadej Poga\u010dar, respektive jeho stroj zat\u00edm mus\u00ed z\u016fstat v p\u016fvodn\u00edch barv\u00e1ch.<\/em><\/figcaption><\/figure>\n<p>Je t\u0159eba m\u00edt v\u0161ak na pam\u011bti, \u017ee \u017e\u00e1dn\u00fd z\u00a0t\u00fdm\u016f ani v\u00fdrobc\u016f nezve\u0159ej\u0148uje p\u0159esn\u00e9 ceny, proto\u017ee pr\u00e1v\u011b vychyt\u00e1vky t\u0159eba v\u00a0podob\u011b v\u011btrn\u00e9ho tunelu jednotliv\u00e9 komponenty notn\u011b prodra\u017euj\u00ed.<\/p>\n<div class=\"shortcode-ys-post-pinup\"><article class=\"loop-simple post-22947 post type-post status-publish format-standard has-post-thumbnail hentry category-silnicni-cyklistika category-tour-de-france tag-ceska-stopa-na-tour-de-france tag-cyklistika tag-domestik tag-lance-armstrong tag-pavel-padrnos tag-silnicni-cyklistika tag-tour-de-france global-categories-cycling\" data-postid=\"22947\" role=\"article\" data-post-id=\"22947\" data-word-count=\"419\" data-headline-length=\"79\" data-category=\"Tour de France\" data-global-category=\"Cycling\" data-author=\"Jan Kr\u016fta\" data-published=\"2023-07-07T14:14:07+02:00\" data-published-day=\"Friday\">\n    <div class=\"entry-thumbnail article-thumbnail\" content=\"https:\/\/d2p6e6u75xmxt8.cloudfront.net\/13\/2023\/07\/profimedia-0096522614-150x150.webp\"><a href=\"https:\/\/www.welovecycling.com\/cs\/2023\/07\/07\/pavel-padrnos-jeden-z-nejlepsich-domestiku-ktery-pracoval-pro-armstronga\/\" class=\"image-holder\" target=\"_self\"><img decoding=\"async\" loading=\"lazy\" class=\"\" src=\"https:\/\/d2p6e6u75xmxt8.cloudfront.net\/13\/2023\/07\/profimedia-0096522614-1024x705.webp\" srcset=\"https:\/\/d2p6e6u75xmxt8.cloudfront.net\/13\/2023\/07\/profimedia-0096522614.webp 1800w, https:\/\/d2p6e6u75xmxt8.cloudfront.net\/13\/2023\/07\/profimedia-0096522614-300x207.webp 300w, https:\/\/d2p6e6u75xmxt8.cloudfront.net\/13\/2023\/07\/profimedia-0096522614-1024x705.webp 1024w, https:\/\/d2p6e6u75xmxt8.cloudfront.net\/13\/2023\/07\/profimedia-0096522614-768x529.webp 768w, https:\/\/d2p6e6u75xmxt8.cloudfront.net\/13\/2023\/07\/profimedia-0096522614-1536x1057.webp 1536w, https:\/\/d2p6e6u75xmxt8.cloudfront.net\/13\/2023\/07\/profimedia-0096522614-400x275.webp 400w\" width=\"1024\" height=\"705\" sizes=\"auto, (min-width: 1200px) 300px, (min-width: 768px) 25vw, 100vw\" alt=\"pavel-padrnos-jeden-z-nejlepsich-domestiku-ktery-pracoval-pro-armstronga\"\/><\/a><\/div>    <div class=\"entry-meta\">\n        <a class=\"label label-secondary post-category\" href=\"https:\/\/www.welovecycling.com\/cs\/category\/tour-de-france\/\" title=\"Tour de France\">Tour de France<\/a>\n    <\/div>\n    <div class=\"entry-details\">\n        <a href=\"https:\/\/www.welovecycling.com\/cs\/2023\/07\/07\/pavel-padrnos-jeden-z-nejlepsich-domestiku-ktery-pracoval-pro-armstronga\/\" class='entry-title-wrapper'>\n            <h3 class=\"entry-title\"><span>Pavel Padrnos: jeden z\u00a0nejlep\u0161\u00edch domestik\u016f, kter\u00fd pracoval pro Armstronga<\/span><\/h3>\n        <\/a>\n    <\/div>\n    <\/article>\n<\/div>\n<p>Ov\u0161em v\u00a0dob\u011b, kdy o v\u00edt\u011bzstv\u00ed a proh\u0159e rozhoduj\u00ed vte\u0159iny, nikdo nev\u00e1h\u00e1 investovat miliony do v\u00fdvoje, kter\u00fd pom\u016f\u017ee ke zrychlen\u00ed t\u0159eba jen o desetinu na kilometr. V\u00a0sou\u010dtu v\u00edce ne\u017e 3400 kilometr\u016f v\u0161ak m\u016f\u017ee j\u00edt o rozd\u00edl znamenaj\u00edc\u00ed v\u00edt\u011bzstv\u00ed v\u00a0Tour de France.<\/p>\n<h2><strong>Komponenty? Jeden vl\u00e1dce i italsk\u00fd &#8222;outsider&#8220;<\/strong><\/h2>\n<p>Zcela jin\u00e1 situace panuje v p\u0159\u00edpad\u011b v\u00fdb\u011br\u016f z hlediska komponent\u016f! Naprosto jednozna\u010dnou volbou se ukazuje b\u00fdt zna\u010dka Shimano, japonsk\u00e1 spole\u010dnost s v\u00edce ne\u017e stoletou histori\u00ed. Ale na cyklistick\u00e9m trhu se objevila a\u017e v sedmdes\u00e1t\u00fdch letech minul\u00e9ho stolet\u00ed. Shimano pou\u017e\u00edv\u00e1 osmn\u00e1ct t\u00fdm\u016f startuj\u00edc\u00edch na Tour de France.<\/p>\n<figure id=\"attachment_23107\" aria-describedby=\"caption-attachment-23107\" style=\"width: 1920px\" class=\"wp-caption alignnone\"><a href=\"https:\/\/d2p6e6u75xmxt8.cloudfront.net\/13\/2023\/07\/kola-giant.webp\"><img loading=\"lazy\" decoding=\"async\" class=\"size-extra-large wp-image-23107\" src=\"https:\/\/d2p6e6u75xmxt8.cloudfront.net\/13\/2023\/07\/kola-giant-1920x1279.webp\" alt=\"Cyklist\u00e9 Jayco AlUla se\u0159azen\u00ed za sebou p\u0159edv\u00e1d\u011bj\u00ed dokonalou kampa\u0148 na cyklistick\u00e1 kola.\" width=\"1920\" height=\"1279\" srcset=\"https:\/\/d2p6e6u75xmxt8.cloudfront.net\/13\/2023\/07\/kola-giant-1920x1279.webp 1920w, https:\/\/d2p6e6u75xmxt8.cloudfront.net\/13\/2023\/07\/kola-giant-300x200.webp 300w, https:\/\/d2p6e6u75xmxt8.cloudfront.net\/13\/2023\/07\/kola-giant-1024x682.webp 1024w, https:\/\/d2p6e6u75xmxt8.cloudfront.net\/13\/2023\/07\/kola-giant-768x512.webp 768w, https:\/\/d2p6e6u75xmxt8.cloudfront.net\/13\/2023\/07\/kola-giant-1536x1023.webp 1536w, https:\/\/d2p6e6u75xmxt8.cloudfront.net\/13\/2023\/07\/kola-giant-400x266.webp 400w, https:\/\/d2p6e6u75xmxt8.cloudfront.net\/13\/2023\/07\/kola-giant-272x182.webp 272w, https:\/\/d2p6e6u75xmxt8.cloudfront.net\/13\/2023\/07\/kola-giant.webp 2048w, https:\/\/d2p6e6u75xmxt8.cloudfront.net\/13\/2023\/07\/kola-giant-1920x1279.webp 1920w\" sizes=\"auto, (max-width: 1920px) 100vw, 1920px\" \/><\/a><figcaption id=\"caption-attachment-23107\" class=\"wp-caption-text\">Cyklist\u00e9 Jayco AlUla se\u0159azen\u00ed za sebou p\u0159edv\u00e1d\u011bj\u00ed dokonalou kampa\u0148 na cyklistick\u00e1 kola.<\/figcaption><\/figure>\n<p>Pouze trojice t\u00fdm\u016f pat\u0159\u00edc\u00ed do elitn\u00ed World Tour vyu\u017e\u00edv\u00e1 na sv\u00fdch kolech sou\u010d\u00e1stky spole\u010dnosti SRAM s\u00eddl\u00edc\u00ed v\u00a0Chicagu, kter\u00e1 vznikla na konci devades\u00e1t\u00fdch let minul\u00e9ho stolet\u00ed. Spoluprac\u00ed se chlub\u00ed v\u00edt\u011bz Tour de France 2022 Jumbo Visma, \u0161pan\u011blsk\u00fd Movistar a americk\u00fd Trek-Lidl.<\/p>\n<div class=\"shortcode-ys-post-pinup\"><article class=\"loop-simple post-22935 post type-post status-publish format-standard has-post-thumbnail hentry category-silnicni-cyklistika category-tour-de-france tag-cyklistika tag-jesus-herrada tag-jonathan-hivert tag-julien-simon tag-nominace-na-tour tag-silnicni-cyklistika tag-tour-de-france tag-tour-de-france-2023 global-categories-cycling\" data-postid=\"22935\" role=\"article\" data-post-id=\"22935\" data-word-count=\"467\" data-headline-length=\"80\" data-category=\"Tour de France\" data-global-category=\"Cycling\" data-author=\"We Love Cycling\" data-published=\"2023-07-06T17:14:35+02:00\" data-published-day=\"Thursday\">\n    <div class=\"entry-thumbnail article-thumbnail\" content=\"https:\/\/d2p6e6u75xmxt8.cloudfront.net\/13\/2023\/07\/TDF-2023-c-150x150.webp\"><a href=\"https:\/\/www.welovecycling.com\/cs\/2023\/07\/06\/masochismus-co-ma-sve-meze-je-hrich-odmitnout-nominaci-na-tour-de-france\/\" class=\"image-holder\" target=\"_self\"><img decoding=\"async\" loading=\"lazy\" class=\"\" src=\"https:\/\/d2p6e6u75xmxt8.cloudfront.net\/13\/2023\/07\/TDF-2023-c-1024x684.webp\" srcset=\"https:\/\/d2p6e6u75xmxt8.cloudfront.net\/13\/2023\/07\/TDF-2023-c.webp 2048w, https:\/\/d2p6e6u75xmxt8.cloudfront.net\/13\/2023\/07\/TDF-2023-c-300x200.webp 300w, https:\/\/d2p6e6u75xmxt8.cloudfront.net\/13\/2023\/07\/TDF-2023-c-1024x684.webp 1024w, https:\/\/d2p6e6u75xmxt8.cloudfront.net\/13\/2023\/07\/TDF-2023-c-768x513.webp 768w, https:\/\/d2p6e6u75xmxt8.cloudfront.net\/13\/2023\/07\/TDF-2023-c-1536x1025.webp 1536w, https:\/\/d2p6e6u75xmxt8.cloudfront.net\/13\/2023\/07\/TDF-2023-c-1920x1282.webp 1920w, https:\/\/d2p6e6u75xmxt8.cloudfront.net\/13\/2023\/07\/TDF-2023-c-400x267.webp 400w, https:\/\/d2p6e6u75xmxt8.cloudfront.net\/13\/2023\/07\/TDF-2023-c-272x182.webp 272w, https:\/\/d2p6e6u75xmxt8.cloudfront.net\/13\/2023\/07\/TDF-2023-c-1920x1282.webp 1920w\" width=\"1024\" height=\"684\" sizes=\"auto, (min-width: 1200px) 300px, (min-width: 768px) 25vw, 100vw\" alt=\"masochismus-co-ma-sve-meze-je-hrich-odmitnout-nominaci-na-tour-de-france\"\/><\/a><\/div>    <div class=\"entry-meta\">\n        <a class=\"label label-secondary post-category\" href=\"https:\/\/www.welovecycling.com\/cs\/category\/tour-de-france\/\" title=\"Tour de France\">Tour de France<\/a>\n    <\/div>\n    <div class=\"entry-details\">\n        <a href=\"https:\/\/www.welovecycling.com\/cs\/2023\/07\/06\/masochismus-co-ma-sve-meze-je-hrich-odmitnout-nominaci-na-tour-de-france\/\" class='entry-title-wrapper'>\n            <h3 class=\"entry-title\"><span>Masochismus, co m\u00e1 sv\u00e9 meze! Je h\u0159\u00edch odm\u00edtnout nominaci na Tour de France?<\/span><\/h3>\n        <\/a>\n    <\/div>\n    <\/article>\n<\/div>\n<p>Pouze jedin\u00e1 formace pak svoje kola vyzbrojila sadu legend\u00e1rn\u00edho italsk\u00e9ho v\u00fdrobce Campagnolo, kter\u00fd je na cyklistick\u00e9m trhu u\u017e od roku 1933. Paradoxn\u011b jde o francouzskou st\u00e1j Citro\u00ebn AG2R.<\/p>\n<p><em>Foto: ASO (4x)<\/em><\/p>\n","protected":false},"excerpt":{"rendered":"<p>V\u00fdjime\u010dn\u00e1 p\u0159ehl\u00eddka v\u00fdjime\u010dn\u00e9ho cyklistick\u00e9ho materi\u00e1lu. Nen\u00ed lep\u0161\u00ed \u201ep\u0159ehl\u00eddkov\u00e9 molo\u201c pro kola a komponenty ne\u017e Tour de France. V\u00fdrobci berou jednadvacet [&hellip;]<\/p>\n","protected":false},"author":138,"featured_media":23109,"comment_status":"open","ping_status":"open","sticky":false,"template":"","format":"standard","meta":{"footnotes":""},"categories":[1711],"tags":[126,3129,241,9,23,2647],"global-categories":[411],"class_list":["post-23111","post","type-post","status-publish","format-standard","has-post-thumbnail","hentry","category-tour-de-france","tag-cyklistika","tag-kolik-stoji-kolo","tag-nejdrazsi-kolo","tag-silnicni-cyklistika","tag-tour-de-france","tag-tour-de-france-2023","global-categories-cycling"],"yoast_head":"<!-- This site is optimized with the Yoast SEO Premium plugin v25.3 (Yoast SEO v25.9) - https:\/\/yoast.com\/wordpress\/plugins\/seo\/ -->\n<title>Kdo jezd\u00ed na stroji za milion? Kolik stoj\u00ed pr\u016fm\u011brn\u00e9 kolo na Tour de France? | \u0160koda We Love Cycling - \u010cesk\u00e1 republika<\/title>\n<meta name=\"description\" content=\"Kolik stoj\u00ed nejdra\u017e\u0161\u00ed kolo v bal\u00edku Tour de France? A jakou hodnotu maj\u00ed kola, kdy\u017e se cyklist\u00e9 se\u0159ad\u00ed na start Grande Boucle?\" \/>\n<meta name=\"robots\" content=\"index, follow, max-snippet:-1, max-image-preview:large, max-video-preview:-1\" \/>\n<link rel=\"canonical\" href=\"https:\/\/www.welovecycling.com\/cs\/2023\/07\/17\/kdo-jezdi-na-stroji-za-milion-kolik-stoji-kolo-cyklisty-na-tour-de-france\/\" \/>\n<meta property=\"og:locale\" content=\"cs_CZ\" \/>\n<meta property=\"og:type\" content=\"article\" \/>\n<meta property=\"og:title\" content=\"Kdo jezd\u00ed na stroji za milion? Kolik stoj\u00ed pr\u016fm\u011brn\u00e9 kolo na Tour de France?\" \/>\n<meta property=\"og:description\" content=\"Kolik stoj\u00ed nejdra\u017e\u0161\u00ed kolo v bal\u00edku Tour de France? A jakou hodnotu maj\u00ed kola, kdy\u017e se cyklist\u00e9 se\u0159ad\u00ed na start Grande Boucle?\" \/>\n<meta property=\"og:url\" content=\"https:\/\/www.welovecycling.com\/cs\/2023\/07\/17\/kdo-jezdi-na-stroji-za-milion-kolik-stoji-kolo-cyklisty-na-tour-de-france\/\" \/>\n<meta property=\"og:site_name\" content=\"\u0160koda We Love Cycling - \u010cesk\u00e1 republika\" \/>\n<meta property=\"article:published_time\" content=\"2023-07-17T04:00:43+00:00\" \/>\n<meta property=\"og:image\" content=\"https:\/\/d2p6e6u75xmxt8.cloudfront.net\/13\/2023\/07\/kola-Vingegaard-Philipsen.webp\" \/>\n\t<meta property=\"og:image:width\" content=\"2048\" \/>\n\t<meta property=\"og:image:height\" content=\"1364\" \/>\n\t<meta property=\"og:image:type\" content=\"image\/webp\" \/>\n<meta name=\"author\" content=\"radekmalina\" \/>\n<meta name=\"twitter:card\" content=\"summary_large_image\" \/>\n<meta name=\"twitter:label1\" content=\"Written by\" \/>\n\t<meta name=\"twitter:data1\" content=\"We Love Cycling\" \/>\n\t<meta name=\"twitter:label2\" content=\"Est. reading time\" \/>\n\t<meta name=\"twitter:data2\" content=\"6\" \/>\n<script type=\"application\/ld+json\" class=\"yoast-schema-graph\">{\"@context\":\"https:\/\/schema.org\",\"@graph\":[{\"@type\":\"WebPage\",\"@id\":\"https:\/\/www.welovecycling.com\/cs\/2023\/07\/17\/kdo-jezdi-na-stroji-za-milion-kolik-stoji-kolo-cyklisty-na-tour-de-france\/\",\"url\":\"https:\/\/www.welovecycling.com\/cs\/2023\/07\/17\/kdo-jezdi-na-stroji-za-milion-kolik-stoji-kolo-cyklisty-na-tour-de-france\/\",\"name\":\"Kdo jezd\u00ed na stroji za milion? Kolik stoj\u00ed pr\u016fm\u011brn\u00e9 kolo na Tour de France? | \u0160koda We Love Cycling - \u010cesk\u00e1 republika\",\"isPartOf\":{\"@id\":\"https:\/\/www.welovecycling.com\/cs\/#website\"},\"primaryImageOfPage\":{\"@id\":\"https:\/\/www.welovecycling.com\/cs\/2023\/07\/17\/kdo-jezdi-na-stroji-za-milion-kolik-stoji-kolo-cyklisty-na-tour-de-france\/#primaryimage\"},\"image\":{\"@id\":\"https:\/\/www.welovecycling.com\/cs\/2023\/07\/17\/kdo-jezdi-na-stroji-za-milion-kolik-stoji-kolo-cyklisty-na-tour-de-france\/#primaryimage\"},\"thumbnailUrl\":\"https:\/\/d2p6e6u75xmxt8.cloudfront.net\/13\/2023\/07\/kola-Vingegaard-Philipsen.webp\",\"datePublished\":\"2023-07-17T04:00:43+00:00\",\"author\":{\"@id\":\"https:\/\/www.welovecycling.com\/cs\/#\/schema\/person\/d9eeb0a378f3a7e4a6d12d2b536b04b8\"},\"description\":\"Kolik stoj\u00ed nejdra\u017e\u0161\u00ed kolo v bal\u00edku Tour de France? A jakou hodnotu maj\u00ed kola, kdy\u017e se cyklist\u00e9 se\u0159ad\u00ed na start Grande Boucle?\",\"inLanguage\":\"cs\",\"potentialAction\":[{\"@type\":\"ReadAction\",\"target\":[\"https:\/\/www.welovecycling.com\/cs\/2023\/07\/17\/kdo-jezdi-na-stroji-za-milion-kolik-stoji-kolo-cyklisty-na-tour-de-france\/\"]}]},{\"@type\":\"ImageObject\",\"inLanguage\":\"cs\",\"@id\":\"https:\/\/www.welovecycling.com\/cs\/2023\/07\/17\/kdo-jezdi-na-stroji-za-milion-kolik-stoji-kolo-cyklisty-na-tour-de-france\/#primaryimage\",\"url\":\"https:\/\/d2p6e6u75xmxt8.cloudfront.net\/13\/2023\/07\/kola-Vingegaard-Philipsen.webp\",\"contentUrl\":\"https:\/\/d2p6e6u75xmxt8.cloudfront.net\/13\/2023\/07\/kola-Vingegaard-Philipsen.webp\",\"width\":2048,\"height\":1364},{\"@type\":\"WebSite\",\"@id\":\"https:\/\/www.welovecycling.com\/cs\/#website\",\"url\":\"https:\/\/www.welovecycling.com\/cs\/\",\"name\":\"\u0160koda We Love Cycling - \u010cesk\u00e1 republika\",\"description\":\"WeLoveCycling.cz je online magaz\u00edn, kter\u00fd v\u00e1m pravideln\u011b p\u0159in\u00e1\u0161\u00ed rady a tipy, zaj\u00edmav\u00e9 \u010dl\u00e1nky, videa a jedine\u010dn\u00e9 report\u00e1\u017ee ze sv\u011bta cyklistiky.\",\"potentialAction\":[{\"@type\":\"SearchAction\",\"target\":{\"@type\":\"EntryPoint\",\"urlTemplate\":\"https:\/\/www.welovecycling.com\/cs\/?s={search_term_string}\"},\"query-input\":{\"@type\":\"PropertyValueSpecification\",\"valueRequired\":true,\"valueName\":\"search_term_string\"}}],\"inLanguage\":\"cs\"},{\"@type\":\"Person\",\"@id\":\"https:\/\/www.welovecycling.com\/cs\/#\/schema\/person\/d9eeb0a378f3a7e4a6d12d2b536b04b8\",\"name\":\"radekmalina\",\"image\":{\"@type\":\"ImageObject\",\"inLanguage\":\"cs\",\"@id\":\"https:\/\/www.welovecycling.com\/cs\/#\/schema\/person\/image\/\",\"url\":\"https:\/\/secure.gravatar.com\/avatar\/66994b632cb8c39a46b9f54afa3ae07201b678d32a54275b6f1c9ffec356bfc0?s=96&d=mm&r=g\",\"contentUrl\":\"https:\/\/secure.gravatar.com\/avatar\/66994b632cb8c39a46b9f54afa3ae07201b678d32a54275b6f1c9ffec356bfc0?s=96&d=mm&r=g\",\"caption\":\"radekmalina\"},\"url\":\"https:\/\/www.welovecycling.com\/cs\/author\/radekmalina\/\"}]}<\/script>\n<!-- \/ Yoast SEO Premium plugin. -->","yoast_head_json":{"title":"Kdo jezd\u00ed na stroji za milion? Kolik stoj\u00ed pr\u016fm\u011brn\u00e9 kolo na Tour de France? | \u0160koda We Love Cycling - \u010cesk\u00e1 republika","description":"Kolik stoj\u00ed nejdra\u017e\u0161\u00ed kolo v bal\u00edku Tour de France? A jakou hodnotu maj\u00ed kola, kdy\u017e se cyklist\u00e9 se\u0159ad\u00ed na start Grande Boucle?","robots":{"index":"index","follow":"follow","max-snippet":"max-snippet:-1","max-image-preview":"max-image-preview:large","max-video-preview":"max-video-preview:-1"},"canonical":"https:\/\/www.welovecycling.com\/cs\/2023\/07\/17\/kdo-jezdi-na-stroji-za-milion-kolik-stoji-kolo-cyklisty-na-tour-de-france\/","og_locale":"cs_CZ","og_type":"article","og_title":"Kdo jezd\u00ed na stroji za milion? Kolik stoj\u00ed pr\u016fm\u011brn\u00e9 kolo na Tour de France?","og_description":"Kolik stoj\u00ed nejdra\u017e\u0161\u00ed kolo v bal\u00edku Tour de France? A jakou hodnotu maj\u00ed kola, kdy\u017e se cyklist\u00e9 se\u0159ad\u00ed na start Grande Boucle?","og_url":"https:\/\/www.welovecycling.com\/cs\/2023\/07\/17\/kdo-jezdi-na-stroji-za-milion-kolik-stoji-kolo-cyklisty-na-tour-de-france\/","og_site_name":"\u0160koda We Love Cycling - \u010cesk\u00e1 republika","article_published_time":"2023-07-17T04:00:43+00:00","og_image":[{"width":2048,"height":1364,"url":"https:\/\/d2p6e6u75xmxt8.cloudfront.net\/13\/2023\/07\/kola-Vingegaard-Philipsen.webp","type":"image\/webp"}],"author":"radekmalina","twitter_card":"summary_large_image","twitter_misc":{"Written by":"We Love Cycling","Est. reading time":"6"},"schema":{"@context":"https:\/\/schema.org","@graph":[{"@type":"WebPage","@id":"https:\/\/www.welovecycling.com\/cs\/2023\/07\/17\/kdo-jezdi-na-stroji-za-milion-kolik-stoji-kolo-cyklisty-na-tour-de-france\/","url":"https:\/\/www.welovecycling.com\/cs\/2023\/07\/17\/kdo-jezdi-na-stroji-za-milion-kolik-stoji-kolo-cyklisty-na-tour-de-france\/","name":"Kdo jezd\u00ed na stroji za milion? Kolik stoj\u00ed pr\u016fm\u011brn\u00e9 kolo na Tour de France? | \u0160koda We Love Cycling - \u010cesk\u00e1 republika","isPartOf":{"@id":"https:\/\/www.welovecycling.com\/cs\/#website"},"primaryImageOfPage":{"@id":"https:\/\/www.welovecycling.com\/cs\/2023\/07\/17\/kdo-jezdi-na-stroji-za-milion-kolik-stoji-kolo-cyklisty-na-tour-de-france\/#primaryimage"},"image":{"@id":"https:\/\/www.welovecycling.com\/cs\/2023\/07\/17\/kdo-jezdi-na-stroji-za-milion-kolik-stoji-kolo-cyklisty-na-tour-de-france\/#primaryimage"},"thumbnailUrl":"https:\/\/d2p6e6u75xmxt8.cloudfront.net\/13\/2023\/07\/kola-Vingegaard-Philipsen.webp","datePublished":"2023-07-17T04:00:43+00:00","author":{"@id":"https:\/\/www.welovecycling.com\/cs\/#\/schema\/person\/d9eeb0a378f3a7e4a6d12d2b536b04b8"},"description":"Kolik stoj\u00ed nejdra\u017e\u0161\u00ed kolo v bal\u00edku Tour de France? A jakou hodnotu maj\u00ed kola, kdy\u017e se cyklist\u00e9 se\u0159ad\u00ed na start Grande Boucle?","inLanguage":"cs","potentialAction":[{"@type":"ReadAction","target":["https:\/\/www.welovecycling.com\/cs\/2023\/07\/17\/kdo-jezdi-na-stroji-za-milion-kolik-stoji-kolo-cyklisty-na-tour-de-france\/"]}]},{"@type":"ImageObject","inLanguage":"cs","@id":"https:\/\/www.welovecycling.com\/cs\/2023\/07\/17\/kdo-jezdi-na-stroji-za-milion-kolik-stoji-kolo-cyklisty-na-tour-de-france\/#primaryimage","url":"https:\/\/d2p6e6u75xmxt8.cloudfront.net\/13\/2023\/07\/kola-Vingegaard-Philipsen.webp","contentUrl":"https:\/\/d2p6e6u75xmxt8.cloudfront.net\/13\/2023\/07\/kola-Vingegaard-Philipsen.webp","width":2048,"height":1364},{"@type":"WebSite","@id":"https:\/\/www.welovecycling.com\/cs\/#website","url":"https:\/\/www.welovecycling.com\/cs\/","name":"\u0160koda We Love Cycling - \u010cesk\u00e1 republika","description":"WeLoveCycling.cz je online magaz\u00edn, kter\u00fd v\u00e1m pravideln\u011b p\u0159in\u00e1\u0161\u00ed rady a tipy, zaj\u00edmav\u00e9 \u010dl\u00e1nky, videa a jedine\u010dn\u00e9 report\u00e1\u017ee ze sv\u011bta cyklistiky.","potentialAction":[{"@type":"SearchAction","target":{"@type":"EntryPoint","urlTemplate":"https:\/\/www.welovecycling.com\/cs\/?s={search_term_string}"},"query-input":{"@type":"PropertyValueSpecification","valueRequired":true,"valueName":"search_term_string"}}],"inLanguage":"cs"},{"@type":"Person","@id":"https:\/\/www.welovecycling.com\/cs\/#\/schema\/person\/d9eeb0a378f3a7e4a6d12d2b536b04b8","name":"radekmalina","image":{"@type":"ImageObject","inLanguage":"cs","@id":"https:\/\/www.welovecycling.com\/cs\/#\/schema\/person\/image\/","url":"https:\/\/secure.gravatar.com\/avatar\/66994b632cb8c39a46b9f54afa3ae07201b678d32a54275b6f1c9ffec356bfc0?s=96&d=mm&r=g","contentUrl":"https:\/\/secure.gravatar.com\/avatar\/66994b632cb8c39a46b9f54afa3ae07201b678d32a54275b6f1c9ffec356bfc0?s=96&d=mm&r=g","caption":"radekmalina"},"url":"https:\/\/www.welovecycling.com\/cs\/author\/radekmalina\/"}]}},"_links":{"self":[{"href":"https:\/\/www.welovecycling.com\/cs\/wp-json\/wp\/v2\/posts\/23111","targetHints":{"allow":["GET"]}}],"collection":[{"href":"https:\/\/www.welovecycling.com\/cs\/wp-json\/wp\/v2\/posts"}],"about":[{"href":"https:\/\/www.welovecycling.com\/cs\/wp-json\/wp\/v2\/types\/post"}],"author":[{"embeddable":true,"href":"https:\/\/www.welovecycling.com\/cs\/wp-json\/wp\/v2\/users\/138"}],"replies":[{"embeddable":true,"href":"https:\/\/www.welovecycling.com\/cs\/wp-json\/wp\/v2\/comments?post=23111"}],"version-history":[{"count":4,"href":"https:\/\/www.welovecycling.com\/cs\/wp-json\/wp\/v2\/posts\/23111\/revisions"}],"predecessor-version":[{"id":23114,"href":"https:\/\/www.welovecycling.com\/cs\/wp-json\/wp\/v2\/posts\/23111\/revisions\/23114"}],"wp:featuredmedia":[{"embeddable":true,"href":"https:\/\/www.welovecycling.com\/cs\/wp-json\/wp\/v2\/media\/23109"}],"wp:attachment":[{"href":"https:\/\/www.welovecycling.com\/cs\/wp-json\/wp\/v2\/media?parent=23111"}],"wp:term":[{"taxonomy":"category","embeddable":true,"href":"https:\/\/www.welovecycling.com\/cs\/wp-json\/wp\/v2\/categories?post=23111"},{"taxonomy":"post_tag","embeddable":true,"href":"https:\/\/www.welovecycling.com\/cs\/wp-json\/wp\/v2\/tags?post=23111"},{"taxonomy":"global-categories","embeddable":true,"href":"https:\/\/www.welovecycling.com\/cs\/wp-json\/wp\/v2\/global-categories?post=23111"}],"curies":[{"name":"wp","href":"https:\/\/api.w.org\/{rel}","templated":true}]}}