{"id":22937,"date":"2023-08-02T13:00:05","date_gmt":"2023-08-02T11:00:05","guid":{"rendered":"https:\/\/www.welovecycling.com\/cs\/?p=22937"},"modified":"2023-08-02T09:12:58","modified_gmt":"2023-08-02T07:12:58","slug":"proc-by-se-kazdy-mel-aspon-obcas-odstrihnout-a-jet-jen-tak","status":"publish","type":"post","link":"https:\/\/www.welovecycling.com\/cs\/2023\/08\/02\/proc-by-se-kazdy-mel-aspon-obcas-odstrihnout-a-jet-jen-tak\/","title":{"rendered":"Pro\u010d by se ka\u017ed\u00fd m\u011bl aspo\u0148 ob\u010das odst\u0159ihnout a jet jen tak?"},"content":{"rendered":"<p><strong>Jste taky z\u00e1visl\u00e1ci na cifr\u00e1ch na va\u0161em bud\u00edku a stav\u00edte svou cyklistiku na \u010d\u00edslech a sb\u011bru kudos\u016f. Nebo rad\u011bji jezd\u00edte unplugged? Tolik cyklist\u016f je dnes natolik sv\u00e1zan\u00fdch s GPS p\u0159\u00edstroji a platformami typu Strava, \u017ee mo\u017en\u00e1 nikdy p\u0159i sv\u00e9m \u0161vihu nepoznali tu opa\u010dnou tv\u00e1\u0159 j\u00edzdy na kole. J\u00edzdu jen tak, j\u00edzdu pro radost, na pohodu.<\/strong><\/p>\n<p>Pat\u0159\u00edte mezi ty \u201ezdr\u00e1tovan\u00e9\u201c jezdce a u\u017e p\u0159i p\u0159edstav\u011b, \u017ee by p\u0159i\u0161li o sv\u00e9 p\u0159ipojen\u00ed a prost\u011b na kole jeli jen kv\u016fli j\u00edzd\u011b na kole, se mra\u010d\u00edte? P\u0159\u00edstup zalo\u017een\u00fd na v\u00fdkonu a statistik\u00e1ch versus pouh\u00e9 je\u017ed\u011bn\u00ed pro radost je t\u00edm, co n\u00e1s v na\u0161em hobby rozd\u011bluje.<\/p>\n<h2><strong>Kdy je hon za osobn\u00edmi rekordy \u0161kodliv\u00fd?<\/strong><\/h2>\n<p>Samoz\u0159ejm\u011b jsme v\u0161ichni cyklist\u00e9. Ale na\u0161e osobnosti a d\u016fvody, pro\u010d na kole jezd\u00edme, se li\u0161\u00ed. Existuje mnoho jezdc\u016f, kte\u0159\u00ed jezd\u00ed p\u0159ev\u00e1\u017en\u011b ze z\u00e1vodn\u00edch d\u016fvod\u016f. Ti jsou s nejv\u011bt\u0161\u00ed pravd\u011bpodobnost\u00ed neust\u00e1le ve vleku sv\u00fdch za\u0159\u00edzen\u00ed a hon\u00ed se za osobn\u00edmi rekordy, KOMy a studuj\u00ed statistiky.<\/p>\n<div class=\"shortcode-ys-post-pinup\"><article class=\"loop-simple post-23111 post type-post status-publish format-standard has-post-thumbnail hentry category-tour-de-france tag-cyklistika tag-kolik-stoji-kolo tag-nejdrazsi-kolo tag-silnicni-cyklistika tag-tour-de-france tag-tour-de-france-2023 global-categories-cycling\" data-postid=\"23111\" role=\"article\" data-post-id=\"23111\" data-word-count=\"526\" data-headline-length=\"80\" data-category=\"Tour de France\" data-global-category=\"Cycling\" data-author=\"We Love Cycling\" data-published=\"2023-07-17T06:00:43+02:00\" data-published-day=\"Monday\">\n    <div class=\"entry-thumbnail article-thumbnail\" content=\"https:\/\/d2p6e6u75xmxt8.cloudfront.net\/13\/2023\/07\/kola-Vingegaard-Philipsen-150x150.webp\"><a href=\"https:\/\/www.welovecycling.com\/cs\/2023\/07\/17\/kdo-jezdi-na-stroji-za-milion-kolik-stoji-kolo-cyklisty-na-tour-de-france\/\" class=\"image-holder\" target=\"_self\"><img decoding=\"async\" loading=\"lazy\" class=\"\" src=\"https:\/\/d2p6e6u75xmxt8.cloudfront.net\/13\/2023\/07\/kola-Vingegaard-Philipsen-1024x682.webp\" srcset=\"https:\/\/d2p6e6u75xmxt8.cloudfront.net\/13\/2023\/07\/kola-Vingegaard-Philipsen.webp 2048w, https:\/\/d2p6e6u75xmxt8.cloudfront.net\/13\/2023\/07\/kola-Vingegaard-Philipsen-300x200.webp 300w, https:\/\/d2p6e6u75xmxt8.cloudfront.net\/13\/2023\/07\/kola-Vingegaard-Philipsen-1024x682.webp 1024w, https:\/\/d2p6e6u75xmxt8.cloudfront.net\/13\/2023\/07\/kola-Vingegaard-Philipsen-768x512.webp 768w, https:\/\/d2p6e6u75xmxt8.cloudfront.net\/13\/2023\/07\/kola-Vingegaard-Philipsen-1536x1023.webp 1536w, https:\/\/d2p6e6u75xmxt8.cloudfront.net\/13\/2023\/07\/kola-Vingegaard-Philipsen-1920x1279.webp 1920w, https:\/\/d2p6e6u75xmxt8.cloudfront.net\/13\/2023\/07\/kola-Vingegaard-Philipsen-400x266.webp 400w, https:\/\/d2p6e6u75xmxt8.cloudfront.net\/13\/2023\/07\/kola-Vingegaard-Philipsen-272x182.webp 272w, https:\/\/d2p6e6u75xmxt8.cloudfront.net\/13\/2023\/07\/kola-Vingegaard-Philipsen-1920x1279.webp 1920w\" width=\"1024\" height=\"682\" sizes=\"auto, (min-width: 1200px) 300px, (min-width: 768px) 25vw, 100vw\" alt=\"kdo-jezdi-na-stroji-za-milion-kolik-stoji-kolo-cyklisty-na-tour-de-france\"\/><\/a><\/div>    <div class=\"entry-meta\">\n        <a class=\"label label-secondary post-category\" href=\"https:\/\/www.welovecycling.com\/cs\/category\/tour-de-france\/\" title=\"Tour de France\">Tour de France<\/a>\n    <\/div>\n    <div class=\"entry-details\">\n        <a href=\"https:\/\/www.welovecycling.com\/cs\/2023\/07\/17\/kdo-jezdi-na-stroji-za-milion-kolik-stoji-kolo-cyklisty-na-tour-de-france\/\" class='entry-title-wrapper'>\n            <h3 class=\"entry-title\"><span>Kdo jezd\u00ed na stroji za milion? Kolik stoj\u00ed pr\u016fm\u011brn\u00e9 kolo na Tour de France?<\/span><\/h3>\n        <\/a>\n    <\/div>\n    <\/article>\n<\/div>\n<p>Na druh\u00e9 stran\u011b jsou ti, kte\u0159\u00ed se do cyklistiky pust\u00ed z \u010dist\u00e9 l\u00e1sky k j\u00edzd\u011b na kole. Kv\u016fli radosti z pobytu v p\u0159\u00edrod\u011b. Pro \u00fanik, kter\u00fd p\u0159in\u00e1\u0161\u00ed. Pro potenci\u00e1l dobrodru\u017estv\u00ed a tak\u00e9 proto, aby unikli konektivit\u011b, j\u00ed\u017e v ka\u017edodenn\u00edm \u017eivot\u011b \u010del\u00edme neust\u00e1le. Tento typ jezdce m\u00e1 daleko vy\u0161\u0161\u00ed pravd\u011bpodobnost, \u017ee bude jezdit bez bud\u00edku na \u0159\u00edd\u00edtk\u00e1ch.<\/p>\n<figure id=\"attachment_22697\" aria-describedby=\"caption-attachment-22697\" style=\"width: 1920px\" class=\"wp-caption alignnone\"><a href=\"https:\/\/d2p6e6u75xmxt8.cloudfront.net\/13\/2023\/06\/garmin-4-scaled.webp\"><img loading=\"lazy\" decoding=\"async\" class=\"size-extra-large wp-image-22697\" src=\"https:\/\/d2p6e6u75xmxt8.cloudfront.net\/13\/2023\/06\/garmin-4-1920x1281.webp\" alt=\"Garmin Edge\" width=\"1920\" height=\"1281\" srcset=\"https:\/\/d2p6e6u75xmxt8.cloudfront.net\/13\/2023\/06\/garmin-4-1920x1281.webp 1920w, https:\/\/d2p6e6u75xmxt8.cloudfront.net\/13\/2023\/06\/garmin-4-300x200.webp 300w, https:\/\/d2p6e6u75xmxt8.cloudfront.net\/13\/2023\/06\/garmin-4-1024x683.webp 1024w, https:\/\/d2p6e6u75xmxt8.cloudfront.net\/13\/2023\/06\/garmin-4-768x512.webp 768w, https:\/\/d2p6e6u75xmxt8.cloudfront.net\/13\/2023\/06\/garmin-4-1536x1025.webp 1536w, https:\/\/d2p6e6u75xmxt8.cloudfront.net\/13\/2023\/06\/garmin-4-2048x1366.webp 2048w, https:\/\/d2p6e6u75xmxt8.cloudfront.net\/13\/2023\/06\/garmin-4-400x267.webp 400w, https:\/\/d2p6e6u75xmxt8.cloudfront.net\/13\/2023\/06\/garmin-4-272x182.webp 272w, https:\/\/d2p6e6u75xmxt8.cloudfront.net\/13\/2023\/06\/garmin-4-1920x1281.webp 1920w\" sizes=\"auto, (max-width: 1920px) 100vw, 1920px\" \/><\/a><figcaption id=\"caption-attachment-22697\" class=\"wp-caption-text\"><em>Nejr\u016fzn\u011bj\u0161\u00ed technologick\u00e9 vymo\u017eenosti jsou pro cyklistiku skv\u011bl\u00fdm pomocn\u00edkem, ale n\u011bkdy tak\u00e9 \u0161kod\u00ed&#8230; Foto: Michal \u010cerven\u00fd<\/em><\/figcaption><\/figure>\n<p>A pak jsou samoz\u0159ejm\u011b tac\u00ed, co se budou pohybovat n\u011bkde na p\u016fli cesty: chv\u00edli v honb\u011b za \u010d\u00edsly, chv\u00edli s rukama nesv\u00e1zan\u00fdma. A te\u010f a\u0165 si ka\u017ed\u00fd zv\u00e1\u017e\u00ed, kter\u00fd sv\u011bt mu sed\u00ed v\u00edc. Nebo zda pr\u00e1v\u011b takov\u00e1 cesta kombinov\u00e1n\u00ed p\u0159in\u00e1\u0161\u00ed ve chv\u00edli \u00fanavy jedn\u00edm radost z druh\u00e9ho.<\/p>\n<h2><strong>Pocit v sedle ne\u0159e\u0161\u00ed \u017e\u00e1dn\u00e1 platforma<\/strong><\/h2>\n<p>Snad jde o genera\u010dn\u00ed fenom\u00e9n, proto\u017ee p\u0159ed lety jsme tyto vychyt\u00e1vky p\u0159i sportov\u00e1n\u00ed k dispozici nem\u011bli. Nelze zpochybnit, \u017ee tato za\u0159\u00edzen\u00ed a platformy jsou u\u017eite\u010dn\u00e9 z mnoha d\u016fvod\u016f: sledov\u00e1n\u00ed v\u00fdkonu, protokolov\u00e1n\u00ed tr\u00e9ninku, vykreslov\u00e1n\u00ed tras a dokonce i pro ur\u010ditou inspiraci a motivaci. Jde v\u0161ak o to, \u017ee za\u0159\u00edzen\u00ed a platformy v\u00e1s nezrychl\u00ed.<\/p>\n<p>Jsou to prost\u011b bezduch\u00e1 elektronick\u00e1 za\u0159\u00edzen\u00ed, kter\u00e1 zaznamen\u00e1vaj\u00ed a zobrazuj\u00ed data. Mohou dob\u0159e pomoci mnoha jezdc\u016fm dos\u00e1hnout po\u017eadovan\u00fdch statistik, ale op\u011bt mohou b\u00fdt extr\u00e9mn\u011b omezen\u00e9 a omezuj\u00edc\u00ed, v n\u011bkter\u00fdch ohledech dokonce \u0161kodliv\u00e9.<\/p>\n<div class=\"shortcode-ys-post-pinup\"><article class=\"loop-simple post-23016 post type-post status-publish format-video has-post-thumbnail hentry category-tour-de-france tag-ceska-stopa tag-ceska-stopa-na-tour-de-france tag-cyklistika tag-jan-svorada tag-leopold-konig tag-rene-andrle tag-tour-de-france tag-tour-de-france-2023 tag-zdenek-stybar post_format-post-format-video global-categories-cycling\" data-postid=\"23016\" role=\"article\" data-post-id=\"23016\" data-word-count=\"425\" data-headline-length=\"55\" data-category=\"Tour de France\" data-global-category=\"Cycling\" data-author=\"We Love Cycling\" data-published=\"2023-07-11T08:00:18+02:00\" data-published-day=\"Tuesday\">\n    <div class=\"entry-thumbnail article-thumbnail video-thumbnail\" content=\"https:\/\/d2p6e6u75xmxt8.cloudfront.net\/13\/2023\/07\/CEM_8794-150x150.webp\"><svg class=\"play font-icon\"><use href=\"#play_round\" xlink:href=\"#play_round\"><\/use><\/svg><a href=\"https:\/\/www.welovecycling.com\/cs\/2023\/07\/11\/ceska-stopa-na-tour-de-france-fanousci-a-atmosfera\/\" class=\"image-holder\" target=\"_self\"><img decoding=\"async\" loading=\"lazy\" class=\"\" src=\"https:\/\/d2p6e6u75xmxt8.cloudfront.net\/13\/2023\/07\/CEM_8794-1024x683.webp\" srcset=\"https:\/\/d2p6e6u75xmxt8.cloudfront.net\/13\/2023\/07\/CEM_8794.webp 8192w, https:\/\/d2p6e6u75xmxt8.cloudfront.net\/13\/2023\/07\/CEM_8794-300x200.webp 300w, https:\/\/d2p6e6u75xmxt8.cloudfront.net\/13\/2023\/07\/CEM_8794-1024x683.webp 1024w, https:\/\/d2p6e6u75xmxt8.cloudfront.net\/13\/2023\/07\/CEM_8794-768x512.webp 768w, https:\/\/d2p6e6u75xmxt8.cloudfront.net\/13\/2023\/07\/CEM_8794-1536x1025.webp 1536w, https:\/\/d2p6e6u75xmxt8.cloudfront.net\/13\/2023\/07\/CEM_8794-400x267.webp 400w, https:\/\/d2p6e6u75xmxt8.cloudfront.net\/13\/2023\/07\/CEM_8794-272x182.webp 272w\" width=\"1024\" height=\"683\" sizes=\"auto, (min-width: 1200px) 300px, (min-width: 768px) 25vw, 100vw\" alt=\"ceska-stopa-na-tour-de-france-fanousci-a-atmosfera\"\/><\/a><\/div>    <div class=\"entry-meta\">\n        <a class=\"label label-secondary post-category\" href=\"https:\/\/www.welovecycling.com\/cs\/category\/tour-de-france\/\" title=\"Tour de France\">Tour de France<\/a>\n    <\/div>\n    <div class=\"entry-details\">\n        <a href=\"https:\/\/www.welovecycling.com\/cs\/2023\/07\/11\/ceska-stopa-na-tour-de-france-fanousci-a-atmosfera\/\" class='entry-title-wrapper'>\n            <h3 class=\"entry-title\"><span>\u010cesk\u00e1 stopa na Tour de France: Fanou\u0161ci a atmosf\u00e9ra<\/span><\/h3>\n        <\/a>\n    <\/div>\n    <\/article>\n<\/div>\n<p>Za\u0159\u00edzen\u00ed a platformy se nezaj\u00edmaj\u00ed o to, jak se c\u00edt\u00edte. Nemohou v\u011bd\u011bt, jestli jste se \u0161patn\u011b vyspali (v\u011bt\u0161ina z nich). Zda proch\u00e1z\u00edte osobn\u00edmi probl\u00e9my. Nebo jestli se v\u00e1m prost\u011b nechce jet do protiv\u011btru. Mo\u017en\u00e1 nebudete souhlasit, ale \u010dasto to vypad\u00e1, \u017ee tato za\u0159\u00edzen\u00ed a jejich statistiky ovlivnily schopnost a motivaci nebo v\u016fli n\u011bkter\u00fdch cyklist\u016f jezdit podle pocitu a d\u016fv\u011b\u0159ovat sv\u00fdm instinkt\u016fm, kdy\u017e je to pot\u0159eba.<\/p>\n<h2><strong>Jak technologie ovliv\u0148uj\u00ed sebev\u011bdom\u00ed cyklist\u016f?<\/strong><\/h2>\n<p>Schopnost jezdit \u010dist\u011b na pocit je velk\u00fdm p\u0159\u00ednosem pro ka\u017ed\u00e9ho sout\u011b\u017en\u00edho cyklistu a tak\u00e9 pro n\u00e1s odpojen\u00e9 a nesout\u011b\u017en\u00ed jezdce. Nau\u010dit se, jak va\u0161e t\u011blo a mo\u017en\u00e1 je\u0161t\u011b v\u00edc va\u0161e mysl reaguje a vypo\u0159\u00e1d\u00e1v\u00e1 se se situacemi a stresy, je z\u00e1kladn\u00edm prvkem pro zv\u00fd\u0161en\u00ed v\u00fdkonu. Pr\u00e1v\u011b to d\u011bl\u00e1 rozd\u00edl, kdy\u017e p\u0159ijde krize a nebo kdy\u017e jsou statistiky dvou jezdc\u016f vyrovnan\u00e9.<\/p>\n<figure id=\"attachment_11251\" aria-describedby=\"caption-attachment-11251\" style=\"width: 1600px\" class=\"wp-caption alignnone\"><a href=\"https:\/\/d2p6e6u75xmxt8.cloudfront.net\/13\/2021\/01\/wlc-strava-froome-socialni-media.webp\"><img loading=\"lazy\" decoding=\"async\" class=\"size-full wp-image-11251\" src=\"https:\/\/d2p6e6u75xmxt8.cloudfront.net\/13\/2021\/01\/wlc-strava-froome-socialni-media.webp\" alt=\"Chris Froome, respektive jeho profil v aplikaci Strava. Z\u00e1vodn\u00edk t\u00fdmu Israel Start-Up Nation zve\u0159ejn\u0148uje jen vybran\u00e1 data. Foto: Michal \u010cerven\u00fd\" width=\"1600\" height=\"1067\" srcset=\"https:\/\/d2p6e6u75xmxt8.cloudfront.net\/13\/2021\/01\/wlc-strava-froome-socialni-media.webp 1600w, https:\/\/d2p6e6u75xmxt8.cloudfront.net\/13\/2021\/01\/wlc-strava-froome-socialni-media-300x200.webp 300w, https:\/\/d2p6e6u75xmxt8.cloudfront.net\/13\/2021\/01\/wlc-strava-froome-socialni-media-1024x683.webp 1024w, https:\/\/d2p6e6u75xmxt8.cloudfront.net\/13\/2021\/01\/wlc-strava-froome-socialni-media-768x512.webp 768w, https:\/\/d2p6e6u75xmxt8.cloudfront.net\/13\/2021\/01\/wlc-strava-froome-socialni-media-1536x1024.webp 1536w, https:\/\/d2p6e6u75xmxt8.cloudfront.net\/13\/2021\/01\/wlc-strava-froome-socialni-media-272x182.webp 272w\" sizes=\"auto, (max-width: 1600px) 100vw, 1600px\" \/><\/a><figcaption id=\"caption-attachment-11251\" class=\"wp-caption-text\"><em>Nech\u00e1v\u00e1te se pohltit daty, kter\u00e1 vyhodnocuj\u00ed v\u00e1\u0161 cyklistick\u00fd tr\u00e9nink. Foto: Michal \u010cerven\u00fd<\/em><\/figcaption><\/figure>\n<p>A pak je tu jeden d\u016fsledek on-line z\u00e1vislosti \u2013 dopad na sebev\u011bdom\u00ed. Jedni na Strav\u011b stanovuj\u00ed KOMy, tedy nejlep\u0161\u00ed v\u00fdkony na dan\u00e9m segmentu. A ti druz\u00ed se je sna\u017e\u00ed p\u0159ekon\u00e1vat. To je n\u011bco, co m\u016f\u017ee odradit mlad\u0161\u00ed jezdce, kte\u0159\u00ed s cyklistikou mo\u017en\u00e1 teprve za\u010d\u00ednaj\u00ed, a najednou vid\u00ed, jak vysoko la\u0165ka le\u017e\u00ed.<\/p>\n<p>Nikdo v\u00e1m tady ne\u0159\u00edk\u00e1, abyste se zbavili Garminu nebo ob\u011btovali sv\u016fj Strava \u00fa\u010det, proto\u017ee oboj\u00ed m\u00e1 co nab\u00eddnout. Ale cyklistika toho nab\u00edz\u00ed mnohem v\u00edc ne\u017e jen statistiky a data. Velk\u00e1 \u010d\u00e1st dne\u0161n\u00edch jezdc\u016f p\u0159ich\u00e1z\u00ed o prost\u00e9 pot\u011b\u0161en\u00ed z j\u00edzdy. Ne tr\u00e9novat, jen se projet a vyrazit po trase, po kter\u00e9 jste je\u0161t\u011b nikdy nejeli.<\/p>\n<div class=\"shortcode-ys-post-pinup\"><article class=\"loop-simple post-23156 post type-post status-publish format-standard has-post-thumbnail hentry category-rady-tipy tag-cyklistika tag-garmin-edge-540 tag-garmin-edge-840 tag-horska-cyklistika tag-silnicni-cyklistika tag-test-garmin-edge-540 tag-test-garmin-edge-840 tag-zdravi-a-trenink global-categories-cycling\" data-postid=\"23156\" role=\"article\" data-post-id=\"23156\" data-word-count=\"480\" data-headline-length=\"61\" data-category=\"Rady &amp; tipy\" data-global-category=\"Cycling\" data-author=\"We Love Cycling\" data-published=\"2023-07-21T05:00:53+02:00\" data-published-day=\"Friday\">\n    <div class=\"entry-thumbnail article-thumbnail\" content=\"https:\/\/d2p6e6u75xmxt8.cloudfront.net\/13\/2023\/06\/garmin-4-150x150.webp\"><a href=\"https:\/\/www.welovecycling.com\/cs\/2023\/07\/21\/test-garmin-edge-540-a-garmin-edge-840-motivujici-computer\/\" class=\"image-holder\" target=\"_self\"><img decoding=\"async\" loading=\"lazy\" class=\"\" src=\"https:\/\/d2p6e6u75xmxt8.cloudfront.net\/13\/2023\/06\/garmin-4-1024x683.webp\" srcset=\"https:\/\/d2p6e6u75xmxt8.cloudfront.net\/13\/2023\/06\/garmin-4-scaled.webp 2560w, https:\/\/d2p6e6u75xmxt8.cloudfront.net\/13\/2023\/06\/garmin-4-300x200.webp 300w, https:\/\/d2p6e6u75xmxt8.cloudfront.net\/13\/2023\/06\/garmin-4-1024x683.webp 1024w, https:\/\/d2p6e6u75xmxt8.cloudfront.net\/13\/2023\/06\/garmin-4-768x512.webp 768w, https:\/\/d2p6e6u75xmxt8.cloudfront.net\/13\/2023\/06\/garmin-4-1536x1025.webp 1536w, https:\/\/d2p6e6u75xmxt8.cloudfront.net\/13\/2023\/06\/garmin-4-2048x1366.webp 2048w, https:\/\/d2p6e6u75xmxt8.cloudfront.net\/13\/2023\/06\/garmin-4-1920x1281.webp 1920w, https:\/\/d2p6e6u75xmxt8.cloudfront.net\/13\/2023\/06\/garmin-4-400x267.webp 400w, https:\/\/d2p6e6u75xmxt8.cloudfront.net\/13\/2023\/06\/garmin-4-272x182.webp 272w, https:\/\/d2p6e6u75xmxt8.cloudfront.net\/13\/2023\/06\/garmin-4-1920x1281.webp 1920w\" width=\"1024\" height=\"683\" sizes=\"auto, (min-width: 1200px) 300px, (min-width: 768px) 25vw, 100vw\" alt=\"test-garmin-edge-540-a-garmin-edge-840-motivujici-computer\"\/><\/a><\/div>    <div class=\"entry-meta\">\n        <a class=\"label label-secondary post-category\" href=\"https:\/\/www.welovecycling.com\/cs\/category\/rady-tipy\/\" title=\"Rady &amp; tipy\">Rady &amp; tipy<\/a>\n    <\/div>\n    <div class=\"entry-details\">\n        <a href=\"https:\/\/www.welovecycling.com\/cs\/2023\/07\/21\/test-garmin-edge-540-a-garmin-edge-840-motivujici-computer\/\" class='entry-title-wrapper'>\n            <h3 class=\"entry-title\"><span>Test Garmin Edge 540 a Garmin Edge 840: motivuj\u00edc\u00ed computer<\/span><\/h3>\n        <\/a>\n    <\/div>\n    <\/article>\n<\/div>\n<p>Vyrazit s mal\u00fdm nebo \u017e\u00e1dn\u00fdm c\u00edlem, dlouhou nebo kr\u00e1tkou \u0161treku, rychle nebo pomalu. Prost\u011b \u0161lapat a naj\u00edt jin\u00fd pohled na v\u011bc. Alespo\u0148 ob\u010dasnou j\u00edzdou unplugged opravdu nic neztrat\u00edte. Mo\u017en\u00e1 si dokonce takov\u00fd \u0161vih u\u017eijete v\u00edc ne\u017e p\u0159i dosa\u017een\u00ed n\u011bjak\u00e9ho Personal Best v\u00fdkonu. Tak z\u00edtra bez bud\u00edk\u016f?<\/p>\n<p><em>Tituln\u00ed foto: \u010cSC\/J. Svoboda<\/em><\/p>\n","protected":false},"excerpt":{"rendered":"<p>Jste taky z\u00e1visl\u00e1ci na cifr\u00e1ch na va\u0161em bud\u00edku a stav\u00edte svou cyklistiku na \u010d\u00edslech a sb\u011bru kudos\u016f. Nebo rad\u011bji jezd\u00edte [&hellip;]<\/p>\n","protected":false},"author":138,"featured_media":23275,"comment_status":"open","ping_status":"open","sticky":false,"template":"","format":"standard","meta":{"footnotes":""},"categories":[15,6],"tags":[948,126,3149,56,9,549,3150,67],"global-categories":[411],"class_list":["post-22937","post","type-post","status-publish","format-standard","has-post-thumbnail","hentry","category-rady-tipy","category-zdravi-a-trenink","tag-aplikace-strava","tag-cyklistika","tag-cyklistika-pro-radost","tag-horska-cyklistika","tag-silnicni-cyklistika","tag-strava","tag-technologie","tag-zdravi-a-trenink","global-categories-cycling"],"yoast_head":"<!-- This site is optimized with the Yoast SEO Premium plugin v25.3 (Yoast SEO v25.9) - https:\/\/yoast.com\/wordpress\/plugins\/seo\/ -->\n<title>Pro\u010d by se ka\u017ed\u00fd m\u011bl aspo\u0148 ob\u010das odst\u0159ihnout a jet jen tak? | \u0160koda We Love Cycling - \u010cesk\u00e1 republika<\/title>\n<meta name=\"description\" content=\"Jste taky z\u00e1visl\u00e1ci na cifr\u00e1ch na va\u0161em bud\u00edku a stav\u00edte svou cyklistiku na \u010d\u00edslech a sb\u011bru kudos\u016f. Nebo rad\u011bji jezd\u00edte unplugged? Tolik cyklist\u016f je dnes natolik sv\u00e1zan\u00fdch s GPS p\u0159\u00edstroji a platformami typu Strava, \u017ee mo\u017en\u00e1 nikdy p\u0159i sv\u00e9m \u0161vihu nepoznali tu opa\u010dnou tv\u00e1\u0159 j\u00edzdy na kole. J\u00edzdu jen tak, j\u00edzdu pro radost, na pohodu.\" \/>\n<meta name=\"robots\" content=\"index, follow, max-snippet:-1, max-image-preview:large, max-video-preview:-1\" \/>\n<link rel=\"canonical\" href=\"https:\/\/www.welovecycling.com\/cs\/2023\/08\/02\/proc-by-se-kazdy-mel-aspon-obcas-odstrihnout-a-jet-jen-tak\/\" \/>\n<meta property=\"og:locale\" content=\"cs_CZ\" \/>\n<meta property=\"og:type\" content=\"article\" \/>\n<meta property=\"og:title\" content=\"Pro\u010d by se ka\u017ed\u00fd m\u011bl aspo\u0148 ob\u010das odst\u0159ihnout a jet jen tak?\" \/>\n<meta property=\"og:description\" content=\"Jste taky z\u00e1visl\u00e1ci na cifr\u00e1ch na va\u0161em bud\u00edku a stav\u00edte svou cyklistiku na \u010d\u00edslech a sb\u011bru kudos\u016f. Nebo rad\u011bji jezd\u00edte unplugged? Tolik cyklist\u016f je dnes natolik sv\u00e1zan\u00fdch s GPS p\u0159\u00edstroji a platformami typu Strava, \u017ee mo\u017en\u00e1 nikdy p\u0159i sv\u00e9m \u0161vihu nepoznali tu opa\u010dnou tv\u00e1\u0159 j\u00edzdy na kole. J\u00edzdu jen tak, j\u00edzdu pro radost, na pohodu.\" \/>\n<meta property=\"og:url\" content=\"https:\/\/www.welovecycling.com\/cs\/2023\/08\/02\/proc-by-se-kazdy-mel-aspon-obcas-odstrihnout-a-jet-jen-tak\/\" \/>\n<meta property=\"og:site_name\" content=\"\u0160koda We Love Cycling - \u010cesk\u00e1 republika\" \/>\n<meta property=\"article:published_time\" content=\"2023-08-02T11:00:05+00:00\" \/>\n<meta property=\"og:image\" content=\"https:\/\/d2p6e6u75xmxt8.cloudfront.net\/13\/2023\/08\/20230628_JSvoboda_RepreRoad_084-scaled.webp\" \/>\n\t<meta property=\"og:image:width\" content=\"2560\" \/>\n\t<meta property=\"og:image:height\" content=\"1707\" \/>\n\t<meta property=\"og:image:type\" content=\"image\/webp\" \/>\n<meta name=\"author\" content=\"radekmalina\" \/>\n<meta name=\"twitter:card\" content=\"summary_large_image\" \/>\n<meta name=\"twitter:label1\" content=\"Written by\" \/>\n\t<meta name=\"twitter:data1\" content=\"We Love Cycling\" \/>\n\t<meta name=\"twitter:label2\" content=\"Est. reading time\" \/>\n\t<meta name=\"twitter:data2\" content=\"6\" \/>\n<script type=\"application\/ld+json\" class=\"yoast-schema-graph\">{\"@context\":\"https:\/\/schema.org\",\"@graph\":[{\"@type\":\"WebPage\",\"@id\":\"https:\/\/www.welovecycling.com\/cs\/2023\/08\/02\/proc-by-se-kazdy-mel-aspon-obcas-odstrihnout-a-jet-jen-tak\/\",\"url\":\"https:\/\/www.welovecycling.com\/cs\/2023\/08\/02\/proc-by-se-kazdy-mel-aspon-obcas-odstrihnout-a-jet-jen-tak\/\",\"name\":\"Pro\u010d by se ka\u017ed\u00fd m\u011bl aspo\u0148 ob\u010das odst\u0159ihnout a jet jen tak? | \u0160koda We Love Cycling - \u010cesk\u00e1 republika\",\"isPartOf\":{\"@id\":\"https:\/\/www.welovecycling.com\/cs\/#website\"},\"primaryImageOfPage\":{\"@id\":\"https:\/\/www.welovecycling.com\/cs\/2023\/08\/02\/proc-by-se-kazdy-mel-aspon-obcas-odstrihnout-a-jet-jen-tak\/#primaryimage\"},\"image\":{\"@id\":\"https:\/\/www.welovecycling.com\/cs\/2023\/08\/02\/proc-by-se-kazdy-mel-aspon-obcas-odstrihnout-a-jet-jen-tak\/#primaryimage\"},\"thumbnailUrl\":\"https:\/\/d2p6e6u75xmxt8.cloudfront.net\/13\/2023\/08\/20230628_JSvoboda_RepreRoad_084-scaled.webp\",\"datePublished\":\"2023-08-02T11:00:05+00:00\",\"author\":{\"@id\":\"https:\/\/www.welovecycling.com\/cs\/#\/schema\/person\/d9eeb0a378f3a7e4a6d12d2b536b04b8\"},\"description\":\"Jste taky z\u00e1visl\u00e1ci na cifr\u00e1ch na va\u0161em bud\u00edku a stav\u00edte svou cyklistiku na \u010d\u00edslech a sb\u011bru kudos\u016f. Nebo rad\u011bji jezd\u00edte unplugged? Tolik cyklist\u016f je dnes natolik sv\u00e1zan\u00fdch s GPS p\u0159\u00edstroji a platformami typu Strava, \u017ee mo\u017en\u00e1 nikdy p\u0159i sv\u00e9m \u0161vihu nepoznali tu opa\u010dnou tv\u00e1\u0159 j\u00edzdy na kole. J\u00edzdu jen tak, j\u00edzdu pro radost, na pohodu.\",\"inLanguage\":\"cs\",\"potentialAction\":[{\"@type\":\"ReadAction\",\"target\":[\"https:\/\/www.welovecycling.com\/cs\/2023\/08\/02\/proc-by-se-kazdy-mel-aspon-obcas-odstrihnout-a-jet-jen-tak\/\"]}]},{\"@type\":\"ImageObject\",\"inLanguage\":\"cs\",\"@id\":\"https:\/\/www.welovecycling.com\/cs\/2023\/08\/02\/proc-by-se-kazdy-mel-aspon-obcas-odstrihnout-a-jet-jen-tak\/#primaryimage\",\"url\":\"https:\/\/d2p6e6u75xmxt8.cloudfront.net\/13\/2023\/08\/20230628_JSvoboda_RepreRoad_084-scaled.webp\",\"contentUrl\":\"https:\/\/d2p6e6u75xmxt8.cloudfront.net\/13\/2023\/08\/20230628_JSvoboda_RepreRoad_084-scaled.webp\",\"width\":2560,\"height\":1707},{\"@type\":\"WebSite\",\"@id\":\"https:\/\/www.welovecycling.com\/cs\/#website\",\"url\":\"https:\/\/www.welovecycling.com\/cs\/\",\"name\":\"\u0160koda We Love Cycling - \u010cesk\u00e1 republika\",\"description\":\"WeLoveCycling.cz je online magaz\u00edn, kter\u00fd v\u00e1m pravideln\u011b p\u0159in\u00e1\u0161\u00ed rady a tipy, zaj\u00edmav\u00e9 \u010dl\u00e1nky, videa a jedine\u010dn\u00e9 report\u00e1\u017ee ze sv\u011bta cyklistiky.\",\"potentialAction\":[{\"@type\":\"SearchAction\",\"target\":{\"@type\":\"EntryPoint\",\"urlTemplate\":\"https:\/\/www.welovecycling.com\/cs\/?s={search_term_string}\"},\"query-input\":{\"@type\":\"PropertyValueSpecification\",\"valueRequired\":true,\"valueName\":\"search_term_string\"}}],\"inLanguage\":\"cs\"},{\"@type\":\"Person\",\"@id\":\"https:\/\/www.welovecycling.com\/cs\/#\/schema\/person\/d9eeb0a378f3a7e4a6d12d2b536b04b8\",\"name\":\"radekmalina\",\"image\":{\"@type\":\"ImageObject\",\"inLanguage\":\"cs\",\"@id\":\"https:\/\/www.welovecycling.com\/cs\/#\/schema\/person\/image\/\",\"url\":\"https:\/\/secure.gravatar.com\/avatar\/66994b632cb8c39a46b9f54afa3ae07201b678d32a54275b6f1c9ffec356bfc0?s=96&d=mm&r=g\",\"contentUrl\":\"https:\/\/secure.gravatar.com\/avatar\/66994b632cb8c39a46b9f54afa3ae07201b678d32a54275b6f1c9ffec356bfc0?s=96&d=mm&r=g\",\"caption\":\"radekmalina\"},\"url\":\"https:\/\/www.welovecycling.com\/cs\/author\/radekmalina\/\"}]}<\/script>\n<!-- \/ Yoast SEO Premium plugin. -->","yoast_head_json":{"title":"Pro\u010d by se ka\u017ed\u00fd m\u011bl aspo\u0148 ob\u010das odst\u0159ihnout a jet jen tak? | \u0160koda We Love Cycling - \u010cesk\u00e1 republika","description":"Jste taky z\u00e1visl\u00e1ci na cifr\u00e1ch na va\u0161em bud\u00edku a stav\u00edte svou cyklistiku na \u010d\u00edslech a sb\u011bru kudos\u016f. Nebo rad\u011bji jezd\u00edte unplugged? Tolik cyklist\u016f je dnes natolik sv\u00e1zan\u00fdch s GPS p\u0159\u00edstroji a platformami typu Strava, \u017ee mo\u017en\u00e1 nikdy p\u0159i sv\u00e9m \u0161vihu nepoznali tu opa\u010dnou tv\u00e1\u0159 j\u00edzdy na kole. J\u00edzdu jen tak, j\u00edzdu pro radost, na pohodu.","robots":{"index":"index","follow":"follow","max-snippet":"max-snippet:-1","max-image-preview":"max-image-preview:large","max-video-preview":"max-video-preview:-1"},"canonical":"https:\/\/www.welovecycling.com\/cs\/2023\/08\/02\/proc-by-se-kazdy-mel-aspon-obcas-odstrihnout-a-jet-jen-tak\/","og_locale":"cs_CZ","og_type":"article","og_title":"Pro\u010d by se ka\u017ed\u00fd m\u011bl aspo\u0148 ob\u010das odst\u0159ihnout a jet jen tak?","og_description":"Jste taky z\u00e1visl\u00e1ci na cifr\u00e1ch na va\u0161em bud\u00edku a stav\u00edte svou cyklistiku na \u010d\u00edslech a sb\u011bru kudos\u016f. Nebo rad\u011bji jezd\u00edte unplugged? Tolik cyklist\u016f je dnes natolik sv\u00e1zan\u00fdch s GPS p\u0159\u00edstroji a platformami typu Strava, \u017ee mo\u017en\u00e1 nikdy p\u0159i sv\u00e9m \u0161vihu nepoznali tu opa\u010dnou tv\u00e1\u0159 j\u00edzdy na kole. J\u00edzdu jen tak, j\u00edzdu pro radost, na pohodu.","og_url":"https:\/\/www.welovecycling.com\/cs\/2023\/08\/02\/proc-by-se-kazdy-mel-aspon-obcas-odstrihnout-a-jet-jen-tak\/","og_site_name":"\u0160koda We Love Cycling - \u010cesk\u00e1 republika","article_published_time":"2023-08-02T11:00:05+00:00","og_image":[{"width":2560,"height":1707,"url":"https:\/\/d2p6e6u75xmxt8.cloudfront.net\/13\/2023\/08\/20230628_JSvoboda_RepreRoad_084-scaled.webp","type":"image\/webp"}],"author":"radekmalina","twitter_card":"summary_large_image","twitter_misc":{"Written by":"We Love Cycling","Est. reading time":"6"},"schema":{"@context":"https:\/\/schema.org","@graph":[{"@type":"WebPage","@id":"https:\/\/www.welovecycling.com\/cs\/2023\/08\/02\/proc-by-se-kazdy-mel-aspon-obcas-odstrihnout-a-jet-jen-tak\/","url":"https:\/\/www.welovecycling.com\/cs\/2023\/08\/02\/proc-by-se-kazdy-mel-aspon-obcas-odstrihnout-a-jet-jen-tak\/","name":"Pro\u010d by se ka\u017ed\u00fd m\u011bl aspo\u0148 ob\u010das odst\u0159ihnout a jet jen tak? | \u0160koda We Love Cycling - \u010cesk\u00e1 republika","isPartOf":{"@id":"https:\/\/www.welovecycling.com\/cs\/#website"},"primaryImageOfPage":{"@id":"https:\/\/www.welovecycling.com\/cs\/2023\/08\/02\/proc-by-se-kazdy-mel-aspon-obcas-odstrihnout-a-jet-jen-tak\/#primaryimage"},"image":{"@id":"https:\/\/www.welovecycling.com\/cs\/2023\/08\/02\/proc-by-se-kazdy-mel-aspon-obcas-odstrihnout-a-jet-jen-tak\/#primaryimage"},"thumbnailUrl":"https:\/\/d2p6e6u75xmxt8.cloudfront.net\/13\/2023\/08\/20230628_JSvoboda_RepreRoad_084-scaled.webp","datePublished":"2023-08-02T11:00:05+00:00","author":{"@id":"https:\/\/www.welovecycling.com\/cs\/#\/schema\/person\/d9eeb0a378f3a7e4a6d12d2b536b04b8"},"description":"Jste taky z\u00e1visl\u00e1ci na cifr\u00e1ch na va\u0161em bud\u00edku a stav\u00edte svou cyklistiku na \u010d\u00edslech a sb\u011bru kudos\u016f. Nebo rad\u011bji jezd\u00edte unplugged? Tolik cyklist\u016f je dnes natolik sv\u00e1zan\u00fdch s GPS p\u0159\u00edstroji a platformami typu Strava, \u017ee mo\u017en\u00e1 nikdy p\u0159i sv\u00e9m \u0161vihu nepoznali tu opa\u010dnou tv\u00e1\u0159 j\u00edzdy na kole. J\u00edzdu jen tak, j\u00edzdu pro radost, na pohodu.","inLanguage":"cs","potentialAction":[{"@type":"ReadAction","target":["https:\/\/www.welovecycling.com\/cs\/2023\/08\/02\/proc-by-se-kazdy-mel-aspon-obcas-odstrihnout-a-jet-jen-tak\/"]}]},{"@type":"ImageObject","inLanguage":"cs","@id":"https:\/\/www.welovecycling.com\/cs\/2023\/08\/02\/proc-by-se-kazdy-mel-aspon-obcas-odstrihnout-a-jet-jen-tak\/#primaryimage","url":"https:\/\/d2p6e6u75xmxt8.cloudfront.net\/13\/2023\/08\/20230628_JSvoboda_RepreRoad_084-scaled.webp","contentUrl":"https:\/\/d2p6e6u75xmxt8.cloudfront.net\/13\/2023\/08\/20230628_JSvoboda_RepreRoad_084-scaled.webp","width":2560,"height":1707},{"@type":"WebSite","@id":"https:\/\/www.welovecycling.com\/cs\/#website","url":"https:\/\/www.welovecycling.com\/cs\/","name":"\u0160koda We Love Cycling - \u010cesk\u00e1 republika","description":"WeLoveCycling.cz je online magaz\u00edn, kter\u00fd v\u00e1m pravideln\u011b p\u0159in\u00e1\u0161\u00ed rady a tipy, zaj\u00edmav\u00e9 \u010dl\u00e1nky, videa a jedine\u010dn\u00e9 report\u00e1\u017ee ze sv\u011bta cyklistiky.","potentialAction":[{"@type":"SearchAction","target":{"@type":"EntryPoint","urlTemplate":"https:\/\/www.welovecycling.com\/cs\/?s={search_term_string}"},"query-input":{"@type":"PropertyValueSpecification","valueRequired":true,"valueName":"search_term_string"}}],"inLanguage":"cs"},{"@type":"Person","@id":"https:\/\/www.welovecycling.com\/cs\/#\/schema\/person\/d9eeb0a378f3a7e4a6d12d2b536b04b8","name":"radekmalina","image":{"@type":"ImageObject","inLanguage":"cs","@id":"https:\/\/www.welovecycling.com\/cs\/#\/schema\/person\/image\/","url":"https:\/\/secure.gravatar.com\/avatar\/66994b632cb8c39a46b9f54afa3ae07201b678d32a54275b6f1c9ffec356bfc0?s=96&d=mm&r=g","contentUrl":"https:\/\/secure.gravatar.com\/avatar\/66994b632cb8c39a46b9f54afa3ae07201b678d32a54275b6f1c9ffec356bfc0?s=96&d=mm&r=g","caption":"radekmalina"},"url":"https:\/\/www.welovecycling.com\/cs\/author\/radekmalina\/"}]}},"_links":{"self":[{"href":"https:\/\/www.welovecycling.com\/cs\/wp-json\/wp\/v2\/posts\/22937","targetHints":{"allow":["GET"]}}],"collection":[{"href":"https:\/\/www.welovecycling.com\/cs\/wp-json\/wp\/v2\/posts"}],"about":[{"href":"https:\/\/www.welovecycling.com\/cs\/wp-json\/wp\/v2\/types\/post"}],"author":[{"embeddable":true,"href":"https:\/\/www.welovecycling.com\/cs\/wp-json\/wp\/v2\/users\/138"}],"replies":[{"embeddable":true,"href":"https:\/\/www.welovecycling.com\/cs\/wp-json\/wp\/v2\/comments?post=22937"}],"version-history":[{"count":3,"href":"https:\/\/www.welovecycling.com\/cs\/wp-json\/wp\/v2\/posts\/22937\/revisions"}],"predecessor-version":[{"id":23283,"href":"https:\/\/www.welovecycling.com\/cs\/wp-json\/wp\/v2\/posts\/22937\/revisions\/23283"}],"wp:featuredmedia":[{"embeddable":true,"href":"https:\/\/www.welovecycling.com\/cs\/wp-json\/wp\/v2\/media\/23275"}],"wp:attachment":[{"href":"https:\/\/www.welovecycling.com\/cs\/wp-json\/wp\/v2\/media?parent=22937"}],"wp:term":[{"taxonomy":"category","embeddable":true,"href":"https:\/\/www.welovecycling.com\/cs\/wp-json\/wp\/v2\/categories?post=22937"},{"taxonomy":"post_tag","embeddable":true,"href":"https:\/\/www.welovecycling.com\/cs\/wp-json\/wp\/v2\/tags?post=22937"},{"taxonomy":"global-categories","embeddable":true,"href":"https:\/\/www.welovecycling.com\/cs\/wp-json\/wp\/v2\/global-categories?post=22937"}],"curies":[{"name":"wp","href":"https:\/\/api.w.org\/{rel}","templated":true}]}}