{"id":22880,"date":"2023-07-03T16:30:42","date_gmt":"2023-07-03T14:30:42","guid":{"rendered":"https:\/\/www.welovecycling.com\/cs\/?p=22880"},"modified":"2023-07-02T21:00:48","modified_gmt":"2023-07-02T19:00:48","slug":"pravidla-tour-de-france-ktera-mozna-neznate","status":"publish","type":"post","link":"https:\/\/www.welovecycling.com\/cs\/2023\/07\/03\/pravidla-tour-de-france-ktera-mozna-neznate\/","title":{"rendered":"Pravidla Tour de France, kter\u00e1 mo\u017en\u00e1 nezn\u00e1te"},"content":{"rendered":"<p><strong>Existuj\u00ed ta nepsan\u00e1. T\u0159eba pravidlo o tom, \u017ee kdy\u017e m\u00e1 \u017elut\u00fd dres pot\u00ed\u017ee, soupe\u0159i na n\u011bj ne\u00fato\u010d\u00ed. T\u011bch napsan\u00fdch je ale mnohem v\u00edc a z\u00e1kout\u00ed paragraf\u016f Tour de France, co postihuj\u00ed chov\u00e1n\u00ed z\u00e1vodn\u00edk\u016f, t\u00fdm\u016f i person\u00e1lu, mnohdy neznaj\u00ed ani samotn\u00ed akt\u00e9\u0159i. Jak\u00e1 jsou pravidla Tour de France?<\/strong><\/p>\n<h2><strong>Sklo<\/strong><\/h2>\n<p>Podle paragrafu 6b je b\u011bhem z\u00e1vodu zcela zapov\u011bzeno pou\u017e\u00edv\u00e1n\u00ed jak\u00fdchkoliv sklen\u011bn\u00fdch n\u00e1dob. \u017de se v\u00e1m vybav\u00ed p\u0159\u00edpitky \u0161ampa\u0148sk\u00fdm ze skleni\u010dek na stopce p\u0159i posledn\u00ed ceremoni\u00e1ln\u00ed etap\u011b do Pa\u0159\u00ed\u017ee? Holt&#8230; V\u00fdjimka.<\/p>\n<h2><strong>Pl\u00e1\u0161t\u011bnky<\/strong><\/h2>\n<p>\u010cl\u00e1nek 5 pravidel mluv\u00ed o tom, \u017ee v p\u0159\u00edpad\u011b l\u00eddr\u016f jednotliv\u00fdch sout\u011b\u017e\u00ed je pou\u017eit\u00ed pl\u00e1\u0161t\u011bnky jin\u00e9 ne\u017e t\u00e9 ofici\u00e1ln\u00ed, tedy dodan\u00e9 po\u0159adatelem zak\u00e1zan\u00e9. Odbo\u010dka do It\u00e1lie: b\u011bhem leto\u0161n\u00edho Gira vedl a\u017e do posledn\u00edho dne Geraint Thomas pr\u016fb\u011b\u017enou klasifikaci a ve zmokl\u00e9m z\u00e1vod\u011b se schov\u00e1val do \u010dern\u00e9ho, ne r\u016f\u017eov\u00e9ho pr\u0161ipl\u00e1\u0161t\u011b. \u017de by ofici\u00e1ln\u00ed outfit nebyl tak kvalitn\u00ed? Kdo v\u00ed.<\/p>\n<h2><strong>Telka v aut\u011b<\/strong><\/h2>\n<p>T\u00fdmy mus\u00ed zajistit, \u017ee \u017e\u00e1dn\u00e9 jejich akreditovan\u00e9 vozidlo z konvoje nem\u00e1 na palubn\u00ed desce televizn\u00ed p\u0159ij\u00edma\u010d, co by mohl rozptylovat \u0161of\u00e9ra. \u010cl\u00e1nek 9 zn\u00ed nekompromisn\u011b, ale za tich\u00e9ho ml\u010den\u00ed komisa\u0159\u016f bude pat\u0159it k t\u011bm nejp\u0159ehl\u00ed\u017een\u011bj\u0161\u00edm. Jak jinak \u0159\u00eddit z\u00e1vod ne\u017e podle p\u0159\u00edm\u00e9ho p\u0159enosu?<\/p>\n<p><a href=\"https:\/\/d2p6e6u75xmxt8.cloudfront.net\/13\/2023\/07\/Tour-de-France-IIIII.webp\"><img loading=\"lazy\" decoding=\"async\" class=\"alignnone size-extra-large wp-image-22916\" src=\"https:\/\/d2p6e6u75xmxt8.cloudfront.net\/13\/2023\/07\/Tour-de-France-IIIII-1920x1280.webp\" alt=\"\" width=\"1920\" height=\"1280\" srcset=\"https:\/\/d2p6e6u75xmxt8.cloudfront.net\/13\/2023\/07\/Tour-de-France-IIIII-1920x1280.webp 1920w, https:\/\/d2p6e6u75xmxt8.cloudfront.net\/13\/2023\/07\/Tour-de-France-IIIII-300x200.webp 300w, https:\/\/d2p6e6u75xmxt8.cloudfront.net\/13\/2023\/07\/Tour-de-France-IIIII-1024x683.webp 1024w, https:\/\/d2p6e6u75xmxt8.cloudfront.net\/13\/2023\/07\/Tour-de-France-IIIII-768x512.webp 768w, https:\/\/d2p6e6u75xmxt8.cloudfront.net\/13\/2023\/07\/Tour-de-France-IIIII-1536x1024.webp 1536w, https:\/\/d2p6e6u75xmxt8.cloudfront.net\/13\/2023\/07\/Tour-de-France-IIIII-400x267.webp 400w, https:\/\/d2p6e6u75xmxt8.cloudfront.net\/13\/2023\/07\/Tour-de-France-IIIII-272x182.webp 272w, https:\/\/d2p6e6u75xmxt8.cloudfront.net\/13\/2023\/07\/Tour-de-France-IIIII.webp 2048w, https:\/\/d2p6e6u75xmxt8.cloudfront.net\/13\/2023\/07\/Tour-de-France-IIIII-1920x1280.webp 1920w\" sizes=\"auto, (max-width: 1920px) 100vw, 1920px\" \/><\/a><\/p>\n<h2><strong>\u0160ra\u0148ky<\/strong><\/h2>\n<p>Pokud se peloton p\u0159ep\u016fl\u00ed vinou \u010derven\u00fdch sv\u011btel a z\u00e1vor u kolej\u00ed, prvn\u00ed skupinu rozhod\u010d\u00ed zpomal\u00ed nebo dokonce zastav\u00ed, aby ti, co nestihli projet, se mohli dot\u00e1hnout zp\u011bt. Stejn\u011b tak se komisa\u0159i zachovaj\u00ed v p\u0159\u00edpad\u011b \u00faniku, kter\u00fd by nef\u00e9rov\u011b mohl navy\u0161ovat n\u00e1skok na st\u00edhac\u00ed skupinu zaseknutou za z\u00e1vorami. Zase jedna odbo\u010dka: najd\u011bte si z\u00e1b\u011bry z Pa\u0159\u00ed\u017e-Roubaix 2015, kdy peloton nehodlal z\u00e1vory respektovat, a za z\u00e1dy posledn\u00edho h\u0159\u00ed\u0161n\u00edka t\u011bsn\u011b prosvi\u0161t\u011blo TGV.<\/p>\n<h2><strong>Br\u00fdle<\/strong><\/h2>\n<p>Oficiality na startu a v c\u00edli si \u017e\u00e1daj\u00ed, aby se z respektu k publiku nenosili na p\u00f3di\u00edch jin\u00e9 ne\u017e dioptrick\u00e9 br\u00fdle. Sagan sv\u00e9ho \u010dasu, aby prodal sv\u00e9ho osobn\u00edho sponzora, chod\u00edval na stupn\u011b v\u00edt\u011bz\u016f s motokrosov\u00fdmi br\u00fdlemi na krku, na nich\u017e se logo v\u00fdrobce nedalo p\u0159ehl\u00e9dnout.<\/p>\n<div class=\"shortcode-ys-post-pinup\"><article class=\"loop-simple post-22834 post type-post status-publish format-video has-post-thumbnail hentry category-silnicni-cyklistika category-tour-de-france tag-ceska-stopa-na-tour-de-france tag-cyklistika tag-jan-svorada tag-leopold-konig tag-rene-andrle tag-silnicni-cyklistika tag-tour-de-france tag-tour-de-france-2023 tag-zdenek-stybar post_format-post-format-video global-categories-cycling\" data-postid=\"22834\" role=\"article\" data-post-id=\"22834\" data-word-count=\"587\" data-headline-length=\"31\" data-category=\"Tour de France\" data-global-category=\"Cycling\" data-author=\"We Love Cycling\" data-published=\"2023-06-28T15:40:09+02:00\" data-published-day=\"Wednesday\">\n    <div class=\"entry-thumbnail article-thumbnail video-thumbnail\" content=\"https:\/\/d2p6e6u75xmxt8.cloudfront.net\/13\/2020\/12\/svorada-profimedia-0069147095-1-150x150.webp\"><svg class=\"play font-icon\"><use href=\"#play_round\" xlink:href=\"#play_round\"><\/use><\/svg><a href=\"https:\/\/www.welovecycling.com\/cs\/2023\/06\/28\/ceska-stopa-na-tour\/\" class=\"image-holder\" target=\"_self\"><img decoding=\"async\" loading=\"lazy\" class=\"\" src=\"https:\/\/d2p6e6u75xmxt8.cloudfront.net\/13\/2020\/12\/svorada-profimedia-0069147095-1-1024x651.webp\" srcset=\"https:\/\/d2p6e6u75xmxt8.cloudfront.net\/13\/2020\/12\/svorada-profimedia-0069147095-1.webp 1800w, https:\/\/d2p6e6u75xmxt8.cloudfront.net\/13\/2020\/12\/svorada-profimedia-0069147095-1-300x191.webp 300w, https:\/\/d2p6e6u75xmxt8.cloudfront.net\/13\/2020\/12\/svorada-profimedia-0069147095-1-1024x651.webp 1024w, https:\/\/d2p6e6u75xmxt8.cloudfront.net\/13\/2020\/12\/svorada-profimedia-0069147095-1-768x488.webp 768w, https:\/\/d2p6e6u75xmxt8.cloudfront.net\/13\/2020\/12\/svorada-profimedia-0069147095-1-1536x976.webp 1536w\" width=\"1024\" height=\"651\" sizes=\"auto, (min-width: 1200px) 314px, (min-width: 768px) 26vw, 100vw\" alt=\"ceska-stopa-na-tour\"\/><\/a><\/div>    <div class=\"entry-meta\">\n        <a class=\"label label-secondary post-category\" href=\"https:\/\/www.welovecycling.com\/cs\/category\/tour-de-france\/\" title=\"Tour de France\">Tour de France<\/a>\n    <\/div>\n    <div class=\"entry-details\">\n        <a href=\"https:\/\/www.welovecycling.com\/cs\/2023\/06\/28\/ceska-stopa-na-tour\/\" class='entry-title-wrapper'>\n            <h3 class=\"entry-title\"><span>\u010cesk\u00e1 stopa na Tour de France<\/span><\/h3>\n        <\/a>\n    <\/div>\n    <\/article>\n<\/div>\n<h2><strong>Startovn\u00ed \u010d\u00edsla<\/strong><\/h2>\n<p>\u010cl\u00e1nek 2 hovo\u0159\u00ed o tom, \u017ee je striktn\u011b zak\u00e1z\u00e1no jakkoliv upravovat ofici\u00e1ln\u00ed vybaven\u00ed po\u0159adatele, typicky \u010dipy nebo startovn\u00ed \u010d\u00edsla. Nikde se v\u0161ak nehovo\u0159\u00ed o tom, jak mus\u00ed b\u00fdt startovn\u00ed \u010d\u00edslo na kole nebo dresu um\u00edst\u011bno, a tak majitel t\u0159in\u00e1ctky z pov\u011br\u010divosti zpravidla oto\u010d\u00ed \u010d\u00edslo vzh\u016fru nohama.<\/p>\n<h2><strong>Bojkot p\u00f3dia<\/strong><\/h2>\n<p>Podle paragrafu 21 ka\u017ed\u00fd z vyhla\u0161ovan\u00fdch z\u00e1vodn\u00edk\u016f, kter\u00fd se odm\u00edtne na p\u00f3dium dostavit v outfitu dodan\u00e9m ofici\u00e1ln\u00edm sponzorem z\u00e1vodu, bude penalizov\u00e1n.<\/p>\n<figure id=\"attachment_22913\" aria-describedby=\"caption-attachment-22913\" style=\"width: 1920px\" class=\"wp-caption alignnone\"><a href=\"https:\/\/d2p6e6u75xmxt8.cloudfront.net\/13\/2023\/07\/Tour-de-France-II.webp\"><img loading=\"lazy\" decoding=\"async\" class=\"size-extra-large wp-image-22913\" src=\"https:\/\/d2p6e6u75xmxt8.cloudfront.net\/13\/2023\/07\/Tour-de-France-II-1920x1280.webp\" alt=\"Adam Yates v zelen\u00e9m dresu l\u00eddra bodovac\u00ed sout\u011b\u017ee po \u00favodn\u00ed etap\u011b Tour de France 2023.\" width=\"1920\" height=\"1280\" srcset=\"https:\/\/d2p6e6u75xmxt8.cloudfront.net\/13\/2023\/07\/Tour-de-France-II-1920x1280.webp 1920w, https:\/\/d2p6e6u75xmxt8.cloudfront.net\/13\/2023\/07\/Tour-de-France-II-300x200.webp 300w, https:\/\/d2p6e6u75xmxt8.cloudfront.net\/13\/2023\/07\/Tour-de-France-II-1024x683.webp 1024w, https:\/\/d2p6e6u75xmxt8.cloudfront.net\/13\/2023\/07\/Tour-de-France-II-768x512.webp 768w, https:\/\/d2p6e6u75xmxt8.cloudfront.net\/13\/2023\/07\/Tour-de-France-II-1536x1024.webp 1536w, https:\/\/d2p6e6u75xmxt8.cloudfront.net\/13\/2023\/07\/Tour-de-France-II-400x267.webp 400w, https:\/\/d2p6e6u75xmxt8.cloudfront.net\/13\/2023\/07\/Tour-de-France-II-272x182.webp 272w, https:\/\/d2p6e6u75xmxt8.cloudfront.net\/13\/2023\/07\/Tour-de-France-II.webp 2048w, https:\/\/d2p6e6u75xmxt8.cloudfront.net\/13\/2023\/07\/Tour-de-France-II-1920x1280.webp 1920w\" sizes=\"auto, (max-width: 1920px) 100vw, 1920px\" \/><\/a><figcaption id=\"caption-attachment-22913\" class=\"wp-caption-text\"><em>Adam Yates v zelen\u00e9m dresu l\u00eddra bodovac\u00ed sout\u011b\u017ee po \u00favodn\u00ed etap\u011b Tour de France 2023. Foto: ASO\/Pauline Ballet<\/em><\/figcaption><\/figure>\n<h2><strong>Spr\u0161ka<\/strong><\/h2>\n<p>Paragraf 6b je\u0161t\u011b jednou a zase ve spojitosti s tekutinami. Jak\u00e9koliv pol\u00e9v\u00e1n\u00ed z\u00e1vodn\u00edk\u016f z doprovodn\u00e9ho vozidla je tabu. Pro\u010d ale nepostihuje i chov\u00e1n\u00ed mnohdy podrou\u0161en\u00fdch fand\u016f, kter\u00fdm sem tam uk\u00e1pne na z\u00e1vodn\u00edkova z\u00e1da i pivo. A nebo kauza Froome v roce 2015? Spr\u0161ka \u017elutou tekutinou moc nevon\u011bla.<\/p>\n<h2><strong>S\u00e1zky<\/strong><\/h2>\n<p>Aby se p\u0159ede\u0161lo jak\u00e9mukoliv st\u0159etu z\u00e1jm\u016f, t\u00fdmy a v\u0161ichni jejich \u010dlenov\u00e9 od z\u00e1vodn\u00edk\u016f po doktory nebo i tren\u00e9ry maj\u00ed p\u0159\u00edsn\u00fd z\u00e1kaz s\u00e1zek na Tour de France. A\u0165 p\u0159\u00edmo nebo i p\u0159es prost\u0159edn\u00edka. \u010cl\u00e1nek 30.<\/p>\n<div class=\"shortcode-ys-post-pinup\"><article class=\"loop-simple post-22883 post type-post status-publish format-video has-post-thumbnail hentry category-tour-de-france tag-ceska-stopa-na-tour-de-france tag-cyklistika tag-fenomen-stare-damy tag-jan-svorada tag-leopold-konig tag-rene-andrle tag-silnicni-cyklistika tag-tour-de-france tag-tour-de-france-2023 tag-zdenek-stybar post_format-post-format-video global-categories-cycling\" data-postid=\"22883\" role=\"article\" data-post-id=\"22883\" data-word-count=\"275\" data-headline-length=\"64\" data-category=\"Tour de France\" data-global-category=\"Cycling\" data-author=\"We Love Cycling\" data-published=\"2023-06-30T12:01:57+02:00\" data-published-day=\"Friday\">\n    <div class=\"entry-thumbnail article-thumbnail video-thumbnail\" content=\"https:\/\/d2p6e6u75xmxt8.cloudfront.net\/13\/2023\/06\/WLC_Jan-Svorada_001-150x150.webp\"><svg class=\"play font-icon\"><use href=\"#play_round\" xlink:href=\"#play_round\"><\/use><\/svg><a href=\"https:\/\/www.welovecycling.com\/cs\/2023\/06\/30\/ceska-stopa-na-tour-de-france-2-dil-fenomen-stare-damy\/\" class=\"image-holder\" target=\"_self\"><img decoding=\"async\" loading=\"lazy\" class=\"\" src=\"https:\/\/d2p6e6u75xmxt8.cloudfront.net\/13\/2023\/06\/WLC_Jan-Svorada_001-1024x683.webp\" srcset=\"https:\/\/d2p6e6u75xmxt8.cloudfront.net\/13\/2023\/06\/WLC_Jan-Svorada_001-scaled.webp 2560w, https:\/\/d2p6e6u75xmxt8.cloudfront.net\/13\/2023\/06\/WLC_Jan-Svorada_001-300x200.webp 300w, https:\/\/d2p6e6u75xmxt8.cloudfront.net\/13\/2023\/06\/WLC_Jan-Svorada_001-1024x683.webp 1024w, https:\/\/d2p6e6u75xmxt8.cloudfront.net\/13\/2023\/06\/WLC_Jan-Svorada_001-768x512.webp 768w, https:\/\/d2p6e6u75xmxt8.cloudfront.net\/13\/2023\/06\/WLC_Jan-Svorada_001-1536x1024.webp 1536w, https:\/\/d2p6e6u75xmxt8.cloudfront.net\/13\/2023\/06\/WLC_Jan-Svorada_001-2048x1366.webp 2048w, https:\/\/d2p6e6u75xmxt8.cloudfront.net\/13\/2023\/06\/WLC_Jan-Svorada_001-1920x1281.webp 1920w, https:\/\/d2p6e6u75xmxt8.cloudfront.net\/13\/2023\/06\/WLC_Jan-Svorada_001-400x267.webp 400w, https:\/\/d2p6e6u75xmxt8.cloudfront.net\/13\/2023\/06\/WLC_Jan-Svorada_001-272x182.webp 272w, https:\/\/d2p6e6u75xmxt8.cloudfront.net\/13\/2023\/06\/WLC_Jan-Svorada_001-1920x1281.webp 1920w\" width=\"1024\" height=\"683\" sizes=\"auto, (min-width: 1200px) 300px, (min-width: 768px) 25vw, 100vw\" alt=\"ceska-stopa-na-tour-de-france-2-dil-fenomen-stare-damy\"\/><\/a><\/div>    <div class=\"entry-meta\">\n        <a class=\"label label-secondary post-category\" href=\"https:\/\/www.welovecycling.com\/cs\/category\/tour-de-france\/\" title=\"Tour de France\">Tour de France<\/a>\n    <\/div>\n    <div class=\"entry-details\">\n        <a href=\"https:\/\/www.welovecycling.com\/cs\/2023\/06\/30\/ceska-stopa-na-tour-de-france-2-dil-fenomen-stare-damy\/\" class='entry-title-wrapper'>\n            <h3 class=\"entry-title\"><span>\u010cesk\u00e1 stopa na Tour de France | 2. d\u00edl: Fenom\u00e9n Star\u00e9 d\u00e1my<\/span><\/h3>\n        <\/a>\n    <\/div>\n    <\/article>\n<\/div>\n<h2><strong>Odstoupen\u00ed<\/strong><\/h2>\n<p>Jak\u00e9koliv neopodstatn\u011bn\u00e9 odstoupen\u00ed z\u00e1vodn\u00edka\/t\u00fdmu m\u016f\u017ee podle \u010dl\u00e1nku 8 v\u00e9st k odebr\u00e1n\u00ed ve\u0161ker\u00fdch prize money z\u00edskan\u00fdch od startu z\u00e1vodu.<\/p>\n","protected":false},"excerpt":{"rendered":"<p>Existuj\u00ed ta nepsan\u00e1. T\u0159eba pravidlo o tom, \u017ee kdy\u017e m\u00e1 \u017elut\u00fd dres pot\u00ed\u017ee, soupe\u0159i na n\u011bj ne\u00fato\u010d\u00ed. T\u011bch napsan\u00fdch je [&hellip;]<\/p>\n","protected":false},"author":138,"featured_media":22915,"comment_status":"open","ping_status":"open","sticky":false,"template":"","format":"standard","meta":{"footnotes":""},"categories":[10,1711],"tags":[126,3111,9,23,2647],"global-categories":[411],"class_list":["post-22880","post","type-post","status-publish","format-standard","has-post-thumbnail","hentry","category-silnicni-cyklistika","category-tour-de-france","tag-cyklistika","tag-pravidla","tag-silnicni-cyklistika","tag-tour-de-france","tag-tour-de-france-2023","global-categories-cycling"],"yoast_head":"<!-- This site is optimized with the Yoast SEO Premium plugin v25.3 (Yoast SEO v25.9) - https:\/\/yoast.com\/wordpress\/plugins\/seo\/ -->\n<title>Pravidla Tour de France, kter\u00e1 mo\u017en\u00e1 nezn\u00e1te | \u0160koda We Love Cycling - \u010cesk\u00e1 republika<\/title>\n<meta name=\"description\" content=\"Jak\u00e1 jsou pravidla Tour de France? Existuj\u00ed ta nepsan\u00e1. T\u011bch napsan\u00fdch je ale mnohem v\u00edc a z\u00e1kout\u00ed paragraf\u016f Tour de France, co postihuj\u00ed chov\u00e1n\u00ed z\u00e1vodn\u00edk\u016f, t\u00fdm\u016f i person\u00e1lu, mnohdy neznaj\u00ed ani samotn\u00ed akt\u00e9\u0159i.\" \/>\n<meta name=\"robots\" content=\"index, follow, max-snippet:-1, max-image-preview:large, max-video-preview:-1\" \/>\n<link rel=\"canonical\" href=\"https:\/\/www.welovecycling.com\/cs\/2023\/07\/03\/pravidla-tour-de-france-ktera-mozna-neznate\/\" \/>\n<meta property=\"og:locale\" content=\"cs_CZ\" \/>\n<meta property=\"og:type\" content=\"article\" \/>\n<meta property=\"og:title\" content=\"Pravidla Tour de France, kter\u00e1 mo\u017en\u00e1 nezn\u00e1te\" \/>\n<meta property=\"og:description\" content=\"Jak\u00e1 jsou pravidla Tour de France? Existuj\u00ed ta nepsan\u00e1. T\u011bch napsan\u00fdch je ale mnohem v\u00edc a z\u00e1kout\u00ed paragraf\u016f Tour de France, co postihuj\u00ed chov\u00e1n\u00ed z\u00e1vodn\u00edk\u016f, t\u00fdm\u016f i person\u00e1lu, mnohdy neznaj\u00ed ani samotn\u00ed akt\u00e9\u0159i.\" \/>\n<meta property=\"og:url\" content=\"https:\/\/www.welovecycling.com\/cs\/2023\/07\/03\/pravidla-tour-de-france-ktera-mozna-neznate\/\" \/>\n<meta property=\"og:site_name\" content=\"\u0160koda We Love Cycling - \u010cesk\u00e1 republika\" \/>\n<meta property=\"article:published_time\" content=\"2023-07-03T14:30:42+00:00\" \/>\n<meta property=\"og:image\" content=\"https:\/\/d2p6e6u75xmxt8.cloudfront.net\/13\/2023\/07\/TOur-de-France-IIII.webp\" \/>\n\t<meta property=\"og:image:width\" content=\"2048\" \/>\n\t<meta property=\"og:image:height\" content=\"1365\" \/>\n\t<meta property=\"og:image:type\" content=\"image\/webp\" \/>\n<meta name=\"author\" content=\"radekmalina\" \/>\n<meta name=\"twitter:card\" content=\"summary_large_image\" \/>\n<meta name=\"twitter:label1\" content=\"Written by\" \/>\n\t<meta name=\"twitter:data1\" content=\"We Love Cycling\" \/>\n\t<meta name=\"twitter:label2\" content=\"Est. watching time\" \/>\n\t<meta name=\"twitter:data2\" content=\"4\" \/>\n<script type=\"application\/ld+json\" class=\"yoast-schema-graph\">{\"@context\":\"https:\/\/schema.org\",\"@graph\":[{\"@type\":\"WebPage\",\"@id\":\"https:\/\/www.welovecycling.com\/cs\/2023\/07\/03\/pravidla-tour-de-france-ktera-mozna-neznate\/\",\"url\":\"https:\/\/www.welovecycling.com\/cs\/2023\/07\/03\/pravidla-tour-de-france-ktera-mozna-neznate\/\",\"name\":\"Pravidla Tour de France, kter\u00e1 mo\u017en\u00e1 nezn\u00e1te | \u0160koda We Love Cycling - \u010cesk\u00e1 republika\",\"isPartOf\":{\"@id\":\"https:\/\/www.welovecycling.com\/cs\/#website\"},\"primaryImageOfPage\":{\"@id\":\"https:\/\/www.welovecycling.com\/cs\/2023\/07\/03\/pravidla-tour-de-france-ktera-mozna-neznate\/#primaryimage\"},\"image\":{\"@id\":\"https:\/\/www.welovecycling.com\/cs\/2023\/07\/03\/pravidla-tour-de-france-ktera-mozna-neznate\/#primaryimage\"},\"thumbnailUrl\":\"https:\/\/d2p6e6u75xmxt8.cloudfront.net\/13\/2023\/07\/TOur-de-France-IIII.webp\",\"datePublished\":\"2023-07-03T14:30:42+00:00\",\"author\":{\"@id\":\"https:\/\/www.welovecycling.com\/cs\/#\/schema\/person\/d9eeb0a378f3a7e4a6d12d2b536b04b8\"},\"description\":\"Jak\u00e1 jsou pravidla Tour de France? Existuj\u00ed ta nepsan\u00e1. T\u011bch napsan\u00fdch je ale mnohem v\u00edc a z\u00e1kout\u00ed paragraf\u016f Tour de France, co postihuj\u00ed chov\u00e1n\u00ed z\u00e1vodn\u00edk\u016f, t\u00fdm\u016f i person\u00e1lu, mnohdy neznaj\u00ed ani samotn\u00ed akt\u00e9\u0159i.\",\"inLanguage\":\"cs\",\"potentialAction\":[{\"@type\":\"ReadAction\",\"target\":[\"https:\/\/www.welovecycling.com\/cs\/2023\/07\/03\/pravidla-tour-de-france-ktera-mozna-neznate\/\"]}]},{\"@type\":\"ImageObject\",\"inLanguage\":\"cs\",\"@id\":\"https:\/\/www.welovecycling.com\/cs\/2023\/07\/03\/pravidla-tour-de-france-ktera-mozna-neznate\/#primaryimage\",\"url\":\"https:\/\/d2p6e6u75xmxt8.cloudfront.net\/13\/2023\/07\/TOur-de-France-IIII.webp\",\"contentUrl\":\"https:\/\/d2p6e6u75xmxt8.cloudfront.net\/13\/2023\/07\/TOur-de-France-IIII.webp\",\"width\":2048,\"height\":1365,\"caption\":\"Program Tour de France 2024\"},{\"@type\":\"WebSite\",\"@id\":\"https:\/\/www.welovecycling.com\/cs\/#website\",\"url\":\"https:\/\/www.welovecycling.com\/cs\/\",\"name\":\"\u0160koda We Love Cycling - \u010cesk\u00e1 republika\",\"description\":\"WeLoveCycling.cz je online magaz\u00edn, kter\u00fd v\u00e1m pravideln\u011b p\u0159in\u00e1\u0161\u00ed rady a tipy, zaj\u00edmav\u00e9 \u010dl\u00e1nky, videa a jedine\u010dn\u00e9 report\u00e1\u017ee ze sv\u011bta cyklistiky.\",\"potentialAction\":[{\"@type\":\"SearchAction\",\"target\":{\"@type\":\"EntryPoint\",\"urlTemplate\":\"https:\/\/www.welovecycling.com\/cs\/?s={search_term_string}\"},\"query-input\":{\"@type\":\"PropertyValueSpecification\",\"valueRequired\":true,\"valueName\":\"search_term_string\"}}],\"inLanguage\":\"cs\"},{\"@type\":\"Person\",\"@id\":\"https:\/\/www.welovecycling.com\/cs\/#\/schema\/person\/d9eeb0a378f3a7e4a6d12d2b536b04b8\",\"name\":\"radekmalina\",\"image\":{\"@type\":\"ImageObject\",\"inLanguage\":\"cs\",\"@id\":\"https:\/\/www.welovecycling.com\/cs\/#\/schema\/person\/image\/\",\"url\":\"https:\/\/secure.gravatar.com\/avatar\/66994b632cb8c39a46b9f54afa3ae07201b678d32a54275b6f1c9ffec356bfc0?s=96&d=mm&r=g\",\"contentUrl\":\"https:\/\/secure.gravatar.com\/avatar\/66994b632cb8c39a46b9f54afa3ae07201b678d32a54275b6f1c9ffec356bfc0?s=96&d=mm&r=g\",\"caption\":\"radekmalina\"},\"url\":\"https:\/\/www.welovecycling.com\/cs\/author\/radekmalina\/\"}]}<\/script>\n<!-- \/ Yoast SEO Premium plugin. -->","yoast_head_json":{"title":"Pravidla Tour de France, kter\u00e1 mo\u017en\u00e1 nezn\u00e1te | \u0160koda We Love Cycling - \u010cesk\u00e1 republika","description":"Jak\u00e1 jsou pravidla Tour de France? Existuj\u00ed ta nepsan\u00e1. T\u011bch napsan\u00fdch je ale mnohem v\u00edc a z\u00e1kout\u00ed paragraf\u016f Tour de France, co postihuj\u00ed chov\u00e1n\u00ed z\u00e1vodn\u00edk\u016f, t\u00fdm\u016f i person\u00e1lu, mnohdy neznaj\u00ed ani samotn\u00ed akt\u00e9\u0159i.","robots":{"index":"index","follow":"follow","max-snippet":"max-snippet:-1","max-image-preview":"max-image-preview:large","max-video-preview":"max-video-preview:-1"},"canonical":"https:\/\/www.welovecycling.com\/cs\/2023\/07\/03\/pravidla-tour-de-france-ktera-mozna-neznate\/","og_locale":"cs_CZ","og_type":"article","og_title":"Pravidla Tour de France, kter\u00e1 mo\u017en\u00e1 nezn\u00e1te","og_description":"Jak\u00e1 jsou pravidla Tour de France? Existuj\u00ed ta nepsan\u00e1. T\u011bch napsan\u00fdch je ale mnohem v\u00edc a z\u00e1kout\u00ed paragraf\u016f Tour de France, co postihuj\u00ed chov\u00e1n\u00ed z\u00e1vodn\u00edk\u016f, t\u00fdm\u016f i person\u00e1lu, mnohdy neznaj\u00ed ani samotn\u00ed akt\u00e9\u0159i.","og_url":"https:\/\/www.welovecycling.com\/cs\/2023\/07\/03\/pravidla-tour-de-france-ktera-mozna-neznate\/","og_site_name":"\u0160koda We Love Cycling - \u010cesk\u00e1 republika","article_published_time":"2023-07-03T14:30:42+00:00","og_image":[{"width":2048,"height":1365,"url":"https:\/\/d2p6e6u75xmxt8.cloudfront.net\/13\/2023\/07\/TOur-de-France-IIII.webp","type":"image\/webp"}],"author":"radekmalina","twitter_card":"summary_large_image","twitter_misc":{"Written by":"We Love Cycling","Est. watching time":"4"},"schema":{"@context":"https:\/\/schema.org","@graph":[{"@type":"WebPage","@id":"https:\/\/www.welovecycling.com\/cs\/2023\/07\/03\/pravidla-tour-de-france-ktera-mozna-neznate\/","url":"https:\/\/www.welovecycling.com\/cs\/2023\/07\/03\/pravidla-tour-de-france-ktera-mozna-neznate\/","name":"Pravidla Tour de France, kter\u00e1 mo\u017en\u00e1 nezn\u00e1te | \u0160koda We Love Cycling - \u010cesk\u00e1 republika","isPartOf":{"@id":"https:\/\/www.welovecycling.com\/cs\/#website"},"primaryImageOfPage":{"@id":"https:\/\/www.welovecycling.com\/cs\/2023\/07\/03\/pravidla-tour-de-france-ktera-mozna-neznate\/#primaryimage"},"image":{"@id":"https:\/\/www.welovecycling.com\/cs\/2023\/07\/03\/pravidla-tour-de-france-ktera-mozna-neznate\/#primaryimage"},"thumbnailUrl":"https:\/\/d2p6e6u75xmxt8.cloudfront.net\/13\/2023\/07\/TOur-de-France-IIII.webp","datePublished":"2023-07-03T14:30:42+00:00","author":{"@id":"https:\/\/www.welovecycling.com\/cs\/#\/schema\/person\/d9eeb0a378f3a7e4a6d12d2b536b04b8"},"description":"Jak\u00e1 jsou pravidla Tour de France? Existuj\u00ed ta nepsan\u00e1. T\u011bch napsan\u00fdch je ale mnohem v\u00edc a z\u00e1kout\u00ed paragraf\u016f Tour de France, co postihuj\u00ed chov\u00e1n\u00ed z\u00e1vodn\u00edk\u016f, t\u00fdm\u016f i person\u00e1lu, mnohdy neznaj\u00ed ani samotn\u00ed akt\u00e9\u0159i.","inLanguage":"cs","potentialAction":[{"@type":"ReadAction","target":["https:\/\/www.welovecycling.com\/cs\/2023\/07\/03\/pravidla-tour-de-france-ktera-mozna-neznate\/"]}]},{"@type":"ImageObject","inLanguage":"cs","@id":"https:\/\/www.welovecycling.com\/cs\/2023\/07\/03\/pravidla-tour-de-france-ktera-mozna-neznate\/#primaryimage","url":"https:\/\/d2p6e6u75xmxt8.cloudfront.net\/13\/2023\/07\/TOur-de-France-IIII.webp","contentUrl":"https:\/\/d2p6e6u75xmxt8.cloudfront.net\/13\/2023\/07\/TOur-de-France-IIII.webp","width":2048,"height":1365,"caption":"Program Tour de France 2024"},{"@type":"WebSite","@id":"https:\/\/www.welovecycling.com\/cs\/#website","url":"https:\/\/www.welovecycling.com\/cs\/","name":"\u0160koda We Love Cycling - \u010cesk\u00e1 republika","description":"WeLoveCycling.cz je online magaz\u00edn, kter\u00fd v\u00e1m pravideln\u011b p\u0159in\u00e1\u0161\u00ed rady a tipy, zaj\u00edmav\u00e9 \u010dl\u00e1nky, videa a jedine\u010dn\u00e9 report\u00e1\u017ee ze sv\u011bta cyklistiky.","potentialAction":[{"@type":"SearchAction","target":{"@type":"EntryPoint","urlTemplate":"https:\/\/www.welovecycling.com\/cs\/?s={search_term_string}"},"query-input":{"@type":"PropertyValueSpecification","valueRequired":true,"valueName":"search_term_string"}}],"inLanguage":"cs"},{"@type":"Person","@id":"https:\/\/www.welovecycling.com\/cs\/#\/schema\/person\/d9eeb0a378f3a7e4a6d12d2b536b04b8","name":"radekmalina","image":{"@type":"ImageObject","inLanguage":"cs","@id":"https:\/\/www.welovecycling.com\/cs\/#\/schema\/person\/image\/","url":"https:\/\/secure.gravatar.com\/avatar\/66994b632cb8c39a46b9f54afa3ae07201b678d32a54275b6f1c9ffec356bfc0?s=96&d=mm&r=g","contentUrl":"https:\/\/secure.gravatar.com\/avatar\/66994b632cb8c39a46b9f54afa3ae07201b678d32a54275b6f1c9ffec356bfc0?s=96&d=mm&r=g","caption":"radekmalina"},"url":"https:\/\/www.welovecycling.com\/cs\/author\/radekmalina\/"}]}},"_links":{"self":[{"href":"https:\/\/www.welovecycling.com\/cs\/wp-json\/wp\/v2\/posts\/22880","targetHints":{"allow":["GET"]}}],"collection":[{"href":"https:\/\/www.welovecycling.com\/cs\/wp-json\/wp\/v2\/posts"}],"about":[{"href":"https:\/\/www.welovecycling.com\/cs\/wp-json\/wp\/v2\/types\/post"}],"author":[{"embeddable":true,"href":"https:\/\/www.welovecycling.com\/cs\/wp-json\/wp\/v2\/users\/138"}],"replies":[{"embeddable":true,"href":"https:\/\/www.welovecycling.com\/cs\/wp-json\/wp\/v2\/comments?post=22880"}],"version-history":[{"count":2,"href":"https:\/\/www.welovecycling.com\/cs\/wp-json\/wp\/v2\/posts\/22880\/revisions"}],"predecessor-version":[{"id":22917,"href":"https:\/\/www.welovecycling.com\/cs\/wp-json\/wp\/v2\/posts\/22880\/revisions\/22917"}],"wp:featuredmedia":[{"embeddable":true,"href":"https:\/\/www.welovecycling.com\/cs\/wp-json\/wp\/v2\/media\/22915"}],"wp:attachment":[{"href":"https:\/\/www.welovecycling.com\/cs\/wp-json\/wp\/v2\/media?parent=22880"}],"wp:term":[{"taxonomy":"category","embeddable":true,"href":"https:\/\/www.welovecycling.com\/cs\/wp-json\/wp\/v2\/categories?post=22880"},{"taxonomy":"post_tag","embeddable":true,"href":"https:\/\/www.welovecycling.com\/cs\/wp-json\/wp\/v2\/tags?post=22880"},{"taxonomy":"global-categories","embeddable":true,"href":"https:\/\/www.welovecycling.com\/cs\/wp-json\/wp\/v2\/global-categories?post=22880"}],"curies":[{"name":"wp","href":"https:\/\/api.w.org\/{rel}","templated":true}]}}