{"id":22876,"date":"2023-06-30T08:30:12","date_gmt":"2023-06-30T06:30:12","guid":{"rendered":"https:\/\/www.welovecycling.com\/cs\/?p=22876"},"modified":"2023-06-30T07:36:30","modified_gmt":"2023-06-30T05:36:30","slug":"zeleny-dres-tour-de-france-2023-wout-van-aert-a-a-hlavni-favorite","status":"publish","type":"post","link":"https:\/\/www.welovecycling.com\/cs\/2023\/06\/30\/zeleny-dres-tour-de-france-2023-wout-van-aert-a-a-hlavni-favorite\/","title":{"rendered":"Zelen\u00fd dres Tour de France 2023: Wout van Aert a a hlavn\u00ed favorit\u00e9"},"content":{"rendered":"<p><strong>Ohromuj\u00edc\u00ed dominance! Wout van Aert pro\u017eil 637 kilometr\u016f v \u00faniku a p\u0159i bitv\u011b o zelen\u00fd trikot sponzorovan\u00fd \u0160koda Auto v Tour de France 2022 vyhr\u00e1l o t\u011b\u017eko uv\u011b\u0159iteln\u00fdch 198 bod\u016f. Belgick\u00fd fenom\u00e9n z Jumbo Visma p\u0159ed startem leto\u0161n\u00edho ro\u010dn\u00edku Star\u00e9 d\u00e1my avizuje, \u017ee obhajoba maillot vert pro n\u011bj nen\u00ed prioritou. Ale v\u011b\u0159te klukovi, pro n\u011b\u017e jsou v\u00fdhry stejnou rutinou jako espresso pro Italy. Kdo jsou tedy hlavn\u00ed favorit\u00e9 bodovac\u00ed sout\u011b\u017ee, kter\u00e1 slibuje dost mo\u017en\u00e1 dramati\u010dt\u011bj\u0161\u00ed z\u00e1pletku ne\u017e souboj o \u017elut\u00fd trikot?<\/strong><\/p>\n<p>Zelen\u00fd trikot se poprv\u00e9 v pelotonu Tour de France objevil v roce 1953 na po\u010dest pades\u00e1t\u00e9ho v\u00fdro\u010d\u00ed Tour de France. Nesl barvu \u0159et\u011bzce obchod\u016f s oble\u010den\u00edm. Tehdy byl syst\u00e9m velmi odli\u0161n\u00fd ve srovn\u00e1n\u00ed s t\u00edm sou\u010dasn\u00fdm, kdy o v\u00edt\u011bzi rozhodne nejvy\u0161\u0161\u00ed konto. Tenkr\u00e1t to bylo naopak a \u0161lo sp\u00ed\u0161e o jakousi penalizaci \u2013 \u010d\u00edm hor\u0161\u00ed um\u00edst\u011bn\u00ed, t\u00edm v\u00edc bod\u016f, a tak naopak ten s nejni\u017e\u0161\u00edm po\u010dtem byl prohl\u00e1\u0161en za v\u00edt\u011bze.<\/p>\n<p>Jen jednou v\u00a0historii, v\u00a0roce 1968 na p\u0159\u00e1n\u00ed sponzora v\u00a0podob\u011b francouzsk\u00e9 sodovk\u00e1rny, nebyl dres pro spurtera zelen\u00fd. Jinak jde o barvu neodmysliteln\u011b spjatou s\u00a0bodovac\u00ed sout\u011b\u017e\u00ed, kterou od roku 2015 sponzoruje mladoboleslavsk\u00e1 automobilka.<\/p>\n<p>Zat\u00edmco v p\u0159ede\u0161l\u00fdch letech byl dres s nejlep\u0161\u00edm spurterem vn\u00edm\u00e1n jako limetkov\u00fd, letos dozn\u00e1 jist\u00e9 obm\u011bny. Koresponduje s novou vizibilitou zna\u010dky \u0160koda a zcela odr\u00e1\u017e\u00ed korpor\u00e1tn\u00ed identitu. Trikot, kter\u00fd po p\u0159edstaven\u00ed vyvolal debaty kv\u016fli podobnosti s trikotem formace Bora-hansgrohe, vznikal ve spolupr\u00e1ci v\u00fdrobce dres\u016f Santini a \u0160koda Auto a spole\u010dnost\u00ed ASO organizuj\u00edc\u00ed Tour de France. Kdo jej tedy s nejv\u011bt\u0161\u00ed pravd\u011bpodobnost\u00ed bude nosit p\u0159i Tour de France 2023?<\/p>\n<h2><strong>Wout van Aert (Jumbo Visma)<\/strong><\/h2>\n<p>B\u011bhem Tour de France 2022 vyhr\u00e1l t\u0159i etapy, celkem osmkr\u00e1t byl mezi t\u0159emi nejlep\u0161\u00edmi. Kdy\u017e se rozhodl j\u00edt do \u00faniku, prost\u011b odjel. Dok\u00e1zal sb\u00edrat body i na sprintersk\u00fdch pr\u00e9mi\u00edch v pr\u016fb\u011bhu etap, proto\u017ee se \u010dasto pohyboval mezi uprchl\u00edky. Ohromuj\u00edc\u00ed s\u00edlu ukazoval v dojezdech. I proto nasb\u00edral senza\u010dn\u00edch 480 bod\u016f.<\/p>\n<p>P\u0159ed startem Tour de France 2023 avizuje, \u017ee jeho hlavn\u00edm c\u00edlem je p\u0159isp\u011bt k\u00a0obhajob\u011b celkov\u00e9ho triumfu Jonase Vingegaarda. Snad i roz\u0161\u00ed\u0159en\u00ed bilance dev\u00edti v\u00edt\u011bzn\u00fdch etap osmadvacetilet\u00e9ho univerz\u00e1la l\u00e1k\u00e1. Ale zelen\u00fd dres? \u00dadajn\u011b nen\u00ed prioritou. Jen\u017ee Wout van Aert rozhodn\u011b bude schopn\u00fd p\u0159est\u00e1t t\u011b\u017ek\u00e9 etapy na \u010dele, p\u0159i pr\u00e1ci ve prosp\u011bch l\u00eddra jist\u011b zvl\u00e1dne i sb\u00edrat body&#8230;.<\/p>\n<h2><strong>Jasper Philipsen (Alpecin Deceuninck)<\/strong><\/h2>\n<p>Pamatujete si sc\u00e9nu, jak slav\u00ed v\u00edt\u011bzstv\u00ed v\u00a0etap\u011b do Calais b\u011bhem minul\u00e9ho ro\u010dn\u00edku a v\u00a0c\u00edli u\u017e se p\u0159itom d\u00e1vno radoval Wout van Aert? Belgick\u00fd rychl\u00edk pak jeden\u00e1ct etap \u010dekal na sv\u016fj skvostn\u00fd okam\u017eik, kdy poprv\u00e9 v\u00a0\u017eivot\u011b slavil triumf ze Star\u00e9 d\u00e1my. Rozlou\u010dil se s\u00a0n\u00ed triumfem v\u00a0Pa\u0159\u00ed\u017ei, pro spurtery jedn\u00edm z\u00a0nejv\u00fdznamn\u011bj\u0161\u00edch.<\/p>\n<figure id=\"attachment_18007\" aria-describedby=\"caption-attachment-18007\" style=\"width: 1000px\" class=\"wp-caption alignnone\"><a href=\"https:\/\/d2p6e6u75xmxt8.cloudfront.net\/13\/2022\/07\/1000x0_bs2942_Kalas-Vorteq-4.webp\"><img loading=\"lazy\" decoding=\"async\" class=\"size-full wp-image-18007\" src=\"https:\/\/d2p6e6u75xmxt8.cloudfront.net\/13\/2022\/07\/1000x0_bs2942_Kalas-Vorteq-4.webp\" alt=\"Jasper Philipsen p\u0159i testov\u00e1n\u00ed dresu ve v\u011btrn\u00e9m tunelu v Silverstone.\" width=\"1000\" height=\"1500\" srcset=\"https:\/\/d2p6e6u75xmxt8.cloudfront.net\/13\/2022\/07\/1000x0_bs2942_Kalas-Vorteq-4.webp 1000w, https:\/\/d2p6e6u75xmxt8.cloudfront.net\/13\/2022\/07\/1000x0_bs2942_Kalas-Vorteq-4-200x300.webp 200w, https:\/\/d2p6e6u75xmxt8.cloudfront.net\/13\/2022\/07\/1000x0_bs2942_Kalas-Vorteq-4-683x1024.webp 683w, https:\/\/d2p6e6u75xmxt8.cloudfront.net\/13\/2022\/07\/1000x0_bs2942_Kalas-Vorteq-4-768x1152.webp 768w\" sizes=\"auto, (max-width: 1000px) 100vw, 1000px\" \/><\/a><figcaption id=\"caption-attachment-18007\" class=\"wp-caption-text\"><em>Jasper Philipsen p\u0159i testov\u00e1n\u00ed dresu ve v\u011btrn\u00e9m tunelu v Silverstone. Foto: kalas.cz<\/em><\/figcaption><\/figure>\n<p>V kone\u010dn\u00e9m \u00fa\u010dtov\u00e1n\u00ed bodovac\u00ed sout\u011b\u017ee 2022 zaostal o 194 bod\u016f, nicm\u00e9n\u011b m\u00e1 dostate\u010dnou s\u00edlu, aby p\u0159e\u017eil kopcovit\u00e9 etapy. Jeho v\u00fdhodou m\u016f\u017ee b\u00fdt fakt, \u017ee t\u00fdm ur\u010dit\u011b nepojede o \u017elut\u00fd trikot. L\u00eddr Mathieu van der Poel se bude zam\u011b\u0159ovat na etapy, a tak by se pr\u00e1v\u011b bodovac\u00ed sout\u011b\u017e mohla st\u00e1t c\u00edlem cel\u00e9 formace. Napln\u00ed Philipsen o\u010dek\u00e1v\u00e1n\u00ed nebo dostoj\u00ed p\u0159ezd\u00edvce Japser disaster (katastrofa)?<\/p>\n<h2><strong>Mads Pedersen (Lidl Trek)<\/strong><\/h2>\n<p>B\u00fdval\u00fd mistr sv\u011bta exceluje v\u00a0t\u011b\u017ek\u00fdch z\u00e1vodech. Sed\u00ed mu jarn\u00ed klasiky, kter\u00e9 jsou n\u00e1ro\u010dn\u00e9 profilem. I proto by mohl t\u011b\u017eit z\u00a0itiner\u00e1\u0159e leto\u0161n\u00ed Tour de France, kter\u00e1 je v\u0161echno, jen ne ur\u010den\u00e1 sprinter\u016fm. Minul\u00fd rok vyhr\u00e1l bodovac\u00ed sout\u011b\u017e na Vuelt\u011b. Na Tour de France p\u0159ij\u00ed\u017ed\u00ed odpo\u010dinut\u00fd, proto\u017ee m\u011bl sice v\u00a0pl\u00e1nu \u00fatok na bodovac\u00ed sout\u011b\u017e p\u0159i italsk\u00e9m Giru, jen\u017ee ze z\u00e1vodu jej vy\u0159adil covid. Je tud\u00ed\u017e pln\u00fd s\u00edly. A ani Trek nem\u00e1 v\u00a0pl\u00e1nu \u00fatok na \u017elut\u00fd trikot, tud\u00ed\u017e Pedersen dostane maxim\u00e1ln\u00ed t\u00fdmovou podporu.<\/p>\n<div class=\"shortcode-ys-post-pinup\"><article class=\"loop-simple post-22742 post type-post status-publish format-standard has-post-thumbnail hentry category-tour-de-france tag-col-du-tourmalet tag-cyklistika tag-grande-boucle tag-puy-de-dome tag-silnicni-cyklistika tag-tour-de-france tag-tour-de-france-2023 global-categories-cycling\" data-postid=\"22742\" role=\"article\" data-post-id=\"22742\" data-word-count=\"683\" data-headline-length=\"72\" data-category=\"Tour de France\" data-global-category=\"Cycling\" data-author=\"Jan Kr\u016fta\" data-published=\"2023-06-21T14:46:25+02:00\" data-published-day=\"Wednesday\">\n    <div class=\"entry-thumbnail article-thumbnail\" content=\"https:\/\/d2p6e6u75xmxt8.cloudfront.net\/13\/2023\/06\/profimedia-0708961685-150x150.webp\"><a href=\"https:\/\/www.welovecycling.com\/cs\/2023\/06\/21\/tour-de-france-2023-start-v-baskicku-horske-peklo-a-jedina-casovka\/\" class=\"image-holder\" target=\"_self\"><img decoding=\"async\" loading=\"lazy\" class=\"\" src=\"https:\/\/d2p6e6u75xmxt8.cloudfront.net\/13\/2023\/06\/profimedia-0708961685-1024x682.webp\" srcset=\"https:\/\/d2p6e6u75xmxt8.cloudfront.net\/13\/2023\/06\/profimedia-0708961685.webp 1800w, https:\/\/d2p6e6u75xmxt8.cloudfront.net\/13\/2023\/06\/profimedia-0708961685-300x200.webp 300w, https:\/\/d2p6e6u75xmxt8.cloudfront.net\/13\/2023\/06\/profimedia-0708961685-1024x682.webp 1024w, https:\/\/d2p6e6u75xmxt8.cloudfront.net\/13\/2023\/06\/profimedia-0708961685-768x512.webp 768w, https:\/\/d2p6e6u75xmxt8.cloudfront.net\/13\/2023\/06\/profimedia-0708961685-1536x1023.webp 1536w, https:\/\/d2p6e6u75xmxt8.cloudfront.net\/13\/2023\/06\/profimedia-0708961685-400x266.webp 400w, https:\/\/d2p6e6u75xmxt8.cloudfront.net\/13\/2023\/06\/profimedia-0708961685-272x182.webp 272w\" width=\"1024\" height=\"682\" sizes=\"auto, (min-width: 1200px) 300px, (min-width: 768px) 25vw, 100vw\" alt=\"tour-de-france-2023-start-v-baskicku-horske-peklo-a-jedina-casovka\"\/><\/a><\/div>    <div class=\"entry-meta\">\n        <a class=\"label label-secondary post-category\" href=\"https:\/\/www.welovecycling.com\/cs\/category\/tour-de-france\/\" title=\"Tour de France\">Tour de France<\/a>\n    <\/div>\n    <div class=\"entry-details\">\n        <a href=\"https:\/\/www.welovecycling.com\/cs\/2023\/06\/21\/tour-de-france-2023-start-v-baskicku-horske-peklo-a-jedina-casovka\/\" class='entry-title-wrapper'>\n            <h3 class=\"entry-title\"><span>Tour de France 2023: start v\u00a0Baskicku, horsk\u00e9 peklo a jedin\u00e1 \u010dasovka<\/span><\/h3>\n        <\/a>\n    <\/div>\n    <\/article>\n<\/div>\n<h2><strong>Biniam Girmay (Intermach\u00e9 Circus Wanty)<\/strong><\/h2>\n<p>T\u0159iadvacetilet\u00fd talent sice jede prvn\u00ed Tour de France. Ale dok\u00e1zal vyhr\u00e1t Gent-Wevelgem a etapu na italsk\u00e9m Giru. Jarn\u00ed klasiky mu sed\u00ed, tud\u00ed\u017e bude schopn\u00fd p\u0159e\u017e\u00edt kopcovit\u00e1 d\u011bjstv\u00ed leto\u0161n\u00edho mimo\u0159\u00e1dn\u011b drsn\u00e9ho ro\u010dn\u00edku Tour de France. Pokud nasko\u010d\u00ed do \u00faniku, m\u016f\u017ee z\u00edsk\u00e1vat d\u016fle\u017eit\u00e9 body p\u0159i spurtech v pr\u016fb\u011bhu etap. Ov\u0161em sou\u010dasn\u011b um\u00ed skv\u011ble i c\u00edlov\u00fd fini\u0161, co\u017e uk\u00e1zal p\u0159i gener\u00e1lce na Kolem \u0160v\u00fdcarska. Dok\u00e1\u017ee Girmay napodobit Petera Sagana, kter\u00fd ovl\u00e1dl bodovac\u00ed sout\u011b\u017e hned p\u0159i debutu na Star\u00e9 d\u00e1m\u011b?<\/p>\n<h2><strong>Mark Cavendish (Astana)<\/strong><\/h2>\n<p>Tolikr\u00e1t odepsan\u00fd spurter p\u0159ij\u00ed\u017ed\u00ed v osmat\u0159iceti letech s jedin\u00fdm c\u00edlem: p\u0159ekonat rekord v po\u010dtu vyhran\u00fdch etap, kter\u00fd dr\u017e\u00ed spole\u010dn\u011b s Eddy Merckxem. \u010cty\u0159iat\u0159icetikr\u00e1t \u0160\u00edlen\u00fd Max, jak zn\u00ed p\u0159ezd\u00edvka rod\u00e1ka z ostrova Man, triumfoval v n\u011bkter\u00e9 z etap na Tour de France.<\/p>\n<figure id=\"attachment_13645\" aria-describedby=\"caption-attachment-13645\" style=\"width: 1920px\" class=\"wp-caption alignnone\"><a href=\"https:\/\/d2p6e6u75xmxt8.cloudfront.net\/13\/2021\/07\/Mark-Cavendish-Tour-de-France-Stage-10-Green-Jersey-_Tim-De-Waele-Getty-Images-scaled.webp\"><img loading=\"lazy\" decoding=\"async\" class=\"size-extra-large wp-image-13645\" src=\"https:\/\/d2p6e6u75xmxt8.cloudfront.net\/13\/2021\/07\/Mark-Cavendish-Tour-de-France-Stage-10-Green-Jersey-_Tim-De-Waele-Getty-Images-scaled-1920x1282.webp\" alt=\"Mark-Cavendish-Tour-de-France-Stage-10-Green-Jersey-_Tim-De-Waele-Getty-Images\" width=\"1920\" height=\"1282\" srcset=\"https:\/\/d2p6e6u75xmxt8.cloudfront.net\/13\/2021\/07\/Mark-Cavendish-Tour-de-France-Stage-10-Green-Jersey-_Tim-De-Waele-Getty-Images-scaled-1920x1282.webp 1920w, https:\/\/d2p6e6u75xmxt8.cloudfront.net\/13\/2021\/07\/Mark-Cavendish-Tour-de-France-Stage-10-Green-Jersey-_Tim-De-Waele-Getty-Images-scaled-300x200.webp 300w, https:\/\/d2p6e6u75xmxt8.cloudfront.net\/13\/2021\/07\/Mark-Cavendish-Tour-de-France-Stage-10-Green-Jersey-_Tim-De-Waele-Getty-Images-scaled-1024x684.webp 1024w, https:\/\/d2p6e6u75xmxt8.cloudfront.net\/13\/2021\/07\/Mark-Cavendish-Tour-de-France-Stage-10-Green-Jersey-_Tim-De-Waele-Getty-Images-scaled-768x513.webp 768w, https:\/\/d2p6e6u75xmxt8.cloudfront.net\/13\/2021\/07\/Mark-Cavendish-Tour-de-France-Stage-10-Green-Jersey-_Tim-De-Waele-Getty-Images-scaled-1536x1025.webp 1536w, https:\/\/d2p6e6u75xmxt8.cloudfront.net\/13\/2021\/07\/Mark-Cavendish-Tour-de-France-Stage-10-Green-Jersey-_Tim-De-Waele-Getty-Images-scaled-2048x1367.webp 2048w, https:\/\/d2p6e6u75xmxt8.cloudfront.net\/13\/2021\/07\/Mark-Cavendish-Tour-de-France-Stage-10-Green-Jersey-_Tim-De-Waele-Getty-Images-scaled-272x182.webp 272w, https:\/\/d2p6e6u75xmxt8.cloudfront.net\/13\/2021\/07\/Mark-Cavendish-Tour-de-France-Stage-10-Green-Jersey-_Tim-De-Waele-Getty-Images-scaled-1920x1282.webp 1920w\" sizes=\"auto, (max-width: 1920px) 100vw, 1920px\" \/><\/a><figcaption id=\"caption-attachment-13645\" class=\"wp-caption-text\"><em>Mark Cavendish v dresu l\u00eddra bodovac\u00ed sout\u011b\u017ee b\u011bhem Tour de France 2021. Foto: Deceuninck Quick Step\/Getty Images\/Tim De Waele<\/em><\/figcaption><\/figure>\n<p>V\u00a0roce 2021 m\u00e1lem ukon\u010dil kari\u00e9ru, proto\u017ee byl nap\u0159\u00ed\u010d cel\u00fdm pelotonem za pra\u0161iv\u00e9ho psa. Ale z\u00e1chranu mu poskytl Deceuninck Quick Step a on z\u00edskal \u010dty\u0159i etapov\u00e1 prvenstv\u00ed a podruh\u00e9 v\u00a0kari\u00e9\u0159e zelen\u00fd dres! O rok pozd\u011bji s\u00a0n\u00edm v\u0161ak zachr\u00e1n\u00ed zametli a na Tour de France jej v\u016fbec nenominovali. Zklaman\u00fd Cavendish p\u0159estoupil do Astany. Nic nenasv\u011bd\u010dovalo, \u017ee by dok\u00e1zal zmobilizovat s\u00edly. Ale pak ovl\u00e1dl drtiv\u011b posledn\u00ed etapu italsk\u00e9ho Gira a na Tour de France p\u0159ij\u00ed\u017ed\u00ed pln\u00fd odhodl\u00e1n\u00ed!<\/p>\n<h2><strong>Caleb Ewan (Lotto Dstny)<\/strong><\/h2>\n<p>Osmadvacetilet\u00fd Australan m\u00e1 na kont\u011b p\u011bt d\u00edl\u010d\u00edch triumf\u016f z\u00a0Tour de France, ov\u0161em v\u00a0p\u0159ede\u0161l\u00fdch dvou ro\u010dn\u00edc\u00edch neslavil ani jednou. P\u0159ij\u00ed\u017ed\u00ed mimo\u0159\u00e1dn\u011b motivovan\u00fd, mimo\u0159\u00e1dn\u011b hladov\u00fd. Ve sb\u00edr\u00e1n\u00ed bod\u016f je nekonzistentn\u00ed, ov\u0161em sou\u010dasn\u011b je velice zarputil\u00fd. Zejm\u00e9na pak v\u00a0etap\u00e1ch, kdy klasick\u00e9 sprintery demoralizuj\u00ed kopce. Pro cel\u00fd t\u00fdm jsou hlavn\u00ed motivac\u00ed vyhran\u00e9 etapy, a pr\u00e1v\u011b <a href=\"https:\/\/www.welovecycling.com\/cs\/2022\/07\/07\/zeleny-dres-proc-vznikla-ozdoba-nejrychlejsich-muzu-pelotonu-tour-de-france\/\">zelen\u00fd dres<\/a>.<\/p>\n<h2><strong>Peter Sagan (TotalEnergies)<\/strong><\/h2>\n<p>Rekordman zelen\u00e9ho dresu, kter\u00fd z\u00edskal sedmkr\u00e1t. Jen\u017ee od roku 2019 nevyhr\u00e1l na Star\u00e9 d\u00e1m\u011b etapu. Nejl\u00e9pe byl t\u0159et\u00ed v\u00a0covidov\u00e9 sezon\u011b 2020. Nav\u00edc na Tour de France p\u0159ij\u00ed\u017ed\u00ed poznamen\u00e1n karambolem na mistrovstv\u00ed republiky a bez jedin\u00e9ho v\u00edt\u011bzstv\u00ed v\u00a0sezon\u011b. Je t\u011b\u017eko p\u0159edstaviteln\u00e9, \u017ee by dok\u00e1zal jako v\u00a0dob\u00e1ch nejv\u011bt\u0161\u00ed sl\u00e1vy bodovat v\u00a0osmn\u00e1cti z\u00a0jednadvaceti etap.<\/p>\n<figure id=\"attachment_18237\" aria-describedby=\"caption-attachment-18237\" style=\"width: 1800px\" class=\"wp-caption alignnone\"><a href=\"https:\/\/d2p6e6u75xmxt8.cloudfront.net\/13\/2022\/08\/zeleny-sagan-profimedia-0461065075.webp\"><img loading=\"lazy\" decoding=\"async\" class=\"size-full wp-image-18237\" src=\"https:\/\/d2p6e6u75xmxt8.cloudfront.net\/13\/2022\/08\/zeleny-sagan-profimedia-0461065075.webp\" alt=\"Peter Sgana v zelen\u00e9m dresu pro v\u00edt\u011bze bodovac\u00ed sout\u011b\u017ee Tour de France.\" width=\"1800\" height=\"1200\" srcset=\"https:\/\/d2p6e6u75xmxt8.cloudfront.net\/13\/2022\/08\/zeleny-sagan-profimedia-0461065075.webp 1800w, https:\/\/d2p6e6u75xmxt8.cloudfront.net\/13\/2022\/08\/zeleny-sagan-profimedia-0461065075-300x200.webp 300w, https:\/\/d2p6e6u75xmxt8.cloudfront.net\/13\/2022\/08\/zeleny-sagan-profimedia-0461065075-1024x683.webp 1024w, https:\/\/d2p6e6u75xmxt8.cloudfront.net\/13\/2022\/08\/zeleny-sagan-profimedia-0461065075-768x512.webp 768w, https:\/\/d2p6e6u75xmxt8.cloudfront.net\/13\/2022\/08\/zeleny-sagan-profimedia-0461065075-1536x1024.webp 1536w, https:\/\/d2p6e6u75xmxt8.cloudfront.net\/13\/2022\/08\/zeleny-sagan-profimedia-0461065075-272x182.webp 272w\" sizes=\"auto, (max-width: 1800px) 100vw, 1800px\" \/><\/a><figcaption id=\"caption-attachment-18237\" class=\"wp-caption-text\"><em>Peter Sagan v zelen\u00e9m dresu pro v\u00edt\u011bze bodovac\u00ed sout\u011b\u017ee Tour de France.<\/em><\/figcaption><\/figure>\n<p>Trojn\u00e1sobn\u00fd mistr sv\u011bta v\u00a0minulosti uk\u00e1zal, \u017ee je mo\u017en\u00e9 ovl\u00e1dnout bodovac\u00ed sout\u011b\u017e i bez v\u00edt\u011bzn\u00e9 etapy. Dok\u00e1\u017ee v\u00a0posledn\u00ed sezon\u011b v\u00a0silni\u010dn\u00edm pelotonu pravideln\u011b doj\u00ed\u017ed\u011bt tak, aby p\u0159i posledn\u00ed Tour de France kari\u00e9ry zas\u00e1hl do boje o maillot vert?<\/p>\n","protected":false},"excerpt":{"rendered":"<p>Ohromuj\u00edc\u00ed dominance! Wout van Aert pro\u017eil 637 kilometr\u016f v \u00faniku a p\u0159i bitv\u011b o zelen\u00fd trikot sponzorovan\u00fd \u0160koda Auto v [&hellip;]<\/p>\n","protected":false},"author":138,"featured_media":18125,"comment_status":"open","ping_status":"open","sticky":false,"template":"","format":"standard","meta":{"footnotes":""},"categories":[10,1711],"tags":[3107,734,2985,534,1722,361,18,23,2647,1073,1710,1116],"global-categories":[411],"class_list":["post-22876","post","type-post","status-publish","format-standard","has-post-thumbnail","hentry","category-silnicni-cyklistika","category-tour-de-france","tag-biniam-girmay","tag-caleb-ewan","tag-jasper-philipsen","tag-mads-pedersen","tag-maillot-vert","tag-mark-cavendish","tag-peter-sagan","tag-tour-de-france","tag-tour-de-france-2023","tag-wout-van-aert","tag-zeleny-dres","tag-zeleny-trikot","global-categories-cycling"],"yoast_head":"<!-- This site is optimized with the Yoast SEO Premium plugin v25.3 (Yoast SEO v25.9) - https:\/\/yoast.com\/wordpress\/plugins\/seo\/ -->\n<title>Zelen\u00fd dres Tour de France 2023: Wout van Aert a a hlavn\u00ed favorit\u00e9 | \u0160koda We Love Cycling - \u010cesk\u00e1 republika<\/title>\n<meta name=\"description\" content=\"Zelen\u00fd dres Tour de France 2023 a bitva o jeho nov\u00e9ho majitele slibuje atraktivn\u011bj\u0161\u00ed pod\u00edvanou, ne\u017e souboj o \u017elut\u00fd trikot. Kdo jsou favorit\u00e9?\" \/>\n<meta name=\"robots\" content=\"index, follow, max-snippet:-1, max-image-preview:large, max-video-preview:-1\" \/>\n<link rel=\"canonical\" href=\"https:\/\/www.welovecycling.com\/cs\/2023\/06\/30\/zeleny-dres-tour-de-france-2023-wout-van-aert-a-a-hlavni-favorite\/\" \/>\n<meta property=\"og:locale\" content=\"cs_CZ\" \/>\n<meta property=\"og:type\" content=\"article\" \/>\n<meta property=\"og:title\" content=\"Zelen\u00fd dres Tour de France 2023: Wout van Aert a a hlavn\u00ed favorit\u00e9\" \/>\n<meta property=\"og:description\" content=\"Zelen\u00fd dres Tour de France 2023 a bitva o jeho nov\u00e9ho majitele slibuje atraktivn\u011bj\u0161\u00ed pod\u00edvanou, ne\u017e souboj o \u017elut\u00fd trikot. Kdo jsou favorit\u00e9?\" \/>\n<meta property=\"og:url\" content=\"https:\/\/www.welovecycling.com\/cs\/2023\/06\/30\/zeleny-dres-tour-de-france-2023-wout-van-aert-a-a-hlavni-favorite\/\" \/>\n<meta property=\"og:site_name\" content=\"\u0160koda We Love Cycling - \u010cesk\u00e1 republika\" \/>\n<meta property=\"article:published_time\" content=\"2023-06-30T06:30:12+00:00\" \/>\n<meta property=\"og:image\" content=\"https:\/\/d2p6e6u75xmxt8.cloudfront.net\/13\/2022\/07\/zeleny-wout-van-aert-profimedia-0710476533.webp\" \/>\n\t<meta property=\"og:image:width\" content=\"1800\" \/>\n\t<meta property=\"og:image:height\" content=\"1200\" \/>\n\t<meta property=\"og:image:type\" content=\"image\/webp\" \/>\n<meta name=\"author\" content=\"radekmalina\" \/>\n<meta name=\"twitter:card\" content=\"summary_large_image\" \/>\n<meta name=\"twitter:label1\" content=\"Written by\" \/>\n\t<meta name=\"twitter:data1\" content=\"Jan Kr\u016fta\" \/>\n\t<meta name=\"twitter:label2\" content=\"Est. reading time\" \/>\n\t<meta name=\"twitter:data2\" content=\"7\" \/>\n<script type=\"application\/ld+json\" class=\"yoast-schema-graph\">{\"@context\":\"https:\/\/schema.org\",\"@graph\":[{\"@type\":\"WebPage\",\"@id\":\"https:\/\/www.welovecycling.com\/cs\/2023\/06\/30\/zeleny-dres-tour-de-france-2023-wout-van-aert-a-a-hlavni-favorite\/\",\"url\":\"https:\/\/www.welovecycling.com\/cs\/2023\/06\/30\/zeleny-dres-tour-de-france-2023-wout-van-aert-a-a-hlavni-favorite\/\",\"name\":\"Zelen\u00fd dres Tour de France 2023: Wout van Aert a a hlavn\u00ed favorit\u00e9 | \u0160koda We Love Cycling - \u010cesk\u00e1 republika\",\"isPartOf\":{\"@id\":\"https:\/\/www.welovecycling.com\/cs\/#website\"},\"primaryImageOfPage\":{\"@id\":\"https:\/\/www.welovecycling.com\/cs\/2023\/06\/30\/zeleny-dres-tour-de-france-2023-wout-van-aert-a-a-hlavni-favorite\/#primaryimage\"},\"image\":{\"@id\":\"https:\/\/www.welovecycling.com\/cs\/2023\/06\/30\/zeleny-dres-tour-de-france-2023-wout-van-aert-a-a-hlavni-favorite\/#primaryimage\"},\"thumbnailUrl\":\"https:\/\/d2p6e6u75xmxt8.cloudfront.net\/13\/2022\/07\/zeleny-wout-van-aert-profimedia-0710476533.webp\",\"datePublished\":\"2023-06-30T06:30:12+00:00\",\"author\":{\"@id\":\"https:\/\/www.welovecycling.com\/cs\/#\/schema\/person\/d9eeb0a378f3a7e4a6d12d2b536b04b8\"},\"description\":\"Zelen\u00fd dres Tour de France 2023 a bitva o jeho nov\u00e9ho majitele slibuje atraktivn\u011bj\u0161\u00ed pod\u00edvanou, ne\u017e souboj o \u017elut\u00fd trikot. Kdo jsou favorit\u00e9?\",\"inLanguage\":\"cs\",\"potentialAction\":[{\"@type\":\"ReadAction\",\"target\":[\"https:\/\/www.welovecycling.com\/cs\/2023\/06\/30\/zeleny-dres-tour-de-france-2023-wout-van-aert-a-a-hlavni-favorite\/\"]}]},{\"@type\":\"ImageObject\",\"inLanguage\":\"cs\",\"@id\":\"https:\/\/www.welovecycling.com\/cs\/2023\/06\/30\/zeleny-dres-tour-de-france-2023-wout-van-aert-a-a-hlavni-favorite\/#primaryimage\",\"url\":\"https:\/\/d2p6e6u75xmxt8.cloudfront.net\/13\/2022\/07\/zeleny-wout-van-aert-profimedia-0710476533.webp\",\"contentUrl\":\"https:\/\/d2p6e6u75xmxt8.cloudfront.net\/13\/2022\/07\/zeleny-wout-van-aert-profimedia-0710476533.webp\",\"width\":1800,\"height\":1200,\"caption\":\"Wout van Aert a zelen\u00e9 \u0161\u00edlenstv\u00ed v Belgii v m\u011bst\u011b Herental, kde vyhr\u00e1l kr\u00e1tce po Tour de France 2022 krit\u00e9rium. Foto: profimedia (3x)\"},{\"@type\":\"WebSite\",\"@id\":\"https:\/\/www.welovecycling.com\/cs\/#website\",\"url\":\"https:\/\/www.welovecycling.com\/cs\/\",\"name\":\"\u0160koda We Love Cycling - \u010cesk\u00e1 republika\",\"description\":\"WeLoveCycling.cz je online magaz\u00edn, kter\u00fd v\u00e1m pravideln\u011b p\u0159in\u00e1\u0161\u00ed rady a tipy, zaj\u00edmav\u00e9 \u010dl\u00e1nky, videa a jedine\u010dn\u00e9 report\u00e1\u017ee ze sv\u011bta cyklistiky.\",\"potentialAction\":[{\"@type\":\"SearchAction\",\"target\":{\"@type\":\"EntryPoint\",\"urlTemplate\":\"https:\/\/www.welovecycling.com\/cs\/?s={search_term_string}\"},\"query-input\":{\"@type\":\"PropertyValueSpecification\",\"valueRequired\":true,\"valueName\":\"search_term_string\"}}],\"inLanguage\":\"cs\"},{\"@type\":\"Person\",\"@id\":\"https:\/\/www.welovecycling.com\/cs\/#\/schema\/person\/d9eeb0a378f3a7e4a6d12d2b536b04b8\",\"name\":\"radekmalina\",\"image\":{\"@type\":\"ImageObject\",\"inLanguage\":\"cs\",\"@id\":\"https:\/\/www.welovecycling.com\/cs\/#\/schema\/person\/image\/\",\"url\":\"https:\/\/secure.gravatar.com\/avatar\/66994b632cb8c39a46b9f54afa3ae07201b678d32a54275b6f1c9ffec356bfc0?s=96&d=mm&r=g\",\"contentUrl\":\"https:\/\/secure.gravatar.com\/avatar\/66994b632cb8c39a46b9f54afa3ae07201b678d32a54275b6f1c9ffec356bfc0?s=96&d=mm&r=g\",\"caption\":\"radekmalina\"},\"url\":\"https:\/\/www.welovecycling.com\/cs\/author\/radekmalina\/\"}]}<\/script>\n<!-- \/ Yoast SEO Premium plugin. -->","yoast_head_json":{"title":"Zelen\u00fd dres Tour de France 2023: Wout van Aert a a hlavn\u00ed favorit\u00e9 | \u0160koda We Love Cycling - \u010cesk\u00e1 republika","description":"Zelen\u00fd dres Tour de France 2023 a bitva o jeho nov\u00e9ho majitele slibuje atraktivn\u011bj\u0161\u00ed pod\u00edvanou, ne\u017e souboj o \u017elut\u00fd trikot. Kdo jsou favorit\u00e9?","robots":{"index":"index","follow":"follow","max-snippet":"max-snippet:-1","max-image-preview":"max-image-preview:large","max-video-preview":"max-video-preview:-1"},"canonical":"https:\/\/www.welovecycling.com\/cs\/2023\/06\/30\/zeleny-dres-tour-de-france-2023-wout-van-aert-a-a-hlavni-favorite\/","og_locale":"cs_CZ","og_type":"article","og_title":"Zelen\u00fd dres Tour de France 2023: Wout van Aert a a hlavn\u00ed favorit\u00e9","og_description":"Zelen\u00fd dres Tour de France 2023 a bitva o jeho nov\u00e9ho majitele slibuje atraktivn\u011bj\u0161\u00ed pod\u00edvanou, ne\u017e souboj o \u017elut\u00fd trikot. Kdo jsou favorit\u00e9?","og_url":"https:\/\/www.welovecycling.com\/cs\/2023\/06\/30\/zeleny-dres-tour-de-france-2023-wout-van-aert-a-a-hlavni-favorite\/","og_site_name":"\u0160koda We Love Cycling - \u010cesk\u00e1 republika","article_published_time":"2023-06-30T06:30:12+00:00","og_image":[{"width":1800,"height":1200,"url":"https:\/\/d2p6e6u75xmxt8.cloudfront.net\/13\/2022\/07\/zeleny-wout-van-aert-profimedia-0710476533.webp","type":"image\/webp"}],"author":"radekmalina","twitter_card":"summary_large_image","twitter_misc":{"Written by":"Jan Kr\u016fta","Est. reading time":"7"},"schema":{"@context":"https:\/\/schema.org","@graph":[{"@type":"WebPage","@id":"https:\/\/www.welovecycling.com\/cs\/2023\/06\/30\/zeleny-dres-tour-de-france-2023-wout-van-aert-a-a-hlavni-favorite\/","url":"https:\/\/www.welovecycling.com\/cs\/2023\/06\/30\/zeleny-dres-tour-de-france-2023-wout-van-aert-a-a-hlavni-favorite\/","name":"Zelen\u00fd dres Tour de France 2023: Wout van Aert a a hlavn\u00ed favorit\u00e9 | \u0160koda We Love Cycling - \u010cesk\u00e1 republika","isPartOf":{"@id":"https:\/\/www.welovecycling.com\/cs\/#website"},"primaryImageOfPage":{"@id":"https:\/\/www.welovecycling.com\/cs\/2023\/06\/30\/zeleny-dres-tour-de-france-2023-wout-van-aert-a-a-hlavni-favorite\/#primaryimage"},"image":{"@id":"https:\/\/www.welovecycling.com\/cs\/2023\/06\/30\/zeleny-dres-tour-de-france-2023-wout-van-aert-a-a-hlavni-favorite\/#primaryimage"},"thumbnailUrl":"https:\/\/d2p6e6u75xmxt8.cloudfront.net\/13\/2022\/07\/zeleny-wout-van-aert-profimedia-0710476533.webp","datePublished":"2023-06-30T06:30:12+00:00","author":{"@id":"https:\/\/www.welovecycling.com\/cs\/#\/schema\/person\/d9eeb0a378f3a7e4a6d12d2b536b04b8"},"description":"Zelen\u00fd dres Tour de France 2023 a bitva o jeho nov\u00e9ho majitele slibuje atraktivn\u011bj\u0161\u00ed pod\u00edvanou, ne\u017e souboj o \u017elut\u00fd trikot. Kdo jsou favorit\u00e9?","inLanguage":"cs","potentialAction":[{"@type":"ReadAction","target":["https:\/\/www.welovecycling.com\/cs\/2023\/06\/30\/zeleny-dres-tour-de-france-2023-wout-van-aert-a-a-hlavni-favorite\/"]}]},{"@type":"ImageObject","inLanguage":"cs","@id":"https:\/\/www.welovecycling.com\/cs\/2023\/06\/30\/zeleny-dres-tour-de-france-2023-wout-van-aert-a-a-hlavni-favorite\/#primaryimage","url":"https:\/\/d2p6e6u75xmxt8.cloudfront.net\/13\/2022\/07\/zeleny-wout-van-aert-profimedia-0710476533.webp","contentUrl":"https:\/\/d2p6e6u75xmxt8.cloudfront.net\/13\/2022\/07\/zeleny-wout-van-aert-profimedia-0710476533.webp","width":1800,"height":1200,"caption":"Wout van Aert a zelen\u00e9 \u0161\u00edlenstv\u00ed v Belgii v m\u011bst\u011b Herental, kde vyhr\u00e1l kr\u00e1tce po Tour de France 2022 krit\u00e9rium. Foto: profimedia (3x)"},{"@type":"WebSite","@id":"https:\/\/www.welovecycling.com\/cs\/#website","url":"https:\/\/www.welovecycling.com\/cs\/","name":"\u0160koda We Love Cycling - \u010cesk\u00e1 republika","description":"WeLoveCycling.cz je online magaz\u00edn, kter\u00fd v\u00e1m pravideln\u011b p\u0159in\u00e1\u0161\u00ed rady a tipy, zaj\u00edmav\u00e9 \u010dl\u00e1nky, videa a jedine\u010dn\u00e9 report\u00e1\u017ee ze sv\u011bta cyklistiky.","potentialAction":[{"@type":"SearchAction","target":{"@type":"EntryPoint","urlTemplate":"https:\/\/www.welovecycling.com\/cs\/?s={search_term_string}"},"query-input":{"@type":"PropertyValueSpecification","valueRequired":true,"valueName":"search_term_string"}}],"inLanguage":"cs"},{"@type":"Person","@id":"https:\/\/www.welovecycling.com\/cs\/#\/schema\/person\/d9eeb0a378f3a7e4a6d12d2b536b04b8","name":"radekmalina","image":{"@type":"ImageObject","inLanguage":"cs","@id":"https:\/\/www.welovecycling.com\/cs\/#\/schema\/person\/image\/","url":"https:\/\/secure.gravatar.com\/avatar\/66994b632cb8c39a46b9f54afa3ae07201b678d32a54275b6f1c9ffec356bfc0?s=96&d=mm&r=g","contentUrl":"https:\/\/secure.gravatar.com\/avatar\/66994b632cb8c39a46b9f54afa3ae07201b678d32a54275b6f1c9ffec356bfc0?s=96&d=mm&r=g","caption":"radekmalina"},"url":"https:\/\/www.welovecycling.com\/cs\/author\/radekmalina\/"}]}},"_links":{"self":[{"href":"https:\/\/www.welovecycling.com\/cs\/wp-json\/wp\/v2\/posts\/22876","targetHints":{"allow":["GET"]}}],"collection":[{"href":"https:\/\/www.welovecycling.com\/cs\/wp-json\/wp\/v2\/posts"}],"about":[{"href":"https:\/\/www.welovecycling.com\/cs\/wp-json\/wp\/v2\/types\/post"}],"author":[{"embeddable":true,"href":"https:\/\/www.welovecycling.com\/cs\/wp-json\/wp\/v2\/users\/138"}],"replies":[{"embeddable":true,"href":"https:\/\/www.welovecycling.com\/cs\/wp-json\/wp\/v2\/comments?post=22876"}],"version-history":[{"count":4,"href":"https:\/\/www.welovecycling.com\/cs\/wp-json\/wp\/v2\/posts\/22876\/revisions"}],"predecessor-version":[{"id":22890,"href":"https:\/\/www.welovecycling.com\/cs\/wp-json\/wp\/v2\/posts\/22876\/revisions\/22890"}],"wp:featuredmedia":[{"embeddable":true,"href":"https:\/\/www.welovecycling.com\/cs\/wp-json\/wp\/v2\/media\/18125"}],"wp:attachment":[{"href":"https:\/\/www.welovecycling.com\/cs\/wp-json\/wp\/v2\/media?parent=22876"}],"wp:term":[{"taxonomy":"category","embeddable":true,"href":"https:\/\/www.welovecycling.com\/cs\/wp-json\/wp\/v2\/categories?post=22876"},{"taxonomy":"post_tag","embeddable":true,"href":"https:\/\/www.welovecycling.com\/cs\/wp-json\/wp\/v2\/tags?post=22876"},{"taxonomy":"global-categories","embeddable":true,"href":"https:\/\/www.welovecycling.com\/cs\/wp-json\/wp\/v2\/global-categories?post=22876"}],"curies":[{"name":"wp","href":"https:\/\/api.w.org\/{rel}","templated":true}]}}