{"id":22867,"date":"2023-07-02T14:00:24","date_gmt":"2023-07-02T12:00:24","guid":{"rendered":"https:\/\/www.welovecycling.com\/cs\/?p=22867"},"modified":"2023-07-02T07:45:43","modified_gmt":"2023-07-02T05:45:43","slug":"ceska-premiera-na-tour-de-france-do-parize-dojedeme-v-rakvich-slysel-emigrant-kvetoslav-palov","status":"publish","type":"post","link":"https:\/\/www.welovecycling.com\/cs\/2023\/07\/02\/ceska-premiera-na-tour-de-france-do-parize-dojedeme-v-rakvich-slysel-emigrant-kvetoslav-palov\/","title":{"rendered":"\u010cesk\u00e1 premi\u00e9ra na Tour de France? Do Pa\u0159\u00ed\u017ee dojedeme v\u00a0rakv\u00edch, sly\u0161el emigrant Kv\u011btoslav Palov"},"content":{"rendered":"<p><strong>P\u0159es \u010dty\u0159i tis\u00edce kilometr\u016f dlouh\u00e1, drsn\u00e1 jako struhadlo a pln\u00e1 pikantn\u00edch p\u0159\u00edb\u011bh\u016f. To byla Tour de France v roce 1987. Obh\u00e1jce triumfu Greg LeMond nemohl na start kv\u016fli st\u0159eln\u00e9mu poran\u011bn\u00ed. Boj o \u017elut\u00fd trikot nab\u00eddl jednu z nejvyrovnan\u011bj\u0161\u00edch bitev v historii. Maillot jaune dokonce premi\u00e9rov\u011b obl\u00e9kl i z\u00e1vodn\u00edk z v\u00fdchodn\u00ed Evropy Pol\u00e1k Piasecki. A v pelotonu byl nav\u00edc poprv\u00e9 v historii i \u010desk\u00fd jezdec, \u010derstv\u00fd emigrant Kv\u011btoslav \u201eOmar\u201c Palov.<\/strong><\/p>\n<p>\u201ePros\u00edm v\u00e1s, copak tohle n\u011bkdo je\u0161t\u011b pamatuje?\u201c rozesm\u011bje se Palov na \u00favod pov\u00edd\u00e1n\u00ed pro WeLoveCycling.cz o sv\u00e9 slavn\u00e9 premi\u00e9\u0159e. Cesta k\u00a0n\u00ed p\u0159itom byla dlouh\u00e1, p\u0159\u00edslove\u010dn\u011b trnit\u00e1 a jej\u00ed ko\u0159eny mus\u00edme za\u010d\u00edt odhalovat v\u00a0n\u011bkdej\u0161\u00ed cyklistick\u00e9 ba\u0161t\u011b \u010ceskoslovenska &#8211; Brn\u011b.<\/p>\n<p>\u201eJako mal\u00fd kluk jsem moc sportovn\u011b zalo\u017een\u00fd nebyl. Sp\u00ed\u0161 m\u011b bavilo \u010d\u00edst v\u0161echny mo\u017en\u00e9 kn\u00ed\u017eky. V\u0161ak mi tak\u00e9 pozd\u011bji pan Kup\u010d\u00edk z Favoritu Brno za\u010dal \u0159\u00edkat akademik,\u201c rozpom\u00edn\u00e1 se Palov. Ke kolu se p\u0159itom po kr\u00e1tk\u00e9 epizod\u011b s judem dostal vlastn\u011b n\u00e1hodou. \u201eKamar\u00e1dil jsem v t\u00e9 dob\u011b se dv\u011bma kluky z druh\u00e9 strany Brna a navz\u00e1jem jsme se jezdili ka\u017ed\u00fd den nav\u0161t\u011bvovat na kole. A moje matka usoudila, \u017ee by bylo dobr\u00e9, aby na to na\u0161e je\u017ed\u011bn\u00ed po silnici dohl\u00ed\u017eel n\u011bjak\u00fd dosp\u011bl\u00fd. Tak jsme se p\u0159ihl\u00e1sili do Favoritu,\u201c l\u00ed\u010d\u00ed dnes \u0161edes\u00e1tilet\u00fd \u201eOmar\u201c, jeho\u017e domovem se na konci 80. let stala Austr\u00e1lie.<\/p>\n<h2><strong>Kv\u011btoslav Palov: cyklistou kv\u016fli kamar\u00e1dstv\u00ed<\/strong><\/h2>\n<p>Z\u00a0kamar\u00e1dsk\u00e9ho trojl\u00edstku nakonec vytrval s\u00e1m a sv\u00fdmi v\u00fdkony se postupn\u011b dok\u00e1zal prosadit a\u017e do juniorsk\u00e9 reprezentace, v\u00a0n\u00ed\u017e se v\u00a0roce 1980 bl\u00fdskl etapov\u00fdm v\u00edt\u011bzstv\u00edm na Z\u00e1vodu m\u00edru ml\u00e1de\u017ee. Start na\u00a0hlavn\u00edm podniku, proslul\u00e9 \u201eTour v\u00fdchodu\u201c mu ale nakonec unikl. \u201eV roce 1983 m\u011b vy\u0159adila zlomen\u00e1 kl\u00ed\u010dn\u00ed kost, v\u00a0roce 1984 jsem byl v\u00a0t\u00fdmu pro olympijsk\u00e9 hry a na Z\u00e1vod m\u00edru jel jin\u00fd man\u010daft. V\u00a0roce 1985 m\u011b tren\u00e9r Ha\u0165apka do v\u00fdb\u011bru nedal, p\u0159esto\u017ee jsem rok p\u0159edt\u00edm skon\u010dil celkov\u011b \u010dtvrt\u00fd v\u00a0n\u00e1rodn\u00edm \u017eeb\u0159\u00ed\u010dku. A v\u00a0roce 1986 na Z\u00e1vod m\u00edru nikdo n\u011bjak moc necht\u011bl kv\u016fli \u010cernobylu,\u201c vypo\u010d\u00edt\u00e1v\u00e1.<\/p>\n<p>Zm\u00edn\u011bn\u00e1 p\u0159\u00edprava na pozd\u011bji bojkotovan\u00e9 olympijsk\u00e9 hry v\u00a0Los Angeles p\u0159itom byla v\u00fdznamn\u00fdm bodem v\u00a0Palov\u011b uva\u017eov\u00e1n\u00ed o emigraci. To v\u0161ak kl\u00ed\u010dilo ji\u017e del\u0161\u00ed dobu od juniorsk\u00fdch let.<\/p>\n<figure id=\"attachment_22868\" aria-describedby=\"caption-attachment-22868\" style=\"width: 531px\" class=\"wp-caption alignnone\"><a href=\"https:\/\/d2p6e6u75xmxt8.cloudfront.net\/13\/2023\/06\/palov.webp\"><img loading=\"lazy\" decoding=\"async\" class=\" wp-image-22868\" src=\"https:\/\/d2p6e6u75xmxt8.cloudfront.net\/13\/2023\/06\/palov.webp\" alt=\"Kv\u011btoslav Palov na archivn\u00edm sn\u00edmku\" width=\"531\" height=\"758\" srcset=\"https:\/\/d2p6e6u75xmxt8.cloudfront.net\/13\/2023\/06\/palov.webp 500w, https:\/\/d2p6e6u75xmxt8.cloudfront.net\/13\/2023\/06\/palov-210x300.webp 210w, https:\/\/d2p6e6u75xmxt8.cloudfront.net\/13\/2023\/06\/palov-280x400.webp 280w\" sizes=\"auto, (max-width: 531px) 100vw, 531px\" \/><\/a><figcaption id=\"caption-attachment-22868\" class=\"wp-caption-text\"><em>Kv\u011btoslav Palov, prvn\u00ed \u010cech na Tour de France. Foto: archiv Kv\u011btoslava Palova (3x)<\/em><\/figcaption><\/figure>\n<p>\u201eJako mlad\u00e9 kluky n\u00e1s samoz\u0159ejm\u011b zaj\u00edmaly v\u00edc holky ne\u017e politika\u2026 P\u0159i \u010dast\u00fdch z\u00e1vodech na Z\u00e1pad\u011b si ale ne\u0161lo nev\u0161imnout, \u017ee \u201ajejich\u2018 sportovci maj\u00ed otev\u0159enou cestu k profesion\u00e1l\u016fm. Zat\u00edmco n\u00e1s po aktivn\u00ed kari\u00e9\u0159e \u010dekal pouze n\u00e1vrat do socialistick\u00e9 reality. Jako vrcholov\u00ed sportovci jsme na tom byli finan\u010dn\u011b l\u00e9pe ne\u017e pr\u016fm\u011brn\u00fd \u010cechoslov\u00e1k, nav\u00edc jsme mohli ven. Ov\u0161em tento stav m\u011bl \u010dasov\u00fd limit. A pozorovat b\u00fdval\u00e9 z\u00e1vodn\u00edky typu Hrazd\u00edry a Bartol\u0161ice v jejich nov\u00e9 roli skladn\u00edk\u016f v kas\u00e1rn\u00e1ch byla p\u0159ipom\u00ednka toho, \u017ee po cyklistick\u00e9 poh\u00e1dce \u010dek\u00e1 tvrd\u00e1 realita,\u201c p\u0159ipom\u00edn\u00e1 Kv\u011btoslav Palov.<\/p>\n<h2><strong>Emigrace do Austr\u00e1lie byla v pl\u00e1nu<\/strong><\/h2>\n<p>Zm\u00edn\u011bn\u00fd rok 1984 pak byl ji\u017e jen katalyz\u00e1torem b\u011bhu ud\u00e1lost\u00ed. \u201eV r\u00e1mci olympijsk\u00e9 p\u0159\u00edpravy jsme byli m\u011bs\u00edc v USA, a kdy\u017e jsme se vr\u00e1tili, byl n\u00e1m ozn\u00e1men bojkot her. K podtr\u017een\u00ed n\u00e1vratu do socialistick\u00e9 reality m\u011b nav\u00edc na Dukle vy\u0161et\u0159ovala kontrarozv\u011bdka, proto\u017ee mi jedna holka poslala z Ameriky pohled. Bylo mi doporu\u010deno j\u00edt na vojnu a ne vysokou \u0161kolu, jak jsem pl\u00e1noval. Vstup do KS\u010c, ke kter\u00e9mu jsem byl n\u011bkolikr\u00e1t vyzv\u00e1n, se taky nav\u011bky odkl\u00e1dat nedal\u2026,\u201c kr\u010d\u00ed rameny Palov p\u0159i vzpom\u00ednk\u00e1ch, jak vznikal jeho pl\u00e1n na odchod do zahrani\u010d\u00ed.<\/p>\n<div class=\"shortcode-ys-post-pinup\"><article class=\"loop-simple post-22834 post type-post status-publish format-video has-post-thumbnail hentry category-silnicni-cyklistika category-tour-de-france tag-ceska-stopa-na-tour-de-france tag-cyklistika tag-jan-svorada tag-leopold-konig tag-rene-andrle tag-silnicni-cyklistika tag-tour-de-france tag-tour-de-france-2023 tag-zdenek-stybar post_format-post-format-video global-categories-cycling\" data-postid=\"22834\" role=\"article\" data-post-id=\"22834\" data-word-count=\"587\" data-headline-length=\"31\" data-category=\"Tour de France\" data-global-category=\"Cycling\" data-author=\"We Love Cycling\" data-published=\"2023-06-28T15:40:09+02:00\" data-published-day=\"Wednesday\">\n    <div class=\"entry-thumbnail article-thumbnail video-thumbnail\" content=\"https:\/\/d2p6e6u75xmxt8.cloudfront.net\/13\/2020\/12\/svorada-profimedia-0069147095-1-150x150.webp\"><svg class=\"play font-icon\"><use href=\"#play_round\" xlink:href=\"#play_round\"><\/use><\/svg><a href=\"https:\/\/www.welovecycling.com\/cs\/2023\/06\/28\/ceska-stopa-na-tour\/\" class=\"image-holder\" target=\"_self\"><img decoding=\"async\" loading=\"lazy\" class=\"\" src=\"https:\/\/d2p6e6u75xmxt8.cloudfront.net\/13\/2020\/12\/svorada-profimedia-0069147095-1-1024x651.webp\" srcset=\"https:\/\/d2p6e6u75xmxt8.cloudfront.net\/13\/2020\/12\/svorada-profimedia-0069147095-1.webp 1800w, https:\/\/d2p6e6u75xmxt8.cloudfront.net\/13\/2020\/12\/svorada-profimedia-0069147095-1-300x191.webp 300w, https:\/\/d2p6e6u75xmxt8.cloudfront.net\/13\/2020\/12\/svorada-profimedia-0069147095-1-1024x651.webp 1024w, https:\/\/d2p6e6u75xmxt8.cloudfront.net\/13\/2020\/12\/svorada-profimedia-0069147095-1-768x488.webp 768w, https:\/\/d2p6e6u75xmxt8.cloudfront.net\/13\/2020\/12\/svorada-profimedia-0069147095-1-1536x976.webp 1536w\" width=\"1024\" height=\"651\" sizes=\"auto, (min-width: 1200px) 314px, (min-width: 768px) 26vw, 100vw\" alt=\"ceska-stopa-na-tour\"\/><\/a><\/div>    <div class=\"entry-meta\">\n        <a class=\"label label-secondary post-category\" href=\"https:\/\/www.welovecycling.com\/cs\/category\/tour-de-france\/\" title=\"Tour de France\">Tour de France<\/a>\n    <\/div>\n    <div class=\"entry-details\">\n        <a href=\"https:\/\/www.welovecycling.com\/cs\/2023\/06\/28\/ceska-stopa-na-tour\/\" class='entry-title-wrapper'>\n            <h3 class=\"entry-title\"><span>\u010cesk\u00e1 stopa na Tour de France<\/span><\/h3>\n        <\/a>\n    <\/div>\n    <\/article>\n<\/div>\n<p>K\u00a0\u00fat\u011bku nakonec spole\u010dn\u011b s\u00a0Vladim\u00edrem Dolkem vyu\u017eili z\u00e1jezd brn\u011bnsk\u00e9 Dukly do It\u00e1lie. I kdy\u017e p\u016fvodn\u00ed p\u0159edstava byla pon\u011bkud odli\u0161n\u00e1. \u201eM\u011bli jsme jet do Brit\u00e1nie a m\u011bl jsem p\u0159isl\u00edbenou pomoc australsk\u00e9 cyklistick\u00e9 federace, od za\u010d\u00e1tku jsem m\u011bl v\u00a0\u00famyslu skon\u010dit pr\u00e1v\u011b tam. Ve\u010der p\u0159ed odjezdem se ale c\u00edl z\u00e1jezdu zm\u011bnil na It\u00e1lii a bylo nutn\u00e9 za\u010d\u00edt improvizovat,\u201c pousm\u011bje se Palov nad p\u0159ekotn\u00fdm v\u00fdvojem ud\u00e1lost\u00ed onoho podzimu 1986.<\/p>\n<figure id=\"attachment_22872\" aria-describedby=\"caption-attachment-22872\" style=\"width: 1491px\" class=\"wp-caption alignnone\"><a href=\"https:\/\/d2p6e6u75xmxt8.cloudfront.net\/13\/2023\/06\/palov-omar.webp\"><img loading=\"lazy\" decoding=\"async\" class=\"size-extra-large wp-image-22872\" src=\"https:\/\/d2p6e6u75xmxt8.cloudfront.net\/13\/2023\/06\/palov-omar-1491x1920.webp\" alt=\"Kv\u011btoslav Palov v barv\u00e1ch \u010deskoslovensk\u00e9 reprezentace.\" width=\"1491\" height=\"1920\" srcset=\"https:\/\/d2p6e6u75xmxt8.cloudfront.net\/13\/2023\/06\/palov-omar-1491x1920.webp 1491w, https:\/\/d2p6e6u75xmxt8.cloudfront.net\/13\/2023\/06\/palov-omar-233x300.webp 233w, https:\/\/d2p6e6u75xmxt8.cloudfront.net\/13\/2023\/06\/palov-omar-795x1024.webp 795w, https:\/\/d2p6e6u75xmxt8.cloudfront.net\/13\/2023\/06\/palov-omar-768x989.webp 768w, https:\/\/d2p6e6u75xmxt8.cloudfront.net\/13\/2023\/06\/palov-omar-1193x1536.webp 1193w, https:\/\/d2p6e6u75xmxt8.cloudfront.net\/13\/2023\/06\/palov-omar-311x400.webp 311w, https:\/\/d2p6e6u75xmxt8.cloudfront.net\/13\/2023\/06\/palov-omar.webp 1590w, https:\/\/d2p6e6u75xmxt8.cloudfront.net\/13\/2023\/06\/palov-omar-1491x1920.webp 1491w\" sizes=\"auto, (max-width: 1491px) 100vw, 1491px\" \/><\/a><figcaption id=\"caption-attachment-22872\" class=\"wp-caption-text\"><em>Kv\u011btoslav Palov v barv\u00e1ch \u010deskoslovensk\u00e9 reprezentace.<\/em><\/figcaption><\/figure>\n<p>\u201eNa zp\u00e1te\u010dn\u00ed cest\u011b jsme zastavili ve V\u00eddni na \u201ashopping\u2018. Z\u00a0vedouc\u00edho z\u00e1jezdu se mi poda\u0159ilo vym\u00e1mit pasy pod z\u00e1minkou pot\u0159eby pro v\u00fdm\u011bnu pen\u011bz. Kdy\u017e v\u0161ichni ode\u0161li, vzali jsme s L\u00e1\u010fou kl\u00ed\u010d od dukl\u00e1ck\u00e9 Avie schovan\u00fd pod p\u0159edn\u00edm kolem, vyt\u00e1hli z\u00a0auta na\u0161e zavazadla a kola a na sedadle nechali zpr\u00e1vu, a\u0165 na n\u00e1s zbytek v\u00fdpravy zbyte\u010dn\u011b ne\u010dek\u00e1,\u201c l\u00ed\u010d\u00ed.<\/p>\n<h2><strong>Olympijsk\u00fd sen zhatili komunist\u00e9, podruh\u00e9 \u00fa\u0159edn\u00edci<\/strong><\/h2>\n<p>Narychlo sp\u00edchnut\u00fd pl\u00e1n m\u011bl pokra\u010dovat za pomoci str\u00fdce Dolkovy man\u017eelky \u2013 ta v\u00a0tu dobu prchala z\u00a0\u010ceskoslovenska p\u0159es Jugosl\u00e1vii, jen\u017e \u017eil v\u00a0N\u011bmecku a m\u011bl pro oba \u010derstv\u00e9 emigranty p\u0159ijet ze Stuttgartu. \u201eKdy\u017e jsme mu zavolali, tak \u0159ekl, \u017ee to nen\u00ed mo\u017en\u00e9, \u017ee si nem\u016f\u017ee dovolit pr\u016f\u0161vih na hranic\u00edch. My jsme ale v\u00a0Rakousku z\u016fst\u00e1vat necht\u011bli, a tak se narychlo ukuchtil pl\u00e1n B. Druh\u00fd den jsme vlakem dojeli k\u00a0n\u011bmeck\u00fdm hranic\u00edm, p\u0159esedli na kola a do N\u011bmecka p\u0159ejeli, ani\u017e by n\u00e1s n\u011bkdo zastavil. Dal\u0161\u00edm vlakem jsme pak dojeli u\u017e do Stuttgartu, kde n\u00e1m str\u00fdc pomohl vy\u0159\u00eddit do\u010dasn\u00e9 povolen\u00ed k\u00a0pobytu,\u201c popisuje Palov zd\u00e1rn\u00e9 zavr\u0161en\u00ed \u00fat\u011bku, po n\u011bm\u017e se b\u011bhem t\u0159\u00ed m\u011bs\u00edc\u016f dostal do vysn\u011bn\u00e9 Austr\u00e1lie.<\/p>\n<p>U protino\u017ec\u016f se pak ihned vr\u00e1til do cyklistick\u00e9ho \u017eivota a m\u011bl na dosah start na olympijsk\u00fdch hr\u00e1ch v\u00a0Soulu v\u00a0roce 1988. \u201eTenkr\u00e1t jste ale mohli dostat ob\u010danstv\u00ed a\u017e po dvou letech rezidence. To mi ale sm\u011brem k\u00a0olympi\u00e1d\u011b o p\u00e1r t\u00fddn\u016f nevych\u00e1zelo a \u00fa\u0159edn\u00edci odm\u00edtli ud\u011blit jakoukoliv v\u00fdjimku, p\u0159esto\u017ee se do v\u011bci vlo\u017eil i feder\u00e1ln\u00ed ministr sportu. T\u00edm pro m\u011b mo\u017enost startu v\u00a0Soulu padla a za\u010dal jsem je\u0161t\u011b st\u00e1le na pas \u010cSSR \u017e\u00e1dat o r\u016fzn\u00e1 v\u00edza do z\u00e1padn\u00ed Evropy, abych to zkusil v\u00a0profesion\u00e1ln\u00edm pelotonu,\u201c p\u0159ibli\u017euje dal\u0161\u00ed kotrmelec, s\u00a0n\u00edm\u017e se musel vypo\u0159\u00e1dat.<\/p>\n<h2><strong>K profesion\u00e1l\u016fm pomohly amat\u00e9rsk\u00e9 z\u00e1vody<\/strong><\/h2>\n<p>Nab\u00eddku m\u011bl i ze \u0160v\u00fdcarska, nakonec ale Palov zakotvil ve Velk\u00e9 Brit\u00e1nii. \u201eKoncem b\u0159ezna 1987 jsem se objevil v\u00a0Lond\u00fdn\u011b s\u00a0kolem, kabelou, p\u011bti sty librami a v\u00edcem\u00e9n\u011b \u017e\u00e1dn\u00fdm pl\u00e1nem,\u201c pousm\u011bje se.<\/p>\n<div class=\"shortcode-ys-post-pinup\"><article class=\"loop-simple post-22817 post type-post status-publish format-standard has-post-thumbnail hentry category-tour-de-france tag-cyklistika tag-nominace tag-silnicni-cyklistika tag-tour-de-france-2023 global-categories-cycling\" data-postid=\"22817\" role=\"article\" data-post-id=\"22817\" data-word-count=\"508\" data-headline-length=\"102\" data-category=\"Tour de France\" data-global-category=\"Cycling\" data-author=\"We Love Cycling\" data-published=\"2023-06-26T11:00:20+02:00\" data-published-day=\"Monday\">\n    <div class=\"entry-thumbnail article-thumbnail\" content=\"https:\/\/d2p6e6u75xmxt8.cloudfront.net\/13\/2022\/07\/WLC-Jonas-295276252_10221403504740677_6384087978458371962_n-150x150.webp\"><a href=\"https:\/\/www.welovecycling.com\/cs\/2023\/06\/26\/jak-se-rodi-nominace-na-tour-de-france-cekani-na-ano-aneb-nervy-kolem-mistenky-na-stare-dame\/\" class=\"image-holder\" target=\"_self\"><img decoding=\"async\" loading=\"lazy\" class=\"\" src=\"https:\/\/d2p6e6u75xmxt8.cloudfront.net\/13\/2022\/07\/WLC-Jonas-295276252_10221403504740677_6384087978458371962_n-1024x682.webp\" srcset=\"https:\/\/d2p6e6u75xmxt8.cloudfront.net\/13\/2022\/07\/WLC-Jonas-295276252_10221403504740677_6384087978458371962_n.webp 2048w, https:\/\/d2p6e6u75xmxt8.cloudfront.net\/13\/2022\/07\/WLC-Jonas-295276252_10221403504740677_6384087978458371962_n-300x200.webp 300w, https:\/\/d2p6e6u75xmxt8.cloudfront.net\/13\/2022\/07\/WLC-Jonas-295276252_10221403504740677_6384087978458371962_n-1024x682.webp 1024w, https:\/\/d2p6e6u75xmxt8.cloudfront.net\/13\/2022\/07\/WLC-Jonas-295276252_10221403504740677_6384087978458371962_n-768x512.webp 768w, https:\/\/d2p6e6u75xmxt8.cloudfront.net\/13\/2022\/07\/WLC-Jonas-295276252_10221403504740677_6384087978458371962_n-1536x1023.webp 1536w, https:\/\/d2p6e6u75xmxt8.cloudfront.net\/13\/2022\/07\/WLC-Jonas-295276252_10221403504740677_6384087978458371962_n-1920x1279.webp 1920w, https:\/\/d2p6e6u75xmxt8.cloudfront.net\/13\/2022\/07\/WLC-Jonas-295276252_10221403504740677_6384087978458371962_n-272x182.webp 272w, https:\/\/d2p6e6u75xmxt8.cloudfront.net\/13\/2022\/07\/WLC-Jonas-295276252_10221403504740677_6384087978458371962_n-1920x1279.webp 1920w\" width=\"1024\" height=\"682\" sizes=\"auto, (min-width: 1200px) 300px, (min-width: 768px) 25vw, 100vw\" alt=\"jak-se-rodi-nominace-na-tour-de-france-cekani-na-ano-aneb-nervy-kolem-mistenky-na-stare-dame\"\/><\/a><\/div>    <div class=\"entry-meta\">\n        <a class=\"label label-secondary post-category\" href=\"https:\/\/www.welovecycling.com\/cs\/category\/tour-de-france\/\" title=\"Tour de France\">Tour de France<\/a>\n    <\/div>\n    <div class=\"entry-details\">\n        <a href=\"https:\/\/www.welovecycling.com\/cs\/2023\/06\/26\/jak-se-rodi-nominace-na-tour-de-france-cekani-na-ano-aneb-nervy-kolem-mistenky-na-stare-dame\/\" class='entry-title-wrapper'>\n            <h3 class=\"entry-title\"><span>Jak se rod\u00ed nominace na Tour de France? \u010cek\u00e1n\u00ed na ano, aneb nervy kolem m\u00edstenky na Star\u00e9 d\u00e1m\u011b<\/span><\/h3>\n        <\/a>\n    <\/div>\n    <\/article>\n<\/div>\n<p>D\u00edky v\u00fdh\u0159e ve dvou amat\u00e9rsk\u00fdch z\u00e1vodech se nakonec p\u0159ed tehdy \u010dty\u0159iadvacetilet\u00fdm jezdcem objevila nab\u00eddka smlouvy v t\u00fdmu ANC Halfords. \u201eObjel jsem s nimi p\u00e1r z\u00e1vod\u016f, vyhr\u00e1l dokonce \u201asemi-classics\u2018 v Norwichi a najednou, \u017ee pr\u00fd pojedeme Tour de France!\u201c popisuje Kv\u011btoslav Palov svou cestu na start Star\u00e9 d\u00e1my.<\/p>\n<p>Tour de France p\u0159itom pr\u00e1v\u011b v roce 1987 m\u011bla je\u0161t\u011b dlouho p\u0159ed Grand D\u00e9part v Z\u00e1padn\u00edm Berl\u00edn\u011b o n\u00e1boj postar\u00e1no. V\u00edt\u011bz p\u0159edchoz\u00edho ro\u010dn\u00edku LeMond byl v dubnu post\u0159elen p\u0159i lovu krocan\u016f v Kalifornii a po z\u00e1sahu \u0161edes\u00e1ti broky se nesta\u010dil zotavit, francouzsk\u00fd hrdina Bernard Hinault ukon\u010dil kari\u00e9ru a uvoln\u011bn\u00fd tr\u016fn tak l\u00e1kal nov\u00e9 tv\u00e1\u0159e. \u201eNa tu atmosf\u00e9ru se ned\u00e1 zapomenout,\u201c p\u0159ikyvuje Palov.<\/p>\n<h2><strong>Kv\u011btoslav Palov: Na Pa\u0159\u00ed\u017e jsem se b\u00e1l myslet<\/strong><\/h2>\n<p>Sou\u010dasn\u011b si ale dodnes nese vzpom\u00ednku na nejt\u011b\u017e\u0161\u00ed z\u00e1vod kari\u00e9ry. \u201ePo startu v\u00a0z\u00e1padn\u00edm N\u011bmecku se jelo takov\u00e9 tempo, \u017ee pozd\u011bj\u0161\u00ed v\u00edt\u011bz Stephen Roche poznamenal, \u017ee jestli takhle budeme pokra\u010dovat, tak do Pa\u0159\u00ed\u017ee dojedou v\u0161ichni v\u00a0rakv\u00edch. Nav\u00edc to byla jedna z\u00a0nejdel\u0161\u00edch Tour v\u00a0historii (4231 km) a \u010dlov\u011bk se skoro a\u017e b\u00e1l pomyslet na to, \u017ee do c\u00edle skute\u010dn\u011b p\u0159ijede,\u201c popisuje.<\/p>\n<p>Par\u00e1dn\u00ed dojezd na Champs-\u00c9lys\u00e9es mu ale nakonec neunikl, v kone\u010dn\u00e9m po\u0159ad\u00ed historicky prvn\u00ed \u010desk\u00fd z\u00e1vodn\u00edk <a href=\"https:\/\/www.welovecycling.com\/cs\/2023\/06\/21\/tour-de-france-2023-start-v-baskicku-horske-peklo-a-jedina-casovka\/\">Tour de France<\/a> dokon\u010dil slavn\u00fd z\u00e1vod na 103. m\u00edst\u011b.<\/p>\n<p><a href=\"https:\/\/d2p6e6u75xmxt8.cloudfront.net\/13\/2023\/06\/kvetoslav-palov.webp\"><img loading=\"lazy\" decoding=\"async\" class=\"alignnone size-full wp-image-22871\" src=\"https:\/\/d2p6e6u75xmxt8.cloudfront.net\/13\/2023\/06\/kvetoslav-palov.webp\" alt=\"\" width=\"648\" height=\"960\" srcset=\"https:\/\/d2p6e6u75xmxt8.cloudfront.net\/13\/2023\/06\/kvetoslav-palov.webp 648w, https:\/\/d2p6e6u75xmxt8.cloudfront.net\/13\/2023\/06\/kvetoslav-palov-203x300.webp 203w, https:\/\/d2p6e6u75xmxt8.cloudfront.net\/13\/2023\/06\/kvetoslav-palov-270x400.webp 270w\" sizes=\"auto, (max-width: 648px) 100vw, 648px\" \/><\/a><\/p>\n<p>\u201eAle rozhodn\u011b byly momenty, kdy jsem o tom pochyboval,\u201c \u0159\u00edk\u00e1 Palov otev\u0159en\u011b. \u201eNetrvalo dlouho zjistit, \u017ee t\u00fdm ANC byl na Tour asi trochu p\u0159ed\u010dasn\u011b. M\u011blo se s t\u00edm je\u0161t\u011b alespo\u0148 rok po\u010dkat. Sest\u00e1vali jsme se z jedinc\u016f, z nich\u017e n\u011bkte\u0159\u00ed m\u011bli pot\u0159ebn\u00e9 zku\u0161enosti, ale byli u\u017e na konci kari\u00e9ry a d\u00e1vno za svou \u0161pi\u010dkou. Druhou \u010d\u00e1st t\u00fdmu tvo\u0159ili kluci, kte\u0159\u00ed nem\u011bli pon\u011bt\u00ed, co takov\u00fd z\u00e1vod od \u010dlov\u011bka vlastn\u011b vy\u017eaduje a v z\u00e1v\u011bru taky nutn\u011b vybere,\u201c podot\u00fdk\u00e1 s naho\u0159kl\u00fdm \u00fasm\u011bvem.<\/p>\n<p>Je\u0161t\u011b v\u00a0roce 1987 nav\u00edc jeho britsk\u00e1 anab\u00e1ze skon\u010dila, t\u00fdm zbankrotoval. A n\u00e1sleduj\u00edc\u00ed anga\u017em\u00e1 v\u00a0Belgii Palova utvrdilo v\u00a0tom, \u017ee je na \u010dase rozv\u00edjet kari\u00e9ru dal\u0161\u00edm sm\u011brem. \u201eP\u0159\u00edjem byl mizern\u00fd a z\u00e1vod\u011bn\u00ed na t\u011bch jejich kostk\u00e1ch a je\u0161t\u011b po\u0159\u00e1d v\u00a0de\u0161ti k\u00a0tomu jen p\u0159isp\u011bly,\u201c rozesm\u011bje se p\u0159i vzpom\u00ednce, co vedlo k definitivn\u00edmu rozhodnut\u00ed o p\u0159esunu do Austr\u00e1lie<\/p>\n<h2><strong>Po bankrotu t\u00fdmu rozjel byznys v Austr\u00e1lii<\/strong><\/h2>\n<p>Na severu kontinentu ve st\u00e1t\u011b Queensland pak Palov rozjel \u00fasp\u011b\u0161n\u00fd cyklistick\u00fd obchod, kter\u00fd v roce 2000 \u00fasp\u011b\u0161n\u011b prodal. Dod\u011blal si vysn\u011bnou vysokou \u0161kolu, pustil se do finan\u010dnictv\u00ed a ani v nov\u00e9m oboru se neztratil. Svou firmu, kter\u00e1 se postupn\u011b rozrostla na t\u0159i pobo\u010dky nap\u0159\u00ed\u010d Austr\u00e1li\u00ed, pak p\u0159edloni op\u011bt v\u00fdhodn\u011b zpen\u011b\u017eil. Nyn\u00ed m\u00e1 s man\u017eelkou prostor vychutnat si kdysi vysn\u011bn\u00fd zp\u016fsob \u017eivota u protino\u017ec\u016f. \u201eTepl\u00e9 podneb\u00ed a \u017eivotn\u00ed p\u0159\u00edstup typu \u201ashe\u2019ll be right. Tedy voln\u011b p\u0159elo\u017eeno, lidi jsou tu vcelku relaxovan\u00ed a nikdo nic moc ne\u0159e\u0161\u00ed,\u201c pochvaluje si Kv\u011btoslav Palov.<\/p>\n<p>Sv\u011btovou cyklistiku p\u0159itom u\u017e d\u00e1vno nesleduje. \u201eP\u0159estal jsem s\u00a0t\u00edm v\u00a090. letech, kdy se za\u010dalo br\u00e1t EPO a m\u016fj star\u00fd kamar\u00e1d Stephen Swart, kter\u00fd jezdil v\u00a0Armstrongov\u011b t\u00fdmu, mi \u0159ekl, \u017ee u\u017e se ani do kopc\u016f nezpomaluje,\u201c krout\u00ed dodnes hlavou nad v\u00fdvojem, jak\u00fd peloton vzal.<\/p>\n<p>A kde \u017ee vlastn\u011b p\u0159i\u0161el k p\u0159ezd\u00edvce Omar, pod n\u00ed\u017e ho znaj\u00ed jak n\u011bkdej\u0161\u00ed souputn\u00edci, tak austral\u0161t\u00ed sou\u010dasn\u00edci? \u201eTo p\u0159i\u0161lo je\u0161t\u011b v dob\u011b, kdy jsme jezdili za \u017e\u00e1ky. Kamar\u00e1d Mirek Hlou\u0161ek tenkr\u00e1t \u010detl knihu Pou\u0161t\u00ed od Karla Maye, v n\u00ed\u017e je jedna z hlavn\u00edch postav Had\u017ei Halef Omar. Mirek mi tak za\u010dal \u0159\u00edkat a n\u011bjak to z\u016fstalo. Po p\u0159\u00edjezdu do Austr\u00e1lie pak nikdo nebyl schopen vyslovit jm\u00e9no Kv\u011btoslav. A kdy\u017e jsem odhalil svou p\u0159ezd\u00edvku, tak mi z\u016fstala,\u201c uzav\u00edr\u00e1 s \u00fasm\u011bvem Kv\u011btoslav Palov.<\/p>\n<p><em>Tituln\u00ed foto: profimedia<\/em><\/p>\n","protected":false},"excerpt":{"rendered":"<p>P\u0159es \u010dty\u0159i tis\u00edce kilometr\u016f dlouh\u00e1, drsn\u00e1 jako struhadlo a pln\u00e1 pikantn\u00edch p\u0159\u00edb\u011bh\u016f. To byla Tour de France v roce 1987. [&hellip;]<\/p>\n","protected":false},"author":138,"featured_media":22869,"comment_status":"open","ping_status":"open","sticky":false,"template":"","format":"standard","meta":{"footnotes":""},"categories":[10,1711],"tags":[3106,126,3105,2454,9,23,3104,2647],"global-categories":[411],"class_list":["post-22867","post","type-post","status-publish","format-standard","has-post-thumbnail","hentry","category-silnicni-cyklistika","category-tour-de-france","tag-anc-halfords","tag-cyklistika","tag-emigrace","tag-kvetoslav-palov","tag-silnicni-cyklistika","tag-tour-de-france","tag-tour-de-france-1987","tag-tour-de-france-2023","global-categories-cycling"],"yoast_head":"<!-- This site is optimized with the Yoast SEO Premium plugin v25.3 (Yoast SEO v25.9) - https:\/\/yoast.com\/wordpress\/plugins\/seo\/ -->\n<title>\u010cesk\u00e1 premi\u00e9ra na Tour de France? Do Pa\u0159\u00ed\u017ee dojedeme v\u00a0rakv\u00edch, sly\u0161el emigrant Kv\u011btoslav Palov | \u0160koda We Love Cycling - \u010cesk\u00e1 republika<\/title>\n<meta name=\"description\" content=\"Kv\u011btoslav Palov! Prvn\u00ed \u010cech na startu Tour de France. Jm\u00e9no, kter\u00e9 dlouho znali jen skute\u010dn\u00ed znalci. \u0160lo toti\u017e o emigranta!\" \/>\n<meta name=\"robots\" content=\"index, follow, max-snippet:-1, max-image-preview:large, max-video-preview:-1\" \/>\n<link rel=\"canonical\" href=\"https:\/\/www.welovecycling.com\/cs\/2023\/07\/02\/ceska-premiera-na-tour-de-france-do-parize-dojedeme-v-rakvich-slysel-emigrant-kvetoslav-palov\/\" \/>\n<meta property=\"og:locale\" content=\"cs_CZ\" \/>\n<meta property=\"og:type\" content=\"article\" \/>\n<meta property=\"og:title\" content=\"\u010cesk\u00e1 premi\u00e9ra na Tour de France? Do Pa\u0159\u00ed\u017ee dojedeme v\u00a0rakv\u00edch, sly\u0161el emigrant Kv\u011btoslav Palov\" \/>\n<meta property=\"og:description\" content=\"Kv\u011btoslav Palov! Prvn\u00ed \u010cech na startu Tour de France. Jm\u00e9no, kter\u00e9 dlouho znali jen skute\u010dn\u00ed znalci. \u0160lo toti\u017e o emigranta!\" \/>\n<meta property=\"og:url\" content=\"https:\/\/www.welovecycling.com\/cs\/2023\/07\/02\/ceska-premiera-na-tour-de-france-do-parize-dojedeme-v-rakvich-slysel-emigrant-kvetoslav-palov\/\" \/>\n<meta property=\"og:site_name\" content=\"\u0160koda We Love Cycling - \u010cesk\u00e1 republika\" \/>\n<meta property=\"article:published_time\" content=\"2023-07-02T12:00:24+00:00\" \/>\n<meta property=\"og:image\" content=\"https:\/\/d2p6e6u75xmxt8.cloudfront.net\/13\/2023\/06\/profimedia-0397930784.webp\" \/>\n\t<meta property=\"og:image:width\" content=\"1800\" \/>\n\t<meta property=\"og:image:height\" content=\"1123\" \/>\n\t<meta property=\"og:image:type\" content=\"image\/webp\" \/>\n<meta name=\"author\" content=\"radekmalina\" \/>\n<meta name=\"twitter:card\" content=\"summary_large_image\" \/>\n<meta name=\"twitter:label1\" content=\"Written by\" \/>\n\t<meta name=\"twitter:data1\" content=\"We Love Cycling\" \/>\n\t<meta name=\"twitter:label2\" content=\"Est. reading time\" \/>\n\t<meta name=\"twitter:data2\" content=\"5\" \/>\n<script type=\"application\/ld+json\" class=\"yoast-schema-graph\">{\"@context\":\"https:\/\/schema.org\",\"@graph\":[{\"@type\":\"WebPage\",\"@id\":\"https:\/\/www.welovecycling.com\/cs\/2023\/07\/02\/ceska-premiera-na-tour-de-france-do-parize-dojedeme-v-rakvich-slysel-emigrant-kvetoslav-palov\/\",\"url\":\"https:\/\/www.welovecycling.com\/cs\/2023\/07\/02\/ceska-premiera-na-tour-de-france-do-parize-dojedeme-v-rakvich-slysel-emigrant-kvetoslav-palov\/\",\"name\":\"\u010cesk\u00e1 premi\u00e9ra na Tour de France? Do Pa\u0159\u00ed\u017ee dojedeme v\u00a0rakv\u00edch, sly\u0161el emigrant Kv\u011btoslav Palov | \u0160koda We Love Cycling - \u010cesk\u00e1 republika\",\"isPartOf\":{\"@id\":\"https:\/\/www.welovecycling.com\/cs\/#website\"},\"primaryImageOfPage\":{\"@id\":\"https:\/\/www.welovecycling.com\/cs\/2023\/07\/02\/ceska-premiera-na-tour-de-france-do-parize-dojedeme-v-rakvich-slysel-emigrant-kvetoslav-palov\/#primaryimage\"},\"image\":{\"@id\":\"https:\/\/www.welovecycling.com\/cs\/2023\/07\/02\/ceska-premiera-na-tour-de-france-do-parize-dojedeme-v-rakvich-slysel-emigrant-kvetoslav-palov\/#primaryimage\"},\"thumbnailUrl\":\"https:\/\/d2p6e6u75xmxt8.cloudfront.net\/13\/2023\/06\/profimedia-0397930784.webp\",\"datePublished\":\"2023-07-02T12:00:24+00:00\",\"author\":{\"@id\":\"https:\/\/www.welovecycling.com\/cs\/#\/schema\/person\/d9eeb0a378f3a7e4a6d12d2b536b04b8\"},\"description\":\"Kv\u011btoslav Palov! Prvn\u00ed \u010cech na startu Tour de France. Jm\u00e9no, kter\u00e9 dlouho znali jen skute\u010dn\u00ed znalci. \u0160lo toti\u017e o emigranta!\",\"inLanguage\":\"cs\",\"potentialAction\":[{\"@type\":\"ReadAction\",\"target\":[\"https:\/\/www.welovecycling.com\/cs\/2023\/07\/02\/ceska-premiera-na-tour-de-france-do-parize-dojedeme-v-rakvich-slysel-emigrant-kvetoslav-palov\/\"]}]},{\"@type\":\"ImageObject\",\"inLanguage\":\"cs\",\"@id\":\"https:\/\/www.welovecycling.com\/cs\/2023\/07\/02\/ceska-premiera-na-tour-de-france-do-parize-dojedeme-v-rakvich-slysel-emigrant-kvetoslav-palov\/#primaryimage\",\"url\":\"https:\/\/d2p6e6u75xmxt8.cloudfront.net\/13\/2023\/06\/profimedia-0397930784.webp\",\"contentUrl\":\"https:\/\/d2p6e6u75xmxt8.cloudfront.net\/13\/2023\/06\/profimedia-0397930784.webp\",\"width\":1800,\"height\":1123,\"caption\":\"Kv\u011btoslav Palov\"},{\"@type\":\"WebSite\",\"@id\":\"https:\/\/www.welovecycling.com\/cs\/#website\",\"url\":\"https:\/\/www.welovecycling.com\/cs\/\",\"name\":\"\u0160koda We Love Cycling - \u010cesk\u00e1 republika\",\"description\":\"WeLoveCycling.cz je online magaz\u00edn, kter\u00fd v\u00e1m pravideln\u011b p\u0159in\u00e1\u0161\u00ed rady a tipy, zaj\u00edmav\u00e9 \u010dl\u00e1nky, videa a jedine\u010dn\u00e9 report\u00e1\u017ee ze sv\u011bta cyklistiky.\",\"potentialAction\":[{\"@type\":\"SearchAction\",\"target\":{\"@type\":\"EntryPoint\",\"urlTemplate\":\"https:\/\/www.welovecycling.com\/cs\/?s={search_term_string}\"},\"query-input\":{\"@type\":\"PropertyValueSpecification\",\"valueRequired\":true,\"valueName\":\"search_term_string\"}}],\"inLanguage\":\"cs\"},{\"@type\":\"Person\",\"@id\":\"https:\/\/www.welovecycling.com\/cs\/#\/schema\/person\/d9eeb0a378f3a7e4a6d12d2b536b04b8\",\"name\":\"radekmalina\",\"image\":{\"@type\":\"ImageObject\",\"inLanguage\":\"cs\",\"@id\":\"https:\/\/www.welovecycling.com\/cs\/#\/schema\/person\/image\/\",\"url\":\"https:\/\/secure.gravatar.com\/avatar\/66994b632cb8c39a46b9f54afa3ae07201b678d32a54275b6f1c9ffec356bfc0?s=96&d=mm&r=g\",\"contentUrl\":\"https:\/\/secure.gravatar.com\/avatar\/66994b632cb8c39a46b9f54afa3ae07201b678d32a54275b6f1c9ffec356bfc0?s=96&d=mm&r=g\",\"caption\":\"radekmalina\"},\"url\":\"https:\/\/www.welovecycling.com\/cs\/author\/radekmalina\/\"}]}<\/script>\n<!-- \/ Yoast SEO Premium plugin. -->","yoast_head_json":{"title":"\u010cesk\u00e1 premi\u00e9ra na Tour de France? Do Pa\u0159\u00ed\u017ee dojedeme v\u00a0rakv\u00edch, sly\u0161el emigrant Kv\u011btoslav Palov | \u0160koda We Love Cycling - \u010cesk\u00e1 republika","description":"Kv\u011btoslav Palov! Prvn\u00ed \u010cech na startu Tour de France. Jm\u00e9no, kter\u00e9 dlouho znali jen skute\u010dn\u00ed znalci. \u0160lo toti\u017e o emigranta!","robots":{"index":"index","follow":"follow","max-snippet":"max-snippet:-1","max-image-preview":"max-image-preview:large","max-video-preview":"max-video-preview:-1"},"canonical":"https:\/\/www.welovecycling.com\/cs\/2023\/07\/02\/ceska-premiera-na-tour-de-france-do-parize-dojedeme-v-rakvich-slysel-emigrant-kvetoslav-palov\/","og_locale":"cs_CZ","og_type":"article","og_title":"\u010cesk\u00e1 premi\u00e9ra na Tour de France? Do Pa\u0159\u00ed\u017ee dojedeme v\u00a0rakv\u00edch, sly\u0161el emigrant Kv\u011btoslav Palov","og_description":"Kv\u011btoslav Palov! Prvn\u00ed \u010cech na startu Tour de France. Jm\u00e9no, kter\u00e9 dlouho znali jen skute\u010dn\u00ed znalci. \u0160lo toti\u017e o emigranta!","og_url":"https:\/\/www.welovecycling.com\/cs\/2023\/07\/02\/ceska-premiera-na-tour-de-france-do-parize-dojedeme-v-rakvich-slysel-emigrant-kvetoslav-palov\/","og_site_name":"\u0160koda We Love Cycling - \u010cesk\u00e1 republika","article_published_time":"2023-07-02T12:00:24+00:00","og_image":[{"width":1800,"height":1123,"url":"https:\/\/d2p6e6u75xmxt8.cloudfront.net\/13\/2023\/06\/profimedia-0397930784.webp","type":"image\/webp"}],"author":"radekmalina","twitter_card":"summary_large_image","twitter_misc":{"Written by":"We Love Cycling","Est. reading time":"5"},"schema":{"@context":"https:\/\/schema.org","@graph":[{"@type":"WebPage","@id":"https:\/\/www.welovecycling.com\/cs\/2023\/07\/02\/ceska-premiera-na-tour-de-france-do-parize-dojedeme-v-rakvich-slysel-emigrant-kvetoslav-palov\/","url":"https:\/\/www.welovecycling.com\/cs\/2023\/07\/02\/ceska-premiera-na-tour-de-france-do-parize-dojedeme-v-rakvich-slysel-emigrant-kvetoslav-palov\/","name":"\u010cesk\u00e1 premi\u00e9ra na Tour de France? Do Pa\u0159\u00ed\u017ee dojedeme v\u00a0rakv\u00edch, sly\u0161el emigrant Kv\u011btoslav Palov | \u0160koda We Love Cycling - \u010cesk\u00e1 republika","isPartOf":{"@id":"https:\/\/www.welovecycling.com\/cs\/#website"},"primaryImageOfPage":{"@id":"https:\/\/www.welovecycling.com\/cs\/2023\/07\/02\/ceska-premiera-na-tour-de-france-do-parize-dojedeme-v-rakvich-slysel-emigrant-kvetoslav-palov\/#primaryimage"},"image":{"@id":"https:\/\/www.welovecycling.com\/cs\/2023\/07\/02\/ceska-premiera-na-tour-de-france-do-parize-dojedeme-v-rakvich-slysel-emigrant-kvetoslav-palov\/#primaryimage"},"thumbnailUrl":"https:\/\/d2p6e6u75xmxt8.cloudfront.net\/13\/2023\/06\/profimedia-0397930784.webp","datePublished":"2023-07-02T12:00:24+00:00","author":{"@id":"https:\/\/www.welovecycling.com\/cs\/#\/schema\/person\/d9eeb0a378f3a7e4a6d12d2b536b04b8"},"description":"Kv\u011btoslav Palov! Prvn\u00ed \u010cech na startu Tour de France. Jm\u00e9no, kter\u00e9 dlouho znali jen skute\u010dn\u00ed znalci. \u0160lo toti\u017e o emigranta!","inLanguage":"cs","potentialAction":[{"@type":"ReadAction","target":["https:\/\/www.welovecycling.com\/cs\/2023\/07\/02\/ceska-premiera-na-tour-de-france-do-parize-dojedeme-v-rakvich-slysel-emigrant-kvetoslav-palov\/"]}]},{"@type":"ImageObject","inLanguage":"cs","@id":"https:\/\/www.welovecycling.com\/cs\/2023\/07\/02\/ceska-premiera-na-tour-de-france-do-parize-dojedeme-v-rakvich-slysel-emigrant-kvetoslav-palov\/#primaryimage","url":"https:\/\/d2p6e6u75xmxt8.cloudfront.net\/13\/2023\/06\/profimedia-0397930784.webp","contentUrl":"https:\/\/d2p6e6u75xmxt8.cloudfront.net\/13\/2023\/06\/profimedia-0397930784.webp","width":1800,"height":1123,"caption":"Kv\u011btoslav Palov"},{"@type":"WebSite","@id":"https:\/\/www.welovecycling.com\/cs\/#website","url":"https:\/\/www.welovecycling.com\/cs\/","name":"\u0160koda We Love Cycling - \u010cesk\u00e1 republika","description":"WeLoveCycling.cz je online magaz\u00edn, kter\u00fd v\u00e1m pravideln\u011b p\u0159in\u00e1\u0161\u00ed rady a tipy, zaj\u00edmav\u00e9 \u010dl\u00e1nky, videa a jedine\u010dn\u00e9 report\u00e1\u017ee ze sv\u011bta cyklistiky.","potentialAction":[{"@type":"SearchAction","target":{"@type":"EntryPoint","urlTemplate":"https:\/\/www.welovecycling.com\/cs\/?s={search_term_string}"},"query-input":{"@type":"PropertyValueSpecification","valueRequired":true,"valueName":"search_term_string"}}],"inLanguage":"cs"},{"@type":"Person","@id":"https:\/\/www.welovecycling.com\/cs\/#\/schema\/person\/d9eeb0a378f3a7e4a6d12d2b536b04b8","name":"radekmalina","image":{"@type":"ImageObject","inLanguage":"cs","@id":"https:\/\/www.welovecycling.com\/cs\/#\/schema\/person\/image\/","url":"https:\/\/secure.gravatar.com\/avatar\/66994b632cb8c39a46b9f54afa3ae07201b678d32a54275b6f1c9ffec356bfc0?s=96&d=mm&r=g","contentUrl":"https:\/\/secure.gravatar.com\/avatar\/66994b632cb8c39a46b9f54afa3ae07201b678d32a54275b6f1c9ffec356bfc0?s=96&d=mm&r=g","caption":"radekmalina"},"url":"https:\/\/www.welovecycling.com\/cs\/author\/radekmalina\/"}]}},"_links":{"self":[{"href":"https:\/\/www.welovecycling.com\/cs\/wp-json\/wp\/v2\/posts\/22867","targetHints":{"allow":["GET"]}}],"collection":[{"href":"https:\/\/www.welovecycling.com\/cs\/wp-json\/wp\/v2\/posts"}],"about":[{"href":"https:\/\/www.welovecycling.com\/cs\/wp-json\/wp\/v2\/types\/post"}],"author":[{"embeddable":true,"href":"https:\/\/www.welovecycling.com\/cs\/wp-json\/wp\/v2\/users\/138"}],"replies":[{"embeddable":true,"href":"https:\/\/www.welovecycling.com\/cs\/wp-json\/wp\/v2\/comments?post=22867"}],"version-history":[{"count":3,"href":"https:\/\/www.welovecycling.com\/cs\/wp-json\/wp\/v2\/posts\/22867\/revisions"}],"predecessor-version":[{"id":22875,"href":"https:\/\/www.welovecycling.com\/cs\/wp-json\/wp\/v2\/posts\/22867\/revisions\/22875"}],"wp:featuredmedia":[{"embeddable":true,"href":"https:\/\/www.welovecycling.com\/cs\/wp-json\/wp\/v2\/media\/22869"}],"wp:attachment":[{"href":"https:\/\/www.welovecycling.com\/cs\/wp-json\/wp\/v2\/media?parent=22867"}],"wp:term":[{"taxonomy":"category","embeddable":true,"href":"https:\/\/www.welovecycling.com\/cs\/wp-json\/wp\/v2\/categories?post=22867"},{"taxonomy":"post_tag","embeddable":true,"href":"https:\/\/www.welovecycling.com\/cs\/wp-json\/wp\/v2\/tags?post=22867"},{"taxonomy":"global-categories","embeddable":true,"href":"https:\/\/www.welovecycling.com\/cs\/wp-json\/wp\/v2\/global-categories?post=22867"}],"curies":[{"name":"wp","href":"https:\/\/api.w.org\/{rel}","templated":true}]}}