{"id":22854,"date":"2023-06-29T14:00:52","date_gmt":"2023-06-29T12:00:52","guid":{"rendered":"https:\/\/www.welovecycling.com\/cs\/?p=22854"},"modified":"2023-06-29T10:36:43","modified_gmt":"2023-06-29T08:36:43","slug":"pet-klicovych-etap-tour-de-france-2023","status":"publish","type":"post","link":"https:\/\/www.welovecycling.com\/cs\/2023\/06\/29\/pet-klicovych-etap-tour-de-france-2023\/","title":{"rendered":"P\u011bt kl\u00ed\u010dov\u00fdch etap Tour de France 2023"},"content":{"rendered":"<p><strong>Tour de France 2023 zved\u00e1 pomalu oponu. Fanou\u0161ci o\u010dek\u00e1vaj\u00ed spektakul\u00e1rn\u00ed bitvy dvojice tit\u00e1n\u016f: Jonas Vingegaard vs. Tadej Poga\u010dar. A zcela pr\u00e1vem. Organiz\u00e1to\u0159i p\u0159ipravili doslova vrcha\u0159skou torturu. Jak\u00fdch je p\u011bt kl\u00ed\u010dov\u00fdch etap Star\u00e9 d\u00e1my pro nadch\u00e1zej\u00edc\u00ed ro\u010dn\u00edk?<\/strong><\/p>\n<p>Itiner\u00e1\u0159 z\u00e1vodu startuj\u00edc\u00edho 1. \u010dervence slibuje mimo\u0159\u00e1dnou dynamiku. Jist\u00e9 je, \u017ee tahle Tour nen\u00ed pro spurtery. Ani mu\u017ei vyzn\u00e1vaj\u00edc\u00ed boj s chronometrem si nebudou lebedit. V\u017edy\u0165 v itiner\u00e1\u0159i je pouh\u00fdch 22 kilometr\u016f \u010dasovky, co\u017e je nejm\u00e9n\u011b v historii. Ano, nikdy v d\u011bjin\u00e1ch Tour de France nebyl \u00fasek \u010di \u00faseky ur\u010den\u00e9 \u010dasovk\u00e1\u0159\u016fm krat\u0161\u00ed!<\/p>\n<p>Je jasn\u00e9, \u017ee v\u00edt\u011bzem Grande Boucle 2023 bude vrcha\u0159. Opravdov\u00fd ryz\u00ed vrcha\u0159. V\u0161ak p\u0159i prezentaci po\u0159adatel\u00e9 p\u0159ipustili, \u017ee kdo j\u00edm nen\u00ed, snad aby do Baskicka na start ani nejezdil&#8230; Jak vypad\u00e1 p\u011bt kl\u00ed\u010dov\u00fdch etap, kde by se mohla <a href=\"https:\/\/www.welovecycling.com\/cs\/2023\/06\/21\/tour-de-france-2023-start-v-baskicku-horske-peklo-a-jedina-casovka\/\">Tour de France 2023<\/a> rozhodnout?<\/p>\n<h2><strong>1. etapa, Bilbao \u2013 Bilbao (182 km), 1. \u010dervence<\/strong><\/h2>\n<p>Hodn\u011b ostr\u00fd start. P\u011bt kategorizovan\u00fdch stoup\u00e1n\u00ed, dal\u0161\u00ed des\u00edtka intenzivn\u00edch kopc\u016f. Cel\u00fd region je proslul\u00fd kr\u00e1tk\u00fdmi, ale mimo\u0159\u00e1dn\u011b prudk\u00fdmi v\u00fdjezdy. A p\u0159esn\u011b tak bude vypadat etapa. Intenzivn\u00ed z\u00e1vod\u011bn\u00ed od za\u010d\u00e1tku do konce. Deset kilometr\u016f p\u0159ed c\u00edlem je dvoukilometrov\u00fd kopec s\u00a0pr\u016fm\u011brn\u00fdm sklonem deset procent! Tour de France tady asi nikdo nevyhraje, rozhodn\u011b ji v\u0161ak m\u016f\u017ee ztratit. A k\u00a0tomu temperamentn\u00ed Baskov\u00e9 pod\u00e9l trati&#8230; Do jejich regionu se Tour de France vrac\u00ed po jednat\u0159iceti letech. Tehdy se startovalo v\u00a0San Sebastianu.<\/p>\n<figure id=\"attachment_17858\" aria-describedby=\"caption-attachment-17858\" style=\"width: 1920px\" class=\"wp-caption alignnone\"><a href=\"https:\/\/d2p6e6u75xmxt8.cloudfront.net\/13\/2022\/07\/stage-8-A.webp\"><img loading=\"lazy\" decoding=\"async\" class=\"size-extra-large wp-image-17858\" src=\"https:\/\/d2p6e6u75xmxt8.cloudfront.net\/13\/2022\/07\/stage-8-A-1920x1280.webp\" alt=\"Tour de France v zajet\u00ed fanou\u0161k\u016f.\" width=\"1920\" height=\"1280\" srcset=\"https:\/\/d2p6e6u75xmxt8.cloudfront.net\/13\/2022\/07\/stage-8-A-1920x1280.webp 1920w, https:\/\/d2p6e6u75xmxt8.cloudfront.net\/13\/2022\/07\/stage-8-A-300x200.webp 300w, https:\/\/d2p6e6u75xmxt8.cloudfront.net\/13\/2022\/07\/stage-8-A-1024x683.webp 1024w, https:\/\/d2p6e6u75xmxt8.cloudfront.net\/13\/2022\/07\/stage-8-A-768x512.webp 768w, https:\/\/d2p6e6u75xmxt8.cloudfront.net\/13\/2022\/07\/stage-8-A-1536x1024.webp 1536w, https:\/\/d2p6e6u75xmxt8.cloudfront.net\/13\/2022\/07\/stage-8-A-272x182.webp 272w, https:\/\/d2p6e6u75xmxt8.cloudfront.net\/13\/2022\/07\/stage-8-A.webp 2048w, https:\/\/d2p6e6u75xmxt8.cloudfront.net\/13\/2022\/07\/stage-8-A-1920x1280.webp 1920w\" sizes=\"auto, (max-width: 1920px) 100vw, 1920px\" \/><\/a><figcaption id=\"caption-attachment-17858\" class=\"wp-caption-text\"><em>Tour de France 2022 v zajet\u00ed fanou\u0161k\u016f. Foto: ASO<\/em><\/figcaption><\/figure>\n<h2><strong>9. etapa, Saint L\u00e9onard de Noblat \u2013 Puy de Dome (184 km), 9. \u010dervence<\/strong><\/h2>\n<p>Dlouh\u00fd blok etap bez p\u0159eru\u0161en\u00ed a nemilosrdn\u00e9 z\u00fa\u010dtov\u00e1n\u00ed p\u0159ed voln\u00fdm dnem. Poprv\u00e9 od roku 1988 je v itiner\u00e1\u0159i v\u00fdstup na sopku Puy de Dome. T\u0159in\u00e1ct kilometr\u016f dlouh\u00fd a brut\u00e1ln\u00ed kopec, kde Fausto Coppi a Luis Oca\u0148a, dva velik\u00e1ni z historie Grande Boucle, dop\u0159edvedli epick\u00e9 bitvy. Tohle je sc\u00e9na pro hrdiny. Nav\u00edc z\u00e1v\u011bre\u010dn\u00e9 \u010dty\u0159i kilometry se pojedou bez t\u00fdmov\u00fdch voz\u016f! Bude legend\u00e1rn\u00ed sopka mezn\u00edkem? Je velmi pravd\u011bpodobn\u00e9, \u017ee n\u011bkte\u0159\u00ed adepti na celkov\u00e9 po\u0159ad\u00ed pr\u00e1v\u011b zde poh\u0159b\u00ed sv\u00e9 nad\u011bje&#8230;<\/p>\n<div class=\"shortcode-ys-post-pinup\"><article class=\"loop-simple post-22684 post type-post status-publish format-standard has-post-thumbnail hentry category-tour-de-france tag-cyklistika tag-dokument tag-dokumentarni-serial tag-jonas-vingegaard tag-netflix tag-silnicni-cyklistika tag-tadej-pogacar tag-tour-de-france tag-wout-van-aert global-categories-cycling\" data-postid=\"22684\" role=\"article\" data-post-id=\"22684\" data-word-count=\"543\" data-headline-length=\"97\" data-category=\"Tour de France\" data-global-category=\"Cycling\" data-author=\"Marek Novotn\u00fd\" data-published=\"2023-06-13T17:00:54+02:00\" data-published-day=\"Tuesday\">\n    <div class=\"entry-thumbnail article-thumbnail\" content=\"https:\/\/d2p6e6u75xmxt8.cloudfront.net\/13\/2023\/06\/TDF-150x150.webp\"><a href=\"https:\/\/www.welovecycling.com\/cs\/2023\/06\/13\/demoni-v-hlavach-slzy-sadismus-v-sedle-pribehy-obycejneho-silenstvi-tour-de-france\/\" class=\"image-holder\" target=\"_self\"><img decoding=\"async\" loading=\"lazy\" class=\"\" src=\"https:\/\/d2p6e6u75xmxt8.cloudfront.net\/13\/2023\/06\/TDF-1024x682.webp\" srcset=\"https:\/\/d2p6e6u75xmxt8.cloudfront.net\/13\/2023\/06\/TDF.webp 2048w, https:\/\/d2p6e6u75xmxt8.cloudfront.net\/13\/2023\/06\/TDF-300x200.webp 300w, https:\/\/d2p6e6u75xmxt8.cloudfront.net\/13\/2023\/06\/TDF-1024x682.webp 1024w, https:\/\/d2p6e6u75xmxt8.cloudfront.net\/13\/2023\/06\/TDF-768x512.webp 768w, https:\/\/d2p6e6u75xmxt8.cloudfront.net\/13\/2023\/06\/TDF-1536x1023.webp 1536w, https:\/\/d2p6e6u75xmxt8.cloudfront.net\/13\/2023\/06\/TDF-1920x1279.webp 1920w, https:\/\/d2p6e6u75xmxt8.cloudfront.net\/13\/2023\/06\/TDF-400x266.webp 400w, https:\/\/d2p6e6u75xmxt8.cloudfront.net\/13\/2023\/06\/TDF-272x182.webp 272w, https:\/\/d2p6e6u75xmxt8.cloudfront.net\/13\/2023\/06\/TDF-1920x1279.webp 1920w\" width=\"1024\" height=\"682\" sizes=\"auto, (min-width: 1200px) 300px, (min-width: 768px) 25vw, 100vw\" alt=\"demoni-v-hlavach-slzy-sadismus-v-sedle-pribehy-obycejneho-silenstvi-tour-de-france\"\/><\/a><\/div>    <div class=\"entry-meta\">\n        <a class=\"label label-secondary post-category\" href=\"https:\/\/www.welovecycling.com\/cs\/category\/tour-de-france\/\" title=\"Tour de France\">Tour de France<\/a>\n    <\/div>\n    <div class=\"entry-details\">\n        <a href=\"https:\/\/www.welovecycling.com\/cs\/2023\/06\/13\/demoni-v-hlavach-slzy-sadismus-v-sedle-pribehy-obycejneho-silenstvi-tour-de-france\/\" class='entry-title-wrapper'>\n            <h3 class=\"entry-title\"><span>D\u00e9moni v\u00a0hlav\u00e1ch, slzy, sadismus v\u00a0sedle? P\u0159\u00edb\u011bhy oby\u010dejn\u00e9ho \u0161\u00edlenstv\u00ed Tour de France<\/span><\/h3>\n        <\/a>\n    <\/div>\n    <\/article>\n<\/div>\n<p><strong style=\"color: inherit; font-family: 'SKODA Next', 'Adjusted Arial Fallback', sans-serif; font-size: 1.8em;\">16. etapa, Passy \u2013 Combloux (22 km), 18. \u010dervence<\/strong><\/p>\n<p>V\u00fdznam leto\u0161n\u00edho boje s chronometrem z\u016fst\u00e1v\u00e1 opomenut. Jen\u017ee pokud se bude opakovat sc\u00e9n\u00e1\u0159 lo\u0148sk\u00e9 Tour de France, dost mo\u017en\u00e1 bude i drobn\u00e1 porce kilometr\u016f na \u010dasovk\u00e1\u0159sk\u00e9m speci\u00e1lu rozhoduj\u00edc\u00ed. Pro\u010d? Proto\u017ee pokud Tadej Poga\u010dar neopomenul stravovac\u00ed n\u00e1vyky nebo jej nepoznamenal p\u00e1d, jel s Vingegaardem bok po boku v\u011bt\u0161inou a\u017e na c\u00edlovou p\u00e1sku. Ani jeden z favorit\u016f neztr\u00e1cel. \u010casovka napl\u00e1novan\u00e1 na voln\u00e9m dni nen\u00ed sice zcela vrcha\u0159sk\u00e1, rozhodn\u011b v\u0161ak jej\u00ed trasu netvo\u0159\u00ed ani tot\u00e1ln\u00ed rovina. Proto m\u016f\u017ee nad\u011blat v po\u0159ad\u00ed po\u0159\u00e1dnou paseku.<\/p>\n<figure id=\"attachment_17759\" aria-describedby=\"caption-attachment-17759\" style=\"width: 1500px\" class=\"wp-caption alignnone\"><a href=\"https:\/\/d2p6e6u75xmxt8.cloudfront.net\/13\/2022\/06\/Tour-de-France-ASO-20210627TDF1017-A.S.O._Pauline_Ballet.webp\"><img loading=\"lazy\" decoding=\"async\" class=\"size-full wp-image-17759\" src=\"https:\/\/d2p6e6u75xmxt8.cloudfront.net\/13\/2022\/06\/Tour-de-France-ASO-20210627TDF1017-A.S.O._Pauline_Ballet.webp\" alt=\"Tour de France se v roce 2022 po zru\u0161en\u00ed pandemick\u00fdch opat\u0159en\u00ed t\u011b\u0161ila velk\u00e9 pozornosti. Foto: Aur\u00e9lien Vialette\" width=\"1500\" height=\"1000\" srcset=\"https:\/\/d2p6e6u75xmxt8.cloudfront.net\/13\/2022\/06\/Tour-de-France-ASO-20210627TDF1017-A.S.O._Pauline_Ballet.webp 1500w, https:\/\/d2p6e6u75xmxt8.cloudfront.net\/13\/2022\/06\/Tour-de-France-ASO-20210627TDF1017-A.S.O._Pauline_Ballet-300x200.webp 300w, https:\/\/d2p6e6u75xmxt8.cloudfront.net\/13\/2022\/06\/Tour-de-France-ASO-20210627TDF1017-A.S.O._Pauline_Ballet-1024x683.webp 1024w, https:\/\/d2p6e6u75xmxt8.cloudfront.net\/13\/2022\/06\/Tour-de-France-ASO-20210627TDF1017-A.S.O._Pauline_Ballet-768x512.webp 768w, https:\/\/d2p6e6u75xmxt8.cloudfront.net\/13\/2022\/06\/Tour-de-France-ASO-20210627TDF1017-A.S.O._Pauline_Ballet-272x182.webp 272w\" sizes=\"auto, (max-width: 1500px) 100vw, 1500px\" \/><\/a><figcaption id=\"caption-attachment-17759\" class=\"wp-caption-text\"><em>Tour de France se v roce 2022 po zru\u0161en\u00ed pandemick\u00fdch opat\u0159en\u00ed t\u011b\u0161ila velk\u00e9 pozornosti. Foto: Aur\u00e9lien Vialette<\/em><\/figcaption><\/figure>\n<p><strong style=\"color: inherit; font-family: 'SKODA Next', 'Adjusted Arial Fallback', sans-serif; font-size: 1.8em;\">17. etapa, Saint-Gervais Mont Blanc \u2013 Courchevel (166 km), 19. \u010dervence<\/strong><\/p>\n<p>\u0160edes\u00e1t kilometr\u016f stoup\u00e1n\u00ed! Fin\u00e1le na osmadvacet kilometr\u016f dlouh\u00e9m kopci! Tady se dost mo\u017en\u00e1 n\u011bkter\u00fd z favorit\u016f uva\u0159\u00ed, proto\u017ee chytit rytmus bude slo\u017eit\u00e9. Pro\u010d? Proto\u017ee: Col des Saisies (1650 m), Cormet de Roselend (1968 m), C\u00f4te de Longefoy (1174 m) a Col de la Loze (2304 m). Z\u00e1v\u011bre\u010dn\u00fd v\u00fdstup je v itiner\u00e1\u0159i Tour de France teprve podruh\u00e9, m\u00e1 pr\u016fm\u011brn\u00fd sklon \u0161est procent a pr\u00e1v\u011b zde bude korunov\u00e1n majitel ceny Souvenir Henri Desgrange ud\u011blovan\u00e9 na nejvy\u0161\u0161\u00edm vrcholu ro\u010dn\u00edku.<\/p>\n<div class=\"shortcode-ys-post-pinup\"><article class=\"loop-simple post-22742 post type-post status-publish format-standard has-post-thumbnail hentry category-tour-de-france tag-col-du-tourmalet tag-cyklistika tag-grande-boucle tag-puy-de-dome tag-silnicni-cyklistika tag-tour-de-france tag-tour-de-france-2023 global-categories-cycling\" data-postid=\"22742\" role=\"article\" data-post-id=\"22742\" data-word-count=\"683\" data-headline-length=\"72\" data-category=\"Tour de France\" data-global-category=\"Cycling\" data-author=\"Jan Kr\u016fta\" data-published=\"2023-06-21T14:46:25+02:00\" data-published-day=\"Wednesday\">\n    <div class=\"entry-thumbnail article-thumbnail\" content=\"https:\/\/d2p6e6u75xmxt8.cloudfront.net\/13\/2023\/06\/profimedia-0708961685-150x150.webp\"><a href=\"https:\/\/www.welovecycling.com\/cs\/2023\/06\/21\/tour-de-france-2023-start-v-baskicku-horske-peklo-a-jedina-casovka\/\" class=\"image-holder\" target=\"_self\"><img decoding=\"async\" loading=\"lazy\" class=\"\" src=\"https:\/\/d2p6e6u75xmxt8.cloudfront.net\/13\/2023\/06\/profimedia-0708961685-1024x682.webp\" srcset=\"https:\/\/d2p6e6u75xmxt8.cloudfront.net\/13\/2023\/06\/profimedia-0708961685.webp 1800w, https:\/\/d2p6e6u75xmxt8.cloudfront.net\/13\/2023\/06\/profimedia-0708961685-300x200.webp 300w, https:\/\/d2p6e6u75xmxt8.cloudfront.net\/13\/2023\/06\/profimedia-0708961685-1024x682.webp 1024w, https:\/\/d2p6e6u75xmxt8.cloudfront.net\/13\/2023\/06\/profimedia-0708961685-768x512.webp 768w, https:\/\/d2p6e6u75xmxt8.cloudfront.net\/13\/2023\/06\/profimedia-0708961685-1536x1023.webp 1536w, https:\/\/d2p6e6u75xmxt8.cloudfront.net\/13\/2023\/06\/profimedia-0708961685-400x266.webp 400w, https:\/\/d2p6e6u75xmxt8.cloudfront.net\/13\/2023\/06\/profimedia-0708961685-272x182.webp 272w\" width=\"1024\" height=\"682\" sizes=\"auto, (min-width: 1200px) 300px, (min-width: 768px) 25vw, 100vw\" alt=\"tour-de-france-2023-start-v-baskicku-horske-peklo-a-jedina-casovka\"\/><\/a><\/div>    <div class=\"entry-meta\">\n        <a class=\"label label-secondary post-category\" href=\"https:\/\/www.welovecycling.com\/cs\/category\/tour-de-france\/\" title=\"Tour de France\">Tour de France<\/a>\n    <\/div>\n    <div class=\"entry-details\">\n        <a href=\"https:\/\/www.welovecycling.com\/cs\/2023\/06\/21\/tour-de-france-2023-start-v-baskicku-horske-peklo-a-jedina-casovka\/\" class='entry-title-wrapper'>\n            <h3 class=\"entry-title\"><span>Tour de France 2023: start v\u00a0Baskicku, horsk\u00e9 peklo a jedin\u00e1 \u010dasovka<\/span><\/h3>\n        <\/a>\n    <\/div>\n    <\/article>\n<\/div>\n<p><strong style=\"color: inherit; font-family: 'SKODA Next', 'Adjusted Arial Fallback', sans-serif; font-size: 1.8em;\">20. etapa, Belfort &#8211; Le Markstein Fellering (133 km), 22. \u010dervence<\/strong><\/p>\n<p>Vog\u00e9zy! Poho\u0159\u00ed na v\u00fdchod\u011b Francie, kter\u00e9 dost mo\u017en\u00e1 nem\u00e1 zvuk jako Alpy \u010di Pyreneje, p\u0159esto bud\u00ed v cyklistech respekt. Pokud bude l\u00eddr na pokraji sil a octne se izolovan\u00fd bez podpory t\u00fdmov\u00fdch koleg\u016f, m\u016f\u017ee zde, p\u00e1r kilometr\u016f od Pa\u0159\u00ed\u017ee, Tour de France 2023 ztratit. Den je vypln\u011bn p\u011bti kategorizovan\u00fdmi vrcholy: Ballon d\u2019Alsace, Col de la Croix des Moinats, Col de Grosse Pierre, Petit Ballon a Platzerwasel). Celkem cyklist\u00e9 nastoupaj\u00ed 3600 metr\u016f a po jejich absolvov\u00e1n\u00ed bude jasno o kr\u00e1li Tour de France 2023.<\/p>\n<p>P\u011bt kl\u00ed\u010dov\u00fdch etap Tour de France 2023? P\u0159i pohledu do mapy je slo\u017eit\u00e9 vyb\u00edrat. Jist\u00e9 je, \u017ee fanou\u0161ci mohou o\u010dek\u00e1vat n\u00e1ramnou pod\u00edvanou&#8230;<\/p>\n","protected":false},"excerpt":{"rendered":"<p>Tour de France 2023 zved\u00e1 pomalu oponu. Fanou\u0161ci o\u010dek\u00e1vaj\u00ed spektakul\u00e1rn\u00ed bitvy dvojice tit\u00e1n\u016f: Jonas Vingegaard vs. Tadej Poga\u010dar. A zcela [&hellip;]<\/p>\n","protected":false},"author":138,"featured_media":18052,"comment_status":"open","ping_status":"open","sticky":false,"template":"","format":"standard","meta":{"footnotes":""},"categories":[1711],"tags":[126,2448,1601,3103,9,502,23,2647],"global-categories":[411],"class_list":["post-22854","post","type-post","status-publish","format-standard","has-post-thumbnail","hentry","category-tour-de-france","tag-cyklistika","tag-etapy","tag-jonas-vingegaard","tag-pet-klicovych-etap-tour-de-france-2023","tag-silnicni-cyklistika","tag-tadej-pogacar","tag-tour-de-france","tag-tour-de-france-2023","global-categories-cycling"],"yoast_head":"<!-- This site is optimized with the Yoast SEO Premium plugin v25.3 (Yoast SEO v25.9) - https:\/\/yoast.com\/wordpress\/plugins\/seo\/ -->\n<title>P\u011bt kl\u00ed\u010dov\u00fdch etap Tour de France 2023 | \u0160koda We Love Cycling - \u010cesk\u00e1 republika<\/title>\n<meta name=\"description\" content=\"Tour de France 2023 zved\u00e1 oponu. Organiz\u00e1to\u0159i p\u0159ipravili vrcha\u0159skou torturu. Jak\u00fdch je p\u011bt kl\u00ed\u010dov\u00fdch etap Star\u00e9 d\u00e1my pro nadch\u00e1zej\u00edc\u00ed ro\u010dn\u00edk?\" \/>\n<meta name=\"robots\" content=\"index, follow, max-snippet:-1, max-image-preview:large, max-video-preview:-1\" \/>\n<link rel=\"canonical\" href=\"https:\/\/www.welovecycling.com\/cs\/2023\/06\/29\/pet-klicovych-etap-tour-de-france-2023\/\" \/>\n<meta property=\"og:locale\" content=\"cs_CZ\" \/>\n<meta property=\"og:type\" content=\"article\" \/>\n<meta property=\"og:title\" content=\"P\u011bt kl\u00ed\u010dov\u00fdch etap Tour de France 2023\" \/>\n<meta property=\"og:description\" content=\"Tour de France 2023 zved\u00e1 oponu. Organiz\u00e1to\u0159i p\u0159ipravili vrcha\u0159skou torturu. Jak\u00fdch je p\u011bt kl\u00ed\u010dov\u00fdch etap Star\u00e9 d\u00e1my pro nadch\u00e1zej\u00edc\u00ed ro\u010dn\u00edk?\" \/>\n<meta property=\"og:url\" content=\"https:\/\/www.welovecycling.com\/cs\/2023\/06\/29\/pet-klicovych-etap-tour-de-france-2023\/\" \/>\n<meta property=\"og:site_name\" content=\"\u0160koda We Love Cycling - \u010cesk\u00e1 republika\" \/>\n<meta property=\"article:published_time\" content=\"2023-06-29T12:00:52+00:00\" \/>\n<meta property=\"og:image\" content=\"https:\/\/d2p6e6u75xmxt8.cloudfront.net\/13\/2022\/07\/WLC-VINGEGAARD-Charly-Lopez-ASO-1.webp\" \/>\n\t<meta property=\"og:image:width\" content=\"2048\" \/>\n\t<meta property=\"og:image:height\" content=\"1364\" \/>\n\t<meta property=\"og:image:type\" content=\"image\/webp\" \/>\n<meta name=\"author\" content=\"radekmalina\" \/>\n<meta name=\"twitter:card\" content=\"summary_large_image\" \/>\n<meta name=\"twitter:label1\" content=\"Written by\" \/>\n\t<meta name=\"twitter:data1\" content=\"Jan Kr\u016fta\" \/>\n\t<meta name=\"twitter:label2\" content=\"Est. reading time\" \/>\n\t<meta name=\"twitter:data2\" content=\"7\" \/>\n<script type=\"application\/ld+json\" class=\"yoast-schema-graph\">{\"@context\":\"https:\/\/schema.org\",\"@graph\":[{\"@type\":\"WebPage\",\"@id\":\"https:\/\/www.welovecycling.com\/cs\/2023\/06\/29\/pet-klicovych-etap-tour-de-france-2023\/\",\"url\":\"https:\/\/www.welovecycling.com\/cs\/2023\/06\/29\/pet-klicovych-etap-tour-de-france-2023\/\",\"name\":\"P\u011bt kl\u00ed\u010dov\u00fdch etap Tour de France 2023 | \u0160koda We Love Cycling - \u010cesk\u00e1 republika\",\"isPartOf\":{\"@id\":\"https:\/\/www.welovecycling.com\/cs\/#website\"},\"primaryImageOfPage\":{\"@id\":\"https:\/\/www.welovecycling.com\/cs\/2023\/06\/29\/pet-klicovych-etap-tour-de-france-2023\/#primaryimage\"},\"image\":{\"@id\":\"https:\/\/www.welovecycling.com\/cs\/2023\/06\/29\/pet-klicovych-etap-tour-de-france-2023\/#primaryimage\"},\"thumbnailUrl\":\"https:\/\/d2p6e6u75xmxt8.cloudfront.net\/13\/2022\/07\/WLC-VINGEGAARD-Charly-Lopez-ASO-1.webp\",\"datePublished\":\"2023-06-29T12:00:52+00:00\",\"author\":{\"@id\":\"https:\/\/www.welovecycling.com\/cs\/#\/schema\/person\/d9eeb0a378f3a7e4a6d12d2b536b04b8\"},\"description\":\"Tour de France 2023 zved\u00e1 oponu. Organiz\u00e1to\u0159i p\u0159ipravili vrcha\u0159skou torturu. Jak\u00fdch je p\u011bt kl\u00ed\u010dov\u00fdch etap Star\u00e9 d\u00e1my pro nadch\u00e1zej\u00edc\u00ed ro\u010dn\u00edk?\",\"inLanguage\":\"cs\",\"potentialAction\":[{\"@type\":\"ReadAction\",\"target\":[\"https:\/\/www.welovecycling.com\/cs\/2023\/06\/29\/pet-klicovych-etap-tour-de-france-2023\/\"]}]},{\"@type\":\"ImageObject\",\"inLanguage\":\"cs\",\"@id\":\"https:\/\/www.welovecycling.com\/cs\/2023\/06\/29\/pet-klicovych-etap-tour-de-france-2023\/#primaryimage\",\"url\":\"https:\/\/d2p6e6u75xmxt8.cloudfront.net\/13\/2022\/07\/WLC-VINGEGAARD-Charly-Lopez-ASO-1.webp\",\"contentUrl\":\"https:\/\/d2p6e6u75xmxt8.cloudfront.net\/13\/2022\/07\/WLC-VINGEGAARD-Charly-Lopez-ASO-1.webp\",\"width\":2048,\"height\":1364,\"caption\":\"Jonas Vingegaard p\u0159i z\u00e1v\u011bre\u010dn\u00e9 etap\u011b Tour de France 2022. Foto: ASO\/Charly Lopez\"},{\"@type\":\"WebSite\",\"@id\":\"https:\/\/www.welovecycling.com\/cs\/#website\",\"url\":\"https:\/\/www.welovecycling.com\/cs\/\",\"name\":\"\u0160koda We Love Cycling - \u010cesk\u00e1 republika\",\"description\":\"WeLoveCycling.cz je online magaz\u00edn, kter\u00fd v\u00e1m pravideln\u011b p\u0159in\u00e1\u0161\u00ed rady a tipy, zaj\u00edmav\u00e9 \u010dl\u00e1nky, videa a jedine\u010dn\u00e9 report\u00e1\u017ee ze sv\u011bta cyklistiky.\",\"potentialAction\":[{\"@type\":\"SearchAction\",\"target\":{\"@type\":\"EntryPoint\",\"urlTemplate\":\"https:\/\/www.welovecycling.com\/cs\/?s={search_term_string}\"},\"query-input\":{\"@type\":\"PropertyValueSpecification\",\"valueRequired\":true,\"valueName\":\"search_term_string\"}}],\"inLanguage\":\"cs\"},{\"@type\":\"Person\",\"@id\":\"https:\/\/www.welovecycling.com\/cs\/#\/schema\/person\/d9eeb0a378f3a7e4a6d12d2b536b04b8\",\"name\":\"radekmalina\",\"image\":{\"@type\":\"ImageObject\",\"inLanguage\":\"cs\",\"@id\":\"https:\/\/www.welovecycling.com\/cs\/#\/schema\/person\/image\/\",\"url\":\"https:\/\/secure.gravatar.com\/avatar\/66994b632cb8c39a46b9f54afa3ae07201b678d32a54275b6f1c9ffec356bfc0?s=96&d=mm&r=g\",\"contentUrl\":\"https:\/\/secure.gravatar.com\/avatar\/66994b632cb8c39a46b9f54afa3ae07201b678d32a54275b6f1c9ffec356bfc0?s=96&d=mm&r=g\",\"caption\":\"radekmalina\"},\"url\":\"https:\/\/www.welovecycling.com\/cs\/author\/radekmalina\/\"}]}<\/script>\n<!-- \/ Yoast SEO Premium plugin. -->","yoast_head_json":{"title":"P\u011bt kl\u00ed\u010dov\u00fdch etap Tour de France 2023 | \u0160koda We Love Cycling - \u010cesk\u00e1 republika","description":"Tour de France 2023 zved\u00e1 oponu. Organiz\u00e1to\u0159i p\u0159ipravili vrcha\u0159skou torturu. Jak\u00fdch je p\u011bt kl\u00ed\u010dov\u00fdch etap Star\u00e9 d\u00e1my pro nadch\u00e1zej\u00edc\u00ed ro\u010dn\u00edk?","robots":{"index":"index","follow":"follow","max-snippet":"max-snippet:-1","max-image-preview":"max-image-preview:large","max-video-preview":"max-video-preview:-1"},"canonical":"https:\/\/www.welovecycling.com\/cs\/2023\/06\/29\/pet-klicovych-etap-tour-de-france-2023\/","og_locale":"cs_CZ","og_type":"article","og_title":"P\u011bt kl\u00ed\u010dov\u00fdch etap Tour de France 2023","og_description":"Tour de France 2023 zved\u00e1 oponu. Organiz\u00e1to\u0159i p\u0159ipravili vrcha\u0159skou torturu. Jak\u00fdch je p\u011bt kl\u00ed\u010dov\u00fdch etap Star\u00e9 d\u00e1my pro nadch\u00e1zej\u00edc\u00ed ro\u010dn\u00edk?","og_url":"https:\/\/www.welovecycling.com\/cs\/2023\/06\/29\/pet-klicovych-etap-tour-de-france-2023\/","og_site_name":"\u0160koda We Love Cycling - \u010cesk\u00e1 republika","article_published_time":"2023-06-29T12:00:52+00:00","og_image":[{"width":2048,"height":1364,"url":"https:\/\/d2p6e6u75xmxt8.cloudfront.net\/13\/2022\/07\/WLC-VINGEGAARD-Charly-Lopez-ASO-1.webp","type":"image\/webp"}],"author":"radekmalina","twitter_card":"summary_large_image","twitter_misc":{"Written by":"Jan Kr\u016fta","Est. reading time":"7"},"schema":{"@context":"https:\/\/schema.org","@graph":[{"@type":"WebPage","@id":"https:\/\/www.welovecycling.com\/cs\/2023\/06\/29\/pet-klicovych-etap-tour-de-france-2023\/","url":"https:\/\/www.welovecycling.com\/cs\/2023\/06\/29\/pet-klicovych-etap-tour-de-france-2023\/","name":"P\u011bt kl\u00ed\u010dov\u00fdch etap Tour de France 2023 | \u0160koda We Love Cycling - \u010cesk\u00e1 republika","isPartOf":{"@id":"https:\/\/www.welovecycling.com\/cs\/#website"},"primaryImageOfPage":{"@id":"https:\/\/www.welovecycling.com\/cs\/2023\/06\/29\/pet-klicovych-etap-tour-de-france-2023\/#primaryimage"},"image":{"@id":"https:\/\/www.welovecycling.com\/cs\/2023\/06\/29\/pet-klicovych-etap-tour-de-france-2023\/#primaryimage"},"thumbnailUrl":"https:\/\/d2p6e6u75xmxt8.cloudfront.net\/13\/2022\/07\/WLC-VINGEGAARD-Charly-Lopez-ASO-1.webp","datePublished":"2023-06-29T12:00:52+00:00","author":{"@id":"https:\/\/www.welovecycling.com\/cs\/#\/schema\/person\/d9eeb0a378f3a7e4a6d12d2b536b04b8"},"description":"Tour de France 2023 zved\u00e1 oponu. Organiz\u00e1to\u0159i p\u0159ipravili vrcha\u0159skou torturu. Jak\u00fdch je p\u011bt kl\u00ed\u010dov\u00fdch etap Star\u00e9 d\u00e1my pro nadch\u00e1zej\u00edc\u00ed ro\u010dn\u00edk?","inLanguage":"cs","potentialAction":[{"@type":"ReadAction","target":["https:\/\/www.welovecycling.com\/cs\/2023\/06\/29\/pet-klicovych-etap-tour-de-france-2023\/"]}]},{"@type":"ImageObject","inLanguage":"cs","@id":"https:\/\/www.welovecycling.com\/cs\/2023\/06\/29\/pet-klicovych-etap-tour-de-france-2023\/#primaryimage","url":"https:\/\/d2p6e6u75xmxt8.cloudfront.net\/13\/2022\/07\/WLC-VINGEGAARD-Charly-Lopez-ASO-1.webp","contentUrl":"https:\/\/d2p6e6u75xmxt8.cloudfront.net\/13\/2022\/07\/WLC-VINGEGAARD-Charly-Lopez-ASO-1.webp","width":2048,"height":1364,"caption":"Jonas Vingegaard p\u0159i z\u00e1v\u011bre\u010dn\u00e9 etap\u011b Tour de France 2022. Foto: ASO\/Charly Lopez"},{"@type":"WebSite","@id":"https:\/\/www.welovecycling.com\/cs\/#website","url":"https:\/\/www.welovecycling.com\/cs\/","name":"\u0160koda We Love Cycling - \u010cesk\u00e1 republika","description":"WeLoveCycling.cz je online magaz\u00edn, kter\u00fd v\u00e1m pravideln\u011b p\u0159in\u00e1\u0161\u00ed rady a tipy, zaj\u00edmav\u00e9 \u010dl\u00e1nky, videa a jedine\u010dn\u00e9 report\u00e1\u017ee ze sv\u011bta cyklistiky.","potentialAction":[{"@type":"SearchAction","target":{"@type":"EntryPoint","urlTemplate":"https:\/\/www.welovecycling.com\/cs\/?s={search_term_string}"},"query-input":{"@type":"PropertyValueSpecification","valueRequired":true,"valueName":"search_term_string"}}],"inLanguage":"cs"},{"@type":"Person","@id":"https:\/\/www.welovecycling.com\/cs\/#\/schema\/person\/d9eeb0a378f3a7e4a6d12d2b536b04b8","name":"radekmalina","image":{"@type":"ImageObject","inLanguage":"cs","@id":"https:\/\/www.welovecycling.com\/cs\/#\/schema\/person\/image\/","url":"https:\/\/secure.gravatar.com\/avatar\/66994b632cb8c39a46b9f54afa3ae07201b678d32a54275b6f1c9ffec356bfc0?s=96&d=mm&r=g","contentUrl":"https:\/\/secure.gravatar.com\/avatar\/66994b632cb8c39a46b9f54afa3ae07201b678d32a54275b6f1c9ffec356bfc0?s=96&d=mm&r=g","caption":"radekmalina"},"url":"https:\/\/www.welovecycling.com\/cs\/author\/radekmalina\/"}]}},"_links":{"self":[{"href":"https:\/\/www.welovecycling.com\/cs\/wp-json\/wp\/v2\/posts\/22854","targetHints":{"allow":["GET"]}}],"collection":[{"href":"https:\/\/www.welovecycling.com\/cs\/wp-json\/wp\/v2\/posts"}],"about":[{"href":"https:\/\/www.welovecycling.com\/cs\/wp-json\/wp\/v2\/types\/post"}],"author":[{"embeddable":true,"href":"https:\/\/www.welovecycling.com\/cs\/wp-json\/wp\/v2\/users\/138"}],"replies":[{"embeddable":true,"href":"https:\/\/www.welovecycling.com\/cs\/wp-json\/wp\/v2\/comments?post=22854"}],"version-history":[{"count":6,"href":"https:\/\/www.welovecycling.com\/cs\/wp-json\/wp\/v2\/posts\/22854\/revisions"}],"predecessor-version":[{"id":22860,"href":"https:\/\/www.welovecycling.com\/cs\/wp-json\/wp\/v2\/posts\/22854\/revisions\/22860"}],"wp:featuredmedia":[{"embeddable":true,"href":"https:\/\/www.welovecycling.com\/cs\/wp-json\/wp\/v2\/media\/18052"}],"wp:attachment":[{"href":"https:\/\/www.welovecycling.com\/cs\/wp-json\/wp\/v2\/media?parent=22854"}],"wp:term":[{"taxonomy":"category","embeddable":true,"href":"https:\/\/www.welovecycling.com\/cs\/wp-json\/wp\/v2\/categories?post=22854"},{"taxonomy":"post_tag","embeddable":true,"href":"https:\/\/www.welovecycling.com\/cs\/wp-json\/wp\/v2\/tags?post=22854"},{"taxonomy":"global-categories","embeddable":true,"href":"https:\/\/www.welovecycling.com\/cs\/wp-json\/wp\/v2\/global-categories?post=22854"}],"curies":[{"name":"wp","href":"https:\/\/api.w.org\/{rel}","templated":true}]}}