{"id":22834,"date":"2023-06-28T15:40:09","date_gmt":"2023-06-28T13:40:09","guid":{"rendered":"https:\/\/www.welovecycling.com\/cs\/?p=22834"},"modified":"2023-07-11T15:33:04","modified_gmt":"2023-07-11T13:33:04","slug":"ceska-stopa-na-tour","status":"publish","type":"post","link":"https:\/\/www.welovecycling.com\/cs\/2023\/06\/28\/ceska-stopa-na-tour\/","title":{"rendered":"\u010cesk\u00e1 stopa na Tour de France"},"content":{"rendered":"<p><strong>Tour de France! T\u0159i slova pln\u00e1 odhodl\u00e1n\u00ed po v\u00edt\u011bzstv\u00ed, sebezap\u0159en\u00ed, historie, fanou\u0161kovsk\u00e9ho \u0161\u00edlenstv\u00ed. B\u00fdt sou\u010d\u00e1st\u00ed Tour de France je z\u00e1le\u017eitost presti\u017ee! Tak\u00e9 \u010cesk\u00e1 stopa na Tour de France je nezpochybniteln\u00e1! \u010cty\u0159i etapov\u00e1 prvenstv\u00ed, p\u011bt um\u00edst\u011bn\u00ed v\u00a0elitn\u00ed des\u00edtce kone\u010dn\u00e9ho po\u0159ad\u00ed, trofeje z\u00a0\u010ceska pro v\u00edt\u011bze a tak\u00e9 dvacet let partnerstv\u00ed \u0160koda Auto s\u00a0jedn\u00edm z\u00a0nejv\u011bt\u0161\u00edch sportovn\u00edch podnik\u016f planety!<\/strong><\/p>\n<p>U\u017e dva roky p\u0159ed sametovou revoluc\u00ed se ve startovn\u00ed listin\u011b objevilo prvn\u00ed \u010desk\u00e9 jm\u00e9no. Kv\u011btoslav Palov tehdy startoval v\u00a0dresu britsk\u00e9ho profesion\u00e1ln\u00edho t\u00fdmu a doma se o jeho \u00fa\u010dasti ve slavn\u00e9m z\u00e1vod\u011b nesm\u011blo mluvit, proto\u017ee emigroval. Ov\u0161em u\u017e druh\u00fd \u010cech ve startovn\u00ed listin\u011b \u2013 J\u00e1n Svorada \u2013 p\u0159i druh\u00e9m startu v\u00a0roce 1994 vybojoval v\u00edt\u011bzstv\u00ed. P\u0159idal je\u0161t\u011b dal\u0161\u00ed dv\u011b. Napodobit jej dok\u00e1zal u\u017e pouze Zden\u011bk \u0160tybar, kdy\u017e v\u00a0l\u00e9t\u011b 2015 prolet\u011bl v\u00edt\u011bzn\u011b c\u00edlem etapy v\u00a0Le Havru.<\/p>\n<p>To u\u017e byla jeden\u00e1ct let partnerem z\u00e1vodu \u0160koda Auto. A poprv\u00e9 tehdy krom\u011b \u0159editelsk\u00e9ho vozu a tradi\u010dn\u00ed flotily pro organiz\u00e1tory a z\u00fa\u010dastn\u011bn\u00e9 t\u00fdmy sponzorovala zelen\u00fd dres pro nejlep\u0161\u00edho spurtera m\u00edsto b\u00edl\u00e9ho trikotu pro nejlep\u0161\u00edho jezdce do 25 let, kter\u00fd byl mladoboleslavsk\u00e9 zna\u010dce vyhrazen od za\u010d\u00e1tku spolupr\u00e1ce.<\/p>\n<h2><strong>\u010cesk\u00e1 stopa na Tour de France? Ka\u017ed\u00fd rok p\u0159es 200 voz\u016f z Mlad\u00e9 Boleslavi<\/strong><\/h2>\n<p>Ka\u017ed\u00fd rok dod\u00e1v\u00e1 mladoboleslavsk\u00e1 zna\u010dka v\u00edce ne\u017e dv\u011b st\u011b voz\u016f pro pot\u0159eby z\u00e1vodu. Trofeje pro v\u00edt\u011bze navrhuje t\u00fdm \u0160koda Design a z\u00a0\u010desk\u00e9ho k\u0159i\u0161\u0165\u00e1lov\u00e9ho sklad je vyr\u00e1b\u00ed spole\u010dnost Lasvit.<\/p>\n<p>Postupn\u011b se ve startovn\u00ed listin\u011b objevilo t\u0159in\u00e1ct \u010desk\u00fdch z\u00e1vodn\u00edk\u016f. N\u011bkte\u0159\u00ed opakovan\u011b. Atmosf\u00e9ru z\u00e1vodu okusili \u010ce\u0161i i v\u00a0jin\u00e9 podob\u011b. Coby \u010dlenov\u00e9 realiza\u010dn\u00edch t\u00fdm\u016f elitn\u00edch st\u00e1j\u00ed. Za objektivem fotoapar\u00e1t\u016f \u010di kamer. Stranou nejv\u011bt\u0161\u00edho humbuku coby mechanici pr\u00e1v\u011b pro pot\u0159eby vozov\u00e9 flotily Tour de France.<\/p>\n<p>Poka\u017ed\u00e9 s\u00a0hrdost\u00ed, \u017ee jsou sou\u010d\u00e1st\u00ed Tour de France. \u010cesk\u00e1 stopa na Tour de France je prost\u011b nezpochybniteln\u00e1.<\/p>\n<figure id=\"attachment_22847\" aria-describedby=\"caption-attachment-22847\" style=\"width: 300px\" class=\"wp-caption alignnone\"><a href=\"https:\/\/d2p6e6u75xmxt8.cloudfront.net\/13\/2023\/06\/CEM_8836.webp\"><img loading=\"lazy\" decoding=\"async\" class=\"wp-image-22847 size-medium\" src=\"https:\/\/d2p6e6u75xmxt8.cloudfront.net\/13\/2023\/06\/CEM_8836-300x200.webp\" alt=\"Leopold K\u00f6nig\" width=\"300\" height=\"200\" srcset=\"https:\/\/d2p6e6u75xmxt8.cloudfront.net\/13\/2023\/06\/CEM_8836-300x200.webp 300w, https:\/\/d2p6e6u75xmxt8.cloudfront.net\/13\/2023\/06\/CEM_8836-1024x683.webp 1024w, https:\/\/d2p6e6u75xmxt8.cloudfront.net\/13\/2023\/06\/CEM_8836-768x512.webp 768w, https:\/\/d2p6e6u75xmxt8.cloudfront.net\/13\/2023\/06\/CEM_8836-1536x1025.webp 1536w, https:\/\/d2p6e6u75xmxt8.cloudfront.net\/13\/2023\/06\/CEM_8836-400x267.webp 400w, https:\/\/d2p6e6u75xmxt8.cloudfront.net\/13\/2023\/06\/CEM_8836-272x182.webp 272w\" sizes=\"auto, (max-width: 300px) 100vw, 300px\" \/><\/a><figcaption id=\"caption-attachment-22847\" class=\"wp-caption-text\"><em>Leopold K\u00f6nig b\u011bhem nat\u00e1\u010den\u00ed dokumentu \u010cesk\u00e1 stopa na Tour de France. Foto: Michal \u010cerven\u00fd<\/em><\/figcaption><\/figure>\n<p>U p\u0159\u00edle\u017eitosti v\u00fdjime\u010dn\u00e9ho jubilea \u0160koda Auto p\u0159ipravila jedine\u010dn\u00fd dokument. Prost\u0159ednictv\u00edm \u010desk\u00fdch cyklist\u016f v\u00fdjime\u010dn\u011b spojen\u00fdch s\u00a0histori\u00ed Tour de France. \u010cty\u0159i d\u00edly p\u0159inesou origin\u00e1ln\u00ed pohled na \u010deskou stopu vepsanou do historie Grande Boucle. V\u017edy\u0165 b\u00fdt sou\u010d\u00e1st\u00ed pelotonu, to je ot\u00e1zka presti\u017ee. Tour de France, to je v\u00e1\u0161e\u0148, odhodl\u00e1n\u00ed, historie, touha po v\u00edt\u011bzstv\u00ed, v\u00fdkony na hranici \u0161\u00edlenstv\u00ed.<\/p>\n<p>Dokument p\u0159in\u00e1\u0161\u00ed zpov\u011b\u010f J\u00e1na Svorady a Zde\u0148ka \u0160tybara, jedin\u00fdch dvou \u010desk\u00fdch mu\u017e\u016f, kte\u0159\u00ed dok\u00e1zali vyhr\u00e1t na Tour de France etapu. \u201eTour de France je specifick\u00e1. V\u0161ichni cyklist\u00e9 ji cht\u011bj\u00ed jet. M\u00edt v\u00a0\u017eivotopise \u00fa\u010dast na tomhle podniku je ot\u00e1zka presti\u017ee. Z\u00e1vod m\u00e1 tro\u0161ku jinou dynamiku ne\u017e kter\u00fdkoliv ostatn\u00ed. Fanou\u0161ci jsou absolutn\u011b v\u0161ude. M\u00e9dia v\u0161e nafukuj\u00ed, stres je obrovsk\u00fd,\u201c popisuje Zden\u011bk \u0160tybar, z\u00e1vodn\u00edk t\u00fdmu Jayco AlUla.<\/p>\n<p>Nechyb\u00ed pohled Leopolda K\u00f6niga, mu\u017ee slav\u00edc\u00edho jeden z\u00a0nejlep\u0161\u00edch v\u00fdsledk\u016f v\u00a0absolutn\u00edm po\u0159ad\u00ed a tak\u00e9 celkov\u00fd triumf sv\u00e9ho l\u00eddra. A v\u00a0neposledn\u00ed \u0159ad\u011b sou\u010dasn\u00e9ho tren\u00e9ra \u010desk\u00e9 reprezentace a \u00fa\u010dastn\u00edka jubilejn\u00ed st\u00e9 Tour de France Ren\u00e9 Andrleho.<\/p>\n<p>\u010cesk\u00e1 stopa na Tour de France zahrnuje celkem \u010dty\u0159i epizody. Co p\u0159esn\u011b znamen\u00e1 Fenom\u00e9n Star\u00e9 d\u00e1my? Jak funguje strategie a taktika? Co p\u0159in\u00e1\u0161\u00ed z\u00e1vodu fanou\u0161ci a je atmosf\u00e9ra tolik odli\u0161n\u00e1? B\u00fdval\u00ed \u010de\u0161t\u00ed reprezentanti nechaj\u00ed nahl\u00e9dnout do z\u00e1kulis\u00ed&#8230;<\/p>\n<h2><strong>Fenom\u00e9n Star\u00e9 d\u00e1my<\/strong><\/h2>\n<div class=\"embed-controller-wrapper\">\n<div class=\"embed-wrapper\"><iframe title=\"\u010cesk\u00e1 stopa na Tour de France | D\u00cdL 2. | Fenom\u00e9n Star\u00e9 d\u00e1my\" width=\"500\" height=\"281\" data-src=\"https:\/\/www.youtube.com\/embed\/nekwDNA-WAs?feature=oembed\" frameborder=\"0\" allow=\"accelerometer; autoplay; clipboard-write; encrypted-media; gyroscope; picture-in-picture; web-share\" referrerpolicy=\"strict-origin-when-cross-origin\" allowfullscreen><\/iframe><\/div>\n<\/div>\n<p>Tour de France je fenom\u00e9n. Spektakul\u00e1rn\u00ed cyklistick\u00e1 bitva, kter\u00e1 p\u0159esahuje hranice sportu. Nejv\u011bt\u0161\u00ed! Nejsledovan\u011bj\u0161\u00ed! Nejnav\u0161t\u011bvovan\u011bj\u0161\u00ed! Nekone\u010dn\u00fd p\u0159\u00edliv zvrat\u016f, rychlosti, p\u00e1d\u016f, bolesti, v\u00edt\u011bzstv\u00ed a radosti. Ka\u017ed\u00fd rok p\u0159in\u00e1\u0161\u00ed jedine\u010dn\u00e9 emoce v unik\u00e1tn\u00edm prost\u0159ed\u00ed! A 20 let, je sou\u010d\u00e1st\u00ed t\u00e9to unik\u00e1tn\u00ed sportovn\u00ed show \u0160koda Auto.<\/p>\n<h2><strong>Kouzlo strategie a taktiky<\/strong><\/h2>\n<div class=\"embed-controller-wrapper\">\n<div class=\"embed-wrapper\"><iframe title=\"\u010cesk\u00e1 stopa na Tour de France | D\u00cdL 3. | Kouzlo strategie a taktiky\" width=\"500\" height=\"281\" data-src=\"https:\/\/www.youtube.com\/embed\/PvIiTB6tzdY?feature=oembed\" frameborder=\"0\" allow=\"accelerometer; autoplay; clipboard-write; encrypted-media; gyroscope; picture-in-picture; web-share\" referrerpolicy=\"strict-origin-when-cross-origin\" allowfullscreen><\/iframe><\/div>\n<\/div>\n<p>Na startu z\u00e1vodu o sl\u00e1vu, pen\u00edze a respekt je sto sedmdes\u00e1t \u0161est jednotlivc\u016f &#8211; p\u0159esto! Tour de France je nanejv\u00fd\u0161 t\u00fdmov\u00fd sport, kde jedinec bez t\u00fdmu nedok\u00e1\u017ee nic!<\/p>\n<figure id=\"attachment_22845\" aria-describedby=\"caption-attachment-22845\" style=\"width: 300px\" class=\"wp-caption alignnone\"><a href=\"https:\/\/d2p6e6u75xmxt8.cloudfront.net\/13\/2023\/06\/WLC_Jan-Svorada_001-scaled.webp\"><img loading=\"lazy\" decoding=\"async\" class=\"wp-image-22845 size-medium\" src=\"https:\/\/d2p6e6u75xmxt8.cloudfront.net\/13\/2023\/06\/WLC_Jan-Svorada_001-300x200.webp\" alt=\"J\u00e1n Svorada\" width=\"300\" height=\"200\" srcset=\"https:\/\/d2p6e6u75xmxt8.cloudfront.net\/13\/2023\/06\/WLC_Jan-Svorada_001-300x200.webp 300w, https:\/\/d2p6e6u75xmxt8.cloudfront.net\/13\/2023\/06\/WLC_Jan-Svorada_001-1024x683.webp 1024w, https:\/\/d2p6e6u75xmxt8.cloudfront.net\/13\/2023\/06\/WLC_Jan-Svorada_001-768x512.webp 768w, https:\/\/d2p6e6u75xmxt8.cloudfront.net\/13\/2023\/06\/WLC_Jan-Svorada_001-1536x1024.webp 1536w, https:\/\/d2p6e6u75xmxt8.cloudfront.net\/13\/2023\/06\/WLC_Jan-Svorada_001-2048x1366.webp 2048w, https:\/\/d2p6e6u75xmxt8.cloudfront.net\/13\/2023\/06\/WLC_Jan-Svorada_001-1920x1281.webp 1920w, https:\/\/d2p6e6u75xmxt8.cloudfront.net\/13\/2023\/06\/WLC_Jan-Svorada_001-400x267.webp 400w, https:\/\/d2p6e6u75xmxt8.cloudfront.net\/13\/2023\/06\/WLC_Jan-Svorada_001-272x182.webp 272w, https:\/\/d2p6e6u75xmxt8.cloudfront.net\/13\/2023\/06\/WLC_Jan-Svorada_001-1920x1281.webp 1920w\" sizes=\"auto, (max-width: 300px) 100vw, 300px\" \/><\/a><figcaption id=\"caption-attachment-22845\" class=\"wp-caption-text\"><em>J\u00e1n Svorada a jeho vzpom\u00ednky pro dokument \u010cesk\u00e1 stopa na Tour de France. Foto: Michal \u010cerven\u00fd<\/em><\/figcaption><\/figure>\n<p>Role jsou jasn\u011b dan\u00e9. Jeden \u010di dva l\u00edd\u0159i pro celkov\u00e9 po\u0159ad\u00ed, specialista na spurt, borec pro vrcha\u0159sk\u00e9 pr\u00e9mie a domestici, kte\u0159\u00ed kryj\u00ed lep\u0161\u00ed par\u0165\u00e1ky na v\u011btru a dopl\u0148uj\u00ed jim z\u00e1soby j\u00eddla \u010di vody. Osobn\u00ed ambice b\u00fdvaj\u00ed ob\u011btov\u00e1ny ve prosp\u011bch t\u00fdmu. Kdy\u017e se n\u011bkdo vzep\u0159e t\u00fdmov\u00fdm rozhodnut\u00edm, z\u00e1pletka je na sv\u011bt\u011b. Revolta m\u016f\u017ee p\u0159in\u00e9st sl\u00e1vu, ale tak\u00e9 zatracen\u00ed.<\/p>\n<h2><strong>Fanou\u0161ci a atmosf\u00e9ra<\/strong><\/h2>\n<div class=\"embed-controller-wrapper\">\n<div class=\"embed-wrapper\"><iframe title=\"\u010cesk\u00e1 stopa na Tour de France | D\u00cdL 4. | Fanou\u0161ci a atmosf\u00e9ra\" width=\"500\" height=\"281\" data-src=\"https:\/\/www.youtube.com\/embed\/1tKbVW3bfPo?feature=oembed\" frameborder=\"0\" allow=\"accelerometer; autoplay; clipboard-write; encrypted-media; gyroscope; picture-in-picture; web-share\" referrerpolicy=\"strict-origin-when-cross-origin\" allowfullscreen><\/iframe><\/div>\n<\/div>\n<p>Jde o v\u00e1\u0161e\u0148, kter\u00e1 hrani\u010d\u00ed s \u0161\u00edlenstv\u00edm. Tour de France je skute\u010dn\u00fd fanou\u0161kovsk\u00fd fenom\u00e9n! Pouze mistrovstv\u00ed sv\u011bta ve fotbale a letn\u00ed olympijsk\u00e9 hry generuj\u00ed v\u011bt\u0161\u00ed z\u00e1jem. Miliony div\u00e1k\u016f ka\u017ed\u00fd rok obklop\u00ed trasu nejslavn\u011bj\u0161\u00edho z\u00e1vodu sv\u011bta! Fanou\u0161ky a jezdce d\u011bl\u00ed pouh\u00e9 centimetry &#8211; a n\u011bkdy ani ty ne! Dav nad\u0161enc\u016f ze v\u0161ech kout\u016f sv\u011bta se p\u0159ed z\u00e1vodn\u00edky i flotilou voz\u016f \u0160koda rozestupuje v posledn\u00ed mo\u017enou vte\u0159inu. Tak intenzivn\u00ed emoce nenab\u00edz\u00ed \u017e\u00e1dn\u00e1 jin\u00e1 sportovn\u00ed ud\u00e1lost na planet\u011b!<\/p>\n<p>\u201eMysl\u00edm, \u017ee m\u016f\u017eeme b\u00fdt hrd\u00ed na spojen\u00ed \u0160kody s\u00a0nejv\u011bt\u0161\u00edm cyklistick\u00fdm z\u00e1vodem planety. Ne v\u0161echny automobilky si uv\u011bdomily potenci\u00e1l Tour de France. Z\u00a0m\u00e9ho pohledu \u0161lo o jedno z\u00a0nejlep\u0161\u00edch marketingov\u00fdch rozhodnut\u00ed v\u00a0r\u00e1mci vizibility z\u00a0glob\u00e1ln\u00edho hlediska,\u201c \u0159\u00edk\u00e1 Leopold K\u00f6nig, b\u00fdval\u00fd profesion\u00e1ln\u00ed z\u00e1vodn\u00edk.<\/p>\n<p>Magaz\u00edn WeLoveCycling.cz krom\u011b dokumentu \u010cesk\u00e1 stopa na Tour de France postupn\u011b p\u0159inese p\u0159\u00edb\u011bhy \u010di exkluzivn\u00ed rozhovory se v\u0161emi \u010desk\u00fdmi cyklisty na startu Tour de France.<\/p>\n","protected":false},"excerpt":{"rendered":"<p>Tour de France! T\u0159i slova pln\u00e1 odhodl\u00e1n\u00ed po v\u00edt\u011bzstv\u00ed, sebezap\u0159en\u00ed, historie, fanou\u0161kovsk\u00e9ho \u0161\u00edlenstv\u00ed. B\u00fdt sou\u010d\u00e1st\u00ed Tour de France je z\u00e1le\u017eitost [&hellip;]<\/p>\n","protected":false},"author":137,"featured_media":11213,"comment_status":"open","ping_status":"open","sticky":false,"template":"","format":"video","meta":{"footnotes":""},"categories":[10,1711],"tags":[3102,126,303,304,329,9,23,2647,73],"global-categories":[411],"class_list":["post-22834","post","type-post","status-publish","format-video","has-post-thumbnail","hentry","category-silnicni-cyklistika","category-tour-de-france","tag-ceska-stopa-na-tour-de-france","tag-cyklistika","tag-jan-svorada","tag-leopold-konig","tag-rene-andrle","tag-silnicni-cyklistika","tag-tour-de-france","tag-tour-de-france-2023","tag-zdenek-stybar","post_format-post-format-video","global-categories-cycling"],"yoast_head":"<!-- This site is optimized with the Yoast SEO Premium plugin v25.3 (Yoast SEO v25.9) - https:\/\/yoast.com\/wordpress\/plugins\/seo\/ -->\n<title>\u010cesk\u00e1 stopa na Tour de France | \u0160koda We Love Cycling - \u010cesk\u00e1 republika<\/title>\n<meta name=\"description\" content=\"\u010cesk\u00e1 stopa na Tour de France je nezpochybniteln\u00e1! \u010cty\u0159i etapov\u00e1 prvenstv\u00ed, p\u011bt um\u00edst\u011bn\u00ed v\u00a0elitn\u00ed des\u00edtce kone\u010dn\u00e9ho po\u0159ad\u00ed, trofeje z\u00a0\u010ceska pro v\u00edt\u011bze a tak\u00e9 dvacet let partnerstv\u00ed \u0160koda Auto s\u00a0jedn\u00edm z\u00a0nejv\u011bt\u0161\u00edch sportovn\u00edch podnik\u016f planety!\" \/>\n<meta name=\"robots\" content=\"index, follow, max-snippet:-1, max-image-preview:large, max-video-preview:-1\" \/>\n<link rel=\"canonical\" href=\"https:\/\/www.welovecycling.com\/cs\/2023\/06\/28\/ceska-stopa-na-tour\/\" \/>\n<meta property=\"og:locale\" content=\"cs_CZ\" \/>\n<meta property=\"og:type\" content=\"article\" \/>\n<meta property=\"og:title\" content=\"\u010cesk\u00e1 stopa na Tour de France\" \/>\n<meta property=\"og:description\" content=\"\u010cesk\u00e1 stopa na Tour de France je nezpochybniteln\u00e1! \u010cty\u0159i etapov\u00e1 prvenstv\u00ed, p\u011bt um\u00edst\u011bn\u00ed v\u00a0elitn\u00ed des\u00edtce kone\u010dn\u00e9ho po\u0159ad\u00ed, trofeje z\u00a0\u010ceska pro v\u00edt\u011bze a tak\u00e9 dvacet let partnerstv\u00ed \u0160koda Auto s\u00a0jedn\u00edm z\u00a0nejv\u011bt\u0161\u00edch sportovn\u00edch podnik\u016f planety!\" \/>\n<meta property=\"og:url\" content=\"https:\/\/www.welovecycling.com\/cs\/2023\/06\/28\/ceska-stopa-na-tour\/\" \/>\n<meta property=\"og:site_name\" content=\"\u0160koda We Love Cycling - \u010cesk\u00e1 republika\" \/>\n<meta property=\"article:published_time\" content=\"2023-06-28T13:40:09+00:00\" \/>\n<meta property=\"article:modified_time\" content=\"2023-07-11T13:33:04+00:00\" \/>\n<meta property=\"og:image\" content=\"https:\/\/d2p6e6u75xmxt8.cloudfront.net\/13\/2020\/12\/svorada-profimedia-0069147095-1.webp\" \/>\n\t<meta property=\"og:image:width\" content=\"1800\" \/>\n\t<meta property=\"og:image:height\" content=\"1144\" \/>\n\t<meta property=\"og:image:type\" content=\"image\/webp\" \/>\n<meta name=\"author\" content=\"bartosek\" \/>\n<meta name=\"twitter:card\" content=\"summary_large_image\" \/>\n<meta name=\"twitter:label1\" content=\"Written by\" \/>\n\t<meta name=\"twitter:data1\" content=\"We Love Cycling\" \/>\n\t<meta name=\"twitter:label2\" content=\"Est. watching time\" \/>\n\t<meta name=\"twitter:data2\" content=\"6\" \/>\n<script type=\"application\/ld+json\" class=\"yoast-schema-graph\">{\"@context\":\"https:\/\/schema.org\",\"@graph\":[{\"@type\":\"WebPage\",\"@id\":\"https:\/\/www.welovecycling.com\/cs\/2023\/06\/28\/ceska-stopa-na-tour\/\",\"url\":\"https:\/\/www.welovecycling.com\/cs\/2023\/06\/28\/ceska-stopa-na-tour\/\",\"name\":\"\u010cesk\u00e1 stopa na Tour de France | \u0160koda We Love Cycling - \u010cesk\u00e1 republika\",\"isPartOf\":{\"@id\":\"https:\/\/www.welovecycling.com\/cs\/#website\"},\"primaryImageOfPage\":{\"@id\":\"https:\/\/www.welovecycling.com\/cs\/2023\/06\/28\/ceska-stopa-na-tour\/#primaryimage\"},\"image\":{\"@id\":\"https:\/\/www.welovecycling.com\/cs\/2023\/06\/28\/ceska-stopa-na-tour\/#primaryimage\"},\"thumbnailUrl\":\"https:\/\/d2p6e6u75xmxt8.cloudfront.net\/13\/2020\/12\/svorada-profimedia-0069147095-1.webp\",\"datePublished\":\"2023-06-28T13:40:09+00:00\",\"dateModified\":\"2023-07-11T13:33:04+00:00\",\"author\":{\"@id\":\"https:\/\/www.welovecycling.com\/cs\/#\/schema\/person\/e1c6405fe3725f2ffb5db320c875ea31\"},\"description\":\"\u010cesk\u00e1 stopa na Tour de France je nezpochybniteln\u00e1! \u010cty\u0159i etapov\u00e1 prvenstv\u00ed, p\u011bt um\u00edst\u011bn\u00ed v\u00a0elitn\u00ed des\u00edtce kone\u010dn\u00e9ho po\u0159ad\u00ed, trofeje z\u00a0\u010ceska pro v\u00edt\u011bze a tak\u00e9 dvacet let partnerstv\u00ed \u0160koda Auto s\u00a0jedn\u00edm z\u00a0nejv\u011bt\u0161\u00edch sportovn\u00edch podnik\u016f planety!\",\"inLanguage\":\"cs\",\"potentialAction\":[{\"@type\":\"ReadAction\",\"target\":[\"https:\/\/www.welovecycling.com\/cs\/2023\/06\/28\/ceska-stopa-na-tour\/\"]}]},{\"@type\":\"ImageObject\",\"inLanguage\":\"cs\",\"@id\":\"https:\/\/www.welovecycling.com\/cs\/2023\/06\/28\/ceska-stopa-na-tour\/#primaryimage\",\"url\":\"https:\/\/d2p6e6u75xmxt8.cloudfront.net\/13\/2020\/12\/svorada-profimedia-0069147095-1.webp\",\"contentUrl\":\"https:\/\/d2p6e6u75xmxt8.cloudfront.net\/13\/2020\/12\/svorada-profimedia-0069147095-1.webp\",\"width\":1800,\"height\":1144,\"caption\":\"J\u00e1n Svorada se raduje z triumfu v posledn\u00ed etap\u011b Tour de France 2001. Foto: profimedia\"},{\"@type\":\"WebSite\",\"@id\":\"https:\/\/www.welovecycling.com\/cs\/#website\",\"url\":\"https:\/\/www.welovecycling.com\/cs\/\",\"name\":\"\u0160koda We Love Cycling - \u010cesk\u00e1 republika\",\"description\":\"WeLoveCycling.cz je online magaz\u00edn, kter\u00fd v\u00e1m pravideln\u011b p\u0159in\u00e1\u0161\u00ed rady a tipy, zaj\u00edmav\u00e9 \u010dl\u00e1nky, videa a jedine\u010dn\u00e9 report\u00e1\u017ee ze sv\u011bta cyklistiky.\",\"potentialAction\":[{\"@type\":\"SearchAction\",\"target\":{\"@type\":\"EntryPoint\",\"urlTemplate\":\"https:\/\/www.welovecycling.com\/cs\/?s={search_term_string}\"},\"query-input\":{\"@type\":\"PropertyValueSpecification\",\"valueRequired\":true,\"valueName\":\"search_term_string\"}}],\"inLanguage\":\"cs\"},{\"@type\":\"Person\",\"@id\":\"https:\/\/www.welovecycling.com\/cs\/#\/schema\/person\/e1c6405fe3725f2ffb5db320c875ea31\",\"name\":\"bartosek\",\"image\":{\"@type\":\"ImageObject\",\"inLanguage\":\"cs\",\"@id\":\"https:\/\/www.welovecycling.com\/cs\/#\/schema\/person\/image\/\",\"url\":\"https:\/\/secure.gravatar.com\/avatar\/0e88996c3e5788daece0439a835b6439c171a42e3978ec00cfb1913dd71bef33?s=96&d=mm&r=g\",\"contentUrl\":\"https:\/\/secure.gravatar.com\/avatar\/0e88996c3e5788daece0439a835b6439c171a42e3978ec00cfb1913dd71bef33?s=96&d=mm&r=g\",\"caption\":\"bartosek\"},\"url\":\"https:\/\/www.welovecycling.com\/cs\/author\/bartosek\/\"}]}<\/script>\n<!-- \/ Yoast SEO Premium plugin. -->","yoast_head_json":{"title":"\u010cesk\u00e1 stopa na Tour de France | \u0160koda We Love Cycling - \u010cesk\u00e1 republika","description":"\u010cesk\u00e1 stopa na Tour de France je nezpochybniteln\u00e1! \u010cty\u0159i etapov\u00e1 prvenstv\u00ed, p\u011bt um\u00edst\u011bn\u00ed v\u00a0elitn\u00ed des\u00edtce kone\u010dn\u00e9ho po\u0159ad\u00ed, trofeje z\u00a0\u010ceska pro v\u00edt\u011bze a tak\u00e9 dvacet let partnerstv\u00ed \u0160koda Auto s\u00a0jedn\u00edm z\u00a0nejv\u011bt\u0161\u00edch sportovn\u00edch podnik\u016f planety!","robots":{"index":"index","follow":"follow","max-snippet":"max-snippet:-1","max-image-preview":"max-image-preview:large","max-video-preview":"max-video-preview:-1"},"canonical":"https:\/\/www.welovecycling.com\/cs\/2023\/06\/28\/ceska-stopa-na-tour\/","og_locale":"cs_CZ","og_type":"article","og_title":"\u010cesk\u00e1 stopa na Tour de France","og_description":"\u010cesk\u00e1 stopa na Tour de France je nezpochybniteln\u00e1! \u010cty\u0159i etapov\u00e1 prvenstv\u00ed, p\u011bt um\u00edst\u011bn\u00ed v\u00a0elitn\u00ed des\u00edtce kone\u010dn\u00e9ho po\u0159ad\u00ed, trofeje z\u00a0\u010ceska pro v\u00edt\u011bze a tak\u00e9 dvacet let partnerstv\u00ed \u0160koda Auto s\u00a0jedn\u00edm z\u00a0nejv\u011bt\u0161\u00edch sportovn\u00edch podnik\u016f planety!","og_url":"https:\/\/www.welovecycling.com\/cs\/2023\/06\/28\/ceska-stopa-na-tour\/","og_site_name":"\u0160koda We Love Cycling - \u010cesk\u00e1 republika","article_published_time":"2023-06-28T13:40:09+00:00","article_modified_time":"2023-07-11T13:33:04+00:00","og_image":[{"width":1800,"height":1144,"url":"https:\/\/d2p6e6u75xmxt8.cloudfront.net\/13\/2020\/12\/svorada-profimedia-0069147095-1.webp","type":"image\/webp"}],"author":"bartosek","twitter_card":"summary_large_image","twitter_misc":{"Written by":"We Love Cycling","Est. watching time":"6"},"schema":{"@context":"https:\/\/schema.org","@graph":[{"@type":"WebPage","@id":"https:\/\/www.welovecycling.com\/cs\/2023\/06\/28\/ceska-stopa-na-tour\/","url":"https:\/\/www.welovecycling.com\/cs\/2023\/06\/28\/ceska-stopa-na-tour\/","name":"\u010cesk\u00e1 stopa na Tour de France | \u0160koda We Love Cycling - \u010cesk\u00e1 republika","isPartOf":{"@id":"https:\/\/www.welovecycling.com\/cs\/#website"},"primaryImageOfPage":{"@id":"https:\/\/www.welovecycling.com\/cs\/2023\/06\/28\/ceska-stopa-na-tour\/#primaryimage"},"image":{"@id":"https:\/\/www.welovecycling.com\/cs\/2023\/06\/28\/ceska-stopa-na-tour\/#primaryimage"},"thumbnailUrl":"https:\/\/d2p6e6u75xmxt8.cloudfront.net\/13\/2020\/12\/svorada-profimedia-0069147095-1.webp","datePublished":"2023-06-28T13:40:09+00:00","dateModified":"2023-07-11T13:33:04+00:00","author":{"@id":"https:\/\/www.welovecycling.com\/cs\/#\/schema\/person\/e1c6405fe3725f2ffb5db320c875ea31"},"description":"\u010cesk\u00e1 stopa na Tour de France je nezpochybniteln\u00e1! \u010cty\u0159i etapov\u00e1 prvenstv\u00ed, p\u011bt um\u00edst\u011bn\u00ed v\u00a0elitn\u00ed des\u00edtce kone\u010dn\u00e9ho po\u0159ad\u00ed, trofeje z\u00a0\u010ceska pro v\u00edt\u011bze a tak\u00e9 dvacet let partnerstv\u00ed \u0160koda Auto s\u00a0jedn\u00edm z\u00a0nejv\u011bt\u0161\u00edch sportovn\u00edch podnik\u016f planety!","inLanguage":"cs","potentialAction":[{"@type":"ReadAction","target":["https:\/\/www.welovecycling.com\/cs\/2023\/06\/28\/ceska-stopa-na-tour\/"]}]},{"@type":"ImageObject","inLanguage":"cs","@id":"https:\/\/www.welovecycling.com\/cs\/2023\/06\/28\/ceska-stopa-na-tour\/#primaryimage","url":"https:\/\/d2p6e6u75xmxt8.cloudfront.net\/13\/2020\/12\/svorada-profimedia-0069147095-1.webp","contentUrl":"https:\/\/d2p6e6u75xmxt8.cloudfront.net\/13\/2020\/12\/svorada-profimedia-0069147095-1.webp","width":1800,"height":1144,"caption":"J\u00e1n Svorada se raduje z triumfu v posledn\u00ed etap\u011b Tour de France 2001. Foto: profimedia"},{"@type":"WebSite","@id":"https:\/\/www.welovecycling.com\/cs\/#website","url":"https:\/\/www.welovecycling.com\/cs\/","name":"\u0160koda We Love Cycling - \u010cesk\u00e1 republika","description":"WeLoveCycling.cz je online magaz\u00edn, kter\u00fd v\u00e1m pravideln\u011b p\u0159in\u00e1\u0161\u00ed rady a tipy, zaj\u00edmav\u00e9 \u010dl\u00e1nky, videa a jedine\u010dn\u00e9 report\u00e1\u017ee ze sv\u011bta cyklistiky.","potentialAction":[{"@type":"SearchAction","target":{"@type":"EntryPoint","urlTemplate":"https:\/\/www.welovecycling.com\/cs\/?s={search_term_string}"},"query-input":{"@type":"PropertyValueSpecification","valueRequired":true,"valueName":"search_term_string"}}],"inLanguage":"cs"},{"@type":"Person","@id":"https:\/\/www.welovecycling.com\/cs\/#\/schema\/person\/e1c6405fe3725f2ffb5db320c875ea31","name":"bartosek","image":{"@type":"ImageObject","inLanguage":"cs","@id":"https:\/\/www.welovecycling.com\/cs\/#\/schema\/person\/image\/","url":"https:\/\/secure.gravatar.com\/avatar\/0e88996c3e5788daece0439a835b6439c171a42e3978ec00cfb1913dd71bef33?s=96&d=mm&r=g","contentUrl":"https:\/\/secure.gravatar.com\/avatar\/0e88996c3e5788daece0439a835b6439c171a42e3978ec00cfb1913dd71bef33?s=96&d=mm&r=g","caption":"bartosek"},"url":"https:\/\/www.welovecycling.com\/cs\/author\/bartosek\/"}]}},"_links":{"self":[{"href":"https:\/\/www.welovecycling.com\/cs\/wp-json\/wp\/v2\/posts\/22834","targetHints":{"allow":["GET"]}}],"collection":[{"href":"https:\/\/www.welovecycling.com\/cs\/wp-json\/wp\/v2\/posts"}],"about":[{"href":"https:\/\/www.welovecycling.com\/cs\/wp-json\/wp\/v2\/types\/post"}],"author":[{"embeddable":true,"href":"https:\/\/www.welovecycling.com\/cs\/wp-json\/wp\/v2\/users\/137"}],"replies":[{"embeddable":true,"href":"https:\/\/www.welovecycling.com\/cs\/wp-json\/wp\/v2\/comments?post=22834"}],"version-history":[{"count":16,"href":"https:\/\/www.welovecycling.com\/cs\/wp-json\/wp\/v2\/posts\/22834\/revisions"}],"predecessor-version":[{"id":23048,"href":"https:\/\/www.welovecycling.com\/cs\/wp-json\/wp\/v2\/posts\/22834\/revisions\/23048"}],"wp:featuredmedia":[{"embeddable":true,"href":"https:\/\/www.welovecycling.com\/cs\/wp-json\/wp\/v2\/media\/11213"}],"wp:attachment":[{"href":"https:\/\/www.welovecycling.com\/cs\/wp-json\/wp\/v2\/media?parent=22834"}],"wp:term":[{"taxonomy":"category","embeddable":true,"href":"https:\/\/www.welovecycling.com\/cs\/wp-json\/wp\/v2\/categories?post=22834"},{"taxonomy":"post_tag","embeddable":true,"href":"https:\/\/www.welovecycling.com\/cs\/wp-json\/wp\/v2\/tags?post=22834"},{"taxonomy":"global-categories","embeddable":true,"href":"https:\/\/www.welovecycling.com\/cs\/wp-json\/wp\/v2\/global-categories?post=22834"}],"curies":[{"name":"wp","href":"https:\/\/api.w.org\/{rel}","templated":true}]}}