{"id":22817,"date":"2023-06-26T11:00:20","date_gmt":"2023-06-26T09:00:20","guid":{"rendered":"https:\/\/www.welovecycling.com\/cs\/?p=22817"},"modified":"2023-06-26T08:20:37","modified_gmt":"2023-06-26T06:20:37","slug":"jak-se-rodi-nominace-na-tour-de-france-cekani-na-ano-aneb-nervy-kolem-mistenky-na-stare-dame","status":"publish","type":"post","link":"https:\/\/www.welovecycling.com\/cs\/2023\/06\/26\/jak-se-rodi-nominace-na-tour-de-france-cekani-na-ano-aneb-nervy-kolem-mistenky-na-stare-dame\/","title":{"rendered":"Jak se rod\u00ed nominace na Tour de France? \u010cek\u00e1n\u00ed na ano, aneb nervy kolem m\u00edstenky na Star\u00e9 d\u00e1m\u011b"},"content":{"rendered":"<p><strong>Mysl\u00edte si, \u017ee prof\u00edci jsou nerv\u00f3zn\u00ed z toho, jak zazn\u00ed prvn\u00ed startovn\u00ed v\u00fdst\u0159el leto\u0161n\u00ed Tour de France v Bilbau? Z toho, \u017ee u\u017e v \u0161est\u00e9 etap\u011b se pojede na legend\u00e1rn\u00ed Tourmalet? Nebo snad z \u010dasovky? Ale kde\u017ee, na tuhle bolest se p\u0159eci p\u0159ipravuj\u00ed. Co jim zvy\u0161uje tep mnohem v\u00edc v podstat\u011b u\u017e od za\u010d\u00e1tku roku, je to d\u011bsiv\u00e9 \u010dervnov\u00e9 \u010dek\u00e1n\u00ed.<\/strong><\/p>\n<p>T\u00fdden, mo\u017en\u00e1 dva p\u0159ed startem Tour jsou ty nejdel\u0161\u00ed z cel\u00e9 sezony. Tehdy z\u00e1vodn\u00edci hypnotizuj\u00ed displeje mobil\u016f nebo hled\u00ed do doru\u010den\u00e9 po\u0161ty, proto\u017ee tehdy jejich \u0161\u00e9fov\u00e9 definitivn\u011b ur\u010duj\u00ed soupisku, osmi\u010dku vyvolen\u00fdch pro nejsledovan\u011bj\u0161\u00ed z\u00e1vod roku.<\/p>\n<h2><strong>Chris Froome jednou z absentuj\u00edc\u00edch hv\u011bzd<\/strong><\/h2>\n<p>Budu ve Francii z\u00e1vodit? Nebudu? Budu jedn\u00edm ze 176 mu\u017e\u016f na startu? Ka\u017ed\u00fd v pelotonu, a\u0165 je to domestik t\u00fdmu nebo hv\u011bzda nejv\u011bt\u0161\u00ed velikosti, do posledn\u00ed chv\u00edle \u010dek\u00e1 na fin\u00e1ln\u00ed potvrzen\u00ed, \u017ee do Francie jede. \u201eT\u00fdm mi u\u017e objednal auto z leti\u0161t\u011b, abych se dostal do Bilbaa, tak\u017ee v\u011bci vypadaj\u00ed slibn\u011b,\u201c t\u011b\u0161il se u\u017e Ameri\u010dan Matteo Jorgenson. \u201eAle \u010dlov\u011bk v\u00e1\u017en\u011b nev\u00ed nic na sto procent, dokud mu nezavolaj\u00ed.\u201c<\/p>\n<figure id=\"attachment_18917\" aria-describedby=\"caption-attachment-18917\" style=\"width: 1920px\" class=\"wp-caption alignnone\"><a href=\"https:\/\/d2p6e6u75xmxt8.cloudfront.net\/13\/2022\/10\/Froome.webp\"><img loading=\"lazy\" decoding=\"async\" class=\"size-extra-large wp-image-18917\" src=\"https:\/\/d2p6e6u75xmxt8.cloudfront.net\/13\/2022\/10\/Froome-1920x1280.webp\" alt=\"Chris Froome sestup jedn\u00e9 z nejbohat\u0161\u00edch st\u00e1j\u00ed neodvr\u00e1til. Foto: A.S.O\/UniPublic\" width=\"1920\" height=\"1280\" srcset=\"https:\/\/d2p6e6u75xmxt8.cloudfront.net\/13\/2022\/10\/Froome-1920x1280.webp 1920w, https:\/\/d2p6e6u75xmxt8.cloudfront.net\/13\/2022\/10\/Froome-300x200.webp 300w, https:\/\/d2p6e6u75xmxt8.cloudfront.net\/13\/2022\/10\/Froome-1024x683.webp 1024w, https:\/\/d2p6e6u75xmxt8.cloudfront.net\/13\/2022\/10\/Froome-768x512.webp 768w, https:\/\/d2p6e6u75xmxt8.cloudfront.net\/13\/2022\/10\/Froome-1536x1024.webp 1536w, https:\/\/d2p6e6u75xmxt8.cloudfront.net\/13\/2022\/10\/Froome-272x182.webp 272w, https:\/\/d2p6e6u75xmxt8.cloudfront.net\/13\/2022\/10\/Froome.webp 2048w, https:\/\/d2p6e6u75xmxt8.cloudfront.net\/13\/2022\/10\/Froome-1920x1280.webp 1920w\" sizes=\"auto, (max-width: 1920px) 100vw, 1920px\" \/><\/a><figcaption id=\"caption-attachment-18917\" class=\"wp-caption-text\"><em>Chris Froome se neve\u0161el do nominace na Tour de France 2023. Foto: A.S.O\/UniPublic<\/em><\/figcaption><\/figure>\n<p>Internetov\u00fd prostor te\u010f pln\u00ed zpr\u00e1vy o tom, kdo bude l\u00eddrem toho kter\u00e9ho t\u00fdmu, i to, kter\u00e1 jm\u00e9na se v nominac\u00edch p\u0159ekvapiv\u011b (ne)objevila. O dost mo\u017en\u00e1 posledn\u00ed \u0161anci \u00fa\u010dastnit se z\u00e1vodu, co v minulosti \u010dty\u0159ikr\u00e1t vyhr\u00e1l, p\u0159i\u0161el Chris Froome. \u201eBylo to t\u011b\u017ek\u00e9 rozhodov\u00e1n\u00ed,\u201c komentoval ho pak Kjell Carlstr\u00f6m, mana\u017eer Britova t\u00fdmu Israel Premier-Tech, a m\u00edsto toho vsadil na Kana\u010fana Woodse nebo Belgi\u010dana Teunse.<\/p>\n<p>Ir Sam Bennett se nedostal do v\u00fdb\u011bru Bory-hansgrohe. Pozici sprintera na Tour p\u0159evezme Belgi\u010dan Meeus, ale jedni\u010dkou t\u00fdmu bude Jai Hindley, v\u00edt\u011bz lo\u0148sk\u00e9ho Gira, kter\u00fd se letos prvn\u011b otestuje na Tour de France. Bora ve snaze o celkov\u00e9 po\u0159ad\u00ed necht\u011bla t\u0159\u00ed\u0161tit z\u00e1jmy, a tak jen nejsp\u00ed\u0161 akcelerovala Bennettovo rozhodnut\u00ed odej\u00edt p\u0159\u00ed\u0161t\u00ed rok jinam.<\/p>\n<h2><strong>Pojede se Tour de France 2023 bez \u010desk\u00e9 \u00fa\u010dasti?<\/strong><\/h2>\n<p>Pavel Bittner byl jedin\u00fdm \u010cechem s re\u00e1lnou \u0161anc\u00ed do Francie jet, proto\u017ee \u010desk\u00e1 dvojka z Quick-Stepu \u010cern\u00fd s Hirtem startovala na Giru, ale oba nakonec odstoupili s covidem, a tak p\u0159\u00edprava na z\u00e1vod roku nemohla b\u00fdt stoprocentn\u00ed. Mathiase Vacka v jeho prvn\u00ed pln\u00e9 sezon\u011b mezi prof\u00edky zat\u00edm Grand Tour nejsp\u00ed\u0161 ne\u010dek\u00e1 a nejzku\u0161en\u011bj\u0161\u00ed dom\u00e1c\u00ed z\u00e1vodn\u00edk Zden\u011bk \u0160tybar po operaci endofibr\u00f3zy bude r\u00e1d, kdy\u017e stihne Vueltu.<\/p>\n<div class=\"shortcode-ys-post-pinup\"><article class=\"loop-simple post-22037 post type-post status-publish format-standard has-post-thumbnail hentry category-silnicni-cyklistika tag-cyklistika tag-dsm tag-kolem-flander tag-milan-sanremo tag-pariz-roubaix tag-pavel-bittner tag-silnicni-cyklistika tag-team-dsm global-categories-cycling\" data-postid=\"22037\" role=\"article\" data-post-id=\"22037\" data-word-count=\"584\" data-headline-length=\"65\" data-category=\"Silni\u010dn\u00ed cyklistika\" data-global-category=\"Cycling\" data-author=\"Jan Kr\u016fta\" data-published=\"2023-04-12T17:30:05+02:00\" data-published-day=\"Wednesday\">\n    <div class=\"entry-thumbnail article-thumbnail\" content=\"https:\/\/d2p6e6u75xmxt8.cloudfront.net\/13\/2023\/01\/bittner-BrychtaJan_MR_MCR_MSR_U23_Ceska_Trebova_20220716_153519_DSC_9020-150x150.webp\"><a href=\"https:\/\/www.welovecycling.com\/cs\/2023\/04\/12\/pavel-bittner-jarni-klasiky-pro-me-byly-univerzitou-cyklistiky\/\" class=\"image-holder\" target=\"_self\"><img decoding=\"async\" loading=\"lazy\" class=\"\" src=\"https:\/\/d2p6e6u75xmxt8.cloudfront.net\/13\/2023\/01\/bittner-BrychtaJan_MR_MCR_MSR_U23_Ceska_Trebova_20220716_153519_DSC_9020-1024x681.webp\" srcset=\"https:\/\/d2p6e6u75xmxt8.cloudfront.net\/13\/2023\/01\/bittner-BrychtaJan_MR_MCR_MSR_U23_Ceska_Trebova_20220716_153519_DSC_9020.webp 2000w, https:\/\/d2p6e6u75xmxt8.cloudfront.net\/13\/2023\/01\/bittner-BrychtaJan_MR_MCR_MSR_U23_Ceska_Trebova_20220716_153519_DSC_9020-300x200.webp 300w, https:\/\/d2p6e6u75xmxt8.cloudfront.net\/13\/2023\/01\/bittner-BrychtaJan_MR_MCR_MSR_U23_Ceska_Trebova_20220716_153519_DSC_9020-1024x681.webp 1024w, https:\/\/d2p6e6u75xmxt8.cloudfront.net\/13\/2023\/01\/bittner-BrychtaJan_MR_MCR_MSR_U23_Ceska_Trebova_20220716_153519_DSC_9020-768x511.webp 768w, https:\/\/d2p6e6u75xmxt8.cloudfront.net\/13\/2023\/01\/bittner-BrychtaJan_MR_MCR_MSR_U23_Ceska_Trebova_20220716_153519_DSC_9020-1536x1022.webp 1536w, https:\/\/d2p6e6u75xmxt8.cloudfront.net\/13\/2023\/01\/bittner-BrychtaJan_MR_MCR_MSR_U23_Ceska_Trebova_20220716_153519_DSC_9020-1920x1278.webp 1920w, https:\/\/d2p6e6u75xmxt8.cloudfront.net\/13\/2023\/01\/bittner-BrychtaJan_MR_MCR_MSR_U23_Ceska_Trebova_20220716_153519_DSC_9020-272x182.webp 272w, https:\/\/d2p6e6u75xmxt8.cloudfront.net\/13\/2023\/01\/bittner-BrychtaJan_MR_MCR_MSR_U23_Ceska_Trebova_20220716_153519_DSC_9020-1920x1278.webp 1920w\" width=\"1024\" height=\"681\" sizes=\"auto, (min-width: 1200px) 300px, (min-width: 768px) 25vw, 100vw\" alt=\"pavel-bittner-jarni-klasiky-pro-me-byly-univerzitou-cyklistiky\"\/><\/a><\/div>    <div class=\"entry-meta\">\n        <a class=\"label label-secondary post-category\" href=\"https:\/\/www.welovecycling.com\/cs\/category\/silnicni-cyklistika\/\" title=\"Silni\u010dn\u00ed cyklistika\">Silni\u010dn\u00ed cyklistika<\/a>\n    <\/div>\n    <div class=\"entry-details\">\n        <a href=\"https:\/\/www.welovecycling.com\/cs\/2023\/04\/12\/pavel-bittner-jarni-klasiky-pro-me-byly-univerzitou-cyklistiky\/\" class='entry-title-wrapper'>\n            <h3 class=\"entry-title\"><span>Pavel Bittner: Jarn\u00ed klasiky pro m\u011b byly univerzitou cyklistiky<\/span><\/h3>\n        <\/a>\n    <\/div>\n    <\/article>\n<\/div>\n<p>Bittner byl cel\u00fd \u010derven tajemn\u00fd a dokola odpov\u00eddal: \u201eNem\u016f\u017eu \u0159\u00edct.\u201c T\u00fdm DSM ho sice vyslal do \u0160v\u00fdcarska, co se bere za jeden z hlavn\u00edch p\u0159\u00edpravn\u00fdch z\u00e1vod\u016f p\u0159ed Tour, ale nakonec uk\u00e1zal na jinou osmi\u010dku z\u00e1vodn\u00edk\u016f, kte\u0159\u00ed maj\u00ed podporovat Romaina Bardeta v boji o celkov\u00e9 po\u0159ad\u00ed. \u201eJsem rezerva, st\u00e1t se m\u016f\u017ee cokoliv,\u201c \u0159\u00edk\u00e1 p\u0159esto mlad\u00fd \u010cech a v\u00edra ho neopou\u0161t\u00ed.<\/p>\n<p>Snad proto, \u017ee mu v pam\u011bti le\u017e\u00ed story leto\u0161n\u00edho Gira v pod\u00e1n\u00ed t\u00fdmu Jumbo. Tomu se v p\u00e1tek p\u0159ed sobotn\u00edm startem v posledn\u00edm tr\u00e9ninku vyboural Slovinec Tratnik a t\u00fdm narychlo povolal britsk\u00e9ho mlad\u00edka Gloaga? Bylo p\u011bt hodin odpoledne, kdy\u017e mu volali, dal\u0161\u00ed den ve 14:45 vyr\u00e1\u017eel do zahajovac\u00ed \u010dasovky. Nemoc, zran\u011bn\u00ed nebo t\u0159eba st\u00e1le p\u0159\u00edtomn\u00fd covid m\u016f\u017eou pl\u00e1ny bourat.<\/p>\n<h2><strong>Jistotu maj\u00ed jen l\u00edd\u0159i na celkov\u00e9 po\u0159ad\u00ed<\/strong><\/h2>\n<p>Nominace na <a href=\"https:\/\/www.welovecycling.com\/cs\/2023\/06\/23\/tadej-pogacar-a-jeho-boj-s-casem-choval-jsem-se-jako-blbec-a-neposlouchal-doktory\/\">Tour de France<\/a> je ka\u017edoro\u010dn\u011b ten nejv\u011bt\u0161\u00ed \u00fasp\u011bch. Zvl\u00e1\u0161\u0165 pot\u00e9, co po \u00faprav\u011b pravidel t\u00fdmy nem\u016f\u017eou startovat v dev\u00edti, ale jen s osmi\u010dkou. \u201eU n\u00e1s m\u00e1 jistotu jen Jonas a Wout, my ostatn\u00ed si mus\u00edme m\u00edsto vybojovat,\u201c \u0159\u00edk\u00e1 Ameri\u010dan Sepp Kuss k tvrd\u00e9 selekci v t\u00fdmu Jumbo a sv\u00fdch kapit\u00e1nech Vingegaardovi, co loni celou Tour vyhr\u00e1l, a multifunk\u010dn\u00edm Van Aertovi, kter\u00fd zase p\u0159ed rokem z\u00edskal t\u0159i etapy a je v podstat\u011b garanc\u00ed \u00fasp\u011bchu. \u201eKa\u017ed\u00fd rok je to stejn\u00e9,\u201c dod\u00e1v\u00e1 je\u0161t\u011b Kuss. \u201eChceme do Francie jet s nejlep\u0161\u00edm t\u00fdmem.\u201c<\/p>\n<figure id=\"attachment_19653\" aria-describedby=\"caption-attachment-19653\" style=\"width: 1800px\" class=\"wp-caption alignnone\"><a href=\"https:\/\/d2p6e6u75xmxt8.cloudfront.net\/13\/2022\/11\/vingegaard-tour-de-france-profimedia-0707803257.webp\"><img loading=\"lazy\" decoding=\"async\" class=\"size-full wp-image-19653\" src=\"https:\/\/d2p6e6u75xmxt8.cloudfront.net\/13\/2022\/11\/vingegaard-tour-de-france-profimedia-0707803257.webp\" alt=\"Jonas Vingegaard\" width=\"1800\" height=\"1200\" srcset=\"https:\/\/d2p6e6u75xmxt8.cloudfront.net\/13\/2022\/11\/vingegaard-tour-de-france-profimedia-0707803257.webp 1800w, https:\/\/d2p6e6u75xmxt8.cloudfront.net\/13\/2022\/11\/vingegaard-tour-de-france-profimedia-0707803257-300x200.webp 300w, https:\/\/d2p6e6u75xmxt8.cloudfront.net\/13\/2022\/11\/vingegaard-tour-de-france-profimedia-0707803257-1024x683.webp 1024w, https:\/\/d2p6e6u75xmxt8.cloudfront.net\/13\/2022\/11\/vingegaard-tour-de-france-profimedia-0707803257-768x512.webp 768w, https:\/\/d2p6e6u75xmxt8.cloudfront.net\/13\/2022\/11\/vingegaard-tour-de-france-profimedia-0707803257-1536x1024.webp 1536w, https:\/\/d2p6e6u75xmxt8.cloudfront.net\/13\/2022\/11\/vingegaard-tour-de-france-profimedia-0707803257-272x182.webp 272w\" sizes=\"auto, (max-width: 1800px) 100vw, 1800px\" \/><\/a><figcaption id=\"caption-attachment-19653\" class=\"wp-caption-text\"><em>Jonas Vingegaard a l\u00edd\u0159i v jeho pozici maj\u00ed nominaci na Tour de France jistou. Foto: profimedia<\/em><\/figcaption><\/figure>\n<p>Proto pr\u00e1v\u011b te\u010f maj\u00ed tren\u00e9\u0159i nejv\u00edc pr\u00e1ce, aby z dat vy\u010detli, kdo ze sv\u011b\u0159enc\u016f m\u00e1 tu nejlep\u0161\u00ed formu. Ne v\u017edy ale nakonec jedou ti nejsiln\u011bj\u0161\u00ed, proto\u017ee do hry mnohdy vstupuje t\u00fdmov\u00e1 politika a jindy zase hr\u00e1tky kolem anga\u017em\u00e1. Proto n\u011bkte\u0159\u00ed majitel\u00e9 necht\u011bj\u00ed na Tour pustit z\u00e1vodn\u00edky, o kter\u00fdch u\u017e v\u011bd\u00ed, \u017ee dal\u0161\u00ed rok budou z\u00e1vodit jinde. Ob\u010das m\u016f\u017ee nominace odr\u00e1\u017eet p\u0159\u00e1n\u00ed t\u00fdmov\u00e9ho sponzora, co chce vid\u011bt z\u00e1vodn\u00edka ze sv\u00e9 zem\u011b, t\u0159eba i na \u00fakor n\u011bkoho siln\u011bj\u0161\u00edho. Takto francouzsk\u00e9 t\u00fdmy pov\u011bt\u0161inou nominuj\u00ed jen francouzsk\u00e9 jezdce.<\/p>\n<div class=\"shortcode-ys-post-pinup\"><article class=\"loop-simple post-22742 post type-post status-publish format-standard has-post-thumbnail hentry category-tour-de-france tag-col-du-tourmalet tag-cyklistika tag-grande-boucle tag-puy-de-dome tag-silnicni-cyklistika tag-tour-de-france tag-tour-de-france-2023 global-categories-cycling\" data-postid=\"22742\" role=\"article\" data-post-id=\"22742\" data-word-count=\"683\" data-headline-length=\"72\" data-category=\"Tour de France\" data-global-category=\"Cycling\" data-author=\"Jan Kr\u016fta\" data-published=\"2023-06-21T14:46:25+02:00\" data-published-day=\"Wednesday\">\n    <div class=\"entry-thumbnail article-thumbnail\" content=\"https:\/\/d2p6e6u75xmxt8.cloudfront.net\/13\/2023\/06\/profimedia-0708961685-150x150.webp\"><a href=\"https:\/\/www.welovecycling.com\/cs\/2023\/06\/21\/tour-de-france-2023-start-v-baskicku-horske-peklo-a-jedina-casovka\/\" class=\"image-holder\" target=\"_self\"><img decoding=\"async\" loading=\"lazy\" class=\"\" src=\"https:\/\/d2p6e6u75xmxt8.cloudfront.net\/13\/2023\/06\/profimedia-0708961685-1024x682.webp\" srcset=\"https:\/\/d2p6e6u75xmxt8.cloudfront.net\/13\/2023\/06\/profimedia-0708961685.webp 1800w, https:\/\/d2p6e6u75xmxt8.cloudfront.net\/13\/2023\/06\/profimedia-0708961685-300x200.webp 300w, https:\/\/d2p6e6u75xmxt8.cloudfront.net\/13\/2023\/06\/profimedia-0708961685-1024x682.webp 1024w, https:\/\/d2p6e6u75xmxt8.cloudfront.net\/13\/2023\/06\/profimedia-0708961685-768x512.webp 768w, https:\/\/d2p6e6u75xmxt8.cloudfront.net\/13\/2023\/06\/profimedia-0708961685-1536x1023.webp 1536w, https:\/\/d2p6e6u75xmxt8.cloudfront.net\/13\/2023\/06\/profimedia-0708961685-400x266.webp 400w, https:\/\/d2p6e6u75xmxt8.cloudfront.net\/13\/2023\/06\/profimedia-0708961685-272x182.webp 272w\" width=\"1024\" height=\"682\" sizes=\"auto, (min-width: 1200px) 300px, (min-width: 768px) 25vw, 100vw\" alt=\"tour-de-france-2023-start-v-baskicku-horske-peklo-a-jedina-casovka\"\/><\/a><\/div>    <div class=\"entry-meta\">\n        <a class=\"label label-secondary post-category\" href=\"https:\/\/www.welovecycling.com\/cs\/category\/tour-de-france\/\" title=\"Tour de France\">Tour de France<\/a>\n    <\/div>\n    <div class=\"entry-details\">\n        <a href=\"https:\/\/www.welovecycling.com\/cs\/2023\/06\/21\/tour-de-france-2023-start-v-baskicku-horske-peklo-a-jedina-casovka\/\" class='entry-title-wrapper'>\n            <h3 class=\"entry-title\"><span>Tour de France 2023: start v\u00a0Baskicku, horsk\u00e9 peklo a jedin\u00e1 \u010dasovka<\/span><\/h3>\n        <\/a>\n    <\/div>\n    <\/article>\n<\/div>\n<p>V t\u011bch nejsiln\u011bj\u0161\u00edch st\u00e1j\u00edch by klidn\u011b dok\u00e1zali sestavit dv\u011b, mo\u017en\u00e1 i t\u0159i kompletn\u00ed osmi\u010dky, ale na start m\u016f\u017ee jen jedna. A tak n\u011bkdo bude z\u00e1konit\u011b opomenut a proto smutn\u00fd. Jist\u011b je t\u011b\u017ek\u00e9 takov\u00fd ortel akceptovat, ale takov\u00fd sport je. A\u0165 jste hv\u011bzda, nebo ne.<\/p>\n","protected":false},"excerpt":{"rendered":"<p>Mysl\u00edte si, \u017ee prof\u00edci jsou nerv\u00f3zn\u00ed z toho, jak zazn\u00ed prvn\u00ed startovn\u00ed v\u00fdst\u0159el leto\u0161n\u00ed Tour de France v Bilbau? Z [&hellip;]<\/p>\n","protected":false},"author":138,"featured_media":18032,"comment_status":"open","ping_status":"open","sticky":false,"template":"","format":"standard","meta":{"footnotes":""},"categories":[1711],"tags":[126,3097,9,2647],"global-categories":[411],"class_list":["post-22817","post","type-post","status-publish","format-standard","has-post-thumbnail","hentry","category-tour-de-france","tag-cyklistika","tag-nominace","tag-silnicni-cyklistika","tag-tour-de-france-2023","global-categories-cycling"],"yoast_head":"<!-- This site is optimized with the Yoast SEO Premium plugin v25.3 (Yoast SEO v25.9) - https:\/\/yoast.com\/wordpress\/plugins\/seo\/ -->\n<title>Jak se rod\u00ed nominace na Tour de France? \u010cek\u00e1n\u00ed na ano, aneb nervy kolem m\u00edstenky na Star\u00e9 d\u00e1m\u011b | \u0160koda We Love Cycling - \u010cesk\u00e1 republika<\/title>\n<meta name=\"description\" content=\"Jak se rod\u00ed nominace na Tour de France? Co p\u0159edch\u00e1z\u00ed selekci z\u00e1vodn\u00edk\u016f v jednotliv\u00fdch t\u00fdmech pro vrchol silni\u010dn\u00ed sezony?\" \/>\n<meta name=\"robots\" content=\"index, follow, max-snippet:-1, max-image-preview:large, max-video-preview:-1\" \/>\n<link rel=\"canonical\" href=\"https:\/\/www.welovecycling.com\/cs\/2023\/06\/26\/jak-se-rodi-nominace-na-tour-de-france-cekani-na-ano-aneb-nervy-kolem-mistenky-na-stare-dame\/\" \/>\n<meta property=\"og:locale\" content=\"cs_CZ\" \/>\n<meta property=\"og:type\" content=\"article\" \/>\n<meta property=\"og:title\" content=\"Jak se rod\u00ed nominace na Tour de France? \u010cek\u00e1n\u00ed na ano, aneb nervy kolem m\u00edstenky na Star\u00e9 d\u00e1m\u011b\" \/>\n<meta property=\"og:description\" content=\"Jak se rod\u00ed nominace na Tour de France? Co p\u0159edch\u00e1z\u00ed selekci z\u00e1vodn\u00edk\u016f v jednotliv\u00fdch t\u00fdmech pro vrchol silni\u010dn\u00ed sezony?\" \/>\n<meta property=\"og:url\" content=\"https:\/\/www.welovecycling.com\/cs\/2023\/06\/26\/jak-se-rodi-nominace-na-tour-de-france-cekani-na-ano-aneb-nervy-kolem-mistenky-na-stare-dame\/\" \/>\n<meta property=\"og:site_name\" content=\"\u0160koda We Love Cycling - \u010cesk\u00e1 republika\" \/>\n<meta property=\"article:published_time\" content=\"2023-06-26T09:00:20+00:00\" \/>\n<meta property=\"og:image\" content=\"https:\/\/d2p6e6u75xmxt8.cloudfront.net\/13\/2022\/07\/WLC-Jonas-295276252_10221403504740677_6384087978458371962_n.webp\" \/>\n\t<meta property=\"og:image:width\" content=\"2048\" \/>\n\t<meta property=\"og:image:height\" content=\"1364\" \/>\n\t<meta property=\"og:image:type\" content=\"image\/webp\" \/>\n<meta name=\"author\" content=\"radekmalina\" \/>\n<meta name=\"twitter:card\" content=\"summary_large_image\" \/>\n<meta name=\"twitter:label1\" content=\"Written by\" \/>\n\t<meta name=\"twitter:data1\" content=\"Jan Kr\u016fta\" \/>\n\t<meta name=\"twitter:label2\" content=\"Est. reading time\" \/>\n\t<meta name=\"twitter:data2\" content=\"7\" \/>\n<script type=\"application\/ld+json\" class=\"yoast-schema-graph\">{\"@context\":\"https:\/\/schema.org\",\"@graph\":[{\"@type\":\"WebPage\",\"@id\":\"https:\/\/www.welovecycling.com\/cs\/2023\/06\/26\/jak-se-rodi-nominace-na-tour-de-france-cekani-na-ano-aneb-nervy-kolem-mistenky-na-stare-dame\/\",\"url\":\"https:\/\/www.welovecycling.com\/cs\/2023\/06\/26\/jak-se-rodi-nominace-na-tour-de-france-cekani-na-ano-aneb-nervy-kolem-mistenky-na-stare-dame\/\",\"name\":\"Jak se rod\u00ed nominace na Tour de France? \u010cek\u00e1n\u00ed na ano, aneb nervy kolem m\u00edstenky na Star\u00e9 d\u00e1m\u011b | \u0160koda We Love Cycling - \u010cesk\u00e1 republika\",\"isPartOf\":{\"@id\":\"https:\/\/www.welovecycling.com\/cs\/#website\"},\"primaryImageOfPage\":{\"@id\":\"https:\/\/www.welovecycling.com\/cs\/2023\/06\/26\/jak-se-rodi-nominace-na-tour-de-france-cekani-na-ano-aneb-nervy-kolem-mistenky-na-stare-dame\/#primaryimage\"},\"image\":{\"@id\":\"https:\/\/www.welovecycling.com\/cs\/2023\/06\/26\/jak-se-rodi-nominace-na-tour-de-france-cekani-na-ano-aneb-nervy-kolem-mistenky-na-stare-dame\/#primaryimage\"},\"thumbnailUrl\":\"https:\/\/d2p6e6u75xmxt8.cloudfront.net\/13\/2022\/07\/WLC-Jonas-295276252_10221403504740677_6384087978458371962_n.webp\",\"datePublished\":\"2023-06-26T09:00:20+00:00\",\"author\":{\"@id\":\"https:\/\/www.welovecycling.com\/cs\/#\/schema\/person\/d9eeb0a378f3a7e4a6d12d2b536b04b8\"},\"description\":\"Jak se rod\u00ed nominace na Tour de France? Co p\u0159edch\u00e1z\u00ed selekci z\u00e1vodn\u00edk\u016f v jednotliv\u00fdch t\u00fdmech pro vrchol silni\u010dn\u00ed sezony?\",\"inLanguage\":\"cs\",\"potentialAction\":[{\"@type\":\"ReadAction\",\"target\":[\"https:\/\/www.welovecycling.com\/cs\/2023\/06\/26\/jak-se-rodi-nominace-na-tour-de-france-cekani-na-ano-aneb-nervy-kolem-mistenky-na-stare-dame\/\"]}]},{\"@type\":\"ImageObject\",\"inLanguage\":\"cs\",\"@id\":\"https:\/\/www.welovecycling.com\/cs\/2023\/06\/26\/jak-se-rodi-nominace-na-tour-de-france-cekani-na-ano-aneb-nervy-kolem-mistenky-na-stare-dame\/#primaryimage\",\"url\":\"https:\/\/d2p6e6u75xmxt8.cloudfront.net\/13\/2022\/07\/WLC-Jonas-295276252_10221403504740677_6384087978458371962_n.webp\",\"contentUrl\":\"https:\/\/d2p6e6u75xmxt8.cloudfront.net\/13\/2022\/07\/WLC-Jonas-295276252_10221403504740677_6384087978458371962_n.webp\",\"width\":2048,\"height\":1364,\"caption\":\"Jonas Vingeggard p\u0159i poklidn\u011b cest\u011b 19. etapou Tour de France 2022. Foto: ASO & Pauline Ballet\"},{\"@type\":\"WebSite\",\"@id\":\"https:\/\/www.welovecycling.com\/cs\/#website\",\"url\":\"https:\/\/www.welovecycling.com\/cs\/\",\"name\":\"\u0160koda We Love Cycling - \u010cesk\u00e1 republika\",\"description\":\"WeLoveCycling.cz je online magaz\u00edn, kter\u00fd v\u00e1m pravideln\u011b p\u0159in\u00e1\u0161\u00ed rady a tipy, zaj\u00edmav\u00e9 \u010dl\u00e1nky, videa a jedine\u010dn\u00e9 report\u00e1\u017ee ze sv\u011bta cyklistiky.\",\"potentialAction\":[{\"@type\":\"SearchAction\",\"target\":{\"@type\":\"EntryPoint\",\"urlTemplate\":\"https:\/\/www.welovecycling.com\/cs\/?s={search_term_string}\"},\"query-input\":{\"@type\":\"PropertyValueSpecification\",\"valueRequired\":true,\"valueName\":\"search_term_string\"}}],\"inLanguage\":\"cs\"},{\"@type\":\"Person\",\"@id\":\"https:\/\/www.welovecycling.com\/cs\/#\/schema\/person\/d9eeb0a378f3a7e4a6d12d2b536b04b8\",\"name\":\"radekmalina\",\"image\":{\"@type\":\"ImageObject\",\"inLanguage\":\"cs\",\"@id\":\"https:\/\/www.welovecycling.com\/cs\/#\/schema\/person\/image\/\",\"url\":\"https:\/\/secure.gravatar.com\/avatar\/66994b632cb8c39a46b9f54afa3ae07201b678d32a54275b6f1c9ffec356bfc0?s=96&d=mm&r=g\",\"contentUrl\":\"https:\/\/secure.gravatar.com\/avatar\/66994b632cb8c39a46b9f54afa3ae07201b678d32a54275b6f1c9ffec356bfc0?s=96&d=mm&r=g\",\"caption\":\"radekmalina\"},\"url\":\"https:\/\/www.welovecycling.com\/cs\/author\/radekmalina\/\"}]}<\/script>\n<!-- \/ Yoast SEO Premium plugin. -->","yoast_head_json":{"title":"Jak se rod\u00ed nominace na Tour de France? \u010cek\u00e1n\u00ed na ano, aneb nervy kolem m\u00edstenky na Star\u00e9 d\u00e1m\u011b | \u0160koda We Love Cycling - \u010cesk\u00e1 republika","description":"Jak se rod\u00ed nominace na Tour de France? Co p\u0159edch\u00e1z\u00ed selekci z\u00e1vodn\u00edk\u016f v jednotliv\u00fdch t\u00fdmech pro vrchol silni\u010dn\u00ed sezony?","robots":{"index":"index","follow":"follow","max-snippet":"max-snippet:-1","max-image-preview":"max-image-preview:large","max-video-preview":"max-video-preview:-1"},"canonical":"https:\/\/www.welovecycling.com\/cs\/2023\/06\/26\/jak-se-rodi-nominace-na-tour-de-france-cekani-na-ano-aneb-nervy-kolem-mistenky-na-stare-dame\/","og_locale":"cs_CZ","og_type":"article","og_title":"Jak se rod\u00ed nominace na Tour de France? \u010cek\u00e1n\u00ed na ano, aneb nervy kolem m\u00edstenky na Star\u00e9 d\u00e1m\u011b","og_description":"Jak se rod\u00ed nominace na Tour de France? Co p\u0159edch\u00e1z\u00ed selekci z\u00e1vodn\u00edk\u016f v jednotliv\u00fdch t\u00fdmech pro vrchol silni\u010dn\u00ed sezony?","og_url":"https:\/\/www.welovecycling.com\/cs\/2023\/06\/26\/jak-se-rodi-nominace-na-tour-de-france-cekani-na-ano-aneb-nervy-kolem-mistenky-na-stare-dame\/","og_site_name":"\u0160koda We Love Cycling - \u010cesk\u00e1 republika","article_published_time":"2023-06-26T09:00:20+00:00","og_image":[{"width":2048,"height":1364,"url":"https:\/\/d2p6e6u75xmxt8.cloudfront.net\/13\/2022\/07\/WLC-Jonas-295276252_10221403504740677_6384087978458371962_n.webp","type":"image\/webp"}],"author":"radekmalina","twitter_card":"summary_large_image","twitter_misc":{"Written by":"Jan Kr\u016fta","Est. reading time":"7"},"schema":{"@context":"https:\/\/schema.org","@graph":[{"@type":"WebPage","@id":"https:\/\/www.welovecycling.com\/cs\/2023\/06\/26\/jak-se-rodi-nominace-na-tour-de-france-cekani-na-ano-aneb-nervy-kolem-mistenky-na-stare-dame\/","url":"https:\/\/www.welovecycling.com\/cs\/2023\/06\/26\/jak-se-rodi-nominace-na-tour-de-france-cekani-na-ano-aneb-nervy-kolem-mistenky-na-stare-dame\/","name":"Jak se rod\u00ed nominace na Tour de France? \u010cek\u00e1n\u00ed na ano, aneb nervy kolem m\u00edstenky na Star\u00e9 d\u00e1m\u011b | \u0160koda We Love Cycling - \u010cesk\u00e1 republika","isPartOf":{"@id":"https:\/\/www.welovecycling.com\/cs\/#website"},"primaryImageOfPage":{"@id":"https:\/\/www.welovecycling.com\/cs\/2023\/06\/26\/jak-se-rodi-nominace-na-tour-de-france-cekani-na-ano-aneb-nervy-kolem-mistenky-na-stare-dame\/#primaryimage"},"image":{"@id":"https:\/\/www.welovecycling.com\/cs\/2023\/06\/26\/jak-se-rodi-nominace-na-tour-de-france-cekani-na-ano-aneb-nervy-kolem-mistenky-na-stare-dame\/#primaryimage"},"thumbnailUrl":"https:\/\/d2p6e6u75xmxt8.cloudfront.net\/13\/2022\/07\/WLC-Jonas-295276252_10221403504740677_6384087978458371962_n.webp","datePublished":"2023-06-26T09:00:20+00:00","author":{"@id":"https:\/\/www.welovecycling.com\/cs\/#\/schema\/person\/d9eeb0a378f3a7e4a6d12d2b536b04b8"},"description":"Jak se rod\u00ed nominace na Tour de France? Co p\u0159edch\u00e1z\u00ed selekci z\u00e1vodn\u00edk\u016f v jednotliv\u00fdch t\u00fdmech pro vrchol silni\u010dn\u00ed sezony?","inLanguage":"cs","potentialAction":[{"@type":"ReadAction","target":["https:\/\/www.welovecycling.com\/cs\/2023\/06\/26\/jak-se-rodi-nominace-na-tour-de-france-cekani-na-ano-aneb-nervy-kolem-mistenky-na-stare-dame\/"]}]},{"@type":"ImageObject","inLanguage":"cs","@id":"https:\/\/www.welovecycling.com\/cs\/2023\/06\/26\/jak-se-rodi-nominace-na-tour-de-france-cekani-na-ano-aneb-nervy-kolem-mistenky-na-stare-dame\/#primaryimage","url":"https:\/\/d2p6e6u75xmxt8.cloudfront.net\/13\/2022\/07\/WLC-Jonas-295276252_10221403504740677_6384087978458371962_n.webp","contentUrl":"https:\/\/d2p6e6u75xmxt8.cloudfront.net\/13\/2022\/07\/WLC-Jonas-295276252_10221403504740677_6384087978458371962_n.webp","width":2048,"height":1364,"caption":"Jonas Vingeggard p\u0159i poklidn\u011b cest\u011b 19. etapou Tour de France 2022. Foto: ASO & Pauline Ballet"},{"@type":"WebSite","@id":"https:\/\/www.welovecycling.com\/cs\/#website","url":"https:\/\/www.welovecycling.com\/cs\/","name":"\u0160koda We Love Cycling - \u010cesk\u00e1 republika","description":"WeLoveCycling.cz je online magaz\u00edn, kter\u00fd v\u00e1m pravideln\u011b p\u0159in\u00e1\u0161\u00ed rady a tipy, zaj\u00edmav\u00e9 \u010dl\u00e1nky, videa a jedine\u010dn\u00e9 report\u00e1\u017ee ze sv\u011bta cyklistiky.","potentialAction":[{"@type":"SearchAction","target":{"@type":"EntryPoint","urlTemplate":"https:\/\/www.welovecycling.com\/cs\/?s={search_term_string}"},"query-input":{"@type":"PropertyValueSpecification","valueRequired":true,"valueName":"search_term_string"}}],"inLanguage":"cs"},{"@type":"Person","@id":"https:\/\/www.welovecycling.com\/cs\/#\/schema\/person\/d9eeb0a378f3a7e4a6d12d2b536b04b8","name":"radekmalina","image":{"@type":"ImageObject","inLanguage":"cs","@id":"https:\/\/www.welovecycling.com\/cs\/#\/schema\/person\/image\/","url":"https:\/\/secure.gravatar.com\/avatar\/66994b632cb8c39a46b9f54afa3ae07201b678d32a54275b6f1c9ffec356bfc0?s=96&d=mm&r=g","contentUrl":"https:\/\/secure.gravatar.com\/avatar\/66994b632cb8c39a46b9f54afa3ae07201b678d32a54275b6f1c9ffec356bfc0?s=96&d=mm&r=g","caption":"radekmalina"},"url":"https:\/\/www.welovecycling.com\/cs\/author\/radekmalina\/"}]}},"_links":{"self":[{"href":"https:\/\/www.welovecycling.com\/cs\/wp-json\/wp\/v2\/posts\/22817","targetHints":{"allow":["GET"]}}],"collection":[{"href":"https:\/\/www.welovecycling.com\/cs\/wp-json\/wp\/v2\/posts"}],"about":[{"href":"https:\/\/www.welovecycling.com\/cs\/wp-json\/wp\/v2\/types\/post"}],"author":[{"embeddable":true,"href":"https:\/\/www.welovecycling.com\/cs\/wp-json\/wp\/v2\/users\/138"}],"replies":[{"embeddable":true,"href":"https:\/\/www.welovecycling.com\/cs\/wp-json\/wp\/v2\/comments?post=22817"}],"version-history":[{"count":1,"href":"https:\/\/www.welovecycling.com\/cs\/wp-json\/wp\/v2\/posts\/22817\/revisions"}],"predecessor-version":[{"id":22818,"href":"https:\/\/www.welovecycling.com\/cs\/wp-json\/wp\/v2\/posts\/22817\/revisions\/22818"}],"wp:featuredmedia":[{"embeddable":true,"href":"https:\/\/www.welovecycling.com\/cs\/wp-json\/wp\/v2\/media\/18032"}],"wp:attachment":[{"href":"https:\/\/www.welovecycling.com\/cs\/wp-json\/wp\/v2\/media?parent=22817"}],"wp:term":[{"taxonomy":"category","embeddable":true,"href":"https:\/\/www.welovecycling.com\/cs\/wp-json\/wp\/v2\/categories?post=22817"},{"taxonomy":"post_tag","embeddable":true,"href":"https:\/\/www.welovecycling.com\/cs\/wp-json\/wp\/v2\/tags?post=22817"},{"taxonomy":"global-categories","embeddable":true,"href":"https:\/\/www.welovecycling.com\/cs\/wp-json\/wp\/v2\/global-categories?post=22817"}],"curies":[{"name":"wp","href":"https:\/\/api.w.org\/{rel}","templated":true}]}}