{"id":22781,"date":"2023-06-21T12:00:53","date_gmt":"2023-06-21T10:00:53","guid":{"rendered":"https:\/\/www.welovecycling.com\/cs\/?p=22781"},"modified":"2023-06-22T09:34:58","modified_gmt":"2023-06-22T07:34:58","slug":"z-brna-do-singapuru-majkuv-zapisnik-zhubnul-jsem-patnact-kilogramu","status":"publish","type":"post","link":"https:\/\/www.welovecycling.com\/cs\/2023\/06\/21\/z-brna-do-singapuru-majkuv-zapisnik-zhubnul-jsem-patnact-kilogramu\/","title":{"rendered":"Z\u00a0Brna do Singapuru \u2013 Majk\u016fv z\u00e1pisn\u00edk: Zhubnul jsem patn\u00e1ct kilogram\u016f"},"content":{"rendered":"<p><strong>Z Brna do Singapuru! Michal Kamermeier alias Majk na cest\u00e1ch absolvuje v sedle horsk\u00e9ho kola bl\u00e1znivou cestu nap\u0159\u00ed\u010d zem\u011bkoul\u00ed, aby si splnil sen a pomohl charitativn\u00edmu projektu Jedna se po\u010d\u00edt\u00e1. Jak prob\u00edh\u00e1 jeho bitva s trasou dlouhou t\u0159in\u00e1ct tis\u00edc kilometr\u016f?<\/strong><\/p>\n<p>\u201eC\u00edl jsem splnil a dorazil do Singapuru. Podle pl\u00e1nu k\u00a0prodejci voz\u016f \u0160koda. Se\u0161li se v\u0161ichni. Od nejvy\u0161\u0161\u00edho managementu a\u017e po posledn\u00edho zam\u011bstnance. Byli zv\u011bdav\u00ed na bl\u00e1zna, co jede na kole nap\u0159\u00ed\u010d zem\u011bkoul\u00ed z\u00a0\u010ceska. V\u0161ichni se vypt\u00e1vali, pro\u010d takovou cestu absolvuji. Jak dlouho jsem jel. Dali jsme si k\u00e1vu, z\u00e1kusky a na z\u00e1v\u011br dne spole\u010dn\u011b ve\u010de\u0159i.<\/p>\n<p>Cestou do Singapuru jsem nastoupal m\u00edrn\u011b p\u0159es t\u0159icet tis\u00edc v\u00fd\u0161kov\u00fdch metr\u016f a denn\u011b sp\u00e1lil v\u00a0pr\u016fm\u011bru 4500 kalori\u00ed. Za sto dn\u016f cesty je to p\u0159ibli\u017en\u011b p\u016fl milionu kalori\u00ed. V\u0161ak jsem tak\u00e9 zhubnul patn\u00e1ct kilogram\u016f a m\u00e1m oble\u010den\u00ed o dv\u011b velikosti men\u0161\u00ed, ne\u017e kdy\u017e jsem z\u00a0Brna vyrazil. A to jsem p\u0159itom vlastn\u011b permanentn\u011b jedl.<\/p>\n<p><a href=\"https:\/\/d2p6e6u75xmxt8.cloudfront.net\/13\/2023\/06\/IMG-20230621-WA0029.webp\"><img loading=\"lazy\" decoding=\"async\" class=\"alignnone size-full wp-image-22786\" src=\"https:\/\/d2p6e6u75xmxt8.cloudfront.net\/13\/2023\/06\/IMG-20230621-WA0029.webp\" alt=\"\" width=\"1920\" height=\"1080\" srcset=\"https:\/\/d2p6e6u75xmxt8.cloudfront.net\/13\/2023\/06\/IMG-20230621-WA0029.webp 1920w, https:\/\/d2p6e6u75xmxt8.cloudfront.net\/13\/2023\/06\/IMG-20230621-WA0029-300x169.webp 300w, https:\/\/d2p6e6u75xmxt8.cloudfront.net\/13\/2023\/06\/IMG-20230621-WA0029-1024x576.webp 1024w, https:\/\/d2p6e6u75xmxt8.cloudfront.net\/13\/2023\/06\/IMG-20230621-WA0029-768x432.webp 768w, https:\/\/d2p6e6u75xmxt8.cloudfront.net\/13\/2023\/06\/IMG-20230621-WA0029-1536x864.webp 1536w, https:\/\/d2p6e6u75xmxt8.cloudfront.net\/13\/2023\/06\/IMG-20230621-WA0029-400x225.webp 400w\" sizes=\"auto, (max-width: 1920px) 100vw, 1920px\" \/><\/a><\/p>\n<p>V\u00a0Singapuru jsem se moc dlouho nezdr\u017eel. Byl jsem ve m\u011bst\u011b p\u0159ed \u0161esti lety a za tu dobu se z\u00a0drah\u00e9ho m\u011bsta stalo je\u0161t\u011b dra\u017e\u0161\u00ed. Nejlevn\u011bj\u0161\u00ed ubytov\u00e1n\u00ed v\u00a0pokoji o rozloze osm metr\u016f \u010dtvere\u010dn\u00edch vy\u0161lo p\u0159es dva tis\u00edce. A to jsem byl hodn\u011b daleko od centra. Litr a p\u016fl balen\u00e9 vody jsem kupoval za t\u0159icet korun.<\/p>\n<h2><strong>Pro\u010d jsem rychle zam\u00ed\u0159il na J\u00e1vu?<\/strong><\/h2>\n<p>Cel\u00e9 m\u011bsto je pod kamerami a velmi p\u0159\u00edsn\u00fdm dohledem policie. V\u00a0p\u0159\u00edpad\u011b odhozen\u00e9ho odpadku a zadr\u017een\u00ed str\u00e1\u017en\u00edky zaplat\u00ed \u010dlov\u011bk pokutu t\u0159i sta dolar\u016f, tud\u00ed\u017e nen\u00ed divu, \u017ee je Singapur tak \u010dist\u00fd.<\/p>\n<div class=\"shortcode-ys-post-pinup\"><article class=\"loop-simple post-22605 post type-post status-publish format-standard has-post-thumbnail hentry category-gravel tag-cyklistika tag-gravel-bike tag-konec-kariery tag-petr-vakoc tag-unbound-gravel-race\" data-postid=\"22605\" role=\"article\" data-post-id=\"22605\" data-word-count=\"672\" data-headline-length=\"70\" data-category=\"Gravel\" data-author=\"Radek Malina\" data-published=\"2023-06-07T12:00:29+02:00\" data-published-day=\"Wednesday\">\n    <div class=\"entry-thumbnail article-thumbnail\" content=\"https:\/\/d2p6e6u75xmxt8.cloudfront.net\/13\/2023\/03\/vakoc-CEM_0664-150x150.webp\"><a href=\"https:\/\/www.welovecycling.com\/cs\/2023\/06\/07\/petr-vakoc-oslnil-na-gravelu-a-odklada-konec-kariery-jsem-ohromen\/\" class=\"image-holder\" target=\"_self\"><img decoding=\"async\" loading=\"lazy\" class=\"\" src=\"https:\/\/d2p6e6u75xmxt8.cloudfront.net\/13\/2023\/03\/vakoc-CEM_0664-1024x683.webp\" srcset=\"https:\/\/d2p6e6u75xmxt8.cloudfront.net\/13\/2023\/03\/vakoc-CEM_0664.webp 1600w, https:\/\/d2p6e6u75xmxt8.cloudfront.net\/13\/2023\/03\/vakoc-CEM_0664-300x200.webp 300w, https:\/\/d2p6e6u75xmxt8.cloudfront.net\/13\/2023\/03\/vakoc-CEM_0664-1024x683.webp 1024w, https:\/\/d2p6e6u75xmxt8.cloudfront.net\/13\/2023\/03\/vakoc-CEM_0664-768x512.webp 768w, https:\/\/d2p6e6u75xmxt8.cloudfront.net\/13\/2023\/03\/vakoc-CEM_0664-1536x1024.webp 1536w, https:\/\/d2p6e6u75xmxt8.cloudfront.net\/13\/2023\/03\/vakoc-CEM_0664-400x267.webp 400w, https:\/\/d2p6e6u75xmxt8.cloudfront.net\/13\/2023\/03\/vakoc-CEM_0664-272x182.webp 272w\" width=\"1024\" height=\"683\" sizes=\"auto, (min-width: 1200px) 300px, (min-width: 768px) 25vw, 100vw\" alt=\"petr-vakoc-oslnil-na-gravelu-a-odklada-konec-kariery-jsem-ohromen\"\/><\/a><\/div>    <div class=\"entry-meta\">\n        <a class=\"label label-secondary post-category\" href=\"https:\/\/www.welovecycling.com\/cs\/category\/gravel\/\" title=\"Gravel\">Gravel<\/a>\n    <\/div>\n    <div class=\"entry-details\">\n        <a href=\"https:\/\/www.welovecycling.com\/cs\/2023\/06\/07\/petr-vakoc-oslnil-na-gravelu-a-odklada-konec-kariery-jsem-ohromen\/\" class='entry-title-wrapper'>\n            <h3 class=\"entry-title\"><span>Petr Vako\u010d oslnil na gravelu a odkl\u00e1d\u00e1 konec kari\u00e9ry: Jsem ohromen<\/span><\/h3>\n        <\/a>\n    <\/div>\n    <\/article>\n<\/div>\n<p>S\u00a0ohledem na ceny jsem se rychle p\u0159esunul na ostrov J\u00e1va. Dvan\u00e1ct hodin na lodi ve vln\u00e1ch mi neud\u011blalo moc dob\u0159e. Ka\u017edop\u00e1dn\u011b s\u00a0kolem tady bud\u00edm velkou pozornost. Lid\u00e9 zde berou kolo jako dopravn\u00ed prost\u0159edek. Maj\u00ed star\u00e9 kraksny, kter\u00e9 v\u00a0\u010cesku slou\u017eily p\u0159ed \u010dty\u0159iceti lety. Jezd\u00ed se tady typicky asijsky. Rozhoduje pr\u00e1vo v\u011bt\u0161\u00edho a siln\u011bj\u0161\u00edho dopravn\u00edho prost\u0159edku.<\/p>\n<p><a href=\"https:\/\/d2p6e6u75xmxt8.cloudfront.net\/13\/2023\/06\/IMG-20230621-WA0026.webp\"><img loading=\"lazy\" decoding=\"async\" class=\"alignnone size-full wp-image-22785\" src=\"https:\/\/d2p6e6u75xmxt8.cloudfront.net\/13\/2023\/06\/IMG-20230621-WA0026.webp\" alt=\"\" width=\"1920\" height=\"1080\" srcset=\"https:\/\/d2p6e6u75xmxt8.cloudfront.net\/13\/2023\/06\/IMG-20230621-WA0026.webp 1920w, https:\/\/d2p6e6u75xmxt8.cloudfront.net\/13\/2023\/06\/IMG-20230621-WA0026-300x169.webp 300w, https:\/\/d2p6e6u75xmxt8.cloudfront.net\/13\/2023\/06\/IMG-20230621-WA0026-1024x576.webp 1024w, https:\/\/d2p6e6u75xmxt8.cloudfront.net\/13\/2023\/06\/IMG-20230621-WA0026-768x432.webp 768w, https:\/\/d2p6e6u75xmxt8.cloudfront.net\/13\/2023\/06\/IMG-20230621-WA0026-1536x864.webp 1536w, https:\/\/d2p6e6u75xmxt8.cloudfront.net\/13\/2023\/06\/IMG-20230621-WA0026-400x225.webp 400w\" sizes=\"auto, (max-width: 1920px) 100vw, 1920px\" \/><\/a><\/p>\n<p>Zato v\u00a0Singapuru byla k\u00a0vid\u011bn\u00ed luxusn\u00ed kola. V\u0161ude jsou perfektn\u00ed cyklostezky, infrastruktura je par\u00e1dn\u00ed. V\u00a0m\u011bst\u011b panuj\u00ed p\u0159\u00edsn\u00e1 pravidla pro pou\u017eit\u00ed osobn\u00edch automobil\u016f. I proto hodn\u011b lid\u00ed vyu\u017e\u00edv\u00e1 k\u00a0p\u0159eprav\u011b pr\u00e1v\u011b kolo.<\/p>\n<div class=\"shortcode-ys-post-pinup\"><article class=\"loop-simple post-22719 post type-post status-publish format-standard has-post-thumbnail hentry category-rady-tipy tag-cyklistika tag-cyklocomputer tag-cyklocomputer-garmin-540 tag-garmin tag-garmin-edge-540 tag-horska-cyklistika tag-radar-garmin-varia tag-silnicni-cyklistika tag-trenink tag-zdravi-a-trenink global-categories-cycling\" data-postid=\"22719\" role=\"article\" data-post-id=\"22719\" data-word-count=\"611\" data-headline-length=\"60\" data-category=\"Rady &amp; tipy\" data-global-category=\"Cycling\" data-author=\"We Love Cycling\" data-published=\"2023-06-16T17:00:02+02:00\" data-published-day=\"Friday\">\n    <div class=\"entry-thumbnail article-thumbnail\" content=\"https:\/\/d2p6e6u75xmxt8.cloudfront.net\/13\/2023\/06\/garmin-2-150x150.webp\"><a href=\"https:\/\/www.welovecycling.com\/cs\/2023\/06\/16\/garmin-edge-540-skvely-pomocnik-ktery-motivuje-a-ozivi-trenink\/\" class=\"image-holder\" target=\"_self\"><img decoding=\"async\" loading=\"lazy\" class=\"\" src=\"https:\/\/d2p6e6u75xmxt8.cloudfront.net\/13\/2023\/06\/garmin-2-1024x683.webp\" srcset=\"https:\/\/d2p6e6u75xmxt8.cloudfront.net\/13\/2023\/06\/garmin-2-scaled.webp 2560w, https:\/\/d2p6e6u75xmxt8.cloudfront.net\/13\/2023\/06\/garmin-2-300x200.webp 300w, https:\/\/d2p6e6u75xmxt8.cloudfront.net\/13\/2023\/06\/garmin-2-1024x683.webp 1024w, https:\/\/d2p6e6u75xmxt8.cloudfront.net\/13\/2023\/06\/garmin-2-768x512.webp 768w, https:\/\/d2p6e6u75xmxt8.cloudfront.net\/13\/2023\/06\/garmin-2-1536x1024.webp 1536w, https:\/\/d2p6e6u75xmxt8.cloudfront.net\/13\/2023\/06\/garmin-2-2048x1366.webp 2048w, https:\/\/d2p6e6u75xmxt8.cloudfront.net\/13\/2023\/06\/garmin-2-1920x1281.webp 1920w, https:\/\/d2p6e6u75xmxt8.cloudfront.net\/13\/2023\/06\/garmin-2-400x267.webp 400w, https:\/\/d2p6e6u75xmxt8.cloudfront.net\/13\/2023\/06\/garmin-2-272x182.webp 272w, https:\/\/d2p6e6u75xmxt8.cloudfront.net\/13\/2023\/06\/garmin-2-1920x1281.webp 1920w\" width=\"1024\" height=\"683\" sizes=\"auto, (min-width: 1200px) 300px, (min-width: 768px) 25vw, 100vw\" alt=\"garmin-edge-540-skvely-pomocnik-ktery-motivuje-a-ozivi-trenink\"\/><\/a><\/div>    <div class=\"entry-meta\">\n        <a class=\"label label-secondary post-category\" href=\"https:\/\/www.welovecycling.com\/cs\/category\/rady-tipy\/\" title=\"Rady &amp; tipy\">Rady &amp; tipy<\/a>\n    <\/div>\n    <div class=\"entry-details\">\n        <a href=\"https:\/\/www.welovecycling.com\/cs\/2023\/06\/16\/garmin-edge-540-skvely-pomocnik-ktery-motivuje-a-ozivi-trenink\/\" class='entry-title-wrapper'>\n            <h3 class=\"entry-title\"><span>Garmin Edge 540: skv\u011bl\u00fd pomocn\u00edk, kter\u00fd o\u017eiv\u00ed tr\u00e9nink<\/span><\/h3>\n        <\/a>\n    <\/div>\n    <\/article>\n<\/div>\n<p>Do dvou t\u00fddn\u016f se chci dostat na Bali. Je to sice dva tis\u00edce kilometr\u016f, ale a\u017e na jedin\u00fd kopcovit\u00fd \u00fasek pojedu prakticky jen po rovin\u011b. A na 22. \u010dervence m\u00e1m napl\u00e1novan\u00fd let do \u010ceska. Douf\u00e1m, \u017ee si stihnu tro\u0161ku odpo\u010dinout.\u201c<\/p>\n","protected":false},"excerpt":{"rendered":"<p>Z Brna do Singapuru! Michal Kamermeier alias Majk na cest\u00e1ch absolvuje v sedle horsk\u00e9ho kola bl\u00e1znivou cestu nap\u0159\u00ed\u010d zem\u011bkoul\u00ed, aby [&hellip;]<\/p>\n","protected":false},"author":138,"featured_media":22784,"comment_status":"open","ping_status":"open","sticky":false,"template":"","format":"standard","meta":{"footnotes":""},"categories":[2926],"tags":[126,2976,2095,1416,2899],"global-categories":[411],"class_list":["post-22781","post","type-post","status-publish","format-standard","has-post-thumbnail","hentry","category-kolem-sveta","tag-cyklistika","tag-kolem-sveta-s-majkem","tag-michal-kamermeier","tag-redukce-vahy","tag-z-brna-do-singapuru","global-categories-cycling"],"yoast_head":"<!-- This site is optimized with the Yoast SEO Premium plugin v25.3 (Yoast SEO v25.9) - https:\/\/yoast.com\/wordpress\/plugins\/seo\/ -->\n<title>Z\u00a0Brna do Singapuru \u2013 Majk\u016fv z\u00e1pisn\u00edk: Zhubnul jsem patn\u00e1ct kilogram\u016f | \u0160koda We Love Cycling - \u010cesk\u00e1 republika<\/title>\n<meta name=\"description\" content=\"Z Brna do Singapuru! Michal Kamermeier alias Majk na cest\u00e1ch absolvuje v sedle horsk\u00e9ho kola bl\u00e1znivou cestu nap\u0159\u00ed\u010d zem\u011bkoul\u00ed.\" \/>\n<meta name=\"robots\" content=\"index, follow, max-snippet:-1, max-image-preview:large, max-video-preview:-1\" \/>\n<link rel=\"canonical\" href=\"https:\/\/www.welovecycling.com\/cs\/2023\/06\/21\/z-brna-do-singapuru-majkuv-zapisnik-zhubnul-jsem-patnact-kilogramu\/\" \/>\n<meta property=\"og:locale\" content=\"cs_CZ\" \/>\n<meta property=\"og:type\" content=\"article\" \/>\n<meta property=\"og:title\" content=\"Z\u00a0Brna do Singapuru \u2013 Majk\u016fv z\u00e1pisn\u00edk: Zhubnul jsem patn\u00e1ct kilogram\u016f\" \/>\n<meta property=\"og:description\" content=\"Z Brna do Singapuru! Michal Kamermeier alias Majk na cest\u00e1ch absolvuje v sedle horsk\u00e9ho kola bl\u00e1znivou cestu nap\u0159\u00ed\u010d zem\u011bkoul\u00ed.\" \/>\n<meta property=\"og:url\" content=\"https:\/\/www.welovecycling.com\/cs\/2023\/06\/21\/z-brna-do-singapuru-majkuv-zapisnik-zhubnul-jsem-patnact-kilogramu\/\" \/>\n<meta property=\"og:site_name\" content=\"\u0160koda We Love Cycling - \u010cesk\u00e1 republika\" \/>\n<meta property=\"article:published_time\" content=\"2023-06-21T10:00:53+00:00\" \/>\n<meta property=\"article:modified_time\" content=\"2023-06-22T07:34:58+00:00\" \/>\n<meta property=\"og:image\" content=\"https:\/\/d2p6e6u75xmxt8.cloudfront.net\/13\/2023\/06\/IMG-20230621-WA0024.webp\" \/>\n\t<meta property=\"og:image:width\" content=\"1920\" \/>\n\t<meta property=\"og:image:height\" content=\"1080\" \/>\n\t<meta property=\"og:image:type\" content=\"image\/webp\" \/>\n<meta name=\"author\" content=\"radekmalina\" \/>\n<meta name=\"twitter:card\" content=\"summary_large_image\" \/>\n<meta name=\"twitter:label1\" content=\"Written by\" \/>\n\t<meta name=\"twitter:data1\" content=\"We Love Cycling\" \/>\n\t<meta name=\"twitter:label2\" content=\"Est. reading time\" \/>\n\t<meta name=\"twitter:data2\" content=\"7\" \/>\n<script type=\"application\/ld+json\" class=\"yoast-schema-graph\">{\"@context\":\"https:\/\/schema.org\",\"@graph\":[{\"@type\":\"WebPage\",\"@id\":\"https:\/\/www.welovecycling.com\/cs\/2023\/06\/21\/z-brna-do-singapuru-majkuv-zapisnik-zhubnul-jsem-patnact-kilogramu\/\",\"url\":\"https:\/\/www.welovecycling.com\/cs\/2023\/06\/21\/z-brna-do-singapuru-majkuv-zapisnik-zhubnul-jsem-patnact-kilogramu\/\",\"name\":\"Z\u00a0Brna do Singapuru \u2013 Majk\u016fv z\u00e1pisn\u00edk: Zhubnul jsem patn\u00e1ct kilogram\u016f | \u0160koda We Love Cycling - \u010cesk\u00e1 republika\",\"isPartOf\":{\"@id\":\"https:\/\/www.welovecycling.com\/cs\/#website\"},\"primaryImageOfPage\":{\"@id\":\"https:\/\/www.welovecycling.com\/cs\/2023\/06\/21\/z-brna-do-singapuru-majkuv-zapisnik-zhubnul-jsem-patnact-kilogramu\/#primaryimage\"},\"image\":{\"@id\":\"https:\/\/www.welovecycling.com\/cs\/2023\/06\/21\/z-brna-do-singapuru-majkuv-zapisnik-zhubnul-jsem-patnact-kilogramu\/#primaryimage\"},\"thumbnailUrl\":\"https:\/\/d2p6e6u75xmxt8.cloudfront.net\/13\/2023\/06\/IMG-20230621-WA0024.webp\",\"datePublished\":\"2023-06-21T10:00:53+00:00\",\"dateModified\":\"2023-06-22T07:34:58+00:00\",\"author\":{\"@id\":\"https:\/\/www.welovecycling.com\/cs\/#\/schema\/person\/d9eeb0a378f3a7e4a6d12d2b536b04b8\"},\"description\":\"Z Brna do Singapuru! Michal Kamermeier alias Majk na cest\u00e1ch absolvuje v sedle horsk\u00e9ho kola bl\u00e1znivou cestu nap\u0159\u00ed\u010d zem\u011bkoul\u00ed.\",\"inLanguage\":\"cs\",\"potentialAction\":[{\"@type\":\"ReadAction\",\"target\":[\"https:\/\/www.welovecycling.com\/cs\/2023\/06\/21\/z-brna-do-singapuru-majkuv-zapisnik-zhubnul-jsem-patnact-kilogramu\/\"]}]},{\"@type\":\"ImageObject\",\"inLanguage\":\"cs\",\"@id\":\"https:\/\/www.welovecycling.com\/cs\/2023\/06\/21\/z-brna-do-singapuru-majkuv-zapisnik-zhubnul-jsem-patnact-kilogramu\/#primaryimage\",\"url\":\"https:\/\/d2p6e6u75xmxt8.cloudfront.net\/13\/2023\/06\/IMG-20230621-WA0024.webp\",\"contentUrl\":\"https:\/\/d2p6e6u75xmxt8.cloudfront.net\/13\/2023\/06\/IMG-20230621-WA0024.webp\",\"width\":1920,\"height\":1080},{\"@type\":\"WebSite\",\"@id\":\"https:\/\/www.welovecycling.com\/cs\/#website\",\"url\":\"https:\/\/www.welovecycling.com\/cs\/\",\"name\":\"\u0160koda We Love Cycling - \u010cesk\u00e1 republika\",\"description\":\"WeLoveCycling.cz je online magaz\u00edn, kter\u00fd v\u00e1m pravideln\u011b p\u0159in\u00e1\u0161\u00ed rady a tipy, zaj\u00edmav\u00e9 \u010dl\u00e1nky, videa a jedine\u010dn\u00e9 report\u00e1\u017ee ze sv\u011bta cyklistiky.\",\"potentialAction\":[{\"@type\":\"SearchAction\",\"target\":{\"@type\":\"EntryPoint\",\"urlTemplate\":\"https:\/\/www.welovecycling.com\/cs\/?s={search_term_string}\"},\"query-input\":{\"@type\":\"PropertyValueSpecification\",\"valueRequired\":true,\"valueName\":\"search_term_string\"}}],\"inLanguage\":\"cs\"},{\"@type\":\"Person\",\"@id\":\"https:\/\/www.welovecycling.com\/cs\/#\/schema\/person\/d9eeb0a378f3a7e4a6d12d2b536b04b8\",\"name\":\"radekmalina\",\"image\":{\"@type\":\"ImageObject\",\"inLanguage\":\"cs\",\"@id\":\"https:\/\/www.welovecycling.com\/cs\/#\/schema\/person\/image\/\",\"url\":\"https:\/\/secure.gravatar.com\/avatar\/66994b632cb8c39a46b9f54afa3ae07201b678d32a54275b6f1c9ffec356bfc0?s=96&d=mm&r=g\",\"contentUrl\":\"https:\/\/secure.gravatar.com\/avatar\/66994b632cb8c39a46b9f54afa3ae07201b678d32a54275b6f1c9ffec356bfc0?s=96&d=mm&r=g\",\"caption\":\"radekmalina\"},\"url\":\"https:\/\/www.welovecycling.com\/cs\/author\/radekmalina\/\"}]}<\/script>\n<!-- \/ Yoast SEO Premium plugin. -->","yoast_head_json":{"title":"Z\u00a0Brna do Singapuru \u2013 Majk\u016fv z\u00e1pisn\u00edk: Zhubnul jsem patn\u00e1ct kilogram\u016f | \u0160koda We Love Cycling - \u010cesk\u00e1 republika","description":"Z Brna do Singapuru! Michal Kamermeier alias Majk na cest\u00e1ch absolvuje v sedle horsk\u00e9ho kola bl\u00e1znivou cestu nap\u0159\u00ed\u010d zem\u011bkoul\u00ed.","robots":{"index":"index","follow":"follow","max-snippet":"max-snippet:-1","max-image-preview":"max-image-preview:large","max-video-preview":"max-video-preview:-1"},"canonical":"https:\/\/www.welovecycling.com\/cs\/2023\/06\/21\/z-brna-do-singapuru-majkuv-zapisnik-zhubnul-jsem-patnact-kilogramu\/","og_locale":"cs_CZ","og_type":"article","og_title":"Z\u00a0Brna do Singapuru \u2013 Majk\u016fv z\u00e1pisn\u00edk: Zhubnul jsem patn\u00e1ct kilogram\u016f","og_description":"Z Brna do Singapuru! Michal Kamermeier alias Majk na cest\u00e1ch absolvuje v sedle horsk\u00e9ho kola bl\u00e1znivou cestu nap\u0159\u00ed\u010d zem\u011bkoul\u00ed.","og_url":"https:\/\/www.welovecycling.com\/cs\/2023\/06\/21\/z-brna-do-singapuru-majkuv-zapisnik-zhubnul-jsem-patnact-kilogramu\/","og_site_name":"\u0160koda We Love Cycling - \u010cesk\u00e1 republika","article_published_time":"2023-06-21T10:00:53+00:00","article_modified_time":"2023-06-22T07:34:58+00:00","og_image":[{"width":1920,"height":1080,"url":"https:\/\/d2p6e6u75xmxt8.cloudfront.net\/13\/2023\/06\/IMG-20230621-WA0024.webp","type":"image\/webp"}],"author":"radekmalina","twitter_card":"summary_large_image","twitter_misc":{"Written by":"We Love Cycling","Est. reading time":"7"},"schema":{"@context":"https:\/\/schema.org","@graph":[{"@type":"WebPage","@id":"https:\/\/www.welovecycling.com\/cs\/2023\/06\/21\/z-brna-do-singapuru-majkuv-zapisnik-zhubnul-jsem-patnact-kilogramu\/","url":"https:\/\/www.welovecycling.com\/cs\/2023\/06\/21\/z-brna-do-singapuru-majkuv-zapisnik-zhubnul-jsem-patnact-kilogramu\/","name":"Z\u00a0Brna do Singapuru \u2013 Majk\u016fv z\u00e1pisn\u00edk: Zhubnul jsem patn\u00e1ct kilogram\u016f | \u0160koda We Love Cycling - \u010cesk\u00e1 republika","isPartOf":{"@id":"https:\/\/www.welovecycling.com\/cs\/#website"},"primaryImageOfPage":{"@id":"https:\/\/www.welovecycling.com\/cs\/2023\/06\/21\/z-brna-do-singapuru-majkuv-zapisnik-zhubnul-jsem-patnact-kilogramu\/#primaryimage"},"image":{"@id":"https:\/\/www.welovecycling.com\/cs\/2023\/06\/21\/z-brna-do-singapuru-majkuv-zapisnik-zhubnul-jsem-patnact-kilogramu\/#primaryimage"},"thumbnailUrl":"https:\/\/d2p6e6u75xmxt8.cloudfront.net\/13\/2023\/06\/IMG-20230621-WA0024.webp","datePublished":"2023-06-21T10:00:53+00:00","dateModified":"2023-06-22T07:34:58+00:00","author":{"@id":"https:\/\/www.welovecycling.com\/cs\/#\/schema\/person\/d9eeb0a378f3a7e4a6d12d2b536b04b8"},"description":"Z Brna do Singapuru! Michal Kamermeier alias Majk na cest\u00e1ch absolvuje v sedle horsk\u00e9ho kola bl\u00e1znivou cestu nap\u0159\u00ed\u010d zem\u011bkoul\u00ed.","inLanguage":"cs","potentialAction":[{"@type":"ReadAction","target":["https:\/\/www.welovecycling.com\/cs\/2023\/06\/21\/z-brna-do-singapuru-majkuv-zapisnik-zhubnul-jsem-patnact-kilogramu\/"]}]},{"@type":"ImageObject","inLanguage":"cs","@id":"https:\/\/www.welovecycling.com\/cs\/2023\/06\/21\/z-brna-do-singapuru-majkuv-zapisnik-zhubnul-jsem-patnact-kilogramu\/#primaryimage","url":"https:\/\/d2p6e6u75xmxt8.cloudfront.net\/13\/2023\/06\/IMG-20230621-WA0024.webp","contentUrl":"https:\/\/d2p6e6u75xmxt8.cloudfront.net\/13\/2023\/06\/IMG-20230621-WA0024.webp","width":1920,"height":1080},{"@type":"WebSite","@id":"https:\/\/www.welovecycling.com\/cs\/#website","url":"https:\/\/www.welovecycling.com\/cs\/","name":"\u0160koda We Love Cycling - \u010cesk\u00e1 republika","description":"WeLoveCycling.cz je online magaz\u00edn, kter\u00fd v\u00e1m pravideln\u011b p\u0159in\u00e1\u0161\u00ed rady a tipy, zaj\u00edmav\u00e9 \u010dl\u00e1nky, videa a jedine\u010dn\u00e9 report\u00e1\u017ee ze sv\u011bta cyklistiky.","potentialAction":[{"@type":"SearchAction","target":{"@type":"EntryPoint","urlTemplate":"https:\/\/www.welovecycling.com\/cs\/?s={search_term_string}"},"query-input":{"@type":"PropertyValueSpecification","valueRequired":true,"valueName":"search_term_string"}}],"inLanguage":"cs"},{"@type":"Person","@id":"https:\/\/www.welovecycling.com\/cs\/#\/schema\/person\/d9eeb0a378f3a7e4a6d12d2b536b04b8","name":"radekmalina","image":{"@type":"ImageObject","inLanguage":"cs","@id":"https:\/\/www.welovecycling.com\/cs\/#\/schema\/person\/image\/","url":"https:\/\/secure.gravatar.com\/avatar\/66994b632cb8c39a46b9f54afa3ae07201b678d32a54275b6f1c9ffec356bfc0?s=96&d=mm&r=g","contentUrl":"https:\/\/secure.gravatar.com\/avatar\/66994b632cb8c39a46b9f54afa3ae07201b678d32a54275b6f1c9ffec356bfc0?s=96&d=mm&r=g","caption":"radekmalina"},"url":"https:\/\/www.welovecycling.com\/cs\/author\/radekmalina\/"}]}},"_links":{"self":[{"href":"https:\/\/www.welovecycling.com\/cs\/wp-json\/wp\/v2\/posts\/22781","targetHints":{"allow":["GET"]}}],"collection":[{"href":"https:\/\/www.welovecycling.com\/cs\/wp-json\/wp\/v2\/posts"}],"about":[{"href":"https:\/\/www.welovecycling.com\/cs\/wp-json\/wp\/v2\/types\/post"}],"author":[{"embeddable":true,"href":"https:\/\/www.welovecycling.com\/cs\/wp-json\/wp\/v2\/users\/138"}],"replies":[{"embeddable":true,"href":"https:\/\/www.welovecycling.com\/cs\/wp-json\/wp\/v2\/comments?post=22781"}],"version-history":[{"count":3,"href":"https:\/\/www.welovecycling.com\/cs\/wp-json\/wp\/v2\/posts\/22781\/revisions"}],"predecessor-version":[{"id":22788,"href":"https:\/\/www.welovecycling.com\/cs\/wp-json\/wp\/v2\/posts\/22781\/revisions\/22788"}],"wp:featuredmedia":[{"embeddable":true,"href":"https:\/\/www.welovecycling.com\/cs\/wp-json\/wp\/v2\/media\/22784"}],"wp:attachment":[{"href":"https:\/\/www.welovecycling.com\/cs\/wp-json\/wp\/v2\/media?parent=22781"}],"wp:term":[{"taxonomy":"category","embeddable":true,"href":"https:\/\/www.welovecycling.com\/cs\/wp-json\/wp\/v2\/categories?post=22781"},{"taxonomy":"post_tag","embeddable":true,"href":"https:\/\/www.welovecycling.com\/cs\/wp-json\/wp\/v2\/tags?post=22781"},{"taxonomy":"global-categories","embeddable":true,"href":"https:\/\/www.welovecycling.com\/cs\/wp-json\/wp\/v2\/global-categories?post=22781"}],"curies":[{"name":"wp","href":"https:\/\/api.w.org\/{rel}","templated":true}]}}