{"id":22767,"date":"2023-06-22T11:00:31","date_gmt":"2023-06-22T09:00:31","guid":{"rendered":"https:\/\/www.welovecycling.com\/cs\/?p=22767"},"modified":"2023-06-21T22:31:50","modified_gmt":"2023-06-21T20:31:50","slug":"letape-czech-republic-2024-horska-vyzva-o-prazdninach-a-nove-pasaze-v-tradicnim-terminu","status":"publish","type":"post","link":"https:\/\/www.welovecycling.com\/cs\/2023\/06\/22\/letape-czech-republic-2024-horska-vyzva-o-prazdninach-a-nove-pasaze-v-tradicnim-terminu\/","title":{"rendered":"L&#8217;Etape Czech Republic 2024: Horsk\u00e1 v\u00fdzva o pr\u00e1zdnin\u00e1ch a nov\u00e9 pas\u00e1\u017ee v\u00a0tradi\u010dn\u00edm term\u00ednu"},"content":{"rendered":"<p><strong>V\u00fdznamn\u00e9 novinky, a p\u0159edev\u0161\u00edm pak nov\u00e9 v\u00fdzvy p\u0159ipravili organiz\u00e1to\u0159i L&#8217;Etape Czech Republic by Tour de France pro \u010dtvrt\u00e9 pokra\u010dov\u00e1n\u00ed z\u00e1vodu. Nejv\u011bt\u0161\u00ed tuzemsk\u00fd podnik pro amat\u00e9rsk\u00e9 cyklisty spust\u00ed v nejbli\u017e\u0161\u00edch dnech registraci na rok 2024. Milovn\u00edci silni\u010dn\u00edch kol, kter\u00fdm atmosf\u00e9ra akce pod patronac\u00ed Tour de France u\u010darovala, se rozhodn\u011b maj\u00ed na co t\u011b\u0161it.<\/strong><\/p>\n<p>\u201ePojedeme tradi\u010dn\u00ed event v\u00a0ji\u017e klasick\u00e9m term\u00ednu, kopcovit\u00fd z\u00e1vod ve St\u0159edn\u00edch \u010cech\u00e1ch se startem v\u00a0Praze prob\u011bhne 15. \u010dervna. Ov\u0161em ve\u00a0druh\u00e9 polovin\u011b pr\u00e1zdnin, konkr\u00e9tn\u011b 17. srpna 2024, m\u00e1me p\u0159ipravenou novinku v\u00a0podob\u011b horsk\u00e9 etapy!\u201c nasti\u0148uje z\u00e1kladn\u00ed informace Tom\u00e1\u0161 Pravenec, \u0159editel po\u0159\u00e1daj\u00edc\u00ed agentury Petr \u010cech Sport.<\/p>\n<p>A jak budou trasy L&#8217;Etape Czech Republic 2024 vypadat? \u201eZa\u010dneme obl\u00edbenou akc\u00ed se startem na pra\u017esk\u00e9m Strahov\u011b, ze kter\u00e9ho budou op\u011bt cyklist\u00e9 vyr\u00e1\u017eet na t\u0159i varianty tras. Na v\u0161ech v\u0161ak nav\u0161t\u00edv\u00edme nov\u00e9 ter\u00e9ny, a jednotliv\u00e9 trat\u011b tak z\u00e1sadn\u011b obm\u011bn\u00edme. Nep\u016fjde o stoprocentn\u00ed korekci, ale rozhodn\u011b p\u0159iprav\u00edme v\u0161em sportovn\u00edm nad\u0161enc\u016fm nov\u00e9 varianty a p\u0159edstav\u00edme nov\u00e1 m\u00edsta,\u201c popisuje P\u0159emysl Nov\u00e1k, \u0161\u00e9f projektu L&#8217;Etape Czech Republic by Tour de France.<\/p>\n<h2><strong>V srpnu Horsk\u00e1 L&#8217;Etape Czech Republic<\/strong><\/h2>\n<p>Prozrazuje v\u00edce tak\u00e9 z chystan\u00e9 srpnov\u00e9 novinky. \u201eV jej\u00edm pr\u016fb\u011bhu si p\u0159ijdou na sv\u00e9 zejm\u00e9na vrcha\u0159i. P\u016fjde o horskou etapu, kter\u00e1 bude \u010d\u00edtat zhruba 2500 v\u00fd\u0161kov\u00fdch metr\u016f a maxim\u00e1ln\u00ed d\u00e9lka bude atakovat sto deset kilometr\u016f. M\u00edsto a p\u0159esnou podobu trasy zve\u0159ejn\u00edme v pr\u016fb\u011bhu listopadu. Mohu prozradit, \u017ee se jedn\u00e1 o n\u00e1dhernou lokaci v jedn\u00e9 p\u0159\u00edhrani\u010dn\u00ed oblasti.\u201c<\/p>\n<p>Rychlostn\u00ed pr\u016fm\u011bry \u010dervnov\u00e9 klasiky z\u016fstanou zachov\u00e1ny, jen na Dlouh\u00e9 trase p\u0159ibude limit vztahuj\u00edc\u00ed se \u010dist\u011b na \u017eeny. Pro Dlouhou trasu tak budou limity nastaveny na \u00farovni 28 kilometr\u016f v hodin\u011b pro mu\u017ee a 26 kilometr\u016f pro \u017eeny. Pro St\u0159edn\u00ed trasu 22 kilometr\u016f v hodin\u011b a pro Kr\u00e1tkou trasu 18 kilometr\u016f v hodin\u011b.<\/p>\n<figure id=\"attachment_22770\" aria-describedby=\"caption-attachment-22770\" style=\"width: 1920px\" class=\"wp-caption alignnone\"><a href=\"https:\/\/d2p6e6u75xmxt8.cloudfront.net\/13\/2023\/06\/Letape-komplet-163-scaled.webp\"><img loading=\"lazy\" decoding=\"async\" class=\"size-extra-large wp-image-22770\" src=\"https:\/\/d2p6e6u75xmxt8.cloudfront.net\/13\/2023\/06\/Letape-komplet-163-1920x1281.webp\" alt=\"L'Etape Czech Republic\" width=\"1920\" height=\"1281\" srcset=\"https:\/\/d2p6e6u75xmxt8.cloudfront.net\/13\/2023\/06\/Letape-komplet-163-1920x1281.webp 1920w, https:\/\/d2p6e6u75xmxt8.cloudfront.net\/13\/2023\/06\/Letape-komplet-163-300x200.webp 300w, https:\/\/d2p6e6u75xmxt8.cloudfront.net\/13\/2023\/06\/Letape-komplet-163-1024x683.webp 1024w, https:\/\/d2p6e6u75xmxt8.cloudfront.net\/13\/2023\/06\/Letape-komplet-163-768x512.webp 768w, https:\/\/d2p6e6u75xmxt8.cloudfront.net\/13\/2023\/06\/Letape-komplet-163-1536x1025.webp 1536w, https:\/\/d2p6e6u75xmxt8.cloudfront.net\/13\/2023\/06\/Letape-komplet-163-2048x1366.webp 2048w, https:\/\/d2p6e6u75xmxt8.cloudfront.net\/13\/2023\/06\/Letape-komplet-163-400x267.webp 400w, https:\/\/d2p6e6u75xmxt8.cloudfront.net\/13\/2023\/06\/Letape-komplet-163-272x182.webp 272w, https:\/\/d2p6e6u75xmxt8.cloudfront.net\/13\/2023\/06\/Letape-komplet-163-1920x1281.webp 1920w\" sizes=\"auto, (max-width: 1920px) 100vw, 1920px\" \/><\/a><figcaption id=\"caption-attachment-22770\" class=\"wp-caption-text\"><em>L&#8217;Etape Czech Republic by Tour de France 2023 nadchla atmosf\u00e9rou. Foto: Old\u0159ich Drnec<\/em><\/figcaption><\/figure>\n<p>V p\u0159\u00edpad\u011b Horsk\u00e9 etapy bude rychlostn\u00ed pr\u016fm\u011br mezi 20 a 22 kilometr\u016f v hodin\u011b. \u201eNechceme horskou variantu z\u00e1vodu dop\u0159\u00e1t jen vyvolen\u00fdm. Jde n\u00e1m o sd\u00edlen\u00ed z\u00e1\u017eitk\u016f. Pr\u016fm\u011br bude nastaven\u00fd tak, aby trasu mohl absolvovat i \u010dlov\u011bk, kter\u00fd nem\u00e1 prostor tr\u00e9novat \u0161estn\u00e1ct hodin t\u00fddn\u011b,\u201c vysv\u011btluje P\u0159emysl Nov\u00e1k s\u00a0t\u00edm, \u017ee kapacita horsk\u00e9 etapy bude p\u0159i premi\u00e9\u0159e tis\u00edc cyklist\u016f.<\/p>\n<div class=\"shortcode-ys-post-pinup\"><article class=\"loop-simple post-22619 post type-post status-publish format-standard has-post-thumbnail hentry category-letape-czech-republic tag-cyklistika tag-jakub-otruba tag-jan-svorada tag-letape-czech-republic-by-tour-de-france-2023 tag-martina-sablikova tag-silnicni-cyklistika tag-tomas-babek tag-zdenek-stybar global-categories-cycling\" data-postid=\"22619\" role=\"article\" data-post-id=\"22619\" data-word-count=\"648\" data-headline-length=\"69\" data-category=\"L&#039;Etape Czech Republic\" data-global-category=\"Cycling\" data-author=\"We Love Cycling\" data-published=\"2023-06-11T10:11:20+02:00\" data-published-day=\"Sunday\">\n    <div class=\"entry-thumbnail article-thumbnail\" content=\"https:\/\/d2p6e6u75xmxt8.cloudfront.net\/13\/2023\/06\/image1-150x150.webp\"><a href=\"https:\/\/www.welovecycling.com\/cs\/2023\/06\/11\/letape-2023-cernozlute-silenstvi-ve-jmenu-stare-damy\/\" class=\"image-holder\" target=\"_self\"><img decoding=\"async\" loading=\"lazy\" class=\"\" src=\"https:\/\/d2p6e6u75xmxt8.cloudfront.net\/13\/2023\/06\/image1-1024x683.webp\" srcset=\"https:\/\/d2p6e6u75xmxt8.cloudfront.net\/13\/2023\/06\/image1-scaled.webp 2560w, https:\/\/d2p6e6u75xmxt8.cloudfront.net\/13\/2023\/06\/image1-300x200.webp 300w, https:\/\/d2p6e6u75xmxt8.cloudfront.net\/13\/2023\/06\/image1-1024x683.webp 1024w, https:\/\/d2p6e6u75xmxt8.cloudfront.net\/13\/2023\/06\/image1-768x512.webp 768w, https:\/\/d2p6e6u75xmxt8.cloudfront.net\/13\/2023\/06\/image1-1536x1024.webp 1536w, https:\/\/d2p6e6u75xmxt8.cloudfront.net\/13\/2023\/06\/image1-2048x1365.webp 2048w, https:\/\/d2p6e6u75xmxt8.cloudfront.net\/13\/2023\/06\/image1-1920x1280.webp 1920w, https:\/\/d2p6e6u75xmxt8.cloudfront.net\/13\/2023\/06\/image1-400x267.webp 400w, https:\/\/d2p6e6u75xmxt8.cloudfront.net\/13\/2023\/06\/image1-272x182.webp 272w, https:\/\/d2p6e6u75xmxt8.cloudfront.net\/13\/2023\/06\/image1-1920x1280.webp 1920w\" width=\"1024\" height=\"683\" sizes=\"auto, (min-width: 1200px) 300px, (min-width: 768px) 25vw, 100vw\" alt=\"letape-2023-cernozlute-silenstvi-ve-jmenu-stare-damy\"\/><\/a><\/div>    <div class=\"entry-meta\">\n        <a class=\"label label-secondary post-category\" href=\"https:\/\/www.welovecycling.com\/cs\/category\/letape-czech-republic\/\" title=\"L'Etape Czech Republic\">L'Etape Czech Republic<\/a>\n    <\/div>\n    <div class=\"entry-details\">\n        <a href=\"https:\/\/www.welovecycling.com\/cs\/2023\/06\/11\/letape-2023-cernozlute-silenstvi-ve-jmenu-stare-damy\/\" class='entry-title-wrapper'>\n            <h3 class=\"entry-title\"><span>L&#8217;Etape 2023: \u010derno\u017elut\u00e9 \u0161\u00edlenstv\u00ed ve jm\u00e9nu Star\u00e9 d\u00e1my<\/span><\/h3>\n        <\/a>\n    <\/div>\n    <\/article>\n<\/div>\n<p>\u201eUp\u0159\u00edmn\u011b o\u010dek\u00e1v\u00e1m, \u017ee tis\u00edcovka z\u00e1jemc\u016f si sv\u00e1 m\u00edsta rozebere b\u011bhem n\u011bkolika m\u00e1lo t\u00fddn\u016f. Ov\u011b\u0159ili jsme si, jak\u00fdm je silni\u010dn\u00ed cyklistika fenom\u00e9nem a jak\u00e9 nad\u0161en\u00ed vzbuzuje mezi jezdci i fanou\u0161ky. Horsk\u00e1 etapa, kter\u00e1 op\u011bt o n\u011bco v\u00edce p\u0159ibl\u00ed\u017e\u00ed amat\u00e9rsk\u00e9 jezdce z\u00e1\u017eitk\u016fm velk\u00e9 Tour, byla na\u0161\u00edm dlouhodob\u00fdm snem a jsem \u0161\u0165astn\u00fd, \u017ee se ji\u017e pro rok 2024 stane realitou.\u201c<\/p>\n<h2><strong>Dlouh\u00e1 trasa v\u00fdzvou pro borce ze St\u0159edn\u00ed<\/strong><\/h2>\n<p>Jasn\u011b dan\u00fd limit na mno\u017estv\u00ed \u00fa\u010dastn\u00edk\u016f \u010dek\u00e1 tak\u00e9 tradi\u010dn\u00ed \u010dervnov\u00fd event L&#8217;Etape Czech Republic 2024. Dlouh\u00e1 trasa pojme a\u017e tis\u00edc cyklist\u016f, St\u0159edn\u00ed trasa maxim\u00e1ln\u011b 1500 z\u00e1vodn\u00edk\u016f a Kr\u00e1tk\u00e1 trasa 1000 startuj\u00edc\u00edch. Maxim\u00e1ln\u00ed kapacita tak bude pevn\u011b stanovena na 3500 \u00fa\u010dastn\u00edk\u016f a organiz\u00e1to\u0159i sou\u010dasn\u011b garantuj\u00ed, \u017ee mno\u017estv\u00ed \u00fa\u010dastn\u00edk\u016f se nebude navy\u0161ovat.<\/p>\n<p>\u201eP\u0159i sou\u010dasn\u00e9m aran\u017em\u00e1 jsme si vyhodnotili 3500 \u00fa\u010dastn\u00edk\u016f jako absolutn\u00ed mo\u017en\u00e9 maximum. Ne\u017e na zvy\u0161ov\u00e1n\u00ed po\u010dtu cyklist\u016f budeme pracovat na harmonogramu a itiner\u00e1\u0159i, aby napojen\u00ed Kr\u00e1tk\u00e9 trasy na St\u0159edn\u00ed, respektive Dlouhou trasu bylo plynul\u00e9 a zcela bezprobl\u00e9mov\u00e9. A pokud na St\u0159edn\u00ed trase p\u0159es\u00e1hne po\u010det p\u0159ihl\u00e1\u0161en\u00fdch tis\u00edc z\u00e1vodn\u00edk\u016f, budeme \u0159e\u0161it start ve dvou vln\u00e1ch,\u201c zd\u016fraz\u0148uje P\u0159emysl Nov\u00e1k, kter\u00fd oproti pr\u00e1v\u011b skon\u010den\u00e9mu ro\u010dn\u00edku 2023 o\u010dek\u00e1v\u00e1 nejv\u011bt\u0161\u00ed p\u0159eliv \u00fa\u010dastn\u00edk\u016f mezi dv\u011bma nejdel\u0161\u00edmi variantami. \u201eT\u0159et\u00ed ro\u010dn\u00edk uk\u00e1zal, \u017ee mnoho cyklist\u016f ze St\u0159edn\u00ed trasy bylo ve skv\u011bl\u00e9 form\u011b. V\u011b\u0159\u00edme, \u017ee pro n\u011b bude v\u00fdzvou p\u0159ipravit se na absolvov\u00e1n\u00ed Dlouh\u00e9 trasy, kter\u00e1 bude nepatrn\u011b zkr\u00e1cena a po\u010det v\u00fd\u0161kov\u00fdch metr\u016f m\u00edrn\u011b klesne.\u201c<\/p>\n<figure id=\"attachment_22777\" aria-describedby=\"caption-attachment-22777\" style=\"width: 1920px\" class=\"wp-caption alignnone\"><a href=\"https:\/\/d2p6e6u75xmxt8.cloudfront.net\/13\/2023\/06\/Letape-komplet-109-scaled.webp\"><img loading=\"lazy\" decoding=\"async\" class=\"size-extra-large wp-image-22777\" src=\"https:\/\/d2p6e6u75xmxt8.cloudfront.net\/13\/2023\/06\/Letape-komplet-109-1920x1281.webp\" alt=\"L'Etape Czech Republic\" width=\"1920\" height=\"1281\" srcset=\"https:\/\/d2p6e6u75xmxt8.cloudfront.net\/13\/2023\/06\/Letape-komplet-109-1920x1281.webp 1920w, https:\/\/d2p6e6u75xmxt8.cloudfront.net\/13\/2023\/06\/Letape-komplet-109-300x200.webp 300w, https:\/\/d2p6e6u75xmxt8.cloudfront.net\/13\/2023\/06\/Letape-komplet-109-1024x683.webp 1024w, https:\/\/d2p6e6u75xmxt8.cloudfront.net\/13\/2023\/06\/Letape-komplet-109-768x512.webp 768w, https:\/\/d2p6e6u75xmxt8.cloudfront.net\/13\/2023\/06\/Letape-komplet-109-1536x1025.webp 1536w, https:\/\/d2p6e6u75xmxt8.cloudfront.net\/13\/2023\/06\/Letape-komplet-109-2048x1366.webp 2048w, https:\/\/d2p6e6u75xmxt8.cloudfront.net\/13\/2023\/06\/Letape-komplet-109-400x267.webp 400w, https:\/\/d2p6e6u75xmxt8.cloudfront.net\/13\/2023\/06\/Letape-komplet-109-272x182.webp 272w, https:\/\/d2p6e6u75xmxt8.cloudfront.net\/13\/2023\/06\/Letape-komplet-109-1920x1281.webp 1920w\" sizes=\"auto, (max-width: 1920px) 100vw, 1920px\" \/><\/a><figcaption id=\"caption-attachment-22777\" class=\"wp-caption-text\"><em>L&#8217;Etape Czech Republic 2023 absolvoval i Zden\u011bk \u0160tybar. Foto: Old\u0159ich Drnec<\/em><\/figcaption><\/figure>\n<p>Velk\u00e1 pozornost bude op\u011bt v\u011bnov\u00e1na tak\u00e9 nejkrat\u0161\u00ed trase, kter\u00e1 b\u011bhem prvn\u00edho ro\u010dn\u00edku potvrdila o\u010dek\u00e1v\u00e1n\u00ed organiz\u00e1tor\u016f. \u201eKr\u00e1tk\u00e1 trasa zafungovala jako l\u00e1kadlo pro nov\u00e9 milovn\u00edky silni\u010dn\u00ed cyklistiky a tak\u00e9 \u017eeny, kter\u00fdch bylo na nejkrat\u0161\u00ed distanci p\u0159es dvacet procent. V\u00a0tomto nastaven\u00e9m trendu budeme samoz\u0159ejm\u011b pokra\u010dovat. Chceme z\u00e1\u017eitek z\u00a0jedine\u010dn\u00e9 atmosf\u00e9ry z\u00e1vodu dop\u0159\u00e1t i lidem, pro n\u011b\u017e je cyklistika v\u00edcem\u00e9n\u011b jen v\u00edkendovou z\u00e1le\u017eitost\u00ed,\u201c objas\u0148uje P\u0159emysl Nov\u00e1k filosofii cel\u00e9ho eventu.<\/p>\n<div class=\"shortcode-ys-post-pinup\"><article class=\"loop-simple post-22684 post type-post status-publish format-standard has-post-thumbnail hentry category-tour-de-france tag-cyklistika tag-dokument tag-dokumentarni-serial tag-jonas-vingegaard tag-netflix tag-silnicni-cyklistika tag-tadej-pogacar tag-tour-de-france tag-wout-van-aert global-categories-cycling\" data-postid=\"22684\" role=\"article\" data-post-id=\"22684\" data-word-count=\"543\" data-headline-length=\"97\" data-category=\"Tour de France\" data-global-category=\"Cycling\" data-author=\"Marek Novotn\u00fd\" data-published=\"2023-06-13T17:00:54+02:00\" data-published-day=\"Tuesday\">\n    <div class=\"entry-thumbnail article-thumbnail\" content=\"https:\/\/d2p6e6u75xmxt8.cloudfront.net\/13\/2023\/06\/TDF-150x150.webp\"><a href=\"https:\/\/www.welovecycling.com\/cs\/2023\/06\/13\/demoni-v-hlavach-slzy-sadismus-v-sedle-pribehy-obycejneho-silenstvi-tour-de-france\/\" class=\"image-holder\" target=\"_self\"><img decoding=\"async\" loading=\"lazy\" class=\"\" src=\"https:\/\/d2p6e6u75xmxt8.cloudfront.net\/13\/2023\/06\/TDF-1024x682.webp\" srcset=\"https:\/\/d2p6e6u75xmxt8.cloudfront.net\/13\/2023\/06\/TDF.webp 2048w, https:\/\/d2p6e6u75xmxt8.cloudfront.net\/13\/2023\/06\/TDF-300x200.webp 300w, https:\/\/d2p6e6u75xmxt8.cloudfront.net\/13\/2023\/06\/TDF-1024x682.webp 1024w, https:\/\/d2p6e6u75xmxt8.cloudfront.net\/13\/2023\/06\/TDF-768x512.webp 768w, https:\/\/d2p6e6u75xmxt8.cloudfront.net\/13\/2023\/06\/TDF-1536x1023.webp 1536w, https:\/\/d2p6e6u75xmxt8.cloudfront.net\/13\/2023\/06\/TDF-1920x1279.webp 1920w, https:\/\/d2p6e6u75xmxt8.cloudfront.net\/13\/2023\/06\/TDF-400x266.webp 400w, https:\/\/d2p6e6u75xmxt8.cloudfront.net\/13\/2023\/06\/TDF-272x182.webp 272w, https:\/\/d2p6e6u75xmxt8.cloudfront.net\/13\/2023\/06\/TDF-1920x1279.webp 1920w\" width=\"1024\" height=\"682\" sizes=\"auto, (min-width: 1200px) 300px, (min-width: 768px) 25vw, 100vw\" alt=\"demoni-v-hlavach-slzy-sadismus-v-sedle-pribehy-obycejneho-silenstvi-tour-de-france\"\/><\/a><\/div>    <div class=\"entry-meta\">\n        <a class=\"label label-secondary post-category\" href=\"https:\/\/www.welovecycling.com\/cs\/category\/tour-de-france\/\" title=\"Tour de France\">Tour de France<\/a>\n    <\/div>\n    <div class=\"entry-details\">\n        <a href=\"https:\/\/www.welovecycling.com\/cs\/2023\/06\/13\/demoni-v-hlavach-slzy-sadismus-v-sedle-pribehy-obycejneho-silenstvi-tour-de-france\/\" class='entry-title-wrapper'>\n            <h3 class=\"entry-title\"><span>D\u00e9moni v\u00a0hlav\u00e1ch, slzy, sadismus v\u00a0sedle? P\u0159\u00edb\u011bhy oby\u010dejn\u00e9ho \u0161\u00edlenstv\u00ed Tour de France<\/span><\/h3>\n        <\/a>\n    <\/div>\n    <\/article>\n<\/div>\n<p>V prvn\u00ed vln\u011b prodeje na nov\u00fd ro\u010dn\u00edk se za mimo\u0159\u00e1dn\u011b v\u00fdhodn\u00fdch podm\u00ednek budou moct hl\u00e1sit \u010dlenov\u00e9 Founders klubu L&#8217;Etape Czech Republic a \u00fa\u010dastn\u00edci leto\u0161n\u00edho ro\u010dn\u00edku. Dal\u0161\u00ed registra\u010dn\u00ed vlna pak bude spu\u0161t\u011bna p\u0159i Tour de France, pod jej\u00ed\u017e patronac\u00ed se nejv\u011bt\u0161\u00ed tuzemsk\u00fd z\u00e1vod pro hobby cyklisty na silnici kon\u00e1.<\/p>\n","protected":false},"excerpt":{"rendered":"<p>V\u00fdznamn\u00e9 novinky, a p\u0159edev\u0161\u00edm pak nov\u00e9 v\u00fdzvy p\u0159ipravili organiz\u00e1to\u0159i L&#8217;Etape Czech Republic by Tour de France pro \u010dtvrt\u00e9 pokra\u010dov\u00e1n\u00ed z\u00e1vodu. [&hellip;]<\/p>\n","protected":false},"author":138,"featured_media":22768,"comment_status":"open","ping_status":"open","sticky":false,"template":"","format":"standard","meta":{"footnotes":""},"categories":[1564],"tags":[126,1287,3082,3093,9],"global-categories":[411],"class_list":["post-22767","post","type-post","status-publish","format-standard","has-post-thumbnail","hentry","category-letape-czech-republic","tag-cyklistika","tag-letape-czech-republic","tag-letape-czech-republic-2023","tag-letape-czech-republic-2024","tag-silnicni-cyklistika","global-categories-cycling"],"yoast_head":"<!-- This site is optimized with the Yoast SEO Premium plugin v25.3 (Yoast SEO v25.9) - https:\/\/yoast.com\/wordpress\/plugins\/seo\/ -->\n<title>L&#039;Etape Czech Republic 2024: Horsk\u00e1 v\u00fdzva o pr\u00e1zdnin\u00e1ch a nov\u00e9 pas\u00e1\u017ee v\u00a0tradi\u010dn\u00edm term\u00ednu | \u0160koda We Love Cycling - \u010cesk\u00e1 republika<\/title>\n<meta name=\"description\" content=\"V\u00fdznamn\u00e9 novinky, a p\u0159edev\u0161\u00edm pak nov\u00e9 v\u00fdzvy p\u0159ipravili organiz\u00e1to\u0159i L&#039;Etape Czech Republic by Tour de France pro \u010dtvrt\u00e9 pokra\u010dov\u00e1n\u00ed z\u00e1vodu. Nejv\u011bt\u0161\u00ed tuzemsk\u00fd podnik pro amat\u00e9rsk\u00e9 cyklisty spust\u00ed v nejbli\u017e\u0161\u00edch dnech registraci na rok 2024 a milovn\u00edci silni\u010dn\u00edch kol, kter\u00fdm atmosf\u00e9ra akce pod patronac\u00ed Tour de France u\u010darovala, se rozhodn\u011b maj\u00ed na co t\u011b\u0161it.\" \/>\n<meta name=\"robots\" content=\"index, follow, max-snippet:-1, max-image-preview:large, max-video-preview:-1\" \/>\n<link rel=\"canonical\" href=\"https:\/\/www.welovecycling.com\/cs\/2023\/06\/22\/letape-czech-republic-2024-horska-vyzva-o-prazdninach-a-nove-pasaze-v-tradicnim-terminu\/\" \/>\n<meta property=\"og:locale\" content=\"cs_CZ\" \/>\n<meta property=\"og:type\" content=\"article\" \/>\n<meta property=\"og:title\" content=\"L&#039;Etape Czech Republic 2024: Horsk\u00e1 v\u00fdzva o pr\u00e1zdnin\u00e1ch a nov\u00e9 pas\u00e1\u017ee v\u00a0tradi\u010dn\u00edm term\u00ednu\" \/>\n<meta property=\"og:description\" content=\"V\u00fdznamn\u00e9 novinky, a p\u0159edev\u0161\u00edm pak nov\u00e9 v\u00fdzvy p\u0159ipravili organiz\u00e1to\u0159i L&#039;Etape Czech Republic by Tour de France pro \u010dtvrt\u00e9 pokra\u010dov\u00e1n\u00ed z\u00e1vodu. Nejv\u011bt\u0161\u00ed tuzemsk\u00fd podnik pro amat\u00e9rsk\u00e9 cyklisty spust\u00ed v nejbli\u017e\u0161\u00edch dnech registraci na rok 2024 a milovn\u00edci silni\u010dn\u00edch kol, kter\u00fdm atmosf\u00e9ra akce pod patronac\u00ed Tour de France u\u010darovala, se rozhodn\u011b maj\u00ed na co t\u011b\u0161it.\" \/>\n<meta property=\"og:url\" content=\"https:\/\/www.welovecycling.com\/cs\/2023\/06\/22\/letape-czech-republic-2024-horska-vyzva-o-prazdninach-a-nove-pasaze-v-tradicnim-terminu\/\" \/>\n<meta property=\"og:site_name\" content=\"\u0160koda We Love Cycling - \u010cesk\u00e1 republika\" \/>\n<meta property=\"article:published_time\" content=\"2023-06-22T09:00:31+00:00\" \/>\n<meta property=\"og:image\" content=\"https:\/\/d2p6e6u75xmxt8.cloudfront.net\/13\/2023\/06\/Letape-komplet-142-scaled.webp\" \/>\n\t<meta property=\"og:image:width\" content=\"2560\" \/>\n\t<meta property=\"og:image:height\" content=\"1707\" \/>\n\t<meta property=\"og:image:type\" content=\"image\/webp\" \/>\n<meta name=\"author\" content=\"radekmalina\" \/>\n<meta name=\"twitter:card\" content=\"summary_large_image\" \/>\n<meta name=\"twitter:label1\" content=\"Written by\" \/>\n\t<meta name=\"twitter:data1\" content=\"Marek Novotn\u00fd\" \/>\n\t<meta name=\"twitter:label2\" content=\"Est. reading time\" \/>\n\t<meta name=\"twitter:data2\" content=\"6\" \/>\n<script type=\"application\/ld+json\" class=\"yoast-schema-graph\">{\"@context\":\"https:\/\/schema.org\",\"@graph\":[{\"@type\":\"WebPage\",\"@id\":\"https:\/\/www.welovecycling.com\/cs\/2023\/06\/22\/letape-czech-republic-2024-horska-vyzva-o-prazdninach-a-nove-pasaze-v-tradicnim-terminu\/\",\"url\":\"https:\/\/www.welovecycling.com\/cs\/2023\/06\/22\/letape-czech-republic-2024-horska-vyzva-o-prazdninach-a-nove-pasaze-v-tradicnim-terminu\/\",\"name\":\"L'Etape Czech Republic 2024: Horsk\u00e1 v\u00fdzva o pr\u00e1zdnin\u00e1ch a nov\u00e9 pas\u00e1\u017ee v\u00a0tradi\u010dn\u00edm term\u00ednu | \u0160koda We Love Cycling - \u010cesk\u00e1 republika\",\"isPartOf\":{\"@id\":\"https:\/\/www.welovecycling.com\/cs\/#website\"},\"primaryImageOfPage\":{\"@id\":\"https:\/\/www.welovecycling.com\/cs\/2023\/06\/22\/letape-czech-republic-2024-horska-vyzva-o-prazdninach-a-nove-pasaze-v-tradicnim-terminu\/#primaryimage\"},\"image\":{\"@id\":\"https:\/\/www.welovecycling.com\/cs\/2023\/06\/22\/letape-czech-republic-2024-horska-vyzva-o-prazdninach-a-nove-pasaze-v-tradicnim-terminu\/#primaryimage\"},\"thumbnailUrl\":\"https:\/\/d2p6e6u75xmxt8.cloudfront.net\/13\/2023\/06\/Letape-komplet-142-scaled.webp\",\"datePublished\":\"2023-06-22T09:00:31+00:00\",\"author\":{\"@id\":\"https:\/\/www.welovecycling.com\/cs\/#\/schema\/person\/d9eeb0a378f3a7e4a6d12d2b536b04b8\"},\"description\":\"V\u00fdznamn\u00e9 novinky, a p\u0159edev\u0161\u00edm pak nov\u00e9 v\u00fdzvy p\u0159ipravili organiz\u00e1to\u0159i L'Etape Czech Republic by Tour de France pro \u010dtvrt\u00e9 pokra\u010dov\u00e1n\u00ed z\u00e1vodu. Nejv\u011bt\u0161\u00ed tuzemsk\u00fd podnik pro amat\u00e9rsk\u00e9 cyklisty spust\u00ed v nejbli\u017e\u0161\u00edch dnech registraci na rok 2024 a milovn\u00edci silni\u010dn\u00edch kol, kter\u00fdm atmosf\u00e9ra akce pod patronac\u00ed Tour de France u\u010darovala, se rozhodn\u011b maj\u00ed na co t\u011b\u0161it.\",\"inLanguage\":\"cs\",\"potentialAction\":[{\"@type\":\"ReadAction\",\"target\":[\"https:\/\/www.welovecycling.com\/cs\/2023\/06\/22\/letape-czech-republic-2024-horska-vyzva-o-prazdninach-a-nove-pasaze-v-tradicnim-terminu\/\"]}]},{\"@type\":\"ImageObject\",\"inLanguage\":\"cs\",\"@id\":\"https:\/\/www.welovecycling.com\/cs\/2023\/06\/22\/letape-czech-republic-2024-horska-vyzva-o-prazdninach-a-nove-pasaze-v-tradicnim-terminu\/#primaryimage\",\"url\":\"https:\/\/d2p6e6u75xmxt8.cloudfront.net\/13\/2023\/06\/Letape-komplet-142-scaled.webp\",\"contentUrl\":\"https:\/\/d2p6e6u75xmxt8.cloudfront.net\/13\/2023\/06\/Letape-komplet-142-scaled.webp\",\"width\":2560,\"height\":1707},{\"@type\":\"WebSite\",\"@id\":\"https:\/\/www.welovecycling.com\/cs\/#website\",\"url\":\"https:\/\/www.welovecycling.com\/cs\/\",\"name\":\"\u0160koda We Love Cycling - \u010cesk\u00e1 republika\",\"description\":\"WeLoveCycling.cz je online magaz\u00edn, kter\u00fd v\u00e1m pravideln\u011b p\u0159in\u00e1\u0161\u00ed rady a tipy, zaj\u00edmav\u00e9 \u010dl\u00e1nky, videa a jedine\u010dn\u00e9 report\u00e1\u017ee ze sv\u011bta cyklistiky.\",\"potentialAction\":[{\"@type\":\"SearchAction\",\"target\":{\"@type\":\"EntryPoint\",\"urlTemplate\":\"https:\/\/www.welovecycling.com\/cs\/?s={search_term_string}\"},\"query-input\":{\"@type\":\"PropertyValueSpecification\",\"valueRequired\":true,\"valueName\":\"search_term_string\"}}],\"inLanguage\":\"cs\"},{\"@type\":\"Person\",\"@id\":\"https:\/\/www.welovecycling.com\/cs\/#\/schema\/person\/d9eeb0a378f3a7e4a6d12d2b536b04b8\",\"name\":\"radekmalina\",\"image\":{\"@type\":\"ImageObject\",\"inLanguage\":\"cs\",\"@id\":\"https:\/\/www.welovecycling.com\/cs\/#\/schema\/person\/image\/\",\"url\":\"https:\/\/secure.gravatar.com\/avatar\/66994b632cb8c39a46b9f54afa3ae07201b678d32a54275b6f1c9ffec356bfc0?s=96&d=mm&r=g\",\"contentUrl\":\"https:\/\/secure.gravatar.com\/avatar\/66994b632cb8c39a46b9f54afa3ae07201b678d32a54275b6f1c9ffec356bfc0?s=96&d=mm&r=g\",\"caption\":\"radekmalina\"},\"url\":\"https:\/\/www.welovecycling.com\/cs\/author\/radekmalina\/\"}]}<\/script>\n<!-- \/ Yoast SEO Premium plugin. -->","yoast_head_json":{"title":"L'Etape Czech Republic 2024: Horsk\u00e1 v\u00fdzva o pr\u00e1zdnin\u00e1ch a nov\u00e9 pas\u00e1\u017ee v\u00a0tradi\u010dn\u00edm term\u00ednu | \u0160koda We Love Cycling - \u010cesk\u00e1 republika","description":"V\u00fdznamn\u00e9 novinky, a p\u0159edev\u0161\u00edm pak nov\u00e9 v\u00fdzvy p\u0159ipravili organiz\u00e1to\u0159i L'Etape Czech Republic by Tour de France pro \u010dtvrt\u00e9 pokra\u010dov\u00e1n\u00ed z\u00e1vodu. Nejv\u011bt\u0161\u00ed tuzemsk\u00fd podnik pro amat\u00e9rsk\u00e9 cyklisty spust\u00ed v nejbli\u017e\u0161\u00edch dnech registraci na rok 2024 a milovn\u00edci silni\u010dn\u00edch kol, kter\u00fdm atmosf\u00e9ra akce pod patronac\u00ed Tour de France u\u010darovala, se rozhodn\u011b maj\u00ed na co t\u011b\u0161it.","robots":{"index":"index","follow":"follow","max-snippet":"max-snippet:-1","max-image-preview":"max-image-preview:large","max-video-preview":"max-video-preview:-1"},"canonical":"https:\/\/www.welovecycling.com\/cs\/2023\/06\/22\/letape-czech-republic-2024-horska-vyzva-o-prazdninach-a-nove-pasaze-v-tradicnim-terminu\/","og_locale":"cs_CZ","og_type":"article","og_title":"L'Etape Czech Republic 2024: Horsk\u00e1 v\u00fdzva o pr\u00e1zdnin\u00e1ch a nov\u00e9 pas\u00e1\u017ee v\u00a0tradi\u010dn\u00edm term\u00ednu","og_description":"V\u00fdznamn\u00e9 novinky, a p\u0159edev\u0161\u00edm pak nov\u00e9 v\u00fdzvy p\u0159ipravili organiz\u00e1to\u0159i L'Etape Czech Republic by Tour de France pro \u010dtvrt\u00e9 pokra\u010dov\u00e1n\u00ed z\u00e1vodu. Nejv\u011bt\u0161\u00ed tuzemsk\u00fd podnik pro amat\u00e9rsk\u00e9 cyklisty spust\u00ed v nejbli\u017e\u0161\u00edch dnech registraci na rok 2024 a milovn\u00edci silni\u010dn\u00edch kol, kter\u00fdm atmosf\u00e9ra akce pod patronac\u00ed Tour de France u\u010darovala, se rozhodn\u011b maj\u00ed na co t\u011b\u0161it.","og_url":"https:\/\/www.welovecycling.com\/cs\/2023\/06\/22\/letape-czech-republic-2024-horska-vyzva-o-prazdninach-a-nove-pasaze-v-tradicnim-terminu\/","og_site_name":"\u0160koda We Love Cycling - \u010cesk\u00e1 republika","article_published_time":"2023-06-22T09:00:31+00:00","og_image":[{"width":2560,"height":1707,"url":"https:\/\/d2p6e6u75xmxt8.cloudfront.net\/13\/2023\/06\/Letape-komplet-142-scaled.webp","type":"image\/webp"}],"author":"radekmalina","twitter_card":"summary_large_image","twitter_misc":{"Written by":"Marek Novotn\u00fd","Est. reading time":"6"},"schema":{"@context":"https:\/\/schema.org","@graph":[{"@type":"WebPage","@id":"https:\/\/www.welovecycling.com\/cs\/2023\/06\/22\/letape-czech-republic-2024-horska-vyzva-o-prazdninach-a-nove-pasaze-v-tradicnim-terminu\/","url":"https:\/\/www.welovecycling.com\/cs\/2023\/06\/22\/letape-czech-republic-2024-horska-vyzva-o-prazdninach-a-nove-pasaze-v-tradicnim-terminu\/","name":"L'Etape Czech Republic 2024: Horsk\u00e1 v\u00fdzva o pr\u00e1zdnin\u00e1ch a nov\u00e9 pas\u00e1\u017ee v\u00a0tradi\u010dn\u00edm term\u00ednu | \u0160koda We Love Cycling - \u010cesk\u00e1 republika","isPartOf":{"@id":"https:\/\/www.welovecycling.com\/cs\/#website"},"primaryImageOfPage":{"@id":"https:\/\/www.welovecycling.com\/cs\/2023\/06\/22\/letape-czech-republic-2024-horska-vyzva-o-prazdninach-a-nove-pasaze-v-tradicnim-terminu\/#primaryimage"},"image":{"@id":"https:\/\/www.welovecycling.com\/cs\/2023\/06\/22\/letape-czech-republic-2024-horska-vyzva-o-prazdninach-a-nove-pasaze-v-tradicnim-terminu\/#primaryimage"},"thumbnailUrl":"https:\/\/d2p6e6u75xmxt8.cloudfront.net\/13\/2023\/06\/Letape-komplet-142-scaled.webp","datePublished":"2023-06-22T09:00:31+00:00","author":{"@id":"https:\/\/www.welovecycling.com\/cs\/#\/schema\/person\/d9eeb0a378f3a7e4a6d12d2b536b04b8"},"description":"V\u00fdznamn\u00e9 novinky, a p\u0159edev\u0161\u00edm pak nov\u00e9 v\u00fdzvy p\u0159ipravili organiz\u00e1to\u0159i L'Etape Czech Republic by Tour de France pro \u010dtvrt\u00e9 pokra\u010dov\u00e1n\u00ed z\u00e1vodu. Nejv\u011bt\u0161\u00ed tuzemsk\u00fd podnik pro amat\u00e9rsk\u00e9 cyklisty spust\u00ed v nejbli\u017e\u0161\u00edch dnech registraci na rok 2024 a milovn\u00edci silni\u010dn\u00edch kol, kter\u00fdm atmosf\u00e9ra akce pod patronac\u00ed Tour de France u\u010darovala, se rozhodn\u011b maj\u00ed na co t\u011b\u0161it.","inLanguage":"cs","potentialAction":[{"@type":"ReadAction","target":["https:\/\/www.welovecycling.com\/cs\/2023\/06\/22\/letape-czech-republic-2024-horska-vyzva-o-prazdninach-a-nove-pasaze-v-tradicnim-terminu\/"]}]},{"@type":"ImageObject","inLanguage":"cs","@id":"https:\/\/www.welovecycling.com\/cs\/2023\/06\/22\/letape-czech-republic-2024-horska-vyzva-o-prazdninach-a-nove-pasaze-v-tradicnim-terminu\/#primaryimage","url":"https:\/\/d2p6e6u75xmxt8.cloudfront.net\/13\/2023\/06\/Letape-komplet-142-scaled.webp","contentUrl":"https:\/\/d2p6e6u75xmxt8.cloudfront.net\/13\/2023\/06\/Letape-komplet-142-scaled.webp","width":2560,"height":1707},{"@type":"WebSite","@id":"https:\/\/www.welovecycling.com\/cs\/#website","url":"https:\/\/www.welovecycling.com\/cs\/","name":"\u0160koda We Love Cycling - \u010cesk\u00e1 republika","description":"WeLoveCycling.cz je online magaz\u00edn, kter\u00fd v\u00e1m pravideln\u011b p\u0159in\u00e1\u0161\u00ed rady a tipy, zaj\u00edmav\u00e9 \u010dl\u00e1nky, videa a jedine\u010dn\u00e9 report\u00e1\u017ee ze sv\u011bta cyklistiky.","potentialAction":[{"@type":"SearchAction","target":{"@type":"EntryPoint","urlTemplate":"https:\/\/www.welovecycling.com\/cs\/?s={search_term_string}"},"query-input":{"@type":"PropertyValueSpecification","valueRequired":true,"valueName":"search_term_string"}}],"inLanguage":"cs"},{"@type":"Person","@id":"https:\/\/www.welovecycling.com\/cs\/#\/schema\/person\/d9eeb0a378f3a7e4a6d12d2b536b04b8","name":"radekmalina","image":{"@type":"ImageObject","inLanguage":"cs","@id":"https:\/\/www.welovecycling.com\/cs\/#\/schema\/person\/image\/","url":"https:\/\/secure.gravatar.com\/avatar\/66994b632cb8c39a46b9f54afa3ae07201b678d32a54275b6f1c9ffec356bfc0?s=96&d=mm&r=g","contentUrl":"https:\/\/secure.gravatar.com\/avatar\/66994b632cb8c39a46b9f54afa3ae07201b678d32a54275b6f1c9ffec356bfc0?s=96&d=mm&r=g","caption":"radekmalina"},"url":"https:\/\/www.welovecycling.com\/cs\/author\/radekmalina\/"}]}},"_links":{"self":[{"href":"https:\/\/www.welovecycling.com\/cs\/wp-json\/wp\/v2\/posts\/22767","targetHints":{"allow":["GET"]}}],"collection":[{"href":"https:\/\/www.welovecycling.com\/cs\/wp-json\/wp\/v2\/posts"}],"about":[{"href":"https:\/\/www.welovecycling.com\/cs\/wp-json\/wp\/v2\/types\/post"}],"author":[{"embeddable":true,"href":"https:\/\/www.welovecycling.com\/cs\/wp-json\/wp\/v2\/users\/138"}],"replies":[{"embeddable":true,"href":"https:\/\/www.welovecycling.com\/cs\/wp-json\/wp\/v2\/comments?post=22767"}],"version-history":[{"count":2,"href":"https:\/\/www.welovecycling.com\/cs\/wp-json\/wp\/v2\/posts\/22767\/revisions"}],"predecessor-version":[{"id":22780,"href":"https:\/\/www.welovecycling.com\/cs\/wp-json\/wp\/v2\/posts\/22767\/revisions\/22780"}],"wp:featuredmedia":[{"embeddable":true,"href":"https:\/\/www.welovecycling.com\/cs\/wp-json\/wp\/v2\/media\/22768"}],"wp:attachment":[{"href":"https:\/\/www.welovecycling.com\/cs\/wp-json\/wp\/v2\/media?parent=22767"}],"wp:term":[{"taxonomy":"category","embeddable":true,"href":"https:\/\/www.welovecycling.com\/cs\/wp-json\/wp\/v2\/categories?post=22767"},{"taxonomy":"post_tag","embeddable":true,"href":"https:\/\/www.welovecycling.com\/cs\/wp-json\/wp\/v2\/tags?post=22767"},{"taxonomy":"global-categories","embeddable":true,"href":"https:\/\/www.welovecycling.com\/cs\/wp-json\/wp\/v2\/global-categories?post=22767"}],"curies":[{"name":"wp","href":"https:\/\/api.w.org\/{rel}","templated":true}]}}