{"id":22756,"date":"2023-06-23T15:00:10","date_gmt":"2023-06-23T13:00:10","guid":{"rendered":"https:\/\/www.welovecycling.com\/cs\/?p=22756"},"modified":"2023-06-22T10:30:56","modified_gmt":"2023-06-22T08:30:56","slug":"tadej-pogacar-a-jeho-boj-s-casem-choval-jsem-se-jako-blbec-a-neposlouchal-doktory","status":"publish","type":"post","link":"https:\/\/www.welovecycling.com\/cs\/2023\/06\/23\/tadej-pogacar-a-jeho-boj-s-casem-choval-jsem-se-jako-blbec-a-neposlouchal-doktory\/","title":{"rendered":"Tadej Poga\u010dar a jeho boj s \u010dasem: Choval jsem se jako blbec a neposlouchal doktory"},"content":{"rendered":"<p><strong>Jestli\u017ee zpr\u00e1v od jeho t\u00fdmu p\u0159ich\u00e1zelo m\u00e1lo, instagramov\u00fd profil dvojn\u00e1sobn\u00e9ho v\u00edt\u011bze Tour de France slou\u017eil jako hl\u00e1sn\u00e1 trouba toho, jak se Tadej Poga\u010dar sna\u017e\u00ed navr\u00e1tit do formy pro nejd\u016fle\u017eit\u011bj\u0161\u00ed z\u00e1vod roku.\u00a0 Co prof\u00edci d\u011blaj\u00ed, kdy\u017e je zran\u011bn\u00ed nepust\u00ed na kolo?<\/strong><\/p>\n<p>Kauza Poga\u010darova zlomen\u00e9ho z\u00e1p\u011bst\u00ed v Lutychu jen 68 dn\u016f p\u0159ed startem Tour de France 2023 byla jedn\u00edm z \u00fast\u0159edn\u00edch t\u00e9mat b\u011bhem leto\u0161n\u00edho jara. Slovinsk\u00fd mlad\u00edk vlet\u011bl do sezony s takovou suverenitou, \u017ee u\u017e v \u00fanoru po prvn\u00edch triumfech ho kdekdo vid\u011bl ve \u017elut\u00e9m dresu. Jenom\u017ee p\u0159i\u0161el 23. duben a krut\u00e1 stopka jeho rozletu.<\/p>\n<p>A pr\u00e1v\u011b tady za\u010d\u00edn\u00e1me z Instagramu \u010d\u00edst p\u0159\u00edb\u011bh ozdravn\u00e9ho sprintu, aby se stihla ruka uzdravit a nohy zes\u00edlit sm\u011brem k z\u00e1vodu roku. Druh\u00fd den po p\u00e1du je\u0161t\u011b v nemocni\u010dn\u00edm py\u017eamu a s rukou v gypsu na cest\u011b dom\u016f do Monaka. T\u0159i dny nato polibky s p\u0159\u00edtelkyn\u00ed a prosba sm\u011brem k fand\u016fm na dobr\u00e9 filmov\u00e9 tipy. \u201eProto\u017ee ani nem\u016f\u017eu hr\u00e1t FIFU.\u201c<\/p>\n<h2><strong>Tadej Poga\u010dar: Z\u00e1p\u011bst\u00ed nebude stoprocentn\u00ed, nohy ano<\/strong><\/h2>\n<p>Nicm\u00e9n\u011b 17. kv\u011btna u\u017e m\u00e1 Tadej Poga\u010dar na ruce jen ort\u00e9zu a ve sportovn\u00edm se z\u00e1t\u011b\u017e\u00ed na z\u00e1dech ma\u0161\u00edruje po kopc\u00edch nad m\u011bstem. Tak\u00e9 b\u011bh\u00e1 po schodech nahoru dol\u016f, do toho samoz\u0159ejm\u011b hodiny na trena\u017e\u00e9ru v ob\u00fdv\u00e1ku.<\/p>\n<p>A te\u010f pozor: 27. kv\u011btna, tedy m\u011bs\u00edc a kous\u00ed\u010dek p\u0159ed Tour de France a stejn\u011b tak dlouho po karambolu, kdy praskaly kosti. Self\u00ed\u010dko s nev\u011b\u0159\u00edc\u00edm v\u00fdrazem a popisem: \u201eJe skv\u011bl\u00e9, \u017ee u\u017e zase m\u016f\u017eu jezdit venku na kole. D\u00edky v\u0161em za podporu, te\u010f se p\u0159ipoj\u00edm ke kluk\u016fm z t\u00fdmu na vysokohorsk\u00e9m kempu.\u201c<\/p>\n<figure id=\"attachment_22792\" aria-describedby=\"caption-attachment-22792\" style=\"width: 597px\" class=\"wp-caption alignnone\"><a href=\"https:\/\/d2p6e6u75xmxt8.cloudfront.net\/13\/2023\/06\/Pogacar-zapesti-3.webp\"><img loading=\"lazy\" decoding=\"async\" class=\"size-full wp-image-22792\" src=\"https:\/\/d2p6e6u75xmxt8.cloudfront.net\/13\/2023\/06\/Pogacar-zapesti-3.webp\" alt=\"Tadej Poga\u010dar po osudov\u00e9m p\u00e1du p\u0159i jarn\u00edm Monumentu. Foto: instagram Tadeje Poga\u010dara\" width=\"597\" height=\"767\" srcset=\"https:\/\/d2p6e6u75xmxt8.cloudfront.net\/13\/2023\/06\/Pogacar-zapesti-3.webp 597w, https:\/\/d2p6e6u75xmxt8.cloudfront.net\/13\/2023\/06\/Pogacar-zapesti-3-234x300.webp 234w, https:\/\/d2p6e6u75xmxt8.cloudfront.net\/13\/2023\/06\/Pogacar-zapesti-3-311x400.webp 311w\" sizes=\"auto, (max-width: 597px) 100vw, 597px\" \/><\/a><figcaption id=\"caption-attachment-22792\" class=\"wp-caption-text\"><em>Tadej Poga\u010dar po osudov\u00e9m p\u00e1du p\u0159i jarn\u00edm Monumentu. Foto: instagram Tadeje Poga\u010dara<\/em><\/figcaption><\/figure>\n<p>\u0158eknete si, \u017ee m\u011bs\u00edc je dost dlouh\u00e1 doba? Ale jak dlouho se hojila va\u0161e posledn\u00ed fraktura? A kdy jste si pak troufli zase sednout na kolo? Cyklisti\u010dt\u00ed prof\u00edci jsou prost\u011b jin\u00fd \u017eivo\u010di\u0161n\u00fd druh a jejich motivace k n\u00e1vratu je ten nejsiln\u011bj\u0161\u00ed l\u00e9k. Kdy\u017e se nav\u00edc p\u0159id\u00e1 \u0161pi\u010dkov\u00e1 p\u00e9\u010de jejich t\u00fdm\u016f, dok\u00e1\u017eou p\u0159edb\u011bhnout i \u010das. \u201eM\u00e9 z\u00e1p\u011bst\u00ed mo\u017en\u00e1 nebude do startu stoprocentn\u00ed, ale m\u00e9 nohy ano,\u201c vyhl\u00e1sil Pogi. \u201eTak uvid\u00edme.\u201c<\/p>\n<h2><strong>Egan Bernal byl zp\u011bt \u010dty\u0159i m\u011bs\u00edce po p\u00e1du s 20 zlomeninami<\/strong><\/h2>\n<p>Mathieu van der Poel vyhr\u00e1l klasiku Kolem Flander jen 14 dn\u016f pot\u00e9, co se zvedl doma z gau\u010de po zran\u011bn\u00ed. Remco Evenepoel sice v prvn\u00edm z\u00e1vod\u011b po p\u00e1du na Lombardii vyho\u0159el, proto\u017ee t\u00fdm od n\u011bj rovnou \u010dekal triumf na Giru, ale u\u017e je zase v top faz\u00f3n\u011b.<\/p>\n\n<p>A co je mo\u017en\u00e1 nejm\u00e9n\u011b uv\u011b\u0159iteln\u00e9, tak n\u00e1vrat Egana Bernala do z\u00e1vod\u016f jen \u010dty\u0159i m\u011bs\u00edce pot\u00e9, co si loni v t\u011ble zp\u0159el\u00e1mal 20 kost\u00ed v tr\u00e9ninkov\u00e9m p\u00e1du, co klidn\u011b mohl ukon\u010dit jeho kari\u00e9ru. \u201eMysl\u00edm, \u017ee 120 dn\u016f po nehod\u011b se m\u016f\u017ee vr\u00e1tit na kolo v pln\u00e9 s\u00edle a ve form\u011b,\u201c odhadoval tehdy jeho operat\u00e9r Gustavo Uriza. Kolumbijec je sice zp\u011bt, ale zat\u00edm ne takov\u00fd, co b\u00fdval.<\/p>\n<figure id=\"attachment_22793\" aria-describedby=\"caption-attachment-22793\" style=\"width: 580px\" class=\"wp-caption alignnone\"><a href=\"https:\/\/d2p6e6u75xmxt8.cloudfront.net\/13\/2023\/06\/Pogacar-zapesti.webp\"><img loading=\"lazy\" decoding=\"async\" class=\" wp-image-22793\" src=\"https:\/\/d2p6e6u75xmxt8.cloudfront.net\/13\/2023\/06\/Pogacar-zapesti.webp\" alt=\"Tadej Poga\u010dar po osudov\u00e9m p\u00e1du p\u0159i jarn\u00edm Monumentu. Foto: instagram Tadeje Poga\u010dara\" width=\"580\" height=\"743\" srcset=\"https:\/\/d2p6e6u75xmxt8.cloudfront.net\/13\/2023\/06\/Pogacar-zapesti.webp 551w, https:\/\/d2p6e6u75xmxt8.cloudfront.net\/13\/2023\/06\/Pogacar-zapesti-234x300.webp 234w, https:\/\/d2p6e6u75xmxt8.cloudfront.net\/13\/2023\/06\/Pogacar-zapesti-312x400.webp 312w\" sizes=\"auto, (max-width: 580px) 100vw, 580px\" \/><\/a><figcaption id=\"caption-attachment-22793\" class=\"wp-caption-text\"><em>Tadej Poga\u010dar a rentgentov\u00fd sn\u00edmek zran\u011bn\u00e9ho z\u00e1p\u011bst\u00ed. Foto: instagram Tadeje Poga\u010dara<\/em><\/figcaption><\/figure>\n<p>Tak\u017ee co se ve skute\u010dnosti d\u011bje, kdy\u017e prof\u00edci vypnou sv\u016fj \u00fa\u010det na Strav\u011b? A m\u00edsto hodin na kole tr\u00e1v\u00ed hodiny rehabilitac\u00ed a uzdravov\u00e1n\u00edm? Je toho v\u00edc, ne\u017e jen \u010dek\u00e1n\u00ed, PlayStation a deprese. Jejich nejv\u011bt\u0161\u00ed zbran\u00ed je paradoxn\u011b \u010das. Ten na jedn\u00e9 stran\u011b nemaj\u00ed, proto\u017ee kari\u00e9ra ka\u017ed\u00e9ho je omezen\u00e1, ale na druh\u00e9 ho maj\u00ed pr\u00e1v\u011b v t\u011bchto p\u0159\u00edpadech tolik, \u017ee ve\u0161ker\u00fd m\u016f\u017eou investovat do sv\u00e9ho n\u00e1vratu, kdy\u017e na kolo zat\u00edm nem\u016f\u017eou. Jak\u00fd je tedy postup?<\/p>\n<h2><strong>Lasery, magnety \u010di hyperbarick\u00e1 komora<\/strong><\/h2>\n<p>Prvn\u00edm krokem je n\u00e1prava zran\u011bn\u00ed, co\u017e je nejt\u011b\u017e\u0161\u00ed \u010d\u00e1st procesu. V p\u0159\u00edpad\u011b Poga\u010dara do\u0161lo k opera\u010dn\u00edmu z\u00e1kroku, proto\u017ee ten je v p\u0159\u00edpad\u011b z\u00e1p\u011bstn\u00ed k\u016fstky nejefektivn\u011bj\u0161\u00ed. Tato kost m\u00e1 toti\u017e probl\u00e9m s c\u00e9vn\u00edm z\u00e1soben\u00edm a pokud se nezoperuje, m\u016f\u017ee doj\u00edt k tomu, \u017ee znekrotizuje a vznikne pakloub.<\/p>\n<p><a href=\"https:\/\/www.instagram.com\/p\/CtCb8Ems4zL\/?hl=cs\">https:\/\/www.instagram.com\/p\/CtCb8Ems4zL\/?hl=cs<\/a><\/p>\n<p>Pot\u00e9 n\u00e1sleduje rehabilitace, kterou dnes dostupn\u00e9 metody (magnety, vysokov\u00fdkonn\u00e9 lasery, n\u00edzkofrekven\u010dn\u00ed ultrazvuky) dok\u00e1\u017eou urychlit a zlep\u0161it kvalitu hojen\u00ed. Chris Froome v\u011b\u0159\u00ed, \u017ee jeho pobyt v hyperbarick\u00e9 komo\u0159e a t\u00edm intenzivn\u011bj\u0161\u00ed prokrven\u00ed tk\u00e1n\u00ed urychlilo jeho, by\u0165 zat\u00edm ne tak \u00fasp\u011b\u0161n\u00fd n\u00e1vrat. K tomu se samoz\u0159ejm\u011b p\u0159id\u00e1v\u00e1 mobilizace zatuhl\u00fdch tk\u00e1n\u00ed a i jejich posilov\u00e1n\u00ed, proto\u017ee ne\u010dinn\u00fd sval okam\u017eit\u011b atrofuje. Prac\u00ed v t\u011blocvi\u010dn\u011b musel Froome napravit 20procentn\u00ed silov\u00fd nepom\u011br ve sv\u00fdch nohou.<\/p>\n<h2><strong>Nejt\u011b\u017e\u0161\u00ed je udr\u017eet pozitivn\u00ed my\u0161len\u00ed<\/strong><\/h2>\n<p>Kondi\u010dn\u00ed tren\u00e9\u0159i jsou dnes ned\u00edlnou sou\u010d\u00e1st\u00ed t\u00fdm\u016f stejn\u011b jako kucha\u0159i, mas\u00e9\u0159i nebo l\u00e9ka\u0159i. Proto\u017ee ne jen nohy vyhr\u00e1vaj\u00ed z\u00e1vody. Posilov\u00e1n\u00ed s \u017eelezem nebo i pilates tvo\u0159\u00ed stejnou rutinu v \u017eivotech prof\u00edk\u016f podobn\u011b jako intervalov\u00e9 tr\u00e9ninky v kopc\u00edch.<\/p>\n<div class=\"shortcode-ys-post-pinup\"><article class=\"loop-simple post-22273 post type-post status-publish format-standard has-post-thumbnail hentry category-silnicni-cyklistika tag-cyklistika tag-ilicka-tepna tag-jayco-alula tag-kycelni-tepna tag-operace tag-operace-endofibrozy-ilicke-tepny tag-silnicni-cyklistika tag-zdenek-stybar tag-zdravi-a-trenink global-categories-cycling\" data-postid=\"22273\" role=\"article\" data-post-id=\"22273\" data-word-count=\"690\" data-headline-length=\"79\" data-category=\"Silni\u010dn\u00ed cyklistika\" data-global-category=\"Cycling\" data-author=\"Radek Malina\" data-published=\"2023-05-08T21:27:43+02:00\" data-published-day=\"Monday\">\n    <div class=\"entry-thumbnail article-thumbnail\" content=\"https:\/\/d2p6e6u75xmxt8.cloudfront.net\/13\/2023\/05\/profimedia-0760263201-150x150.webp\"><a href=\"https:\/\/www.welovecycling.com\/cs\/2023\/05\/08\/zdenek-stybar-po-operaci-ja-rozhodnu-kdy-je-cas-kolo-povesit-na-hrebik\/\" class=\"image-holder\" target=\"_self\"><img decoding=\"async\" loading=\"lazy\" class=\"\" src=\"https:\/\/d2p6e6u75xmxt8.cloudfront.net\/13\/2023\/05\/profimedia-0760263201-1024x668.webp\" srcset=\"https:\/\/d2p6e6u75xmxt8.cloudfront.net\/13\/2023\/05\/profimedia-0760263201.webp 1800w, https:\/\/d2p6e6u75xmxt8.cloudfront.net\/13\/2023\/05\/profimedia-0760263201-300x196.webp 300w, https:\/\/d2p6e6u75xmxt8.cloudfront.net\/13\/2023\/05\/profimedia-0760263201-1024x668.webp 1024w, https:\/\/d2p6e6u75xmxt8.cloudfront.net\/13\/2023\/05\/profimedia-0760263201-768x501.webp 768w, https:\/\/d2p6e6u75xmxt8.cloudfront.net\/13\/2023\/05\/profimedia-0760263201-1536x1003.webp 1536w, https:\/\/d2p6e6u75xmxt8.cloudfront.net\/13\/2023\/05\/profimedia-0760263201-400x261.webp 400w\" width=\"1024\" height=\"668\" sizes=\"auto, (min-width: 1200px) 306px, (min-width: 768px) 26vw, 100vw\" alt=\"zdenek-stybar-po-operaci-ja-rozhodnu-kdy-je-cas-kolo-povesit-na-hrebik\"\/><\/a><\/div>    <div class=\"entry-meta\">\n        <a class=\"label label-secondary post-category\" href=\"https:\/\/www.welovecycling.com\/cs\/category\/silnicni-cyklistika\/\" title=\"Silni\u010dn\u00ed cyklistika\">Silni\u010dn\u00ed cyklistika<\/a>\n    <\/div>\n    <div class=\"entry-details\">\n        <a href=\"https:\/\/www.welovecycling.com\/cs\/2023\/05\/08\/zdenek-stybar-po-operaci-ja-rozhodnu-kdy-je-cas-kolo-povesit-na-hrebik\/\" class='entry-title-wrapper'>\n            <h3 class=\"entry-title\"><span>Zden\u011bk \u0160tybar po operaci: J\u00e1 rozhodnu, kdy je \u010das kolo pov\u011bsit na h\u0159eb\u00edk<\/span><\/h3>\n        <\/a>\n    <\/div>\n    <\/article>\n<\/div>\n<p>Z\u00e1vodn\u00edk se zlomenou kl\u00ed\u010dn\u00ed kost\u00ed se vyd\u00e1v\u00e1 na \u00fapln\u011b jinou cestu uzdraven\u00ed ne\u017e ten se zlomenou stehenn\u00ed kost\u00ed. Ten prvn\u00ed m\u016f\u017ee sed\u011bt na trena\u017e\u00e9ru u\u017e za t\u00fdden bez toho, \u017ee by si sv\u011bt v\u0161iml jeho absence, zato kdy\u017e je zran\u011bn\u00ed situov\u00e1no do oblasti t\u011bla pod pasem, bude proces del\u0161\u00ed a o dost t\u011b\u017e\u0161\u00ed. V tu chv\u00edli je toti\u017e omezena kardiovaskul\u00e1rn\u00ed pr\u00e1ce a fyzi\u010dka bude padat.<\/p>\n<figure id=\"attachment_22791\" aria-describedby=\"caption-attachment-22791\" style=\"width: 588px\" class=\"wp-caption alignnone\"><a href=\"https:\/\/d2p6e6u75xmxt8.cloudfront.net\/13\/2023\/06\/pogacar-zapesti-2.webp\"><img loading=\"lazy\" decoding=\"async\" class=\"size-full wp-image-22791\" src=\"https:\/\/d2p6e6u75xmxt8.cloudfront.net\/13\/2023\/06\/pogacar-zapesti-2.webp\" alt=\"Tadej Poga\u010dar po osudov\u00e9m p\u00e1du p\u0159i jarn\u00edm Monumentu. Foto: instagram Tadeje Poga\u010dara\" width=\"588\" height=\"593\" srcset=\"https:\/\/d2p6e6u75xmxt8.cloudfront.net\/13\/2023\/06\/pogacar-zapesti-2.webp 588w, https:\/\/d2p6e6u75xmxt8.cloudfront.net\/13\/2023\/06\/pogacar-zapesti-2-297x300.webp 297w, https:\/\/d2p6e6u75xmxt8.cloudfront.net\/13\/2023\/06\/pogacar-zapesti-2-150x150.webp 150w, https:\/\/d2p6e6u75xmxt8.cloudfront.net\/13\/2023\/06\/pogacar-zapesti-2-397x400.webp 397w\" sizes=\"auto, (max-width: 588px) 100vw, 588px\" \/><\/a><figcaption id=\"caption-attachment-22791\" class=\"wp-caption-text\"><em>Tadej Poga\u010dar b\u011bhem tr\u00e9ninku v kopc\u00edch nad Monakem. Foto: instagram Tadeje Poga\u010dara<\/em><\/figcaption><\/figure>\n<p>Kdy\u017e u\u017e se poda\u0159\u00ed napravit t\u011blo a z\u00e1vodn\u00edk nastoup\u00ed postupnou cestu k n\u00e1vratu, dal\u0161\u00edm t\u011b\u017ek\u00fdm \u00fakolem bude udr\u017eet jeho pozitivn\u00ed mysl. D\u00e9lka rekonvalescence je z velk\u00e9 \u010d\u00e1sti mimo prof\u00edkovu kontrolu a tohle akceptovat je to nejt\u011b\u017e\u0161\u00ed. Ostatn\u011b i Poga\u010dar, jindy tak bezstarostn\u00fd a navenek psychicky odoln\u00fd, p\u0159iznal, \u017ee sv\u00fdm spl\u00edn\u016fm taky podlehl. \u201eM\u011bl jsem od doktor\u016f z\u00e1kaz sednout \u0161est t\u00fddn\u016f na kolo, ale neposlechl jsem. Choval jsem se jako blbec.\u201c<\/p>\n<p>Tour de France se bl\u00ed\u017e\u00ed a Slovinc\u016fv z\u00e1vod s \u010dasem je pomalu u konce. M\u011bl ho dost? Bude sta\u010dit na<a href=\"https:\/\/www.welovecycling.com\/cs\/2023\/06\/14\/jonas-vingegaard-drti-soupere-ale-na-tour-de-france-chci-byt-jeste-lepsi\/\"> obh\u00e1jce v\u00edt\u011bzstv\u00ed Jonase Vingegaarda<\/a>?<\/p>\n","protected":false},"excerpt":{"rendered":"<p>Jestli\u017ee zpr\u00e1v od jeho t\u00fdmu p\u0159ich\u00e1zelo m\u00e1lo, instagramov\u00fd profil dvojn\u00e1sobn\u00e9ho v\u00edt\u011bze Tour de France slou\u017eil jako hl\u00e1sn\u00e1 trouba toho, jak [&hellip;]<\/p>\n","protected":false},"author":138,"featured_media":22790,"comment_status":"open","ping_status":"open","sticky":false,"template":"","format":"standard","meta":{"footnotes":""},"categories":[10],"tags":[126,9,502,2647,27,67,3092,113],"global-categories":[411],"class_list":["post-22756","post","type-post","status-publish","format-standard","has-post-thumbnail","hentry","category-silnicni-cyklistika","tag-cyklistika","tag-silnicni-cyklistika","tag-tadej-pogacar","tag-tour-de-france-2023","tag-trenink","tag-zdravi-a-trenink","tag-zlomenina-ruky","tag-zraneni","global-categories-cycling"],"yoast_head":"<!-- This site is optimized with the Yoast SEO Premium plugin v25.3 (Yoast SEO v25.9) - https:\/\/yoast.com\/wordpress\/plugins\/seo\/ -->\n<title>Tadej Poga\u010dar a jeho boj s \u010dasem: Choval jsem se jako blbec a neposlouchal doktory | \u0160koda We Love Cycling - \u010cesk\u00e1 republika<\/title>\n<meta name=\"description\" content=\"Tadej Poga\u010dar, hlavn\u00ed adept na v\u00edt\u011bzstv\u00ed v Tour de France 2023, lad\u00ed formu po operaci zlomen\u00e9 k\u016fstky v z\u00e1p\u011bst\u00ed. Stihne se p\u0159ipravit?\" \/>\n<meta name=\"robots\" content=\"index, follow, max-snippet:-1, max-image-preview:large, max-video-preview:-1\" \/>\n<link rel=\"canonical\" href=\"https:\/\/www.welovecycling.com\/cs\/2023\/06\/23\/tadej-pogacar-a-jeho-boj-s-casem-choval-jsem-se-jako-blbec-a-neposlouchal-doktory\/\" \/>\n<meta property=\"og:locale\" content=\"cs_CZ\" \/>\n<meta property=\"og:type\" content=\"article\" \/>\n<meta property=\"og:title\" content=\"Tadej Poga\u010dar a jeho boj s \u010dasem: Choval jsem se jako blbec a neposlouchal doktory\" \/>\n<meta property=\"og:description\" content=\"Tadej Poga\u010dar, hlavn\u00ed adept na v\u00edt\u011bzstv\u00ed v Tour de France 2023, lad\u00ed formu po operaci zlomen\u00e9 k\u016fstky v z\u00e1p\u011bst\u00ed. Stihne se p\u0159ipravit?\" \/>\n<meta property=\"og:url\" content=\"https:\/\/www.welovecycling.com\/cs\/2023\/06\/23\/tadej-pogacar-a-jeho-boj-s-casem-choval-jsem-se-jako-blbec-a-neposlouchal-doktory\/\" \/>\n<meta property=\"og:site_name\" content=\"\u0160koda We Love Cycling - \u010cesk\u00e1 republika\" \/>\n<meta property=\"article:published_time\" content=\"2023-06-23T13:00:10+00:00\" \/>\n<meta property=\"og:image\" content=\"https:\/\/d2p6e6u75xmxt8.cloudfront.net\/13\/2023\/06\/profimedia-0784575475.webp\" \/>\n\t<meta property=\"og:image:width\" content=\"1800\" \/>\n\t<meta property=\"og:image:height\" content=\"1201\" \/>\n\t<meta property=\"og:image:type\" content=\"image\/webp\" \/>\n<meta name=\"author\" content=\"radekmalina\" \/>\n<meta name=\"twitter:card\" content=\"summary_large_image\" \/>\n<meta name=\"twitter:label1\" content=\"Written by\" \/>\n\t<meta name=\"twitter:data1\" content=\"Radek Malina\" \/>\n\t<meta name=\"twitter:label2\" content=\"Est. reading time\" \/>\n\t<meta name=\"twitter:data2\" content=\"7\" \/>\n<script type=\"application\/ld+json\" class=\"yoast-schema-graph\">{\"@context\":\"https:\/\/schema.org\",\"@graph\":[{\"@type\":\"WebPage\",\"@id\":\"https:\/\/www.welovecycling.com\/cs\/2023\/06\/23\/tadej-pogacar-a-jeho-boj-s-casem-choval-jsem-se-jako-blbec-a-neposlouchal-doktory\/\",\"url\":\"https:\/\/www.welovecycling.com\/cs\/2023\/06\/23\/tadej-pogacar-a-jeho-boj-s-casem-choval-jsem-se-jako-blbec-a-neposlouchal-doktory\/\",\"name\":\"Tadej Poga\u010dar a jeho boj s \u010dasem: Choval jsem se jako blbec a neposlouchal doktory | \u0160koda We Love Cycling - \u010cesk\u00e1 republika\",\"isPartOf\":{\"@id\":\"https:\/\/www.welovecycling.com\/cs\/#website\"},\"primaryImageOfPage\":{\"@id\":\"https:\/\/www.welovecycling.com\/cs\/2023\/06\/23\/tadej-pogacar-a-jeho-boj-s-casem-choval-jsem-se-jako-blbec-a-neposlouchal-doktory\/#primaryimage\"},\"image\":{\"@id\":\"https:\/\/www.welovecycling.com\/cs\/2023\/06\/23\/tadej-pogacar-a-jeho-boj-s-casem-choval-jsem-se-jako-blbec-a-neposlouchal-doktory\/#primaryimage\"},\"thumbnailUrl\":\"https:\/\/d2p6e6u75xmxt8.cloudfront.net\/13\/2023\/06\/profimedia-0784575475.webp\",\"datePublished\":\"2023-06-23T13:00:10+00:00\",\"author\":{\"@id\":\"https:\/\/www.welovecycling.com\/cs\/#\/schema\/person\/d9eeb0a378f3a7e4a6d12d2b536b04b8\"},\"description\":\"Tadej Poga\u010dar, hlavn\u00ed adept na v\u00edt\u011bzstv\u00ed v Tour de France 2023, lad\u00ed formu po operaci zlomen\u00e9 k\u016fstky v z\u00e1p\u011bst\u00ed. Stihne se p\u0159ipravit?\",\"inLanguage\":\"cs\",\"potentialAction\":[{\"@type\":\"ReadAction\",\"target\":[\"https:\/\/www.welovecycling.com\/cs\/2023\/06\/23\/tadej-pogacar-a-jeho-boj-s-casem-choval-jsem-se-jako-blbec-a-neposlouchal-doktory\/\"]}]},{\"@type\":\"ImageObject\",\"inLanguage\":\"cs\",\"@id\":\"https:\/\/www.welovecycling.com\/cs\/2023\/06\/23\/tadej-pogacar-a-jeho-boj-s-casem-choval-jsem-se-jako-blbec-a-neposlouchal-doktory\/#primaryimage\",\"url\":\"https:\/\/d2p6e6u75xmxt8.cloudfront.net\/13\/2023\/06\/profimedia-0784575475.webp\",\"contentUrl\":\"https:\/\/d2p6e6u75xmxt8.cloudfront.net\/13\/2023\/06\/profimedia-0784575475.webp\",\"width\":1800,\"height\":1201,\"caption\":\"Tadej Poga\u010dar\"},{\"@type\":\"WebSite\",\"@id\":\"https:\/\/www.welovecycling.com\/cs\/#website\",\"url\":\"https:\/\/www.welovecycling.com\/cs\/\",\"name\":\"\u0160koda We Love Cycling - \u010cesk\u00e1 republika\",\"description\":\"WeLoveCycling.cz je online magaz\u00edn, kter\u00fd v\u00e1m pravideln\u011b p\u0159in\u00e1\u0161\u00ed rady a tipy, zaj\u00edmav\u00e9 \u010dl\u00e1nky, videa a jedine\u010dn\u00e9 report\u00e1\u017ee ze sv\u011bta cyklistiky.\",\"potentialAction\":[{\"@type\":\"SearchAction\",\"target\":{\"@type\":\"EntryPoint\",\"urlTemplate\":\"https:\/\/www.welovecycling.com\/cs\/?s={search_term_string}\"},\"query-input\":{\"@type\":\"PropertyValueSpecification\",\"valueRequired\":true,\"valueName\":\"search_term_string\"}}],\"inLanguage\":\"cs\"},{\"@type\":\"Person\",\"@id\":\"https:\/\/www.welovecycling.com\/cs\/#\/schema\/person\/d9eeb0a378f3a7e4a6d12d2b536b04b8\",\"name\":\"radekmalina\",\"image\":{\"@type\":\"ImageObject\",\"inLanguage\":\"cs\",\"@id\":\"https:\/\/www.welovecycling.com\/cs\/#\/schema\/person\/image\/\",\"url\":\"https:\/\/secure.gravatar.com\/avatar\/66994b632cb8c39a46b9f54afa3ae07201b678d32a54275b6f1c9ffec356bfc0?s=96&d=mm&r=g\",\"contentUrl\":\"https:\/\/secure.gravatar.com\/avatar\/66994b632cb8c39a46b9f54afa3ae07201b678d32a54275b6f1c9ffec356bfc0?s=96&d=mm&r=g\",\"caption\":\"radekmalina\"},\"url\":\"https:\/\/www.welovecycling.com\/cs\/author\/radekmalina\/\"}]}<\/script>\n<!-- \/ Yoast SEO Premium plugin. -->","yoast_head_json":{"title":"Tadej Poga\u010dar a jeho boj s \u010dasem: Choval jsem se jako blbec a neposlouchal doktory | \u0160koda We Love Cycling - \u010cesk\u00e1 republika","description":"Tadej Poga\u010dar, hlavn\u00ed adept na v\u00edt\u011bzstv\u00ed v Tour de France 2023, lad\u00ed formu po operaci zlomen\u00e9 k\u016fstky v z\u00e1p\u011bst\u00ed. Stihne se p\u0159ipravit?","robots":{"index":"index","follow":"follow","max-snippet":"max-snippet:-1","max-image-preview":"max-image-preview:large","max-video-preview":"max-video-preview:-1"},"canonical":"https:\/\/www.welovecycling.com\/cs\/2023\/06\/23\/tadej-pogacar-a-jeho-boj-s-casem-choval-jsem-se-jako-blbec-a-neposlouchal-doktory\/","og_locale":"cs_CZ","og_type":"article","og_title":"Tadej Poga\u010dar a jeho boj s \u010dasem: Choval jsem se jako blbec a neposlouchal doktory","og_description":"Tadej Poga\u010dar, hlavn\u00ed adept na v\u00edt\u011bzstv\u00ed v Tour de France 2023, lad\u00ed formu po operaci zlomen\u00e9 k\u016fstky v z\u00e1p\u011bst\u00ed. Stihne se p\u0159ipravit?","og_url":"https:\/\/www.welovecycling.com\/cs\/2023\/06\/23\/tadej-pogacar-a-jeho-boj-s-casem-choval-jsem-se-jako-blbec-a-neposlouchal-doktory\/","og_site_name":"\u0160koda We Love Cycling - \u010cesk\u00e1 republika","article_published_time":"2023-06-23T13:00:10+00:00","og_image":[{"width":1800,"height":1201,"url":"https:\/\/d2p6e6u75xmxt8.cloudfront.net\/13\/2023\/06\/profimedia-0784575475.webp","type":"image\/webp"}],"author":"radekmalina","twitter_card":"summary_large_image","twitter_misc":{"Written by":"Radek Malina","Est. reading time":"7"},"schema":{"@context":"https:\/\/schema.org","@graph":[{"@type":"WebPage","@id":"https:\/\/www.welovecycling.com\/cs\/2023\/06\/23\/tadej-pogacar-a-jeho-boj-s-casem-choval-jsem-se-jako-blbec-a-neposlouchal-doktory\/","url":"https:\/\/www.welovecycling.com\/cs\/2023\/06\/23\/tadej-pogacar-a-jeho-boj-s-casem-choval-jsem-se-jako-blbec-a-neposlouchal-doktory\/","name":"Tadej Poga\u010dar a jeho boj s \u010dasem: Choval jsem se jako blbec a neposlouchal doktory | \u0160koda We Love Cycling - \u010cesk\u00e1 republika","isPartOf":{"@id":"https:\/\/www.welovecycling.com\/cs\/#website"},"primaryImageOfPage":{"@id":"https:\/\/www.welovecycling.com\/cs\/2023\/06\/23\/tadej-pogacar-a-jeho-boj-s-casem-choval-jsem-se-jako-blbec-a-neposlouchal-doktory\/#primaryimage"},"image":{"@id":"https:\/\/www.welovecycling.com\/cs\/2023\/06\/23\/tadej-pogacar-a-jeho-boj-s-casem-choval-jsem-se-jako-blbec-a-neposlouchal-doktory\/#primaryimage"},"thumbnailUrl":"https:\/\/d2p6e6u75xmxt8.cloudfront.net\/13\/2023\/06\/profimedia-0784575475.webp","datePublished":"2023-06-23T13:00:10+00:00","author":{"@id":"https:\/\/www.welovecycling.com\/cs\/#\/schema\/person\/d9eeb0a378f3a7e4a6d12d2b536b04b8"},"description":"Tadej Poga\u010dar, hlavn\u00ed adept na v\u00edt\u011bzstv\u00ed v Tour de France 2023, lad\u00ed formu po operaci zlomen\u00e9 k\u016fstky v z\u00e1p\u011bst\u00ed. Stihne se p\u0159ipravit?","inLanguage":"cs","potentialAction":[{"@type":"ReadAction","target":["https:\/\/www.welovecycling.com\/cs\/2023\/06\/23\/tadej-pogacar-a-jeho-boj-s-casem-choval-jsem-se-jako-blbec-a-neposlouchal-doktory\/"]}]},{"@type":"ImageObject","inLanguage":"cs","@id":"https:\/\/www.welovecycling.com\/cs\/2023\/06\/23\/tadej-pogacar-a-jeho-boj-s-casem-choval-jsem-se-jako-blbec-a-neposlouchal-doktory\/#primaryimage","url":"https:\/\/d2p6e6u75xmxt8.cloudfront.net\/13\/2023\/06\/profimedia-0784575475.webp","contentUrl":"https:\/\/d2p6e6u75xmxt8.cloudfront.net\/13\/2023\/06\/profimedia-0784575475.webp","width":1800,"height":1201,"caption":"Tadej Poga\u010dar"},{"@type":"WebSite","@id":"https:\/\/www.welovecycling.com\/cs\/#website","url":"https:\/\/www.welovecycling.com\/cs\/","name":"\u0160koda We Love Cycling - \u010cesk\u00e1 republika","description":"WeLoveCycling.cz je online magaz\u00edn, kter\u00fd v\u00e1m pravideln\u011b p\u0159in\u00e1\u0161\u00ed rady a tipy, zaj\u00edmav\u00e9 \u010dl\u00e1nky, videa a jedine\u010dn\u00e9 report\u00e1\u017ee ze sv\u011bta cyklistiky.","potentialAction":[{"@type":"SearchAction","target":{"@type":"EntryPoint","urlTemplate":"https:\/\/www.welovecycling.com\/cs\/?s={search_term_string}"},"query-input":{"@type":"PropertyValueSpecification","valueRequired":true,"valueName":"search_term_string"}}],"inLanguage":"cs"},{"@type":"Person","@id":"https:\/\/www.welovecycling.com\/cs\/#\/schema\/person\/d9eeb0a378f3a7e4a6d12d2b536b04b8","name":"radekmalina","image":{"@type":"ImageObject","inLanguage":"cs","@id":"https:\/\/www.welovecycling.com\/cs\/#\/schema\/person\/image\/","url":"https:\/\/secure.gravatar.com\/avatar\/66994b632cb8c39a46b9f54afa3ae07201b678d32a54275b6f1c9ffec356bfc0?s=96&d=mm&r=g","contentUrl":"https:\/\/secure.gravatar.com\/avatar\/66994b632cb8c39a46b9f54afa3ae07201b678d32a54275b6f1c9ffec356bfc0?s=96&d=mm&r=g","caption":"radekmalina"},"url":"https:\/\/www.welovecycling.com\/cs\/author\/radekmalina\/"}]}},"_links":{"self":[{"href":"https:\/\/www.welovecycling.com\/cs\/wp-json\/wp\/v2\/posts\/22756","targetHints":{"allow":["GET"]}}],"collection":[{"href":"https:\/\/www.welovecycling.com\/cs\/wp-json\/wp\/v2\/posts"}],"about":[{"href":"https:\/\/www.welovecycling.com\/cs\/wp-json\/wp\/v2\/types\/post"}],"author":[{"embeddable":true,"href":"https:\/\/www.welovecycling.com\/cs\/wp-json\/wp\/v2\/users\/138"}],"replies":[{"embeddable":true,"href":"https:\/\/www.welovecycling.com\/cs\/wp-json\/wp\/v2\/comments?post=22756"}],"version-history":[{"count":6,"href":"https:\/\/www.welovecycling.com\/cs\/wp-json\/wp\/v2\/posts\/22756\/revisions"}],"predecessor-version":[{"id":22797,"href":"https:\/\/www.welovecycling.com\/cs\/wp-json\/wp\/v2\/posts\/22756\/revisions\/22797"}],"wp:featuredmedia":[{"embeddable":true,"href":"https:\/\/www.welovecycling.com\/cs\/wp-json\/wp\/v2\/media\/22790"}],"wp:attachment":[{"href":"https:\/\/www.welovecycling.com\/cs\/wp-json\/wp\/v2\/media?parent=22756"}],"wp:term":[{"taxonomy":"category","embeddable":true,"href":"https:\/\/www.welovecycling.com\/cs\/wp-json\/wp\/v2\/categories?post=22756"},{"taxonomy":"post_tag","embeddable":true,"href":"https:\/\/www.welovecycling.com\/cs\/wp-json\/wp\/v2\/tags?post=22756"},{"taxonomy":"global-categories","embeddable":true,"href":"https:\/\/www.welovecycling.com\/cs\/wp-json\/wp\/v2\/global-categories?post=22756"}],"curies":[{"name":"wp","href":"https:\/\/api.w.org\/{rel}","templated":true}]}}