{"id":22619,"date":"2023-06-11T10:11:20","date_gmt":"2023-06-11T08:11:20","guid":{"rendered":"https:\/\/www.welovecycling.com\/cs\/?p=22619"},"modified":"2023-06-11T10:11:20","modified_gmt":"2023-06-11T08:11:20","slug":"letape-2023-cernozlute-silenstvi-ve-jmenu-stare-damy","status":"publish","type":"post","link":"https:\/\/www.welovecycling.com\/cs\/2023\/06\/11\/letape-2023-cernozlute-silenstvi-ve-jmenu-stare-damy\/","title":{"rendered":"L&#8217;Etape 2023: \u010derno\u017elut\u00e9 \u0161\u00edlenstv\u00ed ve jm\u00e9nu Star\u00e9 d\u00e1my"},"content":{"rendered":"<p>V\u00fdrostci fotbalov\u00e9 Sparty halekaj\u00ed, jako by jim pat\u0159il sv\u011bt. P\u0159itom je to \u201ejen\u201c liga, jak se d\u00e1 vy\u010d\u00edst z jejich tri\u010dek s n\u00e1pisem MIST\u0158I. Strahovsk\u00fd stadion, co pamatuje lep\u0161\u00ed \u010dasy, je jejich tr\u00e9ninkovou b\u00e1z\u00ed, ale ta je te\u010f v oble\u017een\u00ed kol a oni v defenziv\u011b: fotbalov\u00e1 jeden\u00e1ctka proti davu o t\u0159ech tis\u00edc\u00edch hlav. Toto je slet cyklist\u016f. Toto je L&#8217;Etape Czech Republic by Tour de France 2023.<\/p>\n<p>Cel\u00fd ten pra\u017esk\u00fd cyklistick\u00fd trojboj v duchu Tour de France na\u010dala dlouh\u00e1, 142kilometrov\u00e1 \u0161treka. Petr \u010cech p\u0159ed nastartovan\u00fdm pelotonem st\u0159\u00edh\u00e1 na Strahov\u011b p\u00e1sku, \u010d\u00edm\u017e z\u00e1vod slavnostn\u011b zah\u00e1j\u00ed. Druh\u00fd kousek si na pam\u00e1tku odnese Martina S\u00e1bl\u00edkov\u00e1, na\u010de\u017e rychle sp\u011bch\u00e1 zm\u011bnit outfit, proto\u017ee brzy bude taky z\u00e1vodit.<\/p>\n<h2><strong>Martina S\u00e1bl\u00edkov\u00e1 rozd\u00e1vala autogramy<\/strong><\/h2>\n<p>Jestli\u017ee loni trojn\u00e1sobn\u00e1 olympijsk\u00e1 \u0161ampionka v rychlobruslen\u00ed \u201edlouhou\u201c vyhr\u00e1la, letos se na ni prezentovala s jin\u00fdm z\u00e1m\u011brem \u2013 rozd\u00e1vat po cest\u011b autogramy. \u201eM\u00e1m za sebou t\u011b\u017ek\u00e9 soust\u0159ed\u011bn\u00ed a rozhodli jsme, \u017ee by nebyl dobr\u00fd n\u00e1pad jet full gas.\u201c A tak ji tentokr\u00e1t v\u00edc ne\u017e ob\u011b nohy dohromady mus\u00ed bolet ruka. Nes\u010detn\u011bkr\u00e1t toti\u017e fixou vymaluje velk\u00e9 S a za n\u00edm sv\u00fdch p\u00e1r klikyh\u00e1k\u016f na pam\u00e1tku. \u201eM\u00e1m za sebou v\u0161echny t\u0159i ro\u010dn\u00edky a ten leto\u0161n\u00ed jsem si u\u017eila suver\u00e9nn\u011b nejv\u00edc,\u201c \u0159ekne nakonec, kdy\u017e doraz\u00ed p\u016fl hodiny po sv\u00e9 n\u00e1stupkyni na tr\u016fnu Denise Sl\u00e1mov\u00e9, b\u00fdval\u00e9 atletce, dnes u\u017e elitn\u00ed silni\u010d\u00e1\u0159ce.<\/p>\n<figure id=\"attachment_22626\" aria-describedby=\"caption-attachment-22626\" style=\"width: 1920px\" class=\"wp-caption alignnone\"><a href=\"https:\/\/d2p6e6u75xmxt8.cloudfront.net\/13\/2023\/06\/image0-1-scaled.webp\"><img loading=\"lazy\" decoding=\"async\" class=\"size-extra-large wp-image-22626\" src=\"https:\/\/d2p6e6u75xmxt8.cloudfront.net\/13\/2023\/06\/image0-1-1920x1280.webp\" alt=\"Martina S\u00e1bl\u00edkov\" width=\"1920\" height=\"1280\" srcset=\"https:\/\/d2p6e6u75xmxt8.cloudfront.net\/13\/2023\/06\/image0-1-1920x1280.webp 1920w, https:\/\/d2p6e6u75xmxt8.cloudfront.net\/13\/2023\/06\/image0-1-300x200.webp 300w, https:\/\/d2p6e6u75xmxt8.cloudfront.net\/13\/2023\/06\/image0-1-1024x683.webp 1024w, https:\/\/d2p6e6u75xmxt8.cloudfront.net\/13\/2023\/06\/image0-1-768x512.webp 768w, https:\/\/d2p6e6u75xmxt8.cloudfront.net\/13\/2023\/06\/image0-1-1536x1024.webp 1536w, https:\/\/d2p6e6u75xmxt8.cloudfront.net\/13\/2023\/06\/image0-1-2048x1365.webp 2048w, https:\/\/d2p6e6u75xmxt8.cloudfront.net\/13\/2023\/06\/image0-1-400x267.webp 400w, https:\/\/d2p6e6u75xmxt8.cloudfront.net\/13\/2023\/06\/image0-1-272x182.webp 272w, https:\/\/d2p6e6u75xmxt8.cloudfront.net\/13\/2023\/06\/image0-1-1920x1280.webp 1920w\" sizes=\"auto, (max-width: 1920px) 100vw, 1920px\" \/><\/a><figcaption id=\"caption-attachment-22626\" class=\"wp-caption-text\"><em>Martina S\u00e1bl\u00edkov\u00e1 po trase zastavovala, p\u00f3zovala pro fotografie a rozd\u00e1vala autogramy. Foto: Gabriela Trousilov\u00e1<\/em><\/figcaption><\/figure>\n<p>Motorhome t\u00fdmu ATT Investments bubl\u00e1 v p\u0159edposledn\u00ed z\u00e1krut\u011b trat\u011b, za p\u00e1r hodin tu borci pardubick\u00e9ho man\u010daftu pojedou pro double: Jakub Otruba pro triumf, jeho ma\u010farsk\u00fd kolega Mart\u00f3n Dina, kter\u00fd z domova putoval na start 8 hodin vlakem, pro druh\u00e9 m\u00edsto. Neb\u00fdt t\u0159et\u00edho Petra Fialy, byl by to pro \u201einvestory\u201c jednobarevn\u00fd v\u00fdsledek, proto\u017ee pod p\u00f3diem se poskl\u00e1dali Turek, v\u00edt\u011bz prvn\u00edho ro\u010dn\u00edku, pak Ka\u0161par a Jakoubek. Lo\u0148sk\u00fd v\u00edt\u011bz Michal Kollert dojel tentokr\u00e1t jeden\u00e1ct\u00fd. \u201eByla to skv\u011bl\u00e1 p\u0159\u00edprava na mistrovstv\u00ed republiky, kter\u00e9 m\u011b nyn\u00ed \u010dek\u00e1,\u201c pov\u00edd\u00e1 Otruba a neskr\u00fdv\u00e1 u toho nejvy\u0161\u0161\u00ed ambice: \u201eVyhr\u00e1t, to je jasn\u00e9.\u201c<\/p>\n<div class=\"shortcode-ys-post-pinup\"><article class=\"loop-simple post-22615 post type-post status-publish format-standard has-post-thumbnail hentry category-letape-czech-republic tag-cyklistika tag-drahova-cyklistika tag-konec-kariery tag-letape-czech-republic-by-tour-de-france tag-silnicni-cyklistika tag-tomas-babek global-categories-cycling\" data-postid=\"22615\" role=\"article\" data-post-id=\"22615\" data-word-count=\"803\" data-headline-length=\"89\" data-category=\"L&#039;Etape Czech Republic\" data-global-category=\"Cycling\" data-author=\"Radek Malina\" data-published=\"2023-06-09T12:11:19+02:00\" data-published-day=\"Friday\">\n    <div class=\"entry-thumbnail article-thumbnail\" content=\"https:\/\/d2p6e6u75xmxt8.cloudfront.net\/13\/2020\/07\/dr\u00e1ha-8-1-150x150.webp\"><a href=\"https:\/\/www.welovecycling.com\/cs\/2023\/06\/09\/tomas-babek-vymenil-kolo-za-kancelar-nejhorsi-by-bylo-sedet-a-kopat-se-do-zadku\/\" class=\"image-holder\" target=\"_self\"><img decoding=\"async\" loading=\"lazy\" class=\"\" src=\"https:\/\/d2p6e6u75xmxt8.cloudfront.net\/13\/2020\/07\/dr\u00e1ha-8-1-1024x683.webp\" srcset=\"https:\/\/d2p6e6u75xmxt8.cloudfront.net\/13\/2020\/07\/dr\u00e1ha-8-1.webp 1600w, https:\/\/d2p6e6u75xmxt8.cloudfront.net\/13\/2020\/07\/dr\u00e1ha-8-1-300x200.webp 300w, https:\/\/d2p6e6u75xmxt8.cloudfront.net\/13\/2020\/07\/dr\u00e1ha-8-1-1024x683.webp 1024w, https:\/\/d2p6e6u75xmxt8.cloudfront.net\/13\/2020\/07\/dr\u00e1ha-8-1-768x512.webp 768w, https:\/\/d2p6e6u75xmxt8.cloudfront.net\/13\/2020\/07\/dr\u00e1ha-8-1-1536x1024.webp 1536w, https:\/\/d2p6e6u75xmxt8.cloudfront.net\/13\/2020\/07\/dr\u00e1ha-8-1-272x182.webp 272w\" width=\"1024\" height=\"683\" sizes=\"auto, (min-width: 1200px) 300px, (min-width: 768px) 25vw, 100vw\" alt=\"tomas-babek-vymenil-kolo-za-kancelar-nejhorsi-by-bylo-sedet-a-kopat-se-do-zadku\"\/><\/a><\/div>    <div class=\"entry-meta\">\n        <a class=\"label label-secondary post-category\" href=\"https:\/\/www.welovecycling.com\/cs\/category\/letape-czech-republic\/\" title=\"L'Etape Czech Republic\">L'Etape Czech Republic<\/a>\n    <\/div>\n    <div class=\"entry-details\">\n        <a href=\"https:\/\/www.welovecycling.com\/cs\/2023\/06\/09\/tomas-babek-vymenil-kolo-za-kancelar-nejhorsi-by-bylo-sedet-a-kopat-se-do-zadku\/\" class='entry-title-wrapper'>\n            <h3 class=\"entry-title\"><span>Tom\u00e1\u0161 B\u00e1bek vym\u011bnil kolo za kancel\u00e1\u0159: Nejhor\u0161\u00ed by bylo sed\u011bt a kopat se do zadku<\/span><\/h3>\n        <\/a>\n    <\/div>\n    <\/article>\n<\/div>\n<p>\u010e\u00e1bel Didi je zase jednou neskute\u010dn\u011b energick\u00fd, v \u010derven\u00e9m h\u00e1bitu a s trojzubcem p\u0159edv\u00e1d\u00ed svoji gymnastiku, kolena u brady, o\u010di vykulen\u00e9, jazyk vyplazen\u00fd. Tom\u00e1\u0161 B\u00e1bek stoj\u00ed opod\u00e1l a m\u00e1 jedinou ambici. Kdy\u017e si na startu stovky pom\u011b\u0159uje objem stehen s maskotem od \u0160kodovky, snadno pochop\u00edte, co je jeho siln\u00e1 str\u00e1nka. Pro dvojn\u00e1sobn\u00e9ho medailistu z dr\u00e1ha\u0159sk\u00e9ho mistrovstv\u00ed sv\u011bta byla rychlost povol\u00e1n\u00edm a tak jeho magnetem je \u017dilina. Ne slovensk\u00e1, ta st\u0159edo\u010desk\u00e1, kde se ud\u011bluje zelen\u00fd trikot nejlep\u0161\u00edho spurtera za nejrychlej\u0161\u00ed pr\u016fjezd m\u011b\u0159en\u00fdm sektorem.<\/p>\n<p><a href=\"https:\/\/d2p6e6u75xmxt8.cloudfront.net\/13\/2023\/06\/IMG-20230611-WA0002.webp\"><img loading=\"lazy\" decoding=\"async\" class=\"alignnone size-full wp-image-22630\" src=\"https:\/\/d2p6e6u75xmxt8.cloudfront.net\/13\/2023\/06\/IMG-20230611-WA0002.webp\" alt=\"\" width=\"1600\" height=\"1067\" srcset=\"https:\/\/d2p6e6u75xmxt8.cloudfront.net\/13\/2023\/06\/IMG-20230611-WA0002.webp 1600w, https:\/\/d2p6e6u75xmxt8.cloudfront.net\/13\/2023\/06\/IMG-20230611-WA0002-300x200.webp 300w, https:\/\/d2p6e6u75xmxt8.cloudfront.net\/13\/2023\/06\/IMG-20230611-WA0002-1024x683.webp 1024w, https:\/\/d2p6e6u75xmxt8.cloudfront.net\/13\/2023\/06\/IMG-20230611-WA0002-768x512.webp 768w, https:\/\/d2p6e6u75xmxt8.cloudfront.net\/13\/2023\/06\/IMG-20230611-WA0002-1536x1024.webp 1536w, https:\/\/d2p6e6u75xmxt8.cloudfront.net\/13\/2023\/06\/IMG-20230611-WA0002-400x267.webp 400w, https:\/\/d2p6e6u75xmxt8.cloudfront.net\/13\/2023\/06\/IMG-20230611-WA0002-272x182.webp 272w\" sizes=\"auto, (max-width: 1600px) 100vw, 1600px\" \/><\/a><\/p>\n<p>\u201eJestli tam dojedu,\u201c dum\u00e1, ale brzy m\u00e1 uk\u00e1zat, \u017ee toho nen\u00ed mnoho, co by po leto\u0161n\u00edm ukon\u010den\u00ed kari\u00e9ry zapomn\u011bl. Jen co ze st\u0159echy \u0159editelsk\u00e9ho Enyaqu odm\u00e1v\u00e1 zelen\u00e1 vlajka ostr\u00fd start, B\u00e1bek demonstruje s\u00edlu sv\u00fdch p\u00edst\u016f a jeho n\u00e1stup nikdo nestihne.<\/p>\n<h2><strong>Zden\u011bk \u0160tybar v roli domestika<\/strong><\/h2>\n<p>J\u00e1n Svorada pat\u0159il p\u00e1r let nazp\u011bt k nejlep\u0161\u00edm spurter\u016fm planety, ostatn\u011b na sv\u011bt\u011b nen\u00ed mnoho t\u011bch, co kdy zvedli ruce na Elysejsk\u00fdch pol\u00edch, kde tradi\u010dn\u011b fini\u0161uje Tour de France. Pro sprintery svat\u00fd gr\u00e1l. Duelu s B\u00e1bkem se v\u0161ak taktn\u011b vyh\u00fdb\u00e1 a nab\u00edz\u00ed sv\u00e9 slu\u017eby: \u201eKlidn\u011b to Tom\u00e1\u0161ovi rozjedu.\u201c T\u00e9 role se ale nakonec ujme jin\u00fd slavn\u00fd \u0161ampion, Ji\u0159\u00ed Je\u017eek. U\u017e kilometr p\u0159ed za\u010d\u00e1tkem sektoru jede B\u00e1bkovi \u0161pici. \u201eJako by nev\u011bd\u011bl, jak m\u011b to za n\u00edm v h\u00e1ku bol\u00ed.\u201c Ale zelen\u00e1 bude doma, nikdo u\u017e \u017dilinou neprolet\u00ed rychleji.<\/p>\n<p>Svorada mezit\u00edm bojuje o kus d\u00e1l. \u201eHezky to ods\u00fdp\u00e1, co?\u201c veze se Svorada po v\u011btru prvn\u00edch kilometr\u016f. Nic z toho, co mu vyneslo t\u0159i etapy z Tour de France ani jako pades\u00e1tn\u00edk nezapomn\u011bl. Schovan\u00fd v h\u00e1ku, aby ani watt neutratil zbyte\u010dn\u011b, a p\u0159esn\u011b tak vp\u0159edu, jak je to pot\u0159eba, aby se z\u00e1vodn\u00edk vyhnul pot\u00ed\u017e\u00edm, kter\u00e9 bal\u00edk generuje. A\u017e ke konci ho prvn\u00ed skupina odp\u00e1\u0159e. \u201eAle hezky se mi jelo,\u201c \u0159ekne.<\/p>\n<figure id=\"attachment_22620\" aria-describedby=\"caption-attachment-22620\" style=\"width: 1600px\" class=\"wp-caption alignnone\"><a href=\"https:\/\/d2p6e6u75xmxt8.cloudfront.net\/13\/2023\/06\/IMG-20230611-WA0000.webp\"><img loading=\"lazy\" decoding=\"async\" class=\"size-full wp-image-22620\" src=\"https:\/\/d2p6e6u75xmxt8.cloudfront.net\/13\/2023\/06\/IMG-20230611-WA0000.webp\" alt=\"L'Etape Czech Republic by Tour de France 2023\" width=\"1600\" height=\"1067\" srcset=\"https:\/\/d2p6e6u75xmxt8.cloudfront.net\/13\/2023\/06\/IMG-20230611-WA0000.webp 1600w, https:\/\/d2p6e6u75xmxt8.cloudfront.net\/13\/2023\/06\/IMG-20230611-WA0000-300x200.webp 300w, https:\/\/d2p6e6u75xmxt8.cloudfront.net\/13\/2023\/06\/IMG-20230611-WA0000-1024x683.webp 1024w, https:\/\/d2p6e6u75xmxt8.cloudfront.net\/13\/2023\/06\/IMG-20230611-WA0000-768x512.webp 768w, https:\/\/d2p6e6u75xmxt8.cloudfront.net\/13\/2023\/06\/IMG-20230611-WA0000-1536x1024.webp 1536w, https:\/\/d2p6e6u75xmxt8.cloudfront.net\/13\/2023\/06\/IMG-20230611-WA0000-400x267.webp 400w, https:\/\/d2p6e6u75xmxt8.cloudfront.net\/13\/2023\/06\/IMG-20230611-WA0000-272x182.webp 272w\" sizes=\"auto, (max-width: 1600px) 100vw, 1600px\" \/><\/a><figcaption id=\"caption-attachment-22620\" class=\"wp-caption-text\"><em>L&#8217;Etape Czech Republic by Tour de France 2023. Foto: Mark\u00e9ta Navr\u00e1tilov\u00e1<\/em><\/figcaption><\/figure>\n<p>Zden\u011bk \u0160tybar poprv\u00e9 od operace z\u00fa\u017een\u00e9 tepny v ky\u010dli nasadil na kolo startovn\u00ed \u010d\u00edslo a po v\u0161ech t\u011bch fack\u00e1ch, co posledn\u00ed dobou dost\u00e1val, mu ta zd\u00e1nliv\u00e1 mali\u010dkost p\u0159inesla \u00fasm\u011bv. \u201eNoha? Hmm, u\u017e bylo l\u00edp,\u201c \u0159\u00edkal, ale zase jednou se projevil jako bojovn\u00edk, co to ani v 37 letech nevzd\u00e1v\u00e1. \u201eJasn\u011b \u017ee jo, chci je\u0161t\u011b letos z\u00e1vodit. Moc bych si p\u0159\u00e1l startovat na Vuelt\u011b, d\u011bl\u00e1m pro to v\u0161echno.\u201c<\/p>\n<div class=\"shortcode-ys-post-pinup\"><article class=\"loop-simple post-22211 post type-post status-publish format-standard has-post-thumbnail hentry category-rady-tipy tag-cyklistika tag-horska-cyklistika tag-jak-na-nakup-noveho-kola tag-nove-kolo tag-proc-koupit-nove-kolo tag-proc-nekoupit-nove-kolo tag-silnicni-cyklistika global-categories-cycling\" data-postid=\"22211\" role=\"article\" data-post-id=\"22211\" data-word-count=\"455\" data-headline-length=\"28\" data-category=\"Rady &amp; tipy\" data-global-category=\"Cycling\" data-author=\"We Love Cycling\" data-published=\"2023-05-02T06:00:17+02:00\" data-published-day=\"Tuesday\">\n    <div class=\"entry-thumbnail article-thumbnail\" content=\"https:\/\/d2p6e6u75xmxt8.cloudfront.net\/13\/2021\/09\/stosek-michal-cerveny-12-150x150.webp\"><a href=\"https:\/\/www.welovecycling.com\/cs\/2023\/05\/02\/proc-nekoupit-nove-kolo\/\" class=\"image-holder\" target=\"_self\"><img decoding=\"async\" loading=\"lazy\" class=\"\" src=\"https:\/\/d2p6e6u75xmxt8.cloudfront.net\/13\/2021\/09\/stosek-michal-cerveny-12-1024x683.webp\" srcset=\"https:\/\/d2p6e6u75xmxt8.cloudfront.net\/13\/2021\/09\/stosek-michal-cerveny-12.webp 1600w, https:\/\/d2p6e6u75xmxt8.cloudfront.net\/13\/2021\/09\/stosek-michal-cerveny-12-300x200.webp 300w, https:\/\/d2p6e6u75xmxt8.cloudfront.net\/13\/2021\/09\/stosek-michal-cerveny-12-1024x683.webp 1024w, https:\/\/d2p6e6u75xmxt8.cloudfront.net\/13\/2021\/09\/stosek-michal-cerveny-12-768x512.webp 768w, https:\/\/d2p6e6u75xmxt8.cloudfront.net\/13\/2021\/09\/stosek-michal-cerveny-12-1536x1024.webp 1536w, https:\/\/d2p6e6u75xmxt8.cloudfront.net\/13\/2021\/09\/stosek-michal-cerveny-12-272x182.webp 272w\" width=\"1024\" height=\"683\" sizes=\"auto, (min-width: 1200px) 300px, (min-width: 768px) 25vw, 100vw\" alt=\"proc-nekoupit-nove-kolo\"\/><\/a><\/div>    <div class=\"entry-meta\">\n        <a class=\"label label-secondary post-category\" href=\"https:\/\/www.welovecycling.com\/cs\/category\/rady-tipy\/\" title=\"Rady &amp; tipy\">Rady &amp; tipy<\/a>\n    <\/div>\n    <div class=\"entry-details\">\n        <a href=\"https:\/\/www.welovecycling.com\/cs\/2023\/05\/02\/proc-nekoupit-nove-kolo\/\" class='entry-title-wrapper'>\n            <h3 class=\"entry-title\"><span>Pro\u010d (ne)koupit nov\u00e9 kolo?<\/span><\/h3>\n        <\/a>\n    <\/div>\n    <\/article>\n<\/div>\n<p>Protentokr\u00e1t dostal prof\u00edk australsk\u00e9ho Jayca na t\u00fdmov\u00e9 porad\u011b jin\u00e9 instrukce \u2013 d\u011blat domestika. Ale takov\u00e9ho, co ho d\u011blal r\u00e1d, proto\u017ee na nejkrat\u0161\u00ed distanci 65 kilometr\u016f pracoval proti v\u011btru pro sv\u00e9ho t\u00e1tu. \u201eR\u00e1no mi \u0159\u00edkal, \u017ee se boj\u00ed, abychom m\u011bli pr\u016fm\u011brnou rychlost aspo\u0148 20 km\/h. J\u00e1 mu \u0159\u00edkal 22 a nakonec to bylo 24. Tak\u017ee spokojenost.\u201c<\/p>\n<p>A to v\u0161echno navzdory defektu, co star\u0161\u00edho ze \u0160tybar\u016f zabrzdil u\u017e na t\u0159et\u00edm kilometru. \u201eA co mysl\u00edte \u2013 prof\u00edk m\u011bl jen bombi\u010dku se stla\u010den\u00fdm vzduchem, ta byla hned pr\u00e1zdn\u00e1 a pumpi\u010dka nikde. Ale nakonec jsme se pomoci do\u010dkali.\u201c<\/p>\n<h2><strong>L&#8217;Etape 2023: Pozitivn\u00ed \u0161\u00edlenstv\u00ed<\/strong><\/h2>\n<p>Nejd\u0159\u00edv Hostivice tam, co je ostr\u00fd start. Hukot. Pak Jene\u010d a zase. Unho\u0161\u0165 a tak d\u00e1l a d\u00e1l, a\u017e zase na zp\u00e1te\u010dn\u00ed cest\u011b Sv\u00e1rov, \u010cerven\u00fd \u00dajezd nebo nakonec B\u0159ve, ne\u017e peloton vdechne Praha. A v\u0161ude to hu\u010d\u00ed. Na \u0161utr nafoukan\u00fdmi galuskami na jedn\u00e9 stran\u011b a na druh\u00e9 \u0159ehta\u010dkami, potleskem a&#8230; Pochopen\u00edm.<\/p>\n<figure id=\"attachment_22623\" aria-describedby=\"caption-attachment-22623\" style=\"width: 1600px\" class=\"wp-caption alignnone\"><a href=\"https:\/\/d2p6e6u75xmxt8.cloudfront.net\/13\/2023\/06\/IMG-20230611-WA0003.webp\"><img loading=\"lazy\" decoding=\"async\" class=\"size-full wp-image-22623\" src=\"https:\/\/d2p6e6u75xmxt8.cloudfront.net\/13\/2023\/06\/IMG-20230611-WA0003.webp\" alt=\"Etape 2023\" width=\"1600\" height=\"1067\" srcset=\"https:\/\/d2p6e6u75xmxt8.cloudfront.net\/13\/2023\/06\/IMG-20230611-WA0003.webp 1600w, https:\/\/d2p6e6u75xmxt8.cloudfront.net\/13\/2023\/06\/IMG-20230611-WA0003-300x200.webp 300w, https:\/\/d2p6e6u75xmxt8.cloudfront.net\/13\/2023\/06\/IMG-20230611-WA0003-1024x683.webp 1024w, https:\/\/d2p6e6u75xmxt8.cloudfront.net\/13\/2023\/06\/IMG-20230611-WA0003-768x512.webp 768w, https:\/\/d2p6e6u75xmxt8.cloudfront.net\/13\/2023\/06\/IMG-20230611-WA0003-1536x1024.webp 1536w, https:\/\/d2p6e6u75xmxt8.cloudfront.net\/13\/2023\/06\/IMG-20230611-WA0003-400x267.webp 400w, https:\/\/d2p6e6u75xmxt8.cloudfront.net\/13\/2023\/06\/IMG-20230611-WA0003-272x182.webp 272w\" sizes=\"auto, (max-width: 1600px) 100vw, 1600px\" \/><\/a><figcaption id=\"caption-attachment-22623\" class=\"wp-caption-text\"><em>L&#8217;Etape Czech Republic by Tour de France 2023 p\u0159il\u00e1kala k trati tis\u00edce fanou\u0161k\u016f. Foto: Mark\u00e9ta Navr\u00e1tilov\u00e1<\/em><\/figcaption><\/figure>\n<p>Praha a jej\u00ed z\u00e1padn\u00ed okraj cyklistiku p\u0159ijaly a fandily, sedmn\u00e1ctka ofici\u00e1ln\u00edch fanpoint\u016f a stovky t\u011bch ad hoc byly povolen\u00fdm dopingem pro mor\u00e1lku. \u201eJedn\u00edm slovem n\u00e1dhera,\u201c rozpl\u00fdv\u00e1 se B\u00e1bek. \u201eNev\u011b\u0159il bych, jak\u00e9 pozitivn\u00ed \u0161\u00edlenstv\u00ed dok\u00e1\u017ee takov\u00fd projekt v \u010cesku vzbudit.\u201c<\/p>\n<p><em>Tituln\u00ed foto: Gabriela Trousilov\u00e1<\/em><\/p>\n","protected":false},"excerpt":{"rendered":"<p>V\u00fdrostci fotbalov\u00e9 Sparty halekaj\u00ed, jako by jim pat\u0159il sv\u011bt. P\u0159itom je to \u201ejen\u201c liga, jak se d\u00e1 vy\u010d\u00edst z jejich [&hellip;]<\/p>\n","protected":false},"author":138,"featured_media":22627,"comment_status":"open","ping_status":"open","sticky":false,"template":"","format":"standard","meta":{"footnotes":""},"categories":[1564],"tags":[126,139,303,2702,932,9,1007,73],"global-categories":[411],"class_list":["post-22619","post","type-post","status-publish","format-standard","has-post-thumbnail","hentry","category-letape-czech-republic","tag-cyklistika","tag-jakub-otruba","tag-jan-svorada","tag-letape-czech-republic-by-tour-de-france-2023","tag-martina-sablikova","tag-silnicni-cyklistika","tag-tomas-babek","tag-zdenek-stybar","global-categories-cycling"],"yoast_head":"<!-- This site is optimized with the Yoast SEO Premium plugin v25.3 (Yoast SEO v25.9) - https:\/\/yoast.com\/wordpress\/plugins\/seo\/ -->\n<title>L&#039;Etape 2023: \u010derno\u017elut\u00e9 \u0161\u00edlenstv\u00ed ve jm\u00e9nu Star\u00e9 d\u00e1my | \u0160koda We Love Cycling - \u010cesk\u00e1 republika<\/title>\n<meta name=\"description\" content=\"L&#039;Etape Czech Republic by Tour de France 2023 m\u011bla na startu t\u0159i tis\u00edce fanou\u0161k\u016f, kter\u00fdm na trase pom\u00e1haly hlasivkami davy fanou\u0161k\u016f.\" \/>\n<meta name=\"robots\" content=\"index, follow, max-snippet:-1, max-image-preview:large, max-video-preview:-1\" \/>\n<link rel=\"canonical\" href=\"https:\/\/www.welovecycling.com\/cs\/2023\/06\/11\/letape-2023-cernozlute-silenstvi-ve-jmenu-stare-damy\/\" \/>\n<meta property=\"og:locale\" content=\"cs_CZ\" \/>\n<meta property=\"og:type\" content=\"article\" \/>\n<meta property=\"og:title\" content=\"L&#039;Etape 2023: \u010derno\u017elut\u00e9 \u0161\u00edlenstv\u00ed ve jm\u00e9nu Star\u00e9 d\u00e1my\" \/>\n<meta property=\"og:description\" content=\"L&#039;Etape Czech Republic by Tour de France 2023 m\u011bla na startu t\u0159i tis\u00edce fanou\u0161k\u016f, kter\u00fdm na trase pom\u00e1haly hlasivkami davy fanou\u0161k\u016f.\" \/>\n<meta property=\"og:url\" content=\"https:\/\/www.welovecycling.com\/cs\/2023\/06\/11\/letape-2023-cernozlute-silenstvi-ve-jmenu-stare-damy\/\" \/>\n<meta property=\"og:site_name\" content=\"\u0160koda We Love Cycling - \u010cesk\u00e1 republika\" \/>\n<meta property=\"article:published_time\" content=\"2023-06-11T08:11:20+00:00\" \/>\n<meta property=\"og:image\" content=\"https:\/\/d2p6e6u75xmxt8.cloudfront.net\/13\/2023\/06\/image1-scaled.webp\" \/>\n\t<meta property=\"og:image:width\" content=\"2560\" \/>\n\t<meta property=\"og:image:height\" content=\"1707\" \/>\n\t<meta property=\"og:image:type\" content=\"image\/webp\" \/>\n<meta name=\"author\" content=\"radekmalina\" \/>\n<meta name=\"twitter:card\" content=\"summary_large_image\" \/>\n<meta name=\"twitter:label1\" content=\"Written by\" \/>\n\t<meta name=\"twitter:data1\" content=\"We Love Cycling\" \/>\n\t<meta name=\"twitter:label2\" content=\"Est. reading time\" \/>\n\t<meta name=\"twitter:data2\" content=\"6\" \/>\n<script type=\"application\/ld+json\" class=\"yoast-schema-graph\">{\"@context\":\"https:\/\/schema.org\",\"@graph\":[{\"@type\":\"WebPage\",\"@id\":\"https:\/\/www.welovecycling.com\/cs\/2023\/06\/11\/letape-2023-cernozlute-silenstvi-ve-jmenu-stare-damy\/\",\"url\":\"https:\/\/www.welovecycling.com\/cs\/2023\/06\/11\/letape-2023-cernozlute-silenstvi-ve-jmenu-stare-damy\/\",\"name\":\"L'Etape 2023: \u010derno\u017elut\u00e9 \u0161\u00edlenstv\u00ed ve jm\u00e9nu Star\u00e9 d\u00e1my | \u0160koda We Love Cycling - \u010cesk\u00e1 republika\",\"isPartOf\":{\"@id\":\"https:\/\/www.welovecycling.com\/cs\/#website\"},\"primaryImageOfPage\":{\"@id\":\"https:\/\/www.welovecycling.com\/cs\/2023\/06\/11\/letape-2023-cernozlute-silenstvi-ve-jmenu-stare-damy\/#primaryimage\"},\"image\":{\"@id\":\"https:\/\/www.welovecycling.com\/cs\/2023\/06\/11\/letape-2023-cernozlute-silenstvi-ve-jmenu-stare-damy\/#primaryimage\"},\"thumbnailUrl\":\"https:\/\/d2p6e6u75xmxt8.cloudfront.net\/13\/2023\/06\/image1-scaled.webp\",\"datePublished\":\"2023-06-11T08:11:20+00:00\",\"author\":{\"@id\":\"https:\/\/www.welovecycling.com\/cs\/#\/schema\/person\/d9eeb0a378f3a7e4a6d12d2b536b04b8\"},\"description\":\"L'Etape Czech Republic by Tour de France 2023 m\u011bla na startu t\u0159i tis\u00edce fanou\u0161k\u016f, kter\u00fdm na trase pom\u00e1haly hlasivkami davy fanou\u0161k\u016f.\",\"inLanguage\":\"cs\",\"potentialAction\":[{\"@type\":\"ReadAction\",\"target\":[\"https:\/\/www.welovecycling.com\/cs\/2023\/06\/11\/letape-2023-cernozlute-silenstvi-ve-jmenu-stare-damy\/\"]}]},{\"@type\":\"ImageObject\",\"inLanguage\":\"cs\",\"@id\":\"https:\/\/www.welovecycling.com\/cs\/2023\/06\/11\/letape-2023-cernozlute-silenstvi-ve-jmenu-stare-damy\/#primaryimage\",\"url\":\"https:\/\/d2p6e6u75xmxt8.cloudfront.net\/13\/2023\/06\/image1-scaled.webp\",\"contentUrl\":\"https:\/\/d2p6e6u75xmxt8.cloudfront.net\/13\/2023\/06\/image1-scaled.webp\",\"width\":2560,\"height\":1707},{\"@type\":\"WebSite\",\"@id\":\"https:\/\/www.welovecycling.com\/cs\/#website\",\"url\":\"https:\/\/www.welovecycling.com\/cs\/\",\"name\":\"\u0160koda We Love Cycling - \u010cesk\u00e1 republika\",\"description\":\"WeLoveCycling.cz je online magaz\u00edn, kter\u00fd v\u00e1m pravideln\u011b p\u0159in\u00e1\u0161\u00ed rady a tipy, zaj\u00edmav\u00e9 \u010dl\u00e1nky, videa a jedine\u010dn\u00e9 report\u00e1\u017ee ze sv\u011bta cyklistiky.\",\"potentialAction\":[{\"@type\":\"SearchAction\",\"target\":{\"@type\":\"EntryPoint\",\"urlTemplate\":\"https:\/\/www.welovecycling.com\/cs\/?s={search_term_string}\"},\"query-input\":{\"@type\":\"PropertyValueSpecification\",\"valueRequired\":true,\"valueName\":\"search_term_string\"}}],\"inLanguage\":\"cs\"},{\"@type\":\"Person\",\"@id\":\"https:\/\/www.welovecycling.com\/cs\/#\/schema\/person\/d9eeb0a378f3a7e4a6d12d2b536b04b8\",\"name\":\"radekmalina\",\"image\":{\"@type\":\"ImageObject\",\"inLanguage\":\"cs\",\"@id\":\"https:\/\/www.welovecycling.com\/cs\/#\/schema\/person\/image\/\",\"url\":\"https:\/\/secure.gravatar.com\/avatar\/66994b632cb8c39a46b9f54afa3ae07201b678d32a54275b6f1c9ffec356bfc0?s=96&d=mm&r=g\",\"contentUrl\":\"https:\/\/secure.gravatar.com\/avatar\/66994b632cb8c39a46b9f54afa3ae07201b678d32a54275b6f1c9ffec356bfc0?s=96&d=mm&r=g\",\"caption\":\"radekmalina\"},\"url\":\"https:\/\/www.welovecycling.com\/cs\/author\/radekmalina\/\"}]}<\/script>\n<!-- \/ Yoast SEO Premium plugin. -->","yoast_head_json":{"title":"L'Etape 2023: \u010derno\u017elut\u00e9 \u0161\u00edlenstv\u00ed ve jm\u00e9nu Star\u00e9 d\u00e1my | \u0160koda We Love Cycling - \u010cesk\u00e1 republika","description":"L'Etape Czech Republic by Tour de France 2023 m\u011bla na startu t\u0159i tis\u00edce fanou\u0161k\u016f, kter\u00fdm na trase pom\u00e1haly hlasivkami davy fanou\u0161k\u016f.","robots":{"index":"index","follow":"follow","max-snippet":"max-snippet:-1","max-image-preview":"max-image-preview:large","max-video-preview":"max-video-preview:-1"},"canonical":"https:\/\/www.welovecycling.com\/cs\/2023\/06\/11\/letape-2023-cernozlute-silenstvi-ve-jmenu-stare-damy\/","og_locale":"cs_CZ","og_type":"article","og_title":"L'Etape 2023: \u010derno\u017elut\u00e9 \u0161\u00edlenstv\u00ed ve jm\u00e9nu Star\u00e9 d\u00e1my","og_description":"L'Etape Czech Republic by Tour de France 2023 m\u011bla na startu t\u0159i tis\u00edce fanou\u0161k\u016f, kter\u00fdm na trase pom\u00e1haly hlasivkami davy fanou\u0161k\u016f.","og_url":"https:\/\/www.welovecycling.com\/cs\/2023\/06\/11\/letape-2023-cernozlute-silenstvi-ve-jmenu-stare-damy\/","og_site_name":"\u0160koda We Love Cycling - \u010cesk\u00e1 republika","article_published_time":"2023-06-11T08:11:20+00:00","og_image":[{"width":2560,"height":1707,"url":"https:\/\/d2p6e6u75xmxt8.cloudfront.net\/13\/2023\/06\/image1-scaled.webp","type":"image\/webp"}],"author":"radekmalina","twitter_card":"summary_large_image","twitter_misc":{"Written by":"We Love Cycling","Est. reading time":"6"},"schema":{"@context":"https:\/\/schema.org","@graph":[{"@type":"WebPage","@id":"https:\/\/www.welovecycling.com\/cs\/2023\/06\/11\/letape-2023-cernozlute-silenstvi-ve-jmenu-stare-damy\/","url":"https:\/\/www.welovecycling.com\/cs\/2023\/06\/11\/letape-2023-cernozlute-silenstvi-ve-jmenu-stare-damy\/","name":"L'Etape 2023: \u010derno\u017elut\u00e9 \u0161\u00edlenstv\u00ed ve jm\u00e9nu Star\u00e9 d\u00e1my | \u0160koda We Love Cycling - \u010cesk\u00e1 republika","isPartOf":{"@id":"https:\/\/www.welovecycling.com\/cs\/#website"},"primaryImageOfPage":{"@id":"https:\/\/www.welovecycling.com\/cs\/2023\/06\/11\/letape-2023-cernozlute-silenstvi-ve-jmenu-stare-damy\/#primaryimage"},"image":{"@id":"https:\/\/www.welovecycling.com\/cs\/2023\/06\/11\/letape-2023-cernozlute-silenstvi-ve-jmenu-stare-damy\/#primaryimage"},"thumbnailUrl":"https:\/\/d2p6e6u75xmxt8.cloudfront.net\/13\/2023\/06\/image1-scaled.webp","datePublished":"2023-06-11T08:11:20+00:00","author":{"@id":"https:\/\/www.welovecycling.com\/cs\/#\/schema\/person\/d9eeb0a378f3a7e4a6d12d2b536b04b8"},"description":"L'Etape Czech Republic by Tour de France 2023 m\u011bla na startu t\u0159i tis\u00edce fanou\u0161k\u016f, kter\u00fdm na trase pom\u00e1haly hlasivkami davy fanou\u0161k\u016f.","inLanguage":"cs","potentialAction":[{"@type":"ReadAction","target":["https:\/\/www.welovecycling.com\/cs\/2023\/06\/11\/letape-2023-cernozlute-silenstvi-ve-jmenu-stare-damy\/"]}]},{"@type":"ImageObject","inLanguage":"cs","@id":"https:\/\/www.welovecycling.com\/cs\/2023\/06\/11\/letape-2023-cernozlute-silenstvi-ve-jmenu-stare-damy\/#primaryimage","url":"https:\/\/d2p6e6u75xmxt8.cloudfront.net\/13\/2023\/06\/image1-scaled.webp","contentUrl":"https:\/\/d2p6e6u75xmxt8.cloudfront.net\/13\/2023\/06\/image1-scaled.webp","width":2560,"height":1707},{"@type":"WebSite","@id":"https:\/\/www.welovecycling.com\/cs\/#website","url":"https:\/\/www.welovecycling.com\/cs\/","name":"\u0160koda We Love Cycling - \u010cesk\u00e1 republika","description":"WeLoveCycling.cz je online magaz\u00edn, kter\u00fd v\u00e1m pravideln\u011b p\u0159in\u00e1\u0161\u00ed rady a tipy, zaj\u00edmav\u00e9 \u010dl\u00e1nky, videa a jedine\u010dn\u00e9 report\u00e1\u017ee ze sv\u011bta cyklistiky.","potentialAction":[{"@type":"SearchAction","target":{"@type":"EntryPoint","urlTemplate":"https:\/\/www.welovecycling.com\/cs\/?s={search_term_string}"},"query-input":{"@type":"PropertyValueSpecification","valueRequired":true,"valueName":"search_term_string"}}],"inLanguage":"cs"},{"@type":"Person","@id":"https:\/\/www.welovecycling.com\/cs\/#\/schema\/person\/d9eeb0a378f3a7e4a6d12d2b536b04b8","name":"radekmalina","image":{"@type":"ImageObject","inLanguage":"cs","@id":"https:\/\/www.welovecycling.com\/cs\/#\/schema\/person\/image\/","url":"https:\/\/secure.gravatar.com\/avatar\/66994b632cb8c39a46b9f54afa3ae07201b678d32a54275b6f1c9ffec356bfc0?s=96&d=mm&r=g","contentUrl":"https:\/\/secure.gravatar.com\/avatar\/66994b632cb8c39a46b9f54afa3ae07201b678d32a54275b6f1c9ffec356bfc0?s=96&d=mm&r=g","caption":"radekmalina"},"url":"https:\/\/www.welovecycling.com\/cs\/author\/radekmalina\/"}]}},"_links":{"self":[{"href":"https:\/\/www.welovecycling.com\/cs\/wp-json\/wp\/v2\/posts\/22619","targetHints":{"allow":["GET"]}}],"collection":[{"href":"https:\/\/www.welovecycling.com\/cs\/wp-json\/wp\/v2\/posts"}],"about":[{"href":"https:\/\/www.welovecycling.com\/cs\/wp-json\/wp\/v2\/types\/post"}],"author":[{"embeddable":true,"href":"https:\/\/www.welovecycling.com\/cs\/wp-json\/wp\/v2\/users\/138"}],"replies":[{"embeddable":true,"href":"https:\/\/www.welovecycling.com\/cs\/wp-json\/wp\/v2\/comments?post=22619"}],"version-history":[{"count":4,"href":"https:\/\/www.welovecycling.com\/cs\/wp-json\/wp\/v2\/posts\/22619\/revisions"}],"predecessor-version":[{"id":22632,"href":"https:\/\/www.welovecycling.com\/cs\/wp-json\/wp\/v2\/posts\/22619\/revisions\/22632"}],"wp:featuredmedia":[{"embeddable":true,"href":"https:\/\/www.welovecycling.com\/cs\/wp-json\/wp\/v2\/media\/22627"}],"wp:attachment":[{"href":"https:\/\/www.welovecycling.com\/cs\/wp-json\/wp\/v2\/media?parent=22619"}],"wp:term":[{"taxonomy":"category","embeddable":true,"href":"https:\/\/www.welovecycling.com\/cs\/wp-json\/wp\/v2\/categories?post=22619"},{"taxonomy":"post_tag","embeddable":true,"href":"https:\/\/www.welovecycling.com\/cs\/wp-json\/wp\/v2\/tags?post=22619"},{"taxonomy":"global-categories","embeddable":true,"href":"https:\/\/www.welovecycling.com\/cs\/wp-json\/wp\/v2\/global-categories?post=22619"}],"curies":[{"name":"wp","href":"https:\/\/api.w.org\/{rel}","templated":true}]}}