{"id":22582,"date":"2023-06-06T10:00:08","date_gmt":"2023-06-06T08:00:08","guid":{"rendered":"https:\/\/www.welovecycling.com\/cs\/?p=22582"},"modified":"2023-06-05T21:42:18","modified_gmt":"2023-06-05T19:42:18","slug":"fabian-cancellara-bernard-hinault-ci-jan-vesely-legendy-na-trase-letape-czech-republic","status":"publish","type":"post","link":"https:\/\/www.welovecycling.com\/cs\/2023\/06\/06\/fabian-cancellara-bernard-hinault-ci-jan-vesely-legendy-na-trase-letape-czech-republic\/","title":{"rendered":"Fabian Cancellara, Bernard Hinault \u010di Jan Vesel\u00fd. Legendy na trase L&#8217;Etape Czech Republic"},"content":{"rendered":"<p><strong>Nese jm\u00e9no legendy! Nejv\u011bt\u0161\u00edho cyklistick\u00e9ho z\u00e1vodu planety, kter\u00fd ro\u010dn\u011b sleduj\u00ed miliony lid\u00ed u trati a dal\u0161\u00ed des\u00edtky milion\u016f u televizn\u00edch obrazovek. P\u0159esto\u017ee L&#8217;Etape Czech Republic by Tour de France letos nap\u00ed\u0161e 10. \u010dervna teprve t\u0159et\u00ed pokra\u010dov\u00e1n\u00ed, m\u00e1 v DNA mnohem v\u00edce z\u00e1vodnick\u00e9 historie, ne\u017e by se mohlo zd\u00e1t. I proto by bylo h\u0159\u00edchem nechat si uj\u00edt \u00fa\u010dast t\u0159eba jen na Kr\u00e1tk\u00e9 trase. B\u00fdt sou\u010d\u00e1st\u00ed, znamen\u00e1 dotknout se cyklistick\u00fdch legend.<\/strong><\/p>\n<p>Trasy nejv\u011bt\u0161\u00edho dom\u00e1c\u00edho z\u00e1vodu pro amat\u00e9ry &#8211; L&#8217;Etape Czech Republic by Tour de France \u2013 vedou ze Strahova z\u00e1padn\u00edm sm\u011brem na K\u0159ivokl\u00e1tsko. Jde o lokalitu, kde se na silnic\u00edch psala historie cyklistiky. Nejen \u010desk\u00e9.<\/p>\n<p>\u00davodn\u00ed rovinat\u00e1 pas\u00e1\u017e z\u00a0Prahy na Unho\u0161\u0165 a d\u00e1le pak na \u017dilinu a L\u00e1ny? K\u0159ivokl\u00e1tsk\u00e9 peklo po kostk\u00e1ch kolem hradu? S\u00fdko\u0159ice a zdej\u0161\u00ed dlouh\u00fd kopec? Legend\u00e1rn\u00ed Strahov? Nejen tato m\u00edsta z\u00a0trasy L&#8217;Etape Czech Republic by Tour de France byla sv\u011bdkem boje o sl\u00e1vu v\u00a0dob\u00e1ch d\u00e1vno p\u0159ed sametovou revoluc\u00ed i v\u00a0cyklistick\u00fdch sezon\u00e1ch po p\u00e1du komunismu v\u00a0\u010cesku.<\/p>\n<p>Tady se jezdila nejslavn\u011bj\u0161\u00ed dom\u00e1c\u00ed klasika! Tady se bojovalo o sl\u00e1vu v\u00a0temn\u00fdch dob\u00e1ch totality, kdy sport p\u0159edstavoval alespo\u0148 relativn\u00ed mo\u017enost \u00faniku od pochmurn\u00e9 reality. Tady se konaly prvn\u00ed profesion\u00e1ln\u00ed z\u00e1vody!<\/p>\n<h2><strong>Z\u00e1vod m\u00edru<\/strong><\/h2>\n<p>U\u017e t\u0159i roky po posledn\u00edch v\u00fdst\u0159elech druh\u00e9 sv\u011btov\u00e9 v\u00e1lky se zrodila Tour de France v\u00fdchodu \u2013 Z\u00e1vod m\u00edru. Pro zem\u011b b\u00fdval\u00e9ho socialistick\u00e9ho bloku \u0161lo o mimo\u0159\u00e1dn\u011b presti\u017en\u00ed z\u00e1le\u017eitost. Pokud jedn\u00edm z\u00a0hlavn\u00edch m\u011bst na trase byla Praha, zejm\u00e9na v\u00a0pozd\u011bj\u0161\u00edch sezon\u00e1ch od \u00favodn\u00edho ro\u010dn\u00edku peloton pravideln\u011b zav\u00edtal do les\u016f v\u00a0okol\u00ed hradu K\u0159ivokl\u00e1t.<\/p>\n<div class=\"shortcode-ys-post-pinup\"><article class=\"loop-simple post-17557 post type-post status-publish format-standard has-post-thumbnail hentry category-letape-czech-republic tag-cyklistika tag-letape-czech-republic-by-le-tour-de-france tag-letape-czech-republic-by-le-tour-de-france-2022 tag-silnicni-cyklistika global-categories-cycling\" data-postid=\"17557\" role=\"article\" data-post-id=\"17557\" data-word-count=\"149\" data-headline-length=\"68\" data-category=\"L&#039;Etape Czech Republic\" data-global-category=\"Cycling\" data-author=\"We Love Cycling\" data-published=\"2022-06-17T12:00:13+02:00\" data-published-day=\"Friday\">\n    <div class=\"entry-thumbnail article-thumbnail\" content=\"https:\/\/d2p6e6u75xmxt8.cloudfront.net\/13\/2022\/06\/Letape-22-vyber-080-scaled-150x150.webp\"><a href=\"https:\/\/www.welovecycling.com\/cs\/2022\/06\/17\/fotopribeh-letape-2022-aneb-fanouskovsky-karneval-u-silnice\/\" class=\"image-holder\" target=\"_self\"><img decoding=\"async\" loading=\"lazy\" class=\"\" src=\"https:\/\/d2p6e6u75xmxt8.cloudfront.net\/13\/2022\/06\/Letape-22-vyber-080-scaled-1024x683.webp\" srcset=\"https:\/\/d2p6e6u75xmxt8.cloudfront.net\/13\/2022\/06\/Letape-22-vyber-080-scaled.webp 2560w, https:\/\/d2p6e6u75xmxt8.cloudfront.net\/13\/2022\/06\/Letape-22-vyber-080-scaled-300x200.webp 300w, https:\/\/d2p6e6u75xmxt8.cloudfront.net\/13\/2022\/06\/Letape-22-vyber-080-scaled-1024x683.webp 1024w, https:\/\/d2p6e6u75xmxt8.cloudfront.net\/13\/2022\/06\/Letape-22-vyber-080-scaled-768x512.webp 768w, https:\/\/d2p6e6u75xmxt8.cloudfront.net\/13\/2022\/06\/Letape-22-vyber-080-scaled-1536x1024.webp 1536w, https:\/\/d2p6e6u75xmxt8.cloudfront.net\/13\/2022\/06\/Letape-22-vyber-080-scaled-2048x1366.webp 2048w, https:\/\/d2p6e6u75xmxt8.cloudfront.net\/13\/2022\/06\/Letape-22-vyber-080-scaled-1920x1280.webp 1920w, https:\/\/d2p6e6u75xmxt8.cloudfront.net\/13\/2022\/06\/Letape-22-vyber-080-scaled-272x182.webp 272w, https:\/\/d2p6e6u75xmxt8.cloudfront.net\/13\/2022\/06\/Letape-22-vyber-080-scaled-1920x1280.webp 1920w\" width=\"1024\" height=\"683\" sizes=\"auto, (min-width: 1200px) 300px, (min-width: 768px) 25vw, 100vw\" alt=\"fotopribeh-letape-2022-aneb-fanouskovsky-karneval-u-silnice\"\/><\/a><\/div>    <div class=\"entry-meta\">\n        <a class=\"label label-secondary post-category\" href=\"https:\/\/www.welovecycling.com\/cs\/category\/letape-czech-republic\/\" title=\"L'Etape Czech Republic\">L'Etape Czech Republic<\/a>\n    <\/div>\n    <div class=\"entry-details\">\n        <a href=\"https:\/\/www.welovecycling.com\/cs\/2022\/06\/17\/fotopribeh-letape-2022-aneb-fanouskovsky-karneval-u-silnice\/\" class='entry-title-wrapper'>\n            <h3 class=\"entry-title\"><span>FOTOP\u0158\u00cdB\u011aH: L\u2019Etape 2022 aneb fanou\u0161kovsk\u00fd karneval u silnice<\/span><\/h3>\n        <\/a>\n    <\/div>\n    <\/article>\n<\/div>\n<p>Proslul\u00e9 kostky v\u00a0k\u0159ivokl\u00e1tsk\u00e9m kopci s\u00a0vrcha\u0159skou pr\u00e9mi\u00ed u svat\u00e9ho Eustacha \u010di stoup\u00e1n\u00ed Zbe\u010dno-S\u00fdko\u0159ice zdolaly hv\u011bzdy jako Uwe Ampler, Olaf Ludwig, Sergej Suchoru\u010denkov, Uwe Raab \u010di Ryszard Szurkowski. Mnoz\u00ed se pozd\u011bji zapsali i do d\u011bjin Tour de France!<\/p>\n<p>Ryszard Szurkowski vyhr\u00e1l \u010dty\u0159ikr\u00e1t Z\u00e1vod m\u00edru, t\u0159ikr\u00e1t byl mistrem sv\u011bta mezi amat\u00e9ry a z\u00edskal dv\u011b st\u0159\u00edbra na olympijsk\u00fdch hr\u00e1ch. Olaf Ludwig, dvojn\u00e1sobn\u00fd v\u00edt\u011bz Z\u00e1vodu m\u00edru, mezi profesion\u00e1ly ovl\u00e1dl Amstel Gold Race, hlavn\u011b v\u0161ak slavil t\u0159i d\u00edl\u010d\u00ed triumfy na Tour de France a v\u00a0sezon\u011b 1990 ovl\u00e1dl bodovac\u00ed sout\u011b\u017e na Star\u00e9 d\u00e1m\u011b. Djamolidine Abdu\u017eaparov, Uzbek reprezentuj\u00edc\u00ed v\u00a0tehdej\u0161\u00edch po\u0159\u00e1dc\u00edch Sov\u011btsk\u00fd svaz, vyhr\u00e1l v\u00a0letech 1991-1996 dev\u011bt etap na Tour de France a t\u0159ikr\u00e1t slavil v\u00edt\u011bzstv\u00ed v\u00a0sout\u011b\u017ei o zelen\u00fd trikot kr\u00e1le bodovac\u00ed sout\u011b\u017ee Star\u00e9 d\u00e1my.<\/p>\n<h2><strong>Bohemia Tour<\/strong><\/h2>\n<p>\u010cty\u0159n\u00e1sobn\u00fd mistr sv\u011bta v\u00a0\u010dasovce a dvojn\u00e1sobn\u00fd olympijsk\u00fd \u0161ampion v\u00a0boji s\u00a0chronometrem, trojn\u00e1sobn\u00fd kr\u00e1l Pa\u0159\u00ed\u017e-Roubaix a klasiky Kolem Flander, v\u00a0neposledn\u00ed \u0159ad\u011b pak \u00fa\u010dastn\u00edk jeden\u00e1cti Tour de France, kde slavil osm etapov\u00fdch prvenstv\u00ed, a dokonce vozil \u017elut\u00fd trikot l\u00eddra z\u00e1vodu? Fabian Cancellara!<\/p>\n<figure id=\"attachment_22595\" aria-describedby=\"caption-attachment-22595\" style=\"width: 1800px\" class=\"wp-caption alignnone\"><a href=\"https:\/\/d2p6e6u75xmxt8.cloudfront.net\/13\/2023\/06\/profimedia-0291643261.webp\"><img loading=\"lazy\" decoding=\"async\" class=\"size-full wp-image-22595\" src=\"https:\/\/d2p6e6u75xmxt8.cloudfront.net\/13\/2023\/06\/profimedia-0291643261.webp\" alt=\"Fabian\" width=\"1800\" height=\"1200\" srcset=\"https:\/\/d2p6e6u75xmxt8.cloudfront.net\/13\/2023\/06\/profimedia-0291643261.webp 1800w, https:\/\/d2p6e6u75xmxt8.cloudfront.net\/13\/2023\/06\/profimedia-0291643261-300x200.webp 300w, https:\/\/d2p6e6u75xmxt8.cloudfront.net\/13\/2023\/06\/profimedia-0291643261-1024x683.webp 1024w, https:\/\/d2p6e6u75xmxt8.cloudfront.net\/13\/2023\/06\/profimedia-0291643261-768x512.webp 768w, https:\/\/d2p6e6u75xmxt8.cloudfront.net\/13\/2023\/06\/profimedia-0291643261-1536x1024.webp 1536w, https:\/\/d2p6e6u75xmxt8.cloudfront.net\/13\/2023\/06\/profimedia-0291643261-400x267.webp 400w, https:\/\/d2p6e6u75xmxt8.cloudfront.net\/13\/2023\/06\/profimedia-0291643261-272x182.webp 272w\" sizes=\"auto, (max-width: 1800px) 100vw, 1800px\" \/><\/a><figcaption id=\"caption-attachment-22595\" class=\"wp-caption-text\"><em>Fabian Cancellara na \u010dasovk\u00e1\u0159sk\u00e9m speci\u00e1lu.<\/em><\/figcaption><\/figure>\n<p>Ano, tenhle slavn\u00fd \u0160v\u00fdcar p\u0159ezd\u00edvan\u00fd Spartakus, poznal bolest z\u00a0kostek kolem hradu K\u0159ivokl\u00e1t \u010di pas\u00e1\u017e od Svat\u00e9 Al\u017eb\u011bty p\u0159es Nov\u00fd D\u016fm sm\u011brem na M\u011bste\u010dko. V\u00a0devades\u00e1t\u00fdch letech minul\u00e9ho stolet\u00ed toti\u017e absolvoval etapov\u00fd z\u00e1vod Bohemia Tour, kter\u00fd se jezdil na Berounsku a Rakovnicku.<\/p>\n<p>Tamt\u00e9\u017e se s\u00a0krutost\u00ed k\u0159ivokl\u00e1tsk\u00e9ho pav\u00e9 sezn\u00e1mil Filippo Pozzato. Ital, kter\u00fd vyhr\u00e1l Monument Mil\u00e1n-San Remo \u010di etap\u00e1k Tirreno-Adriatico slavil i dv\u011b etapov\u00e1 prvenstv\u00ed na Tour de France. Stejn\u011b jako nizozemsk\u00fd z\u00e1vo\u010f\u00e1k Bart Voskamp, jen\u017e radost z\u00a0prvenstv\u00ed na Star\u00e9 d\u00e1m\u011b poznal jedenkr\u00e1t.<\/p>\n<h2><strong>Praha-Karlovy Vary-Praha<\/strong><\/h2>\n<p>U\u017e od roku 1921 \u00favodn\u00edch \u010dty\u0159icet kilometr\u016f nejstar\u0161\u00ed, nejdel\u0161\u00ed a nejzn\u00e1m\u011bj\u0161\u00ed \u010desk\u00e9 klasiky Praha- Karlovy Vary-Praha tvo\u0159ily silnice z\u00a0\u00favodu L&#8217;Etape Czech Republic by Tour de France. Slavn\u00e1 dom\u00e1c\u00ed jednor\u00e1zovka m\u011b\u0159ila p\u0159ibli\u017en\u011b 260 kilometr\u016f a absolutn\u00edm rekordmanem je legend\u00e1rn\u00ed Jan Vesel\u00fd, kter\u00fd vyhr\u00e1l osmkr\u00e1t.<\/p>\n<p>Z\u00e1vod se dostal i do pov\u00eddky legend\u00e1rn\u00edho autora Oty Pavla, kter\u00fd pod n\u00e1zvem Proklet\u00fd cyklista l\u00ed\u010dil osud Jana Kubra. Mu\u017ee, co byl dvakr\u00e1t \u010dlenem v\u00edt\u011bzn\u00e9ho dru\u017estva p\u0159i Z\u00e1vod\u011b m\u00edru. Kdy\u017e v\u0161ak v\u00a0roce 1957 ze z\u00e1vodu odstoupil, byl kv\u016fli \u00fadajn\u00e9 politick\u00e9 provokaci vylou\u010den z\u00a0reprezentace. Po omilostn\u011bn\u00ed dok\u00e1zal vyhr\u00e1t pr\u00e1v\u011b z\u00e1vod Praha-Karlovy Vary-Praha.<\/p>\n<p>Na startu se p\u0159itom \u010das od \u010dasu objevily i legendy. T\u0159eba N\u011bmec Danilo Hondo, kter\u00fd jel p\u011btkr\u00e1t Tour de France.<\/p>\n<h2><strong>Mistrovstv\u00ed sv\u011bta<\/strong><\/h2>\n<p>Strahov, kter\u00fd je u\u017e pot\u0159et\u00ed m\u00edstem startu i c\u00edle L&#8217;Etape Czech Republic by Tour de France, byl v\u00a0roce 1981 na n\u011bkolik dn\u016f st\u0159edobodem sv\u011btov\u00e9 cyklistiky. Tehdy V\u011btrn\u00e1 h\u016frka hostila 54. mistrovstv\u00ed sv\u011bta v\u00a0cyklistice.<\/p>\n<figure id=\"attachment_22592\" aria-describedby=\"caption-attachment-22592\" style=\"width: 1800px\" class=\"wp-caption alignnone\"><a href=\"https:\/\/d2p6e6u75xmxt8.cloudfront.net\/13\/2023\/06\/profimedia-0433091194.webp\"><img loading=\"lazy\" decoding=\"async\" class=\"size-full wp-image-22592\" src=\"https:\/\/d2p6e6u75xmxt8.cloudfront.net\/13\/2023\/06\/profimedia-0433091194.webp\" alt=\"Bernard Hinault na speci\u00e1ln\u00edm dresu oslavuj\u00edc\u00edm \u0161ampiony Tour de France.\" width=\"1800\" height=\"1197\" srcset=\"https:\/\/d2p6e6u75xmxt8.cloudfront.net\/13\/2023\/06\/profimedia-0433091194.webp 1800w, https:\/\/d2p6e6u75xmxt8.cloudfront.net\/13\/2023\/06\/profimedia-0433091194-300x200.webp 300w, https:\/\/d2p6e6u75xmxt8.cloudfront.net\/13\/2023\/06\/profimedia-0433091194-1024x681.webp 1024w, https:\/\/d2p6e6u75xmxt8.cloudfront.net\/13\/2023\/06\/profimedia-0433091194-768x511.webp 768w, https:\/\/d2p6e6u75xmxt8.cloudfront.net\/13\/2023\/06\/profimedia-0433091194-1536x1021.webp 1536w, https:\/\/d2p6e6u75xmxt8.cloudfront.net\/13\/2023\/06\/profimedia-0433091194-400x266.webp 400w, https:\/\/d2p6e6u75xmxt8.cloudfront.net\/13\/2023\/06\/profimedia-0433091194-272x182.webp 272w\" sizes=\"auto, (max-width: 1800px) 100vw, 1800px\" \/><\/a><figcaption id=\"caption-attachment-22592\" class=\"wp-caption-text\"><em>Bernard Hinault na speci\u00e1ln\u00edm dresu oslavuj\u00edc\u00edm \u0161ampiony Tour de France.<\/em><\/figcaption><\/figure>\n<p>A byla to dechberouc\u00ed pod\u00edvan\u00e1 p\u0159i okruz\u00edch na Strahov\u011b. Profesion\u00e1l\u016fm vl\u00e1dl Freddy Maertens, v\u00edt\u011bz patn\u00e1cti etap z\u00a0Tour de France, kde t\u0159ikr\u00e1t ovl\u00e1dl bodovac\u00ed sout\u011b\u017e. Bronz bral tehdy Bernard Hinault, p\u011btin\u00e1sobn\u00fd \u0161ampion Tour de France.<\/p>\n<p>Oslava st\u00e9ho v\u00fdro\u010d\u00ed organizovan\u00e9 cyklistiky v\u00a0\u010desk\u00fdch zem\u00edch vy\u0161la t\u00e9m\u011b\u0159 dokonale. V\u00a0\u010dasovce dru\u017estev slavil bronz \u010desk\u00fd t\u00fdm, jeho\u017e sou\u010d\u00e1st\u00ed byl Milan Jur\u010do. Tehdej\u0161\u00ed \u010deskoslovensk\u00fd reprezentant se o \u0161est let pozd\u011bji postavil jako prvn\u00ed z\u00e1stupce tehdy je\u0161t\u011b spole\u010dn\u00e9 zem\u011b na start Tour de France.<\/p>\n<h2><strong>Poh\u00e1r Svobody Lidice<\/strong><\/h2>\n<p>Regionem a silnicemi, kter\u00e9 bude br\u00e1zdit peloton L&#8217;Etape Czech Republic, se proh\u00e1n\u011bli se startovn\u00edm \u010d\u00edslem na z\u00e1dech i borci p\u0159i amat\u00e9rsk\u00fdch z\u00e1vodech jako jsou B\u011ble\u010dsk\u00e9 okruhy, Karlovy Vary-Unho\u0161\u0165 \u010di Okolo Kl\u00ed\u010davy.<\/p>\n<p>Znalci zajist\u00e9 maj\u00ed v\u00a0pov\u011bdom\u00ed etapov\u00fd z\u00e1vod Lidice, kter\u00fd se jezdil od roku 1961. I ten pravideln\u011b sm\u011b\u0159oval do k\u0159ivokl\u00e1tsk\u00fdch les\u016f. V\u011bt\u0161inou byli ve startovn\u00ed listin\u011b \u010de\u0161t\u00ed z\u00e1vodn\u00edci. V\u00a0dob\u00e1ch po sametov\u00e9 revoluci se zde objevili borci jako Michael Kukrle, Michal Schlegel \u010di Daniel Turek, v\u00edt\u011bz prvn\u00edho ro\u010dn\u00edku L&#8217;Etape Czech Republic.<\/p>\n<div class=\"shortcode-ys-post-pinup\"><article class=\"loop-simple post-22273 post type-post status-publish format-standard has-post-thumbnail hentry category-silnicni-cyklistika tag-cyklistika tag-ilicka-tepna tag-jayco-alula tag-kycelni-tepna tag-operace tag-operace-endofibrozy-ilicke-tepny tag-silnicni-cyklistika tag-zdenek-stybar tag-zdravi-a-trenink global-categories-cycling\" data-postid=\"22273\" role=\"article\" data-post-id=\"22273\" data-word-count=\"690\" data-headline-length=\"79\" data-category=\"Silni\u010dn\u00ed cyklistika\" data-global-category=\"Cycling\" data-author=\"Radek Malina\" data-published=\"2023-05-08T21:27:43+02:00\" data-published-day=\"Monday\">\n    <div class=\"entry-thumbnail article-thumbnail\" content=\"https:\/\/d2p6e6u75xmxt8.cloudfront.net\/13\/2023\/05\/profimedia-0760263201-150x150.webp\"><a href=\"https:\/\/www.welovecycling.com\/cs\/2023\/05\/08\/zdenek-stybar-po-operaci-ja-rozhodnu-kdy-je-cas-kolo-povesit-na-hrebik\/\" class=\"image-holder\" target=\"_self\"><img decoding=\"async\" loading=\"lazy\" class=\"\" src=\"https:\/\/d2p6e6u75xmxt8.cloudfront.net\/13\/2023\/05\/profimedia-0760263201-1024x668.webp\" srcset=\"https:\/\/d2p6e6u75xmxt8.cloudfront.net\/13\/2023\/05\/profimedia-0760263201.webp 1800w, https:\/\/d2p6e6u75xmxt8.cloudfront.net\/13\/2023\/05\/profimedia-0760263201-300x196.webp 300w, https:\/\/d2p6e6u75xmxt8.cloudfront.net\/13\/2023\/05\/profimedia-0760263201-1024x668.webp 1024w, https:\/\/d2p6e6u75xmxt8.cloudfront.net\/13\/2023\/05\/profimedia-0760263201-768x501.webp 768w, https:\/\/d2p6e6u75xmxt8.cloudfront.net\/13\/2023\/05\/profimedia-0760263201-1536x1003.webp 1536w, https:\/\/d2p6e6u75xmxt8.cloudfront.net\/13\/2023\/05\/profimedia-0760263201-400x261.webp 400w\" width=\"1024\" height=\"668\" sizes=\"auto, (min-width: 1200px) 306px, (min-width: 768px) 26vw, 100vw\" alt=\"zdenek-stybar-po-operaci-ja-rozhodnu-kdy-je-cas-kolo-povesit-na-hrebik\"\/><\/a><\/div>    <div class=\"entry-meta\">\n        <a class=\"label label-secondary post-category\" href=\"https:\/\/www.welovecycling.com\/cs\/category\/silnicni-cyklistika\/\" title=\"Silni\u010dn\u00ed cyklistika\">Silni\u010dn\u00ed cyklistika<\/a>\n    <\/div>\n    <div class=\"entry-details\">\n        <a href=\"https:\/\/www.welovecycling.com\/cs\/2023\/05\/08\/zdenek-stybar-po-operaci-ja-rozhodnu-kdy-je-cas-kolo-povesit-na-hrebik\/\" class='entry-title-wrapper'>\n            <h3 class=\"entry-title\"><span>Zden\u011bk \u0160tybar po operaci: J\u00e1 rozhodnu, kdy je \u010das kolo pov\u011bsit na h\u0159eb\u00edk<\/span><\/h3>\n        <\/a>\n    <\/div>\n    <\/article>\n<\/div>\n<p>Ov\u0161em ve statistik\u00e1ch je i jedno velk\u00e9 jm\u00e9no. N\u011bmec Jens Voigt, kter\u00fd vyhr\u00e1l Z\u00e1vod m\u00edru, hlavn\u011b v\u0161ak sedmn\u00e1ctkr\u00e1t startoval na Tour de France a dvakr\u00e1t tam slavil etapov\u00fd triumf. N\u011bmeck\u00fd z\u00e1vodn\u00edk proslul krom\u011b velk\u00fdch \u00fasp\u011bch\u016f motiva\u010dn\u00edm sloganem \u201eshut up legs\u201c.<\/p>\n<p>Tak\u017ee a\u017e budete 10. \u010dervna trp\u011bt v\u00a0n\u011bkter\u00e9 z\u00a0pas\u00e1\u017e\u00ed L&#8217;Etape Czech Republic by Tour de France 2023, vzpome\u0148te si, \u017ee stejnou bolest zde za\u017e\u00edvaly i hv\u011bzdy sv\u011btov\u00e9 cyklistiky.<\/p>\n","protected":false},"excerpt":{"rendered":"<p>Nese jm\u00e9no legendy! Nejv\u011bt\u0161\u00edho cyklistick\u00e9ho z\u00e1vodu planety, kter\u00fd ro\u010dn\u011b sleduj\u00ed miliony lid\u00ed u trati a dal\u0161\u00ed des\u00edtky milion\u016f u televizn\u00edch [&hellip;]<\/p>\n","protected":false},"author":138,"featured_media":22593,"comment_status":"open","ping_status":"open","sticky":false,"template":"","format":"standard","meta":{"footnotes":""},"categories":[1564,10],"tags":[318,126,1364,3079,1090,9],"global-categories":[411],"class_list":["post-22582","post","type-post","status-publish","format-standard","has-post-thumbnail","hentry","category-letape-czech-republic","category-silnicni-cyklistika","tag-bernard-hinault","tag-cyklistika","tag-fabian-cancellara","tag-jan-vesely","tag-letape-czech-republic-by-tour-de-france","tag-silnicni-cyklistika","global-categories-cycling"],"yoast_head":"<!-- This site is optimized with the Yoast SEO Premium plugin v25.3 (Yoast SEO v25.9) - https:\/\/yoast.com\/wordpress\/plugins\/seo\/ -->\n<title>Fabian Cancellara, Bernard Hinault \u010di Jan Vesel\u00fd. Legendy na trase L&#039;Etape Czech Republic | \u0160koda We Love Cycling - \u010cesk\u00e1 republika<\/title>\n<meta name=\"description\" content=\"Fabian Cancellara. Bernard Hinault. Jan Vesel\u00fd. Skute\u010dn\u00e9 legendy z\u00e1vodily po silnic\u00edch, kde se jede L&#039;Etape Czech Republic by Tour de France.\" \/>\n<meta name=\"robots\" content=\"index, follow, max-snippet:-1, max-image-preview:large, max-video-preview:-1\" \/>\n<link rel=\"canonical\" href=\"https:\/\/www.welovecycling.com\/cs\/2023\/06\/06\/fabian-cancellara-bernard-hinault-ci-jan-vesely-legendy-na-trase-letape-czech-republic\/\" \/>\n<meta property=\"og:locale\" content=\"cs_CZ\" \/>\n<meta property=\"og:type\" content=\"article\" \/>\n<meta property=\"og:title\" content=\"Fabian Cancellara, Bernard Hinault \u010di Jan Vesel\u00fd. Legendy na trase L&#039;Etape Czech Republic\" \/>\n<meta property=\"og:description\" content=\"Fabian Cancellara. Bernard Hinault. Jan Vesel\u00fd. Skute\u010dn\u00e9 legendy z\u00e1vodily po silnic\u00edch, kde se jede L&#039;Etape Czech Republic by Tour de France.\" \/>\n<meta property=\"og:url\" content=\"https:\/\/www.welovecycling.com\/cs\/2023\/06\/06\/fabian-cancellara-bernard-hinault-ci-jan-vesely-legendy-na-trase-letape-czech-republic\/\" \/>\n<meta property=\"og:site_name\" content=\"\u0160koda We Love Cycling - \u010cesk\u00e1 republika\" \/>\n<meta property=\"article:published_time\" content=\"2023-06-06T08:00:08+00:00\" \/>\n<meta property=\"og:image\" content=\"https:\/\/d2p6e6u75xmxt8.cloudfront.net\/13\/2023\/06\/profimedia-0251944078.webp\" \/>\n\t<meta property=\"og:image:width\" content=\"1800\" \/>\n\t<meta property=\"og:image:height\" content=\"1198\" \/>\n\t<meta property=\"og:image:type\" content=\"image\/webp\" \/>\n<meta name=\"author\" content=\"radekmalina\" \/>\n<meta name=\"twitter:card\" content=\"summary_large_image\" \/>\n<meta name=\"twitter:label1\" content=\"Written by\" \/>\n\t<meta name=\"twitter:data1\" content=\"Radek Malina\" \/>\n\t<meta name=\"twitter:label2\" content=\"Est. reading time\" \/>\n\t<meta name=\"twitter:data2\" content=\"7\" \/>\n<script type=\"application\/ld+json\" class=\"yoast-schema-graph\">{\"@context\":\"https:\/\/schema.org\",\"@graph\":[{\"@type\":\"WebPage\",\"@id\":\"https:\/\/www.welovecycling.com\/cs\/2023\/06\/06\/fabian-cancellara-bernard-hinault-ci-jan-vesely-legendy-na-trase-letape-czech-republic\/\",\"url\":\"https:\/\/www.welovecycling.com\/cs\/2023\/06\/06\/fabian-cancellara-bernard-hinault-ci-jan-vesely-legendy-na-trase-letape-czech-republic\/\",\"name\":\"Fabian Cancellara, Bernard Hinault \u010di Jan Vesel\u00fd. Legendy na trase L'Etape Czech Republic | \u0160koda We Love Cycling - \u010cesk\u00e1 republika\",\"isPartOf\":{\"@id\":\"https:\/\/www.welovecycling.com\/cs\/#website\"},\"primaryImageOfPage\":{\"@id\":\"https:\/\/www.welovecycling.com\/cs\/2023\/06\/06\/fabian-cancellara-bernard-hinault-ci-jan-vesely-legendy-na-trase-letape-czech-republic\/#primaryimage\"},\"image\":{\"@id\":\"https:\/\/www.welovecycling.com\/cs\/2023\/06\/06\/fabian-cancellara-bernard-hinault-ci-jan-vesely-legendy-na-trase-letape-czech-republic\/#primaryimage\"},\"thumbnailUrl\":\"https:\/\/d2p6e6u75xmxt8.cloudfront.net\/13\/2023\/06\/profimedia-0251944078.webp\",\"datePublished\":\"2023-06-06T08:00:08+00:00\",\"author\":{\"@id\":\"https:\/\/www.welovecycling.com\/cs\/#\/schema\/person\/d9eeb0a378f3a7e4a6d12d2b536b04b8\"},\"description\":\"Fabian Cancellara. Bernard Hinault. Jan Vesel\u00fd. Skute\u010dn\u00e9 legendy z\u00e1vodily po silnic\u00edch, kde se jede L'Etape Czech Republic by Tour de France.\",\"inLanguage\":\"cs\",\"potentialAction\":[{\"@type\":\"ReadAction\",\"target\":[\"https:\/\/www.welovecycling.com\/cs\/2023\/06\/06\/fabian-cancellara-bernard-hinault-ci-jan-vesely-legendy-na-trase-letape-czech-republic\/\"]}]},{\"@type\":\"ImageObject\",\"inLanguage\":\"cs\",\"@id\":\"https:\/\/www.welovecycling.com\/cs\/2023\/06\/06\/fabian-cancellara-bernard-hinault-ci-jan-vesely-legendy-na-trase-letape-czech-republic\/#primaryimage\",\"url\":\"https:\/\/d2p6e6u75xmxt8.cloudfront.net\/13\/2023\/06\/profimedia-0251944078.webp\",\"contentUrl\":\"https:\/\/d2p6e6u75xmxt8.cloudfront.net\/13\/2023\/06\/profimedia-0251944078.webp\",\"width\":1800,\"height\":1198},{\"@type\":\"WebSite\",\"@id\":\"https:\/\/www.welovecycling.com\/cs\/#website\",\"url\":\"https:\/\/www.welovecycling.com\/cs\/\",\"name\":\"\u0160koda We Love Cycling - \u010cesk\u00e1 republika\",\"description\":\"WeLoveCycling.cz je online magaz\u00edn, kter\u00fd v\u00e1m pravideln\u011b p\u0159in\u00e1\u0161\u00ed rady a tipy, zaj\u00edmav\u00e9 \u010dl\u00e1nky, videa a jedine\u010dn\u00e9 report\u00e1\u017ee ze sv\u011bta cyklistiky.\",\"potentialAction\":[{\"@type\":\"SearchAction\",\"target\":{\"@type\":\"EntryPoint\",\"urlTemplate\":\"https:\/\/www.welovecycling.com\/cs\/?s={search_term_string}\"},\"query-input\":{\"@type\":\"PropertyValueSpecification\",\"valueRequired\":true,\"valueName\":\"search_term_string\"}}],\"inLanguage\":\"cs\"},{\"@type\":\"Person\",\"@id\":\"https:\/\/www.welovecycling.com\/cs\/#\/schema\/person\/d9eeb0a378f3a7e4a6d12d2b536b04b8\",\"name\":\"radekmalina\",\"image\":{\"@type\":\"ImageObject\",\"inLanguage\":\"cs\",\"@id\":\"https:\/\/www.welovecycling.com\/cs\/#\/schema\/person\/image\/\",\"url\":\"https:\/\/secure.gravatar.com\/avatar\/66994b632cb8c39a46b9f54afa3ae07201b678d32a54275b6f1c9ffec356bfc0?s=96&d=mm&r=g\",\"contentUrl\":\"https:\/\/secure.gravatar.com\/avatar\/66994b632cb8c39a46b9f54afa3ae07201b678d32a54275b6f1c9ffec356bfc0?s=96&d=mm&r=g\",\"caption\":\"radekmalina\"},\"url\":\"https:\/\/www.welovecycling.com\/cs\/author\/radekmalina\/\"}]}<\/script>\n<!-- \/ Yoast SEO Premium plugin. -->","yoast_head_json":{"title":"Fabian Cancellara, Bernard Hinault \u010di Jan Vesel\u00fd. Legendy na trase L'Etape Czech Republic | \u0160koda We Love Cycling - \u010cesk\u00e1 republika","description":"Fabian Cancellara. Bernard Hinault. Jan Vesel\u00fd. Skute\u010dn\u00e9 legendy z\u00e1vodily po silnic\u00edch, kde se jede L'Etape Czech Republic by Tour de France.","robots":{"index":"index","follow":"follow","max-snippet":"max-snippet:-1","max-image-preview":"max-image-preview:large","max-video-preview":"max-video-preview:-1"},"canonical":"https:\/\/www.welovecycling.com\/cs\/2023\/06\/06\/fabian-cancellara-bernard-hinault-ci-jan-vesely-legendy-na-trase-letape-czech-republic\/","og_locale":"cs_CZ","og_type":"article","og_title":"Fabian Cancellara, Bernard Hinault \u010di Jan Vesel\u00fd. Legendy na trase L'Etape Czech Republic","og_description":"Fabian Cancellara. Bernard Hinault. Jan Vesel\u00fd. Skute\u010dn\u00e9 legendy z\u00e1vodily po silnic\u00edch, kde se jede L'Etape Czech Republic by Tour de France.","og_url":"https:\/\/www.welovecycling.com\/cs\/2023\/06\/06\/fabian-cancellara-bernard-hinault-ci-jan-vesely-legendy-na-trase-letape-czech-republic\/","og_site_name":"\u0160koda We Love Cycling - \u010cesk\u00e1 republika","article_published_time":"2023-06-06T08:00:08+00:00","og_image":[{"width":1800,"height":1198,"url":"https:\/\/d2p6e6u75xmxt8.cloudfront.net\/13\/2023\/06\/profimedia-0251944078.webp","type":"image\/webp"}],"author":"radekmalina","twitter_card":"summary_large_image","twitter_misc":{"Written by":"Radek Malina","Est. reading time":"7"},"schema":{"@context":"https:\/\/schema.org","@graph":[{"@type":"WebPage","@id":"https:\/\/www.welovecycling.com\/cs\/2023\/06\/06\/fabian-cancellara-bernard-hinault-ci-jan-vesely-legendy-na-trase-letape-czech-republic\/","url":"https:\/\/www.welovecycling.com\/cs\/2023\/06\/06\/fabian-cancellara-bernard-hinault-ci-jan-vesely-legendy-na-trase-letape-czech-republic\/","name":"Fabian Cancellara, Bernard Hinault \u010di Jan Vesel\u00fd. Legendy na trase L'Etape Czech Republic | \u0160koda We Love Cycling - \u010cesk\u00e1 republika","isPartOf":{"@id":"https:\/\/www.welovecycling.com\/cs\/#website"},"primaryImageOfPage":{"@id":"https:\/\/www.welovecycling.com\/cs\/2023\/06\/06\/fabian-cancellara-bernard-hinault-ci-jan-vesely-legendy-na-trase-letape-czech-republic\/#primaryimage"},"image":{"@id":"https:\/\/www.welovecycling.com\/cs\/2023\/06\/06\/fabian-cancellara-bernard-hinault-ci-jan-vesely-legendy-na-trase-letape-czech-republic\/#primaryimage"},"thumbnailUrl":"https:\/\/d2p6e6u75xmxt8.cloudfront.net\/13\/2023\/06\/profimedia-0251944078.webp","datePublished":"2023-06-06T08:00:08+00:00","author":{"@id":"https:\/\/www.welovecycling.com\/cs\/#\/schema\/person\/d9eeb0a378f3a7e4a6d12d2b536b04b8"},"description":"Fabian Cancellara. Bernard Hinault. Jan Vesel\u00fd. Skute\u010dn\u00e9 legendy z\u00e1vodily po silnic\u00edch, kde se jede L'Etape Czech Republic by Tour de France.","inLanguage":"cs","potentialAction":[{"@type":"ReadAction","target":["https:\/\/www.welovecycling.com\/cs\/2023\/06\/06\/fabian-cancellara-bernard-hinault-ci-jan-vesely-legendy-na-trase-letape-czech-republic\/"]}]},{"@type":"ImageObject","inLanguage":"cs","@id":"https:\/\/www.welovecycling.com\/cs\/2023\/06\/06\/fabian-cancellara-bernard-hinault-ci-jan-vesely-legendy-na-trase-letape-czech-republic\/#primaryimage","url":"https:\/\/d2p6e6u75xmxt8.cloudfront.net\/13\/2023\/06\/profimedia-0251944078.webp","contentUrl":"https:\/\/d2p6e6u75xmxt8.cloudfront.net\/13\/2023\/06\/profimedia-0251944078.webp","width":1800,"height":1198},{"@type":"WebSite","@id":"https:\/\/www.welovecycling.com\/cs\/#website","url":"https:\/\/www.welovecycling.com\/cs\/","name":"\u0160koda We Love Cycling - \u010cesk\u00e1 republika","description":"WeLoveCycling.cz je online magaz\u00edn, kter\u00fd v\u00e1m pravideln\u011b p\u0159in\u00e1\u0161\u00ed rady a tipy, zaj\u00edmav\u00e9 \u010dl\u00e1nky, videa a jedine\u010dn\u00e9 report\u00e1\u017ee ze sv\u011bta cyklistiky.","potentialAction":[{"@type":"SearchAction","target":{"@type":"EntryPoint","urlTemplate":"https:\/\/www.welovecycling.com\/cs\/?s={search_term_string}"},"query-input":{"@type":"PropertyValueSpecification","valueRequired":true,"valueName":"search_term_string"}}],"inLanguage":"cs"},{"@type":"Person","@id":"https:\/\/www.welovecycling.com\/cs\/#\/schema\/person\/d9eeb0a378f3a7e4a6d12d2b536b04b8","name":"radekmalina","image":{"@type":"ImageObject","inLanguage":"cs","@id":"https:\/\/www.welovecycling.com\/cs\/#\/schema\/person\/image\/","url":"https:\/\/secure.gravatar.com\/avatar\/66994b632cb8c39a46b9f54afa3ae07201b678d32a54275b6f1c9ffec356bfc0?s=96&d=mm&r=g","contentUrl":"https:\/\/secure.gravatar.com\/avatar\/66994b632cb8c39a46b9f54afa3ae07201b678d32a54275b6f1c9ffec356bfc0?s=96&d=mm&r=g","caption":"radekmalina"},"url":"https:\/\/www.welovecycling.com\/cs\/author\/radekmalina\/"}]}},"_links":{"self":[{"href":"https:\/\/www.welovecycling.com\/cs\/wp-json\/wp\/v2\/posts\/22582","targetHints":{"allow":["GET"]}}],"collection":[{"href":"https:\/\/www.welovecycling.com\/cs\/wp-json\/wp\/v2\/posts"}],"about":[{"href":"https:\/\/www.welovecycling.com\/cs\/wp-json\/wp\/v2\/types\/post"}],"author":[{"embeddable":true,"href":"https:\/\/www.welovecycling.com\/cs\/wp-json\/wp\/v2\/users\/138"}],"replies":[{"embeddable":true,"href":"https:\/\/www.welovecycling.com\/cs\/wp-json\/wp\/v2\/comments?post=22582"}],"version-history":[{"count":3,"href":"https:\/\/www.welovecycling.com\/cs\/wp-json\/wp\/v2\/posts\/22582\/revisions"}],"predecessor-version":[{"id":22596,"href":"https:\/\/www.welovecycling.com\/cs\/wp-json\/wp\/v2\/posts\/22582\/revisions\/22596"}],"wp:featuredmedia":[{"embeddable":true,"href":"https:\/\/www.welovecycling.com\/cs\/wp-json\/wp\/v2\/media\/22593"}],"wp:attachment":[{"href":"https:\/\/www.welovecycling.com\/cs\/wp-json\/wp\/v2\/media?parent=22582"}],"wp:term":[{"taxonomy":"category","embeddable":true,"href":"https:\/\/www.welovecycling.com\/cs\/wp-json\/wp\/v2\/categories?post=22582"},{"taxonomy":"post_tag","embeddable":true,"href":"https:\/\/www.welovecycling.com\/cs\/wp-json\/wp\/v2\/tags?post=22582"},{"taxonomy":"global-categories","embeddable":true,"href":"https:\/\/www.welovecycling.com\/cs\/wp-json\/wp\/v2\/global-categories?post=22582"}],"curies":[{"name":"wp","href":"https:\/\/api.w.org\/{rel}","templated":true}]}}