{"id":22573,"date":"2023-06-01T16:00:07","date_gmt":"2023-06-01T14:00:07","guid":{"rendered":"https:\/\/www.welovecycling.com\/cs\/?p=22573"},"modified":"2023-06-01T11:17:38","modified_gmt":"2023-06-01T09:17:38","slug":"z-brna-do-singapuru-majkuv-zapisnik-pikantni-thajsko-uz-to-neni-co-byvalo","status":"publish","type":"post","link":"https:\/\/www.welovecycling.com\/cs\/2023\/06\/01\/z-brna-do-singapuru-majkuv-zapisnik-pikantni-thajsko-uz-to-neni-co-byvalo\/","title":{"rendered":"Z\u00a0Brna do Singapuru \u2013 Majk\u016fv z\u00e1pisn\u00edk: Pikantn\u00ed Thajsko? U\u017e to nen\u00ed, co b\u00fdvalo"},"content":{"rendered":"<p><strong>Z Brna do Singapuru! Michal Kamermeier alias Majk na cest\u00e1ch absolvuje v sedle horsk\u00e9ho kola bl\u00e1znivou cestu nap\u0159\u00ed\u010d zem\u011bkoul\u00ed, aby si splnil sen a pomohl charitativn\u00edmu projektu Jedna se po\u010d\u00edt\u00e1. Jak prob\u00edh\u00e1 jeho bitva s trasou dlouhou t\u0159in\u00e1ct tis\u00edc kilometr\u016f?<\/strong><\/p>\n<p>\u201eThajsko je pro m\u011b okouzluj\u00edc\u00ed. Ve srovn\u00e1n\u00ed s Laosem a Vietnamem tot\u00e1ln\u011b odli\u0161n\u00e9. Zejm\u00e9na tedy z hlediska dopravy. \u0158idi\u010di tady zastavuj\u00ed na \u010dervenou, co\u017e v p\u0159ede\u0161l\u00fdch destinac\u00edch rozhodn\u011b neplatilo. A kdy\u017e jsou k\u0159i\u017eovatky bez sv\u011bteln\u00e9 signalizace, d\u00e1vaj\u00ed si p\u0159ednost, co\u017e je v\u00e1\u017en\u011b nezvyk. Plat\u00ed zde \u0159\u00e1d a pravidla, co\u017e je zm\u011bna i pro m\u011b. U\u017e jsem p\u0159ivykl, \u017ee hlavn\u00edm pravidlem je hlavn\u011b obez\u0159etnost. Tak\u017ee v Thajsku jsem zase musel p\u0159epnout do m\u00f3du pravidla na prvn\u00edm m\u00edst\u011b.<\/p>\n<h2><strong>P\u016fl kilogramu ovoce denn\u011b<\/strong><\/h2>\n<p>Tot\u00e1ln\u011b si u\u017e\u00edv\u00e1m zdej\u0161\u00ed kulin\u00e1\u0159sk\u00e9 skvosty. K\u00a0sn\u00eddani si d\u00e1v\u00e1m jenom ovoce. Mango, ananas, grep, pomeran\u010d, dra\u010d\u00ed ovoce. Odpoledne t\u0159eba ban\u00e1ny. Ve srovn\u00e1n\u00ed s\u00a0t\u011bmi, kter\u00e9 se prod\u00e1vaj\u00ed v\u00a0\u010cesku, nejsou tak sladk\u00e9. Za den si d\u00e1m klidn\u011b p\u016fl kilogramu ovoce a v\u016fbec p\u0159itom ne\u0159e\u0161\u00edm cukr, kter\u00fd p\u0159ijmu. Spot\u0159eba energie v\u00a0sedle kola je obrovsk\u00e1.<\/p>\n<figure id=\"attachment_22577\" aria-describedby=\"caption-attachment-22577\" style=\"width: 897px\" class=\"wp-caption alignnone\"><a href=\"https:\/\/d2p6e6u75xmxt8.cloudfront.net\/13\/2023\/06\/IMG-20230601-WA0025.webp\"><img loading=\"lazy\" decoding=\"async\" class=\"size-extra-large wp-image-22577\" src=\"https:\/\/d2p6e6u75xmxt8.cloudfront.net\/13\/2023\/06\/IMG-20230601-WA0025-897x1920.webp\" alt=\"Majk na cest\u00e1ch v Thajsku konzumuje ve velk\u00e9m ovoce.\" width=\"897\" height=\"1920\" srcset=\"https:\/\/d2p6e6u75xmxt8.cloudfront.net\/13\/2023\/06\/IMG-20230601-WA0025-897x1920.webp 897w, https:\/\/d2p6e6u75xmxt8.cloudfront.net\/13\/2023\/06\/IMG-20230601-WA0025-140x300.webp 140w, https:\/\/d2p6e6u75xmxt8.cloudfront.net\/13\/2023\/06\/IMG-20230601-WA0025-478x1024.webp 478w, https:\/\/d2p6e6u75xmxt8.cloudfront.net\/13\/2023\/06\/IMG-20230601-WA0025-768x1645.webp 768w, https:\/\/d2p6e6u75xmxt8.cloudfront.net\/13\/2023\/06\/IMG-20230601-WA0025-717x1536.webp 717w, https:\/\/d2p6e6u75xmxt8.cloudfront.net\/13\/2023\/06\/IMG-20230601-WA0025-187x400.webp 187w, https:\/\/d2p6e6u75xmxt8.cloudfront.net\/13\/2023\/06\/IMG-20230601-WA0025.webp 934w, https:\/\/d2p6e6u75xmxt8.cloudfront.net\/13\/2023\/06\/IMG-20230601-WA0025-897x1920.webp 897w\" sizes=\"auto, (max-width: 897px) 100vw, 897px\" \/><\/a><figcaption id=\"caption-attachment-22577\" class=\"wp-caption-text\"><em>Majk na cest\u00e1ch v Thajsku konzumuje ve velk\u00e9m ovoce.<\/em><\/figcaption><\/figure>\n<p>Jako hlavn\u00ed j\u00eddlo je v\u0161ude k\u00a0m\u00e1n\u00ed ryba, ku\u0159e nebo hov\u011bz\u00ed. V\u0161e se d\u011bl\u00e1 na grilu, s\u00a0<a href=\"https:\/\/www.welovecycling.com\/cs\/2023\/05\/18\/z-brna-do-singapuru-majkuv-zapisnik-ryze-jim-trikrat-denne-a-stejne-mam-hlad\/\">r\u00fd\u017e\u00ed<\/a> nebo r\u00fd\u017eov\u00fdmi nudlemi. U\u017e\u00edv\u00e1m si hlavn\u011b pikantn\u00ed pokrmy, kter\u00e9 obecn\u011b miluji. Nicm\u00e9n\u011b Thajsko se v\u00a0tomto sm\u011bru hodn\u011b zm\u011bnilo. P\u0159izp\u016fsobilo se turist\u016fm. Pokud si zde n\u011bkdo dal p\u0159ed deseti lety pokrm ozna\u010den\u00fd jednou p\u00e1livou papri\u010dkou, v\u011bt\u0161inou m\u011bl velk\u00fd probl\u00e9m s\u00a0konzumac\u00ed. Dnes jsou j\u00eddla jen lehce ko\u0159en\u011bn\u00e1. Skute\u010dn\u011b pikantn\u00ed pokrm dostane \u010dlov\u011bk a\u017e na vy\u017e\u00e1d\u00e1n\u00ed.<\/p>\n<div class=\"shortcode-ys-post-pinup\"><article class=\"loop-simple post-22493 post type-post status-publish format-standard has-post-thumbnail hentry category-kolem-sveta tag-cyklistika tag-klimatizace tag-laos-a-cyklistika tag-majk-na-cestach tag-majkuv-zapisnik tag-michal-kamermeier tag-regenerace tag-z-bran-do-singapuru global-categories-cycling\" data-postid=\"22493\" role=\"article\" data-post-id=\"22493\" data-word-count=\"430\" data-headline-length=\"65\" data-category=\"Kolem sv\u011bta s Majkem\" data-global-category=\"Cycling\" data-author=\"We Love Cycling\" data-published=\"2023-05-25T06:00:18+02:00\" data-published-day=\"Thursday\">\n    <div class=\"entry-thumbnail article-thumbnail\" content=\"https:\/\/d2p6e6u75xmxt8.cloudfront.net\/13\/2023\/05\/majk-laos-III-150x150.webp\"><a href=\"https:\/\/www.welovecycling.com\/cs\/2023\/05\/25\/z-brna-do-singapuru-majkuv-zapisnik-strach-nad-propasti\/\" class=\"image-holder\" target=\"_self\"><img decoding=\"async\" loading=\"lazy\" class=\"\" src=\"https:\/\/d2p6e6u75xmxt8.cloudfront.net\/13\/2023\/05\/majk-laos-III-1024x538.webp\" srcset=\"https:\/\/d2p6e6u75xmxt8.cloudfront.net\/13\/2023\/05\/majk-laos-III.webp 1385w, https:\/\/d2p6e6u75xmxt8.cloudfront.net\/13\/2023\/05\/majk-laos-III-300x157.webp 300w, https:\/\/d2p6e6u75xmxt8.cloudfront.net\/13\/2023\/05\/majk-laos-III-1024x538.webp 1024w, https:\/\/d2p6e6u75xmxt8.cloudfront.net\/13\/2023\/05\/majk-laos-III-768x403.webp 768w, https:\/\/d2p6e6u75xmxt8.cloudfront.net\/13\/2023\/05\/majk-laos-III-400x210.webp 400w\" width=\"1024\" height=\"538\" sizes=\"auto, (min-width: 1200px) 380px, (min-width: 768px) 32vw, 100vw\" alt=\"z-brna-do-singapuru-majkuv-zapisnik-strach-nad-propasti\"\/><\/a><\/div>    <div class=\"entry-meta\">\n        <a class=\"label label-secondary post-category\" href=\"https:\/\/www.welovecycling.com\/cs\/category\/kolem-sveta\/\" title=\"Kolem sv\u011bta s Majkem\">Kolem sv\u011bta s Majkem<\/a>\n    <\/div>\n    <div class=\"entry-details\">\n        <a href=\"https:\/\/www.welovecycling.com\/cs\/2023\/05\/25\/z-brna-do-singapuru-majkuv-zapisnik-strach-nad-propasti\/\" class='entry-title-wrapper'>\n            <h3 class=\"entry-title\"><span>Z\u00a0Brna do Singapuru \u2013 Majk\u016fv z\u00e1pisn\u00edk: Strach nad propast\u00ed<\/span><\/h3>\n        <\/a>\n    <\/div>\n    <\/article>\n<\/div>\n<p>P\u0159esn\u011b tak jsem ko\u0161toval zelen\u00e9 kari ozna\u010den\u00e9 t\u0159emi papri\u010dkami. Kdy\u017e jsem se ptal, jestli se do\u010dk\u00e1m p\u00e1liv\u00e9ho pokrmu, pan\u00ed prodava\u010dka se jen \u0161ibalsky usm\u00edvala. A skute\u010dn\u011b jsem m\u011bl v\u00a0puse lehk\u00fd po\u017e\u00e1r. D\u00e1v\u00e1m si n\u011bco pikantn\u00edho s\u00a0chilli denn\u011b, proto\u017ee antibakteri\u00e1ln\u00ed \u00fa\u010dinky papri\u010dek jsou zdokumentovan\u00e9. A j\u00e1 od za\u010d\u00e1tku cesty nem\u011bl \u017e\u00e1dn\u00e9 za\u017e\u00edvac\u00ed probl\u00e9my. Jsem si jist\u00fd, \u017ee je to dan\u00e9 i pikantn\u00ed skladbou moj\u00ed stravy.<\/p>\n<h2><strong>Ekologie se v Asii moc ne\u0159e\u0161\u00ed<\/strong><\/h2>\n<p>S\u00a0j\u00eddlem bohu\u017eel souvis\u00ed jeden hodn\u011b negativn\u00ed poznatek. Standardn\u011b se v\u0161e serv\u00edruje do plastu a je\u0161t\u011b k\u00a0tomu separ\u00e1tn\u011b p\u0159\u00edloha, zelenina a maso. Tak\u017ee t\u0159i \u010dty\u0159i igelitov\u00e9 s\u00e1\u010dky b\u011bhem jedin\u00e9ho j\u00eddla nejsou probl\u00e9m. O n\u011bjak\u00e9m velk\u00e9m t\u0159\u00edd\u011bn\u00ed ale nem\u016f\u017ee b\u00fdt \u0159e\u010d. V\u011bt\u0161ina se tady povaluje na zemi, n\u00e1sledn\u011b putuje do ho\u0159\u00edc\u00edho sudu nebo v\u00a0hor\u0161\u00edm p\u0159\u00edpad\u011b do vody. V\u00a0Evrop\u011b se \u0159e\u0161\u00ed v\u0161emo\u017en\u00e9 normy, ale dokud se do boje za udr\u017eitelnost nepoda\u0159\u00ed zapojit i asijsk\u00e9 zem\u011b, je v\u00fdznam na\u0161eho sna\u017een\u00ed doma \u00fapln\u011b minim\u00e1ln\u00ed.<\/p>\n<p>Proti p\u016fvodn\u00edm pl\u00e1n\u016fm jsem zru\u0161il pobyt v\u00a0budhistick\u00e9m chr\u00e1mu. Sice jsem na m\u00edsto dorazil, ale p\u0159i teplot\u00e1ch p\u0159es \u010dty\u0159icet stup\u0148\u016f a chyb\u011bj\u00edc\u00ed klimatizaci \u010di mo\u017enosti pou\u017e\u00edt v\u011btr\u00e1k jsem v\u0161e odlo\u017eil. V\u00a0noci bych si neodpo\u010dinul a n\u00e1sledn\u011b si nic z\u00a0mo\u017enost\u00ed kl\u00e1\u0161tera neu\u017eil naplno.<\/p>\n<p><a href=\"https:\/\/d2p6e6u75xmxt8.cloudfront.net\/13\/2023\/06\/IMG-20230601-WA0021.webp\"><img loading=\"lazy\" decoding=\"async\" class=\"alignnone size-extra-large wp-image-22576\" src=\"https:\/\/d2p6e6u75xmxt8.cloudfront.net\/13\/2023\/06\/IMG-20230601-WA0021-897x1920.webp\" alt=\"\" width=\"897\" height=\"1920\" srcset=\"https:\/\/d2p6e6u75xmxt8.cloudfront.net\/13\/2023\/06\/IMG-20230601-WA0021-897x1920.webp 897w, https:\/\/d2p6e6u75xmxt8.cloudfront.net\/13\/2023\/06\/IMG-20230601-WA0021-140x300.webp 140w, https:\/\/d2p6e6u75xmxt8.cloudfront.net\/13\/2023\/06\/IMG-20230601-WA0021-478x1024.webp 478w, https:\/\/d2p6e6u75xmxt8.cloudfront.net\/13\/2023\/06\/IMG-20230601-WA0021-768x1645.webp 768w, https:\/\/d2p6e6u75xmxt8.cloudfront.net\/13\/2023\/06\/IMG-20230601-WA0021-717x1536.webp 717w, https:\/\/d2p6e6u75xmxt8.cloudfront.net\/13\/2023\/06\/IMG-20230601-WA0021-187x400.webp 187w, https:\/\/d2p6e6u75xmxt8.cloudfront.net\/13\/2023\/06\/IMG-20230601-WA0021.webp 934w, https:\/\/d2p6e6u75xmxt8.cloudfront.net\/13\/2023\/06\/IMG-20230601-WA0021-897x1920.webp 897w\" sizes=\"auto, (max-width: 897px) 100vw, 897px\" \/><\/a><\/p>\n<p>Na sto procent jsem si naopak u\u017eil n\u00e1v\u0161t\u011bvu slon\u00ed p\u0159\u00edrodn\u00ed rezervace. Na\u0161el jsem si jednu, kter\u00e1 nen\u00ed komer\u010dn\u00ed. \u017d\u00e1dn\u00e9 turistick\u00e9 krabice na h\u0159betu slona, \u017e\u00e1dn\u00e9 t\u00fdr\u00e1n\u00ed. Tady jsem si po boku pr\u016fvodce donesl deset kilogram\u016f ban\u00e1n\u016f a slona jsme hezky nakrmili.<\/p>\n<p>Jde o zv\u00ed\u0159ata, kter\u00e1 byla v\u00a0zajet\u00ed a te\u010f si u\u017e\u00edvaj\u00ed volnosti v\u00a0rezervaci. Nech\u00e1vaj\u00ed se um\u00fdt, podrbat&#8230; P\u0159ekvapilo m\u011b, jak maj\u00ed hrubou k\u016f\u017ei plnou drsn\u00fdch \u0161t\u011btin. A pak tak\u00e9 samoz\u0159ejm\u011b jejich majest\u00e1tnost. Dosud jsem slony vid\u011bl maxim\u00e1ln\u011b v\u00a0zoologick\u00e9 zahrad\u011b. Ale takhle p\u0159\u00edmo jde o ohromuj\u00edc\u00ed z\u00e1\u017eitek. Samec v\u00e1\u017e\u00ed \u010dty\u0159i tuny. V\u016fbec si neum\u00edm p\u0159edstavit setk\u00e1n\u00ed se slonem africk\u00fdm, kter\u00fd m\u00e1 je\u0161t\u011b o dv\u011b tuny v\u00edce.\u201c<\/p>\n","protected":false},"excerpt":{"rendered":"<p>Z Brna do Singapuru! Michal Kamermeier alias Majk na cest\u00e1ch absolvuje v sedle horsk\u00e9ho kola bl\u00e1znivou cestu nap\u0159\u00ed\u010d zem\u011bkoul\u00ed, aby [&hellip;]<\/p>\n","protected":false},"author":138,"featured_media":22578,"comment_status":"open","ping_status":"open","sticky":false,"template":"","format":"standard","meta":{"footnotes":""},"categories":[2926],"tags":[126,56,2976,769,9,3074,3075,2899],"global-categories":[411],"class_list":["post-22573","post","type-post","status-publish","format-standard","has-post-thumbnail","hentry","category-kolem-sveta","tag-cyklistika","tag-horska-cyklistika","tag-kolem-sveta-s-majkem","tag-majk-na-cestach","tag-silnicni-cyklistika","tag-thajsko","tag-thajsko-na-kole","tag-z-brna-do-singapuru","global-categories-cycling"],"yoast_head":"<!-- This site is optimized with the Yoast SEO Premium plugin v25.3 (Yoast SEO v25.9) - https:\/\/yoast.com\/wordpress\/plugins\/seo\/ -->\n<title>Z\u00a0Brna do Singapuru \u2013 Majk\u016fv z\u00e1pisn\u00edk: Pikantn\u00ed Thajsko? U\u017e to nen\u00ed, co b\u00fdvalo | \u0160koda We Love Cycling - \u010cesk\u00e1 republika<\/title>\n<meta name=\"description\" content=\"Z Brna do Singapuru! Michal Kamermeier alias Majk na cest\u00e1ch absolvuje v sedle horsk\u00e9ho kola bl\u00e1znivou cestu nap\u0159\u00ed\u010d zem\u011bkoul\u00ed?\" \/>\n<meta name=\"robots\" content=\"index, follow, max-snippet:-1, max-image-preview:large, max-video-preview:-1\" \/>\n<link rel=\"canonical\" href=\"https:\/\/www.welovecycling.com\/cs\/2023\/06\/01\/z-brna-do-singapuru-majkuv-zapisnik-pikantni-thajsko-uz-to-neni-co-byvalo\/\" \/>\n<meta property=\"og:locale\" content=\"cs_CZ\" \/>\n<meta property=\"og:type\" content=\"article\" \/>\n<meta property=\"og:title\" content=\"Z\u00a0Brna do Singapuru \u2013 Majk\u016fv z\u00e1pisn\u00edk: Pikantn\u00ed Thajsko? U\u017e to nen\u00ed, co b\u00fdvalo\" \/>\n<meta property=\"og:description\" content=\"Z Brna do Singapuru! Michal Kamermeier alias Majk na cest\u00e1ch absolvuje v sedle horsk\u00e9ho kola bl\u00e1znivou cestu nap\u0159\u00ed\u010d zem\u011bkoul\u00ed?\" \/>\n<meta property=\"og:url\" content=\"https:\/\/www.welovecycling.com\/cs\/2023\/06\/01\/z-brna-do-singapuru-majkuv-zapisnik-pikantni-thajsko-uz-to-neni-co-byvalo\/\" \/>\n<meta property=\"og:site_name\" content=\"\u0160koda We Love Cycling - \u010cesk\u00e1 republika\" \/>\n<meta property=\"article:published_time\" content=\"2023-06-01T14:00:07+00:00\" \/>\n<meta property=\"og:image\" content=\"https:\/\/d2p6e6u75xmxt8.cloudfront.net\/13\/2023\/06\/IMG-20230601-WA0028.webp\" \/>\n\t<meta property=\"og:image:width\" content=\"2000\" \/>\n\t<meta property=\"og:image:height\" content=\"934\" \/>\n\t<meta property=\"og:image:type\" content=\"image\/webp\" \/>\n<meta name=\"author\" content=\"radekmalina\" \/>\n<meta name=\"twitter:card\" content=\"summary_large_image\" \/>\n<meta name=\"twitter:label1\" content=\"Written by\" \/>\n\t<meta name=\"twitter:data1\" content=\"We Love Cycling\" \/>\n\t<meta name=\"twitter:label2\" content=\"Est. reading time\" \/>\n\t<meta name=\"twitter:data2\" content=\"5\" \/>\n<script type=\"application\/ld+json\" class=\"yoast-schema-graph\">{\"@context\":\"https:\/\/schema.org\",\"@graph\":[{\"@type\":\"WebPage\",\"@id\":\"https:\/\/www.welovecycling.com\/cs\/2023\/06\/01\/z-brna-do-singapuru-majkuv-zapisnik-pikantni-thajsko-uz-to-neni-co-byvalo\/\",\"url\":\"https:\/\/www.welovecycling.com\/cs\/2023\/06\/01\/z-brna-do-singapuru-majkuv-zapisnik-pikantni-thajsko-uz-to-neni-co-byvalo\/\",\"name\":\"Z\u00a0Brna do Singapuru \u2013 Majk\u016fv z\u00e1pisn\u00edk: Pikantn\u00ed Thajsko? U\u017e to nen\u00ed, co b\u00fdvalo | \u0160koda We Love Cycling - \u010cesk\u00e1 republika\",\"isPartOf\":{\"@id\":\"https:\/\/www.welovecycling.com\/cs\/#website\"},\"primaryImageOfPage\":{\"@id\":\"https:\/\/www.welovecycling.com\/cs\/2023\/06\/01\/z-brna-do-singapuru-majkuv-zapisnik-pikantni-thajsko-uz-to-neni-co-byvalo\/#primaryimage\"},\"image\":{\"@id\":\"https:\/\/www.welovecycling.com\/cs\/2023\/06\/01\/z-brna-do-singapuru-majkuv-zapisnik-pikantni-thajsko-uz-to-neni-co-byvalo\/#primaryimage\"},\"thumbnailUrl\":\"https:\/\/d2p6e6u75xmxt8.cloudfront.net\/13\/2023\/06\/IMG-20230601-WA0028.webp\",\"datePublished\":\"2023-06-01T14:00:07+00:00\",\"author\":{\"@id\":\"https:\/\/www.welovecycling.com\/cs\/#\/schema\/person\/d9eeb0a378f3a7e4a6d12d2b536b04b8\"},\"description\":\"Z Brna do Singapuru! Michal Kamermeier alias Majk na cest\u00e1ch absolvuje v sedle horsk\u00e9ho kola bl\u00e1znivou cestu nap\u0159\u00ed\u010d zem\u011bkoul\u00ed?\",\"inLanguage\":\"cs\",\"potentialAction\":[{\"@type\":\"ReadAction\",\"target\":[\"https:\/\/www.welovecycling.com\/cs\/2023\/06\/01\/z-brna-do-singapuru-majkuv-zapisnik-pikantni-thajsko-uz-to-neni-co-byvalo\/\"]}]},{\"@type\":\"ImageObject\",\"inLanguage\":\"cs\",\"@id\":\"https:\/\/www.welovecycling.com\/cs\/2023\/06\/01\/z-brna-do-singapuru-majkuv-zapisnik-pikantni-thajsko-uz-to-neni-co-byvalo\/#primaryimage\",\"url\":\"https:\/\/d2p6e6u75xmxt8.cloudfront.net\/13\/2023\/06\/IMG-20230601-WA0028.webp\",\"contentUrl\":\"https:\/\/d2p6e6u75xmxt8.cloudfront.net\/13\/2023\/06\/IMG-20230601-WA0028.webp\",\"width\":2000,\"height\":934,\"caption\":\"Kolem sv\u011bta s Majkem\"},{\"@type\":\"WebSite\",\"@id\":\"https:\/\/www.welovecycling.com\/cs\/#website\",\"url\":\"https:\/\/www.welovecycling.com\/cs\/\",\"name\":\"\u0160koda We Love Cycling - \u010cesk\u00e1 republika\",\"description\":\"WeLoveCycling.cz je online magaz\u00edn, kter\u00fd v\u00e1m pravideln\u011b p\u0159in\u00e1\u0161\u00ed rady a tipy, zaj\u00edmav\u00e9 \u010dl\u00e1nky, videa a jedine\u010dn\u00e9 report\u00e1\u017ee ze sv\u011bta cyklistiky.\",\"potentialAction\":[{\"@type\":\"SearchAction\",\"target\":{\"@type\":\"EntryPoint\",\"urlTemplate\":\"https:\/\/www.welovecycling.com\/cs\/?s={search_term_string}\"},\"query-input\":{\"@type\":\"PropertyValueSpecification\",\"valueRequired\":true,\"valueName\":\"search_term_string\"}}],\"inLanguage\":\"cs\"},{\"@type\":\"Person\",\"@id\":\"https:\/\/www.welovecycling.com\/cs\/#\/schema\/person\/d9eeb0a378f3a7e4a6d12d2b536b04b8\",\"name\":\"radekmalina\",\"image\":{\"@type\":\"ImageObject\",\"inLanguage\":\"cs\",\"@id\":\"https:\/\/www.welovecycling.com\/cs\/#\/schema\/person\/image\/\",\"url\":\"https:\/\/secure.gravatar.com\/avatar\/66994b632cb8c39a46b9f54afa3ae07201b678d32a54275b6f1c9ffec356bfc0?s=96&d=mm&r=g\",\"contentUrl\":\"https:\/\/secure.gravatar.com\/avatar\/66994b632cb8c39a46b9f54afa3ae07201b678d32a54275b6f1c9ffec356bfc0?s=96&d=mm&r=g\",\"caption\":\"radekmalina\"},\"url\":\"https:\/\/www.welovecycling.com\/cs\/author\/radekmalina\/\"}]}<\/script>\n<!-- \/ Yoast SEO Premium plugin. -->","yoast_head_json":{"title":"Z\u00a0Brna do Singapuru \u2013 Majk\u016fv z\u00e1pisn\u00edk: Pikantn\u00ed Thajsko? U\u017e to nen\u00ed, co b\u00fdvalo | \u0160koda We Love Cycling - \u010cesk\u00e1 republika","description":"Z Brna do Singapuru! Michal Kamermeier alias Majk na cest\u00e1ch absolvuje v sedle horsk\u00e9ho kola bl\u00e1znivou cestu nap\u0159\u00ed\u010d zem\u011bkoul\u00ed?","robots":{"index":"index","follow":"follow","max-snippet":"max-snippet:-1","max-image-preview":"max-image-preview:large","max-video-preview":"max-video-preview:-1"},"canonical":"https:\/\/www.welovecycling.com\/cs\/2023\/06\/01\/z-brna-do-singapuru-majkuv-zapisnik-pikantni-thajsko-uz-to-neni-co-byvalo\/","og_locale":"cs_CZ","og_type":"article","og_title":"Z\u00a0Brna do Singapuru \u2013 Majk\u016fv z\u00e1pisn\u00edk: Pikantn\u00ed Thajsko? U\u017e to nen\u00ed, co b\u00fdvalo","og_description":"Z Brna do Singapuru! Michal Kamermeier alias Majk na cest\u00e1ch absolvuje v sedle horsk\u00e9ho kola bl\u00e1znivou cestu nap\u0159\u00ed\u010d zem\u011bkoul\u00ed?","og_url":"https:\/\/www.welovecycling.com\/cs\/2023\/06\/01\/z-brna-do-singapuru-majkuv-zapisnik-pikantni-thajsko-uz-to-neni-co-byvalo\/","og_site_name":"\u0160koda We Love Cycling - \u010cesk\u00e1 republika","article_published_time":"2023-06-01T14:00:07+00:00","og_image":[{"width":2000,"height":934,"url":"https:\/\/d2p6e6u75xmxt8.cloudfront.net\/13\/2023\/06\/IMG-20230601-WA0028.webp","type":"image\/webp"}],"author":"radekmalina","twitter_card":"summary_large_image","twitter_misc":{"Written by":"We Love Cycling","Est. reading time":"5"},"schema":{"@context":"https:\/\/schema.org","@graph":[{"@type":"WebPage","@id":"https:\/\/www.welovecycling.com\/cs\/2023\/06\/01\/z-brna-do-singapuru-majkuv-zapisnik-pikantni-thajsko-uz-to-neni-co-byvalo\/","url":"https:\/\/www.welovecycling.com\/cs\/2023\/06\/01\/z-brna-do-singapuru-majkuv-zapisnik-pikantni-thajsko-uz-to-neni-co-byvalo\/","name":"Z\u00a0Brna do Singapuru \u2013 Majk\u016fv z\u00e1pisn\u00edk: Pikantn\u00ed Thajsko? U\u017e to nen\u00ed, co b\u00fdvalo | \u0160koda We Love Cycling - \u010cesk\u00e1 republika","isPartOf":{"@id":"https:\/\/www.welovecycling.com\/cs\/#website"},"primaryImageOfPage":{"@id":"https:\/\/www.welovecycling.com\/cs\/2023\/06\/01\/z-brna-do-singapuru-majkuv-zapisnik-pikantni-thajsko-uz-to-neni-co-byvalo\/#primaryimage"},"image":{"@id":"https:\/\/www.welovecycling.com\/cs\/2023\/06\/01\/z-brna-do-singapuru-majkuv-zapisnik-pikantni-thajsko-uz-to-neni-co-byvalo\/#primaryimage"},"thumbnailUrl":"https:\/\/d2p6e6u75xmxt8.cloudfront.net\/13\/2023\/06\/IMG-20230601-WA0028.webp","datePublished":"2023-06-01T14:00:07+00:00","author":{"@id":"https:\/\/www.welovecycling.com\/cs\/#\/schema\/person\/d9eeb0a378f3a7e4a6d12d2b536b04b8"},"description":"Z Brna do Singapuru! Michal Kamermeier alias Majk na cest\u00e1ch absolvuje v sedle horsk\u00e9ho kola bl\u00e1znivou cestu nap\u0159\u00ed\u010d zem\u011bkoul\u00ed?","inLanguage":"cs","potentialAction":[{"@type":"ReadAction","target":["https:\/\/www.welovecycling.com\/cs\/2023\/06\/01\/z-brna-do-singapuru-majkuv-zapisnik-pikantni-thajsko-uz-to-neni-co-byvalo\/"]}]},{"@type":"ImageObject","inLanguage":"cs","@id":"https:\/\/www.welovecycling.com\/cs\/2023\/06\/01\/z-brna-do-singapuru-majkuv-zapisnik-pikantni-thajsko-uz-to-neni-co-byvalo\/#primaryimage","url":"https:\/\/d2p6e6u75xmxt8.cloudfront.net\/13\/2023\/06\/IMG-20230601-WA0028.webp","contentUrl":"https:\/\/d2p6e6u75xmxt8.cloudfront.net\/13\/2023\/06\/IMG-20230601-WA0028.webp","width":2000,"height":934,"caption":"Kolem sv\u011bta s Majkem"},{"@type":"WebSite","@id":"https:\/\/www.welovecycling.com\/cs\/#website","url":"https:\/\/www.welovecycling.com\/cs\/","name":"\u0160koda We Love Cycling - \u010cesk\u00e1 republika","description":"WeLoveCycling.cz je online magaz\u00edn, kter\u00fd v\u00e1m pravideln\u011b p\u0159in\u00e1\u0161\u00ed rady a tipy, zaj\u00edmav\u00e9 \u010dl\u00e1nky, videa a jedine\u010dn\u00e9 report\u00e1\u017ee ze sv\u011bta cyklistiky.","potentialAction":[{"@type":"SearchAction","target":{"@type":"EntryPoint","urlTemplate":"https:\/\/www.welovecycling.com\/cs\/?s={search_term_string}"},"query-input":{"@type":"PropertyValueSpecification","valueRequired":true,"valueName":"search_term_string"}}],"inLanguage":"cs"},{"@type":"Person","@id":"https:\/\/www.welovecycling.com\/cs\/#\/schema\/person\/d9eeb0a378f3a7e4a6d12d2b536b04b8","name":"radekmalina","image":{"@type":"ImageObject","inLanguage":"cs","@id":"https:\/\/www.welovecycling.com\/cs\/#\/schema\/person\/image\/","url":"https:\/\/secure.gravatar.com\/avatar\/66994b632cb8c39a46b9f54afa3ae07201b678d32a54275b6f1c9ffec356bfc0?s=96&d=mm&r=g","contentUrl":"https:\/\/secure.gravatar.com\/avatar\/66994b632cb8c39a46b9f54afa3ae07201b678d32a54275b6f1c9ffec356bfc0?s=96&d=mm&r=g","caption":"radekmalina"},"url":"https:\/\/www.welovecycling.com\/cs\/author\/radekmalina\/"}]}},"_links":{"self":[{"href":"https:\/\/www.welovecycling.com\/cs\/wp-json\/wp\/v2\/posts\/22573","targetHints":{"allow":["GET"]}}],"collection":[{"href":"https:\/\/www.welovecycling.com\/cs\/wp-json\/wp\/v2\/posts"}],"about":[{"href":"https:\/\/www.welovecycling.com\/cs\/wp-json\/wp\/v2\/types\/post"}],"author":[{"embeddable":true,"href":"https:\/\/www.welovecycling.com\/cs\/wp-json\/wp\/v2\/users\/138"}],"replies":[{"embeddable":true,"href":"https:\/\/www.welovecycling.com\/cs\/wp-json\/wp\/v2\/comments?post=22573"}],"version-history":[{"count":3,"href":"https:\/\/www.welovecycling.com\/cs\/wp-json\/wp\/v2\/posts\/22573\/revisions"}],"predecessor-version":[{"id":22580,"href":"https:\/\/www.welovecycling.com\/cs\/wp-json\/wp\/v2\/posts\/22573\/revisions\/22580"}],"wp:featuredmedia":[{"embeddable":true,"href":"https:\/\/www.welovecycling.com\/cs\/wp-json\/wp\/v2\/media\/22578"}],"wp:attachment":[{"href":"https:\/\/www.welovecycling.com\/cs\/wp-json\/wp\/v2\/media?parent=22573"}],"wp:term":[{"taxonomy":"category","embeddable":true,"href":"https:\/\/www.welovecycling.com\/cs\/wp-json\/wp\/v2\/categories?post=22573"},{"taxonomy":"post_tag","embeddable":true,"href":"https:\/\/www.welovecycling.com\/cs\/wp-json\/wp\/v2\/tags?post=22573"},{"taxonomy":"global-categories","embeddable":true,"href":"https:\/\/www.welovecycling.com\/cs\/wp-json\/wp\/v2\/global-categories?post=22573"}],"curies":[{"name":"wp","href":"https:\/\/api.w.org\/{rel}","templated":true}]}}