{"id":22552,"date":"2023-05-31T08:22:10","date_gmt":"2023-05-31T06:22:10","guid":{"rendered":"https:\/\/www.welovecycling.com\/cs\/?p=22552"},"modified":"2023-06-02T16:34:38","modified_gmt":"2023-06-02T14:34:38","slug":"ty-jenom-zeres-karel-vacek-o-zpusobu-preziti-giro-di-italia-i-dojeti-z-fanousku","status":"publish","type":"post","link":"https:\/\/www.welovecycling.com\/cs\/2023\/05\/31\/ty-jenom-zeres-karel-vacek-o-zpusobu-preziti-giro-di-italia-i-dojeti-z-fanousku\/","title":{"rendered":"Ty jenom \u017eere\u0161! Karel Vacek o zp\u016fsobu p\u0159e\u017eit\u00ed Giro di Italia i dojet\u00ed z fanou\u0161k\u016f"},"content":{"rendered":"<p><strong>Debut, kter\u00fd zanechal dojem. Karel Vacek p\u0159i Giro di Italia 2023 absolvoval prvn\u00ed Grand Tour kari\u00e9ry. Jednadvacet etap na Apeninsk\u00e9m poloostrov\u011b zvl\u00e1dl \u010desk\u00fd reprezentant v barv\u00e1ch formace Corratec Selle Italia bravurn\u011b. \u201ePosunul jsem vlastn\u00ed hranice,\u201c \u0159\u00edk\u00e1 v rozhovoru pro We Love Cycling.<\/strong><\/p>\n<p>T\u00fdm dvaadvacetilet\u00e9ho z\u00e1vodn\u00edka nominoval a\u017e dodate\u010dn\u011b. Ale Karel Vacek nebyl v pelotonu jenom do po\u010dtu, nebyl jen \u00fa\u010dastn\u00edkem z\u00e1vodu dlouh\u00e9ho 3489 kilometr\u016f s p\u0159ev\u00fd\u0161en\u00edm 51 400 metr\u016f, kter\u00fd bez pov\u0161imnut\u00ed proplul etapami. V kone\u010dn\u00e9m po\u0159ad\u00ed dojel \u010dty\u0159iaosmdes\u00e1t\u00fd, oslnil v sedm\u00e9 etap\u011b \u00fanikem dlouh\u00fdm p\u0159es 200 kilometr\u016f a druh\u00fdm m\u00edstem. Jak jeho vystoupen\u00ed hodnotil t\u00fdm? Co mu pomohlo p\u0159e\u017e\u00edt nejkru\u0161n\u011bj\u0161\u00ed okam\u017eiky?<\/p>\n<h2><strong>Karle va\u0161\u00edm p\u0159edsevzet\u00edm po dodate\u010dn\u00e9 nominaci na Giro di Italia 2023 bylo dojet do \u0158\u00edma. C\u00edl jste naplnil, v\u00a0sedm\u00e9 etap\u011b jste dojel druh\u00fd, a i v\u00a0dal\u0161\u00edch d\u011bjstv\u00edch z\u00e1vodu byl aktivn\u00ed. U\u017e jste premi\u00e9ru na Grand Tour vst\u0159ebal?<\/strong><\/h2>\n<p>B\u011bhem z\u00e1vodu na to nebyl extra \u010das. Stra\u0161n\u011b jsem se soust\u0159edil. \u010clov\u011bk se neuvoln\u00ed, je po\u0159\u00e1d v\u00a0tahu. Za\u010dal jsem si v\u0161e uv\u011bdomovat v\u00a0posledn\u00edm t\u00fddnu, kdy\u017e silnice lemovaly stovky \u010desk\u00fdch fanou\u0161k\u016f. Postupn\u011b se prob\u00edr\u00e1m zpr\u00e1vami, kter\u00e9 dorazily. Nebyl jsem zvykl\u00fd, \u017ee by mi lid\u00e9 fandili, j\u00e1 byl tolik na o\u010d\u00edch a \u017e\u00e1dan\u00fd.<\/p>\n<figure id=\"attachment_22557\" aria-describedby=\"caption-attachment-22557\" style=\"width: 1440px\" class=\"wp-caption alignnone\"><a href=\"https:\/\/d2p6e6u75xmxt8.cloudfront.net\/13\/2023\/05\/karel-vacek-corratec-5.webp\"><img loading=\"lazy\" decoding=\"async\" class=\"size-full wp-image-22557\" src=\"https:\/\/d2p6e6u75xmxt8.cloudfront.net\/13\/2023\/05\/karel-vacek-corratec-5.webp\" alt=\"Karel Vacek\" width=\"1440\" height=\"960\" srcset=\"https:\/\/d2p6e6u75xmxt8.cloudfront.net\/13\/2023\/05\/karel-vacek-corratec-5.webp 1440w, https:\/\/d2p6e6u75xmxt8.cloudfront.net\/13\/2023\/05\/karel-vacek-corratec-5-300x200.webp 300w, https:\/\/d2p6e6u75xmxt8.cloudfront.net\/13\/2023\/05\/karel-vacek-corratec-5-1024x683.webp 1024w, https:\/\/d2p6e6u75xmxt8.cloudfront.net\/13\/2023\/05\/karel-vacek-corratec-5-768x512.webp 768w, https:\/\/d2p6e6u75xmxt8.cloudfront.net\/13\/2023\/05\/karel-vacek-corratec-5-400x267.webp 400w, https:\/\/d2p6e6u75xmxt8.cloudfront.net\/13\/2023\/05\/karel-vacek-corratec-5-272x182.webp 272w\" sizes=\"auto, (max-width: 1440px) 100vw, 1440px\" \/><\/a><figcaption id=\"caption-attachment-22557\" class=\"wp-caption-text\"><em>Karel Vacek p\u00f3zuje fanou\u0161k\u016fm pro spole\u010dnou fotografii b\u011bhem Giro di Italia 2023. Foto: team corratec selle italia<\/em><\/figcaption><\/figure>\n<h2><strong>U\u017eil jste si \u010deskou podporu b\u011bhem z\u00e1v\u011bre\u010dn\u00fdch \u0161esti etap hodn\u011b? Nedost\u00e1vala v\u00e1s obrovsk\u00e1 p\u0159\u00edze\u0148 pod tlak?<\/strong><\/h2>\n<p>Bylo to naprosto neskute\u010dn\u00e9. \u010ce\u0161t\u00ed p\u0159\u00edznivci v\u00a0kopc\u00edch b\u011bhali vedle m\u011b a povzbuzovali. Dod\u00e1vali mi obrovskou energii. J\u00e1 byl po druh\u00e9m dni volna v\u00a0mizern\u00e9m zdravotn\u00edm stavu. M\u011bl jsem st\u0159evn\u00ed pot\u00ed\u017ee, je\u0161t\u011b jsem se pral s\u00a0ch\u0159ipkou. Ale kdy\u017e jsem byl obklopen fanou\u0161ky, kte\u0159\u00ed skandovali moje jm\u00e9no a k\u0159i\u010deli, \u017ee jsem hv\u011bzda, bojovalo se mi s\u00a0trat\u00ed mnohem l\u00e9pe. Ani jsem si do t\u00e9 doby neuv\u011bdomoval, jak lid\u00e9 m\u016fj v\u00fdkon vn\u00edmaj\u00ed.<\/p>\n<h2><strong>Dost\u00e1val jste hodn\u011b zpr\u00e1v od \u010desk\u00fdch p\u0159\u00edznivc\u016f?<\/strong><\/h2>\n<p>Z\u00a0\u010cesk\u00e9ho svazu cyklistiky mi p\u0159eposlali email od n\u011bjak\u00e9 pan\u00ed, \u017ee kv\u016fli mn\u011b za\u010dala fandit cyklistice. Psala mi skupina p\u0159\u00edznivc\u016f z\u00a0Ostravy, \u017ee budou u trati&#8230;. Nechci na nikoho zapomenout. M\u011bl jsem pocit, \u017ee po Slovinc\u00edch je b\u011bhem z\u00e1v\u011bre\u010dn\u00fdch t\u0159\u00ed etap p\u0159ed \u0158\u00edmem \u010desk\u00fdch fanou\u0161k\u016f u trati, krom\u011b Ital\u016f, nejv\u00edce. Kdy\u017e jsem jel na Tre Cime di Lavaredo dav se rozestupoval jako kdybych jel o v\u00edt\u011bzstv\u00ed. \u010clov\u011bka to nut\u00ed dostat ze sebe maximum. Jde o motivaci, abych byl schopn\u00fd dop\u0159\u00e1t emoce fanou\u0161k\u016fm i na dal\u0161\u00edch z\u00e1vodech.<\/p>\n<div class=\"shortcode-ys-post-pinup\"><article class=\"loop-simple post-22370 post type-post status-publish format-standard has-post-thumbnail hentry category-silnicni-cyklistika tag-cyklistika tag-giro-di-italia tag-karel-vacek tag-silnicni-cyklistika global-categories-cycling\" data-postid=\"22370\" role=\"article\" data-post-id=\"22370\" data-word-count=\"511\" data-headline-length=\"74\" data-category=\"Silni\u010dn\u00ed cyklistika\" data-global-category=\"Cycling\" data-author=\"Radek Malina\" data-published=\"2023-05-12T21:48:17+02:00\" data-published-day=\"Friday\">\n    <div class=\"entry-thumbnail article-thumbnail\" content=\"https:\/\/d2p6e6u75xmxt8.cloudfront.net\/13\/2023\/05\/profimedia-0775428988-150x150.webp\"><a href=\"https:\/\/www.welovecycling.com\/cs\/2023\/05\/12\/karel-vacek-oslnil-na-giru-utok-planoval-tri-dny-s-tatou-po-telefonu\/\" class=\"image-holder\" target=\"_self\"><img decoding=\"async\" loading=\"lazy\" class=\"\" src=\"https:\/\/d2p6e6u75xmxt8.cloudfront.net\/13\/2023\/05\/profimedia-0775428988-1024x713.webp\" srcset=\"https:\/\/d2p6e6u75xmxt8.cloudfront.net\/13\/2023\/05\/profimedia-0775428988.webp 1800w, https:\/\/d2p6e6u75xmxt8.cloudfront.net\/13\/2023\/05\/profimedia-0775428988-300x209.webp 300w, https:\/\/d2p6e6u75xmxt8.cloudfront.net\/13\/2023\/05\/profimedia-0775428988-1024x713.webp 1024w, https:\/\/d2p6e6u75xmxt8.cloudfront.net\/13\/2023\/05\/profimedia-0775428988-768x535.webp 768w, https:\/\/d2p6e6u75xmxt8.cloudfront.net\/13\/2023\/05\/profimedia-0775428988-1536x1069.webp 1536w, https:\/\/d2p6e6u75xmxt8.cloudfront.net\/13\/2023\/05\/profimedia-0775428988-400x278.webp 400w\" width=\"1024\" height=\"713\" sizes=\"auto, (min-width: 1200px) 300px, (min-width: 768px) 25vw, 100vw\" alt=\"karel-vacek-oslnil-na-giru-utok-planoval-tri-dny-s-tatou-po-telefonu\"\/><\/a><\/div>    <div class=\"entry-meta\">\n        <a class=\"label label-secondary post-category\" href=\"https:\/\/www.welovecycling.com\/cs\/category\/silnicni-cyklistika\/\" title=\"Silni\u010dn\u00ed cyklistika\">Silni\u010dn\u00ed cyklistika<\/a>\n    <\/div>\n    <div class=\"entry-details\">\n        <a href=\"https:\/\/www.welovecycling.com\/cs\/2023\/05\/12\/karel-vacek-oslnil-na-giru-utok-planoval-tri-dny-s-tatou-po-telefonu\/\" class='entry-title-wrapper'>\n            <h3 class=\"entry-title\"><span>Karel Vacek oslnil na Giru! \u00datok pl\u00e1noval t\u0159i dny s\u00a0t\u00e1tou po telefonu<\/span><\/h3>\n        <\/a>\n    <\/div>\n    <\/article>\n<\/div>\n<h2><strong>Do\u0161lo u\u017e v\u00a0r\u00e1mci t\u00fdmu Corratec Selle Italia na hodnocen\u00ed va\u0161eho vystoupen\u00ed p\u0159i Giro di Italia? Jak\u00e1 panovala spokojenost s\u00a0v\u00fdkony?<\/strong><\/h2>\n<p>Do Gira se t\u00fdmu neda\u0159ilo. Tlak na n\u00e1s byl velik\u00fd. Ale byli jsme skoro v\u00a0ka\u017ed\u00e9m \u00faniku. V\u00a0p\u00e1t\u00e9 etap\u011b spurtoval Nicola Dalla Valle p\u00e1t\u00fd, j\u00e1 o dva dny pozd\u011bji dojel druh\u00fd na Campo Iperatore. Da\u0159ilo se n\u00e1m i v\u00a0dal\u0161\u00edch dnech. Z\u00a0osmi lid\u00ed odstoupil jeden kluk kv\u016fli covidu, druh\u00fd pro zran\u011bn\u00ed z\u00a0p\u00e1du. Nikdo neslezl z\u00a0d\u016fvodu vy\u010derp\u00e1n\u00ed nebo \u0161patn\u00e9 v\u00fdkonnosti. Sponzo\u0159i byli spokojen\u00ed, majitel t\u00fdmu byl spokojen\u00fd, sportovn\u00ed \u0159editel\u00e9 rovn\u011b\u017e. A to se samoz\u0159ejm\u011b prom\u00edtlo i do pohody n\u00e1s z\u00e1vodn\u00edk\u016f. Vystoupen\u00ed t\u00fdmu Corratec na Giru bylo d\u016fstojn\u00e9. Pro m\u011b bylo odm\u011bnou, kdy\u017e p\u0159i\u0161el \u0161\u00e9f t\u00fdmu, pot\u0159\u00e1sl mi rukou a pochv\u00e1lil m\u011b za moje v\u00fdkony.<\/p>\n<h2><strong>Odm\u011bnil jste se za skv\u011ble zvl\u00e1dnut\u00e9 Giro? <\/strong><\/h2>\n<p>Nejv\u011bt\u0161\u00ed radost mi ud\u011blala p\u0159\u00edtelkyn\u011b, kter\u00e1 mi doma nachystala Pa\u0159\u00ed\u017esk\u00fd dort, kter\u00fd miluju. Kdy\u017e jsem v\u00a0\u00fater\u00fd dorazil dom\u016f, p\u016flku jsem sn\u011bdl na posezen\u00ed. Ale jinak \u017e\u00e1dn\u00e1 odm\u011bna nebude. Vyrazil jsem na \u0160umav\u011b do p\u0159\u00edrody, na\u010derpal energii. S\u00a0br\u00e1chou zajdu na ryby. Je d\u016fle\u017eit\u00e9 si odpo\u010dinout, abych nevyho\u0159el. Ale u\u017e jsem byl i na kole. Nechci ztratit formu.<\/p>\n<figure id=\"attachment_22556\" aria-describedby=\"caption-attachment-22556\" style=\"width: 1440px\" class=\"wp-caption alignnone\"><a href=\"https:\/\/d2p6e6u75xmxt8.cloudfront.net\/13\/2023\/05\/karel-vacek-corratec-4.webp\"><img loading=\"lazy\" decoding=\"async\" class=\"size-full wp-image-22556\" src=\"https:\/\/d2p6e6u75xmxt8.cloudfront.net\/13\/2023\/05\/karel-vacek-corratec-4.webp\" alt=\"Karel Vacek b\u011bhem sedm\u00e9 etapy Giro di Italia 2023. Foto: team corratec selle italia\" width=\"1440\" height=\"960\" srcset=\"https:\/\/d2p6e6u75xmxt8.cloudfront.net\/13\/2023\/05\/karel-vacek-corratec-4.webp 1440w, https:\/\/d2p6e6u75xmxt8.cloudfront.net\/13\/2023\/05\/karel-vacek-corratec-4-300x200.webp 300w, https:\/\/d2p6e6u75xmxt8.cloudfront.net\/13\/2023\/05\/karel-vacek-corratec-4-1024x683.webp 1024w, https:\/\/d2p6e6u75xmxt8.cloudfront.net\/13\/2023\/05\/karel-vacek-corratec-4-768x512.webp 768w, https:\/\/d2p6e6u75xmxt8.cloudfront.net\/13\/2023\/05\/karel-vacek-corratec-4-400x267.webp 400w, https:\/\/d2p6e6u75xmxt8.cloudfront.net\/13\/2023\/05\/karel-vacek-corratec-4-272x182.webp 272w\" sizes=\"auto, (max-width: 1440px) 100vw, 1440px\" \/><\/a><figcaption id=\"caption-attachment-22556\" class=\"wp-caption-text\"><em>Karel Vacek b\u011bhem \u010dasovky p\u0159i Giro di Italia 2023. Foto: team corratec selle italia<\/em><\/figcaption><\/figure>\n<h2><strong>Jak jste zvl\u00e1dl prvn\u00ed Grand Tour \u017eivota z\u00a0hlediska stravov\u00e1n\u00ed a p\u0159\u00edjmu potravy, proto\u017ee t\u011blo je b\u011bhem jednadvaceti dn\u016f z\u00e1vod\u011bn\u00ed v\u00a0kuse vystaveno obrovsk\u00e9 z\u00e1t\u011b\u017ei?<\/strong><\/h2>\n<p>Zjistil jsem, \u017ee na penne a raj\u010datov\u00fd protlak se Giro objet ned\u00e1. B\u011bhem etapy sp\u00e1l\u00edme p\u0159ibli\u017en\u011b \u0161est tis\u00edc kalori\u00ed. T\u011blo si \u017e\u00e1d\u00e1 jejich dopln\u011bn\u00ed. J\u00e1 si d\u00e1val k\u00a0ve\u010de\u0159i t\u0159eba pizzu margheritu. K\u00a0sn\u00eddani su\u0161enou \u0161unku, vejce, chleba s\u00a0m\u00e1slem a marmel\u00e1dou&#8230;<\/p>\n<h2><strong>V\u00a0italsk\u00fdch podm\u00ednk\u00e1ch jste se musel tro\u0161ku vymykat. Nek\u00e1rali v\u00e1s sportovn\u00ed \u0159editel\u00e9, abyste se u j\u00eddla m\u00edrnil?<\/strong><\/h2>\n<p>Zpo\u010d\u00e1tku koukali tro\u0161ku divn\u011b. Ale kdy\u017e vid\u011bli, \u017ee na kole mi to jede, tak m\u011b nechali. I kluci v\u00a0t\u00fdmu mi \u0159\u00edkali: \u201eKarle, ty po\u0159\u00e1d \u017eere\u0161!\u201c J\u00e1 m\u011bl do autobusu p\u0159i cest\u00e1ch na start etap nebo cestou do hotel\u016f svoji ta\u0161ku a skute\u010dn\u011b jsem permanentn\u011b n\u011bco ukusoval. Su\u0161en\u00e9 mango, o\u0159\u00ed\u0161ky ke\u0161u, dom\u00e1c\u00ed cookies su\u0161enky od p\u0159\u00edtelkyn\u011b, bonb\u00f3ny, dal\u0161\u00ed su\u0161enky, o\u0159\u00ed\u0161kov\u00fd kr\u00e9m nociatella. T\u011blo p\u0159i tak extr\u00e9mn\u00ed z\u00e1t\u011b\u017ei pot\u0159ebuje cukry a tuky. Mus\u00ed se samoz\u0159ejm\u011b s\u00a0rozumem. Ale na t\u011bstoviny nejde tuhle porci kilometr\u016f zvl\u00e1dnout.<\/p>\n<div class=\"shortcode-ys-post-pinup\"><article class=\"loop-simple post-22273 post type-post status-publish format-standard has-post-thumbnail hentry category-silnicni-cyklistika tag-cyklistika tag-ilicka-tepna tag-jayco-alula tag-kycelni-tepna tag-operace tag-operace-endofibrozy-ilicke-tepny tag-silnicni-cyklistika tag-zdenek-stybar tag-zdravi-a-trenink global-categories-cycling\" data-postid=\"22273\" role=\"article\" data-post-id=\"22273\" data-word-count=\"690\" data-headline-length=\"79\" data-category=\"Silni\u010dn\u00ed cyklistika\" data-global-category=\"Cycling\" data-author=\"Radek Malina\" data-published=\"2023-05-08T21:27:43+02:00\" data-published-day=\"Monday\">\n    <div class=\"entry-thumbnail article-thumbnail\" content=\"https:\/\/d2p6e6u75xmxt8.cloudfront.net\/13\/2023\/05\/profimedia-0760263201-150x150.webp\"><a href=\"https:\/\/www.welovecycling.com\/cs\/2023\/05\/08\/zdenek-stybar-po-operaci-ja-rozhodnu-kdy-je-cas-kolo-povesit-na-hrebik\/\" class=\"image-holder\" target=\"_self\"><img decoding=\"async\" loading=\"lazy\" class=\"\" src=\"https:\/\/d2p6e6u75xmxt8.cloudfront.net\/13\/2023\/05\/profimedia-0760263201-1024x668.webp\" srcset=\"https:\/\/d2p6e6u75xmxt8.cloudfront.net\/13\/2023\/05\/profimedia-0760263201.webp 1800w, https:\/\/d2p6e6u75xmxt8.cloudfront.net\/13\/2023\/05\/profimedia-0760263201-300x196.webp 300w, https:\/\/d2p6e6u75xmxt8.cloudfront.net\/13\/2023\/05\/profimedia-0760263201-1024x668.webp 1024w, https:\/\/d2p6e6u75xmxt8.cloudfront.net\/13\/2023\/05\/profimedia-0760263201-768x501.webp 768w, https:\/\/d2p6e6u75xmxt8.cloudfront.net\/13\/2023\/05\/profimedia-0760263201-1536x1003.webp 1536w, https:\/\/d2p6e6u75xmxt8.cloudfront.net\/13\/2023\/05\/profimedia-0760263201-400x261.webp 400w\" width=\"1024\" height=\"668\" sizes=\"auto, (min-width: 1200px) 306px, (min-width: 768px) 26vw, 100vw\" alt=\"zdenek-stybar-po-operaci-ja-rozhodnu-kdy-je-cas-kolo-povesit-na-hrebik\"\/><\/a><\/div>    <div class=\"entry-meta\">\n        <a class=\"label label-secondary post-category\" href=\"https:\/\/www.welovecycling.com\/cs\/category\/silnicni-cyklistika\/\" title=\"Silni\u010dn\u00ed cyklistika\">Silni\u010dn\u00ed cyklistika<\/a>\n    <\/div>\n    <div class=\"entry-details\">\n        <a href=\"https:\/\/www.welovecycling.com\/cs\/2023\/05\/08\/zdenek-stybar-po-operaci-ja-rozhodnu-kdy-je-cas-kolo-povesit-na-hrebik\/\" class='entry-title-wrapper'>\n            <h3 class=\"entry-title\"><span>Zden\u011bk \u0160tybar po operaci: J\u00e1 rozhodnu, kdy je \u010das kolo pov\u011bsit na h\u0159eb\u00edk<\/span><\/h3>\n        <\/a>\n    <\/div>\n    <\/article>\n<\/div>\n<h2><strong>Giro di Italia 2023 bylo nav\u00edc hodn\u011b extr\u00e9mn\u00ed z\u00a0hlediska nep\u0159\u00edzn\u011b po\u010das\u00ed. T\u00e9m\u011b\u0159 cel\u00e9 \u00favodn\u00ed dva bloky se jely v\u00a0de\u0161ti. V\u00a0pelotonu bylo obrovsk\u00e9 mno\u017estv\u00ed p\u00e1d\u016f. Z\u00e1vod nedokon\u010dilo t\u00e9m\u011b\u0159 \u0161edes\u00e1t cyklist\u016f.<\/strong><\/h2>\n<p>Dokonce ani v\u00a0prvn\u00edm roce pandemie koronaviru nebylo tolik odstoupen\u00ed&#8230; Jo, v\u00a0tom de\u0161ti to bylo nechutn\u00e9. Nikdo nech\u00e1pal, co se d\u011bje. P\u0159edpov\u011b\u010f hl\u00e1sila dobr\u00e9 po\u010das\u00ed a na trase lilo. J\u00e1 m\u011bl kliku, \u017ee se mi p\u00e1dy vyh\u00fdbaly. A taky jsem se nikam necpal v\u00a0dojezdech. Kolikr\u00e1t jde o ban\u00e1ln\u00ed karambol s\u00a0v\u00e1\u017en\u00fdmi n\u00e1sledky. T\u0159eba Conti od n\u00e1s m\u011bl \u00fapln\u011b oby\u010dejn\u00fd p\u00e1d. Jen\u017ee vy\u0161et\u0159en\u00ed uk\u00e1zalo, \u017ee m\u00e1 na\u0161t\u00edpnutou p\u00e1nev a po \u010dtvrt\u00e9 etap\u011b musel odstoupit.<\/p>\n<h2><strong>Zm\u011bnil se <a href=\"https:\/\/www.welovecycling.com\/cs\/2021\/01\/20\/karel-vacek-citil-jsem-se-skoro-nesmrtelny-ale-tatuv-nastup-do-vezeni-me-hrozne-vzal\/\">Karel Vacek<\/a> b\u011bhem Giro di Italia 2023 jako cyklista?<\/strong><\/h2>\n<p>P\u0159esv\u011bd\u010dil jsem se, \u017ee lidsk\u00e9 t\u011blo zvl\u00e1dne v\u0161echno. M\u016fj pr\u00e1h bolesti je hodn\u011b posunut\u00fd. Nohy za\u010d\u00edn\u00e1m vn\u00edmat v\u00a0okam\u017eiku, kdy to nen\u00ed o bolesti, ale o mor\u00e1lce.<\/p>\n<h2><strong>Jak moc vn\u00edmali dal\u0161\u00ed z\u00e1vodn\u00edci va\u0161e vystoupen\u00ed? Prom\u011bnila se pozice v\u00a0pelotonu?<\/strong><\/h2>\n<p>Spousta lid\u00ed m\u011b v\u00edc vn\u00edm\u00e1. Lid\u00e9, co se ke mn\u011b v\u00a0p\u0159ede\u0161l\u00fdch sezon\u00e1ch nehl\u00e1sili, mi te\u010f p\u00ed\u0161ou nebo zdrav\u00ed. Po sedm\u00e9 etap\u011b, kdy jsem byl druh\u00fd, p\u0159ijeli pogratulovat kluci z\u00a0Treku, taky Remco Evenepoel. Uml\u010del jsem kritiky a pochybova\u010de. Uk\u00e1zal jsem, \u017ee se mnou cyklistika je\u0161t\u011b mus\u00ed po\u010d\u00edtat.<\/p>\n<p><a href=\"https:\/\/d2p6e6u75xmxt8.cloudfront.net\/13\/2023\/05\/Karel-Vacek-corratec.webp\"><img loading=\"lazy\" decoding=\"async\" class=\"alignnone size-full wp-image-22559\" src=\"https:\/\/d2p6e6u75xmxt8.cloudfront.net\/13\/2023\/05\/Karel-Vacek-corratec.webp\" alt=\"\" width=\"960\" height=\"953\" srcset=\"https:\/\/d2p6e6u75xmxt8.cloudfront.net\/13\/2023\/05\/Karel-Vacek-corratec.webp 960w, https:\/\/d2p6e6u75xmxt8.cloudfront.net\/13\/2023\/05\/Karel-Vacek-corratec-300x298.webp 300w, https:\/\/d2p6e6u75xmxt8.cloudfront.net\/13\/2023\/05\/Karel-Vacek-corratec-150x150.webp 150w, https:\/\/d2p6e6u75xmxt8.cloudfront.net\/13\/2023\/05\/Karel-Vacek-corratec-768x762.webp 768w, https:\/\/d2p6e6u75xmxt8.cloudfront.net\/13\/2023\/05\/Karel-Vacek-corratec-400x397.webp 400w\" sizes=\"auto, (max-width: 960px) 100vw, 960px\" \/><\/a><\/p>\n<h2><strong>Bude Karel Vacek d\u00e1l obl\u00e9kat dres italsk\u00e9ho t\u00fdmu Corratec nebo je re\u00e1ln\u00fd posun do World Tour?<\/strong><\/h2>\n<p>World Tour je snem ka\u017ed\u00e9ho kluka, kter\u00fd jezd\u00ed v\u00a0prokontinent\u00e1ln\u00ed sestav\u011b. Ale nel\u00e9t\u00e1m v\u00a0oblac\u00edch. Mus\u00edm v\u00fdkony z\u00a0Gira potvrdit dal\u0161\u00edm dobr\u00fdm v\u00fdkonem. Ide\u00e1ln\u011b bych m\u011bl ud\u011blat dobr\u00fd v\u00fdsledek do konce Tour de France, proto\u017ee jde o obdob\u00ed, kdy se \u0159e\u0161\u00ed v\u0161echny kontrakty. Ale mysl\u00edm, \u017ee nyn\u00ed mohu b\u00fdt z\u00a0hlediska budoucnosti relativn\u011b v\u00a0klidu.<\/p>\n<div class=\"shortcode-ys-post-pinup\"><article class=\"loop-simple post-22490 post type-post status-publish format-standard has-post-thumbnail hentry category-zdravi-a-trenink tag-cyklistika tag-smazak-a-hranolky tag-tour-de-france tag-trenink tag-vyziva tag-vyziva-cyklistu tag-vyzivove-doplnky tag-zdravi-a-trenink global-categories-cycling\" data-postid=\"22490\" role=\"article\" data-post-id=\"22490\" data-word-count=\"499\" data-headline-length=\"100\" data-category=\"Zdrav\u00ed a tr\u00e9nink\" data-global-category=\"Cycling\" data-author=\"Jan Kr\u016fta\" data-published=\"2023-05-25T16:00:41+02:00\" data-published-day=\"Thursday\">\n    <div class=\"entry-thumbnail article-thumbnail\" content=\"https:\/\/d2p6e6u75xmxt8.cloudfront.net\/13\/2023\/05\/IMG_1101-150x150.webp\"><a href=\"https:\/\/www.welovecycling.com\/cs\/2023\/05\/25\/vyziva-cyklistu-se-rapidne-meni-od-gothaje-a-smazaku-az-k-tymu-nutricnich-specialistu\/\" class=\"image-holder\" target=\"_self\"><img decoding=\"async\" loading=\"lazy\" class=\"\" src=\"https:\/\/d2p6e6u75xmxt8.cloudfront.net\/13\/2023\/05\/IMG_1101-1024x768.webp\" srcset=\"https:\/\/d2p6e6u75xmxt8.cloudfront.net\/13\/2023\/05\/IMG_1101-scaled.webp 2560w, https:\/\/d2p6e6u75xmxt8.cloudfront.net\/13\/2023\/05\/IMG_1101-300x225.webp 300w, https:\/\/d2p6e6u75xmxt8.cloudfront.net\/13\/2023\/05\/IMG_1101-1024x768.webp 1024w, https:\/\/d2p6e6u75xmxt8.cloudfront.net\/13\/2023\/05\/IMG_1101-768x576.webp 768w, https:\/\/d2p6e6u75xmxt8.cloudfront.net\/13\/2023\/05\/IMG_1101-1536x1152.webp 1536w, https:\/\/d2p6e6u75xmxt8.cloudfront.net\/13\/2023\/05\/IMG_1101-2048x1536.webp 2048w, https:\/\/d2p6e6u75xmxt8.cloudfront.net\/13\/2023\/05\/IMG_1101-1920x1440.webp 1920w, https:\/\/d2p6e6u75xmxt8.cloudfront.net\/13\/2023\/05\/IMG_1101-400x300.webp 400w, https:\/\/d2p6e6u75xmxt8.cloudfront.net\/13\/2023\/05\/IMG_1101-1920x1440.webp 1920w\" width=\"1024\" height=\"768\" sizes=\"auto, (min-width: 1200px) 300px, (min-width: 768px) 25vw, 100vw\" alt=\"vyziva-cyklistu-se-rapidne-meni-od-gothaje-a-smazaku-az-k-tymu-nutricnich-specialistu\"\/><\/a><\/div>    <div class=\"entry-meta\">\n        <a class=\"label label-secondary post-category\" href=\"https:\/\/www.welovecycling.com\/cs\/category\/zdravi-a-trenink\/\" title=\"Zdrav\u00ed a tr\u00e9nink\">Zdrav\u00ed a tr\u00e9nink<\/a>\n    <\/div>\n    <div class=\"entry-details\">\n        <a href=\"https:\/\/www.welovecycling.com\/cs\/2023\/05\/25\/vyziva-cyklistu-se-rapidne-meni-od-gothaje-a-smazaku-az-k-tymu-nutricnich-specialistu\/\" class='entry-title-wrapper'>\n            <h3 class=\"entry-title\"><span>V\u00fd\u017eiva cyklist\u016f se rapidn\u011b m\u011bn\u00ed: od gothaje a sma\u017e\u00e1ku a\u017e k\u00a0t\u00fdmu nutri\u010dn\u00edch specialist\u016f<\/span><\/h3>\n        <\/a>\n    <\/div>\n    <\/article>\n<\/div>\n<h2><strong>U\u017e m\u00e1te jasno, kde budete startovat v dal\u0161\u00edm pr\u016fb\u011bhu sezony?<\/strong><\/h2>\n<p>Podle p\u016fvodn\u00edho pl\u00e1nu jsem m\u011bl jet u\u017e prvn\u00ed \u010dtvrtek po Giru. Ale zdravotn\u00ed stav mi to neumo\u017e\u0148uje. Tak\u017ee pojedu 9. \u010dervna jednodenn\u00ed z\u00e1vod ve \u0160v\u00fdcarsku, pak m\u011b \u010dek\u00e1 etap\u00e1k Kolem Slovinska. Tam bych mohl ud\u011blat dobr\u00fd v\u00fdsledek. C\u00edt\u00edm, \u017ee nohy jsou dobr\u00e9. Chci toho vyu\u017e\u00edt. V\u00a0\u010dervenci pak pojedu Czech Tour.<\/p>\n<h2><strong>Up\u00edn\u00e1te k\u00a0z\u00e1vodu na dom\u00e1c\u00edch silnic\u00edch velkou pozornost?<\/strong><\/h2>\n<p>Jel jsem v kr\u00e1sn\u00e9m prost\u0159ed\u00ed Jesen\u00edk\u016f n\u011bkolikr\u00e1t Z\u00e1vod m\u00edru. Minul\u00fd rok jsme p\u0159i etap\u011b na Dlouh\u00e9 str\u00e1n\u011b jeli jeden z nejlep\u0161\u00edch \u010das\u016f. Jde o kopec, kter\u00fd mi sed\u00ed. Celkov\u011b by mi profilem m\u011bl z\u00e1vod vyhovovat. Cht\u011bl bych zkusit vyhr\u00e1t etapu a jet na celkov\u00e9 po\u0159ad\u00ed. \u00a0Ud\u011bl\u00e1m maximum, abych byl pro z\u00e1vod p\u0159ed \u010desk\u00fdm publikem ve skv\u011bl\u00e9 form\u011b.<\/p>\n<p><em>Tituln\u00ed foto: team corratec selle italia<\/em><\/p>\n","protected":false},"excerpt":{"rendered":"<p>Debut, kter\u00fd zanechal dojem. Karel Vacek p\u0159i Giro di Italia 2023 absolvoval prvn\u00ed Grand Tour kari\u00e9ry. Jednadvacet etap na Apeninsk\u00e9m [&hellip;]<\/p>\n","protected":false},"author":138,"featured_media":22558,"comment_status":"open","ping_status":"open","sticky":false,"template":"","format":"standard","meta":{"footnotes":""},"categories":[10],"tags":[3072,3071,126,51,2777,253,9],"global-categories":[411],"class_list":["post-22552","post","type-post","status-publish","format-standard","has-post-thumbnail","hentry","category-silnicni-cyklistika","tag-campo-imperatore","tag-corratec-selle-italia","tag-cyklistika","tag-giro","tag-giro-di-italia-2023","tag-karel-vacek","tag-silnicni-cyklistika","global-categories-cycling"],"yoast_head":"<!-- This site is optimized with the Yoast SEO Premium plugin v25.3 (Yoast SEO v25.9) - https:\/\/yoast.com\/wordpress\/plugins\/seo\/ -->\n<title>Ty jenom \u017eere\u0161! Karel Vacek o zp\u016fsobu p\u0159e\u017eit\u00ed Giro di Italia i dojet\u00ed z fanou\u0161k\u016f | \u0160koda We Love Cycling - \u010cesk\u00e1 republika<\/title>\n<meta name=\"description\" content=\"Karel Vacek p\u0159i Giro di Italia 2023 absolvoval prvn\u00ed Grand Tour kari\u00e9ry. \u201eUr\u010dit\u011b m\u011b to posune. Posunul jsem vlastn\u00ed hranice,\u201c \u0159\u00edk\u00e1.\" \/>\n<meta name=\"robots\" content=\"index, follow, max-snippet:-1, max-image-preview:large, max-video-preview:-1\" \/>\n<link rel=\"canonical\" href=\"https:\/\/www.welovecycling.com\/cs\/2023\/05\/31\/ty-jenom-zeres-karel-vacek-o-zpusobu-preziti-giro-di-italia-i-dojeti-z-fanousku\/\" \/>\n<meta property=\"og:locale\" content=\"cs_CZ\" \/>\n<meta property=\"og:type\" content=\"article\" \/>\n<meta property=\"og:title\" content=\"Ty jenom \u017eere\u0161! Karel Vacek o zp\u016fsobu p\u0159e\u017eit\u00ed Giro di Italia i dojet\u00ed z fanou\u0161k\u016f\" \/>\n<meta property=\"og:description\" content=\"Karel Vacek p\u0159i Giro di Italia 2023 absolvoval prvn\u00ed Grand Tour kari\u00e9ry. \u201eUr\u010dit\u011b m\u011b to posune. Posunul jsem vlastn\u00ed hranice,\u201c \u0159\u00edk\u00e1.\" \/>\n<meta property=\"og:url\" content=\"https:\/\/www.welovecycling.com\/cs\/2023\/05\/31\/ty-jenom-zeres-karel-vacek-o-zpusobu-preziti-giro-di-italia-i-dojeti-z-fanousku\/\" \/>\n<meta property=\"og:site_name\" content=\"\u0160koda We Love Cycling - \u010cesk\u00e1 republika\" \/>\n<meta property=\"article:published_time\" content=\"2023-05-31T06:22:10+00:00\" \/>\n<meta property=\"article:modified_time\" content=\"2023-06-02T14:34:38+00:00\" \/>\n<meta property=\"og:image\" content=\"https:\/\/d2p6e6u75xmxt8.cloudfront.net\/13\/2023\/05\/karel-Vacek-corratec-II.webp\" \/>\n\t<meta property=\"og:image:width\" content=\"1440\" \/>\n\t<meta property=\"og:image:height\" content=\"960\" \/>\n\t<meta property=\"og:image:type\" content=\"image\/webp\" \/>\n<meta name=\"author\" content=\"radekmalina\" \/>\n<meta name=\"twitter:card\" content=\"summary_large_image\" \/>\n<meta name=\"twitter:label1\" content=\"Written by\" \/>\n\t<meta name=\"twitter:data1\" content=\"Jan Kr\u016fta\" \/>\n\t<meta name=\"twitter:label2\" content=\"Est. reading time\" \/>\n\t<meta name=\"twitter:data2\" content=\"5\" \/>\n<script type=\"application\/ld+json\" class=\"yoast-schema-graph\">{\"@context\":\"https:\/\/schema.org\",\"@graph\":[{\"@type\":\"WebPage\",\"@id\":\"https:\/\/www.welovecycling.com\/cs\/2023\/05\/31\/ty-jenom-zeres-karel-vacek-o-zpusobu-preziti-giro-di-italia-i-dojeti-z-fanousku\/\",\"url\":\"https:\/\/www.welovecycling.com\/cs\/2023\/05\/31\/ty-jenom-zeres-karel-vacek-o-zpusobu-preziti-giro-di-italia-i-dojeti-z-fanousku\/\",\"name\":\"Ty jenom \u017eere\u0161! Karel Vacek o zp\u016fsobu p\u0159e\u017eit\u00ed Giro di Italia i dojet\u00ed z fanou\u0161k\u016f | \u0160koda We Love Cycling - \u010cesk\u00e1 republika\",\"isPartOf\":{\"@id\":\"https:\/\/www.welovecycling.com\/cs\/#website\"},\"primaryImageOfPage\":{\"@id\":\"https:\/\/www.welovecycling.com\/cs\/2023\/05\/31\/ty-jenom-zeres-karel-vacek-o-zpusobu-preziti-giro-di-italia-i-dojeti-z-fanousku\/#primaryimage\"},\"image\":{\"@id\":\"https:\/\/www.welovecycling.com\/cs\/2023\/05\/31\/ty-jenom-zeres-karel-vacek-o-zpusobu-preziti-giro-di-italia-i-dojeti-z-fanousku\/#primaryimage\"},\"thumbnailUrl\":\"https:\/\/d2p6e6u75xmxt8.cloudfront.net\/13\/2023\/05\/karel-Vacek-corratec-II.webp\",\"datePublished\":\"2023-05-31T06:22:10+00:00\",\"dateModified\":\"2023-06-02T14:34:38+00:00\",\"author\":{\"@id\":\"https:\/\/www.welovecycling.com\/cs\/#\/schema\/person\/d9eeb0a378f3a7e4a6d12d2b536b04b8\"},\"description\":\"Karel Vacek p\u0159i Giro di Italia 2023 absolvoval prvn\u00ed Grand Tour kari\u00e9ry. \u201eUr\u010dit\u011b m\u011b to posune. Posunul jsem vlastn\u00ed hranice,\u201c \u0159\u00edk\u00e1.\",\"inLanguage\":\"cs\",\"potentialAction\":[{\"@type\":\"ReadAction\",\"target\":[\"https:\/\/www.welovecycling.com\/cs\/2023\/05\/31\/ty-jenom-zeres-karel-vacek-o-zpusobu-preziti-giro-di-italia-i-dojeti-z-fanousku\/\"]}]},{\"@type\":\"ImageObject\",\"inLanguage\":\"cs\",\"@id\":\"https:\/\/www.welovecycling.com\/cs\/2023\/05\/31\/ty-jenom-zeres-karel-vacek-o-zpusobu-preziti-giro-di-italia-i-dojeti-z-fanousku\/#primaryimage\",\"url\":\"https:\/\/d2p6e6u75xmxt8.cloudfront.net\/13\/2023\/05\/karel-Vacek-corratec-II.webp\",\"contentUrl\":\"https:\/\/d2p6e6u75xmxt8.cloudfront.net\/13\/2023\/05\/karel-Vacek-corratec-II.webp\",\"width\":1440,\"height\":960,\"caption\":\"Karel Vacek\"},{\"@type\":\"WebSite\",\"@id\":\"https:\/\/www.welovecycling.com\/cs\/#website\",\"url\":\"https:\/\/www.welovecycling.com\/cs\/\",\"name\":\"\u0160koda We Love Cycling - \u010cesk\u00e1 republika\",\"description\":\"WeLoveCycling.cz je online magaz\u00edn, kter\u00fd v\u00e1m pravideln\u011b p\u0159in\u00e1\u0161\u00ed rady a tipy, zaj\u00edmav\u00e9 \u010dl\u00e1nky, videa a jedine\u010dn\u00e9 report\u00e1\u017ee ze sv\u011bta cyklistiky.\",\"potentialAction\":[{\"@type\":\"SearchAction\",\"target\":{\"@type\":\"EntryPoint\",\"urlTemplate\":\"https:\/\/www.welovecycling.com\/cs\/?s={search_term_string}\"},\"query-input\":{\"@type\":\"PropertyValueSpecification\",\"valueRequired\":true,\"valueName\":\"search_term_string\"}}],\"inLanguage\":\"cs\"},{\"@type\":\"Person\",\"@id\":\"https:\/\/www.welovecycling.com\/cs\/#\/schema\/person\/d9eeb0a378f3a7e4a6d12d2b536b04b8\",\"name\":\"radekmalina\",\"image\":{\"@type\":\"ImageObject\",\"inLanguage\":\"cs\",\"@id\":\"https:\/\/www.welovecycling.com\/cs\/#\/schema\/person\/image\/\",\"url\":\"https:\/\/secure.gravatar.com\/avatar\/66994b632cb8c39a46b9f54afa3ae07201b678d32a54275b6f1c9ffec356bfc0?s=96&d=mm&r=g\",\"contentUrl\":\"https:\/\/secure.gravatar.com\/avatar\/66994b632cb8c39a46b9f54afa3ae07201b678d32a54275b6f1c9ffec356bfc0?s=96&d=mm&r=g\",\"caption\":\"radekmalina\"},\"url\":\"https:\/\/www.welovecycling.com\/cs\/author\/radekmalina\/\"}]}<\/script>\n<!-- \/ Yoast SEO Premium plugin. -->","yoast_head_json":{"title":"Ty jenom \u017eere\u0161! Karel Vacek o zp\u016fsobu p\u0159e\u017eit\u00ed Giro di Italia i dojet\u00ed z fanou\u0161k\u016f | \u0160koda We Love Cycling - \u010cesk\u00e1 republika","description":"Karel Vacek p\u0159i Giro di Italia 2023 absolvoval prvn\u00ed Grand Tour kari\u00e9ry. \u201eUr\u010dit\u011b m\u011b to posune. Posunul jsem vlastn\u00ed hranice,\u201c \u0159\u00edk\u00e1.","robots":{"index":"index","follow":"follow","max-snippet":"max-snippet:-1","max-image-preview":"max-image-preview:large","max-video-preview":"max-video-preview:-1"},"canonical":"https:\/\/www.welovecycling.com\/cs\/2023\/05\/31\/ty-jenom-zeres-karel-vacek-o-zpusobu-preziti-giro-di-italia-i-dojeti-z-fanousku\/","og_locale":"cs_CZ","og_type":"article","og_title":"Ty jenom \u017eere\u0161! Karel Vacek o zp\u016fsobu p\u0159e\u017eit\u00ed Giro di Italia i dojet\u00ed z fanou\u0161k\u016f","og_description":"Karel Vacek p\u0159i Giro di Italia 2023 absolvoval prvn\u00ed Grand Tour kari\u00e9ry. \u201eUr\u010dit\u011b m\u011b to posune. Posunul jsem vlastn\u00ed hranice,\u201c \u0159\u00edk\u00e1.","og_url":"https:\/\/www.welovecycling.com\/cs\/2023\/05\/31\/ty-jenom-zeres-karel-vacek-o-zpusobu-preziti-giro-di-italia-i-dojeti-z-fanousku\/","og_site_name":"\u0160koda We Love Cycling - \u010cesk\u00e1 republika","article_published_time":"2023-05-31T06:22:10+00:00","article_modified_time":"2023-06-02T14:34:38+00:00","og_image":[{"width":1440,"height":960,"url":"https:\/\/d2p6e6u75xmxt8.cloudfront.net\/13\/2023\/05\/karel-Vacek-corratec-II.webp","type":"image\/webp"}],"author":"radekmalina","twitter_card":"summary_large_image","twitter_misc":{"Written by":"Jan Kr\u016fta","Est. reading time":"5"},"schema":{"@context":"https:\/\/schema.org","@graph":[{"@type":"WebPage","@id":"https:\/\/www.welovecycling.com\/cs\/2023\/05\/31\/ty-jenom-zeres-karel-vacek-o-zpusobu-preziti-giro-di-italia-i-dojeti-z-fanousku\/","url":"https:\/\/www.welovecycling.com\/cs\/2023\/05\/31\/ty-jenom-zeres-karel-vacek-o-zpusobu-preziti-giro-di-italia-i-dojeti-z-fanousku\/","name":"Ty jenom \u017eere\u0161! Karel Vacek o zp\u016fsobu p\u0159e\u017eit\u00ed Giro di Italia i dojet\u00ed z fanou\u0161k\u016f | \u0160koda We Love Cycling - \u010cesk\u00e1 republika","isPartOf":{"@id":"https:\/\/www.welovecycling.com\/cs\/#website"},"primaryImageOfPage":{"@id":"https:\/\/www.welovecycling.com\/cs\/2023\/05\/31\/ty-jenom-zeres-karel-vacek-o-zpusobu-preziti-giro-di-italia-i-dojeti-z-fanousku\/#primaryimage"},"image":{"@id":"https:\/\/www.welovecycling.com\/cs\/2023\/05\/31\/ty-jenom-zeres-karel-vacek-o-zpusobu-preziti-giro-di-italia-i-dojeti-z-fanousku\/#primaryimage"},"thumbnailUrl":"https:\/\/d2p6e6u75xmxt8.cloudfront.net\/13\/2023\/05\/karel-Vacek-corratec-II.webp","datePublished":"2023-05-31T06:22:10+00:00","dateModified":"2023-06-02T14:34:38+00:00","author":{"@id":"https:\/\/www.welovecycling.com\/cs\/#\/schema\/person\/d9eeb0a378f3a7e4a6d12d2b536b04b8"},"description":"Karel Vacek p\u0159i Giro di Italia 2023 absolvoval prvn\u00ed Grand Tour kari\u00e9ry. \u201eUr\u010dit\u011b m\u011b to posune. Posunul jsem vlastn\u00ed hranice,\u201c \u0159\u00edk\u00e1.","inLanguage":"cs","potentialAction":[{"@type":"ReadAction","target":["https:\/\/www.welovecycling.com\/cs\/2023\/05\/31\/ty-jenom-zeres-karel-vacek-o-zpusobu-preziti-giro-di-italia-i-dojeti-z-fanousku\/"]}]},{"@type":"ImageObject","inLanguage":"cs","@id":"https:\/\/www.welovecycling.com\/cs\/2023\/05\/31\/ty-jenom-zeres-karel-vacek-o-zpusobu-preziti-giro-di-italia-i-dojeti-z-fanousku\/#primaryimage","url":"https:\/\/d2p6e6u75xmxt8.cloudfront.net\/13\/2023\/05\/karel-Vacek-corratec-II.webp","contentUrl":"https:\/\/d2p6e6u75xmxt8.cloudfront.net\/13\/2023\/05\/karel-Vacek-corratec-II.webp","width":1440,"height":960,"caption":"Karel Vacek"},{"@type":"WebSite","@id":"https:\/\/www.welovecycling.com\/cs\/#website","url":"https:\/\/www.welovecycling.com\/cs\/","name":"\u0160koda We Love Cycling - \u010cesk\u00e1 republika","description":"WeLoveCycling.cz je online magaz\u00edn, kter\u00fd v\u00e1m pravideln\u011b p\u0159in\u00e1\u0161\u00ed rady a tipy, zaj\u00edmav\u00e9 \u010dl\u00e1nky, videa a jedine\u010dn\u00e9 report\u00e1\u017ee ze sv\u011bta cyklistiky.","potentialAction":[{"@type":"SearchAction","target":{"@type":"EntryPoint","urlTemplate":"https:\/\/www.welovecycling.com\/cs\/?s={search_term_string}"},"query-input":{"@type":"PropertyValueSpecification","valueRequired":true,"valueName":"search_term_string"}}],"inLanguage":"cs"},{"@type":"Person","@id":"https:\/\/www.welovecycling.com\/cs\/#\/schema\/person\/d9eeb0a378f3a7e4a6d12d2b536b04b8","name":"radekmalina","image":{"@type":"ImageObject","inLanguage":"cs","@id":"https:\/\/www.welovecycling.com\/cs\/#\/schema\/person\/image\/","url":"https:\/\/secure.gravatar.com\/avatar\/66994b632cb8c39a46b9f54afa3ae07201b678d32a54275b6f1c9ffec356bfc0?s=96&d=mm&r=g","contentUrl":"https:\/\/secure.gravatar.com\/avatar\/66994b632cb8c39a46b9f54afa3ae07201b678d32a54275b6f1c9ffec356bfc0?s=96&d=mm&r=g","caption":"radekmalina"},"url":"https:\/\/www.welovecycling.com\/cs\/author\/radekmalina\/"}]}},"_links":{"self":[{"href":"https:\/\/www.welovecycling.com\/cs\/wp-json\/wp\/v2\/posts\/22552","targetHints":{"allow":["GET"]}}],"collection":[{"href":"https:\/\/www.welovecycling.com\/cs\/wp-json\/wp\/v2\/posts"}],"about":[{"href":"https:\/\/www.welovecycling.com\/cs\/wp-json\/wp\/v2\/types\/post"}],"author":[{"embeddable":true,"href":"https:\/\/www.welovecycling.com\/cs\/wp-json\/wp\/v2\/users\/138"}],"replies":[{"embeddable":true,"href":"https:\/\/www.welovecycling.com\/cs\/wp-json\/wp\/v2\/comments?post=22552"}],"version-history":[{"count":7,"href":"https:\/\/www.welovecycling.com\/cs\/wp-json\/wp\/v2\/posts\/22552\/revisions"}],"predecessor-version":[{"id":22581,"href":"https:\/\/www.welovecycling.com\/cs\/wp-json\/wp\/v2\/posts\/22552\/revisions\/22581"}],"wp:featuredmedia":[{"embeddable":true,"href":"https:\/\/www.welovecycling.com\/cs\/wp-json\/wp\/v2\/media\/22558"}],"wp:attachment":[{"href":"https:\/\/www.welovecycling.com\/cs\/wp-json\/wp\/v2\/media?parent=22552"}],"wp:term":[{"taxonomy":"category","embeddable":true,"href":"https:\/\/www.welovecycling.com\/cs\/wp-json\/wp\/v2\/categories?post=22552"},{"taxonomy":"post_tag","embeddable":true,"href":"https:\/\/www.welovecycling.com\/cs\/wp-json\/wp\/v2\/tags?post=22552"},{"taxonomy":"global-categories","embeddable":true,"href":"https:\/\/www.welovecycling.com\/cs\/wp-json\/wp\/v2\/global-categories?post=22552"}],"curies":[{"name":"wp","href":"https:\/\/api.w.org\/{rel}","templated":true}]}}